{"id":98398,"date":"2023-10-21T00:01:00","date_gmt":"2023-10-20T22:01:00","guid":{"rendered":"http:\/\/www.ocean4future.org\/savetheocean\/?p=98398"},"modified":"2023-10-22T15:30:19","modified_gmt":"2023-10-22T13:30:19","slug":"evangelista-1","status":"publish","type":"post","link":"https:\/\/www.ocean4future.org\/savetheocean\/archives\/98398","title":{"rendered":"Breve storia dei distintivi e delle categorie del Corpo Equipaggi Militari Marittimi &#8211; parte I"},"content":{"rendered":"<span class=\"span-reading-time rt-reading-time\" style=\"display: block;\"><span class=\"rt-label rt-prefix\">tempo di lettura: <\/span> <span class=\"rt-time\"> 4<\/span> <span class=\"rt-label rt-postfix\">minuti<\/span><\/span>\n<p>&nbsp;<\/p>\n<a class=\"maxbutton-4 maxbutton maxbutton-livello-di-comprensione\" href=\"javascript:void(0);\"><span class='mb-text'>livello elementare<\/span><\/a>\n<p><span style=\"color: #ffffff;\">.<\/span><\/p>\n<p><span style=\"color: #008000;\"><strong>ARGOMENTO: STORIA NAVALE<\/strong><\/span><br><span style=\"color: #008000;\"><strong>PERIODO: XIX &#8211; XXI SECOLO<\/strong><\/span><br><span style=\"color: #008000;\"><strong>AREA: MARINA MILITARE ITALIANA<\/strong><\/span><br>parole chiave: storia navale<\/p>\n<p>&nbsp;<\/p>\n<p style=\"text-align: justify;\">Iniziamo a pubblicare un pregevole lavoro di ricerca di Guglielmo Evangelista su un argomento poco noto: i distintivi di categoria dei sottufficiali e marinai italiani dal XIX secolo ad oggi. Per quanto possa sembrare una curiosit\u00e0, in realt\u00e0, come vedremo l&#8217;inquadramento specialistico comport\u00f2 importanti variazioni nel modo di gestire il personale. Buona e attenta lettura.<\/p>\n<p><img decoding=\"async\" class=\"alignnone  wp-image-32471\" src=\"https:\/\/www.ocean4future.org\/savetheocean\/wp-content\/uploads\/2019\/06\/682px-Ensign_of_the_Regia_Marina_svg-300x264.png\" alt=\"\" width=\"648\" height=\"570\" srcset=\"https:\/\/www.ocean4future.org\/savetheocean\/wp-content\/uploads\/2019\/06\/682px-Ensign_of_the_Regia_Marina_svg-300x264.png 300w, https:\/\/www.ocean4future.org\/savetheocean\/wp-content\/uploads\/2019\/06\/682px-Ensign_of_the_Regia_Marina_svg.png 400w\" sizes=\"(max-width: 648px) 100vw, 648px\" \/><\/p>\n<p style=\"text-align: justify;\">Cercheremo in queste pagine di tracciare la storia, certamente non esaustiva, delle categorie in cui sono ripartiti i sottufficiali e i marinai a seconda della loro specializzazione e, soprattutto, quella dei distintivi che ne caratterizzano ciascuna; in entrambi i casi la specializzazione del personale rappresent\u00f2 una parte non indifferente nel quadro dell\u2019evoluzione dell\u2019ordinamento e del progresso tecnico della forza armata e dell\u2019uniformologia. &nbsp;&nbsp;<\/p>\n<p><img decoding=\"async\" class=\"wp-image-98557\" src=\"https:\/\/www.ocean4future.org\/savetheocean\/wp-content\/uploads\/2023\/10\/ammiraglio-regia-marina-sarda-Giorgio_Des_Geneys-215x300.jpg\" alt=\"\" width=\"641\" height=\"894\" srcset=\"https:\/\/www.ocean4future.org\/savetheocean\/wp-content\/uploads\/2023\/10\/ammiraglio-regia-marina-sarda-Giorgio_Des_Geneys-215x300.jpg 215w, https:\/\/www.ocean4future.org\/savetheocean\/wp-content\/uploads\/2023\/10\/ammiraglio-regia-marina-sarda-Giorgio_Des_Geneys.jpg 640w\" sizes=\"(max-width: 641px) 100vw, 641px\" \/><\/p>\n<p align=\"justify\"><strong><span style=\"color: #008000;\">quadro dell&#8217;ammiraglio Giorgio Andrea Agn\u00e8s Des Geneys, XIX secolo &#8211; Fonte http:\/\/www.carabinieri.it\/docs\/&#8230;\/notiziario_2020-3.pdf?sfvrsn=9313e23_2 -Giorgio des Geneys nacque a Chiomonte il 29 aprile 1761 e a 12 anni intraprese la carriera militare nella Regia Marina Sarda dove venne arruolato quale guardiamarina di 2\u00aa classe e immediatamente destinato in Sardegna dove la marina sabauda era impiegata per la difesa costiera dalle incursioni dei corsari barbareschi. Dal 1775 divenne 2\u00ba ufficiale del cutter Speditivo col quale combatt\u00e9 per la prima volta sulle coste tunisine dell&#8217;area di Biserta contro i corsari. Nel 1778, dopo i successi ottenuti, venne promosso guardiamarina di 1\u00aa classe per poi essere imbarcato sulla nuova fregata &#8220;San Vittorio&#8221; con la quale egli port\u00f2 avanti tre campagne contro i corsari nell&#8217;Africa settentrionale. Nel 1783 Des Geneys, distintosi per le azioni in mare contro i barbareschi venne promosso luogotenente di fanteria ed ottenne il comando della mezza galera &#8220;Beata Margherita&#8221; che venne inviata con altre navi (tra cui la nave gemella &#8220;Santa Barbara&#8221;) in Sardegna per difendere ancora gli abitanti dell&#8217;area dalle incursioni dei corsari. Dopo aver trascorso un breve periodo come capo di stato maggiore sulla &#8220;San Vittorio&#8221; comandata dal commodoro britannico Ross, Des Geneys torn\u00f2 sulla Beata Margherita assumendone il controllo e catturando, il 13 luglio 1789 molte navi tunisine, guadagnandosi tre mesi dopo il rango di aiutante del Vicer\u00e9 di Sardegna. Nel 1796 Giorgio des Geneys venne nominato comandante della Regia Marina Sarda combattendo coraggiosamente a Oneglia i rivoluzionari pro francesi. Nonostante molte azioni vittoriose, quando Napoleone vinse la Battaglia di Marengo, Carlo Emanuele IV di Savoia venne costretto a ritirarsi in Sardegna lasciando che il Piemonte divenisse un dipartimento francese e anche Oneglia venne annessa pertanto alla Francia. Ritornato in Sardegna a fianco del re, Giorgio des Geneys continu\u00f2 a combattere i corsari barbareschi, ponendo la propria base sull&#8217;isola di La Maddalena ed assunse il comando della flotta sarda per difendere l&#8217;isola anche da possibili incursioni francesi. Per i successi ottenuti, nel 1811 Des Geneys venne nominato contrammiraglio e riorganizz\u00f2 la flotta sarda per quanto lo permettevano le ridotte finanze statali. Nel 1814, con la caduta di Napoleone, il Congresso di Vienna restitu\u00ec il Piemonte ai Savoia e per la fedelt\u00e0 dimostrata Giorgio des Geneys divenne Governatore di Genova, ottenendo nel contempo il grado di Ammiraglio e il comando dell&#8217;intera Regia Marina Sarda. Egli procedette subito ad un rapido ammodernamento della flotta producendo 4 nuove imbarcazioni dotate di cannoni pi\u00f9 alcune golette veloci. Nel 1816 egli fond\u00f2 la Regia Scuola di Marina che aveva il compito di formare adeguatamente i nuovi ufficiali, ponendo concettualmente le basi per la creazione della futura Regia Accademia di Livorno. L&#8217;ammiraglio Giorgio des Geneys, uno dei pi\u00f9 lungimiranti tra gli ammiragli del tempo, mor\u00ec a Genova l&#8217;8 gennaio 1839 e venne sepolto nella locale basilica della Santissima Annunziata del Vastato. <\/span><\/strong><strong><a href=\"https:\/\/commons.wikimedia.org\/wiki\/File:Giorgio_Des_Geneys.jpg\">Giorgio Des Geneys.jpg &#8211; Wikimedia Commons<\/a><\/strong><\/p>\n<p style=\"text-align: justify;\"><strong><span style=\"color: #008000; font-size: 18pt;\">Le origini<\/span><br><\/strong>In tutte le antiche marine militari la bassa forza aveva una suddivisione elementare ed empirica in nocchieri e cannonieri: altro non veniva richiesto agli equipaggi se non far navigare e far combattere la nave la cui struttura e le cui armi, pur affinate da una lunghissima esperienza, fino allo scatenarsi della tecnologia iniziatosi nel XIX secolo erano sostanzialmente immutate da secoli. Le&nbsp; eccezioni sono rare: secondo le \u201c<strong><em><span style=\"color: #008000;\">Istruzioni provvisorie<\/span><\/em><\/strong>\u201d per le navi della Marina Sarda compilate dall\u2019<strong><span style=\"color: #008000;\">ammiraglio Des Geneys<\/span><\/strong> nel 1826 (che tanto provvisorie non lo furono visto che qualche norma regola ancora certi aspetti della Marina di oggi),&nbsp; a parte&nbsp; nocchieri e cannonieri si possono individuare alcuni sottufficiali con particolari mansioni, svolgendo le quali ciascuno di essi trascorreva l\u2019intera carriera, e precisamente i <strong><span style=\"color: #008000;\">mastri d\u2019ascia<\/span><\/strong> e una serie di altri \u201cmastri\u201d: <strong><span style=\"color: #008000;\">cordai, ferrai, &nbsp;velieri, falegnami, bozzellai, remolari, bottari e pittori<\/span><\/strong>.<\/p>\n<p><img decoding=\"async\" class=\"alignnone  wp-image-44813\" src=\"https:\/\/www.ocean4future.org\/savetheocean\/wp-content\/uploads\/2020\/09\/regia-marina-divise-300x289.jpg\" alt=\"\" width=\"676\" height=\"651\" srcset=\"https:\/\/www.ocean4future.org\/savetheocean\/wp-content\/uploads\/2020\/09\/regia-marina-divise-300x289.jpg 300w, https:\/\/www.ocean4future.org\/savetheocean\/wp-content\/uploads\/2020\/09\/regia-marina-divise.jpg 450w\" sizes=\"(max-width: 676px) 100vw, 676px\" \/><\/p>\n<p style=\"text-align: justify;\">Costoro si distinguevano a prima vista dai nocchieri solo per una filettatura bianca al colletto e ai paramani dell\u2019uniforme.&nbsp;Gli unici distintivi in forma figurata erano portati dal personale dell\u2019artiglieria: <strong><span style=\"color: #008000;\">un cannone per i Capi&nbsp; cannonieri e due asce incrociate per i contromastri e per tutti una granata in rame applicata alle falde dell\u2019abito<\/span><\/strong>.<\/p>\n<p style=\"text-align: justify;\">I <strong><span style=\"color: #008000;\">marinai<\/span> <\/strong>non avevano nessuna particolare qualifica anche se alcuni potevano essere destinati ad incarichi specifici <em>ad<\/em> <em>personam<\/em> come <strong><em><span style=\"color: #008000;\">il cuoco, l\u2019addetto ai viveri o quelli in sottordine ai vari sottufficiali capi carico<\/span><\/em><\/strong>.&nbsp;Le ricche e differenziate uniformi dell\u2019epoca permettevano comunque di distinguere a prima vista senza bisogno di distintivi figurati &nbsp;gli appartenenti a certi Corpi come i <strong><span style=\"color: #008000;\">Piloti, la Fanteria di marina o gli infermieri.<\/span><\/strong><\/p>\n<p><strong><span style=\"color: #008000;\">Fine I parte &#8211; continua<\/span><\/strong><\/p>\n<p><strong><span style=\"color: #008000;\">Guglielmo Evangelista<\/span><\/strong><\/p>\n<p>&nbsp;<\/p>\n<p><span style=\"color: #008000;\"><strong>Bibliografia e Fonti<\/strong><\/span><\/p>\n<p>-Almanacco italiano. Bemporad. Firenze&nbsp; 1904<\/p>\n<p>-Quinto Cenni. Album delle divise militari e tavole acquerellate<\/p>\n<p>-Fogli d\u2019ordini della Regia Marina e della Marina Militare&nbsp;<\/p>\n<p>-Gazzetta Ufficiale del Regno d\u2019Italia e della Repubblica Italiana<\/p>\n<p>&#8211; Manuale di istruzione militare marinaresca per il personale di leva. Tipografia Scuole CEMM, Taranto 1970<\/p>\n<p>&#8211; Ministero della Marina: Album delle divise, edizioni varie.<\/p>\n<p>&nbsp;<\/p>\n<p style=\"text-align: justify;\">Alcune delle foto presenti in questo blog possono essere state prese dal web, citandone ove possibile gli autori e\/o le fonti. Se qualcuno desiderasse specificarne l\u2019autore o rimuoverle, pu\u00f2 scrivere a infoocean4future@gmail.com e provvederemo immediatamente alla correzione dell\u2019articolo<\/p>\n<p>&nbsp;<\/p>\n<p><a class=\"maxbutton-3 maxbutton maxbutton-pagina-principale\" target=\"_blank\" title=\"tooltip\" rel=\"nofollow noopener\" href=\"http:\/\/www.ocean4future.org\"><span class='mb-text'>PAGINA PRINCIPALE - HOME PAGE<\/span><\/a><br><br><\/p>\n<p><a class=\"maxbutton-13 maxbutton maxbutton-parte-i\" target=\"_blank\" title=\" tooltip\" rel=\"nofollow noopener\" href=\"https:\/\/www.ocean4future.org\/savetheocean\/archives\/98398\"><span class='mb-text'>PARTE I<\/span><\/a> <a class=\"maxbutton-14 maxbutton maxbutton-parte-ii\" target=\"_blank\" title=\" tooltip\" rel=\"nofollow noopener\" href=\"https:\/\/www.ocean4future.org\/savetheocean\/archives\/98430\"><span class='mb-text'>PARTE II<\/span><\/a> <a class=\"maxbutton-15 maxbutton maxbutton-parte-iii\" target=\"_blank\" title=\" tooltip\" rel=\"nofollow noopener\" href=\"https:\/\/www.ocean4future.org\/savetheocean\/archives\/98813\"><span class='mb-text'>PARTE III<\/span><\/a><\/p>\n<a class=\"maxbutton-16 maxbutton maxbutton-parte-iv\" target=\"_blank\" title=\" tooltip\" rel=\"nofollow noopener\" href=\"https:\/\/www.ocean4future.org\/savetheocean\/archives\/98405\"><span class='mb-text'>PARTE IV<\/span><\/a>\n","protected":false},"excerpt":{"rendered":"<p><span class=\"span-reading-time rt-reading-time\" style=\"display: block;\"><span class=\"rt-label rt-prefix\">tempo di lettura: <\/span> <span class=\"rt-time\"> 4<\/span> <span class=\"rt-label rt-postfix\">minuti<\/span><\/span>&nbsp; . ARGOMENTO: STORIA NAVALEPERIODO: XIX &#8211; XXI SECOLOAREA: MARINA MILITARE ITALIANAparole chiave: storia navale &nbsp; Iniziamo a pubblicare un pregevole lavoro di ricerca di Guglielmo Evangelista su un argomento poco noto: i distintivi di categoria dei sottufficiali e marinai italiani dal XIX secolo ad oggi. Per quanto possa sembrare una curiosit\u00e0, in realt\u00e0, come [&hellip;]<\/p>\n","protected":false},"author":2428,"featured_media":53388,"comment_status":"open","ping_status":"open","sticky":false,"template":"","format":"standard","meta":{"_acf_changed":false,"_monsterinsights_skip_tracking":false,"_monsterinsights_sitenote_active":false,"_monsterinsights_sitenote_note":"","_monsterinsights_sitenote_category":0,"footnotes":""},"categories":[1360,2318],"tags":[],"class_list":["post-98398","post","type-post","status-publish","format-standard","has-post-thumbnail","hentry","category-marine-militari","category-eta-moderna"],"acf":[],"yoast_head":"<!-- This site is optimized with the Yoast SEO plugin v27.4 - https:\/\/yoast.com\/product\/yoast-seo-wordpress\/ -->\n<title>Breve storia dei distintivi e delle categorie del Corpo Equipaggi Militari Marittimi - parte I &#8226; OCEAN4FUTURE autore<\/title>\n<meta name=\"robots\" content=\"index, follow, max-snippet:-1, max-image-preview:large, max-video-preview:-1\" \/>\n<link rel=\"canonical\" href=\"https:\/\/www.ocean4future.org\/savetheocean\/archives\/98398\" \/>\n<meta property=\"og:locale\" content=\"it_IT\" \/>\n<meta property=\"og:type\" content=\"article\" \/>\n<meta property=\"og:title\" content=\"Breve storia dei distintivi e delle categorie del Corpo Equipaggi Militari Marittimi - parte I &#8226; OCEAN4FUTURE autore\" \/>\n<meta property=\"og:description\" content=\"tempo di lettura:  4 minuti&nbsp; . ARGOMENTO: STORIA NAVALEPERIODO: XIX &#8211; XXI SECOLOAREA: MARINA MILITARE ITALIANAparole chiave: storia navale &nbsp; Iniziamo a pubblicare un pregevole lavoro di ricerca di Guglielmo Evangelista su un argomento poco noto: i distintivi di categoria dei sottufficiali e marinai italiani dal XIX secolo ad oggi. Per quanto possa sembrare una curiosit\u00e0, in realt\u00e0, come [&hellip;]\" \/>\n<meta property=\"og:url\" content=\"https:\/\/www.ocean4future.org\/savetheocean\/archives\/98398\" \/>\n<meta property=\"og:site_name\" content=\"OCEAN4FUTURE\" \/>\n<meta property=\"article:published_time\" content=\"2023-10-20T22:01:00+00:00\" \/>\n<meta property=\"article:modified_time\" content=\"2023-10-22T13:30:19+00:00\" \/>\n<meta property=\"og:image\" content=\"https:\/\/www.ocean4future.org\/savetheocean\/wp-content\/uploads\/2021\/01\/regia-nave-Elba.jpg\" \/>\n\t<meta property=\"og:image:width\" content=\"645\" \/>\n\t<meta property=\"og:image:height\" content=\"406\" \/>\n\t<meta property=\"og:image:type\" content=\"image\/jpeg\" \/>\n<meta name=\"author\" content=\"Guglielmo Evangelista\" \/>\n<meta name=\"twitter:card\" content=\"summary_large_image\" \/>\n<meta name=\"twitter:creator\" content=\"@ocean4future\" \/>\n<meta name=\"twitter:site\" content=\"@ocean4future\" \/>\n<meta name=\"twitter:label1\" content=\"Scritto da\" \/>\n\t<meta name=\"twitter:data1\" content=\"Guglielmo Evangelista\" \/>\n\t<meta name=\"twitter:label2\" content=\"Tempo di lettura stimato\" \/>\n\t<meta name=\"twitter:data2\" content=\"6 minuti\" \/>\n<script type=\"application\/ld+json\" class=\"yoast-schema-graph\">{\"@context\":\"https:\\\/\\\/schema.org\",\"@graph\":[{\"@type\":\"Article\",\"@id\":\"https:\\\/\\\/www.ocean4future.org\\\/savetheocean\\\/archives\\\/98398#article\",\"isPartOf\":{\"@id\":\"https:\\\/\\\/www.ocean4future.org\\\/savetheocean\\\/archives\\\/98398\"},\"author\":{\"name\":\"Guglielmo Evangelista\",\"@id\":\"https:\\\/\\\/www.ocean4future.org\\\/savetheocean\\\/#\\\/schema\\\/person\\\/3dd16465e3eca75b65ae959225362b71\"},\"headline\":\"Breve storia dei distintivi e delle categorie del Corpo Equipaggi Militari Marittimi &#8211; parte I\",\"datePublished\":\"2023-10-20T22:01:00+00:00\",\"dateModified\":\"2023-10-22T13:30:19+00:00\",\"mainEntityOfPage\":{\"@id\":\"https:\\\/\\\/www.ocean4future.org\\\/savetheocean\\\/archives\\\/98398\"},\"wordCount\":1110,\"commentCount\":0,\"publisher\":{\"@id\":\"https:\\\/\\\/www.ocean4future.org\\\/savetheocean\\\/#\\\/schema\\\/person\\\/4e1c26437054353074d7bb2efa77162c\"},\"image\":{\"@id\":\"https:\\\/\\\/www.ocean4future.org\\\/savetheocean\\\/archives\\\/98398#primaryimage\"},\"thumbnailUrl\":\"https:\\\/\\\/www.ocean4future.org\\\/savetheocean\\\/wp-content\\\/uploads\\\/2021\\\/01\\\/regia-nave-Elba.jpg\",\"articleSection\":[\"Marine militari\",\"Storia navale dell'et\u00e0 moderna (post 1492 - oggi)\"],\"inLanguage\":\"it-IT\",\"potentialAction\":[{\"@type\":\"CommentAction\",\"name\":\"Comment\",\"target\":[\"https:\\\/\\\/www.ocean4future.org\\\/savetheocean\\\/archives\\\/98398#respond\"]}]},{\"@type\":\"WebPage\",\"@id\":\"https:\\\/\\\/www.ocean4future.org\\\/savetheocean\\\/archives\\\/98398\",\"url\":\"https:\\\/\\\/www.ocean4future.org\\\/savetheocean\\\/archives\\\/98398\",\"name\":\"Breve storia dei distintivi e delle categorie del Corpo Equipaggi Militari Marittimi - parte I &#8226; OCEAN4FUTURE autore\",\"isPartOf\":{\"@id\":\"https:\\\/\\\/www.ocean4future.org\\\/savetheocean\\\/#website\"},\"primaryImageOfPage\":{\"@id\":\"https:\\\/\\\/www.ocean4future.org\\\/savetheocean\\\/archives\\\/98398#primaryimage\"},\"image\":{\"@id\":\"https:\\\/\\\/www.ocean4future.org\\\/savetheocean\\\/archives\\\/98398#primaryimage\"},\"thumbnailUrl\":\"https:\\\/\\\/www.ocean4future.org\\\/savetheocean\\\/wp-content\\\/uploads\\\/2021\\\/01\\\/regia-nave-Elba.jpg\",\"datePublished\":\"2023-10-20T22:01:00+00:00\",\"dateModified\":\"2023-10-22T13:30:19+00:00\",\"breadcrumb\":{\"@id\":\"https:\\\/\\\/www.ocean4future.org\\\/savetheocean\\\/archives\\\/98398#breadcrumb\"},\"inLanguage\":\"it-IT\",\"potentialAction\":[{\"@type\":\"ReadAction\",\"target\":[\"https:\\\/\\\/www.ocean4future.org\\\/savetheocean\\\/archives\\\/98398\"]}]},{\"@type\":\"ImageObject\",\"inLanguage\":\"it-IT\",\"@id\":\"https:\\\/\\\/www.ocean4future.org\\\/savetheocean\\\/archives\\\/98398#primaryimage\",\"url\":\"https:\\\/\\\/www.ocean4future.org\\\/savetheocean\\\/wp-content\\\/uploads\\\/2021\\\/01\\\/regia-nave-Elba.jpg\",\"contentUrl\":\"https:\\\/\\\/www.ocean4future.org\\\/savetheocean\\\/wp-content\\\/uploads\\\/2021\\\/01\\\/regia-nave-Elba.jpg\",\"width\":645,\"height\":406},{\"@type\":\"BreadcrumbList\",\"@id\":\"https:\\\/\\\/www.ocean4future.org\\\/savetheocean\\\/archives\\\/98398#breadcrumb\",\"itemListElement\":[{\"@type\":\"ListItem\",\"position\":1,\"name\":\"Home\",\"item\":\"https:\\\/\\\/www.ocean4future.org\\\/savetheocean\"},{\"@type\":\"ListItem\",\"position\":2,\"name\":\"Breve storia dei distintivi e delle categorie del Corpo Equipaggi Militari Marittimi &#8211; parte I\"}]},{\"@type\":\"WebSite\",\"@id\":\"https:\\\/\\\/www.ocean4future.org\\\/savetheocean\\\/#website\",\"url\":\"https:\\\/\\\/www.ocean4future.org\\\/savetheocean\\\/\",\"name\":\"Ocean 4 Future\",\"description\":\"Per una nuova cultura del mare e della marittimit\u00e0\",\"publisher\":{\"@id\":\"https:\\\/\\\/www.ocean4future.org\\\/savetheocean\\\/#\\\/schema\\\/person\\\/4e1c26437054353074d7bb2efa77162c\"},\"potentialAction\":[{\"@type\":\"SearchAction\",\"target\":{\"@type\":\"EntryPoint\",\"urlTemplate\":\"https:\\\/\\\/www.ocean4future.org\\\/savetheocean\\\/?s={search_term_string}\"},\"query-input\":{\"@type\":\"PropertyValueSpecification\",\"valueRequired\":true,\"valueName\":\"search_term_string\"}}],\"inLanguage\":\"it-IT\"},{\"@type\":[\"Person\",\"Organization\"],\"@id\":\"https:\\\/\\\/www.ocean4future.org\\\/savetheocean\\\/#\\\/schema\\\/person\\\/4e1c26437054353074d7bb2efa77162c\",\"name\":\"oceandiver\",\"image\":{\"@type\":\"ImageObject\",\"inLanguage\":\"it-IT\",\"@id\":\"https:\\\/\\\/www.ocean4future.org\\\/savetheocean\\\/wp-content\\\/uploads\\\/2023\\\/04\\\/logo-ocean3.jpg\",\"url\":\"https:\\\/\\\/www.ocean4future.org\\\/savetheocean\\\/wp-content\\\/uploads\\\/2023\\\/04\\\/logo-ocean3.jpg\",\"contentUrl\":\"https:\\\/\\\/www.ocean4future.org\\\/savetheocean\\\/wp-content\\\/uploads\\\/2023\\\/04\\\/logo-ocean3.jpg\",\"width\":472,\"height\":301,\"caption\":\"oceandiver\"},\"logo\":{\"@id\":\"https:\\\/\\\/www.ocean4future.org\\\/savetheocean\\\/wp-content\\\/uploads\\\/2023\\\/04\\\/logo-ocean3.jpg\"}},{\"@type\":\"Person\",\"@id\":\"https:\\\/\\\/www.ocean4future.org\\\/savetheocean\\\/#\\\/schema\\\/person\\\/3dd16465e3eca75b65ae959225362b71\",\"name\":\"Guglielmo Evangelista\",\"image\":{\"@type\":\"ImageObject\",\"inLanguage\":\"it-IT\",\"@id\":\"https:\\\/\\\/secure.gravatar.com\\\/avatar\\\/8543fae321a3a9d0dc4969a44c25b3990d365743f80a3573c9993c240078027b?s=96&d=mm&r=g\",\"url\":\"https:\\\/\\\/secure.gravatar.com\\\/avatar\\\/8543fae321a3a9d0dc4969a44c25b3990d365743f80a3573c9993c240078027b?s=96&d=mm&r=g\",\"contentUrl\":\"https:\\\/\\\/secure.gravatar.com\\\/avatar\\\/8543fae321a3a9d0dc4969a44c25b3990d365743f80a3573c9993c240078027b?s=96&d=mm&r=g\",\"caption\":\"Guglielmo Evangelista\"},\"description\":\"nasce a Broni (PV) nel 1951. Laureato in giurisprudenza \u00e8 stato ufficiale delle Capitanerie di Porto e successivamente funzionario di un Ente Pubblico. Ha al suo attivo nove libri fra cui \u201cStoria delle Capitanerie di porto\u201d , \u201cDuemila anni di navigazione padana\u201d e \u201cLe ancore e la tiara \u2013 La Marina Pontificia fra Restaurazione e Risorgimento\u201d ed oltre 400 articoli che riguardano storia, economia e trasporti. Collabora con numerosi periodici specializzati fra cui la Rivista Marittima\u201d.\",\"url\":\"https:\\\/\\\/www.ocean4future.org\\\/savetheocean\\\/archives\\\/author\\\/guglielmo-evangelista\"}]}<\/script>\n<!-- \/ Yoast SEO plugin. -->","yoast_head_json":{"title":"Breve storia dei distintivi e delle categorie del Corpo Equipaggi Militari Marittimi - parte I &#8226; OCEAN4FUTURE autore","robots":{"index":"index","follow":"follow","max-snippet":"max-snippet:-1","max-image-preview":"max-image-preview:large","max-video-preview":"max-video-preview:-1"},"canonical":"https:\/\/www.ocean4future.org\/savetheocean\/archives\/98398","og_locale":"it_IT","og_type":"article","og_title":"Breve storia dei distintivi e delle categorie del Corpo Equipaggi Militari Marittimi - parte I &#8226; OCEAN4FUTURE autore","og_description":"tempo di lettura:  4 minuti&nbsp; . ARGOMENTO: STORIA NAVALEPERIODO: XIX &#8211; XXI SECOLOAREA: MARINA MILITARE ITALIANAparole chiave: storia navale &nbsp; Iniziamo a pubblicare un pregevole lavoro di ricerca di Guglielmo Evangelista su un argomento poco noto: i distintivi di categoria dei sottufficiali e marinai italiani dal XIX secolo ad oggi. Per quanto possa sembrare una curiosit\u00e0, in realt\u00e0, come [&hellip;]","og_url":"https:\/\/www.ocean4future.org\/savetheocean\/archives\/98398","og_site_name":"OCEAN4FUTURE","article_published_time":"2023-10-20T22:01:00+00:00","article_modified_time":"2023-10-22T13:30:19+00:00","og_image":[{"width":645,"height":406,"url":"https:\/\/www.ocean4future.org\/savetheocean\/wp-content\/uploads\/2021\/01\/regia-nave-Elba.jpg","type":"image\/jpeg"}],"author":"Guglielmo Evangelista","twitter_card":"summary_large_image","twitter_creator":"@ocean4future","twitter_site":"@ocean4future","twitter_misc":{"Scritto da":"Guglielmo Evangelista","Tempo di lettura stimato":"6 minuti"},"schema":{"@context":"https:\/\/schema.org","@graph":[{"@type":"Article","@id":"https:\/\/www.ocean4future.org\/savetheocean\/archives\/98398#article","isPartOf":{"@id":"https:\/\/www.ocean4future.org\/savetheocean\/archives\/98398"},"author":{"name":"Guglielmo Evangelista","@id":"https:\/\/www.ocean4future.org\/savetheocean\/#\/schema\/person\/3dd16465e3eca75b65ae959225362b71"},"headline":"Breve storia dei distintivi e delle categorie del Corpo Equipaggi Militari Marittimi &#8211; parte I","datePublished":"2023-10-20T22:01:00+00:00","dateModified":"2023-10-22T13:30:19+00:00","mainEntityOfPage":{"@id":"https:\/\/www.ocean4future.org\/savetheocean\/archives\/98398"},"wordCount":1110,"commentCount":0,"publisher":{"@id":"https:\/\/www.ocean4future.org\/savetheocean\/#\/schema\/person\/4e1c26437054353074d7bb2efa77162c"},"image":{"@id":"https:\/\/www.ocean4future.org\/savetheocean\/archives\/98398#primaryimage"},"thumbnailUrl":"https:\/\/www.ocean4future.org\/savetheocean\/wp-content\/uploads\/2021\/01\/regia-nave-Elba.jpg","articleSection":["Marine militari","Storia navale dell'et\u00e0 moderna (post 1492 - oggi)"],"inLanguage":"it-IT","potentialAction":[{"@type":"CommentAction","name":"Comment","target":["https:\/\/www.ocean4future.org\/savetheocean\/archives\/98398#respond"]}]},{"@type":"WebPage","@id":"https:\/\/www.ocean4future.org\/savetheocean\/archives\/98398","url":"https:\/\/www.ocean4future.org\/savetheocean\/archives\/98398","name":"Breve storia dei distintivi e delle categorie del Corpo Equipaggi Militari Marittimi - parte I &#8226; OCEAN4FUTURE autore","isPartOf":{"@id":"https:\/\/www.ocean4future.org\/savetheocean\/#website"},"primaryImageOfPage":{"@id":"https:\/\/www.ocean4future.org\/savetheocean\/archives\/98398#primaryimage"},"image":{"@id":"https:\/\/www.ocean4future.org\/savetheocean\/archives\/98398#primaryimage"},"thumbnailUrl":"https:\/\/www.ocean4future.org\/savetheocean\/wp-content\/uploads\/2021\/01\/regia-nave-Elba.jpg","datePublished":"2023-10-20T22:01:00+00:00","dateModified":"2023-10-22T13:30:19+00:00","breadcrumb":{"@id":"https:\/\/www.ocean4future.org\/savetheocean\/archives\/98398#breadcrumb"},"inLanguage":"it-IT","potentialAction":[{"@type":"ReadAction","target":["https:\/\/www.ocean4future.org\/savetheocean\/archives\/98398"]}]},{"@type":"ImageObject","inLanguage":"it-IT","@id":"https:\/\/www.ocean4future.org\/savetheocean\/archives\/98398#primaryimage","url":"https:\/\/www.ocean4future.org\/savetheocean\/wp-content\/uploads\/2021\/01\/regia-nave-Elba.jpg","contentUrl":"https:\/\/www.ocean4future.org\/savetheocean\/wp-content\/uploads\/2021\/01\/regia-nave-Elba.jpg","width":645,"height":406},{"@type":"BreadcrumbList","@id":"https:\/\/www.ocean4future.org\/savetheocean\/archives\/98398#breadcrumb","itemListElement":[{"@type":"ListItem","position":1,"name":"Home","item":"https:\/\/www.ocean4future.org\/savetheocean"},{"@type":"ListItem","position":2,"name":"Breve storia dei distintivi e delle categorie del Corpo Equipaggi Militari Marittimi &#8211; parte I"}]},{"@type":"WebSite","@id":"https:\/\/www.ocean4future.org\/savetheocean\/#website","url":"https:\/\/www.ocean4future.org\/savetheocean\/","name":"Ocean 4 Future","description":"Per una nuova cultura del mare e della marittimit\u00e0","publisher":{"@id":"https:\/\/www.ocean4future.org\/savetheocean\/#\/schema\/person\/4e1c26437054353074d7bb2efa77162c"},"potentialAction":[{"@type":"SearchAction","target":{"@type":"EntryPoint","urlTemplate":"https:\/\/www.ocean4future.org\/savetheocean\/?s={search_term_string}"},"query-input":{"@type":"PropertyValueSpecification","valueRequired":true,"valueName":"search_term_string"}}],"inLanguage":"it-IT"},{"@type":["Person","Organization"],"@id":"https:\/\/www.ocean4future.org\/savetheocean\/#\/schema\/person\/4e1c26437054353074d7bb2efa77162c","name":"oceandiver","image":{"@type":"ImageObject","inLanguage":"it-IT","@id":"https:\/\/www.ocean4future.org\/savetheocean\/wp-content\/uploads\/2023\/04\/logo-ocean3.jpg","url":"https:\/\/www.ocean4future.org\/savetheocean\/wp-content\/uploads\/2023\/04\/logo-ocean3.jpg","contentUrl":"https:\/\/www.ocean4future.org\/savetheocean\/wp-content\/uploads\/2023\/04\/logo-ocean3.jpg","width":472,"height":301,"caption":"oceandiver"},"logo":{"@id":"https:\/\/www.ocean4future.org\/savetheocean\/wp-content\/uploads\/2023\/04\/logo-ocean3.jpg"}},{"@type":"Person","@id":"https:\/\/www.ocean4future.org\/savetheocean\/#\/schema\/person\/3dd16465e3eca75b65ae959225362b71","name":"Guglielmo Evangelista","image":{"@type":"ImageObject","inLanguage":"it-IT","@id":"https:\/\/secure.gravatar.com\/avatar\/8543fae321a3a9d0dc4969a44c25b3990d365743f80a3573c9993c240078027b?s=96&d=mm&r=g","url":"https:\/\/secure.gravatar.com\/avatar\/8543fae321a3a9d0dc4969a44c25b3990d365743f80a3573c9993c240078027b?s=96&d=mm&r=g","contentUrl":"https:\/\/secure.gravatar.com\/avatar\/8543fae321a3a9d0dc4969a44c25b3990d365743f80a3573c9993c240078027b?s=96&d=mm&r=g","caption":"Guglielmo Evangelista"},"description":"nasce a Broni (PV) nel 1951. Laureato in giurisprudenza \u00e8 stato ufficiale delle Capitanerie di Porto e successivamente funzionario di un Ente Pubblico. Ha al suo attivo nove libri fra cui \u201cStoria delle Capitanerie di porto\u201d , \u201cDuemila anni di navigazione padana\u201d e \u201cLe ancore e la tiara \u2013 La Marina Pontificia fra Restaurazione e Risorgimento\u201d ed oltre 400 articoli che riguardano storia, economia e trasporti. Collabora con numerosi periodici specializzati fra cui la Rivista Marittima\u201d.","url":"https:\/\/www.ocean4future.org\/savetheocean\/archives\/author\/guglielmo-evangelista"}]}},"_links":{"self":[{"href":"https:\/\/www.ocean4future.org\/savetheocean\/wp-json\/wp\/v2\/posts\/98398","targetHints":{"allow":["GET"]}}],"collection":[{"href":"https:\/\/www.ocean4future.org\/savetheocean\/wp-json\/wp\/v2\/posts"}],"about":[{"href":"https:\/\/www.ocean4future.org\/savetheocean\/wp-json\/wp\/v2\/types\/post"}],"author":[{"embeddable":true,"href":"https:\/\/www.ocean4future.org\/savetheocean\/wp-json\/wp\/v2\/users\/2428"}],"replies":[{"embeddable":true,"href":"https:\/\/www.ocean4future.org\/savetheocean\/wp-json\/wp\/v2\/comments?post=98398"}],"version-history":[{"count":0,"href":"https:\/\/www.ocean4future.org\/savetheocean\/wp-json\/wp\/v2\/posts\/98398\/revisions"}],"wp:featuredmedia":[{"embeddable":true,"href":"https:\/\/www.ocean4future.org\/savetheocean\/wp-json\/wp\/v2\/media\/53388"}],"wp:attachment":[{"href":"https:\/\/www.ocean4future.org\/savetheocean\/wp-json\/wp\/v2\/media?parent=98398"}],"wp:term":[{"taxonomy":"category","embeddable":true,"href":"https:\/\/www.ocean4future.org\/savetheocean\/wp-json\/wp\/v2\/categories?post=98398"},{"taxonomy":"post_tag","embeddable":true,"href":"https:\/\/www.ocean4future.org\/savetheocean\/wp-json\/wp\/v2\/tags?post=98398"}],"curies":[{"name":"wp","href":"https:\/\/api.w.org\/{rel}","templated":true}]}}