{"id":9050,"date":"2019-11-15T00:15:40","date_gmt":"2019-11-15T00:15:40","guid":{"rendered":"http:\/\/www.ocean4future.org\/savetheocean\/?p=9050"},"modified":"2023-08-21T20:58:38","modified_gmt":"2023-08-21T18:58:38","slug":"la-conquista-delle-profondita-parte-ii-fabio-vitale","status":"publish","type":"post","link":"https:\/\/www.ocean4future.org\/savetheocean\/archives\/9050","title":{"rendered":"La conquista delle profondit\u00e0  &#8211; parte II"},"content":{"rendered":"<span class=\"span-reading-time rt-reading-time\" style=\"display: block;\"><span class=\"rt-label rt-prefix\">tempo di lettura: <\/span> <span class=\"rt-time\"> 3<\/span> <span class=\"rt-label rt-postfix\">minuti<\/span><\/span><p><span style=\"color: #ffffff;\">.<\/span><br \/>\n<a class=\"maxbutton-4 maxbutton maxbutton-livello-di-comprensione\" href=\"javascript:void(0);\"><span class='mb-text'>livello elementare<\/span><\/a><br \/>\n<span style=\"color: #ffffff;\">.<\/span><\/p>\n<p><strong><span style=\"color: #008000;\">ARGOMENTO: STORIA DELLA SUBACQUEA<\/span><\/strong><br \/>\n<strong><span style=\"color: #008000;\">PERIODO: XIX &#8211; XX SECOLO<\/span><\/strong><br \/>\n<strong><span style=\"color: #008000;\">AREA: DIDATTICA<\/span><\/strong><br \/>\n<span style=\"font-size: 12pt;\">parole chiave: subacquea<\/span><\/p>\n<p>&nbsp;<\/p>\n<p><img decoding=\"async\" class=\"wp-image-36129 size-full\" src=\"https:\/\/www.ocean4future.org\/savetheocean\/wp-content\/uploads\/2019\/11\/Two-of-this-team-of-firefighters-of-Squad-52-in-Cincinnati-Ohio-wear-Vajen-Bader-smoke-protectors-circa-1920.jpg\" alt=\"\" width=\"800\" height=\"594\" srcset=\"https:\/\/www.ocean4future.org\/savetheocean\/wp-content\/uploads\/2019\/11\/Two-of-this-team-of-firefighters-of-Squad-52-in-Cincinnati-Ohio-wear-Vajen-Bader-smoke-protectors-circa-1920.jpg 800w, https:\/\/www.ocean4future.org\/savetheocean\/wp-content\/uploads\/2019\/11\/Two-of-this-team-of-firefighters-of-Squad-52-in-Cincinnati-Ohio-wear-Vajen-Bader-smoke-protectors-circa-1920-300x223.jpg 300w, https:\/\/www.ocean4future.org\/savetheocean\/wp-content\/uploads\/2019\/11\/Two-of-this-team-of-firefighters-of-Squad-52-in-Cincinnati-Ohio-wear-Vajen-Bader-smoke-protectors-circa-1920-768x570.jpg 768w\" sizes=\"(max-width: 800px) 100vw, 800px\" \/><\/p>\n<p align=\"justify\"><strong><span style=\"color: #008000;\">Chi avrebbe mai detto che gli elmi dei palombari furono ispirati a quelli usati nei primi anni del XX secolo dai pompieri. Nella foto due dei vigili del fuoco della 52 esima squadra di Cincinnati indossano le maschere di protezione dal fumo Vajen-Bader&nbsp; <a href=\"https:\/\/blog.newspapers.library.in.gov\/that-foulsome-air-may-do-no-harm\/\">That Foulsome Air May Do No Harm | Hoosier State Chronicles: Indiana&#8217;s Digital Newspaper Program<\/a><\/span><\/strong><\/p>\n<p style=\"text-align: justify;\">Continuiamo con la seconda parte del viaggio per la conquista degli abissi. Nel suo brevetto, <strong><span style=\"color: #008000;\">Charles Cooke<\/span><\/strong> spiega dettagliatamente tutte le problematiche inerenti la respirazione di aria compressa e fornisce, come soluzione, alcune miscele alternative dove \u00e8 sostituito l\u2019azoto con un altro diluente.<\/p>\n<p><img decoding=\"async\" class=\"wp-image-9053\" src=\"https:\/\/www.ocean4future.org\/savetheocean\/wp-content\/uploads\/2016\/07\/foto-3.jpeg\" alt=\"foto 3\" width=\"621\" height=\"858\" srcset=\"https:\/\/www.ocean4future.org\/savetheocean\/wp-content\/uploads\/2016\/07\/foto-3.jpeg 463w, https:\/\/www.ocean4future.org\/savetheocean\/wp-content\/uploads\/2016\/07\/foto-3-217x300.jpeg 217w\" sizes=\"(max-width: 621px) 100vw, 621px\" \/><\/p>\n<p align=\"justify\"><strong><span style=\"color: #008000;\">Il brevetto depositato da Charles John Cooke nel 1919 sull\u2019uso di miscele sintetiche nella respirazione subacquea.<\/span><\/strong><\/p>\n<p style=\"text-align: justify;\">Le miscele dichiarate da Cooke sono tre: <strong><span style=\"color: #008000;\">elio-ossigeno, argon-ossigeno e idrogeno-ossigeno<\/span><\/strong>. L\u2019elio viene definito &#8220;abbastanza inerte&#8221; anche se da un punto di vista chimico, come diluente sarebbe preferibile l\u2019idrogeno. Quest\u2019ultimo, per\u00f2, \u00e8 pericoloso da gestire perch\u00e9 potenzialmente esplosivo quando miscelato con l\u2019ossigeno.&nbsp;In pratica Cooke, nel 1919, gi\u00e0 spiega in modo dettagliato e chiaro quelle che poi saranno le soluzioni adottate in concreto dopo anni di sperimentazioni. Tutto questo fermento sull&#8217;uso dell\u2019elio derivava in parte dalla scoperta di grossi giacimenti di questo gas in Texas. L\u2019elio era un gas relativamente giovane, essendo stato scoperto nel 1868 ma estratto solo a partire dal 1895 e inizialmente soltanto negli Stati Uniti. L\u2019elio si poteva estrarre da minerali di uranio e torio attraverso un procedimento di decadimento radioattivo ma, pi\u00f9 facilmente e in quantit\u00e0 maggiore, si poteva trovare anche in particolari giacimenti di gas naturali come quelli del Texas.<\/p>\n<p style=\"text-align: justify;\">L\u2019unico problema dell\u2019epoca era che non si trovava ancora un\u2019applicazione pratica per questo gas.&nbsp;Quindi, il monopolio nella estrazione dell\u2019elio e la ricerca di un suo possibile utilizzo furono le principali motivazioni che portarono gli americani a sperimentare per primi le miscele elio-ossigeno fin dal 1921, anno nel quale la Marina degli Stati Uniti, a seguito degli stimoli dello stesso Thompson e di un altro ricercatore, Behnke, si dichiar\u00f2 interessata a una sperimentazione nel campo delle miscele respiratorie a base di elio.<\/p>\n<p style=\"text-align: justify;\">Come abbiamo detto nella prima parte, i primi esperimenti furono condotti nella stazione sperimentale del Bureau of Mines di Pittsburgh e iniziarono testando l\u2019effetto della miscela sugli animali per poi continuare gli studi con soggetti umani. Si comprese, dalle prime evidenze, che si era imboccata una strada molto interessante.&nbsp;In campo militare, la sperimentazione di miscele per l\u2019alta profondit\u00e0 fu sospinta inizialmente dalla necessit\u00e0 di intervenire a quote sempre maggiori nell&#8217;opera di soccorso ai sommergibili affondati.<\/p>\n<p style=\"text-align: justify;\">Nel 1925 e nel 1927 l\u2019U.S. Navy aveva perso, a causa di collisioni accidentali, due sommergibili, l\u2019<strong><span style=\"color: #008000;\">S-51<\/span><\/strong> e l\u2019<strong><span style=\"color: #008000;\">S-4<\/span><\/strong>. Gli affondamenti dei battelli si risolvevano di solito con la perdita totale dell\u2019equipaggio e questo destava grande emozione tra l\u2019opinione pubblica, oltre che, ovviamente, grande preoccupazione tra gli equipaggi dei sommergibili. Qualche volta parte dell\u2019equipaggio sopravviveva alle prime fasi dell\u2019affondamento, rifugiandosi nei comparti stagni non invasi dall&#8217;acqua ma, di solito, soccombeva nelle ore successive a causa dell\u2019enorme difficolt\u00e0 delle manovre di salvataggio. I palombari, quando era possibile, lavoravano sul sommergibile, ma spesso, causa la poca lucidit\u00e0 per l\u2019aria respirata ad alta pressione, lo facevano con scarsissimi rendimenti.<\/p>\n<p><a href=\"https:\/\/www.ocean4future.org\/savetheocean\/wp-content\/uploads\/2016\/07\/hardhatBT3.jpg\"><img decoding=\"async\" class=\"wp-image-9060\" src=\"https:\/\/www.ocean4future.org\/savetheocean\/wp-content\/uploads\/2016\/07\/hardhatBT3.jpg\" alt=\"hardhatBT3\" width=\"634\" height=\"449\" srcset=\"https:\/\/www.ocean4future.org\/savetheocean\/wp-content\/uploads\/2016\/07\/hardhatBT3.jpg 417w, https:\/\/www.ocean4future.org\/savetheocean\/wp-content\/uploads\/2016\/07\/hardhatBT3-300x213.jpg 300w\" sizes=\"(max-width: 634px) 100vw, 634px\" \/><\/a><\/p>\n<p align=\"justify\"><span style=\"color: #008000;\"><strong><a style=\"color: #008000;\" href=\"https:\/\/www.pinterest.it\/pin\/428053139560914197\/\">https:\/\/www.pinterest.it\/pin\/428053139560914197\/<\/a><\/strong><\/span><\/p>\n<p style=\"text-align: justify;\">\nPer cercare una soluzione a questo problema, il <strong><span style=\"color: #008000;\">Navy\u2019s Bureau of Construction and Repair<\/span> <\/strong>si mise al lavoro in sinergia con il <strong><span style=\"color: #008000;\">Bureau of Mines<\/span> <\/strong>che aveva una notevole esperienza nel campo delle apparecchiature a circuito chiuso ad ossigeno per il soccorso nelle miniere ed era soprattutto proprietario dei maggiori depositi di elio. Nel 1924 si cominci\u00f2 la sperimentazione con <strong><span style=\"color: #008000;\">immersioni \u201ca secco\u201d in camera iperbarica<\/span><\/strong>, arrivando a profondit\u00e0 intorno ai cinquanta metri.&nbsp;I primi risultati confermarono che il palombaro poteva raggiungere profondit\u00e0 elevate senza manifestare fenomeni di alterazione psicofisica. Si cominciavano a socchiudere delle porte.<\/p>\n<p><strong><span style=\"color: #008000;\">fine II parte&nbsp; &#8211; continua<\/span><\/strong><\/p>\n<p><strong><span style=\"color: #008000;\">Fabio Vitale<\/span><\/strong><\/p>\n<p>&nbsp;<\/p>\n<p>photo credit Fabio Vitale HDS<\/p>\n<p><strong><span style=\"color: #ffffff;\">.<\/span><\/strong><\/p>\n<p style=\"text-align: justify;\">Alcune delle foto presenti in questo blog possono essere state prese dal web, citandone ove possibile gli autori e\/o le fonti. Se qualcuno desiderasse specificarne l\u2019autore o rimuoverle, pu\u00f2 scrivere a infoocean4future@gmail.com e provvederemo immediatamente alla correzione dell\u2019articolo<\/p>\n<p>&nbsp;<\/p>\n<a class=\"maxbutton-3 maxbutton maxbutton-pagina-principale\" target=\"_blank\" title=\"tooltip\" rel=\"nofollow noopener\" href=\"http:\/\/www.ocean4future.org\"><span class='mb-text'>PAGINA PRINCIPALE<\/span><\/a>\n<p><span style=\"color: #ffffff;\">.<\/span><\/p>\n<p><span style=\"color: #ffffff;\">.rte&nbsp;<\/span><br \/>\n<a class=\"maxbutton-13 maxbutton maxbutton-parte-i\" href=\"https:\/\/www.ocean4future.org\/savetheocean\/archives\/9043\"><span class='mb-text'>PARTE I<\/span><\/a> <a class=\"maxbutton-14 maxbutton maxbutton-parte-ii\" href=\"https:\/\/www.ocean4future.org\/savetheocean\/archives\/9050\"><span class='mb-text'>PARTE II<\/span><\/a><\/p>\n<p><a class=\"maxbutton-15 maxbutton maxbutton-parte-iii\" href=\"https:\/\/www.ocean4future.org\/savetheocean\/archives\/10784\"><span class='mb-text'>PARTE III<\/span><\/a> <a class=\"maxbutton-16 maxbutton maxbutton-parte-iv\" href=\"https:\/\/www.ocean4future.org\/savetheocean\/archives\/10788\"><span class='mb-text'>PARTE IV<\/span><\/a><\/p>\n","protected":false},"excerpt":{"rendered":"<p><span class=\"span-reading-time rt-reading-time\" style=\"display: block;\"><span class=\"rt-label rt-prefix\">tempo di lettura: <\/span> <span class=\"rt-time\"> 3<\/span> <span class=\"rt-label rt-postfix\">minuti<\/span><\/span>. . ARGOMENTO: STORIA DELLA SUBACQUEA PERIODO: XIX &#8211; XX SECOLO AREA: DIDATTICA parole chiave: subacquea &nbsp; Chi avrebbe mai detto che gli elmi dei palombari furono ispirati a quelli usati nei primi anni del XX secolo dai pompieri. Nella foto due dei vigili del fuoco della 52 esima squadra di Cincinnati indossano le maschere [&hellip;]<\/p>\n","protected":false},"author":78,"featured_media":9060,"comment_status":"open","ping_status":"open","sticky":false,"template":"","format":"standard","meta":{"_acf_changed":false,"_monsterinsights_skip_tracking":false,"_monsterinsights_sitenote_active":false,"_monsterinsights_sitenote_note":"","_monsterinsights_sitenote_category":0,"footnotes":""},"categories":[84],"tags":[908,1097,47,197],"class_list":["post-9050","post","type-post","status-publish","format-standard","has-post-thumbnail","hentry","category-storia-della-subacquea-cultura-del-mare","tag-fabio-vitale","tag-fisiologia-subacquea","tag-miscele","tag-storia-della-subacquea"],"acf":[],"yoast_head":"<!-- This site is optimized with the Yoast SEO plugin v27.4 - https:\/\/yoast.com\/product\/yoast-seo-wordpress\/ -->\n<title>La conquista delle profondit\u00e0 - parte II &#8226; OCEAN4FUTURE autore<\/title>\n<meta name=\"robots\" content=\"index, follow, max-snippet:-1, max-image-preview:large, max-video-preview:-1\" \/>\n<link rel=\"canonical\" href=\"https:\/\/www.ocean4future.org\/savetheocean\/archives\/9050\" \/>\n<meta property=\"og:locale\" content=\"it_IT\" \/>\n<meta property=\"og:type\" content=\"article\" \/>\n<meta property=\"og:title\" content=\"La conquista delle profondit\u00e0 - parte II &#8226; OCEAN4FUTURE autore\" \/>\n<meta property=\"og:description\" content=\"Continuiamo con la seconda parte del viaggio per la conquista degli abissi. Nel suo brevetto, Charles Cooke spiega dettagliatamente tutte le problematiche inerenti la respirazione di aria compressa e fornisce, come soluzione, alcune miscele alternative dove \u00e8 sostituito l\u2019azoto con un altro diluente. Le miscele dichiarate da Cooke sono tre: elio-ossigeno, argon-ossigeno e idrogeno-ossigeno. L\u2019elio\u2026\" \/>\n<meta property=\"og:url\" content=\"https:\/\/www.ocean4future.org\/savetheocean\/archives\/9050\" \/>\n<meta property=\"og:site_name\" content=\"OCEAN4FUTURE\" \/>\n<meta property=\"article:author\" content=\"https:\/\/www.facebook.com\/fabio.vitale.393\" \/>\n<meta property=\"article:published_time\" content=\"2019-11-15T00:15:40+00:00\" \/>\n<meta property=\"article:modified_time\" content=\"2023-08-21T18:58:38+00:00\" \/>\n<meta property=\"og:image\" content=\"https:\/\/www.ocean4future.org\/savetheocean\/wp-content\/uploads\/2016\/07\/hardhatBT3.jpg\" \/>\n\t<meta property=\"og:image:width\" content=\"417\" \/>\n\t<meta property=\"og:image:height\" content=\"296\" \/>\n\t<meta property=\"og:image:type\" content=\"image\/jpeg\" \/>\n<meta name=\"author\" content=\"Fabio Vitale\" \/>\n<meta name=\"twitter:card\" content=\"summary_large_image\" \/>\n<meta name=\"twitter:creator\" content=\"@ocean4future\" \/>\n<meta name=\"twitter:site\" content=\"@ocean4future\" \/>\n<meta name=\"twitter:label1\" content=\"Scritto da\" \/>\n\t<meta name=\"twitter:data1\" content=\"Fabio Vitale\" \/>\n\t<meta name=\"twitter:label2\" content=\"Tempo di lettura stimato\" \/>\n\t<meta name=\"twitter:data2\" content=\"4 minuti\" \/>\n<script type=\"application\/ld+json\" class=\"yoast-schema-graph\">{\"@context\":\"https:\\\/\\\/schema.org\",\"@graph\":[{\"@type\":\"Article\",\"@id\":\"https:\\\/\\\/www.ocean4future.org\\\/savetheocean\\\/archives\\\/9050#article\",\"isPartOf\":{\"@id\":\"https:\\\/\\\/www.ocean4future.org\\\/savetheocean\\\/archives\\\/9050\"},\"author\":{\"name\":\"Fabio Vitale\",\"@id\":\"https:\\\/\\\/www.ocean4future.org\\\/savetheocean\\\/#\\\/schema\\\/person\\\/8a08efde313037c9f9b2a88bed8b962d\"},\"headline\":\"La conquista delle profondit\u00e0 &#8211; parte II\",\"datePublished\":\"2019-11-15T00:15:40+00:00\",\"dateModified\":\"2023-08-21T18:58:38+00:00\",\"mainEntityOfPage\":{\"@id\":\"https:\\\/\\\/www.ocean4future.org\\\/savetheocean\\\/archives\\\/9050\"},\"wordCount\":805,\"commentCount\":0,\"publisher\":{\"@id\":\"https:\\\/\\\/www.ocean4future.org\\\/savetheocean\\\/#\\\/schema\\\/person\\\/4e1c26437054353074d7bb2efa77162c\"},\"image\":{\"@id\":\"https:\\\/\\\/www.ocean4future.org\\\/savetheocean\\\/archives\\\/9050#primaryimage\"},\"thumbnailUrl\":\"https:\\\/\\\/www.ocean4future.org\\\/savetheocean\\\/wp-content\\\/uploads\\\/2016\\\/07\\\/hardhatBT3.jpg\",\"keywords\":[\"Fabio Vitale\",\"fisiologia subacquea\",\"miscele\",\"storia della subacquea\"],\"articleSection\":[\"Storia della subacquea\"],\"inLanguage\":\"it-IT\",\"potentialAction\":[{\"@type\":\"CommentAction\",\"name\":\"Comment\",\"target\":[\"https:\\\/\\\/www.ocean4future.org\\\/savetheocean\\\/archives\\\/9050#respond\"]}]},{\"@type\":\"WebPage\",\"@id\":\"https:\\\/\\\/www.ocean4future.org\\\/savetheocean\\\/archives\\\/9050\",\"url\":\"https:\\\/\\\/www.ocean4future.org\\\/savetheocean\\\/archives\\\/9050\",\"name\":\"La conquista delle profondit\u00e0 - parte II &#8226; OCEAN4FUTURE autore\",\"isPartOf\":{\"@id\":\"https:\\\/\\\/www.ocean4future.org\\\/savetheocean\\\/#website\"},\"primaryImageOfPage\":{\"@id\":\"https:\\\/\\\/www.ocean4future.org\\\/savetheocean\\\/archives\\\/9050#primaryimage\"},\"image\":{\"@id\":\"https:\\\/\\\/www.ocean4future.org\\\/savetheocean\\\/archives\\\/9050#primaryimage\"},\"thumbnailUrl\":\"https:\\\/\\\/www.ocean4future.org\\\/savetheocean\\\/wp-content\\\/uploads\\\/2016\\\/07\\\/hardhatBT3.jpg\",\"datePublished\":\"2019-11-15T00:15:40+00:00\",\"dateModified\":\"2023-08-21T18:58:38+00:00\",\"breadcrumb\":{\"@id\":\"https:\\\/\\\/www.ocean4future.org\\\/savetheocean\\\/archives\\\/9050#breadcrumb\"},\"inLanguage\":\"it-IT\",\"potentialAction\":[{\"@type\":\"ReadAction\",\"target\":[\"https:\\\/\\\/www.ocean4future.org\\\/savetheocean\\\/archives\\\/9050\"]}]},{\"@type\":\"ImageObject\",\"inLanguage\":\"it-IT\",\"@id\":\"https:\\\/\\\/www.ocean4future.org\\\/savetheocean\\\/archives\\\/9050#primaryimage\",\"url\":\"https:\\\/\\\/www.ocean4future.org\\\/savetheocean\\\/wp-content\\\/uploads\\\/2016\\\/07\\\/hardhatBT3.jpg\",\"contentUrl\":\"https:\\\/\\\/www.ocean4future.org\\\/savetheocean\\\/wp-content\\\/uploads\\\/2016\\\/07\\\/hardhatBT3.jpg\",\"width\":417,\"height\":296},{\"@type\":\"BreadcrumbList\",\"@id\":\"https:\\\/\\\/www.ocean4future.org\\\/savetheocean\\\/archives\\\/9050#breadcrumb\",\"itemListElement\":[{\"@type\":\"ListItem\",\"position\":1,\"name\":\"Home\",\"item\":\"https:\\\/\\\/www.ocean4future.org\\\/savetheocean\"},{\"@type\":\"ListItem\",\"position\":2,\"name\":\"La conquista delle profondit\u00e0 &#8211; parte II\"}]},{\"@type\":\"WebSite\",\"@id\":\"https:\\\/\\\/www.ocean4future.org\\\/savetheocean\\\/#website\",\"url\":\"https:\\\/\\\/www.ocean4future.org\\\/savetheocean\\\/\",\"name\":\"Ocean 4 Future\",\"description\":\"Per una nuova cultura del mare e della marittimit\u00e0\",\"publisher\":{\"@id\":\"https:\\\/\\\/www.ocean4future.org\\\/savetheocean\\\/#\\\/schema\\\/person\\\/4e1c26437054353074d7bb2efa77162c\"},\"potentialAction\":[{\"@type\":\"SearchAction\",\"target\":{\"@type\":\"EntryPoint\",\"urlTemplate\":\"https:\\\/\\\/www.ocean4future.org\\\/savetheocean\\\/?s={search_term_string}\"},\"query-input\":{\"@type\":\"PropertyValueSpecification\",\"valueRequired\":true,\"valueName\":\"search_term_string\"}}],\"inLanguage\":\"it-IT\"},{\"@type\":[\"Person\",\"Organization\"],\"@id\":\"https:\\\/\\\/www.ocean4future.org\\\/savetheocean\\\/#\\\/schema\\\/person\\\/4e1c26437054353074d7bb2efa77162c\",\"name\":\"oceandiver\",\"image\":{\"@type\":\"ImageObject\",\"inLanguage\":\"it-IT\",\"@id\":\"https:\\\/\\\/www.ocean4future.org\\\/savetheocean\\\/wp-content\\\/uploads\\\/2023\\\/04\\\/logo-ocean3.jpg\",\"url\":\"https:\\\/\\\/www.ocean4future.org\\\/savetheocean\\\/wp-content\\\/uploads\\\/2023\\\/04\\\/logo-ocean3.jpg\",\"contentUrl\":\"https:\\\/\\\/www.ocean4future.org\\\/savetheocean\\\/wp-content\\\/uploads\\\/2023\\\/04\\\/logo-ocean3.jpg\",\"width\":472,\"height\":301,\"caption\":\"oceandiver\"},\"logo\":{\"@id\":\"https:\\\/\\\/www.ocean4future.org\\\/savetheocean\\\/wp-content\\\/uploads\\\/2023\\\/04\\\/logo-ocean3.jpg\"}},{\"@type\":\"Person\",\"@id\":\"https:\\\/\\\/www.ocean4future.org\\\/savetheocean\\\/#\\\/schema\\\/person\\\/8a08efde313037c9f9b2a88bed8b962d\",\"name\":\"Fabio Vitale\",\"image\":{\"@type\":\"ImageObject\",\"inLanguage\":\"it-IT\",\"@id\":\"https:\\\/\\\/secure.gravatar.com\\\/avatar\\\/ea35a1a8cb56af7feb72ab8d2f6882af56a1eb7c63d7ab9227275f6d69654f71?s=96&d=mm&r=g\",\"url\":\"https:\\\/\\\/secure.gravatar.com\\\/avatar\\\/ea35a1a8cb56af7feb72ab8d2f6882af56a1eb7c63d7ab9227275f6d69654f71?s=96&d=mm&r=g\",\"contentUrl\":\"https:\\\/\\\/secure.gravatar.com\\\/avatar\\\/ea35a1a8cb56af7feb72ab8d2f6882af56a1eb7c63d7ab9227275f6d69654f71?s=96&d=mm&r=g\",\"caption\":\"Fabio Vitale\"},\"description\":\"storico della subacquea tra i pi\u00f9 importanti in Italia. Ha partecipato come esperto a numerose trasmissioni televisive tra cui lo speciale sui palombari di Alberto Angeli. E' Presidente della Historical diving society e autore di numerosi libri sulla subacquea e sui suoi protagonisti\",\"sameAs\":[\"https:\\\/\\\/www.facebook.com\\\/fabio.vitale.393\"],\"url\":\"https:\\\/\\\/www.ocean4future.org\\\/savetheocean\\\/archives\\\/author\\\/proteo1962\"}]}<\/script>\n<!-- \/ Yoast SEO plugin. -->","yoast_head_json":{"title":"La conquista delle profondit\u00e0 - parte II &#8226; OCEAN4FUTURE autore","robots":{"index":"index","follow":"follow","max-snippet":"max-snippet:-1","max-image-preview":"max-image-preview:large","max-video-preview":"max-video-preview:-1"},"canonical":"https:\/\/www.ocean4future.org\/savetheocean\/archives\/9050","og_locale":"it_IT","og_type":"article","og_title":"La conquista delle profondit\u00e0 - parte II &#8226; OCEAN4FUTURE autore","og_description":"Continuiamo con la seconda parte del viaggio per la conquista degli abissi. Nel suo brevetto, Charles Cooke spiega dettagliatamente tutte le problematiche inerenti la respirazione di aria compressa e fornisce, come soluzione, alcune miscele alternative dove \u00e8 sostituito l\u2019azoto con un altro diluente. Le miscele dichiarate da Cooke sono tre: elio-ossigeno, argon-ossigeno e idrogeno-ossigeno. L\u2019elio\u2026","og_url":"https:\/\/www.ocean4future.org\/savetheocean\/archives\/9050","og_site_name":"OCEAN4FUTURE","article_author":"https:\/\/www.facebook.com\/fabio.vitale.393","article_published_time":"2019-11-15T00:15:40+00:00","article_modified_time":"2023-08-21T18:58:38+00:00","og_image":[{"width":417,"height":296,"url":"https:\/\/www.ocean4future.org\/savetheocean\/wp-content\/uploads\/2016\/07\/hardhatBT3.jpg","type":"image\/jpeg"}],"author":"Fabio Vitale","twitter_card":"summary_large_image","twitter_creator":"@ocean4future","twitter_site":"@ocean4future","twitter_misc":{"Scritto da":"Fabio Vitale","Tempo di lettura stimato":"4 minuti"},"schema":{"@context":"https:\/\/schema.org","@graph":[{"@type":"Article","@id":"https:\/\/www.ocean4future.org\/savetheocean\/archives\/9050#article","isPartOf":{"@id":"https:\/\/www.ocean4future.org\/savetheocean\/archives\/9050"},"author":{"name":"Fabio Vitale","@id":"https:\/\/www.ocean4future.org\/savetheocean\/#\/schema\/person\/8a08efde313037c9f9b2a88bed8b962d"},"headline":"La conquista delle profondit\u00e0 &#8211; parte II","datePublished":"2019-11-15T00:15:40+00:00","dateModified":"2023-08-21T18:58:38+00:00","mainEntityOfPage":{"@id":"https:\/\/www.ocean4future.org\/savetheocean\/archives\/9050"},"wordCount":805,"commentCount":0,"publisher":{"@id":"https:\/\/www.ocean4future.org\/savetheocean\/#\/schema\/person\/4e1c26437054353074d7bb2efa77162c"},"image":{"@id":"https:\/\/www.ocean4future.org\/savetheocean\/archives\/9050#primaryimage"},"thumbnailUrl":"https:\/\/www.ocean4future.org\/savetheocean\/wp-content\/uploads\/2016\/07\/hardhatBT3.jpg","keywords":["Fabio Vitale","fisiologia subacquea","miscele","storia della subacquea"],"articleSection":["Storia della subacquea"],"inLanguage":"it-IT","potentialAction":[{"@type":"CommentAction","name":"Comment","target":["https:\/\/www.ocean4future.org\/savetheocean\/archives\/9050#respond"]}]},{"@type":"WebPage","@id":"https:\/\/www.ocean4future.org\/savetheocean\/archives\/9050","url":"https:\/\/www.ocean4future.org\/savetheocean\/archives\/9050","name":"La conquista delle profondit\u00e0 - parte II &#8226; OCEAN4FUTURE autore","isPartOf":{"@id":"https:\/\/www.ocean4future.org\/savetheocean\/#website"},"primaryImageOfPage":{"@id":"https:\/\/www.ocean4future.org\/savetheocean\/archives\/9050#primaryimage"},"image":{"@id":"https:\/\/www.ocean4future.org\/savetheocean\/archives\/9050#primaryimage"},"thumbnailUrl":"https:\/\/www.ocean4future.org\/savetheocean\/wp-content\/uploads\/2016\/07\/hardhatBT3.jpg","datePublished":"2019-11-15T00:15:40+00:00","dateModified":"2023-08-21T18:58:38+00:00","breadcrumb":{"@id":"https:\/\/www.ocean4future.org\/savetheocean\/archives\/9050#breadcrumb"},"inLanguage":"it-IT","potentialAction":[{"@type":"ReadAction","target":["https:\/\/www.ocean4future.org\/savetheocean\/archives\/9050"]}]},{"@type":"ImageObject","inLanguage":"it-IT","@id":"https:\/\/www.ocean4future.org\/savetheocean\/archives\/9050#primaryimage","url":"https:\/\/www.ocean4future.org\/savetheocean\/wp-content\/uploads\/2016\/07\/hardhatBT3.jpg","contentUrl":"https:\/\/www.ocean4future.org\/savetheocean\/wp-content\/uploads\/2016\/07\/hardhatBT3.jpg","width":417,"height":296},{"@type":"BreadcrumbList","@id":"https:\/\/www.ocean4future.org\/savetheocean\/archives\/9050#breadcrumb","itemListElement":[{"@type":"ListItem","position":1,"name":"Home","item":"https:\/\/www.ocean4future.org\/savetheocean"},{"@type":"ListItem","position":2,"name":"La conquista delle profondit\u00e0 &#8211; parte II"}]},{"@type":"WebSite","@id":"https:\/\/www.ocean4future.org\/savetheocean\/#website","url":"https:\/\/www.ocean4future.org\/savetheocean\/","name":"Ocean 4 Future","description":"Per una nuova cultura del mare e della marittimit\u00e0","publisher":{"@id":"https:\/\/www.ocean4future.org\/savetheocean\/#\/schema\/person\/4e1c26437054353074d7bb2efa77162c"},"potentialAction":[{"@type":"SearchAction","target":{"@type":"EntryPoint","urlTemplate":"https:\/\/www.ocean4future.org\/savetheocean\/?s={search_term_string}"},"query-input":{"@type":"PropertyValueSpecification","valueRequired":true,"valueName":"search_term_string"}}],"inLanguage":"it-IT"},{"@type":["Person","Organization"],"@id":"https:\/\/www.ocean4future.org\/savetheocean\/#\/schema\/person\/4e1c26437054353074d7bb2efa77162c","name":"oceandiver","image":{"@type":"ImageObject","inLanguage":"it-IT","@id":"https:\/\/www.ocean4future.org\/savetheocean\/wp-content\/uploads\/2023\/04\/logo-ocean3.jpg","url":"https:\/\/www.ocean4future.org\/savetheocean\/wp-content\/uploads\/2023\/04\/logo-ocean3.jpg","contentUrl":"https:\/\/www.ocean4future.org\/savetheocean\/wp-content\/uploads\/2023\/04\/logo-ocean3.jpg","width":472,"height":301,"caption":"oceandiver"},"logo":{"@id":"https:\/\/www.ocean4future.org\/savetheocean\/wp-content\/uploads\/2023\/04\/logo-ocean3.jpg"}},{"@type":"Person","@id":"https:\/\/www.ocean4future.org\/savetheocean\/#\/schema\/person\/8a08efde313037c9f9b2a88bed8b962d","name":"Fabio Vitale","image":{"@type":"ImageObject","inLanguage":"it-IT","@id":"https:\/\/secure.gravatar.com\/avatar\/ea35a1a8cb56af7feb72ab8d2f6882af56a1eb7c63d7ab9227275f6d69654f71?s=96&d=mm&r=g","url":"https:\/\/secure.gravatar.com\/avatar\/ea35a1a8cb56af7feb72ab8d2f6882af56a1eb7c63d7ab9227275f6d69654f71?s=96&d=mm&r=g","contentUrl":"https:\/\/secure.gravatar.com\/avatar\/ea35a1a8cb56af7feb72ab8d2f6882af56a1eb7c63d7ab9227275f6d69654f71?s=96&d=mm&r=g","caption":"Fabio Vitale"},"description":"storico della subacquea tra i pi\u00f9 importanti in Italia. Ha partecipato come esperto a numerose trasmissioni televisive tra cui lo speciale sui palombari di Alberto Angeli. E' Presidente della Historical diving society e autore di numerosi libri sulla subacquea e sui suoi protagonisti","sameAs":["https:\/\/www.facebook.com\/fabio.vitale.393"],"url":"https:\/\/www.ocean4future.org\/savetheocean\/archives\/author\/proteo1962"}]}},"_links":{"self":[{"href":"https:\/\/www.ocean4future.org\/savetheocean\/wp-json\/wp\/v2\/posts\/9050","targetHints":{"allow":["GET"]}}],"collection":[{"href":"https:\/\/www.ocean4future.org\/savetheocean\/wp-json\/wp\/v2\/posts"}],"about":[{"href":"https:\/\/www.ocean4future.org\/savetheocean\/wp-json\/wp\/v2\/types\/post"}],"author":[{"embeddable":true,"href":"https:\/\/www.ocean4future.org\/savetheocean\/wp-json\/wp\/v2\/users\/78"}],"replies":[{"embeddable":true,"href":"https:\/\/www.ocean4future.org\/savetheocean\/wp-json\/wp\/v2\/comments?post=9050"}],"version-history":[{"count":0,"href":"https:\/\/www.ocean4future.org\/savetheocean\/wp-json\/wp\/v2\/posts\/9050\/revisions"}],"wp:featuredmedia":[{"embeddable":true,"href":"https:\/\/www.ocean4future.org\/savetheocean\/wp-json\/wp\/v2\/media\/9060"}],"wp:attachment":[{"href":"https:\/\/www.ocean4future.org\/savetheocean\/wp-json\/wp\/v2\/media?parent=9050"}],"wp:term":[{"taxonomy":"category","embeddable":true,"href":"https:\/\/www.ocean4future.org\/savetheocean\/wp-json\/wp\/v2\/categories?post=9050"},{"taxonomy":"post_tag","embeddable":true,"href":"https:\/\/www.ocean4future.org\/savetheocean\/wp-json\/wp\/v2\/tags?post=9050"}],"curies":[{"name":"wp","href":"https:\/\/api.w.org\/{rel}","templated":true}]}}