{"id":8449,"date":"2018-04-29T01:35:53","date_gmt":"2018-04-29T00:35:53","guid":{"rendered":"http:\/\/www.ocean4future.org\/savetheocean\/?p=8449"},"modified":"2025-11-10T13:59:47","modified_gmt":"2025-11-10T12:59:47","slug":"i-palombari-della-regia-marina-e-le-procedure-dimmersione-nella-seconda-meta-dellottocento-2-parte","status":"publish","type":"post","link":"https:\/\/www.ocean4future.org\/savetheocean\/archives\/8449","title":{"rendered":"I palombari della Regia Marina e le procedure d\u2019immersione nella seconda met\u00e0 dell\u2019Ottocento e primi anni del Novecento \u2013 III Parte"},"content":{"rendered":"<span class=\"span-reading-time rt-reading-time\" style=\"display: block;\"><span class=\"rt-label rt-prefix\">tempo di lettura: <\/span> <span class=\"rt-time\"> 4<\/span> <span class=\"rt-label rt-postfix\">minuti<\/span><\/span><p style=\"text-align: justify;\"><strong><span style=\"color: #008000; font-size: 14pt;\"><span style=\"color: #ffffff;\">.<\/span><br \/>\n<a class=\"maxbutton-4 maxbutton maxbutton-livello-di-comprensione\" href=\"javascript:void(0);\"><span class='mb-text'>livello elementare<\/span><\/a><br \/>\n<span style=\"color: #ffffff;\">.<\/span><br \/>\nARGOMENTO: STORIA DELLA SUBACQUEA<br \/>\nPERIODO: DALLE ORIGINI AL XIX SECOLO<br \/>\nAREA: PALOMBARI<br \/>\n<\/span><\/strong>parole chiave: scafandri, tecniche, metodologia<\/p>\n<p>&nbsp;<\/p>\n<p style=\"text-align: justify;\"><span style=\"font-size: 18pt;\"><strong><span style=\"color: #008000;\">L&#8217;inizio del novecento<\/span><\/strong><\/span><\/p>\n<p style=\"text-align: justify;\">Nei primi anni del Novecento troviamo nel golfo di La Spezia la \u201c<strong><span style=\"color: #008000;\">R.N. Trinacria<\/span><\/strong>\u201d che fa da nave scuola agli allievi palombari. Il corso durava circa otto\u00a0mesi ed era molto impegnativo.<\/p>\n<p><a href=\"https:\/\/www.ocean4future.org\/savetheocean\/wp-content\/uploads\/2016\/05\/cache_2431318771.jpg\"><img decoding=\"async\" class=\"wp-image-8698\" src=\"https:\/\/www.ocean4future.org\/savetheocean\/wp-content\/uploads\/2016\/05\/cache_2431318771.jpg\" alt=\"cache_2431318771\" width=\"585\" height=\"703\" \/><\/a><\/p>\n<p align=\"justify\"><strong><span style=\"color: #008000;\">elmo Zannoni, 1905 circa<\/span><\/strong><\/p>\n<p style=\"text-align: justify;\">Dal punto di vista tecnico compare un primo tipo di apparecchiatura da palombaro, progettato dall&#8217;Arsenale di La Spezia, con un elmo, denominato Modello 1905, prodotto dalla <strong><span style=\"color: #008000;\">ditta Italo Zannoni<\/span><\/strong> di La Spezia, accoppiato a delle pompe <strong><span style=\"color: #008000;\">Siebe &amp; Gorman<\/span><\/strong>.\u00a0Nel 1905, tra le altre cose, si era alle prese con una nuova ristrutturazione di tutta la scuola torpedinieri e diversi cambiamenti furono apportati anche alle norme che regolavano il servizio da palombaro. Questo fu legato probabilmente all&#8217;uso delle prime mine navali chiamate torpedini.\u00a0Furono definite le mansioni che il minatore-palombaro doveva eseguire, oltre quelle specifiche subacquee:<\/p>\n<ul>\n<li><strong><span style=\"color: #008000;\">coadiuvare i siluristi nel servizio e nella manutenzione dei siluri, dei lanciasiluri e del materiale per aria compressa;<\/span><\/strong><\/li>\n<\/ul>\n<ul>\n<li><strong><span style=\"color: #008000;\">coadiuvare i torpedinieri elettricisti nel servizio dei proiettori.<\/span><\/strong><\/li>\n<\/ul>\n<p style=\"text-align: justify;\">Nel reclutamento dei minatori-palombari furono rivisitate le caratteristiche fisiche che portavano alla esclusione dei candidati durante la visita medica preliminare.\u00a0Il nuovo regolamento, in merito alla selezione, prevedeva che erano da escludersi i candidati con:<\/p>\n<p style=\"text-align: justify;\"><strong><span style=\"color: #008000;\">&#8211;\u00a0 perimetro toracico inferiore a metri 0.90 e di statura superiore a m. 1.7;<\/span><\/strong><\/p>\n<p style=\"text-align: justify;\"><strong><span style=\"color: #008000;\">&#8211; qualche difetto, anche minimo, negli apparati circolatorio e respiratorio;<\/span><\/strong><\/p>\n<p style=\"text-align: justify;\"><strong><span style=\"color: #008000;\">&#8211; il cavo rino-faringeo e la faringe affetti da qualsiasi alterazione, con carattere di cronicit\u00e0;\u00a0<\/span><\/strong><\/p>\n<p style=\"text-align: justify;\"><strong><span style=\"color: #008000;\">&#8211; quelli che non siano immuni da malattie croniche della pelle e da difetti anche lievi degli organi dei sensi e soprattutto della vista e dell\u2019udito;<\/span><\/strong><\/p>\n<p style=\"text-align: justify;\"><strong><span style=\"color: #008000;\">&#8211; quelli che siano stati soggetti, anche in epoche lontane, a convulsioni istero-epilettiche, a contagio celtico o a reumatismo articolare anche leggero;<\/span><\/strong><\/p>\n<p>&#8211; <strong><span style=\"color: #008000;\">che abitualmente eccedono\u00a0nell&#8217;uso\u00a0del vino e delle bevande alcoliche.<\/span><\/strong><\/p>\n<p><a href=\"https:\/\/www.ocean4future.org\/savetheocean\/wp-content\/uploads\/2016\/05\/varignano-1900.jpg\"><img decoding=\"async\" class=\"wp-image-8694 size-full\" src=\"https:\/\/www.ocean4future.org\/savetheocean\/wp-content\/uploads\/2016\/05\/varignano-1900.jpg\" alt=\"varignano 1900\" width=\"873\" height=\"577\" srcset=\"https:\/\/www.ocean4future.org\/savetheocean\/wp-content\/uploads\/2016\/05\/varignano-1900.jpg 873w, https:\/\/www.ocean4future.org\/savetheocean\/wp-content\/uploads\/2016\/05\/varignano-1900-300x198.jpg 300w\" sizes=\"(max-width: 873px) 100vw, 873px\" \/><\/a><\/p>\n<p align=\"justify\"><strong><span style=\"color: #008000;\">Una foto del 1900 della struttura del Varignano, ex lazzaretto. In basso a sinistra la banchina da dove i palombari partivano per le loro esercitazioni.<\/span><\/strong><\/p>\n<p style=\"text-align: justify;\">Nel 1909 la scuola torpedinieri si insedia sulla \u201c<strong><span style=\"color: #008000;\">R. N. Italia<\/span><\/strong>\u201d ma dal 1\u00b0 novembre del 1910 fu trasferita presso la struttura del Varignano (La Spezia) dove, a parte una pausa intorno agli anni Trenta\/Quaranta, \u00e8 ancora oggi ubicata.\u00a0Fu proprio in questo luogo, grazie a una disposizione logistica meno precaria, che la scuola palombari cominci\u00f2 a vivere la metamorfosi pi\u00f9 importante che la port\u00f2 nell&#8217;era moderna. Alla scuola del Varignano fu assegnato un organico permanente per le attivit\u00e0 di istruzione e, oltre ai corsi per il certificato da palombaro, vennero previste attivit\u00e0 di studio e sperimentazione. Saranno anche aumentate le dotazioni di attrezzature tra cui sei lance da palombaro.<\/p>\n<p><img decoding=\"async\" class=\"wp-image-8450\" src=\"https:\/\/www.ocean4future.org\/savetheocean\/wp-content\/uploads\/2016\/05\/foto_1.jpeg\" alt=\"foto_1\" width=\"617\" height=\"408\" srcset=\"https:\/\/www.ocean4future.org\/savetheocean\/wp-content\/uploads\/2016\/05\/foto_1.jpeg 451w, https:\/\/www.ocean4future.org\/savetheocean\/wp-content\/uploads\/2016\/05\/foto_1-300x198.jpeg 300w\" sizes=\"(max-width: 617px) 100vw, 617px\" \/><\/p>\n<p align=\"justify\"><strong><span style=\"color: #008000;\">foto 1<\/span><\/strong><\/p>\n<p><a href=\"https:\/\/www.ocean4future.org\/savetheocean\/wp-content\/uploads\/2016\/05\/foto_2.jpeg\"><img decoding=\"async\" class=\"wp-image-8451\" src=\"https:\/\/www.ocean4future.org\/savetheocean\/wp-content\/uploads\/2016\/05\/foto_2.jpeg\" alt=\"foto_2\" width=\"615\" height=\"462\" \/><\/a><\/p>\n<p align=\"justify\"><strong><span style=\"color: #008000;\">foto 2<\/span><\/strong><\/p>\n<p style=\"text-align: justify;\"><strong><span style=\"color: #008000;\"><em>Foto 1-2-3\u00a0 <\/em><\/span><span style=\"color: #008000;\">Sequenza di immagini che ritraggono un palombaro della Regia Marina che si appresta ad effettuare un\u2019immersione. Siamo nel 1917, in un posto non ben identificato. Il palombaro deve essere molto giovane, con un fisico che probabilmente era ai limiti dell\u2019ammissione, vista la magrezza e l\u2019altezza.<\/span><\/strong><\/p>\n<p><img decoding=\"async\" class=\"wp-image-8452\" src=\"https:\/\/www.ocean4future.org\/savetheocean\/wp-content\/uploads\/2016\/05\/foto_3.jpeg\" alt=\"foto_3\" width=\"643\" height=\"858\" srcset=\"https:\/\/www.ocean4future.org\/savetheocean\/wp-content\/uploads\/2016\/05\/foto_3.jpeg 228w, https:\/\/www.ocean4future.org\/savetheocean\/wp-content\/uploads\/2016\/05\/foto_3-225x300.jpeg 225w\" sizes=\"(max-width: 643px) 100vw, 643px\" \/><\/p>\n<p align=\"justify\"><strong><span style=\"color: #008000;\">foto 3<\/span><\/strong><\/p>\n<p style=\"text-align: justify;\"><strong><span style=\"color: #008000;\">Fa una certa impressione vedere questo viso di ragazzino in tenuta da palombaro inquadrato tra i due visi molto vissuti delle sue guide.<\/span>\u00a0<span style=\"color: #008000;\">Il palombaro indossa un elmo della ditta Zannoni, fornitrice all&#8217;epoca della Marina Italiana (Archivio Ufficio Storico Marina Militare).<br \/>\n<span style=\"color: #ffffff;\">,<\/span><br \/>\n<\/span><\/strong><strong><span style=\"color: #008000; font-size: 18pt;\">Ditta Italo Zannoni<\/span><br \/>\n<\/strong>E\u2019 la pi\u00f9 antica ditta italiana di cui si conosca l\u2019esistenza. Fu fondata nel 1901 con sede a La Spezia in Piazza Vittorio Emanuele 6.\u00a0Agli inizi, fu agente generale per l\u2019Italia della inglese <strong><span style=\"color: #008000;\">Siebe &amp; Gorman<\/span> <\/strong>per poi trasformarsi in azienda costruttrice di scafandri. La collaborazione con la Siebe &amp; Gorman continu\u00f2 fino agli inizi degli anni Trenta quando venivano ancora costruiti in Italia, su licenza della ditta inglese, i respiratori subacquei <strong><span style=\"color: #008000;\">Davis<\/span><\/strong> per la fuoriuscita di emergenza dai sommergibili.\u00a0L\u2019attivit\u00e0 della ditta Italo Zannoni termin\u00f2\u00a0completamente (sia come produzione sia come commercializzazione) il primo ottobre del 1934.<\/p>\n<p style=\"text-align: justify;\"><strong><span style=\"color: #008000; font-size: 14pt;\"><span style=\"font-size: 18pt;\">Requisiti per il corso \u00a0palombari<\/span><\/span><span style=\"color: #008000; font-size: 14pt;\"><br \/>\n<\/span><\/strong>Per l\u2019ammissione al corso non veniva solo richiesta una \u201cgenerica intelligenza\u201d e l\u2019esenzione da difetti fisici cos\u00ec come previsto dalla norma ma si cominciarono a richiedere delle prove pratiche come:<\/p>\n<ul>\n<li><strong><strong><em><span style=\"color: #008000;\">saper leggere correntemente e scrivere sotto dettatura senza gravi errori d\u2019ortografia;<\/span><\/em><\/strong><\/strong><\/li>\n<li><strong><em><span style=\"color: #008000;\">saper leggere e scrivere i numeri<\/span><\/em><\/strong><\/li>\n<\/ul>\n<p><img decoding=\"async\" class=\"wp-image-8453\" src=\"https:\/\/www.ocean4future.org\/savetheocean\/wp-content\/uploads\/2016\/05\/foto_4.jpeg\" alt=\"foto_4\" width=\"792\" height=\"543\" srcset=\"https:\/\/www.ocean4future.org\/savetheocean\/wp-content\/uploads\/2016\/05\/foto_4.jpeg 394w, https:\/\/www.ocean4future.org\/savetheocean\/wp-content\/uploads\/2016\/05\/foto_4-300x206.jpeg 300w\" sizes=\"(max-width: 792px) 100vw, 792px\" \/><\/p>\n<p align=\"justify\"><span style=\"font-size: 14pt;\"><strong><span style=\"color: #008000;\">Ci fu un altro cambiamento relativo all&#8217;aspetto sanitario<br \/>\n<\/span><\/strong><\/span>Le istruzioni in materia sanitaria avvenivano anche verso la fine del secolo precedente ma ora si giunse ad una maggiore organizzazione, prevedendo un programma strutturato sul pronto soccorso al palombaro in caso di asfissia o annegamento oltre a nozioni di igiene. In pi\u00f9 un ufficiale medico presenziava sempre alle immersioni dei palombari.<strong><span style=\"color: #008000;\"><br \/>\n<\/span><\/strong><strong><span style=\"color: #008000;\">fine terza parte\u00a0<\/span><\/strong><\/p>\n<p style=\"text-align: justify;\"><strong><span style=\"color: #008000;\">Fabio Vitale<br \/>\n<\/span><\/strong><span style=\"color: #ffffff;\">,<\/span><\/p>\n<p style=\"text-align: justify;\">Alcune delle immagini possono essere state prese dal web, citandone ove possibile gli autori e\/o le fonti. Se qualcuno desiderasse specificarne l\u2019autore o rimuoverle, pu\u00f2 scrivere a infoocean4future@gmail.com e provvederemo immediatamente alla correzione dell\u2019articolo<br \/>\n<span style=\"color: #ffffff;\">,<\/span><\/p>\n<p style=\"text-align: justify;\"><a class=\"maxbutton-3 maxbutton maxbutton-pagina-principale\" target=\"_blank\" title=\"tooltip\" rel=\"nofollow noopener\" href=\"http:\/\/www.ocean4future.org\"><span class='mb-text'>PAGINA PRINCIPALE<\/span><\/a><\/p>\n<p><span style=\"color: #ffffff;\">.<\/span><\/p>\n<p><a class=\"maxbutton-13 maxbutton maxbutton-parte-i\" target=\"_blank\" title=\" tooltip\" rel=\"nofollow noopener\" href=\"https:\/\/www.ocean4future.org\/savetheocean\/archives\/8021\"><span class='mb-text'>PARTE I<\/span><\/a> <a class=\"maxbutton-14 maxbutton maxbutton-parte-ii\" target=\"_blank\" title=\" tooltip\" rel=\"nofollow noopener\" href=\"https:\/\/www.ocean4future.org\/savetheocean\/archives\/8028\"><span class='mb-text'>PARTE II<\/span><\/a> <a class=\"maxbutton-15 maxbutton maxbutton-parte-iii\" target=\"_blank\" title=\" tooltip\" rel=\"nofollow noopener\" href=\"https:\/\/www.ocean4future.org\/savetheocean\/archives\/8449\"><span class='mb-text'>PARTE III<\/span><\/a><br \/>\n<span style=\"color: #ffffff;\">.<\/span><\/p>\n","protected":false},"excerpt":{"rendered":"<p><span class=\"span-reading-time rt-reading-time\" style=\"display: block;\"><span class=\"rt-label rt-prefix\">tempo di lettura: <\/span> <span class=\"rt-time\"> 4<\/span> <span class=\"rt-label rt-postfix\">minuti<\/span><\/span>. . ARGOMENTO: STORIA DELLA SUBACQUEA PERIODO: DALLE ORIGINI AL XIX SECOLO AREA: PALOMBARI parole chiave: scafandri, tecniche, metodologia &nbsp; L&#8217;inizio del novecento Nei primi anni del Novecento troviamo nel golfo di La Spezia la \u201cR.N. Trinacria\u201d che fa da nave scuola agli allievi palombari. Il corso durava circa otto\u00a0mesi ed era molto impegnativo. elmo [&hellip;]<\/p>\n","protected":false},"author":78,"featured_media":42015,"comment_status":"open","ping_status":"open","sticky":false,"template":"","format":"standard","meta":{"_acf_changed":false,"_monsterinsights_skip_tracking":false,"_monsterinsights_sitenote_active":false,"_monsterinsights_sitenote_note":"","_monsterinsights_sitenote_category":0,"footnotes":""},"categories":[84],"tags":[233,955],"class_list":["post-8449","post","type-post","status-publish","format-standard","has-post-thumbnail","hentry","category-storia-della-subacquea-cultura-del-mare","tag-palombari","tag-regia-marina-italiana"],"acf":[],"yoast_head":"<!-- This site is optimized with the Yoast SEO plugin v27.4 - https:\/\/yoast.com\/product\/yoast-seo-wordpress\/ -->\n<title>I palombari della Regia Marina e le procedure d\u2019immersione nella seconda met\u00e0 dell\u2019Ottocento e primi anni del Novecento \u2013 III Parte &#8226; OCEAN4FUTURE autore<\/title>\n<meta name=\"robots\" content=\"index, follow, max-snippet:-1, max-image-preview:large, max-video-preview:-1\" \/>\n<link rel=\"canonical\" href=\"https:\/\/www.ocean4future.org\/savetheocean\/archives\/8449\" \/>\n<meta property=\"og:locale\" content=\"it_IT\" \/>\n<meta property=\"og:type\" content=\"article\" \/>\n<meta property=\"og:title\" content=\"I palombari della Regia Marina e le procedure d\u2019immersione nella seconda met\u00e0 dell\u2019Ottocento e primi anni del Novecento \u2013 III Parte &#8226; OCEAN4FUTURE autore\" \/>\n<meta property=\"og:description\" content=\"Rieccoci con la seconda parte dell\u2019articolo di Fabio Vitale sulla storia dei gloriosi palombari della Regia Marina. Nei primi anni del Novecento troviamo, nel golfo di La Spezia, la \u201cR. N. Trinacria\u201d che fa da scuola agli allievi palombari. Il corso durava circa otto\u00a0mesi ed era molto impegnativo. Dal punto di vista tecnico compare un\u2026\" \/>\n<meta property=\"og:url\" content=\"https:\/\/www.ocean4future.org\/savetheocean\/archives\/8449\" \/>\n<meta property=\"og:site_name\" content=\"OCEAN4FUTURE\" \/>\n<meta property=\"article:author\" content=\"https:\/\/www.facebook.com\/fabio.vitale.393\" \/>\n<meta property=\"article:published_time\" content=\"2018-04-29T00:35:53+00:00\" \/>\n<meta property=\"article:modified_time\" content=\"2025-11-10T12:59:47+00:00\" \/>\n<meta property=\"og:image\" content=\"https:\/\/www.ocean4future.org\/savetheocean\/wp-content\/uploads\/2018\/04\/palombari-RM-italiana-.jpg\" \/>\n\t<meta property=\"og:image:width\" content=\"1154\" \/>\n\t<meta property=\"og:image:height\" content=\"768\" \/>\n\t<meta property=\"og:image:type\" content=\"image\/jpeg\" \/>\n<meta name=\"author\" content=\"Fabio Vitale\" \/>\n<meta name=\"twitter:card\" content=\"summary_large_image\" \/>\n<meta name=\"twitter:creator\" content=\"@ocean4future\" \/>\n<meta name=\"twitter:site\" content=\"@ocean4future\" \/>\n<meta name=\"twitter:label1\" content=\"Scritto da\" \/>\n\t<meta name=\"twitter:data1\" content=\"Fabio Vitale\" \/>\n\t<meta name=\"twitter:label2\" content=\"Tempo di lettura stimato\" \/>\n\t<meta name=\"twitter:data2\" content=\"6 minuti\" \/>\n<script type=\"application\/ld+json\" class=\"yoast-schema-graph\">{\"@context\":\"https:\\\/\\\/schema.org\",\"@graph\":[{\"@type\":\"Article\",\"@id\":\"https:\\\/\\\/www.ocean4future.org\\\/savetheocean\\\/archives\\\/8449#article\",\"isPartOf\":{\"@id\":\"https:\\\/\\\/www.ocean4future.org\\\/savetheocean\\\/archives\\\/8449\"},\"author\":{\"name\":\"Fabio Vitale\",\"@id\":\"https:\\\/\\\/www.ocean4future.org\\\/savetheocean\\\/#\\\/schema\\\/person\\\/8a08efde313037c9f9b2a88bed8b962d\"},\"headline\":\"I palombari della Regia Marina e le procedure d\u2019immersione nella seconda met\u00e0 dell\u2019Ottocento e primi anni del Novecento \u2013 III Parte\",\"datePublished\":\"2018-04-29T00:35:53+00:00\",\"dateModified\":\"2025-11-10T12:59:47+00:00\",\"mainEntityOfPage\":{\"@id\":\"https:\\\/\\\/www.ocean4future.org\\\/savetheocean\\\/archives\\\/8449\"},\"wordCount\":892,\"commentCount\":0,\"publisher\":{\"@id\":\"https:\\\/\\\/www.ocean4future.org\\\/savetheocean\\\/#\\\/schema\\\/person\\\/4e1c26437054353074d7bb2efa77162c\"},\"image\":{\"@id\":\"https:\\\/\\\/www.ocean4future.org\\\/savetheocean\\\/archives\\\/8449#primaryimage\"},\"thumbnailUrl\":\"https:\\\/\\\/www.ocean4future.org\\\/savetheocean\\\/wp-content\\\/uploads\\\/2018\\\/04\\\/palombari-RM-italiana-.jpg\",\"keywords\":[\"palombari\",\"Regia marina italiana\"],\"articleSection\":[\"Storia della subacquea\"],\"inLanguage\":\"it-IT\",\"potentialAction\":[{\"@type\":\"CommentAction\",\"name\":\"Comment\",\"target\":[\"https:\\\/\\\/www.ocean4future.org\\\/savetheocean\\\/archives\\\/8449#respond\"]}]},{\"@type\":\"WebPage\",\"@id\":\"https:\\\/\\\/www.ocean4future.org\\\/savetheocean\\\/archives\\\/8449\",\"url\":\"https:\\\/\\\/www.ocean4future.org\\\/savetheocean\\\/archives\\\/8449\",\"name\":\"I palombari della Regia Marina e le procedure d\u2019immersione nella seconda met\u00e0 dell\u2019Ottocento e primi anni del Novecento \u2013 III Parte &#8226; OCEAN4FUTURE autore\",\"isPartOf\":{\"@id\":\"https:\\\/\\\/www.ocean4future.org\\\/savetheocean\\\/#website\"},\"primaryImageOfPage\":{\"@id\":\"https:\\\/\\\/www.ocean4future.org\\\/savetheocean\\\/archives\\\/8449#primaryimage\"},\"image\":{\"@id\":\"https:\\\/\\\/www.ocean4future.org\\\/savetheocean\\\/archives\\\/8449#primaryimage\"},\"thumbnailUrl\":\"https:\\\/\\\/www.ocean4future.org\\\/savetheocean\\\/wp-content\\\/uploads\\\/2018\\\/04\\\/palombari-RM-italiana-.jpg\",\"datePublished\":\"2018-04-29T00:35:53+00:00\",\"dateModified\":\"2025-11-10T12:59:47+00:00\",\"breadcrumb\":{\"@id\":\"https:\\\/\\\/www.ocean4future.org\\\/savetheocean\\\/archives\\\/8449#breadcrumb\"},\"inLanguage\":\"it-IT\",\"potentialAction\":[{\"@type\":\"ReadAction\",\"target\":[\"https:\\\/\\\/www.ocean4future.org\\\/savetheocean\\\/archives\\\/8449\"]}]},{\"@type\":\"ImageObject\",\"inLanguage\":\"it-IT\",\"@id\":\"https:\\\/\\\/www.ocean4future.org\\\/savetheocean\\\/archives\\\/8449#primaryimage\",\"url\":\"https:\\\/\\\/www.ocean4future.org\\\/savetheocean\\\/wp-content\\\/uploads\\\/2018\\\/04\\\/palombari-RM-italiana-.jpg\",\"contentUrl\":\"https:\\\/\\\/www.ocean4future.org\\\/savetheocean\\\/wp-content\\\/uploads\\\/2018\\\/04\\\/palombari-RM-italiana-.jpg\",\"width\":1154,\"height\":768},{\"@type\":\"BreadcrumbList\",\"@id\":\"https:\\\/\\\/www.ocean4future.org\\\/savetheocean\\\/archives\\\/8449#breadcrumb\",\"itemListElement\":[{\"@type\":\"ListItem\",\"position\":1,\"name\":\"Home\",\"item\":\"https:\\\/\\\/www.ocean4future.org\\\/savetheocean\"},{\"@type\":\"ListItem\",\"position\":2,\"name\":\"I palombari della Regia Marina e le procedure d\u2019immersione nella seconda met\u00e0 dell\u2019Ottocento e primi anni del Novecento \u2013 III Parte\"}]},{\"@type\":\"WebSite\",\"@id\":\"https:\\\/\\\/www.ocean4future.org\\\/savetheocean\\\/#website\",\"url\":\"https:\\\/\\\/www.ocean4future.org\\\/savetheocean\\\/\",\"name\":\"Ocean 4 Future\",\"description\":\"Per una nuova cultura del mare e della marittimit\u00e0\",\"publisher\":{\"@id\":\"https:\\\/\\\/www.ocean4future.org\\\/savetheocean\\\/#\\\/schema\\\/person\\\/4e1c26437054353074d7bb2efa77162c\"},\"potentialAction\":[{\"@type\":\"SearchAction\",\"target\":{\"@type\":\"EntryPoint\",\"urlTemplate\":\"https:\\\/\\\/www.ocean4future.org\\\/savetheocean\\\/?s={search_term_string}\"},\"query-input\":{\"@type\":\"PropertyValueSpecification\",\"valueRequired\":true,\"valueName\":\"search_term_string\"}}],\"inLanguage\":\"it-IT\"},{\"@type\":[\"Person\",\"Organization\"],\"@id\":\"https:\\\/\\\/www.ocean4future.org\\\/savetheocean\\\/#\\\/schema\\\/person\\\/4e1c26437054353074d7bb2efa77162c\",\"name\":\"oceandiver\",\"image\":{\"@type\":\"ImageObject\",\"inLanguage\":\"it-IT\",\"@id\":\"https:\\\/\\\/www.ocean4future.org\\\/savetheocean\\\/wp-content\\\/uploads\\\/2023\\\/04\\\/logo-ocean3.jpg\",\"url\":\"https:\\\/\\\/www.ocean4future.org\\\/savetheocean\\\/wp-content\\\/uploads\\\/2023\\\/04\\\/logo-ocean3.jpg\",\"contentUrl\":\"https:\\\/\\\/www.ocean4future.org\\\/savetheocean\\\/wp-content\\\/uploads\\\/2023\\\/04\\\/logo-ocean3.jpg\",\"width\":472,\"height\":301,\"caption\":\"oceandiver\"},\"logo\":{\"@id\":\"https:\\\/\\\/www.ocean4future.org\\\/savetheocean\\\/wp-content\\\/uploads\\\/2023\\\/04\\\/logo-ocean3.jpg\"}},{\"@type\":\"Person\",\"@id\":\"https:\\\/\\\/www.ocean4future.org\\\/savetheocean\\\/#\\\/schema\\\/person\\\/8a08efde313037c9f9b2a88bed8b962d\",\"name\":\"Fabio Vitale\",\"image\":{\"@type\":\"ImageObject\",\"inLanguage\":\"it-IT\",\"@id\":\"https:\\\/\\\/secure.gravatar.com\\\/avatar\\\/ea35a1a8cb56af7feb72ab8d2f6882af56a1eb7c63d7ab9227275f6d69654f71?s=96&d=mm&r=g\",\"url\":\"https:\\\/\\\/secure.gravatar.com\\\/avatar\\\/ea35a1a8cb56af7feb72ab8d2f6882af56a1eb7c63d7ab9227275f6d69654f71?s=96&d=mm&r=g\",\"contentUrl\":\"https:\\\/\\\/secure.gravatar.com\\\/avatar\\\/ea35a1a8cb56af7feb72ab8d2f6882af56a1eb7c63d7ab9227275f6d69654f71?s=96&d=mm&r=g\",\"caption\":\"Fabio Vitale\"},\"description\":\"storico della subacquea tra i pi\u00f9 importanti in Italia. Ha partecipato come esperto a numerose trasmissioni televisive tra cui lo speciale sui palombari di Alberto Angeli. E' Presidente della Historical diving society e autore di numerosi libri sulla subacquea e sui suoi protagonisti\",\"sameAs\":[\"https:\\\/\\\/www.facebook.com\\\/fabio.vitale.393\"],\"url\":\"https:\\\/\\\/www.ocean4future.org\\\/savetheocean\\\/archives\\\/author\\\/proteo1962\"}]}<\/script>\n<!-- \/ Yoast SEO plugin. -->","yoast_head_json":{"title":"I palombari della Regia Marina e le procedure d\u2019immersione nella seconda met\u00e0 dell\u2019Ottocento e primi anni del Novecento \u2013 III Parte &#8226; OCEAN4FUTURE autore","robots":{"index":"index","follow":"follow","max-snippet":"max-snippet:-1","max-image-preview":"max-image-preview:large","max-video-preview":"max-video-preview:-1"},"canonical":"https:\/\/www.ocean4future.org\/savetheocean\/archives\/8449","og_locale":"it_IT","og_type":"article","og_title":"I palombari della Regia Marina e le procedure d\u2019immersione nella seconda met\u00e0 dell\u2019Ottocento e primi anni del Novecento \u2013 III Parte &#8226; OCEAN4FUTURE autore","og_description":"Rieccoci con la seconda parte dell\u2019articolo di Fabio Vitale sulla storia dei gloriosi palombari della Regia Marina. Nei primi anni del Novecento troviamo, nel golfo di La Spezia, la \u201cR. N. Trinacria\u201d che fa da scuola agli allievi palombari. Il corso durava circa otto\u00a0mesi ed era molto impegnativo. Dal punto di vista tecnico compare un\u2026","og_url":"https:\/\/www.ocean4future.org\/savetheocean\/archives\/8449","og_site_name":"OCEAN4FUTURE","article_author":"https:\/\/www.facebook.com\/fabio.vitale.393","article_published_time":"2018-04-29T00:35:53+00:00","article_modified_time":"2025-11-10T12:59:47+00:00","og_image":[{"width":1154,"height":768,"url":"https:\/\/www.ocean4future.org\/savetheocean\/wp-content\/uploads\/2018\/04\/palombari-RM-italiana-.jpg","type":"image\/jpeg"}],"author":"Fabio Vitale","twitter_card":"summary_large_image","twitter_creator":"@ocean4future","twitter_site":"@ocean4future","twitter_misc":{"Scritto da":"Fabio Vitale","Tempo di lettura stimato":"6 minuti"},"schema":{"@context":"https:\/\/schema.org","@graph":[{"@type":"Article","@id":"https:\/\/www.ocean4future.org\/savetheocean\/archives\/8449#article","isPartOf":{"@id":"https:\/\/www.ocean4future.org\/savetheocean\/archives\/8449"},"author":{"name":"Fabio Vitale","@id":"https:\/\/www.ocean4future.org\/savetheocean\/#\/schema\/person\/8a08efde313037c9f9b2a88bed8b962d"},"headline":"I palombari della Regia Marina e le procedure d\u2019immersione nella seconda met\u00e0 dell\u2019Ottocento e primi anni del Novecento \u2013 III Parte","datePublished":"2018-04-29T00:35:53+00:00","dateModified":"2025-11-10T12:59:47+00:00","mainEntityOfPage":{"@id":"https:\/\/www.ocean4future.org\/savetheocean\/archives\/8449"},"wordCount":892,"commentCount":0,"publisher":{"@id":"https:\/\/www.ocean4future.org\/savetheocean\/#\/schema\/person\/4e1c26437054353074d7bb2efa77162c"},"image":{"@id":"https:\/\/www.ocean4future.org\/savetheocean\/archives\/8449#primaryimage"},"thumbnailUrl":"https:\/\/www.ocean4future.org\/savetheocean\/wp-content\/uploads\/2018\/04\/palombari-RM-italiana-.jpg","keywords":["palombari","Regia marina italiana"],"articleSection":["Storia della subacquea"],"inLanguage":"it-IT","potentialAction":[{"@type":"CommentAction","name":"Comment","target":["https:\/\/www.ocean4future.org\/savetheocean\/archives\/8449#respond"]}]},{"@type":"WebPage","@id":"https:\/\/www.ocean4future.org\/savetheocean\/archives\/8449","url":"https:\/\/www.ocean4future.org\/savetheocean\/archives\/8449","name":"I palombari della Regia Marina e le procedure d\u2019immersione nella seconda met\u00e0 dell\u2019Ottocento e primi anni del Novecento \u2013 III Parte &#8226; OCEAN4FUTURE autore","isPartOf":{"@id":"https:\/\/www.ocean4future.org\/savetheocean\/#website"},"primaryImageOfPage":{"@id":"https:\/\/www.ocean4future.org\/savetheocean\/archives\/8449#primaryimage"},"image":{"@id":"https:\/\/www.ocean4future.org\/savetheocean\/archives\/8449#primaryimage"},"thumbnailUrl":"https:\/\/www.ocean4future.org\/savetheocean\/wp-content\/uploads\/2018\/04\/palombari-RM-italiana-.jpg","datePublished":"2018-04-29T00:35:53+00:00","dateModified":"2025-11-10T12:59:47+00:00","breadcrumb":{"@id":"https:\/\/www.ocean4future.org\/savetheocean\/archives\/8449#breadcrumb"},"inLanguage":"it-IT","potentialAction":[{"@type":"ReadAction","target":["https:\/\/www.ocean4future.org\/savetheocean\/archives\/8449"]}]},{"@type":"ImageObject","inLanguage":"it-IT","@id":"https:\/\/www.ocean4future.org\/savetheocean\/archives\/8449#primaryimage","url":"https:\/\/www.ocean4future.org\/savetheocean\/wp-content\/uploads\/2018\/04\/palombari-RM-italiana-.jpg","contentUrl":"https:\/\/www.ocean4future.org\/savetheocean\/wp-content\/uploads\/2018\/04\/palombari-RM-italiana-.jpg","width":1154,"height":768},{"@type":"BreadcrumbList","@id":"https:\/\/www.ocean4future.org\/savetheocean\/archives\/8449#breadcrumb","itemListElement":[{"@type":"ListItem","position":1,"name":"Home","item":"https:\/\/www.ocean4future.org\/savetheocean"},{"@type":"ListItem","position":2,"name":"I palombari della Regia Marina e le procedure d\u2019immersione nella seconda met\u00e0 dell\u2019Ottocento e primi anni del Novecento \u2013 III Parte"}]},{"@type":"WebSite","@id":"https:\/\/www.ocean4future.org\/savetheocean\/#website","url":"https:\/\/www.ocean4future.org\/savetheocean\/","name":"Ocean 4 Future","description":"Per una nuova cultura del mare e della marittimit\u00e0","publisher":{"@id":"https:\/\/www.ocean4future.org\/savetheocean\/#\/schema\/person\/4e1c26437054353074d7bb2efa77162c"},"potentialAction":[{"@type":"SearchAction","target":{"@type":"EntryPoint","urlTemplate":"https:\/\/www.ocean4future.org\/savetheocean\/?s={search_term_string}"},"query-input":{"@type":"PropertyValueSpecification","valueRequired":true,"valueName":"search_term_string"}}],"inLanguage":"it-IT"},{"@type":["Person","Organization"],"@id":"https:\/\/www.ocean4future.org\/savetheocean\/#\/schema\/person\/4e1c26437054353074d7bb2efa77162c","name":"oceandiver","image":{"@type":"ImageObject","inLanguage":"it-IT","@id":"https:\/\/www.ocean4future.org\/savetheocean\/wp-content\/uploads\/2023\/04\/logo-ocean3.jpg","url":"https:\/\/www.ocean4future.org\/savetheocean\/wp-content\/uploads\/2023\/04\/logo-ocean3.jpg","contentUrl":"https:\/\/www.ocean4future.org\/savetheocean\/wp-content\/uploads\/2023\/04\/logo-ocean3.jpg","width":472,"height":301,"caption":"oceandiver"},"logo":{"@id":"https:\/\/www.ocean4future.org\/savetheocean\/wp-content\/uploads\/2023\/04\/logo-ocean3.jpg"}},{"@type":"Person","@id":"https:\/\/www.ocean4future.org\/savetheocean\/#\/schema\/person\/8a08efde313037c9f9b2a88bed8b962d","name":"Fabio Vitale","image":{"@type":"ImageObject","inLanguage":"it-IT","@id":"https:\/\/secure.gravatar.com\/avatar\/ea35a1a8cb56af7feb72ab8d2f6882af56a1eb7c63d7ab9227275f6d69654f71?s=96&d=mm&r=g","url":"https:\/\/secure.gravatar.com\/avatar\/ea35a1a8cb56af7feb72ab8d2f6882af56a1eb7c63d7ab9227275f6d69654f71?s=96&d=mm&r=g","contentUrl":"https:\/\/secure.gravatar.com\/avatar\/ea35a1a8cb56af7feb72ab8d2f6882af56a1eb7c63d7ab9227275f6d69654f71?s=96&d=mm&r=g","caption":"Fabio Vitale"},"description":"storico della subacquea tra i pi\u00f9 importanti in Italia. Ha partecipato come esperto a numerose trasmissioni televisive tra cui lo speciale sui palombari di Alberto Angeli. E' Presidente della Historical diving society e autore di numerosi libri sulla subacquea e sui suoi protagonisti","sameAs":["https:\/\/www.facebook.com\/fabio.vitale.393"],"url":"https:\/\/www.ocean4future.org\/savetheocean\/archives\/author\/proteo1962"}]}},"_links":{"self":[{"href":"https:\/\/www.ocean4future.org\/savetheocean\/wp-json\/wp\/v2\/posts\/8449","targetHints":{"allow":["GET"]}}],"collection":[{"href":"https:\/\/www.ocean4future.org\/savetheocean\/wp-json\/wp\/v2\/posts"}],"about":[{"href":"https:\/\/www.ocean4future.org\/savetheocean\/wp-json\/wp\/v2\/types\/post"}],"author":[{"embeddable":true,"href":"https:\/\/www.ocean4future.org\/savetheocean\/wp-json\/wp\/v2\/users\/78"}],"replies":[{"embeddable":true,"href":"https:\/\/www.ocean4future.org\/savetheocean\/wp-json\/wp\/v2\/comments?post=8449"}],"version-history":[{"count":0,"href":"https:\/\/www.ocean4future.org\/savetheocean\/wp-json\/wp\/v2\/posts\/8449\/revisions"}],"wp:featuredmedia":[{"embeddable":true,"href":"https:\/\/www.ocean4future.org\/savetheocean\/wp-json\/wp\/v2\/media\/42015"}],"wp:attachment":[{"href":"https:\/\/www.ocean4future.org\/savetheocean\/wp-json\/wp\/v2\/media?parent=8449"}],"wp:term":[{"taxonomy":"category","embeddable":true,"href":"https:\/\/www.ocean4future.org\/savetheocean\/wp-json\/wp\/v2\/categories?post=8449"},{"taxonomy":"post_tag","embeddable":true,"href":"https:\/\/www.ocean4future.org\/savetheocean\/wp-json\/wp\/v2\/tags?post=8449"}],"curies":[{"name":"wp","href":"https:\/\/api.w.org\/{rel}","templated":true}]}}