{"id":81857,"date":"2023-02-06T00:01:15","date_gmt":"2023-02-05T23:01:15","guid":{"rendered":"http:\/\/www.ocean4future.org\/savetheocean\/?p=81857"},"modified":"2024-09-21T23:16:33","modified_gmt":"2024-09-21T21:16:33","slug":"81857","status":"publish","type":"post","link":"https:\/\/www.ocean4future.org\/savetheocean\/archives\/81857","title":{"rendered":"Il Wanikan-Ryu Karate, uno stile nato per i marinai &#8211; parte I"},"content":{"rendered":"<span class=\"span-reading-time rt-reading-time\" style=\"display: block;\"><span class=\"rt-label rt-prefix\">tempo di lettura: <\/span> <span class=\"rt-time\"> 6<\/span> <span class=\"rt-label rt-postfix\">minuti<\/span><\/span><p><span style=\"color: #ffffff;\">.<\/span><\/p>\n<a class=\"maxbutton-4 maxbutton maxbutton-livello-di-comprensione\" href=\"javascript:void(0);\"><span class='mb-text'>livello elementare<\/span><\/a>\n<p><span style=\"color: #ffffff;\">.<\/span><\/p>\n<p><strong><span style=\"color: #008000;\">ARGOMENTO: MARINE MILITARI<\/span><\/strong><br \/>\n<strong><span style=\"color: #008000;\">PERIODO: XXI SECOLO<\/span><\/strong><br \/>\n<strong><span style=\"color: #008000;\">AREA: FORZE SPECIALI<\/span><\/strong><br \/>\nparole chiave: arti marziali, forze speciali<\/p>\n<p>&nbsp;<\/p>\n<p style=\"text-align: justify;\">Agli inizi del 1900 le arti marziali orientali pervennero nei Paesi occidentali grazie alle attivit\u00e0 d\u2019oltremare effettuate dalle varie marine militari operanti in Estremo Oriente, in quello che a quei tempi veniva chiamato Sud-Est Asiatico.<\/p>\n<p><img decoding=\"async\" class=\"\" src=\"https:\/\/www.ocean4future.org\/savetheocean\/wp-content\/uploads\/2023\/01\/Vesuvio-judo.gif\" alt=\"Questa immagine ha l'attributo alt vuoto; il nome del file \u00e8 Vesuvio-judo.gif\" width=\"251\" height=\"300\"><\/p>\n<p align=\"justify\"><strong><span style=\"color: #008000;\">marinai sulla regia nave Vesuvio praticano tecniche di Judo<\/span><\/strong><\/p>\n<p style=\"text-align: justify;\">Non \u00e8 quindi un caso che le prime cinture nere italiane di <strong><span style=\"color: #008000;\"><em>Judo<\/em><\/span><\/strong> (ma anche di <strong><span style=\"color: #008000;\"><em>Ju-Jitsu<\/em><\/span><\/strong>) furono dei sottufficiali della Regia Marina di stanza in Cina sulla Regia Nave Vesuvio, a Tientsin e successivamente a Shanghai, subito dopo la cosiddetta \u201c<strong><em><span style=\"color: #008000;\">Rivolta dei Boxer<\/span><\/em><\/strong>\u201d (1899); una rivolta che venne alimentata e sostenuta da molte scuole di <strong><span style=\"color: #008000;\"><em>Kung-Fu<\/em><\/span><\/strong> (pi\u00f9 propriamente di \u201c<strong><span style=\"color: #008000;\"><em>Wushu<\/em><\/span><\/strong>\u201d), impropriamente chiamate di \u201cpugili\u201d (in inglese dei \u201cboxer\u201d da cui il nome). Tra le tante cose, va ricordato che anche la prima cintura nera italiana di <strong><span style=\"color: #008000;\"><em>Karate<\/em><\/span><\/strong> fu un marinaio.<\/p>\n<table>\n<tbody>\n<tr>\n<td style=\"text-align: justify;\"><img decoding=\"async\" class=\"alignright\" src=\"https:\/\/www.ocean4future.org\/savetheocean\/wp-content\/uploads\/2023\/01\/Oletti.gif\" alt=\"Questa immagine ha l'attributo alt vuoto; il nome del file \u00e8 Oletti.gif\" width=\"575\" height=\"832\"> <span style=\"font-size: 14pt;\"><strong style=\"text-align: justify; font-family: inherit; color: #1e1e1e;\"><span style=\"color: #008000;\">Nel settembre 1907 a bordo del RN <em>Vesuvio<\/em>&nbsp;si disputarono le gare semestrali imposte dal Ministero della Marina per mantenere in allenamento gli equipaggi. La gara di&nbsp;<em>jujitsu<\/em> fu vinta dal sottocapo cannoniere Raffaele Piazzolla di Trani sul cannoniere scelto&nbsp;Carlo Oletti, diciannovenne torinese destinato per\u00f2 a lasciare un segno profondo nella storia della disciplina in Italia.&nbsp;Favorevolmente impressionato dagli \u00abesercizi di scherma di bastone in vigore sulle navi giapponesi\u00bb, nel settembre 1907 il comandante del <em>Vesuvio<\/em> Eugenio Bollati introdusse a bordo anche un corso di <em>kenjitsu<\/em> (\u00abarte della spada\u00bb) che riteneva \u00ab<em>utilissimo, col jujitsu, per sviluppare l\u2019ardire e la forza dei nostri equipaggi<\/em>\u00bb. S<span style=\"font-family: inherit;\">ul finire del 1921, sempre un marinaio, il capo cannoniere di prima classe <\/span><em>Carlo&nbsp;<span class=\"SpellE\">Oletti,<\/span><\/em><span style=\"font-family: inherit;\">&nbsp;fu chiamato a dirigere i corsi di <\/span><i style=\"font-family: inherit; font-weight: inherit;\">jujitsu<\/i><span style=\"font-family: inherit;\"> introdotti alla Scuola Centrale Militare&nbsp;<\/span><span class=\"GramE\" style=\"font-family: inherit;\">di&nbsp;<\/span><span style=\"font-family: inherit;\">Educazione Fisica a Roma.<\/span><\/span><\/strong><\/span><\/td>\n<\/tr>\n<\/tbody>\n<\/table>\n<p style=\"text-align: justify;\">Esiste tuttora un legame tra le varie marine militari e lo sviluppo, nel loro ambito, di determinati \u201c<strong><span style=\"color: #008000;\">Stili<\/span><\/strong>\u201d o <strong><span style=\"color: #008000;\">\u201cSistemi di Combattimento Militari<\/span><\/strong>\u201d particolarmente idonei per essere impiegati in ambienti angusti, limitati e ristretti come possono essere le strutture di una nave o in quelle situazioni operative in cui possono essere coinvolti, a vario titolo, dei reparti di Marina. <strong><span style=\"color: #008000;\">In tale ambito si pu\u00f2 citare un particolare e poco conosciuto stile di Karate, il <em>Wanikan-Ryu<\/em>, costituito per uno specifico impiego \u201cnavale\u201d.&nbsp;<\/span><\/strong><\/p>\n<p><img decoding=\"async\" src=\"https:\/\/www.ocean4future.org\/savetheocean\/wp-content\/uploads\/2023\/01\/15-1024x1024.jpg\" alt=\"Questa immagine ha l'attributo alt vuoto; il nome del file \u00e8 15-1024x1024.jpg\" width=\"1024\" height=\"1024\"><\/p>\n<p align=\"justify\"><strong><span style=\"color: #008000;\">Wani. Alligatore, ma anche dragone marino, della tradizione giapponese<\/span><\/strong><\/p>\n<p style=\"text-align: justify;\"><span style=\"font-size: 18pt;\"><strong><span style=\"color: #008000;\">Per comprenderne appieno le sfaccettature \u00e8 opportuno fare diverse considerazioni<\/span><\/strong><\/span><br \/>\nIn termini generali, chiunque abbia studiato e praticato una disciplina di combattimento, ha chiaramente in mente il fatto che ognuna ha una sua propria origine storica e culturale, ha le proprie regole etiche, i propri concetti, il proprio bagaglio di conoscenze ed esperienze tecniche.<\/p>\n<p><img decoding=\"async\" src=\"https:\/\/www.ocean4future.org\/savetheocean\/wp-content\/uploads\/2023\/02\/samurai-arrembaggio-Mokoshuraiekotoba-1024x497.jpg\" alt=\"Questa immagine ha l'attributo alt vuoto; il nome del file \u00e8 samurai-arrembaggio-Mokoshuraiekotoba-1024x497.jpg\" width=\"1024\" height=\"497\"><\/p>\n<p align=\"justify\"><strong><span style=\"color: #008000;\">Samurai giapponesi arrembano delle navi mongole nel 1281. M\u014dko Sh\u016brai Ekotoba (\u8499\u53e4\u8972\u6765\u7d75\u8a5e), 1293 circa<\/span><\/strong><\/p>\n<p style=\"text-align: justify;\">In tutto il mondo, dall\u2019antichit\u00e0 sino ai giorni nostri, in particolare tenendo presente le diversit\u00e0 tra Occidente e Oriente, gli approcci alle discipline di combattimento sono stati molto differenti, in particolare in Giappone. Molti aspetti della vita e della cultura giapponese sono infatti soggetti a regole molto severe, devono rispondere a rigorosi codici comportamentali o devono seguire strettamente delle specifiche procedure\u2026. basti pensare al<strong><span style=\"color: #008000;\"><em> Chado<\/em> <\/span><\/strong>(la cerimonia del T\u00e8), allo <strong><span style=\"color: #008000;\"><em>Shodo<\/em><\/span><\/strong> (l\u2019arte dello scrivere con il pennello sulla carta di riso), all\u2019<strong><span style=\"color: #008000;\"><em>Ikebana<\/em><\/span><\/strong> (l\u2019arte di disporre i fiori), l\u2019<strong><span style=\"color: #008000;\"><em>Origami<\/em><\/span><\/strong> (l\u2019arte di piegare la carta), al <strong><span style=\"color: #008000;\"><em>Bonsai<\/em><\/span><\/strong> (l\u2019arte di coltivare alberi in miniatura), al <strong><span style=\"color: #008000;\"><em>Karesansui<\/em><\/span><\/strong> (l\u2019arte di disporre le rocce e rastrellare il giardino Zen)\u2026. e, assolutamente non ultime, alle arti marziali giapponesi (<strong><span style=\"color: #008000;\"><em>Karate-do, Kobudo, Judo, Aikido, Kendo, Kyudo, Iaido<\/em>\u2026<\/span><\/strong>).<\/p>\n<p style=\"text-align: justify;\">Le arti marziali, come ogni altra forma di arte o disciplina, hanno i loro pilastri nelle radici della tradizione con le loro dottrine, tecniche, terminologie, comportamenti, riti e rituali, ma, contestualmente, sono soggette a continui arricchimenti, sviluppi ed interpretazioni personali che portano ad inevitabili cambiamenti. In pratica, sono anch&#8217;esse soggette ad una certa \u201cevoluzione\u201d nel tempo.<\/p>\n<p><img decoding=\"async\" src=\"https:\/\/www.ocean4future.org\/savetheocean\/wp-content\/uploads\/2023\/01\/antica-scuola-di-Karate-di-okinawa.jpeg\" alt=\"Questa immagine ha l'attributo alt vuoto; il nome del file \u00e8 antica-scuola-di-Karate-di-okinawa.jpeg\" width=\"800\" height=\"584\"><\/p>\n<p align=\"justify\"><strong><span style=\"color: #008000;\">antica scuola di Karate presso il Shuri Castle, Naha (Okinawa), <time class=\"dtstart\" dir=\"ltr\" lang=\"en\" datetime=\"1938\">1938 <\/time>&#8211; Source The Japanese book &#8220;\u7a7a\u624b\u9053\u5927\u89b3&#8221; (A Broad View of Karate-do) &#8211; Autore Nakasone Genwa <a href=\"https:\/\/commons.wikimedia.org\/wiki\/File:Karate_ShuriCastle.jpg\">karate ShuriCastle.jpg &#8211; Wikimedia Commons<\/a><\/span><\/strong><\/p>\n<p style=\"text-align: justify;\">Il <strong><span style=\"color: #008000;\">Karate<\/span><\/strong>, per esempio, ebbe le sue origini nell\u2019<strong><span style=\"color: #008000;\">isola di Okinawa<\/span><\/strong> (con appena quattro scuole ed i relativi stili) e solo successivamente, dopo l\u2019acquisizione di Okinawa (e del suo arcipelago) da parte del Giappone (1879), si svilupp\u00f2 in Giappone attraverso la creazione e lo sviluppo di ulteriori stili (pi\u00f9 o meno una quarantina). Alla fine della Seconda Guerra Mondiale, a seguito di una volont\u00e0 politica giapponese, il karate si diffuse grazie all\u2019invio o al trasferimento permanente di maestri giapponesi in tutto il mondo, fatto che consent\u00ec un notevole proliferare di stili, alcuni dei quali troppo \u201coccidentalizzati\u201d (secondo l\u2019opinione di molti \u201cpuristi\u201d) in quanto alcuni di loro abbandonarono le tradizioni ed i dogmi tecnici dei \u201cpadri fondatori\u201d delle scuole di karate.<\/p>\n<p style=\"text-align: justify;\">Attualmente nel mondo ci sono una quarantina di stili tra i pi\u00f9 autorevoli o pi\u00f9 conosciuti, a fronte di un pi\u00f9 ampio numero di circa un centinaio, se non di pi\u00f9, sviluppati in diversi ambiti.<\/p>\n<p><img decoding=\"async\" src=\"https:\/\/www.ocean4future.org\/savetheocean\/wp-content\/uploads\/2023\/01\/old_style_karate-large.jpg\" alt=\"Questa immagine ha l'attributo alt vuoto; il nome del file \u00e8 old_style_karate-large.jpg\" width=\"819\" height=\"459\"><\/p>\n<p align=\"justify\"><strong><span style=\"color: #008000;\">scuola di Karate in Giappone, 1934 <\/span><\/strong><\/p>\n<p style=\"text-align: justify;\"><span style=\"font-size: 18pt;\"><strong><span style=\"color: #008000;\">Ma quanti tipi di karate ci sono?<\/span><\/strong><\/span><br \/>\nPrima di rispondere a questa domanda, \u00e8 necessario fare alcune considerazioni in quanto, come usano sovente dire gli orientali, il karate \u00e8 come un diamante: il nucleo \u00e8 uno solo ma presenta molte facce tutto attorno. Ci sono alcuni approcci, sia di natura storica che tecnica, che aiutano a fornire una corretta cornice ad ulteriori considerazioni. Esistono infatti vari tipi di approccio iniziale che consentono di classificare il karate in modi differenti.<\/p>\n<figure style=\"width: 511px\" class=\"wp-caption alignnone\"><img decoding=\"async\" class=\"\" src=\"https:\/\/www.ocean4future.org\/savetheocean\/wp-content\/uploads\/2023\/02\/EnshinSabaki.jpg\" alt=\"Questa immagine ha l'attributo alt vuoto; il nome del file \u00e8 EnshinSabaki.jpg\" width=\"511\" height=\"525\"><figcaption class=\"wp-caption-text\">h<span style=\"color: #008000;\"><strong>ttps:\/\/commons.wikimedia.org\/wiki\/File:EnshinSabaki.jpg<\/strong><\/span><\/figcaption><\/figure>\n<p style=\"text-align: justify;\">Si pu\u00f2 procedere a delle classificazioni in base:<br \/>\nalle finalit\u00e0 marziali (concetti di <strong><span style=\"color: #008000;\"><em>Bugei<\/em>, <em>Budo e Kakugi<\/em><\/span><\/strong>);<br \/>\nalle antiche origini (correnti <strong><span style=\"color: #008000;\"><em>Shorin<\/em><\/span><\/strong> e <strong><span style=\"color: #008000;\"><em>Shorei<\/em><\/span><\/strong>),<br \/>\nalle radici tecniche (scuole e stili del <strong><span style=\"color: #008000;\"><em>Karate di Okinawa <\/em><\/span><\/strong>e del <strong><span style=\"color: #008000;\"><em>Karate Giapponese<\/em><\/span><\/strong>);<br \/>\nall\u2019addestramento tecnico ed alle regole di combattimento (<strong><span style=\"color: #008000;\"><em>Karate Tradizionale<\/em> e <em>Karate Moderno<\/em><\/span><\/strong>).<\/p>\n<p style=\"text-align: justify;\">Come \u00e8 ben noto, ognuno degli argomenti citati ha una portata enciclopedica ed \u00e8 impensabile poterne fare una sintesi in poche righe ed \u00e8 quindi necessario un approccio abbastanza pragmatico, che non deve essere ritenuto per questo motivo superficiale. Ritengo opportuno evidenziare che gli argomenti che tratterr\u00f2 sono da sempre stati sorgente di grandi dibattiti, di accese discussioni, sia tra gli storici che tra gli studiosi della materia nonch\u00e9 tra i maestri ed i praticanti di arti marziali (a tutti i livelli).<\/p>\n<p style=\"text-align: justify;\"><span style=\"font-size: 18pt;\"><strong><span style=\"color: #008000;\">Concetti di<em> Bugei<\/em>, <em>Budo<\/em> and <\/span><\/strong><\/span><em><span style=\"font-size: 18pt;\"><strong><span style=\"color: #008000;\">Kak<\/span><\/strong><\/span><\/em><em><span style=\"font-size: 18pt;\"><strong><span style=\"color: #008000;\">ugi<\/span><\/strong><\/span><br \/>\n<\/em>Sono i concetti con i quali una arte marziale viene classificata in relazione alla sua <strong><span style=\"color: #008000;\">finalit\u00e0 marziale<\/span><\/strong>:<em><br \/>\n<strong><span style=\"color: #008000;\">Bugei<\/span><\/strong><\/em> rappresenta la pratica di un\u2019arte marziale per acquisire capacit\u00e0 offensive e letali per il combattimento bellico, ovvero per sviluppare una disciplina per il campo di battaglia;<\/p>\n<p style=\"text-align: justify;\"><strong><span style=\"color: #008000;\"><em>Budo<\/em> <\/span><\/strong>\u00e8 la pratica di una arte marziale per raggiungere, per quanto possibile, la perfezione di un proprio equilibrio interiore attraverso una rigorosa disciplina, duro addestramento e condizionamento fisico, al fine di diventare una persona migliore e pi\u00f9 forte;<\/p>\n<p style=\"text-align: justify;\"><strong><span style=\"color: #008000;\"><em>Kakugi<\/em><\/span><\/strong> \u00e8 un concetto molto pi\u00f9 recente e rappresenta la pratica di una arte marziale<strong><span style=\"color: #008000;\"> solo ed esclusivamente per finalit\u00e0 sportive<\/span><\/strong>.<\/p>\n<p style=\"text-align: justify;\"><span style=\"font-size: 18pt; color: #008000;\"><strong>Correnti <em>Shorin<\/em> e <\/strong><\/span><em><span style=\"font-size: 18pt; color: #008000;\"><strong>Shorei<\/strong><\/span><br \/>\n<\/em>Queste due antiche correnti rappresentano probabilmente le origini di due grandi scuole cinesi, gi\u00e0 sintesi di molte altre forme di combattimento, che pervennero sull\u2019isola di Okinawa e contribuirono alla creazione di due differenti tipologie di insegnamento e di pratica del karate (con le rispettive scuole e stili):<br \/>\nlo <strong><span style=\"color: #008000;\"><em>Shorin-Ryu (vedi video)<\/em><\/span><\/strong>, da cui nacquero tutti quei stili di karate che privilegiavano l\u2019agilit\u00e0 e la velocit\u00e0 e lo <strong><span style=\"color: #008000;\"><em>Shorei-Ryu<\/em><\/span><\/strong>, da cui nacquero quelli che privilegiavano invece la forza fisica e la potenza muscolare.<\/p>\n<div class=\"lyte-wrapper fourthree\" style=\"width:420px;max-width:100%;margin:5px;\"><div class=\"lyMe\" id=\"WYL_3ynzZzFw-7M\"><div id=\"lyte_3ynzZzFw-7M\" data-src=\"\/\/i.ytimg.com\/vi\/3ynzZzFw-7M\/hqdefault.jpg\" class=\"pL\"><div class=\"tC\"><div class=\"tT\"><\/div><\/div><div class=\"play\"><\/div><div class=\"ctrl\"><div class=\"Lctrl\"><\/div><div class=\"Rctrl\"><\/div><\/div><\/div><noscript><a href=\"https:\/\/youtu.be\/3ynzZzFw-7M\" rel=\"nofollow\"><img decoding=\"async\" src=\"https:\/\/i.ytimg.com\/vi\/3ynzZzFw-7M\/0.jpg\" alt=\"YouTube video thumbnail\" width=\"420\" height=\"295\" \/><br \/>Guarda questo video su YouTube<\/a><\/noscript><\/div><\/div><div class=\"lL\" style=\"max-width:100%;width:420px;margin:5px;\"><\/div><\/p>\n<p style=\"text-align: justify;\">In realt\u00e0, tutti gli stili di karate presentano sempre una armonica fusione di agilit\u00e0, velocit\u00e0, equilibrio, forza, potenza \u2026 e molto altro ancora!<\/p>\n<p><img decoding=\"async\" class=\"\" src=\"https:\/\/www.ocean4future.org\/savetheocean\/wp-content\/uploads\/2023\/02\/Okinawa_Tiijutsu.jpg\" alt=\"Questa immagine ha l'attributo alt vuoto; il nome del file \u00e8 Okinawa_Tiijutsu.jpg\" width=\"839\" height=\"798\"><\/p>\n<p align=\"justify\"><span style=\"color: #008000;\"><strong>S<\/strong><strong><span style=\"color: #008000;\">horinjiryu<\/span> Kenpo Karate<br \/>\n<a href=\"https:\/\/commons.wikimedia.org\/wiki\/File:Okinawa_Tiijutsu.jpg\">Okinawa Tiijutsu.jpg &#8211; Wikimedia Commons<\/a><\/strong><\/span><\/p>\n<p style=\"text-align: justify;\"><span style=\"font-size: 18pt;\"><strong><span style=\"color: #008000;\"><em>Karate di Okinawa<\/em> e <\/span><\/strong><\/span><em><span style=\"font-size: 18pt;\"><strong><span style=\"color: #008000;\">Karate giapponese<\/span><\/strong><\/span><br \/>\n<\/em>Sebbene l\u2019isola di Okinawa sia giapponese da pi\u00f9 di un secolo, rimangono tuttora molte differenze tra il <strong><span style=\"color: #008000;\">karate di Okinawa<\/span><\/strong> e quello <strong><span style=\"color: #008000;\">giapponese<\/span><\/strong>. Tutte queste diversit\u00e0 hanno fortemente influenzato le scuole e gli stili discendenti, che riguardano quasi tutti gli aspetti del karate:<br \/>\nil condizionamento fisico;<br \/>\nle \u201cpratiche base tradizionali\u201d (<strong><span style=\"color: #008000;\"><em>kihon<\/em><\/span><\/strong>);<br \/>\ni movimenti del corpo:<br \/>\nl\u2019addestramento;<br \/>\nle \u201cforme tradizionali\u201d (<strong><span style=\"color: #008000;\"><em>kata<\/em><\/span><\/strong>);<br \/>\ni tipi di respirazione:<br \/>\nlo sviluppo della potenza:<br \/>\nle tecniche di combattimento (<strong><span style=\"color: #008000;\"><em>kumite<\/em><\/span><\/strong>):<br \/>\nla terminologia:<br \/>\ne le tattiche di combattimento.<\/p>\n<p style=\"text-align: justify;\">Li vedremo pi\u00f9 approfonditamente nella seconda parte.<\/p>\n<p style=\"text-align: justify;\"><span style=\"color: #008000;\"><strong>Fine parte I&nbsp; &#8211; continua<\/strong><\/span><\/p>\n<p><strong><span style=\"color: #008000;\">Marco Bandioli<\/span><\/strong><\/p>\n<p>&nbsp;<\/p>\n<p style=\"text-align: justify;\">Alcune delle foto presenti in questo blog possono essere state prese dal web, citandone ove possibile gli autori e\/o le fonti. Se qualcuno desiderasse specificarne l\u2019autore o rimuoverle, pu\u00f2 scrivere a infoocean4future@gmail.com e provvederemo immediatamente alla correzione dell\u2019articolo<\/p>\n<p>&nbsp;<\/p>\n<a class=\"maxbutton-3 maxbutton maxbutton-pagina-principale\" target=\"_blank\" title=\"tooltip\" rel=\"nofollow noopener\" href=\"http:\/\/www.ocean4future.org\"><span class='mb-text'>PAGINA PRINCIPALE<\/span><\/a>\n<p>&nbsp;<\/p>\n<p><a class=\"maxbutton-13 maxbutton maxbutton-parte-i\" target=\"_blank\" title=\" tooltip\" rel=\"nofollow noopener\" href=\"https:\/\/www.ocean4future.org\/savetheocean\/archives\/81857\"><span class='mb-text'>PARTE I<\/span><\/a> <a class=\"maxbutton-14 maxbutton maxbutton-parte-ii\" target=\"_blank\" title=\" tooltip\" rel=\"nofollow noopener\" href=\"https:\/\/www.ocean4future.org\/savetheocean\/archives\/81863\"><span class='mb-text'>PARTE II<\/span><\/a><\/p>\n<p>&nbsp;<\/p>\n<p>&nbsp;<\/p>\n","protected":false},"excerpt":{"rendered":"<p><span class=\"span-reading-time rt-reading-time\" style=\"display: block;\"><span class=\"rt-label rt-prefix\">tempo di lettura: <\/span> <span class=\"rt-time\"> 6<\/span> <span class=\"rt-label rt-postfix\">minuti<\/span><\/span>. . ARGOMENTO: MARINE MILITARI PERIODO: XXI SECOLO AREA: FORZE SPECIALI parole chiave: arti marziali, forze speciali &nbsp; Agli inizi del 1900 le arti marziali orientali pervennero nei Paesi occidentali grazie alle attivit\u00e0 d\u2019oltremare effettuate dalle varie marine militari operanti in Estremo Oriente, in quello che a quei tempi veniva chiamato Sud-Est Asiatico. marinai sulla [&hellip;]<\/p>\n","protected":false},"author":2406,"featured_media":109998,"comment_status":"open","ping_status":"open","sticky":false,"template":"","format":"standard","meta":{"_acf_changed":false,"_monsterinsights_skip_tracking":false,"_monsterinsights_sitenote_active":false,"_monsterinsights_sitenote_note":"","_monsterinsights_sitenote_category":0,"footnotes":""},"categories":[1360],"tags":[],"class_list":["post-81857","post","type-post","status-publish","format-standard","has-post-thumbnail","hentry","category-marine-militari"],"acf":[],"yoast_head":"<!-- This site is optimized with the Yoast SEO plugin v27.4 - https:\/\/yoast.com\/product\/yoast-seo-wordpress\/ -->\n<title>Il Wanikan-Ryu Karate, uno stile nato per i marinai - parte I &#8226; OCEAN4FUTURE autore<\/title>\n<meta name=\"robots\" content=\"index, follow, max-snippet:-1, max-image-preview:large, max-video-preview:-1\" \/>\n<link rel=\"canonical\" href=\"https:\/\/www.ocean4future.org\/savetheocean\/archives\/81857\" \/>\n<meta property=\"og:locale\" content=\"it_IT\" \/>\n<meta property=\"og:type\" content=\"article\" \/>\n<meta property=\"og:title\" content=\"Il Wanikan-Ryu Karate, uno stile nato per i marinai - parte I &#8226; OCEAN4FUTURE autore\" \/>\n<meta property=\"og:description\" content=\"tempo di lettura:  6 minuti. . ARGOMENTO: MARINE MILITARI PERIODO: XXI SECOLO AREA: FORZE SPECIALI parole chiave: arti marziali, forze speciali &nbsp; Agli inizi del 1900 le arti marziali orientali pervennero nei Paesi occidentali grazie alle attivit\u00e0 d\u2019oltremare effettuate dalle varie marine militari operanti in Estremo Oriente, in quello che a quei tempi veniva chiamato Sud-Est Asiatico. marinai sulla [&hellip;]\" \/>\n<meta property=\"og:url\" content=\"https:\/\/www.ocean4future.org\/savetheocean\/archives\/81857\" \/>\n<meta property=\"og:site_name\" content=\"OCEAN4FUTURE\" \/>\n<meta property=\"article:published_time\" content=\"2023-02-05T23:01:15+00:00\" \/>\n<meta property=\"article:modified_time\" content=\"2024-09-21T21:16:33+00:00\" \/>\n<meta property=\"og:image\" content=\"https:\/\/www.ocean4future.org\/savetheocean\/wp-content\/uploads\/2023\/02\/Okinawa_Tiijutsu.jpg\" \/>\n\t<meta property=\"og:image:width\" content=\"640\" \/>\n\t<meta property=\"og:image:height\" content=\"609\" \/>\n\t<meta property=\"og:image:type\" content=\"image\/jpeg\" \/>\n<meta name=\"author\" content=\"Marco Bandioli\" \/>\n<meta name=\"twitter:card\" content=\"summary_large_image\" \/>\n<meta name=\"twitter:creator\" content=\"@ocean4future\" \/>\n<meta name=\"twitter:site\" content=\"@ocean4future\" \/>\n<meta name=\"twitter:label1\" content=\"Scritto da\" \/>\n\t<meta name=\"twitter:data1\" content=\"Marco Bandioli\" \/>\n\t<meta name=\"twitter:label2\" content=\"Tempo di lettura stimato\" \/>\n\t<meta name=\"twitter:data2\" content=\"10 minuti\" \/>\n<script type=\"application\/ld+json\" class=\"yoast-schema-graph\">{\"@context\":\"https:\\\/\\\/schema.org\",\"@graph\":[{\"@type\":\"Article\",\"@id\":\"https:\\\/\\\/www.ocean4future.org\\\/savetheocean\\\/archives\\\/81857#article\",\"isPartOf\":{\"@id\":\"https:\\\/\\\/www.ocean4future.org\\\/savetheocean\\\/archives\\\/81857\"},\"author\":{\"name\":\"Marco Bandioli\",\"@id\":\"https:\\\/\\\/www.ocean4future.org\\\/savetheocean\\\/#\\\/schema\\\/person\\\/44ef0b74c7933d65269aed7dfe5fd3cf\"},\"headline\":\"Il Wanikan-Ryu Karate, uno stile nato per i marinai &#8211; parte I\",\"datePublished\":\"2023-02-05T23:01:15+00:00\",\"dateModified\":\"2024-09-21T21:16:33+00:00\",\"mainEntityOfPage\":{\"@id\":\"https:\\\/\\\/www.ocean4future.org\\\/savetheocean\\\/archives\\\/81857\"},\"wordCount\":1501,\"commentCount\":0,\"publisher\":{\"@id\":\"https:\\\/\\\/www.ocean4future.org\\\/savetheocean\\\/#\\\/schema\\\/person\\\/4e1c26437054353074d7bb2efa77162c\"},\"image\":{\"@id\":\"https:\\\/\\\/www.ocean4future.org\\\/savetheocean\\\/archives\\\/81857#primaryimage\"},\"thumbnailUrl\":\"https:\\\/\\\/www.ocean4future.org\\\/savetheocean\\\/wp-content\\\/uploads\\\/2023\\\/02\\\/Okinawa_Tiijutsu.jpg\",\"articleSection\":[\"Marine militari\"],\"inLanguage\":\"it-IT\",\"potentialAction\":[{\"@type\":\"CommentAction\",\"name\":\"Comment\",\"target\":[\"https:\\\/\\\/www.ocean4future.org\\\/savetheocean\\\/archives\\\/81857#respond\"]}]},{\"@type\":\"WebPage\",\"@id\":\"https:\\\/\\\/www.ocean4future.org\\\/savetheocean\\\/archives\\\/81857\",\"url\":\"https:\\\/\\\/www.ocean4future.org\\\/savetheocean\\\/archives\\\/81857\",\"name\":\"Il Wanikan-Ryu Karate, uno stile nato per i marinai - parte I &#8226; OCEAN4FUTURE autore\",\"isPartOf\":{\"@id\":\"https:\\\/\\\/www.ocean4future.org\\\/savetheocean\\\/#website\"},\"primaryImageOfPage\":{\"@id\":\"https:\\\/\\\/www.ocean4future.org\\\/savetheocean\\\/archives\\\/81857#primaryimage\"},\"image\":{\"@id\":\"https:\\\/\\\/www.ocean4future.org\\\/savetheocean\\\/archives\\\/81857#primaryimage\"},\"thumbnailUrl\":\"https:\\\/\\\/www.ocean4future.org\\\/savetheocean\\\/wp-content\\\/uploads\\\/2023\\\/02\\\/Okinawa_Tiijutsu.jpg\",\"datePublished\":\"2023-02-05T23:01:15+00:00\",\"dateModified\":\"2024-09-21T21:16:33+00:00\",\"breadcrumb\":{\"@id\":\"https:\\\/\\\/www.ocean4future.org\\\/savetheocean\\\/archives\\\/81857#breadcrumb\"},\"inLanguage\":\"it-IT\",\"potentialAction\":[{\"@type\":\"ReadAction\",\"target\":[\"https:\\\/\\\/www.ocean4future.org\\\/savetheocean\\\/archives\\\/81857\"]}]},{\"@type\":\"ImageObject\",\"inLanguage\":\"it-IT\",\"@id\":\"https:\\\/\\\/www.ocean4future.org\\\/savetheocean\\\/archives\\\/81857#primaryimage\",\"url\":\"https:\\\/\\\/www.ocean4future.org\\\/savetheocean\\\/wp-content\\\/uploads\\\/2023\\\/02\\\/Okinawa_Tiijutsu.jpg\",\"contentUrl\":\"https:\\\/\\\/www.ocean4future.org\\\/savetheocean\\\/wp-content\\\/uploads\\\/2023\\\/02\\\/Okinawa_Tiijutsu.jpg\",\"width\":640,\"height\":609},{\"@type\":\"BreadcrumbList\",\"@id\":\"https:\\\/\\\/www.ocean4future.org\\\/savetheocean\\\/archives\\\/81857#breadcrumb\",\"itemListElement\":[{\"@type\":\"ListItem\",\"position\":1,\"name\":\"Home\",\"item\":\"https:\\\/\\\/www.ocean4future.org\\\/savetheocean\"},{\"@type\":\"ListItem\",\"position\":2,\"name\":\"Il Wanikan-Ryu Karate, uno stile nato per i marinai &#8211; parte I\"}]},{\"@type\":\"WebSite\",\"@id\":\"https:\\\/\\\/www.ocean4future.org\\\/savetheocean\\\/#website\",\"url\":\"https:\\\/\\\/www.ocean4future.org\\\/savetheocean\\\/\",\"name\":\"Ocean 4 Future\",\"description\":\"Per una nuova cultura del mare e della marittimit\u00e0\",\"publisher\":{\"@id\":\"https:\\\/\\\/www.ocean4future.org\\\/savetheocean\\\/#\\\/schema\\\/person\\\/4e1c26437054353074d7bb2efa77162c\"},\"potentialAction\":[{\"@type\":\"SearchAction\",\"target\":{\"@type\":\"EntryPoint\",\"urlTemplate\":\"https:\\\/\\\/www.ocean4future.org\\\/savetheocean\\\/?s={search_term_string}\"},\"query-input\":{\"@type\":\"PropertyValueSpecification\",\"valueRequired\":true,\"valueName\":\"search_term_string\"}}],\"inLanguage\":\"it-IT\"},{\"@type\":[\"Person\",\"Organization\"],\"@id\":\"https:\\\/\\\/www.ocean4future.org\\\/savetheocean\\\/#\\\/schema\\\/person\\\/4e1c26437054353074d7bb2efa77162c\",\"name\":\"oceandiver\",\"image\":{\"@type\":\"ImageObject\",\"inLanguage\":\"it-IT\",\"@id\":\"https:\\\/\\\/www.ocean4future.org\\\/savetheocean\\\/wp-content\\\/uploads\\\/2023\\\/04\\\/logo-ocean3.jpg\",\"url\":\"https:\\\/\\\/www.ocean4future.org\\\/savetheocean\\\/wp-content\\\/uploads\\\/2023\\\/04\\\/logo-ocean3.jpg\",\"contentUrl\":\"https:\\\/\\\/www.ocean4future.org\\\/savetheocean\\\/wp-content\\\/uploads\\\/2023\\\/04\\\/logo-ocean3.jpg\",\"width\":472,\"height\":301,\"caption\":\"oceandiver\"},\"logo\":{\"@id\":\"https:\\\/\\\/www.ocean4future.org\\\/savetheocean\\\/wp-content\\\/uploads\\\/2023\\\/04\\\/logo-ocean3.jpg\"}},{\"@type\":\"Person\",\"@id\":\"https:\\\/\\\/www.ocean4future.org\\\/savetheocean\\\/#\\\/schema\\\/person\\\/44ef0b74c7933d65269aed7dfe5fd3cf\",\"name\":\"Marco Bandioli\",\"image\":{\"@type\":\"ImageObject\",\"inLanguage\":\"it-IT\",\"@id\":\"https:\\\/\\\/secure.gravatar.com\\\/avatar\\\/286230a73ba09e984dc4ddde4c3b064831f6594da8f7c711e79e31f4f4c3efc0?s=96&d=mm&r=g\",\"url\":\"https:\\\/\\\/secure.gravatar.com\\\/avatar\\\/286230a73ba09e984dc4ddde4c3b064831f6594da8f7c711e79e31f4f4c3efc0?s=96&d=mm&r=g\",\"contentUrl\":\"https:\\\/\\\/secure.gravatar.com\\\/avatar\\\/286230a73ba09e984dc4ddde4c3b064831f6594da8f7c711e79e31f4f4c3efc0?s=96&d=mm&r=g\",\"caption\":\"Marco Bandioli\"},\"description\":\"ufficiale ammiraglio della riserva della Marina Militare italiana ha al suo attivo lunghi periodi di imbarco nei quali ha partecipato ad operazioni navali, anfibie e di sicurezza marittima, sia in contesti nazionali che multinazionali e\\\/o NATO. Ha comandato tre unit\u00e0 navali in piena attivit\u00e0 operativa ed \u00e8 stato anche impiegato in ambito Interforze nonch\u00e9 nello staff alle dirette dipendenze del Ministro della Difesa. Ha scritto un manuale di \u201cGuerra anfibia\u201d ad uso dell\u2019Accademia Navale e per la casa editrice IBN un manuale operativo per la difesa antiterrorismo dei porti. Inoltre \u00e8 autore di numerosi articoli, sia a livello strategico che tattico, per diverse riviste di settore, sia istituzionali che di normale divulgazione. In qualit\u00e0 di cintura nera 5\u00b0Dan di karate, e specialista in tecniche di combattimento militare, scrive periodicamente articoli per una organizzazione internazionale di arti marziali\",\"url\":\"https:\\\/\\\/www.ocean4future.org\\\/savetheocean\\\/archives\\\/author\\\/marco-bandioli\"}]}<\/script>\n<!-- \/ Yoast SEO plugin. -->","yoast_head_json":{"title":"Il Wanikan-Ryu Karate, uno stile nato per i marinai - parte I &#8226; OCEAN4FUTURE autore","robots":{"index":"index","follow":"follow","max-snippet":"max-snippet:-1","max-image-preview":"max-image-preview:large","max-video-preview":"max-video-preview:-1"},"canonical":"https:\/\/www.ocean4future.org\/savetheocean\/archives\/81857","og_locale":"it_IT","og_type":"article","og_title":"Il Wanikan-Ryu Karate, uno stile nato per i marinai - parte I &#8226; OCEAN4FUTURE autore","og_description":"tempo di lettura:  6 minuti. . ARGOMENTO: MARINE MILITARI PERIODO: XXI SECOLO AREA: FORZE SPECIALI parole chiave: arti marziali, forze speciali &nbsp; Agli inizi del 1900 le arti marziali orientali pervennero nei Paesi occidentali grazie alle attivit\u00e0 d\u2019oltremare effettuate dalle varie marine militari operanti in Estremo Oriente, in quello che a quei tempi veniva chiamato Sud-Est Asiatico. marinai sulla [&hellip;]","og_url":"https:\/\/www.ocean4future.org\/savetheocean\/archives\/81857","og_site_name":"OCEAN4FUTURE","article_published_time":"2023-02-05T23:01:15+00:00","article_modified_time":"2024-09-21T21:16:33+00:00","og_image":[{"width":640,"height":609,"url":"https:\/\/www.ocean4future.org\/savetheocean\/wp-content\/uploads\/2023\/02\/Okinawa_Tiijutsu.jpg","type":"image\/jpeg"}],"author":"Marco Bandioli","twitter_card":"summary_large_image","twitter_creator":"@ocean4future","twitter_site":"@ocean4future","twitter_misc":{"Scritto da":"Marco Bandioli","Tempo di lettura stimato":"10 minuti"},"schema":{"@context":"https:\/\/schema.org","@graph":[{"@type":"Article","@id":"https:\/\/www.ocean4future.org\/savetheocean\/archives\/81857#article","isPartOf":{"@id":"https:\/\/www.ocean4future.org\/savetheocean\/archives\/81857"},"author":{"name":"Marco Bandioli","@id":"https:\/\/www.ocean4future.org\/savetheocean\/#\/schema\/person\/44ef0b74c7933d65269aed7dfe5fd3cf"},"headline":"Il Wanikan-Ryu Karate, uno stile nato per i marinai &#8211; parte I","datePublished":"2023-02-05T23:01:15+00:00","dateModified":"2024-09-21T21:16:33+00:00","mainEntityOfPage":{"@id":"https:\/\/www.ocean4future.org\/savetheocean\/archives\/81857"},"wordCount":1501,"commentCount":0,"publisher":{"@id":"https:\/\/www.ocean4future.org\/savetheocean\/#\/schema\/person\/4e1c26437054353074d7bb2efa77162c"},"image":{"@id":"https:\/\/www.ocean4future.org\/savetheocean\/archives\/81857#primaryimage"},"thumbnailUrl":"https:\/\/www.ocean4future.org\/savetheocean\/wp-content\/uploads\/2023\/02\/Okinawa_Tiijutsu.jpg","articleSection":["Marine militari"],"inLanguage":"it-IT","potentialAction":[{"@type":"CommentAction","name":"Comment","target":["https:\/\/www.ocean4future.org\/savetheocean\/archives\/81857#respond"]}]},{"@type":"WebPage","@id":"https:\/\/www.ocean4future.org\/savetheocean\/archives\/81857","url":"https:\/\/www.ocean4future.org\/savetheocean\/archives\/81857","name":"Il Wanikan-Ryu Karate, uno stile nato per i marinai - parte I &#8226; OCEAN4FUTURE autore","isPartOf":{"@id":"https:\/\/www.ocean4future.org\/savetheocean\/#website"},"primaryImageOfPage":{"@id":"https:\/\/www.ocean4future.org\/savetheocean\/archives\/81857#primaryimage"},"image":{"@id":"https:\/\/www.ocean4future.org\/savetheocean\/archives\/81857#primaryimage"},"thumbnailUrl":"https:\/\/www.ocean4future.org\/savetheocean\/wp-content\/uploads\/2023\/02\/Okinawa_Tiijutsu.jpg","datePublished":"2023-02-05T23:01:15+00:00","dateModified":"2024-09-21T21:16:33+00:00","breadcrumb":{"@id":"https:\/\/www.ocean4future.org\/savetheocean\/archives\/81857#breadcrumb"},"inLanguage":"it-IT","potentialAction":[{"@type":"ReadAction","target":["https:\/\/www.ocean4future.org\/savetheocean\/archives\/81857"]}]},{"@type":"ImageObject","inLanguage":"it-IT","@id":"https:\/\/www.ocean4future.org\/savetheocean\/archives\/81857#primaryimage","url":"https:\/\/www.ocean4future.org\/savetheocean\/wp-content\/uploads\/2023\/02\/Okinawa_Tiijutsu.jpg","contentUrl":"https:\/\/www.ocean4future.org\/savetheocean\/wp-content\/uploads\/2023\/02\/Okinawa_Tiijutsu.jpg","width":640,"height":609},{"@type":"BreadcrumbList","@id":"https:\/\/www.ocean4future.org\/savetheocean\/archives\/81857#breadcrumb","itemListElement":[{"@type":"ListItem","position":1,"name":"Home","item":"https:\/\/www.ocean4future.org\/savetheocean"},{"@type":"ListItem","position":2,"name":"Il Wanikan-Ryu Karate, uno stile nato per i marinai &#8211; parte I"}]},{"@type":"WebSite","@id":"https:\/\/www.ocean4future.org\/savetheocean\/#website","url":"https:\/\/www.ocean4future.org\/savetheocean\/","name":"Ocean 4 Future","description":"Per una nuova cultura del mare e della marittimit\u00e0","publisher":{"@id":"https:\/\/www.ocean4future.org\/savetheocean\/#\/schema\/person\/4e1c26437054353074d7bb2efa77162c"},"potentialAction":[{"@type":"SearchAction","target":{"@type":"EntryPoint","urlTemplate":"https:\/\/www.ocean4future.org\/savetheocean\/?s={search_term_string}"},"query-input":{"@type":"PropertyValueSpecification","valueRequired":true,"valueName":"search_term_string"}}],"inLanguage":"it-IT"},{"@type":["Person","Organization"],"@id":"https:\/\/www.ocean4future.org\/savetheocean\/#\/schema\/person\/4e1c26437054353074d7bb2efa77162c","name":"oceandiver","image":{"@type":"ImageObject","inLanguage":"it-IT","@id":"https:\/\/www.ocean4future.org\/savetheocean\/wp-content\/uploads\/2023\/04\/logo-ocean3.jpg","url":"https:\/\/www.ocean4future.org\/savetheocean\/wp-content\/uploads\/2023\/04\/logo-ocean3.jpg","contentUrl":"https:\/\/www.ocean4future.org\/savetheocean\/wp-content\/uploads\/2023\/04\/logo-ocean3.jpg","width":472,"height":301,"caption":"oceandiver"},"logo":{"@id":"https:\/\/www.ocean4future.org\/savetheocean\/wp-content\/uploads\/2023\/04\/logo-ocean3.jpg"}},{"@type":"Person","@id":"https:\/\/www.ocean4future.org\/savetheocean\/#\/schema\/person\/44ef0b74c7933d65269aed7dfe5fd3cf","name":"Marco Bandioli","image":{"@type":"ImageObject","inLanguage":"it-IT","@id":"https:\/\/secure.gravatar.com\/avatar\/286230a73ba09e984dc4ddde4c3b064831f6594da8f7c711e79e31f4f4c3efc0?s=96&d=mm&r=g","url":"https:\/\/secure.gravatar.com\/avatar\/286230a73ba09e984dc4ddde4c3b064831f6594da8f7c711e79e31f4f4c3efc0?s=96&d=mm&r=g","contentUrl":"https:\/\/secure.gravatar.com\/avatar\/286230a73ba09e984dc4ddde4c3b064831f6594da8f7c711e79e31f4f4c3efc0?s=96&d=mm&r=g","caption":"Marco Bandioli"},"description":"ufficiale ammiraglio della riserva della Marina Militare italiana ha al suo attivo lunghi periodi di imbarco nei quali ha partecipato ad operazioni navali, anfibie e di sicurezza marittima, sia in contesti nazionali che multinazionali e\/o NATO. Ha comandato tre unit\u00e0 navali in piena attivit\u00e0 operativa ed \u00e8 stato anche impiegato in ambito Interforze nonch\u00e9 nello staff alle dirette dipendenze del Ministro della Difesa. Ha scritto un manuale di \u201cGuerra anfibia\u201d ad uso dell\u2019Accademia Navale e per la casa editrice IBN un manuale operativo per la difesa antiterrorismo dei porti. Inoltre \u00e8 autore di numerosi articoli, sia a livello strategico che tattico, per diverse riviste di settore, sia istituzionali che di normale divulgazione. In qualit\u00e0 di cintura nera 5\u00b0Dan di karate, e specialista in tecniche di combattimento militare, scrive periodicamente articoli per una organizzazione internazionale di arti marziali","url":"https:\/\/www.ocean4future.org\/savetheocean\/archives\/author\/marco-bandioli"}]}},"_links":{"self":[{"href":"https:\/\/www.ocean4future.org\/savetheocean\/wp-json\/wp\/v2\/posts\/81857","targetHints":{"allow":["GET"]}}],"collection":[{"href":"https:\/\/www.ocean4future.org\/savetheocean\/wp-json\/wp\/v2\/posts"}],"about":[{"href":"https:\/\/www.ocean4future.org\/savetheocean\/wp-json\/wp\/v2\/types\/post"}],"author":[{"embeddable":true,"href":"https:\/\/www.ocean4future.org\/savetheocean\/wp-json\/wp\/v2\/users\/2406"}],"replies":[{"embeddable":true,"href":"https:\/\/www.ocean4future.org\/savetheocean\/wp-json\/wp\/v2\/comments?post=81857"}],"version-history":[{"count":0,"href":"https:\/\/www.ocean4future.org\/savetheocean\/wp-json\/wp\/v2\/posts\/81857\/revisions"}],"wp:featuredmedia":[{"embeddable":true,"href":"https:\/\/www.ocean4future.org\/savetheocean\/wp-json\/wp\/v2\/media\/109998"}],"wp:attachment":[{"href":"https:\/\/www.ocean4future.org\/savetheocean\/wp-json\/wp\/v2\/media?parent=81857"}],"wp:term":[{"taxonomy":"category","embeddable":true,"href":"https:\/\/www.ocean4future.org\/savetheocean\/wp-json\/wp\/v2\/categories?post=81857"},{"taxonomy":"post_tag","embeddable":true,"href":"https:\/\/www.ocean4future.org\/savetheocean\/wp-json\/wp\/v2\/tags?post=81857"}],"curies":[{"name":"wp","href":"https:\/\/api.w.org\/{rel}","templated":true}]}}