{"id":81130,"date":"2023-01-06T00:01:00","date_gmt":"2023-01-05T23:01:00","guid":{"rendered":"http:\/\/www.ocean4future.org\/savetheocean\/?p=81130"},"modified":"2023-05-21T15:05:15","modified_gmt":"2023-05-21T13:05:15","slug":"qual-e-la-storia-e-le-origini-della-tradizione-della-befana","status":"publish","type":"post","link":"https:\/\/www.ocean4future.org\/savetheocean\/archives\/81130","title":{"rendered":"Quali sono le origini della tradizione della Befana?"},"content":{"rendered":"<span class=\"span-reading-time rt-reading-time\" style=\"display: block;\"><span class=\"rt-label rt-prefix\">tempo di lettura: <\/span> <span class=\"rt-time\"> 5<\/span> <span class=\"rt-label rt-postfix\">minuti<\/span><\/span><p><span style=\"color: #ffffff;\">.<\/span><\/p>\n<p><span style=\"color: #000000;\"><a class=\"maxbutton-4 maxbutton maxbutton-livello-di-comprensione\" href=\"javascript:void(0);\"><span class='mb-text'>livello elementare<\/span><\/a><\/span><\/p>\n<p><span style=\"color: #ffffff;\">.<\/span><\/p>\n<p><strong><span style=\"color: #008000;\">ARGOMENTO: MITI<\/span><\/strong><br \/>\n<strong><span style=\"color: #008000;\">PERIODO: 6 gennaio<\/span><\/strong><br \/>\n<strong><span style=\"color: #008000;\">AREA: DIDATTICA<\/span><\/strong><br \/>\nparole chiave: Epifania, Befana<\/p>\n<p>&nbsp;<\/p>\n<p style=\"text-align: justify;\">In Italia abbiamo una tradizione che \u00e8 tipicamente italiana: la <strong><span style=\"color: #008000;\">Befana<\/span><\/strong>. Nella notte tra il 5 e il 6 gennaio (la notte dell&#8217;Epifania) si racconta di una vecchina che, a cavallo di una ormai logora scopa, raggiunge le case dei bambini per riempire di dolciumi le loro calze appese al camino; al mattino i bimbi che si sono comportati bene durante l&#8217;anno troveranno caramelle e dolciumi, quelli cattivi (ma possono essere cattivi i bambini?) carbone o duro formaggio.<\/p>\n<p style=\"text-align: justify;\"><span style=\"font-size: 18pt;\"><strong><span style=\"color: #008000;\">La Befana: storia e origini di una vecchietta che ci tocca il cuore<br \/>\n<\/span><\/strong><\/span>L\u2019origine del termine \u201c<strong><span style=\"color: #008000;\">Befana<\/span><\/strong>\u201d \u00e8 legato alla parola \u201c<strong><span style=\"color: #008000;\">Epifania<\/span><\/strong>\u201d ovvero manifestazione; il termine greco originale <strong><span style=\"color: #008000;\">\u1f10\u03c0\u03b9\u03c6\u03ac\u03bd\u03b5\u03b9\u03b1 (epif\u00e1neia)<\/span><\/strong> si contamin\u00f2 nel tempo fino a portare al termine <strong><span style=\"color: #008000;\">bifan\u00eca<\/span><\/strong> e <strong><span style=\"color: #008000;\">befan\u00eca<\/span><\/strong>. La sua origine, come quella dell\u2019albero di Natale, sarebbe connessa ad antichi riti propiziatori di passaggio pagani del X-VI secolo a.C, legati al raccolto dell\u2019anno appena trascorso e quello nuovo in arrivo.<\/p>\n<p style=\"text-align: justify;\">Gli antichi Romani ereditarono questa tradizione celtica inserendola nel proprio calendario, dopo il periodo solstizio solare di inverno (21 dicembre), dedicato al <strong><span style=\"color: #008000;\">Sol Invictus<\/span><\/strong>, il giorno in cui le giornate riprendevano ad allungarsi. Nel periodo di gennaio era usanza nel nord Italia festeggiare l&#8217;avvicinarsi della Primavera a titolo propiziatorio, con la speranza di raccolti abbondanti dopo le fredde giornate invernali. In quel periodo venivano accesi fantocci di sterpaglie e si raccontavano ai bambini storie di figure femminili che volavano nottetempo sopra i campi portando cibo e ricchezze. Tra queste la dea Diana, associata alla Luna ed alla caccia, e le divinit\u00e0 S\u00e0tia (dea della saziet\u00e0) e Ab\u00f9ndia (dea dell\u2019abbondanza). Tradizioni popolari radicate nelle culture pagane che perdurarono fino al IV secolo d.C. quando i Cristiani, e in particolare, la Chiesa condann\u00f2 questi riti e tradizioni e trasform\u00f2 la divinit\u00e0 volante in una donna anziana, armata di scopa, quasi a voler scopare via le ceneri dell\u2019anno passato. Di fatto, il Cattolicesimo continu\u00f2 a tollerare la figura della &#8220;Befana&#8221;, conferendogli un significato tra il bene ed il&nbsp; male, ponendo la ricorrenza il 6 gennaio, esattamente&nbsp;12 giorni dopo il Natale.<\/p>\n<p style=\"text-align: justify;\"><strong><span style=\"color: #008000;\">Curiosamente il fatto del carbone per i bambini cattivi fu un \u2018invenzione posteriore in quanto, in precedenza, il carbone era tutt\u2019altro che un dono negativo, ricordando il rinnovamento della stagione e dell\u2019anno appena iniziato.<\/span><\/strong><\/p>\n<p style=\"text-align: justify;\">Per quanto riguarda la calza, nella civilt\u00e0 contadina aveva due funzioni tutt\u2019altro che trascurabili; l\u2019inverno era un periodo di grande sacrificio, in cui si doveva combattere il freddo e la fame per potere rinascere come la natura in primavera. La calza, pi\u00f9 che un contenitore, rappresentava un dono di lusso per i poveri, un indumento caldo che poi veniva arricchito dai dolciumi ed i frutti riposti al suo interno.<\/p>\n<figure style=\"width: 1024px\" class=\"wp-caption alignnone\"><img decoding=\"async\" src=\"https:\/\/www.ocean4future.org\/savetheocean\/wp-content\/uploads\/2022\/12\/IMG_0395-1024x575.jpg\" alt=\"Questa immagine ha l'attributo alt vuoto; il nome del file \u00e8 IMG_0395-1024x575.jpg\" width=\"1024\" height=\"575\"><figcaption class=\"wp-caption-text\"><strong><span style=\"color: #008000;\">Befana di Piazza Navona, una tradizione romana antica, foto andrea mucedola 2013<\/span><\/strong><\/figcaption><\/figure>\n<p style=\"text-align: justify;\">Sull&#8217;uso della calza, esiste anche una leggenda. Uno dei sette re di Roma, <strong><span style=\"color: #008000;\">Numa Pompilio<\/span><\/strong>, secondo re di Roma, appartenente alla Gens Pompilia, durante il solstizio d\u2019inverno, aveva l\u2019abitudine di appendere in una grotta una calza, per ricevere doni e ricchezze da una ninfa.&nbsp;Sembra che il longevo re di Roma (regn\u00f2 ben 43 anni), fosse nato nello stesso giorno in cui Romolo aveva fondato Roma (21 aprile). Rimasto vedovo sembra si accompagnasse nei boschi latini con la <strong><span style=\"color: #008000;\">ninfa Egeria<\/span><\/strong>, che poi si innamor\u00f2 di lui e lo spos\u00f2.<\/p>\n<figure style=\"width: 1024px\" class=\"wp-caption alignnone\"><img decoding=\"async\" src=\"https:\/\/www.ocean4future.org\/savetheocean\/wp-content\/uploads\/2022\/12\/Giani_Felice_-_Numa_Pompilio_riceve_dalla_ninfa_Egeria_le_leggi_di_Roma_-_center_-_1806-1024x486.jpg\" alt=\"Questa immagine ha l'attributo alt vuoto; il nome del file \u00e8 Giani_Felice_-_Numa_Pompilio_riceve_dalla_ninfa_Egeria_le_leggi_di_Roma_-_center_-_1806-1024x486.jpg\" width=\"1024\" height=\"486\"><figcaption class=\"wp-caption-text\"><strong><span style=\"color: #008000;\">Numa Pompilio riceve dalla ninfa Egeria le leggi di Roma, Felice Giani, 1806.<\/span><\/strong><\/figcaption><\/figure>\n<p style=\"text-align: justify;\">Profondamente religioso, <strong><span style=\"color: #008000;\">Numa Pompilio<\/span><\/strong> \u00e8 ricordato per aver istituito molte feste, regolamentando la vita politica e religiosa di Roma. A lui viene ascritta anche una riforma del calendario, basato sui cicli lunari, che pass\u00f2 da 10 a 12 mesi (per un totale di 355 giorni) con l&#8217;aggiunta dei mesi di gennaio, dedicato a Giano, e febbraio posti per\u00f2 alla fine dell&#8217;anno, dopo dicembre. L\u2019anno solare iniziava infatti allora nel mese di marzo con l\u2019arrivo della Primavera. In realt\u00e0 il calcolo non era poi cos\u00ec preciso per cui, ad anni alterni, veniva aggiunto all&#8217;ultimo mese il mercedonio (da merc\u00e8, aggiustamento, probabilmente legato ad una forma di pagamento di fine anno), composto da 27 giorni, togliendo a febbraio 4 o 5 giorni in maniera molto discrezionale (aggiustamento) da parte dei sacerdoti.<\/p>\n<figure style=\"width: 789px\" class=\"wp-caption alignnone\"><img decoding=\"async\" src=\"https:\/\/www.ocean4future.org\/savetheocean\/wp-content\/uploads\/2022\/12\/adorazione-dei-magi-Giotto.jpg\" alt=\"Questa immagine ha l'attributo alt vuoto; il nome del file \u00e8 adorazione-dei-magi-Giotto.jpg\" width=\"789\" height=\"585\"><figcaption class=\"wp-caption-text\"><strong><span style=\"color: #008000;\">Adorazione dei Magi di Giotto, uno degli affreschi pi\u00f9 belli e gioiosi nella cappella degli Scrovegni (Padova)<\/span><\/strong><\/figcaption><\/figure>\n<p style=\"text-align: justify;\"><strong><span style=\"color: #008000; font-size: 18pt;\">L\u2019Epifania cristiana<\/span><\/strong><br \/>\nSe l\u2019Epifania \u00e8 ricordata nei Vangeli dall\u2019arrivo dei tre Magi dall\u2019Oriente, la leggenda della vecchietta si ritrova in una leggenda cristiana del XII secolo. I Re Magi, seguendo la stella verso Betlemme trovare e omaggiare Ges\u00f9 Bambino, si persero e nel tentativo di ritrovare la strada chiesero aiuto e indicazioni a una vecchia signora che gli indic\u00f2 la strada. I tre re la invitarono a seguirli ma lei si rifiut\u00f2. Subito dopo se ne pent\u00ec e, per cercare di porre rimedio, prepar\u00f2 una gran quantit\u00e0 di dolci e cerc\u00f2, invano, di raggiungerli per adorare il bambino. Da allora la leggenda vuole che la Befana si fermi nelle case dei bambini la notte dell\u2019Epifania, portando dolci a tutti nella speranza di ritrovare Ges\u00f9.<\/p>\n<p align=\"justify\"><strong><span style=\"color: #008000;\">Una delle befanate recita: &#8220;La Befana vien di notte Con le scarpe tutte rotte con le toppe alla sottana Viva, viva la Befana!&#8221;<\/span><\/strong><\/p>\n<p style=\"text-align: justify;\">La Befana viene festeggiata in tante regioni italiane con la <strong><span style=\"color: #008000;\">befanata<\/span><\/strong>, Canzone della befana, intonata la sera del 5 gennaio da fanciulli e adulti che, accompagnati da strumenti musicali, vanno di porta in porta per avere regali.&nbsp;La tradizione \u00e8 molto viva in Toscana, soprattutto nella zona del Monte Amiata, in Lucchesia e nella Montagna Pistoiese, ma anche nel Viterbese, a Latera, dove il <strong><span style=\"color: #008000;\">Befano<\/span><\/strong>, la <strong><span style=\"color: #008000;\">Befana<\/span><\/strong> ed il <strong><span style=\"color: #008000;\">conte di Buon&#8217;Umo<\/span><span style=\"color: #008000;\">r<\/span><\/strong>, una sorta di banditore, passano per le case del villaggio recitando questa questua &#8220;<strong><em><span style=\"color: #008000;\">La Befana ed il suo gentil consorte con il conte di Buon&#8217;Umor chiedono di essere ospitati nella vostra gentile dimora e di essere trattati con amore come con amore chiedono &#8230;<\/span><\/em><\/strong>&#8220;. La famiglia cos\u00ec &#8220;visitata&#8221; pone nella cesta dei questuanti beni alimentari o anche denaro.<\/p>\n<p style=\"text-align: justify;\"><strong><span style=\"color: #008000;\">Buona Befana a tutti &#8230; e ricordate che i bambini non sono mai cattivi \u2026 sono solo lo specchio della nostra anima.<\/span><\/strong><\/p>\n<p><strong><span style=\"color: #008000;\">Andrea Mucedola<\/span><\/strong><\/p>\n<p>&nbsp;<\/p>\n<p><a class=\"maxbutton-27 maxbutton maxbutton-un-regalo-per-te\" href=\"https:\/\/www.primevideo.com\/offers\/ref=atv_nb_lcl_it_IT?tag=amazon0e150-21 Italia\"><span class='mb-text'>Una sorpresa per te su Amazon Music unlimited<\/span><\/a>&nbsp;&nbsp; <a class=\"maxbutton-28 maxbutton maxbutton-amazon-prime\" title=\"Scopri i vantaggi di Amazon Prime\" href=\"javascript:void(0);\"><span class='mb-text'>Scopri i vantaggi di Amazon Prime<\/span><\/a><\/p>\n<p>&nbsp;<\/p>\n<p style=\"text-align: justify;\">Alcune delle foto presenti in questo blog possono essere state prese dal web, citandone ove possibile gli autori e\/o le fonti. Se qualcuno desiderasse specificarne l\u2019autore o rimuoverle, pu\u00f2 scrivere a infoocean4future@gmail.com e provvederemo immediatamente alla correzione dell\u2019articolo<\/p>\n<p>&nbsp;<\/p>\n<a class=\"maxbutton-3 maxbutton maxbutton-pagina-principale\" target=\"_blank\" title=\"tooltip\" rel=\"nofollow noopener\" href=\"http:\/\/www.ocean4future.org\"><span class='mb-text'>PAGINA PRINCIPALE<\/span><\/a>\n","protected":false},"excerpt":{"rendered":"<p><span class=\"span-reading-time rt-reading-time\" style=\"display: block;\"><span class=\"rt-label rt-prefix\">tempo di lettura: <\/span> <span class=\"rt-time\"> 5<\/span> <span class=\"rt-label rt-postfix\">minuti<\/span><\/span>. . ARGOMENTO: MITI PERIODO: 6 gennaio AREA: DIDATTICA parole chiave: Epifania, Befana &nbsp; In Italia abbiamo una tradizione che \u00e8 tipicamente italiana: la Befana. Nella notte tra il 5 e il 6 gennaio (la notte dell&#8217;Epifania) si racconta di una vecchina che, a cavallo di una ormai logora scopa, raggiunge le case dei bambini [&hellip;]<\/p>\n","protected":false},"author":2380,"featured_media":81143,"comment_status":"open","ping_status":"open","sticky":false,"template":"","format":"standard","meta":{"_acf_changed":false,"_monsterinsights_skip_tracking":false,"_monsterinsights_sitenote_active":false,"_monsterinsights_sitenote_note":"","_monsterinsights_sitenote_category":0,"footnotes":""},"categories":[2300],"tags":[],"class_list":["post-81130","post","type-post","status-publish","format-standard","has-post-thumbnail","hentry","category-didattica-a-distanza"],"acf":[],"yoast_head":"<!-- This site is optimized with the Yoast SEO plugin v27.4 - https:\/\/yoast.com\/product\/yoast-seo-wordpress\/ -->\n<title>Quali sono le origini della tradizione della Befana? &#8226; OCEAN4FUTURE autore<\/title>\n<meta name=\"robots\" content=\"index, follow, max-snippet:-1, max-image-preview:large, max-video-preview:-1\" \/>\n<link rel=\"canonical\" href=\"https:\/\/www.ocean4future.org\/savetheocean\/archives\/81130\" \/>\n<meta property=\"og:locale\" content=\"it_IT\" \/>\n<meta property=\"og:type\" content=\"article\" \/>\n<meta property=\"og:title\" content=\"Quali sono le origini della tradizione della Befana? &#8226; OCEAN4FUTURE autore\" \/>\n<meta property=\"og:description\" content=\"tempo di lettura:  5 minuti. . ARGOMENTO: MITI PERIODO: 6 gennaio AREA: DIDATTICA parole chiave: Epifania, Befana &nbsp; In Italia abbiamo una tradizione che \u00e8 tipicamente italiana: la Befana. Nella notte tra il 5 e il 6 gennaio (la notte dell&#8217;Epifania) si racconta di una vecchina che, a cavallo di una ormai logora scopa, raggiunge le case dei bambini [&hellip;]\" \/>\n<meta property=\"og:url\" content=\"https:\/\/www.ocean4future.org\/savetheocean\/archives\/81130\" \/>\n<meta property=\"og:site_name\" content=\"OCEAN4FUTURE\" \/>\n<meta property=\"article:published_time\" content=\"2023-01-05T23:01:00+00:00\" \/>\n<meta property=\"article:modified_time\" content=\"2023-05-21T13:05:15+00:00\" \/>\n<meta property=\"og:image\" content=\"https:\/\/www.ocean4future.org\/savetheocean\/wp-content\/uploads\/2022\/12\/befana-2018.jpg\" \/>\n\t<meta property=\"og:image:width\" content=\"2532\" \/>\n\t<meta property=\"og:image:height\" content=\"1559\" \/>\n\t<meta property=\"og:image:type\" content=\"image\/jpeg\" \/>\n<meta name=\"author\" content=\"Andrea Mucedola\" \/>\n<meta name=\"twitter:card\" content=\"summary_large_image\" \/>\n<meta name=\"twitter:creator\" content=\"@ocean4future\" \/>\n<meta name=\"twitter:site\" content=\"@ocean4future\" \/>\n<meta name=\"twitter:label1\" content=\"Scritto da\" \/>\n\t<meta name=\"twitter:data1\" content=\"Andrea Mucedola\" \/>\n\t<meta name=\"twitter:label2\" content=\"Tempo di lettura stimato\" \/>\n\t<meta name=\"twitter:data2\" content=\"6 minuti\" \/>\n<script type=\"application\/ld+json\" class=\"yoast-schema-graph\">{\"@context\":\"https:\\\/\\\/schema.org\",\"@graph\":[{\"@type\":\"Article\",\"@id\":\"https:\\\/\\\/www.ocean4future.org\\\/savetheocean\\\/archives\\\/81130#article\",\"isPartOf\":{\"@id\":\"https:\\\/\\\/www.ocean4future.org\\\/savetheocean\\\/archives\\\/81130\"},\"author\":{\"name\":\"Andrea Mucedola\",\"@id\":\"https:\\\/\\\/www.ocean4future.org\\\/savetheocean\\\/#\\\/schema\\\/person\\\/252d25dcc5c002abcde7b2d4baa78f13\"},\"headline\":\"Quali sono le origini della tradizione della Befana?\",\"datePublished\":\"2023-01-05T23:01:00+00:00\",\"dateModified\":\"2023-05-21T13:05:15+00:00\",\"mainEntityOfPage\":{\"@id\":\"https:\\\/\\\/www.ocean4future.org\\\/savetheocean\\\/archives\\\/81130\"},\"wordCount\":1127,\"commentCount\":0,\"publisher\":{\"@id\":\"https:\\\/\\\/www.ocean4future.org\\\/savetheocean\\\/#\\\/schema\\\/person\\\/4e1c26437054353074d7bb2efa77162c\"},\"image\":{\"@id\":\"https:\\\/\\\/www.ocean4future.org\\\/savetheocean\\\/archives\\\/81130#primaryimage\"},\"thumbnailUrl\":\"https:\\\/\\\/www.ocean4future.org\\\/savetheocean\\\/wp-content\\\/uploads\\\/2022\\\/12\\\/befana-2018.jpg\",\"articleSection\":[\"Didattica a distanza\"],\"inLanguage\":\"it-IT\",\"potentialAction\":[{\"@type\":\"CommentAction\",\"name\":\"Comment\",\"target\":[\"https:\\\/\\\/www.ocean4future.org\\\/savetheocean\\\/archives\\\/81130#respond\"]}]},{\"@type\":\"WebPage\",\"@id\":\"https:\\\/\\\/www.ocean4future.org\\\/savetheocean\\\/archives\\\/81130\",\"url\":\"https:\\\/\\\/www.ocean4future.org\\\/savetheocean\\\/archives\\\/81130\",\"name\":\"Quali sono le origini della tradizione della Befana? &#8226; OCEAN4FUTURE autore\",\"isPartOf\":{\"@id\":\"https:\\\/\\\/www.ocean4future.org\\\/savetheocean\\\/#website\"},\"primaryImageOfPage\":{\"@id\":\"https:\\\/\\\/www.ocean4future.org\\\/savetheocean\\\/archives\\\/81130#primaryimage\"},\"image\":{\"@id\":\"https:\\\/\\\/www.ocean4future.org\\\/savetheocean\\\/archives\\\/81130#primaryimage\"},\"thumbnailUrl\":\"https:\\\/\\\/www.ocean4future.org\\\/savetheocean\\\/wp-content\\\/uploads\\\/2022\\\/12\\\/befana-2018.jpg\",\"datePublished\":\"2023-01-05T23:01:00+00:00\",\"dateModified\":\"2023-05-21T13:05:15+00:00\",\"breadcrumb\":{\"@id\":\"https:\\\/\\\/www.ocean4future.org\\\/savetheocean\\\/archives\\\/81130#breadcrumb\"},\"inLanguage\":\"it-IT\",\"potentialAction\":[{\"@type\":\"ReadAction\",\"target\":[\"https:\\\/\\\/www.ocean4future.org\\\/savetheocean\\\/archives\\\/81130\"]}]},{\"@type\":\"ImageObject\",\"inLanguage\":\"it-IT\",\"@id\":\"https:\\\/\\\/www.ocean4future.org\\\/savetheocean\\\/archives\\\/81130#primaryimage\",\"url\":\"https:\\\/\\\/www.ocean4future.org\\\/savetheocean\\\/wp-content\\\/uploads\\\/2022\\\/12\\\/befana-2018.jpg\",\"contentUrl\":\"https:\\\/\\\/www.ocean4future.org\\\/savetheocean\\\/wp-content\\\/uploads\\\/2022\\\/12\\\/befana-2018.jpg\",\"width\":2532,\"height\":1559},{\"@type\":\"BreadcrumbList\",\"@id\":\"https:\\\/\\\/www.ocean4future.org\\\/savetheocean\\\/archives\\\/81130#breadcrumb\",\"itemListElement\":[{\"@type\":\"ListItem\",\"position\":1,\"name\":\"Home\",\"item\":\"https:\\\/\\\/www.ocean4future.org\\\/savetheocean\"},{\"@type\":\"ListItem\",\"position\":2,\"name\":\"Quali sono le origini della tradizione della Befana?\"}]},{\"@type\":\"WebSite\",\"@id\":\"https:\\\/\\\/www.ocean4future.org\\\/savetheocean\\\/#website\",\"url\":\"https:\\\/\\\/www.ocean4future.org\\\/savetheocean\\\/\",\"name\":\"Ocean 4 Future\",\"description\":\"Per una nuova cultura del mare e della marittimit\u00e0\",\"publisher\":{\"@id\":\"https:\\\/\\\/www.ocean4future.org\\\/savetheocean\\\/#\\\/schema\\\/person\\\/4e1c26437054353074d7bb2efa77162c\"},\"potentialAction\":[{\"@type\":\"SearchAction\",\"target\":{\"@type\":\"EntryPoint\",\"urlTemplate\":\"https:\\\/\\\/www.ocean4future.org\\\/savetheocean\\\/?s={search_term_string}\"},\"query-input\":{\"@type\":\"PropertyValueSpecification\",\"valueRequired\":true,\"valueName\":\"search_term_string\"}}],\"inLanguage\":\"it-IT\"},{\"@type\":[\"Person\",\"Organization\"],\"@id\":\"https:\\\/\\\/www.ocean4future.org\\\/savetheocean\\\/#\\\/schema\\\/person\\\/4e1c26437054353074d7bb2efa77162c\",\"name\":\"oceandiver\",\"image\":{\"@type\":\"ImageObject\",\"inLanguage\":\"it-IT\",\"@id\":\"https:\\\/\\\/www.ocean4future.org\\\/savetheocean\\\/wp-content\\\/uploads\\\/2023\\\/04\\\/logo-ocean3.jpg\",\"url\":\"https:\\\/\\\/www.ocean4future.org\\\/savetheocean\\\/wp-content\\\/uploads\\\/2023\\\/04\\\/logo-ocean3.jpg\",\"contentUrl\":\"https:\\\/\\\/www.ocean4future.org\\\/savetheocean\\\/wp-content\\\/uploads\\\/2023\\\/04\\\/logo-ocean3.jpg\",\"width\":472,\"height\":301,\"caption\":\"oceandiver\"},\"logo\":{\"@id\":\"https:\\\/\\\/www.ocean4future.org\\\/savetheocean\\\/wp-content\\\/uploads\\\/2023\\\/04\\\/logo-ocean3.jpg\"}},{\"@type\":\"Person\",\"@id\":\"https:\\\/\\\/www.ocean4future.org\\\/savetheocean\\\/#\\\/schema\\\/person\\\/252d25dcc5c002abcde7b2d4baa78f13\",\"name\":\"Andrea Mucedola\",\"image\":{\"@type\":\"ImageObject\",\"inLanguage\":\"it-IT\",\"@id\":\"https:\\\/\\\/secure.gravatar.com\\\/avatar\\\/befc97e7f9e17a6b60a3969a83be976bdb6f8fc3d0b55cb27b11ae85db4b6240?s=96&d=mm&r=g\",\"url\":\"https:\\\/\\\/secure.gravatar.com\\\/avatar\\\/befc97e7f9e17a6b60a3969a83be976bdb6f8fc3d0b55cb27b11ae85db4b6240?s=96&d=mm&r=g\",\"contentUrl\":\"https:\\\/\\\/secure.gravatar.com\\\/avatar\\\/befc97e7f9e17a6b60a3969a83be976bdb6f8fc3d0b55cb27b11ae85db4b6240?s=96&d=mm&r=g\",\"caption\":\"Andrea Mucedola\"},\"description\":\"ammiraglio della Marina Militare Italiana (riserva), \u00e8 laureato in Scienze Marittime della Difesa presso l\u2019Universit\u00e0 di Pisa ed in Scienze Politiche cum laude all\u2019Universit\u00e0 di Trieste. Analista di Maritime Security, collabora con numerosi Centri di studi e analisi geopolitici italiani ed internazionali. Ricercatore subacqueo scientifico dal 1993, nel 2019, ha ricevuto il Tridente d'oro dell'Accademia delle Scienze e Tecniche Subacquee per la divulgazione della cultura del mare. Fa parte del Comitato scientifico della Fondazione Atlantide e della Scuola internazionale Subacquei scientifici (ISSD - AIOSS).\",\"sameAs\":[\"http:\\\/\\\/www.ocean4future.org\"],\"url\":\"https:\\\/\\\/www.ocean4future.org\\\/savetheocean\\\/archives\\\/author\\\/andrea-mucedola\"}]}<\/script>\n<!-- \/ Yoast SEO plugin. -->","yoast_head_json":{"title":"Quali sono le origini della tradizione della Befana? &#8226; OCEAN4FUTURE autore","robots":{"index":"index","follow":"follow","max-snippet":"max-snippet:-1","max-image-preview":"max-image-preview:large","max-video-preview":"max-video-preview:-1"},"canonical":"https:\/\/www.ocean4future.org\/savetheocean\/archives\/81130","og_locale":"it_IT","og_type":"article","og_title":"Quali sono le origini della tradizione della Befana? &#8226; OCEAN4FUTURE autore","og_description":"tempo di lettura:  5 minuti. . ARGOMENTO: MITI PERIODO: 6 gennaio AREA: DIDATTICA parole chiave: Epifania, Befana &nbsp; In Italia abbiamo una tradizione che \u00e8 tipicamente italiana: la Befana. Nella notte tra il 5 e il 6 gennaio (la notte dell&#8217;Epifania) si racconta di una vecchina che, a cavallo di una ormai logora scopa, raggiunge le case dei bambini [&hellip;]","og_url":"https:\/\/www.ocean4future.org\/savetheocean\/archives\/81130","og_site_name":"OCEAN4FUTURE","article_published_time":"2023-01-05T23:01:00+00:00","article_modified_time":"2023-05-21T13:05:15+00:00","og_image":[{"width":2532,"height":1559,"url":"https:\/\/www.ocean4future.org\/savetheocean\/wp-content\/uploads\/2022\/12\/befana-2018.jpg","type":"image\/jpeg"}],"author":"Andrea Mucedola","twitter_card":"summary_large_image","twitter_creator":"@ocean4future","twitter_site":"@ocean4future","twitter_misc":{"Scritto da":"Andrea Mucedola","Tempo di lettura stimato":"6 minuti"},"schema":{"@context":"https:\/\/schema.org","@graph":[{"@type":"Article","@id":"https:\/\/www.ocean4future.org\/savetheocean\/archives\/81130#article","isPartOf":{"@id":"https:\/\/www.ocean4future.org\/savetheocean\/archives\/81130"},"author":{"name":"Andrea Mucedola","@id":"https:\/\/www.ocean4future.org\/savetheocean\/#\/schema\/person\/252d25dcc5c002abcde7b2d4baa78f13"},"headline":"Quali sono le origini della tradizione della Befana?","datePublished":"2023-01-05T23:01:00+00:00","dateModified":"2023-05-21T13:05:15+00:00","mainEntityOfPage":{"@id":"https:\/\/www.ocean4future.org\/savetheocean\/archives\/81130"},"wordCount":1127,"commentCount":0,"publisher":{"@id":"https:\/\/www.ocean4future.org\/savetheocean\/#\/schema\/person\/4e1c26437054353074d7bb2efa77162c"},"image":{"@id":"https:\/\/www.ocean4future.org\/savetheocean\/archives\/81130#primaryimage"},"thumbnailUrl":"https:\/\/www.ocean4future.org\/savetheocean\/wp-content\/uploads\/2022\/12\/befana-2018.jpg","articleSection":["Didattica a distanza"],"inLanguage":"it-IT","potentialAction":[{"@type":"CommentAction","name":"Comment","target":["https:\/\/www.ocean4future.org\/savetheocean\/archives\/81130#respond"]}]},{"@type":"WebPage","@id":"https:\/\/www.ocean4future.org\/savetheocean\/archives\/81130","url":"https:\/\/www.ocean4future.org\/savetheocean\/archives\/81130","name":"Quali sono le origini della tradizione della Befana? &#8226; OCEAN4FUTURE autore","isPartOf":{"@id":"https:\/\/www.ocean4future.org\/savetheocean\/#website"},"primaryImageOfPage":{"@id":"https:\/\/www.ocean4future.org\/savetheocean\/archives\/81130#primaryimage"},"image":{"@id":"https:\/\/www.ocean4future.org\/savetheocean\/archives\/81130#primaryimage"},"thumbnailUrl":"https:\/\/www.ocean4future.org\/savetheocean\/wp-content\/uploads\/2022\/12\/befana-2018.jpg","datePublished":"2023-01-05T23:01:00+00:00","dateModified":"2023-05-21T13:05:15+00:00","breadcrumb":{"@id":"https:\/\/www.ocean4future.org\/savetheocean\/archives\/81130#breadcrumb"},"inLanguage":"it-IT","potentialAction":[{"@type":"ReadAction","target":["https:\/\/www.ocean4future.org\/savetheocean\/archives\/81130"]}]},{"@type":"ImageObject","inLanguage":"it-IT","@id":"https:\/\/www.ocean4future.org\/savetheocean\/archives\/81130#primaryimage","url":"https:\/\/www.ocean4future.org\/savetheocean\/wp-content\/uploads\/2022\/12\/befana-2018.jpg","contentUrl":"https:\/\/www.ocean4future.org\/savetheocean\/wp-content\/uploads\/2022\/12\/befana-2018.jpg","width":2532,"height":1559},{"@type":"BreadcrumbList","@id":"https:\/\/www.ocean4future.org\/savetheocean\/archives\/81130#breadcrumb","itemListElement":[{"@type":"ListItem","position":1,"name":"Home","item":"https:\/\/www.ocean4future.org\/savetheocean"},{"@type":"ListItem","position":2,"name":"Quali sono le origini della tradizione della Befana?"}]},{"@type":"WebSite","@id":"https:\/\/www.ocean4future.org\/savetheocean\/#website","url":"https:\/\/www.ocean4future.org\/savetheocean\/","name":"Ocean 4 Future","description":"Per una nuova cultura del mare e della marittimit\u00e0","publisher":{"@id":"https:\/\/www.ocean4future.org\/savetheocean\/#\/schema\/person\/4e1c26437054353074d7bb2efa77162c"},"potentialAction":[{"@type":"SearchAction","target":{"@type":"EntryPoint","urlTemplate":"https:\/\/www.ocean4future.org\/savetheocean\/?s={search_term_string}"},"query-input":{"@type":"PropertyValueSpecification","valueRequired":true,"valueName":"search_term_string"}}],"inLanguage":"it-IT"},{"@type":["Person","Organization"],"@id":"https:\/\/www.ocean4future.org\/savetheocean\/#\/schema\/person\/4e1c26437054353074d7bb2efa77162c","name":"oceandiver","image":{"@type":"ImageObject","inLanguage":"it-IT","@id":"https:\/\/www.ocean4future.org\/savetheocean\/wp-content\/uploads\/2023\/04\/logo-ocean3.jpg","url":"https:\/\/www.ocean4future.org\/savetheocean\/wp-content\/uploads\/2023\/04\/logo-ocean3.jpg","contentUrl":"https:\/\/www.ocean4future.org\/savetheocean\/wp-content\/uploads\/2023\/04\/logo-ocean3.jpg","width":472,"height":301,"caption":"oceandiver"},"logo":{"@id":"https:\/\/www.ocean4future.org\/savetheocean\/wp-content\/uploads\/2023\/04\/logo-ocean3.jpg"}},{"@type":"Person","@id":"https:\/\/www.ocean4future.org\/savetheocean\/#\/schema\/person\/252d25dcc5c002abcde7b2d4baa78f13","name":"Andrea Mucedola","image":{"@type":"ImageObject","inLanguage":"it-IT","@id":"https:\/\/secure.gravatar.com\/avatar\/befc97e7f9e17a6b60a3969a83be976bdb6f8fc3d0b55cb27b11ae85db4b6240?s=96&d=mm&r=g","url":"https:\/\/secure.gravatar.com\/avatar\/befc97e7f9e17a6b60a3969a83be976bdb6f8fc3d0b55cb27b11ae85db4b6240?s=96&d=mm&r=g","contentUrl":"https:\/\/secure.gravatar.com\/avatar\/befc97e7f9e17a6b60a3969a83be976bdb6f8fc3d0b55cb27b11ae85db4b6240?s=96&d=mm&r=g","caption":"Andrea Mucedola"},"description":"ammiraglio della Marina Militare Italiana (riserva), \u00e8 laureato in Scienze Marittime della Difesa presso l\u2019Universit\u00e0 di Pisa ed in Scienze Politiche cum laude all\u2019Universit\u00e0 di Trieste. Analista di Maritime Security, collabora con numerosi Centri di studi e analisi geopolitici italiani ed internazionali. Ricercatore subacqueo scientifico dal 1993, nel 2019, ha ricevuto il Tridente d'oro dell'Accademia delle Scienze e Tecniche Subacquee per la divulgazione della cultura del mare. Fa parte del Comitato scientifico della Fondazione Atlantide e della Scuola internazionale Subacquei scientifici (ISSD - AIOSS).","sameAs":["http:\/\/www.ocean4future.org"],"url":"https:\/\/www.ocean4future.org\/savetheocean\/archives\/author\/andrea-mucedola"}]}},"_links":{"self":[{"href":"https:\/\/www.ocean4future.org\/savetheocean\/wp-json\/wp\/v2\/posts\/81130","targetHints":{"allow":["GET"]}}],"collection":[{"href":"https:\/\/www.ocean4future.org\/savetheocean\/wp-json\/wp\/v2\/posts"}],"about":[{"href":"https:\/\/www.ocean4future.org\/savetheocean\/wp-json\/wp\/v2\/types\/post"}],"author":[{"embeddable":true,"href":"https:\/\/www.ocean4future.org\/savetheocean\/wp-json\/wp\/v2\/users\/2380"}],"replies":[{"embeddable":true,"href":"https:\/\/www.ocean4future.org\/savetheocean\/wp-json\/wp\/v2\/comments?post=81130"}],"version-history":[{"count":0,"href":"https:\/\/www.ocean4future.org\/savetheocean\/wp-json\/wp\/v2\/posts\/81130\/revisions"}],"wp:featuredmedia":[{"embeddable":true,"href":"https:\/\/www.ocean4future.org\/savetheocean\/wp-json\/wp\/v2\/media\/81143"}],"wp:attachment":[{"href":"https:\/\/www.ocean4future.org\/savetheocean\/wp-json\/wp\/v2\/media?parent=81130"}],"wp:term":[{"taxonomy":"category","embeddable":true,"href":"https:\/\/www.ocean4future.org\/savetheocean\/wp-json\/wp\/v2\/categories?post=81130"},{"taxonomy":"post_tag","embeddable":true,"href":"https:\/\/www.ocean4future.org\/savetheocean\/wp-json\/wp\/v2\/tags?post=81130"}],"curies":[{"name":"wp","href":"https:\/\/api.w.org\/{rel}","templated":true}]}}