{"id":80941,"date":"2023-01-05T00:30:00","date_gmt":"2023-01-04T23:30:00","guid":{"rendered":"http:\/\/www.ocean4future.org\/savetheocean\/?p=80941"},"modified":"2025-10-02T08:53:05","modified_gmt":"2025-10-02T06:53:05","slug":"i-mezzi-dassalto-della-regia-marina-in-sardegna-di-andrea-grazzini-e-romano-pinelli","status":"publish","type":"post","link":"https:\/\/www.ocean4future.org\/savetheocean\/archives\/80941","title":{"rendered":"I Mezzi d&#8217;assalto della Regia Marina in Sardegna di Andrea Grazzini e Romano Pinelli"},"content":{"rendered":"<span class=\"span-reading-time rt-reading-time\" style=\"display: block;\"><span class=\"rt-label rt-prefix\">tempo di lettura: <\/span> <span class=\"rt-time\"> 8<\/span> <span class=\"rt-label rt-postfix\">minuti<\/span><\/span><p><span style=\"color: #ffffff;\">.<\/span><\/p>\n<a class=\"maxbutton-4 maxbutton maxbutton-livello-di-comprensione\" href=\"javascript:void(0);\"><span class='mb-text'>livello elementare<\/span><\/a>\n<p><span style=\"color: #ffffff;\">.<\/span><\/p>\n<p><strong><span style=\"color: #008000;\">ARGOMENTO: STORIA NAVALE<\/span><\/strong><br \/>\n<strong><span style=\"color: #008000;\">PERIODO: XX SECOLO <\/span><\/strong><br \/>\n<strong><span style=\"color: #008000;\">AREA: MAR MEDITERRANEO<\/span><\/strong><br \/>\nparole chiave: X MAS, Sardegna<\/p>\n<p>&nbsp;<\/p>\n<p style=\"text-align: justify;\">Nella primavera-estate del 1943 furono creati due distaccamenti della <strong><span style=\"color: #008000;\">Decima Flottiglia M.A.S.<\/span><\/strong>, il I\u00b0 ad Augusta (Sicilia) ed il II\u00b0 a Carloforte (Sardegna). Il Reparto si era coperto di gloria con le azioni dei suoi uomini fin da quando era un gruppo composto da pochi operatori subacquei, tra cui <strong><span style=\"color: #008000;\">Teseo Tesei<\/span><\/strong> ed <strong><span style=\"color: #008000;\">Elios Toschi<\/span><\/strong> (gli inventori del Siluro a Lunga Corsa).<\/p>\n<p><img decoding=\"async\" src=\"https:\/\/www.ocean4future.org\/savetheocean\/wp-content\/uploads\/2021\/10\/slc-tesei-toschi.png\" alt=\"Questa immagine ha l'attributo alt vuoto; il nome del file \u00e8 slc-tesei-toschi.png\" \/><\/p>\n<p style=\"text-align: justify;\">Man mano che gli Alleati avanzavano in Nordafrica e minacciavano direttamente il territorio italiano, si cerc\u00f2 di rinforzare al massimo le difese costiere. I due obiettivi pi\u00f9 probabili per uno sbarco erano la Sicilia e la Sardegna, dove si acceler\u00f2 il programma di costruzioni sulle coste, furono fatti affluire reparti italiani e tedeschi e furono adeguati gli aeroporti per accogliere pi\u00f9 aeroplani.<\/p>\n<p style=\"text-align: justify;\">La <strong><span style=\"color: #008000;\">Regia Marina italiana<\/span><\/strong> contribu\u00ec allo sforzo difensivo anche con i due distaccamenti sopra citati, il cui scopo era intercettare le forze navali alleate che volessero sbarcare. Per trasportare i mezzi furono utilizzati pescherecci armati, uno dei quali, il <strong><span style=\"color: #008000;\">Sogliola<\/span><\/strong>, fu affondato il 2 maggio 1943 a ovest dell\u2019Asinara dal sommergibile inglese <strong><span style=\"color: #008000;\">HMS Safari<\/span><\/strong>. Le basi sarde furono scelte in modo da dare un minimo di copertura a tutta la costa occidentale ma, visto il numero dei mezzi disponibili (11 M.T.M. Motoscafo Turismo Modificato e 5 M.T.S.M. Motoscafo Turismo Silurante Modificato), si trattava di un velo quasi impalpabile che avrebbe potuto ben poco contro la flotta alleata.<\/p>\n<p><img decoding=\"async\" src=\"https:\/\/www.ocean4future.org\/savetheocean\/wp-content\/uploads\/2022\/12\/cala-domestica-2-1024x768.jpg\" alt=\"Questa immagine ha l'attributo alt vuoto; il nome del file \u00e8 cala-domestica-2-1024x768.jpg\" width=\"1024\" height=\"768\" \/><\/p>\n<p align=\"justify\"><strong><span style=\"color: #008000;\">Vista della poppa dello M.T.S.M. conservato al Museo Tecnico della Marina a La Spezia (Immagine Andrea Grazzini)<\/span><\/strong><\/p>\n<p style=\"text-align: justify;\">A fine marzo 1943 il peschereccio armato <strong><span style=\"color: #008000;\">Cefalo<\/span> <\/strong>port\u00f2 all\u2019Asinara il materiale e il personale per armare quella base e con altri trasporti e movimenti interni al reparto, furono costituite le basi di <strong><span style=\"color: #008000;\">Bosa Marina<\/span><\/strong> e <strong><span style=\"color: #008000;\">Carloforte<\/span><\/strong>.<\/p>\n<p><img decoding=\"async\" src=\"https:\/\/www.ocean4future.org\/savetheocean\/wp-content\/uploads\/2022\/12\/basi-x-mas-in-sardegna-1024x912.png\" alt=\"Questa immagine ha l'attributo alt vuoto; il nome del file \u00e8 basi-x-mas-in-sardegna-1024x912.png\" width=\"1024\" height=\"912\" \/><\/p>\n<p align=\"justify\"><strong><span style=\"color: #008000;\">Le basi dei M.A.S. in Sardegna (Immagine Google Earth)<\/span><\/strong><\/p>\n<p style=\"text-align: justify;\">Ad aprile 1943, la base di <strong><span style=\"color: #008000;\">Carloforte<\/span><\/strong> aveva un capannone con uno scivolo al centro del porto che fu presto abbandonata per decentrare i mezzi nel canale delle saline. La mossa si rivel\u00f2 azzeccata, visto che i precedenti locali furono distrutti in una incursione aerea alleata.<\/p>\n<p><img decoding=\"async\" src=\"https:\/\/www.ocean4future.org\/savetheocean\/wp-content\/uploads\/2022\/12\/cala-domestica-1024x690.png\" alt=\"Questa immagine ha l'attributo alt vuoto; il nome del file \u00e8 cala-domestica-1024x690.png\" width=\"1024\" height=\"690\" \/><\/p>\n<p align=\"justify\"><strong><span style=\"color: #008000;\">Vista aerea di Cala Domestica (Immagine Google Earth)<\/span><\/strong><\/p>\n<p><img decoding=\"async\" src=\"https:\/\/www.ocean4future.org\/savetheocean\/wp-content\/uploads\/2022\/12\/caletta-di-cala-domestica-oggi-687x1024.jpg\" alt=\"Questa immagine ha l'attributo alt vuoto; il nome del file \u00e8 caletta-di-cala-domestica-oggi-687x1024.jpg\" width=\"687\" height=\"1024\" \/><\/p>\n<p align=\"justify\"><strong><span style=\"color: #008000;\">La caletta di Domestica dove si trovano le strutture della base costruita nell\u2019estate del 1943 per i mezzi della Decima Flottiglia M.A.S. (Immagine Andrea Grazzini)<\/span><\/strong><\/p>\n<p style=\"text-align: justify;\">Il <strong><span style=\"color: #008000;\">comandante Massarini<\/span><\/strong>, alla ricerca di una base pi\u00f9 efficiente e sicura, trov\u00f2 in <strong><span style=\"color: #008000;\">Cala Domestica<\/span><\/strong> un <em>\u201c<\/em><strong><span style=\"color: #008000;\"><em>ottimo budello roccioso, deserto con spiaggetta, ove esiste telefono, telegrafo e radio segnalatori e ove mi trasferir\u00f2 eventualmente in caso di necessit\u00e0 appena ci sar\u00e0 sentore di sbarco.<\/em><\/span><\/strong><\/p>\n<p><img decoding=\"async\" src=\"https:\/\/www.ocean4future.org\/savetheocean\/wp-content\/uploads\/2022\/12\/galleria-deposito-siluri-687x1024.jpg\" alt=\"Questa immagine ha l'attributo alt vuoto; il nome del file \u00e8 galleria-deposito-siluri-687x1024.jpg\" width=\"687\" height=\"1024\" \/><\/p>\n<p align=\"justify\"><span style=\"color: #008000;\"><strong>L\u2019ingresso della galleria adibita a deposito siluri e officina (Immagine Andrea Grazzini)<\/strong><\/span><\/p>\n<p style=\"text-align: justify;\"><strong><span style=\"color: #008000;\"><em>A tale scopo ho inviato sul posto quattro slitte per M.T.M. costruite dal locale NAVALGENIO<\/em>; <\/span><\/strong><em><strong><span style=\"color: #008000;\">un rifornimento completo di benzina e di poco materiale occorrente (viveri, tenda, etc.)<\/span><\/strong>\u201d.<\/em><\/p>\n<p style=\"text-align: justify;\">A luglio, Massarini decise di spostare tutti i suoi mezzi a Cala Domestica perch\u00e9 Carloforte era troppo esposta agli attacchi aerei alleati; perci\u00f2 iniziarono i lavori per attrezzare la cala.<\/p>\n<p><img decoding=\"async\" src=\"https:\/\/www.ocean4future.org\/savetheocean\/wp-content\/uploads\/2022\/12\/cala-domestica-0-1024x534.jpg\" alt=\"Questa immagine ha l'attributo alt vuoto; il nome del file \u00e8 cala-domestica-0-1024x534.jpg\" width=\"1024\" height=\"534\" \/><\/p>\n<p align=\"justify\"><strong><span style=\"color: #008000;\">Schema generale delle sistemazioni a Cala Domestica (Elaborazione Andrea Grazzini)<\/span><\/strong><\/p>\n<p><img decoding=\"async\" src=\"https:\/\/www.ocean4future.org\/savetheocean\/wp-content\/uploads\/2022\/12\/cala-doemstica-1-1024x581.png\" alt=\"Questa immagine ha l'attributo alt vuoto; il nome del file \u00e8 cala-doemstica-1-1024x581.png\" width=\"1024\" height=\"581\" \/><\/p>\n<p align=\"justify\"><strong><span style=\"color: #008000;\">Vista aerea della Caletta con i resti delle strutture costruite nel 1943<\/span><\/strong><\/p>\n<p><span style=\"font-size: 20px;\">Nel diario viene riportato:<\/span><\/p>\n<table style=\"width: 100%; height: 1627px;\">\n<tbody>\n<tr style=\"height: 300px;\">\n<td style=\"text-align: justify; height: 300px;\"><span style=\"color: #008000;\"><em><strong><span style=\"font-size: 20px;\">15 luglio 1943 \u201calle 06:45, dopo aver ultimato il caricamento delle slitte sul peschereccio requisito Nettuno, con i quattro M.T.M. faccio rotta per Cala dove atterro alle 07:30. I lavori allo scalo non sono ancora terminati, tiro i mezzi su uno scalo di fortuna. Alle 11 giunge il Nettuno, scarico il materiale sistemandolo in un magazzino in prossimit\u00e0 della spiaggia. Rizzata la tenda, dove alloggio il personale in attesa della riparazione e copertura di una casetta retrostante gli alloggi del personale della vedetta.\u201d<\/span><\/strong><\/em><\/span><\/td>\n<\/tr>\n<tr style=\"text-align: justify; height: 190px;\">\n<td style=\"height: 190px; text-align: justify;\">\n<p align=\"justify\"><span style=\"color: #008000;\"><em><strong><span style=\"font-size: 20px;\">17 luglio 1943 \u201cIniziata la sistemazione del filo per l\u2019energia elettrica da Buggerru. Stabilisco la franchigia per squadra usufruendo della motolancia adibita al trasporto del materiale dal porto. Lavori di mimetizzazione dei mezzi\u201d.<\/span><\/strong><\/em><\/span><\/p>\n<\/td>\n<\/tr>\n<tr style=\"text-align: justify; height: 250px;\">\n<td style=\"height: 250px; text-align: justify;\">\n<p align=\"justify\"><span style=\"color: #008000;\"><em><strong><span style=\"font-size: 20px;\">19 luglio 1943 \u201cUltimata la pitturazione degli M.T.M. 82 e 76. Istituisco due squadre, comprendenti ognuna il personale necessario per l&#8217;eventuale messa a mare e preparazione dei mezzi. Franchigia (per squadra) dalle 16 alle 20. Con ordine del giorno interno numero 20, autorizzo il consumo di numero 14 razioni di viveri per sommergibili\u201d.<\/span><\/strong><\/em><\/span><\/p>\n<\/td>\n<\/tr>\n<tr style=\"text-align: justify; height: 190px;\">\n<td style=\"height: 190px; text-align: justify;\">\n<p align=\"justify\"><span style=\"color: #008000;\"><em><strong><span style=\"font-size: 20px;\">20 luglio 1943 \u201cIn paese, requisisco temporaneamente la Fiat 508 del signor Michele Satta (commerciante di Buggerru). Su di essa domattina partir\u00f2 per Bosa. Il capocannoniere Bardi in missione a La Maddalena per il prelievo tabacchi, sapone e cuoi\u201d.<\/span><\/strong><\/em><\/span><\/p>\n<\/td>\n<\/tr>\n<tr style=\"text-align: justify; height: 112px;\">\n<td style=\"height: 112px; text-align: justify;\">\n<p align=\"justify\"><span style=\"color: #008000;\"><em><strong><span style=\"font-size: 20px;\">23 luglio 1943 \u201cAlle 10 giunge per aggregarsi al gruppo il tenente di vascello Cugia e il sottocapo Sartoros provenienti da Cala Reale a bordo dello M.T.S.M. 250. Ormeggio il mezzo nella caletta\u201d.<\/span><\/strong><\/em><\/span><\/p>\n<\/td>\n<\/tr>\n<tr style=\"text-align: justify; height: 88px;\">\n<td style=\"height: 88px; text-align: justify;\">\n<p align=\"justify\"><span style=\"color: #008000;\"><em><strong><span style=\"font-size: 20px;\">24 luglio 1943 \u201calla direzione della locale miniera requisisco un argano a mano per l&#8217;alaggio dei mezzi. Controllo la sistemazione del materiale, verifica delle armi\u201d.<\/span><\/strong><\/em><\/span><\/p>\n<\/td>\n<\/tr>\n<tr style=\"text-align: justify; height: 139px;\">\n<td style=\"height: 139px; text-align: justify;\"><span style=\"color: #008000;\"><em><strong><span style=\"font-size: 20px;\">26 luglio 1943 \u201cLo M.T.S.M. 250 sullo scivolo per manutenzione. Ultimata la tesatura del filo elettrico dal paese, appoggiandolo ai pali della linea telefonica. Iniziato l&#8217;impianto di illuminazione dei locali. Marigenimil Cagliari fornisce metri 3000 di filo protetto\u201d.\u00a0<\/span><\/strong><\/em><\/span><\/td>\n<\/tr>\n<tr style=\"text-align: justify; height: 83px;\">\n<td style=\"height: 83px; text-align: justify;\"><span style=\"color: #008000;\"><em><strong><span style=\"font-size: 20px;\">Alle ore 21 assemblea, comunico alla gente la nuova situazione creatasi con le dimissioni del capo del governo (La guerra continua)\u201d.<\/span><\/strong><\/em><\/span><\/td>\n<\/tr>\n<tr style=\"text-align: justify; height: 136px;\">\n<td style=\"height: 136px; text-align: justify;\">\n<p align=\"justify\"><span style=\"color: #008000;\"><em><strong><span style=\"font-size: 20px;\">27 luglio 1943 \u201ccontinuano i lavori dell&#8217;impresa Martis allo scivolo e all\u2019abitazione. Il personale coadiuva per il trasporto del materiale. Ultimato l&#8217;impianto elettrico nei locali, iniziato la costruzione a fianco dello scivolo di una grotta per il ricovero dei siluri.\u201d<\/span><\/strong><\/em><\/span><\/p>\n<\/td>\n<\/tr>\n<tr style=\"height: 139px;\">\n<td style=\"text-align: justify; height: 139px;\">\n<p align=\"justify\"><span style=\"color: #008000;\"><em><strong><span style=\"font-size: 20px;\">28 luglio 1943 \u201cIl tenente di vascello Cugia lascia la base per raggiungere Cala Reale. La motocisterna Liri, richiesta con mio fono a Marina Sant&#8217;Antioco, d\u00e0 fondo nella baietta e alle 8:05 ci rifornisce di 16 tonnellate d&#8217;acqua (vicino agli alloggi c\u2019\u00e8 una cisterna)\u201d.<\/span><\/strong><\/em><\/span><\/p>\n<\/td>\n<\/tr>\n<\/tbody>\n<\/table>\n<p><img decoding=\"async\" src=\"https:\/\/www.ocean4future.org\/savetheocean\/wp-content\/uploads\/2022\/12\/motocisterna-liri-1024x561.jpg\" alt=\"Questa immagine ha l'attributo alt vuoto; il nome del file \u00e8 motocisterna-liri-1024x561.jpg\" width=\"1024\" height=\"561\" \/><\/p>\n<p align=\"justify\"><strong><span style=\"color: #008000;\">La motocisterna Liri della Regia Marina italiana usata per rifornire la base di Cala Domestica (Immagine Romano Pinelli)<\/span><\/strong><\/p>\n<p><img decoding=\"async\" src=\"https:\/\/www.ocean4future.org\/savetheocean\/wp-content\/uploads\/2022\/12\/alloggi-cala-doemstica-x-mas-1024x685.jpg\" alt=\"Questa immagine ha l'attributo alt vuoto; il nome del file \u00e8 alloggi-cala-doemstica-x-mas-1024x685.jpg\" width=\"1024\" height=\"685\" \/><\/p>\n<p align=\"justify\"><strong><span style=\"color: #008000;\">I resti degli alloggiamenti degli operatori della X MAS (Immagine Andrea Grazzini)<\/span><\/strong><\/p>\n<p style=\"text-align: justify;\">Ad agosto 1943, il comando della Decima M.A.S. comunicava l\u2019invio di due M.T.S.M. con il piropeschereccio <strong><span style=\"color: #008000;\">Cefalo<\/span><\/strong> e ordinava di dislocare le forze come segue:<\/p>\n<p style=\"text-align: justify;\">&#8211; <strong><span style=\"color: #008000;\">Cala Reale (Asinara)<\/span><\/strong> 3 M.T.M. al comando del <strong><span style=\"color: #008000;\">tenente Volonteri<\/span><\/strong>;<\/p>\n<p style=\"text-align: justify;\">&#8211; <strong><span style=\"color: #008000;\">Bosa Marina<\/span><\/strong> 2 M.T.S.M. 4 M.T.M. al comando del <strong><span style=\"color: #008000;\">tenente di vascello Dequal<\/span><\/strong>;<\/p>\n<p style=\"text-align: justify;\">&#8211; <strong><span style=\"color: #008000;\">Cala Domestica<\/span><\/strong> 3 M.T.S.M. &#8211; 4 M.T.M. al comando del <strong><span style=\"color: #008000;\">tenente di vascello Massarini<\/span><\/strong> con il <strong><span style=\"color: #008000;\">tenente di vascello Cugia di Sant\u2019Orsola<\/span><\/strong> responsabile degli M.T.M.<\/p>\n<table>\n<tbody>\n<tr>\n<td style=\"text-align: justify;\"><strong><em><span style=\"color: #008000;\"><span style=\"font-size: 20px;\">6 agosto 1943 \u201cCausa mare ingrossato sposto gli M.T.M. in un punto della spiaggetta pi\u00f9 protetto.\u00a0Sistemato definitivamente il verricello. Dal direttore della Ninuccia (presumibilmente una barca locale) prendo in prestito 80 m di cavo da 6 mm per l\u2019alaggio dei mezzi\u201d.<\/span><\/span><\/em><\/strong><\/td>\n<\/tr>\n<tr style=\"text-align: justify;\">\n<td style=\"text-align: justify;\"><strong><em><span style=\"color: #008000;\"><span style=\"font-size: 20px;\">7 agosto 1943 \u201cNon faccio i franchi per lo stato dell&#8217;allarme. Mezzi pronti in guerra\u201d.\u00a0<\/span><\/span><\/em><\/strong><\/td>\n<\/tr>\n<tr style=\"text-align: justify;\">\n<td style=\"text-align: justify;\"><strong><em><span style=\"color: #008000;\"><span style=\"font-size: 20px;\">10 agosto 1943 \u201cultimati i lavori allo scivolo e alla strada d&#8217;accesso ai mezzi; la ditta Martis continua i lavori alla piattaforma e alla galleria di ricovero siluri. Causa le peggiorate condizioni del mare, sposto i mezzi in un luogo pi\u00f9 ridossato\u201d.<\/span><\/span><\/em><\/strong><\/td>\n<\/tr>\n<tr style=\"text-align: justify;\">\n<td style=\"text-align: justify;\"><strong><em><span style=\"color: #008000;\"><span style=\"font-size: 20px;\">12 agosto 1943 \u201cla ditta Martis ultima i lavori alla strada e alla galleria dei siluri. Continuano i lavori alle abitazioni. Alle 9:45 lo M.T.S.M. 250 salpa per Sant&#8217;Antonio dove atterra alle ore 11:30. Qui, coadiuvato dal personale specializzato, si esegue la carica e la manutenzione al siluro. Atterraggio a Cala alle ore 20:15. Dal comandante di Marina Sant&#8217;Antioco ottengo 10.000 Lire per reintegro fondo scorta\u201d.<\/span><\/span><\/em><\/strong><\/td>\n<\/tr>\n<tr style=\"text-align: justify;\">\n<td style=\"text-align: justify;\"><strong><em><span style=\"color: #008000;\"><span style=\"font-size: 20px;\">15 agosto 1943 \u201cla ditta Martis continua e ultima i lavori alla galleria dei siluri e inizia la costruzione della pista di collegamento tra detta galleria e lo scivolo. Provenienti dal piropeschereccio Cefalo e a mezzo di un autocarro dell&#8217;autoparco di Cagliari, giungono a Buggerru viveri da sommergibile, materiale di rispetto per siluri, etc.\u201d.<\/span><\/span><\/em><\/strong><\/td>\n<\/tr>\n<tr style=\"text-align: justify;\">\n<td style=\"text-align: justify;\">\n<p align=\"justify\"><strong><em><span style=\"color: #008000;\"><span style=\"font-size: 20px;\">21 agosto 1943 \u201ccontinuano i lavori della ditta Martis alle abitazioni. Proveniente da Bosa alle 8 giunge lo M.T.S.M. 248 pilotato dal secondo capo Montanari e dal sottocapo Infermiere Gattorno. Si procede al ritiro dei siluri dal magazzino della miniera in Buggerru. Tirato sullo scalo lo M.T.S.M. 248. Il mezzo ha l&#8217;invertitore di destra in avaria\u201d.<\/span><\/span><\/em><\/strong><\/p>\n<\/td>\n<\/tr>\n<tr style=\"text-align: justify;\">\n<td style=\"text-align: justify;\"><strong><em><span style=\"color: #008000;\"><span style=\"font-size: 20px;\">25 agosto 1943 \u201cmanutenzione allo scivolo e ai mezzi, invio il secondo capo Gualtieri ad accompagnare un autocarro per il prelievo del materiale del gruppo Cugia a Porto Torres; provato il compressore dei siluri\u201d.<\/span><\/span><\/em><\/strong><\/td>\n<\/tr>\n<tr>\n<td style=\"text-align: justify;\"><strong><em><span style=\"color: #008000;\"><span style=\"font-size: 20px;\">26 agosto 1943 \u201cgiunge da Porto Torres il materiale del gruppo tenente di vascello Cugia. Scarico il materiale e lo avvio a Cala Domestica. Riscontro che 4 serbatoi della benzina degli M.T.M. 72, 78 e 86 sono forati. Manutenzione ai barchini. All\u2019M.T.S.M. 248 lavori di manutenzione e di regolazione degli anticipi di accensione\u201d.<\/span><\/span><\/em><\/strong><\/td>\n<\/tr>\n<\/tbody>\n<\/table>\n<p style=\"text-align: justify;\">Il diario si interrompe qui. Dopo l\u2019armistizio, i mezzi furono inizialmente portati a Bosa, poi a fine anno andarono a Cagliari e da l\u00ec a Taranto.\u00a0Le testimonianze del passaggio dei mezzi d\u2019assalto a <strong><span style=\"color: #008000;\">Cala Domestica<\/span><\/strong> sono evidenti. In particolare, si nota lo scivolo, una struttura lunga circa 40 metri, perpendicolare alla linea di riva, alla cui estremit\u00e0 c\u2019era un verricello per l\u2019alaggio dei mezzi; nella stessa zona si trova un piazzale, allora presumibilmente coperto, da cui si dirama un tratto cementato lungo circa 20 metri che termina nella galleria usata come ricovero e officina per i siluri. La grotta, lunga circa 12 metri e larga fino a 4 metri, non conserva nessuna traccia del suo precedente uso. Sullo scivolo si notano ancora le tracce delle traversine per le rotaie su cui scorrevano le slitte per la movimentazione dei mezzi; ovviamente lo scivolo, si prolungava in acqua per facilitare alaggio e varo dei mezzi dalle slitte stesse.<\/p>\n<p style=\"text-align: justify;\">Le strutture di <span style=\"color: #008000;\"><strong>Cala Domestica<\/strong><\/span> sono uniche in tutta Italia, in nessuna delle basi permanenti o temporanee della <strong><span style=\"color: #008000;\">Decima Flottiglia M.A.S.<\/span><\/strong> \u00e8 stato ritrovato niente che possa essere fatto risalire con certezza ed esclusivamente al reparto. Sono presenti anche due alloggi per il personale, uno dei quali ha la tipica architettura delle costruzioni della Regia Marina del periodo, mentre l\u2019altro \u00e8 un adattamento di una casa gi\u00e0 esistente.<\/p>\n<p><strong><span style=\"color: #008000;\">Andrea Grazzini e Romano Pinelli<\/span><\/strong><br \/>\n<span style=\"color: #ffffff;\">.<\/span><\/p>\n<table>\n<tbody>\n<tr>\n<td style=\"text-align: justify;\"><img decoding=\"async\" class=\"alignleft\" src=\"https:\/\/www.ocean4future.org\/savetheocean\/wp-content\/uploads\/2022\/12\/buggerru-in-guerra.jpg\" alt=\"Questa immagine ha l'attributo alt vuoto; il nome del file \u00e8 buggerru-in-guerra.jpg\" width=\"224\" height=\"316\" \/>L&#8217;articolo \u00e8 un estratto del libro <em><a href=\"https:\/\/www.amazon.it\/Buggerru-guerra-Andrea-Giacomo-Grazzini\/dp\/B0BJYP63JK\/ref=sr_1_1?__mk_it_IT=%C3%85M%C3%85%C5%BD%C3%95%C3%91&amp;crid=39AR7NH38KNL5&amp;keywords=Buggerru+in+Guerra&amp;qid=1671543901&amp;sprefix=buggerru+in+guerra+storia+e+cronaca%2Caps%2C1116&amp;sr=8-1\">Buggerru in Guerra<\/a> <\/em>di <strong><span style=\"color: #008000;\">Andrea Giacomo Grazzini<\/span><\/strong> &#8211; stampato in proprio. Il libro, scritto con la collaborazione di <strong><span style=\"color: #008000;\">Daniele Grioni e Alessandro Ragatzu<\/span><\/strong>, descrive la vita a Buggerru, un piccolo paese della Sardegna, negli anni della Seconda Guerra Mondiale, nell&#8217;ambito del progetto \u201c<strong><span style=\"color: #008000;\">Buggerru in guerra: 1940 \u2013 1943<\/span><\/strong>\u201d, finanziato dal Comune di Buggerru che ha anche allestito una mostra fotografica che illustra alcune delle storie locali durante la guerra e che diventer\u00e0 un\u2019esposizione permanente. Il bel libro, che raccomandiamo come strenna di Natale, pu\u00f2 essere acquistato online su <a href=\"http:\/\/youcanprint.it\/\" target=\"_blank\" rel=\"nofollow noopener noreferrer\">youcanprint.it<\/a>, Amazon e gli altri rivenditori digitali (<span class=\"a-list-item\"><span class=\"a-text-bold\">ISBN-13: \u200e <\/span>979-1221420555)<\/span>. In alternativa, \u00e8 possibile ordinare il libro contattando direttamente l&#8217;autore all&#8217;indirizzo <a href=\"mailto:a.grazzini@gmail.com\" target=\"_blank\" rel=\"nofollow noopener noreferrer\">a.grazzini@gmail.com<\/a><\/td>\n<\/tr>\n<\/tbody>\n<\/table>\n<p>&nbsp;<\/p>\n<p>&nbsp;<\/p>\n<p style=\"text-align: justify;\">Alcune delle immagini possono essere state prese dal web, citandone ove possibile gli autori e\/o le fonti. Se qualcuno desiderasse specificarne l\u2019autore o rimuoverle, pu\u00f2 scrivere a infoocean4future@gmail.com e provvederemo immediatamente alla correzione dell\u2019articolo<\/p>\n<p>&nbsp;<\/p>\n<a class=\"maxbutton-3 maxbutton maxbutton-pagina-principale\" target=\"_blank\" title=\"tooltip\" rel=\"nofollow noopener\" href=\"http:\/\/www.ocean4future.org\"><span class='mb-text'>PAGINA PRINCIPALE<\/span><\/a>\n<p>&nbsp;<\/p>\n","protected":false},"excerpt":{"rendered":"<p><span class=\"span-reading-time rt-reading-time\" style=\"display: block;\"><span class=\"rt-label rt-prefix\">tempo di lettura: <\/span> <span class=\"rt-time\"> 8<\/span> <span class=\"rt-label rt-postfix\">minuti<\/span><\/span>. . ARGOMENTO: STORIA NAVALE PERIODO: XX SECOLO AREA: MAR MEDITERRANEO parole chiave: X MAS, Sardegna &nbsp; Nella primavera-estate del 1943 furono creati due distaccamenti della Decima Flottiglia M.A.S., il I\u00b0 ad Augusta (Sicilia) ed il II\u00b0 a Carloforte (Sardegna). Il Reparto si era coperto di gloria con le azioni dei suoi uomini fin da [&hellip;]<\/p>\n","protected":false},"author":2398,"featured_media":65115,"comment_status":"open","ping_status":"open","sticky":false,"template":"","format":"standard","meta":{"_acf_changed":false,"_monsterinsights_skip_tracking":false,"_monsterinsights_sitenote_active":false,"_monsterinsights_sitenote_note":"","_monsterinsights_sitenote_category":0,"footnotes":""},"categories":[2313],"tags":[],"class_list":["post-80941","post","type-post","status-publish","format-standard","has-post-thumbnail","hentry","category-storia-della-seconda-guerra-mondiale"],"acf":[],"yoast_head":"<!-- This site is optimized with the Yoast SEO plugin v27.4 - https:\/\/yoast.com\/product\/yoast-seo-wordpress\/ -->\n<title>I Mezzi d&#039;assalto della Regia Marina in Sardegna di Andrea Grazzini e Romano Pinelli &#8226; OCEAN4FUTURE autore<\/title>\n<meta name=\"robots\" content=\"index, follow, max-snippet:-1, max-image-preview:large, max-video-preview:-1\" \/>\n<link rel=\"canonical\" href=\"https:\/\/www.ocean4future.org\/savetheocean\/archives\/80941\" \/>\n<meta property=\"og:locale\" content=\"it_IT\" \/>\n<meta property=\"og:type\" content=\"article\" \/>\n<meta property=\"og:title\" content=\"I Mezzi d&#039;assalto della Regia Marina in Sardegna di Andrea Grazzini e Romano Pinelli &#8226; OCEAN4FUTURE autore\" \/>\n<meta property=\"og:description\" content=\"tempo di lettura:  8 minuti. . ARGOMENTO: STORIA NAVALE PERIODO: XX SECOLO AREA: MAR MEDITERRANEO parole chiave: X MAS, Sardegna &nbsp; Nella primavera-estate del 1943 furono creati due distaccamenti della Decima Flottiglia M.A.S., il I\u00b0 ad Augusta (Sicilia) ed il II\u00b0 a Carloforte (Sardegna). Il Reparto si era coperto di gloria con le azioni dei suoi uomini fin da [&hellip;]\" \/>\n<meta property=\"og:url\" content=\"https:\/\/www.ocean4future.org\/savetheocean\/archives\/80941\" \/>\n<meta property=\"og:site_name\" content=\"OCEAN4FUTURE\" \/>\n<meta property=\"article:published_time\" content=\"2023-01-04T23:30:00+00:00\" \/>\n<meta property=\"article:modified_time\" content=\"2025-10-02T06:53:05+00:00\" \/>\n<meta property=\"og:image\" content=\"https:\/\/www.ocean4future.org\/savetheocean\/wp-content\/uploads\/2021\/10\/Barchino-mtm.jpg\" \/>\n\t<meta property=\"og:image:width\" content=\"1200\" \/>\n\t<meta property=\"og:image:height\" content=\"732\" \/>\n\t<meta property=\"og:image:type\" content=\"image\/jpeg\" \/>\n<meta name=\"author\" content=\"Redazione OCEAN4FUTURE\" \/>\n<meta name=\"twitter:card\" content=\"summary_large_image\" \/>\n<meta name=\"twitter:creator\" content=\"@ocean4future\" \/>\n<meta name=\"twitter:site\" content=\"@ocean4future\" \/>\n<meta name=\"twitter:label1\" content=\"Scritto da\" \/>\n\t<meta name=\"twitter:data1\" content=\"Redazione OCEAN4FUTURE\" \/>\n\t<meta name=\"twitter:label2\" content=\"Tempo di lettura stimato\" \/>\n\t<meta name=\"twitter:data2\" content=\"12 minuti\" \/>\n<script type=\"application\/ld+json\" class=\"yoast-schema-graph\">{\"@context\":\"https:\\\/\\\/schema.org\",\"@graph\":[{\"@type\":\"Article\",\"@id\":\"https:\\\/\\\/www.ocean4future.org\\\/savetheocean\\\/archives\\\/80941#article\",\"isPartOf\":{\"@id\":\"https:\\\/\\\/www.ocean4future.org\\\/savetheocean\\\/archives\\\/80941\"},\"author\":{\"name\":\"Redazione OCEAN4FUTURE\",\"@id\":\"https:\\\/\\\/www.ocean4future.org\\\/savetheocean\\\/#\\\/schema\\\/person\\\/ad3962a4283da6a7ba5d2e66f435a340\"},\"headline\":\"I Mezzi d&#8217;assalto della Regia Marina in Sardegna di Andrea Grazzini e Romano Pinelli\",\"datePublished\":\"2023-01-04T23:30:00+00:00\",\"dateModified\":\"2025-10-02T06:53:05+00:00\",\"mainEntityOfPage\":{\"@id\":\"https:\\\/\\\/www.ocean4future.org\\\/savetheocean\\\/archives\\\/80941\"},\"wordCount\":1836,\"commentCount\":0,\"publisher\":{\"@id\":\"https:\\\/\\\/www.ocean4future.org\\\/savetheocean\\\/#\\\/schema\\\/person\\\/4e1c26437054353074d7bb2efa77162c\"},\"image\":{\"@id\":\"https:\\\/\\\/www.ocean4future.org\\\/savetheocean\\\/archives\\\/80941#primaryimage\"},\"thumbnailUrl\":\"https:\\\/\\\/www.ocean4future.org\\\/savetheocean\\\/wp-content\\\/uploads\\\/2021\\\/10\\\/Barchino-mtm.jpg\",\"articleSection\":[\"Storia navale della seconda guerra mondiale (1939 - 1945)\"],\"inLanguage\":\"it-IT\",\"potentialAction\":[{\"@type\":\"CommentAction\",\"name\":\"Comment\",\"target\":[\"https:\\\/\\\/www.ocean4future.org\\\/savetheocean\\\/archives\\\/80941#respond\"]}]},{\"@type\":\"WebPage\",\"@id\":\"https:\\\/\\\/www.ocean4future.org\\\/savetheocean\\\/archives\\\/80941\",\"url\":\"https:\\\/\\\/www.ocean4future.org\\\/savetheocean\\\/archives\\\/80941\",\"name\":\"I Mezzi d'assalto della Regia Marina in Sardegna di Andrea Grazzini e Romano Pinelli &#8226; OCEAN4FUTURE autore\",\"isPartOf\":{\"@id\":\"https:\\\/\\\/www.ocean4future.org\\\/savetheocean\\\/#website\"},\"primaryImageOfPage\":{\"@id\":\"https:\\\/\\\/www.ocean4future.org\\\/savetheocean\\\/archives\\\/80941#primaryimage\"},\"image\":{\"@id\":\"https:\\\/\\\/www.ocean4future.org\\\/savetheocean\\\/archives\\\/80941#primaryimage\"},\"thumbnailUrl\":\"https:\\\/\\\/www.ocean4future.org\\\/savetheocean\\\/wp-content\\\/uploads\\\/2021\\\/10\\\/Barchino-mtm.jpg\",\"datePublished\":\"2023-01-04T23:30:00+00:00\",\"dateModified\":\"2025-10-02T06:53:05+00:00\",\"breadcrumb\":{\"@id\":\"https:\\\/\\\/www.ocean4future.org\\\/savetheocean\\\/archives\\\/80941#breadcrumb\"},\"inLanguage\":\"it-IT\",\"potentialAction\":[{\"@type\":\"ReadAction\",\"target\":[\"https:\\\/\\\/www.ocean4future.org\\\/savetheocean\\\/archives\\\/80941\"]}]},{\"@type\":\"ImageObject\",\"inLanguage\":\"it-IT\",\"@id\":\"https:\\\/\\\/www.ocean4future.org\\\/savetheocean\\\/archives\\\/80941#primaryimage\",\"url\":\"https:\\\/\\\/www.ocean4future.org\\\/savetheocean\\\/wp-content\\\/uploads\\\/2021\\\/10\\\/Barchino-mtm.jpg\",\"contentUrl\":\"https:\\\/\\\/www.ocean4future.org\\\/savetheocean\\\/wp-content\\\/uploads\\\/2021\\\/10\\\/Barchino-mtm.jpg\",\"width\":1200,\"height\":732},{\"@type\":\"BreadcrumbList\",\"@id\":\"https:\\\/\\\/www.ocean4future.org\\\/savetheocean\\\/archives\\\/80941#breadcrumb\",\"itemListElement\":[{\"@type\":\"ListItem\",\"position\":1,\"name\":\"Home\",\"item\":\"https:\\\/\\\/www.ocean4future.org\\\/savetheocean\"},{\"@type\":\"ListItem\",\"position\":2,\"name\":\"I Mezzi d&#8217;assalto della Regia Marina in Sardegna di Andrea Grazzini e Romano Pinelli\"}]},{\"@type\":\"WebSite\",\"@id\":\"https:\\\/\\\/www.ocean4future.org\\\/savetheocean\\\/#website\",\"url\":\"https:\\\/\\\/www.ocean4future.org\\\/savetheocean\\\/\",\"name\":\"Ocean 4 Future\",\"description\":\"Per una nuova cultura del mare e della marittimit\u00e0\",\"publisher\":{\"@id\":\"https:\\\/\\\/www.ocean4future.org\\\/savetheocean\\\/#\\\/schema\\\/person\\\/4e1c26437054353074d7bb2efa77162c\"},\"potentialAction\":[{\"@type\":\"SearchAction\",\"target\":{\"@type\":\"EntryPoint\",\"urlTemplate\":\"https:\\\/\\\/www.ocean4future.org\\\/savetheocean\\\/?s={search_term_string}\"},\"query-input\":{\"@type\":\"PropertyValueSpecification\",\"valueRequired\":true,\"valueName\":\"search_term_string\"}}],\"inLanguage\":\"it-IT\"},{\"@type\":[\"Person\",\"Organization\"],\"@id\":\"https:\\\/\\\/www.ocean4future.org\\\/savetheocean\\\/#\\\/schema\\\/person\\\/4e1c26437054353074d7bb2efa77162c\",\"name\":\"oceandiver\",\"image\":{\"@type\":\"ImageObject\",\"inLanguage\":\"it-IT\",\"@id\":\"https:\\\/\\\/www.ocean4future.org\\\/savetheocean\\\/wp-content\\\/uploads\\\/2023\\\/04\\\/logo-ocean3.jpg\",\"url\":\"https:\\\/\\\/www.ocean4future.org\\\/savetheocean\\\/wp-content\\\/uploads\\\/2023\\\/04\\\/logo-ocean3.jpg\",\"contentUrl\":\"https:\\\/\\\/www.ocean4future.org\\\/savetheocean\\\/wp-content\\\/uploads\\\/2023\\\/04\\\/logo-ocean3.jpg\",\"width\":472,\"height\":301,\"caption\":\"oceandiver\"},\"logo\":{\"@id\":\"https:\\\/\\\/www.ocean4future.org\\\/savetheocean\\\/wp-content\\\/uploads\\\/2023\\\/04\\\/logo-ocean3.jpg\"}},{\"@type\":\"Person\",\"@id\":\"https:\\\/\\\/www.ocean4future.org\\\/savetheocean\\\/#\\\/schema\\\/person\\\/ad3962a4283da6a7ba5d2e66f435a340\",\"name\":\"Redazione OCEAN4FUTURE\",\"image\":{\"@type\":\"ImageObject\",\"inLanguage\":\"it-IT\",\"@id\":\"https:\\\/\\\/secure.gravatar.com\\\/avatar\\\/ba6774c3cc06933a10f7e80f4184a636b9f8fe6f86714a5b2c583173eaf54646?s=96&d=mm&r=g\",\"url\":\"https:\\\/\\\/secure.gravatar.com\\\/avatar\\\/ba6774c3cc06933a10f7e80f4184a636b9f8fe6f86714a5b2c583173eaf54646?s=96&d=mm&r=g\",\"contentUrl\":\"https:\\\/\\\/secure.gravatar.com\\\/avatar\\\/ba6774c3cc06933a10f7e80f4184a636b9f8fe6f86714a5b2c583173eaf54646?s=96&d=mm&r=g\",\"caption\":\"Redazione OCEAN4FUTURE\"},\"description\":\"\u00e8 composta da oltre 60 collaboratori che lavorano in smart working, selezionati tra esperti di settore di diverse discipline. Hanno il compito di\u00a0 selezionare argomenti di particolare interesse, redigendo articoli basati su studi recenti. I contenuti degli stessi restano di responsabilit\u00e0 degli autori che sono ovviamente sempre citati. Eventuali quesiti possono essere inviati alla Redazione (infoocean4future@gmail.com) che, quando possibile, provveder\u00e0 ad inoltrarli agli Autori.\",\"sameAs\":[\"http:\\\/\\\/www.ocean4future.org\"],\"url\":\"https:\\\/\\\/www.ocean4future.org\\\/savetheocean\\\/archives\\\/author\\\/redazione-ocean4future\"}]}<\/script>\n<!-- \/ Yoast SEO plugin. -->","yoast_head_json":{"title":"I Mezzi d'assalto della Regia Marina in Sardegna di Andrea Grazzini e Romano Pinelli &#8226; OCEAN4FUTURE autore","robots":{"index":"index","follow":"follow","max-snippet":"max-snippet:-1","max-image-preview":"max-image-preview:large","max-video-preview":"max-video-preview:-1"},"canonical":"https:\/\/www.ocean4future.org\/savetheocean\/archives\/80941","og_locale":"it_IT","og_type":"article","og_title":"I Mezzi d'assalto della Regia Marina in Sardegna di Andrea Grazzini e Romano Pinelli &#8226; OCEAN4FUTURE autore","og_description":"tempo di lettura:  8 minuti. . ARGOMENTO: STORIA NAVALE PERIODO: XX SECOLO AREA: MAR MEDITERRANEO parole chiave: X MAS, Sardegna &nbsp; Nella primavera-estate del 1943 furono creati due distaccamenti della Decima Flottiglia M.A.S., il I\u00b0 ad Augusta (Sicilia) ed il II\u00b0 a Carloforte (Sardegna). Il Reparto si era coperto di gloria con le azioni dei suoi uomini fin da [&hellip;]","og_url":"https:\/\/www.ocean4future.org\/savetheocean\/archives\/80941","og_site_name":"OCEAN4FUTURE","article_published_time":"2023-01-04T23:30:00+00:00","article_modified_time":"2025-10-02T06:53:05+00:00","og_image":[{"width":1200,"height":732,"url":"https:\/\/www.ocean4future.org\/savetheocean\/wp-content\/uploads\/2021\/10\/Barchino-mtm.jpg","type":"image\/jpeg"}],"author":"Redazione OCEAN4FUTURE","twitter_card":"summary_large_image","twitter_creator":"@ocean4future","twitter_site":"@ocean4future","twitter_misc":{"Scritto da":"Redazione OCEAN4FUTURE","Tempo di lettura stimato":"12 minuti"},"schema":{"@context":"https:\/\/schema.org","@graph":[{"@type":"Article","@id":"https:\/\/www.ocean4future.org\/savetheocean\/archives\/80941#article","isPartOf":{"@id":"https:\/\/www.ocean4future.org\/savetheocean\/archives\/80941"},"author":{"name":"Redazione OCEAN4FUTURE","@id":"https:\/\/www.ocean4future.org\/savetheocean\/#\/schema\/person\/ad3962a4283da6a7ba5d2e66f435a340"},"headline":"I Mezzi d&#8217;assalto della Regia Marina in Sardegna di Andrea Grazzini e Romano Pinelli","datePublished":"2023-01-04T23:30:00+00:00","dateModified":"2025-10-02T06:53:05+00:00","mainEntityOfPage":{"@id":"https:\/\/www.ocean4future.org\/savetheocean\/archives\/80941"},"wordCount":1836,"commentCount":0,"publisher":{"@id":"https:\/\/www.ocean4future.org\/savetheocean\/#\/schema\/person\/4e1c26437054353074d7bb2efa77162c"},"image":{"@id":"https:\/\/www.ocean4future.org\/savetheocean\/archives\/80941#primaryimage"},"thumbnailUrl":"https:\/\/www.ocean4future.org\/savetheocean\/wp-content\/uploads\/2021\/10\/Barchino-mtm.jpg","articleSection":["Storia navale della seconda guerra mondiale (1939 - 1945)"],"inLanguage":"it-IT","potentialAction":[{"@type":"CommentAction","name":"Comment","target":["https:\/\/www.ocean4future.org\/savetheocean\/archives\/80941#respond"]}]},{"@type":"WebPage","@id":"https:\/\/www.ocean4future.org\/savetheocean\/archives\/80941","url":"https:\/\/www.ocean4future.org\/savetheocean\/archives\/80941","name":"I Mezzi d'assalto della Regia Marina in Sardegna di Andrea Grazzini e Romano Pinelli &#8226; OCEAN4FUTURE autore","isPartOf":{"@id":"https:\/\/www.ocean4future.org\/savetheocean\/#website"},"primaryImageOfPage":{"@id":"https:\/\/www.ocean4future.org\/savetheocean\/archives\/80941#primaryimage"},"image":{"@id":"https:\/\/www.ocean4future.org\/savetheocean\/archives\/80941#primaryimage"},"thumbnailUrl":"https:\/\/www.ocean4future.org\/savetheocean\/wp-content\/uploads\/2021\/10\/Barchino-mtm.jpg","datePublished":"2023-01-04T23:30:00+00:00","dateModified":"2025-10-02T06:53:05+00:00","breadcrumb":{"@id":"https:\/\/www.ocean4future.org\/savetheocean\/archives\/80941#breadcrumb"},"inLanguage":"it-IT","potentialAction":[{"@type":"ReadAction","target":["https:\/\/www.ocean4future.org\/savetheocean\/archives\/80941"]}]},{"@type":"ImageObject","inLanguage":"it-IT","@id":"https:\/\/www.ocean4future.org\/savetheocean\/archives\/80941#primaryimage","url":"https:\/\/www.ocean4future.org\/savetheocean\/wp-content\/uploads\/2021\/10\/Barchino-mtm.jpg","contentUrl":"https:\/\/www.ocean4future.org\/savetheocean\/wp-content\/uploads\/2021\/10\/Barchino-mtm.jpg","width":1200,"height":732},{"@type":"BreadcrumbList","@id":"https:\/\/www.ocean4future.org\/savetheocean\/archives\/80941#breadcrumb","itemListElement":[{"@type":"ListItem","position":1,"name":"Home","item":"https:\/\/www.ocean4future.org\/savetheocean"},{"@type":"ListItem","position":2,"name":"I Mezzi d&#8217;assalto della Regia Marina in Sardegna di Andrea Grazzini e Romano Pinelli"}]},{"@type":"WebSite","@id":"https:\/\/www.ocean4future.org\/savetheocean\/#website","url":"https:\/\/www.ocean4future.org\/savetheocean\/","name":"Ocean 4 Future","description":"Per una nuova cultura del mare e della marittimit\u00e0","publisher":{"@id":"https:\/\/www.ocean4future.org\/savetheocean\/#\/schema\/person\/4e1c26437054353074d7bb2efa77162c"},"potentialAction":[{"@type":"SearchAction","target":{"@type":"EntryPoint","urlTemplate":"https:\/\/www.ocean4future.org\/savetheocean\/?s={search_term_string}"},"query-input":{"@type":"PropertyValueSpecification","valueRequired":true,"valueName":"search_term_string"}}],"inLanguage":"it-IT"},{"@type":["Person","Organization"],"@id":"https:\/\/www.ocean4future.org\/savetheocean\/#\/schema\/person\/4e1c26437054353074d7bb2efa77162c","name":"oceandiver","image":{"@type":"ImageObject","inLanguage":"it-IT","@id":"https:\/\/www.ocean4future.org\/savetheocean\/wp-content\/uploads\/2023\/04\/logo-ocean3.jpg","url":"https:\/\/www.ocean4future.org\/savetheocean\/wp-content\/uploads\/2023\/04\/logo-ocean3.jpg","contentUrl":"https:\/\/www.ocean4future.org\/savetheocean\/wp-content\/uploads\/2023\/04\/logo-ocean3.jpg","width":472,"height":301,"caption":"oceandiver"},"logo":{"@id":"https:\/\/www.ocean4future.org\/savetheocean\/wp-content\/uploads\/2023\/04\/logo-ocean3.jpg"}},{"@type":"Person","@id":"https:\/\/www.ocean4future.org\/savetheocean\/#\/schema\/person\/ad3962a4283da6a7ba5d2e66f435a340","name":"Redazione OCEAN4FUTURE","image":{"@type":"ImageObject","inLanguage":"it-IT","@id":"https:\/\/secure.gravatar.com\/avatar\/ba6774c3cc06933a10f7e80f4184a636b9f8fe6f86714a5b2c583173eaf54646?s=96&d=mm&r=g","url":"https:\/\/secure.gravatar.com\/avatar\/ba6774c3cc06933a10f7e80f4184a636b9f8fe6f86714a5b2c583173eaf54646?s=96&d=mm&r=g","contentUrl":"https:\/\/secure.gravatar.com\/avatar\/ba6774c3cc06933a10f7e80f4184a636b9f8fe6f86714a5b2c583173eaf54646?s=96&d=mm&r=g","caption":"Redazione OCEAN4FUTURE"},"description":"\u00e8 composta da oltre 60 collaboratori che lavorano in smart working, selezionati tra esperti di settore di diverse discipline. Hanno il compito di\u00a0 selezionare argomenti di particolare interesse, redigendo articoli basati su studi recenti. I contenuti degli stessi restano di responsabilit\u00e0 degli autori che sono ovviamente sempre citati. Eventuali quesiti possono essere inviati alla Redazione (infoocean4future@gmail.com) che, quando possibile, provveder\u00e0 ad inoltrarli agli Autori.","sameAs":["http:\/\/www.ocean4future.org"],"url":"https:\/\/www.ocean4future.org\/savetheocean\/archives\/author\/redazione-ocean4future"}]}},"_links":{"self":[{"href":"https:\/\/www.ocean4future.org\/savetheocean\/wp-json\/wp\/v2\/posts\/80941","targetHints":{"allow":["GET"]}}],"collection":[{"href":"https:\/\/www.ocean4future.org\/savetheocean\/wp-json\/wp\/v2\/posts"}],"about":[{"href":"https:\/\/www.ocean4future.org\/savetheocean\/wp-json\/wp\/v2\/types\/post"}],"author":[{"embeddable":true,"href":"https:\/\/www.ocean4future.org\/savetheocean\/wp-json\/wp\/v2\/users\/2398"}],"replies":[{"embeddable":true,"href":"https:\/\/www.ocean4future.org\/savetheocean\/wp-json\/wp\/v2\/comments?post=80941"}],"version-history":[{"count":0,"href":"https:\/\/www.ocean4future.org\/savetheocean\/wp-json\/wp\/v2\/posts\/80941\/revisions"}],"wp:featuredmedia":[{"embeddable":true,"href":"https:\/\/www.ocean4future.org\/savetheocean\/wp-json\/wp\/v2\/media\/65115"}],"wp:attachment":[{"href":"https:\/\/www.ocean4future.org\/savetheocean\/wp-json\/wp\/v2\/media?parent=80941"}],"wp:term":[{"taxonomy":"category","embeddable":true,"href":"https:\/\/www.ocean4future.org\/savetheocean\/wp-json\/wp\/v2\/categories?post=80941"},{"taxonomy":"post_tag","embeddable":true,"href":"https:\/\/www.ocean4future.org\/savetheocean\/wp-json\/wp\/v2\/tags?post=80941"}],"curies":[{"name":"wp","href":"https:\/\/api.w.org\/{rel}","templated":true}]}}