{"id":80309,"date":"2023-01-10T00:01:55","date_gmt":"2023-01-09T23:01:55","guid":{"rendered":"http:\/\/www.ocean4future.org\/savetheocean\/?p=80309"},"modified":"2026-04-01T09:00:09","modified_gmt":"2026-04-01T07:00:09","slug":"difesa-e-controllo-delle-frontiere-marittime-genovesi-secc-xvi-xviii","status":"publish","type":"post","link":"https:\/\/www.ocean4future.org\/savetheocean\/archives\/80309","title":{"rendered":"Difesa e controllo delle frontiere marittime genovesi (secc. XVI-XVIII) &#8211; Parte I"},"content":{"rendered":"<span class=\"span-reading-time rt-reading-time\" style=\"display: block;\"><span class=\"rt-label rt-prefix\">tempo di lettura: <\/span> <span class=\"rt-time\"> 8<\/span> <span class=\"rt-label rt-postfix\">minuti<\/span><\/span><p><span style=\"color: #ffffff;\">.<\/span><\/p>\n<a class=\"maxbutton-4 maxbutton maxbutton-livello-di-comprensione\" href=\"javascript:void(0);\"><span class='mb-text'>livello elementare<\/span><\/a>\n<p><span style=\"color: #ffffff;\">.<\/span><\/p>\n<p><strong><span style=\"color: #008000;\">ARGOMENTO: STORIA NAVALE<\/span><\/strong><br \/>\n<strong><span style=\"color: #008000;\">PERIODO: XVI-XVIII SECOLO<\/span><\/strong><br \/>\n<strong><span style=\"color: #008000;\">AREA: MAR LIGURE<\/span><\/strong><br \/>\nparole chiave: Genova<br \/>\n<span style=\"color: #ffffff;\">.<\/span><\/p>\n<p style=\"text-align: justify;\"><span style=\"font-size: 18pt;\"><strong><span style=\"color: #008000;\">1. <\/span><span style=\"color: #008000;\">Le frontiere marittime genovesi: definizione, problemi e storiografia<\/span><\/strong><\/span><\/p>\n<p style=\"text-align: justify;\">Prima di parlare di come Genova gest\u00ec la difesa e il controllo delle sue frontiere marittime nei secoli dell\u2019et\u00e0 moderna \u00e8 opportuno definire quali fossero queste frontiere. Il termine frontiera applicato ad un territorio richiama con immediatezza il concetto di <strong><span style=\"color: #008000;\">confine,<\/span><\/strong> cio\u00e8 una linea che separa due entit\u00e0 territoriali. In geografia e nel diritto internazionale la frontiera coincide con la linea di confine che separa due stati, ma pu\u00f2 avere anche un significato spaziale pi\u00f9 ampio, ossia di <strong><span style=\"color: #008000;\">zona di confine<\/span><\/strong>, concepita come una stretta striscia di territorio che sta a ridosso della linea di separazione.<\/p>\n<p style=\"text-align: justify;\">Nel nostro caso, quindi, dovremmo considerare come <strong><span style=\"color: #008000;\">frontiera marittima<\/span><\/strong> della Repubblica di Genova <strong><span style=\"color: #008000;\">la linea costiera delle due Riviere liguri, o la stretta striscia di mare e di territorio litoraneo che gravita intorno a tale linea<\/span><\/strong>. In realt\u00e0, non \u00e8 cos\u00ec, perch\u00e9 spesso di tende a dimenticare che <strong><span style=\"color: #008000;\">la Repubblica di Genova comprendeva non solo il Dominio di Terraferma, corrispondente pressappoco all\u2019attuale Liguria, ma anche quella grande isola che sta al di l\u00e0 del mar Ligure: la Corsica.<\/span> <\/strong>La presenza della Corsica ci costringe a dilatare la nostra concezione della frontiera marittima della Repubblica, e a considerarla nel modo in cui era percepita ceto di governo genovese, vale a dire come uno spazio amplissimo compreso fra la striscia di territorio (inteso qui in senso lato, ossia tanto terrestre quanto marittimo) che gravita intorno alla linea costiera ligure, a nord, e le Bocche di Bonifacio, a sud. Una sorta di grande triangolo rovesciato che ha i propri vertici in Monaco, a ovest, Capo Corvo, a est, e Bonifacio a sud. <strong><span style=\"color: #008000;\">\u00c8 meglio quindi parlare di frontiere, al plurale, in quanto si tratta, dal punto di vista della difese e del controllo del territorio, di un complesso di aree operative diverse che comprende le due Riviere liguri, i litorali della Corsica (con l\u2019isola di Capraia) e la parte di mar Ligure delimitata dal triangolo.<\/span><\/strong> \u00c8 chiaro quindi che stiamo parlando di un sistema alquanto permeabile, nella misura in cui i suoi fianchi a nordest e nordovest \u2013 caratterizzati da spazi di mare aperto difficili da controllare \u2013 risultavamo particolarmente vulnerabili. Si trattava quindi di un sistema ampio e complesso, e questo era vero non solo dal punto di vista geografico, ma anche da quello operativo, che doveva rispondere ad una serie di esigenze.<\/p>\n<p style=\"text-align: justify;\">In primo luogo <span style=\"color: #008000;\"><strong>la difesa militare<\/strong><\/span>, in due principali ambiti strategici: la necessit\u00e0 di far fronte all\u2019attivit\u00e0 dei corsari barbareschi (nella sua duplice forma dell\u2019incursione a terra e dell\u2019azione predatrice in mare) e quella di proteggere il territorio ligure e c\u00f2rso dagli appetiti, veri o presunti che fossero, delle potenze straniere. In secondo luogo <strong><span style=\"color: #008000;\">il controllo del territorio<\/span><\/strong>, vale all\u2019esercizio dei poteri di polizia, che, in ambito marittimo, comprendeva la lotta ai traffici illeciti (sia di frodo che di contrabbando) e i controlli di Sanit\u00e0 (vale a dire quel complesso sistema informativo-poliziesco volto ad impedire l\u2019ingresso del \u201cmorbo pestifero\u201d). In terzo ed ultimo luogo <strong><span style=\"color: #008000;\">la tutela della giurisdizione della Repubblica sul mar Ligure di fronte alle violazioni commesse dei corsari stranieri duranti i conflitti fra le potenze europee<\/span><\/strong>. Manca ad oggi uno studio monografico che tratti nel complesso la gestione militare e poliziesca delle frontiere marittime genovesi. Questo \u00e8 un fatto abbastanza curioso visto che gli studi sui singoli temi non mancano, e molti sono stati realizzati, negli ultimi anni, dai miei colleghi del <strong><span style=\"color: #008000;\">Laboratorio di Storia Marittima e Navale dell\u2019Universit\u00e0 di Genova, dal nostro maestro, Giovanni Assereto, e dal nostro direttore e coordinatore scientifico, Luca Lo Basso. Paolo Calcagno<\/span> <\/strong>si \u00e8 occupato di contrabbando e di lotta al contrabbando \u2013 cos\u00ec come chi scrive \u2013 e del problema della giurisdizione sugli spazi marittimi liguri, in particolare durante le guerre di Luigi XIV (Calcagno 2008, 2010, 2013, 2016).<\/p>\n<p style=\"text-align: justify;\">I controlli di Sanit\u00e0 sono stati trattati da Giovanni Assereto in una monografia pubblicata nel 2011 (Assereto 2011). La Marina da guerra, indispensabile strumento di controllo del mare e difesa delle coste, \u00e8 stata studiata, nelle sue molteplici declinazioni, da Luca Lo Basso, Vilma Borghesi, Gian Carlo Calcagno e da chi scrive (Borghesi 1973, Calcagno 1973, Beri 2011a, 2011b, 2013, 2016b, Lo Basso 2003, 2007, 2011).&nbsp;Infine, il complesso fortificatorio litoraneo \u00e8 stato oggetto d\u2019indagine da parte di numerosi studiosi c\u00f2rsi (Graziani 2000 e 2001, Serpentini 2008) e genovesi (Marmori 1976, Calvino e Sarchi 1980, Fara 1983, Cevini 1984, Fara 1986, Forti 1992, Fedozzi 1998, Biagioni 2001, Beri 2015, Calcagno 2015).<\/p>\n<p style=\"text-align: justify;\"><span style=\"font-size: 18pt;\"><strong><span style=\"color: #008000;\">2. La difesa e il controllo dei litorali e degli spazi marittimi: un sistema misto<\/span><\/strong><\/span><br \/>\nLe forme di difesa e di controllo delle frontiere marittime nelle compagini statuali di antico regime si posso raggruppare in quattro categorie che sono, a due per due, antitetiche: terrestri e navali; statiche e mobili. Spesso queste forme sono state studiate attraverso due modelli relativamente rigidi, riconducibili il primo al binomio statico-terrestre e il secondo a quello mobile-navale. Il sistema genovese rientra tuttavia in entrambi i modelli: vale a dire che ha al suo interno sia elementi statici che mobili, e nessuno prevale in senso assoluto. Il predominio si verifica alternativamente, a seconda del contesto e del problema. Nei controlli di Sanit\u00e0, ad esempio, la componente terrestre \u00e8 sempre predominante e quella navale costituisce un elemento complementare. Nella risposta alla minaccia barbaresca, al contrario, la componente terrestre predomina solo nel XVI e nel primo quarto del XVII secolo \u2013 vale a dire finch\u00e9 sono presenti le incursioni a terra \u2013 mentre a partire dal momento in cui l\u2019attivit\u00e0 corsara si concentra quasi esclusivamente sul far prede in mare ecco che la componente navale, di riflesso, assume un ruolo centrale e quella terrestre viene relegata a compiti complementari (come la raccolta e la trasmissione di informazioni). In aggiunta la mobilit\u00e0 non \u00e8 propria solo della componente navale: la presenza di squadre di cavalleria leggera nella Corsica orientale e nordorientale e nella giurisdizione Sarzana conferisce alla componente terrestre caratteristiche che male si sposano con la definizione di staticit\u00e0.<\/p>\n<p><strong><span style=\"color: #008000;\">Fine I Parte &#8211; continua<\/span><\/strong><\/p>\n<p><strong><span style=\"color: #008000;\">Emiliano Beri<\/span><\/strong><\/p>\n<p>&nbsp;<\/p>\n<p style=\"text-align: justify;\">in anteprima immagine dei una mappa del 1738 circa del mar Ligure &#8211; Fonte Fondo Antiguo de la Biblioteca de la Universidad de Sevilla <a href=\"https:\/\/commons.wikimedia.org\/wiki\/File:1738_map_of_Ligurian_Sea.jpg\">File:1738 map of Ligurian Sea.jpg &#8211; Wikimedia Commons<\/a><\/p>\n<p style=\"text-align: justify;\">testo tratto dalla relazione presentata al convegno internazionale &#8220;Navi genovesi nel Secolo dei Genovesi&#8221;, Archivio di Stato di Genova, 6 aprile 2018&nbsp;<br \/>\n<span style=\"color: #ffffff;\">.<\/span><\/p>\n<p style=\"text-align: justify;\"><strong><strong><span style=\"font-size: 18pt; color: #008000;\">Riferimenti bibliografici<br \/>\n<\/span><\/strong><\/strong><span style=\"font-size: 10pt;\">&#8211; Assereto, Giovanni (2011), \u201cPer la comune salvezza dal morbo contagioso\u201d. I controlli di sanit\u00e0 nella Repubblica di Genova, Novi Ligure, Citt\u00e0 del silenzio.<\/span><br \/>\n<span style=\"font-size: 10pt;\">&#8211; Barbero, Alessandro (2010), Lepanto. La battaglia dei tre imperi, Roma-Bari, Laterza.<\/span><br \/>\n<span style=\"font-size: 10pt;\">&#8211; Beri, Emiliano (2010), \u201cG\u00eanes et la Corse entre insurrection et guerre de succession d\u2019Austriche (1741-1748)\u201d, in Anne Brogini et Maria Ghazali (sous la dir. de), Des marges aux fronti\u00e8res, les puissances et les \u00eeles en Mediterran\u00e9e \u00e0 l\u2019\u00e9poque moderne, Paris, Garnier, pp. 287-342.<\/span><br \/>\n<span style=\"font-size: 10pt;\">&#8211; Beri, Emiliano (2011a), \u201cGenova e le marinerie del suo Dominio di fronte ai corsari di Pasquale Paoli (1755-1768)\u201d in Enza Pelleriti (a cura di), Fra terra e mare: sovranit\u00e0 del mare, controllo del territorio, giustizia dei mercanti, Soveria Mannelli, Rubbettino, pp. 95-119<\/span><br \/>\n<span style=\"font-size: 10pt;\">&#8211; Beri, Emiliano (2011b), Genova e il suo Regno. Ordinamenti militari, poteri locali e controllo del territorio in Corsica fra insurrezioni e guerre civili (1729-1768), Novi Ligure, Citt\u00e0 del silenzio.<\/span><br \/>\n<span style=\"font-size: 10pt;\">&#8211; Beri, Emiliano (2013), \u201cLa marine g\u00e9noise dans les guerres de la Corse (1729-1768)\u201d, in Chronique d&#8217;Histoire Maritime, publication de la Soci\u00e9t\u00e9 Fran\u00e7aise d\u2019Histoire Maritime, n. 74, pp. 17-26.<\/span><br \/>\n<span style=\"font-size: 10pt;\">&#8211; Beri, Emiliano (2015), \u201cD\u00e9fense et contr\u00f4le des littoraux de la Corse g\u00e9noise (XVIe -XVIIIe si\u00e8cles)\u201d, in Anne Brogini e Maria Ghazali (sous la dir. de), La M\u00e9diterran\u00e9e au prisme des rivages. Menaces, protections, am\u00e9nagements en M\u00e9diterran\u00e9e occidentale (XVIe-XXIe si\u00e8cles), Paris, Bouch\u00e8ne, pp. 99-109<\/span><br \/>\n<span style=\"font-size: 10pt;\">&#8211; Beri, Emiliano (2016a): \u201cLa lotta al contrabbando nel teatro marittimo c\u00f2rso durante il medio Settecento fra polizia, intelligence e diplomazia\u201d, in Livio Antonelli e Stefano Levati (a cura di), Contrabbando e legalit\u00e0: polizia a difesa di privative, diritti sovrani e pubblico erario, Soveria Mannelli, Rubbettino.<\/span><br \/>\n<span style=\"font-size: 10pt;\">&#8211; Beri, Emiliano (2106b), \u201cLa Compagnia di Nostra Signora del Soccorso: iniziativa privata e potere pubblico di fronte all&#8217;emergenza barbaresca nella Genova del Settecento\u201d, in Enza Pelleriti (a cura di), Per una ricognizione degli stati di eccezione. Emergenze, ordine pubblico e apparati di polizia in Europa: le esperienze nazionali (secc. XVII-XX), Soveria Mannelli, Rubbettino.<\/span><br \/>\n<span style=\"font-size: 10pt;\">&#8211; Biagioni, Marco (2001), I corsari barbareschi contro Genova e il Levante ligure. Secc. XVI-XVII: incursioni, difese, schiavit\u00f9, riscatti, rinnegati, La Spezia, Luna.<\/span><br \/>\n<span style=\"font-size: 10pt;\">&#8211; Borghesi, Vilma (1973), \u201cIl Magistrato delle galee (1559-1607)\u201d, in Guerra e commercio nell&#8217;evoluzione della marina genovese tra XV e XVII secolo, Genova, Centro per la storia della tecnica in Italia CNR, pp. 187-223.<\/span><br \/>\n<span style=\"font-size: 10pt;\">&#8211; Calcagno, Giancarlo (1973), La navigazione convogliata a Genova nella seconda met\u00e0 del Seicento, in Guerra e commercio nell&#8217;evoluzione della marina genovese tra XV e XVII secolo, Genova, Centro per la storia della tecnica in Italia CNR, pp. 265-392.<\/span><br \/>\n<span style=\"font-size: 10pt;\">&#8211; Calcagno, Paolo (2007), \u201cNel bel mezzo del Dominio\u201d. La comunit\u00e0 di Celle Ligure nei Sei-Settecento, Ventimiglia, Philobiblon.<\/span><br \/>\n<span style=\"font-size: 10pt;\">&#8211; Calcagno, Paolo (2008), \u201cAl pregiudizio de la giurisdizione si aggiunge il danno pecuniario. Genova e la piaga del Finale nel XVII secolo\u201d, in Societ\u00e0 e Storia, n. 121, pp. 499-535.<\/span><br \/>\n<span style=\"font-size: 10pt;\">&#8211; Calcagno, Paolo (2010), \u201cLa lotta al contrabbando nel mare Ligustico in et\u00e0 moderna: problemi e strategie dello Stato\u201d, in Mediterranea, n. 20, pp. 479-532.<\/span><br \/>\n<span style=\"font-size: 10pt;\">&#8211; Calcagno, Paolo (2013), \u201cGenova, San Giorgio e il pattugliamento delle coste liguri a fini fiscali nel XVII secolo\u201d, in Livio Antonielli e Stefano Levati (a cura di), Controllare il territorio. Norme, corpi, conflitti tra Medioevo e Prima guerra mondiale, Soveria Mannelli, Rubbettino, pp. 189-212.<\/span><br \/>\n<span style=\"font-size: 10pt;\">&#8211; Calcagno, Paolo (2015), \u201cUne pr\u00e9occupation r\u00e9currente pour G\u00eanes: la d\u00e9fense de la rade de Vado aux XVIe-XVIIIe si\u00e8cles\u201d, in Anne Brogini et Maria Ghazali (sous la dir. de), La M\u00e9diterran\u00e9e au prisme des rivages. Menaces, protections, am\u00e9nagements en M\u00e9diterran\u00e9e occidentale (XVIe-XXIe si\u00e8cles), Paris, Bouch\u00e8ne, pp. 45-58.<\/span><br \/>\n<span style=\"font-size: 10pt;\">&#8211; Calcagno, Paolo (2016), \u201cMinacce dal mare: Genova e l\u2019intensificazione della corsa durante le guerre di Luigi XIV\u201d, in Enza Pelleriti (a cura di), Per una ricognizione degli stati di eccezione. Emergenze, ordine pubblico e apparati di polizia in Europa: le esperienze nazionali (secc. XVII-XX), Soveria Mannelli, Rubbettino.<\/span><br \/>\n<span style=\"font-size: 10pt;\">&#8211; Calvino, Nilo e Sarchi, Aldo (1980), Corsari, sbarchi e fortificazioni nell\u2019estremo Ponente ligure, Sanremo, Casabianca.<\/span><br \/>\n<span style=\"font-size: 10pt;\">&#8211; Cevini, Paolo (1984), La Spezia, Genova, Sagep.<\/span><br \/>\n<span style=\"font-size: 10pt;\">&#8211; Fara, Amelio (1983), La Spezia, Roma-Bari, Laterza.<\/span><br \/>\n<span style=\"font-size: 10pt;\">&#8211; Fara, Amelio (1986), Il forte Santa Teresa nel Golfo della Spezia, Lerici, ENEA.<\/span><br \/>\n<span style=\"font-size: 10pt;\">&#8211; Fedozzi, Giorgio (1998), Corsari e pirati in Liguria. Le scorrerie dei predoni turchi e barbareschi, i saccheggi, le deportazioni, la schiavit\u00f9 e i riscatti, Imperia, Dominici.<\/span><br \/>\n<span style=\"font-size: 10pt;\">&#8211; Forti, Leone Carlo (1992), Fortificazioni ed ingegneri militari in Liguria (1684-1814), Genova, Compagnia dei Librai.<\/span><br \/>\n<span style=\"font-size: 10pt;\">&#8211; Giacomone Piana, Paolo e Dellepiane, Riccardo (2004): Militarium. Fonti archivistiche e bibliografia per la storia militare delle Repubblica di Genova (1528-1797), della Repubblica Ligure (1797-1805) e della Liguria napoleonica (1805-1814), Savone, Daner.<\/span><br \/>\n<span style=\"font-size: 10pt;\">&#8211; Graziani, Antoine-Marie (2000), \u201cLes ouvrages de d\u00e9fense en corse contre le turcs (1530-1650)\u201d, in Antoine-Marie Graziani et Michel Verg\u00e9-Franceschi (sous la dir. de), La guerre de course en M\u00e9diterran\u00e9e (1515-1830), Paris-Ajaccio, Presses de l&#8217;Universit\u00e9 Paris Sorbonne-Piazzola, pp. 73-158.<\/span><br \/>\n<span style=\"font-size: 10pt;\">&#8211; Graziani, Antoine-Marie (2001), \u201cLa menace barbaresque en Corse et la construction d\u2019un syst\u00e8me de d\u00e9fense (1510-1610)\u201d, in Revue d\u2019histoire maritime, nn. 2-3 (2001), pp. 141-162<\/span><br \/>\n<span style=\"font-size: 10pt;\">&#8211; Lenci, Marco (2006), Corsari. Guerra, schiavi, rinnegati nel Mediterraneo, Roma, Carocci.<\/span><br \/>\n<span style=\"font-size: 10pt;\">&#8211; Lo Basso, Luca (2003), Uomini da remo. Galee e galeotti del Mediterraneo in et\u00e0 moderna, Milano, Selene.<\/span><br \/>\n<span style=\"font-size: 10pt;\">&#8211; Lo Basso, Luca (2007), \u201cGli asentisti del re. L\u2019esercizio privato della guerra nelle strategie economiche dei Genovesi (1528-1716)\u201d, in Rossella Cancila (a cura di), Mediterraneo in armi (secc. XV-XVIII), Quaderni Mediterranea, pp. 397-428.<\/span><br \/>\n<span style=\"font-size: 10pt;\">&#8211; Lo Basso, Luca (2011), \u201cUna difficile esistenza. Il duca di Tursi, gli asientos di galee e la squadra di Genova tra guerra navale, finanza e intrighi politici (1635-1643)\u201d, in Manuel Herrero S\u00e1nchez, Yasmina Roc\u00edo Ben Yessef Garfia, Carlo Bitossi, Dino Puncuh (coor.), G\u00e9nova y la Monarqu\u00eda Hisp\u00e1nica (1528-1713), Genova, Societ\u00e0 Ligure di Storia Patria, pp. 819-846.<\/span><br \/>\n<span style=\"font-size: 10pt;\">&#8211; Marmori, Franco (1976), Fortificazioni nel golfo della Spezia, Genova, Stringa.<\/span><br \/>\n<span style=\"font-size: 10pt;\">&#8211; Pacini, Arturo (1990), I presupposti politici del \u201csecolo dei genovesi\u201d. La riforma del 1528, Genova, Societ\u00e0 Ligure di Storia Patria.<\/span><br \/>\n<span style=\"font-size: 10pt;\">&#8211; Pacini, Arturo (1999), La Genova di Andrea Doria nell\u2019impero di Carlo V, Firenze, Olschki.<\/span><br \/>\n<span style=\"font-size: 10pt;\">&#8211; Pacini, Arturo (2013), &#8220;Desde Rosas a Gaeta&#8221;: la costruzione della rotta spagnola del Mediterraneo occidentale nel secolo XVI secolo, Milano, F. Angeli.<\/span><br \/>\n<span style=\"font-size: 10pt;\">&#8211; Rossi, Luisa (2003), Lo specchio del Golfo. Paesaggio e anima della provincia spezzina, Sarzana, Agor\u00e0.<\/span><br \/>\n<span style=\"font-size: 10pt;\">&#8211; Serpentini, Antoine-Laurent (2008), \u201cAspects du syst\u00e8me d\u00e9fensif de la Corse g\u00e9noise \u00e0 l\u2019\u00e9poque moderne\u201d, in Bruno Anatra et alii (a cura di), Contra Moros y Turcos. Politiche e sistemi di difesa degli Stati mediterranei della Corona di Spagna in Et\u00e0 Moderna, Cagliari, Istituto di Storia dell\u2019Europa mediterranea CNR, pp. 297-298.<\/span><\/p>\n<p>&nbsp;<\/p>\n<p style=\"text-align: justify;\">Alcune delle immagini possono essere state prese dal web, citandone ove possibile gli autori e\/o le fonti. Se qualcuno desiderasse specificarne l\u2019autore e le fonti o rimuoverle, pu\u00f2 scrivere a infoocean4future@gmail.com e provvederemo immediatamente alla correzione dell\u2019articolo<\/p>\n<p>&nbsp;<\/p>\n<p><a class=\"maxbutton-3 maxbutton maxbutton-pagina-principale\" target=\"_blank\" title=\"tooltip\" rel=\"nofollow noopener\" href=\"http:\/\/www.ocean4future.org\"><span class='mb-text'>PAGINA PRINCIPALE<\/span><\/a><br \/>\n<span style=\"color: #ffffff;\">.<\/span><\/p>\n<p><a class=\"maxbutton-13 maxbutton maxbutton-parte-i\" target=\"_blank\" title=\" tooltip\" rel=\"nofollow noopener\" href=\"https:\/\/www.ocean4future.org\/savetheocean\/archives\/80309\"><span class='mb-text'>PARTE I<\/span><\/a> <a class=\"maxbutton-14 maxbutton maxbutton-parte-ii\" target=\"_blank\" title=\" tooltip\" rel=\"nofollow noopener\" href=\"https:\/\/www.ocean4future.org\/savetheocean\/archives\/80321\"><span class='mb-text'>PARTE II<\/span><\/a><br \/>\n<span style=\"color: #ffffff;\">.<\/span><\/p>\n","protected":false},"excerpt":{"rendered":"<p><span class=\"span-reading-time rt-reading-time\" style=\"display: block;\"><span class=\"rt-label rt-prefix\">tempo di lettura: <\/span> <span class=\"rt-time\"> 8<\/span> <span class=\"rt-label rt-postfix\">minuti<\/span><\/span>. . ARGOMENTO: STORIA NAVALE PERIODO: XVI-XVIII SECOLO AREA: MAR LIGURE parole chiave: Genova . 1. Le frontiere marittime genovesi: definizione, problemi e storiografia Prima di parlare di come Genova gest\u00ec la difesa e il controllo delle sue frontiere marittime nei secoli dell\u2019et\u00e0 moderna \u00e8 opportuno definire quali fossero queste frontiere. Il termine frontiera applicato [&hellip;]<\/p>\n","protected":false},"author":2351,"featured_media":91657,"comment_status":"open","ping_status":"open","sticky":false,"template":"","format":"standard","meta":{"_acf_changed":false,"_monsterinsights_skip_tracking":false,"_monsterinsights_sitenote_active":false,"_monsterinsights_sitenote_note":"","_monsterinsights_sitenote_category":0,"footnotes":""},"categories":[2318],"tags":[],"class_list":["post-80309","post","type-post","status-publish","format-standard","has-post-thumbnail","hentry","category-eta-moderna"],"acf":[],"yoast_head":"<!-- This site is optimized with the Yoast SEO plugin v27.4 - https:\/\/yoast.com\/product\/yoast-seo-wordpress\/ -->\n<title>Difesa e controllo delle frontiere marittime genovesi (secc. XVI-XVIII) - Parte I &#8226; OCEAN4FUTURE autore<\/title>\n<meta name=\"robots\" content=\"index, follow, max-snippet:-1, max-image-preview:large, max-video-preview:-1\" \/>\n<link rel=\"canonical\" href=\"https:\/\/www.ocean4future.org\/savetheocean\/archives\/80309\" \/>\n<meta property=\"og:locale\" content=\"it_IT\" \/>\n<meta property=\"og:type\" content=\"article\" \/>\n<meta property=\"og:title\" content=\"Difesa e controllo delle frontiere marittime genovesi (secc. XVI-XVIII) - Parte I &#8226; OCEAN4FUTURE autore\" \/>\n<meta property=\"og:description\" content=\"tempo di lettura:  8 minuti. . ARGOMENTO: STORIA NAVALE PERIODO: XVI-XVIII SECOLO AREA: MAR LIGURE parole chiave: Genova . 1. Le frontiere marittime genovesi: definizione, problemi e storiografia Prima di parlare di come Genova gest\u00ec la difesa e il controllo delle sue frontiere marittime nei secoli dell\u2019et\u00e0 moderna \u00e8 opportuno definire quali fossero queste frontiere. Il termine frontiera applicato [&hellip;]\" \/>\n<meta property=\"og:url\" content=\"https:\/\/www.ocean4future.org\/savetheocean\/archives\/80309\" \/>\n<meta property=\"og:site_name\" content=\"OCEAN4FUTURE\" \/>\n<meta property=\"article:published_time\" content=\"2023-01-09T23:01:55+00:00\" \/>\n<meta property=\"article:modified_time\" content=\"2026-04-01T07:00:09+00:00\" \/>\n<meta property=\"og:image\" content=\"https:\/\/www.ocean4future.org\/savetheocean\/wp-content\/uploads\/2023\/01\/CARTOGRAFIA-CORSICA-MAR-LIGURE-1738_map_of_Ligurian_Sea.jpg\" \/>\n\t<meta property=\"og:image:width\" content=\"640\" \/>\n\t<meta property=\"og:image:height\" content=\"540\" \/>\n\t<meta property=\"og:image:type\" content=\"image\/jpeg\" \/>\n<meta name=\"author\" content=\"Emiliano Beri\" \/>\n<meta name=\"twitter:card\" content=\"summary_large_image\" \/>\n<meta name=\"twitter:creator\" content=\"@ocean4future\" \/>\n<meta name=\"twitter:site\" content=\"@ocean4future\" \/>\n<meta name=\"twitter:label1\" content=\"Scritto da\" \/>\n\t<meta name=\"twitter:data1\" content=\"Emiliano Beri\" \/>\n\t<meta name=\"twitter:label2\" content=\"Tempo di lettura stimato\" \/>\n\t<meta name=\"twitter:data2\" content=\"12 minuti\" \/>\n<script type=\"application\/ld+json\" class=\"yoast-schema-graph\">{\"@context\":\"https:\\\/\\\/schema.org\",\"@graph\":[{\"@type\":\"Article\",\"@id\":\"https:\\\/\\\/www.ocean4future.org\\\/savetheocean\\\/archives\\\/80309#article\",\"isPartOf\":{\"@id\":\"https:\\\/\\\/www.ocean4future.org\\\/savetheocean\\\/archives\\\/80309\"},\"author\":{\"name\":\"Emiliano Beri\",\"@id\":\"https:\\\/\\\/www.ocean4future.org\\\/savetheocean\\\/#\\\/schema\\\/person\\\/781583c5da04e27397a84aa8179c39b4\"},\"headline\":\"Difesa e controllo delle frontiere marittime genovesi (secc. XVI-XVIII) &#8211; Parte I\",\"datePublished\":\"2023-01-09T23:01:55+00:00\",\"dateModified\":\"2026-04-01T07:00:09+00:00\",\"mainEntityOfPage\":{\"@id\":\"https:\\\/\\\/www.ocean4future.org\\\/savetheocean\\\/archives\\\/80309\"},\"wordCount\":2251,\"commentCount\":0,\"publisher\":{\"@id\":\"https:\\\/\\\/www.ocean4future.org\\\/savetheocean\\\/#\\\/schema\\\/person\\\/4e1c26437054353074d7bb2efa77162c\"},\"image\":{\"@id\":\"https:\\\/\\\/www.ocean4future.org\\\/savetheocean\\\/archives\\\/80309#primaryimage\"},\"thumbnailUrl\":\"https:\\\/\\\/www.ocean4future.org\\\/savetheocean\\\/wp-content\\\/uploads\\\/2023\\\/01\\\/CARTOGRAFIA-CORSICA-MAR-LIGURE-1738_map_of_Ligurian_Sea.jpg\",\"articleSection\":[\"Storia navale dell'et\u00e0 moderna (post 1492 - oggi)\"],\"inLanguage\":\"it-IT\",\"potentialAction\":[{\"@type\":\"CommentAction\",\"name\":\"Comment\",\"target\":[\"https:\\\/\\\/www.ocean4future.org\\\/savetheocean\\\/archives\\\/80309#respond\"]}]},{\"@type\":\"WebPage\",\"@id\":\"https:\\\/\\\/www.ocean4future.org\\\/savetheocean\\\/archives\\\/80309\",\"url\":\"https:\\\/\\\/www.ocean4future.org\\\/savetheocean\\\/archives\\\/80309\",\"name\":\"Difesa e controllo delle frontiere marittime genovesi (secc. XVI-XVIII) - Parte I &#8226; OCEAN4FUTURE autore\",\"isPartOf\":{\"@id\":\"https:\\\/\\\/www.ocean4future.org\\\/savetheocean\\\/#website\"},\"primaryImageOfPage\":{\"@id\":\"https:\\\/\\\/www.ocean4future.org\\\/savetheocean\\\/archives\\\/80309#primaryimage\"},\"image\":{\"@id\":\"https:\\\/\\\/www.ocean4future.org\\\/savetheocean\\\/archives\\\/80309#primaryimage\"},\"thumbnailUrl\":\"https:\\\/\\\/www.ocean4future.org\\\/savetheocean\\\/wp-content\\\/uploads\\\/2023\\\/01\\\/CARTOGRAFIA-CORSICA-MAR-LIGURE-1738_map_of_Ligurian_Sea.jpg\",\"datePublished\":\"2023-01-09T23:01:55+00:00\",\"dateModified\":\"2026-04-01T07:00:09+00:00\",\"breadcrumb\":{\"@id\":\"https:\\\/\\\/www.ocean4future.org\\\/savetheocean\\\/archives\\\/80309#breadcrumb\"},\"inLanguage\":\"it-IT\",\"potentialAction\":[{\"@type\":\"ReadAction\",\"target\":[\"https:\\\/\\\/www.ocean4future.org\\\/savetheocean\\\/archives\\\/80309\"]}]},{\"@type\":\"ImageObject\",\"inLanguage\":\"it-IT\",\"@id\":\"https:\\\/\\\/www.ocean4future.org\\\/savetheocean\\\/archives\\\/80309#primaryimage\",\"url\":\"https:\\\/\\\/www.ocean4future.org\\\/savetheocean\\\/wp-content\\\/uploads\\\/2023\\\/01\\\/CARTOGRAFIA-CORSICA-MAR-LIGURE-1738_map_of_Ligurian_Sea.jpg\",\"contentUrl\":\"https:\\\/\\\/www.ocean4future.org\\\/savetheocean\\\/wp-content\\\/uploads\\\/2023\\\/01\\\/CARTOGRAFIA-CORSICA-MAR-LIGURE-1738_map_of_Ligurian_Sea.jpg\",\"width\":640,\"height\":540},{\"@type\":\"BreadcrumbList\",\"@id\":\"https:\\\/\\\/www.ocean4future.org\\\/savetheocean\\\/archives\\\/80309#breadcrumb\",\"itemListElement\":[{\"@type\":\"ListItem\",\"position\":1,\"name\":\"Home\",\"item\":\"https:\\\/\\\/www.ocean4future.org\\\/savetheocean\"},{\"@type\":\"ListItem\",\"position\":2,\"name\":\"Difesa e controllo delle frontiere marittime genovesi (secc. XVI-XVIII) &#8211; Parte I\"}]},{\"@type\":\"WebSite\",\"@id\":\"https:\\\/\\\/www.ocean4future.org\\\/savetheocean\\\/#website\",\"url\":\"https:\\\/\\\/www.ocean4future.org\\\/savetheocean\\\/\",\"name\":\"Ocean 4 Future\",\"description\":\"Per una nuova cultura del mare e della marittimit\u00e0\",\"publisher\":{\"@id\":\"https:\\\/\\\/www.ocean4future.org\\\/savetheocean\\\/#\\\/schema\\\/person\\\/4e1c26437054353074d7bb2efa77162c\"},\"potentialAction\":[{\"@type\":\"SearchAction\",\"target\":{\"@type\":\"EntryPoint\",\"urlTemplate\":\"https:\\\/\\\/www.ocean4future.org\\\/savetheocean\\\/?s={search_term_string}\"},\"query-input\":{\"@type\":\"PropertyValueSpecification\",\"valueRequired\":true,\"valueName\":\"search_term_string\"}}],\"inLanguage\":\"it-IT\"},{\"@type\":[\"Person\",\"Organization\"],\"@id\":\"https:\\\/\\\/www.ocean4future.org\\\/savetheocean\\\/#\\\/schema\\\/person\\\/4e1c26437054353074d7bb2efa77162c\",\"name\":\"oceandiver\",\"image\":{\"@type\":\"ImageObject\",\"inLanguage\":\"it-IT\",\"@id\":\"https:\\\/\\\/www.ocean4future.org\\\/savetheocean\\\/wp-content\\\/uploads\\\/2023\\\/04\\\/logo-ocean3.jpg\",\"url\":\"https:\\\/\\\/www.ocean4future.org\\\/savetheocean\\\/wp-content\\\/uploads\\\/2023\\\/04\\\/logo-ocean3.jpg\",\"contentUrl\":\"https:\\\/\\\/www.ocean4future.org\\\/savetheocean\\\/wp-content\\\/uploads\\\/2023\\\/04\\\/logo-ocean3.jpg\",\"width\":472,\"height\":301,\"caption\":\"oceandiver\"},\"logo\":{\"@id\":\"https:\\\/\\\/www.ocean4future.org\\\/savetheocean\\\/wp-content\\\/uploads\\\/2023\\\/04\\\/logo-ocean3.jpg\"}},{\"@type\":\"Person\",\"@id\":\"https:\\\/\\\/www.ocean4future.org\\\/savetheocean\\\/#\\\/schema\\\/person\\\/781583c5da04e27397a84aa8179c39b4\",\"name\":\"Emiliano Beri\",\"image\":{\"@type\":\"ImageObject\",\"inLanguage\":\"it-IT\",\"@id\":\"https:\\\/\\\/secure.gravatar.com\\\/avatar\\\/8fc6a18bf2f7c144695ff5e8c53788326be3a0392d4247dab507705e5001cbd6?s=96&d=mm&r=g\",\"url\":\"https:\\\/\\\/secure.gravatar.com\\\/avatar\\\/8fc6a18bf2f7c144695ff5e8c53788326be3a0392d4247dab507705e5001cbd6?s=96&d=mm&r=g\",\"contentUrl\":\"https:\\\/\\\/secure.gravatar.com\\\/avatar\\\/8fc6a18bf2f7c144695ff5e8c53788326be3a0392d4247dab507705e5001cbd6?s=96&d=mm&r=g\",\"caption\":\"Emiliano Beri\"},\"description\":\"Emiliano Beri si \u00e8 laureato con lode in Storia presso la Facolt\u00e0 di Lettere e Filosofia dell\u2019Universit\u00e0 di Genova. Nel 2011 ha conseguito il Dottorato di Ricerca in Storia, discutendo una tesi sulle guerre di Corsica del medio Settecento. Dal 2012 al 2016 \u00e8 stato assegnista di ricerca presso il Dipartimento di Antichit\u00e0, Filosofia, Storia e Geografia dell\u2019Universit\u00e0 di Genova. \u00a0Negli anni accademici 2016-17 e 2017-18 ha insegnato Storia sociale nel corso di Laurea triennale in Storia e Storia militare nel corso di Laurea magistrale in Scienze Storiche della Scuola di Scienze Umanistiche dell\u2019Universit\u00e0 di Genova. Per l\u2019anno accademico 2018-19 \u00e8 stato docente aggregato di Storia militare nel corso di Laurea magistrale in Scienze storiche della stessa Scuola. A partire dall\u2019anno accademico 2019-20 \u00e8 docente aggregato sia di Storia militare che di Storia sociale.\",\"url\":\"https:\\\/\\\/www.ocean4future.org\\\/savetheocean\\\/archives\\\/author\\\/emiliano-beri\"}]}<\/script>\n<!-- \/ Yoast SEO plugin. -->","yoast_head_json":{"title":"Difesa e controllo delle frontiere marittime genovesi (secc. XVI-XVIII) - Parte I &#8226; OCEAN4FUTURE autore","robots":{"index":"index","follow":"follow","max-snippet":"max-snippet:-1","max-image-preview":"max-image-preview:large","max-video-preview":"max-video-preview:-1"},"canonical":"https:\/\/www.ocean4future.org\/savetheocean\/archives\/80309","og_locale":"it_IT","og_type":"article","og_title":"Difesa e controllo delle frontiere marittime genovesi (secc. XVI-XVIII) - Parte I &#8226; OCEAN4FUTURE autore","og_description":"tempo di lettura:  8 minuti. . ARGOMENTO: STORIA NAVALE PERIODO: XVI-XVIII SECOLO AREA: MAR LIGURE parole chiave: Genova . 1. Le frontiere marittime genovesi: definizione, problemi e storiografia Prima di parlare di come Genova gest\u00ec la difesa e il controllo delle sue frontiere marittime nei secoli dell\u2019et\u00e0 moderna \u00e8 opportuno definire quali fossero queste frontiere. Il termine frontiera applicato [&hellip;]","og_url":"https:\/\/www.ocean4future.org\/savetheocean\/archives\/80309","og_site_name":"OCEAN4FUTURE","article_published_time":"2023-01-09T23:01:55+00:00","article_modified_time":"2026-04-01T07:00:09+00:00","og_image":[{"width":640,"height":540,"url":"https:\/\/www.ocean4future.org\/savetheocean\/wp-content\/uploads\/2023\/01\/CARTOGRAFIA-CORSICA-MAR-LIGURE-1738_map_of_Ligurian_Sea.jpg","type":"image\/jpeg"}],"author":"Emiliano Beri","twitter_card":"summary_large_image","twitter_creator":"@ocean4future","twitter_site":"@ocean4future","twitter_misc":{"Scritto da":"Emiliano Beri","Tempo di lettura stimato":"12 minuti"},"schema":{"@context":"https:\/\/schema.org","@graph":[{"@type":"Article","@id":"https:\/\/www.ocean4future.org\/savetheocean\/archives\/80309#article","isPartOf":{"@id":"https:\/\/www.ocean4future.org\/savetheocean\/archives\/80309"},"author":{"name":"Emiliano Beri","@id":"https:\/\/www.ocean4future.org\/savetheocean\/#\/schema\/person\/781583c5da04e27397a84aa8179c39b4"},"headline":"Difesa e controllo delle frontiere marittime genovesi (secc. XVI-XVIII) &#8211; Parte I","datePublished":"2023-01-09T23:01:55+00:00","dateModified":"2026-04-01T07:00:09+00:00","mainEntityOfPage":{"@id":"https:\/\/www.ocean4future.org\/savetheocean\/archives\/80309"},"wordCount":2251,"commentCount":0,"publisher":{"@id":"https:\/\/www.ocean4future.org\/savetheocean\/#\/schema\/person\/4e1c26437054353074d7bb2efa77162c"},"image":{"@id":"https:\/\/www.ocean4future.org\/savetheocean\/archives\/80309#primaryimage"},"thumbnailUrl":"https:\/\/www.ocean4future.org\/savetheocean\/wp-content\/uploads\/2023\/01\/CARTOGRAFIA-CORSICA-MAR-LIGURE-1738_map_of_Ligurian_Sea.jpg","articleSection":["Storia navale dell'et\u00e0 moderna (post 1492 - oggi)"],"inLanguage":"it-IT","potentialAction":[{"@type":"CommentAction","name":"Comment","target":["https:\/\/www.ocean4future.org\/savetheocean\/archives\/80309#respond"]}]},{"@type":"WebPage","@id":"https:\/\/www.ocean4future.org\/savetheocean\/archives\/80309","url":"https:\/\/www.ocean4future.org\/savetheocean\/archives\/80309","name":"Difesa e controllo delle frontiere marittime genovesi (secc. XVI-XVIII) - Parte I &#8226; OCEAN4FUTURE autore","isPartOf":{"@id":"https:\/\/www.ocean4future.org\/savetheocean\/#website"},"primaryImageOfPage":{"@id":"https:\/\/www.ocean4future.org\/savetheocean\/archives\/80309#primaryimage"},"image":{"@id":"https:\/\/www.ocean4future.org\/savetheocean\/archives\/80309#primaryimage"},"thumbnailUrl":"https:\/\/www.ocean4future.org\/savetheocean\/wp-content\/uploads\/2023\/01\/CARTOGRAFIA-CORSICA-MAR-LIGURE-1738_map_of_Ligurian_Sea.jpg","datePublished":"2023-01-09T23:01:55+00:00","dateModified":"2026-04-01T07:00:09+00:00","breadcrumb":{"@id":"https:\/\/www.ocean4future.org\/savetheocean\/archives\/80309#breadcrumb"},"inLanguage":"it-IT","potentialAction":[{"@type":"ReadAction","target":["https:\/\/www.ocean4future.org\/savetheocean\/archives\/80309"]}]},{"@type":"ImageObject","inLanguage":"it-IT","@id":"https:\/\/www.ocean4future.org\/savetheocean\/archives\/80309#primaryimage","url":"https:\/\/www.ocean4future.org\/savetheocean\/wp-content\/uploads\/2023\/01\/CARTOGRAFIA-CORSICA-MAR-LIGURE-1738_map_of_Ligurian_Sea.jpg","contentUrl":"https:\/\/www.ocean4future.org\/savetheocean\/wp-content\/uploads\/2023\/01\/CARTOGRAFIA-CORSICA-MAR-LIGURE-1738_map_of_Ligurian_Sea.jpg","width":640,"height":540},{"@type":"BreadcrumbList","@id":"https:\/\/www.ocean4future.org\/savetheocean\/archives\/80309#breadcrumb","itemListElement":[{"@type":"ListItem","position":1,"name":"Home","item":"https:\/\/www.ocean4future.org\/savetheocean"},{"@type":"ListItem","position":2,"name":"Difesa e controllo delle frontiere marittime genovesi (secc. XVI-XVIII) &#8211; Parte I"}]},{"@type":"WebSite","@id":"https:\/\/www.ocean4future.org\/savetheocean\/#website","url":"https:\/\/www.ocean4future.org\/savetheocean\/","name":"Ocean 4 Future","description":"Per una nuova cultura del mare e della marittimit\u00e0","publisher":{"@id":"https:\/\/www.ocean4future.org\/savetheocean\/#\/schema\/person\/4e1c26437054353074d7bb2efa77162c"},"potentialAction":[{"@type":"SearchAction","target":{"@type":"EntryPoint","urlTemplate":"https:\/\/www.ocean4future.org\/savetheocean\/?s={search_term_string}"},"query-input":{"@type":"PropertyValueSpecification","valueRequired":true,"valueName":"search_term_string"}}],"inLanguage":"it-IT"},{"@type":["Person","Organization"],"@id":"https:\/\/www.ocean4future.org\/savetheocean\/#\/schema\/person\/4e1c26437054353074d7bb2efa77162c","name":"oceandiver","image":{"@type":"ImageObject","inLanguage":"it-IT","@id":"https:\/\/www.ocean4future.org\/savetheocean\/wp-content\/uploads\/2023\/04\/logo-ocean3.jpg","url":"https:\/\/www.ocean4future.org\/savetheocean\/wp-content\/uploads\/2023\/04\/logo-ocean3.jpg","contentUrl":"https:\/\/www.ocean4future.org\/savetheocean\/wp-content\/uploads\/2023\/04\/logo-ocean3.jpg","width":472,"height":301,"caption":"oceandiver"},"logo":{"@id":"https:\/\/www.ocean4future.org\/savetheocean\/wp-content\/uploads\/2023\/04\/logo-ocean3.jpg"}},{"@type":"Person","@id":"https:\/\/www.ocean4future.org\/savetheocean\/#\/schema\/person\/781583c5da04e27397a84aa8179c39b4","name":"Emiliano Beri","image":{"@type":"ImageObject","inLanguage":"it-IT","@id":"https:\/\/secure.gravatar.com\/avatar\/8fc6a18bf2f7c144695ff5e8c53788326be3a0392d4247dab507705e5001cbd6?s=96&d=mm&r=g","url":"https:\/\/secure.gravatar.com\/avatar\/8fc6a18bf2f7c144695ff5e8c53788326be3a0392d4247dab507705e5001cbd6?s=96&d=mm&r=g","contentUrl":"https:\/\/secure.gravatar.com\/avatar\/8fc6a18bf2f7c144695ff5e8c53788326be3a0392d4247dab507705e5001cbd6?s=96&d=mm&r=g","caption":"Emiliano Beri"},"description":"Emiliano Beri si \u00e8 laureato con lode in Storia presso la Facolt\u00e0 di Lettere e Filosofia dell\u2019Universit\u00e0 di Genova. Nel 2011 ha conseguito il Dottorato di Ricerca in Storia, discutendo una tesi sulle guerre di Corsica del medio Settecento. Dal 2012 al 2016 \u00e8 stato assegnista di ricerca presso il Dipartimento di Antichit\u00e0, Filosofia, Storia e Geografia dell\u2019Universit\u00e0 di Genova. \u00a0Negli anni accademici 2016-17 e 2017-18 ha insegnato Storia sociale nel corso di Laurea triennale in Storia e Storia militare nel corso di Laurea magistrale in Scienze Storiche della Scuola di Scienze Umanistiche dell\u2019Universit\u00e0 di Genova. Per l\u2019anno accademico 2018-19 \u00e8 stato docente aggregato di Storia militare nel corso di Laurea magistrale in Scienze storiche della stessa Scuola. A partire dall\u2019anno accademico 2019-20 \u00e8 docente aggregato sia di Storia militare che di Storia sociale.","url":"https:\/\/www.ocean4future.org\/savetheocean\/archives\/author\/emiliano-beri"}]}},"_links":{"self":[{"href":"https:\/\/www.ocean4future.org\/savetheocean\/wp-json\/wp\/v2\/posts\/80309","targetHints":{"allow":["GET"]}}],"collection":[{"href":"https:\/\/www.ocean4future.org\/savetheocean\/wp-json\/wp\/v2\/posts"}],"about":[{"href":"https:\/\/www.ocean4future.org\/savetheocean\/wp-json\/wp\/v2\/types\/post"}],"author":[{"embeddable":true,"href":"https:\/\/www.ocean4future.org\/savetheocean\/wp-json\/wp\/v2\/users\/2351"}],"replies":[{"embeddable":true,"href":"https:\/\/www.ocean4future.org\/savetheocean\/wp-json\/wp\/v2\/comments?post=80309"}],"version-history":[{"count":1,"href":"https:\/\/www.ocean4future.org\/savetheocean\/wp-json\/wp\/v2\/posts\/80309\/revisions"}],"predecessor-version":[{"id":127147,"href":"https:\/\/www.ocean4future.org\/savetheocean\/wp-json\/wp\/v2\/posts\/80309\/revisions\/127147"}],"wp:featuredmedia":[{"embeddable":true,"href":"https:\/\/www.ocean4future.org\/savetheocean\/wp-json\/wp\/v2\/media\/91657"}],"wp:attachment":[{"href":"https:\/\/www.ocean4future.org\/savetheocean\/wp-json\/wp\/v2\/media?parent=80309"}],"wp:term":[{"taxonomy":"category","embeddable":true,"href":"https:\/\/www.ocean4future.org\/savetheocean\/wp-json\/wp\/v2\/categories?post=80309"},{"taxonomy":"post_tag","embeddable":true,"href":"https:\/\/www.ocean4future.org\/savetheocean\/wp-json\/wp\/v2\/tags?post=80309"}],"curies":[{"name":"wp","href":"https:\/\/api.w.org\/{rel}","templated":true}]}}