{"id":78720,"date":"2025-11-16T00:01:46","date_gmt":"2025-11-15T23:01:46","guid":{"rendered":"http:\/\/www.ocean4future.org\/savetheocean\/?p=78720"},"modified":"2026-03-26T12:44:40","modified_gmt":"2026-03-26T11:44:40","slug":"i-pirati-dellantichita-parte-ii","status":"publish","type":"post","link":"https:\/\/www.ocean4future.org\/savetheocean\/archives\/78720","title":{"rendered":"I pirati dell\u2019antichit\u00e0 &#8211; parte II"},"content":{"rendered":"<span class=\"span-reading-time rt-reading-time\" style=\"display: block;\"><span class=\"rt-label rt-prefix\">tempo di lettura: <\/span> <span class=\"rt-time\"> 5<\/span> <span class=\"rt-label rt-postfix\">minuti<\/span><\/span><p><span style=\"color: #ffffff;\">.<\/span><\/p>\n<a class=\"maxbutton-4 maxbutton maxbutton-livello-di-comprensione\" href=\"javascript:void(0);\"><span class='mb-text'>livello elementare<\/span><\/a>\n<p><span style=\"color: #ffffff;\">.<\/span><\/p>\n<p><strong><span style=\"color: #008000;\">ARGOMENTO:\u00a0STORIA ROMANA<\/span><\/strong><br \/>\n<strong><span style=\"color: #008000;\">PERIODO: EPOCA REPUBBLICANA E IMPERIALE<\/span><\/strong><br \/>\n<strong><span style=\"color: #008000;\">AREA: MAR MEDITERRANEO<\/span><\/strong><br \/>\nparole chiave: Pirati<\/p>\n<p>&nbsp;<\/p>\n<p style=\"text-align: justify;\">Quanto ai Romani, \u00e8 ben nota la loro indole pi\u00f9 concreta e pragmatica. Fin dai primi secoli della loro storia, essi ebbero la necessit\u00e0 di utilizzare il commercio marittimo per i rifornimenti alimentari vitali dell&#8217;Urbe e dovettero pertanto adottare molto presto delle misure idonee a limitare le perdite provocate dagli arrembaggi, utilizzando alcune delle navi da guerra allora in uso, ovvero le <strong><span style=\"color: #008000;\">pentecontere<\/span><\/strong>, poi sostituite dalle <strong><span style=\"color: #008000;\">poliremi<\/span><\/strong>.<\/p>\n<p><img decoding=\"async\" class=\"\" src=\"https:\/\/www.ocean4future.org\/savetheocean\/wp-content\/uploads\/2022\/11\/trireme.jpg\" alt=\"Questa immagine ha l'attributo alt vuoto; il nome del file \u00e8 trireme.jpg\" width=\"751\" height=\"504\" \/><\/p>\n<p style=\"text-align: justify;\">Negli annali di Roma, notizie sulle attivit\u00e0 dei pirati apparvero per la prima volta solo nel IV secolo a.C., quando intercettarono, nei pressi delle isole Lipari, una trireme romana in rotta verso Delfi e quando si fecero vedere, alcuni decenni dopo, sulle coste del Lazio; nel primo caso mostrarono rispetto nei confronti di Roma, mentre nel secondo furono costretti a sloggiare.<\/p>\n<p style=\"text-align: justify;\">Una ben pi\u00f9 grave minaccia agli interessi romani fu originata nel secolo successivo da <a href=\"https:\/\/www.ocean4future.org\/savetheocean\/archives\/17396\"><strong><span style=\"color: #008000;\">Teuta<\/span><\/strong><\/a>, <strong><span style=\"color: #008000;\">regina degli Illiri<\/span><\/strong>, che permise ai suoi di pirateggiare nell\u2019Adriatico contro il traffico mercantile delle marinerie d\u2019Italia. Pertanto, fallita la trattativa diplomatica, Roma intraprese la prima guerra Illirica (229-228 a.C.) inviando oltremare una flotta di 200 navi da guerra ed un numero doppio di onerarie per il trasporto delle legioni, e costringendo infine la regina ad accettare delle drastiche limitazioni ai movimenti delle proprie navi.<\/p>\n<p><img decoding=\"async\" src=\"https:\/\/www.ocean4future.org\/savetheocean\/wp-content\/uploads\/2023\/05\/Queen_Teuta_of_Illyria-WIKIPEDIA-FREE.jpg\" alt=\"Questa immagine ha l'attributo alt vuoto; il nome del file \u00e8 Queen_Teuta_of_Illyria-WIKIPEDIA-FREE.jpg\" width=\"646\" height=\"1095\" \/><\/p>\n<p align=\"justify\"><strong><span style=\"color: #008000;\">busto della regina degli Illiri, Teuta &#8211; autore foto Hjynesha <\/span><\/strong><a href=\"https:\/\/commons.wikimedia.org\/wiki\/File:Queen_Teuta_of_Illyria.jpg\">Queen Teuta of Illyria.jpg &#8211; Wikimedia Commons<\/a><\/p>\n<p style=\"text-align: justify;\">A partire da pochi decenni dopo e per pi\u00f9 di un secolo, il crescente vigore del potere marittimo di Roma indusse diversi sovrani ad un uso spregiudicato della pirateria in funzione di sostegno indiretto, non convenzionale e para-terroristico, alle proprie mire aggressive ed espansionistiche. Inizi\u00f2 <strong><span style=\"color: #008000;\">Filippo V<\/span><\/strong>, re di Macedonia, assegnando delle navi a <strong><span style=\"color: #008000;\">Dicearco d&#8217;Etolia<\/span><\/strong> per condurre la guerra da corsa nell\u2019Egeo (II guerra Macedonica: 200-197 a.C.); segu\u00ec <strong><span style=\"color: #008000;\">Nabide<\/span><\/strong>, tiranno di Sparta, avvalendosi dei pirati cretesi per rendere innavigabili le acque a sud del Peloponneso (guerra Spartana: 195 a.C.); replic\u00f2 <strong><span style=\"color: #008000;\">Antioco III il Grande<\/span><\/strong>, re di Siria, fruendo del concorso del <strong><span style=\"color: #008000;\">capo-pirata Nicandro<\/span><\/strong> nell\u2019Egeo e dello <strong><span style=\"color: #008000;\">Spartano Ibrista<\/span> <\/strong>con i pirati di Cefalonia nello Ionio (guerra Siriaca: 191-190 a.C.).<\/p>\n<p style=\"text-align: justify;\">Dopo aver felicemente rimosso le predette minacce, i Romani sconfissero anche la pirateria esercitata dai <strong><span style=\"color: #008000;\">Liguri<\/span><\/strong> nel Mediterraneo occidentale (182-181 a.C.), dagli <strong><span style=\"color: #008000;\">Istri<\/span><\/strong> e dagli <strong><span style=\"color: #008000;\">Illiri<\/span><\/strong> nell\u2019Adriatico e nell\u2019alto Ionio (178 e 168 a.C.), nonch\u00e9 dai <strong><span style=\"color: #008000;\">Baleari<\/span><\/strong> sulle rotte per la Spagna (123-122 a.C.).<\/p>\n<p style=\"text-align: justify;\">Nel frattempo, era germinata sulle coste della Cilicia una rude comunit\u00e0 di pirati destinata ad assurgere ad un tale livello di potenza da condizionare significativamente la gestione delle crisi e dei conflitti nell\u2019intero Mediterraneo. L\u2019impulso fondamentale per questo straordinario sviluppo venne fornito, con immensa disponibilit\u00e0 di risorse, da <strong><span style=\"color: #008000;\">Mitridate VI Eupatore<\/span><\/strong>, l\u2019ambizioso e spietato re del Ponto (112-63 a.C.), nella sua smodata brama di egemonia panellenica. Ma la pirateria di matrice cilicia non gioc\u00f2 un ruolo di grande rilievo solo nelle tre guerre Mitridatiche, in cui si illustrarono dei capi-pirata come Isidoro e Seleuco; essa riusc\u00ec ancor prima ad ingerirsi cinicamente nei principali conflitti interni subiti da Roma fra gli ultimi decenni del II sec. a.C. ed i primi decenni del secolo successivo, schierandosi sempre dalla parte dei sediziosi. Dei Cilici comparvero infatti a fianco dei rivoltosi nelle tre guerre servili: <strong><span style=\"color: #008000;\">Cleone<\/span><\/strong> ebbe un ruolo da luogotenente nella prima (135-132 a.C.), <strong><span style=\"color: #008000;\">Atenione<\/span><\/strong> capeggi\u00f2 gli insorti nella seconda (104-101 a.C.), mentre altri pirati cilici, probabilmente capeggiati da <strong><span style=\"color: #008000;\">Eracleone<\/span><\/strong>, si misero a disposizione di <strong><span style=\"color: #008000;\">Spartaco<\/span><\/strong> nella terza (73-71 a.C.). I pirati cilici intervennero contro Roma anche nella guerra Sociale (90-89 a.C.), in cui si distinse il capo-pirata <span style=\"color: #008000;\"><strong>Agamennone<\/strong><\/span>, ed in quella Sertoriana (81-72 a.C.), operando con le loro navi dalla base navale di Dianio, in Spagna.<\/p>\n<p style=\"text-align: justify;\">I Romani reagirono prontamente e reiteratamente al palesarsi della nuova e crescente minaccia, conducendo una nutrita serie di operazioni navali specificamente dirette contro di essa.\u00a0 Nell\u2019ordine:<br \/>\nla <strong><span style=\"color: #008000;\">I guerra piratica in Cilicia<\/span> <\/strong>(102 a.C.) affidata a <strong><span style=\"color: #008000;\">Marco Antonio l\u2019Oratore<\/span><\/strong>; la campagna contro i pirati in Egeo intrapresa da <strong><span style=\"color: #008000;\">Lucio Licinio Murena<\/span><\/strong> (84 a.C.);<br \/>\nla <strong><span style=\"color: #008000;\">II guerra piratica in Cilicia<\/span><\/strong> (78-75 a.C.) comandata da <strong><span style=\"color: #008000;\">Publio Servilio Vatia<\/span><\/strong>, che giunse fin nel covo di <strong><span style=\"color: #008000;\">Zenicete<\/span><\/strong>, il pi\u00f9 potente dei capi pirati;<br \/>\nla <strong><span style=\"color: #008000;\">III guerra piratica<\/span> <\/strong>(74-70 a.C.) felicemente condotta da <strong><span style=\"color: #008000;\">Marco Antonio \u201cil Cretico\u201d<\/span> <span style=\"color: #008000;\">nel mar Ligure, nelle acque spagnole e nelle acque elleniche<\/span><\/strong>, ma interrottasi a Creta in una situazione di stallo;<br \/>\nla <strong><span style=\"color: #008000;\">guerra piratica<\/span><\/strong> in Sicilia (69 a.C.) vinta da <strong><span style=\"color: #008000;\">Lucio Cecilio Metello<\/span><\/strong>, che liber\u00f2 l\u2019isola dal <strong><span style=\"color: #008000;\">capo pirata Pirganione<\/span><\/strong>;<br \/>\nla <strong><span style=\"color: #008000;\">guerra Cretica<\/span> <\/strong>(69-68 a.C.) vinta da <strong><span style=\"color: #008000;\">Quinto Cecilio Metello<\/span><\/strong>, che sottomise l\u2019isola dopo avervi annientato i pirati.<\/p>\n<p style=\"text-align: justify;\">Nonostante i validi successi conseguiti dalle flotte romane e dalle relative forze imbarcate, l\u2019ampia dispersione del nemico e la sua natura sfuggente non consentirono ad alcuna delle predette operazioni di inibire in modo permanente l\u2019aggressivit\u00e0 della pirateria cilicia. Successe, anzi, l\u2019esatto contrario, poich\u00e9 i lauti proventi delle guerre Mitridatiche continuarono ad alimentare ed a rinvigorire le forze dei malviventi, mettendo questi ultimi in condizione di moltiplicare ossessivamente le loro incursioni in mare e sulle coste.\u00a0Per tale motivo, non appena ne ebbero la possibilit\u00e0, essendo finalmente liberi da impegni interni ed esterni particolarmente impellenti, i Romani attribuirono la massima priorit\u00e0 alla guerra piratica, dedicandovi tutte le migliori risorse. Investito del comando supremo e di poteri eccezionali, disponendo di 500 navi da guerra, <strong><span style=\"color: #008000;\">Pompeo Magno<\/span> <\/strong>suddivise il Mediterraneo in 13 aree di responsabilit\u00e0 che assegn\u00f2 ai suoi luogotenenti unitamente ai reparti navali necessari per eseguirvi i rastrellamenti.<\/p>\n<p style=\"text-align: justify;\">Avviata l\u2019operazione, mentre tutte le aree venivano perlustrate contemporaneamente, Pompeo con 60 navi fece dei controlli nelle aree strategicamente pi\u00f9 importanti di entrambi i bacini del Mediterraneo, iniziando da ponente e portandosi poi verso levante fino alle acque della Cilicia, ove erano affluite tutte le navi piratiche sottrattesi ai pattugliamenti romani. Sbaragliata quella flotta in battaglia navale, cattur\u00f2 o incendi\u00f2 tutti gli scafi dei nemici e distrusse gli insediamenti a terra, portando a termine quella guerra in meno di tre mesi (primavera-estate 67 a.C.), liberando definitivamente il Mediterraneo dalla pirateria cilicia e, come venne ufficialmente riconosciuto, restituendo ai Romani l\u2019<strong><em><span style=\"color: #008000;\">imperium maris<\/span><\/em><\/strong>: il dominio del mare.<\/p>\n<p><strong><span style=\"color: #008000;\">Fine parte II &#8211; continua<\/span><\/strong><\/p>\n<p><strong><span style=\"color: #008000;\">Domenico Carro<\/span><\/strong><\/p>\n<p>&nbsp;<\/p>\n<a class=\"maxbutton-13 maxbutton maxbutton-parte-i\" target=\"_blank\" title=\" tooltip\" rel=\"nofollow noopener\" href=\"https:\/\/www.ocean4future.org\/savetheocean\/archives\/78718\"><span class='mb-text'>PARTE I<\/span><\/a>\n<a class=\"maxbutton-14 maxbutton maxbutton-parte-ii\" target=\"_blank\" title=\" tooltip\" rel=\"nofollow noopener\" href=\"https:\/\/www.ocean4future.org\/savetheocean\/archives\/78720\"><span class='mb-text'>PARTE II<\/span><\/a>\n<a class=\"maxbutton-15 maxbutton maxbutton-parte-iii\" target=\"_blank\" title=\" tooltip\" rel=\"nofollow noopener\" href=\"https:\/\/www.ocean4future.org\/savetheocean\/archives\/78722\"><span class='mb-text'>PARTE III<\/span><\/a>\n<p>&nbsp;<\/p>\n<p style=\"text-align: justify;\">Alcune delle immagini possono essere state prese dal web, citandone ove possibile gli autori e\/o le fonti. Se qualcuno desiderasse specificarne l\u2019autore o rimuoverle, pu\u00f2 scrivere a infoocean4future@gmail.com e provvederemo immediatamente alla correzione dell\u2019articolo<\/p>\n<p>&nbsp;<\/p>\n<p><a class=\"maxbutton-3 maxbutton maxbutton-pagina-principale\" target=\"_blank\" title=\"tooltip\" rel=\"nofollow noopener\" href=\"http:\/\/www.ocean4future.org\"><span class='mb-text'>PAGINA PRINCIPALE<\/span><\/a><br \/>\n<span style=\"color: #ffffff;\">.<\/span><\/p>\n","protected":false},"excerpt":{"rendered":"<p><span class=\"span-reading-time rt-reading-time\" style=\"display: block;\"><span class=\"rt-label rt-prefix\">tempo di lettura: <\/span> <span class=\"rt-time\"> 5<\/span> <span class=\"rt-label rt-postfix\">minuti<\/span><\/span>. . ARGOMENTO:\u00a0STORIA ROMANA PERIODO: EPOCA REPUBBLICANA E IMPERIALE AREA: MAR MEDITERRANEO parole chiave: Pirati &nbsp; Quanto ai Romani, \u00e8 ben nota la loro indole pi\u00f9 concreta e pragmatica. Fin dai primi secoli della loro storia, essi ebbero la necessit\u00e0 di utilizzare il commercio marittimo per i rifornimenti alimentari vitali dell&#8217;Urbe e dovettero pertanto adottare [&hellip;]<\/p>\n","protected":false},"author":2432,"featured_media":79723,"comment_status":"open","ping_status":"open","sticky":false,"template":"","format":"standard","meta":{"_acf_changed":false,"_monsterinsights_skip_tracking":false,"_monsterinsights_sitenote_active":false,"_monsterinsights_sitenote_note":"","_monsterinsights_sitenote_category":0,"footnotes":""},"categories":[67],"tags":[],"class_list":["post-78720","post","type-post","status-publish","format-standard","has-post-thumbnail","hentry","category-la-pirateria"],"acf":[],"yoast_head":"<!-- This site is optimized with the Yoast SEO plugin v27.4 - https:\/\/yoast.com\/product\/yoast-seo-wordpress\/ -->\n<title>I pirati dell\u2019antichit\u00e0 - parte II &#8226; OCEAN4FUTURE autore<\/title>\n<meta name=\"robots\" content=\"index, follow, max-snippet:-1, max-image-preview:large, max-video-preview:-1\" \/>\n<link rel=\"canonical\" href=\"https:\/\/www.ocean4future.org\/savetheocean\/archives\/78720\" \/>\n<meta property=\"og:locale\" content=\"it_IT\" \/>\n<meta property=\"og:type\" content=\"article\" \/>\n<meta property=\"og:title\" content=\"I pirati dell\u2019antichit\u00e0 - parte II &#8226; OCEAN4FUTURE autore\" \/>\n<meta property=\"og:description\" content=\"tempo di lettura:  5 minuti. . ARGOMENTO:\u00a0STORIA ROMANA PERIODO: EPOCA REPUBBLICANA E IMPERIALE AREA: MAR MEDITERRANEO parole chiave: Pirati &nbsp; Quanto ai Romani, \u00e8 ben nota la loro indole pi\u00f9 concreta e pragmatica. Fin dai primi secoli della loro storia, essi ebbero la necessit\u00e0 di utilizzare il commercio marittimo per i rifornimenti alimentari vitali dell&#8217;Urbe e dovettero pertanto adottare [&hellip;]\" \/>\n<meta property=\"og:url\" content=\"https:\/\/www.ocean4future.org\/savetheocean\/archives\/78720\" \/>\n<meta property=\"og:site_name\" content=\"OCEAN4FUTURE\" \/>\n<meta property=\"article:author\" content=\"https:\/\/www.facebook.com\/romaeternaorg\" \/>\n<meta property=\"article:published_time\" content=\"2025-11-15T23:01:46+00:00\" \/>\n<meta property=\"article:modified_time\" content=\"2026-03-26T11:44:40+00:00\" \/>\n<meta property=\"og:image\" content=\"https:\/\/www.ocean4future.org\/savetheocean\/wp-content\/uploads\/2022\/11\/fregio-Medinaceli-raffigura-la-battaglia-navale-di-Azio-2-settembre-31-a.C.-fregio-databile-allepoca-augustea.jpg\" \/>\n\t<meta property=\"og:image:width\" content=\"1500\" \/>\n\t<meta property=\"og:image:height\" content=\"796\" \/>\n\t<meta property=\"og:image:type\" content=\"image\/jpeg\" \/>\n<meta name=\"author\" content=\"Domenico Carro\" \/>\n<meta name=\"twitter:card\" content=\"summary_large_image\" \/>\n<meta name=\"twitter:creator\" content=\"@https:\/\/twitter.com\/romaeterna\" \/>\n<meta name=\"twitter:site\" content=\"@ocean4future\" \/>\n<meta name=\"twitter:label1\" content=\"Scritto da\" \/>\n\t<meta name=\"twitter:data1\" content=\"Domenico Carro\" \/>\n\t<meta name=\"twitter:label2\" content=\"Tempo di lettura stimato\" \/>\n\t<meta name=\"twitter:data2\" content=\"7 minuti\" \/>\n<script type=\"application\/ld+json\" class=\"yoast-schema-graph\">{\"@context\":\"https:\\\/\\\/schema.org\",\"@graph\":[{\"@type\":\"Article\",\"@id\":\"https:\\\/\\\/www.ocean4future.org\\\/savetheocean\\\/archives\\\/78720#article\",\"isPartOf\":{\"@id\":\"https:\\\/\\\/www.ocean4future.org\\\/savetheocean\\\/archives\\\/78720\"},\"author\":{\"name\":\"Domenico Carro\",\"@id\":\"https:\\\/\\\/www.ocean4future.org\\\/savetheocean\\\/#\\\/schema\\\/person\\\/bd39f4411183ae5079b848f4a43f0a4d\"},\"headline\":\"I pirati dell\u2019antichit\u00e0 &#8211; parte II\",\"datePublished\":\"2025-11-15T23:01:46+00:00\",\"dateModified\":\"2026-03-26T11:44:40+00:00\",\"mainEntityOfPage\":{\"@id\":\"https:\\\/\\\/www.ocean4future.org\\\/savetheocean\\\/archives\\\/78720\"},\"wordCount\":1172,\"commentCount\":0,\"publisher\":{\"@id\":\"https:\\\/\\\/www.ocean4future.org\\\/savetheocean\\\/#\\\/schema\\\/person\\\/4e1c26437054353074d7bb2efa77162c\"},\"image\":{\"@id\":\"https:\\\/\\\/www.ocean4future.org\\\/savetheocean\\\/archives\\\/78720#primaryimage\"},\"thumbnailUrl\":\"https:\\\/\\\/www.ocean4future.org\\\/savetheocean\\\/wp-content\\\/uploads\\\/2022\\\/11\\\/fregio-Medinaceli-raffigura-la-battaglia-navale-di-Azio-2-settembre-31-a.C.-fregio-databile-allepoca-augustea.jpg\",\"articleSection\":[\"Pirateria\"],\"inLanguage\":\"it-IT\",\"potentialAction\":[{\"@type\":\"CommentAction\",\"name\":\"Comment\",\"target\":[\"https:\\\/\\\/www.ocean4future.org\\\/savetheocean\\\/archives\\\/78720#respond\"]}]},{\"@type\":\"WebPage\",\"@id\":\"https:\\\/\\\/www.ocean4future.org\\\/savetheocean\\\/archives\\\/78720\",\"url\":\"https:\\\/\\\/www.ocean4future.org\\\/savetheocean\\\/archives\\\/78720\",\"name\":\"I pirati dell\u2019antichit\u00e0 - parte II &#8226; OCEAN4FUTURE autore\",\"isPartOf\":{\"@id\":\"https:\\\/\\\/www.ocean4future.org\\\/savetheocean\\\/#website\"},\"primaryImageOfPage\":{\"@id\":\"https:\\\/\\\/www.ocean4future.org\\\/savetheocean\\\/archives\\\/78720#primaryimage\"},\"image\":{\"@id\":\"https:\\\/\\\/www.ocean4future.org\\\/savetheocean\\\/archives\\\/78720#primaryimage\"},\"thumbnailUrl\":\"https:\\\/\\\/www.ocean4future.org\\\/savetheocean\\\/wp-content\\\/uploads\\\/2022\\\/11\\\/fregio-Medinaceli-raffigura-la-battaglia-navale-di-Azio-2-settembre-31-a.C.-fregio-databile-allepoca-augustea.jpg\",\"datePublished\":\"2025-11-15T23:01:46+00:00\",\"dateModified\":\"2026-03-26T11:44:40+00:00\",\"breadcrumb\":{\"@id\":\"https:\\\/\\\/www.ocean4future.org\\\/savetheocean\\\/archives\\\/78720#breadcrumb\"},\"inLanguage\":\"it-IT\",\"potentialAction\":[{\"@type\":\"ReadAction\",\"target\":[\"https:\\\/\\\/www.ocean4future.org\\\/savetheocean\\\/archives\\\/78720\"]}]},{\"@type\":\"ImageObject\",\"inLanguage\":\"it-IT\",\"@id\":\"https:\\\/\\\/www.ocean4future.org\\\/savetheocean\\\/archives\\\/78720#primaryimage\",\"url\":\"https:\\\/\\\/www.ocean4future.org\\\/savetheocean\\\/wp-content\\\/uploads\\\/2022\\\/11\\\/fregio-Medinaceli-raffigura-la-battaglia-navale-di-Azio-2-settembre-31-a.C.-fregio-databile-allepoca-augustea.jpg\",\"contentUrl\":\"https:\\\/\\\/www.ocean4future.org\\\/savetheocean\\\/wp-content\\\/uploads\\\/2022\\\/11\\\/fregio-Medinaceli-raffigura-la-battaglia-navale-di-Azio-2-settembre-31-a.C.-fregio-databile-allepoca-augustea.jpg\",\"width\":1500,\"height\":796},{\"@type\":\"BreadcrumbList\",\"@id\":\"https:\\\/\\\/www.ocean4future.org\\\/savetheocean\\\/archives\\\/78720#breadcrumb\",\"itemListElement\":[{\"@type\":\"ListItem\",\"position\":1,\"name\":\"Home\",\"item\":\"https:\\\/\\\/www.ocean4future.org\\\/savetheocean\"},{\"@type\":\"ListItem\",\"position\":2,\"name\":\"I pirati dell\u2019antichit\u00e0 &#8211; parte II\"}]},{\"@type\":\"WebSite\",\"@id\":\"https:\\\/\\\/www.ocean4future.org\\\/savetheocean\\\/#website\",\"url\":\"https:\\\/\\\/www.ocean4future.org\\\/savetheocean\\\/\",\"name\":\"Ocean 4 Future\",\"description\":\"Per una nuova cultura del mare e della marittimit\u00e0\",\"publisher\":{\"@id\":\"https:\\\/\\\/www.ocean4future.org\\\/savetheocean\\\/#\\\/schema\\\/person\\\/4e1c26437054353074d7bb2efa77162c\"},\"potentialAction\":[{\"@type\":\"SearchAction\",\"target\":{\"@type\":\"EntryPoint\",\"urlTemplate\":\"https:\\\/\\\/www.ocean4future.org\\\/savetheocean\\\/?s={search_term_string}\"},\"query-input\":{\"@type\":\"PropertyValueSpecification\",\"valueRequired\":true,\"valueName\":\"search_term_string\"}}],\"inLanguage\":\"it-IT\"},{\"@type\":[\"Person\",\"Organization\"],\"@id\":\"https:\\\/\\\/www.ocean4future.org\\\/savetheocean\\\/#\\\/schema\\\/person\\\/4e1c26437054353074d7bb2efa77162c\",\"name\":\"oceandiver\",\"image\":{\"@type\":\"ImageObject\",\"inLanguage\":\"it-IT\",\"@id\":\"https:\\\/\\\/www.ocean4future.org\\\/savetheocean\\\/wp-content\\\/uploads\\\/2023\\\/04\\\/logo-ocean3.jpg\",\"url\":\"https:\\\/\\\/www.ocean4future.org\\\/savetheocean\\\/wp-content\\\/uploads\\\/2023\\\/04\\\/logo-ocean3.jpg\",\"contentUrl\":\"https:\\\/\\\/www.ocean4future.org\\\/savetheocean\\\/wp-content\\\/uploads\\\/2023\\\/04\\\/logo-ocean3.jpg\",\"width\":472,\"height\":301,\"caption\":\"oceandiver\"},\"logo\":{\"@id\":\"https:\\\/\\\/www.ocean4future.org\\\/savetheocean\\\/wp-content\\\/uploads\\\/2023\\\/04\\\/logo-ocean3.jpg\"}},{\"@type\":\"Person\",\"@id\":\"https:\\\/\\\/www.ocean4future.org\\\/savetheocean\\\/#\\\/schema\\\/person\\\/bd39f4411183ae5079b848f4a43f0a4d\",\"name\":\"Domenico Carro\",\"image\":{\"@type\":\"ImageObject\",\"inLanguage\":\"it-IT\",\"@id\":\"https:\\\/\\\/secure.gravatar.com\\\/avatar\\\/47647ae893cdd6f04acaf68ee6f47e77a677bb080bbb9b02c80b6e3a3df707bd?s=96&d=mm&r=g\",\"url\":\"https:\\\/\\\/secure.gravatar.com\\\/avatar\\\/47647ae893cdd6f04acaf68ee6f47e77a677bb080bbb9b02c80b6e3a3df707bd?s=96&d=mm&r=g\",\"contentUrl\":\"https:\\\/\\\/secure.gravatar.com\\\/avatar\\\/47647ae893cdd6f04acaf68ee6f47e77a677bb080bbb9b02c80b6e3a3df707bd?s=96&d=mm&r=g\",\"caption\":\"Domenico Carro\"},\"description\":\"ammiraglio di divisione della Riserva della Marina Militare Italiana, dal momento del suo ritiro dal servizio attivo, assecondando la propria natura di appassionato cultore della Civilt\u00e0 Romana, ha potuto dedicarsi interamente all'approfondimento dei suoi studi storiografici, nell'ambito dei quali ha pubblicato numerosi libri e saggi, creato l'interessantissimo sito ROMA AETERNA ed\u00a0\u00a0il foro di discussione FORVM ROMAETERNA (2001-2013), poi sostituito dall'istituzione di pagine estratte da \\\"Roma Aeterna\\\" nelle maggiori reti sociali, quali Linkedin, Facebook, Twitter, Youtube, Flickr, etc.\u00a0 Non ultimo, l'ammiraglio Carro \u00e8 relatore in importanti convegni,\u00a0 nazionali ed internazionali sui temi della storiografia romana e della salvaguardia della cultura marittima.\",\"sameAs\":[\"http:\\\/\\\/www.romaeterna.org\\\/\",\"https:\\\/\\\/www.facebook.com\\\/romaeternaorg\",\"http:\\\/\\\/www.linkedin.com\\\/groups?gid=44675\",\"https:\\\/\\\/x.com\\\/https:\\\/\\\/twitter.com\\\/romaeterna\",\"http:\\\/\\\/www.youtube.com\\\/romaeternaorg\"],\"url\":\"https:\\\/\\\/www.ocean4future.org\\\/savetheocean\\\/archives\\\/author\\\/domenico-carro\"}]}<\/script>\n<!-- \/ Yoast SEO plugin. -->","yoast_head_json":{"title":"I pirati dell\u2019antichit\u00e0 - parte II &#8226; OCEAN4FUTURE autore","robots":{"index":"index","follow":"follow","max-snippet":"max-snippet:-1","max-image-preview":"max-image-preview:large","max-video-preview":"max-video-preview:-1"},"canonical":"https:\/\/www.ocean4future.org\/savetheocean\/archives\/78720","og_locale":"it_IT","og_type":"article","og_title":"I pirati dell\u2019antichit\u00e0 - parte II &#8226; OCEAN4FUTURE autore","og_description":"tempo di lettura:  5 minuti. . ARGOMENTO:\u00a0STORIA ROMANA PERIODO: EPOCA REPUBBLICANA E IMPERIALE AREA: MAR MEDITERRANEO parole chiave: Pirati &nbsp; Quanto ai Romani, \u00e8 ben nota la loro indole pi\u00f9 concreta e pragmatica. Fin dai primi secoli della loro storia, essi ebbero la necessit\u00e0 di utilizzare il commercio marittimo per i rifornimenti alimentari vitali dell&#8217;Urbe e dovettero pertanto adottare [&hellip;]","og_url":"https:\/\/www.ocean4future.org\/savetheocean\/archives\/78720","og_site_name":"OCEAN4FUTURE","article_author":"https:\/\/www.facebook.com\/romaeternaorg","article_published_time":"2025-11-15T23:01:46+00:00","article_modified_time":"2026-03-26T11:44:40+00:00","og_image":[{"width":1500,"height":796,"url":"https:\/\/www.ocean4future.org\/savetheocean\/wp-content\/uploads\/2022\/11\/fregio-Medinaceli-raffigura-la-battaglia-navale-di-Azio-2-settembre-31-a.C.-fregio-databile-allepoca-augustea.jpg","type":"image\/jpeg"}],"author":"Domenico Carro","twitter_card":"summary_large_image","twitter_creator":"@https:\/\/twitter.com\/romaeterna","twitter_site":"@ocean4future","twitter_misc":{"Scritto da":"Domenico Carro","Tempo di lettura stimato":"7 minuti"},"schema":{"@context":"https:\/\/schema.org","@graph":[{"@type":"Article","@id":"https:\/\/www.ocean4future.org\/savetheocean\/archives\/78720#article","isPartOf":{"@id":"https:\/\/www.ocean4future.org\/savetheocean\/archives\/78720"},"author":{"name":"Domenico Carro","@id":"https:\/\/www.ocean4future.org\/savetheocean\/#\/schema\/person\/bd39f4411183ae5079b848f4a43f0a4d"},"headline":"I pirati dell\u2019antichit\u00e0 &#8211; parte II","datePublished":"2025-11-15T23:01:46+00:00","dateModified":"2026-03-26T11:44:40+00:00","mainEntityOfPage":{"@id":"https:\/\/www.ocean4future.org\/savetheocean\/archives\/78720"},"wordCount":1172,"commentCount":0,"publisher":{"@id":"https:\/\/www.ocean4future.org\/savetheocean\/#\/schema\/person\/4e1c26437054353074d7bb2efa77162c"},"image":{"@id":"https:\/\/www.ocean4future.org\/savetheocean\/archives\/78720#primaryimage"},"thumbnailUrl":"https:\/\/www.ocean4future.org\/savetheocean\/wp-content\/uploads\/2022\/11\/fregio-Medinaceli-raffigura-la-battaglia-navale-di-Azio-2-settembre-31-a.C.-fregio-databile-allepoca-augustea.jpg","articleSection":["Pirateria"],"inLanguage":"it-IT","potentialAction":[{"@type":"CommentAction","name":"Comment","target":["https:\/\/www.ocean4future.org\/savetheocean\/archives\/78720#respond"]}]},{"@type":"WebPage","@id":"https:\/\/www.ocean4future.org\/savetheocean\/archives\/78720","url":"https:\/\/www.ocean4future.org\/savetheocean\/archives\/78720","name":"I pirati dell\u2019antichit\u00e0 - parte II &#8226; OCEAN4FUTURE autore","isPartOf":{"@id":"https:\/\/www.ocean4future.org\/savetheocean\/#website"},"primaryImageOfPage":{"@id":"https:\/\/www.ocean4future.org\/savetheocean\/archives\/78720#primaryimage"},"image":{"@id":"https:\/\/www.ocean4future.org\/savetheocean\/archives\/78720#primaryimage"},"thumbnailUrl":"https:\/\/www.ocean4future.org\/savetheocean\/wp-content\/uploads\/2022\/11\/fregio-Medinaceli-raffigura-la-battaglia-navale-di-Azio-2-settembre-31-a.C.-fregio-databile-allepoca-augustea.jpg","datePublished":"2025-11-15T23:01:46+00:00","dateModified":"2026-03-26T11:44:40+00:00","breadcrumb":{"@id":"https:\/\/www.ocean4future.org\/savetheocean\/archives\/78720#breadcrumb"},"inLanguage":"it-IT","potentialAction":[{"@type":"ReadAction","target":["https:\/\/www.ocean4future.org\/savetheocean\/archives\/78720"]}]},{"@type":"ImageObject","inLanguage":"it-IT","@id":"https:\/\/www.ocean4future.org\/savetheocean\/archives\/78720#primaryimage","url":"https:\/\/www.ocean4future.org\/savetheocean\/wp-content\/uploads\/2022\/11\/fregio-Medinaceli-raffigura-la-battaglia-navale-di-Azio-2-settembre-31-a.C.-fregio-databile-allepoca-augustea.jpg","contentUrl":"https:\/\/www.ocean4future.org\/savetheocean\/wp-content\/uploads\/2022\/11\/fregio-Medinaceli-raffigura-la-battaglia-navale-di-Azio-2-settembre-31-a.C.-fregio-databile-allepoca-augustea.jpg","width":1500,"height":796},{"@type":"BreadcrumbList","@id":"https:\/\/www.ocean4future.org\/savetheocean\/archives\/78720#breadcrumb","itemListElement":[{"@type":"ListItem","position":1,"name":"Home","item":"https:\/\/www.ocean4future.org\/savetheocean"},{"@type":"ListItem","position":2,"name":"I pirati dell\u2019antichit\u00e0 &#8211; parte II"}]},{"@type":"WebSite","@id":"https:\/\/www.ocean4future.org\/savetheocean\/#website","url":"https:\/\/www.ocean4future.org\/savetheocean\/","name":"Ocean 4 Future","description":"Per una nuova cultura del mare e della marittimit\u00e0","publisher":{"@id":"https:\/\/www.ocean4future.org\/savetheocean\/#\/schema\/person\/4e1c26437054353074d7bb2efa77162c"},"potentialAction":[{"@type":"SearchAction","target":{"@type":"EntryPoint","urlTemplate":"https:\/\/www.ocean4future.org\/savetheocean\/?s={search_term_string}"},"query-input":{"@type":"PropertyValueSpecification","valueRequired":true,"valueName":"search_term_string"}}],"inLanguage":"it-IT"},{"@type":["Person","Organization"],"@id":"https:\/\/www.ocean4future.org\/savetheocean\/#\/schema\/person\/4e1c26437054353074d7bb2efa77162c","name":"oceandiver","image":{"@type":"ImageObject","inLanguage":"it-IT","@id":"https:\/\/www.ocean4future.org\/savetheocean\/wp-content\/uploads\/2023\/04\/logo-ocean3.jpg","url":"https:\/\/www.ocean4future.org\/savetheocean\/wp-content\/uploads\/2023\/04\/logo-ocean3.jpg","contentUrl":"https:\/\/www.ocean4future.org\/savetheocean\/wp-content\/uploads\/2023\/04\/logo-ocean3.jpg","width":472,"height":301,"caption":"oceandiver"},"logo":{"@id":"https:\/\/www.ocean4future.org\/savetheocean\/wp-content\/uploads\/2023\/04\/logo-ocean3.jpg"}},{"@type":"Person","@id":"https:\/\/www.ocean4future.org\/savetheocean\/#\/schema\/person\/bd39f4411183ae5079b848f4a43f0a4d","name":"Domenico Carro","image":{"@type":"ImageObject","inLanguage":"it-IT","@id":"https:\/\/secure.gravatar.com\/avatar\/47647ae893cdd6f04acaf68ee6f47e77a677bb080bbb9b02c80b6e3a3df707bd?s=96&d=mm&r=g","url":"https:\/\/secure.gravatar.com\/avatar\/47647ae893cdd6f04acaf68ee6f47e77a677bb080bbb9b02c80b6e3a3df707bd?s=96&d=mm&r=g","contentUrl":"https:\/\/secure.gravatar.com\/avatar\/47647ae893cdd6f04acaf68ee6f47e77a677bb080bbb9b02c80b6e3a3df707bd?s=96&d=mm&r=g","caption":"Domenico Carro"},"description":"ammiraglio di divisione della Riserva della Marina Militare Italiana, dal momento del suo ritiro dal servizio attivo, assecondando la propria natura di appassionato cultore della Civilt\u00e0 Romana, ha potuto dedicarsi interamente all'approfondimento dei suoi studi storiografici, nell'ambito dei quali ha pubblicato numerosi libri e saggi, creato l'interessantissimo sito ROMA AETERNA ed\u00a0\u00a0il foro di discussione FORVM ROMAETERNA (2001-2013), poi sostituito dall'istituzione di pagine estratte da \"Roma Aeterna\" nelle maggiori reti sociali, quali Linkedin, Facebook, Twitter, Youtube, Flickr, etc.\u00a0 Non ultimo, l'ammiraglio Carro \u00e8 relatore in importanti convegni,\u00a0 nazionali ed internazionali sui temi della storiografia romana e della salvaguardia della cultura marittima.","sameAs":["http:\/\/www.romaeterna.org\/","https:\/\/www.facebook.com\/romaeternaorg","http:\/\/www.linkedin.com\/groups?gid=44675","https:\/\/x.com\/https:\/\/twitter.com\/romaeterna","http:\/\/www.youtube.com\/romaeternaorg"],"url":"https:\/\/www.ocean4future.org\/savetheocean\/archives\/author\/domenico-carro"}]}},"_links":{"self":[{"href":"https:\/\/www.ocean4future.org\/savetheocean\/wp-json\/wp\/v2\/posts\/78720","targetHints":{"allow":["GET"]}}],"collection":[{"href":"https:\/\/www.ocean4future.org\/savetheocean\/wp-json\/wp\/v2\/posts"}],"about":[{"href":"https:\/\/www.ocean4future.org\/savetheocean\/wp-json\/wp\/v2\/types\/post"}],"author":[{"embeddable":true,"href":"https:\/\/www.ocean4future.org\/savetheocean\/wp-json\/wp\/v2\/users\/2432"}],"replies":[{"embeddable":true,"href":"https:\/\/www.ocean4future.org\/savetheocean\/wp-json\/wp\/v2\/comments?post=78720"}],"version-history":[{"count":1,"href":"https:\/\/www.ocean4future.org\/savetheocean\/wp-json\/wp\/v2\/posts\/78720\/revisions"}],"predecessor-version":[{"id":126893,"href":"https:\/\/www.ocean4future.org\/savetheocean\/wp-json\/wp\/v2\/posts\/78720\/revisions\/126893"}],"wp:featuredmedia":[{"embeddable":true,"href":"https:\/\/www.ocean4future.org\/savetheocean\/wp-json\/wp\/v2\/media\/79723"}],"wp:attachment":[{"href":"https:\/\/www.ocean4future.org\/savetheocean\/wp-json\/wp\/v2\/media?parent=78720"}],"wp:term":[{"taxonomy":"category","embeddable":true,"href":"https:\/\/www.ocean4future.org\/savetheocean\/wp-json\/wp\/v2\/categories?post=78720"},{"taxonomy":"post_tag","embeddable":true,"href":"https:\/\/www.ocean4future.org\/savetheocean\/wp-json\/wp\/v2\/tags?post=78720"}],"curies":[{"name":"wp","href":"https:\/\/api.w.org\/{rel}","templated":true}]}}