{"id":77265,"date":"2017-01-20T00:01:29","date_gmt":"2017-01-19T23:01:29","guid":{"rendered":"http:\/\/www.ocean4future.org\/savetheocean\/?p=77265"},"modified":"2026-04-22T22:30:16","modified_gmt":"2026-04-22T20:30:16","slug":"i-mezzi-di-assalto-dalla-mignatta-ai-siluri-a-lenta-corsa-genesi","status":"publish","type":"post","link":"https:\/\/www.ocean4future.org\/savetheocean\/archives\/77265","title":{"rendered":"Genesi dei mezzi di assalto della Regia Marina Italiana: la mignatta"},"content":{"rendered":"<span class=\"span-reading-time rt-reading-time\" style=\"display: block;\"><span class=\"rt-label rt-prefix\">tempo di lettura: <\/span> <span class=\"rt-time\"> 8<\/span> <span class=\"rt-label rt-postfix\">minuti<\/span><\/span><p><span style=\"color: #ffffff;\">.<\/span><br \/>\n<a class=\"maxbutton-4 maxbutton maxbutton-livello-di-comprensione\" href=\"javascript:void(0);\"><span class='mb-text'>livello elementare<\/span><\/a><br \/>\n<span style=\"color: #ffffff;\">.<\/span><br \/>\n<strong><span style=\"color: #008000;\">ARGOMENTO: STORIA NAVALE<\/span><\/strong><br \/>\n<strong><span style=\"color: #008000;\">PERIODO: XX SECOLO<\/span><\/strong><br \/>\n<strong><span style=\"color: #008000;\">AREA: MAR MEDITERRANEO<\/span><\/strong><br \/>\nparole chiave: mezzi insidiosi<br \/>\n<span style=\"color: #ffffff;\">.<\/span><\/p>\n<p style=\"text-align: justify;\"><strong><span style=\"color: #008000; font-size: 18pt;\">L&#8217;origine<\/span><span style=\"color: #008000;\"><br \/>\n<\/span><\/strong>L&#8217;idea di usare armi non convenzionali in campo navale ebbe origine\u00a0nella <strong><span style=\"color: #008000;\">Regia Marina Militare Italiana<\/span><\/strong> durante la I guerra mondiale. Gli Italiani svilupparono ingegnosi sistemi offensivi per penetrare all&#8217;interno dei porti austro-ungarici utilizzando armi segrete speciali. Il loro utilizzo contribu\u00ec agli esiti del conflitto mettendo le basi della guerra moderna asimmetrica.\u00a0L\u2019azione navale pi\u00f9 famosa fu l&#8217;affondamento della corazzata <strong><span style=\"color: #008000;\">Viribus Unitis<\/span><\/strong>, avvenuto il primo\u00a0novembre 1918 grazie ad un&#8217;arma rivoluzionaria che fu chiamata <strong><span style=\"color: #008000;\">mignatta semi sommergibile<\/span><\/strong>.<\/p>\n<p><img decoding=\"async\" class=\"\" src=\"https:\/\/www.ocean4future.org\/savetheocean\/wp-content\/uploads\/2023\/05\/1200px-SMS_Viribus_Unitis_1912-1024x660.png\" alt=\"Questa immagine ha l'attributo alt vuoto; il nome del file \u00e8 1200px-SMS_Viribus_Unitis_1912-1024x660.png\" width=\"1067\" height=\"688\" \/><\/p>\n<p align=\"justify\"><strong><span style=\"color: #008000;\">la nave da battaglia della marina austro-ungarica Viribus Unitis &#8211; Courtesy of the International Naval Research Organization &#8211; Fonte <a class=\"external text\" style=\"color: #008000;\" href=\"https:\/\/www.history.navy.mil\/content\/history\/nhhc\/our-collections\/photography\/numerical-list-of-images\/nhhc-series\/nh-series\/NH-87000\/NH-87196.html\" rel=\"nofollow\">history.navy.mil\u00a0<\/a><\/span><\/strong><\/p>\n<p style=\"text-align: justify;\"><span style=\"font-size: 18pt;\"><strong><span style=\"color: #008000;\">La mignatta<\/span><\/strong><\/span><br \/>\n<span style=\"font-family: georgia, palatino, serif;\">Dall&#8217;inizio della grande guerra, la base austriaca di <strong><span style=\"color: #008000;\">Pola<\/span><\/strong> era uno dei principali obiettivi della <strong><span style=\"color: #008000;\">Regia <\/span><\/strong><\/span><span style=\"font-family: georgia, palatino, serif;\"><strong><span style=\"color: #008000;\">Marina italiana<\/span><\/strong>. La scelta tattica della <strong><span style=\"color: #008000;\">marina austro-ungarica<\/span><\/strong> era di opporre al nemico una potente flotta con compiti di dissuasione, posta sempre alla fonda in porto e non impegnata in battaglie in mare aperto.\u00a0<\/span>La <strong><span style=\"color: #008000;\">Regia Marina Italiana<\/span> <\/strong>decise di forzare il controllatissimo porto di Pola, protetto da numerosi sbarramenti, per affondare le possenti navi austriache che vi erano alla fonda. Considerando la sorveglianza continua del porto, l&#8217;unico modo possibile per penetrare nel porto ed attaccare le navi nemiche risult\u00f2 l&#8217;impiego di unit\u00e0 d&#8217;assalto minori.\u00a0Nel luglio del 1918, il maggiore del Genio Navale <strong><span style=\"color: #008000;\">Raffaele Rossetti<\/span><\/strong> elabor\u00f2 un piano di attacco basato sull&#8217;utilizzo di una <strong><span style=\"color: #008000;\">torpedine semovente<\/span><\/strong>. Va specificato che fino ad allora il termine <strong><span style=\"color: #008000;\">torpedine<\/span><\/strong> era usato per identificare delle armi subacquee indipendenti da usarsi all&#8217;interno di sbarramenti in mare sia difensivi che offensivi. In pratica, le torpedini erano delle mine navali.<strong><br \/>\n<\/strong><\/p>\n<p><img decoding=\"async\" class=\"wp-image-6777 \" src=\"https:\/\/www.ocean4future.org\/savetheocean\/wp-content\/uploads\/2016\/03\/mignatta.jpg\" alt=\"mignatta\" width=\"1062\" height=\"207\" srcset=\"https:\/\/www.ocean4future.org\/savetheocean\/wp-content\/uploads\/2016\/03\/mignatta.jpg 745w, https:\/\/www.ocean4future.org\/savetheocean\/wp-content\/uploads\/2016\/03\/mignatta-300x58.jpg 300w\" sizes=\"(max-width: 1062px) 100vw, 1062px\" \/><\/p>\n<p align=\"justify\"><strong><span style=\"color: #008000;\">disegno della mignatta &#8211; da ufficio storico della marina militare italiana<\/span><\/strong><\/p>\n<p style=\"text-align: justify;\">La <strong><span style=\"color: #008000;\">mignatta di Rossetti<\/span><\/strong> era invece qualcosa di pi\u00f9; un siluro di otto metri di lunghezza e 60 centimetri di diametro, motorizzato ad aria compressa e pilotabile in superficie da due operatori. La mignatta trasportava sulla sua estremit\u00e0 due cariche esplosive, sganciabili in modo da poterle fissare alla chiglia della nave bersaglio per mezzo di un elettromagnete ad accumulatori.<\/p>\n<p><img decoding=\"async\" class=\"wp-image-6773\" src=\"https:\/\/www.ocean4future.org\/savetheocean\/wp-content\/uploads\/2016\/03\/images-1.jpg\" alt=\"\" width=\"1061\" height=\"741\" \/><\/p>\n<p align=\"justify\"><strong><span style=\"color: #008000;\">i due eroi &#8211; da ufficio storico della marina militare italiana &#8211; pubblico dominio<\/span><\/strong><\/p>\n<p style=\"text-align: justify;\">La <strong><span style=\"color: #008000;\">mignatta<\/span> <\/strong>fu costruita in due esemplari, denominati S.1 ed S.2., nell&#8217;Arsenale di Venezia, basandosi su dei disegni di un prototipo elaborato nell&#8217;arsenale di La Spezia. Fu lo stesso inventore, <strong><span style=\"color: #008000;\">Raffaele Rossetti<\/span><\/strong>, a condurre l\u2019attacco, affiancato dal tenente medico <strong><span style=\"color: #008000;\">Raffaele Paolucci<\/span><\/strong>.\u00a0L&#8217;azione fu prevista il <strong><span style=\"color: #008000;\">31 ottobre 1918 <\/span><\/strong>quando un M.A.S.\u00a0 rimorchi\u00f2 in maniera occulta la mignatta fino all&#8217;imboccatura del porto di Pola, portandola ad alcune centinaia di metri dalla diga foranea. I due ufficiali italiani, poco dopo le 22:00, puntarono verso il porto inizialmente trainati dalla mignatta che guidavano con un semplice comando manuale; il M.A.S. invece si allontan\u00f2 in attesa di poterli recuperare.<\/p>\n<p><img decoding=\"async\" class=\"wp-image-6776\" src=\"https:\/\/www.ocean4future.org\/savetheocean\/wp-content\/uploads\/2016\/03\/MAS_N9-300x217.jpg\" alt=\"MAS_N9\" width=\"1077\" height=\"779\" srcset=\"https:\/\/www.ocean4future.org\/savetheocean\/wp-content\/uploads\/2016\/03\/MAS_N9-300x217.jpg 300w, https:\/\/www.ocean4future.org\/savetheocean\/wp-content\/uploads\/2016\/03\/MAS_N9.jpg 707w\" sizes=\"(max-width: 1077px) 100vw, 1077px\" \/><\/p>\n<p align=\"justify\"><strong><span style=\"color: #008000;\">il MAS &#8211; da ufficio storico della marina militare italiana &#8211; pubblico dominio<\/span><\/strong><\/p>\n<p style=\"text-align: justify;\">L&#8217;avvicinamento all&#8217;obiettivo fu molto rischioso; nelle ultime centinaia di metri Rossetti e Paolucci trascinarono la torpedine a motore spento, superando lo sbarramento esterno e ben tre ordini di reti ed eludendo cos\u00ec l&#8217;attenta sorveglianza austriaca. Dopo circa tre ore raggiunsero le navi ancorate ma ne occorsero altre tre, nelle gelide acque istriane, per riuscire finalmente ad avvicinarsi allo scafo della <strong><span style=\"color: #008000;\">Viribus Unitis<\/span><\/strong>.<\/p>\n<p style=\"text-align: justify;\"><strong><span style=\"color: #008000;\">Rossetti<\/span><\/strong> posizion\u00f2 una delle cariche alla chiglia della corazzata mentre <strong><span style=\"color: #008000;\">Paolucci<\/span> <\/strong>continu\u00f2 a lottare contro la forte corrente per mantenere il mezzo in posizione. Alle 05:30 la prima carica da 200 kg fu agganciata alla carena dell&#8217;obiettivo e programmata ad esplodere alle ore 06:30.\u00a0Ma qualcosa and\u00f2 storto e la luce di un proiettore li illumin\u00f2. Prima della cattura, Paolucci riusc\u00ec per\u00f2 ad attivare anche la seconda carica di esplosivo mentre Rossetti si occupava dell&#8217;affondamento della mignatta sul fondo, nei pressi del <strong><span style=\"color: #008000;\">piroscafo Wien<\/span><\/strong> ormeggiato a poca distanza.<\/p>\n<p><a href=\"https:\/\/www.ocean4future.org\/savetheocean\/wp-content\/uploads\/2016\/03\/Mignatta-1.jpg\"><img decoding=\"async\" class=\"wp-image-6786\" src=\"https:\/\/www.ocean4future.org\/savetheocean\/wp-content\/uploads\/2016\/03\/Mignatta-1.jpg\" alt=\"Mignatta (1)\" width=\"1060\" height=\"743\" srcset=\"https:\/\/www.ocean4future.org\/savetheocean\/wp-content\/uploads\/2016\/03\/Mignatta-1.jpg 425w, https:\/\/www.ocean4future.org\/savetheocean\/wp-content\/uploads\/2016\/03\/Mignatta-1-300x210.jpg 300w, https:\/\/www.ocean4future.org\/savetheocean\/wp-content\/uploads\/2016\/03\/Mignatta-1-400x280.jpg 400w\" sizes=\"(max-width: 1060px) 100vw, 1060px\" \/><\/a><\/p>\n<p align=\"justify\"><strong><span style=\"color: #008000;\">la mignatta in un&#8217;officina siluri &#8211; da ufficio storico della marina militare italiana &#8211; pubblico dominio<\/span><\/strong><\/p>\n<p style=\"text-align: justify;\">Catturati e portati a bordo della <strong><span style=\"color: #008000;\">Viribus Unitis<\/span><\/strong>, i due eroi appresero con non poca sorpresa che l&#8217;alto comando austriaco aveva ceduto la flotta di Pola agli Iugoslavi e la nave non batteva pi\u00f9 bandiera austriaca. Attesero qualche minuto e, alle ore 06:00, avvisarono il comandante della potente unit\u00e0 <strong><span style=\"color: #008000;\">Vukovic<\/span><\/strong> che la corazzata poteva esplodere da un momento all&#8217;altro. Il Comandante rimase certamente sorpreso ed ordin\u00f2 di abbandonare immediatamente la nave e di trasferire i prigionieri a bordo della nave gemella, la <strong><span style=\"color: #008000;\">Tegetthoff<\/span><\/strong>.<\/p>\n<p><img decoding=\"async\" class=\"wp-image-6774\" src=\"https:\/\/www.ocean4future.org\/savetheocean\/wp-content\/uploads\/2016\/03\/Immagine23.png\" alt=\"Immagine23\" width=\"1060\" height=\"815\" srcset=\"https:\/\/www.ocean4future.org\/savetheocean\/wp-content\/uploads\/2016\/03\/Immagine23.png 506w, https:\/\/www.ocean4future.org\/savetheocean\/wp-content\/uploads\/2016\/03\/Immagine23-300x231.png 300w\" sizes=\"(max-width: 1060px) 100vw, 1060px\" \/><\/p>\n<p align=\"justify\"><strong><span style=\"color: #008000;\">l&#8217;affondamento della Viribus Unitis &#8211; da ufficio storico della marina militare italiana &#8211; pubblico dominio<\/span><\/strong><\/p>\n<p style=\"text-align: justify;\">Ci fu per\u00f2 un ritardo nei congegni e l&#8217;esplosione non avvenne nel tempo previsto. L&#8217;equipaggio ritorn\u00f2 quindi a bordo ma per poco. Alle 6:44, la carica esplosiva esplose e la grande corazzata austriaca, orgoglio della marina austro-ungarica, inclinatasi su di un lato, cominci\u00f2 rapidamente ad affondare. Vi furono oltre trecento vittime e dispersi, tra cui anche il <strong><span style=\"color: #008000;\">comandante Vukovi\u0107<\/span><\/strong>.<\/p>\n<table>\n<tbody>\n<tr>\n<td style=\"text-align: justify;\"><strong><span style=\"color: #008000; font-size: 14pt;\">In seguito, Rossetti e Paolucci, venuti a sapere delle precarie condizioni economiche della famiglia del comandante Vukovi\u0107, decisero di devolverle una parte del premio di guerra ricevuto per l\u2019affondamento.<\/span><\/strong><\/td>\n<\/tr>\n<\/tbody>\n<\/table>\n<p style=\"text-align: justify;\">L&#8217;assalto occulto di uomini contro unit\u00e0 navali utilizzando mezzi subacquei non convenzionali di fatto cre\u00f2 un nuovo concetto operativo, decisamente rivoluzionario in un&#8217;epoca i cui i comandanti delle navi raggiungevano la plancia in alta uniforme con sciarpa e sciabola per condurre l\u2019attacco.<\/p>\n<p style=\"text-align: justify;\"><span style=\"color: #008000;\"><span style=\"color: #008000;\"><b>Questa azione fu precorritrice di fatto delle moderne azioni caratteristiche della guerra asimmetrica,\u00a0operazioni che scrissero nella Seconda guerra mondiale tante pagine gloriose, quelle degli uomini contro navi.<\/b><\/span><\/span><\/p>\n<p><img decoding=\"async\" class=\"wp-image-21880 alignleft\" src=\"https:\/\/www.ocean4future.org\/savetheocean\/wp-content\/uploads\/2018\/06\/ammiraglio_Cavagnari.jpg\" alt=\"\" width=\"285\" height=\"422\" srcset=\"https:\/\/www.ocean4future.org\/savetheocean\/wp-content\/uploads\/2018\/06\/ammiraglio_Cavagnari.jpg 420w, https:\/\/www.ocean4future.org\/savetheocean\/wp-content\/uploads\/2018\/06\/ammiraglio_Cavagnari-203x300.jpg 203w\" sizes=\"(max-width: 285px) 100vw, 285px\" \/><\/p>\n<p align=\"justify\"><strong><span style=\"color: #008000;\">l&#8217;ammiraglio Domenico Cavagnari. Genovese, entr\u00f2 in marina alla fine dell&#8217;Ottocento e partecip\u00f2 alla guerra italo-turca e alla I guerra mondiale imbarcato su naviglio silurante. Promosso ammiraglio negli anni Venti, comand\u00f2 l&#8217;Accademia Navale e la 2\u00aa Divisione Navale, raggiungendo poi i vertici della Regia Marina nel 1933. Impost\u00f2 un programma di sviluppo incentrato sulle navi da battaglia e sui sommergibili. Mor\u00ec a Roma nel 1966 <\/span><span style=\"color: #008000;\">&#8211; da ufficio storico della marina militare italiana &#8211; pubblico dominio<\/span><\/strong><\/p>\n<p style=\"text-align: justify;\"><span style=\"font-size: 18pt;\"><strong><span style=\"color: #008000;\">Il progetto di Cavagnari<\/span><\/strong><\/span><br \/>\nPrima di entrare nei dettagli delle azioni dei mezzi di assalto, \u00e8 doveroso descrivere gli antefatti. Esse furono il frutto di studi iniziati gi\u00e0 nel 1935 quando il <strong><span style=\"color: #008000;\">Capo di Stato di Maggiore della Regia Marina, l&#8217;ammiraglio Domenico Cavagnari<\/span><\/strong>, present\u00f2 al Capo del Governo il programma di sviluppo per la creazione di un team di assaltatori equipaggiato con armi non convenzionali. L&#8217;ammiraglio Cavagnari, che aveva partecipato al forzamento del porto di Pola del 1\u00b0 novembre 1916, riteneva che una tale capacit\u00e0 offensiva avrebbe fornito all&#8217;Italia un vantaggio preponderante se avesse dovuto confrontarsi con le altre Marine presenti nel Mediterraneo. La visione di Cavagnari pecc\u00f2 per\u00f2 nella valutazione tecnologica che si stava sviluppando in altre marine. Sebbene da un lato promosse la costituzione di una flotta imponente, manc\u00f2 nell&#8217;investire nelle nuove tecnologie (come, ad esempio, il radar) che si sarebbero rivelate poi importanti durante la Seconda guerra mondiale.<\/p>\n<p style=\"text-align: justify;\"><span style=\"font-size: 18pt;\"><strong><span style=\"color: #008000;\">Il siluro a lenta\/lunga corsa<\/span><\/strong><\/span><br \/>\nPer quanto riguarda le operazioni speciali l&#8217;interesse dello Stato Maggiore fu discontinuo, nonostante i progressi fatti dai due ideatori maggiori di questo nuovo tipo di arma, Tesei e Toschi che, sulla base dell&#8217;idea di Paolucci e Rossetti svilupparono il <strong><span style=\"color: #008000;\">siluro a lenta\/lunga corsa (S.L.C.)<\/span><\/strong>, un mezzo subacqueo motorizzato di oltre sei metri di lunghezza che poteva trasportare autonomamente due uomini verso gli obiettivi navali nemici.<\/p>\n<figure id=\"attachment_6771\" aria-describedby=\"caption-attachment-6771\" style=\"width: 978px\" class=\"wp-caption aligncenter\"><img decoding=\"async\" class=\"wp-image-6771\" src=\"https:\/\/www.ocean4future.org\/savetheocean\/wp-content\/uploads\/2016\/03\/Image14.jpg\" alt=\"Image14\" width=\"978\" height=\"306\" srcset=\"https:\/\/www.ocean4future.org\/savetheocean\/wp-content\/uploads\/2016\/03\/Image14.jpg 1000w, https:\/\/www.ocean4future.org\/savetheocean\/wp-content\/uploads\/2016\/03\/Image14-300x94.jpg 300w\" sizes=\"(max-width: 978px) 100vw, 978px\" \/><figcaption id=\"caption-attachment-6771\" class=\"wp-caption-text\"><strong><span style=\"color: #008000;\">il S.L.C. &#8211; da ufficio storico della marina militare italiana &#8211; pubblico dominio<\/span><\/strong><\/figcaption><\/figure>\n<p style=\"text-align: justify;\">A differenza dei siluri normali, il S.L.C. poteva essere infatti guidato dai due operatori che, con strumenti elementari come una bussola ed un profondimetro, potevano avvicinarsi in maniera occulta verso il bersaglio navale. Il motore elettrico poteva fornire un&#8217;autonomia di circa quindici miglia ad una velocit\u00e0 media di 2 nodi e con una velocit\u00e0 massima di 3 nodi, considerata sufficiente per contrastare eventuali correnti. La carica esplosiva, di 300 chilogrammi di tritolo, era posta a prora del mezzo e poteva essere scollegata ed agganciata tramite un sistema di &#8220;tenaglie&#8221; al di sotto delle navi. L&#8217;esplosione avveniva grazie a delle spolette con detonatori a tempo. Gli operatori subacquei, per poter respirare sott&#8217;acqua, avevano in dotazione un sistema di respirazione a circuito chiuso ad ossigeno del tipo <strong><span style=\"color: #008000;\">Davis<\/span><\/strong> che consentiva loro di non emettere bolle, garantendo cos\u00ec la loro invisibilit\u00e0 nell&#8217;avvicinamento.<\/p>\n<p><img decoding=\"async\" class=\"wp-image-6780\" src=\"https:\/\/www.ocean4future.org\/savetheocean\/wp-content\/uploads\/2016\/03\/SLC_2.jpg\" alt=\"SLC_2\" width=\"1065\" height=\"779\" srcset=\"https:\/\/www.ocean4future.org\/savetheocean\/wp-content\/uploads\/2016\/03\/SLC_2.jpg 446w, https:\/\/www.ocean4future.org\/savetheocean\/wp-content\/uploads\/2016\/03\/SLC_2-300x219.jpg 300w\" sizes=\"(max-width: 1065px) 100vw, 1065px\" \/><\/p>\n<p align=\"justify\"><strong><span style=\"color: #008000;\">schema di attacco con i S.L.C. &#8211; da ufficio storico della marina militare italiana &#8211; pubblico dominio<\/span><\/strong><\/p>\n<table>\n<tbody>\n<tr>\n<td style=\"text-align: justify;\"><strong><span style=\"color: #008000;\"><span style=\"font-size: 18pt;\">Perch\u00e9 venne chiamato maiale?<\/span><br \/>\n<span style=\"font-size: 14pt;\">Il S.L.C. fu chiamato dagli operatori col nome di &#8220;maiale&#8221; a seguito di un curioso episodio. Si racconta che durante un&#8217;esercitazione nella loro base segreta, a Bocca del Serchio, il mezzo di Teseo Tesei si incagli\u00f2 nella sabbia, mentre cercava di rientrare dal mare, a causa della bassa marea. Dopo numerosi sforzi riuscirono finalmente a disincagliarlo. Mentre veniva assicurato al pontile, il mezzo, mosso dalla risacca, fece uno strano rumore simile al grugnito di un maiale. Fu proprio Teseo Tesei a coniare, con il suo fiorito toscano, il termine con cui \u00e8 comunemente chiamato. Tesei, passando la cima al palombaro di assistenza disse \u201c<em>Prendi &#8230; \u00a0ormeggia tu il maiale<\/em>\u201d. Da quell&#8217;episodio il mezzo fu chiamato confidenzialmente maiale.\u00a0<\/span><\/span><\/strong><\/td>\n<\/tr>\n<\/tbody>\n<\/table>\n<p style=\"text-align: justify;\"><span style=\"font-size: 18pt;\"><strong><span style=\"color: #008000;\">Lo spirito del Serchio<\/span><\/strong><\/span><br \/>\nGli uomini destinati ad effettuare quelle operazioni speciali furono selezionati accuratamente; dovevano essere ottimi nuotatori, riservati e affidabili. Non erano ammessi errori. Essi venivano sottoposti presso le basi della marina ad un addestramento durissimo e pericoloso per oltre sei mesi di cui non potevano far partecipi nemmeno i familiari. I migliori raggiungevano la base segreta della foce del Serchio. Nel suo libro &#8220;<strong><span style=\"color: #008000;\">Vita di Marinaio<\/span><\/strong>&#8220;, <strong><span style=\"color: #008000;\">l&#8217;ammiraglio Gino Birindelli<\/span> <\/strong>descrisse cos\u00ec l&#8217;attivit\u00e0 giornaliera degli uomini a Bocca di Serchio: &#8221; <em><strong><span style=\"color: #008000;\">Noi andavamo in mare al mattino assai presto ed alla sera a buio fitto, dedicando il lavoro nelle ore di luce al continuo perfezionamento di ogni strumento e quello notturno all&#8217;addestramento alle vere e proprie operazioni belliche, di cui studiavamo le tattiche.\u00a0Al Serchio si era creata, in modo vero, profondo e sincero, quella &#8220;banda di fratelli che costituiva un ideale dei giovani allievi dell&#8217;Accademia Navale&#8221; ed essere uniti come consanguinei non era retorica, come non lo era il volere dare in ogni possibile modo tutto quello che si poteva ad un&#8217;Italia che amavamo sopra ogni cosa. L\u00e0 si cre\u00f2 quello &#8220;spirito del Serchio&#8221; che nessuno di noi ha mai potuto dimenticare<\/span><\/strong><span style=\"color: #008000;\">&#8220;.<\/span><\/em><\/p>\n<p style=\"text-align: justify;\">Questi mezzi erano inquadrati in un reparto speciale, nato nel 1939 come <strong><span style=\"color: #008000;\">I\u00aa Flottiglia M.A.S.<\/span><\/strong>, che cambi\u00f2 ufficialmente la propria denominazione in &#8220;<strong><span style=\"color: #008000;\">X\u00aa Flottiglia M.A.S.<\/span><\/strong>&#8221; il 14 marzo 1941. Il loro primo motto, <strong><em><span style=\"color: #008000;\">Memento Audere Semper<\/span><\/em><\/strong> per la 1\u00aa Flottiglia MAS, fu cambiato in <strong><em><span style=\"color: #008000;\">Per il Re e per la bandiera <\/span><\/em><\/strong>con la X\u00aa Flottiglia MAS. Il loro compito sarebbe stato l&#8217;attacco al naviglio nemico in rada e nei porti, tramite sabotaggio occulto con i mezzi insidiosi e l&#8217;uso di mezzi veloci diretti verso la nave nemica.<\/p>\n<p><strong><span style=\"color: #008000;\">Prima parte: la genesi &#8211; continua\u00a0<\/span><\/strong><\/p>\n<p><strong><span style=\"color: #008000;\">Andrea Mucedola\u00a0<\/span><\/strong><\/p>\n<p style=\"text-align: justify;\">Alcune delle foto presenti in questo blog possono essere state prese dal web, citandone ove possibile gli autori e\/o le fonti. Se qualcuno desiderasse specificarne l\u2019autore o rimuoverle, pu\u00f2 scrivere a infoocean4future@gmail.com e provvederemo immediatamente alla correzione dell\u2019articolo<br \/>\n<span style=\"color: #ffffff;\">,<\/span><\/p>\n<p><span style=\"color: #ffffff;\">.<\/span><br \/>\n<a class=\"maxbutton-3 maxbutton maxbutton-pagina-principale\" target=\"_blank\" title=\"tooltip\" rel=\"nofollow noopener\" href=\"http:\/\/www.ocean4future.org\"><span class='mb-text'>PAGINA PRINCIPALE - HOME PAGE<\/span><\/a><br \/>\n<span style=\"color: #ffffff;\">.<\/span><\/p>\n<p><a class=\"maxbutton-3 maxbutton maxbutton-pagina-principale\" target=\"_blank\" title=\"PAGINA PRINCIPALE\" rel=\"noopener\" href=\"https:\/\/www.ocean4future.org\/savetheocean\/archives\/77265\"><span class='mb-text'>GENESI<\/span><\/a><span style=\"color: #ffffff;\">.<\/span><\/p>\n<p><a class=\"maxbutton-13 maxbutton maxbutton-parte-i\" href=\"https:\/\/www.ocean4future.org\/savetheocean\/archives\/6765\"><span class='mb-text'>PARTE I<\/span><\/a> <a class=\"maxbutton-14 maxbutton maxbutton-parte-ii\" href=\"https:\/\/www.ocean4future.org\/savetheocean\/archives\/10262\"><span class='mb-text'>PARTE II<\/span><\/a> <a class=\"maxbutton-15 maxbutton maxbutton-parte-iii\" href=\"https:\/\/www.ocean4future.org\/savetheocean\/archives\/11976\"><span class='mb-text'>PARTE III<\/span><\/a> <a class=\"maxbutton-16 maxbutton maxbutton-parte-iv\" href=\"https:\/\/www.ocean4future.org\/savetheocean\/archives\/45296\"><span class='mb-text'>PARTE IV<\/span><\/a> <a class=\"maxbutton-17 maxbutton maxbutton-parte-v\" href=\"https:\/\/www.ocean4future.org\/savetheocean\/archives\/12400\"><span class='mb-text'>PARTE V<\/span><\/a> <a class=\"maxbutton-18 maxbutton maxbutton-parte-vi\" href=\"https:\/\/www.ocean4future.org\/savetheocean\/archives\/45273\"><span class='mb-text'>PARTE VI<\/span><\/a><\/p>\n<a class=\"maxbutton-19 maxbutton maxbutton-parte-vii\" href=\"https:\/\/www.ocean4future.org\/savetheocean\/archives\/12418\"><span class='mb-text'>PARTE VII<\/span><\/a>\n<p><strong>\u00a0<\/strong><\/p>\n","protected":false},"excerpt":{"rendered":"<p><span class=\"span-reading-time rt-reading-time\" style=\"display: block;\"><span class=\"rt-label rt-prefix\">tempo di lettura: <\/span> <span class=\"rt-time\"> 8<\/span> <span class=\"rt-label rt-postfix\">minuti<\/span><\/span>. . ARGOMENTO: STORIA NAVALE PERIODO: XX SECOLO AREA: MAR MEDITERRANEO parole chiave: mezzi insidiosi . L&#8217;origine L&#8217;idea di usare armi non convenzionali in campo navale ebbe origine\u00a0nella Regia Marina Militare Italiana durante la I guerra mondiale. Gli Italiani svilupparono ingegnosi sistemi offensivi per penetrare all&#8217;interno dei porti austro-ungarici utilizzando armi segrete speciali. Il loro [&hellip;]<\/p>\n","protected":false},"author":2380,"featured_media":42867,"comment_status":"open","ping_status":"open","sticky":false,"template":"","format":"standard","meta":{"_acf_changed":false,"_monsterinsights_skip_tracking":false,"_monsterinsights_sitenote_active":false,"_monsterinsights_sitenote_note":"","_monsterinsights_sitenote_category":0,"footnotes":""},"categories":[2313],"tags":[],"class_list":["post-77265","post","type-post","status-publish","format-standard","has-post-thumbnail","hentry","category-storia-della-seconda-guerra-mondiale"],"acf":[],"yoast_head":"<!-- This site is optimized with the Yoast SEO plugin v27.4 - https:\/\/yoast.com\/product\/yoast-seo-wordpress\/ -->\n<title>Genesi dei mezzi di assalto della Regia Marina Italiana: la mignatta &#8226; OCEAN4FUTURE autore<\/title>\n<meta name=\"robots\" content=\"index, follow, max-snippet:-1, max-image-preview:large, max-video-preview:-1\" \/>\n<link rel=\"canonical\" href=\"https:\/\/www.ocean4future.org\/savetheocean\/archives\/77265\" \/>\n<meta property=\"og:locale\" content=\"it_IT\" \/>\n<meta property=\"og:type\" content=\"article\" \/>\n<meta property=\"og:title\" content=\"Genesi dei mezzi di assalto della Regia Marina Italiana: la mignatta &#8226; OCEAN4FUTURE autore\" \/>\n<meta property=\"og:description\" content=\"tempo di lettura:  8 minuti. . ARGOMENTO: STORIA NAVALE PERIODO: XX SECOLO AREA: MAR MEDITERRANEO parole chiave: mezzi insidiosi . L&#8217;origine L&#8217;idea di usare armi non convenzionali in campo navale ebbe origine\u00a0nella Regia Marina Militare Italiana durante la I guerra mondiale. Gli Italiani svilupparono ingegnosi sistemi offensivi per penetrare all&#8217;interno dei porti austro-ungarici utilizzando armi segrete speciali. Il loro [&hellip;]\" \/>\n<meta property=\"og:url\" content=\"https:\/\/www.ocean4future.org\/savetheocean\/archives\/77265\" \/>\n<meta property=\"og:site_name\" content=\"OCEAN4FUTURE\" \/>\n<meta property=\"article:published_time\" content=\"2017-01-19T23:01:29+00:00\" \/>\n<meta property=\"article:modified_time\" content=\"2026-04-22T20:30:16+00:00\" \/>\n<meta property=\"og:image\" content=\"https:\/\/www.ocean4future.org\/savetheocean\/wp-content\/uploads\/2018\/06\/mignatta-modello.jpg\" \/>\n\t<meta property=\"og:image:width\" content=\"800\" \/>\n\t<meta property=\"og:image:height\" content=\"450\" \/>\n\t<meta property=\"og:image:type\" content=\"image\/jpeg\" \/>\n<meta name=\"author\" content=\"Andrea Mucedola\" \/>\n<meta name=\"twitter:card\" content=\"summary_large_image\" \/>\n<meta name=\"twitter:creator\" content=\"@ocean4future\" \/>\n<meta name=\"twitter:site\" content=\"@ocean4future\" \/>\n<meta name=\"twitter:label1\" content=\"Scritto da\" \/>\n\t<meta name=\"twitter:data1\" content=\"Andrea Mucedola\" \/>\n\t<meta name=\"twitter:label2\" content=\"Tempo di lettura stimato\" \/>\n\t<meta name=\"twitter:data2\" content=\"12 minuti\" \/>\n<script type=\"application\/ld+json\" class=\"yoast-schema-graph\">{\"@context\":\"https:\\\/\\\/schema.org\",\"@graph\":[{\"@type\":\"Article\",\"@id\":\"https:\\\/\\\/www.ocean4future.org\\\/savetheocean\\\/archives\\\/77265#article\",\"isPartOf\":{\"@id\":\"https:\\\/\\\/www.ocean4future.org\\\/savetheocean\\\/archives\\\/77265\"},\"author\":{\"name\":\"Andrea Mucedola\",\"@id\":\"https:\\\/\\\/www.ocean4future.org\\\/savetheocean\\\/#\\\/schema\\\/person\\\/252d25dcc5c002abcde7b2d4baa78f13\"},\"headline\":\"Genesi dei mezzi di assalto della Regia Marina Italiana: la mignatta\",\"datePublished\":\"2017-01-19T23:01:29+00:00\",\"dateModified\":\"2026-04-22T20:30:16+00:00\",\"mainEntityOfPage\":{\"@id\":\"https:\\\/\\\/www.ocean4future.org\\\/savetheocean\\\/archives\\\/77265\"},\"wordCount\":2007,\"commentCount\":0,\"publisher\":{\"@id\":\"https:\\\/\\\/www.ocean4future.org\\\/savetheocean\\\/#\\\/schema\\\/person\\\/4e1c26437054353074d7bb2efa77162c\"},\"image\":{\"@id\":\"https:\\\/\\\/www.ocean4future.org\\\/savetheocean\\\/archives\\\/77265#primaryimage\"},\"thumbnailUrl\":\"https:\\\/\\\/www.ocean4future.org\\\/savetheocean\\\/wp-content\\\/uploads\\\/2018\\\/06\\\/mignatta-modello.jpg\",\"articleSection\":[\"Storia navale della seconda guerra mondiale (1939 - 1945)\"],\"inLanguage\":\"it-IT\",\"potentialAction\":[{\"@type\":\"CommentAction\",\"name\":\"Comment\",\"target\":[\"https:\\\/\\\/www.ocean4future.org\\\/savetheocean\\\/archives\\\/77265#respond\"]}]},{\"@type\":\"WebPage\",\"@id\":\"https:\\\/\\\/www.ocean4future.org\\\/savetheocean\\\/archives\\\/77265\",\"url\":\"https:\\\/\\\/www.ocean4future.org\\\/savetheocean\\\/archives\\\/77265\",\"name\":\"Genesi dei mezzi di assalto della Regia Marina Italiana: la mignatta &#8226; OCEAN4FUTURE autore\",\"isPartOf\":{\"@id\":\"https:\\\/\\\/www.ocean4future.org\\\/savetheocean\\\/#website\"},\"primaryImageOfPage\":{\"@id\":\"https:\\\/\\\/www.ocean4future.org\\\/savetheocean\\\/archives\\\/77265#primaryimage\"},\"image\":{\"@id\":\"https:\\\/\\\/www.ocean4future.org\\\/savetheocean\\\/archives\\\/77265#primaryimage\"},\"thumbnailUrl\":\"https:\\\/\\\/www.ocean4future.org\\\/savetheocean\\\/wp-content\\\/uploads\\\/2018\\\/06\\\/mignatta-modello.jpg\",\"datePublished\":\"2017-01-19T23:01:29+00:00\",\"dateModified\":\"2026-04-22T20:30:16+00:00\",\"breadcrumb\":{\"@id\":\"https:\\\/\\\/www.ocean4future.org\\\/savetheocean\\\/archives\\\/77265#breadcrumb\"},\"inLanguage\":\"it-IT\",\"potentialAction\":[{\"@type\":\"ReadAction\",\"target\":[\"https:\\\/\\\/www.ocean4future.org\\\/savetheocean\\\/archives\\\/77265\"]}]},{\"@type\":\"ImageObject\",\"inLanguage\":\"it-IT\",\"@id\":\"https:\\\/\\\/www.ocean4future.org\\\/savetheocean\\\/archives\\\/77265#primaryimage\",\"url\":\"https:\\\/\\\/www.ocean4future.org\\\/savetheocean\\\/wp-content\\\/uploads\\\/2018\\\/06\\\/mignatta-modello.jpg\",\"contentUrl\":\"https:\\\/\\\/www.ocean4future.org\\\/savetheocean\\\/wp-content\\\/uploads\\\/2018\\\/06\\\/mignatta-modello.jpg\",\"width\":800,\"height\":450},{\"@type\":\"BreadcrumbList\",\"@id\":\"https:\\\/\\\/www.ocean4future.org\\\/savetheocean\\\/archives\\\/77265#breadcrumb\",\"itemListElement\":[{\"@type\":\"ListItem\",\"position\":1,\"name\":\"Home\",\"item\":\"https:\\\/\\\/www.ocean4future.org\\\/savetheocean\"},{\"@type\":\"ListItem\",\"position\":2,\"name\":\"Genesi dei mezzi di assalto della Regia Marina Italiana: la mignatta\"}]},{\"@type\":\"WebSite\",\"@id\":\"https:\\\/\\\/www.ocean4future.org\\\/savetheocean\\\/#website\",\"url\":\"https:\\\/\\\/www.ocean4future.org\\\/savetheocean\\\/\",\"name\":\"Ocean 4 Future\",\"description\":\"Per una nuova cultura del mare e della marittimit\u00e0\",\"publisher\":{\"@id\":\"https:\\\/\\\/www.ocean4future.org\\\/savetheocean\\\/#\\\/schema\\\/person\\\/4e1c26437054353074d7bb2efa77162c\"},\"potentialAction\":[{\"@type\":\"SearchAction\",\"target\":{\"@type\":\"EntryPoint\",\"urlTemplate\":\"https:\\\/\\\/www.ocean4future.org\\\/savetheocean\\\/?s={search_term_string}\"},\"query-input\":{\"@type\":\"PropertyValueSpecification\",\"valueRequired\":true,\"valueName\":\"search_term_string\"}}],\"inLanguage\":\"it-IT\"},{\"@type\":[\"Person\",\"Organization\"],\"@id\":\"https:\\\/\\\/www.ocean4future.org\\\/savetheocean\\\/#\\\/schema\\\/person\\\/4e1c26437054353074d7bb2efa77162c\",\"name\":\"oceandiver\",\"image\":{\"@type\":\"ImageObject\",\"inLanguage\":\"it-IT\",\"@id\":\"https:\\\/\\\/www.ocean4future.org\\\/savetheocean\\\/wp-content\\\/uploads\\\/2023\\\/04\\\/logo-ocean3.jpg\",\"url\":\"https:\\\/\\\/www.ocean4future.org\\\/savetheocean\\\/wp-content\\\/uploads\\\/2023\\\/04\\\/logo-ocean3.jpg\",\"contentUrl\":\"https:\\\/\\\/www.ocean4future.org\\\/savetheocean\\\/wp-content\\\/uploads\\\/2023\\\/04\\\/logo-ocean3.jpg\",\"width\":472,\"height\":301,\"caption\":\"oceandiver\"},\"logo\":{\"@id\":\"https:\\\/\\\/www.ocean4future.org\\\/savetheocean\\\/wp-content\\\/uploads\\\/2023\\\/04\\\/logo-ocean3.jpg\"}},{\"@type\":\"Person\",\"@id\":\"https:\\\/\\\/www.ocean4future.org\\\/savetheocean\\\/#\\\/schema\\\/person\\\/252d25dcc5c002abcde7b2d4baa78f13\",\"name\":\"Andrea Mucedola\",\"image\":{\"@type\":\"ImageObject\",\"inLanguage\":\"it-IT\",\"@id\":\"https:\\\/\\\/secure.gravatar.com\\\/avatar\\\/befc97e7f9e17a6b60a3969a83be976bdb6f8fc3d0b55cb27b11ae85db4b6240?s=96&d=mm&r=g\",\"url\":\"https:\\\/\\\/secure.gravatar.com\\\/avatar\\\/befc97e7f9e17a6b60a3969a83be976bdb6f8fc3d0b55cb27b11ae85db4b6240?s=96&d=mm&r=g\",\"contentUrl\":\"https:\\\/\\\/secure.gravatar.com\\\/avatar\\\/befc97e7f9e17a6b60a3969a83be976bdb6f8fc3d0b55cb27b11ae85db4b6240?s=96&d=mm&r=g\",\"caption\":\"Andrea Mucedola\"},\"description\":\"ammiraglio della Marina Militare Italiana (riserva), \u00e8 laureato in Scienze Marittime della Difesa presso l\u2019Universit\u00e0 di Pisa ed in Scienze Politiche cum laude all\u2019Universit\u00e0 di Trieste. Analista di Maritime Security, collabora con numerosi Centri di studi e analisi geopolitici italiani ed internazionali. Ricercatore subacqueo scientifico dal 1993, nel 2019, ha ricevuto il Tridente d'oro dell'Accademia delle Scienze e Tecniche Subacquee per la divulgazione della cultura del mare. Fa parte del Comitato scientifico della Fondazione Atlantide e della Scuola internazionale Subacquei scientifici (ISSD - AIOSS).\",\"sameAs\":[\"http:\\\/\\\/www.ocean4future.org\"],\"url\":\"https:\\\/\\\/www.ocean4future.org\\\/savetheocean\\\/archives\\\/author\\\/andrea-mucedola\"}]}<\/script>\n<!-- \/ Yoast SEO plugin. -->","yoast_head_json":{"title":"Genesi dei mezzi di assalto della Regia Marina Italiana: la mignatta &#8226; OCEAN4FUTURE autore","robots":{"index":"index","follow":"follow","max-snippet":"max-snippet:-1","max-image-preview":"max-image-preview:large","max-video-preview":"max-video-preview:-1"},"canonical":"https:\/\/www.ocean4future.org\/savetheocean\/archives\/77265","og_locale":"it_IT","og_type":"article","og_title":"Genesi dei mezzi di assalto della Regia Marina Italiana: la mignatta &#8226; OCEAN4FUTURE autore","og_description":"tempo di lettura:  8 minuti. . ARGOMENTO: STORIA NAVALE PERIODO: XX SECOLO AREA: MAR MEDITERRANEO parole chiave: mezzi insidiosi . L&#8217;origine L&#8217;idea di usare armi non convenzionali in campo navale ebbe origine\u00a0nella Regia Marina Militare Italiana durante la I guerra mondiale. Gli Italiani svilupparono ingegnosi sistemi offensivi per penetrare all&#8217;interno dei porti austro-ungarici utilizzando armi segrete speciali. Il loro [&hellip;]","og_url":"https:\/\/www.ocean4future.org\/savetheocean\/archives\/77265","og_site_name":"OCEAN4FUTURE","article_published_time":"2017-01-19T23:01:29+00:00","article_modified_time":"2026-04-22T20:30:16+00:00","og_image":[{"width":800,"height":450,"url":"https:\/\/www.ocean4future.org\/savetheocean\/wp-content\/uploads\/2018\/06\/mignatta-modello.jpg","type":"image\/jpeg"}],"author":"Andrea Mucedola","twitter_card":"summary_large_image","twitter_creator":"@ocean4future","twitter_site":"@ocean4future","twitter_misc":{"Scritto da":"Andrea Mucedola","Tempo di lettura stimato":"12 minuti"},"schema":{"@context":"https:\/\/schema.org","@graph":[{"@type":"Article","@id":"https:\/\/www.ocean4future.org\/savetheocean\/archives\/77265#article","isPartOf":{"@id":"https:\/\/www.ocean4future.org\/savetheocean\/archives\/77265"},"author":{"name":"Andrea Mucedola","@id":"https:\/\/www.ocean4future.org\/savetheocean\/#\/schema\/person\/252d25dcc5c002abcde7b2d4baa78f13"},"headline":"Genesi dei mezzi di assalto della Regia Marina Italiana: la mignatta","datePublished":"2017-01-19T23:01:29+00:00","dateModified":"2026-04-22T20:30:16+00:00","mainEntityOfPage":{"@id":"https:\/\/www.ocean4future.org\/savetheocean\/archives\/77265"},"wordCount":2007,"commentCount":0,"publisher":{"@id":"https:\/\/www.ocean4future.org\/savetheocean\/#\/schema\/person\/4e1c26437054353074d7bb2efa77162c"},"image":{"@id":"https:\/\/www.ocean4future.org\/savetheocean\/archives\/77265#primaryimage"},"thumbnailUrl":"https:\/\/www.ocean4future.org\/savetheocean\/wp-content\/uploads\/2018\/06\/mignatta-modello.jpg","articleSection":["Storia navale della seconda guerra mondiale (1939 - 1945)"],"inLanguage":"it-IT","potentialAction":[{"@type":"CommentAction","name":"Comment","target":["https:\/\/www.ocean4future.org\/savetheocean\/archives\/77265#respond"]}]},{"@type":"WebPage","@id":"https:\/\/www.ocean4future.org\/savetheocean\/archives\/77265","url":"https:\/\/www.ocean4future.org\/savetheocean\/archives\/77265","name":"Genesi dei mezzi di assalto della Regia Marina Italiana: la mignatta &#8226; OCEAN4FUTURE autore","isPartOf":{"@id":"https:\/\/www.ocean4future.org\/savetheocean\/#website"},"primaryImageOfPage":{"@id":"https:\/\/www.ocean4future.org\/savetheocean\/archives\/77265#primaryimage"},"image":{"@id":"https:\/\/www.ocean4future.org\/savetheocean\/archives\/77265#primaryimage"},"thumbnailUrl":"https:\/\/www.ocean4future.org\/savetheocean\/wp-content\/uploads\/2018\/06\/mignatta-modello.jpg","datePublished":"2017-01-19T23:01:29+00:00","dateModified":"2026-04-22T20:30:16+00:00","breadcrumb":{"@id":"https:\/\/www.ocean4future.org\/savetheocean\/archives\/77265#breadcrumb"},"inLanguage":"it-IT","potentialAction":[{"@type":"ReadAction","target":["https:\/\/www.ocean4future.org\/savetheocean\/archives\/77265"]}]},{"@type":"ImageObject","inLanguage":"it-IT","@id":"https:\/\/www.ocean4future.org\/savetheocean\/archives\/77265#primaryimage","url":"https:\/\/www.ocean4future.org\/savetheocean\/wp-content\/uploads\/2018\/06\/mignatta-modello.jpg","contentUrl":"https:\/\/www.ocean4future.org\/savetheocean\/wp-content\/uploads\/2018\/06\/mignatta-modello.jpg","width":800,"height":450},{"@type":"BreadcrumbList","@id":"https:\/\/www.ocean4future.org\/savetheocean\/archives\/77265#breadcrumb","itemListElement":[{"@type":"ListItem","position":1,"name":"Home","item":"https:\/\/www.ocean4future.org\/savetheocean"},{"@type":"ListItem","position":2,"name":"Genesi dei mezzi di assalto della Regia Marina Italiana: la mignatta"}]},{"@type":"WebSite","@id":"https:\/\/www.ocean4future.org\/savetheocean\/#website","url":"https:\/\/www.ocean4future.org\/savetheocean\/","name":"Ocean 4 Future","description":"Per una nuova cultura del mare e della marittimit\u00e0","publisher":{"@id":"https:\/\/www.ocean4future.org\/savetheocean\/#\/schema\/person\/4e1c26437054353074d7bb2efa77162c"},"potentialAction":[{"@type":"SearchAction","target":{"@type":"EntryPoint","urlTemplate":"https:\/\/www.ocean4future.org\/savetheocean\/?s={search_term_string}"},"query-input":{"@type":"PropertyValueSpecification","valueRequired":true,"valueName":"search_term_string"}}],"inLanguage":"it-IT"},{"@type":["Person","Organization"],"@id":"https:\/\/www.ocean4future.org\/savetheocean\/#\/schema\/person\/4e1c26437054353074d7bb2efa77162c","name":"oceandiver","image":{"@type":"ImageObject","inLanguage":"it-IT","@id":"https:\/\/www.ocean4future.org\/savetheocean\/wp-content\/uploads\/2023\/04\/logo-ocean3.jpg","url":"https:\/\/www.ocean4future.org\/savetheocean\/wp-content\/uploads\/2023\/04\/logo-ocean3.jpg","contentUrl":"https:\/\/www.ocean4future.org\/savetheocean\/wp-content\/uploads\/2023\/04\/logo-ocean3.jpg","width":472,"height":301,"caption":"oceandiver"},"logo":{"@id":"https:\/\/www.ocean4future.org\/savetheocean\/wp-content\/uploads\/2023\/04\/logo-ocean3.jpg"}},{"@type":"Person","@id":"https:\/\/www.ocean4future.org\/savetheocean\/#\/schema\/person\/252d25dcc5c002abcde7b2d4baa78f13","name":"Andrea Mucedola","image":{"@type":"ImageObject","inLanguage":"it-IT","@id":"https:\/\/secure.gravatar.com\/avatar\/befc97e7f9e17a6b60a3969a83be976bdb6f8fc3d0b55cb27b11ae85db4b6240?s=96&d=mm&r=g","url":"https:\/\/secure.gravatar.com\/avatar\/befc97e7f9e17a6b60a3969a83be976bdb6f8fc3d0b55cb27b11ae85db4b6240?s=96&d=mm&r=g","contentUrl":"https:\/\/secure.gravatar.com\/avatar\/befc97e7f9e17a6b60a3969a83be976bdb6f8fc3d0b55cb27b11ae85db4b6240?s=96&d=mm&r=g","caption":"Andrea Mucedola"},"description":"ammiraglio della Marina Militare Italiana (riserva), \u00e8 laureato in Scienze Marittime della Difesa presso l\u2019Universit\u00e0 di Pisa ed in Scienze Politiche cum laude all\u2019Universit\u00e0 di Trieste. Analista di Maritime Security, collabora con numerosi Centri di studi e analisi geopolitici italiani ed internazionali. Ricercatore subacqueo scientifico dal 1993, nel 2019, ha ricevuto il Tridente d'oro dell'Accademia delle Scienze e Tecniche Subacquee per la divulgazione della cultura del mare. Fa parte del Comitato scientifico della Fondazione Atlantide e della Scuola internazionale Subacquei scientifici (ISSD - AIOSS).","sameAs":["http:\/\/www.ocean4future.org"],"url":"https:\/\/www.ocean4future.org\/savetheocean\/archives\/author\/andrea-mucedola"}]}},"_links":{"self":[{"href":"https:\/\/www.ocean4future.org\/savetheocean\/wp-json\/wp\/v2\/posts\/77265","targetHints":{"allow":["GET"]}}],"collection":[{"href":"https:\/\/www.ocean4future.org\/savetheocean\/wp-json\/wp\/v2\/posts"}],"about":[{"href":"https:\/\/www.ocean4future.org\/savetheocean\/wp-json\/wp\/v2\/types\/post"}],"author":[{"embeddable":true,"href":"https:\/\/www.ocean4future.org\/savetheocean\/wp-json\/wp\/v2\/users\/2380"}],"replies":[{"embeddable":true,"href":"https:\/\/www.ocean4future.org\/savetheocean\/wp-json\/wp\/v2\/comments?post=77265"}],"version-history":[{"count":4,"href":"https:\/\/www.ocean4future.org\/savetheocean\/wp-json\/wp\/v2\/posts\/77265\/revisions"}],"predecessor-version":[{"id":127852,"href":"https:\/\/www.ocean4future.org\/savetheocean\/wp-json\/wp\/v2\/posts\/77265\/revisions\/127852"}],"wp:featuredmedia":[{"embeddable":true,"href":"https:\/\/www.ocean4future.org\/savetheocean\/wp-json\/wp\/v2\/media\/42867"}],"wp:attachment":[{"href":"https:\/\/www.ocean4future.org\/savetheocean\/wp-json\/wp\/v2\/media?parent=77265"}],"wp:term":[{"taxonomy":"category","embeddable":true,"href":"https:\/\/www.ocean4future.org\/savetheocean\/wp-json\/wp\/v2\/categories?post=77265"},{"taxonomy":"post_tag","embeddable":true,"href":"https:\/\/www.ocean4future.org\/savetheocean\/wp-json\/wp\/v2\/tags?post=77265"}],"curies":[{"name":"wp","href":"https:\/\/api.w.org\/{rel}","templated":true}]}}