{"id":73778,"date":"2022-06-28T00:04:50","date_gmt":"2022-06-27T22:04:50","guid":{"rendered":"http:\/\/www.ocean4future.org\/savetheocean\/?p=73778"},"modified":"2023-09-30T18:37:14","modified_gmt":"2023-09-30T16:37:14","slug":"ruggero-flores-templare-pirata-e-ammiraglio-brindisino-parte-ii","status":"publish","type":"post","link":"https:\/\/www.ocean4future.org\/savetheocean\/archives\/73778","title":{"rendered":"Ruggero Flores: templare pirata e ammiraglio brindisino &#8211; parte II"},"content":{"rendered":"<span class=\"span-reading-time rt-reading-time\" style=\"display: block;\"><span class=\"rt-label rt-prefix\">tempo di lettura: <\/span> <span class=\"rt-time\"> 6<\/span> <span class=\"rt-label rt-postfix\">minuti<\/span><\/span><p><span style=\"color: #ffffff;\">.<\/span><\/p>\n<a class=\"maxbutton-4 maxbutton maxbutton-livello-di-comprensione\" href=\"javascript:void(0);\"><span class='mb-text'>livello elementare<\/span><\/a>\n<p><span style=\"color: #ffffff;\">.<\/span><\/p>\n<p><strong><span style=\"color: #008000;\">ARGOMENTO: STORIA NAVALE<\/span><\/strong><br \/>\n<strong><span style=\"color: #008000;\">PERIODO: XIII SECOLO<\/span><\/strong><br \/>\n<strong><span style=\"color: #008000;\">AREA: MAR ADRIATICO<\/span><\/strong><br \/>\nparole chiave: Ruggero Flores<\/p>\n<p style=\"text-align: justify;\">&nbsp;<\/p>\n<p style=\"text-align: justify;\">Giunti alla fine dell\u2019estate del 1304, l\u2019<strong><span style=\"color: #008000;\">imperatore Andronico<\/span><\/strong> ordin\u00f2 a Ruggero di spostarsi in Europa con le sue truppe per contrastare la minaccia dei Bulgari sulla Tracia e soccorrere il figlio erede, Mikele IX, nella sua campagna difensiva dinanzi ad Adrianopoli. Ma, visto che erano in corso tensioni a causa del mancato pagamento delle paghe pattuite, <strong><span style=\"color: #008000;\">Ruggero de Flor<\/span><\/strong> si rifiut\u00f2 in un primo momento di eseguire l\u2019ordine dell\u2019imperatore, non avendo in realt\u00e0 voglia alcuna di soccorrere il recalcitrante Mikele, del quale del resto ben conosceva i sentimenti di invidia che nutriva nei suoi confronti.<\/p>\n<p><img decoding=\"async\" src=\"https:\/\/www.ocean4future.org\/savetheocean\/wp-content\/uploads\/2022\/06\/grand-company-mercenari-cataani.jpg\" alt=\"Questa immagine ha l'attributo alt vuoto; il nome del file \u00e8 grand-company-mercenari-cataani.jpg\"><\/p>\n<p style=\"text-align: justify;\">In ottobre per\u00f2, Ruggero finalmente si spost\u00f2 con le sue truppe in Europa. Pose un accampamento fortificato sulla penisola di Gallipoli e quindi si rec\u00f2 a Costantinopoli per riscuotere le paghe arretrate, e l\u00ec le tensioni tra Andronico e il condottiero brindisino furono inasprendosi ancor pi\u00f9, sia a causa degli intrighi di Mikele che cercava di impedire l\u2019accesso di quel rivale ad Adrianopoli, e sia per il tentativo dell\u2019imperatore di pagare le truppe catalane con una moneta deprezzata tentando di sopperire alla critica situazione in cui versava l\u2019erario. Alla fine di dicembre di quel 1304 Ruggero interruppe le trattative e ritorn\u00f2 a Gallipoli, rimanendovi fino all\u2019aprile dell\u2019anno seguente, quando ritorn\u00f2 sul Bosforo.<\/p>\n<figure style=\"width: 725px\" class=\"wp-caption alignnone\"><img decoding=\"async\" src=\"https:\/\/www.ocean4future.org\/savetheocean\/wp-content\/uploads\/2022\/06\/Lingresso-a-Costantinopoli-di-Ruggero-Flores.jpg\" alt=\"Questa immagine ha l'attributo alt vuoto; il nome del file \u00e8 Lingresso-a-Costantinopoli-di-Ruggero-Flores.jpg\" width=\"725\" height=\"432\"><figcaption class=\"wp-caption-text\"><strong><span style=\"color: #008000;\">Jos\u00e8 Moreno Carbonero,&nbsp;<i>L&#8217;ingresso a Costantinopoli di Ruggero de Flor<\/i>, olio su tela, Palacio del Senado, Madrid<\/span><\/strong><\/figcaption><\/figure>\n<p style=\"text-align: justify;\">In quel nuovo incontro si giunse presto ad un accordo, e il 10 aprile <strong><span style=\"color: #008000;\">Ruggero de Flor<\/span><\/strong> fu nominato e acclamato Cesare e l\u2019imperatore promise onorare i pagamenti in pendenza. Allo stesso tempo, Ruggero s\u2019impegn\u00f2 a dimezzare il numero delle sue truppe fino a soli 3.000 uomini ed abbandonare l\u2019Europa per rientrare in Asia minore.<\/p>\n<p style=\"text-align: justify;\">Subito dopo il ritorno a Gallipoli, il fiammante Cesare prese tuttavia l\u2019incomprensibile decisione di recarsi con una piccola scorta in visita dal suo rivale Michele ad Adrianopoli \u00ab<strong><span style=\"color: #008000;\">forse nell\u2019intento di riconciliarsi con lui prima della partenza per l\u2019Asia minore e magari per ottenere l\u2019approvazione ai suoi piani di creare un dominio feudale in Anatolia.<\/span><\/strong>\u00bb<a href=\"#_ftn6\" name=\"_ftnref6\">[6]<\/a><\/p>\n<p style=\"text-align: justify;\">Al suo arrivo ad Adrianopoli, il 24 aprile, fu accolto da Mikele con tutti gli onori, ma pochi giorni dopo, il 30 aprile 1305 nel corso di un banchetto alla vigilia della sua partenza, il trentasettenne celebre condottiero brindisino fu assassinato dal comandante degli alani <strong><span style=\"color: #008000;\">Georgios<\/span><\/strong>, che lo decapit\u00f2 brutalmente in funzione di sicario agli ordini dell\u2019erede al trono imperiale Mikele IX Paleologo.<\/p>\n<figure style=\"width: 1024px\" class=\"wp-caption alignnone\"><img decoding=\"async\" src=\"https:\/\/www.ocean4future.org\/savetheocean\/wp-content\/uploads\/2022\/06\/Rappresentazione-dellassassinio-di-Ruggero-Flores-a-Adrianopoli-1024x645.jpg\" alt=\"Questa immagine ha l'attributo alt vuoto; il nome del file \u00e8 Rappresentazione-dellassassinio-di-Ruggero-Flores-a-Adrianopoli-1024x645.jpg\" width=\"1024\" height=\"645\"><figcaption class=\"wp-caption-text\"><strong><span style=\"color: #008000;\">Rappresentazione dell&#8217;assassinio di Ruggero Flores a Adrianopoli &#8211; Disegno di Anonimo, datato 1920 <\/span><\/strong><\/figcaption><\/figure>\n<p style=\"text-align: justify;\">Quando la notizia dell\u2019assassinio giunse al campamento catalano, scoppi\u00f2 la rappresaglia degli almogavari: bruciarono le proprie navi per non farsi tentare dalla ritirata, misero a ferro e fuoco Gallipoli, respinsero le truppe bizantine dell\u2019imperatore e si volsero a saccheggiare indiscriminatamente i territori della Tracia e della Macedonia, compiendo in onore a Ruggero de Flor quella che doveva passare alla storia come \u2018<strong><span style=\"color: #008000;\">la vendetta catalana<\/span><\/strong>\u2019<a href=\"#_ftn7\" name=\"_ftnref7\">[7]<\/a>.<\/p>\n<p style=\"text-align: justify;\">In seguito, gli <strong><span style=\"color: #008000;\">almogavari della Compagnia Catalana<\/span> <\/strong>furono contattati dal duca di Atene <a href=\"#_ftn8\" name=\"_ftnref8\">[8]<\/a> Gualtieri V di Brienne, che li assold\u00f2 in chiave antibizantina e quando quelli ebbero la meglio sui suoi nemici pens\u00f2 bene tradire i patti economici accordati e tent\u00f2 di espellerli da Atene, ma dovette vedersela con la loro reazione. L\u2019esercito di Gualtieri si scontr\u00f2 con i Catalani nella battaglia di Halmyros sul fiume Cefisso in Beozia il 15 marzo 1311 e gli almogavari ottennero una vittoria devastante, uccidendo Gualtieri e quasi tutta la sua cavalleria, conquistando il ducato e nominando il loro leader <strong><span style=\"color: #008000;\">Roger Deslaur<\/span><\/strong>, nuovo duca di Atene. Poi, il ducato fu offerto al re di Sicilia Federico III e questi nel 1312 nomin\u00f2 duca il suo quartogenito figlio Manfredi d\u2019Aragona, ai cui discendenti il ducato rimase fino al 1394.<\/p>\n<p style=\"text-align: justify;\"><strong><span style=\"color: #008000; font-size: 18pt;\">Conclusioni<\/span><\/strong><br \/>\nRuggero Flores fu decisamente una figura magna dei suoi tempi, quella del brindisino condottiero di mare e di terra, cos\u00ec come lo dimostrano i tanti risvolti internazionali che ebbero le sue gesta ed il suo stesso esistere, nonch\u00e9 la vastissima produzione storica romanzesca e finanche artistica, che quelle gesta hanno alimentato fin dal momento stesso in cui si produssero ed hanno continuato ad alimentare fino a tutt\u2019oggi.<\/p>\n<p style=\"text-align: justify;\">\u00abI detrattori non esitano a definirlo un avventuriero, uomo senza scrupoli, che con le sue azioni ha gettato discredito sull\u2019intero Ordine, avvalorando cos\u00ec le accuse di avarizia e cupidigia formulate contro i Templari. Il suo luogotenente e compagno d\u2019avventure, invece, il catalano Ram\u00f3n Muntaner, ne ha tracciato il ritratto di un uomo di grande coraggio e di indole generosa, sempre pronto a dividere i suoi guadagni con i compagni d\u2019arme ed a pagare anticipatamente i suoi soldati \u2026 Moriva cos\u00ec, per tradimento, un uomo discusso e discutibile, un uomo che aveva servito fedelmente l\u2019ideale del Tempio e da questo &#8211; o dai suoi uomini &#8211; era stato tradito, un uomo che, addestrato a combattere, aveva fatto del combattimento la sua ragione di vita ma, trasformato il suo ideale nella ricerca del potere, ne aveva anche subito la naturale conseguenza.\u00bb [Enzo Valentini <em>Ruggero da Flor templare e pirata <\/em>in Cavalieri templari, Penne &amp; Papiri 2001]<\/p>\n<p style=\"text-align: justify;\">&#8220;La sua \u00e8 stata una personalit\u00e0 complessa, caratterizzata da numerosissime notizie biografiche il pi\u00f9 delle volte contraddittore: se da alcuni \u00e8 definito \u201c<strong><em><span style=\"color: #008000;\">un valoroso cavaliere che difende con ardimento gli insediamenti cristiani dalle orde saracene<\/span><\/em><\/strong>\u201d, da altri invece \u00e8 raccontato come \u201c<strong><em><span style=\"color: #008000;\">un uomo senza scrupoli, un vero pirata, che con le sue scriteriate azioni getta disonore sui Templari<\/span><\/em><\/strong>\u201d. Storicamente, fu di certo un grande avventuriero che combatt\u00e9 con audacia al servizio di Angioini, Aragonesi e Bizantini \u2026&nbsp;In Spagna le gesta di Ruggero Flores sono state rappresentate in un\u2019opera lirica in tre atti di&nbsp;<span style=\"color: #008000;\"><strong>Ruperto Chap\u00ed<\/strong><\/span>&nbsp;su libretto di&nbsp;<span style=\"color: #008000;\"><strong>Mariano Capdep\u00f3n<\/strong><\/span>, portata in scena la prima volta nel Teatro Reale di Madrid nel gennaio del 1878, dove ad impersonare il condottiero brindisino fu scelto il noto tenore italiano&nbsp;<strong><span style=\"color: #008000;\">Enrico Tamberlick<\/span><\/strong>. La sua storia \u00e8 stata narrata dai pi\u00f9 importanti medievalisti italiani ed internazionali, e le sue imprese hanno ispirato i romanzi storici di successo a firma di&nbsp;<span style=\"color: #008000;\"><strong>Azar Rudif<\/strong><\/span>&nbsp;e di&nbsp;<span style=\"color: #008000;\"><strong>Kostas Kyriazis<\/strong><\/span>.&#8221; [Giovanni Membola <em>Flores il templare divenuto corsaro<\/em> in il7 Magazine N.18, Brindisi 2019]<\/p>\n<p style=\"text-align: justify;\">\u00abMentre egli si trovava a pranzo col principe Paleologo e la di lui consorte, entrarono d&#8217;improvviso in quella stanza alcuni sicari, che barbaramente trucidarono il valoroso Ruggiero, mozzandogli il capo. Tale fu la fine miseranda di Ruggiero di Flores, contando la fresca et\u00e0 di anni 37 &#8230; Quest\u2019uomo d\u2019aspro sembiante, ardente di cuore, vivace d\u2019ingegno, prudente nel determinare, diligentissimo nell\u2019eseguire e liberalissimo con tutti, occupa un posto molto distinto nel piccolo, ma onorevole Panteon brindisino.\u00bb [Pasquale Camassa <em>Ruggiero di Flores <\/em>in Guida di Brindisi &#8211; Stab. Tip. B. Mealli, Brindisi 1897]<\/p>\n<p><strong><span style=\"color: #008000;\">Gianfranco Perri<\/span><\/strong><\/p>\n<p>&nbsp;<\/p>\n<a class=\"maxbutton-13 maxbutton maxbutton-parte-i\" target=\"_blank\" title=\" tooltip\" rel=\"nofollow noopener\" href=\"https:\/\/www.ocean4future.org\/savetheocean\/archives\/73773\"><span class='mb-text'>PARTE I<\/span><\/a>\n<a class=\"maxbutton-14 maxbutton maxbutton-parte-ii\" target=\"_blank\" title=\" tooltip\" rel=\"nofollow noopener\" href=\"https:\/\/www.ocean4future.org\/savetheocean\/archives\/73778\"><span class='mb-text'>PARTE II<\/span><\/a>\n<p>&nbsp;<\/p>\n<p style=\"text-align: justify;\"><span style=\"font-size: 18pt;\"><strong><span style=\"color: #008000;\">Note<\/span><\/strong><\/span><\/p>\n<p style=\"text-align: justify;\"><a href=\"#_ftnref1\" name=\"_ftn1\"><\/a><\/p>\n<p style=\"text-align: justify;\"><a href=\"#_ftnref6\" name=\"_ftn6\"><span style=\"font-size: 10pt;\">[6]<\/span><\/a><span style=\"font-size: 10pt;\"> Kiesewetter A. <em>Ruggiero di Flor<\/em> in Dizionario Biografico degli Italiani Treccani &#8211; Vol. 48, 1997<\/span><\/p>\n<p style=\"text-align: justify;\"><span style=\"font-size: 10pt;\"><a href=\"#_ftnref7\" name=\"_ftn7\">[7]<\/a> Il ricordo di quelle azioni persiste a tutt\u2019oggi in Bulgaria sotto la figura del Katalan, un gigantesco guerriero assetato di sangue usato per spaventare i bambini. Katalan in albanese significa mostro e ancora oggi c\u2019\u00e8 chi, in Tracia, maledice minacciando con: \u2018la vendetta dei catalani ti raggiunga!\u2019.<\/span><\/p>\n<p style=\"text-align: justify;\"><span style=\"font-size: 10pt;\"><a href=\"#_ftnref8\" name=\"_ftn8\">[8]<\/a> Nel 1205, in seguito alla conquista di Costantinopoli durante la 4<sup>a<\/sup> crociata, Attica e Beozia furono infeudate a Ottone de la Roche che assunse il titolo di signore di Atene e suo nipote Guido nel 1259 assunse il titolo di duca. Gli succedettero Guglielmo, Guido II e, nel 1308, il fratellastro di questi Gualtieri V di Brienne, che fu ucciso dai mercenari catalani da lui assoldati. Il ducato fu offerto al re di Sicilia Federico III d\u2019Aragona, alla cui dinastia rimase finch\u00e9, nel 1388, il signore di Corinto Neri Acciaiuoli se ne impadron\u00ec ottenendo nel 1394 da Ladislao re di Napoli il titolo di duca. Con la conquista turca del 1456 e l\u2019uccisione di Francesco II Acciaiuoli nel 1461, il ducato scomparve.<\/span><\/p>\n<p style=\"text-align: justify;\">&nbsp;<\/p>\n<p>&nbsp;<\/p>\n<p><a class=\"maxbutton-27 maxbutton maxbutton-un-regalo-per-te\" href=\"https:\/\/www.primevideo.com\/offers\/ref=atv_nb_lcl_it_IT?tag=amazon0e150-21 Italia\"><span class='mb-text'>Una sorpresa per te su Amazon Music unlimited<\/span><\/a>&nbsp;&nbsp; <a class=\"maxbutton-28 maxbutton maxbutton-amazon-prime\" title=\"Scopri i vantaggi di Amazon Prime\" href=\"javascript:void(0);\"><span class='mb-text'>Scopri i vantaggi di Amazon Prime<\/span><\/a><\/p>\n<p>&nbsp;<\/p>\n<p style=\"text-align: justify;\">Alcune delle foto presenti in questo blog possono essere state prese dal web, citandone ove possibile gli autori e\/o le fonti. Se qualcuno desiderasse specificarne l\u2019autore o rimuoverle, pu\u00f2 scrivere a infoocean4future@gmail.com e provvederemo immediatamente alla correzione dell\u2019articolo<\/p>\n<p>&nbsp;<\/p>\n<a class=\"maxbutton-3 maxbutton maxbutton-pagina-principale\" target=\"_blank\" title=\"tooltip\" rel=\"nofollow noopener\" href=\"http:\/\/www.ocean4future.org\"><span class='mb-text'>PAGINA PRINCIPALE<\/span><\/a>\n","protected":false},"excerpt":{"rendered":"<p><span class=\"span-reading-time rt-reading-time\" style=\"display: block;\"><span class=\"rt-label rt-prefix\">tempo di lettura: <\/span> <span class=\"rt-time\"> 6<\/span> <span class=\"rt-label rt-postfix\">minuti<\/span><\/span>. . ARGOMENTO: STORIA NAVALE PERIODO: XIII SECOLO AREA: MAR ADRIATICO parole chiave: Ruggero Flores &nbsp; Giunti alla fine dell\u2019estate del 1304, l\u2019imperatore Andronico ordin\u00f2 a Ruggero di spostarsi in Europa con le sue truppe per contrastare la minaccia dei Bulgari sulla Tracia e soccorrere il figlio erede, Mikele IX, nella sua campagna difensiva dinanzi [&hellip;]<\/p>\n","protected":false},"author":2429,"featured_media":73812,"comment_status":"open","ping_status":"open","sticky":false,"template":"","format":"standard","meta":{"_acf_changed":false,"_monsterinsights_skip_tracking":false,"_monsterinsights_sitenote_active":false,"_monsterinsights_sitenote_note":"","_monsterinsights_sitenote_category":0,"footnotes":""},"categories":[2317],"tags":[],"class_list":["post-73778","post","type-post","status-publish","format-standard","has-post-thumbnail","hentry","category-medioevo"],"acf":[],"yoast_head":"<!-- This site is optimized with the Yoast SEO plugin v27.4 - https:\/\/yoast.com\/product\/yoast-seo-wordpress\/ -->\n<title>Ruggero Flores: templare pirata e ammiraglio brindisino - parte II &#8226; OCEAN4FUTURE autore<\/title>\n<meta name=\"robots\" content=\"index, follow, max-snippet:-1, max-image-preview:large, max-video-preview:-1\" \/>\n<link rel=\"canonical\" href=\"https:\/\/www.ocean4future.org\/savetheocean\/archives\/73778\" \/>\n<meta property=\"og:locale\" content=\"it_IT\" \/>\n<meta property=\"og:type\" content=\"article\" \/>\n<meta property=\"og:title\" content=\"Ruggero Flores: templare pirata e ammiraglio brindisino - parte II &#8226; OCEAN4FUTURE autore\" \/>\n<meta property=\"og:description\" content=\"tempo di lettura:  6 minuti. . ARGOMENTO: STORIA NAVALE PERIODO: XIII SECOLO AREA: MAR ADRIATICO parole chiave: Ruggero Flores &nbsp; Giunti alla fine dell\u2019estate del 1304, l\u2019imperatore Andronico ordin\u00f2 a Ruggero di spostarsi in Europa con le sue truppe per contrastare la minaccia dei Bulgari sulla Tracia e soccorrere il figlio erede, Mikele IX, nella sua campagna difensiva dinanzi [&hellip;]\" \/>\n<meta property=\"og:url\" content=\"https:\/\/www.ocean4future.org\/savetheocean\/archives\/73778\" \/>\n<meta property=\"og:site_name\" content=\"OCEAN4FUTURE\" \/>\n<meta property=\"article:published_time\" content=\"2022-06-27T22:04:50+00:00\" \/>\n<meta property=\"article:modified_time\" content=\"2023-09-30T16:37:14+00:00\" \/>\n<meta property=\"og:image\" content=\"https:\/\/www.ocean4future.org\/savetheocean\/wp-content\/uploads\/2022\/06\/Andronico-II-Paleologo-1.jpg\" \/>\n\t<meta property=\"og:image:width\" content=\"800\" \/>\n\t<meta property=\"og:image:height\" content=\"568\" \/>\n\t<meta property=\"og:image:type\" content=\"image\/jpeg\" \/>\n<meta name=\"author\" content=\"Gianfranco Perri\" \/>\n<meta name=\"twitter:card\" content=\"summary_large_image\" \/>\n<meta name=\"twitter:creator\" content=\"@ocean4future\" \/>\n<meta name=\"twitter:site\" content=\"@ocean4future\" \/>\n<meta name=\"twitter:label1\" content=\"Scritto da\" \/>\n\t<meta name=\"twitter:data1\" content=\"Gianfranco Perri\" \/>\n\t<meta name=\"twitter:label2\" content=\"Tempo di lettura stimato\" \/>\n\t<meta name=\"twitter:data2\" content=\"7 minuti\" \/>\n<script type=\"application\/ld+json\" class=\"yoast-schema-graph\">{\"@context\":\"https:\\\/\\\/schema.org\",\"@graph\":[{\"@type\":\"Article\",\"@id\":\"https:\\\/\\\/www.ocean4future.org\\\/savetheocean\\\/archives\\\/73778#article\",\"isPartOf\":{\"@id\":\"https:\\\/\\\/www.ocean4future.org\\\/savetheocean\\\/archives\\\/73778\"},\"author\":{\"name\":\"Gianfranco Perri\",\"@id\":\"https:\\\/\\\/www.ocean4future.org\\\/savetheocean\\\/#\\\/schema\\\/person\\\/2807aad6351c9429df20d5d07ee045f3\"},\"headline\":\"Ruggero Flores: templare pirata e ammiraglio brindisino &#8211; parte II\",\"datePublished\":\"2022-06-27T22:04:50+00:00\",\"dateModified\":\"2023-09-30T16:37:14+00:00\",\"mainEntityOfPage\":{\"@id\":\"https:\\\/\\\/www.ocean4future.org\\\/savetheocean\\\/archives\\\/73778\"},\"wordCount\":1441,\"commentCount\":0,\"publisher\":{\"@id\":\"https:\\\/\\\/www.ocean4future.org\\\/savetheocean\\\/#\\\/schema\\\/person\\\/4e1c26437054353074d7bb2efa77162c\"},\"image\":{\"@id\":\"https:\\\/\\\/www.ocean4future.org\\\/savetheocean\\\/archives\\\/73778#primaryimage\"},\"thumbnailUrl\":\"https:\\\/\\\/www.ocean4future.org\\\/savetheocean\\\/wp-content\\\/uploads\\\/2022\\\/06\\\/Andronico-II-Paleologo-1.jpg\",\"articleSection\":[\"Storia navale del Medioevo (post 476 d.C. - 1492)\"],\"inLanguage\":\"it-IT\",\"potentialAction\":[{\"@type\":\"CommentAction\",\"name\":\"Comment\",\"target\":[\"https:\\\/\\\/www.ocean4future.org\\\/savetheocean\\\/archives\\\/73778#respond\"]}]},{\"@type\":\"WebPage\",\"@id\":\"https:\\\/\\\/www.ocean4future.org\\\/savetheocean\\\/archives\\\/73778\",\"url\":\"https:\\\/\\\/www.ocean4future.org\\\/savetheocean\\\/archives\\\/73778\",\"name\":\"Ruggero Flores: templare pirata e ammiraglio brindisino - parte II &#8226; OCEAN4FUTURE autore\",\"isPartOf\":{\"@id\":\"https:\\\/\\\/www.ocean4future.org\\\/savetheocean\\\/#website\"},\"primaryImageOfPage\":{\"@id\":\"https:\\\/\\\/www.ocean4future.org\\\/savetheocean\\\/archives\\\/73778#primaryimage\"},\"image\":{\"@id\":\"https:\\\/\\\/www.ocean4future.org\\\/savetheocean\\\/archives\\\/73778#primaryimage\"},\"thumbnailUrl\":\"https:\\\/\\\/www.ocean4future.org\\\/savetheocean\\\/wp-content\\\/uploads\\\/2022\\\/06\\\/Andronico-II-Paleologo-1.jpg\",\"datePublished\":\"2022-06-27T22:04:50+00:00\",\"dateModified\":\"2023-09-30T16:37:14+00:00\",\"breadcrumb\":{\"@id\":\"https:\\\/\\\/www.ocean4future.org\\\/savetheocean\\\/archives\\\/73778#breadcrumb\"},\"inLanguage\":\"it-IT\",\"potentialAction\":[{\"@type\":\"ReadAction\",\"target\":[\"https:\\\/\\\/www.ocean4future.org\\\/savetheocean\\\/archives\\\/73778\"]}]},{\"@type\":\"ImageObject\",\"inLanguage\":\"it-IT\",\"@id\":\"https:\\\/\\\/www.ocean4future.org\\\/savetheocean\\\/archives\\\/73778#primaryimage\",\"url\":\"https:\\\/\\\/www.ocean4future.org\\\/savetheocean\\\/wp-content\\\/uploads\\\/2022\\\/06\\\/Andronico-II-Paleologo-1.jpg\",\"contentUrl\":\"https:\\\/\\\/www.ocean4future.org\\\/savetheocean\\\/wp-content\\\/uploads\\\/2022\\\/06\\\/Andronico-II-Paleologo-1.jpg\",\"width\":800,\"height\":568,\"caption\":\"OLYMPUS DIGITAL CAMERA\"},{\"@type\":\"BreadcrumbList\",\"@id\":\"https:\\\/\\\/www.ocean4future.org\\\/savetheocean\\\/archives\\\/73778#breadcrumb\",\"itemListElement\":[{\"@type\":\"ListItem\",\"position\":1,\"name\":\"Home\",\"item\":\"https:\\\/\\\/www.ocean4future.org\\\/savetheocean\"},{\"@type\":\"ListItem\",\"position\":2,\"name\":\"Ruggero Flores: templare pirata e ammiraglio brindisino &#8211; parte II\"}]},{\"@type\":\"WebSite\",\"@id\":\"https:\\\/\\\/www.ocean4future.org\\\/savetheocean\\\/#website\",\"url\":\"https:\\\/\\\/www.ocean4future.org\\\/savetheocean\\\/\",\"name\":\"Ocean 4 Future\",\"description\":\"Per una nuova cultura del mare e della marittimit\u00e0\",\"publisher\":{\"@id\":\"https:\\\/\\\/www.ocean4future.org\\\/savetheocean\\\/#\\\/schema\\\/person\\\/4e1c26437054353074d7bb2efa77162c\"},\"potentialAction\":[{\"@type\":\"SearchAction\",\"target\":{\"@type\":\"EntryPoint\",\"urlTemplate\":\"https:\\\/\\\/www.ocean4future.org\\\/savetheocean\\\/?s={search_term_string}\"},\"query-input\":{\"@type\":\"PropertyValueSpecification\",\"valueRequired\":true,\"valueName\":\"search_term_string\"}}],\"inLanguage\":\"it-IT\"},{\"@type\":[\"Person\",\"Organization\"],\"@id\":\"https:\\\/\\\/www.ocean4future.org\\\/savetheocean\\\/#\\\/schema\\\/person\\\/4e1c26437054353074d7bb2efa77162c\",\"name\":\"oceandiver\",\"image\":{\"@type\":\"ImageObject\",\"inLanguage\":\"it-IT\",\"@id\":\"https:\\\/\\\/www.ocean4future.org\\\/savetheocean\\\/wp-content\\\/uploads\\\/2023\\\/04\\\/logo-ocean3.jpg\",\"url\":\"https:\\\/\\\/www.ocean4future.org\\\/savetheocean\\\/wp-content\\\/uploads\\\/2023\\\/04\\\/logo-ocean3.jpg\",\"contentUrl\":\"https:\\\/\\\/www.ocean4future.org\\\/savetheocean\\\/wp-content\\\/uploads\\\/2023\\\/04\\\/logo-ocean3.jpg\",\"width\":472,\"height\":301,\"caption\":\"oceandiver\"},\"logo\":{\"@id\":\"https:\\\/\\\/www.ocean4future.org\\\/savetheocean\\\/wp-content\\\/uploads\\\/2023\\\/04\\\/logo-ocean3.jpg\"}},{\"@type\":\"Person\",\"@id\":\"https:\\\/\\\/www.ocean4future.org\\\/savetheocean\\\/#\\\/schema\\\/person\\\/2807aad6351c9429df20d5d07ee045f3\",\"name\":\"Gianfranco Perri\",\"image\":{\"@type\":\"ImageObject\",\"inLanguage\":\"it-IT\",\"@id\":\"https:\\\/\\\/secure.gravatar.com\\\/avatar\\\/25132120ae1b86613a98dd3b8dd2ef1c50406ce2b2bde10cad3ff57315421dc0?s=96&d=mm&r=g\",\"url\":\"https:\\\/\\\/secure.gravatar.com\\\/avatar\\\/25132120ae1b86613a98dd3b8dd2ef1c50406ce2b2bde10cad3ff57315421dc0?s=96&d=mm&r=g\",\"contentUrl\":\"https:\\\/\\\/secure.gravatar.com\\\/avatar\\\/25132120ae1b86613a98dd3b8dd2ef1c50406ce2b2bde10cad3ff57315421dc0?s=96&d=mm&r=g\",\"caption\":\"Gianfranco Perri\"},\"description\":\"nato a Brindisi il 21 settembre 1951, nel 1974 ha ottenuto la laurea in Ingegneria Mineraria \u00a8con Lode\u00a8 nel Politecnico di Torino dove ha anche esercitato la docenza. Attualmente \u00e8 docente di \u201cProgettazione di gallerie\u201d presso l\u2019Universit\u00e0 Centrale del Venezuela di Caracas. \u00c8 consulente e progettista di opere sotterranee nei vari paesi del Centro e del Sud America. Ha pubblicato due libri sulla progettazione di gallerie e un centinaio di paper tecnici e scientifici, in spagnolo, italiano ed inglese, la maggior parte dei quali presentati in convegni internazionali in molte regioni del mondo. Nel 2009 a Bari, ha ricevuto il Premio Internazionale \u201cPugliesi nel Mondo\u201d e nel 2010 dall\u2019Universit\u00e0 degli Studi di Foggia, \u00e8 stato incluso tra i \u201cPugliesi illustri nel mondo\u201d.\u00a0 E' anche un appassionato studioso e impegnato divulgatore della storia di Brindisi sulla quale ha scritto diversi libri e saggi pubblicando molti articoli sul quotidiano \u201cSenzacolonne\u201d e sul settimanale \u201cil7 Magazine\u201d di Brindisi. Dal 2013 ha attivo il Blog \u201cVia da Brindisi\u201d sul giornale online \u201cSenza Colonne News\u201d. Ha anche pubblicati i suoi lavori, a stampa o online sulle pagine web www.fondazioneterradotranto.it www.academia.edu e www.brindisiweb.it\",\"sameAs\":[\"http:\\\/\\\/www.gianfrancoperri.net\"],\"url\":\"https:\\\/\\\/www.ocean4future.org\\\/savetheocean\\\/archives\\\/author\\\/gianfranco-perri\"}]}<\/script>\n<!-- \/ Yoast SEO plugin. -->","yoast_head_json":{"title":"Ruggero Flores: templare pirata e ammiraglio brindisino - parte II &#8226; OCEAN4FUTURE autore","robots":{"index":"index","follow":"follow","max-snippet":"max-snippet:-1","max-image-preview":"max-image-preview:large","max-video-preview":"max-video-preview:-1"},"canonical":"https:\/\/www.ocean4future.org\/savetheocean\/archives\/73778","og_locale":"it_IT","og_type":"article","og_title":"Ruggero Flores: templare pirata e ammiraglio brindisino - parte II &#8226; OCEAN4FUTURE autore","og_description":"tempo di lettura:  6 minuti. . ARGOMENTO: STORIA NAVALE PERIODO: XIII SECOLO AREA: MAR ADRIATICO parole chiave: Ruggero Flores &nbsp; Giunti alla fine dell\u2019estate del 1304, l\u2019imperatore Andronico ordin\u00f2 a Ruggero di spostarsi in Europa con le sue truppe per contrastare la minaccia dei Bulgari sulla Tracia e soccorrere il figlio erede, Mikele IX, nella sua campagna difensiva dinanzi [&hellip;]","og_url":"https:\/\/www.ocean4future.org\/savetheocean\/archives\/73778","og_site_name":"OCEAN4FUTURE","article_published_time":"2022-06-27T22:04:50+00:00","article_modified_time":"2023-09-30T16:37:14+00:00","og_image":[{"width":800,"height":568,"url":"https:\/\/www.ocean4future.org\/savetheocean\/wp-content\/uploads\/2022\/06\/Andronico-II-Paleologo-1.jpg","type":"image\/jpeg"}],"author":"Gianfranco Perri","twitter_card":"summary_large_image","twitter_creator":"@ocean4future","twitter_site":"@ocean4future","twitter_misc":{"Scritto da":"Gianfranco Perri","Tempo di lettura stimato":"7 minuti"},"schema":{"@context":"https:\/\/schema.org","@graph":[{"@type":"Article","@id":"https:\/\/www.ocean4future.org\/savetheocean\/archives\/73778#article","isPartOf":{"@id":"https:\/\/www.ocean4future.org\/savetheocean\/archives\/73778"},"author":{"name":"Gianfranco Perri","@id":"https:\/\/www.ocean4future.org\/savetheocean\/#\/schema\/person\/2807aad6351c9429df20d5d07ee045f3"},"headline":"Ruggero Flores: templare pirata e ammiraglio brindisino &#8211; parte II","datePublished":"2022-06-27T22:04:50+00:00","dateModified":"2023-09-30T16:37:14+00:00","mainEntityOfPage":{"@id":"https:\/\/www.ocean4future.org\/savetheocean\/archives\/73778"},"wordCount":1441,"commentCount":0,"publisher":{"@id":"https:\/\/www.ocean4future.org\/savetheocean\/#\/schema\/person\/4e1c26437054353074d7bb2efa77162c"},"image":{"@id":"https:\/\/www.ocean4future.org\/savetheocean\/archives\/73778#primaryimage"},"thumbnailUrl":"https:\/\/www.ocean4future.org\/savetheocean\/wp-content\/uploads\/2022\/06\/Andronico-II-Paleologo-1.jpg","articleSection":["Storia navale del Medioevo (post 476 d.C. - 1492)"],"inLanguage":"it-IT","potentialAction":[{"@type":"CommentAction","name":"Comment","target":["https:\/\/www.ocean4future.org\/savetheocean\/archives\/73778#respond"]}]},{"@type":"WebPage","@id":"https:\/\/www.ocean4future.org\/savetheocean\/archives\/73778","url":"https:\/\/www.ocean4future.org\/savetheocean\/archives\/73778","name":"Ruggero Flores: templare pirata e ammiraglio brindisino - parte II &#8226; OCEAN4FUTURE autore","isPartOf":{"@id":"https:\/\/www.ocean4future.org\/savetheocean\/#website"},"primaryImageOfPage":{"@id":"https:\/\/www.ocean4future.org\/savetheocean\/archives\/73778#primaryimage"},"image":{"@id":"https:\/\/www.ocean4future.org\/savetheocean\/archives\/73778#primaryimage"},"thumbnailUrl":"https:\/\/www.ocean4future.org\/savetheocean\/wp-content\/uploads\/2022\/06\/Andronico-II-Paleologo-1.jpg","datePublished":"2022-06-27T22:04:50+00:00","dateModified":"2023-09-30T16:37:14+00:00","breadcrumb":{"@id":"https:\/\/www.ocean4future.org\/savetheocean\/archives\/73778#breadcrumb"},"inLanguage":"it-IT","potentialAction":[{"@type":"ReadAction","target":["https:\/\/www.ocean4future.org\/savetheocean\/archives\/73778"]}]},{"@type":"ImageObject","inLanguage":"it-IT","@id":"https:\/\/www.ocean4future.org\/savetheocean\/archives\/73778#primaryimage","url":"https:\/\/www.ocean4future.org\/savetheocean\/wp-content\/uploads\/2022\/06\/Andronico-II-Paleologo-1.jpg","contentUrl":"https:\/\/www.ocean4future.org\/savetheocean\/wp-content\/uploads\/2022\/06\/Andronico-II-Paleologo-1.jpg","width":800,"height":568,"caption":"OLYMPUS DIGITAL CAMERA"},{"@type":"BreadcrumbList","@id":"https:\/\/www.ocean4future.org\/savetheocean\/archives\/73778#breadcrumb","itemListElement":[{"@type":"ListItem","position":1,"name":"Home","item":"https:\/\/www.ocean4future.org\/savetheocean"},{"@type":"ListItem","position":2,"name":"Ruggero Flores: templare pirata e ammiraglio brindisino &#8211; parte II"}]},{"@type":"WebSite","@id":"https:\/\/www.ocean4future.org\/savetheocean\/#website","url":"https:\/\/www.ocean4future.org\/savetheocean\/","name":"Ocean 4 Future","description":"Per una nuova cultura del mare e della marittimit\u00e0","publisher":{"@id":"https:\/\/www.ocean4future.org\/savetheocean\/#\/schema\/person\/4e1c26437054353074d7bb2efa77162c"},"potentialAction":[{"@type":"SearchAction","target":{"@type":"EntryPoint","urlTemplate":"https:\/\/www.ocean4future.org\/savetheocean\/?s={search_term_string}"},"query-input":{"@type":"PropertyValueSpecification","valueRequired":true,"valueName":"search_term_string"}}],"inLanguage":"it-IT"},{"@type":["Person","Organization"],"@id":"https:\/\/www.ocean4future.org\/savetheocean\/#\/schema\/person\/4e1c26437054353074d7bb2efa77162c","name":"oceandiver","image":{"@type":"ImageObject","inLanguage":"it-IT","@id":"https:\/\/www.ocean4future.org\/savetheocean\/wp-content\/uploads\/2023\/04\/logo-ocean3.jpg","url":"https:\/\/www.ocean4future.org\/savetheocean\/wp-content\/uploads\/2023\/04\/logo-ocean3.jpg","contentUrl":"https:\/\/www.ocean4future.org\/savetheocean\/wp-content\/uploads\/2023\/04\/logo-ocean3.jpg","width":472,"height":301,"caption":"oceandiver"},"logo":{"@id":"https:\/\/www.ocean4future.org\/savetheocean\/wp-content\/uploads\/2023\/04\/logo-ocean3.jpg"}},{"@type":"Person","@id":"https:\/\/www.ocean4future.org\/savetheocean\/#\/schema\/person\/2807aad6351c9429df20d5d07ee045f3","name":"Gianfranco Perri","image":{"@type":"ImageObject","inLanguage":"it-IT","@id":"https:\/\/secure.gravatar.com\/avatar\/25132120ae1b86613a98dd3b8dd2ef1c50406ce2b2bde10cad3ff57315421dc0?s=96&d=mm&r=g","url":"https:\/\/secure.gravatar.com\/avatar\/25132120ae1b86613a98dd3b8dd2ef1c50406ce2b2bde10cad3ff57315421dc0?s=96&d=mm&r=g","contentUrl":"https:\/\/secure.gravatar.com\/avatar\/25132120ae1b86613a98dd3b8dd2ef1c50406ce2b2bde10cad3ff57315421dc0?s=96&d=mm&r=g","caption":"Gianfranco Perri"},"description":"nato a Brindisi il 21 settembre 1951, nel 1974 ha ottenuto la laurea in Ingegneria Mineraria \u00a8con Lode\u00a8 nel Politecnico di Torino dove ha anche esercitato la docenza. Attualmente \u00e8 docente di \u201cProgettazione di gallerie\u201d presso l\u2019Universit\u00e0 Centrale del Venezuela di Caracas. \u00c8 consulente e progettista di opere sotterranee nei vari paesi del Centro e del Sud America. Ha pubblicato due libri sulla progettazione di gallerie e un centinaio di paper tecnici e scientifici, in spagnolo, italiano ed inglese, la maggior parte dei quali presentati in convegni internazionali in molte regioni del mondo. Nel 2009 a Bari, ha ricevuto il Premio Internazionale \u201cPugliesi nel Mondo\u201d e nel 2010 dall\u2019Universit\u00e0 degli Studi di Foggia, \u00e8 stato incluso tra i \u201cPugliesi illustri nel mondo\u201d.\u00a0 E' anche un appassionato studioso e impegnato divulgatore della storia di Brindisi sulla quale ha scritto diversi libri e saggi pubblicando molti articoli sul quotidiano \u201cSenzacolonne\u201d e sul settimanale \u201cil7 Magazine\u201d di Brindisi. Dal 2013 ha attivo il Blog \u201cVia da Brindisi\u201d sul giornale online \u201cSenza Colonne News\u201d. Ha anche pubblicati i suoi lavori, a stampa o online sulle pagine web www.fondazioneterradotranto.it www.academia.edu e www.brindisiweb.it","sameAs":["http:\/\/www.gianfrancoperri.net"],"url":"https:\/\/www.ocean4future.org\/savetheocean\/archives\/author\/gianfranco-perri"}]}},"_links":{"self":[{"href":"https:\/\/www.ocean4future.org\/savetheocean\/wp-json\/wp\/v2\/posts\/73778","targetHints":{"allow":["GET"]}}],"collection":[{"href":"https:\/\/www.ocean4future.org\/savetheocean\/wp-json\/wp\/v2\/posts"}],"about":[{"href":"https:\/\/www.ocean4future.org\/savetheocean\/wp-json\/wp\/v2\/types\/post"}],"author":[{"embeddable":true,"href":"https:\/\/www.ocean4future.org\/savetheocean\/wp-json\/wp\/v2\/users\/2429"}],"replies":[{"embeddable":true,"href":"https:\/\/www.ocean4future.org\/savetheocean\/wp-json\/wp\/v2\/comments?post=73778"}],"version-history":[{"count":0,"href":"https:\/\/www.ocean4future.org\/savetheocean\/wp-json\/wp\/v2\/posts\/73778\/revisions"}],"wp:featuredmedia":[{"embeddable":true,"href":"https:\/\/www.ocean4future.org\/savetheocean\/wp-json\/wp\/v2\/media\/73812"}],"wp:attachment":[{"href":"https:\/\/www.ocean4future.org\/savetheocean\/wp-json\/wp\/v2\/media?parent=73778"}],"wp:term":[{"taxonomy":"category","embeddable":true,"href":"https:\/\/www.ocean4future.org\/savetheocean\/wp-json\/wp\/v2\/categories?post=73778"},{"taxonomy":"post_tag","embeddable":true,"href":"https:\/\/www.ocean4future.org\/savetheocean\/wp-json\/wp\/v2\/tags?post=73778"}],"curies":[{"name":"wp","href":"https:\/\/api.w.org\/{rel}","templated":true}]}}