{"id":73773,"date":"2022-06-21T00:01:36","date_gmt":"2022-06-20T22:01:36","guid":{"rendered":"http:\/\/www.ocean4future.org\/savetheocean\/?p=73773"},"modified":"2024-08-01T11:40:05","modified_gmt":"2024-08-01T09:40:05","slug":"73773","status":"publish","type":"post","link":"https:\/\/www.ocean4future.org\/savetheocean\/archives\/73773","title":{"rendered":"Ruggero Flores: templare pirata e ammiraglio brindisino &#8211; parte I"},"content":{"rendered":"<span class=\"span-reading-time rt-reading-time\" style=\"display: block;\"><span class=\"rt-label rt-prefix\">tempo di lettura: <\/span> <span class=\"rt-time\"> 8<\/span> <span class=\"rt-label rt-postfix\">minuti<\/span><\/span><p><span style=\"color: #ffffff;\">.<\/span><\/p>\n<a class=\"maxbutton-4 maxbutton maxbutton-livello-di-comprensione\" href=\"javascript:void(0);\"><span class='mb-text'>livello elementare<\/span><\/a>\n<p><span style=\"color: #ffffff;\">.<\/span><\/p>\n<p><strong><span style=\"color: #008000;\">ARGOMENTO: STORIA NAVALE<\/span><\/strong><br \/>\n<strong><span style=\"color: #008000;\">PERIODO: XIII SECOLO<\/span><\/strong><br \/>\n<strong><span style=\"color: #008000;\">AREA: MAR ADRIATICO<\/span><\/strong><br \/>\nparole chiave: Ruggero Flores<\/p>\n<p>&nbsp;<\/p>\n<p style=\"text-align: justify;\">Era trascorso giusto un secolo dai tempi in cui <strong><span style=\"color: #008000;\">Margarito da Brindisi<\/span><\/strong> \u2013 il famoso arcipirata divenuto poi grande ammiraglio \u2013 scorrazzava in lungo e in largo nei mari mediterranei con le sue flotte sempre vincitrici incutendo timore e rispetto, quando ecco apparire un altro brindisino che sembra voler ricalcare sugli stessi scenari quelle rocambolesche gesta marinare.&nbsp;Si tratta di <strong><span style=\"color: #008000;\">Ruggero Flores<\/span> <\/strong>e per lui, il pirata e poi il grande ammiraglio furono preceduti nientemeno che dalla qualifica di templare.<\/p>\n<p><img decoding=\"async\" src=\"https:\/\/www.ocean4future.org\/savetheocean\/wp-content\/uploads\/2022\/06\/Ruggero-Flores-da-Brindisi.gif\" alt=\"Questa immagine ha l'attributo alt vuoto; il nome del file \u00e8 Ruggero-Flores-da-Brindisi.gif\" width=\"783\" height=\"946\"><\/p>\n<p align=\"justify\"><span style=\"color: #008000;\"><strong>Immagine di Ruggero Flores da Brindisi &#8211; Biografia degli uomini illustri del Regno di Napoli ornata dei loro rispettivi ritratti compilato da diversi letterati nazionali Napoli, 1819 Presso Niccola Gervasi 22<a href=\"http:\/\/www.brindisiweb.it\/brindisinita\/ruggero_flores.asp\">Brindisini illustri: Ruggero Flores &#8211; Brindisiweb.it<\/a> <\/strong><\/span><\/p>\n<p style=\"text-align: justify;\"><strong><span style=\"color: #008000;\">Ruggero de Flor<\/span> <\/strong>nacque a Brindisi nel 1267, ultimo figlio di un militare tedesco che si crede fosse stato un falconiere dell\u2019imperatore svevo Federico II re di Sicilia, Riccardo Blum \u2013 latinizzato in Flor e poi in Flores \u2013 e di una ricca dama dell\u2019alta societ\u00e0 brindisina. Riccardo, combattendo dalla parte dei ghibellini, nel 1268 trov\u00f2 la morte nella battaglia di Tagliacozzo, quella in cui Corradino di Svevia, ultimo dinasta degli Hohenstaufen, fu sconfitto e poi fatto decapitare dall\u2019angioino Carlo I, nuovo re di Sicilia<a href=\"#_ftn1\" name=\"_ftnref1\">[1]<\/a>.<\/p>\n<figure style=\"width: 308px\" class=\"wp-caption alignleft\"><img decoding=\"async\" src=\"https:\/\/www.ocean4future.org\/savetheocean\/wp-content\/uploads\/2022\/06\/roger_de_flor_pendon.png\" alt=\"Questa immagine ha l'attributo alt vuoto; il nome del file \u00e8 roger_de_flor_pendon.png\" width=\"308\" height=\"425\"><figcaption class=\"wp-caption-text\"><strong><span style=\"color: #008000;\">emblema famiglia Flor<\/span><\/strong><\/figcaption><\/figure>\n<p style=\"text-align: justify;\">A seguito di quegli eventi, che in varie regioni del regno erano stati preceduti da una lunga e aspra guerra civile, i beni della famiglia Blum, cos\u00ec come quelli di tante altre famiglie brindisine del partito ghibellino, vennero interamente confiscati lasciando la madre di Ruggero in povert\u00e0 e costretta ad alloggiarsi con i figli in una umile casa nei pressi del porto. Tutto ci\u00f2 d\u2019accordo al racconto che ne fa il catalano <strong><span style=\"color: #008000;\">Ram\u00f3n Muntaner<\/span><\/strong> <a href=\"#_ftn2\" name=\"_ftnref2\">[2]<\/a> \u2013 che fu per molti anni compagno d\u2019armi e luogotenente di Ruggero nella Compagnia Catalana \u2013 unica fonte disponibile per il primo periodo della vita di Ruggero Flores.<\/p>\n<p style=\"text-align: justify;\">Una fonte forse non del tutto affidabile \u2013 perlomeno non proprio sulla veridicit\u00e0 di tutti i dettagli di quello che racconta \u2013 spesso incline a corredare di una certa coloritura fantastica e leggendaria la vita dei vari personaggi narrati nelle sue cronache. Quando Ruggero aveva circa otto anni, il <strong><span style=\"color: #008000;\">templare frate Vassayl<\/span> <\/strong>nativo di Marsiglia e comandante di marina dell\u2019Ordine del Tempio, mentre svernava nel porto di Brindisi per stivare la propria nave e farla riarmare nel rinnovato arsenale brindisino, not\u00f2 il vispo ragazzino che evidentemente gironzolava tutt\u2019intorno e intuitone le potenziali qualit\u00e0 se lo fece affidare dalla madre per introdurlo all\u2019Ordine e al mestiere marinaro.<\/p>\n<p><img decoding=\"async\" src=\"https:\/\/www.ocean4future.org\/savetheocean\/wp-content\/uploads\/2022\/06\/galea-Olivetta-di-Ruggero-Flores.jpg\" alt=\"Questa immagine ha l'attributo alt vuoto; il nome del file \u00e8 galea-Olivetta-di-Ruggero-Flores.jpg\" width=\"867\" height=\"613\"><\/p>\n<p align=\"justify\"><strong><span style=\"color: #008000;\">Dipinto raffigurante la galea Olivetta capitanata da Ruggero Flores <a href=\"http:\/\/www.brindisiweb.it\/brindisinita\/ruggero_flores.asp\">Brindisini illustri: Ruggero Flores &#8211; Brindisiweb.it<\/a><\/span><\/strong><\/p>\n<p style=\"text-align: justify;\">Certo \u00e8 comunque che Ruggero fece una carriera velocissima: solo quindicenne venne considerato uno dei migliori mozzi della flotta e quando anni dopo prese il manto di frate-converso, era gi\u00e0 un esperto navigante, probabilmente il migliore dell\u2019intera marineria templare, tant\u2019\u00e8 che appena ventenne gli fu affidato il comando del <em>Falcone del Tempio<\/em>, la pi\u00f9 bella e moderna nave della flotta templare, acquistata dai Genovesi ed impiegata nelle rotte del commercio mediterraneo e nel trasporto di pellegrini in Terrasanta.<\/p>\n<p style=\"text-align: justify;\"><strong><span style=\"color: #008000;\">Ruggero de Flor<\/span><\/strong>, al comando di quella sua nave si trovava nei pressi di <strong><span style=\"color: #008000;\">San Giovanni d\u2019Acri<\/span><\/strong> \u2013 l\u2019attuale Akko in Israele \u2013 nella primavera del 1291, mentre dal 5 aprile era in corso l\u2019assedio poi culminato il 18 maggio con la caduta della citt\u00e0 nelle mani degli assedianti Mamelucchi. Nel corso dell\u2019evacuazione che segu\u00ec all\u2019assedio e alla conquista musulmana, la Falcone del Tempio di Ruggero riusc\u00ec audacemente ad imbarcare numerosi facoltosi profughi civili cristiani che con i tanti beni recuperati furono condotti in salvo. Alcuni degli evacuati si fermarono a Cipro e gli altri proseguirono fino a Mont-P\u00e9lerin in Francia.<\/p>\n<p style=\"text-align: justify;\">Quel viaggio dovette certamente fruttare ingenti guadagni per le arche del Tempio, ma presto si sparsero pesanti dicerie rispetto al capitano della nave, Ruggero, il quale fu finalmente e formalmente accusato dai gerarchi templari di aver trattenuto illegalmente per s\u00e9 buona parte di quei guadagni, tradendo in tal modo il Tempio. I detrattori del giovane e prestigioso capitano brindisino \u2013 molti dei quali probabilmente non del tutto esenti da una qualche dose di invidia nei suoi confronti \u2013 ebbero la meglio sui difensori e convinsero della veridicit\u00e0 delle loro accuse il gran maestro <strong><span style=\"color: #008000;\">Jacques de Molay<\/span><\/strong>, il quale espulse Ruggero dall\u2019Ordine e ne predispose la cattura.<\/p>\n<p style=\"text-align: justify;\">A quel punto a <strong><span style=\"color: #008000;\">Ruggero de Flor<\/span><\/strong> non rest\u00f2 altro che levare le ancore, e con il Falcone del Tempio si diresse a Marsiglia. Poi, senza l\u2019abito templare, ricomparve a Genova dove compr\u00f2 a messer<strong><span style=\"color: #008000;\"> Ticino Doria<\/span><\/strong> \u2013 a detta di Muntaner, grazie al denaro prestatogli da amici \u2013 una galera, l\u2019<strong><span style=\"color: #008000;\">Olivetta<\/span><\/strong>, allestita la quale pens\u00f2 bene di dirigersi a Sud e prestare i suoi servizi di <strong><span style=\"color: #008000;\">capitano marinaro di ventura<\/span><\/strong> nel regno angioino \u2018di Napoli\u2019 del re Carlo II d\u2019Angi\u00f2, ormai privato della Sicilia, che dopo la rivolta dei Vespri del 1282 era passata agli Aragonesi.<\/p>\n<p style=\"text-align: justify;\">E proprio nell\u2019aragonese Sicilia, sul finire del 1300, fin\u00ec per approdare da rinomato corsaro il condottiero di mare <strong><span style=\"color: #008000;\">Ruggero Flores \u2013 <em>Rogerius da Brundusio <\/em><\/span><\/strong><a href=\"#_ftn3\" name=\"_ftnref3\">[3]<\/a> \u2013 per porsi al servizio del re Federico III in permanente conflitto \u2013 nella ventennale guerra dei Vespri \u2013 contro gli Angioini di Napoli.<\/p>\n<p style=\"text-align: justify;\">Nella primavera del 1301, con una flottiglia di cinque navi, condusse una fruttuosa spedizione contro gli Angioini sulle coste della Puglia, nella quale riusc\u00ec ad impadronirsi ripetutamente di navi cariche di granaglie che, predate, furono impiegate per soccorrere diverse citt\u00e0 della Sicilia colpite dalla carestia, ovvero vendute per pagare le guarnigioni aragonesi dislocate in Sicilia e in Calabria. Quindi, non disdegn\u00f2 nuove azioni di pi\u00f9 franca pirateria, che condusse principalmente lungo le coste della Provenza delle Baleari e della Catalogna, appartenenti tutte al regno d\u2019Aragona dell\u2019antagonista re Giacomo II. &nbsp;<\/p>\n<p style=\"text-align: justify;\">Poi, alla fine dell\u2019estate di quello stesso 1301, al comando di dieci galee, prese parte alle operazioni condotte per la liberazione di Messina assediata dalla potente flotta angioina di Ruggero Lauria e dall\u2019esercito di Roberto, principe d\u2019Angi\u00f2. Liberazione per la cui riuscita risult\u00f2 fondamentale il contributo di Ruggero de Flor.<\/p>\n<p style=\"text-align: justify;\">Tutti quei considerevoli successi ottenuti sul mare dall\u2019ormai famoso condottiero brindisino, indussero Federico III a nominarlo viceammiraglio della flotta siciliana e a conferirgli la signoria sui castelli di Tripi e Licata, nonch\u00e9 le entrate dell\u2019isola di Malta.&nbsp;Poi, quando finalmente la guerra dei Vespri giunse al termine con la pace di Caltabellotta del 31 agosto 1302, che formalizz\u00f2 il \u2018temporale\u2019 riconoscimento della Sicilia agli Aragonesi, il corsaro Ruggero de Flor rest\u00f2 senza una formale occupazione e l\u2019inquieto ed ancor giovane condottiero di mare cominci\u00f2 a volgere il suo sguardo verso altri lidi.<\/p>\n<p style=\"text-align: justify;\">D\u2019altra parte, le sue turbolenti milizie catalane, con gli almogavari <a href=\"#_ftn4\" name=\"_ftnref4\">[4]<\/a> parcheggiati senza occupazione in Sicilia, costituivano un potenziale problema per il re Federico III e questi vide subito di buon occhio l\u2019idea prospettatagli da Ruggero Flor di \u2018prestarle\u2019 all\u2019imperatore d\u2019Oriente <strong><span style=\"color: #008000;\">Andronico II Paleologo<\/span><\/strong>, il quale si era mostrato interessato al loro ingaggio per combattere la crescente avanzata dei Turchi che erano riusciti a sottomettere quasi tutta l\u2019Asia minore e a ridurre il dominio bizantino a una sottile fascia costiera tra Nicea ed Efeso.<\/p>\n<p style=\"text-align: justify;\"><strong><span style=\"color: #008000;\">Ruggero de Flor<\/span> <\/strong>colse al balzo quella ghiotta occasione, e nella primavera del 1303 stipul\u00f2 accordi con l\u2019imperatore che previdero: per le truppe della sua \u2018Grande Compagnia Catalana\u2019 riorganizzata ad hoc, quattro mesi di stipendio anticipato e per se, il titolo di <strong><span style=\"color: #008000;\"><em>megadux<\/em><\/span><\/strong> \u2013 megaduce, comandante della flotta \u2013 nonch\u00e9 la mano della nipote dell\u2019imperatore e figlia dello zar bulgaro Ivan Asen, Maria. All\u2019inizio di agosto il fiammante <em>megadux<\/em> prese il largo con ben 36 navi e circa 6000 almogavari alla volta di Costantinopoli, dove fu ricevuto con grandi onori e dove fu fastosamente celebrato il matrimonio convenuto. I successi militari del gran ammiraglio trentacinquenne brindisino, al comando della sua Compagnia Catalana contro le armate turche in Asia, non tardarono a susseguirsi numerosi e inarrestabili per un intero anno<a href=\"#_ftn5\" name=\"_ftnref5\">[5]<\/a>, e parimenti furono crescendo nell\u2019impero e fuori dallo stesso, il prestigio e il potere di Ruggero de Flor.<\/p>\n<p style=\"text-align: justify;\"><strong><span style=\"color: #008000;\">Fine I parte &#8211; continua<\/span><\/strong><\/p>\n<p><strong><span style=\"color: #008000;\">Gianfranco Perri<\/span><\/strong><\/p>\n<p>&nbsp;<\/p>\n<a class=\"maxbutton-13 maxbutton maxbutton-parte-i\" target=\"_blank\" title=\" tooltip\" rel=\"nofollow noopener\" href=\"https:\/\/www.ocean4future.org\/savetheocean\/archives\/73773\"><span class='mb-text'>PARTE I<\/span><\/a>\n<a class=\"maxbutton-14 maxbutton maxbutton-parte-ii\" target=\"_blank\" title=\" tooltip\" rel=\"nofollow noopener\" href=\"https:\/\/www.ocean4future.org\/savetheocean\/archives\/73778\"><span class='mb-text'>PARTE II<\/span><\/a>\n<p>&nbsp;<\/p>\n<p style=\"text-align: justify;\"><strong><span style=\"color: #008000; font-size: 18pt;\">Note<\/span><\/strong><\/p>\n<p style=\"text-align: justify;\"><span style=\"font-size: 10pt;\"><a href=\"#_ftnref1\" name=\"_ftn1\">[1]<\/a> \u00abFederico II, sacro romano imperatore e re di Sicilia, mor\u00ec il 13 dicembre del 1250 e i suoi titoli passarono al figlio legittimo Corrado IV, mentre all\u2019illegittimo figlio Manfredi tocc\u00f2 la luogotenenza del regno di Sicilia, che divenne comunque trono a tutti gli effetti con la morte prematura di Corrado IV. Manfredi entr\u00f2 ben presto in conflitto con il papa francese Urbano IV, il quale chiese aiuto a Carlo D\u2019Angi\u00f2, figlio del re di Francia Luigi VIII e fratello del successivo re Luigi IX, incoronandolo a Roma re di Sicilia. Brindisi, in preda alle lotte tra i due bandi \u2013 guelfi e ghibellini \u2013 nel 1255 si schier\u00f2 con il papa Alessandro IV e Manfredi si diresse sulla citt\u00e0 che, dopo un prolungato e combattuto assedio, gli si arrese nel 1257. Finalmente, dopo una decina d\u2019anni di combattuto regno, Manfredi mor\u00ec in battaglia campale presso Benevento del 26 febbraio 1266, e Corradino, il giovane figlio di Corrado IV, scese in Italia nel tentativo di riscattare i possedimenti della famiglia ridando vita e speranze ai suoi partigiani ghibellini, molti dei quali gli si unirono in armi, e tra loro anche alcuni brindisini. Ma la spedizione, dopo aver subito una rovinosa sconfitta a Tagliacozzo, ebbe termine tragicamente con la decapitazione del tredicenne Corradino, a Napoli il 29 ottobre 1268. Il regno italiano degli Svevi della casata degli Hohenstaufen si era dissolto ed era iniziato quello dei Francesi angioini, con Carlo I D\u2019Angi\u00f2 re di Sicilia.\u00bb [<em>Brindisi nel contesto della storia<\/em> di G. Perri, Lulu.com 2016]<\/span><\/p>\n<p style=\"text-align: justify;\"><span style=\"font-size: 10pt;\"><a href=\"#_ftnref2\" name=\"_ftn2\">[2]<\/a> Muntaner R.&nbsp;<em>Cr\u00f3nica catalana de Ram\u00f3n Muntaner, Barcelona 1860. <\/em><em>La prima edizione a stampa fu editata in Valencia nel 1558<\/em><\/span><\/p>\n<p style=\"text-align: justify;\"><span style=\"font-size: 10pt;\"><a href=\"#_ftnref3\" name=\"_ftn3\">[3]<\/a> Valentini E.&nbsp;<em>Ruggero da Flor templare e pirata<\/em> in&nbsp;<em>Cavalieri templari<\/em>, Penne &amp; Papiri 2001<\/span><\/p>\n<p style=\"text-align: justify;\"><span style=\"font-size: 10pt;\"><a href=\"#_ftnref4\" name=\"_ftn4\">[4]<\/a> Soldati della Corona d&#8217;Aragona reclutati prevalentemente in Navarra Aragona e Catalogna, che nel trascorso dei secoli XIII e XIV operarono su vari fronti iberici ed europei e la cui origine \u2013 nonch\u00e9 lo stesso nome \u2013 ebbe certamente qualcosa di arabo. Fanti leggeri senza corazza, che indossavano corte braghe di cuoio molto spesso ed erano armati con due pesanti giavellotti un grosso coltello ed una spada corta. Soldati di professione, al servizio di chi era disposto alla loro remunerazione, praticamente milizie mercenarie. Quando in seguito ai Vespri siciliani Pietro III d&#8217;Aragona appoggi\u00f2 la rivolta e mosse guerra a Carlo I d&#8217;Angi\u00f2, gli <em>almog\u00e0veres<\/em> formarono l&#8217;elemento pi\u00f9 efficace del suo esercito. La disciplina e la ferocia, unite all&#8217;abilit\u00e0 con cui lanciavano i loro giavellotti contro i cavalli, li resero formidabili contro la cavalleria pesante sulla quale riportarono sistematiche vittorie.<\/span><\/p>\n<p style=\"text-align: justify;\"><span style=\"font-size: 10pt;\"><a href=\"#_ftnref5\" name=\"_ftn5\">[5]<\/a> \u00abLa flotta di Ruggero de Flor, con gli almogavari della compagnia catalana, nell&#8217;ottobre 1303 si port\u00f2 a Cizico sulla costa meridionale della Propontide assediata dai Turchi e riusc\u00ec a sbaragliare il nemico, ma la stagione avanzata mise fine alle operazioni militari e i Catalani svernarono a Cizico. All&#8217;inizio di marzo 1304 Ruggero torn\u00f2 con una piccola scorta a Costantinopoli, dove, secondo le clausole del contratto, riscosse il soldo delle sue truppe per altri quattro mesi e accord\u00f2 con l\u2019imperatore Andronico che in primavera sarebbe corso in aiuto di Filadelfi assediata dai Turchi. Ritornato a Cizico il 15 marzo 1304, all&#8217;inizio di maggio Ruggero si mosse con la sua compagnia catalana fino a raggiungere Filadelfi, liberandola dopo aver inflitto una cocente sconfitta all&#8217;esercito turco. Quindi, decise di tornare sulla costa attraverso la valle dell&#8217;Enno e durante la marcia conquist\u00f2 Magnesia che si trovava nelle mani del funzionario bizantino ribelle Attabeota, il quale gli si si sottomise. Dopo la presa di Magnesia, i Catalani accorsero in aiuto di Tyrraium, assediata dai Turchi; quindi marciarono su Efeso, che fu depredata cos\u00ec come il resto del territorio. Dato che nel frattempo la flotta era approdata ad Anaea, anche l&#8217;esercito degli almogavari spost\u00f2 il suo accampamento nella citt\u00e0 costiera e alla fine di luglio, Ruggero decise di marciare in direzione della Porta di ferro che divide l&#8217;Anatolia dall&#8217;Armenia e l\u00ec, il 15 agosto, consegu\u00ec una nuova grande vittoria sui Turchi. Quindi, decise di ritirarsi e di svernare ad Efeso ed Anaea.\u00bb [<em>Ruggiero di Flor<\/em> di A. Kiesewetter in Dizionario Biografico degli Italiani Treccani &#8211; Vol. 48, 1997]<\/span><\/p>\n<p style=\"text-align: justify;\"><a href=\"#_ftnref6\" name=\"_ftn6\"><\/a><\/p>\n<p><span style=\"color: #ffffff;\">.<\/span><\/p>\n<p><strong><span style=\"color: #0000ff;\">[wpedon id=17555]<\/span><\/strong><\/p>\n<p align=\"justify\"><strong><span style=\"color: #0000ff;\">Ti \u00e8 piaciuto questo articolo? Se s\u00ec, puoi fare una piccola donazione (anche un euro) per sostenere il nostro portale. Basta poco, per aiutarci a sostenere le spese di OCEAN4FUTURE, il portale del Mare e della Marittimit\u00e0. La donazione pu\u00f2 essere singola o puoi decidere di renderla automatica ogni mese. Per donare in sicurezza, Clicca sul link DONAZIONE oppure Scrivici per aiuto alla mail: <\/span><\/strong><a href=\"mailto:infoocean4future@gmail.com\">infoocean4future@gmail.com<\/a><br \/>\n<span style=\"color: #ffffff;\">.<\/span><\/p>\n<p style=\"text-align: justify;\">Alcune delle foto presenti in questo blog possono essere state prese dal web, citandone ove possibile gli autori e\/o le fonti. Se qualcuno desiderasse specificarne l\u2019autore o rimuoverle, pu\u00f2 scrivere a infoocean4future@gmail.com e provvederemo immediatamente alla correzione dell\u2019articolo<\/p>\n<p>&nbsp;<\/p>\n<a class=\"maxbutton-3 maxbutton maxbutton-pagina-principale\" target=\"_blank\" title=\"tooltip\" rel=\"nofollow noopener\" href=\"http:\/\/www.ocean4future.org\"><span class='mb-text'>PAGINA PRINCIPALE<\/span><\/a>\n","protected":false},"excerpt":{"rendered":"<p><span class=\"span-reading-time rt-reading-time\" style=\"display: block;\"><span class=\"rt-label rt-prefix\">tempo di lettura: <\/span> <span class=\"rt-time\"> 8<\/span> <span class=\"rt-label rt-postfix\">minuti<\/span><\/span>. . ARGOMENTO: STORIA NAVALE PERIODO: XIII SECOLO AREA: MAR ADRIATICO parole chiave: Ruggero Flores &nbsp; Era trascorso giusto un secolo dai tempi in cui Margarito da Brindisi \u2013 il famoso arcipirata divenuto poi grande ammiraglio \u2013 scorrazzava in lungo e in largo nei mari mediterranei con le sue flotte sempre vincitrici incutendo timore e [&hellip;]<\/p>\n","protected":false},"author":2429,"featured_media":73815,"comment_status":"open","ping_status":"open","sticky":false,"template":"","format":"standard","meta":{"_acf_changed":false,"_monsterinsights_skip_tracking":false,"_monsterinsights_sitenote_active":false,"_monsterinsights_sitenote_note":"","_monsterinsights_sitenote_category":0,"footnotes":""},"categories":[17,2317],"tags":[],"class_list":["post-73773","post","type-post","status-publish","format-standard","has-post-thumbnail","hentry","category-scienze-del-mare","category-medioevo"],"acf":[],"yoast_head":"<!-- This site is optimized with the Yoast SEO plugin v27.4 - https:\/\/yoast.com\/product\/yoast-seo-wordpress\/ -->\n<title>Ruggero Flores: templare pirata e ammiraglio brindisino - parte I &#8226; OCEAN4FUTURE autore<\/title>\n<meta name=\"robots\" content=\"index, follow, max-snippet:-1, max-image-preview:large, max-video-preview:-1\" \/>\n<link rel=\"canonical\" href=\"https:\/\/www.ocean4future.org\/savetheocean\/archives\/73773\" \/>\n<meta property=\"og:locale\" content=\"it_IT\" \/>\n<meta property=\"og:type\" content=\"article\" \/>\n<meta property=\"og:title\" content=\"Ruggero Flores: templare pirata e ammiraglio brindisino - parte I &#8226; OCEAN4FUTURE autore\" \/>\n<meta property=\"og:description\" content=\"tempo di lettura:  8 minuti. . ARGOMENTO: STORIA NAVALE PERIODO: XIII SECOLO AREA: MAR ADRIATICO parole chiave: Ruggero Flores &nbsp; Era trascorso giusto un secolo dai tempi in cui Margarito da Brindisi \u2013 il famoso arcipirata divenuto poi grande ammiraglio \u2013 scorrazzava in lungo e in largo nei mari mediterranei con le sue flotte sempre vincitrici incutendo timore e [&hellip;]\" \/>\n<meta property=\"og:url\" content=\"https:\/\/www.ocean4future.org\/savetheocean\/archives\/73773\" \/>\n<meta property=\"og:site_name\" content=\"OCEAN4FUTURE\" \/>\n<meta property=\"article:published_time\" content=\"2022-06-20T22:01:36+00:00\" \/>\n<meta property=\"article:modified_time\" content=\"2024-08-01T09:40:05+00:00\" \/>\n<meta property=\"og:image\" content=\"https:\/\/www.ocean4future.org\/savetheocean\/wp-content\/uploads\/2022\/06\/galea-Olivetta-di-Ruggero-Flores-1.jpg\" \/>\n\t<meta property=\"og:image:width\" content=\"800\" \/>\n\t<meta property=\"og:image:height\" content=\"566\" \/>\n\t<meta property=\"og:image:type\" content=\"image\/jpeg\" \/>\n<meta name=\"author\" content=\"Gianfranco Perri\" \/>\n<meta name=\"twitter:card\" content=\"summary_large_image\" \/>\n<meta name=\"twitter:creator\" content=\"@ocean4future\" \/>\n<meta name=\"twitter:site\" content=\"@ocean4future\" \/>\n<meta name=\"twitter:label1\" content=\"Scritto da\" \/>\n\t<meta name=\"twitter:data1\" content=\"Gianfranco Perri\" \/>\n\t<meta name=\"twitter:label2\" content=\"Tempo di lettura stimato\" \/>\n\t<meta name=\"twitter:data2\" content=\"13 minuti\" \/>\n<script type=\"application\/ld+json\" class=\"yoast-schema-graph\">{\"@context\":\"https:\\\/\\\/schema.org\",\"@graph\":[{\"@type\":\"Article\",\"@id\":\"https:\\\/\\\/www.ocean4future.org\\\/savetheocean\\\/archives\\\/73773#article\",\"isPartOf\":{\"@id\":\"https:\\\/\\\/www.ocean4future.org\\\/savetheocean\\\/archives\\\/73773\"},\"author\":{\"name\":\"Gianfranco Perri\",\"@id\":\"https:\\\/\\\/www.ocean4future.org\\\/savetheocean\\\/#\\\/schema\\\/person\\\/2807aad6351c9429df20d5d07ee045f3\"},\"headline\":\"Ruggero Flores: templare pirata e ammiraglio brindisino &#8211; parte I\",\"datePublished\":\"2022-06-20T22:01:36+00:00\",\"dateModified\":\"2024-08-01T09:40:05+00:00\",\"mainEntityOfPage\":{\"@id\":\"https:\\\/\\\/www.ocean4future.org\\\/savetheocean\\\/archives\\\/73773\"},\"wordCount\":2221,\"commentCount\":0,\"publisher\":{\"@id\":\"https:\\\/\\\/www.ocean4future.org\\\/savetheocean\\\/#\\\/schema\\\/person\\\/4e1c26437054353074d7bb2efa77162c\"},\"image\":{\"@id\":\"https:\\\/\\\/www.ocean4future.org\\\/savetheocean\\\/archives\\\/73773#primaryimage\"},\"thumbnailUrl\":\"https:\\\/\\\/www.ocean4future.org\\\/savetheocean\\\/wp-content\\\/uploads\\\/2022\\\/06\\\/galea-Olivetta-di-Ruggero-Flores-1.jpg\",\"articleSection\":[\"Scienze del mare\",\"Storia navale del Medioevo (post 476 d.C. - 1492)\"],\"inLanguage\":\"it-IT\",\"potentialAction\":[{\"@type\":\"CommentAction\",\"name\":\"Comment\",\"target\":[\"https:\\\/\\\/www.ocean4future.org\\\/savetheocean\\\/archives\\\/73773#respond\"]}]},{\"@type\":\"WebPage\",\"@id\":\"https:\\\/\\\/www.ocean4future.org\\\/savetheocean\\\/archives\\\/73773\",\"url\":\"https:\\\/\\\/www.ocean4future.org\\\/savetheocean\\\/archives\\\/73773\",\"name\":\"Ruggero Flores: templare pirata e ammiraglio brindisino - parte I &#8226; OCEAN4FUTURE autore\",\"isPartOf\":{\"@id\":\"https:\\\/\\\/www.ocean4future.org\\\/savetheocean\\\/#website\"},\"primaryImageOfPage\":{\"@id\":\"https:\\\/\\\/www.ocean4future.org\\\/savetheocean\\\/archives\\\/73773#primaryimage\"},\"image\":{\"@id\":\"https:\\\/\\\/www.ocean4future.org\\\/savetheocean\\\/archives\\\/73773#primaryimage\"},\"thumbnailUrl\":\"https:\\\/\\\/www.ocean4future.org\\\/savetheocean\\\/wp-content\\\/uploads\\\/2022\\\/06\\\/galea-Olivetta-di-Ruggero-Flores-1.jpg\",\"datePublished\":\"2022-06-20T22:01:36+00:00\",\"dateModified\":\"2024-08-01T09:40:05+00:00\",\"breadcrumb\":{\"@id\":\"https:\\\/\\\/www.ocean4future.org\\\/savetheocean\\\/archives\\\/73773#breadcrumb\"},\"inLanguage\":\"it-IT\",\"potentialAction\":[{\"@type\":\"ReadAction\",\"target\":[\"https:\\\/\\\/www.ocean4future.org\\\/savetheocean\\\/archives\\\/73773\"]}]},{\"@type\":\"ImageObject\",\"inLanguage\":\"it-IT\",\"@id\":\"https:\\\/\\\/www.ocean4future.org\\\/savetheocean\\\/archives\\\/73773#primaryimage\",\"url\":\"https:\\\/\\\/www.ocean4future.org\\\/savetheocean\\\/wp-content\\\/uploads\\\/2022\\\/06\\\/galea-Olivetta-di-Ruggero-Flores-1.jpg\",\"contentUrl\":\"https:\\\/\\\/www.ocean4future.org\\\/savetheocean\\\/wp-content\\\/uploads\\\/2022\\\/06\\\/galea-Olivetta-di-Ruggero-Flores-1.jpg\",\"width\":800,\"height\":566},{\"@type\":\"BreadcrumbList\",\"@id\":\"https:\\\/\\\/www.ocean4future.org\\\/savetheocean\\\/archives\\\/73773#breadcrumb\",\"itemListElement\":[{\"@type\":\"ListItem\",\"position\":1,\"name\":\"Home\",\"item\":\"https:\\\/\\\/www.ocean4future.org\\\/savetheocean\"},{\"@type\":\"ListItem\",\"position\":2,\"name\":\"Ruggero Flores: templare pirata e ammiraglio brindisino &#8211; parte I\"}]},{\"@type\":\"WebSite\",\"@id\":\"https:\\\/\\\/www.ocean4future.org\\\/savetheocean\\\/#website\",\"url\":\"https:\\\/\\\/www.ocean4future.org\\\/savetheocean\\\/\",\"name\":\"Ocean 4 Future\",\"description\":\"Per una nuova cultura del mare e della marittimit\u00e0\",\"publisher\":{\"@id\":\"https:\\\/\\\/www.ocean4future.org\\\/savetheocean\\\/#\\\/schema\\\/person\\\/4e1c26437054353074d7bb2efa77162c\"},\"potentialAction\":[{\"@type\":\"SearchAction\",\"target\":{\"@type\":\"EntryPoint\",\"urlTemplate\":\"https:\\\/\\\/www.ocean4future.org\\\/savetheocean\\\/?s={search_term_string}\"},\"query-input\":{\"@type\":\"PropertyValueSpecification\",\"valueRequired\":true,\"valueName\":\"search_term_string\"}}],\"inLanguage\":\"it-IT\"},{\"@type\":[\"Person\",\"Organization\"],\"@id\":\"https:\\\/\\\/www.ocean4future.org\\\/savetheocean\\\/#\\\/schema\\\/person\\\/4e1c26437054353074d7bb2efa77162c\",\"name\":\"oceandiver\",\"image\":{\"@type\":\"ImageObject\",\"inLanguage\":\"it-IT\",\"@id\":\"https:\\\/\\\/www.ocean4future.org\\\/savetheocean\\\/wp-content\\\/uploads\\\/2023\\\/04\\\/logo-ocean3.jpg\",\"url\":\"https:\\\/\\\/www.ocean4future.org\\\/savetheocean\\\/wp-content\\\/uploads\\\/2023\\\/04\\\/logo-ocean3.jpg\",\"contentUrl\":\"https:\\\/\\\/www.ocean4future.org\\\/savetheocean\\\/wp-content\\\/uploads\\\/2023\\\/04\\\/logo-ocean3.jpg\",\"width\":472,\"height\":301,\"caption\":\"oceandiver\"},\"logo\":{\"@id\":\"https:\\\/\\\/www.ocean4future.org\\\/savetheocean\\\/wp-content\\\/uploads\\\/2023\\\/04\\\/logo-ocean3.jpg\"}},{\"@type\":\"Person\",\"@id\":\"https:\\\/\\\/www.ocean4future.org\\\/savetheocean\\\/#\\\/schema\\\/person\\\/2807aad6351c9429df20d5d07ee045f3\",\"name\":\"Gianfranco Perri\",\"image\":{\"@type\":\"ImageObject\",\"inLanguage\":\"it-IT\",\"@id\":\"https:\\\/\\\/secure.gravatar.com\\\/avatar\\\/25132120ae1b86613a98dd3b8dd2ef1c50406ce2b2bde10cad3ff57315421dc0?s=96&d=mm&r=g\",\"url\":\"https:\\\/\\\/secure.gravatar.com\\\/avatar\\\/25132120ae1b86613a98dd3b8dd2ef1c50406ce2b2bde10cad3ff57315421dc0?s=96&d=mm&r=g\",\"contentUrl\":\"https:\\\/\\\/secure.gravatar.com\\\/avatar\\\/25132120ae1b86613a98dd3b8dd2ef1c50406ce2b2bde10cad3ff57315421dc0?s=96&d=mm&r=g\",\"caption\":\"Gianfranco Perri\"},\"description\":\"nato a Brindisi il 21 settembre 1951, nel 1974 ha ottenuto la laurea in Ingegneria Mineraria \u00a8con Lode\u00a8 nel Politecnico di Torino dove ha anche esercitato la docenza. Attualmente \u00e8 docente di \u201cProgettazione di gallerie\u201d presso l\u2019Universit\u00e0 Centrale del Venezuela di Caracas. \u00c8 consulente e progettista di opere sotterranee nei vari paesi del Centro e del Sud America. Ha pubblicato due libri sulla progettazione di gallerie e un centinaio di paper tecnici e scientifici, in spagnolo, italiano ed inglese, la maggior parte dei quali presentati in convegni internazionali in molte regioni del mondo. Nel 2009 a Bari, ha ricevuto il Premio Internazionale \u201cPugliesi nel Mondo\u201d e nel 2010 dall\u2019Universit\u00e0 degli Studi di Foggia, \u00e8 stato incluso tra i \u201cPugliesi illustri nel mondo\u201d.\u00a0 E' anche un appassionato studioso e impegnato divulgatore della storia di Brindisi sulla quale ha scritto diversi libri e saggi pubblicando molti articoli sul quotidiano \u201cSenzacolonne\u201d e sul settimanale \u201cil7 Magazine\u201d di Brindisi. Dal 2013 ha attivo il Blog \u201cVia da Brindisi\u201d sul giornale online \u201cSenza Colonne News\u201d. Ha anche pubblicati i suoi lavori, a stampa o online sulle pagine web www.fondazioneterradotranto.it www.academia.edu e www.brindisiweb.it\",\"sameAs\":[\"http:\\\/\\\/www.gianfrancoperri.net\"],\"url\":\"https:\\\/\\\/www.ocean4future.org\\\/savetheocean\\\/archives\\\/author\\\/gianfranco-perri\"}]}<\/script>\n<!-- \/ Yoast SEO plugin. -->","yoast_head_json":{"title":"Ruggero Flores: templare pirata e ammiraglio brindisino - parte I &#8226; OCEAN4FUTURE autore","robots":{"index":"index","follow":"follow","max-snippet":"max-snippet:-1","max-image-preview":"max-image-preview:large","max-video-preview":"max-video-preview:-1"},"canonical":"https:\/\/www.ocean4future.org\/savetheocean\/archives\/73773","og_locale":"it_IT","og_type":"article","og_title":"Ruggero Flores: templare pirata e ammiraglio brindisino - parte I &#8226; OCEAN4FUTURE autore","og_description":"tempo di lettura:  8 minuti. . ARGOMENTO: STORIA NAVALE PERIODO: XIII SECOLO AREA: MAR ADRIATICO parole chiave: Ruggero Flores &nbsp; Era trascorso giusto un secolo dai tempi in cui Margarito da Brindisi \u2013 il famoso arcipirata divenuto poi grande ammiraglio \u2013 scorrazzava in lungo e in largo nei mari mediterranei con le sue flotte sempre vincitrici incutendo timore e [&hellip;]","og_url":"https:\/\/www.ocean4future.org\/savetheocean\/archives\/73773","og_site_name":"OCEAN4FUTURE","article_published_time":"2022-06-20T22:01:36+00:00","article_modified_time":"2024-08-01T09:40:05+00:00","og_image":[{"width":800,"height":566,"url":"https:\/\/www.ocean4future.org\/savetheocean\/wp-content\/uploads\/2022\/06\/galea-Olivetta-di-Ruggero-Flores-1.jpg","type":"image\/jpeg"}],"author":"Gianfranco Perri","twitter_card":"summary_large_image","twitter_creator":"@ocean4future","twitter_site":"@ocean4future","twitter_misc":{"Scritto da":"Gianfranco Perri","Tempo di lettura stimato":"13 minuti"},"schema":{"@context":"https:\/\/schema.org","@graph":[{"@type":"Article","@id":"https:\/\/www.ocean4future.org\/savetheocean\/archives\/73773#article","isPartOf":{"@id":"https:\/\/www.ocean4future.org\/savetheocean\/archives\/73773"},"author":{"name":"Gianfranco Perri","@id":"https:\/\/www.ocean4future.org\/savetheocean\/#\/schema\/person\/2807aad6351c9429df20d5d07ee045f3"},"headline":"Ruggero Flores: templare pirata e ammiraglio brindisino &#8211; parte I","datePublished":"2022-06-20T22:01:36+00:00","dateModified":"2024-08-01T09:40:05+00:00","mainEntityOfPage":{"@id":"https:\/\/www.ocean4future.org\/savetheocean\/archives\/73773"},"wordCount":2221,"commentCount":0,"publisher":{"@id":"https:\/\/www.ocean4future.org\/savetheocean\/#\/schema\/person\/4e1c26437054353074d7bb2efa77162c"},"image":{"@id":"https:\/\/www.ocean4future.org\/savetheocean\/archives\/73773#primaryimage"},"thumbnailUrl":"https:\/\/www.ocean4future.org\/savetheocean\/wp-content\/uploads\/2022\/06\/galea-Olivetta-di-Ruggero-Flores-1.jpg","articleSection":["Scienze del mare","Storia navale del Medioevo (post 476 d.C. - 1492)"],"inLanguage":"it-IT","potentialAction":[{"@type":"CommentAction","name":"Comment","target":["https:\/\/www.ocean4future.org\/savetheocean\/archives\/73773#respond"]}]},{"@type":"WebPage","@id":"https:\/\/www.ocean4future.org\/savetheocean\/archives\/73773","url":"https:\/\/www.ocean4future.org\/savetheocean\/archives\/73773","name":"Ruggero Flores: templare pirata e ammiraglio brindisino - parte I &#8226; OCEAN4FUTURE autore","isPartOf":{"@id":"https:\/\/www.ocean4future.org\/savetheocean\/#website"},"primaryImageOfPage":{"@id":"https:\/\/www.ocean4future.org\/savetheocean\/archives\/73773#primaryimage"},"image":{"@id":"https:\/\/www.ocean4future.org\/savetheocean\/archives\/73773#primaryimage"},"thumbnailUrl":"https:\/\/www.ocean4future.org\/savetheocean\/wp-content\/uploads\/2022\/06\/galea-Olivetta-di-Ruggero-Flores-1.jpg","datePublished":"2022-06-20T22:01:36+00:00","dateModified":"2024-08-01T09:40:05+00:00","breadcrumb":{"@id":"https:\/\/www.ocean4future.org\/savetheocean\/archives\/73773#breadcrumb"},"inLanguage":"it-IT","potentialAction":[{"@type":"ReadAction","target":["https:\/\/www.ocean4future.org\/savetheocean\/archives\/73773"]}]},{"@type":"ImageObject","inLanguage":"it-IT","@id":"https:\/\/www.ocean4future.org\/savetheocean\/archives\/73773#primaryimage","url":"https:\/\/www.ocean4future.org\/savetheocean\/wp-content\/uploads\/2022\/06\/galea-Olivetta-di-Ruggero-Flores-1.jpg","contentUrl":"https:\/\/www.ocean4future.org\/savetheocean\/wp-content\/uploads\/2022\/06\/galea-Olivetta-di-Ruggero-Flores-1.jpg","width":800,"height":566},{"@type":"BreadcrumbList","@id":"https:\/\/www.ocean4future.org\/savetheocean\/archives\/73773#breadcrumb","itemListElement":[{"@type":"ListItem","position":1,"name":"Home","item":"https:\/\/www.ocean4future.org\/savetheocean"},{"@type":"ListItem","position":2,"name":"Ruggero Flores: templare pirata e ammiraglio brindisino &#8211; parte I"}]},{"@type":"WebSite","@id":"https:\/\/www.ocean4future.org\/savetheocean\/#website","url":"https:\/\/www.ocean4future.org\/savetheocean\/","name":"Ocean 4 Future","description":"Per una nuova cultura del mare e della marittimit\u00e0","publisher":{"@id":"https:\/\/www.ocean4future.org\/savetheocean\/#\/schema\/person\/4e1c26437054353074d7bb2efa77162c"},"potentialAction":[{"@type":"SearchAction","target":{"@type":"EntryPoint","urlTemplate":"https:\/\/www.ocean4future.org\/savetheocean\/?s={search_term_string}"},"query-input":{"@type":"PropertyValueSpecification","valueRequired":true,"valueName":"search_term_string"}}],"inLanguage":"it-IT"},{"@type":["Person","Organization"],"@id":"https:\/\/www.ocean4future.org\/savetheocean\/#\/schema\/person\/4e1c26437054353074d7bb2efa77162c","name":"oceandiver","image":{"@type":"ImageObject","inLanguage":"it-IT","@id":"https:\/\/www.ocean4future.org\/savetheocean\/wp-content\/uploads\/2023\/04\/logo-ocean3.jpg","url":"https:\/\/www.ocean4future.org\/savetheocean\/wp-content\/uploads\/2023\/04\/logo-ocean3.jpg","contentUrl":"https:\/\/www.ocean4future.org\/savetheocean\/wp-content\/uploads\/2023\/04\/logo-ocean3.jpg","width":472,"height":301,"caption":"oceandiver"},"logo":{"@id":"https:\/\/www.ocean4future.org\/savetheocean\/wp-content\/uploads\/2023\/04\/logo-ocean3.jpg"}},{"@type":"Person","@id":"https:\/\/www.ocean4future.org\/savetheocean\/#\/schema\/person\/2807aad6351c9429df20d5d07ee045f3","name":"Gianfranco Perri","image":{"@type":"ImageObject","inLanguage":"it-IT","@id":"https:\/\/secure.gravatar.com\/avatar\/25132120ae1b86613a98dd3b8dd2ef1c50406ce2b2bde10cad3ff57315421dc0?s=96&d=mm&r=g","url":"https:\/\/secure.gravatar.com\/avatar\/25132120ae1b86613a98dd3b8dd2ef1c50406ce2b2bde10cad3ff57315421dc0?s=96&d=mm&r=g","contentUrl":"https:\/\/secure.gravatar.com\/avatar\/25132120ae1b86613a98dd3b8dd2ef1c50406ce2b2bde10cad3ff57315421dc0?s=96&d=mm&r=g","caption":"Gianfranco Perri"},"description":"nato a Brindisi il 21 settembre 1951, nel 1974 ha ottenuto la laurea in Ingegneria Mineraria \u00a8con Lode\u00a8 nel Politecnico di Torino dove ha anche esercitato la docenza. Attualmente \u00e8 docente di \u201cProgettazione di gallerie\u201d presso l\u2019Universit\u00e0 Centrale del Venezuela di Caracas. \u00c8 consulente e progettista di opere sotterranee nei vari paesi del Centro e del Sud America. Ha pubblicato due libri sulla progettazione di gallerie e un centinaio di paper tecnici e scientifici, in spagnolo, italiano ed inglese, la maggior parte dei quali presentati in convegni internazionali in molte regioni del mondo. Nel 2009 a Bari, ha ricevuto il Premio Internazionale \u201cPugliesi nel Mondo\u201d e nel 2010 dall\u2019Universit\u00e0 degli Studi di Foggia, \u00e8 stato incluso tra i \u201cPugliesi illustri nel mondo\u201d.\u00a0 E' anche un appassionato studioso e impegnato divulgatore della storia di Brindisi sulla quale ha scritto diversi libri e saggi pubblicando molti articoli sul quotidiano \u201cSenzacolonne\u201d e sul settimanale \u201cil7 Magazine\u201d di Brindisi. Dal 2013 ha attivo il Blog \u201cVia da Brindisi\u201d sul giornale online \u201cSenza Colonne News\u201d. Ha anche pubblicati i suoi lavori, a stampa o online sulle pagine web www.fondazioneterradotranto.it www.academia.edu e www.brindisiweb.it","sameAs":["http:\/\/www.gianfrancoperri.net"],"url":"https:\/\/www.ocean4future.org\/savetheocean\/archives\/author\/gianfranco-perri"}]}},"_links":{"self":[{"href":"https:\/\/www.ocean4future.org\/savetheocean\/wp-json\/wp\/v2\/posts\/73773","targetHints":{"allow":["GET"]}}],"collection":[{"href":"https:\/\/www.ocean4future.org\/savetheocean\/wp-json\/wp\/v2\/posts"}],"about":[{"href":"https:\/\/www.ocean4future.org\/savetheocean\/wp-json\/wp\/v2\/types\/post"}],"author":[{"embeddable":true,"href":"https:\/\/www.ocean4future.org\/savetheocean\/wp-json\/wp\/v2\/users\/2429"}],"replies":[{"embeddable":true,"href":"https:\/\/www.ocean4future.org\/savetheocean\/wp-json\/wp\/v2\/comments?post=73773"}],"version-history":[{"count":0,"href":"https:\/\/www.ocean4future.org\/savetheocean\/wp-json\/wp\/v2\/posts\/73773\/revisions"}],"wp:featuredmedia":[{"embeddable":true,"href":"https:\/\/www.ocean4future.org\/savetheocean\/wp-json\/wp\/v2\/media\/73815"}],"wp:attachment":[{"href":"https:\/\/www.ocean4future.org\/savetheocean\/wp-json\/wp\/v2\/media?parent=73773"}],"wp:term":[{"taxonomy":"category","embeddable":true,"href":"https:\/\/www.ocean4future.org\/savetheocean\/wp-json\/wp\/v2\/categories?post=73773"},{"taxonomy":"post_tag","embeddable":true,"href":"https:\/\/www.ocean4future.org\/savetheocean\/wp-json\/wp\/v2\/tags?post=73773"}],"curies":[{"name":"wp","href":"https:\/\/api.w.org\/{rel}","templated":true}]}}