{"id":70848,"date":"2022-03-28T00:01:42","date_gmt":"2022-03-27T22:01:42","guid":{"rendered":"http:\/\/www.ocean4future.org\/savetheocean\/?p=70848"},"modified":"2023-09-30T18:15:44","modified_gmt":"2023-09-30T16:15:44","slug":"malta-e-i-cavalieri-lattacco-ottomano-a-gozo-1551-parte-ii","status":"publish","type":"post","link":"https:\/\/www.ocean4future.org\/savetheocean\/archives\/70848","title":{"rendered":"Malta e i Cavalieri: l\u2019Attacco Ottomano a Gozo (1551) &#8211; parte II"},"content":{"rendered":"<span class=\"span-reading-time rt-reading-time\" style=\"display: block;\"><span class=\"rt-label rt-prefix\">tempo di lettura: <\/span> <span class=\"rt-time\"> 5<\/span> <span class=\"rt-label rt-postfix\">minuti<\/span><\/span><p><span style=\"color: #ffffff;\">.<\/span><\/p>\n<a class=\"maxbutton-4 maxbutton maxbutton-livello-di-comprensione\" href=\"javascript:void(0);\"><span class='mb-text'>livello elementare<\/span><\/a>\n<p><span style=\"color: #ffffff;\">.<\/span><\/p>\n<p><strong><span style=\"color: #008000;\">ARGOMENTO: STORIA NAVALE<\/span><\/strong><br \/>\n<strong><span style=\"color: #008000;\">PERIODO: XVI SECOLO<\/span><\/strong><br \/>\n<strong><span style=\"color: #008000;\">AREA: MAR MEDITERRANEO<\/span><\/strong><br \/>\nparole chiave: Gozo, Ottomani<\/p>\n<p>&nbsp;<\/p>\n<p style=\"text-align: justify;\">Nella&nbsp;Citt\u00e0 Notabile, gi\u00e0 <strong><span style=\"color: #008000;\">Mdina<\/span><\/strong>, i notabili chiedono con grande smania di ricevere dai Cavalieri&nbsp;<em><strong><span style=\"color: #008000;\">un buon pezzo d\u2019artiglieria di bronzo<\/span><\/strong>,&nbsp;<\/em>ma, per un colpo di sfortuna, a met\u00e0 del tragitto si rompe la ruota di un carro. Prima decidono di interrare il pezzo, affinch\u00e9 gli Ottomani non lo vedano, ma alla fine riescono a portarlo in citt\u00e0. L\u00ec, tra l\u2019altro, una monaca ha delle visioni di vittoria che rendono molto sicuri i notabili.&nbsp;Dall\u2019altra parte dell\u2019isola, a Castel S. Angelo, si sono stipati quasi 12.000 maltesi. I Cavalieri, d\u2019altronde, sono abituati a condividere spazi angusti, perch\u00e9 prima delle costruzione de La Valletta convivono in camerate da 10-15 letti. Ad ogni modo, il Gran Maestro \u00e8 molto preoccupato, ma si dice convinto che l\u2019obiettivo finale degli Ottomani sia Tripoli, e che quindi se ne andranno presto.<\/p>\n<p><img decoding=\"async\" src=\"https:\/\/www.ocean4future.org\/savetheocean\/wp-content\/uploads\/2022\/03\/sinan-pasacia.jpg\" alt=\"Questa immagine ha l'attributo alt vuoto; il nome del file \u00e8 sinan-pasacia.jpg\"><\/p>\n<p style=\"text-align: justify;\">Dal canto suo, <strong><span style=\"color: #008000;\">Sinan Pasha<\/span><\/strong> sale personalmente sullo Sceberras, il 19 Luglio, in modo da poter controllare le difese dei Cavalieri al Borgo. Rischia, tra l\u2019altro, di essere ucciso dai cannoni del nemico, che tirano continuamente verso il suo drappello. La vista di S. Angelo lo scoraggia, tanto che si rivolge a Dragut dicendogli:<\/p>\n<blockquote class=\"wp-block-quote is-style-large\">\n<p style=\"text-align: justify;\"><strong><span style=\"font-size: 14pt; color: #008000;\">E sarebbe questo il castello di cui hai parlato a Solimano? Quello cos\u00ec facile da espugnare? Non vedi che per montare l\u2019assedio e assalirlo, i nostri uomini dovrebbero avere le ali? E che tutte le artiglierie, e gli eserciti del mondo, non basterebbero a prenderlo con la forza?<\/span><\/strong><\/p>\n<\/blockquote>\n<p style=\"text-align: justify;\">Tra lui e Dragut c\u2019\u00e8 da anni un rapporto di collaborazione e, spesso, scontro, sulle operazioni da effettuare nel Mediterraneo. Lo stesso Solimano, sebbene Sinan abbia un grado superiore a Dragut, lo invita ad ascoltare i suoi consigli (vedi \u201cordini\u201d), e la maggior parte dei marinai preferisce senza dubbio quest\u2019ultimo.<\/p>\n<p style=\"text-align: justify;\">Sinan ha anche il timore, infondato, che gli aiuti di Carlo V siano gi\u00e0 diretti a Malta, e quindi vuole evitare di trovarsi tra due fuochi. Abbandonata quindi l\u2019idea di conquistare la roccaforte dei Cavalieri, Sinan ordina ai suoi uomini, incalzati dalla cavalleria del Turcopiliere, di raggiungere le imbarcazioni. La foga della cavalleria cristiana \u00e8 cos\u00ec grande, che lo stesso Turcopiliere muore d\u2019infarto durante la carica.&nbsp;<\/p>\n<p style=\"text-align: justify;\">A partire dal 19 Luglio, Sinan porta quindi la sua flotta di spiaggia in spiaggia verso sud e risale a ovest, distruggendo e saccheggiando il litorale maltese. Se il Borgo, dunque, sembra ormai salvo, lo stesso non pu\u00f2 dirsi per la Notabile, arroccata al centro dell\u2019Isola.<\/p>\n<p style=\"text-align: justify;\">Il capitano d\u2019armi della citt\u00e0, il <strong><span style=\"color: #008000;\">Bal\u00ec Giorgio Adorno<\/span><\/strong>, riesce a radunare in tutto 1.800 uomini, molti dei quali sono contadini o semplici cittadini. Le provviste sono sufficienti per meno di due mesi d\u2019assedio, mentre l\u2019acqua gi\u00e0 scarseggia. Il Bal\u00ec tiene sotto il suo comando diretto 200 archibugieri e distribuisce i restanti uomini tra le varie sezioni delle mura. All\u2019interno della citt\u00e0 ci sono, in tutto, circa 13.000 cittadini inermi (c.d.&nbsp;<a href=\"http:\/\/zweilawyer.com\/2015\/05\/12\/assedi-e-bocche-inutili\/\">bocche inutili<\/a>).<\/p>\n<p style=\"text-align: justify;\">L\u2019esercito di Sinan Pash\u00e0, invece, conta almeno 9.000 soldati. Quando i primi drappelli turchi si avvicinano alla citt\u00e0, l\u2019Adorno fa uscire due divisioni di fanteria da 250 uomini ciascuna, guidati dal Cav. Della Chiesa e dal Capitano Della Verga. Allo stesso tempo, dal baluardo dei Greci (una delle sezioni di mura) gli artiglieri riescono a effettuare buoni tiri sul resto dell\u2019armata turca che avanza nella valle. A detta delle fonti, riescono a uccidere 50-60 nemici.<\/p>\n<p style=\"text-align: justify;\">La fanteria inviata dall\u2019Adorno ha una semplice funzione deterrente. I 500 uomini in armi si piazzano sulle alture davanti alla valle, ma hanno l\u2019ordine di non attaccare i Turchi, che li superano di quasi venti volte. Quando gli Ottomani si avvicinano troppo, rientrano all\u2019interno delle mura. Lo stesso capitano d\u2019armi, che guida le operazioni appollaiato sul campanile della cattedrale, fa assiepare tutta la popolazione (<em>anche le donne e i bambini<\/em>) sugli spalti delle mura, in modo da mostrare ai Turchi una citt\u00e0 ben difesa.<\/p>\n<p style=\"text-align: justify;\">L\u2019esercito turco si accampa molto vicino alla Notabile, a Rabat, ma nella notte del 20 Luglio non si accorge che i maltesi sono riusciti a far entrare in citt\u00e0 qualche rinforzo dal Borgo (che dista circa 11 km dalla Notabile). \u00c8 una notte lunga, quella del 20. Nessuno, nella Notabile, riesce a dormire, tanto \u00e8 il frastuono che proviene dal campo nemico. Tutti si aspettano il primo assalto all\u2019alba, ma, quando arrivano le prime luci, l\u2019Adorno e gli altri si rendono conto che i Turchi hanno smontato il campo in tutta fretta e sono risaliti a bordo delle navi.<\/p>\n<div class=\"wp-block-image\">\n<figure class=\"aligncenter\"><img decoding=\"async\" class=\"wp-image-14766 jetpack-lazy-image jetpack-lazy-image--handled\" src=\"https:\/\/i0.wp.com\/zweilawyer.com\/wp-content\/uploads\/2018\/12\/Sinan_pasha-1.jpg?resize=564%2C848\" sizes=\"(max-width: 564px) 100vw, 564px\" srcset=\"https:\/\/i0.wp.com\/zweilawyer.com\/wp-content\/uploads\/2018\/12\/Sinan_pasha-1.jpg?w=564 564w, https:\/\/i0.wp.com\/zweilawyer.com\/wp-content\/uploads\/2018\/12\/Sinan_pasha-1.jpg?resize=200%2C300 200w, https:\/\/i0.wp.com\/zweilawyer.com\/wp-content\/uploads\/2018\/12\/Sinan_pasha-1.jpg?resize=520%2C782 520w\" alt=\"\" width=\"564\" height=\"848\" data-recalc-dims=\"1\" data-lazy-loaded=\"1\"><\/figure>\n<\/div>\n<p style=\"text-align: justify;\">\u00c8 una bella notizia per Malta ma una cattiva per Gozo. La piccola isola \u00e8 difesa dal <strong><span style=\"color: #008000;\">Cavaliere Galaziano de Sesse<\/span><\/strong> con poche centinaia di uomini. I Turchi, invece, contano a centinaia anche le imbarcazioni. Centoquaranta vele fanno rotta verso l\u2019ultimo avamposto dei Cavalieri. Il Gran Castello di Gozo \u00e8 costruito alla maniera antica, con mura alte e perpendicolari al terreno.<\/p>\n<p style=\"text-align: justify;\">Il fuoco incrociato delle batterie turche inizia il 24 Luglio e, due giorni dopo, ne ha gi\u00e0 fatte crollare una parte. Il Gran Castello risponde al fuoco per poche ore, poich\u00e9 l\u2019unico artigliere viene centrato da una palla nemica. Senza possibilit\u00e0 di difendersi, il Cavaliere de Sesse, spinto dai nobili della citt\u00e0, decide di scendere a patti con i Turchi.&nbsp;Chiede a Sinan Pasha di concedere un lasciapassare ai 200 uomini pi\u00f9 importanti della citt\u00e0, ma questi lo concede solo a 40. Le condizioni di resa sono dunque queste, e 6.000 maltesi finiscono cos\u00ec in catene, per essere venduti come schiavi a Costantinopoli. Sinan Pasha, forse adirato per aver rinunciato al Borgo e alla Notabile, non rispetta i patti, e lascia liberi solo 40 vecchi. Lo stesso de Sesse \u00e8 ridotto in catene.<\/p>\n<p style=\"text-align: justify;\">I Turchi incendiano tutte le chiese e iniziano a fare lo stesso con i libri. \u00c8 un cavaliere francese a consigliare loro di portare i libri pi\u00f9 belli a Costantinopoli, in modo da poterli vendere o regalare, invece di bruciarli.<\/p>\n<figure class=\"wp-block-table\">\n<table class=\"has-subtle-light-gray-background-color has-background\">\n<tbody>\n<tr>\n<td style=\"text-align: justify;\"><span style=\"font-size: 14pt;\"><strong><span style=\"color: #008000;\">Nel corso del saccheggio di Gozo, un soldato siciliano \u00e8 testimone degli stupri commessi dai Turchi. Al fine di evitare una vita di abusi e schiavit\u00f9, Bernardo Dupuo e la moglie decidono di morire l\u00ec insieme alle due figlie adolescenti. Dopo aver tagliato la gola alle due figlie e alla moglie, il soldato attende i Turchi in casa. Ne uccide due e ne ferisce altri, ma alla fine viene fatto a pezzi.<\/span><\/strong><\/span><\/td>\n<\/tr>\n<\/tbody>\n<\/table>\n<\/figure>\n<p style=\"text-align: justify;\">La distruzione portata a Gozo dai Turchi, che poco dopo riprenderanno Tripoli con un assedio lampo di sei giorni, e i rischi corsi dalla roccaforti dei Cavalieri a Malta, convincono questi ultimi a costruire i i forti di S. Elmo e S. Michele, che si riveleranno fondamentali nella vittoria nel Grande Assedio del 1565.&nbsp;<\/p>\n<p><strong><span style=\"color: #008000;\">Gabriele Campagnano<\/span><\/strong><\/p>\n<p>&nbsp;<\/p>\n<p><strong><span style=\"color: #008000;\">pubblicato originariamente su <a href=\"http:\/\/Malta e i Cavalieri: l'Attacco Ottomano a Gozo (1551) - Zhistorica (zweilawyer.com)\" data-wplink-url-error=\"true\">Zweilawyer.com<\/a>&nbsp; &nbsp;<\/span><\/strong><\/p>\n<p><span style=\"color: #ffffff;\">.<\/span><\/p>\n<p><span style=\"color: #ffffff;\">.<\/span><\/p>\n<p><a class=\"maxbutton-3 maxbutton maxbutton-pagina-principale\" target=\"_blank\" title=\"tooltip\" rel=\"nofollow noopener\" href=\"http:\/\/www.ocean4future.org\"><span class='mb-text'>PAGINA PRINCIPALE<\/span><\/a><br \/>\n<span style=\"color: #ffffff;\">.<\/span><\/p>\n<p><a class=\"maxbutton-13 maxbutton maxbutton-parte-i\" target=\"_blank\" title=\" tooltip\" rel=\"nofollow noopener\" href=\"https:\/\/www.ocean4future.org\/savetheocean\/archives\/70843\"><span class='mb-text'>PARTE I<\/span><\/a><br \/>\n<a class=\"maxbutton-14 maxbutton maxbutton-parte-ii\" target=\"_blank\" title=\" tooltip\" rel=\"nofollow noopener\" href=\"https:\/\/www.ocean4future.org\/savetheocean\/archives\/70848\"><span class='mb-text'>PARTE II<\/span><\/a><\/p>\n<p>&nbsp;<\/p>\n<p>&nbsp;<\/p>\n<p><a class=\"maxbutton-27 maxbutton maxbutton-un-regalo-per-te\" href=\"https:\/\/www.primevideo.com\/offers\/ref=atv_nb_lcl_it_IT?tag=amazon0e150-21 Italia\"><span class='mb-text'>Una sorpresa per te su Amazon Music unlimited<\/span><\/a>&nbsp;&nbsp; <a class=\"maxbutton-28 maxbutton maxbutton-amazon-prime\" title=\"Scopri i vantaggi di Amazon Prime\" href=\"javascript:void(0);\"><span class='mb-text'>Scopri i vantaggi di Amazon Prime<\/span><\/a><\/p>\n<p>&nbsp;<\/p>\n<p>Alcune delle foto presenti in questo blog possono essere state prese dal web, citandone ove possibile gli autori e\/o le fonti. Se qualcuno desiderasse specificarne l\u2019autore o rimuoverle, pu\u00f2 scrivere a infoocean4future@gmail.com e provvederemo immediatamente alla correzione dell\u2019articolo<\/p>\n<p>&nbsp;<\/p>\n","protected":false},"excerpt":{"rendered":"<p><span class=\"span-reading-time rt-reading-time\" style=\"display: block;\"><span class=\"rt-label rt-prefix\">tempo di lettura: <\/span> <span class=\"rt-time\"> 5<\/span> <span class=\"rt-label rt-postfix\">minuti<\/span><\/span>. . ARGOMENTO: STORIA NAVALE PERIODO: XVI SECOLO AREA: MAR MEDITERRANEO parole chiave: Gozo, Ottomani &nbsp; Nella&nbsp;Citt\u00e0 Notabile, gi\u00e0 Mdina, i notabili chiedono con grande smania di ricevere dai Cavalieri&nbsp;un buon pezzo d\u2019artiglieria di bronzo,&nbsp;ma, per un colpo di sfortuna, a met\u00e0 del tragitto si rompe la ruota di un carro. Prima decidono di interrare [&hellip;]<\/p>\n","protected":false},"author":2366,"featured_media":70851,"comment_status":"open","ping_status":"open","sticky":false,"template":"","format":"standard","meta":{"_acf_changed":false,"_monsterinsights_skip_tracking":false,"_monsterinsights_sitenote_active":false,"_monsterinsights_sitenote_note":"","_monsterinsights_sitenote_category":0,"footnotes":""},"categories":[2317],"tags":[],"class_list":["post-70848","post","type-post","status-publish","format-standard","has-post-thumbnail","hentry","category-medioevo"],"acf":[],"yoast_head":"<!-- This site is optimized with the Yoast SEO plugin v27.4 - https:\/\/yoast.com\/product\/yoast-seo-wordpress\/ -->\n<title>Malta e i Cavalieri: l\u2019Attacco Ottomano a Gozo (1551) - parte II &#8226; OCEAN4FUTURE autore<\/title>\n<meta name=\"robots\" content=\"index, follow, max-snippet:-1, max-image-preview:large, max-video-preview:-1\" \/>\n<link rel=\"canonical\" href=\"https:\/\/www.ocean4future.org\/savetheocean\/archives\/70848\" \/>\n<meta property=\"og:locale\" content=\"it_IT\" \/>\n<meta property=\"og:type\" content=\"article\" \/>\n<meta property=\"og:title\" content=\"Malta e i Cavalieri: l\u2019Attacco Ottomano a Gozo (1551) - parte II &#8226; OCEAN4FUTURE autore\" \/>\n<meta property=\"og:description\" content=\"tempo di lettura:  5 minuti. . ARGOMENTO: STORIA NAVALE PERIODO: XVI SECOLO AREA: MAR MEDITERRANEO parole chiave: Gozo, Ottomani &nbsp; Nella&nbsp;Citt\u00e0 Notabile, gi\u00e0 Mdina, i notabili chiedono con grande smania di ricevere dai Cavalieri&nbsp;un buon pezzo d\u2019artiglieria di bronzo,&nbsp;ma, per un colpo di sfortuna, a met\u00e0 del tragitto si rompe la ruota di un carro. Prima decidono di interrare [&hellip;]\" \/>\n<meta property=\"og:url\" content=\"https:\/\/www.ocean4future.org\/savetheocean\/archives\/70848\" \/>\n<meta property=\"og:site_name\" content=\"OCEAN4FUTURE\" \/>\n<meta property=\"article:published_time\" content=\"2022-03-27T22:01:42+00:00\" \/>\n<meta property=\"article:modified_time\" content=\"2023-09-30T16:15:44+00:00\" \/>\n<meta property=\"og:image\" content=\"https:\/\/www.ocean4future.org\/savetheocean\/wp-content\/uploads\/2022\/03\/gozo-1551-.jpg\" \/>\n\t<meta property=\"og:image:width\" content=\"925\" \/>\n\t<meta property=\"og:image:height\" content=\"541\" \/>\n\t<meta property=\"og:image:type\" content=\"image\/jpeg\" \/>\n<meta name=\"author\" content=\"Gabriele Campagnano\" \/>\n<meta name=\"twitter:card\" content=\"summary_large_image\" \/>\n<meta name=\"twitter:creator\" content=\"@ocean4future\" \/>\n<meta name=\"twitter:site\" content=\"@ocean4future\" \/>\n<meta name=\"twitter:label1\" content=\"Scritto da\" \/>\n\t<meta name=\"twitter:data1\" content=\"Gabriele Campagnano\" \/>\n\t<meta name=\"twitter:label2\" content=\"Tempo di lettura stimato\" \/>\n\t<meta name=\"twitter:data2\" content=\"6 minuti\" \/>\n<script type=\"application\/ld+json\" class=\"yoast-schema-graph\">{\"@context\":\"https:\\\/\\\/schema.org\",\"@graph\":[{\"@type\":\"Article\",\"@id\":\"https:\\\/\\\/www.ocean4future.org\\\/savetheocean\\\/archives\\\/70848#article\",\"isPartOf\":{\"@id\":\"https:\\\/\\\/www.ocean4future.org\\\/savetheocean\\\/archives\\\/70848\"},\"author\":{\"name\":\"Gabriele Campagnano\",\"@id\":\"https:\\\/\\\/www.ocean4future.org\\\/savetheocean\\\/#\\\/schema\\\/person\\\/8f268e05d09f0a406d4ac8c90079d6f2\"},\"headline\":\"Malta e i Cavalieri: l\u2019Attacco Ottomano a Gozo (1551) &#8211; parte II\",\"datePublished\":\"2022-03-27T22:01:42+00:00\",\"dateModified\":\"2023-09-30T16:15:44+00:00\",\"mainEntityOfPage\":{\"@id\":\"https:\\\/\\\/www.ocean4future.org\\\/savetheocean\\\/archives\\\/70848\"},\"wordCount\":1241,\"commentCount\":0,\"publisher\":{\"@id\":\"https:\\\/\\\/www.ocean4future.org\\\/savetheocean\\\/#\\\/schema\\\/person\\\/4e1c26437054353074d7bb2efa77162c\"},\"image\":{\"@id\":\"https:\\\/\\\/www.ocean4future.org\\\/savetheocean\\\/archives\\\/70848#primaryimage\"},\"thumbnailUrl\":\"https:\\\/\\\/www.ocean4future.org\\\/savetheocean\\\/wp-content\\\/uploads\\\/2022\\\/03\\\/gozo-1551-.jpg\",\"articleSection\":[\"Storia navale del Medioevo (post 476 d.C. - 1492)\"],\"inLanguage\":\"it-IT\",\"potentialAction\":[{\"@type\":\"CommentAction\",\"name\":\"Comment\",\"target\":[\"https:\\\/\\\/www.ocean4future.org\\\/savetheocean\\\/archives\\\/70848#respond\"]}]},{\"@type\":\"WebPage\",\"@id\":\"https:\\\/\\\/www.ocean4future.org\\\/savetheocean\\\/archives\\\/70848\",\"url\":\"https:\\\/\\\/www.ocean4future.org\\\/savetheocean\\\/archives\\\/70848\",\"name\":\"Malta e i Cavalieri: l\u2019Attacco Ottomano a Gozo (1551) - parte II &#8226; OCEAN4FUTURE autore\",\"isPartOf\":{\"@id\":\"https:\\\/\\\/www.ocean4future.org\\\/savetheocean\\\/#website\"},\"primaryImageOfPage\":{\"@id\":\"https:\\\/\\\/www.ocean4future.org\\\/savetheocean\\\/archives\\\/70848#primaryimage\"},\"image\":{\"@id\":\"https:\\\/\\\/www.ocean4future.org\\\/savetheocean\\\/archives\\\/70848#primaryimage\"},\"thumbnailUrl\":\"https:\\\/\\\/www.ocean4future.org\\\/savetheocean\\\/wp-content\\\/uploads\\\/2022\\\/03\\\/gozo-1551-.jpg\",\"datePublished\":\"2022-03-27T22:01:42+00:00\",\"dateModified\":\"2023-09-30T16:15:44+00:00\",\"breadcrumb\":{\"@id\":\"https:\\\/\\\/www.ocean4future.org\\\/savetheocean\\\/archives\\\/70848#breadcrumb\"},\"inLanguage\":\"it-IT\",\"potentialAction\":[{\"@type\":\"ReadAction\",\"target\":[\"https:\\\/\\\/www.ocean4future.org\\\/savetheocean\\\/archives\\\/70848\"]}]},{\"@type\":\"ImageObject\",\"inLanguage\":\"it-IT\",\"@id\":\"https:\\\/\\\/www.ocean4future.org\\\/savetheocean\\\/archives\\\/70848#primaryimage\",\"url\":\"https:\\\/\\\/www.ocean4future.org\\\/savetheocean\\\/wp-content\\\/uploads\\\/2022\\\/03\\\/gozo-1551-.jpg\",\"contentUrl\":\"https:\\\/\\\/www.ocean4future.org\\\/savetheocean\\\/wp-content\\\/uploads\\\/2022\\\/03\\\/gozo-1551-.jpg\",\"width\":925,\"height\":541},{\"@type\":\"BreadcrumbList\",\"@id\":\"https:\\\/\\\/www.ocean4future.org\\\/savetheocean\\\/archives\\\/70848#breadcrumb\",\"itemListElement\":[{\"@type\":\"ListItem\",\"position\":1,\"name\":\"Home\",\"item\":\"https:\\\/\\\/www.ocean4future.org\\\/savetheocean\"},{\"@type\":\"ListItem\",\"position\":2,\"name\":\"Malta e i Cavalieri: l\u2019Attacco Ottomano a Gozo (1551) &#8211; parte II\"}]},{\"@type\":\"WebSite\",\"@id\":\"https:\\\/\\\/www.ocean4future.org\\\/savetheocean\\\/#website\",\"url\":\"https:\\\/\\\/www.ocean4future.org\\\/savetheocean\\\/\",\"name\":\"Ocean 4 Future\",\"description\":\"Per una nuova cultura del mare e della marittimit\u00e0\",\"publisher\":{\"@id\":\"https:\\\/\\\/www.ocean4future.org\\\/savetheocean\\\/#\\\/schema\\\/person\\\/4e1c26437054353074d7bb2efa77162c\"},\"potentialAction\":[{\"@type\":\"SearchAction\",\"target\":{\"@type\":\"EntryPoint\",\"urlTemplate\":\"https:\\\/\\\/www.ocean4future.org\\\/savetheocean\\\/?s={search_term_string}\"},\"query-input\":{\"@type\":\"PropertyValueSpecification\",\"valueRequired\":true,\"valueName\":\"search_term_string\"}}],\"inLanguage\":\"it-IT\"},{\"@type\":[\"Person\",\"Organization\"],\"@id\":\"https:\\\/\\\/www.ocean4future.org\\\/savetheocean\\\/#\\\/schema\\\/person\\\/4e1c26437054353074d7bb2efa77162c\",\"name\":\"oceandiver\",\"image\":{\"@type\":\"ImageObject\",\"inLanguage\":\"it-IT\",\"@id\":\"https:\\\/\\\/www.ocean4future.org\\\/savetheocean\\\/wp-content\\\/uploads\\\/2023\\\/04\\\/logo-ocean3.jpg\",\"url\":\"https:\\\/\\\/www.ocean4future.org\\\/savetheocean\\\/wp-content\\\/uploads\\\/2023\\\/04\\\/logo-ocean3.jpg\",\"contentUrl\":\"https:\\\/\\\/www.ocean4future.org\\\/savetheocean\\\/wp-content\\\/uploads\\\/2023\\\/04\\\/logo-ocean3.jpg\",\"width\":472,\"height\":301,\"caption\":\"oceandiver\"},\"logo\":{\"@id\":\"https:\\\/\\\/www.ocean4future.org\\\/savetheocean\\\/wp-content\\\/uploads\\\/2023\\\/04\\\/logo-ocean3.jpg\"}},{\"@type\":\"Person\",\"@id\":\"https:\\\/\\\/www.ocean4future.org\\\/savetheocean\\\/#\\\/schema\\\/person\\\/8f268e05d09f0a406d4ac8c90079d6f2\",\"name\":\"Gabriele Campagnano\",\"image\":{\"@type\":\"ImageObject\",\"inLanguage\":\"it-IT\",\"@id\":\"https:\\\/\\\/secure.gravatar.com\\\/avatar\\\/b59d7eecc86f7aeffd90b535bfd296914b36d6f8aea9e60483c339cadbbad6b2?s=96&d=mm&r=g\",\"url\":\"https:\\\/\\\/secure.gravatar.com\\\/avatar\\\/b59d7eecc86f7aeffd90b535bfd296914b36d6f8aea9e60483c339cadbbad6b2?s=96&d=mm&r=g\",\"contentUrl\":\"https:\\\/\\\/secure.gravatar.com\\\/avatar\\\/b59d7eecc86f7aeffd90b535bfd296914b36d6f8aea9e60483c339cadbbad6b2?s=96&d=mm&r=g\",\"caption\":\"Gabriele Campagnano\"},\"description\":\"Diplomato al Liceo Classico Francesco Vivona di Roma e laureato in Giurisprudenza (indirizzo storico comparatistico), ha esercitato la professione di legale d\u2019azienda prima di dedicarsi alla comunicazione d\u2019impresa e istituzionale. Attualmente \u00e8 Capo Ufficio Stampa del Dipartimento Trasformazione Digitale - Presidenza del Consiglio. Ha conseguito il Master Universitario di 2\u00b0 livello - CMU2 in Scienze Giuridiche presso la LUISS. \u00c8 il fondatore e presidente di Zhistorica e Necrosword. Ha scritto pi\u00f9 di 250 articoli e tre libri: Storia della Presa di Famagosta (2014), I Padroni dell\u2019Acciaio (2017) e Zodd, Alba di Sangue (2018) e\u00a0I Padroni dell\u2019Acciaio 2 \u2013 Gotz von Berlichingen\u00a0(2021)\",\"sameAs\":[\"http:\\\/\\\/www.zweilawyer.com\"],\"url\":\"https:\\\/\\\/www.ocean4future.org\\\/savetheocean\\\/archives\\\/author\\\/gabriele-campagnano\"}]}<\/script>\n<!-- \/ Yoast SEO plugin. -->","yoast_head_json":{"title":"Malta e i Cavalieri: l\u2019Attacco Ottomano a Gozo (1551) - parte II &#8226; OCEAN4FUTURE autore","robots":{"index":"index","follow":"follow","max-snippet":"max-snippet:-1","max-image-preview":"max-image-preview:large","max-video-preview":"max-video-preview:-1"},"canonical":"https:\/\/www.ocean4future.org\/savetheocean\/archives\/70848","og_locale":"it_IT","og_type":"article","og_title":"Malta e i Cavalieri: l\u2019Attacco Ottomano a Gozo (1551) - parte II &#8226; OCEAN4FUTURE autore","og_description":"tempo di lettura:  5 minuti. . ARGOMENTO: STORIA NAVALE PERIODO: XVI SECOLO AREA: MAR MEDITERRANEO parole chiave: Gozo, Ottomani &nbsp; Nella&nbsp;Citt\u00e0 Notabile, gi\u00e0 Mdina, i notabili chiedono con grande smania di ricevere dai Cavalieri&nbsp;un buon pezzo d\u2019artiglieria di bronzo,&nbsp;ma, per un colpo di sfortuna, a met\u00e0 del tragitto si rompe la ruota di un carro. Prima decidono di interrare [&hellip;]","og_url":"https:\/\/www.ocean4future.org\/savetheocean\/archives\/70848","og_site_name":"OCEAN4FUTURE","article_published_time":"2022-03-27T22:01:42+00:00","article_modified_time":"2023-09-30T16:15:44+00:00","og_image":[{"width":925,"height":541,"url":"https:\/\/www.ocean4future.org\/savetheocean\/wp-content\/uploads\/2022\/03\/gozo-1551-.jpg","type":"image\/jpeg"}],"author":"Gabriele Campagnano","twitter_card":"summary_large_image","twitter_creator":"@ocean4future","twitter_site":"@ocean4future","twitter_misc":{"Scritto da":"Gabriele Campagnano","Tempo di lettura stimato":"6 minuti"},"schema":{"@context":"https:\/\/schema.org","@graph":[{"@type":"Article","@id":"https:\/\/www.ocean4future.org\/savetheocean\/archives\/70848#article","isPartOf":{"@id":"https:\/\/www.ocean4future.org\/savetheocean\/archives\/70848"},"author":{"name":"Gabriele Campagnano","@id":"https:\/\/www.ocean4future.org\/savetheocean\/#\/schema\/person\/8f268e05d09f0a406d4ac8c90079d6f2"},"headline":"Malta e i Cavalieri: l\u2019Attacco Ottomano a Gozo (1551) &#8211; parte II","datePublished":"2022-03-27T22:01:42+00:00","dateModified":"2023-09-30T16:15:44+00:00","mainEntityOfPage":{"@id":"https:\/\/www.ocean4future.org\/savetheocean\/archives\/70848"},"wordCount":1241,"commentCount":0,"publisher":{"@id":"https:\/\/www.ocean4future.org\/savetheocean\/#\/schema\/person\/4e1c26437054353074d7bb2efa77162c"},"image":{"@id":"https:\/\/www.ocean4future.org\/savetheocean\/archives\/70848#primaryimage"},"thumbnailUrl":"https:\/\/www.ocean4future.org\/savetheocean\/wp-content\/uploads\/2022\/03\/gozo-1551-.jpg","articleSection":["Storia navale del Medioevo (post 476 d.C. - 1492)"],"inLanguage":"it-IT","potentialAction":[{"@type":"CommentAction","name":"Comment","target":["https:\/\/www.ocean4future.org\/savetheocean\/archives\/70848#respond"]}]},{"@type":"WebPage","@id":"https:\/\/www.ocean4future.org\/savetheocean\/archives\/70848","url":"https:\/\/www.ocean4future.org\/savetheocean\/archives\/70848","name":"Malta e i Cavalieri: l\u2019Attacco Ottomano a Gozo (1551) - parte II &#8226; OCEAN4FUTURE autore","isPartOf":{"@id":"https:\/\/www.ocean4future.org\/savetheocean\/#website"},"primaryImageOfPage":{"@id":"https:\/\/www.ocean4future.org\/savetheocean\/archives\/70848#primaryimage"},"image":{"@id":"https:\/\/www.ocean4future.org\/savetheocean\/archives\/70848#primaryimage"},"thumbnailUrl":"https:\/\/www.ocean4future.org\/savetheocean\/wp-content\/uploads\/2022\/03\/gozo-1551-.jpg","datePublished":"2022-03-27T22:01:42+00:00","dateModified":"2023-09-30T16:15:44+00:00","breadcrumb":{"@id":"https:\/\/www.ocean4future.org\/savetheocean\/archives\/70848#breadcrumb"},"inLanguage":"it-IT","potentialAction":[{"@type":"ReadAction","target":["https:\/\/www.ocean4future.org\/savetheocean\/archives\/70848"]}]},{"@type":"ImageObject","inLanguage":"it-IT","@id":"https:\/\/www.ocean4future.org\/savetheocean\/archives\/70848#primaryimage","url":"https:\/\/www.ocean4future.org\/savetheocean\/wp-content\/uploads\/2022\/03\/gozo-1551-.jpg","contentUrl":"https:\/\/www.ocean4future.org\/savetheocean\/wp-content\/uploads\/2022\/03\/gozo-1551-.jpg","width":925,"height":541},{"@type":"BreadcrumbList","@id":"https:\/\/www.ocean4future.org\/savetheocean\/archives\/70848#breadcrumb","itemListElement":[{"@type":"ListItem","position":1,"name":"Home","item":"https:\/\/www.ocean4future.org\/savetheocean"},{"@type":"ListItem","position":2,"name":"Malta e i Cavalieri: l\u2019Attacco Ottomano a Gozo (1551) &#8211; parte II"}]},{"@type":"WebSite","@id":"https:\/\/www.ocean4future.org\/savetheocean\/#website","url":"https:\/\/www.ocean4future.org\/savetheocean\/","name":"Ocean 4 Future","description":"Per una nuova cultura del mare e della marittimit\u00e0","publisher":{"@id":"https:\/\/www.ocean4future.org\/savetheocean\/#\/schema\/person\/4e1c26437054353074d7bb2efa77162c"},"potentialAction":[{"@type":"SearchAction","target":{"@type":"EntryPoint","urlTemplate":"https:\/\/www.ocean4future.org\/savetheocean\/?s={search_term_string}"},"query-input":{"@type":"PropertyValueSpecification","valueRequired":true,"valueName":"search_term_string"}}],"inLanguage":"it-IT"},{"@type":["Person","Organization"],"@id":"https:\/\/www.ocean4future.org\/savetheocean\/#\/schema\/person\/4e1c26437054353074d7bb2efa77162c","name":"oceandiver","image":{"@type":"ImageObject","inLanguage":"it-IT","@id":"https:\/\/www.ocean4future.org\/savetheocean\/wp-content\/uploads\/2023\/04\/logo-ocean3.jpg","url":"https:\/\/www.ocean4future.org\/savetheocean\/wp-content\/uploads\/2023\/04\/logo-ocean3.jpg","contentUrl":"https:\/\/www.ocean4future.org\/savetheocean\/wp-content\/uploads\/2023\/04\/logo-ocean3.jpg","width":472,"height":301,"caption":"oceandiver"},"logo":{"@id":"https:\/\/www.ocean4future.org\/savetheocean\/wp-content\/uploads\/2023\/04\/logo-ocean3.jpg"}},{"@type":"Person","@id":"https:\/\/www.ocean4future.org\/savetheocean\/#\/schema\/person\/8f268e05d09f0a406d4ac8c90079d6f2","name":"Gabriele Campagnano","image":{"@type":"ImageObject","inLanguage":"it-IT","@id":"https:\/\/secure.gravatar.com\/avatar\/b59d7eecc86f7aeffd90b535bfd296914b36d6f8aea9e60483c339cadbbad6b2?s=96&d=mm&r=g","url":"https:\/\/secure.gravatar.com\/avatar\/b59d7eecc86f7aeffd90b535bfd296914b36d6f8aea9e60483c339cadbbad6b2?s=96&d=mm&r=g","contentUrl":"https:\/\/secure.gravatar.com\/avatar\/b59d7eecc86f7aeffd90b535bfd296914b36d6f8aea9e60483c339cadbbad6b2?s=96&d=mm&r=g","caption":"Gabriele Campagnano"},"description":"Diplomato al Liceo Classico Francesco Vivona di Roma e laureato in Giurisprudenza (indirizzo storico comparatistico), ha esercitato la professione di legale d\u2019azienda prima di dedicarsi alla comunicazione d\u2019impresa e istituzionale. Attualmente \u00e8 Capo Ufficio Stampa del Dipartimento Trasformazione Digitale - Presidenza del Consiglio. Ha conseguito il Master Universitario di 2\u00b0 livello - CMU2 in Scienze Giuridiche presso la LUISS. \u00c8 il fondatore e presidente di Zhistorica e Necrosword. Ha scritto pi\u00f9 di 250 articoli e tre libri: Storia della Presa di Famagosta (2014), I Padroni dell\u2019Acciaio (2017) e Zodd, Alba di Sangue (2018) e\u00a0I Padroni dell\u2019Acciaio 2 \u2013 Gotz von Berlichingen\u00a0(2021)","sameAs":["http:\/\/www.zweilawyer.com"],"url":"https:\/\/www.ocean4future.org\/savetheocean\/archives\/author\/gabriele-campagnano"}]}},"_links":{"self":[{"href":"https:\/\/www.ocean4future.org\/savetheocean\/wp-json\/wp\/v2\/posts\/70848","targetHints":{"allow":["GET"]}}],"collection":[{"href":"https:\/\/www.ocean4future.org\/savetheocean\/wp-json\/wp\/v2\/posts"}],"about":[{"href":"https:\/\/www.ocean4future.org\/savetheocean\/wp-json\/wp\/v2\/types\/post"}],"author":[{"embeddable":true,"href":"https:\/\/www.ocean4future.org\/savetheocean\/wp-json\/wp\/v2\/users\/2366"}],"replies":[{"embeddable":true,"href":"https:\/\/www.ocean4future.org\/savetheocean\/wp-json\/wp\/v2\/comments?post=70848"}],"version-history":[{"count":0,"href":"https:\/\/www.ocean4future.org\/savetheocean\/wp-json\/wp\/v2\/posts\/70848\/revisions"}],"wp:featuredmedia":[{"embeddable":true,"href":"https:\/\/www.ocean4future.org\/savetheocean\/wp-json\/wp\/v2\/media\/70851"}],"wp:attachment":[{"href":"https:\/\/www.ocean4future.org\/savetheocean\/wp-json\/wp\/v2\/media?parent=70848"}],"wp:term":[{"taxonomy":"category","embeddable":true,"href":"https:\/\/www.ocean4future.org\/savetheocean\/wp-json\/wp\/v2\/categories?post=70848"},{"taxonomy":"post_tag","embeddable":true,"href":"https:\/\/www.ocean4future.org\/savetheocean\/wp-json\/wp\/v2\/tags?post=70848"}],"curies":[{"name":"wp","href":"https:\/\/api.w.org\/{rel}","templated":true}]}}