{"id":68911,"date":"2022-02-03T00:01:49","date_gmt":"2022-02-02T23:01:49","guid":{"rendered":"http:\/\/www.ocean4future.org\/savetheocean\/?p=68911"},"modified":"2023-09-30T18:31:21","modified_gmt":"2023-09-30T16:31:21","slug":"margarito-da-brindisi-arcipirata-e-ammiraglio-tra-leggenda-e-storia","status":"publish","type":"post","link":"https:\/\/www.ocean4future.org\/savetheocean\/archives\/68911","title":{"rendered":"Margarito da Brindisi: arcipirata e ammiraglio, tra leggenda e storia"},"content":{"rendered":"<span class=\"span-reading-time rt-reading-time\" style=\"display: block;\"><span class=\"rt-label rt-prefix\">tempo di lettura: <\/span> <span class=\"rt-time\"> 8<\/span> <span class=\"rt-label rt-postfix\">minuti<\/span><\/span><p><span style=\"color: #ffffff;\">.<\/span><\/p>\n<a class=\"maxbutton-4 maxbutton maxbutton-livello-di-comprensione\" href=\"javascript:void(0);\"><span class='mb-text'>livello elementare<\/span><\/a>\n<p><span style=\"color: #ffffff;\">.<\/span><\/p>\n<p><strong><span style=\"color: #008000;\">ARGOMENTO: STORIA NAVALE<\/span><\/strong><br><strong><span style=\"color: #008000;\">PERIODO: XII SECOLO<\/span><\/strong><br><strong><span style=\"color: #008000;\">AREA: MAR MEDITERRANEO<\/span><\/strong><br>parole chiave: pirateria<\/p>\n<p>&nbsp;<\/p>\n<p style=\"text-align: justify;\">Quando, tantissimi anni fa, a Londra con mia moglie \u2013 venezuelana \u2013 diretti a piedi al <em>Royal Observatory Greenwich<\/em> ci imbattemmo in una scuola \u201c<em>Sir Francis Drake Elementary School<\/em>\u201d che, sotto il nome, esibiva un vistoso busto bronzeo. Mia moglie sorridendo esclam\u00f2: \u00ab<strong><em><span style=\"color: #008000;\">\u2019sir\u2019 Francis Drake? In Venezuela \u00e8 Francis Drake \u2018famoso pirata inglese\u2019\u2026 altro che \u2018sir\u2019<\/span><\/em><\/strong>\u00bb.<\/p>\n<p style=\"text-align: justify;\">Ebbene quell\u2019episodio mi \u00e8 inevitabilmente tornato in mente a proposito del nostro <strong><span style=\"color: #008000;\">Margarito da Brindisi<\/span><\/strong>: <strong><span style=\"color: #008000;\">grande ammiraglio o famoso pirata<\/span><span style=\"color: #008000;\">?<\/span><\/strong> Naturalmente noi propendiamo decisamente per la prima accezione, tant\u2019\u00e8 che Brindisi gli ha dedicato, se pur non una scuola, una via!<\/p>\n<p><img decoding=\"async\" src=\"https:\/\/www.ocean4future.org\/savetheocean\/wp-content\/uploads\/2022\/01\/Margarito-il-leggendario-arcipirata-da-Brindisi-D.Stomati.jpg\" alt=\"Questa immagine ha l'attributo alt vuoto; il nome del file \u00e8 Margarito-il-leggendario-arcipirata-da-Brindisi-D.Stomati.jpg\"><\/p>\n<p style=\"text-align: justify;\">Un mio amico brindisino, il dottor <strong><span style=\"color: #008000;\">Dario Stomati<\/span><\/strong>, nel 2013 gli ha dedicato un libro, un bel libro, un romanzo storico intitolato \u2018<strong><span style=\"color: #008000;\">Margarito il leggendario arcipirata da Brindisi<\/span><\/strong>\u2019: \u00ab<strong><em><span style=\"color: #008000;\">Da migliaia di anni, nei caldi tramonti di luglio, le acque del Seno di Ponente si colorano di rosso sanguigno, mentre lambiscono le fiancate delle navi, che dolcemente s&#8217;accostano sicure all&#8217;approdo. E ci piace pensare che questo sia stato anche l&#8217;ultimo saluto a Virgilio morente, mentre gi\u00e0 il suo spirito, dirigendosi verso l&#8217;immortalit\u00e0, lasciava indelebile traccia di s\u00e9 in questo seno. La natura ha voluto che il porto di Brindisi s&#8217;aprisse, offrendosi maternamente ospitale, a tutte le navi che solcano il Basso Adriatico, senza chiedere se a bordo vi siano militari, pacifici viaggiatori, i grandi della Terra, la disperazione di immigrati senza patria, o persino pirati. Da qui prende l&#8217;incipit il romanzo di Dario Stornati, proiettandoci in uno spaccato della storia nel XII secolo, per farci rivivere le gesta del greco Margarito, ammiraglio o pirata poco importa, che seppe dare lustro alla citt\u00e0, che lo aveva accolto e nutrito, amandola al punto da assumerne il nome e identificandosi completamente con essa. Pur alla prima prova da romanziere, l&#8217;autore, utilizzando sapientemente i canoni del romanzo storico, riesce a dare solidit\u00e0 alla ricostruzione della vicenda umana, personale e famigliare, di Margarito da Brindisi, continuamente intrecciandola con gli avvenimenti della Grande Storia.<\/span><\/em><\/strong>\u00bb&nbsp; <strong><span style=\"color: #008000;\">[Damiano Mevoli]<\/span><\/strong>.&nbsp;Lo storico <strong><span style=\"color: #008000;\">Giacomo Carito<\/span><\/strong>, invece, nel novembre dello stesso 2013, al Convegno sull\u2019et\u00e0 federiciana in terra di Brindisi, ha presentato un interessante e documentato lavoro dedicato per intero al nostro \u2013 comunque storico e indubbiamente famoso \u2013 personaggio, vissuto nel XII Secolo e strettamente legato alla storia della citt\u00e0 \u2018<strong><em><span style=\"color: #008000;\">Tra Normanni e Svevi nel regno di Sicilia: Margarito da Brindisi<\/span><\/em><\/strong>\u2019.<\/p>\n<p style=\"text-align: justify;\">Le ipotesi pi\u00f9 accreditate indicano per <strong><span style=\"color: #008000;\">Margarito<\/span> <\/strong>l\u2019origine greca, forse proveniente da <strong><span style=\"color: #008000;\">Megara<\/span><\/strong> nell\u2019Attica da cui il suo nome \u2013 <em>Megareites<\/em>, cio\u00e8 di Megara \u2013 latinizzato in Margarito, per\u00f2 si \u00e8 anche ipotizzato che sia nato a Brindisi \u2013 per cui fu sempre detto <strong><span style=\"color: #008000;\"><em>Margaritus de Brundusio<\/em><\/span><\/strong> \u2013 nel seno di una delle numerose famiglie d\u2019origine bizantina che al tempo vi risiedevano. La matrice leggendaria racconta che molti dei suoi contemporanei ne apprezzarono enormemente le qualit\u00e0 al punto da definirlo <strong><span style=\"color: #008000;\"><em>rex maris<\/em><\/span><\/strong> o <strong><span style=\"color: #008000;\"><em>novus Neptunus<\/em><\/span><\/strong>, mentre fu temutissimo dai suoi nemici che, i pi\u00f9, lo considerarono null\u2019altro che un <strong><span style=\"color: #008000;\">arcipirata<\/span><\/strong>.<\/p>\n<p><img decoding=\"async\" class=\"\" src=\"https:\/\/www.ocean4future.org\/savetheocean\/wp-content\/uploads\/2022\/01\/Margarito-o-Margaritone-da-Brindisi.png\" alt=\"Questa immagine ha l'attributo alt vuoto; il nome del file \u00e8 Margarito-o-Margaritone-da-Brindisi.png\" width=\"630\" height=\"794\"><\/p>\n<p style=\"text-align: justify;\">Nelle cronache della storia invece, <strong><span style=\"color: #008000;\">Margarito<\/span><\/strong> comincia ad essere citato in associazione con la presa di Tessalonica, effettuata il 24 agosto 1185 dalle truppe normanne del <strong><span style=\"color: #008000;\">re di Sicilia Guglielmo II<\/span> <\/strong>e dalla sua flotta comandata dal <strong><span style=\"color: #008000;\">conte di Lecce Tancredi<\/span><\/strong>, ed a tale proposito c\u2019\u00e8 chi fa coincidere <strong><span style=\"color: #008000;\">Margarito<\/span><\/strong> con <strong><span style=\"color: #008000;\">Sifanto<\/span><\/strong>, un corsaro che combatt\u00e9 in prima fila al servizio del re di Sicilia in quell\u2019azione bellica antibizantina. Qualche mese dopo, i Normanni occuparono anche le tre isole ioniche di Zacinto, Cefalonia e Itaca, le quali vennero assegnate in allodio \u2013 cio\u00e8 a titolo di possedimento personale \u2013 proprio a <strong><span style=\"color: #008000;\">Margarito<\/span><\/strong>.<\/p>\n<p style=\"text-align: justify;\">Ma la vera prima grande impresa militare di successo la realizz\u00f2 nell\u2019estate del 1186 sulle coste di Cipro, quando s\u2019impadron\u00ec rocambolescamente di tutte le <strong><span style=\"color: #008000;\">settanta triremi costantinopolitane<\/span><\/strong> che al comando dell\u2019anziano <strong><span style=\"color: #008000;\">Giovanni Contostefano<\/span><\/strong> erano impegnate nella riconquista dell\u2019isola passata sotto il controllo dell\u2019usurpatore <strong><span style=\"color: #008000;\">Isacco Comneno<\/span><\/strong>.<\/p>\n<p style=\"text-align: justify;\"><strong><span style=\"color: #008000;\">Margarito<\/span><\/strong>, gi\u00e0 soprannominato <strong><span style=\"color: #008000;\">Margaritone<\/span><\/strong> per la sua imponente stazza,&nbsp; s\u2019impadron\u00ec delle navi prive degli equipaggi che nel frattempo erano sbarcati e le pot\u00e9 distruggere senza incontrare resistenza; gli stessi equipaggi furono poi catturati e Margarito invi\u00f2 al re Guglielmo II in Sicilia i principali dignitari della flotta bizantina con una grossa parte del bottino: un successo epocale che lo rese subito internazionalmente famoso e per il quale il <strong><span style=\"color: #008000;\">re Guglielmo II<\/span><\/strong> lo titol\u00f2 ufficialmente suo \u2018<strong><span style=\"color: #008000;\">ammiraglio<\/span><\/strong>\u2019.<\/p>\n<p><img decoding=\"async\" src=\"https:\/\/www.ocean4future.org\/savetheocean\/wp-content\/uploads\/2022\/01\/Le-galee-della-flotta-normanna-dellammiraglio-Margarito-da-Brindisi.jpg\" alt=\"Questa immagine ha l'attributo alt vuoto; il nome del file \u00e8 Le-galee-della-flotta-normanna-dellammiraglio-Margarito-da-Brindisi.jpg\"><\/p>\n<p style=\"text-align: justify;\">Il 2 ottobre 1187, al comando della flotta di Sicilia, l\u2019<strong><span style=\"color: #008000;\">ammiraglio Margarito<\/span><\/strong> riusc\u00ec a salvare e portare in Sicilia il patriarca Eraclio con altri cristiani fuggiti da Gerusalemme occupata da Saladino ed in seguito, contribu\u00ec decisivamente affinch\u00e9 i cristiani di Terrasanta sconfitti, riuscissero a conservare perlomeno il controllo di Tiro, Tripoli e Antiochia, obbligando di fatto Saladino a rinunciare alla loro conquista.<\/p>\n<p style=\"text-align: justify;\">Dopo la morte del re Guglielmo II e l\u2019ascesa nel gennaio del 1190 di <strong><span style=\"color: #008000;\">Tancredi d\u2019Altavilla<\/span><\/strong> sul trono di Sicilia, <strong><span style=\"color: #008000;\">Margarito<\/span><\/strong>, che a quella elezione ed al successivo sostegno armato del re normanno contro le pretese dell\u2019imperatore <strong><span style=\"color: #008000;\">Enrico VI di Svevia<\/span> <\/strong>aveva contribuito attivamente \u2013 con la sua flotta nell\u2019autunno del 1191 aveva addirittura intercettato e fatto prigioniera <strong><span style=\"color: #008000;\">Costanza d\u2019Altavilla<\/span><\/strong>, moglie di Enrico VI e futura madre di Federico II \u2013 fu nominato dal novello re conte di Malta, ricevendo l\u2019investitura feudale dell\u2019arcipelago maltese.<\/p>\n<p style=\"text-align: justify;\">In quegli anni, l\u2019<strong><span style=\"color: #008000;\">ammiraglio Margarito<\/span><\/strong> spesso soggiornava a Messina, il pi\u00f9 importante porto militare normanno in Sicilia, e l\u00ec si era costruito un fastoso palazzo dove, a fine di settembre del 1190, ospit\u00f2 il <strong><span style=\"color: #008000;\">re Riccardo Cuor di Leone<\/span> <\/strong>in sosta prima dell\u2019imbarco per la terza crociata. E poco tempo dopo a Brindisi \u2013 il pi\u00f9 importante punto d\u2019appoggio continentale della flotta del regno \u2013 dove <strong><span style=\"color: #008000;\">Margarito<\/span><\/strong> risiedeva prevalentemente e dove possedeva una ancor pi\u00f9 lussuosa dimora, nel febbraio 1191 fu ospitata la madre dello stesso re Riccardo, <strong><span style=\"color: #008000;\">Eleonora d\u2019Aquitania<\/span><\/strong>, e la sua promessa sposa, <strong><span style=\"color: #008000;\">Berengaria di Navarra<\/span><\/strong><span style=\"color: #000000;\">. Questo<\/span> prima che Berengaria, verso i primi di aprile, salpasse per la Terrasanta per poi raggiungere Cipro, dove il 12 maggio celebr\u00f2 il suo matrimonio con il re.<\/p>\n<p style=\"text-align: justify;\">Quella sfarzosa domus brindisina di Margarito fu molto celebre: fornita di bagni, giardini, forni e altri servizi accessori e con diretto accesso alle cale portuali, era nei pressi della rocca normanna. Nel 1215 fu da Federico II concessa all\u2019Ordine Teutonico, eccezion fatta per i locali utilizzati per l\u2019officina della zecca e per l\u2019ufficio del gabelliere. Poi, nel 1229, Federico II riacquist\u00f2 dai Teutonici la domus Margariti con le sue pertinenze, per ricomporne l\u2019integrit\u00e0 e destinarla tutta ai servizi di Stato.<\/p>\n<p style=\"text-align: justify;\">Il pontefice <strong><span style=\"color: #008000;\">Innocenzo IV<\/span><\/strong>, scomunicato lo svevo <strong><span style=\"color: #008000;\">Federico II<\/span><\/strong>, dispose della domus assegnandola nel 1247 al suo partitario otrantino <strong><span style=\"color: #008000;\">Riccardo di Maramonte<\/span><\/strong>. Il papa <strong><span style=\"color: #008000;\">Alessandro IV<\/span><\/strong> nel 1257, invece, regnando il nemico svevo <strong><span style=\"color: #008000;\">Manfredi<\/span> <\/strong>la concesse, virtualmente perch\u00e9 di fatto non ne disponeva, a Zaccaria, Nicola e Bibulo, i tre figli di <strong><span style=\"color: #008000;\">Sergio Bibulo<\/span><\/strong> che era stato fatto uccidere da Manfredi. Nel 1284 infine, il re <strong><span style=\"color: #008000;\">Carlo d\u2019Angi\u00f2<\/span><\/strong>, trasferita in una nuova sede la zecca, don\u00f2 ai frati Minori sia quella che era stata la casa di Margarito che l\u2019adiacente area su cui era stata la rocca normanna, perch\u00e9 vi edificassero il convento e l\u2019annessa chiesa, tuttora esistente, la chiesa di San Paolo eremita.<\/p>\n<p style=\"text-align: justify;\">Dato che durante gli ultimi anni di regno del re Tancredi non si verificarono conflitti militari di rilievo contro l\u2019imperatore Enrico VI, e visto che quel re di Sicilia aveva anche rinunciato a proseguire l\u2019attiva politica mediterranea antibizantina dei suoi predecessori, la flotta di <strong><span style=\"color: #008000;\">Margarito da Brindisi<\/span><\/strong> non ebbe molto che guerreggiare e cos\u00ec, il potente ammiraglio si dedic\u00f2 soprattutto all\u2019amministrazione dei suoi feudi e fece ripetute donazioni a chiese e monasteri \u2013 forse per far dimenticare, o magari per farsi perdonare, quel suo rocambolesco passato da pirata. Particolarmente favorito fu il monastero di San Nicola di Paratico, a cui tra il 1192 e il 1194 don\u00f2 vari terreni nel territorio di Policoro e Colobraro.<\/p>\n<p><img decoding=\"async\" class=\"\" src=\"https:\/\/www.ocean4future.org\/savetheocean\/wp-content\/uploads\/2022\/01\/Firma-di-Margarito-a-forma-di-vascello.png\" alt=\"Questa immagine ha l'attributo alt vuoto; il nome del file \u00e8 Firma-di-Margarito-a-forma-di-vascello.png\" width=\"626\" height=\"379\"><\/p>\n<p style=\"text-align: justify;\">Un\u2019ulteriore donazione, del settembre 1193, riguard\u00f2 il famoso <strong><span style=\"color: #008000;\">Archimandritato di San Salvatore<\/span><\/strong> a Messina al quale egli assegn\u00f2 tutte le entrate del casale Cremastro a Calatabiano. Mentre a Brindisi in quegli stessi anni don\u00f2 alla Chiesa tre suoi edifici siti nei pressi del porto e finanzi\u00f2 la costruzione del convento con la chiesa di Santa Maria del Ponte Parvo e due altre piccole chiese, di Santa Margherita e San Demetrio, che furono sottoposte allo stesso convento nel quale si insediarono in nutrito gruppo premostratensi seguaci di San Agostino provenienti da San Manuele di Barletta.<\/p>\n<p style=\"text-align: justify;\">Dopo la morte di <strong><span style=\"color: #008000;\">Tancredi<\/span><\/strong>, l\u2019<strong><span style=\"color: #008000;\">imperatore Enrico VI<\/span><\/strong>, che non aveva mai rinunciato a rivendicare il trono di Sicilia a nome di sua moglie, la normanna <strong><span style=\"color: #008000;\">Costanza d\u2019Altavilla<\/span><\/strong>, entr\u00f2 a Palermo il 21 novembre del 1194 ricevendo il castello del porto senza incontrare resistenza alcuna da parte di <strong><span style=\"color: #008000;\">Margarito,<\/span><\/strong> che inevitabilmente cadde presto in disgrazia.<\/p>\n<figure style=\"width: 620px\" class=\"wp-caption alignnone\"><img decoding=\"async\" src=\"https:\/\/www.ocean4future.org\/savetheocean\/wp-content\/uploads\/2022\/01\/margarito-cospirazione-di-Sibylla-di-Acerra.jpg\" alt=\"Questa immagine ha l'attributo alt vuoto; il nome del file \u00e8 margarito-cospirazione-di-Sibylla-di-Acerra.jpg\" width=\"620\" height=\"558\"><figcaption class=\"wp-caption-text\"><strong><span style=\"color: #008000;\">Nei patti della resa di Palermo, Margarito ottenne che la citt\u00e0 non venisse saccheggiata dai conquistatori e che fossero rispettate le vite di&nbsp;Sibilla di Acerra, vedova di Tancredi, e dei suoi figli. Tuttavia quattro giorni dopo l&#8217;incoronazione di Enrico VI (Natale 1194), Sibilla e i suoi figli con altri notabili della corte normanna (tra i quali Margarito), furono accusati di un complotto ai danni di Enrico e inviati in Germania. Miniatura di Margarito con Sibilla di Acerra e i presunti cospiratori contro Enrico VI.&nbsp;&nbsp;<\/span><\/strong><\/figcaption><\/figure>\n<p style=\"text-align: justify;\"><strong><span style=\"color: #008000;\">Margarito<\/span><\/strong>&nbsp;perse subito la contea di Malta, assegnata dall\u2019imperatore all\u2019alleato genovese <strong><span style=\"color: #008000;\">Guglielmo Grasso<\/span><\/strong>, e le isole greche di Cefalonia Zacinto e Itaca tornate ai Bizantini; quindi perse anche ogni altra propriet\u00e0 e privilegio finch\u00e9, accusato a torto o a ragione di aver partecipato nella primavera del 1197 ad una supposta congiura con <strong><span style=\"color: #008000;\">Sibilla di Acerra<\/span><\/strong> contro l\u2019imperatore, fu da questi fatto imprigionare, accecare ed evirare. Infine, fu deportato a Treviri dove, in una qualche data anteriore all\u2019anno 1205, avrebbe cessato di vivere.<\/p>\n<p style=\"text-align: justify;\">\u00ab<strong><span style=\"color: #008000;\"><em>Margarito fu personalit\u00e0 non marginale nel tempo in cui ebbe la ventura di vivere e, al tempo stesso, aggiunge aura di leggenda e favola alla citt\u00e0. Il racconto storico si fa mito e intreccio avvincente, sostrato di quella memoria condivisa ancor oggi insussistente. Brindisi si \u00e8 costruita, decostruita e ricostruita per secoli sullo stesso sito; alla persistenza dei luoghi non si \u00e8 per\u00f2 accompagnata quella della popolazione che a quei luoghi avrebbe bisogno di dar significanza<\/em>.<\/span><\/strong>\u00bb [<strong><span style=\"color: #008000;\"><em>Giacomo Carito, 2013<\/em><\/span><\/strong>]<\/p>\n<p><strong><span style=\"color: #008000;\">Gianfranco Perri<\/span><\/strong><\/p>\n<p>&nbsp;<\/p>\n<p><strong><span style=\"color: #008000;\">BIBLIOGRAFIA<\/span><\/strong><\/p>\n<p>Membola G. <em>Margarito audace uomo d\u2019armi e Brindisino illustre<\/em> in il7Magazine n.48 Brindisi, 2018<\/p>\n<p>Stomati D. <em>Margarito il leggendario arcipirata da Brindisi<\/em> Lupo Editore, 2013<\/p>\n<p>Carito G. <em>Tra normanni e svevi nel regno di Sicilia: Margarito da Brindisi <\/em>in Federico II e le nozze di Oriente e Occidente. L\u2019et\u00e0 federiciana in terra di Brindisi, 2013<\/p>\n<p>Moscardino G. <em>Margarito o Margaritone da Brindisi<\/em> Bari, 1946<\/p>\n<p>Antonucci G. <em>Margarito da Brindisi<\/em> in Archivio storico per la Calabria e Lucania, 1934<\/p>\n<p>Francioso R. <em>Margaritus de Brundisio<\/em>, in Rassegna pugliese di scienze, lettere ed arti, 1902<\/p>\n<p>Lezzi G.B. <em>Margarito o Margaritone da Brindisi<\/em>, in Biografia degli uomini illustri del regno di Napoli ornata de\u2019 loro rispettivi ritratti, Napoli 1819<\/p>\n<p>&nbsp;<\/p>\n<p>&nbsp;<\/p>\n<p><a class=\"maxbutton-27 maxbutton maxbutton-un-regalo-per-te\" href=\"https:\/\/www.primevideo.com\/offers\/ref=atv_nb_lcl_it_IT?tag=amazon0e150-21 Italia\"><span class='mb-text'>Una sorpresa per te su Amazon Music unlimited<\/span><\/a>&nbsp;&nbsp; <a class=\"maxbutton-28 maxbutton maxbutton-amazon-prime\" title=\"Scopri i vantaggi di Amazon Prime\" href=\"javascript:void(0);\"><span class='mb-text'>Scopri i vantaggi di Amazon Prime<\/span><\/a><\/p>\n<p>&nbsp;<\/p>\n<p style=\"text-align: justify;\">Alcune delle foto presenti in questo blog possono essere state prese dal web, citandone ove possibile gli autori e\/o le fonti. Se qualcuno desiderasse specificarne l\u2019autore o rimuoverle, pu\u00f2 scrivere a infoocean4future@gmail.com e provvederemo immediatamente alla correzione dell\u2019articolo<\/p>\n<p>&nbsp;<\/p>\n<a class=\"maxbutton-3 maxbutton maxbutton-pagina-principale\" target=\"_blank\" title=\"tooltip\" rel=\"nofollow noopener\" href=\"http:\/\/www.ocean4future.org\"><span class='mb-text'>PAGINA PRINCIPALE<\/span><\/a>\n\n\n<p><\/p>\n","protected":false},"excerpt":{"rendered":"<p><span class=\"span-reading-time rt-reading-time\" style=\"display: block;\"><span class=\"rt-label rt-prefix\">tempo di lettura: <\/span> <span class=\"rt-time\"> 8<\/span> <span class=\"rt-label rt-postfix\">minuti<\/span><\/span>. . ARGOMENTO: STORIA NAVALEPERIODO: XII SECOLOAREA: MAR MEDITERRANEOparole chiave: pirateria &nbsp; Quando, tantissimi anni fa, a Londra con mia moglie \u2013 venezuelana \u2013 diretti a piedi al Royal Observatory Greenwich ci imbattemmo in una scuola \u201cSir Francis Drake Elementary School\u201d che, sotto il nome, esibiva un vistoso busto bronzeo. Mia moglie sorridendo esclam\u00f2: \u00ab\u2019sir\u2019 [&hellip;]<\/p>\n","protected":false},"author":2429,"featured_media":68916,"comment_status":"open","ping_status":"open","sticky":false,"template":"","format":"standard","meta":{"_acf_changed":false,"_monsterinsights_skip_tracking":false,"_monsterinsights_sitenote_active":false,"_monsterinsights_sitenote_note":"","_monsterinsights_sitenote_category":0,"footnotes":""},"categories":[2317],"tags":[],"class_list":["post-68911","post","type-post","status-publish","format-standard","has-post-thumbnail","hentry","category-medioevo"],"acf":[],"yoast_head":"<!-- This site is optimized with the Yoast SEO plugin v27.4 - https:\/\/yoast.com\/product\/yoast-seo-wordpress\/ -->\n<title>Margarito da Brindisi: arcipirata e ammiraglio, tra leggenda e storia &#8226; OCEAN4FUTURE autore<\/title>\n<meta name=\"robots\" content=\"index, follow, max-snippet:-1, max-image-preview:large, max-video-preview:-1\" \/>\n<link rel=\"canonical\" href=\"https:\/\/www.ocean4future.org\/savetheocean\/archives\/68911\" \/>\n<meta property=\"og:locale\" content=\"it_IT\" \/>\n<meta property=\"og:type\" content=\"article\" \/>\n<meta property=\"og:title\" content=\"Margarito da Brindisi: arcipirata e ammiraglio, tra leggenda e storia &#8226; OCEAN4FUTURE autore\" \/>\n<meta property=\"og:description\" content=\"tempo di lettura:  8 minuti. . ARGOMENTO: STORIA NAVALEPERIODO: XII SECOLOAREA: MAR MEDITERRANEOparole chiave: pirateria &nbsp; Quando, tantissimi anni fa, a Londra con mia moglie \u2013 venezuelana \u2013 diretti a piedi al Royal Observatory Greenwich ci imbattemmo in una scuola \u201cSir Francis Drake Elementary School\u201d che, sotto il nome, esibiva un vistoso busto bronzeo. Mia moglie sorridendo esclam\u00f2: \u00ab\u2019sir\u2019 [&hellip;]\" \/>\n<meta property=\"og:url\" content=\"https:\/\/www.ocean4future.org\/savetheocean\/archives\/68911\" \/>\n<meta property=\"og:site_name\" content=\"OCEAN4FUTURE\" \/>\n<meta property=\"article:published_time\" content=\"2022-02-02T23:01:49+00:00\" \/>\n<meta property=\"article:modified_time\" content=\"2023-09-30T16:31:21+00:00\" \/>\n<meta property=\"og:image\" content=\"https:\/\/www.ocean4future.org\/savetheocean\/wp-content\/uploads\/2022\/01\/Le-galee-della-flotta-normanna-dellammiraglio-Margarito-da-Brindisi.jpg\" \/>\n\t<meta property=\"og:image:width\" content=\"631\" \/>\n\t<meta property=\"og:image:height\" content=\"360\" \/>\n\t<meta property=\"og:image:type\" content=\"image\/jpeg\" \/>\n<meta name=\"author\" content=\"Gianfranco Perri\" \/>\n<meta name=\"twitter:card\" content=\"summary_large_image\" \/>\n<meta name=\"twitter:creator\" content=\"@ocean4future\" \/>\n<meta name=\"twitter:site\" content=\"@ocean4future\" \/>\n<meta name=\"twitter:label1\" content=\"Scritto da\" \/>\n\t<meta name=\"twitter:data1\" content=\"Gianfranco Perri\" \/>\n\t<meta name=\"twitter:label2\" content=\"Tempo di lettura stimato\" \/>\n\t<meta name=\"twitter:data2\" content=\"10 minuti\" \/>\n<script type=\"application\/ld+json\" class=\"yoast-schema-graph\">{\"@context\":\"https:\\\/\\\/schema.org\",\"@graph\":[{\"@type\":\"Article\",\"@id\":\"https:\\\/\\\/www.ocean4future.org\\\/savetheocean\\\/archives\\\/68911#article\",\"isPartOf\":{\"@id\":\"https:\\\/\\\/www.ocean4future.org\\\/savetheocean\\\/archives\\\/68911\"},\"author\":{\"name\":\"Gianfranco Perri\",\"@id\":\"https:\\\/\\\/www.ocean4future.org\\\/savetheocean\\\/#\\\/schema\\\/person\\\/2807aad6351c9429df20d5d07ee045f3\"},\"headline\":\"Margarito da Brindisi: arcipirata e ammiraglio, tra leggenda e storia\",\"datePublished\":\"2022-02-02T23:01:49+00:00\",\"dateModified\":\"2023-09-30T16:31:21+00:00\",\"mainEntityOfPage\":{\"@id\":\"https:\\\/\\\/www.ocean4future.org\\\/savetheocean\\\/archives\\\/68911\"},\"wordCount\":1914,\"commentCount\":0,\"publisher\":{\"@id\":\"https:\\\/\\\/www.ocean4future.org\\\/savetheocean\\\/#\\\/schema\\\/person\\\/4e1c26437054353074d7bb2efa77162c\"},\"image\":{\"@id\":\"https:\\\/\\\/www.ocean4future.org\\\/savetheocean\\\/archives\\\/68911#primaryimage\"},\"thumbnailUrl\":\"https:\\\/\\\/www.ocean4future.org\\\/savetheocean\\\/wp-content\\\/uploads\\\/2022\\\/01\\\/Le-galee-della-flotta-normanna-dellammiraglio-Margarito-da-Brindisi.jpg\",\"articleSection\":[\"Storia navale del Medioevo (post 476 d.C. - 1492)\"],\"inLanguage\":\"it-IT\",\"potentialAction\":[{\"@type\":\"CommentAction\",\"name\":\"Comment\",\"target\":[\"https:\\\/\\\/www.ocean4future.org\\\/savetheocean\\\/archives\\\/68911#respond\"]}]},{\"@type\":\"WebPage\",\"@id\":\"https:\\\/\\\/www.ocean4future.org\\\/savetheocean\\\/archives\\\/68911\",\"url\":\"https:\\\/\\\/www.ocean4future.org\\\/savetheocean\\\/archives\\\/68911\",\"name\":\"Margarito da Brindisi: arcipirata e ammiraglio, tra leggenda e storia &#8226; OCEAN4FUTURE autore\",\"isPartOf\":{\"@id\":\"https:\\\/\\\/www.ocean4future.org\\\/savetheocean\\\/#website\"},\"primaryImageOfPage\":{\"@id\":\"https:\\\/\\\/www.ocean4future.org\\\/savetheocean\\\/archives\\\/68911#primaryimage\"},\"image\":{\"@id\":\"https:\\\/\\\/www.ocean4future.org\\\/savetheocean\\\/archives\\\/68911#primaryimage\"},\"thumbnailUrl\":\"https:\\\/\\\/www.ocean4future.org\\\/savetheocean\\\/wp-content\\\/uploads\\\/2022\\\/01\\\/Le-galee-della-flotta-normanna-dellammiraglio-Margarito-da-Brindisi.jpg\",\"datePublished\":\"2022-02-02T23:01:49+00:00\",\"dateModified\":\"2023-09-30T16:31:21+00:00\",\"breadcrumb\":{\"@id\":\"https:\\\/\\\/www.ocean4future.org\\\/savetheocean\\\/archives\\\/68911#breadcrumb\"},\"inLanguage\":\"it-IT\",\"potentialAction\":[{\"@type\":\"ReadAction\",\"target\":[\"https:\\\/\\\/www.ocean4future.org\\\/savetheocean\\\/archives\\\/68911\"]}]},{\"@type\":\"ImageObject\",\"inLanguage\":\"it-IT\",\"@id\":\"https:\\\/\\\/www.ocean4future.org\\\/savetheocean\\\/archives\\\/68911#primaryimage\",\"url\":\"https:\\\/\\\/www.ocean4future.org\\\/savetheocean\\\/wp-content\\\/uploads\\\/2022\\\/01\\\/Le-galee-della-flotta-normanna-dellammiraglio-Margarito-da-Brindisi.jpg\",\"contentUrl\":\"https:\\\/\\\/www.ocean4future.org\\\/savetheocean\\\/wp-content\\\/uploads\\\/2022\\\/01\\\/Le-galee-della-flotta-normanna-dellammiraglio-Margarito-da-Brindisi.jpg\",\"width\":631,\"height\":360},{\"@type\":\"BreadcrumbList\",\"@id\":\"https:\\\/\\\/www.ocean4future.org\\\/savetheocean\\\/archives\\\/68911#breadcrumb\",\"itemListElement\":[{\"@type\":\"ListItem\",\"position\":1,\"name\":\"Home\",\"item\":\"https:\\\/\\\/www.ocean4future.org\\\/savetheocean\"},{\"@type\":\"ListItem\",\"position\":2,\"name\":\"Margarito da Brindisi: arcipirata e ammiraglio, tra leggenda e storia\"}]},{\"@type\":\"WebSite\",\"@id\":\"https:\\\/\\\/www.ocean4future.org\\\/savetheocean\\\/#website\",\"url\":\"https:\\\/\\\/www.ocean4future.org\\\/savetheocean\\\/\",\"name\":\"Ocean 4 Future\",\"description\":\"Per una nuova cultura del mare e della marittimit\u00e0\",\"publisher\":{\"@id\":\"https:\\\/\\\/www.ocean4future.org\\\/savetheocean\\\/#\\\/schema\\\/person\\\/4e1c26437054353074d7bb2efa77162c\"},\"potentialAction\":[{\"@type\":\"SearchAction\",\"target\":{\"@type\":\"EntryPoint\",\"urlTemplate\":\"https:\\\/\\\/www.ocean4future.org\\\/savetheocean\\\/?s={search_term_string}\"},\"query-input\":{\"@type\":\"PropertyValueSpecification\",\"valueRequired\":true,\"valueName\":\"search_term_string\"}}],\"inLanguage\":\"it-IT\"},{\"@type\":[\"Person\",\"Organization\"],\"@id\":\"https:\\\/\\\/www.ocean4future.org\\\/savetheocean\\\/#\\\/schema\\\/person\\\/4e1c26437054353074d7bb2efa77162c\",\"name\":\"oceandiver\",\"image\":{\"@type\":\"ImageObject\",\"inLanguage\":\"it-IT\",\"@id\":\"https:\\\/\\\/www.ocean4future.org\\\/savetheocean\\\/wp-content\\\/uploads\\\/2023\\\/04\\\/logo-ocean3.jpg\",\"url\":\"https:\\\/\\\/www.ocean4future.org\\\/savetheocean\\\/wp-content\\\/uploads\\\/2023\\\/04\\\/logo-ocean3.jpg\",\"contentUrl\":\"https:\\\/\\\/www.ocean4future.org\\\/savetheocean\\\/wp-content\\\/uploads\\\/2023\\\/04\\\/logo-ocean3.jpg\",\"width\":472,\"height\":301,\"caption\":\"oceandiver\"},\"logo\":{\"@id\":\"https:\\\/\\\/www.ocean4future.org\\\/savetheocean\\\/wp-content\\\/uploads\\\/2023\\\/04\\\/logo-ocean3.jpg\"}},{\"@type\":\"Person\",\"@id\":\"https:\\\/\\\/www.ocean4future.org\\\/savetheocean\\\/#\\\/schema\\\/person\\\/2807aad6351c9429df20d5d07ee045f3\",\"name\":\"Gianfranco Perri\",\"image\":{\"@type\":\"ImageObject\",\"inLanguage\":\"it-IT\",\"@id\":\"https:\\\/\\\/secure.gravatar.com\\\/avatar\\\/25132120ae1b86613a98dd3b8dd2ef1c50406ce2b2bde10cad3ff57315421dc0?s=96&d=mm&r=g\",\"url\":\"https:\\\/\\\/secure.gravatar.com\\\/avatar\\\/25132120ae1b86613a98dd3b8dd2ef1c50406ce2b2bde10cad3ff57315421dc0?s=96&d=mm&r=g\",\"contentUrl\":\"https:\\\/\\\/secure.gravatar.com\\\/avatar\\\/25132120ae1b86613a98dd3b8dd2ef1c50406ce2b2bde10cad3ff57315421dc0?s=96&d=mm&r=g\",\"caption\":\"Gianfranco Perri\"},\"description\":\"nato a Brindisi il 21 settembre 1951, nel 1974 ha ottenuto la laurea in Ingegneria Mineraria \u00a8con Lode\u00a8 nel Politecnico di Torino dove ha anche esercitato la docenza. Attualmente \u00e8 docente di \u201cProgettazione di gallerie\u201d presso l\u2019Universit\u00e0 Centrale del Venezuela di Caracas. \u00c8 consulente e progettista di opere sotterranee nei vari paesi del Centro e del Sud America. Ha pubblicato due libri sulla progettazione di gallerie e un centinaio di paper tecnici e scientifici, in spagnolo, italiano ed inglese, la maggior parte dei quali presentati in convegni internazionali in molte regioni del mondo. Nel 2009 a Bari, ha ricevuto il Premio Internazionale \u201cPugliesi nel Mondo\u201d e nel 2010 dall\u2019Universit\u00e0 degli Studi di Foggia, \u00e8 stato incluso tra i \u201cPugliesi illustri nel mondo\u201d.\u00a0 E' anche un appassionato studioso e impegnato divulgatore della storia di Brindisi sulla quale ha scritto diversi libri e saggi pubblicando molti articoli sul quotidiano \u201cSenzacolonne\u201d e sul settimanale \u201cil7 Magazine\u201d di Brindisi. Dal 2013 ha attivo il Blog \u201cVia da Brindisi\u201d sul giornale online \u201cSenza Colonne News\u201d. Ha anche pubblicati i suoi lavori, a stampa o online sulle pagine web www.fondazioneterradotranto.it www.academia.edu e www.brindisiweb.it\",\"sameAs\":[\"http:\\\/\\\/www.gianfrancoperri.net\"],\"url\":\"https:\\\/\\\/www.ocean4future.org\\\/savetheocean\\\/archives\\\/author\\\/gianfranco-perri\"}]}<\/script>\n<!-- \/ Yoast SEO plugin. -->","yoast_head_json":{"title":"Margarito da Brindisi: arcipirata e ammiraglio, tra leggenda e storia &#8226; OCEAN4FUTURE autore","robots":{"index":"index","follow":"follow","max-snippet":"max-snippet:-1","max-image-preview":"max-image-preview:large","max-video-preview":"max-video-preview:-1"},"canonical":"https:\/\/www.ocean4future.org\/savetheocean\/archives\/68911","og_locale":"it_IT","og_type":"article","og_title":"Margarito da Brindisi: arcipirata e ammiraglio, tra leggenda e storia &#8226; OCEAN4FUTURE autore","og_description":"tempo di lettura:  8 minuti. . ARGOMENTO: STORIA NAVALEPERIODO: XII SECOLOAREA: MAR MEDITERRANEOparole chiave: pirateria &nbsp; Quando, tantissimi anni fa, a Londra con mia moglie \u2013 venezuelana \u2013 diretti a piedi al Royal Observatory Greenwich ci imbattemmo in una scuola \u201cSir Francis Drake Elementary School\u201d che, sotto il nome, esibiva un vistoso busto bronzeo. Mia moglie sorridendo esclam\u00f2: \u00ab\u2019sir\u2019 [&hellip;]","og_url":"https:\/\/www.ocean4future.org\/savetheocean\/archives\/68911","og_site_name":"OCEAN4FUTURE","article_published_time":"2022-02-02T23:01:49+00:00","article_modified_time":"2023-09-30T16:31:21+00:00","og_image":[{"width":631,"height":360,"url":"https:\/\/www.ocean4future.org\/savetheocean\/wp-content\/uploads\/2022\/01\/Le-galee-della-flotta-normanna-dellammiraglio-Margarito-da-Brindisi.jpg","type":"image\/jpeg"}],"author":"Gianfranco Perri","twitter_card":"summary_large_image","twitter_creator":"@ocean4future","twitter_site":"@ocean4future","twitter_misc":{"Scritto da":"Gianfranco Perri","Tempo di lettura stimato":"10 minuti"},"schema":{"@context":"https:\/\/schema.org","@graph":[{"@type":"Article","@id":"https:\/\/www.ocean4future.org\/savetheocean\/archives\/68911#article","isPartOf":{"@id":"https:\/\/www.ocean4future.org\/savetheocean\/archives\/68911"},"author":{"name":"Gianfranco Perri","@id":"https:\/\/www.ocean4future.org\/savetheocean\/#\/schema\/person\/2807aad6351c9429df20d5d07ee045f3"},"headline":"Margarito da Brindisi: arcipirata e ammiraglio, tra leggenda e storia","datePublished":"2022-02-02T23:01:49+00:00","dateModified":"2023-09-30T16:31:21+00:00","mainEntityOfPage":{"@id":"https:\/\/www.ocean4future.org\/savetheocean\/archives\/68911"},"wordCount":1914,"commentCount":0,"publisher":{"@id":"https:\/\/www.ocean4future.org\/savetheocean\/#\/schema\/person\/4e1c26437054353074d7bb2efa77162c"},"image":{"@id":"https:\/\/www.ocean4future.org\/savetheocean\/archives\/68911#primaryimage"},"thumbnailUrl":"https:\/\/www.ocean4future.org\/savetheocean\/wp-content\/uploads\/2022\/01\/Le-galee-della-flotta-normanna-dellammiraglio-Margarito-da-Brindisi.jpg","articleSection":["Storia navale del Medioevo (post 476 d.C. - 1492)"],"inLanguage":"it-IT","potentialAction":[{"@type":"CommentAction","name":"Comment","target":["https:\/\/www.ocean4future.org\/savetheocean\/archives\/68911#respond"]}]},{"@type":"WebPage","@id":"https:\/\/www.ocean4future.org\/savetheocean\/archives\/68911","url":"https:\/\/www.ocean4future.org\/savetheocean\/archives\/68911","name":"Margarito da Brindisi: arcipirata e ammiraglio, tra leggenda e storia &#8226; OCEAN4FUTURE autore","isPartOf":{"@id":"https:\/\/www.ocean4future.org\/savetheocean\/#website"},"primaryImageOfPage":{"@id":"https:\/\/www.ocean4future.org\/savetheocean\/archives\/68911#primaryimage"},"image":{"@id":"https:\/\/www.ocean4future.org\/savetheocean\/archives\/68911#primaryimage"},"thumbnailUrl":"https:\/\/www.ocean4future.org\/savetheocean\/wp-content\/uploads\/2022\/01\/Le-galee-della-flotta-normanna-dellammiraglio-Margarito-da-Brindisi.jpg","datePublished":"2022-02-02T23:01:49+00:00","dateModified":"2023-09-30T16:31:21+00:00","breadcrumb":{"@id":"https:\/\/www.ocean4future.org\/savetheocean\/archives\/68911#breadcrumb"},"inLanguage":"it-IT","potentialAction":[{"@type":"ReadAction","target":["https:\/\/www.ocean4future.org\/savetheocean\/archives\/68911"]}]},{"@type":"ImageObject","inLanguage":"it-IT","@id":"https:\/\/www.ocean4future.org\/savetheocean\/archives\/68911#primaryimage","url":"https:\/\/www.ocean4future.org\/savetheocean\/wp-content\/uploads\/2022\/01\/Le-galee-della-flotta-normanna-dellammiraglio-Margarito-da-Brindisi.jpg","contentUrl":"https:\/\/www.ocean4future.org\/savetheocean\/wp-content\/uploads\/2022\/01\/Le-galee-della-flotta-normanna-dellammiraglio-Margarito-da-Brindisi.jpg","width":631,"height":360},{"@type":"BreadcrumbList","@id":"https:\/\/www.ocean4future.org\/savetheocean\/archives\/68911#breadcrumb","itemListElement":[{"@type":"ListItem","position":1,"name":"Home","item":"https:\/\/www.ocean4future.org\/savetheocean"},{"@type":"ListItem","position":2,"name":"Margarito da Brindisi: arcipirata e ammiraglio, tra leggenda e storia"}]},{"@type":"WebSite","@id":"https:\/\/www.ocean4future.org\/savetheocean\/#website","url":"https:\/\/www.ocean4future.org\/savetheocean\/","name":"Ocean 4 Future","description":"Per una nuova cultura del mare e della marittimit\u00e0","publisher":{"@id":"https:\/\/www.ocean4future.org\/savetheocean\/#\/schema\/person\/4e1c26437054353074d7bb2efa77162c"},"potentialAction":[{"@type":"SearchAction","target":{"@type":"EntryPoint","urlTemplate":"https:\/\/www.ocean4future.org\/savetheocean\/?s={search_term_string}"},"query-input":{"@type":"PropertyValueSpecification","valueRequired":true,"valueName":"search_term_string"}}],"inLanguage":"it-IT"},{"@type":["Person","Organization"],"@id":"https:\/\/www.ocean4future.org\/savetheocean\/#\/schema\/person\/4e1c26437054353074d7bb2efa77162c","name":"oceandiver","image":{"@type":"ImageObject","inLanguage":"it-IT","@id":"https:\/\/www.ocean4future.org\/savetheocean\/wp-content\/uploads\/2023\/04\/logo-ocean3.jpg","url":"https:\/\/www.ocean4future.org\/savetheocean\/wp-content\/uploads\/2023\/04\/logo-ocean3.jpg","contentUrl":"https:\/\/www.ocean4future.org\/savetheocean\/wp-content\/uploads\/2023\/04\/logo-ocean3.jpg","width":472,"height":301,"caption":"oceandiver"},"logo":{"@id":"https:\/\/www.ocean4future.org\/savetheocean\/wp-content\/uploads\/2023\/04\/logo-ocean3.jpg"}},{"@type":"Person","@id":"https:\/\/www.ocean4future.org\/savetheocean\/#\/schema\/person\/2807aad6351c9429df20d5d07ee045f3","name":"Gianfranco Perri","image":{"@type":"ImageObject","inLanguage":"it-IT","@id":"https:\/\/secure.gravatar.com\/avatar\/25132120ae1b86613a98dd3b8dd2ef1c50406ce2b2bde10cad3ff57315421dc0?s=96&d=mm&r=g","url":"https:\/\/secure.gravatar.com\/avatar\/25132120ae1b86613a98dd3b8dd2ef1c50406ce2b2bde10cad3ff57315421dc0?s=96&d=mm&r=g","contentUrl":"https:\/\/secure.gravatar.com\/avatar\/25132120ae1b86613a98dd3b8dd2ef1c50406ce2b2bde10cad3ff57315421dc0?s=96&d=mm&r=g","caption":"Gianfranco Perri"},"description":"nato a Brindisi il 21 settembre 1951, nel 1974 ha ottenuto la laurea in Ingegneria Mineraria \u00a8con Lode\u00a8 nel Politecnico di Torino dove ha anche esercitato la docenza. Attualmente \u00e8 docente di \u201cProgettazione di gallerie\u201d presso l\u2019Universit\u00e0 Centrale del Venezuela di Caracas. \u00c8 consulente e progettista di opere sotterranee nei vari paesi del Centro e del Sud America. Ha pubblicato due libri sulla progettazione di gallerie e un centinaio di paper tecnici e scientifici, in spagnolo, italiano ed inglese, la maggior parte dei quali presentati in convegni internazionali in molte regioni del mondo. Nel 2009 a Bari, ha ricevuto il Premio Internazionale \u201cPugliesi nel Mondo\u201d e nel 2010 dall\u2019Universit\u00e0 degli Studi di Foggia, \u00e8 stato incluso tra i \u201cPugliesi illustri nel mondo\u201d.\u00a0 E' anche un appassionato studioso e impegnato divulgatore della storia di Brindisi sulla quale ha scritto diversi libri e saggi pubblicando molti articoli sul quotidiano \u201cSenzacolonne\u201d e sul settimanale \u201cil7 Magazine\u201d di Brindisi. Dal 2013 ha attivo il Blog \u201cVia da Brindisi\u201d sul giornale online \u201cSenza Colonne News\u201d. Ha anche pubblicati i suoi lavori, a stampa o online sulle pagine web www.fondazioneterradotranto.it www.academia.edu e www.brindisiweb.it","sameAs":["http:\/\/www.gianfrancoperri.net"],"url":"https:\/\/www.ocean4future.org\/savetheocean\/archives\/author\/gianfranco-perri"}]}},"_links":{"self":[{"href":"https:\/\/www.ocean4future.org\/savetheocean\/wp-json\/wp\/v2\/posts\/68911","targetHints":{"allow":["GET"]}}],"collection":[{"href":"https:\/\/www.ocean4future.org\/savetheocean\/wp-json\/wp\/v2\/posts"}],"about":[{"href":"https:\/\/www.ocean4future.org\/savetheocean\/wp-json\/wp\/v2\/types\/post"}],"author":[{"embeddable":true,"href":"https:\/\/www.ocean4future.org\/savetheocean\/wp-json\/wp\/v2\/users\/2429"}],"replies":[{"embeddable":true,"href":"https:\/\/www.ocean4future.org\/savetheocean\/wp-json\/wp\/v2\/comments?post=68911"}],"version-history":[{"count":0,"href":"https:\/\/www.ocean4future.org\/savetheocean\/wp-json\/wp\/v2\/posts\/68911\/revisions"}],"wp:featuredmedia":[{"embeddable":true,"href":"https:\/\/www.ocean4future.org\/savetheocean\/wp-json\/wp\/v2\/media\/68916"}],"wp:attachment":[{"href":"https:\/\/www.ocean4future.org\/savetheocean\/wp-json\/wp\/v2\/media?parent=68911"}],"wp:term":[{"taxonomy":"category","embeddable":true,"href":"https:\/\/www.ocean4future.org\/savetheocean\/wp-json\/wp\/v2\/categories?post=68911"},{"taxonomy":"post_tag","embeddable":true,"href":"https:\/\/www.ocean4future.org\/savetheocean\/wp-json\/wp\/v2\/tags?post=68911"}],"curies":[{"name":"wp","href":"https:\/\/api.w.org\/{rel}","templated":true}]}}