{"id":68710,"date":"2026-01-18T00:01:00","date_gmt":"2026-01-17T23:01:00","guid":{"rendered":"http:\/\/www.ocean4future.org\/savetheocean\/?p=68710"},"modified":"2026-03-25T18:56:07","modified_gmt":"2026-03-25T17:56:07","slug":"sulle-onde-della-storia-romana-10","status":"publish","type":"post","link":"https:\/\/www.ocean4future.org\/savetheocean\/archives\/68710","title":{"rendered":"Sulle onde della storia romana: Morituri te salutant"},"content":{"rendered":"<span class=\"span-reading-time rt-reading-time\" style=\"display: block;\"><span class=\"rt-label rt-prefix\">tempo di lettura: <\/span> <span class=\"rt-time\"> 6<\/span> <span class=\"rt-label rt-postfix\">minuti<\/span><\/span><p><span style=\"color: #ffffff;\">.<\/span><\/p>\n<a class=\"maxbutton-4 maxbutton maxbutton-livello-di-comprensione\" href=\"javascript:void(0);\"><span class='mb-text'>livello elementare<\/span><\/a>\n<p><span style=\"color: #ffffff;\">.<\/span><\/p>\n<p><strong><span style=\"color: #008000;\">ARGOMENTO: STORIA ROMANA<\/span><\/strong><br \/>\n<strong><span style=\"color: #008000;\">PERIODO: CLASSICO<\/span><\/strong><br \/>\n<strong><span style=\"color: #008000;\">AREA: MILITARIA<\/span><\/strong><br \/>\nparole chiave: gladiatori<\/p>\n<p>&nbsp;<\/p>\n<p style=\"text-align: justify;\">Chi non \u00e8 rimasto affascinato dai possenti gladiatori dei&nbsp;<i>\u201ckolossal\u201d<\/i>&nbsp;hollywoodiani? Il loro arrivo nell\u2019arena viene immancabilmente presentato mostrando l\u2019iniziale parata in pompa magna, con pennacchi ed armi scintillanti, sotto le urla entusiastiche della plebaglia in delirio. Poi i gladiatori si schierano allineandosi perfettamente davanti al palco del sanguinario imperatore in carica e, con voce grave e stentorea, solennemente gli rivolgono in coro il famoso saluto:&nbsp;<i>\u201c<strong><span style=\"color: #008000;\">Ave Cesare, morituri te salutant!<\/span><\/strong>\u201d<\/i>.<\/p>\n<p><img decoding=\"async\" class=\"\" src=\"https:\/\/www.ocean4future.org\/savetheocean\/wp-content\/uploads\/2022\/01\/naumachia-domiziano.jpg\" alt=\"Questa immagine ha l'attributo alt vuoto; il nome del file \u00e8 naumachia-domiziano.jpg\" width=\"1064\" height=\"505\"><\/p>\n<p style=\"text-align: justify;\">Che uomini! Che tempre! Quale ammirevole insegnamento per ogni tremebondo mortale terrorizzato dall\u2019idea della morte! Pur sapendo che la loro vita \u00e8 destinata ad essere spezzata nel corso degli imminenti combattimenti, quelle prodi canaglie non esitano a salutare virilmente e con impeccabile rispetto il loro potente sovrano, ostentando quasi con fierezza la loro disperata condizione di condannati alla pena capitale.&nbsp;Tutto ci\u00f2 potrebbe essere considerato apprezzabile e forse anche singolarmente edificante, se solo vi fosse un minimo di attendibilit\u00e0 storica in questa presunta consuetudine.<\/p>\n<p style=\"text-align: justify;\"><strong><span style=\"color: #008000; font-size: 18pt;\">In realt\u00e0, si tratta di un\u2019autentica bufala<br \/>\n<\/span><\/strong>Quella cerimonia protocollare, prettamente cinematografica, <strong><span style=\"color: #008000;\">non corrisponde affatto ad una tradizione romana<\/span><\/strong>, visto che assolutamente nulla del genere compare nelle fonti antiche. Innanzi tutto, <strong><span style=\"color: #008000;\">i gladiatori non erano in alcun modo predestinati a soccombere nell\u2019arena<\/span><\/strong>. Anche se ovviamente esposti all\u2019elevato rischio di riportare qualche ferita in combattimento, essi superavano quasi sempre la prova senza perdere la vita: un epilogo altamente auspicabile per tutti,<strong><span style=\"color: #008000;\"> non per qualche forma di \u201cbuonismo\u201d <i>ante litteram<\/i>, ma perch\u00e9 quei lottatori professionisti valevano una fortuna.<\/span><\/strong><\/p>\n<p style=\"text-align: justify;\">In ogni caso, la tanto strombazzata frase da&nbsp;<strong><span style=\"color: #008000;\"><i>morituri<\/i><\/span> <em><span style=\"color: #008000;\">te salutant<\/span><\/em><\/strong> non \u00e8 mai stata declamata da alcun gladiatore, n\u00e9 ha mai risuonato in alcun anfiteatro romano. Per contro, si ha notizia [Svetonio] di un saluto pressoch\u00e9 identico pronunciato una sola volta, in un contesto storico del tutto particolare ed in occasione di uno spettacolo prettamente navale: una <strong><span style=\"color: #008000;\">naumachia<\/span><\/strong>.<\/p>\n<p><img decoding=\"async\" src=\"https:\/\/www.ocean4future.org\/savetheocean\/wp-content\/uploads\/2022\/01\/onde10_naumachiadomitiani.jpg\" alt=\"Questa immagine ha l'attributo alt vuoto; il nome del file \u00e8 onde10_naumachiadomitiani.jpg\" width=\"804\" height=\"620\"><\/p>\n<p align=\"justify\"><strong><span style=\"color: #008000;\">Naumachia di Domiziano (la terza realizzata a Roma): ricostruzione immaginaria in una stampa seicentesca di Giacomo Lauro (archiviocapitolino.it)<\/span><\/strong><\/p>\n<p style=\"text-align: justify;\">Le<strong><span style=\"color: #008000;\"> naumachie<\/span><\/strong>, com\u2019\u00e8 noto, erano il pi\u00f9 grandioso degli spettacoli offerti dagli imperatori al popolo romano: esse si prefiggevano di mostrare dal vivo un vero e proprio combattimento fra dei reparti navali cui veniva attribuito il ruolo di rappresentare delle flotte celebri dell\u2019antichit\u00e0 classica: Fenici, Ateniesi, Persiani, ecc.<\/p>\n<p style=\"text-align: justify;\">La <strong><span style=\"color: #008000;\">flotta romana<\/span><\/strong>, naturalmente, non era mai rappresentata, sia perch\u00e9 entrambe le formazioni navali contrapposte dovevano poter ricevere il tifo del pubblico, sia perch\u00e9 non avrebbe avuto senso rischiare che, pur nella finzione di un combattimento inteso solo come spettacolo (ma non per questo meno realistico e soggetto all\u2019aggressivit\u00e0 dei partecipanti), le navi con le insegne del Senato e del popolo romano potessero trovarsi in difficolt\u00e0 o risultare addirittura sopraffatte da quelle avversarie: una sciagurata eventualit\u00e0 che, essendo stata storicamente rarissima per le primissime grandi flotte romane, era presto divenuta inimmaginabile per effetto del potere marittimo di Roma.<\/p>\n<p><img decoding=\"async\" src=\"https:\/\/www.ocean4future.org\/savetheocean\/wp-content\/uploads\/2022\/01\/onde10_collettore.jpg\" alt=\"Questa immagine ha l'attributo alt vuoto; il nome del file \u00e8 onde10_collettore.jpg\" width=\"628\" height=\"779\"><\/p>\n<p align=\"justify\"><strong><span style=\"color: #008000;\">Il collettore sotterraneo dell&#8217;emissario del lago Fucino voluto da Claudio<\/span><\/strong><\/p>\n<p style=\"text-align: justify;\">L\u2019invenzione delle naumachie risale a <strong><span style=\"color: #008000;\">Giulio Cesare<\/span><\/strong>, che in occasione del suo quadruplice trionfo (46 a.C.) organizz\u00f2 uno spettacolo di combattimento navale nel <strong><span style=\"color: #008000;\">Campo Marzio<\/span><\/strong>, dopo avervi fatto scavare un laghetto. Questo era collocato in una delle due depressioni naturali esistenti in zona (<strong><span style=\"color: #008000;\"><i>Valle<\/i>&nbsp;e&nbsp;<i>Vallicella<\/i><\/span><\/strong>), laddove fin dall\u2019epoca pi\u00f9 arcaica c\u2019era una palude (<strong><span style=\"color: #008000;\"><i>palus Caprae<\/i><\/span><\/strong>).&nbsp;La battaglia navale avvenne fra due formazioni navali simulanti la flotta Tiria e quella Egizia, con biremi, triremi e quadriremi, sulle quali erano imbarcati 2000 combattenti. Lo spettacolo attir\u00f2 tanta di quella gente, anche da fuori Roma, che nella calca perirono schiacciate diverse persone, inclusi due senatori. Il laghetto venne poi colmato di terra, ma poich\u00e9 l\u2019acqua tornava a ristagnarvi, Agrippa lo riscav\u00f2, conferendogli una sistemazione amena e definitiva: lo&nbsp;<strong><span style=\"color: #008000;\"><i>stagnum Agrippae<\/i><\/span><\/strong>, alimentato dall\u2019Acqua Vergine e con un emissario costituito dal <strong><span style=\"color: #008000;\">canale Euripo<\/span><\/strong> sfociante nel Tevere.<\/p>\n<p><img decoding=\"async\" src=\"https:\/\/www.ocean4future.org\/savetheocean\/wp-content\/uploads\/2022\/01\/naumachia-di-augusto2.jpg\" alt=\"Questa immagine ha l'attributo alt vuoto; il nome del file \u00e8 naumachia-di-augusto2.jpg\"><\/p>\n<p style=\"text-align: justify;\">Un paio di decenni dopo, <strong><span style=\"color: #008000;\">Augusto<\/span><\/strong>, volendo anch\u2019egli offrire al popolo romano uno spettacolo di combattimento navale (2 a.C.), fece scavare un bacino per la naumachia a Trastevere, al centro dell\u2019ansa del fiume compresa fra il Gianicolo e l\u2019odierna Porta Portese. Questo bacino, alimentato da un apposito acquedotto (<strong><span style=\"color: #008000;\">acqua Alsietina<\/span><\/strong>), era collegato al Tevere da un canale navigabile attraversato da un ponte mobile. La battaglia navale avvenne fra trenta biremi e triremi (oltre al naviglio minore), simulanti le flotte dei Persiani e degli Ateniesi, con 3000 combattenti imbarcati. A tale spettacolo vollero assistere moltissimi forestieri e quasi tutta la popolazione dell\u2019Urbe, tanto che Augusto fece presidiare la citt\u00e0 dalle guardie per non lasciarla esposta alle rapine.<\/p>\n<p style=\"text-align: justify;\">La successiva naumachia fu organizzata dal quarto imperatore, <strong><span style=\"color: #008000;\">Claudio<\/span><\/strong>, il cui principato era iniziato con la conquista della Britannia e si era poi illustrato anche con l\u2019inizio dei giganteschi lavori per la costruzione del nuovo porto marittimo di Roma, destinato ad essere inaugurato dopo la sua morte, da suo figlio adottivo <strong><span style=\"color: #008000;\">Nerone<\/span><\/strong>.<\/p>\n<p><img decoding=\"async\" src=\"https:\/\/www.ocean4future.org\/savetheocean\/wp-content\/uploads\/2022\/01\/onde10_nave.jpg\" alt=\"Questa immagine ha l'attributo alt vuoto; il nome del file \u00e8 onde10_nave.jpg\" width=\"930\" height=\"620\"><\/p>\n<p align=\"justify\"><strong><span style=\"color: #008000;\">Nave romana in navigazione sul lago Fucino (Collezione Torlonia di Antichit\u00e0 del Fucino, Museo del Castello di Celano, AQ; foto. inabruzzo.it &#8211; G. Lattanzi)<\/span><\/strong><\/p>\n<p style=\"text-align: justify;\">Ma ancor prima delle predette due imprese, fra i suoi primi atti di governo, egli aveva dato inizio ai lavori per la bonifica dei terreni coperti dalle acque del <strong><span style=\"color: #008000;\">lago Fucino<\/span><\/strong>, secondo uno dei tanti progetti geniali di Cesare. Si trattava di un\u2019opera alquanto complessa, che consisteva nel creare un emissario del lago mediante lo scavo di un canale che, passando sotto al Monte Salviano in un traforo di 5,5 km, andava poi a riversarsi nel fiume Liri. I lavori, rallentati dalla problematica consistenza delle rocce da perforare, durarono undici anni, impiegando continuativamente trentamila uomini. Al termine, prima di far mettere in comunicazione diretta il lago con l\u2019emissario, l\u2019imperatore volle conferire la massima visibilit\u00e0 all\u2019evento organizzando nelle acque del Fucino una grande naumachia (52 d.C.).<\/p>\n<p><img decoding=\"async\" src=\"https:\/\/www.ocean4future.org\/savetheocean\/wp-content\/uploads\/2022\/01\/onde10_sfiatatoi.jpg\" alt=\"Questa immagine ha l'attributo alt vuoto; il nome del file \u00e8 onde10_sfiatatoi.jpg\" width=\"642\" height=\"943\"><\/p>\n<p align=\"justify\"><strong><span style=\"color: #008000;\">Sfiatatoi romani del condotto sotterraneo<\/span><\/strong><\/p>\n<p style=\"text-align: justify;\">Con questo spettacolo prettamente navale, allestito con una grandiosit\u00e0 mai vista fino allora (n\u00e9 mai pi\u00f9 vista, da allora in poi), egli intendeva rinverdire gli allori trionfali ottenuti per il suo fugace intervento personale in Britannia, dopo una navigazione da Roma a Marsiglia e nei fiumi della Gallia fino alla Manica. Per questo suo trasferimento a bordo delle navi rostrate (in cui il solo pericolo incontrato erano state due maestralate nel mar Ligure e nel Golfo del Leone), Claudio si era sentito pari al pi\u00f9 grande dei comandanti in capo delle flotte romane, <strong><span style=\"color: #008000;\">Marco Agrippa<\/span><\/strong>, vincitore di tre guerre marittime e decorato da Augusto con la&nbsp;<strong><span style=\"color: #008000;\"><i>corona navale<\/i><\/span><\/strong>, una onorificenza assolutamente eccezionale. Lo stesso Claudio, infatti, dopo il trionfo britannico aveva fatto apporre sul frontone del Palazzo imperiale una&nbsp;<strong><span style=\"color: #008000;\"><i>corona navale<\/i><\/span><\/strong>&nbsp;(come se egli se la fosse attribuita da solo) vicino alla&nbsp;<strong><span style=\"color: #008000;\"><i>corona civica<\/i><\/span><\/strong>&nbsp;che il Senato aveva a suo tempo realmente conferito ad Augusto.<\/p>\n<p><img decoding=\"async\" src=\"https:\/\/www.ocean4future.org\/savetheocean\/wp-content\/uploads\/2022\/01\/corone-romane.jpg\" alt=\"Questa immagine ha l'attributo alt vuoto; il nome del file \u00e8 corone-romane.jpg\"><\/p>\n<p style=\"text-align: justify;\">Per la <strong><span style=\"color: #008000;\">naumachia<\/span><\/strong> erano state immesse nel lago due forze navali contrapposte, simulanti la flotta Rodia e quella Sicula, ciascuna delle quali includeva cinquanta quadriremi e triremi. Gli equipaggi che vi dovevano imbarcare per prendere parte al combattimento navale erano costituiti da criminali condannati a morte: in totale, diciannovemila uomini. Lo specchio d\u2019acqua da utilizzare per la battaglia era pertanto stato delimitato da un cordone di navi da guerra ed altri natanti armati di catapulte e balestre, presidiati da classiari e pretoriani, per evitare che le navi assegnate ai condannati potessero prendere la fuga anzich\u00e9 combattere. Prima di salire a bordo i condannati si trovavano radunati tutti insieme quando videro Claudio che si preparava ad assistere allo spettacolo vestito con l\u2019abito militare. Allora essi lo salutarono come si saluta un comandante militare acclamato&nbsp;<strong><span style=\"color: #008000;\"><i>imperator<\/i><\/span><\/strong>, ricordandogli la loro situazione giuridica:&nbsp;<i>\u201c<strong><span style=\"color: #008000;\">Ave imperator, morituri te salutant<\/span><\/strong>\u201d<\/i>, espressione grosso modo equivalente a \u201cSalve Generale, i condannati a morte ti salutano\u201d.<\/p>\n<p style=\"text-align: justify;\"><strong><span style=\"color: #008000;\">Claudio<\/span><\/strong>, che anche in quell\u2019occasione pareva con la testa fra le nuvole \u2013 assorto da gravissimi problemi come quello delle nuove lettere ch\u2019egli intendeva aggiungere all\u2019alfabeto latino \u2013, rispose sovrappensiero: \u201c<strong><em><span style=\"color: #008000;\">Salve a voi!<\/span><\/em><\/strong>\u201d, senza badare al senso delle sue parole. Per contro, il significato non sfugg\u00ec affatto ai condannati a morte, che interpretarono immediatamente quell\u2019augurio di buona salute come un\u2019evidente concessione della grazia. Pertanto, dopo essersi imbarcati e schierati per la battaglia navale, essi si limitarono a navigare cautamente verso le navi avversarie, incrociandole senza arrecarsi reciprocamente alcun danno. Ci volle allora tutta l\u2019energia dei classiari e dei pretoriani per convincere quei delinquenti che la loro condanna non era affatto stata annullata e che l\u2019eventuale successiva grazia dipendeva dal coraggio ch\u2019essi avessero dimostrato nell\u2019affrontare la flotta contrapposta. Finalmente essi si risolsero ad impegnarsi a fondo e diedero vita ad un combattimento talmente aspro e realistico, da indurre l\u2019imperatore a premiare davvero il valore dei partecipanti, condonando la pena capitale a tutti i sopravvissuti.<\/p>\n<p><strong><span style=\"color: #008000;\">Domenico Carro<\/span><\/strong><\/p>\n<p>&nbsp;<\/p>\n<p style=\"text-align: justify;\">Alcune delle immagini possono essere state prese dal web, citandone ove possibile gli autori e\/o le fonti. Se qualcuno desiderasse specificarne l\u2019autore e le fonti&nbsp; o rimuoverle, pu\u00f2 scrivere a infoocean4future@gmail.com e provvederemo immediatamente alla correzione dell\u2019articolo<\/p>\n<p>&nbsp;<\/p>\n<p><a class=\"maxbutton-3 maxbutton maxbutton-pagina-principale\" target=\"_blank\" title=\"tooltip\" rel=\"nofollow noopener\" href=\"http:\/\/www.ocean4future.org\"><span class='mb-text'>PAGINA PRINCIPALE<\/span><\/a><br \/>\n<span style=\"color: #ffffff;\">.<\/span><\/p>\n","protected":false},"excerpt":{"rendered":"<p><span class=\"span-reading-time rt-reading-time\" style=\"display: block;\"><span class=\"rt-label rt-prefix\">tempo di lettura: <\/span> <span class=\"rt-time\"> 6<\/span> <span class=\"rt-label rt-postfix\">minuti<\/span><\/span>. . ARGOMENTO: STORIA ROMANA PERIODO: CLASSICO AREA: MILITARIA parole chiave: gladiatori &nbsp; Chi non \u00e8 rimasto affascinato dai possenti gladiatori dei&nbsp;\u201ckolossal\u201d&nbsp;hollywoodiani? Il loro arrivo nell\u2019arena viene immancabilmente presentato mostrando l\u2019iniziale parata in pompa magna, con pennacchi ed armi scintillanti, sotto le urla entusiastiche della plebaglia in delirio. Poi i gladiatori si schierano allineandosi perfettamente [&hellip;]<\/p>\n","protected":false},"author":2432,"featured_media":69170,"comment_status":"open","ping_status":"open","sticky":false,"template":"","format":"standard","meta":{"_acf_changed":false,"_monsterinsights_skip_tracking":false,"_monsterinsights_sitenote_active":false,"_monsterinsights_sitenote_note":"","_monsterinsights_sitenote_category":0,"footnotes":""},"categories":[2431],"tags":[],"class_list":["post-68710","post","type-post","status-publish","format-standard","has-post-thumbnail","hentry","category-storia"],"acf":[],"yoast_head":"<!-- This site is optimized with the Yoast SEO plugin v27.4 - https:\/\/yoast.com\/product\/yoast-seo-wordpress\/ -->\n<title>Sulle onde della storia romana: Morituri te salutant &#8226; OCEAN4FUTURE autore<\/title>\n<meta name=\"robots\" content=\"index, follow, max-snippet:-1, max-image-preview:large, max-video-preview:-1\" \/>\n<link rel=\"canonical\" href=\"https:\/\/www.ocean4future.org\/savetheocean\/archives\/68710\" \/>\n<meta property=\"og:locale\" content=\"it_IT\" \/>\n<meta property=\"og:type\" content=\"article\" \/>\n<meta property=\"og:title\" content=\"Sulle onde della storia romana: Morituri te salutant &#8226; OCEAN4FUTURE autore\" \/>\n<meta property=\"og:description\" content=\"tempo di lettura:  6 minuti. . ARGOMENTO: STORIA ROMANA PERIODO: CLASSICO AREA: MILITARIA parole chiave: gladiatori &nbsp; Chi non \u00e8 rimasto affascinato dai possenti gladiatori dei&nbsp;\u201ckolossal\u201d&nbsp;hollywoodiani? Il loro arrivo nell\u2019arena viene immancabilmente presentato mostrando l\u2019iniziale parata in pompa magna, con pennacchi ed armi scintillanti, sotto le urla entusiastiche della plebaglia in delirio. Poi i gladiatori si schierano allineandosi perfettamente [&hellip;]\" \/>\n<meta property=\"og:url\" content=\"https:\/\/www.ocean4future.org\/savetheocean\/archives\/68710\" \/>\n<meta property=\"og:site_name\" content=\"OCEAN4FUTURE\" \/>\n<meta property=\"article:author\" content=\"https:\/\/www.facebook.com\/romaeternaorg\" \/>\n<meta property=\"article:published_time\" content=\"2026-01-17T23:01:00+00:00\" \/>\n<meta property=\"article:modified_time\" content=\"2026-03-25T17:56:07+00:00\" \/>\n<meta property=\"og:image\" content=\"https:\/\/www.ocean4future.org\/savetheocean\/wp-content\/uploads\/2022\/04\/naumachia.jpg\" \/>\n\t<meta property=\"og:image:width\" content=\"658\" \/>\n\t<meta property=\"og:image:height\" content=\"358\" \/>\n\t<meta property=\"og:image:type\" content=\"image\/jpeg\" \/>\n<meta name=\"author\" content=\"Domenico Carro\" \/>\n<meta name=\"twitter:card\" content=\"summary_large_image\" \/>\n<meta name=\"twitter:creator\" content=\"@https:\/\/twitter.com\/romaeterna\" \/>\n<meta name=\"twitter:site\" content=\"@ocean4future\" \/>\n<meta name=\"twitter:label1\" content=\"Scritto da\" \/>\n\t<meta name=\"twitter:data1\" content=\"Domenico Carro\" \/>\n\t<meta name=\"twitter:label2\" content=\"Tempo di lettura stimato\" \/>\n\t<meta name=\"twitter:data2\" content=\"10 minuti\" \/>\n<script type=\"application\/ld+json\" class=\"yoast-schema-graph\">{\"@context\":\"https:\\\/\\\/schema.org\",\"@graph\":[{\"@type\":\"Article\",\"@id\":\"https:\\\/\\\/www.ocean4future.org\\\/savetheocean\\\/archives\\\/68710#article\",\"isPartOf\":{\"@id\":\"https:\\\/\\\/www.ocean4future.org\\\/savetheocean\\\/archives\\\/68710\"},\"author\":{\"name\":\"Domenico Carro\",\"@id\":\"https:\\\/\\\/www.ocean4future.org\\\/savetheocean\\\/#\\\/schema\\\/person\\\/bd39f4411183ae5079b848f4a43f0a4d\"},\"headline\":\"Sulle onde della storia romana: Morituri te salutant\",\"datePublished\":\"2026-01-17T23:01:00+00:00\",\"dateModified\":\"2026-03-25T17:56:07+00:00\",\"mainEntityOfPage\":{\"@id\":\"https:\\\/\\\/www.ocean4future.org\\\/savetheocean\\\/archives\\\/68710\"},\"wordCount\":1544,\"commentCount\":0,\"publisher\":{\"@id\":\"https:\\\/\\\/www.ocean4future.org\\\/savetheocean\\\/#\\\/schema\\\/person\\\/4e1c26437054353074d7bb2efa77162c\"},\"image\":{\"@id\":\"https:\\\/\\\/www.ocean4future.org\\\/savetheocean\\\/archives\\\/68710#primaryimage\"},\"thumbnailUrl\":\"https:\\\/\\\/www.ocean4future.org\\\/savetheocean\\\/wp-content\\\/uploads\\\/2022\\\/04\\\/naumachia.jpg\",\"articleSection\":[\"Storia\"],\"inLanguage\":\"it-IT\",\"potentialAction\":[{\"@type\":\"CommentAction\",\"name\":\"Comment\",\"target\":[\"https:\\\/\\\/www.ocean4future.org\\\/savetheocean\\\/archives\\\/68710#respond\"]}]},{\"@type\":\"WebPage\",\"@id\":\"https:\\\/\\\/www.ocean4future.org\\\/savetheocean\\\/archives\\\/68710\",\"url\":\"https:\\\/\\\/www.ocean4future.org\\\/savetheocean\\\/archives\\\/68710\",\"name\":\"Sulle onde della storia romana: Morituri te salutant &#8226; OCEAN4FUTURE autore\",\"isPartOf\":{\"@id\":\"https:\\\/\\\/www.ocean4future.org\\\/savetheocean\\\/#website\"},\"primaryImageOfPage\":{\"@id\":\"https:\\\/\\\/www.ocean4future.org\\\/savetheocean\\\/archives\\\/68710#primaryimage\"},\"image\":{\"@id\":\"https:\\\/\\\/www.ocean4future.org\\\/savetheocean\\\/archives\\\/68710#primaryimage\"},\"thumbnailUrl\":\"https:\\\/\\\/www.ocean4future.org\\\/savetheocean\\\/wp-content\\\/uploads\\\/2022\\\/04\\\/naumachia.jpg\",\"datePublished\":\"2026-01-17T23:01:00+00:00\",\"dateModified\":\"2026-03-25T17:56:07+00:00\",\"breadcrumb\":{\"@id\":\"https:\\\/\\\/www.ocean4future.org\\\/savetheocean\\\/archives\\\/68710#breadcrumb\"},\"inLanguage\":\"it-IT\",\"potentialAction\":[{\"@type\":\"ReadAction\",\"target\":[\"https:\\\/\\\/www.ocean4future.org\\\/savetheocean\\\/archives\\\/68710\"]}]},{\"@type\":\"ImageObject\",\"inLanguage\":\"it-IT\",\"@id\":\"https:\\\/\\\/www.ocean4future.org\\\/savetheocean\\\/archives\\\/68710#primaryimage\",\"url\":\"https:\\\/\\\/www.ocean4future.org\\\/savetheocean\\\/wp-content\\\/uploads\\\/2022\\\/04\\\/naumachia.jpg\",\"contentUrl\":\"https:\\\/\\\/www.ocean4future.org\\\/savetheocean\\\/wp-content\\\/uploads\\\/2022\\\/04\\\/naumachia.jpg\",\"width\":658,\"height\":358},{\"@type\":\"BreadcrumbList\",\"@id\":\"https:\\\/\\\/www.ocean4future.org\\\/savetheocean\\\/archives\\\/68710#breadcrumb\",\"itemListElement\":[{\"@type\":\"ListItem\",\"position\":1,\"name\":\"Home\",\"item\":\"https:\\\/\\\/www.ocean4future.org\\\/savetheocean\"},{\"@type\":\"ListItem\",\"position\":2,\"name\":\"Sulle onde della storia romana: Morituri te salutant\"}]},{\"@type\":\"WebSite\",\"@id\":\"https:\\\/\\\/www.ocean4future.org\\\/savetheocean\\\/#website\",\"url\":\"https:\\\/\\\/www.ocean4future.org\\\/savetheocean\\\/\",\"name\":\"Ocean 4 Future\",\"description\":\"Per una nuova cultura del mare e della marittimit\u00e0\",\"publisher\":{\"@id\":\"https:\\\/\\\/www.ocean4future.org\\\/savetheocean\\\/#\\\/schema\\\/person\\\/4e1c26437054353074d7bb2efa77162c\"},\"potentialAction\":[{\"@type\":\"SearchAction\",\"target\":{\"@type\":\"EntryPoint\",\"urlTemplate\":\"https:\\\/\\\/www.ocean4future.org\\\/savetheocean\\\/?s={search_term_string}\"},\"query-input\":{\"@type\":\"PropertyValueSpecification\",\"valueRequired\":true,\"valueName\":\"search_term_string\"}}],\"inLanguage\":\"it-IT\"},{\"@type\":[\"Person\",\"Organization\"],\"@id\":\"https:\\\/\\\/www.ocean4future.org\\\/savetheocean\\\/#\\\/schema\\\/person\\\/4e1c26437054353074d7bb2efa77162c\",\"name\":\"oceandiver\",\"image\":{\"@type\":\"ImageObject\",\"inLanguage\":\"it-IT\",\"@id\":\"https:\\\/\\\/www.ocean4future.org\\\/savetheocean\\\/wp-content\\\/uploads\\\/2023\\\/04\\\/logo-ocean3.jpg\",\"url\":\"https:\\\/\\\/www.ocean4future.org\\\/savetheocean\\\/wp-content\\\/uploads\\\/2023\\\/04\\\/logo-ocean3.jpg\",\"contentUrl\":\"https:\\\/\\\/www.ocean4future.org\\\/savetheocean\\\/wp-content\\\/uploads\\\/2023\\\/04\\\/logo-ocean3.jpg\",\"width\":472,\"height\":301,\"caption\":\"oceandiver\"},\"logo\":{\"@id\":\"https:\\\/\\\/www.ocean4future.org\\\/savetheocean\\\/wp-content\\\/uploads\\\/2023\\\/04\\\/logo-ocean3.jpg\"}},{\"@type\":\"Person\",\"@id\":\"https:\\\/\\\/www.ocean4future.org\\\/savetheocean\\\/#\\\/schema\\\/person\\\/bd39f4411183ae5079b848f4a43f0a4d\",\"name\":\"Domenico Carro\",\"image\":{\"@type\":\"ImageObject\",\"inLanguage\":\"it-IT\",\"@id\":\"https:\\\/\\\/secure.gravatar.com\\\/avatar\\\/47647ae893cdd6f04acaf68ee6f47e77a677bb080bbb9b02c80b6e3a3df707bd?s=96&d=mm&r=g\",\"url\":\"https:\\\/\\\/secure.gravatar.com\\\/avatar\\\/47647ae893cdd6f04acaf68ee6f47e77a677bb080bbb9b02c80b6e3a3df707bd?s=96&d=mm&r=g\",\"contentUrl\":\"https:\\\/\\\/secure.gravatar.com\\\/avatar\\\/47647ae893cdd6f04acaf68ee6f47e77a677bb080bbb9b02c80b6e3a3df707bd?s=96&d=mm&r=g\",\"caption\":\"Domenico Carro\"},\"description\":\"ammiraglio di divisione della Riserva della Marina Militare Italiana, dal momento del suo ritiro dal servizio attivo, assecondando la propria natura di appassionato cultore della Civilt\u00e0 Romana, ha potuto dedicarsi interamente all'approfondimento dei suoi studi storiografici, nell'ambito dei quali ha pubblicato numerosi libri e saggi, creato l'interessantissimo sito ROMA AETERNA ed\u00a0\u00a0il foro di discussione FORVM ROMAETERNA (2001-2013), poi sostituito dall'istituzione di pagine estratte da \\\"Roma Aeterna\\\" nelle maggiori reti sociali, quali Linkedin, Facebook, Twitter, Youtube, Flickr, etc.\u00a0 Non ultimo, l'ammiraglio Carro \u00e8 relatore in importanti convegni,\u00a0 nazionali ed internazionali sui temi della storiografia romana e della salvaguardia della cultura marittima.\",\"sameAs\":[\"http:\\\/\\\/www.romaeterna.org\\\/\",\"https:\\\/\\\/www.facebook.com\\\/romaeternaorg\",\"http:\\\/\\\/www.linkedin.com\\\/groups?gid=44675\",\"https:\\\/\\\/x.com\\\/https:\\\/\\\/twitter.com\\\/romaeterna\",\"http:\\\/\\\/www.youtube.com\\\/romaeternaorg\"],\"url\":\"https:\\\/\\\/www.ocean4future.org\\\/savetheocean\\\/archives\\\/author\\\/domenico-carro\"}]}<\/script>\n<!-- \/ Yoast SEO plugin. -->","yoast_head_json":{"title":"Sulle onde della storia romana: Morituri te salutant &#8226; OCEAN4FUTURE autore","robots":{"index":"index","follow":"follow","max-snippet":"max-snippet:-1","max-image-preview":"max-image-preview:large","max-video-preview":"max-video-preview:-1"},"canonical":"https:\/\/www.ocean4future.org\/savetheocean\/archives\/68710","og_locale":"it_IT","og_type":"article","og_title":"Sulle onde della storia romana: Morituri te salutant &#8226; OCEAN4FUTURE autore","og_description":"tempo di lettura:  6 minuti. . ARGOMENTO: STORIA ROMANA PERIODO: CLASSICO AREA: MILITARIA parole chiave: gladiatori &nbsp; Chi non \u00e8 rimasto affascinato dai possenti gladiatori dei&nbsp;\u201ckolossal\u201d&nbsp;hollywoodiani? Il loro arrivo nell\u2019arena viene immancabilmente presentato mostrando l\u2019iniziale parata in pompa magna, con pennacchi ed armi scintillanti, sotto le urla entusiastiche della plebaglia in delirio. Poi i gladiatori si schierano allineandosi perfettamente [&hellip;]","og_url":"https:\/\/www.ocean4future.org\/savetheocean\/archives\/68710","og_site_name":"OCEAN4FUTURE","article_author":"https:\/\/www.facebook.com\/romaeternaorg","article_published_time":"2026-01-17T23:01:00+00:00","article_modified_time":"2026-03-25T17:56:07+00:00","og_image":[{"width":658,"height":358,"url":"https:\/\/www.ocean4future.org\/savetheocean\/wp-content\/uploads\/2022\/04\/naumachia.jpg","type":"image\/jpeg"}],"author":"Domenico Carro","twitter_card":"summary_large_image","twitter_creator":"@https:\/\/twitter.com\/romaeterna","twitter_site":"@ocean4future","twitter_misc":{"Scritto da":"Domenico Carro","Tempo di lettura stimato":"10 minuti"},"schema":{"@context":"https:\/\/schema.org","@graph":[{"@type":"Article","@id":"https:\/\/www.ocean4future.org\/savetheocean\/archives\/68710#article","isPartOf":{"@id":"https:\/\/www.ocean4future.org\/savetheocean\/archives\/68710"},"author":{"name":"Domenico Carro","@id":"https:\/\/www.ocean4future.org\/savetheocean\/#\/schema\/person\/bd39f4411183ae5079b848f4a43f0a4d"},"headline":"Sulle onde della storia romana: Morituri te salutant","datePublished":"2026-01-17T23:01:00+00:00","dateModified":"2026-03-25T17:56:07+00:00","mainEntityOfPage":{"@id":"https:\/\/www.ocean4future.org\/savetheocean\/archives\/68710"},"wordCount":1544,"commentCount":0,"publisher":{"@id":"https:\/\/www.ocean4future.org\/savetheocean\/#\/schema\/person\/4e1c26437054353074d7bb2efa77162c"},"image":{"@id":"https:\/\/www.ocean4future.org\/savetheocean\/archives\/68710#primaryimage"},"thumbnailUrl":"https:\/\/www.ocean4future.org\/savetheocean\/wp-content\/uploads\/2022\/04\/naumachia.jpg","articleSection":["Storia"],"inLanguage":"it-IT","potentialAction":[{"@type":"CommentAction","name":"Comment","target":["https:\/\/www.ocean4future.org\/savetheocean\/archives\/68710#respond"]}]},{"@type":"WebPage","@id":"https:\/\/www.ocean4future.org\/savetheocean\/archives\/68710","url":"https:\/\/www.ocean4future.org\/savetheocean\/archives\/68710","name":"Sulle onde della storia romana: Morituri te salutant &#8226; OCEAN4FUTURE autore","isPartOf":{"@id":"https:\/\/www.ocean4future.org\/savetheocean\/#website"},"primaryImageOfPage":{"@id":"https:\/\/www.ocean4future.org\/savetheocean\/archives\/68710#primaryimage"},"image":{"@id":"https:\/\/www.ocean4future.org\/savetheocean\/archives\/68710#primaryimage"},"thumbnailUrl":"https:\/\/www.ocean4future.org\/savetheocean\/wp-content\/uploads\/2022\/04\/naumachia.jpg","datePublished":"2026-01-17T23:01:00+00:00","dateModified":"2026-03-25T17:56:07+00:00","breadcrumb":{"@id":"https:\/\/www.ocean4future.org\/savetheocean\/archives\/68710#breadcrumb"},"inLanguage":"it-IT","potentialAction":[{"@type":"ReadAction","target":["https:\/\/www.ocean4future.org\/savetheocean\/archives\/68710"]}]},{"@type":"ImageObject","inLanguage":"it-IT","@id":"https:\/\/www.ocean4future.org\/savetheocean\/archives\/68710#primaryimage","url":"https:\/\/www.ocean4future.org\/savetheocean\/wp-content\/uploads\/2022\/04\/naumachia.jpg","contentUrl":"https:\/\/www.ocean4future.org\/savetheocean\/wp-content\/uploads\/2022\/04\/naumachia.jpg","width":658,"height":358},{"@type":"BreadcrumbList","@id":"https:\/\/www.ocean4future.org\/savetheocean\/archives\/68710#breadcrumb","itemListElement":[{"@type":"ListItem","position":1,"name":"Home","item":"https:\/\/www.ocean4future.org\/savetheocean"},{"@type":"ListItem","position":2,"name":"Sulle onde della storia romana: Morituri te salutant"}]},{"@type":"WebSite","@id":"https:\/\/www.ocean4future.org\/savetheocean\/#website","url":"https:\/\/www.ocean4future.org\/savetheocean\/","name":"Ocean 4 Future","description":"Per una nuova cultura del mare e della marittimit\u00e0","publisher":{"@id":"https:\/\/www.ocean4future.org\/savetheocean\/#\/schema\/person\/4e1c26437054353074d7bb2efa77162c"},"potentialAction":[{"@type":"SearchAction","target":{"@type":"EntryPoint","urlTemplate":"https:\/\/www.ocean4future.org\/savetheocean\/?s={search_term_string}"},"query-input":{"@type":"PropertyValueSpecification","valueRequired":true,"valueName":"search_term_string"}}],"inLanguage":"it-IT"},{"@type":["Person","Organization"],"@id":"https:\/\/www.ocean4future.org\/savetheocean\/#\/schema\/person\/4e1c26437054353074d7bb2efa77162c","name":"oceandiver","image":{"@type":"ImageObject","inLanguage":"it-IT","@id":"https:\/\/www.ocean4future.org\/savetheocean\/wp-content\/uploads\/2023\/04\/logo-ocean3.jpg","url":"https:\/\/www.ocean4future.org\/savetheocean\/wp-content\/uploads\/2023\/04\/logo-ocean3.jpg","contentUrl":"https:\/\/www.ocean4future.org\/savetheocean\/wp-content\/uploads\/2023\/04\/logo-ocean3.jpg","width":472,"height":301,"caption":"oceandiver"},"logo":{"@id":"https:\/\/www.ocean4future.org\/savetheocean\/wp-content\/uploads\/2023\/04\/logo-ocean3.jpg"}},{"@type":"Person","@id":"https:\/\/www.ocean4future.org\/savetheocean\/#\/schema\/person\/bd39f4411183ae5079b848f4a43f0a4d","name":"Domenico Carro","image":{"@type":"ImageObject","inLanguage":"it-IT","@id":"https:\/\/secure.gravatar.com\/avatar\/47647ae893cdd6f04acaf68ee6f47e77a677bb080bbb9b02c80b6e3a3df707bd?s=96&d=mm&r=g","url":"https:\/\/secure.gravatar.com\/avatar\/47647ae893cdd6f04acaf68ee6f47e77a677bb080bbb9b02c80b6e3a3df707bd?s=96&d=mm&r=g","contentUrl":"https:\/\/secure.gravatar.com\/avatar\/47647ae893cdd6f04acaf68ee6f47e77a677bb080bbb9b02c80b6e3a3df707bd?s=96&d=mm&r=g","caption":"Domenico Carro"},"description":"ammiraglio di divisione della Riserva della Marina Militare Italiana, dal momento del suo ritiro dal servizio attivo, assecondando la propria natura di appassionato cultore della Civilt\u00e0 Romana, ha potuto dedicarsi interamente all'approfondimento dei suoi studi storiografici, nell'ambito dei quali ha pubblicato numerosi libri e saggi, creato l'interessantissimo sito ROMA AETERNA ed\u00a0\u00a0il foro di discussione FORVM ROMAETERNA (2001-2013), poi sostituito dall'istituzione di pagine estratte da \"Roma Aeterna\" nelle maggiori reti sociali, quali Linkedin, Facebook, Twitter, Youtube, Flickr, etc.\u00a0 Non ultimo, l'ammiraglio Carro \u00e8 relatore in importanti convegni,\u00a0 nazionali ed internazionali sui temi della storiografia romana e della salvaguardia della cultura marittima.","sameAs":["http:\/\/www.romaeterna.org\/","https:\/\/www.facebook.com\/romaeternaorg","http:\/\/www.linkedin.com\/groups?gid=44675","https:\/\/x.com\/https:\/\/twitter.com\/romaeterna","http:\/\/www.youtube.com\/romaeternaorg"],"url":"https:\/\/www.ocean4future.org\/savetheocean\/archives\/author\/domenico-carro"}]}},"_links":{"self":[{"href":"https:\/\/www.ocean4future.org\/savetheocean\/wp-json\/wp\/v2\/posts\/68710","targetHints":{"allow":["GET"]}}],"collection":[{"href":"https:\/\/www.ocean4future.org\/savetheocean\/wp-json\/wp\/v2\/posts"}],"about":[{"href":"https:\/\/www.ocean4future.org\/savetheocean\/wp-json\/wp\/v2\/types\/post"}],"author":[{"embeddable":true,"href":"https:\/\/www.ocean4future.org\/savetheocean\/wp-json\/wp\/v2\/users\/2432"}],"replies":[{"embeddable":true,"href":"https:\/\/www.ocean4future.org\/savetheocean\/wp-json\/wp\/v2\/comments?post=68710"}],"version-history":[{"count":1,"href":"https:\/\/www.ocean4future.org\/savetheocean\/wp-json\/wp\/v2\/posts\/68710\/revisions"}],"predecessor-version":[{"id":126845,"href":"https:\/\/www.ocean4future.org\/savetheocean\/wp-json\/wp\/v2\/posts\/68710\/revisions\/126845"}],"wp:featuredmedia":[{"embeddable":true,"href":"https:\/\/www.ocean4future.org\/savetheocean\/wp-json\/wp\/v2\/media\/69170"}],"wp:attachment":[{"href":"https:\/\/www.ocean4future.org\/savetheocean\/wp-json\/wp\/v2\/media?parent=68710"}],"wp:term":[{"taxonomy":"category","embeddable":true,"href":"https:\/\/www.ocean4future.org\/savetheocean\/wp-json\/wp\/v2\/categories?post=68710"},{"taxonomy":"post_tag","embeddable":true,"href":"https:\/\/www.ocean4future.org\/savetheocean\/wp-json\/wp\/v2\/tags?post=68710"}],"curies":[{"name":"wp","href":"https:\/\/api.w.org\/{rel}","templated":true}]}}