{"id":68701,"date":"2025-12-21T00:01:00","date_gmt":"2025-12-20T23:01:00","guid":{"rendered":"http:\/\/www.ocean4future.org\/savetheocean\/?p=68701"},"modified":"2026-04-18T09:15:05","modified_gmt":"2026-04-18T07:15:05","slug":"sulle-onde-della-storia-romana-4","status":"publish","type":"post","link":"https:\/\/www.ocean4future.org\/savetheocean\/archives\/68701","title":{"rendered":"Sulle onde della storia romana: Navigare necesse est"},"content":{"rendered":"<span class=\"span-reading-time rt-reading-time\" style=\"display: block;\"><span class=\"rt-label rt-prefix\">tempo di lettura: <\/span> <span class=\"rt-time\"> 6<\/span> <span class=\"rt-label rt-postfix\">minuti<\/span><\/span><p><span style=\"color: #ffffff;\">.<\/span><\/p>\n<a class=\"maxbutton-4 maxbutton maxbutton-livello-di-comprensione\" href=\"javascript:void(0);\"><span class='mb-text'>livello elementare<\/span><\/a>\n<p><span style=\"color: #ffffff;\">.<\/span><\/p>\n<p><strong><span style=\"color: #008000;\">ARGOMENTO: STORIA ROMANA<\/span><\/strong><br \/>\n<strong><span style=\"color: #008000;\">PERIODO: CLASSICO<\/span><\/strong><br \/>\n<strong><span style=\"color: #008000;\">AREA: MAR MEDITERRANEO<\/span><\/strong><br \/>\nparole chiave: annona,<\/p>\n<p>&nbsp;<\/p>\n<p style=\"text-align: justify;\">Eravamo ancora nel precedente millennio, nel \u201897, quando decisi di dotarmi di un sito\u00a0<i>Internet<\/i> personale per poter mettere in rete qualche mio scritto sulla storia navale e marittima di Roma antica. Poich\u00e9 in quegli anni la quasi totalit\u00e0 dei siti\u00a0<i>Web<\/i>\u00a0erano redatti in lingua inglese, pensai che il titolo\u00a0<em><strong><span style=\"color: #008000;\">Navigare necesse est<\/span><\/strong><\/em>\u00a0sarebbe stato non solo perfettamente appropriato al mio tema storico, ma anche sicuramente nuovo, unico ed originale. Non c\u2019era ancora\u00a0<i>Google<\/i>, ma con qualche motore di ricerca pi\u00f9 lento e reticente potei comunque accorgermi molto presto che quello stesso mio titolo era gi\u00e0 stato adottato da almeno altri sei siti, distribuiti fra Nord America ed Australia. Nessuno di essi si occupava di storia o letteratura antica, ma tutti avevano associato quel motto latino alla \u201cnavigazione\u201d negli spazi misteriosi e sconfinati della rete informatica globale: un inequivocabile sintomo della perdurante fortuna goduta da molti aforismi dei nostri antenati.<\/p>\n<p><img decoding=\"async\" src=\"https:\/\/www.ocean4future.org\/savetheocean\/wp-content\/uploads\/2022\/01\/onde04_onerariaquirinale-1024x576.jpg\" alt=\"Questa immagine ha l'attributo alt vuoto; il nome del file \u00e8 onde04_onerariaquirinale-1024x576.jpg\" width=\"1024\" height=\"576\" \/><\/p>\n<p align=\"justify\"><strong><span style=\"color: #008000;\">nave oneraria &#8211; Palazzo del Quirinale<\/span><\/strong><\/p>\n<p style=\"text-align: justify;\"><strong><span style=\"color: #008000;\">Nel mondo classico, la rete globale a disposizione di tutte le popolazioni rivierasche del Mediterraneo era principalmente costituita dalle linee di traffico navale, lungo le quali scorreva il flusso dello scambio di informazioni, di comunicazioni e di prodotti commerciali.<\/span><\/strong> Per i Romani, in particolare, l\u2019accesso a questa rete dovette risalire alle loro pi\u00f9 antiche origini, visto che la stessa fondazione della Citt\u00e0 eterna \u2013 da parte di Romolo, o comunque essa sia effettivamente avvenuta \u2013 fu inevitabilmente correlata al fiorire dell\u2019importante area commerciale nel sito del foro Boario, all\u2019incrocio degli itinerari terrestri fra Lazio ed Etruria, che dovevano attraversare il Tevere nel punto pi\u00f9 agevole immediatamente a valle dell\u2019isola Tiberina, e quelli che invece seguivano il corso del fiume a monte, verso la Sabina, ed a valle fino al mare.<\/p>\n<p><img decoding=\"async\" src=\"https:\/\/www.ocean4future.org\/savetheocean\/wp-content\/uploads\/2022\/01\/onde04_nave-barca-1024x580.jpg\" alt=\"Questa immagine ha l'attributo alt vuoto; il nome del file \u00e8 onde04_nave-barca-1024x580.jpg\" width=\"1024\" height=\"580\" \/><\/p>\n<p align=\"justify\"><strong><span style=\"color: #008000;\">Nave oneraria romana in navigazione con imbarcazione a rimorchio (Necropoli Isola Sacra)<\/span><\/strong><\/p>\n<p style=\"text-align: justify;\">Secondo i pochi e frammentari dati pervenuti dalle fonti antiche sui secoli arcaici della storia romana, i primi casi di utilizzo delle navi per fronteggiare gravi situazione di penuria dei generi alimentari necessari alla citt\u00e0 risalgono agli inizi della repubblica. Infatti, l\u2019anno dopo la cacciata del settimo re di Roma, <strong><span style=\"color: #008000;\">Lucio Tarquinio il Superbo<\/span><\/strong>, un altro monarca etrusco, <strong><span style=\"color: #008000;\">Porsenna<\/span><\/strong>, si diresse in forze contro l\u2019Urbe e la pose sotto assedio (508 a.C.), impedendo l\u2019afflusso dei viveri da tutte le campagne circostanti.<\/p>\n<p style=\"text-align: justify;\">Per ovviare all\u2019insorgente carestia, che stava per diventare insostenibile, il Senato invi\u00f2 dei propri rappresentanti nella pianura Pontina ed a Cuma per richiedervi la fornitura del grano necessario. Nelle sue\u00a0<strong><span style=\"color: #008000;\"><i>Antichit\u00e0 romane<\/i><\/span><\/strong>, <strong><span style=\"color: #008000;\">Dionigi di Alicarnasso<\/span><\/strong> riferisce che i predetti legati romani poterono caricare delle ingenti quantit\u00e0 di provviste alimentari su di un gran numero di navi di piccolo cabotaggio (imbarco probabilmente avvenuto fra Anzio e Terracina). Essi navigarono quindi fino alla foce del Tevere, e poi risalirono il fiume in una notte senza luna, riuscendo cos\u00ec ad eludere la sorveglianza delle navi etrusche che, come sappiamo da Livio, erano incaricate del blocco navale.<\/p>\n<p><img decoding=\"async\" src=\"https:\/\/www.ocean4future.org\/savetheocean\/wp-content\/uploads\/2022\/01\/onde04_oneraria-salerno-1024x576.jpg\" alt=\"Questa immagine ha l'attributo alt vuoto; il nome del file \u00e8 onde04_oneraria-salerno-1024x576.jpg\" width=\"1024\" height=\"576\" \/><\/p>\n<p align=\"justify\"><strong><span style=\"color: #008000;\">Nave oneraria romana in porto, con l\u2019albero abbattuto (Cattedrale di Salerno)<\/span><\/strong><\/p>\n<p style=\"text-align: justify;\">Il ricorso alla navigazione marittima per sanare situazioni di emergenza era destinato ad essere replicato in caso di analoghe difficolt\u00e0. Ne \u00e8 stato tramandato un ulteriore esempio relativo ad una circostanza ancor pi\u00f9 critica verificatasi solo sedici anni dopo (492 a.C.), quando la popolazione di Roma giunse proprio alla fame, tanto che si temeva per le precarie possibilit\u00e0 di sopravvivenza delle fasce sociali pi\u00f9 deboli.<\/p>\n<p style=\"text-align: justify;\">In quella contingenza, i consoli inviarono dei propri incaricati a bordo di navi che partirono da <strong><span style=\"color: #008000;\">Ostia<\/span><\/strong> per cercare viveri da acquistare, sia verso nord, nei porti della costa etrusca, sia verso sud, non solo ad Anzio e Cuna \u2013 come in precedenza \u2013, ma perfino in Sicilia;\u00a0<i>\u201c<strong><span style=\"color: #008000;\">tanto lontano l&#8217;ostilit\u00e0 dei vicini costringeva a cercare aiuti<\/span><\/strong>\u201d<\/i>, comment\u00f2 <strong><span style=\"color: #008000;\">Tito Livio<\/span><\/strong>. Questa diversificazione delle zone di approvvigionamento si dimostr\u00f2 salutare, perch\u00e9 le navi approdate a <strong><span style=\"color: #008000;\">Cuma<\/span><\/strong> furono requisite dal tiranno locale (era un erede dei <strong><span style=\"color: #008000;\">Tarquini<\/span> <\/strong>e non aveva ricevuto quanto rivendicava), mentre quelle inviate pi\u00f9 lontano tornarono l\u2019anno successivo dalla Sicilia con un abbondante carico di grano.\u00a0I due predetti eventi, tramandati dalla tradizione e riferiti da storici di quattro secoli dopo a titolo di esempio delle preoccupazioni del Senato per l\u2019<strong><span style=\"color: #008000;\"><i>annona<\/i><\/span><\/strong>\u00a0(intesa soprattutto come i cereali e le altre derrate agricole destinate all&#8217;alimentazione), fanno capire che le difficolt\u00e0 dei Romani del V secolo a.C., in perenne lotta con le popolazioni circostanti, debbano aver reso indispensabile il costante mantenimento di traffici marittimi sufficienti ad assicurare un afflusso di rifornimenti corrispondente al fabbisogno della popolazione dell\u2019Urbe.<\/p>\n<p style=\"text-align: justify;\">Per inciso, l&#8217;approvvigionamento di viveri costitu\u00ec un problema talmente sensibile per i Romani, che la tradizione attribu\u00ec all\u2019istituto dell\u2019<strong><span style=\"color: #008000;\"><i>annona<\/i><\/span><\/strong>\u00a0un\u2019origine antichissima, risalente alla prima et\u00e0 monarchica. L\u2019iniziativa della distribuzione di grano al popolo sarebbe addirittura stata assunta dal mitico fondatore di Roma: lo storico greco <strong><span style=\"color: #008000;\">Aristobulo<\/span><\/strong> (IV sec. a. C.), citato da <strong><span style=\"color: #008000;\">Plutarco<\/span><\/strong>, ci informa che <strong><span style=\"color: #008000;\">Romolo<\/span><\/strong> rimprover\u00f2 aspramente il Senato, reo di aver abolito quella distribuzione ch\u2019egli stesso aveva oculatamente concesso.<\/p>\n<p style=\"text-align: justify;\"><strong><span style=\"color: #008000;\">In quell\u2019occasione, il cronico contrasto fra gli interessi della \u201ccasta\u201d e quelli del popolo, non solo si risolse a sfavore di quest\u2019ultimo, ma risult\u00f2 fatale anche allo stesso monarca.<\/span><\/strong> Egli cadde infatti vittima dell\u2019ostinazione dei senatori, che lo fecero fuori senza troppi complimenti e ne fecero subito sparire il corpo. Questa fu, perlomeno, la diceria che circol\u00f2 insistentemente fra i Romani, fino a quando non fin\u00ec per prevalere la tesi dell\u2019apoteosi del re, asceso nei cieli ed assunto nel novero degli Dei. <strong><span style=\"color: #008000;\">Poich\u00e9 il culto di Romolo divinizzato venne associato a quello del dio Quirino sull\u2019omonimo colle, potremmo concluderne che, per la Citt\u00e0 eterna, la sacralit\u00e0 del Quirinale sia direttamente derivata dall\u2019abnegazione del primo re nel sostenere la necessit\u00e0 dell\u2019<i>annona<\/i>\u00a0allo scopo di tutelare il benessere del popolo<\/span><\/strong>.<\/p>\n<p><img decoding=\"async\" class=\"\" src=\"https:\/\/www.ocean4future.org\/savetheocean\/wp-content\/uploads\/2022\/01\/onde04_pompeo.jpg\" alt=\"Questa immagine ha l'attributo alt vuoto; il nome del file \u00e8 onde04_pompeo.jpg\" width=\"1068\" height=\"1493\" \/><\/p>\n<p align=\"justify\"><strong><span style=\"color: #008000;\">Busto di Pompeo Magno<\/span><\/strong><\/p>\n<p style=\"text-align: justify;\">Dopo le difficolt\u00e0 di cui si \u00e8 gi\u00e0 detto per i primi secoli della repubblica, l\u2019organizzazione dell\u2019<strong><span style=\"color: #008000;\"><i>annona<\/i>\u00a0<\/span><\/strong>ebbe la necessit\u00e0 di utilizzare intensivamente il trasporto navale anche in epoca tardo-repubblicana e per tutta la durata dell\u2019impero, per delle ragioni ovviamente ben diverse da quelle pi\u00f9 antiche. In effetti, a partire dall\u2019inizio dell\u2019espansione romana oltremare, il costante incremento della popolazione di Roma, unitamente all\u2019accrescersi delle esigenze individuali (immediata conseguenza dell\u2019accumulo delle ricchezze provenienti dalle nuove province), si riflesse in un sensibilissimo aumento della richiesta di derrate alimentari, a livelli non pi\u00f9 sostenibili con la sola produzione agricola nella Penisola. A tal proposito, <strong><span style=\"color: #008000;\">Varrone<\/span><\/strong> critic\u00f2 aspramente quei Romani che preferivano\u00a0<i>\u201c<strong><span style=\"color: #008000;\">usare le mani per applaudire nel teatro e nel circo piuttosto che nella coltivazione dei campi e dei vigneti<\/span><\/strong>\u201d<\/i>, rendendo quindi inevitabili le importazioni marittime dalle altre province.<\/p>\n<p style=\"text-align: justify;\">Una situazione di crisi particolarmente acuta si verific\u00f2 nel <strong><span style=\"color: #008000;\">settembre 57 a.C.<\/span><\/strong>, quando una contingente carestia ridusse pericolosamente le riserva di grano di Roma. In seguito alle pressioni esercitate da <strong><span style=\"color: #008000;\">Cicerone<\/span><\/strong>, il Senato confer\u00ec a <strong><span style=\"color: #008000;\">Pompeo Magno<\/span><\/strong> un comando proconsolare straordinario della durata di cinque anni per la cura dell\u2019<i>annona<\/i>. Questa magistratura eccezionale presentava qualche similitudine \u2013 sia pure senza forze militari \u2013 con il proconsolato che era stato assegnato una decina di anni prima allo stesso Pompeo per la guerra contro i pirati. Il provvedimento gli attribuiva infatti un\u2019autorit\u00e0 assoluta su quanto concerneva la navigazione, in tutti i mari, e l\u2019agricoltura in tutte le regioni soggette ai Romani.<\/p>\n<p style=\"text-align: justify;\">Dopo aver scelto i propri <strong><span style=\"color: #008000;\">quindici luogotenenti di rango senatorio<\/span><\/strong>, ponendo al primo posto proprio il fido <strong><span style=\"color: #008000;\">Cicerone<\/span><\/strong> (che peraltro si impegn\u00f2 inizialmente con un certo entusiasmo e malcelato orgoglio), Pompeo si mosse con il consueto dinamismo, mettendosi egli stesso per mare per recarsi nelle province che fornivano le maggiori quantit\u00e0 di grano, come la Sicilia, la Sardegna e l\u2019Africa proconsolare. Vi ispezion\u00f2 di persona i luoghi di raccolta dei cereali ed i porti utilizzati dal traffico marittimo che li trasportava Roma. Controll\u00f2 le operazioni di carico delle granaglie sulle navi e l\u2019organizzazione del traffico navale diretto ad Ostia ed agli altri porti della costa tirrenica. Volle anche imbarcarsi su uno dei convogli di navi onerarie in partenza per le predette destinazioni.<\/p>\n<p><img decoding=\"async\" class=\"\" src=\"https:\/\/www.ocean4future.org\/savetheocean\/wp-content\/uploads\/2022\/01\/onde04_sbarcomerci.jpg\" alt=\"Questa immagine ha l'attributo alt vuoto; il nome del file \u00e8 onde04_sbarcomerci.jpg\" width=\"1059\" height=\"830\" \/><\/p>\n<p align=\"justify\"><strong><span style=\"color: #008000;\">Sbarco di merci da una nave oneraria romana (Museo della Civilt\u00e0 Romana)<\/span><\/strong><\/p>\n<p style=\"text-align: justify;\">Si era ormai nell\u2019autunno avanzato e mancava ormai ben poco tempo al periodo in cui, a causa della estrema frequenza e pericolosit\u00e0 delle burrasche invernali, la navigazione veniva sospesa dalla maggior parte del naviglio mercantile (<strong><span style=\"color: #008000;\"><i>mare clausum<\/i><\/span><\/strong>). Vi era quindi un\u2019obiettiva urgenza di far partire quelle navi. Tuttavia, proprio al momento di salpare, i suoi comandanti si dichiararono restii a prendere il mare, poich\u00e9 le condizioni del tempo in visibile peggioramento non lasciavano presagire una navigazione in sicurezza. Pompeo non ammise discussioni, dando loro una risposta spietata:\u00a0<i>\u201c<strong><span style=\"color: #008000;\">Navigare \u00e8 necessario, vivere non lo \u00e8!<\/span><\/strong>\u201d<\/i>\u00a0E diede l\u2019ordine di partenza, lasciandoli interdetti per quell\u2019affermazione paradossale ma inconfutabile.<\/p>\n<p><strong><span style=\"color: #008000;\">Domenico Carro<\/span><\/strong><\/p>\n<p>&nbsp;<\/p>\n<p style=\"text-align: justify;\">Alcune delle immagini possono essere state prese dal web, citandone ove possibile gli autori e\/o le fonti. Se qualcuno desiderasse specificarne l\u2019autore o rimuoverle, pu\u00f2 scrivere a infoocean4future@gmail.com e provvederemo immediatamente alla correzione dell\u2019articolo<\/p>\n<p>&nbsp;<\/p>\n<p><a class=\"maxbutton-3 maxbutton maxbutton-pagina-principale\" target=\"_blank\" title=\"tooltip\" rel=\"nofollow noopener\" href=\"http:\/\/www.ocean4future.org\"><span class='mb-text'>PAGINA PRINCIPALE<\/span><\/a><br \/>\n<span style=\"color: #ffffff;\">.<\/span><\/p>\n","protected":false},"excerpt":{"rendered":"<p><span class=\"span-reading-time rt-reading-time\" style=\"display: block;\"><span class=\"rt-label rt-prefix\">tempo di lettura: <\/span> <span class=\"rt-time\"> 6<\/span> <span class=\"rt-label rt-postfix\">minuti<\/span><\/span>. . ARGOMENTO: STORIA ROMANA PERIODO: CLASSICO AREA: MAR MEDITERRANEO parole chiave: annona, &nbsp; Eravamo ancora nel precedente millennio, nel \u201897, quando decisi di dotarmi di un sito\u00a0Internet personale per poter mettere in rete qualche mio scritto sulla storia navale e marittima di Roma antica. Poich\u00e9 in quegli anni la quasi totalit\u00e0 dei siti\u00a0Web\u00a0erano redatti [&hellip;]<\/p>\n","protected":false},"author":2432,"featured_media":68785,"comment_status":"open","ping_status":"open","sticky":false,"template":"","format":"standard","meta":{"_acf_changed":false,"_monsterinsights_skip_tracking":false,"_monsterinsights_sitenote_active":false,"_monsterinsights_sitenote_note":"","_monsterinsights_sitenote_category":0,"footnotes":""},"categories":[2312],"tags":[],"class_list":["post-68701","post","type-post","status-publish","format-standard","has-post-thumbnail","hentry","category-storia-navale-romana"],"acf":[],"yoast_head":"<!-- This site is optimized with the Yoast SEO plugin v27.4 - https:\/\/yoast.com\/product\/yoast-seo-wordpress\/ -->\n<title>Sulle onde della storia romana: Navigare necesse est &#8226; OCEAN4FUTURE autore<\/title>\n<meta name=\"robots\" content=\"index, follow, max-snippet:-1, max-image-preview:large, max-video-preview:-1\" \/>\n<link rel=\"canonical\" href=\"https:\/\/www.ocean4future.org\/savetheocean\/archives\/68701\" \/>\n<meta property=\"og:locale\" content=\"it_IT\" \/>\n<meta property=\"og:type\" content=\"article\" \/>\n<meta property=\"og:title\" content=\"Sulle onde della storia romana: Navigare necesse est &#8226; OCEAN4FUTURE autore\" \/>\n<meta property=\"og:description\" content=\"tempo di lettura:  6 minuti. . ARGOMENTO: STORIA ROMANA PERIODO: CLASSICO AREA: MAR MEDITERRANEO parole chiave: annona, &nbsp; Eravamo ancora nel precedente millennio, nel \u201897, quando decisi di dotarmi di un sito\u00a0Internet personale per poter mettere in rete qualche mio scritto sulla storia navale e marittima di Roma antica. Poich\u00e9 in quegli anni la quasi totalit\u00e0 dei siti\u00a0Web\u00a0erano redatti [&hellip;]\" \/>\n<meta property=\"og:url\" content=\"https:\/\/www.ocean4future.org\/savetheocean\/archives\/68701\" \/>\n<meta property=\"og:site_name\" content=\"OCEAN4FUTURE\" \/>\n<meta property=\"article:author\" content=\"https:\/\/www.facebook.com\/romaeternaorg\" \/>\n<meta property=\"article:published_time\" content=\"2025-12-20T23:01:00+00:00\" \/>\n<meta property=\"article:modified_time\" content=\"2026-04-18T07:15:05+00:00\" \/>\n<meta property=\"og:image\" content=\"https:\/\/www.ocean4future.org\/savetheocean\/wp-content\/uploads\/2022\/01\/onde04_frumentaria.jpg\" \/>\n\t<meta property=\"og:image:width\" content=\"1102\" \/>\n\t<meta property=\"og:image:height\" content=\"620\" \/>\n\t<meta property=\"og:image:type\" content=\"image\/jpeg\" \/>\n<meta name=\"author\" content=\"Domenico Carro\" \/>\n<meta name=\"twitter:card\" content=\"summary_large_image\" \/>\n<meta name=\"twitter:creator\" content=\"@https:\/\/twitter.com\/romaeterna\" \/>\n<meta name=\"twitter:site\" content=\"@ocean4future\" \/>\n<meta name=\"twitter:label1\" content=\"Scritto da\" \/>\n\t<meta name=\"twitter:data1\" content=\"Domenico Carro\" \/>\n\t<meta name=\"twitter:label2\" content=\"Tempo di lettura stimato\" \/>\n\t<meta name=\"twitter:data2\" content=\"10 minuti\" \/>\n<script type=\"application\/ld+json\" class=\"yoast-schema-graph\">{\"@context\":\"https:\\\/\\\/schema.org\",\"@graph\":[{\"@type\":\"Article\",\"@id\":\"https:\\\/\\\/www.ocean4future.org\\\/savetheocean\\\/archives\\\/68701#article\",\"isPartOf\":{\"@id\":\"https:\\\/\\\/www.ocean4future.org\\\/savetheocean\\\/archives\\\/68701\"},\"author\":{\"name\":\"Domenico Carro\",\"@id\":\"https:\\\/\\\/www.ocean4future.org\\\/savetheocean\\\/#\\\/schema\\\/person\\\/bd39f4411183ae5079b848f4a43f0a4d\"},\"headline\":\"Sulle onde della storia romana: Navigare necesse est\",\"datePublished\":\"2025-12-20T23:01:00+00:00\",\"dateModified\":\"2026-04-18T07:15:05+00:00\",\"mainEntityOfPage\":{\"@id\":\"https:\\\/\\\/www.ocean4future.org\\\/savetheocean\\\/archives\\\/68701\"},\"wordCount\":1550,\"commentCount\":0,\"publisher\":{\"@id\":\"https:\\\/\\\/www.ocean4future.org\\\/savetheocean\\\/#\\\/schema\\\/person\\\/4e1c26437054353074d7bb2efa77162c\"},\"image\":{\"@id\":\"https:\\\/\\\/www.ocean4future.org\\\/savetheocean\\\/archives\\\/68701#primaryimage\"},\"thumbnailUrl\":\"https:\\\/\\\/www.ocean4future.org\\\/savetheocean\\\/wp-content\\\/uploads\\\/2022\\\/01\\\/onde04_frumentaria.jpg\",\"articleSection\":[\"Storia navale Romana\"],\"inLanguage\":\"it-IT\",\"potentialAction\":[{\"@type\":\"CommentAction\",\"name\":\"Comment\",\"target\":[\"https:\\\/\\\/www.ocean4future.org\\\/savetheocean\\\/archives\\\/68701#respond\"]}]},{\"@type\":\"WebPage\",\"@id\":\"https:\\\/\\\/www.ocean4future.org\\\/savetheocean\\\/archives\\\/68701\",\"url\":\"https:\\\/\\\/www.ocean4future.org\\\/savetheocean\\\/archives\\\/68701\",\"name\":\"Sulle onde della storia romana: Navigare necesse est &#8226; OCEAN4FUTURE autore\",\"isPartOf\":{\"@id\":\"https:\\\/\\\/www.ocean4future.org\\\/savetheocean\\\/#website\"},\"primaryImageOfPage\":{\"@id\":\"https:\\\/\\\/www.ocean4future.org\\\/savetheocean\\\/archives\\\/68701#primaryimage\"},\"image\":{\"@id\":\"https:\\\/\\\/www.ocean4future.org\\\/savetheocean\\\/archives\\\/68701#primaryimage\"},\"thumbnailUrl\":\"https:\\\/\\\/www.ocean4future.org\\\/savetheocean\\\/wp-content\\\/uploads\\\/2022\\\/01\\\/onde04_frumentaria.jpg\",\"datePublished\":\"2025-12-20T23:01:00+00:00\",\"dateModified\":\"2026-04-18T07:15:05+00:00\",\"breadcrumb\":{\"@id\":\"https:\\\/\\\/www.ocean4future.org\\\/savetheocean\\\/archives\\\/68701#breadcrumb\"},\"inLanguage\":\"it-IT\",\"potentialAction\":[{\"@type\":\"ReadAction\",\"target\":[\"https:\\\/\\\/www.ocean4future.org\\\/savetheocean\\\/archives\\\/68701\"]}]},{\"@type\":\"ImageObject\",\"inLanguage\":\"it-IT\",\"@id\":\"https:\\\/\\\/www.ocean4future.org\\\/savetheocean\\\/archives\\\/68701#primaryimage\",\"url\":\"https:\\\/\\\/www.ocean4future.org\\\/savetheocean\\\/wp-content\\\/uploads\\\/2022\\\/01\\\/onde04_frumentaria.jpg\",\"contentUrl\":\"https:\\\/\\\/www.ocean4future.org\\\/savetheocean\\\/wp-content\\\/uploads\\\/2022\\\/01\\\/onde04_frumentaria.jpg\",\"width\":1102,\"height\":620},{\"@type\":\"BreadcrumbList\",\"@id\":\"https:\\\/\\\/www.ocean4future.org\\\/savetheocean\\\/archives\\\/68701#breadcrumb\",\"itemListElement\":[{\"@type\":\"ListItem\",\"position\":1,\"name\":\"Home\",\"item\":\"https:\\\/\\\/www.ocean4future.org\\\/savetheocean\"},{\"@type\":\"ListItem\",\"position\":2,\"name\":\"Sulle onde della storia romana: Navigare necesse est\"}]},{\"@type\":\"WebSite\",\"@id\":\"https:\\\/\\\/www.ocean4future.org\\\/savetheocean\\\/#website\",\"url\":\"https:\\\/\\\/www.ocean4future.org\\\/savetheocean\\\/\",\"name\":\"Ocean 4 Future\",\"description\":\"Per una nuova cultura del mare e della marittimit\u00e0\",\"publisher\":{\"@id\":\"https:\\\/\\\/www.ocean4future.org\\\/savetheocean\\\/#\\\/schema\\\/person\\\/4e1c26437054353074d7bb2efa77162c\"},\"potentialAction\":[{\"@type\":\"SearchAction\",\"target\":{\"@type\":\"EntryPoint\",\"urlTemplate\":\"https:\\\/\\\/www.ocean4future.org\\\/savetheocean\\\/?s={search_term_string}\"},\"query-input\":{\"@type\":\"PropertyValueSpecification\",\"valueRequired\":true,\"valueName\":\"search_term_string\"}}],\"inLanguage\":\"it-IT\"},{\"@type\":[\"Person\",\"Organization\"],\"@id\":\"https:\\\/\\\/www.ocean4future.org\\\/savetheocean\\\/#\\\/schema\\\/person\\\/4e1c26437054353074d7bb2efa77162c\",\"name\":\"oceandiver\",\"image\":{\"@type\":\"ImageObject\",\"inLanguage\":\"it-IT\",\"@id\":\"https:\\\/\\\/www.ocean4future.org\\\/savetheocean\\\/wp-content\\\/uploads\\\/2023\\\/04\\\/logo-ocean3.jpg\",\"url\":\"https:\\\/\\\/www.ocean4future.org\\\/savetheocean\\\/wp-content\\\/uploads\\\/2023\\\/04\\\/logo-ocean3.jpg\",\"contentUrl\":\"https:\\\/\\\/www.ocean4future.org\\\/savetheocean\\\/wp-content\\\/uploads\\\/2023\\\/04\\\/logo-ocean3.jpg\",\"width\":472,\"height\":301,\"caption\":\"oceandiver\"},\"logo\":{\"@id\":\"https:\\\/\\\/www.ocean4future.org\\\/savetheocean\\\/wp-content\\\/uploads\\\/2023\\\/04\\\/logo-ocean3.jpg\"}},{\"@type\":\"Person\",\"@id\":\"https:\\\/\\\/www.ocean4future.org\\\/savetheocean\\\/#\\\/schema\\\/person\\\/bd39f4411183ae5079b848f4a43f0a4d\",\"name\":\"Domenico Carro\",\"image\":{\"@type\":\"ImageObject\",\"inLanguage\":\"it-IT\",\"@id\":\"https:\\\/\\\/secure.gravatar.com\\\/avatar\\\/47647ae893cdd6f04acaf68ee6f47e77a677bb080bbb9b02c80b6e3a3df707bd?s=96&d=mm&r=g\",\"url\":\"https:\\\/\\\/secure.gravatar.com\\\/avatar\\\/47647ae893cdd6f04acaf68ee6f47e77a677bb080bbb9b02c80b6e3a3df707bd?s=96&d=mm&r=g\",\"contentUrl\":\"https:\\\/\\\/secure.gravatar.com\\\/avatar\\\/47647ae893cdd6f04acaf68ee6f47e77a677bb080bbb9b02c80b6e3a3df707bd?s=96&d=mm&r=g\",\"caption\":\"Domenico Carro\"},\"description\":\"ammiraglio di divisione della Riserva della Marina Militare Italiana, dal momento del suo ritiro dal servizio attivo, assecondando la propria natura di appassionato cultore della Civilt\u00e0 Romana, ha potuto dedicarsi interamente all'approfondimento dei suoi studi storiografici, nell'ambito dei quali ha pubblicato numerosi libri e saggi, creato l'interessantissimo sito ROMA AETERNA ed\u00a0\u00a0il foro di discussione FORVM ROMAETERNA (2001-2013), poi sostituito dall'istituzione di pagine estratte da \\\"Roma Aeterna\\\" nelle maggiori reti sociali, quali Linkedin, Facebook, Twitter, Youtube, Flickr, etc.\u00a0 Non ultimo, l'ammiraglio Carro \u00e8 relatore in importanti convegni,\u00a0 nazionali ed internazionali sui temi della storiografia romana e della salvaguardia della cultura marittima.\",\"sameAs\":[\"http:\\\/\\\/www.romaeterna.org\\\/\",\"https:\\\/\\\/www.facebook.com\\\/romaeternaorg\",\"http:\\\/\\\/www.linkedin.com\\\/groups?gid=44675\",\"https:\\\/\\\/x.com\\\/https:\\\/\\\/twitter.com\\\/romaeterna\",\"http:\\\/\\\/www.youtube.com\\\/romaeternaorg\"],\"url\":\"https:\\\/\\\/www.ocean4future.org\\\/savetheocean\\\/archives\\\/author\\\/domenico-carro\"}]}<\/script>\n<!-- \/ Yoast SEO plugin. -->","yoast_head_json":{"title":"Sulle onde della storia romana: Navigare necesse est &#8226; OCEAN4FUTURE autore","robots":{"index":"index","follow":"follow","max-snippet":"max-snippet:-1","max-image-preview":"max-image-preview:large","max-video-preview":"max-video-preview:-1"},"canonical":"https:\/\/www.ocean4future.org\/savetheocean\/archives\/68701","og_locale":"it_IT","og_type":"article","og_title":"Sulle onde della storia romana: Navigare necesse est &#8226; OCEAN4FUTURE autore","og_description":"tempo di lettura:  6 minuti. . ARGOMENTO: STORIA ROMANA PERIODO: CLASSICO AREA: MAR MEDITERRANEO parole chiave: annona, &nbsp; Eravamo ancora nel precedente millennio, nel \u201897, quando decisi di dotarmi di un sito\u00a0Internet personale per poter mettere in rete qualche mio scritto sulla storia navale e marittima di Roma antica. Poich\u00e9 in quegli anni la quasi totalit\u00e0 dei siti\u00a0Web\u00a0erano redatti [&hellip;]","og_url":"https:\/\/www.ocean4future.org\/savetheocean\/archives\/68701","og_site_name":"OCEAN4FUTURE","article_author":"https:\/\/www.facebook.com\/romaeternaorg","article_published_time":"2025-12-20T23:01:00+00:00","article_modified_time":"2026-04-18T07:15:05+00:00","og_image":[{"width":1102,"height":620,"url":"https:\/\/www.ocean4future.org\/savetheocean\/wp-content\/uploads\/2022\/01\/onde04_frumentaria.jpg","type":"image\/jpeg"}],"author":"Domenico Carro","twitter_card":"summary_large_image","twitter_creator":"@https:\/\/twitter.com\/romaeterna","twitter_site":"@ocean4future","twitter_misc":{"Scritto da":"Domenico Carro","Tempo di lettura stimato":"10 minuti"},"schema":{"@context":"https:\/\/schema.org","@graph":[{"@type":"Article","@id":"https:\/\/www.ocean4future.org\/savetheocean\/archives\/68701#article","isPartOf":{"@id":"https:\/\/www.ocean4future.org\/savetheocean\/archives\/68701"},"author":{"name":"Domenico Carro","@id":"https:\/\/www.ocean4future.org\/savetheocean\/#\/schema\/person\/bd39f4411183ae5079b848f4a43f0a4d"},"headline":"Sulle onde della storia romana: Navigare necesse est","datePublished":"2025-12-20T23:01:00+00:00","dateModified":"2026-04-18T07:15:05+00:00","mainEntityOfPage":{"@id":"https:\/\/www.ocean4future.org\/savetheocean\/archives\/68701"},"wordCount":1550,"commentCount":0,"publisher":{"@id":"https:\/\/www.ocean4future.org\/savetheocean\/#\/schema\/person\/4e1c26437054353074d7bb2efa77162c"},"image":{"@id":"https:\/\/www.ocean4future.org\/savetheocean\/archives\/68701#primaryimage"},"thumbnailUrl":"https:\/\/www.ocean4future.org\/savetheocean\/wp-content\/uploads\/2022\/01\/onde04_frumentaria.jpg","articleSection":["Storia navale Romana"],"inLanguage":"it-IT","potentialAction":[{"@type":"CommentAction","name":"Comment","target":["https:\/\/www.ocean4future.org\/savetheocean\/archives\/68701#respond"]}]},{"@type":"WebPage","@id":"https:\/\/www.ocean4future.org\/savetheocean\/archives\/68701","url":"https:\/\/www.ocean4future.org\/savetheocean\/archives\/68701","name":"Sulle onde della storia romana: Navigare necesse est &#8226; OCEAN4FUTURE autore","isPartOf":{"@id":"https:\/\/www.ocean4future.org\/savetheocean\/#website"},"primaryImageOfPage":{"@id":"https:\/\/www.ocean4future.org\/savetheocean\/archives\/68701#primaryimage"},"image":{"@id":"https:\/\/www.ocean4future.org\/savetheocean\/archives\/68701#primaryimage"},"thumbnailUrl":"https:\/\/www.ocean4future.org\/savetheocean\/wp-content\/uploads\/2022\/01\/onde04_frumentaria.jpg","datePublished":"2025-12-20T23:01:00+00:00","dateModified":"2026-04-18T07:15:05+00:00","breadcrumb":{"@id":"https:\/\/www.ocean4future.org\/savetheocean\/archives\/68701#breadcrumb"},"inLanguage":"it-IT","potentialAction":[{"@type":"ReadAction","target":["https:\/\/www.ocean4future.org\/savetheocean\/archives\/68701"]}]},{"@type":"ImageObject","inLanguage":"it-IT","@id":"https:\/\/www.ocean4future.org\/savetheocean\/archives\/68701#primaryimage","url":"https:\/\/www.ocean4future.org\/savetheocean\/wp-content\/uploads\/2022\/01\/onde04_frumentaria.jpg","contentUrl":"https:\/\/www.ocean4future.org\/savetheocean\/wp-content\/uploads\/2022\/01\/onde04_frumentaria.jpg","width":1102,"height":620},{"@type":"BreadcrumbList","@id":"https:\/\/www.ocean4future.org\/savetheocean\/archives\/68701#breadcrumb","itemListElement":[{"@type":"ListItem","position":1,"name":"Home","item":"https:\/\/www.ocean4future.org\/savetheocean"},{"@type":"ListItem","position":2,"name":"Sulle onde della storia romana: Navigare necesse est"}]},{"@type":"WebSite","@id":"https:\/\/www.ocean4future.org\/savetheocean\/#website","url":"https:\/\/www.ocean4future.org\/savetheocean\/","name":"Ocean 4 Future","description":"Per una nuova cultura del mare e della marittimit\u00e0","publisher":{"@id":"https:\/\/www.ocean4future.org\/savetheocean\/#\/schema\/person\/4e1c26437054353074d7bb2efa77162c"},"potentialAction":[{"@type":"SearchAction","target":{"@type":"EntryPoint","urlTemplate":"https:\/\/www.ocean4future.org\/savetheocean\/?s={search_term_string}"},"query-input":{"@type":"PropertyValueSpecification","valueRequired":true,"valueName":"search_term_string"}}],"inLanguage":"it-IT"},{"@type":["Person","Organization"],"@id":"https:\/\/www.ocean4future.org\/savetheocean\/#\/schema\/person\/4e1c26437054353074d7bb2efa77162c","name":"oceandiver","image":{"@type":"ImageObject","inLanguage":"it-IT","@id":"https:\/\/www.ocean4future.org\/savetheocean\/wp-content\/uploads\/2023\/04\/logo-ocean3.jpg","url":"https:\/\/www.ocean4future.org\/savetheocean\/wp-content\/uploads\/2023\/04\/logo-ocean3.jpg","contentUrl":"https:\/\/www.ocean4future.org\/savetheocean\/wp-content\/uploads\/2023\/04\/logo-ocean3.jpg","width":472,"height":301,"caption":"oceandiver"},"logo":{"@id":"https:\/\/www.ocean4future.org\/savetheocean\/wp-content\/uploads\/2023\/04\/logo-ocean3.jpg"}},{"@type":"Person","@id":"https:\/\/www.ocean4future.org\/savetheocean\/#\/schema\/person\/bd39f4411183ae5079b848f4a43f0a4d","name":"Domenico Carro","image":{"@type":"ImageObject","inLanguage":"it-IT","@id":"https:\/\/secure.gravatar.com\/avatar\/47647ae893cdd6f04acaf68ee6f47e77a677bb080bbb9b02c80b6e3a3df707bd?s=96&d=mm&r=g","url":"https:\/\/secure.gravatar.com\/avatar\/47647ae893cdd6f04acaf68ee6f47e77a677bb080bbb9b02c80b6e3a3df707bd?s=96&d=mm&r=g","contentUrl":"https:\/\/secure.gravatar.com\/avatar\/47647ae893cdd6f04acaf68ee6f47e77a677bb080bbb9b02c80b6e3a3df707bd?s=96&d=mm&r=g","caption":"Domenico Carro"},"description":"ammiraglio di divisione della Riserva della Marina Militare Italiana, dal momento del suo ritiro dal servizio attivo, assecondando la propria natura di appassionato cultore della Civilt\u00e0 Romana, ha potuto dedicarsi interamente all'approfondimento dei suoi studi storiografici, nell'ambito dei quali ha pubblicato numerosi libri e saggi, creato l'interessantissimo sito ROMA AETERNA ed\u00a0\u00a0il foro di discussione FORVM ROMAETERNA (2001-2013), poi sostituito dall'istituzione di pagine estratte da \"Roma Aeterna\" nelle maggiori reti sociali, quali Linkedin, Facebook, Twitter, Youtube, Flickr, etc.\u00a0 Non ultimo, l'ammiraglio Carro \u00e8 relatore in importanti convegni,\u00a0 nazionali ed internazionali sui temi della storiografia romana e della salvaguardia della cultura marittima.","sameAs":["http:\/\/www.romaeterna.org\/","https:\/\/www.facebook.com\/romaeternaorg","http:\/\/www.linkedin.com\/groups?gid=44675","https:\/\/x.com\/https:\/\/twitter.com\/romaeterna","http:\/\/www.youtube.com\/romaeternaorg"],"url":"https:\/\/www.ocean4future.org\/savetheocean\/archives\/author\/domenico-carro"}]}},"_links":{"self":[{"href":"https:\/\/www.ocean4future.org\/savetheocean\/wp-json\/wp\/v2\/posts\/68701","targetHints":{"allow":["GET"]}}],"collection":[{"href":"https:\/\/www.ocean4future.org\/savetheocean\/wp-json\/wp\/v2\/posts"}],"about":[{"href":"https:\/\/www.ocean4future.org\/savetheocean\/wp-json\/wp\/v2\/types\/post"}],"author":[{"embeddable":true,"href":"https:\/\/www.ocean4future.org\/savetheocean\/wp-json\/wp\/v2\/users\/2432"}],"replies":[{"embeddable":true,"href":"https:\/\/www.ocean4future.org\/savetheocean\/wp-json\/wp\/v2\/comments?post=68701"}],"version-history":[{"count":1,"href":"https:\/\/www.ocean4future.org\/savetheocean\/wp-json\/wp\/v2\/posts\/68701\/revisions"}],"predecessor-version":[{"id":127612,"href":"https:\/\/www.ocean4future.org\/savetheocean\/wp-json\/wp\/v2\/posts\/68701\/revisions\/127612"}],"wp:featuredmedia":[{"embeddable":true,"href":"https:\/\/www.ocean4future.org\/savetheocean\/wp-json\/wp\/v2\/media\/68785"}],"wp:attachment":[{"href":"https:\/\/www.ocean4future.org\/savetheocean\/wp-json\/wp\/v2\/media?parent=68701"}],"wp:term":[{"taxonomy":"category","embeddable":true,"href":"https:\/\/www.ocean4future.org\/savetheocean\/wp-json\/wp\/v2\/categories?post=68701"},{"taxonomy":"post_tag","embeddable":true,"href":"https:\/\/www.ocean4future.org\/savetheocean\/wp-json\/wp\/v2\/tags?post=68701"}],"curies":[{"name":"wp","href":"https:\/\/api.w.org\/{rel}","templated":true}]}}