{"id":68692,"date":"2025-12-28T00:05:00","date_gmt":"2025-12-27T23:05:00","guid":{"rendered":"http:\/\/www.ocean4future.org\/savetheocean\/?p=68692"},"modified":"2026-03-25T18:59:33","modified_gmt":"2026-03-25T17:59:33","slug":"68692","status":"publish","type":"post","link":"https:\/\/www.ocean4future.org\/savetheocean\/archives\/68692","title":{"rendered":"Sulle onde della storia romana: Pale a prora!"},"content":{"rendered":"<span class=\"span-reading-time rt-reading-time\" style=\"display: block;\"><span class=\"rt-label rt-prefix\">tempo di lettura: <\/span> <span class=\"rt-time\"> 7<\/span> <span class=\"rt-label rt-postfix\">minuti<\/span><\/span><p><span style=\"color: #ffffff;\">.<\/span><\/p>\n<a class=\"maxbutton-4 maxbutton maxbutton-livello-di-comprensione\" href=\"javascript:void(0);\"><span class='mb-text'>livello elementare<\/span><\/a>\n<p><span style=\"color: #ffffff;\">.<\/span><\/p>\n<p><strong><span style=\"color: #008000;\">ARGOMENTO:&nbsp;STORIA ROMANA<\/span><\/strong><br \/>\n<strong><span style=\"color: #008000;\">PERIODO: CLASSICO<\/span><\/strong><br \/>\n<strong><span style=\"color: #008000;\">AREA: MAR MEDITERRANEO<\/span><\/strong><br \/>\nparole chiave: navigazione, rematori, cultura romana<\/p>\n<p>&nbsp;<\/p>\n<p style=\"text-align: justify;\">Con questo articolo l\u2019<strong><span style=\"color: #008000;\">ammiraglio Domenico Carro<\/span><\/strong>, studioso di storia romana a livello internazionale, inizia una serie di scritti che illustreranno alcuni aspetti particolari delle attivit\u00e0 navali e marittime dei Romani, mettendo a fuoco aspetti poco noti, a volte addirittura travisati, sulla cultura e storia romana.<\/p>\n<p style=\"text-align: justify;\">Quando si pensa all&#8217;antica <strong><span style=\"color: #008000;\">Roma<\/span><\/strong>, c&#8217;\u00e8 sempre il rischio di essere fuorviati da una lunga serie di stereotipi alquanto fasulli, originati da ricostruzioni storiche sbrigative o sensazionalistiche, come quelle dei kolossal della cinematografia hollywoodiana, oppure anche dall&#8217;interpretazione troppo letterale e seriosa di certi scritti degli stessi Romani, che amavano scherzare su tutto ed irridere i potenti, pur mantenendosi normalmente fedeli al loro innato buon senso. Sta di fatto che non riusciamo a pensare a Caligola senza ricordare che nomin\u00f2 console o senatore il suo cavallo, n\u00e9 a Nerone senza raffigurarci la faccia di Peter Ustinov mentre canta stupidamente al cospetto dell&#8217;incendio di Roma. Naturalmente si tratta di fatti irreali: non ci sono mai stati cavalli nei fasti consolari n\u00e9 nella Curia del Senato, e Nerone non \u00e8 certo stato un distruttore, ma anzi uno dei pi\u00f9 poderosi costruttori.<\/p>\n<p><img decoding=\"async\" src=\"https:\/\/www.ocean4future.org\/savetheocean\/wp-content\/uploads\/2022\/01\/onde01_navig_mista-1024x487.jpg\" alt=\"Questa immagine ha l'attributo alt vuoto; il nome del file \u00e8 onde01_navig_mista-1024x487.jpg\" width=\"1024\" height=\"487\"><\/p>\n<p align=\"justify\"><strong><span style=\"color: #008000;\">Rematori in azione su di una nave da guerra romana (Museo Archeologico di Baia)<\/span><\/strong><\/p>\n<p style=\"text-align: justify;\">Se quanto \u00e8 avvenuto sotto gli occhi di tutti permane oggetto di distorsioni ed ingannevoli interpretazioni, questo fenomeno si verifica a maggior ragione per tutto ci\u00f2 che riguarda le navi e l\u2019ambiente marittimo, poich\u00e9 i relativi eventi accadono per lo pi\u00f9 fuori vista, nella solitudine della navigazione, e comunque secondo logiche e modalit\u00e0 generalmente poco conosciute.<\/p>\n<p style=\"text-align: justify;\">Ne abbiamo pertanto pochissime testimonianze dirette, mentre ogni altra descrizione risulta in gran parte invalidata da errori derivanti dalla limitata competenza o da preconcetti fuorvianti. Ad esempio, tornando a riferirci al cinema, l\u2019ultima grande scena di battaglia navale romana rappresentata sugli schermi \u00e8 ancora quella di <strong><span style=\"color: #008000;\">Ben Hur (1959)<\/span><\/strong>, in cui abbiamo visto l\u2019<strong><span style=\"color: #008000;\">immaginario console Quinto Arrio<\/span><\/strong>, comandante della flotta, naufrago ed afflitto perch\u00e9 convinto di essere stato sconfitto in mare dalle navi dei pirati macedoni (immaginari anch\u2019essi). Egli vorrebbe allora togliersi la vita, ma ne viene pietosamente distolto dal nobile e compassionevole Ben Hur, fortunosamente salvatosi anche lui sebbene fosse stato fino all\u2019ultimo impegnato a liberare i suoi compagni rematori, incatenati ai banchi della nave ammiraglia speronata ed in procinto di affondare.<\/p>\n<p><img decoding=\"async\" src=\"https:\/\/www.ocean4future.org\/savetheocean\/wp-content\/uploads\/2022\/01\/ben-hur-battaglia.jpg\" alt=\"Questa immagine ha l'attributo alt vuoto; il nome del file \u00e8 ben-hur-battaglia.jpg\" width=\"1000\" height=\"667\"><\/p>\n<p align=\"justify\"><strong><span style=\"color: #008000;\">Dato Bakhtadze recita la parte di Hortator nella riedizione del 2016 di Ben-Hur della Paramount Pictures e Metro-Goldwyn-Mayer Pictures &#8211; ancora una volta un film che non rappresenta la realt\u00e0 storica navale romana<\/span><\/strong><\/p>\n<p style=\"text-align: justify;\">Sopraggiunge poi una trireme romana che accoglie a bordo i due naufraghi, annunciando lietamente che la battaglia navale era stata vinta, ancorch\u00e9 all\u2019insaputa dell\u2019ignaro e frastornato comandante in capo della flotta romana.&nbsp; Anche in questo caso, come nel <strong><span style=\"color: #008000;\">Quo vadis<\/span> <\/strong>(1951) con Peter Ustinov, sono stati mostrati svariati elementi incoerenti con il quadro storico, ma destinati ad essere egualmente assunti dagli spettatori come verit\u00e0 incontrovertibili ed incancellabili, poich\u00e9 ci\u00f2 che si \u00e8 visto con i propri occhi (anche su di uno schermo) viene impresso nella memoria con una vivezza equivalente alle esperienze personalmente vissute. Fra gli elementi irrealistici della predetta scena, oltre alla pietosa incompetenza navale del console Arrio, vincitore casuale di una battaglia in mare che temeva di aver perduto contro dei pirati ampiamente pi\u00f9 deboli, spiccano soprattutto le catene dei rematori.<\/p>\n<p><img decoding=\"async\" src=\"https:\/\/www.ocean4future.org\/savetheocean\/wp-content\/uploads\/2022\/01\/ben-hur.jpeg\" alt=\"Questa immagine ha l'attributo alt vuoto; il nome del file \u00e8 ben-hur.jpeg\" width=\"690\" height=\"578\"><\/p>\n<p align=\"justify\"><strong><span style=\"color: #008000;\">scena di rematori dal film Ben Hur originale<\/span><\/strong><\/p>\n<p style=\"text-align: justify;\">Nella nostra analisi storica, iniziamo proprio dai rematori, in modo da avviare la nostra navigazione nel mondo romano con il vigoroso impulso della loro voga.&nbsp;<strong><span style=\"color: #008000;\">Innanzi tutto, facciamo subito scomparire quelle indegne catene. I galeotti condannati a remare sulle galee, incatenati al proprio banco e crudelmente frustati, non esistevano nell\u2019antichit\u00e0 romana.<\/span><\/strong> Medievali erano le galee e medievali furono quei galeotti. A bordo delle navi da guerra dell\u2019antica Roma non c\u2019erano condannati ai lavori forzati o prigionieri nemici ridotti in schiavit\u00f9 e costretti a vogare sotto lo stimolo e la costante minaccia dell&#8217;aguzzino. C\u2019era solo e semplicemente, come accade tutt\u2019oggi, un fiero equipaggio di uomini liberi. Questo equipaggio era suddiviso in tre grandi categorie: i marinai, i classiari ed i rematori. Rispetto alle prime due, di cui ci occuperemo nei prossimi numeri, la categoria dei rematori era evidentemente quella cui veniva richiesto l\u2019impegno pi\u00f9 gravoso in termini di sforzo fisico. Si trattava dunque del personale proveniente dalle fasce pi\u00f9 umili e bisognose della societ\u00e0, e pertanto disposto ad accettare dei sacrifici maggiori. Questo non vuol dire ch\u2019essi venissero guardati con disprezzo o maltrattati. Al contrario, essi fruivano di adeguati turni di riposo e di un vitto sempre abbondante, giacch\u00e9 dal loro vigore e dalla loro resistenza poteva dipendere la salvezza o la perdita della nave.<\/p>\n<p style=\"text-align: justify;\">Bisogna anche dire che, nel corso di una missione in mare di una nave da guerra, i periodi in cui si rendeva necessario ricorrere alla propulsione remiera erano abbastanza limitati, poich\u00e9 le navigazioni pi\u00f9 lunghe, per trasferimento, erano di solito effettuate a vela. Qualche limitato tratto di un trasferimento poteva talvolta essere percorso a remi \u2013 oppure anche in navigazione mista: vela e remi \u2013 quando vi erano particolari motivi di urgenza ed un vento troppo debole o contrario. Quindi i rematori erano normalmente chiamati a vogare solo per l\u2019entrata e l\u2019uscita dai porti, per qualche altra manovra che richiedeva una navigazione di precisione, per brevi tratti di trasferimento e, soprattutto, per i combattimenti navali: in tale ambito, infatti, solo l\u2019uso dei remi poteva assicurare alla nave le evoluzioni pi\u00f9 strette e repentine, nonch\u00e9 le potenti accelerazioni necessarie per assalire efficacemente le unit\u00e0 nemiche ed eluderne gli attacchi.<\/p>\n<p><img decoding=\"async\" src=\"https:\/\/www.ocean4future.org\/savetheocean\/wp-content\/uploads\/2022\/01\/Comacchio_Scafo-della-Nave-romana-fine-I-sec-a.C.-nave-romana-ritrovata-a-Comacchio-nel-1981-completa-del-carico-commerciale.jpg\" alt=\"Questa immagine ha l'attributo alt vuoto; il nome del file \u00e8 Comacchio_Scafo-della-Nave-romana-fine-I-sec-a.C.-nave-romana-ritrovata-a-Comacchio-nel-1981-completa-del-carico-commerciale.jpg\" width=\"1024\" height=\"522\"><\/p>\n<p align=\"justify\"><strong><span style=\"color: #008000;\">Scafo di nave romana ritrovata a Comacchio della fine del I secolo a.C.<\/span><\/strong><\/p>\n<p style=\"text-align: justify;\">Quando non erano impegnati ai remi, i rematori venivano verosimilmente occupati assegnando loro dei compiti secondari (da che mondo \u00e8 mondo, sulle navi si evita di lasciare a lungo il personale in ozio), per contribuire con la loro potenza muscolare agli interventi delle squadre di manovra alla vela, per la pulizia della nave e per la manutenzione dell\u2019attrezzatura. Si trattava d\u2019altronde di personale privo di particolari specializzazioni ed il cui specifico addestramento alla voga richiedeva un tempo abbastanza breve. <strong><span style=\"color: #008000;\">Ci\u00f2 semplificava il loro reclutamento, visto che non dovevano necessariamente avere un\u2019esperienza pregressa a bordo delle navi.<\/span><\/strong><\/p>\n<p style=\"text-align: justify;\">In certe circostanze belliche, per motivi di urgenza erano anche presi dei legionari e messi al remo. Solo in un caso furono presi addirittura degli schiavi quando, per armare in breve tempo la nuova grande flotta creata da <strong><span style=\"color: #008000;\">Ottaviano<\/span><\/strong> ed <strong><span style=\"color: #008000;\">Agrippa<\/span><\/strong> per la guerra Sicula, non essendoci uomini a sufficienza.<\/p>\n<p style=\"text-align: justify;\"><strong><span style=\"color: #008000;\">In quel caso, tuttavia, quegli schiavi furono prima affrancati e poi arruolati e mandati sulle navi, per non infrangere il principio secondo cui gli equipaggi delle navi da guerra romane dovevano essere costituiti esclusivamente da uomini liberi.<\/span> <\/strong>Non si tratt\u00f2 certo di una finzione giuridica: al termine del loro servizio a bordo, quei rematori poterono pienamente fruire della loro acquisita libert\u00e0.<\/p>\n<p><img decoding=\"async\" src=\"https:\/\/www.ocean4future.org\/savetheocean\/wp-content\/uploads\/2022\/01\/onde01_portisculus1.jpg\" alt=\"Questa immagine ha l'attributo alt vuoto; il nome del file \u00e8 onde01_portisculus1.jpg\" width=\"835\" height=\"620\"><\/p>\n<p align=\"justify\"><strong><span style=\"color: #008000;\">Nave &#8220;actuaria&#8221; romana con la rappresentazione del capo-ciurma che brandisce il suo martello (particolare del mosaico navale di Altiburo, in Tunisia)<\/span><\/strong><\/p>\n<p style=\"text-align: justify;\"><strong><span style=\"color: #008000;\">Non essendovi n\u00e9 l\u2019aguzzino, n\u00e9 le catene, n\u00e9 la frusta, come si faceva ad indurre i rematori a vogare a tempo?<\/span><\/strong><br \/>\nN\u00e9 pi\u00f9 n\u00e9 meno come si fa al giorno d\u2019oggi per un armo di regata, che riceve gli ordini di voga dal timoniere (se c\u2019\u00e8) o dal capovoga: \u201c<strong><span style=\"color: #008000;\">Pale a prora! Voga<\/span><\/strong>!\u201d seguito dai cadenzati incitamenti con la voce, per scandire come un metronomo il ritmo di vogata. Analogamente, a bordo delle navi romane c\u2019era un ufficiale capo-ciurma, chiamato <strong><span style=\"color: #008000;\">celeustes<\/span><\/strong> (o anche <strong><span style=\"color: #008000;\">portisculus<\/span><\/strong>), che impartiva gli ordini di voga con la voce, mentre regolava il ritmo di vogata battendo con il suo martello (il <strong><span style=\"color: #008000;\">portisculus<\/span><\/strong>) ed aiutandosi con il canto, cui contribuivano coralmente tutti i rematori.<\/p>\n<p style=\"text-align: justify;\">Questo \u00e8 davvero l\u2019aspetto pi\u00f9 sorprendente e luminoso dell\u2019oscura componente remiera degli equipaggi navali romani: nel momento dello sforzo pi\u00f9 arduo e stremante, quei rudi e nerboruti vogatori non gemevano, n\u00e9 imprecavano, ma cantavano. Al passaggio delle liburne, delle triremi, delle quadriremi e delle quinqueremi romane in navigazione a remi, il mare risuonava del canto ritmato dei rematori, il <strong><span style=\"color: #008000;\">Celeuma<\/span><\/strong>, che accompagnava come una cantilena ogni vogata, assecondandone il poderoso impulso e la cadenza.<\/p>\n<p><img decoding=\"async\" src=\"https:\/\/www.ocean4future.org\/savetheocean\/wp-content\/uploads\/2022\/01\/onde01_rematori.jpg\" alt=\"Questa immagine ha l'attributo alt vuoto; il nome del file \u00e8 onde01_rematori.jpg\" width=\"634\" height=\"620\"><\/p>\n<p align=\"justify\"><strong><span style=\"color: #008000;\">Nave da guerra romana in navigazione mista: vela e remi (Museo Archeologico Nazionale di Napoli)<\/span><\/strong><\/p>\n<p style=\"text-align: justify;\">Tale usanza ebbe una durata estremamente lunga, perlomeno quanto l\u2019intera estensione dell\u2019epoca imperiale, visto che venne citata nella letteratura latina nell\u2019arco di oltre cinque secoli: a partire dall\u2019alto Impero (<strong><span style=\"color: #008000;\">Ovidio, Marziale, Frontone, Censorino<\/span><\/strong>) fino agli anni della decadenza (<strong><span style=\"color: #008000;\">Rutilio Namaziano e Luttazio Placido<\/span><\/strong>). Ci \u00e8 anche pervenuta una poesia di epoca altomedievale intitolata <strong><span style=\"color: #008000;\">Celeuma<\/span><\/strong> che riproduce evidentemente lo spirito e la metrica dei canti dei rematori, pur con evidenti arricchimenti letterari.&nbsp;Ne viene qui trascritta la quarta ed ultima strofa (il cui primo verso \u00e8 identico a quello delle tre strofe precedenti):<\/p>\n<table>\n<tbody>\n<tr>\n<td><span style=\"font-size: 14pt;\"><strong><span style=\"color: #008000;\">Heia, viri, nostrum reboans echo sonet heia!<\/span><\/strong><\/span><\/p>\n<p><span style=\"font-size: 14pt;\"><strong><span style=\"color: #008000;\">Aequoreos volvens fluctus ratis audiat heia!<\/span><\/strong><\/span><\/p>\n<p><span style=\"font-size: 14pt;\"><strong><span style=\"color: #008000;\">Convulsum remis spumet mare, nos tamen heia!<\/span><\/strong><\/span><\/p>\n<p>&nbsp;<\/p>\n<p><span style=\"font-size: 14pt;\"><strong><span style=\"color: #008000;\">Vocibus adsiduis litus reduci sonet heia!<\/span><\/strong><\/span><\/td>\n<td><span style=\"font-size: 14pt;\"><strong><span style=\"color: #008000;\">Heia, uomini, come l&#8217;eco rimbombante suoni il nostro heia!<\/span><\/strong><\/span><\/p>\n<p><span style=\"font-size: 14pt;\"><strong><span style=\"color: #008000;\">Travolgendo i flutti del mare la nave senta heia!<\/span><\/strong><\/span><\/p>\n<p><span style=\"font-size: 14pt;\"><strong><span style=\"color: #008000;\">Spumeggi il mare sconvolto dai remi; e noi ancora heia!<\/span><\/strong><\/span><\/p>\n<p>&nbsp;<\/p>\n<p><span style=\"font-size: 14pt;\"><strong><span style=\"color: #008000;\">Il lido, per le voci ritmate, al reduce risuoni heia!<\/span><\/strong><\/span><\/td>\n<\/tr>\n<\/tbody>\n<\/table>\n<p>traduzione parzialmente tratta da Umberto Maria Milizia<\/p>\n<p><strong><span style=\"color: #008000;\">Domenico Carro<\/span><\/strong><\/p>\n<p>&nbsp;<\/p>\n<p style=\"text-align: justify;\">in anteprima particolare di due rematori intenti alla voga e il relativo ufficiale, a bordo di una nave in navigazione mista (Musei Capitolini)<\/p>\n<p>&nbsp;<\/p>\n<p style=\"text-align: justify;\">Alcune delle immagini possono essere state prese dal web, citandone ove possibile gli autori e\/o le fonti. Se qualcuno desiderasse specificarne l\u2019autore o rimuoverle, pu\u00f2 scrivere a infoocean4future@gmail.com e provvederemo immediatamente alla correzione dell\u2019articolo<\/p>\n<p>&nbsp;<\/p>\n<p><a class=\"maxbutton-3 maxbutton maxbutton-pagina-principale\" target=\"_blank\" title=\"tooltip\" rel=\"nofollow noopener\" href=\"http:\/\/www.ocean4future.org\"><span class='mb-text'>PAGINA PRINCIPALE<\/span><\/a><br \/>\n<span style=\"color: #ffffff;\">,<\/span><\/p>\n","protected":false},"excerpt":{"rendered":"<p><span class=\"span-reading-time rt-reading-time\" style=\"display: block;\"><span class=\"rt-label rt-prefix\">tempo di lettura: <\/span> <span class=\"rt-time\"> 7<\/span> <span class=\"rt-label rt-postfix\">minuti<\/span><\/span>. . ARGOMENTO:&nbsp;STORIA ROMANA PERIODO: CLASSICO AREA: MAR MEDITERRANEO parole chiave: navigazione, rematori, cultura romana &nbsp; Con questo articolo l\u2019ammiraglio Domenico Carro, studioso di storia romana a livello internazionale, inizia una serie di scritti che illustreranno alcuni aspetti particolari delle attivit\u00e0 navali e marittime dei Romani, mettendo a fuoco aspetti poco noti, a volte addirittura [&hellip;]<\/p>\n","protected":false},"author":2432,"featured_media":68731,"comment_status":"open","ping_status":"open","sticky":false,"template":"","format":"standard","meta":{"_acf_changed":false,"_monsterinsights_skip_tracking":false,"_monsterinsights_sitenote_active":false,"_monsterinsights_sitenote_note":"","_monsterinsights_sitenote_category":0,"footnotes":""},"categories":[2431],"tags":[],"class_list":["post-68692","post","type-post","status-publish","format-standard","has-post-thumbnail","hentry","category-storia"],"acf":[],"yoast_head":"<!-- This site is optimized with the Yoast SEO plugin v27.4 - https:\/\/yoast.com\/product\/yoast-seo-wordpress\/ -->\n<title>Sulle onde della storia romana: Pale a prora! &#8226; OCEAN4FUTURE autore<\/title>\n<meta name=\"robots\" content=\"index, follow, max-snippet:-1, max-image-preview:large, max-video-preview:-1\" \/>\n<link rel=\"canonical\" href=\"https:\/\/www.ocean4future.org\/savetheocean\/archives\/68692\" \/>\n<meta property=\"og:locale\" content=\"it_IT\" \/>\n<meta property=\"og:type\" content=\"article\" \/>\n<meta property=\"og:title\" content=\"Sulle onde della storia romana: Pale a prora! &#8226; OCEAN4FUTURE autore\" \/>\n<meta property=\"og:description\" content=\"tempo di lettura:  7 minuti. . ARGOMENTO:&nbsp;STORIA ROMANA PERIODO: CLASSICO AREA: MAR MEDITERRANEO parole chiave: navigazione, rematori, cultura romana &nbsp; Con questo articolo l\u2019ammiraglio Domenico Carro, studioso di storia romana a livello internazionale, inizia una serie di scritti che illustreranno alcuni aspetti particolari delle attivit\u00e0 navali e marittime dei Romani, mettendo a fuoco aspetti poco noti, a volte addirittura [&hellip;]\" \/>\n<meta property=\"og:url\" content=\"https:\/\/www.ocean4future.org\/savetheocean\/archives\/68692\" \/>\n<meta property=\"og:site_name\" content=\"OCEAN4FUTURE\" \/>\n<meta property=\"article:author\" content=\"https:\/\/www.facebook.com\/romaeternaorg\" \/>\n<meta property=\"article:published_time\" content=\"2025-12-27T23:05:00+00:00\" \/>\n<meta property=\"article:modified_time\" content=\"2026-03-25T17:59:33+00:00\" \/>\n<meta property=\"og:image\" content=\"https:\/\/www.ocean4future.org\/savetheocean\/wp-content\/uploads\/2022\/01\/onde01_nave_baia.jpg\" \/>\n\t<meta property=\"og:image:width\" content=\"849\" \/>\n\t<meta property=\"og:image:height\" content=\"620\" \/>\n\t<meta property=\"og:image:type\" content=\"image\/jpeg\" \/>\n<meta name=\"author\" content=\"Domenico Carro\" \/>\n<meta name=\"twitter:card\" content=\"summary_large_image\" \/>\n<meta name=\"twitter:creator\" content=\"@https:\/\/twitter.com\/romaeterna\" \/>\n<meta name=\"twitter:site\" content=\"@ocean4future\" \/>\n<meta name=\"twitter:label1\" content=\"Scritto da\" \/>\n\t<meta name=\"twitter:data1\" content=\"Domenico Carro\" \/>\n\t<meta name=\"twitter:label2\" content=\"Tempo di lettura stimato\" \/>\n\t<meta name=\"twitter:data2\" content=\"10 minuti\" \/>\n<script type=\"application\/ld+json\" class=\"yoast-schema-graph\">{\"@context\":\"https:\\\/\\\/schema.org\",\"@graph\":[{\"@type\":\"Article\",\"@id\":\"https:\\\/\\\/www.ocean4future.org\\\/savetheocean\\\/archives\\\/68692#article\",\"isPartOf\":{\"@id\":\"https:\\\/\\\/www.ocean4future.org\\\/savetheocean\\\/archives\\\/68692\"},\"author\":{\"name\":\"Domenico Carro\",\"@id\":\"https:\\\/\\\/www.ocean4future.org\\\/savetheocean\\\/#\\\/schema\\\/person\\\/bd39f4411183ae5079b848f4a43f0a4d\"},\"headline\":\"Sulle onde della storia romana: Pale a prora!\",\"datePublished\":\"2025-12-27T23:05:00+00:00\",\"dateModified\":\"2026-03-25T17:59:33+00:00\",\"mainEntityOfPage\":{\"@id\":\"https:\\\/\\\/www.ocean4future.org\\\/savetheocean\\\/archives\\\/68692\"},\"wordCount\":1661,\"commentCount\":0,\"publisher\":{\"@id\":\"https:\\\/\\\/www.ocean4future.org\\\/savetheocean\\\/#\\\/schema\\\/person\\\/4e1c26437054353074d7bb2efa77162c\"},\"image\":{\"@id\":\"https:\\\/\\\/www.ocean4future.org\\\/savetheocean\\\/archives\\\/68692#primaryimage\"},\"thumbnailUrl\":\"https:\\\/\\\/www.ocean4future.org\\\/savetheocean\\\/wp-content\\\/uploads\\\/2022\\\/01\\\/onde01_nave_baia.jpg\",\"articleSection\":[\"Storia\"],\"inLanguage\":\"it-IT\",\"potentialAction\":[{\"@type\":\"CommentAction\",\"name\":\"Comment\",\"target\":[\"https:\\\/\\\/www.ocean4future.org\\\/savetheocean\\\/archives\\\/68692#respond\"]}]},{\"@type\":\"WebPage\",\"@id\":\"https:\\\/\\\/www.ocean4future.org\\\/savetheocean\\\/archives\\\/68692\",\"url\":\"https:\\\/\\\/www.ocean4future.org\\\/savetheocean\\\/archives\\\/68692\",\"name\":\"Sulle onde della storia romana: Pale a prora! &#8226; OCEAN4FUTURE autore\",\"isPartOf\":{\"@id\":\"https:\\\/\\\/www.ocean4future.org\\\/savetheocean\\\/#website\"},\"primaryImageOfPage\":{\"@id\":\"https:\\\/\\\/www.ocean4future.org\\\/savetheocean\\\/archives\\\/68692#primaryimage\"},\"image\":{\"@id\":\"https:\\\/\\\/www.ocean4future.org\\\/savetheocean\\\/archives\\\/68692#primaryimage\"},\"thumbnailUrl\":\"https:\\\/\\\/www.ocean4future.org\\\/savetheocean\\\/wp-content\\\/uploads\\\/2022\\\/01\\\/onde01_nave_baia.jpg\",\"datePublished\":\"2025-12-27T23:05:00+00:00\",\"dateModified\":\"2026-03-25T17:59:33+00:00\",\"breadcrumb\":{\"@id\":\"https:\\\/\\\/www.ocean4future.org\\\/savetheocean\\\/archives\\\/68692#breadcrumb\"},\"inLanguage\":\"it-IT\",\"potentialAction\":[{\"@type\":\"ReadAction\",\"target\":[\"https:\\\/\\\/www.ocean4future.org\\\/savetheocean\\\/archives\\\/68692\"]}]},{\"@type\":\"ImageObject\",\"inLanguage\":\"it-IT\",\"@id\":\"https:\\\/\\\/www.ocean4future.org\\\/savetheocean\\\/archives\\\/68692#primaryimage\",\"url\":\"https:\\\/\\\/www.ocean4future.org\\\/savetheocean\\\/wp-content\\\/uploads\\\/2022\\\/01\\\/onde01_nave_baia.jpg\",\"contentUrl\":\"https:\\\/\\\/www.ocean4future.org\\\/savetheocean\\\/wp-content\\\/uploads\\\/2022\\\/01\\\/onde01_nave_baia.jpg\",\"width\":849,\"height\":620},{\"@type\":\"BreadcrumbList\",\"@id\":\"https:\\\/\\\/www.ocean4future.org\\\/savetheocean\\\/archives\\\/68692#breadcrumb\",\"itemListElement\":[{\"@type\":\"ListItem\",\"position\":1,\"name\":\"Home\",\"item\":\"https:\\\/\\\/www.ocean4future.org\\\/savetheocean\"},{\"@type\":\"ListItem\",\"position\":2,\"name\":\"Sulle onde della storia romana: Pale a prora!\"}]},{\"@type\":\"WebSite\",\"@id\":\"https:\\\/\\\/www.ocean4future.org\\\/savetheocean\\\/#website\",\"url\":\"https:\\\/\\\/www.ocean4future.org\\\/savetheocean\\\/\",\"name\":\"Ocean 4 Future\",\"description\":\"Per una nuova cultura del mare e della marittimit\u00e0\",\"publisher\":{\"@id\":\"https:\\\/\\\/www.ocean4future.org\\\/savetheocean\\\/#\\\/schema\\\/person\\\/4e1c26437054353074d7bb2efa77162c\"},\"potentialAction\":[{\"@type\":\"SearchAction\",\"target\":{\"@type\":\"EntryPoint\",\"urlTemplate\":\"https:\\\/\\\/www.ocean4future.org\\\/savetheocean\\\/?s={search_term_string}\"},\"query-input\":{\"@type\":\"PropertyValueSpecification\",\"valueRequired\":true,\"valueName\":\"search_term_string\"}}],\"inLanguage\":\"it-IT\"},{\"@type\":[\"Person\",\"Organization\"],\"@id\":\"https:\\\/\\\/www.ocean4future.org\\\/savetheocean\\\/#\\\/schema\\\/person\\\/4e1c26437054353074d7bb2efa77162c\",\"name\":\"oceandiver\",\"image\":{\"@type\":\"ImageObject\",\"inLanguage\":\"it-IT\",\"@id\":\"https:\\\/\\\/www.ocean4future.org\\\/savetheocean\\\/wp-content\\\/uploads\\\/2023\\\/04\\\/logo-ocean3.jpg\",\"url\":\"https:\\\/\\\/www.ocean4future.org\\\/savetheocean\\\/wp-content\\\/uploads\\\/2023\\\/04\\\/logo-ocean3.jpg\",\"contentUrl\":\"https:\\\/\\\/www.ocean4future.org\\\/savetheocean\\\/wp-content\\\/uploads\\\/2023\\\/04\\\/logo-ocean3.jpg\",\"width\":472,\"height\":301,\"caption\":\"oceandiver\"},\"logo\":{\"@id\":\"https:\\\/\\\/www.ocean4future.org\\\/savetheocean\\\/wp-content\\\/uploads\\\/2023\\\/04\\\/logo-ocean3.jpg\"}},{\"@type\":\"Person\",\"@id\":\"https:\\\/\\\/www.ocean4future.org\\\/savetheocean\\\/#\\\/schema\\\/person\\\/bd39f4411183ae5079b848f4a43f0a4d\",\"name\":\"Domenico Carro\",\"image\":{\"@type\":\"ImageObject\",\"inLanguage\":\"it-IT\",\"@id\":\"https:\\\/\\\/secure.gravatar.com\\\/avatar\\\/47647ae893cdd6f04acaf68ee6f47e77a677bb080bbb9b02c80b6e3a3df707bd?s=96&d=mm&r=g\",\"url\":\"https:\\\/\\\/secure.gravatar.com\\\/avatar\\\/47647ae893cdd6f04acaf68ee6f47e77a677bb080bbb9b02c80b6e3a3df707bd?s=96&d=mm&r=g\",\"contentUrl\":\"https:\\\/\\\/secure.gravatar.com\\\/avatar\\\/47647ae893cdd6f04acaf68ee6f47e77a677bb080bbb9b02c80b6e3a3df707bd?s=96&d=mm&r=g\",\"caption\":\"Domenico Carro\"},\"description\":\"ammiraglio di divisione della Riserva della Marina Militare Italiana, dal momento del suo ritiro dal servizio attivo, assecondando la propria natura di appassionato cultore della Civilt\u00e0 Romana, ha potuto dedicarsi interamente all'approfondimento dei suoi studi storiografici, nell'ambito dei quali ha pubblicato numerosi libri e saggi, creato l'interessantissimo sito ROMA AETERNA ed\u00a0\u00a0il foro di discussione FORVM ROMAETERNA (2001-2013), poi sostituito dall'istituzione di pagine estratte da \\\"Roma Aeterna\\\" nelle maggiori reti sociali, quali Linkedin, Facebook, Twitter, Youtube, Flickr, etc.\u00a0 Non ultimo, l'ammiraglio Carro \u00e8 relatore in importanti convegni,\u00a0 nazionali ed internazionali sui temi della storiografia romana e della salvaguardia della cultura marittima.\",\"sameAs\":[\"http:\\\/\\\/www.romaeterna.org\\\/\",\"https:\\\/\\\/www.facebook.com\\\/romaeternaorg\",\"http:\\\/\\\/www.linkedin.com\\\/groups?gid=44675\",\"https:\\\/\\\/x.com\\\/https:\\\/\\\/twitter.com\\\/romaeterna\",\"http:\\\/\\\/www.youtube.com\\\/romaeternaorg\"],\"url\":\"https:\\\/\\\/www.ocean4future.org\\\/savetheocean\\\/archives\\\/author\\\/domenico-carro\"}]}<\/script>\n<!-- \/ Yoast SEO plugin. -->","yoast_head_json":{"title":"Sulle onde della storia romana: Pale a prora! &#8226; OCEAN4FUTURE autore","robots":{"index":"index","follow":"follow","max-snippet":"max-snippet:-1","max-image-preview":"max-image-preview:large","max-video-preview":"max-video-preview:-1"},"canonical":"https:\/\/www.ocean4future.org\/savetheocean\/archives\/68692","og_locale":"it_IT","og_type":"article","og_title":"Sulle onde della storia romana: Pale a prora! &#8226; OCEAN4FUTURE autore","og_description":"tempo di lettura:  7 minuti. . ARGOMENTO:&nbsp;STORIA ROMANA PERIODO: CLASSICO AREA: MAR MEDITERRANEO parole chiave: navigazione, rematori, cultura romana &nbsp; Con questo articolo l\u2019ammiraglio Domenico Carro, studioso di storia romana a livello internazionale, inizia una serie di scritti che illustreranno alcuni aspetti particolari delle attivit\u00e0 navali e marittime dei Romani, mettendo a fuoco aspetti poco noti, a volte addirittura [&hellip;]","og_url":"https:\/\/www.ocean4future.org\/savetheocean\/archives\/68692","og_site_name":"OCEAN4FUTURE","article_author":"https:\/\/www.facebook.com\/romaeternaorg","article_published_time":"2025-12-27T23:05:00+00:00","article_modified_time":"2026-03-25T17:59:33+00:00","og_image":[{"width":849,"height":620,"url":"https:\/\/www.ocean4future.org\/savetheocean\/wp-content\/uploads\/2022\/01\/onde01_nave_baia.jpg","type":"image\/jpeg"}],"author":"Domenico Carro","twitter_card":"summary_large_image","twitter_creator":"@https:\/\/twitter.com\/romaeterna","twitter_site":"@ocean4future","twitter_misc":{"Scritto da":"Domenico Carro","Tempo di lettura stimato":"10 minuti"},"schema":{"@context":"https:\/\/schema.org","@graph":[{"@type":"Article","@id":"https:\/\/www.ocean4future.org\/savetheocean\/archives\/68692#article","isPartOf":{"@id":"https:\/\/www.ocean4future.org\/savetheocean\/archives\/68692"},"author":{"name":"Domenico Carro","@id":"https:\/\/www.ocean4future.org\/savetheocean\/#\/schema\/person\/bd39f4411183ae5079b848f4a43f0a4d"},"headline":"Sulle onde della storia romana: Pale a prora!","datePublished":"2025-12-27T23:05:00+00:00","dateModified":"2026-03-25T17:59:33+00:00","mainEntityOfPage":{"@id":"https:\/\/www.ocean4future.org\/savetheocean\/archives\/68692"},"wordCount":1661,"commentCount":0,"publisher":{"@id":"https:\/\/www.ocean4future.org\/savetheocean\/#\/schema\/person\/4e1c26437054353074d7bb2efa77162c"},"image":{"@id":"https:\/\/www.ocean4future.org\/savetheocean\/archives\/68692#primaryimage"},"thumbnailUrl":"https:\/\/www.ocean4future.org\/savetheocean\/wp-content\/uploads\/2022\/01\/onde01_nave_baia.jpg","articleSection":["Storia"],"inLanguage":"it-IT","potentialAction":[{"@type":"CommentAction","name":"Comment","target":["https:\/\/www.ocean4future.org\/savetheocean\/archives\/68692#respond"]}]},{"@type":"WebPage","@id":"https:\/\/www.ocean4future.org\/savetheocean\/archives\/68692","url":"https:\/\/www.ocean4future.org\/savetheocean\/archives\/68692","name":"Sulle onde della storia romana: Pale a prora! &#8226; OCEAN4FUTURE autore","isPartOf":{"@id":"https:\/\/www.ocean4future.org\/savetheocean\/#website"},"primaryImageOfPage":{"@id":"https:\/\/www.ocean4future.org\/savetheocean\/archives\/68692#primaryimage"},"image":{"@id":"https:\/\/www.ocean4future.org\/savetheocean\/archives\/68692#primaryimage"},"thumbnailUrl":"https:\/\/www.ocean4future.org\/savetheocean\/wp-content\/uploads\/2022\/01\/onde01_nave_baia.jpg","datePublished":"2025-12-27T23:05:00+00:00","dateModified":"2026-03-25T17:59:33+00:00","breadcrumb":{"@id":"https:\/\/www.ocean4future.org\/savetheocean\/archives\/68692#breadcrumb"},"inLanguage":"it-IT","potentialAction":[{"@type":"ReadAction","target":["https:\/\/www.ocean4future.org\/savetheocean\/archives\/68692"]}]},{"@type":"ImageObject","inLanguage":"it-IT","@id":"https:\/\/www.ocean4future.org\/savetheocean\/archives\/68692#primaryimage","url":"https:\/\/www.ocean4future.org\/savetheocean\/wp-content\/uploads\/2022\/01\/onde01_nave_baia.jpg","contentUrl":"https:\/\/www.ocean4future.org\/savetheocean\/wp-content\/uploads\/2022\/01\/onde01_nave_baia.jpg","width":849,"height":620},{"@type":"BreadcrumbList","@id":"https:\/\/www.ocean4future.org\/savetheocean\/archives\/68692#breadcrumb","itemListElement":[{"@type":"ListItem","position":1,"name":"Home","item":"https:\/\/www.ocean4future.org\/savetheocean"},{"@type":"ListItem","position":2,"name":"Sulle onde della storia romana: Pale a prora!"}]},{"@type":"WebSite","@id":"https:\/\/www.ocean4future.org\/savetheocean\/#website","url":"https:\/\/www.ocean4future.org\/savetheocean\/","name":"Ocean 4 Future","description":"Per una nuova cultura del mare e della marittimit\u00e0","publisher":{"@id":"https:\/\/www.ocean4future.org\/savetheocean\/#\/schema\/person\/4e1c26437054353074d7bb2efa77162c"},"potentialAction":[{"@type":"SearchAction","target":{"@type":"EntryPoint","urlTemplate":"https:\/\/www.ocean4future.org\/savetheocean\/?s={search_term_string}"},"query-input":{"@type":"PropertyValueSpecification","valueRequired":true,"valueName":"search_term_string"}}],"inLanguage":"it-IT"},{"@type":["Person","Organization"],"@id":"https:\/\/www.ocean4future.org\/savetheocean\/#\/schema\/person\/4e1c26437054353074d7bb2efa77162c","name":"oceandiver","image":{"@type":"ImageObject","inLanguage":"it-IT","@id":"https:\/\/www.ocean4future.org\/savetheocean\/wp-content\/uploads\/2023\/04\/logo-ocean3.jpg","url":"https:\/\/www.ocean4future.org\/savetheocean\/wp-content\/uploads\/2023\/04\/logo-ocean3.jpg","contentUrl":"https:\/\/www.ocean4future.org\/savetheocean\/wp-content\/uploads\/2023\/04\/logo-ocean3.jpg","width":472,"height":301,"caption":"oceandiver"},"logo":{"@id":"https:\/\/www.ocean4future.org\/savetheocean\/wp-content\/uploads\/2023\/04\/logo-ocean3.jpg"}},{"@type":"Person","@id":"https:\/\/www.ocean4future.org\/savetheocean\/#\/schema\/person\/bd39f4411183ae5079b848f4a43f0a4d","name":"Domenico Carro","image":{"@type":"ImageObject","inLanguage":"it-IT","@id":"https:\/\/secure.gravatar.com\/avatar\/47647ae893cdd6f04acaf68ee6f47e77a677bb080bbb9b02c80b6e3a3df707bd?s=96&d=mm&r=g","url":"https:\/\/secure.gravatar.com\/avatar\/47647ae893cdd6f04acaf68ee6f47e77a677bb080bbb9b02c80b6e3a3df707bd?s=96&d=mm&r=g","contentUrl":"https:\/\/secure.gravatar.com\/avatar\/47647ae893cdd6f04acaf68ee6f47e77a677bb080bbb9b02c80b6e3a3df707bd?s=96&d=mm&r=g","caption":"Domenico Carro"},"description":"ammiraglio di divisione della Riserva della Marina Militare Italiana, dal momento del suo ritiro dal servizio attivo, assecondando la propria natura di appassionato cultore della Civilt\u00e0 Romana, ha potuto dedicarsi interamente all'approfondimento dei suoi studi storiografici, nell'ambito dei quali ha pubblicato numerosi libri e saggi, creato l'interessantissimo sito ROMA AETERNA ed\u00a0\u00a0il foro di discussione FORVM ROMAETERNA (2001-2013), poi sostituito dall'istituzione di pagine estratte da \"Roma Aeterna\" nelle maggiori reti sociali, quali Linkedin, Facebook, Twitter, Youtube, Flickr, etc.\u00a0 Non ultimo, l'ammiraglio Carro \u00e8 relatore in importanti convegni,\u00a0 nazionali ed internazionali sui temi della storiografia romana e della salvaguardia della cultura marittima.","sameAs":["http:\/\/www.romaeterna.org\/","https:\/\/www.facebook.com\/romaeternaorg","http:\/\/www.linkedin.com\/groups?gid=44675","https:\/\/x.com\/https:\/\/twitter.com\/romaeterna","http:\/\/www.youtube.com\/romaeternaorg"],"url":"https:\/\/www.ocean4future.org\/savetheocean\/archives\/author\/domenico-carro"}]}},"_links":{"self":[{"href":"https:\/\/www.ocean4future.org\/savetheocean\/wp-json\/wp\/v2\/posts\/68692","targetHints":{"allow":["GET"]}}],"collection":[{"href":"https:\/\/www.ocean4future.org\/savetheocean\/wp-json\/wp\/v2\/posts"}],"about":[{"href":"https:\/\/www.ocean4future.org\/savetheocean\/wp-json\/wp\/v2\/types\/post"}],"author":[{"embeddable":true,"href":"https:\/\/www.ocean4future.org\/savetheocean\/wp-json\/wp\/v2\/users\/2432"}],"replies":[{"embeddable":true,"href":"https:\/\/www.ocean4future.org\/savetheocean\/wp-json\/wp\/v2\/comments?post=68692"}],"version-history":[{"count":1,"href":"https:\/\/www.ocean4future.org\/savetheocean\/wp-json\/wp\/v2\/posts\/68692\/revisions"}],"predecessor-version":[{"id":126855,"href":"https:\/\/www.ocean4future.org\/savetheocean\/wp-json\/wp\/v2\/posts\/68692\/revisions\/126855"}],"wp:featuredmedia":[{"embeddable":true,"href":"https:\/\/www.ocean4future.org\/savetheocean\/wp-json\/wp\/v2\/media\/68731"}],"wp:attachment":[{"href":"https:\/\/www.ocean4future.org\/savetheocean\/wp-json\/wp\/v2\/media?parent=68692"}],"wp:term":[{"taxonomy":"category","embeddable":true,"href":"https:\/\/www.ocean4future.org\/savetheocean\/wp-json\/wp\/v2\/categories?post=68692"},{"taxonomy":"post_tag","embeddable":true,"href":"https:\/\/www.ocean4future.org\/savetheocean\/wp-json\/wp\/v2\/tags?post=68692"}],"curies":[{"name":"wp","href":"https:\/\/api.w.org\/{rel}","templated":true}]}}