{"id":68219,"date":"2022-02-11T00:04:18","date_gmt":"2022-02-10T23:04:18","guid":{"rendered":"http:\/\/www.ocean4future.org\/savetheocean\/?p=68219"},"modified":"2025-05-03T09:12:40","modified_gmt":"2025-05-03T07:12:40","slug":"68219","status":"publish","type":"post","link":"https:\/\/www.ocean4future.org\/savetheocean\/archives\/68219","title":{"rendered":"Scoperto un &#8220;collegamento&#8221; vulcanico tra le isole Galapagos e Panama"},"content":{"rendered":"<span class=\"span-reading-time rt-reading-time\" style=\"display: block;\"><span class=\"rt-label rt-prefix\">tempo di lettura: <\/span> <span class=\"rt-time\"> 5<\/span> <span class=\"rt-label rt-postfix\">minuti<\/span><\/span><p><span style=\"color: #ffffff;\">.<\/span><\/p>\n<a class=\"maxbutton-8 maxbutton maxbutton-livello-2\" href=\"javascript:void(0);\"><span class='mb-text'>livello medio<\/span><\/a>\n<p><span style=\"color: #ffffff;\">.<\/span><\/p>\n<p><strong><span style=\"color: #008000;\">ARGOMENTO: GEOLOGIA<\/span><\/strong><br \/>\n<strong><span style=\"color: #008000;\">PERIODO: XXI SECOLO<\/span><\/strong><br \/>\n<strong><span style=\"color: #008000;\">AREA: OCEANO PACIFICO<\/span><\/strong><br \/>\nparole chiave: subsidenza, placche, Galapagos, Panama<\/p>\n<p style=\"text-align: justify;\">Sulla costa pacifica dell\u2019America centrale, la placca tettonica di Cocos si sta immergendo e spinge la crosta oceanica sotto la crosta continentale delle placche tettoniche nordamericane, caraibiche e panamensi. Si tratta di un processo geologico importante chiamato subduzione che alimenta una linea di vulcani chiamata arco vulcanico centroamericano. L\u2019area \u00e8 studiata da anni e presenta molte particolarit\u00e0. Ad esempio l\u2019arco vulcanico si interrompe in corrispondenza del Canale di Panama nell\u2019America Centrale, dove i fenomeni di vulcanismo sono praticamente assenti.<\/p>\n<p><img decoding=\"async\" src=\"https:\/\/www.ocean4future.org\/savetheocean\/wp-content\/uploads\/2022\/01\/faglie-centro-america.jpeg\" alt=\"Questa immagine ha l'attributo alt vuoto; il nome del file \u00e8 faglie-centro-america.jpeg\" \/><\/p>\n<p style=\"text-align: justify;\">Un anomalia che \u00e8 stata inspiegabile fino a quando \u00e8 stata scoperta la presenza di un\u2019apertura simile ad una \u201cfinestra geologica\u201d, tecnicamente una <strong><span style=\"color: #008000;\">slab window<\/span><\/strong>, che potrebbe rappresentare una via di fuga ai venti provenienti dal centro della Terra.<\/p>\n<p style=\"text-align: justify;\"><span style=\"font-size: 18pt;\"><strong><span style=\"color: #008000;\">Andiamo con ordine<\/span><\/strong><\/span><br \/>\nGli scienziati del <span style=\"color: #008000;\"><strong>Woods Hole Oceanographic Institution (WHOI) <\/strong><\/span>hanno scoperto un condotto sotterraneo di gas vulcanico che sembra collegare le Isole Galapagos a Panama, che trasporta gas e materiali vulcanici tra i due punti lontani oltre 900 miglia. Dall\u2019analisi degli &#8220;<strong><span style=\"color: #008000;\">isotopi di elio<\/span><\/strong>&#8221; \u00e8 stato scoperto che questo materiale vulcanico sembra provenire dalle isole Galapagos, che si trovano a ben oltre 900 miglia (1.448 chilometri) di distanza.<\/p>\n<p><img decoding=\"async\" src=\"https:\/\/www.ocean4future.org\/savetheocean\/wp-content\/uploads\/2022\/01\/subduzione-pacifico-1024x559.png\" alt=\"Questa immagine ha l'attributo alt vuoto; il nome del file \u00e8 subduzione-pacifico-1024x559.png\" \/><\/p>\n<p style=\"text-align: justify;\">&#8220;<strong><em><span style=\"color: #008000;\">Il trasporto laterale del materiale vulcanico rappresenta un meccanismo poco studiato<\/span><\/em><\/strong>\u201d, ha affermato David Bekaert, un ricercatore del Woods Hole Oceanographic Institution (WHOI), autore principale di un recente <span style=\"color: #008000;\"><a style=\"color: #008000;\" href=\"https:\/\/www.pnas.org\/content\/118\/47\/e2110997118\">studio<\/a><\/span> &#8221; <strong><em><span style=\"color: #008000;\">High 3He\/4He in central Panama reveals a distal connection to the Gal\u00e1pagos plume<\/span><\/em><\/strong>\u201d, pubblicato nel novembre 2021 sulla rivista <strong><span style=\"color: #008000;\">Proceedings of the National Academy of Sciences degli Stati Uniti d&#8217;America<\/span><\/strong>.\u00a0I ricercatori hanno dimostrato che le emissioni calde provenienti dalle profondit\u00e0 interne della Terra viaggiano &#8220;<strong><em><span style=\"color: #008000;\">lateralmente attraverso il mantello superficiale, in modo simile al vento che soffia sulla superficie terrestre<\/span><\/em><\/strong>&#8220;.<\/p>\n<p><img decoding=\"async\" src=\"https:\/\/www.ocean4future.org\/savetheocean\/wp-content\/uploads\/2022\/01\/scientiziati-whoi-panama.jpg\" alt=\"Questa immagine ha l'attributo alt vuoto; il nome del file \u00e8 scientiziati-whoi-panama.jpg\" width=\"1024\" height=\"768\" \/><\/p>\n<p align=\"justify\"><strong><span style=\"color: #008000;\">(Da sinistra a destra) Donato Giovannelli (Universit\u00e0 di Napoli), Patrick Beaudry (MIT) e Maarten de Moor (Universit\u00e0 nazionale del Costa Rica), tutti parte di un team interdisciplinare di ricercatori, utilizzano un multimetro YSI nel centro di Panama per misurare la chimica dell&#8217;acqua. (Peter Barry, Woods Hole Oceanographic Institution \/ Zenger)<\/span><\/strong><\/p>\n<p style=\"text-align: justify;\">Combinando le osservazioni chimiche con <strong><span style=\"color: #008000;\">l&#8217;imaging geofisico dell&#8217;interno profondo della Terra<\/span><\/strong> \u00e8 stata individuata la fonte e la direzione di questo cosiddetto &#8220;<strong><span style=\"color: #008000;\">vento del mantello<\/span><\/strong>&#8221; che si ritiene attraversi nelle profondit\u00e0 quella enorme zona di subduzione.\u00a0Normalmente i bordi di una placca tettonica, fungono da barriera ma l&#8217;area sotto Panama \u00e8 geologicamente insolita e si \u00e8 formata una finestra che consente a questo &#8220;<strong><span style=\"color: #008000;\">vento del mantello<\/span><\/strong>\u201d di fuoriuscire all\u2019esterno. Nel caso di Panama, il materiale vulcanico emerge nel centro dell\u2019area anche se non ci sono vulcani attivi nelle sue prossimit\u00e0.<\/p>\n<p><img decoding=\"async\" src=\"https:\/\/www.ocean4future.org\/savetheocean\/wp-content\/uploads\/2022\/01\/Slab_window_cross-section-1024x753.png\" alt=\"Questa immagine ha l'attributo alt vuoto; il nome del file \u00e8 Slab_window_cross-section-1024x753.png\" \/><\/p>\n<p style=\"text-align: justify;\"><span style=\"font-size: 18pt;\"><strong><span style=\"color: #008000;\">Ma cosa sono i pennacchi del mantello?<\/span><\/strong><\/span><br \/>\nI <strong><span style=\"color: #008000;\">pennacchi del mantello<\/span><\/strong>, noti anche come <strong><span style=\"color: #008000;\">zampilli<\/span><\/strong> (in inglese <strong><span style=\"color: #008000;\">mantle plumes<\/span><\/strong>), sono un fenomeno geologico di materia calda che grazie alla spinta idrostatica dovuta alla loro minore densit\u00e0 risalgono dal mantello profondo, confinante con il nucleo esterno. I <strong><span style=\"color: #008000;\">pennacchi dl mantello<\/span> <\/strong>alimentano le <span style=\"color: #008000;\"><strong>sacche di magma<\/strong><\/span> (dette <strong><span style=\"color: #008000;\">hotspot o punti caldi<\/span><\/strong>) posti vicino alla superficie. I pi\u00f9 noti sono quelli del parco di Yellowstone o delle isole Hawaii, flussi che risalgono violentemente verso la superficie a causa delle correnti convettive che hanno origine al confine termico del mantello, attraversando delle aperture (<strong><span style=\"color: #008000;\">slab windows<\/span><\/strong>) che si formano in una placca oceanica in subduzione.<\/p>\n<p><img decoding=\"async\" class=\"\" src=\"https:\/\/www.ocean4future.org\/savetheocean\/wp-content\/uploads\/2022\/01\/675px-Subduction-en.svg.png\" alt=\"Questa immagine ha l'attributo alt vuoto; il nome del file \u00e8 675px-Subduction-en.svg.png\" width=\"1002\" height=\"577\" \/><\/p>\n<p style=\"text-align: justify;\">Una <strong><span style=\"color: #008000;\">slab window<\/span><\/strong> \u00e8 una fessura che si forma in una placca oceanica quando una cresta oceanica si incontra con una zona di subduzione e la divergenza delle lastre alla cresta e la convergenza nella zona di subduzione continua, causando la subduzione della cresta. La sua formazione produce un&#8217;area in cui la crosta della piastra sovrastante \u00e8 priva di una componente rigida del mantello litosferico e quindi \u00e8 esposta al <strong><span style=\"color: #008000;\">mantello astenosferico<\/span><\/strong> caldo. Ci\u00f2 produce effetti termici, chimici e fisici anomali nel mantello che possono modificare drasticamente la placca sovrastante interrompendo i regimi tettonici e magmatici stabiliti.\u00a0Ci sono due scenari dell&#8217;elemento terminale di una <strong><span style=\"color: #008000;\">slab window<\/span><\/strong>; il primo \u00e8 quando la cresta subdotta \u00e8 perpendicolare alla faglia, producendo una finestra a forma di V, e la seconda \u00e8 quando essa \u00e8 parallela, provocando la formazione di una finestra rettangolare.<\/p>\n<p><img decoding=\"async\" src=\"https:\/\/www.ocean4future.org\/savetheocean\/wp-content\/uploads\/2022\/01\/placche-geologiche.gif\" alt=\"Questa immagine ha l'attributo alt vuoto; il nome del file \u00e8 placche-geologiche.gif\" \/><\/p>\n<p style=\"text-align: justify;\">Come \u00e8 noto i plume del mantello sono i principali condotti per la risalita di materiale profondo che, nel suo transito si \u00e8 arricchito geochimicamente dalle profondit\u00e0 interne della Terra. A causa dei processi di flusso laterale il materiale su pu\u00f2 disperdere anche in aree lontane migliaia di chilometri per fuoriuscire da condotti verticali. Lo studio dimostra la presenza di valore di isotopi \u00a03He\/4He sorprendentemente alti (fino a 8.9RA) nelle sorgenti geotermiche a bassa temperatura (\u226450\u2009\u00b0C) del centro di Panama che non sono associati al vulcanismo attivo locale ma a quello delle lave delle Gal\u00e1pagos. Questo potrebbe essere spiegato con due potenziali meccanismi di trasporto: un trasporto sublitosferico del materiale del pennacchio delle Galapagos incanalato dall&#8217;assottigliamento della litosfera lungo la Zona di frattura di Panama o la risalita attiva del materiale del pennacchio delle Galapagos spinto da un &#8220;vento dal mantello&#8221;.<\/p>\n<p><img decoding=\"async\" class=\"\" src=\"https:\/\/www.ocean4future.org\/savetheocean\/wp-content\/uploads\/2022\/01\/Proceedings-of-the-National-Academy-of-Sciences-1.jpg\" alt=\"Questa immagine ha l'attributo alt vuoto; il nome del file \u00e8 Proceedings-of-the-National-Academy-of-Sciences-1.jpg\" width=\"873\" height=\"1295\" \/><\/p>\n<p style=\"text-align: justify;\">Secondo lo studio, la maggior parte del trasporto verso oriente del materiale del pennacchio delle Gal\u00e1pagos avviene nell&#8217;astenosfera superficiale causando un flusso laterale di materiale roccioso caldo dal mantello pi\u00f9 profondo della terra a migliaia di chilometri di distanza, ovvero dai condotti dei pennacchi fino all&#8217;area sotto Panama. Questo fenomeno \u00e8 insolito poich\u00e9 sembra esserci un condotto che consente a questo &#8220;vento&#8221; di soffiare attraverso il mantello.<\/p>\n<p style=\"text-align: justify;\">&#8221; &#8230; <span style=\"color: #008000;\"><strong><em>Le caratteristiche chimiche vulcaniche esotiche sono state precedentemente documentate in America Centrale &#8230; <\/em><\/strong><\/span>&#8220;, ha detto Bekaert. \u201c<strong><span style=\"color: #008000;\">Utilizziamo queste caratteristiche chimiche come indicatori per grandi processi geologici. In questo caso, i nostri risultati aiutano a spiegare perch\u00e9 il materiale vulcanico derivato dai pennacchi si presenta nel centro di Panama, anche se non ci sono vulcani attivi l\u00ec<\/span><\/strong>\u201c.<\/p>\n<p style=\"text-align: justify;\">In sintesi, questo studio ci conferma che, anche dopo miliardi di anni di evoluzione, il nostro pianeta rimane ancora uno straordinario sistema dinamico, caratterizzato da movimenti su larga scala di materiale solido che ancora non conosciamo.<\/p>\n<p style=\"text-align: justify;\">Alcune delle foto presenti in questo blog possono essere state prese dal web, citandone ove possibile gli autori e\/o le fonti. Se qualcuno desiderasse specificarne l\u2019autore o rimuoverle, pu\u00f2 scrivere a infoocean4future@gmail.com e provvederemo immediatamente alla correzione dell\u2019articolo<\/p>\n<p><a class=\"maxbutton-3 maxbutton maxbutton-pagina-principale\" target=\"_blank\" title=\"tooltip\" rel=\"nofollow noopener\" href=\"http:\/\/www.ocean4future.org\"><span class='mb-text'>PAGINA PRINCIPALE<\/span><\/a><br \/>\n<span style=\"color: #ffffff;\">.<\/span><\/p>\n","protected":false},"excerpt":{"rendered":"<p><span class=\"span-reading-time rt-reading-time\" style=\"display: block;\"><span class=\"rt-label rt-prefix\">tempo di lettura: <\/span> <span class=\"rt-time\"> 5<\/span> <span class=\"rt-label rt-postfix\">minuti<\/span><\/span>. . ARGOMENTO: GEOLOGIA PERIODO: XXI SECOLO AREA: OCEANO PACIFICO parole chiave: subsidenza, placche, Galapagos, Panama Sulla costa pacifica dell\u2019America centrale, la placca tettonica di Cocos si sta immergendo e spinge la crosta oceanica sotto la crosta continentale delle placche tettoniche nordamericane, caraibiche e panamensi. Si tratta di un processo geologico importante chiamato subduzione che [&hellip;]<\/p>\n","protected":false},"author":2398,"featured_media":68236,"comment_status":"open","ping_status":"open","sticky":false,"template":"","format":"standard","meta":{"_acf_changed":false,"_monsterinsights_skip_tracking":false,"_monsterinsights_sitenote_active":false,"_monsterinsights_sitenote_note":"","_monsterinsights_sitenote_category":0,"footnotes":""},"categories":[16],"tags":[],"class_list":["post-68219","post","type-post","status-publish","format-standard","has-post-thumbnail","hentry","category-geologia-marina"],"acf":[],"yoast_head":"<!-- This site is optimized with the Yoast SEO plugin v27.4 - https:\/\/yoast.com\/product\/yoast-seo-wordpress\/ -->\n<title>Scoperto un &quot;collegamento&quot; vulcanico tra le isole Galapagos e Panama &#8226; OCEAN4FUTURE autore<\/title>\n<meta name=\"robots\" content=\"index, follow, max-snippet:-1, max-image-preview:large, max-video-preview:-1\" \/>\n<link rel=\"canonical\" href=\"https:\/\/www.ocean4future.org\/savetheocean\/archives\/68219\" \/>\n<meta property=\"og:locale\" content=\"it_IT\" \/>\n<meta property=\"og:type\" content=\"article\" \/>\n<meta property=\"og:title\" content=\"Scoperto un &quot;collegamento&quot; vulcanico tra le isole Galapagos e Panama &#8226; OCEAN4FUTURE autore\" \/>\n<meta property=\"og:description\" content=\"tempo di lettura:  5 minuti. . ARGOMENTO: GEOLOGIA PERIODO: XXI SECOLO AREA: OCEANO PACIFICO parole chiave: subsidenza, placche, Galapagos, Panama Sulla costa pacifica dell\u2019America centrale, la placca tettonica di Cocos si sta immergendo e spinge la crosta oceanica sotto la crosta continentale delle placche tettoniche nordamericane, caraibiche e panamensi. Si tratta di un processo geologico importante chiamato subduzione che [&hellip;]\" \/>\n<meta property=\"og:url\" content=\"https:\/\/www.ocean4future.org\/savetheocean\/archives\/68219\" \/>\n<meta property=\"og:site_name\" content=\"OCEAN4FUTURE\" \/>\n<meta property=\"article:published_time\" content=\"2022-02-10T23:04:18+00:00\" \/>\n<meta property=\"article:modified_time\" content=\"2025-05-03T07:12:40+00:00\" \/>\n<meta property=\"og:image\" content=\"https:\/\/www.ocean4future.org\/savetheocean\/wp-content\/uploads\/2022\/01\/panama-vulcanic-emissione.jpg\" \/>\n\t<meta property=\"og:image:width\" content=\"1024\" \/>\n\t<meta property=\"og:image:height\" content=\"768\" \/>\n\t<meta property=\"og:image:type\" content=\"image\/jpeg\" \/>\n<meta name=\"author\" content=\"Redazione OCEAN4FUTURE\" \/>\n<meta name=\"twitter:card\" content=\"summary_large_image\" \/>\n<meta name=\"twitter:creator\" content=\"@ocean4future\" \/>\n<meta name=\"twitter:site\" content=\"@ocean4future\" \/>\n<meta name=\"twitter:label1\" content=\"Scritto da\" \/>\n\t<meta name=\"twitter:data1\" content=\"Redazione OCEAN4FUTURE\" \/>\n\t<meta name=\"twitter:label2\" content=\"Tempo di lettura stimato\" \/>\n\t<meta name=\"twitter:data2\" content=\"8 minuti\" \/>\n<script type=\"application\/ld+json\" class=\"yoast-schema-graph\">{\"@context\":\"https:\\\/\\\/schema.org\",\"@graph\":[{\"@type\":\"Article\",\"@id\":\"https:\\\/\\\/www.ocean4future.org\\\/savetheocean\\\/archives\\\/68219#article\",\"isPartOf\":{\"@id\":\"https:\\\/\\\/www.ocean4future.org\\\/savetheocean\\\/archives\\\/68219\"},\"author\":{\"name\":\"Redazione OCEAN4FUTURE\",\"@id\":\"https:\\\/\\\/www.ocean4future.org\\\/savetheocean\\\/#\\\/schema\\\/person\\\/ad3962a4283da6a7ba5d2e66f435a340\"},\"headline\":\"Scoperto un &#8220;collegamento&#8221; vulcanico tra le isole Galapagos e Panama\",\"datePublished\":\"2022-02-10T23:04:18+00:00\",\"dateModified\":\"2025-05-03T07:12:40+00:00\",\"mainEntityOfPage\":{\"@id\":\"https:\\\/\\\/www.ocean4future.org\\\/savetheocean\\\/archives\\\/68219\"},\"wordCount\":1054,\"commentCount\":0,\"publisher\":{\"@id\":\"https:\\\/\\\/www.ocean4future.org\\\/savetheocean\\\/#\\\/schema\\\/person\\\/4e1c26437054353074d7bb2efa77162c\"},\"image\":{\"@id\":\"https:\\\/\\\/www.ocean4future.org\\\/savetheocean\\\/archives\\\/68219#primaryimage\"},\"thumbnailUrl\":\"https:\\\/\\\/www.ocean4future.org\\\/savetheocean\\\/wp-content\\\/uploads\\\/2022\\\/01\\\/panama-vulcanic-emissione.jpg\",\"articleSection\":[\"Geologia\"],\"inLanguage\":\"it-IT\",\"potentialAction\":[{\"@type\":\"CommentAction\",\"name\":\"Comment\",\"target\":[\"https:\\\/\\\/www.ocean4future.org\\\/savetheocean\\\/archives\\\/68219#respond\"]}]},{\"@type\":\"WebPage\",\"@id\":\"https:\\\/\\\/www.ocean4future.org\\\/savetheocean\\\/archives\\\/68219\",\"url\":\"https:\\\/\\\/www.ocean4future.org\\\/savetheocean\\\/archives\\\/68219\",\"name\":\"Scoperto un \\\"collegamento\\\" vulcanico tra le isole Galapagos e Panama &#8226; OCEAN4FUTURE autore\",\"isPartOf\":{\"@id\":\"https:\\\/\\\/www.ocean4future.org\\\/savetheocean\\\/#website\"},\"primaryImageOfPage\":{\"@id\":\"https:\\\/\\\/www.ocean4future.org\\\/savetheocean\\\/archives\\\/68219#primaryimage\"},\"image\":{\"@id\":\"https:\\\/\\\/www.ocean4future.org\\\/savetheocean\\\/archives\\\/68219#primaryimage\"},\"thumbnailUrl\":\"https:\\\/\\\/www.ocean4future.org\\\/savetheocean\\\/wp-content\\\/uploads\\\/2022\\\/01\\\/panama-vulcanic-emissione.jpg\",\"datePublished\":\"2022-02-10T23:04:18+00:00\",\"dateModified\":\"2025-05-03T07:12:40+00:00\",\"breadcrumb\":{\"@id\":\"https:\\\/\\\/www.ocean4future.org\\\/savetheocean\\\/archives\\\/68219#breadcrumb\"},\"inLanguage\":\"it-IT\",\"potentialAction\":[{\"@type\":\"ReadAction\",\"target\":[\"https:\\\/\\\/www.ocean4future.org\\\/savetheocean\\\/archives\\\/68219\"]}]},{\"@type\":\"ImageObject\",\"inLanguage\":\"it-IT\",\"@id\":\"https:\\\/\\\/www.ocean4future.org\\\/savetheocean\\\/archives\\\/68219#primaryimage\",\"url\":\"https:\\\/\\\/www.ocean4future.org\\\/savetheocean\\\/wp-content\\\/uploads\\\/2022\\\/01\\\/panama-vulcanic-emissione.jpg\",\"contentUrl\":\"https:\\\/\\\/www.ocean4future.org\\\/savetheocean\\\/wp-content\\\/uploads\\\/2022\\\/01\\\/panama-vulcanic-emissione.jpg\",\"width\":1024,\"height\":768},{\"@type\":\"BreadcrumbList\",\"@id\":\"https:\\\/\\\/www.ocean4future.org\\\/savetheocean\\\/archives\\\/68219#breadcrumb\",\"itemListElement\":[{\"@type\":\"ListItem\",\"position\":1,\"name\":\"Home\",\"item\":\"https:\\\/\\\/www.ocean4future.org\\\/savetheocean\"},{\"@type\":\"ListItem\",\"position\":2,\"name\":\"Scoperto un &#8220;collegamento&#8221; vulcanico tra le isole Galapagos e Panama\"}]},{\"@type\":\"WebSite\",\"@id\":\"https:\\\/\\\/www.ocean4future.org\\\/savetheocean\\\/#website\",\"url\":\"https:\\\/\\\/www.ocean4future.org\\\/savetheocean\\\/\",\"name\":\"Ocean 4 Future\",\"description\":\"Per una nuova cultura del mare e della marittimit\u00e0\",\"publisher\":{\"@id\":\"https:\\\/\\\/www.ocean4future.org\\\/savetheocean\\\/#\\\/schema\\\/person\\\/4e1c26437054353074d7bb2efa77162c\"},\"potentialAction\":[{\"@type\":\"SearchAction\",\"target\":{\"@type\":\"EntryPoint\",\"urlTemplate\":\"https:\\\/\\\/www.ocean4future.org\\\/savetheocean\\\/?s={search_term_string}\"},\"query-input\":{\"@type\":\"PropertyValueSpecification\",\"valueRequired\":true,\"valueName\":\"search_term_string\"}}],\"inLanguage\":\"it-IT\"},{\"@type\":[\"Person\",\"Organization\"],\"@id\":\"https:\\\/\\\/www.ocean4future.org\\\/savetheocean\\\/#\\\/schema\\\/person\\\/4e1c26437054353074d7bb2efa77162c\",\"name\":\"oceandiver\",\"image\":{\"@type\":\"ImageObject\",\"inLanguage\":\"it-IT\",\"@id\":\"https:\\\/\\\/www.ocean4future.org\\\/savetheocean\\\/wp-content\\\/uploads\\\/2023\\\/04\\\/logo-ocean3.jpg\",\"url\":\"https:\\\/\\\/www.ocean4future.org\\\/savetheocean\\\/wp-content\\\/uploads\\\/2023\\\/04\\\/logo-ocean3.jpg\",\"contentUrl\":\"https:\\\/\\\/www.ocean4future.org\\\/savetheocean\\\/wp-content\\\/uploads\\\/2023\\\/04\\\/logo-ocean3.jpg\",\"width\":472,\"height\":301,\"caption\":\"oceandiver\"},\"logo\":{\"@id\":\"https:\\\/\\\/www.ocean4future.org\\\/savetheocean\\\/wp-content\\\/uploads\\\/2023\\\/04\\\/logo-ocean3.jpg\"}},{\"@type\":\"Person\",\"@id\":\"https:\\\/\\\/www.ocean4future.org\\\/savetheocean\\\/#\\\/schema\\\/person\\\/ad3962a4283da6a7ba5d2e66f435a340\",\"name\":\"Redazione OCEAN4FUTURE\",\"image\":{\"@type\":\"ImageObject\",\"inLanguage\":\"it-IT\",\"@id\":\"https:\\\/\\\/secure.gravatar.com\\\/avatar\\\/ba6774c3cc06933a10f7e80f4184a636b9f8fe6f86714a5b2c583173eaf54646?s=96&d=mm&r=g\",\"url\":\"https:\\\/\\\/secure.gravatar.com\\\/avatar\\\/ba6774c3cc06933a10f7e80f4184a636b9f8fe6f86714a5b2c583173eaf54646?s=96&d=mm&r=g\",\"contentUrl\":\"https:\\\/\\\/secure.gravatar.com\\\/avatar\\\/ba6774c3cc06933a10f7e80f4184a636b9f8fe6f86714a5b2c583173eaf54646?s=96&d=mm&r=g\",\"caption\":\"Redazione OCEAN4FUTURE\"},\"description\":\"\u00e8 composta da oltre 60 collaboratori che lavorano in smart working, selezionati tra esperti di settore di diverse discipline. Hanno il compito di\u00a0 selezionare argomenti di particolare interesse, redigendo articoli basati su studi recenti. I contenuti degli stessi restano di responsabilit\u00e0 degli autori che sono ovviamente sempre citati. Eventuali quesiti possono essere inviati alla Redazione (infoocean4future@gmail.com) che, quando possibile, provveder\u00e0 ad inoltrarli agli Autori.\",\"sameAs\":[\"http:\\\/\\\/www.ocean4future.org\"],\"url\":\"https:\\\/\\\/www.ocean4future.org\\\/savetheocean\\\/archives\\\/author\\\/redazione-ocean4future\"}]}<\/script>\n<!-- \/ Yoast SEO plugin. -->","yoast_head_json":{"title":"Scoperto un \"collegamento\" vulcanico tra le isole Galapagos e Panama &#8226; OCEAN4FUTURE autore","robots":{"index":"index","follow":"follow","max-snippet":"max-snippet:-1","max-image-preview":"max-image-preview:large","max-video-preview":"max-video-preview:-1"},"canonical":"https:\/\/www.ocean4future.org\/savetheocean\/archives\/68219","og_locale":"it_IT","og_type":"article","og_title":"Scoperto un \"collegamento\" vulcanico tra le isole Galapagos e Panama &#8226; OCEAN4FUTURE autore","og_description":"tempo di lettura:  5 minuti. . ARGOMENTO: GEOLOGIA PERIODO: XXI SECOLO AREA: OCEANO PACIFICO parole chiave: subsidenza, placche, Galapagos, Panama Sulla costa pacifica dell\u2019America centrale, la placca tettonica di Cocos si sta immergendo e spinge la crosta oceanica sotto la crosta continentale delle placche tettoniche nordamericane, caraibiche e panamensi. Si tratta di un processo geologico importante chiamato subduzione che [&hellip;]","og_url":"https:\/\/www.ocean4future.org\/savetheocean\/archives\/68219","og_site_name":"OCEAN4FUTURE","article_published_time":"2022-02-10T23:04:18+00:00","article_modified_time":"2025-05-03T07:12:40+00:00","og_image":[{"width":1024,"height":768,"url":"https:\/\/www.ocean4future.org\/savetheocean\/wp-content\/uploads\/2022\/01\/panama-vulcanic-emissione.jpg","type":"image\/jpeg"}],"author":"Redazione OCEAN4FUTURE","twitter_card":"summary_large_image","twitter_creator":"@ocean4future","twitter_site":"@ocean4future","twitter_misc":{"Scritto da":"Redazione OCEAN4FUTURE","Tempo di lettura stimato":"8 minuti"},"schema":{"@context":"https:\/\/schema.org","@graph":[{"@type":"Article","@id":"https:\/\/www.ocean4future.org\/savetheocean\/archives\/68219#article","isPartOf":{"@id":"https:\/\/www.ocean4future.org\/savetheocean\/archives\/68219"},"author":{"name":"Redazione OCEAN4FUTURE","@id":"https:\/\/www.ocean4future.org\/savetheocean\/#\/schema\/person\/ad3962a4283da6a7ba5d2e66f435a340"},"headline":"Scoperto un &#8220;collegamento&#8221; vulcanico tra le isole Galapagos e Panama","datePublished":"2022-02-10T23:04:18+00:00","dateModified":"2025-05-03T07:12:40+00:00","mainEntityOfPage":{"@id":"https:\/\/www.ocean4future.org\/savetheocean\/archives\/68219"},"wordCount":1054,"commentCount":0,"publisher":{"@id":"https:\/\/www.ocean4future.org\/savetheocean\/#\/schema\/person\/4e1c26437054353074d7bb2efa77162c"},"image":{"@id":"https:\/\/www.ocean4future.org\/savetheocean\/archives\/68219#primaryimage"},"thumbnailUrl":"https:\/\/www.ocean4future.org\/savetheocean\/wp-content\/uploads\/2022\/01\/panama-vulcanic-emissione.jpg","articleSection":["Geologia"],"inLanguage":"it-IT","potentialAction":[{"@type":"CommentAction","name":"Comment","target":["https:\/\/www.ocean4future.org\/savetheocean\/archives\/68219#respond"]}]},{"@type":"WebPage","@id":"https:\/\/www.ocean4future.org\/savetheocean\/archives\/68219","url":"https:\/\/www.ocean4future.org\/savetheocean\/archives\/68219","name":"Scoperto un \"collegamento\" vulcanico tra le isole Galapagos e Panama &#8226; OCEAN4FUTURE autore","isPartOf":{"@id":"https:\/\/www.ocean4future.org\/savetheocean\/#website"},"primaryImageOfPage":{"@id":"https:\/\/www.ocean4future.org\/savetheocean\/archives\/68219#primaryimage"},"image":{"@id":"https:\/\/www.ocean4future.org\/savetheocean\/archives\/68219#primaryimage"},"thumbnailUrl":"https:\/\/www.ocean4future.org\/savetheocean\/wp-content\/uploads\/2022\/01\/panama-vulcanic-emissione.jpg","datePublished":"2022-02-10T23:04:18+00:00","dateModified":"2025-05-03T07:12:40+00:00","breadcrumb":{"@id":"https:\/\/www.ocean4future.org\/savetheocean\/archives\/68219#breadcrumb"},"inLanguage":"it-IT","potentialAction":[{"@type":"ReadAction","target":["https:\/\/www.ocean4future.org\/savetheocean\/archives\/68219"]}]},{"@type":"ImageObject","inLanguage":"it-IT","@id":"https:\/\/www.ocean4future.org\/savetheocean\/archives\/68219#primaryimage","url":"https:\/\/www.ocean4future.org\/savetheocean\/wp-content\/uploads\/2022\/01\/panama-vulcanic-emissione.jpg","contentUrl":"https:\/\/www.ocean4future.org\/savetheocean\/wp-content\/uploads\/2022\/01\/panama-vulcanic-emissione.jpg","width":1024,"height":768},{"@type":"BreadcrumbList","@id":"https:\/\/www.ocean4future.org\/savetheocean\/archives\/68219#breadcrumb","itemListElement":[{"@type":"ListItem","position":1,"name":"Home","item":"https:\/\/www.ocean4future.org\/savetheocean"},{"@type":"ListItem","position":2,"name":"Scoperto un &#8220;collegamento&#8221; vulcanico tra le isole Galapagos e Panama"}]},{"@type":"WebSite","@id":"https:\/\/www.ocean4future.org\/savetheocean\/#website","url":"https:\/\/www.ocean4future.org\/savetheocean\/","name":"Ocean 4 Future","description":"Per una nuova cultura del mare e della marittimit\u00e0","publisher":{"@id":"https:\/\/www.ocean4future.org\/savetheocean\/#\/schema\/person\/4e1c26437054353074d7bb2efa77162c"},"potentialAction":[{"@type":"SearchAction","target":{"@type":"EntryPoint","urlTemplate":"https:\/\/www.ocean4future.org\/savetheocean\/?s={search_term_string}"},"query-input":{"@type":"PropertyValueSpecification","valueRequired":true,"valueName":"search_term_string"}}],"inLanguage":"it-IT"},{"@type":["Person","Organization"],"@id":"https:\/\/www.ocean4future.org\/savetheocean\/#\/schema\/person\/4e1c26437054353074d7bb2efa77162c","name":"oceandiver","image":{"@type":"ImageObject","inLanguage":"it-IT","@id":"https:\/\/www.ocean4future.org\/savetheocean\/wp-content\/uploads\/2023\/04\/logo-ocean3.jpg","url":"https:\/\/www.ocean4future.org\/savetheocean\/wp-content\/uploads\/2023\/04\/logo-ocean3.jpg","contentUrl":"https:\/\/www.ocean4future.org\/savetheocean\/wp-content\/uploads\/2023\/04\/logo-ocean3.jpg","width":472,"height":301,"caption":"oceandiver"},"logo":{"@id":"https:\/\/www.ocean4future.org\/savetheocean\/wp-content\/uploads\/2023\/04\/logo-ocean3.jpg"}},{"@type":"Person","@id":"https:\/\/www.ocean4future.org\/savetheocean\/#\/schema\/person\/ad3962a4283da6a7ba5d2e66f435a340","name":"Redazione OCEAN4FUTURE","image":{"@type":"ImageObject","inLanguage":"it-IT","@id":"https:\/\/secure.gravatar.com\/avatar\/ba6774c3cc06933a10f7e80f4184a636b9f8fe6f86714a5b2c583173eaf54646?s=96&d=mm&r=g","url":"https:\/\/secure.gravatar.com\/avatar\/ba6774c3cc06933a10f7e80f4184a636b9f8fe6f86714a5b2c583173eaf54646?s=96&d=mm&r=g","contentUrl":"https:\/\/secure.gravatar.com\/avatar\/ba6774c3cc06933a10f7e80f4184a636b9f8fe6f86714a5b2c583173eaf54646?s=96&d=mm&r=g","caption":"Redazione OCEAN4FUTURE"},"description":"\u00e8 composta da oltre 60 collaboratori che lavorano in smart working, selezionati tra esperti di settore di diverse discipline. Hanno il compito di\u00a0 selezionare argomenti di particolare interesse, redigendo articoli basati su studi recenti. I contenuti degli stessi restano di responsabilit\u00e0 degli autori che sono ovviamente sempre citati. Eventuali quesiti possono essere inviati alla Redazione (infoocean4future@gmail.com) che, quando possibile, provveder\u00e0 ad inoltrarli agli Autori.","sameAs":["http:\/\/www.ocean4future.org"],"url":"https:\/\/www.ocean4future.org\/savetheocean\/archives\/author\/redazione-ocean4future"}]}},"_links":{"self":[{"href":"https:\/\/www.ocean4future.org\/savetheocean\/wp-json\/wp\/v2\/posts\/68219","targetHints":{"allow":["GET"]}}],"collection":[{"href":"https:\/\/www.ocean4future.org\/savetheocean\/wp-json\/wp\/v2\/posts"}],"about":[{"href":"https:\/\/www.ocean4future.org\/savetheocean\/wp-json\/wp\/v2\/types\/post"}],"author":[{"embeddable":true,"href":"https:\/\/www.ocean4future.org\/savetheocean\/wp-json\/wp\/v2\/users\/2398"}],"replies":[{"embeddable":true,"href":"https:\/\/www.ocean4future.org\/savetheocean\/wp-json\/wp\/v2\/comments?post=68219"}],"version-history":[{"count":0,"href":"https:\/\/www.ocean4future.org\/savetheocean\/wp-json\/wp\/v2\/posts\/68219\/revisions"}],"wp:featuredmedia":[{"embeddable":true,"href":"https:\/\/www.ocean4future.org\/savetheocean\/wp-json\/wp\/v2\/media\/68236"}],"wp:attachment":[{"href":"https:\/\/www.ocean4future.org\/savetheocean\/wp-json\/wp\/v2\/media?parent=68219"}],"wp:term":[{"taxonomy":"category","embeddable":true,"href":"https:\/\/www.ocean4future.org\/savetheocean\/wp-json\/wp\/v2\/categories?post=68219"},{"taxonomy":"post_tag","embeddable":true,"href":"https:\/\/www.ocean4future.org\/savetheocean\/wp-json\/wp\/v2\/tags?post=68219"}],"curies":[{"name":"wp","href":"https:\/\/api.w.org\/{rel}","templated":true}]}}