{"id":67516,"date":"2022-01-03T00:05:00","date_gmt":"2022-01-02T23:05:00","guid":{"rendered":"http:\/\/www.ocean4future.org\/savetheocean\/?p=67516"},"modified":"2023-05-25T17:14:14","modified_gmt":"2023-05-25T15:14:14","slug":"la-storia-avventurosa-di-due-sommergibili-entrambi-chiamati-ballilla","status":"publish","type":"post","link":"https:\/\/www.ocean4future.org\/savetheocean\/archives\/67516","title":{"rendered":"La storia avventurosa di due sommergibili, entrambi  chiamati Balilla &#8211; parte I"},"content":{"rendered":"<span class=\"span-reading-time rt-reading-time\" style=\"display: block;\"><span class=\"rt-label rt-prefix\">tempo di lettura: <\/span> <span class=\"rt-time\"> 6<\/span> <span class=\"rt-label rt-postfix\">minuti<\/span><\/span><p><span style=\"color: #ffffff;\">.<\/span><\/p>\n<a class=\"maxbutton-4 maxbutton maxbutton-livello-di-comprensione\" href=\"javascript:void(0);\"><span class='mb-text'>livello elementare<\/span><\/a>\n<p><span style=\"color: #ffffff;\">.<\/span><\/p>\n<p><span style=\"color: #008000;\"><strong>ARGOMENTO: STORIA NAVALE<\/strong><\/span><br \/>\n<span style=\"color: #008000;\"><strong>PERIODO: XX SECOLO<br \/>\nAREA: REGIA MARINA ITALIANA<\/strong><\/span><br \/>\nparole chiave: Sommergibili, Balilla<\/p>\n<p>&nbsp;<\/p>\n<p style=\"text-align: justify;\">Il <strong><span style=\"color: #008000;\">5 dicembre 1746<\/span> <\/strong>a Genova i militari austriaci rimasero &#8220;impantanati&#8221; con un cannone nel quartiere Portoria. L\u2019ufficiale austriaco ordin\u00f2 alla folla presente di aiutarli. Il malumore della popolazione sbocci\u00f2 in una rivolta che, si racconta, inizi\u00f2 con la pietra lanciata dall\u2019undicenne <span style=\"color: #008000;\"><strong>Giovan Battista \u201cBalilla\u201d Perasso <\/strong><span style=\"color: #000000;\">contro la soldataglia austriaca<\/span><\/span>. Anche se ancor oggi, a distanza di 175 anni e dopo insistenti ricerche, la sua figura \u00e8 ancora a cavallo tra realt\u00e0 e mito, \u00e8 comunque storica la grande rivolta popolare che si scaten\u00f2 nel 1746, consentendo a Genova di liberarsi delle truppe austriache da poco entrate in citt\u00e0.<\/p>\n<p style=\"text-align: justify;\">Gi\u00e0 nell\u2019Ottocento, ma soprattutto nel Novecento, <strong><span style=\"color: #008000;\">Giovan Battista Perasso<\/span><\/strong>, detto il <strong><span style=\"color: #008000;\">Balilla<\/span><\/strong>, divenne uno dei principali simboli dell\u2019italianit\u00e0: il cantiere marittimo <strong><span style=\"color: #008000;\">Fiat San Giorgio di La Spezia<\/span><\/strong>, nell\u2019agosto 1915 var\u00f2 il <strong><span style=\"color: #008000;\">regio sommergibile Balilla<\/span><\/strong>, il <strong><span style=\"color: #008000;\">cantiere aeronautico Ansaldo Borzoli di Genova<\/span><\/strong> produsse il prototipo di un caccia ricognitore che chiam\u00f2 \u201c<strong><span style=\"color: #008000;\">A1 Balilla<\/span><\/strong>\u201d, il primo volo di collaudo fu pilotato da <strong><span style=\"color: #008000;\">Francesco Baracca<\/span><\/strong> nel novembre 1917.&nbsp; Nel febbraio 1927 i cantieri <strong><span style=\"color: #008000;\">Odero Terni di La Spezia<\/span><\/strong> vararono un nuovo sommergibile, anche lui battezzato \u201cBalilla\u201d, capostipite di una Classe di quattro sommergibili e, nel 1932, la <strong><span style=\"color: #008000;\">FIAT<\/span><\/strong> dedic\u00f2 al \u201cBalilla\u201d la sua celebre utilitaria. Un mito, quello del \u201cBalilla\u201d che perdur\u00f2 inossidabile anche nel dopoguerra tanto che, nel 1947, il famoso gioco del \u201ccalcio da tavolo\u201d fu popolarmente \u2013 e continua ad esserlo tuttora \u2013 chiamato \u201ccalcio Balilla\u201d.<\/p>\n<p style=\"text-align: justify;\"><span style=\"font-size: 18pt;\"><strong><span style=\"color: #008000;\">I sommergibili Balilla<\/span><\/strong><\/span><br \/>\nMi dedico oggi a raccontare la storia dei due battelli a cui fu assegnato questo nome. Una pagina di storia navale ma anche di storia brindisina, in quanto, a distanza di quasi 30 anni l\u2019uno dall\u2019altro, i due battelli ebbero la loro base navale entrambi nel porto di Brindisi.<\/p>\n<p><img decoding=\"async\" src=\"https:\/\/www.ocean4future.org\/savetheocean\/wp-content\/uploads\/2021\/12\/regio-smg-balilla-1915-dopo-il-varo-1024x534.jpg\" alt=\"Questa immagine ha l'attributo alt vuoto; il nome del file \u00e8 regio-smg-balilla-1915-dopo-il-varo-1024x534.jpg\"><\/p>\n<p style=\"text-align: justify;\">Il primo sommergibile <strong><span style=\"color: #008000;\">Balilla<\/span><\/strong> fu un battello di media crociera, impostato il 18 agosto 1913 nei cantieri navali <strong><span style=\"color: #008000;\">Fiat San Giorgio di La Spezia<\/span><\/strong> e varato l\u20198 agosto 1915, entrando in servizio \u2013 cosa alquanto rara \u2013 nello stesso giorno dopo la consegna immediata alla Regia Marina.<\/p>\n<table>\n<tbody>\n<tr>\n<td style=\"text-align: justify;\"><span style=\"color: #008000;\"><strong><span style=\"font-size: 14pt;\">Come nota curiosa, il sommergibile era stato posto in cantiere su ordinazione della Marina Imperiale Austriaca e quando era in avanzato stato di costruzione,&nbsp; nel giugno del 1915, venne requisito dalla Regia Marina in prossimit\u00e0 dell\u2019entrata in guerra dell\u2019Italia<\/span><\/strong><\/span><\/td>\n<\/tr>\n<\/tbody>\n<\/table>\n<p style=\"text-align: justify;\">Con un dislocamento di 728 tonnellate, era lungo 65 metri e largo 6 metri con una immersione di 4,17 metri. Era armato con quattro tubi di lancio da 450 mm ed aveva due cannoni da 76\/30 mm. Il suo apparato motore di superficie era costituito da due motori Diesel Fiat che, azionando due eliche, sviluppavano una potenza di 2600 cv permettendo una velocit\u00e0 massima in emersione di 14 nodi, con una autonomia di 3500 miglia a dieci nodi. In immersione, l\u2019apparato motore era costituito da due motori elettrici di 450 Kw di potenza, con permettevano di raggiungere una velocit\u00e0 massima di nove nodi, con una autonomia di 85 miglia a tre nodi. L\u2019equipaggio era costituito da 38 uomini: 4 ufficiali, 14 sottufficiali e 20 marinai.<\/p>\n<p><img decoding=\"async\" src=\"https:\/\/www.ocean4future.org\/savetheocean\/wp-content\/uploads\/2021\/12\/farinata-degli-uberti-Paolo-MOVM.jpg\" alt=\"Questa immagine ha l'attributo alt vuoto; il nome del file \u00e8 farinata-degli-uberti-Paolo-MOVM.jpg\" width=\"612\" height=\"853\"><\/p>\n<p align=\"justify\"><strong><span style=\"color: #008000;\">il capitano di corvetta Paolo Tolosetto Farinata Degli Uberti nacque a Verona il 6 aprile 1876. Allievo dell&#8217;Accademia Navale di Livorno dal 30 ottobre 1889, il 1\u00b0 agosto 1895 consegu\u00ec la nomina a Guardiamarina. Il 25 aprile 1915 fu promosso capitano di corvetta. L&#8217;anno successivo, da comandante del R. Smg. Balilla, per\u00ec eroicamente in combattimento &#8211; Ufficio Storico della Marina<\/span><\/strong><\/p>\n<p>&nbsp;<\/p>\n<p style=\"text-align: justify;\">Il <strong><span style=\"color: #008000;\">regio sommergibile Balilla<\/span><\/strong> raggiunse la base assegnatagli di Brindisi nel febbraio 1916 e, posto agli ordini del <strong><span style=\"color: #008000;\">capitano di corvetta Paolo Tolosetto Farinata Degli Uberti<\/span><\/strong>, fu aggregato alla <strong><span style=\"color: #008000;\">4\u00aa Squadriglia del Gruppo autonomo sommergibili<\/span><\/strong>. L\u2019unit\u00e0 fu destinata al compimento di missioni di agguato nei pressi dei pi\u00f9 importanti sorgitori nemici, nonch\u00e9 di missioni per contrastare eventuali azioni degli avversari dirette contro le coste italiane. Il destino per\u00f2 gli aveva serbato una vita breve ed una fine tragica.<\/p>\n<p style=\"text-align: justify;\">Il 13 luglio 1916 il Balilla part\u00ec da Brindisi per la sua seconda missione e non fece pi\u00f9 ritorno. Frammentarie notizie sulla sua sorte si ebbero dopo una settimana, il 20 luglio, quando, dall\u2019intercettazione di due comunicazioni radio austroungariche, si venne a sapere che il 15 luglio unit\u00e0 di quella Marina avevano affondato un sommergibile italiano nel Medio Adriatico, senza notizie di sopravvissuti. A fine agosto si ebbe conferma di quell\u2019affondamento dai naufraghi riscattati da un sommergibile nemico affondato, l\u2019U. 16, che raccontarono che un sommergibile italiano era stato affondato nei pressi di Capo Planka dopo uno scontro con due torpediniere austriache.<\/p>\n<p style=\"text-align: justify;\">Altri dettagli della fine del regio sommergibile Balilla vennero accertati alla fine della guerra, con l\u2019apertura degli <strong><span style=\"color: #008000;\">archivi della K.u.K. Marine<\/span><\/strong>, e pi\u00f9 specificamente grazie al diario del <strong><span style=\"color: #008000;\">capitano austriaco Joseph Halleperth<\/span><\/strong>, comandante della <strong><span style=\"color: #008000;\">torpediniera T. 65<\/span><\/strong>. Il sommergibile italiano era stato avvistato al largo di Lissa presso la costa dalmata il 14 luglio e verso sera fu intercettato presso Capo Planka da due torpediniere austriache, la T. 65 e la T. 66, che dopo un epico combattimento riuscirono, prima a danneggiarlo e poi affondarlo. Malgrado fosse pressoch\u00e9 immobilizzato e impossibilitato a manovrare per i danni riportati al timone nella fase iniziale dello scontro, il regio sommergibile Balilla aveva continuato a combattere sino alla fine.<\/p>\n<p style=\"text-align: justify;\">\u00ab <strong><em><span style=\"color: #008000;\">Acque di Lissa, 14 luglio ore 15&#8230; Improvvisamente scorgo sulla sinistra qualcosa che si muove sull\u2019acqua e do subito l\u2019allarme: uomini ai pezzi di prua e macchina a tutta forza con timone a sinistra! Le prime ombre della sera scendono sul mare ma sono ancora insufficienti per nascondere il \u2018collo di bottiglia\u2019 la cui distanza si riduce di minuto in minuto. Mi stupisce che non scompaia. Ha del fegato! D\u2019altro canto, se ritira il periscopio, diventa cieco mentre, per lanciare il siluro deve vedere. Chi arriver\u00e0 prima? Quello o la mia nave spinta dalle sue stesse macchine verso il pericolo? Un colpo di cannone della 66F raggiunge il \u2018collo di bottiglia\u2019 mentre una scia mi annunzia il siluro in avvicinamento. Davanti alla sensazione precisa del pericolo, tolgo al timoniere la ruota e la giro velocemente facendo accostare la nave sulla sinistra, con l\u2019ordigno che mi passa a pochi metri dalla poppa. Ma ecco il sommergibile riemergere e tornare all\u2019attacco dirigendosi sulla mia nave con magnifica audacia. I miei cannoni e quelli della 66F sono tutti puntati sul battello italiano che naviga tra gli spruzzi di schiuma sollevati dai proietti, mentre l\u2019aria si punteggia di lampi e gli scoppi si susseguono l\u2019uno dopo l\u2019altro senza sosta. Per la seconda volta il sommergibile lancia e, nuovamente, una violenta accostata salva la mia nave. La sorte del sommergibile \u00e8, per\u00f2, segnata: \u00e8 stato colpito in pi\u00f9 parti e il mio sperone, tra qualche momento, avr\u00e0 ragione della temerariet\u00e0 degli italiani. Nello stesso momento in cui ci apprestiamo ad aggredirlo, quello si immerge e gli passiamo sopra senza toccarlo. Riaffiora con la prua impennata sull\u2019acqua come una lama. Poi, se pur ferito a morte, il battello riacquista per alcuni istanti il suo assetto longitudinale e, sul mare, ricompaiono le scie di due altri siluri, che vengono facilmente evitati. Mi chiedo per quale miracolo quella \u2018cosa\u2019, con quel profilo incerto e semi sommerso, stia ancora a galla. Ordino di mettere una lancia a mare perch\u00e9 l\u2019equipaggio ormai non pu\u00f2 tardare ad uscire, ma i minuti passano inesorabili mentre boccaporti e sportelli restano chiusi. Aspetto, guardo e spero che quei marinai italiani escano. Li avremmo accolti a bordo con enorme ammirazione e rispetto, ma alla fine \u00e8 tutto inutile. La torretta del sommergibile appare nell\u2019ombra come scossa da un ultimo fremito e, improvvisamente, scompare mentre l\u2019acqua si chiude a coprire &#8211; come accarezzandolo &#8211; il battello. Mi scopro il capo e altrettanto fanno i miei ufficiali, curvando la fronte dinnanzi a quella fine cos\u00ec tragica&#8230; Apprezzo pienamente il valore del mio prode avversario per l\u2019attacco eseguito con tanto slancio e che, per pura casualit\u00e0, fu reso nullo. \u00c8 mio dovere attestare che tutti sul \u201cBalilla\u201d con ammirevole disprezzo della morte compirono con onore il loro dovere, raggiungendo da eroi la pace eterna nel fondo dell\u2019Adriatico.<\/span><\/em><\/strong>\u00bb<\/p>\n<p style=\"text-align: justify;\">Al comandante <strong><span style=\"color: #008000;\">Farinata degli Uberti<\/span><\/strong> fu conferita la Medaglia d\u2019Oro al Valore Militare alla memoria e tutti gli altri 37 marinai dell\u2019equipaggio furono decorati con argento e bronzo.<br \/>\n<span style=\"color: #ffffff;\">.<\/span><br \/>\n<strong><span style=\"color: #008000;\">Fine parte I &#8211; continua<\/span><\/strong><\/p>\n<p><strong><span style=\"color: #008000;\">Gianfranco Perri<\/span><\/strong><\/p>\n<p><strong><span style=\"color: #008000;\">Testo e foto dell&#8217;autore<br \/>\n<span style=\"color: #ffffff;\">.<\/span><br \/>\n<span style=\"color: #ffffff;\">.<\/span><\/span><\/strong><\/p>\n<p><a class=\"maxbutton-27 maxbutton maxbutton-un-regalo-per-te\" href=\"https:\/\/www.primevideo.com\/offers\/ref=atv_nb_lcl_it_IT?tag=amazon0e150-21 Italia\"><span class='mb-text'>Una sorpresa per te su Amazon Music unlimited<\/span><\/a>&nbsp; &nbsp;<a class=\"maxbutton-28 maxbutton maxbutton-amazon-prime\" title=\"Scopri i vantaggi di Amazon Prime\" href=\"javascript:void(0);\"><span class='mb-text'>Scopri i vantaggi di Amazon Prime<\/span><\/a><\/p>\n<p>&nbsp;<\/p>\n<p style=\"text-align: justify;\">Alcune delle foto presenti in questo blog possono essere state prese dal web, citandone ove possibile gli autori e\/o le fonti. Se qualcuno desiderasse specificarne l\u2019autore o rimuoverle, pu\u00f2 scrivere a infoocean4future@gmail.com e provvederemo immediatamente alla correzione dell\u2019articolo<br \/>\n<span style=\"color: #ffffff;\">,<\/span><\/p>\n<p><a class=\"maxbutton-3 maxbutton maxbutton-pagina-principale\" target=\"_blank\" title=\"tooltip\" rel=\"nofollow noopener\" href=\"http:\/\/www.ocean4future.org\"><span class='mb-text'>PAGINA PRINCIPALE<\/span><\/a><br \/>\n<span style=\"color: #ffffff;\">.<\/span><\/p>\n<p><a class=\"maxbutton-13 maxbutton maxbutton-parte-i\" target=\"_blank\" title=\" tooltip\" rel=\"nofollow noopener\" href=\"https:\/\/www.ocean4future.org\/savetheocean\/archives\/67516\"><span class='mb-text'>PARTE I<\/span><\/a>&nbsp; <a class=\"maxbutton-14 maxbutton maxbutton-parte-ii\" target=\"_blank\" title=\" tooltip\" rel=\"nofollow noopener\" href=\"https:\/\/www.ocean4future.org\/savetheocean\/archives\/67528\"><span class='mb-text'>PARTE II<\/span><\/a><\/p>\n<p>&nbsp;<\/p>\n<p>&nbsp;<\/p>\n<p><strong><em>&nbsp;<\/em><\/strong><\/p>\n<p>&nbsp;<\/p>\n","protected":false},"excerpt":{"rendered":"<p><span class=\"span-reading-time rt-reading-time\" style=\"display: block;\"><span class=\"rt-label rt-prefix\">tempo di lettura: <\/span> <span class=\"rt-time\"> 6<\/span> <span class=\"rt-label rt-postfix\">minuti<\/span><\/span>. . ARGOMENTO: STORIA NAVALE PERIODO: XX SECOLO AREA: REGIA MARINA ITALIANA parole chiave: Sommergibili, Balilla &nbsp; Il 5 dicembre 1746 a Genova i militari austriaci rimasero &#8220;impantanati&#8221; con un cannone nel quartiere Portoria. L\u2019ufficiale austriaco ordin\u00f2 alla folla presente di aiutarli. Il malumore della popolazione sbocci\u00f2 in una rivolta che, si racconta, inizi\u00f2 con [&hellip;]<\/p>\n","protected":false},"author":2429,"featured_media":67540,"comment_status":"open","ping_status":"open","sticky":false,"template":"","format":"standard","meta":{"_acf_changed":false,"_monsterinsights_skip_tracking":false,"_monsterinsights_sitenote_active":false,"_monsterinsights_sitenote_note":"","_monsterinsights_sitenote_category":0,"footnotes":""},"categories":[2318,2319,2313],"tags":[],"class_list":["post-67516","post","type-post","status-publish","format-standard","has-post-thumbnail","hentry","category-eta-moderna","category-prima-guerra-mondiale","category-storia-della-seconda-guerra-mondiale"],"acf":[],"yoast_head":"<!-- This site is optimized with the Yoast SEO plugin v27.4 - https:\/\/yoast.com\/product\/yoast-seo-wordpress\/ -->\n<title>La storia avventurosa di due sommergibili, entrambi chiamati Balilla - parte I &#8226; OCEAN4FUTURE autore<\/title>\n<meta name=\"robots\" content=\"index, follow, max-snippet:-1, max-image-preview:large, max-video-preview:-1\" \/>\n<link rel=\"canonical\" href=\"https:\/\/www.ocean4future.org\/savetheocean\/archives\/67516\" \/>\n<meta property=\"og:locale\" content=\"it_IT\" \/>\n<meta property=\"og:type\" content=\"article\" \/>\n<meta property=\"og:title\" content=\"La storia avventurosa di due sommergibili, entrambi chiamati Balilla - parte I &#8226; OCEAN4FUTURE autore\" \/>\n<meta property=\"og:description\" content=\"tempo di lettura:  6 minuti. . ARGOMENTO: STORIA NAVALE PERIODO: XX SECOLO AREA: REGIA MARINA ITALIANA parole chiave: Sommergibili, Balilla &nbsp; Il 5 dicembre 1746 a Genova i militari austriaci rimasero &#8220;impantanati&#8221; con un cannone nel quartiere Portoria. L\u2019ufficiale austriaco ordin\u00f2 alla folla presente di aiutarli. Il malumore della popolazione sbocci\u00f2 in una rivolta che, si racconta, inizi\u00f2 con [&hellip;]\" \/>\n<meta property=\"og:url\" content=\"https:\/\/www.ocean4future.org\/savetheocean\/archives\/67516\" \/>\n<meta property=\"og:site_name\" content=\"OCEAN4FUTURE\" \/>\n<meta property=\"article:published_time\" content=\"2022-01-02T23:05:00+00:00\" \/>\n<meta property=\"article:modified_time\" content=\"2023-05-25T15:14:14+00:00\" \/>\n<meta property=\"og:image\" content=\"https:\/\/www.ocean4future.org\/savetheocean\/wp-content\/uploads\/2021\/12\/balilla-1.png\" \/>\n\t<meta property=\"og:image:width\" content=\"883\" \/>\n\t<meta property=\"og:image:height\" content=\"542\" \/>\n\t<meta property=\"og:image:type\" content=\"image\/png\" \/>\n<meta name=\"author\" content=\"Gianfranco Perri\" \/>\n<meta name=\"twitter:card\" content=\"summary_large_image\" \/>\n<meta name=\"twitter:creator\" content=\"@ocean4future\" \/>\n<meta name=\"twitter:site\" content=\"@ocean4future\" \/>\n<meta name=\"twitter:label1\" content=\"Scritto da\" \/>\n\t<meta name=\"twitter:data1\" content=\"Gianfranco Perri\" \/>\n\t<meta name=\"twitter:label2\" content=\"Tempo di lettura stimato\" \/>\n\t<meta name=\"twitter:data2\" content=\"7 minuti\" \/>\n<script type=\"application\/ld+json\" class=\"yoast-schema-graph\">{\"@context\":\"https:\\\/\\\/schema.org\",\"@graph\":[{\"@type\":\"Article\",\"@id\":\"https:\\\/\\\/www.ocean4future.org\\\/savetheocean\\\/archives\\\/67516#article\",\"isPartOf\":{\"@id\":\"https:\\\/\\\/www.ocean4future.org\\\/savetheocean\\\/archives\\\/67516\"},\"author\":{\"name\":\"Gianfranco Perri\",\"@id\":\"https:\\\/\\\/www.ocean4future.org\\\/savetheocean\\\/#\\\/schema\\\/person\\\/2807aad6351c9429df20d5d07ee045f3\"},\"headline\":\"La storia avventurosa di due sommergibili, entrambi chiamati Balilla &#8211; parte I\",\"datePublished\":\"2022-01-02T23:05:00+00:00\",\"dateModified\":\"2023-05-25T15:14:14+00:00\",\"mainEntityOfPage\":{\"@id\":\"https:\\\/\\\/www.ocean4future.org\\\/savetheocean\\\/archives\\\/67516\"},\"wordCount\":1474,\"commentCount\":0,\"publisher\":{\"@id\":\"https:\\\/\\\/www.ocean4future.org\\\/savetheocean\\\/#\\\/schema\\\/person\\\/4e1c26437054353074d7bb2efa77162c\"},\"image\":{\"@id\":\"https:\\\/\\\/www.ocean4future.org\\\/savetheocean\\\/archives\\\/67516#primaryimage\"},\"thumbnailUrl\":\"https:\\\/\\\/www.ocean4future.org\\\/savetheocean\\\/wp-content\\\/uploads\\\/2021\\\/12\\\/balilla-1.png\",\"articleSection\":[\"Storia navale dell'et\u00e0 moderna (post 1492 - oggi)\",\"Storia navale della prima guerra mondiale (1914-1918)\",\"Storia navale della seconda guerra mondiale (1939 - 1945)\"],\"inLanguage\":\"it-IT\",\"potentialAction\":[{\"@type\":\"CommentAction\",\"name\":\"Comment\",\"target\":[\"https:\\\/\\\/www.ocean4future.org\\\/savetheocean\\\/archives\\\/67516#respond\"]}]},{\"@type\":\"WebPage\",\"@id\":\"https:\\\/\\\/www.ocean4future.org\\\/savetheocean\\\/archives\\\/67516\",\"url\":\"https:\\\/\\\/www.ocean4future.org\\\/savetheocean\\\/archives\\\/67516\",\"name\":\"La storia avventurosa di due sommergibili, entrambi chiamati Balilla - parte I &#8226; OCEAN4FUTURE autore\",\"isPartOf\":{\"@id\":\"https:\\\/\\\/www.ocean4future.org\\\/savetheocean\\\/#website\"},\"primaryImageOfPage\":{\"@id\":\"https:\\\/\\\/www.ocean4future.org\\\/savetheocean\\\/archives\\\/67516#primaryimage\"},\"image\":{\"@id\":\"https:\\\/\\\/www.ocean4future.org\\\/savetheocean\\\/archives\\\/67516#primaryimage\"},\"thumbnailUrl\":\"https:\\\/\\\/www.ocean4future.org\\\/savetheocean\\\/wp-content\\\/uploads\\\/2021\\\/12\\\/balilla-1.png\",\"datePublished\":\"2022-01-02T23:05:00+00:00\",\"dateModified\":\"2023-05-25T15:14:14+00:00\",\"breadcrumb\":{\"@id\":\"https:\\\/\\\/www.ocean4future.org\\\/savetheocean\\\/archives\\\/67516#breadcrumb\"},\"inLanguage\":\"it-IT\",\"potentialAction\":[{\"@type\":\"ReadAction\",\"target\":[\"https:\\\/\\\/www.ocean4future.org\\\/savetheocean\\\/archives\\\/67516\"]}]},{\"@type\":\"ImageObject\",\"inLanguage\":\"it-IT\",\"@id\":\"https:\\\/\\\/www.ocean4future.org\\\/savetheocean\\\/archives\\\/67516#primaryimage\",\"url\":\"https:\\\/\\\/www.ocean4future.org\\\/savetheocean\\\/wp-content\\\/uploads\\\/2021\\\/12\\\/balilla-1.png\",\"contentUrl\":\"https:\\\/\\\/www.ocean4future.org\\\/savetheocean\\\/wp-content\\\/uploads\\\/2021\\\/12\\\/balilla-1.png\",\"width\":883,\"height\":542},{\"@type\":\"BreadcrumbList\",\"@id\":\"https:\\\/\\\/www.ocean4future.org\\\/savetheocean\\\/archives\\\/67516#breadcrumb\",\"itemListElement\":[{\"@type\":\"ListItem\",\"position\":1,\"name\":\"Home\",\"item\":\"https:\\\/\\\/www.ocean4future.org\\\/savetheocean\"},{\"@type\":\"ListItem\",\"position\":2,\"name\":\"La storia avventurosa di due sommergibili, entrambi chiamati Balilla &#8211; parte I\"}]},{\"@type\":\"WebSite\",\"@id\":\"https:\\\/\\\/www.ocean4future.org\\\/savetheocean\\\/#website\",\"url\":\"https:\\\/\\\/www.ocean4future.org\\\/savetheocean\\\/\",\"name\":\"Ocean 4 Future\",\"description\":\"Per una nuova cultura del mare e della marittimit\u00e0\",\"publisher\":{\"@id\":\"https:\\\/\\\/www.ocean4future.org\\\/savetheocean\\\/#\\\/schema\\\/person\\\/4e1c26437054353074d7bb2efa77162c\"},\"potentialAction\":[{\"@type\":\"SearchAction\",\"target\":{\"@type\":\"EntryPoint\",\"urlTemplate\":\"https:\\\/\\\/www.ocean4future.org\\\/savetheocean\\\/?s={search_term_string}\"},\"query-input\":{\"@type\":\"PropertyValueSpecification\",\"valueRequired\":true,\"valueName\":\"search_term_string\"}}],\"inLanguage\":\"it-IT\"},{\"@type\":[\"Person\",\"Organization\"],\"@id\":\"https:\\\/\\\/www.ocean4future.org\\\/savetheocean\\\/#\\\/schema\\\/person\\\/4e1c26437054353074d7bb2efa77162c\",\"name\":\"oceandiver\",\"image\":{\"@type\":\"ImageObject\",\"inLanguage\":\"it-IT\",\"@id\":\"https:\\\/\\\/www.ocean4future.org\\\/savetheocean\\\/wp-content\\\/uploads\\\/2023\\\/04\\\/logo-ocean3.jpg\",\"url\":\"https:\\\/\\\/www.ocean4future.org\\\/savetheocean\\\/wp-content\\\/uploads\\\/2023\\\/04\\\/logo-ocean3.jpg\",\"contentUrl\":\"https:\\\/\\\/www.ocean4future.org\\\/savetheocean\\\/wp-content\\\/uploads\\\/2023\\\/04\\\/logo-ocean3.jpg\",\"width\":472,\"height\":301,\"caption\":\"oceandiver\"},\"logo\":{\"@id\":\"https:\\\/\\\/www.ocean4future.org\\\/savetheocean\\\/wp-content\\\/uploads\\\/2023\\\/04\\\/logo-ocean3.jpg\"}},{\"@type\":\"Person\",\"@id\":\"https:\\\/\\\/www.ocean4future.org\\\/savetheocean\\\/#\\\/schema\\\/person\\\/2807aad6351c9429df20d5d07ee045f3\",\"name\":\"Gianfranco Perri\",\"image\":{\"@type\":\"ImageObject\",\"inLanguage\":\"it-IT\",\"@id\":\"https:\\\/\\\/secure.gravatar.com\\\/avatar\\\/25132120ae1b86613a98dd3b8dd2ef1c50406ce2b2bde10cad3ff57315421dc0?s=96&d=mm&r=g\",\"url\":\"https:\\\/\\\/secure.gravatar.com\\\/avatar\\\/25132120ae1b86613a98dd3b8dd2ef1c50406ce2b2bde10cad3ff57315421dc0?s=96&d=mm&r=g\",\"contentUrl\":\"https:\\\/\\\/secure.gravatar.com\\\/avatar\\\/25132120ae1b86613a98dd3b8dd2ef1c50406ce2b2bde10cad3ff57315421dc0?s=96&d=mm&r=g\",\"caption\":\"Gianfranco Perri\"},\"description\":\"nato a Brindisi il 21 settembre 1951, nel 1974 ha ottenuto la laurea in Ingegneria Mineraria \u00a8con Lode\u00a8 nel Politecnico di Torino dove ha anche esercitato la docenza. Attualmente \u00e8 docente di \u201cProgettazione di gallerie\u201d presso l\u2019Universit\u00e0 Centrale del Venezuela di Caracas. \u00c8 consulente e progettista di opere sotterranee nei vari paesi del Centro e del Sud America. Ha pubblicato due libri sulla progettazione di gallerie e un centinaio di paper tecnici e scientifici, in spagnolo, italiano ed inglese, la maggior parte dei quali presentati in convegni internazionali in molte regioni del mondo. Nel 2009 a Bari, ha ricevuto il Premio Internazionale \u201cPugliesi nel Mondo\u201d e nel 2010 dall\u2019Universit\u00e0 degli Studi di Foggia, \u00e8 stato incluso tra i \u201cPugliesi illustri nel mondo\u201d.\u00a0 E' anche un appassionato studioso e impegnato divulgatore della storia di Brindisi sulla quale ha scritto diversi libri e saggi pubblicando molti articoli sul quotidiano \u201cSenzacolonne\u201d e sul settimanale \u201cil7 Magazine\u201d di Brindisi. Dal 2013 ha attivo il Blog \u201cVia da Brindisi\u201d sul giornale online \u201cSenza Colonne News\u201d. Ha anche pubblicati i suoi lavori, a stampa o online sulle pagine web www.fondazioneterradotranto.it www.academia.edu e www.brindisiweb.it\",\"sameAs\":[\"http:\\\/\\\/www.gianfrancoperri.net\"],\"url\":\"https:\\\/\\\/www.ocean4future.org\\\/savetheocean\\\/archives\\\/author\\\/gianfranco-perri\"}]}<\/script>\n<!-- \/ Yoast SEO plugin. -->","yoast_head_json":{"title":"La storia avventurosa di due sommergibili, entrambi chiamati Balilla - parte I &#8226; OCEAN4FUTURE autore","robots":{"index":"index","follow":"follow","max-snippet":"max-snippet:-1","max-image-preview":"max-image-preview:large","max-video-preview":"max-video-preview:-1"},"canonical":"https:\/\/www.ocean4future.org\/savetheocean\/archives\/67516","og_locale":"it_IT","og_type":"article","og_title":"La storia avventurosa di due sommergibili, entrambi chiamati Balilla - parte I &#8226; OCEAN4FUTURE autore","og_description":"tempo di lettura:  6 minuti. . ARGOMENTO: STORIA NAVALE PERIODO: XX SECOLO AREA: REGIA MARINA ITALIANA parole chiave: Sommergibili, Balilla &nbsp; Il 5 dicembre 1746 a Genova i militari austriaci rimasero &#8220;impantanati&#8221; con un cannone nel quartiere Portoria. L\u2019ufficiale austriaco ordin\u00f2 alla folla presente di aiutarli. Il malumore della popolazione sbocci\u00f2 in una rivolta che, si racconta, inizi\u00f2 con [&hellip;]","og_url":"https:\/\/www.ocean4future.org\/savetheocean\/archives\/67516","og_site_name":"OCEAN4FUTURE","article_published_time":"2022-01-02T23:05:00+00:00","article_modified_time":"2023-05-25T15:14:14+00:00","og_image":[{"width":883,"height":542,"url":"https:\/\/www.ocean4future.org\/savetheocean\/wp-content\/uploads\/2021\/12\/balilla-1.png","type":"image\/png"}],"author":"Gianfranco Perri","twitter_card":"summary_large_image","twitter_creator":"@ocean4future","twitter_site":"@ocean4future","twitter_misc":{"Scritto da":"Gianfranco Perri","Tempo di lettura stimato":"7 minuti"},"schema":{"@context":"https:\/\/schema.org","@graph":[{"@type":"Article","@id":"https:\/\/www.ocean4future.org\/savetheocean\/archives\/67516#article","isPartOf":{"@id":"https:\/\/www.ocean4future.org\/savetheocean\/archives\/67516"},"author":{"name":"Gianfranco Perri","@id":"https:\/\/www.ocean4future.org\/savetheocean\/#\/schema\/person\/2807aad6351c9429df20d5d07ee045f3"},"headline":"La storia avventurosa di due sommergibili, entrambi chiamati Balilla &#8211; parte I","datePublished":"2022-01-02T23:05:00+00:00","dateModified":"2023-05-25T15:14:14+00:00","mainEntityOfPage":{"@id":"https:\/\/www.ocean4future.org\/savetheocean\/archives\/67516"},"wordCount":1474,"commentCount":0,"publisher":{"@id":"https:\/\/www.ocean4future.org\/savetheocean\/#\/schema\/person\/4e1c26437054353074d7bb2efa77162c"},"image":{"@id":"https:\/\/www.ocean4future.org\/savetheocean\/archives\/67516#primaryimage"},"thumbnailUrl":"https:\/\/www.ocean4future.org\/savetheocean\/wp-content\/uploads\/2021\/12\/balilla-1.png","articleSection":["Storia navale dell'et\u00e0 moderna (post 1492 - oggi)","Storia navale della prima guerra mondiale (1914-1918)","Storia navale della seconda guerra mondiale (1939 - 1945)"],"inLanguage":"it-IT","potentialAction":[{"@type":"CommentAction","name":"Comment","target":["https:\/\/www.ocean4future.org\/savetheocean\/archives\/67516#respond"]}]},{"@type":"WebPage","@id":"https:\/\/www.ocean4future.org\/savetheocean\/archives\/67516","url":"https:\/\/www.ocean4future.org\/savetheocean\/archives\/67516","name":"La storia avventurosa di due sommergibili, entrambi chiamati Balilla - parte I &#8226; OCEAN4FUTURE autore","isPartOf":{"@id":"https:\/\/www.ocean4future.org\/savetheocean\/#website"},"primaryImageOfPage":{"@id":"https:\/\/www.ocean4future.org\/savetheocean\/archives\/67516#primaryimage"},"image":{"@id":"https:\/\/www.ocean4future.org\/savetheocean\/archives\/67516#primaryimage"},"thumbnailUrl":"https:\/\/www.ocean4future.org\/savetheocean\/wp-content\/uploads\/2021\/12\/balilla-1.png","datePublished":"2022-01-02T23:05:00+00:00","dateModified":"2023-05-25T15:14:14+00:00","breadcrumb":{"@id":"https:\/\/www.ocean4future.org\/savetheocean\/archives\/67516#breadcrumb"},"inLanguage":"it-IT","potentialAction":[{"@type":"ReadAction","target":["https:\/\/www.ocean4future.org\/savetheocean\/archives\/67516"]}]},{"@type":"ImageObject","inLanguage":"it-IT","@id":"https:\/\/www.ocean4future.org\/savetheocean\/archives\/67516#primaryimage","url":"https:\/\/www.ocean4future.org\/savetheocean\/wp-content\/uploads\/2021\/12\/balilla-1.png","contentUrl":"https:\/\/www.ocean4future.org\/savetheocean\/wp-content\/uploads\/2021\/12\/balilla-1.png","width":883,"height":542},{"@type":"BreadcrumbList","@id":"https:\/\/www.ocean4future.org\/savetheocean\/archives\/67516#breadcrumb","itemListElement":[{"@type":"ListItem","position":1,"name":"Home","item":"https:\/\/www.ocean4future.org\/savetheocean"},{"@type":"ListItem","position":2,"name":"La storia avventurosa di due sommergibili, entrambi chiamati Balilla &#8211; parte I"}]},{"@type":"WebSite","@id":"https:\/\/www.ocean4future.org\/savetheocean\/#website","url":"https:\/\/www.ocean4future.org\/savetheocean\/","name":"Ocean 4 Future","description":"Per una nuova cultura del mare e della marittimit\u00e0","publisher":{"@id":"https:\/\/www.ocean4future.org\/savetheocean\/#\/schema\/person\/4e1c26437054353074d7bb2efa77162c"},"potentialAction":[{"@type":"SearchAction","target":{"@type":"EntryPoint","urlTemplate":"https:\/\/www.ocean4future.org\/savetheocean\/?s={search_term_string}"},"query-input":{"@type":"PropertyValueSpecification","valueRequired":true,"valueName":"search_term_string"}}],"inLanguage":"it-IT"},{"@type":["Person","Organization"],"@id":"https:\/\/www.ocean4future.org\/savetheocean\/#\/schema\/person\/4e1c26437054353074d7bb2efa77162c","name":"oceandiver","image":{"@type":"ImageObject","inLanguage":"it-IT","@id":"https:\/\/www.ocean4future.org\/savetheocean\/wp-content\/uploads\/2023\/04\/logo-ocean3.jpg","url":"https:\/\/www.ocean4future.org\/savetheocean\/wp-content\/uploads\/2023\/04\/logo-ocean3.jpg","contentUrl":"https:\/\/www.ocean4future.org\/savetheocean\/wp-content\/uploads\/2023\/04\/logo-ocean3.jpg","width":472,"height":301,"caption":"oceandiver"},"logo":{"@id":"https:\/\/www.ocean4future.org\/savetheocean\/wp-content\/uploads\/2023\/04\/logo-ocean3.jpg"}},{"@type":"Person","@id":"https:\/\/www.ocean4future.org\/savetheocean\/#\/schema\/person\/2807aad6351c9429df20d5d07ee045f3","name":"Gianfranco Perri","image":{"@type":"ImageObject","inLanguage":"it-IT","@id":"https:\/\/secure.gravatar.com\/avatar\/25132120ae1b86613a98dd3b8dd2ef1c50406ce2b2bde10cad3ff57315421dc0?s=96&d=mm&r=g","url":"https:\/\/secure.gravatar.com\/avatar\/25132120ae1b86613a98dd3b8dd2ef1c50406ce2b2bde10cad3ff57315421dc0?s=96&d=mm&r=g","contentUrl":"https:\/\/secure.gravatar.com\/avatar\/25132120ae1b86613a98dd3b8dd2ef1c50406ce2b2bde10cad3ff57315421dc0?s=96&d=mm&r=g","caption":"Gianfranco Perri"},"description":"nato a Brindisi il 21 settembre 1951, nel 1974 ha ottenuto la laurea in Ingegneria Mineraria \u00a8con Lode\u00a8 nel Politecnico di Torino dove ha anche esercitato la docenza. Attualmente \u00e8 docente di \u201cProgettazione di gallerie\u201d presso l\u2019Universit\u00e0 Centrale del Venezuela di Caracas. \u00c8 consulente e progettista di opere sotterranee nei vari paesi del Centro e del Sud America. Ha pubblicato due libri sulla progettazione di gallerie e un centinaio di paper tecnici e scientifici, in spagnolo, italiano ed inglese, la maggior parte dei quali presentati in convegni internazionali in molte regioni del mondo. Nel 2009 a Bari, ha ricevuto il Premio Internazionale \u201cPugliesi nel Mondo\u201d e nel 2010 dall\u2019Universit\u00e0 degli Studi di Foggia, \u00e8 stato incluso tra i \u201cPugliesi illustri nel mondo\u201d.\u00a0 E' anche un appassionato studioso e impegnato divulgatore della storia di Brindisi sulla quale ha scritto diversi libri e saggi pubblicando molti articoli sul quotidiano \u201cSenzacolonne\u201d e sul settimanale \u201cil7 Magazine\u201d di Brindisi. Dal 2013 ha attivo il Blog \u201cVia da Brindisi\u201d sul giornale online \u201cSenza Colonne News\u201d. Ha anche pubblicati i suoi lavori, a stampa o online sulle pagine web www.fondazioneterradotranto.it www.academia.edu e www.brindisiweb.it","sameAs":["http:\/\/www.gianfrancoperri.net"],"url":"https:\/\/www.ocean4future.org\/savetheocean\/archives\/author\/gianfranco-perri"}]}},"_links":{"self":[{"href":"https:\/\/www.ocean4future.org\/savetheocean\/wp-json\/wp\/v2\/posts\/67516","targetHints":{"allow":["GET"]}}],"collection":[{"href":"https:\/\/www.ocean4future.org\/savetheocean\/wp-json\/wp\/v2\/posts"}],"about":[{"href":"https:\/\/www.ocean4future.org\/savetheocean\/wp-json\/wp\/v2\/types\/post"}],"author":[{"embeddable":true,"href":"https:\/\/www.ocean4future.org\/savetheocean\/wp-json\/wp\/v2\/users\/2429"}],"replies":[{"embeddable":true,"href":"https:\/\/www.ocean4future.org\/savetheocean\/wp-json\/wp\/v2\/comments?post=67516"}],"version-history":[{"count":0,"href":"https:\/\/www.ocean4future.org\/savetheocean\/wp-json\/wp\/v2\/posts\/67516\/revisions"}],"wp:featuredmedia":[{"embeddable":true,"href":"https:\/\/www.ocean4future.org\/savetheocean\/wp-json\/wp\/v2\/media\/67540"}],"wp:attachment":[{"href":"https:\/\/www.ocean4future.org\/savetheocean\/wp-json\/wp\/v2\/media?parent=67516"}],"wp:term":[{"taxonomy":"category","embeddable":true,"href":"https:\/\/www.ocean4future.org\/savetheocean\/wp-json\/wp\/v2\/categories?post=67516"},{"taxonomy":"post_tag","embeddable":true,"href":"https:\/\/www.ocean4future.org\/savetheocean\/wp-json\/wp\/v2\/tags?post=67516"}],"curies":[{"name":"wp","href":"https:\/\/api.w.org\/{rel}","templated":true}]}}