{"id":66804,"date":"2021-12-19T00:49:37","date_gmt":"2021-12-18T23:49:37","guid":{"rendered":"http:\/\/www.ocean4future.org\/savetheocean\/?p=66804"},"modified":"2023-05-22T19:42:29","modified_gmt":"2023-05-22T17:42:29","slug":"un-atto-di-eroismo-dimenticato-di-un-giovane-ufficiale-della-usn-che-divenne-presidente","status":"publish","type":"post","link":"https:\/\/www.ocean4future.org\/savetheocean\/archives\/66804","title":{"rendered":"Un atto di eroismo dimenticato di un giovane ufficiale della USN che divenne Presidente"},"content":{"rendered":"<span class=\"span-reading-time rt-reading-time\" style=\"display: block;\"><span class=\"rt-label rt-prefix\">tempo di lettura: <\/span> <span class=\"rt-time\"> 7<\/span> <span class=\"rt-label rt-postfix\">minuti<\/span><\/span><p style=\"text-align: justify;\"><span style=\"color: #ffffff;\">.<\/span><\/p>\n<a class=\"maxbutton-4 maxbutton maxbutton-livello-di-comprensione\" href=\"javascript:void(0);\"><span class='mb-text'>livello elementare<\/span><\/a>\n<p><span style=\"color: #ffffff;\">.<\/span><\/p>\n<p><strong><span style=\"color: #008000;\">ARGOMENTO: STORIA NAVALE<\/span><\/strong><br \/>\n<strong><span style=\"color: #008000;\">PERIODO: XX SECOLO<\/span><\/strong><br \/>\n<strong><span style=\"color: #008000;\">AREA: OCEANO PACIFICO<\/span><\/strong><br \/>\nparole chiave: Kennedy, PT 109<br \/>\n<span style=\"color: #ffffff;\">.<\/span><\/p>\n<p style=\"text-align: justify;\">In quella notte senza luna, a motori spenti per non farsi intercettare, il giovane comandante della <strong><span style=\"color: #008000;\">motosilurante PT-109<\/span> <\/strong>si trov\u00f2 in una situazione cinematica assolutamente assurda. Faceva parte di un gruppo di 15 motosiluranti guidati dal <strong><span style=\"color: #008000;\">Lt. Cdr. Thomas G. Warfield<\/span><\/strong> che, col senno del poi, aveva gestito la missione in maniera dilettantesca. Il gruppo era stato inviato missione di pattugliamento e interdizione nello stretto di Blackett, attraverso il passaggio Ferguson, lungo le rotte di rifornimento giapponese della rotta denominata in codice <strong><span style=\"color: #008000;\">Tokio Express<\/span><\/strong>. Un rapporto dei servizi d&#8217;informazione aveva segnalato che cinque incrociatori nemici avrebbero fatto rotta quella notte dall&#8217;<strong><span style=\"color: #008000;\">isola di Bougainville<\/span><\/strong>, attraverso lo <strong><span style=\"color: #008000;\">stretto di Blackett<\/span><\/strong>, dirette a Vila, e le motosiluranti uscirono per intercettarli, sfruttando le ore notturne. Gli attacchi non andarono a buon fine, anzi furono alquanto maldestri. Durante la missione otto motosiluranti lanciarono 30 siluri senza riuscire a colpire nessun bersaglio. Tra l&#8217;altro, dall&#8217;esame degli ordini di operazione, non era stata nemmeno prevista una procedura di emergenza nel caso in cui uno dei PT fosse stato colpito. In pratica, le motosiluranti ricevettero l&#8217;ordine di lanciare i due siluri in dotazione e quindi rientrare alla base.&nbsp; Di fatto fu quello che avvenne: le imbarcazioni dotate di radar spararono i loro siluri per prime e si allontanarono senza dare supporto alle rimanenti, come la <strong><span style=\"color: #008000;\">PT-109<\/span><\/strong>, che rimasero senza assistenza radar e non furono informate che altre unit\u00e0 avevano gi\u00e0 impegnato in combattimento il nemico. Per cui tre motosiluranti, <strong><span style=\"color: #008000;\">PT-109,&nbsp; PT-162&nbsp;e&nbsp;PT-169<\/span><\/strong>, continuarono a pattugliare per intercettare otticamente il nemico.<sup id=\"cite_ref-10\" class=\"reference\"><\/sup><\/p>\n<p style=\"text-align: justify;\">Verso le 02:00 del 2 agosto 1943, una notte senza luna, il PT 109 spense il motore per evitare il rilevamento della scia da parte degli aerei giapponesi. Improvvisamente si accorsero di trovarsi sulla rotta del cacciatorpediniere giapponese <strong><span style=\"color: #008000;\">Amagiri<\/span><\/strong>, che stava rientrando a <strong><span style=\"color: #008000;\">Rabaul<\/span><\/strong>. Il PT-169 lanci\u00f2 due siluri contro l&#8217;<strong><span style=\"color: #008000;\">Amagiri<\/span><\/strong> (che andarono a vuoto) mentre&nbsp; il PT-162 non riusc\u00ec nemmeno a farli partire e si allontan\u00f2. Il PT 109 non fece in tempo ad accendere il motore e fu speronato dal cacciatorpediniere giapponese che procedeva ad oltre 23 nodi. &nbsp;<\/p>\n<p><img decoding=\"async\" src=\"https:\/\/www.ocean4future.org\/savetheocean\/wp-content\/uploads\/2021\/12\/1280px-Amagiri_1930-1024x702.jpg\" alt=\"Questa immagine ha l'attributo alt vuoto; il nome del file \u00e8 1280px-Amagiri_1930-1024x702.jpg\" width=\"1024\" height=\"702\"><\/p>\n<p align=\"justify\"><strong><span style=\"color: #008000;\">il cacciatorpediniere Amagiri, novembre 1930 &#8211; autore foto Shizuo Fukui &#8211; Kure Maritime Museum,&nbsp;<i>Japanese Naval Warship Photo Album: Destroyers<\/i>, edited by Kazushige Todaka, p. 63<a href=\"https:\/\/commons.wikimedia.org\/wiki\/File:Amagiri_1930.jpg\">File:Amagiri 1930.jpg &#8211; Wikimedia Commons<\/a><\/span><\/strong><\/p>\n<p style=\"text-align: justify;\">Il 109 fu colpito sul lato di dritta con un angolo di 20 gradi, e l&#8217;urto tranci\u00f2 un pezzo della barca. Nel dopoguerra, il comandante dell&#8217;<strong><span style=\"color: #008000;\">Amagiri<\/span><\/strong>, il <strong><span style=\"color: #008000;\">capitano di corvetta Kohei Hanami<\/span><\/strong>, ammise&nbsp; che lo speronamento fu intenzionale, favorito dalla situazione. Le ore successive sottolinearono come la missione fosse stata gestita malamente dal&nbsp;<strong><span style=\"color: #008000;\">comandante Warfield,<\/span><\/strong> che aveva delegato ai giovani comandanti come gestire il tutto, non prevedendo nemmeno eventuali procedure di ricerca dei sopravvissuti nel caso in cui una nave fosse stata persa. Il <strong><span style=\"color: #008000;\">capitano di vascello Robert Bulkley<\/span><\/strong>, storico navale, scrisse che quella fu forse l&#8217;azione pi\u00f9 confusa e meno efficace eseguita dai motosiluranti di pattugliamento. Ben otto PT lanciarono 30 siluri senza ottenere alcun risultato.<\/p>\n<p><img decoding=\"async\" src=\"https:\/\/www.ocean4future.org\/savetheocean\/wp-content\/uploads\/2021\/12\/PT-109_crew.jpg\" alt=\"Questa immagine ha l'attributo alt vuoto; il nome del file \u00e8 PT-109_crew.jpg\" width=\"735\" height=\"446\"><\/p>\n<p align=\"justify\"><strong><span style=\"color: #008000;\">l&#8217;equipaggio del PT 109 da sinistra in alto: Ensign Al Webb, Leon Drawdy, Edger Mauer, Edmund Drewitch, John Maguire, Kennedy. in basso da sinistra a destra Charles Harris, Maurice Kowal, Andrew Kirksey, Ensign Lenny Thom. (Webb, Drewitch, Drawdy, e Kowal (non a bordo durante la collisione), Barney Ross; Raymond Albert; William Johnson; Harold Marney; McMhaon (1943) da Collections of the U.S. National Archives <a href=\"https:\/\/commons.wikimedia.org\/wiki\/File:PT-109_crew.jpg\">File:PT-109 crew.jpg &#8211; Wikimedia Commons<\/a><\/span><\/strong><\/p>\n<p style=\"text-align: justify;\">Quando il <strong><span style=\"color: #008000;\">PT-109<\/span> <\/strong>fu speronato, intorno alle 2:27 del mattino, si gener\u00f2 una colonna di fuoco alta 30 metri, ed il carburante si rivers\u00f2 in mare, causando un incendio nelle acque circostanti. Due marinai, <strong><span style=\"color: #008000;\">Andrew Jackson Kirksey<\/span> <\/strong>e <strong><span style=\"color: #008000;\">Harold William Marney<\/span><\/strong>, perirono sul colpo ed altri due membri dell&#8217;equipaggio rimasero gravemente feriti e ustionati, cadendo nel mare in fiamme che circondava la motosilurante. Il Comandante riusc\u00ec a salvare il <strong><span style=\"color: #008000;\">MM1 Patrick McMahon<\/span><\/strong>, il membro dell&#8217;equipaggio con le ferite pi\u00f9 gravi, che includevano ustioni che coprivano il 70 percento del suo corpo, e lo port\u00f2&nbsp; sulla prua che ancora galleggiava. Poi si lanci\u00f2 nuovamente in acqua salvandone altri due. Gli&nbsp; undici sopravvissuti si aggrapparono alla sezione di prua del PT-109 per dodici ore mentre il relitto galleggiante vagava alla deriva, dirigendosi lentamente verso sud.<\/p>\n<p style=\"text-align: justify;\">Verso le 13:00 del 2 agosto, lo scafo incominci\u00f2 ad imbarcare acqua e il comandante si rese conto che sarebbe presto affondato. Decise quindi di nuotare verso la minuscola isola deserta di <strong><span style=\"color: #008000;\">Plum Pudding<\/span><\/strong>. Si chiamava Plum Pudding, ma gli uomini la chiamavano &#8220;Bird&#8221; Island a causa del guano che ricopriva i cespugli. Non tutti erano in grado di nuotare con destrezza, anzi alcuni non sapevano farlo, e posero una lampada, le scarpe e &#8230; &#8220;i non nuotatori&#8221; &#8230; su uno dei travi galleggianti, iniziando a spingerlo verso l&#8217;isola.&nbsp; Il Comandante, che era stato nella squadra di nuoto della Harvard University, us\u00f2 una cinghia del giubbotto di salvataggio stretta tra i denti per trainare il marinaio ferito pi\u00f9 gravemente. Ci vollero comunque quattro ore per raggiungere a nuoto l&#8217;isola, a circa tre miglia di distanza, tra correnti insidiose e la costante paura di essere attaccati dagli squali, attirati dal sangue dei feriti. L&#8217;isola aveva un diametro di soli 91 metri, e non forniva possibilit\u00e0 di sopravvivenza, ovvero n\u00e9 cibo n\u00e9 acqua. L&#8217;equipaggio esausto si trascin\u00f2 dietro la linea degli alberi per nascondersi dalle chiatte giapponesi di passaggio. Il quattro agosto si trasferirono, nuotando quasi quattro miglia, a sud dell&#8217;<strong><span style=\"color: #008000;\">isola di Olasana<\/span><\/strong>, combattendo contro una forte corrente, dove trovarono noci di cocco mature, anche se non c&#8217;era acqua potabile. Il giorno seguente, il 5 agosto, il comandante e il guardiamarina Ross, nuotarono per un&#8217;ora fino all&#8217;isola di Naru, dove trovarono una piccola canoa, pacchetti di cracker e caramelle ed un bidone da cinquanta galloni di acqua potabile lasciato dai giapponesi.&nbsp;Sull&#8217;isola di Olasana incontrarono degli osservatori melanesiani con cui il giovane comandante riusc\u00ec a scambiare poche parole e, soprattutto a convincerli che erano americani. Questi portarono alcune patate dolci, verdure e sigarette dalla loro piroga e aiutarono l&#8217;equipaggio ormai allo stremo, fino all&#8217;arrivo dei soccorsi, due giorni dopo.<\/p>\n<p style=\"text-align: justify;\">Ora vi chiederete cosa ha di particolare questa storia? Di eventi minori come questo ne avvennero molti durante la guerra ma la cosa particolare fu che quel giovane comandante, sarebbe un giorno diventato il <strong><span style=\"color: #008000;\">Presidente degli Stati Uniti,<\/span><\/strong> <span style=\"color: #008000;\"><strong>John Fitzgerald Kennedy<\/strong><\/span>.<\/p>\n<div id=\"attachment_11510\" class=\"wp-caption alignnone\" style=\"width: 582px;\">\n<p><a href=\"https:\/\/news.usni.org\/wp-content\/uploads\/2015\/03\/kennedy2.jpg\"><img decoding=\"async\" class=\"wp-image-11510\" src=\"https:\/\/news.usni.org\/wp-content\/uploads\/2015\/03\/kennedy2.jpg\" sizes=\"(max-width: 448px) 100vw, 448px\" srcset=\"https:\/\/news.usni.org\/wp-content\/uploads\/2015\/03\/kennedy2.jpg 448w, https:\/\/news.usni.org\/wp-content\/uploads\/2015\/03\/kennedy2-234x300.jpg 234w, https:\/\/news.usni.org\/wp-content\/uploads\/2015\/03\/kennedy2-117x150.jpg 117w, https:\/\/news.usni.org\/wp-content\/uploads\/2015\/03\/kennedy2-200x257.jpg 200w, https:\/\/news.usni.org\/wp-content\/uploads\/2015\/03\/kennedy2-250x321.jpg 250w, https:\/\/news.usni.org\/wp-content\/uploads\/2015\/03\/kennedy2-320x411.jpg 320w\" alt=\"President John F. Kennedy\" width=\"580\" height=\"744\" aria-describedby=\"caption-attachment-11510\" data-attachment-id=\"11510\" data-permalink=\"https:\/\/news.usni.org\/2015\/03\/09\/from-ensign-to-commander-in-chief-a-look-at-the-presidents-who-served-in-the-u-s-navy-reserve\/kennedy2\" data-orig-file=\"https:\/\/news.usni.org\/wp-content\/uploads\/2015\/03\/kennedy2.jpg\" data-orig-size=\"448,575\" data-comments-opened=\"1\" data-image-meta=\"{&quot;aperture&quot;:&quot;0&quot;,&quot;credit&quot;:&quot;&quot;,&quot;camera&quot;:&quot;&quot;,&quot;caption&quot;:&quot;&quot;,&quot;created_timestamp&quot;:&quot;0&quot;,&quot;copyright&quot;:&quot;&quot;,&quot;focal_length&quot;:&quot;0&quot;,&quot;iso&quot;:&quot;0&quot;,&quot;shutter_speed&quot;:&quot;0&quot;,&quot;title&quot;:&quot;&quot;,&quot;orientation&quot;:&quot;0&quot;}\" data-image-title=\"kennedy2\" data-image-description=\"\" data-medium-file=\"https:\/\/news.usni.org\/wp-content\/uploads\/2015\/03\/kennedy2-234x300.jpg\" data-large-file=\"https:\/\/news.usni.org\/wp-content\/uploads\/2015\/03\/kennedy2.jpg\"><\/a><\/p>\n<p align=\"justify\"><strong><span style=\"color: #008000;\">foto ufficiale del Lt.(jg) John F. Kennedy &#8211; foto JFK PP-81 Lt. (jg) John F. Kennedy, 1942. Turgeon Studios, Potomac, Maryland &#8211; <a href=\"https:\/\/commons.wikimedia.org\/wiki\/File:1942_JFK_uniform_portrait.jpg\">File:1942 JFK uniform portrait.jpg &#8211; Wikimedia Commons<\/a><\/span><\/strong><\/p>\n<p id=\"caption-attachment-11510\" class=\"wp-caption-text\" style=\"text-align: justify;\"><span style=\"font-size: inherit;\"><span style=\"font-size: 18pt;\"><strong><span style=\"color: #008000;\">Un ufficiale di Marina coraggioso<\/span><\/strong><\/span><br \/>\n<strong><span style=\"color: #008000;\">John F. Kennedy<\/span><\/strong>, nonostante avesse problemi di salute alla schiena, grazie all&#8217;aiuto del <strong><span style=\"color: #008000;\">c<\/span><span style=\"color: #008000;\">apitano di vascello Alan Kirk<\/span><\/strong>, direttore dell&#8217;<strong><span style=\"color: #008000;\">Ufficio dell&#8217;intelligence navale (ONI)<\/span><\/strong>, che era stato addetto navale a Londra, quando suo padre, <strong><span style=\"color: #008000;\">Joseph P. Kennedy<\/span><\/strong>, era l&#8217;ambasciatore, fu arruolato nella Marina statunitense e fu nominato guardiamarina della Riserva nell&#8217;ottobre 1941, entrando a far parte dello staff dell&#8217;<strong><span style=\"color: #008000;\">Office of Naval Intelligence<\/span><\/strong>.&nbsp;<\/span><span style=\"font-size: inherit;\">Kennedy frequent\u00f2 il corso di ufficiale di complemento con la<strong><span style=\"color: #008000;\"> Naval Reserve Officers Training School (NROTC),<\/span><\/strong> presso la Northwestern University, da luglio a settembre 1942, e dopo la laurea fu assegnato al <strong><span style=\"color: #008000;\">Motor Torpedo Boat Squadron Training Center<\/span><\/strong> di base in Rhode Island. In dicembre fu nominato comandante della motosilurante <strong><span style=\"color: #008000;\">PT-101<\/span><\/strong>, appartenente al <strong><span style=\"color: #008000;\">Motor Torpedo Boat Squadron FOURTEEN<\/span><\/strong>, schierata a Panama. Allo scoppio della seconda guerra mondiale, Kennedy chiese di essere assegnato in zona di operazioni e, il mese successivo, fu assegnato al comando del <strong><span style=\"color: #008000;\">PT-109<\/span><\/strong> nelle Isole Salomone. <\/span><\/p>\n<p><img decoding=\"async\" src=\"https:\/\/www.ocean4future.org\/savetheocean\/wp-content\/uploads\/2021\/12\/Lt._John_F._Kennedy_aboard_the_PT-109-711x1024.jpg\" alt=\"Questa immagine ha l'attributo alt vuoto; il nome del file \u00e8 Lt._John_F._Kennedy_aboard_the_PT-109-711x1024.jpg\" width=\"711\" height=\"1024\"><\/p>\n<p align=\"justify\"><strong><span style=\"color: #008000;\">Lt.(jg) John F. Kennedy a bordo del PT-109 nel Pacifico meridionale, 1943. Fotografia nella John F. Kennedy Presidential Library and Museum, Boston <a href=\"https:\/\/commons.wikimedia.org\/wiki\/File:Lt._John_F._Kennedy_aboard_the_PT-109.jpg\">File:Lt. John F. Kennedy aboard the PT-109.jpg &#8211; Wikimedia Commons<\/a><\/span><\/strong><\/p>\n<p class=\"wp-caption-text\" style=\"text-align: justify;\"><span style=\"font-size: inherit;\">Durante una missione di combattimento, come ho raccontato nella prima parte, fu affondato dal cacciatorpediniere giapponese Agimari, ma riusc\u00ec a salvare quasi tutti i membri del suo equipaggio.<\/span><\/p>\n<\/div>\n<p style=\"text-align: justify;\">Per il suo comportamento, Kennedy fu in seguito insignito della Medaglia della Marina e del Corpo dei Marines per il salvataggio del suo equipaggio, ottenendo poi come la <strong><span style=\"color: #008000;\">Purple Heart<\/span><\/strong> per le ferite riportate in combattimento. Kennedy torn\u00f2 negli Stati Uniti nel gennaio 1944, ma a causa dei problemi alla schiena dovette ritirarsi dalla Riserva della Marina per disabilit\u00e0 fisica nel marzo 1945 con il grado di tenente di vascello.<\/p>\n<p><img decoding=\"async\" src=\"https:\/\/www.ocean4future.org\/savetheocean\/wp-content\/uploads\/2023\/05\/STORIA-NAVALE-US-KENNEDY-640px-US_Navy_110529-O-ZZ999-004_Lt._Kennedy_in_naval_uniform_receiving_the_Navy_and_Marine_Corps_medal_from_Captain_Conklin.jpg\" alt=\"Questa immagine ha l'attributo alt vuoto; il nome del file \u00e8 STORIA-NAVALE-US-KENNEDY-640px-US_Navy_110529-O-ZZ999-004_Lt._Kennedy_in_naval_uniform_receiving_the_Navy_and_Marine_Corps_medal_from_Captain_Conklin.jpg\" width=\"640\" height=\"723\"><\/p>\n<p align=\"justify\"><strong><span style=\"color: #008000;\">Il tenente di vascello John Kennedy riceve la medaglia della Marina e del Corpo dei Marines dal capitano di vascello Conklin al Chelsea Naval Hospital in Massachusetts per il suo eroismo nel soccorrere l&#8217;equipaggio del PT 109 il 2 agosto 1943, quando la sua motosilurante fu colpita da un cacciatorpediniere giapponese Agimari &#8211; Foto per gentile concessione della Biblioteca presidenziale e del museo di John F. Kennedy, Boston\/rilasciato<\/span><\/strong><br \/>\n<a href=\"https:\/\/commons.wikimedia.org\/wiki\/File:US_Navy_110529-O-ZZ999-004_Lt._Kennedy_in_naval_uniform_receiving_the_Navy_and_Marine_Corps_medal_from_Captain_Conklin.jpg\">File:US Navy 110529-O-ZZ999-004 Lt. Kennedy in naval uniform receiving the Navy and Marine Corps medal from Captain Conklin.jpg &#8211; Wikimedia Commons<\/a><\/p>\n<p style=\"text-align: justify;\">Ciononostante Kennedy rest\u00f2 intimamente&nbsp;legato alla Marina Statunitense e, nell&#8217;agosto&nbsp;del 1963, scrisse<i><strong><span style=\"color: #008000;\">&#8220;<\/span><span style=\"color: #008000;\">Any man who may be asked in this century what he did to make his life worthwhile, I think can respond with a good deal of pride and satisfaction, &#8216;I served in the United States Navy,'&#8221;<\/span><\/strong><\/i>.<\/p>\n<p>La USN non lo dimentic\u00f2 nominando una delle sue portaerei, CVN-79, con il suo nome.<\/p>\n<p><strong><span style=\"color: #008000;\">Andrea Mucedola<\/span><\/strong><\/p>\n<p>&nbsp;<\/p>\n<p>in anteprima il giovane comandante Ltjg John F. Kennedy sul PT 109, 1943 &#8211; US NAVY Archives &#8211; Public Domain &#8211; Fonte <a href=\"https:\/\/www.ocean4future.org\/savetheocean\/wp-admin\/_wp_link_placeholder\">www.navsource.org\/archives\/12\/120510912.jpg<\/a><br \/>\n<a href=\"https:\/\/commons.wikimedia.org\/wiki\/File:JohnFKennedy_aboard_PT-109.jpeg\">JohnFKennedy aboard PT-109.jpeg &#8211; Wikimedia Commons<\/a><\/p>\n<p><span style=\"color: #ffffff;\">.<\/span><\/p>\n<p><a class=\"maxbutton-27 maxbutton maxbutton-un-regalo-per-te\" href=\"https:\/\/www.primevideo.com\/offers\/ref=atv_nb_lcl_it_IT?tag=amazon0e150-21 Italia\"><span class='mb-text'>Una sorpresa per te su Amazon Music unlimited<\/span><\/a>&nbsp;&nbsp; <a class=\"maxbutton-28 maxbutton maxbutton-amazon-prime\" title=\"Scopri i vantaggi di Amazon Prime\" href=\"javascript:void(0);\"><span class='mb-text'>Scopri i vantaggi di Amazon Prime<\/span><\/a><\/p>\n<p>&nbsp;<\/p>\n<p style=\"text-align: justify;\">Alcune delle foto presenti in questo blog possono essere state prese dal web, citandone ove possibile gli autori e\/o le fonti. Se qualcuno desiderasse specificarne l\u2019autore o rimuoverle, pu\u00f2 scrivere a infoocean4future@gmail.com e provvederemo immediatamente alla correzione dell\u2019articolo<\/p>\n<p>&nbsp;<\/p>\n<a class=\"maxbutton-3 maxbutton maxbutton-pagina-principale\" target=\"_blank\" title=\"tooltip\" rel=\"nofollow noopener\" href=\"http:\/\/www.ocean4future.org\"><span class='mb-text'>PAGINA PRINCIPALE<\/span><\/a>\n<p>&nbsp;<\/p>\n","protected":false},"excerpt":{"rendered":"<p><span class=\"span-reading-time rt-reading-time\" style=\"display: block;\"><span class=\"rt-label rt-prefix\">tempo di lettura: <\/span> <span class=\"rt-time\"> 7<\/span> <span class=\"rt-label rt-postfix\">minuti<\/span><\/span>. . ARGOMENTO: STORIA NAVALE PERIODO: XX SECOLO AREA: OCEANO PACIFICO parole chiave: Kennedy, PT 109 . In quella notte senza luna, a motori spenti per non farsi intercettare, il giovane comandante della motosilurante PT-109 si trov\u00f2 in una situazione cinematica assolutamente assurda. Faceva parte di un gruppo di 15 motosiluranti guidati dal Lt. Cdr. [&hellip;]<\/p>\n","protected":false},"author":2380,"featured_media":66851,"comment_status":"open","ping_status":"open","sticky":false,"template":"","format":"standard","meta":{"_acf_changed":false,"_monsterinsights_skip_tracking":false,"_monsterinsights_sitenote_active":false,"_monsterinsights_sitenote_note":"","_monsterinsights_sitenote_category":0,"footnotes":""},"categories":[2314,2313],"tags":[],"class_list":["post-66804","post","type-post","status-publish","format-standard","has-post-thumbnail","hentry","category-personaggi","category-storia-della-seconda-guerra-mondiale"],"acf":[],"yoast_head":"<!-- This site is optimized with the Yoast SEO plugin v27.4 - https:\/\/yoast.com\/product\/yoast-seo-wordpress\/ -->\n<title>Un atto di eroismo dimenticato di un giovane ufficiale della USN che divenne Presidente &#8226; OCEAN4FUTURE autore<\/title>\n<meta name=\"robots\" content=\"index, follow, max-snippet:-1, max-image-preview:large, max-video-preview:-1\" \/>\n<link rel=\"canonical\" href=\"https:\/\/www.ocean4future.org\/savetheocean\/archives\/66804\" \/>\n<meta property=\"og:locale\" content=\"it_IT\" \/>\n<meta property=\"og:type\" content=\"article\" \/>\n<meta property=\"og:title\" content=\"Un atto di eroismo dimenticato di un giovane ufficiale della USN che divenne Presidente &#8226; OCEAN4FUTURE autore\" \/>\n<meta property=\"og:description\" content=\"tempo di lettura:  7 minuti. . ARGOMENTO: STORIA NAVALE PERIODO: XX SECOLO AREA: OCEANO PACIFICO parole chiave: Kennedy, PT 109 . In quella notte senza luna, a motori spenti per non farsi intercettare, il giovane comandante della motosilurante PT-109 si trov\u00f2 in una situazione cinematica assolutamente assurda. Faceva parte di un gruppo di 15 motosiluranti guidati dal Lt. Cdr. [&hellip;]\" \/>\n<meta property=\"og:url\" content=\"https:\/\/www.ocean4future.org\/savetheocean\/archives\/66804\" \/>\n<meta property=\"og:site_name\" content=\"OCEAN4FUTURE\" \/>\n<meta property=\"article:published_time\" content=\"2021-12-18T23:49:37+00:00\" \/>\n<meta property=\"article:modified_time\" content=\"2023-05-22T17:42:29+00:00\" \/>\n<meta property=\"og:image\" content=\"https:\/\/www.ocean4future.org\/savetheocean\/wp-content\/uploads\/2021\/12\/JohnFKennedy_aboard_PT-109-1.jpeg\" \/>\n\t<meta property=\"og:image:width\" content=\"760\" \/>\n\t<meta property=\"og:image:height\" content=\"597\" \/>\n\t<meta property=\"og:image:type\" content=\"image\/jpeg\" \/>\n<meta name=\"author\" content=\"Andrea Mucedola\" \/>\n<meta name=\"twitter:card\" content=\"summary_large_image\" \/>\n<meta name=\"twitter:creator\" content=\"@ocean4future\" \/>\n<meta name=\"twitter:site\" content=\"@ocean4future\" \/>\n<meta name=\"twitter:label1\" content=\"Scritto da\" \/>\n\t<meta name=\"twitter:data1\" content=\"Andrea Mucedola\" \/>\n\t<meta name=\"twitter:label2\" content=\"Tempo di lettura stimato\" \/>\n\t<meta name=\"twitter:data2\" content=\"8 minuti\" \/>\n<script type=\"application\/ld+json\" class=\"yoast-schema-graph\">{\"@context\":\"https:\\\/\\\/schema.org\",\"@graph\":[{\"@type\":\"Article\",\"@id\":\"https:\\\/\\\/www.ocean4future.org\\\/savetheocean\\\/archives\\\/66804#article\",\"isPartOf\":{\"@id\":\"https:\\\/\\\/www.ocean4future.org\\\/savetheocean\\\/archives\\\/66804\"},\"author\":{\"name\":\"Andrea Mucedola\",\"@id\":\"https:\\\/\\\/www.ocean4future.org\\\/savetheocean\\\/#\\\/schema\\\/person\\\/252d25dcc5c002abcde7b2d4baa78f13\"},\"headline\":\"Un atto di eroismo dimenticato di un giovane ufficiale della USN che divenne Presidente\",\"datePublished\":\"2021-12-18T23:49:37+00:00\",\"dateModified\":\"2023-05-22T17:42:29+00:00\",\"mainEntityOfPage\":{\"@id\":\"https:\\\/\\\/www.ocean4future.org\\\/savetheocean\\\/archives\\\/66804\"},\"wordCount\":1668,\"commentCount\":0,\"publisher\":{\"@id\":\"https:\\\/\\\/www.ocean4future.org\\\/savetheocean\\\/#\\\/schema\\\/person\\\/4e1c26437054353074d7bb2efa77162c\"},\"image\":{\"@id\":\"https:\\\/\\\/www.ocean4future.org\\\/savetheocean\\\/archives\\\/66804#primaryimage\"},\"thumbnailUrl\":\"https:\\\/\\\/www.ocean4future.org\\\/savetheocean\\\/wp-content\\\/uploads\\\/2021\\\/12\\\/JohnFKennedy_aboard_PT-109-1.jpeg\",\"articleSection\":[\"Personaggi\",\"Storia navale della seconda guerra mondiale (1939 - 1945)\"],\"inLanguage\":\"it-IT\",\"potentialAction\":[{\"@type\":\"CommentAction\",\"name\":\"Comment\",\"target\":[\"https:\\\/\\\/www.ocean4future.org\\\/savetheocean\\\/archives\\\/66804#respond\"]}]},{\"@type\":\"WebPage\",\"@id\":\"https:\\\/\\\/www.ocean4future.org\\\/savetheocean\\\/archives\\\/66804\",\"url\":\"https:\\\/\\\/www.ocean4future.org\\\/savetheocean\\\/archives\\\/66804\",\"name\":\"Un atto di eroismo dimenticato di un giovane ufficiale della USN che divenne Presidente &#8226; OCEAN4FUTURE autore\",\"isPartOf\":{\"@id\":\"https:\\\/\\\/www.ocean4future.org\\\/savetheocean\\\/#website\"},\"primaryImageOfPage\":{\"@id\":\"https:\\\/\\\/www.ocean4future.org\\\/savetheocean\\\/archives\\\/66804#primaryimage\"},\"image\":{\"@id\":\"https:\\\/\\\/www.ocean4future.org\\\/savetheocean\\\/archives\\\/66804#primaryimage\"},\"thumbnailUrl\":\"https:\\\/\\\/www.ocean4future.org\\\/savetheocean\\\/wp-content\\\/uploads\\\/2021\\\/12\\\/JohnFKennedy_aboard_PT-109-1.jpeg\",\"datePublished\":\"2021-12-18T23:49:37+00:00\",\"dateModified\":\"2023-05-22T17:42:29+00:00\",\"breadcrumb\":{\"@id\":\"https:\\\/\\\/www.ocean4future.org\\\/savetheocean\\\/archives\\\/66804#breadcrumb\"},\"inLanguage\":\"it-IT\",\"potentialAction\":[{\"@type\":\"ReadAction\",\"target\":[\"https:\\\/\\\/www.ocean4future.org\\\/savetheocean\\\/archives\\\/66804\"]}]},{\"@type\":\"ImageObject\",\"inLanguage\":\"it-IT\",\"@id\":\"https:\\\/\\\/www.ocean4future.org\\\/savetheocean\\\/archives\\\/66804#primaryimage\",\"url\":\"https:\\\/\\\/www.ocean4future.org\\\/savetheocean\\\/wp-content\\\/uploads\\\/2021\\\/12\\\/JohnFKennedy_aboard_PT-109-1.jpeg\",\"contentUrl\":\"https:\\\/\\\/www.ocean4future.org\\\/savetheocean\\\/wp-content\\\/uploads\\\/2021\\\/12\\\/JohnFKennedy_aboard_PT-109-1.jpeg\",\"width\":760,\"height\":597},{\"@type\":\"BreadcrumbList\",\"@id\":\"https:\\\/\\\/www.ocean4future.org\\\/savetheocean\\\/archives\\\/66804#breadcrumb\",\"itemListElement\":[{\"@type\":\"ListItem\",\"position\":1,\"name\":\"Home\",\"item\":\"https:\\\/\\\/www.ocean4future.org\\\/savetheocean\"},{\"@type\":\"ListItem\",\"position\":2,\"name\":\"Un atto di eroismo dimenticato di un giovane ufficiale della USN che divenne Presidente\"}]},{\"@type\":\"WebSite\",\"@id\":\"https:\\\/\\\/www.ocean4future.org\\\/savetheocean\\\/#website\",\"url\":\"https:\\\/\\\/www.ocean4future.org\\\/savetheocean\\\/\",\"name\":\"Ocean 4 Future\",\"description\":\"Per una nuova cultura del mare e della marittimit\u00e0\",\"publisher\":{\"@id\":\"https:\\\/\\\/www.ocean4future.org\\\/savetheocean\\\/#\\\/schema\\\/person\\\/4e1c26437054353074d7bb2efa77162c\"},\"potentialAction\":[{\"@type\":\"SearchAction\",\"target\":{\"@type\":\"EntryPoint\",\"urlTemplate\":\"https:\\\/\\\/www.ocean4future.org\\\/savetheocean\\\/?s={search_term_string}\"},\"query-input\":{\"@type\":\"PropertyValueSpecification\",\"valueRequired\":true,\"valueName\":\"search_term_string\"}}],\"inLanguage\":\"it-IT\"},{\"@type\":[\"Person\",\"Organization\"],\"@id\":\"https:\\\/\\\/www.ocean4future.org\\\/savetheocean\\\/#\\\/schema\\\/person\\\/4e1c26437054353074d7bb2efa77162c\",\"name\":\"oceandiver\",\"image\":{\"@type\":\"ImageObject\",\"inLanguage\":\"it-IT\",\"@id\":\"https:\\\/\\\/www.ocean4future.org\\\/savetheocean\\\/wp-content\\\/uploads\\\/2023\\\/04\\\/logo-ocean3.jpg\",\"url\":\"https:\\\/\\\/www.ocean4future.org\\\/savetheocean\\\/wp-content\\\/uploads\\\/2023\\\/04\\\/logo-ocean3.jpg\",\"contentUrl\":\"https:\\\/\\\/www.ocean4future.org\\\/savetheocean\\\/wp-content\\\/uploads\\\/2023\\\/04\\\/logo-ocean3.jpg\",\"width\":472,\"height\":301,\"caption\":\"oceandiver\"},\"logo\":{\"@id\":\"https:\\\/\\\/www.ocean4future.org\\\/savetheocean\\\/wp-content\\\/uploads\\\/2023\\\/04\\\/logo-ocean3.jpg\"}},{\"@type\":\"Person\",\"@id\":\"https:\\\/\\\/www.ocean4future.org\\\/savetheocean\\\/#\\\/schema\\\/person\\\/252d25dcc5c002abcde7b2d4baa78f13\",\"name\":\"Andrea Mucedola\",\"image\":{\"@type\":\"ImageObject\",\"inLanguage\":\"it-IT\",\"@id\":\"https:\\\/\\\/secure.gravatar.com\\\/avatar\\\/befc97e7f9e17a6b60a3969a83be976bdb6f8fc3d0b55cb27b11ae85db4b6240?s=96&d=mm&r=g\",\"url\":\"https:\\\/\\\/secure.gravatar.com\\\/avatar\\\/befc97e7f9e17a6b60a3969a83be976bdb6f8fc3d0b55cb27b11ae85db4b6240?s=96&d=mm&r=g\",\"contentUrl\":\"https:\\\/\\\/secure.gravatar.com\\\/avatar\\\/befc97e7f9e17a6b60a3969a83be976bdb6f8fc3d0b55cb27b11ae85db4b6240?s=96&d=mm&r=g\",\"caption\":\"Andrea Mucedola\"},\"description\":\"ammiraglio della Marina Militare Italiana (riserva), \u00e8 laureato in Scienze Marittime della Difesa presso l\u2019Universit\u00e0 di Pisa ed in Scienze Politiche cum laude all\u2019Universit\u00e0 di Trieste. Analista di Maritime Security, collabora con numerosi Centri di studi e analisi geopolitici italiani ed internazionali. Ricercatore subacqueo scientifico dal 1993, nel 2019, ha ricevuto il Tridente d'oro dell'Accademia delle Scienze e Tecniche Subacquee per la divulgazione della cultura del mare. Fa parte del Comitato scientifico della Fondazione Atlantide e della Scuola internazionale Subacquei scientifici (ISSD - AIOSS).\",\"sameAs\":[\"http:\\\/\\\/www.ocean4future.org\"],\"url\":\"https:\\\/\\\/www.ocean4future.org\\\/savetheocean\\\/archives\\\/author\\\/andrea-mucedola\"}]}<\/script>\n<!-- \/ Yoast SEO plugin. -->","yoast_head_json":{"title":"Un atto di eroismo dimenticato di un giovane ufficiale della USN che divenne Presidente &#8226; OCEAN4FUTURE autore","robots":{"index":"index","follow":"follow","max-snippet":"max-snippet:-1","max-image-preview":"max-image-preview:large","max-video-preview":"max-video-preview:-1"},"canonical":"https:\/\/www.ocean4future.org\/savetheocean\/archives\/66804","og_locale":"it_IT","og_type":"article","og_title":"Un atto di eroismo dimenticato di un giovane ufficiale della USN che divenne Presidente &#8226; OCEAN4FUTURE autore","og_description":"tempo di lettura:  7 minuti. . ARGOMENTO: STORIA NAVALE PERIODO: XX SECOLO AREA: OCEANO PACIFICO parole chiave: Kennedy, PT 109 . In quella notte senza luna, a motori spenti per non farsi intercettare, il giovane comandante della motosilurante PT-109 si trov\u00f2 in una situazione cinematica assolutamente assurda. Faceva parte di un gruppo di 15 motosiluranti guidati dal Lt. Cdr. [&hellip;]","og_url":"https:\/\/www.ocean4future.org\/savetheocean\/archives\/66804","og_site_name":"OCEAN4FUTURE","article_published_time":"2021-12-18T23:49:37+00:00","article_modified_time":"2023-05-22T17:42:29+00:00","og_image":[{"width":760,"height":597,"url":"https:\/\/www.ocean4future.org\/savetheocean\/wp-content\/uploads\/2021\/12\/JohnFKennedy_aboard_PT-109-1.jpeg","type":"image\/jpeg"}],"author":"Andrea Mucedola","twitter_card":"summary_large_image","twitter_creator":"@ocean4future","twitter_site":"@ocean4future","twitter_misc":{"Scritto da":"Andrea Mucedola","Tempo di lettura stimato":"8 minuti"},"schema":{"@context":"https:\/\/schema.org","@graph":[{"@type":"Article","@id":"https:\/\/www.ocean4future.org\/savetheocean\/archives\/66804#article","isPartOf":{"@id":"https:\/\/www.ocean4future.org\/savetheocean\/archives\/66804"},"author":{"name":"Andrea Mucedola","@id":"https:\/\/www.ocean4future.org\/savetheocean\/#\/schema\/person\/252d25dcc5c002abcde7b2d4baa78f13"},"headline":"Un atto di eroismo dimenticato di un giovane ufficiale della USN che divenne Presidente","datePublished":"2021-12-18T23:49:37+00:00","dateModified":"2023-05-22T17:42:29+00:00","mainEntityOfPage":{"@id":"https:\/\/www.ocean4future.org\/savetheocean\/archives\/66804"},"wordCount":1668,"commentCount":0,"publisher":{"@id":"https:\/\/www.ocean4future.org\/savetheocean\/#\/schema\/person\/4e1c26437054353074d7bb2efa77162c"},"image":{"@id":"https:\/\/www.ocean4future.org\/savetheocean\/archives\/66804#primaryimage"},"thumbnailUrl":"https:\/\/www.ocean4future.org\/savetheocean\/wp-content\/uploads\/2021\/12\/JohnFKennedy_aboard_PT-109-1.jpeg","articleSection":["Personaggi","Storia navale della seconda guerra mondiale (1939 - 1945)"],"inLanguage":"it-IT","potentialAction":[{"@type":"CommentAction","name":"Comment","target":["https:\/\/www.ocean4future.org\/savetheocean\/archives\/66804#respond"]}]},{"@type":"WebPage","@id":"https:\/\/www.ocean4future.org\/savetheocean\/archives\/66804","url":"https:\/\/www.ocean4future.org\/savetheocean\/archives\/66804","name":"Un atto di eroismo dimenticato di un giovane ufficiale della USN che divenne Presidente &#8226; OCEAN4FUTURE autore","isPartOf":{"@id":"https:\/\/www.ocean4future.org\/savetheocean\/#website"},"primaryImageOfPage":{"@id":"https:\/\/www.ocean4future.org\/savetheocean\/archives\/66804#primaryimage"},"image":{"@id":"https:\/\/www.ocean4future.org\/savetheocean\/archives\/66804#primaryimage"},"thumbnailUrl":"https:\/\/www.ocean4future.org\/savetheocean\/wp-content\/uploads\/2021\/12\/JohnFKennedy_aboard_PT-109-1.jpeg","datePublished":"2021-12-18T23:49:37+00:00","dateModified":"2023-05-22T17:42:29+00:00","breadcrumb":{"@id":"https:\/\/www.ocean4future.org\/savetheocean\/archives\/66804#breadcrumb"},"inLanguage":"it-IT","potentialAction":[{"@type":"ReadAction","target":["https:\/\/www.ocean4future.org\/savetheocean\/archives\/66804"]}]},{"@type":"ImageObject","inLanguage":"it-IT","@id":"https:\/\/www.ocean4future.org\/savetheocean\/archives\/66804#primaryimage","url":"https:\/\/www.ocean4future.org\/savetheocean\/wp-content\/uploads\/2021\/12\/JohnFKennedy_aboard_PT-109-1.jpeg","contentUrl":"https:\/\/www.ocean4future.org\/savetheocean\/wp-content\/uploads\/2021\/12\/JohnFKennedy_aboard_PT-109-1.jpeg","width":760,"height":597},{"@type":"BreadcrumbList","@id":"https:\/\/www.ocean4future.org\/savetheocean\/archives\/66804#breadcrumb","itemListElement":[{"@type":"ListItem","position":1,"name":"Home","item":"https:\/\/www.ocean4future.org\/savetheocean"},{"@type":"ListItem","position":2,"name":"Un atto di eroismo dimenticato di un giovane ufficiale della USN che divenne Presidente"}]},{"@type":"WebSite","@id":"https:\/\/www.ocean4future.org\/savetheocean\/#website","url":"https:\/\/www.ocean4future.org\/savetheocean\/","name":"Ocean 4 Future","description":"Per una nuova cultura del mare e della marittimit\u00e0","publisher":{"@id":"https:\/\/www.ocean4future.org\/savetheocean\/#\/schema\/person\/4e1c26437054353074d7bb2efa77162c"},"potentialAction":[{"@type":"SearchAction","target":{"@type":"EntryPoint","urlTemplate":"https:\/\/www.ocean4future.org\/savetheocean\/?s={search_term_string}"},"query-input":{"@type":"PropertyValueSpecification","valueRequired":true,"valueName":"search_term_string"}}],"inLanguage":"it-IT"},{"@type":["Person","Organization"],"@id":"https:\/\/www.ocean4future.org\/savetheocean\/#\/schema\/person\/4e1c26437054353074d7bb2efa77162c","name":"oceandiver","image":{"@type":"ImageObject","inLanguage":"it-IT","@id":"https:\/\/www.ocean4future.org\/savetheocean\/wp-content\/uploads\/2023\/04\/logo-ocean3.jpg","url":"https:\/\/www.ocean4future.org\/savetheocean\/wp-content\/uploads\/2023\/04\/logo-ocean3.jpg","contentUrl":"https:\/\/www.ocean4future.org\/savetheocean\/wp-content\/uploads\/2023\/04\/logo-ocean3.jpg","width":472,"height":301,"caption":"oceandiver"},"logo":{"@id":"https:\/\/www.ocean4future.org\/savetheocean\/wp-content\/uploads\/2023\/04\/logo-ocean3.jpg"}},{"@type":"Person","@id":"https:\/\/www.ocean4future.org\/savetheocean\/#\/schema\/person\/252d25dcc5c002abcde7b2d4baa78f13","name":"Andrea Mucedola","image":{"@type":"ImageObject","inLanguage":"it-IT","@id":"https:\/\/secure.gravatar.com\/avatar\/befc97e7f9e17a6b60a3969a83be976bdb6f8fc3d0b55cb27b11ae85db4b6240?s=96&d=mm&r=g","url":"https:\/\/secure.gravatar.com\/avatar\/befc97e7f9e17a6b60a3969a83be976bdb6f8fc3d0b55cb27b11ae85db4b6240?s=96&d=mm&r=g","contentUrl":"https:\/\/secure.gravatar.com\/avatar\/befc97e7f9e17a6b60a3969a83be976bdb6f8fc3d0b55cb27b11ae85db4b6240?s=96&d=mm&r=g","caption":"Andrea Mucedola"},"description":"ammiraglio della Marina Militare Italiana (riserva), \u00e8 laureato in Scienze Marittime della Difesa presso l\u2019Universit\u00e0 di Pisa ed in Scienze Politiche cum laude all\u2019Universit\u00e0 di Trieste. Analista di Maritime Security, collabora con numerosi Centri di studi e analisi geopolitici italiani ed internazionali. Ricercatore subacqueo scientifico dal 1993, nel 2019, ha ricevuto il Tridente d'oro dell'Accademia delle Scienze e Tecniche Subacquee per la divulgazione della cultura del mare. Fa parte del Comitato scientifico della Fondazione Atlantide e della Scuola internazionale Subacquei scientifici (ISSD - AIOSS).","sameAs":["http:\/\/www.ocean4future.org"],"url":"https:\/\/www.ocean4future.org\/savetheocean\/archives\/author\/andrea-mucedola"}]}},"_links":{"self":[{"href":"https:\/\/www.ocean4future.org\/savetheocean\/wp-json\/wp\/v2\/posts\/66804","targetHints":{"allow":["GET"]}}],"collection":[{"href":"https:\/\/www.ocean4future.org\/savetheocean\/wp-json\/wp\/v2\/posts"}],"about":[{"href":"https:\/\/www.ocean4future.org\/savetheocean\/wp-json\/wp\/v2\/types\/post"}],"author":[{"embeddable":true,"href":"https:\/\/www.ocean4future.org\/savetheocean\/wp-json\/wp\/v2\/users\/2380"}],"replies":[{"embeddable":true,"href":"https:\/\/www.ocean4future.org\/savetheocean\/wp-json\/wp\/v2\/comments?post=66804"}],"version-history":[{"count":0,"href":"https:\/\/www.ocean4future.org\/savetheocean\/wp-json\/wp\/v2\/posts\/66804\/revisions"}],"wp:featuredmedia":[{"embeddable":true,"href":"https:\/\/www.ocean4future.org\/savetheocean\/wp-json\/wp\/v2\/media\/66851"}],"wp:attachment":[{"href":"https:\/\/www.ocean4future.org\/savetheocean\/wp-json\/wp\/v2\/media?parent=66804"}],"wp:term":[{"taxonomy":"category","embeddable":true,"href":"https:\/\/www.ocean4future.org\/savetheocean\/wp-json\/wp\/v2\/categories?post=66804"},{"taxonomy":"post_tag","embeddable":true,"href":"https:\/\/www.ocean4future.org\/savetheocean\/wp-json\/wp\/v2\/tags?post=66804"}],"curies":[{"name":"wp","href":"https:\/\/api.w.org\/{rel}","templated":true}]}}