{"id":66700,"date":"2021-12-03T00:30:00","date_gmt":"2021-12-02T23:30:00","guid":{"rendered":"http:\/\/www.ocean4future.org\/savetheocean\/?p=66700"},"modified":"2024-06-20T15:13:47","modified_gmt":"2024-06-20T13:13:47","slug":"27-novembre-1940-la-battaglia-di-capo-teulada","status":"publish","type":"post","link":"https:\/\/www.ocean4future.org\/savetheocean\/archives\/66700","title":{"rendered":"27 novembre 1940: lo scontro di Capo Teulada"},"content":{"rendered":"<span class=\"span-reading-time rt-reading-time\" style=\"display: block;\"><span class=\"rt-label rt-prefix\">tempo di lettura: <\/span> <span class=\"rt-time\"> 4<\/span> <span class=\"rt-label rt-postfix\">minuti<\/span><\/span><p><span style=\"color: #ffffff;\">.<\/span><\/p>\n<a class=\"maxbutton-4 maxbutton maxbutton-livello-di-comprensione\" href=\"javascript:void(0);\"><span class='mb-text'>livello elementare<\/span><\/a>\n<p><span style=\"color: #ffffff;\">.<\/span><\/p>\n<p><span style=\"color: #008000;\"><strong>ARGOMENTO: STORIA NAVALE<\/strong><\/span><br \/>\n<span style=\"color: #008000;\"><strong>PERIODO: XIX SECOLO<br \/>\nAREA: MAR MEDITERRANEO<\/strong><\/span><br \/>\nparole chiave: II Guerra mondiale, Regia Marina italiana, Royal Navy<\/p>\n<p style=\"text-align: justify;\">Lo scontro di Capo Teulada, detto anche battaglia di Capo Spartivento, rappresenta una delle prime risposte italiane alla \u201cnotte di Taranto\u201d del precedente 11 novembre.&nbsp;<\/p>\n<p><img decoding=\"async\" src=\"https:\/\/www.ocean4future.org\/savetheocean\/wp-content\/uploads\/2021\/11\/Battle-of-Cape-Spartivento-Map-927x1024.jpg\" alt=\"Questa immagine ha l'attributo alt vuoto; il nome del file \u00e8 Battle-of-Cape-Spartivento-Map-927x1024.jpg\"><\/p>\n<p style=\"text-align: justify;\">Gi\u00e0 il 17 novembre la squadra navale italiana, guidata dalle navi da battaglia&nbsp;<strong><span style=\"color: #008000;\"><em>Vittorio Veneto <\/em><\/span><\/strong>e&nbsp;<strong><span style=\"color: #008000;\"><em>Giulio Cesare<\/em><\/span><\/strong>, aveva causato il fallimento di una operazione inglese di rifornimento dell\u2019isola di Malta, costringendo ad una precipitosa ritirata la formazione navale avversaria composta da due portaerei ed un incrociatore da battaglia, provocando tra l\u2019altro la perdita per esaurimento del combustibile di nove velivoli britannici che erano stati lanciati prematuramente.<\/p>\n<p><img decoding=\"async\" class=\"\" src=\"https:\/\/www.ocean4future.org\/savetheocean\/wp-content\/uploads\/2023\/06\/STORIA-NAVALE-UK-CAPO-TEULADA-HMS_Southampton_attack.jpg\" alt=\"Questa immagine ha l'attributo alt vuoto; il nome del file \u00e8 STORIA-NAVALE-UK-CAPO-TEULADA-HMS_Southampton_attack.jpg\" width=\"839\" height=\"564\"><\/p>\n<p align=\"JUSTIFY\"><strong><span style=\"color: #008000;\">HMS Southampton durante l&#8217;azione al largo della Sardegna &#8211; Fotografia scattata da HMS Sheffield &#8211; Autore Priest, LC (Lt), fotografo ufficiale della Royal Navy <a href=\"https:\/\/commons.wikimedia.org\/wiki\/File:HMS_Southampton_attack.jpg\">HMS Southampton attack.jpg &#8211; Wikimedia Commons<\/a><\/span><\/strong><\/p>\n<p style=\"text-align: justify;\">L\u2018azione di Capo Teulada ebbe origine dal tentativo britannico di rifornire Malta con l\u2019utilizzo di un vasto schieramento di forze tra cui una portaerei, due corazzate, sette incrociatori e dodici unit\u00e0 di scorta. Ancora una volta la squadra italiana prese il mare per intercettare il convoglio nemico, che venne avvistato alle 09:45 del 27 novembre da un ricognitore lanciato dall\u2019incrociatore <strong><span style=\"color: #008000;\"><em>Bolzano<\/em><\/span><\/strong>. Era presente in mare, la 1\u00aa Squadra navale dell&#8217;ammiraglio di squadra&nbsp;Inigo Campioni, sottocapo di stato maggiore, con le corazzate&nbsp;<strong><span style=\"color: #008000;\"><i>Vittorio Veneto<\/i><\/span><\/strong>, sotto il comando del&nbsp;Capitano di vascello&nbsp;Giuseppe Sparzani, e&nbsp;<strong><span style=\"color: #008000;\"><i>Giulio Cesare<\/i><\/span><\/strong>, comandato dal capitano di vascello&nbsp;Angelo Varoli Piazza, con la scorta dei <strong><span style=\"color: #008000;\">cacciatorpediniere della VII Squadriglia (<i>Freccia<\/i>,&nbsp;<i>Saetta<\/i>,&nbsp;<i>Dardo<\/i>)<\/span><\/strong> e della <strong><span style=\"color: #008000;\">XIII (<i>Granatiere<\/i>,&nbsp;<i>Fuciliere<\/i>,&nbsp;<i>Bersagliere<\/i>&nbsp;e&nbsp;<i>Alpino<\/i>)<\/span><\/strong>. Alle corazzate si un\u00ec la <strong><span style=\"color: #008000;\">2\u00aa Squadra navale dell&#8217;ammiraglio&nbsp;Angelo Iachino&nbsp;<\/span><\/strong>con tre <strong><span style=\"color: #008000;\">incrociatori pesanti della 1\u00aa Divisione (<i>Pola<\/i>,&nbsp;<i>Fiume<\/i>&nbsp;e&nbsp;<i>Gorizia<\/i>&nbsp;<\/span><\/strong>&#8211; lo&nbsp;<i>Zara<\/i>&nbsp;si trovava in cantiere per lavori), scortati dalla IX Squadriglia (<strong><span style=\"color: #008000;\"><i>Alfieri<\/i>,&nbsp;<i>Oriani<\/i>,&nbsp;<i>Carducci<\/i>&nbsp;e&nbsp;<i>Gioberti<\/i><\/span><\/strong>), e tre della <strong><span style=\"color: #008000;\">3\u00aa Divisione (<i>Trieste<\/i>,&nbsp;<i>Trento<\/i>&nbsp;e&nbsp;<i>Bolzano<\/i>)<\/span> <\/strong>scortati dai cacciatorpediniere della <strong><span style=\"color: #008000;\">XII Squadriglia (<i>Lanciere<\/i>,&nbsp;<i>Ascari<\/i>&nbsp;e&nbsp;<i>Carabiniere<\/i>)<\/span><\/strong>. Va sottolineato che Campioni, inoltre, si proponeva di rimanere a una distanza dalla Sardegna per usufruire la protezione della Regia Aeronautica.<\/p>\n<table style=\"border-collapse: collapse; width: 100%;\">\n<tbody>\n<tr>\n<td style=\"width: 100%;\">\n<h5><span style=\"color: #0000ff;\"><strong>[wpedon id=17555]<\/strong><\/span><\/h5>\n<p align=\"justify\"><span style=\"color: #0000ff;\"><strong>Questo articolo ti interessa? Su OCEAN4FUTURE, il portale del Mare e della Marittimit\u00e0, troverai numerosi articoli di storia navale e marittima per conoscere eventi del passato che difficilmente potrai trovare sui libri di scuola. Se hai suggerimenti o domande puoi lasciarci un commento in calce all\u2019articolo oppure scriverci alla nostra mail: <a style=\"color: #0000ff;\" href=\"mailto:infoocean4future@gmail.com\">infoocean4future@gmail.com<\/a><\/strong><\/span><\/p>\n<\/td>\n<\/tr>\n<\/tbody>\n<\/table>\n<p style=\"text-align: justify;\">Lo scontro, iniziato alle 12:22, si risolse in un\u2019azione d\u2019inseguimento in cui gli incrociatori pesanti italiani, superiori per velocit\u00e0 e potenza di fuoco a quelli britannici, ingaggiarono i corrispettivi avversari tirando a partire da 23.500 metri e mettendo a segno due proiettili da 203 mm sull\u2019incrociatore pesante <strong><span style=\"color: #008000;\"><em>Berwick <\/em><\/span><\/strong>che ebbe una torre fuori uso ed un incendio a bordo che richiese oltre un\u2019ora per il suo spegnimento; venne inoltre danneggiato, seppur meno gravemente, l\u2019incrociatore <strong><span style=\"color: #008000;\"><em>HMS Manchester<\/em><\/span><\/strong>. Da parte italiana, il cacciatorpediniere&nbsp;<strong><span style=\"color: #008000;\"><em>Lanciere <\/em><\/span><\/strong>rientr\u00f2 alla base dopo avere incassato tre proiettili da 152 mm, senza subire per\u00f2 vittime a bordo.<\/p>\n<p><img decoding=\"async\" src=\"https:\/\/www.ocean4future.org\/savetheocean\/wp-content\/uploads\/2021\/11\/RNBolzano-Teulada.jpg\" alt=\"Questa immagine ha l'attributo alt vuoto; il nome del file \u00e8 RNBolzano-Teulada.jpg\" width=\"1024\" height=\"575\"><\/p>\n<p align=\"JUSTIFY\"><strong><span style=\"color: #008000;\">il Bolzano durante lo scontro di Teulada <a href=\"https:\/\/commons.wikimedia.org\/wiki\/File:Incrociatore_Bolzano_-_Capo_Teulada.png\">Incrociatore Bolzano &#8211; Capo Teulada.png &#8211; Wikimedia Commons<\/a><\/span><\/strong><\/p>\n<p style=\"text-align: justify;\">Il tentativo britannico di attaccare, stringendo le distanze con le unit\u00e0 maggiori, venne frustrato dall\u2019intervento dei grossi calibri del <strong><span style=\"color: #008000;\"><em>Vittorio Veneto<\/em><\/span><\/strong> che tirarono sette salve, da 27.000 metri, sugli incrociatori avversari. Alla quarta salva le navi britanniche, gi\u00e0 perfettamente inquadrate, incominciarono ad emettere fumo e ruppero il contatto.<\/p>\n<p style=\"text-align: justify;\">Lo scontro di Capo Teulada, pur se concluso senza una netta prevalenza tra le parti, dimostr\u00f2 come la drammatica \u201cnotte di Taranto\u201d non avesse intaccato la capacit\u00e0 della Regia Marina italiana di mantenere il controllo del Mediterraneo centrale. Inoltre, evidenzi\u00f2 il fatto che la flotta britannica, persino nel suo momento pi\u00f9 favorevole, avesse rifiutato un combattimento pur essendo in condizione di parit\u00e0 di forze con la Marina italiana.<\/p>\n<table style=\"border-collapse: collapse; width: 100%;\">\n<tbody>\n<tr>\n<td style=\"width: 100%;\">\n<p align=\"justify\"><span style=\"color: #008000;\"><strong>Un&#8217;interessante notazione: le eccezionali riprese raccolte dai cineoperatori italiani durante l\u2019azione furono utilizzate per la realizzazione del bellissimo film \u201c<em>La Nave Bianca<\/em>\u201d, prodotto dal Centro Cinematografico della Marina con la collaborazione, in qualit\u00e0 di aiuto regista, di un giovane <em>Roberto Rossellini<\/em>. Il film, di enorme successo nelle sale italiane, pu\u00f2 essere a pieno titolo considerato il primo atto del cinema neorealista.<\/strong><\/span><\/p>\n<\/td>\n<\/tr>\n<\/tbody>\n<\/table>\n<p style=\"text-align: justify;\">Ci sarebbe molto da scrivere su quel periodo in cui la Regia Marina fece sempre il suo dovere, anche con gravi perdite di vite umane, nonostante la debolezza strategica dello Stato Maggiore spesso troppo succube della volont\u00e0 politica. Ma questa \u00e8 un&#8217;altra storia.<\/p>\n<p>&nbsp;<\/p>\n<p>in anteprima il &nbsp;<i>Littorio<\/i> e il <i>Vittorio Veneto<\/i> nel Mediterraneo durante la guerra &#8211; Ufficio Storico della marina militare&nbsp; <a href=\"https:\/\/commons.wikimedia.org\/wiki\/File:Vittorio_Veneto_and_Littorio_during_WW2.jpg\">Vittorio Veneto and Littorio during WW2.jpg &#8211; Wikimedia Commons<\/a><\/p>\n<p>&nbsp;<\/p>\n<p><strong><span style=\"color: #008000;\">Riferimenti<\/span><\/strong><br \/>\narticolo MARINA MILITARE ITALIANA pubblicato in origine da <a href=\"https:\/\/www.difesaonline.it\/news-forze-armate\/storia\/27-novembre-1940-la-battaglia-di-capo-teulada\"><strong><span style=\"color: #008000;\">DIFESAONLINE<\/span><\/strong><\/a><br \/>\nWikipedia<br \/>\nFonti storiche varie<\/p>\n<p><span style=\"color: #ffffff;\">.<\/span><\/p>\n<p><strong><span style=\"color: #0000ff;\">[wpedon id=17555]<\/span><\/strong><\/p>\n<p align=\"justify\"><strong><span style=\"color: #0000ff;\">Ti \u00e8 piaciuto questo articolo? Se s\u00ec, puoi fare una piccola donazione (anche un euro) per sostenere il nostro portale. Basta poco, per aiutarci a sostenere le spese di OCEAN4FUTURE, il portale del Mare e della Marittimit\u00e0. La donazione pu\u00f2 essere singola o puoi decidere di renderla automatica ogni mese. Per donare in sicurezza, Clicca sul link DONAZIONE oppure Scrivici per aiuto alla mail: <\/span><\/strong><a href=\"mailto:infoocean4future@gmail.com\">infoocean4future@gmail.com<\/a><br \/>\n<span style=\"color: #ffffff;\">.<\/span><\/p>\n<p style=\"text-align: justify;\">Alcune delle foto presenti in questo blog possono essere state prese dal web, citandone ove possibile gli autori e\/o le fonti. Se qualcuno desiderasse specificarne l\u2019autore o rimuoverle, pu\u00f2 scrivere a infoocean4future@gmail.com e provvederemo immediatamente alla correzione dell\u2019articolo<br \/>\n<span style=\"color: #ffffff;\">,<\/span><\/p>\n<p><a class=\"maxbutton-3 maxbutton maxbutton-pagina-principale\" target=\"_blank\" title=\"tooltip\" rel=\"nofollow noopener\" href=\"http:\/\/www.ocean4future.org\"><span class='mb-text'>PAGINA PRINCIPALE<\/span><\/a><br \/>\n.<br \/>\n<span style=\"color: #ffffff;\">.<\/span><\/p>\n","protected":false},"excerpt":{"rendered":"<p><span class=\"span-reading-time rt-reading-time\" style=\"display: block;\"><span class=\"rt-label rt-prefix\">tempo di lettura: <\/span> <span class=\"rt-time\"> 4<\/span> <span class=\"rt-label rt-postfix\">minuti<\/span><\/span>. . ARGOMENTO: STORIA NAVALE PERIODO: XIX SECOLO AREA: MAR MEDITERRANEO parole chiave: II Guerra mondiale, Regia Marina italiana, Royal Navy Lo scontro di Capo Teulada, detto anche battaglia di Capo Spartivento, rappresenta una delle prime risposte italiane alla \u201cnotte di Taranto\u201d del precedente 11 novembre.&nbsp; Gi\u00e0 il 17 novembre la squadra navale italiana, guidata [&hellip;]<\/p>\n","protected":false},"author":2398,"featured_media":33255,"comment_status":"open","ping_status":"open","sticky":false,"template":"","format":"standard","meta":{"_acf_changed":false,"_monsterinsights_skip_tracking":false,"_monsterinsights_sitenote_active":false,"_monsterinsights_sitenote_note":"","_monsterinsights_sitenote_category":0,"footnotes":""},"categories":[2313],"tags":[],"class_list":["post-66700","post","type-post","status-publish","format-standard","has-post-thumbnail","hentry","category-storia-della-seconda-guerra-mondiale"],"acf":[],"yoast_head":"<!-- This site is optimized with the Yoast SEO plugin v27.4 - https:\/\/yoast.com\/product\/yoast-seo-wordpress\/ -->\n<title>27 novembre 1940: lo scontro di Capo Teulada &#8226; OCEAN4FUTURE autore<\/title>\n<meta name=\"robots\" content=\"index, follow, max-snippet:-1, max-image-preview:large, max-video-preview:-1\" \/>\n<link rel=\"canonical\" href=\"https:\/\/www.ocean4future.org\/savetheocean\/archives\/66700\" \/>\n<meta property=\"og:locale\" content=\"it_IT\" \/>\n<meta property=\"og:type\" content=\"article\" \/>\n<meta property=\"og:title\" content=\"27 novembre 1940: lo scontro di Capo Teulada &#8226; OCEAN4FUTURE autore\" \/>\n<meta property=\"og:description\" content=\"tempo di lettura:  4 minuti. . ARGOMENTO: STORIA NAVALE PERIODO: XIX SECOLO AREA: MAR MEDITERRANEO parole chiave: II Guerra mondiale, Regia Marina italiana, Royal Navy Lo scontro di Capo Teulada, detto anche battaglia di Capo Spartivento, rappresenta una delle prime risposte italiane alla \u201cnotte di Taranto\u201d del precedente 11 novembre.&nbsp; Gi\u00e0 il 17 novembre la squadra navale italiana, guidata [&hellip;]\" \/>\n<meta property=\"og:url\" content=\"https:\/\/www.ocean4future.org\/savetheocean\/archives\/66700\" \/>\n<meta property=\"og:site_name\" content=\"OCEAN4FUTURE\" \/>\n<meta property=\"article:published_time\" content=\"2021-12-02T23:30:00+00:00\" \/>\n<meta property=\"article:modified_time\" content=\"2024-06-20T13:13:47+00:00\" \/>\n<meta property=\"og:image\" content=\"https:\/\/www.ocean4future.org\/savetheocean\/wp-content\/uploads\/2019\/07\/vittorio-veneto-3.jpg\" \/>\n\t<meta property=\"og:image:width\" content=\"1176\" \/>\n\t<meta property=\"og:image:height\" content=\"806\" \/>\n\t<meta property=\"og:image:type\" content=\"image\/jpeg\" \/>\n<meta name=\"author\" content=\"Redazione OCEAN4FUTURE\" \/>\n<meta name=\"twitter:card\" content=\"summary_large_image\" \/>\n<meta name=\"twitter:creator\" content=\"@ocean4future\" \/>\n<meta name=\"twitter:site\" content=\"@ocean4future\" \/>\n<meta name=\"twitter:label1\" content=\"Scritto da\" \/>\n\t<meta name=\"twitter:data1\" content=\"Redazione OCEAN4FUTURE\" \/>\n\t<meta name=\"twitter:label2\" content=\"Tempo di lettura stimato\" \/>\n\t<meta name=\"twitter:data2\" content=\"6 minuti\" \/>\n<script type=\"application\/ld+json\" class=\"yoast-schema-graph\">{\"@context\":\"https:\\\/\\\/schema.org\",\"@graph\":[{\"@type\":\"Article\",\"@id\":\"https:\\\/\\\/www.ocean4future.org\\\/savetheocean\\\/archives\\\/66700#article\",\"isPartOf\":{\"@id\":\"https:\\\/\\\/www.ocean4future.org\\\/savetheocean\\\/archives\\\/66700\"},\"author\":{\"name\":\"Redazione OCEAN4FUTURE\",\"@id\":\"https:\\\/\\\/www.ocean4future.org\\\/savetheocean\\\/#\\\/schema\\\/person\\\/ad3962a4283da6a7ba5d2e66f435a340\"},\"headline\":\"27 novembre 1940: lo scontro di Capo Teulada\",\"datePublished\":\"2021-12-02T23:30:00+00:00\",\"dateModified\":\"2024-06-20T13:13:47+00:00\",\"mainEntityOfPage\":{\"@id\":\"https:\\\/\\\/www.ocean4future.org\\\/savetheocean\\\/archives\\\/66700\"},\"wordCount\":961,\"commentCount\":0,\"publisher\":{\"@id\":\"https:\\\/\\\/www.ocean4future.org\\\/savetheocean\\\/#\\\/schema\\\/person\\\/4e1c26437054353074d7bb2efa77162c\"},\"image\":{\"@id\":\"https:\\\/\\\/www.ocean4future.org\\\/savetheocean\\\/archives\\\/66700#primaryimage\"},\"thumbnailUrl\":\"https:\\\/\\\/www.ocean4future.org\\\/savetheocean\\\/wp-content\\\/uploads\\\/2019\\\/07\\\/vittorio-veneto-3.jpg\",\"articleSection\":[\"Storia navale della seconda guerra mondiale (1939 - 1945)\"],\"inLanguage\":\"it-IT\",\"potentialAction\":[{\"@type\":\"CommentAction\",\"name\":\"Comment\",\"target\":[\"https:\\\/\\\/www.ocean4future.org\\\/savetheocean\\\/archives\\\/66700#respond\"]}]},{\"@type\":\"WebPage\",\"@id\":\"https:\\\/\\\/www.ocean4future.org\\\/savetheocean\\\/archives\\\/66700\",\"url\":\"https:\\\/\\\/www.ocean4future.org\\\/savetheocean\\\/archives\\\/66700\",\"name\":\"27 novembre 1940: lo scontro di Capo Teulada &#8226; OCEAN4FUTURE autore\",\"isPartOf\":{\"@id\":\"https:\\\/\\\/www.ocean4future.org\\\/savetheocean\\\/#website\"},\"primaryImageOfPage\":{\"@id\":\"https:\\\/\\\/www.ocean4future.org\\\/savetheocean\\\/archives\\\/66700#primaryimage\"},\"image\":{\"@id\":\"https:\\\/\\\/www.ocean4future.org\\\/savetheocean\\\/archives\\\/66700#primaryimage\"},\"thumbnailUrl\":\"https:\\\/\\\/www.ocean4future.org\\\/savetheocean\\\/wp-content\\\/uploads\\\/2019\\\/07\\\/vittorio-veneto-3.jpg\",\"datePublished\":\"2021-12-02T23:30:00+00:00\",\"dateModified\":\"2024-06-20T13:13:47+00:00\",\"breadcrumb\":{\"@id\":\"https:\\\/\\\/www.ocean4future.org\\\/savetheocean\\\/archives\\\/66700#breadcrumb\"},\"inLanguage\":\"it-IT\",\"potentialAction\":[{\"@type\":\"ReadAction\",\"target\":[\"https:\\\/\\\/www.ocean4future.org\\\/savetheocean\\\/archives\\\/66700\"]}]},{\"@type\":\"ImageObject\",\"inLanguage\":\"it-IT\",\"@id\":\"https:\\\/\\\/www.ocean4future.org\\\/savetheocean\\\/archives\\\/66700#primaryimage\",\"url\":\"https:\\\/\\\/www.ocean4future.org\\\/savetheocean\\\/wp-content\\\/uploads\\\/2019\\\/07\\\/vittorio-veneto-3.jpg\",\"contentUrl\":\"https:\\\/\\\/www.ocean4future.org\\\/savetheocean\\\/wp-content\\\/uploads\\\/2019\\\/07\\\/vittorio-veneto-3.jpg\",\"width\":1176,\"height\":806},{\"@type\":\"BreadcrumbList\",\"@id\":\"https:\\\/\\\/www.ocean4future.org\\\/savetheocean\\\/archives\\\/66700#breadcrumb\",\"itemListElement\":[{\"@type\":\"ListItem\",\"position\":1,\"name\":\"Home\",\"item\":\"https:\\\/\\\/www.ocean4future.org\\\/savetheocean\"},{\"@type\":\"ListItem\",\"position\":2,\"name\":\"27 novembre 1940: lo scontro di Capo Teulada\"}]},{\"@type\":\"WebSite\",\"@id\":\"https:\\\/\\\/www.ocean4future.org\\\/savetheocean\\\/#website\",\"url\":\"https:\\\/\\\/www.ocean4future.org\\\/savetheocean\\\/\",\"name\":\"Ocean 4 Future\",\"description\":\"Per una nuova cultura del mare e della marittimit\u00e0\",\"publisher\":{\"@id\":\"https:\\\/\\\/www.ocean4future.org\\\/savetheocean\\\/#\\\/schema\\\/person\\\/4e1c26437054353074d7bb2efa77162c\"},\"potentialAction\":[{\"@type\":\"SearchAction\",\"target\":{\"@type\":\"EntryPoint\",\"urlTemplate\":\"https:\\\/\\\/www.ocean4future.org\\\/savetheocean\\\/?s={search_term_string}\"},\"query-input\":{\"@type\":\"PropertyValueSpecification\",\"valueRequired\":true,\"valueName\":\"search_term_string\"}}],\"inLanguage\":\"it-IT\"},{\"@type\":[\"Person\",\"Organization\"],\"@id\":\"https:\\\/\\\/www.ocean4future.org\\\/savetheocean\\\/#\\\/schema\\\/person\\\/4e1c26437054353074d7bb2efa77162c\",\"name\":\"oceandiver\",\"image\":{\"@type\":\"ImageObject\",\"inLanguage\":\"it-IT\",\"@id\":\"https:\\\/\\\/www.ocean4future.org\\\/savetheocean\\\/wp-content\\\/uploads\\\/2023\\\/04\\\/logo-ocean3.jpg\",\"url\":\"https:\\\/\\\/www.ocean4future.org\\\/savetheocean\\\/wp-content\\\/uploads\\\/2023\\\/04\\\/logo-ocean3.jpg\",\"contentUrl\":\"https:\\\/\\\/www.ocean4future.org\\\/savetheocean\\\/wp-content\\\/uploads\\\/2023\\\/04\\\/logo-ocean3.jpg\",\"width\":472,\"height\":301,\"caption\":\"oceandiver\"},\"logo\":{\"@id\":\"https:\\\/\\\/www.ocean4future.org\\\/savetheocean\\\/wp-content\\\/uploads\\\/2023\\\/04\\\/logo-ocean3.jpg\"}},{\"@type\":\"Person\",\"@id\":\"https:\\\/\\\/www.ocean4future.org\\\/savetheocean\\\/#\\\/schema\\\/person\\\/ad3962a4283da6a7ba5d2e66f435a340\",\"name\":\"Redazione OCEAN4FUTURE\",\"image\":{\"@type\":\"ImageObject\",\"inLanguage\":\"it-IT\",\"@id\":\"https:\\\/\\\/secure.gravatar.com\\\/avatar\\\/ba6774c3cc06933a10f7e80f4184a636b9f8fe6f86714a5b2c583173eaf54646?s=96&d=mm&r=g\",\"url\":\"https:\\\/\\\/secure.gravatar.com\\\/avatar\\\/ba6774c3cc06933a10f7e80f4184a636b9f8fe6f86714a5b2c583173eaf54646?s=96&d=mm&r=g\",\"contentUrl\":\"https:\\\/\\\/secure.gravatar.com\\\/avatar\\\/ba6774c3cc06933a10f7e80f4184a636b9f8fe6f86714a5b2c583173eaf54646?s=96&d=mm&r=g\",\"caption\":\"Redazione OCEAN4FUTURE\"},\"description\":\"\u00e8 composta da oltre 60 collaboratori che lavorano in smart working, selezionati tra esperti di settore di diverse discipline. Hanno il compito di\u00a0 selezionare argomenti di particolare interesse, redigendo articoli basati su studi recenti. I contenuti degli stessi restano di responsabilit\u00e0 degli autori che sono ovviamente sempre citati. Eventuali quesiti possono essere inviati alla Redazione (infoocean4future@gmail.com) che, quando possibile, provveder\u00e0 ad inoltrarli agli Autori.\",\"sameAs\":[\"http:\\\/\\\/www.ocean4future.org\"],\"url\":\"https:\\\/\\\/www.ocean4future.org\\\/savetheocean\\\/archives\\\/author\\\/redazione-ocean4future\"}]}<\/script>\n<!-- \/ Yoast SEO plugin. -->","yoast_head_json":{"title":"27 novembre 1940: lo scontro di Capo Teulada &#8226; OCEAN4FUTURE autore","robots":{"index":"index","follow":"follow","max-snippet":"max-snippet:-1","max-image-preview":"max-image-preview:large","max-video-preview":"max-video-preview:-1"},"canonical":"https:\/\/www.ocean4future.org\/savetheocean\/archives\/66700","og_locale":"it_IT","og_type":"article","og_title":"27 novembre 1940: lo scontro di Capo Teulada &#8226; OCEAN4FUTURE autore","og_description":"tempo di lettura:  4 minuti. . ARGOMENTO: STORIA NAVALE PERIODO: XIX SECOLO AREA: MAR MEDITERRANEO parole chiave: II Guerra mondiale, Regia Marina italiana, Royal Navy Lo scontro di Capo Teulada, detto anche battaglia di Capo Spartivento, rappresenta una delle prime risposte italiane alla \u201cnotte di Taranto\u201d del precedente 11 novembre.&nbsp; Gi\u00e0 il 17 novembre la squadra navale italiana, guidata [&hellip;]","og_url":"https:\/\/www.ocean4future.org\/savetheocean\/archives\/66700","og_site_name":"OCEAN4FUTURE","article_published_time":"2021-12-02T23:30:00+00:00","article_modified_time":"2024-06-20T13:13:47+00:00","og_image":[{"width":1176,"height":806,"url":"https:\/\/www.ocean4future.org\/savetheocean\/wp-content\/uploads\/2019\/07\/vittorio-veneto-3.jpg","type":"image\/jpeg"}],"author":"Redazione OCEAN4FUTURE","twitter_card":"summary_large_image","twitter_creator":"@ocean4future","twitter_site":"@ocean4future","twitter_misc":{"Scritto da":"Redazione OCEAN4FUTURE","Tempo di lettura stimato":"6 minuti"},"schema":{"@context":"https:\/\/schema.org","@graph":[{"@type":"Article","@id":"https:\/\/www.ocean4future.org\/savetheocean\/archives\/66700#article","isPartOf":{"@id":"https:\/\/www.ocean4future.org\/savetheocean\/archives\/66700"},"author":{"name":"Redazione OCEAN4FUTURE","@id":"https:\/\/www.ocean4future.org\/savetheocean\/#\/schema\/person\/ad3962a4283da6a7ba5d2e66f435a340"},"headline":"27 novembre 1940: lo scontro di Capo Teulada","datePublished":"2021-12-02T23:30:00+00:00","dateModified":"2024-06-20T13:13:47+00:00","mainEntityOfPage":{"@id":"https:\/\/www.ocean4future.org\/savetheocean\/archives\/66700"},"wordCount":961,"commentCount":0,"publisher":{"@id":"https:\/\/www.ocean4future.org\/savetheocean\/#\/schema\/person\/4e1c26437054353074d7bb2efa77162c"},"image":{"@id":"https:\/\/www.ocean4future.org\/savetheocean\/archives\/66700#primaryimage"},"thumbnailUrl":"https:\/\/www.ocean4future.org\/savetheocean\/wp-content\/uploads\/2019\/07\/vittorio-veneto-3.jpg","articleSection":["Storia navale della seconda guerra mondiale (1939 - 1945)"],"inLanguage":"it-IT","potentialAction":[{"@type":"CommentAction","name":"Comment","target":["https:\/\/www.ocean4future.org\/savetheocean\/archives\/66700#respond"]}]},{"@type":"WebPage","@id":"https:\/\/www.ocean4future.org\/savetheocean\/archives\/66700","url":"https:\/\/www.ocean4future.org\/savetheocean\/archives\/66700","name":"27 novembre 1940: lo scontro di Capo Teulada &#8226; OCEAN4FUTURE autore","isPartOf":{"@id":"https:\/\/www.ocean4future.org\/savetheocean\/#website"},"primaryImageOfPage":{"@id":"https:\/\/www.ocean4future.org\/savetheocean\/archives\/66700#primaryimage"},"image":{"@id":"https:\/\/www.ocean4future.org\/savetheocean\/archives\/66700#primaryimage"},"thumbnailUrl":"https:\/\/www.ocean4future.org\/savetheocean\/wp-content\/uploads\/2019\/07\/vittorio-veneto-3.jpg","datePublished":"2021-12-02T23:30:00+00:00","dateModified":"2024-06-20T13:13:47+00:00","breadcrumb":{"@id":"https:\/\/www.ocean4future.org\/savetheocean\/archives\/66700#breadcrumb"},"inLanguage":"it-IT","potentialAction":[{"@type":"ReadAction","target":["https:\/\/www.ocean4future.org\/savetheocean\/archives\/66700"]}]},{"@type":"ImageObject","inLanguage":"it-IT","@id":"https:\/\/www.ocean4future.org\/savetheocean\/archives\/66700#primaryimage","url":"https:\/\/www.ocean4future.org\/savetheocean\/wp-content\/uploads\/2019\/07\/vittorio-veneto-3.jpg","contentUrl":"https:\/\/www.ocean4future.org\/savetheocean\/wp-content\/uploads\/2019\/07\/vittorio-veneto-3.jpg","width":1176,"height":806},{"@type":"BreadcrumbList","@id":"https:\/\/www.ocean4future.org\/savetheocean\/archives\/66700#breadcrumb","itemListElement":[{"@type":"ListItem","position":1,"name":"Home","item":"https:\/\/www.ocean4future.org\/savetheocean"},{"@type":"ListItem","position":2,"name":"27 novembre 1940: lo scontro di Capo Teulada"}]},{"@type":"WebSite","@id":"https:\/\/www.ocean4future.org\/savetheocean\/#website","url":"https:\/\/www.ocean4future.org\/savetheocean\/","name":"Ocean 4 Future","description":"Per una nuova cultura del mare e della marittimit\u00e0","publisher":{"@id":"https:\/\/www.ocean4future.org\/savetheocean\/#\/schema\/person\/4e1c26437054353074d7bb2efa77162c"},"potentialAction":[{"@type":"SearchAction","target":{"@type":"EntryPoint","urlTemplate":"https:\/\/www.ocean4future.org\/savetheocean\/?s={search_term_string}"},"query-input":{"@type":"PropertyValueSpecification","valueRequired":true,"valueName":"search_term_string"}}],"inLanguage":"it-IT"},{"@type":["Person","Organization"],"@id":"https:\/\/www.ocean4future.org\/savetheocean\/#\/schema\/person\/4e1c26437054353074d7bb2efa77162c","name":"oceandiver","image":{"@type":"ImageObject","inLanguage":"it-IT","@id":"https:\/\/www.ocean4future.org\/savetheocean\/wp-content\/uploads\/2023\/04\/logo-ocean3.jpg","url":"https:\/\/www.ocean4future.org\/savetheocean\/wp-content\/uploads\/2023\/04\/logo-ocean3.jpg","contentUrl":"https:\/\/www.ocean4future.org\/savetheocean\/wp-content\/uploads\/2023\/04\/logo-ocean3.jpg","width":472,"height":301,"caption":"oceandiver"},"logo":{"@id":"https:\/\/www.ocean4future.org\/savetheocean\/wp-content\/uploads\/2023\/04\/logo-ocean3.jpg"}},{"@type":"Person","@id":"https:\/\/www.ocean4future.org\/savetheocean\/#\/schema\/person\/ad3962a4283da6a7ba5d2e66f435a340","name":"Redazione OCEAN4FUTURE","image":{"@type":"ImageObject","inLanguage":"it-IT","@id":"https:\/\/secure.gravatar.com\/avatar\/ba6774c3cc06933a10f7e80f4184a636b9f8fe6f86714a5b2c583173eaf54646?s=96&d=mm&r=g","url":"https:\/\/secure.gravatar.com\/avatar\/ba6774c3cc06933a10f7e80f4184a636b9f8fe6f86714a5b2c583173eaf54646?s=96&d=mm&r=g","contentUrl":"https:\/\/secure.gravatar.com\/avatar\/ba6774c3cc06933a10f7e80f4184a636b9f8fe6f86714a5b2c583173eaf54646?s=96&d=mm&r=g","caption":"Redazione OCEAN4FUTURE"},"description":"\u00e8 composta da oltre 60 collaboratori che lavorano in smart working, selezionati tra esperti di settore di diverse discipline. Hanno il compito di\u00a0 selezionare argomenti di particolare interesse, redigendo articoli basati su studi recenti. I contenuti degli stessi restano di responsabilit\u00e0 degli autori che sono ovviamente sempre citati. Eventuali quesiti possono essere inviati alla Redazione (infoocean4future@gmail.com) che, quando possibile, provveder\u00e0 ad inoltrarli agli Autori.","sameAs":["http:\/\/www.ocean4future.org"],"url":"https:\/\/www.ocean4future.org\/savetheocean\/archives\/author\/redazione-ocean4future"}]}},"_links":{"self":[{"href":"https:\/\/www.ocean4future.org\/savetheocean\/wp-json\/wp\/v2\/posts\/66700","targetHints":{"allow":["GET"]}}],"collection":[{"href":"https:\/\/www.ocean4future.org\/savetheocean\/wp-json\/wp\/v2\/posts"}],"about":[{"href":"https:\/\/www.ocean4future.org\/savetheocean\/wp-json\/wp\/v2\/types\/post"}],"author":[{"embeddable":true,"href":"https:\/\/www.ocean4future.org\/savetheocean\/wp-json\/wp\/v2\/users\/2398"}],"replies":[{"embeddable":true,"href":"https:\/\/www.ocean4future.org\/savetheocean\/wp-json\/wp\/v2\/comments?post=66700"}],"version-history":[{"count":0,"href":"https:\/\/www.ocean4future.org\/savetheocean\/wp-json\/wp\/v2\/posts\/66700\/revisions"}],"wp:featuredmedia":[{"embeddable":true,"href":"https:\/\/www.ocean4future.org\/savetheocean\/wp-json\/wp\/v2\/media\/33255"}],"wp:attachment":[{"href":"https:\/\/www.ocean4future.org\/savetheocean\/wp-json\/wp\/v2\/media?parent=66700"}],"wp:term":[{"taxonomy":"category","embeddable":true,"href":"https:\/\/www.ocean4future.org\/savetheocean\/wp-json\/wp\/v2\/categories?post=66700"},{"taxonomy":"post_tag","embeddable":true,"href":"https:\/\/www.ocean4future.org\/savetheocean\/wp-json\/wp\/v2\/tags?post=66700"}],"curies":[{"name":"wp","href":"https:\/\/api.w.org\/{rel}","templated":true}]}}