{"id":63181,"date":"2021-08-12T00:09:10","date_gmt":"2021-08-11T22:09:10","guid":{"rendered":"http:\/\/www.ocean4future.org\/savetheocean\/?p=63181"},"modified":"2023-06-06T22:05:08","modified_gmt":"2023-06-06T20:05:08","slug":"63181","status":"publish","type":"post","link":"https:\/\/www.ocean4future.org\/savetheocean\/archives\/63181","title":{"rendered":"Perch\u00e9 non dovete abbandonare le mascherine di protezione nell&#8217;ambiente?"},"content":{"rendered":"<span class=\"span-reading-time rt-reading-time\" style=\"display: block;\"><span class=\"rt-label rt-prefix\">tempo di lettura: <\/span> <span class=\"rt-time\"> 4<\/span> <span class=\"rt-label rt-postfix\">minuti<\/span><\/span><p><span style=\"color: #ffffff;\">.<\/span><br \/>\n<a class=\"maxbutton-4 maxbutton maxbutton-livello-di-comprensione\" href=\"javascript:void(0);\"><span class='mb-text'>livello elementare<\/span><\/a><\/p>\n<p><span style=\"color: #ffffff;\">.<\/span><\/p>\n<p><span style=\"color: #008000;\"><strong>ARGOMENTO:&nbsp;EMERGENZE AMBIENTALI<\/strong><\/span><br \/>\n<span style=\"color: #008000;\"><strong>PERIODO: XXI SECOLO<br \/>\nAREA: DIDATTICA<\/strong><\/span><br \/>\nparole chiave: mascherine di protezione individuale, Covid, inquinamento da plastiche<\/p>\n<p>&nbsp;<\/p>\n<p style=\"text-align: justify;\"><span data-offset-key=\"ch99q-0-0\">Milioni, anzi, miliardi di mascherine affollano strade, campagne, litorali e fondali marini del nostro Pianeta. Spesso frutto dell\u2019ignoranza e della ignavia che sembrano voler prevalere su secoli di civilt\u00e0, quasi a voler dimostrare il fallimento di quelle teorie educative moderne che <\/span><span data-offset-key=\"ch99q-1-0\">rifuggono<\/span><span data-offset-key=\"ch99q-2-0\"> l\u2019importante funzione del controllo degli \u201cistinti\u201d a favore di una maggiore libert\u00e0 di comportamento. <\/span><\/p>\n<figure style=\"width: 696px\" class=\"wp-caption alignnone\"><img decoding=\"async\" src=\"https:\/\/www.ocean4future.org\/savetheocean\/wp-content\/uploads\/2021\/08\/mascherine-guanti-ambiente-696x464-1.jpg\" alt=\"Questa immagine ha l'attributo alt vuoto; il nome del file \u00e8 mascherine-guanti-ambiente-696x464-1.jpg\" width=\"696\" height=\"464\"><figcaption class=\"wp-caption-text\"><\/span><\/strong> <strong><span style=\"color: #008000;\">https:\/\/www.shutterstock.com\/image-photo\/discarded-gloves-face-masks-represent-our-1720844227<\/span><\/strong><\/figcaption><\/figure>\n<p style=\"text-align: justify;\">Le esperienze di questi ultimi cinquant&#8217;anni mostrano ancora una volta che la nostra specie, se non mantenuta con fermezza in un &#8220;recinto&#8221; etico e morale, si abbandona alla totale asocialit\u00e0 e anarchia, non solo non rispettando gli altri (la mia libert\u00e0 finisce dove inizia quella dei miei simili) ma andando contro i nostri stessi interessi di sopravvivenza.<\/p>\n<p style=\"text-align: justify;\"><strong><span style=\"color: #008000;\">Nessuna forma vivente ha questi comportamenti; un animale tende a conservare il suo ambiente perch\u00e9 la sua sopravvivenza dipende da esso &#8230; questo non avviene purtroppo per l&#8217;Uomo che distrugge il suo habitat sfruttandone le risorse come se fossero infinite.<\/span><\/strong><\/p>\n<p style=\"text-align: justify;\">In questo breve articolo <strong><span style=\"color: #008000;\">Nicola Di Battista<\/span><\/strong> da anni impegnato nella protezione ambientale del nostro territorio, affronta l&#8217;ultima, solo temporalmente, emergenza ambientale, legata all&#8217;abbandono dei dispositivi di protezione individuali comunemente noti come mascherine. Vi consiglio una attenta lettura.<\/p>\n<p style=\"text-align: justify;\"><span style=\"font-size: 18pt;\"><strong><span style=\"color: #008000;\">Mascherine, mascherine<\/span><\/strong><\/span><br \/>\nL\u2019emergenza Covid-19 ha provocato un aumento esponenziale nella produzione e nel consumo delle maschere chirurgiche di protezione individuale in tutto il mondo. Parallelamente il Pianeta si trova ad affrontare un problema complesso e potenzialmente devastante ovvero il loro smaltimento corretto.<\/p>\n<p>&nbsp;<\/p>\n<p style=\"text-align: justify;\">A livello globale vengono utilizzati 65 miliardi di guanti ogni mese. Il numero delle mascherine \u00e8 quasi il doppio: 129 miliardi al mese. <strong><span style=\"color: #008000;\">Questo significa che ogni minuto vengono utilizzate 3 milioni di mascherine di cui gran parte vengono abbandonate nell&#8217;ambiente.<\/span><\/strong>&nbsp;Un recente studio documenta che ogni giorno vengono gettate 3,4 miliardi di mascherine o schermi facciali. <strong><span style=\"color: #008000;\">Si stima che solo in Asia vengano buttate 1,8 miliardi di mascherine al giorno, la quantit\u00e0 pi\u00f9 alta tra i continenti.<\/span> <\/strong>La Cina, con la pi\u00f9 grande popolazione mondiale (1,4 miliardi di persone) getta via quasi 702 milioni di mascherine al giorno. Le mascherine sono un dispositivo di protezione maggiormente utilizzato da quando \u00e8 in atto la pandemia da Covid-19: leggera e comoda da indossare. Ma una singola mascherina chirurgica gettata irresponsabilmente &#8211; dai marciapiedi alle spiagge &#8211; rilascia migliaia di fibre microscopiche che minacciano l\u2019ambiente che li riceve.<\/p>\n<p style=\"text-align: justify;\"><span style=\"font-size: 18pt;\"><strong><span style=\"color: #008000;\">I dispositivi di protezione individuale, sono principalmente fatti di materiali plastici e non sono riciclabili.<\/span> <\/strong><\/span><\/p>\n<p style=\"text-align: justify;\"><strong><span style=\"color: #008000;\">Una mascherina chirurgica finita in mare rilascia fino a 173mila microfibre al giorno che vengono ingerite dai pesci che poi potremmo mangiare.<\/span><\/strong> Ci aspetteremmo un comportamento generale pi\u00f9 virtuoso eppure questi dispositivi <strong><span style=\"color: #008000;\">vengono dispersi ovunque sul territorio e nei mari<\/span><\/strong>.&nbsp;Alcuni studi hanno approfondito il meccanismo di degradazione foto-ossidativa delle fibre di polipropilene presenti nei tre strati delle mascherine chirurgiche e ha fornito un primo dato quantitativo relativo alla cessione di microplastiche. <strong><span style=\"color: #008000;\">Inutile dire che la situazione \u00e8 preoccupante.&nbsp;<\/span><\/strong>In particolare, lo studio ha fornito un dato relativo alla stabilit\u00e0 oltre il limite di utilizzo delle mascherine che non era ancora disponibile in letteratura. Il lavoro sperimentale \u00e8 stato condotto dall&#8217;Universit\u00e0 Bicocca di Milano, sottoponendo queste mascherine usa e getta disponibili commercialmente ad esperimenti di invecchiamento artificiale, designati per simulare ci\u00f2 che avviene nell\u2019ambiente quando una mascherina abbandonata inizia a degradarsi a causa dell\u2019esposizione agli agenti atmosferici e, in particolare, alla radiazione solare.<\/p>\n<p style=\"text-align: justify;\"><strong><span style=\"color: #008000;\">Un processo che pu\u00f2 durare diverse settimane prima che il materiale giunga al mare, dove \u00e8 poi sottoposto a stress meccanici prolungati indotti dal moto ondoso. \u00c8 qui che avviene il maggior rilascio di microfibre.<\/span><\/strong><\/p>\n<p><img decoding=\"async\" src=\"https:\/\/www.ocean4future.org\/savetheocean\/wp-content\/uploads\/2021\/08\/dove-gettare-mascherine.jpg\" alt=\"Questa immagine ha l'attributo alt vuoto; il nome del file \u00e8 dove-gettare-mascherine.jpg\"><\/p>\n<p style=\"text-align: justify;\"><strong><span style=\"color: #008000;\">Una singola mascherina chirurgica esposta alla luce UV-A per 180 ore \u00e9 in grado di rilasciare centinaia di migliaia di particelle del diametro di poche decine di micron.<\/span> <\/strong>Come gi\u00e0 acclarato per altre tipologie di microplastiche, quali ad esempio quelle prodotte dalla degradazione dei materiali utilizzati per il confezionamento di alimenti o generate durante il lavaggio di tessuti sintetici in lavatrice, sono possibili sia danni da ostruzione agli animali marini, in seguito alla loro ingestione, sia effetti tossicologici dovuti alla veicolazione di contaminanti chimici e biologici (batteri e virus ma anche sostanze chimiche tossiche). Preoccupa inoltre la presenza di frazioni sub-micrometriche (nanoplastiche), potenzialmente capaci di attraversare le barriere biologiche.&nbsp;Oltre ai danni sopra citati vi \u00e9 da aggiungere quello dovuto agli elastici laterali di esse che, una volta in mare, possono impigliare e soffocare gli animali marini.<\/p>\n<p><img decoding=\"async\" src=\"https:\/\/www.ocean4future.org\/savetheocean\/wp-content\/uploads\/2021\/08\/campagna-mascherine-ministero-brignano.jpg\" alt=\"Questa immagine ha l'attributo alt vuoto; il nome del file \u00e8 campagna-mascherine-ministero-brignano.jpg\"><\/p>\n<p style=\"text-align: justify;\"><strong><span style=\"color: #008000;\">Il consiglio che oggi vi voglio dare&nbsp; \u00e9&nbsp; quello di smaltire correttamente le mascherine, quindi di non buttarle per terra o in spiaggia o in mare, riponendole negli appositi contenitori e, con un semplice gesto, di rompere entrambi gli elastici laterali al fine di evitare di creare trappole non intenzionali che potrebbero uccidere i nostri amici animali.<\/span> <span style=\"color: #008000;\">Pensateci &#8230; basta poco per avere un mondo migliore e dipende solo da noi.<\/span><\/strong><\/p>\n<p><strong><span style=\"color: #008000;\">Nicola Di Battista<\/span><\/strong><\/p>\n<p><span style=\"color: #ffffff;\">.<\/span><\/p>\n<p>&nbsp;<\/p>\n<p><a class=\"maxbutton-27 maxbutton maxbutton-un-regalo-per-te\" href=\"https:\/\/www.primevideo.com\/offers\/ref=atv_nb_lcl_it_IT?tag=amazon0e150-21 Italia\"><span class='mb-text'>Una sorpresa per te su Amazon Music unlimited<\/span><\/a>&nbsp; &nbsp;<a class=\"maxbutton-28 maxbutton maxbutton-amazon-prime\" title=\"Scopri i vantaggi di Amazon Prime\" href=\"javascript:void(0);\"><span class='mb-text'>Scopri i vantaggi di Amazon Prime<\/span><\/a><\/p>\n<p>&nbsp;<\/p>\n<p style=\"text-align: justify;\">Alcune delle foto presenti in questo blog possono essere state prese dal web, citandone ove possibile gli autori e\/o le fonti. Se qualcuno desiderasse specificarne l\u2019autore o rimuoverle, pu\u00f2 scrivere a infoocean4future@gmail.com e provvederemo immediatamente alla correzione dell\u2019articolo<br \/>\n<span style=\"color: #ffffff;\">,<\/span><\/p>\n<p>[maxbutton id=&#8221;3&#8243; text=&#8221;PAGINA PRINCIPALE&#8221; url=&#8221;http:\/\/www.ocean4future.org&#8221; linktitle=&#8221;tooltip&#8221;<\/p>\n","protected":false},"excerpt":{"rendered":"<p><span class=\"span-reading-time rt-reading-time\" style=\"display: block;\"><span class=\"rt-label rt-prefix\">tempo di lettura: <\/span> <span class=\"rt-time\"> 4<\/span> <span class=\"rt-label rt-postfix\">minuti<\/span><\/span>. . ARGOMENTO:&nbsp;EMERGENZE AMBIENTALI PERIODO: XXI SECOLO AREA: DIDATTICA parole chiave: mascherine di protezione individuale, Covid, inquinamento da plastiche &nbsp; Milioni, anzi, miliardi di mascherine affollano strade, campagne, litorali e fondali marini del nostro Pianeta. Spesso frutto dell\u2019ignoranza e della ignavia che sembrano voler prevalere su secoli di civilt\u00e0, quasi a voler dimostrare il fallimento [&hellip;]<\/p>\n","protected":false},"author":2358,"featured_media":63189,"comment_status":"open","ping_status":"open","sticky":false,"template":"","format":"standard","meta":{"_acf_changed":false,"_monsterinsights_skip_tracking":false,"_monsterinsights_sitenote_active":false,"_monsterinsights_sitenote_note":"","_monsterinsights_sitenote_category":0,"footnotes":""},"categories":[2300,59,60],"tags":[],"class_list":["post-63181","post","type-post","status-publish","format-standard","has-post-thumbnail","hentry","category-didattica-a-distanza","category-emergency-at-sea","category-plastics"],"acf":[],"yoast_head":"<!-- This site is optimized with the Yoast SEO plugin v27.4 - https:\/\/yoast.com\/product\/yoast-seo-wordpress\/ -->\n<title>Perch\u00e9 non dovete abbandonare le mascherine di protezione nell&#039;ambiente? &#8226; OCEAN4FUTURE autore<\/title>\n<meta name=\"robots\" content=\"index, follow, max-snippet:-1, max-image-preview:large, max-video-preview:-1\" \/>\n<link rel=\"canonical\" href=\"https:\/\/www.ocean4future.org\/savetheocean\/archives\/63181\" \/>\n<meta property=\"og:locale\" content=\"it_IT\" \/>\n<meta property=\"og:type\" content=\"article\" \/>\n<meta property=\"og:title\" content=\"Perch\u00e9 non dovete abbandonare le mascherine di protezione nell&#039;ambiente? &#8226; OCEAN4FUTURE autore\" \/>\n<meta property=\"og:description\" content=\"tempo di lettura:  4 minuti. . ARGOMENTO:&nbsp;EMERGENZE AMBIENTALI PERIODO: XXI SECOLO AREA: DIDATTICA parole chiave: mascherine di protezione individuale, Covid, inquinamento da plastiche &nbsp; Milioni, anzi, miliardi di mascherine affollano strade, campagne, litorali e fondali marini del nostro Pianeta. Spesso frutto dell\u2019ignoranza e della ignavia che sembrano voler prevalere su secoli di civilt\u00e0, quasi a voler dimostrare il fallimento [&hellip;]\" \/>\n<meta property=\"og:url\" content=\"https:\/\/www.ocean4future.org\/savetheocean\/archives\/63181\" \/>\n<meta property=\"og:site_name\" content=\"OCEAN4FUTURE\" \/>\n<meta property=\"article:published_time\" content=\"2021-08-11T22:09:10+00:00\" \/>\n<meta property=\"article:modified_time\" content=\"2023-06-06T20:05:08+00:00\" \/>\n<meta property=\"og:image\" content=\"https:\/\/www.ocean4future.org\/savetheocean\/wp-content\/uploads\/2021\/08\/dove-gettare-mascherine.jpg\" \/>\n\t<meta property=\"og:image:width\" content=\"720\" \/>\n\t<meta property=\"og:image:height\" content=\"720\" \/>\n\t<meta property=\"og:image:type\" content=\"image\/jpeg\" \/>\n<meta name=\"author\" content=\"nicola di battista\" \/>\n<meta name=\"twitter:card\" content=\"summary_large_image\" \/>\n<meta name=\"twitter:creator\" content=\"@ocean4future\" \/>\n<meta name=\"twitter:site\" content=\"@ocean4future\" \/>\n<meta name=\"twitter:label1\" content=\"Scritto da\" \/>\n\t<meta name=\"twitter:data1\" content=\"nicola di battista\" \/>\n\t<meta name=\"twitter:label2\" content=\"Tempo di lettura stimato\" \/>\n\t<meta name=\"twitter:data2\" content=\"5 minuti\" \/>\n<script type=\"application\/ld+json\" class=\"yoast-schema-graph\">{\"@context\":\"https:\\\/\\\/schema.org\",\"@graph\":[{\"@type\":\"Article\",\"@id\":\"https:\\\/\\\/www.ocean4future.org\\\/savetheocean\\\/archives\\\/63181#article\",\"isPartOf\":{\"@id\":\"https:\\\/\\\/www.ocean4future.org\\\/savetheocean\\\/archives\\\/63181\"},\"author\":{\"name\":\"nicola di battista\",\"@id\":\"https:\\\/\\\/www.ocean4future.org\\\/savetheocean\\\/#\\\/schema\\\/person\\\/498d83b30d18a5f91bb1fba79b77ddf0\"},\"headline\":\"Perch\u00e9 non dovete abbandonare le mascherine di protezione nell&#8217;ambiente?\",\"datePublished\":\"2021-08-11T22:09:10+00:00\",\"dateModified\":\"2023-06-06T20:05:08+00:00\",\"mainEntityOfPage\":{\"@id\":\"https:\\\/\\\/www.ocean4future.org\\\/savetheocean\\\/archives\\\/63181\"},\"wordCount\":902,\"commentCount\":0,\"publisher\":{\"@id\":\"https:\\\/\\\/www.ocean4future.org\\\/savetheocean\\\/#\\\/schema\\\/person\\\/4e1c26437054353074d7bb2efa77162c\"},\"image\":{\"@id\":\"https:\\\/\\\/www.ocean4future.org\\\/savetheocean\\\/archives\\\/63181#primaryimage\"},\"thumbnailUrl\":\"https:\\\/\\\/www.ocean4future.org\\\/savetheocean\\\/wp-content\\\/uploads\\\/2021\\\/08\\\/dove-gettare-mascherine.jpg\",\"articleSection\":[\"Didattica a distanza\",\"Emergenze ambientali\",\"Le plastiche\"],\"inLanguage\":\"it-IT\",\"potentialAction\":[{\"@type\":\"CommentAction\",\"name\":\"Comment\",\"target\":[\"https:\\\/\\\/www.ocean4future.org\\\/savetheocean\\\/archives\\\/63181#respond\"]}]},{\"@type\":\"WebPage\",\"@id\":\"https:\\\/\\\/www.ocean4future.org\\\/savetheocean\\\/archives\\\/63181\",\"url\":\"https:\\\/\\\/www.ocean4future.org\\\/savetheocean\\\/archives\\\/63181\",\"name\":\"Perch\u00e9 non dovete abbandonare le mascherine di protezione nell'ambiente? &#8226; OCEAN4FUTURE autore\",\"isPartOf\":{\"@id\":\"https:\\\/\\\/www.ocean4future.org\\\/savetheocean\\\/#website\"},\"primaryImageOfPage\":{\"@id\":\"https:\\\/\\\/www.ocean4future.org\\\/savetheocean\\\/archives\\\/63181#primaryimage\"},\"image\":{\"@id\":\"https:\\\/\\\/www.ocean4future.org\\\/savetheocean\\\/archives\\\/63181#primaryimage\"},\"thumbnailUrl\":\"https:\\\/\\\/www.ocean4future.org\\\/savetheocean\\\/wp-content\\\/uploads\\\/2021\\\/08\\\/dove-gettare-mascherine.jpg\",\"datePublished\":\"2021-08-11T22:09:10+00:00\",\"dateModified\":\"2023-06-06T20:05:08+00:00\",\"breadcrumb\":{\"@id\":\"https:\\\/\\\/www.ocean4future.org\\\/savetheocean\\\/archives\\\/63181#breadcrumb\"},\"inLanguage\":\"it-IT\",\"potentialAction\":[{\"@type\":\"ReadAction\",\"target\":[\"https:\\\/\\\/www.ocean4future.org\\\/savetheocean\\\/archives\\\/63181\"]}]},{\"@type\":\"ImageObject\",\"inLanguage\":\"it-IT\",\"@id\":\"https:\\\/\\\/www.ocean4future.org\\\/savetheocean\\\/archives\\\/63181#primaryimage\",\"url\":\"https:\\\/\\\/www.ocean4future.org\\\/savetheocean\\\/wp-content\\\/uploads\\\/2021\\\/08\\\/dove-gettare-mascherine.jpg\",\"contentUrl\":\"https:\\\/\\\/www.ocean4future.org\\\/savetheocean\\\/wp-content\\\/uploads\\\/2021\\\/08\\\/dove-gettare-mascherine.jpg\",\"width\":720,\"height\":720},{\"@type\":\"BreadcrumbList\",\"@id\":\"https:\\\/\\\/www.ocean4future.org\\\/savetheocean\\\/archives\\\/63181#breadcrumb\",\"itemListElement\":[{\"@type\":\"ListItem\",\"position\":1,\"name\":\"Home\",\"item\":\"https:\\\/\\\/www.ocean4future.org\\\/savetheocean\"},{\"@type\":\"ListItem\",\"position\":2,\"name\":\"Perch\u00e9 non dovete abbandonare le mascherine di protezione nell&#8217;ambiente?\"}]},{\"@type\":\"WebSite\",\"@id\":\"https:\\\/\\\/www.ocean4future.org\\\/savetheocean\\\/#website\",\"url\":\"https:\\\/\\\/www.ocean4future.org\\\/savetheocean\\\/\",\"name\":\"Ocean 4 Future\",\"description\":\"Per una nuova cultura del mare e della marittimit\u00e0\",\"publisher\":{\"@id\":\"https:\\\/\\\/www.ocean4future.org\\\/savetheocean\\\/#\\\/schema\\\/person\\\/4e1c26437054353074d7bb2efa77162c\"},\"potentialAction\":[{\"@type\":\"SearchAction\",\"target\":{\"@type\":\"EntryPoint\",\"urlTemplate\":\"https:\\\/\\\/www.ocean4future.org\\\/savetheocean\\\/?s={search_term_string}\"},\"query-input\":{\"@type\":\"PropertyValueSpecification\",\"valueRequired\":true,\"valueName\":\"search_term_string\"}}],\"inLanguage\":\"it-IT\"},{\"@type\":[\"Person\",\"Organization\"],\"@id\":\"https:\\\/\\\/www.ocean4future.org\\\/savetheocean\\\/#\\\/schema\\\/person\\\/4e1c26437054353074d7bb2efa77162c\",\"name\":\"oceandiver\",\"image\":{\"@type\":\"ImageObject\",\"inLanguage\":\"it-IT\",\"@id\":\"https:\\\/\\\/www.ocean4future.org\\\/savetheocean\\\/wp-content\\\/uploads\\\/2023\\\/04\\\/logo-ocean3.jpg\",\"url\":\"https:\\\/\\\/www.ocean4future.org\\\/savetheocean\\\/wp-content\\\/uploads\\\/2023\\\/04\\\/logo-ocean3.jpg\",\"contentUrl\":\"https:\\\/\\\/www.ocean4future.org\\\/savetheocean\\\/wp-content\\\/uploads\\\/2023\\\/04\\\/logo-ocean3.jpg\",\"width\":472,\"height\":301,\"caption\":\"oceandiver\"},\"logo\":{\"@id\":\"https:\\\/\\\/www.ocean4future.org\\\/savetheocean\\\/wp-content\\\/uploads\\\/2023\\\/04\\\/logo-ocean3.jpg\"}},{\"@type\":\"Person\",\"@id\":\"https:\\\/\\\/www.ocean4future.org\\\/savetheocean\\\/#\\\/schema\\\/person\\\/498d83b30d18a5f91bb1fba79b77ddf0\",\"name\":\"nicola di battista\",\"image\":{\"@type\":\"ImageObject\",\"inLanguage\":\"it-IT\",\"@id\":\"https:\\\/\\\/secure.gravatar.com\\\/avatar\\\/6958f05ad936fc972c4af61cc7c06640475cb03cbb505965bc5340191da855e9?s=96&d=mm&r=g\",\"url\":\"https:\\\/\\\/secure.gravatar.com\\\/avatar\\\/6958f05ad936fc972c4af61cc7c06640475cb03cbb505965bc5340191da855e9?s=96&d=mm&r=g\",\"contentUrl\":\"https:\\\/\\\/secure.gravatar.com\\\/avatar\\\/6958f05ad936fc972c4af61cc7c06640475cb03cbb505965bc5340191da855e9?s=96&d=mm&r=g\",\"caption\":\"nicola di battista\"},\"description\":\"psicologo \\\/ psicoterapeuta, assistente alla comunicazione per sordi e ciechi con l\u2019uso del Braille e della Lingua Italiana dei Segni \u2013 Dattilologia, nonch\u00e8 mediatore familiare \u00e8 specializzato con un Master in Psicologia Oncologica. Appassionato di mare \u00e8 Presidente dell\u2019Organizzazione di Volontariato Care The Oceans.\",\"sameAs\":[\"http:\\\/\\\/www.ocean4future.org\"],\"url\":\"https:\\\/\\\/www.ocean4future.org\\\/savetheocean\\\/archives\\\/author\\\/nicola-di-battista\"}]}<\/script>\n<!-- \/ Yoast SEO plugin. -->","yoast_head_json":{"title":"Perch\u00e9 non dovete abbandonare le mascherine di protezione nell'ambiente? &#8226; OCEAN4FUTURE autore","robots":{"index":"index","follow":"follow","max-snippet":"max-snippet:-1","max-image-preview":"max-image-preview:large","max-video-preview":"max-video-preview:-1"},"canonical":"https:\/\/www.ocean4future.org\/savetheocean\/archives\/63181","og_locale":"it_IT","og_type":"article","og_title":"Perch\u00e9 non dovete abbandonare le mascherine di protezione nell'ambiente? &#8226; OCEAN4FUTURE autore","og_description":"tempo di lettura:  4 minuti. . ARGOMENTO:&nbsp;EMERGENZE AMBIENTALI PERIODO: XXI SECOLO AREA: DIDATTICA parole chiave: mascherine di protezione individuale, Covid, inquinamento da plastiche &nbsp; Milioni, anzi, miliardi di mascherine affollano strade, campagne, litorali e fondali marini del nostro Pianeta. Spesso frutto dell\u2019ignoranza e della ignavia che sembrano voler prevalere su secoli di civilt\u00e0, quasi a voler dimostrare il fallimento [&hellip;]","og_url":"https:\/\/www.ocean4future.org\/savetheocean\/archives\/63181","og_site_name":"OCEAN4FUTURE","article_published_time":"2021-08-11T22:09:10+00:00","article_modified_time":"2023-06-06T20:05:08+00:00","og_image":[{"width":720,"height":720,"url":"https:\/\/www.ocean4future.org\/savetheocean\/wp-content\/uploads\/2021\/08\/dove-gettare-mascherine.jpg","type":"image\/jpeg"}],"author":"nicola di battista","twitter_card":"summary_large_image","twitter_creator":"@ocean4future","twitter_site":"@ocean4future","twitter_misc":{"Scritto da":"nicola di battista","Tempo di lettura stimato":"5 minuti"},"schema":{"@context":"https:\/\/schema.org","@graph":[{"@type":"Article","@id":"https:\/\/www.ocean4future.org\/savetheocean\/archives\/63181#article","isPartOf":{"@id":"https:\/\/www.ocean4future.org\/savetheocean\/archives\/63181"},"author":{"name":"nicola di battista","@id":"https:\/\/www.ocean4future.org\/savetheocean\/#\/schema\/person\/498d83b30d18a5f91bb1fba79b77ddf0"},"headline":"Perch\u00e9 non dovete abbandonare le mascherine di protezione nell&#8217;ambiente?","datePublished":"2021-08-11T22:09:10+00:00","dateModified":"2023-06-06T20:05:08+00:00","mainEntityOfPage":{"@id":"https:\/\/www.ocean4future.org\/savetheocean\/archives\/63181"},"wordCount":902,"commentCount":0,"publisher":{"@id":"https:\/\/www.ocean4future.org\/savetheocean\/#\/schema\/person\/4e1c26437054353074d7bb2efa77162c"},"image":{"@id":"https:\/\/www.ocean4future.org\/savetheocean\/archives\/63181#primaryimage"},"thumbnailUrl":"https:\/\/www.ocean4future.org\/savetheocean\/wp-content\/uploads\/2021\/08\/dove-gettare-mascherine.jpg","articleSection":["Didattica a distanza","Emergenze ambientali","Le plastiche"],"inLanguage":"it-IT","potentialAction":[{"@type":"CommentAction","name":"Comment","target":["https:\/\/www.ocean4future.org\/savetheocean\/archives\/63181#respond"]}]},{"@type":"WebPage","@id":"https:\/\/www.ocean4future.org\/savetheocean\/archives\/63181","url":"https:\/\/www.ocean4future.org\/savetheocean\/archives\/63181","name":"Perch\u00e9 non dovete abbandonare le mascherine di protezione nell'ambiente? &#8226; OCEAN4FUTURE autore","isPartOf":{"@id":"https:\/\/www.ocean4future.org\/savetheocean\/#website"},"primaryImageOfPage":{"@id":"https:\/\/www.ocean4future.org\/savetheocean\/archives\/63181#primaryimage"},"image":{"@id":"https:\/\/www.ocean4future.org\/savetheocean\/archives\/63181#primaryimage"},"thumbnailUrl":"https:\/\/www.ocean4future.org\/savetheocean\/wp-content\/uploads\/2021\/08\/dove-gettare-mascherine.jpg","datePublished":"2021-08-11T22:09:10+00:00","dateModified":"2023-06-06T20:05:08+00:00","breadcrumb":{"@id":"https:\/\/www.ocean4future.org\/savetheocean\/archives\/63181#breadcrumb"},"inLanguage":"it-IT","potentialAction":[{"@type":"ReadAction","target":["https:\/\/www.ocean4future.org\/savetheocean\/archives\/63181"]}]},{"@type":"ImageObject","inLanguage":"it-IT","@id":"https:\/\/www.ocean4future.org\/savetheocean\/archives\/63181#primaryimage","url":"https:\/\/www.ocean4future.org\/savetheocean\/wp-content\/uploads\/2021\/08\/dove-gettare-mascherine.jpg","contentUrl":"https:\/\/www.ocean4future.org\/savetheocean\/wp-content\/uploads\/2021\/08\/dove-gettare-mascherine.jpg","width":720,"height":720},{"@type":"BreadcrumbList","@id":"https:\/\/www.ocean4future.org\/savetheocean\/archives\/63181#breadcrumb","itemListElement":[{"@type":"ListItem","position":1,"name":"Home","item":"https:\/\/www.ocean4future.org\/savetheocean"},{"@type":"ListItem","position":2,"name":"Perch\u00e9 non dovete abbandonare le mascherine di protezione nell&#8217;ambiente?"}]},{"@type":"WebSite","@id":"https:\/\/www.ocean4future.org\/savetheocean\/#website","url":"https:\/\/www.ocean4future.org\/savetheocean\/","name":"Ocean 4 Future","description":"Per una nuova cultura del mare e della marittimit\u00e0","publisher":{"@id":"https:\/\/www.ocean4future.org\/savetheocean\/#\/schema\/person\/4e1c26437054353074d7bb2efa77162c"},"potentialAction":[{"@type":"SearchAction","target":{"@type":"EntryPoint","urlTemplate":"https:\/\/www.ocean4future.org\/savetheocean\/?s={search_term_string}"},"query-input":{"@type":"PropertyValueSpecification","valueRequired":true,"valueName":"search_term_string"}}],"inLanguage":"it-IT"},{"@type":["Person","Organization"],"@id":"https:\/\/www.ocean4future.org\/savetheocean\/#\/schema\/person\/4e1c26437054353074d7bb2efa77162c","name":"oceandiver","image":{"@type":"ImageObject","inLanguage":"it-IT","@id":"https:\/\/www.ocean4future.org\/savetheocean\/wp-content\/uploads\/2023\/04\/logo-ocean3.jpg","url":"https:\/\/www.ocean4future.org\/savetheocean\/wp-content\/uploads\/2023\/04\/logo-ocean3.jpg","contentUrl":"https:\/\/www.ocean4future.org\/savetheocean\/wp-content\/uploads\/2023\/04\/logo-ocean3.jpg","width":472,"height":301,"caption":"oceandiver"},"logo":{"@id":"https:\/\/www.ocean4future.org\/savetheocean\/wp-content\/uploads\/2023\/04\/logo-ocean3.jpg"}},{"@type":"Person","@id":"https:\/\/www.ocean4future.org\/savetheocean\/#\/schema\/person\/498d83b30d18a5f91bb1fba79b77ddf0","name":"nicola di battista","image":{"@type":"ImageObject","inLanguage":"it-IT","@id":"https:\/\/secure.gravatar.com\/avatar\/6958f05ad936fc972c4af61cc7c06640475cb03cbb505965bc5340191da855e9?s=96&d=mm&r=g","url":"https:\/\/secure.gravatar.com\/avatar\/6958f05ad936fc972c4af61cc7c06640475cb03cbb505965bc5340191da855e9?s=96&d=mm&r=g","contentUrl":"https:\/\/secure.gravatar.com\/avatar\/6958f05ad936fc972c4af61cc7c06640475cb03cbb505965bc5340191da855e9?s=96&d=mm&r=g","caption":"nicola di battista"},"description":"psicologo \/ psicoterapeuta, assistente alla comunicazione per sordi e ciechi con l\u2019uso del Braille e della Lingua Italiana dei Segni \u2013 Dattilologia, nonch\u00e8 mediatore familiare \u00e8 specializzato con un Master in Psicologia Oncologica. Appassionato di mare \u00e8 Presidente dell\u2019Organizzazione di Volontariato Care The Oceans.","sameAs":["http:\/\/www.ocean4future.org"],"url":"https:\/\/www.ocean4future.org\/savetheocean\/archives\/author\/nicola-di-battista"}]}},"_links":{"self":[{"href":"https:\/\/www.ocean4future.org\/savetheocean\/wp-json\/wp\/v2\/posts\/63181","targetHints":{"allow":["GET"]}}],"collection":[{"href":"https:\/\/www.ocean4future.org\/savetheocean\/wp-json\/wp\/v2\/posts"}],"about":[{"href":"https:\/\/www.ocean4future.org\/savetheocean\/wp-json\/wp\/v2\/types\/post"}],"author":[{"embeddable":true,"href":"https:\/\/www.ocean4future.org\/savetheocean\/wp-json\/wp\/v2\/users\/2358"}],"replies":[{"embeddable":true,"href":"https:\/\/www.ocean4future.org\/savetheocean\/wp-json\/wp\/v2\/comments?post=63181"}],"version-history":[{"count":0,"href":"https:\/\/www.ocean4future.org\/savetheocean\/wp-json\/wp\/v2\/posts\/63181\/revisions"}],"wp:featuredmedia":[{"embeddable":true,"href":"https:\/\/www.ocean4future.org\/savetheocean\/wp-json\/wp\/v2\/media\/63189"}],"wp:attachment":[{"href":"https:\/\/www.ocean4future.org\/savetheocean\/wp-json\/wp\/v2\/media?parent=63181"}],"wp:term":[{"taxonomy":"category","embeddable":true,"href":"https:\/\/www.ocean4future.org\/savetheocean\/wp-json\/wp\/v2\/categories?post=63181"},{"taxonomy":"post_tag","embeddable":true,"href":"https:\/\/www.ocean4future.org\/savetheocean\/wp-json\/wp\/v2\/tags?post=63181"}],"curies":[{"name":"wp","href":"https:\/\/api.w.org\/{rel}","templated":true}]}}