{"id":6290,"date":"2018-08-09T02:05:09","date_gmt":"2018-08-09T02:05:09","guid":{"rendered":"http:\/\/www.ocean4future.org\/savetheocean\/?p=6290"},"modified":"2026-04-11T19:46:06","modified_gmt":"2026-04-11T17:46:06","slug":"i-protagonisti-del-mare-il-comandante-bucher-una-vita-nel-blu","status":"publish","type":"post","link":"https:\/\/www.ocean4future.org\/savetheocean\/archives\/6290","title":{"rendered":"Raimondo Bucher, una vita nel blu"},"content":{"rendered":"<span class=\"span-reading-time rt-reading-time\" style=\"display: block;\"><span class=\"rt-label rt-prefix\">tempo di lettura: <\/span> <span class=\"rt-time\"> 6<\/span> <span class=\"rt-label rt-postfix\">minuti<\/span><\/span><p><span style=\"color: #ffffff;\">.<\/span><br \/>\n<a class=\"maxbutton-4 maxbutton maxbutton-livello-di-comprensione\" href=\"javascript:void(0);\"><span class='mb-text'>livello elementare<\/span><\/a><br \/>\n<span style=\"color: #ffffff;\">.<\/span><br \/>\n<strong><span style=\"color: #008000;\">ARGOMENTO: PROTAGONISTI DEL MARE<\/span><\/strong><br \/>\n<strong><span style=\"color: #008000;\">PERIODO: XX SECOLO<\/span><\/strong><br \/>\n<strong><span style=\"color: #008000;\">AREA: MAR MEDITERRANEO &#8211; ITALIA<\/span><\/strong><br \/>\nparole chiave:\u00a0Raimondo Bucher<\/p>\n<p>&nbsp;<\/p>\n<p style=\"text-align: justify;\"><strong><span style=\"font-size: 14pt; color: #008000;\"><span style=\"font-size: 18pt;\">Il Comandante Bucher, una vita nel blu<\/span><br \/>\n<\/span><\/strong>La difficolt\u00e0 maggiore per chi scrive su personaggi come Raimondo Bucher \u00e8 sempre quella di come iniziare \u2026 E\u2019 difficile raccontare quello che il comandante Bucher fece nella sua vita senza correre il rischio di dimenticare qualcosa; fu pilota di guerra, un grande apneista, pioniere della subacquea e della foto-cinematografia subacquea italiana e mondiale. Fabio Vitale ci racconta la sua vita, una vita nel blu.<\/p>\n<p><img decoding=\"async\" class=\"wp-image-6291\" src=\"https:\/\/www.ocean4future.org\/savetheocean\/wp-content\/uploads\/2016\/02\/1-300x194.jpeg\" alt=\"1\" width=\"1069\" height=\"692\" srcset=\"https:\/\/www.ocean4future.org\/savetheocean\/wp-content\/uploads\/2016\/02\/1-300x194.jpeg 300w, https:\/\/www.ocean4future.org\/savetheocean\/wp-content\/uploads\/2016\/02\/1.jpeg 362w\" sizes=\"(max-width: 1069px) 100vw, 1069px\" \/><\/p>\n<p align=\"justify\"><strong><span style=\"color: #008000;\">Bucher a bordo di un biplano della Regia Aeronautica negli anni \u201830<\/span><\/strong><\/p>\n<p style=\"text-align: justify;\"><span style=\"font-size: 12pt;\"><strong><span style=\"color: #008000;\"><br \/>\n<span style=\"font-size: 12pt;\">Bucher<\/span><\/span> <\/strong>nasce in Ungheria <\/span>da padre italiano il 15 marzo 1912, ma trascorre la sua giovinezza in Austria, dove ha modo di praticare molti sport eccellendo nelle attivit\u00e0 natatorie, sciatorie ed alpinistiche.\u00a0Nel 1932 entra nella <strong><span style=\"color: #008000;\">Regia Aeronautica italiana<\/span><\/strong>\u00a0iscrivendosi alla scuola di pilotaggio aereo di Ponte San Pietro a Bergamo dove risulta il primo del corso. Nel 1937 diventa istruttore di volo e di acrobazie e presta servizio prima alla Scuola di Pilotaggio di Foggia e poi di Capua. Nel 1937 i suoi allievi del corso di pilotaggio gli regalano una maschera ed un fucile subacquei fatti venire appositamente dalla Francia. Nel 1939 viene assegnato al reparto caccia di Napoli e durante la seconda guerra mondiale partecipa a numerose azioni belliche per la difesa della citt\u00e0 di Napoli e dello Stretto di Messina. Dopo l&#8217;8 settembre si unisce agli Alleati per la guerra di liberazione. Nel dopoguerra rimane in servizio nella Aeronautica Militare con il grado di Capitano.<\/p>\n<p style=\"text-align: justify;\">Dopo quel regalo dei suoi allievi, Raimondo Bucher si avvicina al mare. Inizia cos\u00ec a fare i primi tuffi nel mare di Napoli ed a scoprire l\u2019incredibile mondo subacqueo attraverso la pratica della pesca in apnea. Ma non si accontenta. Diventa un suo \u201cchiodo fisso\u201d modificare le attrezzature cercando di migliorarle. Una delle sue prime grandi intuizioni fu quella di sostituire l\u2019unica lunga molla del suo fucile subacqueo con tre molle di diverso diametro e sistemate una dentro l\u2019altra. Aveva preso spunto dal pezzo di una mitragliatrice di aereo che aveva visto smontare e con questo sistema applicato al fucile subacqueo riusc\u00ec ad avere una incredibile spinta sulla fiocina con un minore sforzo di ricarica. Con <strong><span style=\"color: #008000;\">Massimo D&#8217;Asta<\/span><\/strong> perfeziona la manovra della compensazione con lo stringinaso, che gli permette di scendere in apnea anche a -25 metri. Nel 1942 recupera da un aereo Stukas abbattuto la macchina fotografica di bordo <strong><span style=\"color: #008000;\">Robot<\/span><\/strong> che avendo la carica della pellicola automatica ben si presta ad un utilizzo marino. Ben presto quindi le costruisce uno scafandro ed inizia a fare le prime foto subacquee.<\/p>\n<p><img decoding=\"async\" class=\"wp-image-6294\" src=\"https:\/\/www.ocean4future.org\/savetheocean\/wp-content\/uploads\/2016\/02\/4-212x300.jpeg\" alt=\"4\" width=\"1063\" height=\"1505\" srcset=\"https:\/\/www.ocean4future.org\/savetheocean\/wp-content\/uploads\/2016\/02\/4-212x300.jpeg 212w, https:\/\/www.ocean4future.org\/savetheocean\/wp-content\/uploads\/2016\/02\/4.jpeg 359w\" sizes=\"(max-width: 1063px) 100vw, 1063px\" \/><\/p>\n<p align=\"justify\"><strong><span style=\"color: #008000;\">Anni \u201950, Bucher con una custodia fotografica subacquea auto costruita. Indossa un autorespiratore SALVAS MICRO con un bombolino da 2 litri<\/span><\/strong><\/p>\n<p style=\"text-align: justify;\">Prendendo spunto dalle guarnizioni dei carrelli dei velivoli statunitensi, nel 1945 \u00e8 il primo ad utilizzare le guarnizioni o-ring per le custodie subacque. In seguito commissiona alla <strong><span style=\"color: #008000;\">ditta Magnaghi<\/span><\/strong> di Napoli la costruzione dei primi o-ring italiani. Negli anni a seguire progetter\u00e0, costruir\u00e0 ed utilizzer\u00e0 con successo numerosi scafandri e flash subacquei per diverse macchine fotografiche e cineprese.\u00a0Nel 1949 a Capri scende in apnea a -29 metri in presenza di una commissione e nel 1950, accettando la sfida del <strong><span style=\"color: #008000;\">Circolo Subacquei Napoletani<\/span><\/strong>, in presenza dei commissari federali scende a -30 metri e prende dalle mani dell&#8217;incredulo palombaro la targhetta dei 30m: questo fu il primo record mondiale ufficiale d&#8217;immersione in apnea. Inoltre, grazie al <strong><span style=\"color: #008000;\">Commendatore Lisi<\/span> <\/strong>della FIPS di Napoli che realizza un cortometraggio subacqueo in bianco e nero, \u00e8 anche il primo record di apnea ad essere documentato cinematograficamente.<\/p>\n<p><a href=\"https:\/\/www.ocean4future.org\/savetheocean\/wp-content\/uploads\/2016\/02\/2.jpeg\"><img decoding=\"async\" class=\"wp-image-6292\" src=\"https:\/\/www.ocean4future.org\/savetheocean\/wp-content\/uploads\/2016\/02\/2.jpeg\" alt=\"2\" width=\"1061\" height=\"1633\" \/><\/a><\/p>\n<p align=\"justify\"><strong><span style=\"color: #008000;\">1 novembre 1952, Bucher fissa il record del mondo di immersione in apnea a -39 metri.\u00a0<\/span><\/strong><\/p>\n<p style=\"text-align: justify;\">Nel 1952 nelle belle acque di Napoli stabilisce un nuovo record\u00a0\u00a0mondiale scendendo in apnea fino a -39 metri. Per quei tempi fu un evento incredibile, la scienza ufficiale dava come limite massimo per un essere umano la profondit\u00e0 di trenta metri.<br \/>\nIl <strong><span style=\"color: #008000;\">comandante Raimondo Bucher<\/span><\/strong> aveva quindi polverizzato tutte le convinzioni mediche di quegli anni.\u00a0Divenne in brevissimo tempo uno dei personaggi pi\u00f9 noti\u00a0e controversi dell\u2019epoca. Noti i suoi scontri con Jacques Cousteau che mette in dubbio i suoi record. Alle critiche risponder\u00e0 con un immersione a 44 metri di profondit\u00e0. Intanto continua a fare fotografie subacquee con la sua Robot che aveva una caratteristica importante ovvero di \u00a0poter scattare ben 48 fotogrammi di seguito e si era prestata bene per essere scafandrata.\u00a0 Le sue immagini, diremmo oggi, divengono virali.<\/p>\n<p style=\"text-align: justify;\">In quel periodo conobbe molti grandi del cinema come <strong><span style=\"color: #008000;\">Roberto<\/span> <span style=\"color: #008000;\">Rossellini, Ingrid Bergman, Tot\u00f2<\/span><\/strong>. Amicizie del mondo dello spettacolo ma anche politiche con uomini di Stato famosi ed importanti come <strong><span style=\"color: #008000;\">Louis Francis Mountbatten, <\/span><\/strong>meglio noto come <strong><span style=\"color: #008000;\">Lord Mountbatten, <\/span><\/strong>ammiraglio e uomo di Stato britannico, zio materno del marito della regina Elisabetta II, Filippo di Edimburgo, e lontano cugino della regina stessa.<\/p>\n<p><img decoding=\"async\" class=\"\" src=\"https:\/\/www.ocean4future.org\/savetheocean\/wp-content\/uploads\/2016\/02\/3-295x300.jpeg\" alt=\"3\" width=\"1066\" height=\"1084\" \/><\/p>\n<p align=\"justify\"><strong><span style=\"color: #008000;\">Bucher porta in immersione Lord Mountbatten, siamo nel 1952.<\/span><\/strong><\/p>\n<p style=\"text-align: justify;\"><strong><span style=\"color: #008000;\">Raimondo Bucher<\/span><\/strong> lo porter\u00e0, nel 1952, con lui in immersione. Raimondo Bucher stupiva tutti perch\u00e9 riusciva in imprese eccezionali con la semplicit\u00e0 di un bambino.\u00a0Durante la sua vita di straordinario uomo sportivo e, soprattutto, di grande subacqueo, conosce nell&#8217;inverno del 1961 <span style=\"color: #008000;\"><strong>Luciana Civico<\/strong><\/span>, una bella ragazza della Roma bene, dal fisico esile e tutt&#8217;altro che sportiva.<\/p>\n<p style=\"text-align: justify;\"><span style=\"font-size: 18pt;\"><strong><span style=\"color: #008000;\">Raimondo Bucher e Luciana Civico<\/span><\/strong><\/span><br \/>\nBucher era gi\u00e0 sposato ma stava attraversando un momento personale molto delicato e si stava separando dalla prima moglie e dall&#8217;Aeronautica. La storia del loro incontro sembra una favola moderna. Forse\u00a0perch\u00e9 al comandante Bucher piacevano le scommesse impossibili in campo sportivo o forse perch\u00e9 l\u2019emozione dell\u2019innamoramento pu\u00f2 far fare cose strane, si narra che al loro primo incontro il campione subacqueo le lancia una sfida: \u201c<strong><em><span style=\"color: #008000;\">signorina vuole diventare campionessa del mondo di immersione subacquea ?<\/span><\/em><\/strong>\u201d.<\/p>\n<p><img decoding=\"async\" class=\"wp-image-6295\" src=\"https:\/\/www.ocean4future.org\/savetheocean\/wp-content\/uploads\/2016\/02\/5-212x300.jpeg\" alt=\"5\" width=\"1063\" height=\"1505\" srcset=\"https:\/\/www.ocean4future.org\/savetheocean\/wp-content\/uploads\/2016\/02\/5-212x300.jpeg 212w, https:\/\/www.ocean4future.org\/savetheocean\/wp-content\/uploads\/2016\/02\/5.jpeg 448w\" sizes=\"(max-width: 1063px) 100vw, 1063px\" \/><\/p>\n<p align=\"justify\"><strong><span style=\"color: #008000;\">Bucher con Luciana Civico durante il periodo di preparazione al record di Luciana<\/span><\/strong><\/p>\n<p style=\"text-align: justify;\">Da quel momento la loro vita diviene un tutt&#8217;uno. Luciana incomincia le prime immersioni e Raimondo Bucher, che non aveva mai perso una scommessa, vince anche quella.\u00a0<strong><span style=\"color: #008000;\">Luciana Civico<\/span><\/strong>, quella giovane donna di nemmeno 40 chili, conquista il primato femminile di immersione ad aria raggiungendo la strabiliante quota di \u201380 metri.\u00a0La prova venne effettuata nel Golfo di Napoli l\u201911 novembre 1962 e con condizioni di mare e di visibilit\u00e0 molto difficili, con l&#8217;appoggio di nave Proteo. A questo record ne seguir\u00e0 un altro, il 6 aprile del 1986, dove Luciana raggiunger\u00e0 i \u2013102 metri, record non certificato secondo tutti i canoni della CMAS ma la realt\u00e0 \u00e8 che i \u2013102 furono raggiunti.\u00a0Luciana Civico, dal 1962, non scese pi\u00f9\u00a0\u00a0dalla barca del Comandante Bucher, diventando sua moglie e condividendo con lui 47 anni di vita, tutte le sue avventure ed i suoi difficili percorsi di spirito libero del mondo subacqueo.<\/p>\n<p><a href=\"https:\/\/www.ocean4future.org\/savetheocean\/wp-content\/uploads\/2016\/02\/D129-51.jpg\"><img decoding=\"async\" class=\"wp-image-6297 alignleft\" src=\"https:\/\/www.ocean4future.org\/savetheocean\/wp-content\/uploads\/2016\/02\/D129-51.jpg\" alt=\"D129-51\" width=\"312\" height=\"312\" srcset=\"https:\/\/www.ocean4future.org\/savetheocean\/wp-content\/uploads\/2016\/02\/D129-51.jpg 145w, https:\/\/www.ocean4future.org\/savetheocean\/wp-content\/uploads\/2016\/02\/D129-51-50x50.jpg 50w\" sizes=\"(max-width: 312px) 100vw, 312px\" \/><\/a><strong><span style=\"color: #008000;\">Luciana Civico<\/span><\/strong><\/p>\n<p style=\"text-align: justify;\">Raimondo Bucher partecipa in seguito alla spedizione <strong><span style=\"color: #008000;\">Sesto Continente<\/span><\/strong> e dedica il resto della sua vita alle imprese subacquee: sia di esplorazione che di divulgazione o di ricerca e sviluppo tecnici come la grande intuizione di modificare l\u2019erogatore che utilizzava comunemente trasformandolo da erogatore a domanda a erogatore ad uno ad offerta. \u00c8 corallaro profondista con oltre 3000 immersioni fatte tra gli 80 e i 115 metri di profondit\u00e0.\u00a0Ha continuato a praticare immersioni ad aria con la moglie, Luciana Civico, fino a pochi anni prima della sua scomparsa avvenuta il 10 settembre del 2008, dimostrando cos\u00ec che non esiste un&#8217;et\u00e0 per smettere di andare sott&#8217;acqua.<\/p>\n<p>&nbsp;<\/p>\n<p style=\"text-align: justify;\">\n<p>&nbsp;<\/p>\n<p style=\"text-align: justify;\">Bucher ha contribuito in vari campi in modo determinante allo sviluppo della subacquea e delle sue attrezzature.<\/p>\n<ul>\n<li>1938 mette a punto la tecnica di compensazione\u00a0con lo stringinaso<\/li>\n<li>1942 inizia ad occuparsi di <a title=\"Fotografia subacquea\" href=\"https:\/\/it.wikipedia.org\/wiki\/Fotografia_subacquea\">fotocinematografia subacquea<\/a><\/li>\n<li>1945 il primo ad utilizzare le guarnizioni <a title=\"O-ring\" href=\"https:\/\/it.wikipedia.org\/wiki\/O-ring\">o-ring<\/a> per le custodie subacquee<\/li>\n<li>1952\u00a0\u00a0esplora il percorso ipogeo del fiume sotterraneo <a title=\"Bussento\" href=\"https:\/\/it.wikipedia.org\/wiki\/Bussento\">Bussento<\/a> (<a title=\"Morigerati\" href=\"https:\/\/it.wikipedia.org\/wiki\/Morigerati\">Morigerati<\/a>, SA)<\/li>\n<li>1952-1953\u00a0capo del gruppo sportivo delle due spedizioni nazionali &#8220;Sesto Continente&#8221; in mar Rosso<\/li>\n<li>1955\u00a0inventa e costruisce un aliante subacqueo per facilitare le esplorazioni<\/li>\n<li>1956 durante un volo scopre la citt\u00e0 sommersa di <a class=\"mw-redirect\" title=\"Baiae\" href=\"https:\/\/it.wikipedia.org\/wiki\/Baiae\">Baiae<\/a><\/li>\n<li>1957\u00a0\u00a0progetta moderne attrezzature d&#8217;immersione, come le famose &#8220;Pinne Bucher&#8221;, secondo i principi della bionica<\/li>\n<li>1958\u00a0trasforma gli erogatori\u00a0\u00a0monostadio <i>a domanda<\/i> in quelli <i>ad offerta<\/i> (detti successivamente <i>ad iniezione<\/i>)<\/li>\n<li>1956-1958\u00a0esplora molte grotte sommerse di Capri e della Sardegna<\/li>\n<li>1967 progetta gli erogatori bistadio<\/li>\n<li>collabora con <a title=\"Auguste Piccard\" href=\"https:\/\/it.wikipedia.org\/wiki\/Auguste_Piccard\">Auguste Piccard\u00a0\u00a0<\/a><\/li>\n<\/ul>\n<h2><span id=\"Primati_e_onorificenze\" class=\"mw-headline\" style=\"font-size: 12pt;\">\u00a0<strong><span style=\"color: #008000;\">Primati e onorificenze<\/span><\/strong><\/span><\/h2>\n<ul>\n<li>Medaglia d&#8217;oro al Valore Sportivo<\/li>\n<li>Medaglia d&#8217;argento al Valore Militare<\/li>\n<li>1950\u00a0\u00a0Primo Campione del mondo d&#8217;immersione in apnea<\/li>\n<li>1951\u00a0Campione italiano di pesca subacquea<\/li>\n<li>1952\u00a0Campione del mondo d&#8217;immersione in apnea<\/li>\n<li>1952\u00a0Campione italiano di pesca subacquea<\/li>\n<li>1960\u00a0Tridente d&#8217;oro ad Ustica<\/li>\n<\/ul>\n<p><span style=\"color: #0000ff;\"><strong><span style=\"color: #008000;\">Fabio Vitale <\/span><\/strong><\/span><\/p>\n<p>foto e testo di propriet\u00e0 dell&#8217;autore<\/p>\n<p>&nbsp;<\/p>\n<p style=\"text-align: justify;\">Alcune delle immagini fornite dall&#8217;autore possono essere state prese dal web, citandone ove possibile gli autori e\/o le fonti. Se qualcuno desiderasse specificarne l\u2019autore e le fonti o rimuoverle, pu\u00f2 scrivere a infoocean4future@gmail.com e provvederemo immediatamente alla correzione dell\u2019articolo<\/p>\n<p>&nbsp;<\/p>\n<p><a class=\"maxbutton-3 maxbutton maxbutton-pagina-principale\" target=\"_blank\" title=\"tooltip\" rel=\"nofollow noopener\" href=\"http:\/\/www.ocean4future.org\"><span class='mb-text'>PAGINA PRINCIPALE<\/span><\/a><br \/>\n<span style=\"color: #ffffff;\">.<\/span><\/p>\n","protected":false},"excerpt":{"rendered":"<p><span class=\"span-reading-time rt-reading-time\" style=\"display: block;\"><span class=\"rt-label rt-prefix\">tempo di lettura: <\/span> <span class=\"rt-time\"> 6<\/span> <span class=\"rt-label rt-postfix\">minuti<\/span><\/span>. . ARGOMENTO: PROTAGONISTI DEL MARE PERIODO: XX SECOLO AREA: MAR MEDITERRANEO &#8211; ITALIA parole chiave:\u00a0Raimondo Bucher &nbsp; Il Comandante Bucher, una vita nel blu La difficolt\u00e0 maggiore per chi scrive su personaggi come Raimondo Bucher \u00e8 sempre quella di come iniziare \u2026 E\u2019 difficile raccontare quello che il comandante Bucher fece nella sua vita [&hellip;]<\/p>\n","protected":false},"author":78,"featured_media":44209,"comment_status":"open","ping_status":"open","sticky":false,"template":"","format":"standard","meta":{"_acf_changed":false,"_monsterinsights_skip_tracking":false,"_monsterinsights_sitenote_active":false,"_monsterinsights_sitenote_note":"","_monsterinsights_sitenote_category":0,"footnotes":""},"categories":[2314],"tags":[736,1624,319],"class_list":["post-6290","post","type-post","status-publish","format-standard","has-post-thumbnail","hentry","category-personaggi","tag-civico","tag-raimondo-bucher","tag-record"],"acf":[],"yoast_head":"<!-- This site is optimized with the Yoast SEO plugin v27.4 - https:\/\/yoast.com\/product\/yoast-seo-wordpress\/ -->\n<title>Raimondo Bucher, una vita nel blu &#8226; OCEAN4FUTURE autore<\/title>\n<meta name=\"robots\" content=\"index, follow, max-snippet:-1, max-image-preview:large, max-video-preview:-1\" \/>\n<link rel=\"canonical\" href=\"https:\/\/www.ocean4future.org\/savetheocean\/archives\/6290\" \/>\n<meta property=\"og:locale\" content=\"it_IT\" \/>\n<meta property=\"og:type\" content=\"article\" \/>\n<meta property=\"og:title\" content=\"Raimondo Bucher, una vita nel blu &#8226; OCEAN4FUTURE autore\" \/>\n<meta property=\"og:description\" content=\"Il Comandante Bucher, una vita nel blu La difficolt\u00e0 maggiore quando si scrive su personaggi come Raimondo Bucher \u00e8 quella di iniziare \u2026 E\u2019 difficile dire quello che il comandante Bucher fece nella sua vita senza correre il rischio di dimenticare qualcosa; fu un grande sportivo, un uomo sicuramente fuori dal comune, un pilota di\u2026\" \/>\n<meta property=\"og:url\" content=\"https:\/\/www.ocean4future.org\/savetheocean\/archives\/6290\" \/>\n<meta property=\"og:site_name\" content=\"OCEAN4FUTURE\" \/>\n<meta property=\"article:author\" content=\"https:\/\/www.facebook.com\/fabio.vitale.393\" \/>\n<meta property=\"article:published_time\" content=\"2018-08-09T02:05:09+00:00\" \/>\n<meta property=\"article:modified_time\" content=\"2026-04-11T17:46:06+00:00\" \/>\n<meta property=\"og:image\" content=\"https:\/\/www.ocean4future.org\/savetheocean\/wp-content\/uploads\/2018\/08\/Bucher_Raimondo_2-1024x951-1.jpg\" \/>\n\t<meta property=\"og:image:width\" content=\"1024\" \/>\n\t<meta property=\"og:image:height\" content=\"951\" \/>\n\t<meta property=\"og:image:type\" content=\"image\/jpeg\" \/>\n<meta name=\"author\" content=\"Fabio Vitale\" \/>\n<meta name=\"twitter:card\" content=\"summary_large_image\" \/>\n<meta name=\"twitter:creator\" content=\"@ocean4future\" \/>\n<meta name=\"twitter:site\" content=\"@ocean4future\" \/>\n<meta name=\"twitter:label1\" content=\"Scritto da\" \/>\n\t<meta name=\"twitter:data1\" content=\"Fabio Vitale\" \/>\n\t<meta name=\"twitter:label2\" content=\"Tempo di lettura stimato\" \/>\n\t<meta name=\"twitter:data2\" content=\"10 minuti\" \/>\n<script type=\"application\/ld+json\" class=\"yoast-schema-graph\">{\"@context\":\"https:\\\/\\\/schema.org\",\"@graph\":[{\"@type\":\"Article\",\"@id\":\"https:\\\/\\\/www.ocean4future.org\\\/savetheocean\\\/archives\\\/6290#article\",\"isPartOf\":{\"@id\":\"https:\\\/\\\/www.ocean4future.org\\\/savetheocean\\\/archives\\\/6290\"},\"author\":{\"name\":\"Fabio Vitale\",\"@id\":\"https:\\\/\\\/www.ocean4future.org\\\/savetheocean\\\/#\\\/schema\\\/person\\\/8a08efde313037c9f9b2a88bed8b962d\"},\"headline\":\"Raimondo Bucher, una vita nel blu\",\"datePublished\":\"2018-08-09T02:05:09+00:00\",\"dateModified\":\"2026-04-11T17:46:06+00:00\",\"mainEntityOfPage\":{\"@id\":\"https:\\\/\\\/www.ocean4future.org\\\/savetheocean\\\/archives\\\/6290\"},\"wordCount\":1468,\"commentCount\":1,\"publisher\":{\"@id\":\"https:\\\/\\\/www.ocean4future.org\\\/savetheocean\\\/#\\\/schema\\\/person\\\/4e1c26437054353074d7bb2efa77162c\"},\"image\":{\"@id\":\"https:\\\/\\\/www.ocean4future.org\\\/savetheocean\\\/archives\\\/6290#primaryimage\"},\"thumbnailUrl\":\"https:\\\/\\\/www.ocean4future.org\\\/savetheocean\\\/wp-content\\\/uploads\\\/2018\\\/08\\\/Bucher_Raimondo_2-1024x951-1.jpg\",\"keywords\":[\"Civico\",\"Raimondo Bucher\",\"record\"],\"articleSection\":[\"Personaggi\"],\"inLanguage\":\"it-IT\",\"potentialAction\":[{\"@type\":\"CommentAction\",\"name\":\"Comment\",\"target\":[\"https:\\\/\\\/www.ocean4future.org\\\/savetheocean\\\/archives\\\/6290#respond\"]}]},{\"@type\":\"WebPage\",\"@id\":\"https:\\\/\\\/www.ocean4future.org\\\/savetheocean\\\/archives\\\/6290\",\"url\":\"https:\\\/\\\/www.ocean4future.org\\\/savetheocean\\\/archives\\\/6290\",\"name\":\"Raimondo Bucher, una vita nel blu &#8226; OCEAN4FUTURE autore\",\"isPartOf\":{\"@id\":\"https:\\\/\\\/www.ocean4future.org\\\/savetheocean\\\/#website\"},\"primaryImageOfPage\":{\"@id\":\"https:\\\/\\\/www.ocean4future.org\\\/savetheocean\\\/archives\\\/6290#primaryimage\"},\"image\":{\"@id\":\"https:\\\/\\\/www.ocean4future.org\\\/savetheocean\\\/archives\\\/6290#primaryimage\"},\"thumbnailUrl\":\"https:\\\/\\\/www.ocean4future.org\\\/savetheocean\\\/wp-content\\\/uploads\\\/2018\\\/08\\\/Bucher_Raimondo_2-1024x951-1.jpg\",\"datePublished\":\"2018-08-09T02:05:09+00:00\",\"dateModified\":\"2026-04-11T17:46:06+00:00\",\"breadcrumb\":{\"@id\":\"https:\\\/\\\/www.ocean4future.org\\\/savetheocean\\\/archives\\\/6290#breadcrumb\"},\"inLanguage\":\"it-IT\",\"potentialAction\":[{\"@type\":\"ReadAction\",\"target\":[\"https:\\\/\\\/www.ocean4future.org\\\/savetheocean\\\/archives\\\/6290\"]}]},{\"@type\":\"ImageObject\",\"inLanguage\":\"it-IT\",\"@id\":\"https:\\\/\\\/www.ocean4future.org\\\/savetheocean\\\/archives\\\/6290#primaryimage\",\"url\":\"https:\\\/\\\/www.ocean4future.org\\\/savetheocean\\\/wp-content\\\/uploads\\\/2018\\\/08\\\/Bucher_Raimondo_2-1024x951-1.jpg\",\"contentUrl\":\"https:\\\/\\\/www.ocean4future.org\\\/savetheocean\\\/wp-content\\\/uploads\\\/2018\\\/08\\\/Bucher_Raimondo_2-1024x951-1.jpg\",\"width\":1024,\"height\":951},{\"@type\":\"BreadcrumbList\",\"@id\":\"https:\\\/\\\/www.ocean4future.org\\\/savetheocean\\\/archives\\\/6290#breadcrumb\",\"itemListElement\":[{\"@type\":\"ListItem\",\"position\":1,\"name\":\"Home\",\"item\":\"https:\\\/\\\/www.ocean4future.org\\\/savetheocean\"},{\"@type\":\"ListItem\",\"position\":2,\"name\":\"Raimondo Bucher, una vita nel blu\"}]},{\"@type\":\"WebSite\",\"@id\":\"https:\\\/\\\/www.ocean4future.org\\\/savetheocean\\\/#website\",\"url\":\"https:\\\/\\\/www.ocean4future.org\\\/savetheocean\\\/\",\"name\":\"Ocean 4 Future\",\"description\":\"Per una nuova cultura del mare e della marittimit\u00e0\",\"publisher\":{\"@id\":\"https:\\\/\\\/www.ocean4future.org\\\/savetheocean\\\/#\\\/schema\\\/person\\\/4e1c26437054353074d7bb2efa77162c\"},\"potentialAction\":[{\"@type\":\"SearchAction\",\"target\":{\"@type\":\"EntryPoint\",\"urlTemplate\":\"https:\\\/\\\/www.ocean4future.org\\\/savetheocean\\\/?s={search_term_string}\"},\"query-input\":{\"@type\":\"PropertyValueSpecification\",\"valueRequired\":true,\"valueName\":\"search_term_string\"}}],\"inLanguage\":\"it-IT\"},{\"@type\":[\"Person\",\"Organization\"],\"@id\":\"https:\\\/\\\/www.ocean4future.org\\\/savetheocean\\\/#\\\/schema\\\/person\\\/4e1c26437054353074d7bb2efa77162c\",\"name\":\"oceandiver\",\"image\":{\"@type\":\"ImageObject\",\"inLanguage\":\"it-IT\",\"@id\":\"https:\\\/\\\/www.ocean4future.org\\\/savetheocean\\\/wp-content\\\/uploads\\\/2023\\\/04\\\/logo-ocean3.jpg\",\"url\":\"https:\\\/\\\/www.ocean4future.org\\\/savetheocean\\\/wp-content\\\/uploads\\\/2023\\\/04\\\/logo-ocean3.jpg\",\"contentUrl\":\"https:\\\/\\\/www.ocean4future.org\\\/savetheocean\\\/wp-content\\\/uploads\\\/2023\\\/04\\\/logo-ocean3.jpg\",\"width\":472,\"height\":301,\"caption\":\"oceandiver\"},\"logo\":{\"@id\":\"https:\\\/\\\/www.ocean4future.org\\\/savetheocean\\\/wp-content\\\/uploads\\\/2023\\\/04\\\/logo-ocean3.jpg\"}},{\"@type\":\"Person\",\"@id\":\"https:\\\/\\\/www.ocean4future.org\\\/savetheocean\\\/#\\\/schema\\\/person\\\/8a08efde313037c9f9b2a88bed8b962d\",\"name\":\"Fabio Vitale\",\"image\":{\"@type\":\"ImageObject\",\"inLanguage\":\"it-IT\",\"@id\":\"https:\\\/\\\/secure.gravatar.com\\\/avatar\\\/ea35a1a8cb56af7feb72ab8d2f6882af56a1eb7c63d7ab9227275f6d69654f71?s=96&d=mm&r=g\",\"url\":\"https:\\\/\\\/secure.gravatar.com\\\/avatar\\\/ea35a1a8cb56af7feb72ab8d2f6882af56a1eb7c63d7ab9227275f6d69654f71?s=96&d=mm&r=g\",\"contentUrl\":\"https:\\\/\\\/secure.gravatar.com\\\/avatar\\\/ea35a1a8cb56af7feb72ab8d2f6882af56a1eb7c63d7ab9227275f6d69654f71?s=96&d=mm&r=g\",\"caption\":\"Fabio Vitale\"},\"description\":\"storico della subacquea tra i pi\u00f9 importanti in Italia. Ha partecipato come esperto a numerose trasmissioni televisive tra cui lo speciale sui palombari di Alberto Angeli. E' Presidente della Historical diving society e autore di numerosi libri sulla subacquea e sui suoi protagonisti\",\"sameAs\":[\"https:\\\/\\\/www.facebook.com\\\/fabio.vitale.393\"],\"url\":\"https:\\\/\\\/www.ocean4future.org\\\/savetheocean\\\/archives\\\/author\\\/proteo1962\"}]}<\/script>\n<!-- \/ Yoast SEO plugin. -->","yoast_head_json":{"title":"Raimondo Bucher, una vita nel blu &#8226; OCEAN4FUTURE autore","robots":{"index":"index","follow":"follow","max-snippet":"max-snippet:-1","max-image-preview":"max-image-preview:large","max-video-preview":"max-video-preview:-1"},"canonical":"https:\/\/www.ocean4future.org\/savetheocean\/archives\/6290","og_locale":"it_IT","og_type":"article","og_title":"Raimondo Bucher, una vita nel blu &#8226; OCEAN4FUTURE autore","og_description":"Il Comandante Bucher, una vita nel blu La difficolt\u00e0 maggiore quando si scrive su personaggi come Raimondo Bucher \u00e8 quella di iniziare \u2026 E\u2019 difficile dire quello che il comandante Bucher fece nella sua vita senza correre il rischio di dimenticare qualcosa; fu un grande sportivo, un uomo sicuramente fuori dal comune, un pilota di\u2026","og_url":"https:\/\/www.ocean4future.org\/savetheocean\/archives\/6290","og_site_name":"OCEAN4FUTURE","article_author":"https:\/\/www.facebook.com\/fabio.vitale.393","article_published_time":"2018-08-09T02:05:09+00:00","article_modified_time":"2026-04-11T17:46:06+00:00","og_image":[{"width":1024,"height":951,"url":"https:\/\/www.ocean4future.org\/savetheocean\/wp-content\/uploads\/2018\/08\/Bucher_Raimondo_2-1024x951-1.jpg","type":"image\/jpeg"}],"author":"Fabio Vitale","twitter_card":"summary_large_image","twitter_creator":"@ocean4future","twitter_site":"@ocean4future","twitter_misc":{"Scritto da":"Fabio Vitale","Tempo di lettura stimato":"10 minuti"},"schema":{"@context":"https:\/\/schema.org","@graph":[{"@type":"Article","@id":"https:\/\/www.ocean4future.org\/savetheocean\/archives\/6290#article","isPartOf":{"@id":"https:\/\/www.ocean4future.org\/savetheocean\/archives\/6290"},"author":{"name":"Fabio Vitale","@id":"https:\/\/www.ocean4future.org\/savetheocean\/#\/schema\/person\/8a08efde313037c9f9b2a88bed8b962d"},"headline":"Raimondo Bucher, una vita nel blu","datePublished":"2018-08-09T02:05:09+00:00","dateModified":"2026-04-11T17:46:06+00:00","mainEntityOfPage":{"@id":"https:\/\/www.ocean4future.org\/savetheocean\/archives\/6290"},"wordCount":1468,"commentCount":1,"publisher":{"@id":"https:\/\/www.ocean4future.org\/savetheocean\/#\/schema\/person\/4e1c26437054353074d7bb2efa77162c"},"image":{"@id":"https:\/\/www.ocean4future.org\/savetheocean\/archives\/6290#primaryimage"},"thumbnailUrl":"https:\/\/www.ocean4future.org\/savetheocean\/wp-content\/uploads\/2018\/08\/Bucher_Raimondo_2-1024x951-1.jpg","keywords":["Civico","Raimondo Bucher","record"],"articleSection":["Personaggi"],"inLanguage":"it-IT","potentialAction":[{"@type":"CommentAction","name":"Comment","target":["https:\/\/www.ocean4future.org\/savetheocean\/archives\/6290#respond"]}]},{"@type":"WebPage","@id":"https:\/\/www.ocean4future.org\/savetheocean\/archives\/6290","url":"https:\/\/www.ocean4future.org\/savetheocean\/archives\/6290","name":"Raimondo Bucher, una vita nel blu &#8226; OCEAN4FUTURE autore","isPartOf":{"@id":"https:\/\/www.ocean4future.org\/savetheocean\/#website"},"primaryImageOfPage":{"@id":"https:\/\/www.ocean4future.org\/savetheocean\/archives\/6290#primaryimage"},"image":{"@id":"https:\/\/www.ocean4future.org\/savetheocean\/archives\/6290#primaryimage"},"thumbnailUrl":"https:\/\/www.ocean4future.org\/savetheocean\/wp-content\/uploads\/2018\/08\/Bucher_Raimondo_2-1024x951-1.jpg","datePublished":"2018-08-09T02:05:09+00:00","dateModified":"2026-04-11T17:46:06+00:00","breadcrumb":{"@id":"https:\/\/www.ocean4future.org\/savetheocean\/archives\/6290#breadcrumb"},"inLanguage":"it-IT","potentialAction":[{"@type":"ReadAction","target":["https:\/\/www.ocean4future.org\/savetheocean\/archives\/6290"]}]},{"@type":"ImageObject","inLanguage":"it-IT","@id":"https:\/\/www.ocean4future.org\/savetheocean\/archives\/6290#primaryimage","url":"https:\/\/www.ocean4future.org\/savetheocean\/wp-content\/uploads\/2018\/08\/Bucher_Raimondo_2-1024x951-1.jpg","contentUrl":"https:\/\/www.ocean4future.org\/savetheocean\/wp-content\/uploads\/2018\/08\/Bucher_Raimondo_2-1024x951-1.jpg","width":1024,"height":951},{"@type":"BreadcrumbList","@id":"https:\/\/www.ocean4future.org\/savetheocean\/archives\/6290#breadcrumb","itemListElement":[{"@type":"ListItem","position":1,"name":"Home","item":"https:\/\/www.ocean4future.org\/savetheocean"},{"@type":"ListItem","position":2,"name":"Raimondo Bucher, una vita nel blu"}]},{"@type":"WebSite","@id":"https:\/\/www.ocean4future.org\/savetheocean\/#website","url":"https:\/\/www.ocean4future.org\/savetheocean\/","name":"Ocean 4 Future","description":"Per una nuova cultura del mare e della marittimit\u00e0","publisher":{"@id":"https:\/\/www.ocean4future.org\/savetheocean\/#\/schema\/person\/4e1c26437054353074d7bb2efa77162c"},"potentialAction":[{"@type":"SearchAction","target":{"@type":"EntryPoint","urlTemplate":"https:\/\/www.ocean4future.org\/savetheocean\/?s={search_term_string}"},"query-input":{"@type":"PropertyValueSpecification","valueRequired":true,"valueName":"search_term_string"}}],"inLanguage":"it-IT"},{"@type":["Person","Organization"],"@id":"https:\/\/www.ocean4future.org\/savetheocean\/#\/schema\/person\/4e1c26437054353074d7bb2efa77162c","name":"oceandiver","image":{"@type":"ImageObject","inLanguage":"it-IT","@id":"https:\/\/www.ocean4future.org\/savetheocean\/wp-content\/uploads\/2023\/04\/logo-ocean3.jpg","url":"https:\/\/www.ocean4future.org\/savetheocean\/wp-content\/uploads\/2023\/04\/logo-ocean3.jpg","contentUrl":"https:\/\/www.ocean4future.org\/savetheocean\/wp-content\/uploads\/2023\/04\/logo-ocean3.jpg","width":472,"height":301,"caption":"oceandiver"},"logo":{"@id":"https:\/\/www.ocean4future.org\/savetheocean\/wp-content\/uploads\/2023\/04\/logo-ocean3.jpg"}},{"@type":"Person","@id":"https:\/\/www.ocean4future.org\/savetheocean\/#\/schema\/person\/8a08efde313037c9f9b2a88bed8b962d","name":"Fabio Vitale","image":{"@type":"ImageObject","inLanguage":"it-IT","@id":"https:\/\/secure.gravatar.com\/avatar\/ea35a1a8cb56af7feb72ab8d2f6882af56a1eb7c63d7ab9227275f6d69654f71?s=96&d=mm&r=g","url":"https:\/\/secure.gravatar.com\/avatar\/ea35a1a8cb56af7feb72ab8d2f6882af56a1eb7c63d7ab9227275f6d69654f71?s=96&d=mm&r=g","contentUrl":"https:\/\/secure.gravatar.com\/avatar\/ea35a1a8cb56af7feb72ab8d2f6882af56a1eb7c63d7ab9227275f6d69654f71?s=96&d=mm&r=g","caption":"Fabio Vitale"},"description":"storico della subacquea tra i pi\u00f9 importanti in Italia. Ha partecipato come esperto a numerose trasmissioni televisive tra cui lo speciale sui palombari di Alberto Angeli. E' Presidente della Historical diving society e autore di numerosi libri sulla subacquea e sui suoi protagonisti","sameAs":["https:\/\/www.facebook.com\/fabio.vitale.393"],"url":"https:\/\/www.ocean4future.org\/savetheocean\/archives\/author\/proteo1962"}]}},"_links":{"self":[{"href":"https:\/\/www.ocean4future.org\/savetheocean\/wp-json\/wp\/v2\/posts\/6290","targetHints":{"allow":["GET"]}}],"collection":[{"href":"https:\/\/www.ocean4future.org\/savetheocean\/wp-json\/wp\/v2\/posts"}],"about":[{"href":"https:\/\/www.ocean4future.org\/savetheocean\/wp-json\/wp\/v2\/types\/post"}],"author":[{"embeddable":true,"href":"https:\/\/www.ocean4future.org\/savetheocean\/wp-json\/wp\/v2\/users\/78"}],"replies":[{"embeddable":true,"href":"https:\/\/www.ocean4future.org\/savetheocean\/wp-json\/wp\/v2\/comments?post=6290"}],"version-history":[{"count":5,"href":"https:\/\/www.ocean4future.org\/savetheocean\/wp-json\/wp\/v2\/posts\/6290\/revisions"}],"predecessor-version":[{"id":127331,"href":"https:\/\/www.ocean4future.org\/savetheocean\/wp-json\/wp\/v2\/posts\/6290\/revisions\/127331"}],"wp:featuredmedia":[{"embeddable":true,"href":"https:\/\/www.ocean4future.org\/savetheocean\/wp-json\/wp\/v2\/media\/44209"}],"wp:attachment":[{"href":"https:\/\/www.ocean4future.org\/savetheocean\/wp-json\/wp\/v2\/media?parent=6290"}],"wp:term":[{"taxonomy":"category","embeddable":true,"href":"https:\/\/www.ocean4future.org\/savetheocean\/wp-json\/wp\/v2\/categories?post=6290"},{"taxonomy":"post_tag","embeddable":true,"href":"https:\/\/www.ocean4future.org\/savetheocean\/wp-json\/wp\/v2\/tags?post=6290"}],"curies":[{"name":"wp","href":"https:\/\/api.w.org\/{rel}","templated":true}]}}