{"id":62686,"date":"2021-07-26T00:01:57","date_gmt":"2021-07-25T22:01:57","guid":{"rendered":"http:\/\/www.ocean4future.org\/savetheocean\/?p=62686"},"modified":"2025-07-26T15:20:04","modified_gmt":"2025-07-26T13:20:04","slug":"26-luglio-1941-ottantanni-fa-lattacco-a-malta-il-sacrificio-di-teseo-tesei-di-tiziano-ciocchetti","status":"publish","type":"post","link":"https:\/\/www.ocean4future.org\/savetheocean\/archives\/62686","title":{"rendered":"26 luglio 1941, ottant&#8217;anni fa l&#8217;attacco a Malta: il sacrificio di Teseo Tesei"},"content":{"rendered":"<span class=\"span-reading-time rt-reading-time\" style=\"display: block;\"><span class=\"rt-label rt-prefix\">tempo di lettura: <\/span> <span class=\"rt-time\"> 8<\/span> <span class=\"rt-label rt-postfix\">minuti<\/span><\/span><p><span style=\"color: #ffffff;\">.<\/span><\/p>\r\n<a class=\"maxbutton-4 maxbutton maxbutton-livello-di-comprensione\" href=\"javascript:void(0);\"><span class='mb-text'>livello elementare<\/span><\/a>\r\n<p><span style=\"color: #ffffff;\">.<\/span><\/p>\r\n<p><strong><span style=\"color: #008000;\">ARGOMENTO: STORIA NAVALE<\/span><\/strong><br \/><strong><span style=\"color: #008000;\">PERIODO: XX SECOLO<br \/>AREA: MAR MEDITERRANEO<\/span><\/strong><br \/>parole: Malta, X MAS, Teseo Tesei\u00a0<\/p>\r\n<p>&nbsp;<\/p>\r\n<p style=\"text-align: justify;\">E&#8217; con piacere che pubblichiamo un articolo di Tiziano Ciocchetti, apparso originariamente su <strong><span style=\"color: #008000;\">DIFESAONLINE<\/span><\/strong>, sull&#8217;attacco a Malta che avvenne 80 anni fa da parte dei <strong><span style=\"color: #008000;\">reparti navali e subacquei della X Flottiglia MAS<\/span><\/strong>. Sebbene l&#8217;articolo si centri sulla figura di Teseo Tesei, colgo l&#8217;occasione per ricordare, che dei diretti partecipanti all&#8217;incursione solo 11 naufraghi del MAS 452, riuscirono a raggiungere l&#8217;<strong><span style=\"color: #008000;\">Avviso Diana<\/span><\/strong> al largo di Capo Passero, e da l\u00ec Augusta. Un&#8217;azione eroica per la quale furono conferite il maggior numero di <strong><span style=\"color: #008000;\">Medaglie d&#8217;oro al Valor militare<\/span><\/strong> (1 a vivente e 8 alla memoria) in un&#8217;unica missione.<\/p>\r\n<p><img decoding=\"async\" src=\"https:\/\/www.ocean4future.org\/savetheocean\/wp-content\/uploads\/2021\/07\/Operazione-Malta-2.png\" alt=\"Questa immagine ha l'attributo alt vuoto; il nome del file \u00e8 Operazione-Malta-2.png\" width=\"667\" height=\"633\" \/><\/p>\r\n<p style=\"text-align: justify;\">Il vicegovernatore di Malta, <strong><span style=\"color: #008000;\">sir Edward Jackson<\/span><\/strong>, ricordando l&#8217;episodio scrisse: &#8220;<i><strong><span style=\"color: #008000;\">Nel luglio scorso gli italiani hanno condotto un attacco con grande decisione per penetrare nel porto, impiegando MAS e &#8220;siluri umani&#8221; armati da &#8220;squadre suicide&#8221; (\u2026). Questa impresa ha richiesto le pi\u00f9 alte doti di coraggio personale<\/span><\/strong>&#8220;.<br \/><\/i><\/p>\r\n<p><img decoding=\"async\" src=\"https:\/\/www.ocean4future.org\/savetheocean\/wp-content\/uploads\/2021\/07\/CLAUDUS-SAN-ELMO.jpg\" alt=\"Questa immagine ha l'attributo alt vuoto; il nome del file \u00e8 CLAUDUS-SAN-ELMO.jpg\" width=\"994\" height=\"541\" \/><\/p>\r\n<p align=\"justify\"><strong><span style=\"color: #008000;\">l&#8217;esplosione del ponte di San Elmo alla Valletta &#8211; quadro di Claudus\u00a0<\/span><\/strong><\/p>\r\n<p style=\"text-align: justify;\"><strong><span style=\"color: #008000; font-size: 14pt;\"><span style=\"font-size: 18pt;\">26 luglio 1941, Attacco a Malta: il sacrificio di Teseo Tesei<\/span><br \/><\/span><\/strong>L\u2019isola di Malta, nella narrazione post bellica della Seconda Guerra Mondiale, rappresenta una sorta di roccaforte inespugnabile, capace di frustrare i tentativi di rifornimento navale dell\u2019Afrika Korps, impegnato in una lotta mortale contro le forze del Commonwealth in Nord Africa. <strong><span style=\"color: #008000;\">Eppure, almeno fino alla primavera del 1941, Malta non rappresenta alcuna minaccia alle vie di comunicazione tra l\u2019Italia e la Libia.<\/span> <\/strong>La situazione cambia radicalmente in seguito allo spostamento di forze aeree italo-tedesche sul fronte greco, che si sarebbe allargato, poi, a tutta la penisola balcanica. Inoltre, il X Corpo Aereo della Luftwaffe, si stava mobilitando per l\u2019imminente invasione dell\u2019Unione Sovietica (22 giugno 1941), quindi aveva dovuto diminuire sensibilmente la sua presenza nel Mediterraneo meridionale.<\/p>\r\n<p style=\"text-align: justify;\">Visto l\u2019alleggerimento della minaccia delle forze aeree dell\u2019Asse, il comandante della Mediterranean Fleet, l\u2019<strong><span style=\"color: #008000;\">ammiraglio Cunningham<\/span><\/strong>, decise di dislocare a Malta quattro cacciatorpediniere. Dopo i primi successi contro il naviglio italiano, Cunningham si convinse di mandare nell\u2019isola una divisione leggera composta da incrociatori e caccia (avvalendosi di radar), per attaccare i convogli carichi di rifornimenti destinati alle truppe italo-tedesche in Libia. Successivamente venne stanziata a Malta un\u2019intera divisione di incrociatori leggeri e una flottiglia di cacciatorpediniere: una seria minaccia per il naviglio impiegato per il rifornimento delle forze dell\u2019Asse in Nord Africa. Tale minaccia preoccupava non poco <span style=\"color: #008000;\"><strong>SUPERMARINA<\/strong><\/span>, e il cambiamento strategico nel Mediterraneo meridionale emerse in tutta la sua drammaticit\u00e0 nella notte tra <strong><span style=\"color: #008000;\">il 15 e il 16 aprile 1941<\/span><\/strong>, quando quattro cacciatorpediniere della Royal Navy attaccarono il <strong><span style=\"color: #008000;\">convoglio <em>Tarigo\u00a0<\/em><\/span><\/strong>distruggendolo completamente.<\/p>\r\n<p style=\"text-align: justify;\">Dopo questo tragico evento, gli analisti di <span style=\"color: #008000;\"><strong>SUPERMARINA<\/strong><\/span>, si convinsero che <strong><span style=\"color: #008000;\">Malta<\/span> <\/strong>sarebbe diventata la base di partenza di unit\u00e0 di superficie veloci che avrebbero attaccato in modo sistematico i convogli diretti in Africa settentrionale. Sintomatico il promemoria <strong><span style=\"color: #008000;\">n.65 S\/RRP<\/span><\/strong> emesso da <span style=\"color: #008000;\"><strong>SUPERMARINA<\/strong><\/span>: &#8220;<strong><span style=\"color: #008000;\">&#8230; <\/span><\/strong><em><strong><span style=\"color: #008000;\">si impone l\u2019aumento di agguati di nostri sommergibili nelle acque che circondano l\u2019isola e anche, campi minati permettendolo, all\u2019interno di quelle pi\u00f9 prossime ai suoi accessi portuali, le stesse dove dovrebbero operare con maggiore e pi\u00f9 costante frequenza nostri mezzi insidiosi&#8221;<\/span><\/strong>. <\/em>Dopo qualche giorno la diffusione del promemoria, l\u2019<strong><span style=\"color: #008000;\">ammiraglio Raffaele De Courten, responsabile dei mezzi d\u2019assalto<\/span><\/strong>, contatta il <strong><span style=\"color: #008000;\">comandante della X Flottiglia MAS, Vittorio Moccagatta<\/span><\/strong>, per ordinargli la pianificazione di una incursione dei mezzi d\u2019assalto contro Malta. L\u2019isola costituiva un obiettivo di estrema difficolt\u00e0, soprattutto per il superamento delle ostruzioni e per i sistemi difensivi presenti sulla costa.<\/p>\r\n<p><img decoding=\"async\" src=\"https:\/\/www.ocean4future.org\/savetheocean\/wp-content\/uploads\/2021\/07\/Tesei-e-moccagatta.png\" alt=\"Questa immagine ha l'attributo alt vuoto; il nome del file \u00e8 Tesei-e-moccagatta.png\" \/><\/p>\r\n<p style=\"text-align: justify;\"><strong><span style=\"color: #008000;\">Il comandante della X Flottiglia MAS, Vittorio Moccagatta<\/span><\/strong>, in data 26 aprile 1941, invi\u00f2 a De Courten una comunicazione riservata in cui illustrava le possibilit\u00e0 operative per condurre l\u2019attacco a Malta. Nella relazione, Moccagatta, individu\u00f2 negli MT (Motoscafo Turismo) gli unici mezzi in grado di eludere il sistema difensivo dispiegato a La Valletta, precisando, tuttavia, l\u2019impossibilit\u00e0 di un\u2019azione di sorpresa, viste le dimensioni dell\u2019ingresso del porto. Caldeggi\u00f2 quindi l\u2019ipotesi di un\u2019azione di forza con l\u2019impiego di almeno otto MT, di cui tre o quattro <em>sacrificati<\/em>\u00a0per la distruzione delle ostruzioni.<\/p>\r\n<p><img decoding=\"async\" src=\"https:\/\/www.ocean4future.org\/savetheocean\/wp-content\/uploads\/2021\/07\/Italian_E-boat_26_July_1941.png\" alt=\"Questa immagine ha l'attributo alt vuoto; il nome del file \u00e8 Italian_E-boat_26_July_1941.png\" width=\"657\" height=\"404\" \/><\/p>\r\n<p align=\"justify\"><strong><span style=\"color: #008000;\">MT italiani &#8211; Ufficio storico della Marina Militare<\/span><\/strong><\/p>\r\n<p style=\"text-align: justify;\">Nonostante le perplessit\u00e0 sulla missione, espresse dagli ambienti di <span style=\"color: #008000;\"><strong>SUPERMARINA<\/strong><\/span>, la X Flottiglia MAS venne autorizzata a procedere nella pianificazione. Per verificare in maniera appropriata il sistema di sbarramenti che difendevano l\u2019obiettivo, Moccagatta invi\u00f2, il 25 e il 28 maggio, due MAS in ricognizione esplorative delle coste maltesi, senza comunque acquisire elementi in grado di agevolare la missione. Viste le scarse informazioni acquisite, <span style=\"color: #008000;\"><strong>SUPERMARINA<\/strong><\/span> decise di posticipare l\u2019attacco.<\/p>\r\n<p><img decoding=\"async\" src=\"https:\/\/www.ocean4future.org\/savetheocean\/wp-content\/uploads\/2021\/07\/attaccco-a-malta-MT-36-lug-1941-682x1024.png\" alt=\"Questa immagine ha l'attributo alt vuoto; il nome del file \u00e8 attaccco-a-malta-MT-36-lug-1941-682x1024.png\" width=\"682\" height=\"1024\" \/><\/p>\r\n<p align=\"justify\"><strong><span style=\"color: #008000;\">l&#8217;attacco degli M.T. contro la Valletta: la direttrice in nero indica il piano studiato; quelle colorate indicano le evoluzioni dei barchini davanti al viadotto di Sant&#8217;Elmo ed i punti di affondamento &#8211; fonte USMM Vol. XIV I mezzi di assalto ediz. 1972<\/span><\/strong><\/p>\r\n<p style=\"text-align: justify;\">Il 26 giugno i <strong><span style=\"color: #008000;\">MAS 451 e 452<\/span><\/strong> effettuarono una nuova ricognizione, arrivando fino a circa un miglio e mezzo dalla costa maltese. Dalle informazioni ottenute si decise di procedere nell\u2019attuazione dell\u2019operazione. Il 30 giugno dalla base di Augusta salp\u00f2 una formazione navale ma una serie di avarie ai mezzi costrisge <span style=\"color: #008000;\"><strong>SUPERMARINA<\/strong><\/span> all\u2019annullamento della missione.<\/p>\r\n<p><img decoding=\"async\" class=\"\" src=\"https:\/\/www.ocean4future.org\/savetheocean\/wp-content\/uploads\/2019\/02\/teseo-tesei-e1549389057666.jpg\" alt=\"Questa immagine ha l'attributo alt vuoto; il nome del file \u00e8 teseo-tesei-e1549389057666.jpg\" width=\"623\" height=\"783\" \/><\/p>\r\n<p align=\"justify\"><strong><span style=\"color: #008000;\">maggiore del Genio Navale Teseo Tesei, il padre degli S.L.C. &#8211; Ufficio storico della Marina Militare<\/span><\/strong><\/p>\r\n<p style=\"text-align: justify;\">A luglio, ricominciarono i preparativi con un nuovo piano d\u2019attacco. A questo punto entr\u00f2 in scena il <strong><span style=\"color: #008000;\">maggiore del Genio Navale Teseo Tesei<\/span><\/strong>, il padre degli <strong><span style=\"color: #008000;\">S.L.C. (Siluri a Lenta o Lunga Corsa) <\/span><\/strong><span style=\"color: #000000;\">che <\/span>convinse Moccagatta ad inserire nell\u2019operazione, a fianco degli MT, anche gli SLC., ipotizzando un\u2019operazione combinata ancora pi\u00f9 complessa e rischiosa.<\/p>\r\n<p style=\"text-align: justify;\"><strong><span style=\"color: #008000;\">Perch\u00e9 Moccagatta accett\u00f2 di modificare il piano (in quello originale gli S.L.C. erano stati scartati per l\u2019impossibilit\u00e0 di inserimento con i sommergibili a causa della scarsa conoscenza dell\u2019ubicazione delle mine nemiche) e le richieste di Tesei?<\/span><\/strong>\u00a0<br \/>Credo che a tal proposito siano illuminanti le parole dell\u2019<strong><span style=\"color: #008000;\">ammiraglio Virgilio Spigai<\/span><\/strong>: &#8220;<em><strong><span style=\"color: #008000;\">T<\/span><span style=\"color: #008000;\">eseo Tesei riusc\u00ec a far accogliere anche la propria idea di partecipare alla spedizione con semoventi subacquei che erano stati esclusi dai progetti primitivi, contemplanti solo l\u2019impiego dei barchini esplosivi: Spaventosamente provato nel fisico dalle prove superate nel dramma dell\u2019Iride e nella seconda spedizione dello Scir\u00e8 contro Gibilterra, dichiarato idoneo per sei mesi al servizio di sommozzatore per grave vizio cardiaco, egli voleva bruciarlo, quel resto di cuore che gli restava, in una memorabile impresa da eroe\u2026 Non era pi\u00f9 padrone che del resto dei resti della sua originale possente salute. I superiori non osarono impedirgli di spenderlo in modo degno. Cos\u00ec fu deciso che anche due semoventi partecipassero alla spedizione, che risult\u00f2 terribilmente complessa<\/span><\/strong>.<\/em><\/p>\r\n<p style=\"text-align: justify;\">La spiegazione di Spigai getta una luce su un\u2019incursione che rappresenta, senza ombra di dubbi, un chiaro fallimento tattico. Il 23 luglio, la ricognizione aerea della Regia Aeronautica segnalava una forte presenza di naviglio nemico a Malta ed era l\u2019occasione attesa per lanciare l\u2019attacco.<\/p>\r\n<p style=\"text-align: justify;\">Il giorno X fu fissato per il<strong><span style=\"color: #008000;\"> 26 luglio 1941<\/span><\/strong>. La sera del 25 luglio la formazione navale lasci\u00f2 Augusta diretta verso Malta. Ovviamente, n\u00e9 a <span style=\"color: #008000;\"><strong>SUPERMARINA<\/strong><\/span> n\u00e9 al <strong><span style=\"color: #008000;\">comando della X Flottiglia<\/span><\/strong> erano a conoscenza della presenza dei radar, i quali annullarono l\u2019effetto sorpresa dell\u2019attacco e misero gli Inglesi nella condizione di tendere una sorta di agguato ai mezzi italiani.<\/p>\r\n<p><img decoding=\"async\" class=\"\" src=\"https:\/\/www.ocean4future.org\/savetheocean\/wp-content\/uploads\/2019\/02\/Alcide_Pedretti.jpg\" alt=\"Questa immagine ha l'attributo alt vuoto; il nome del file \u00e8 Alcide_Pedretti.jpg\" width=\"682\" height=\"947\" \/><\/p>\r\n<p align=\"justify\"><strong><span style=\"color: #008000;\">Alcide Pedretti &#8211; Ufficio storico della Marina Militare<\/span><\/strong><\/p>\r\n<p style=\"text-align: justify;\">Tralasciando le vicende degli altri componenti della missione, ci soffermeremo sul <strong><span style=\"color: #008000;\">crollo del ponte di Sant\u2019Elmo<\/span><\/strong> che \u00e8 direttamente collegato alla scomparsa di <strong><span style=\"color: #008000;\">Teseo Tesei<\/span><\/strong> e del suo secondo, <strong><span style=\"color: #008000;\">Alcide Pedretti<\/span><\/strong>.\u00a0Dal rapporto del <strong><span style=\"color: #008000;\">tenente di vascello Costa<\/span><\/strong>, pilota di uno degli SLC: &#8220;<strong><span style=\"color: #008000;\"><em>alle 4,30 esatte la rete doveva saltare perch\u00e9 ci\u00f2 era previsto nelle operazioni di insieme, combinate anche con un contemporaneo attacco aereo che avrebbe dovuto mascherare l\u2019esplosione della rete.<\/em><\/span><\/strong><\/p>\r\n<p style=\"text-align: justify;\"><em><strong><span style=\"color: #008000;\">Tesei, in quella circostanza, mi ha detto le seguenti parole che valgono a testimoniare, mediante la mia deposizione, la fede e il coraggio di tale ufficiale, portati fino al sacrificio [presumo che non far\u00f2 in tempo altro che a portare a rete il mio SLC. Alle 4,30 la rete dovr\u00e0 saltare e salter\u00e0. Se sar\u00e0 tardi spoletter\u00f2 al minimo]. Egli partiva alle 3,45 circa. Non ha potuto avere il tempo di arrivare a rete per eseguire le operazioni di spolettamento con un conveniente anticipo per allontanarsi dalla zona di esplosione. Alle 4,45 ho udito lo scoppio. Il maggiore Tesei ha volutamente, per la riuscita dell\u2019azione, sacrificato la sua vita, con quella del suo secondo uomo che con lui ha voluto eseguire la missione fino alla fine, spolettando al minimo e saltando con il suo ordigno<\/span><\/strong>&#8220;.<\/em><\/p>\r\n<figure style=\"width: 596px\" class=\"wp-caption alignnone\"><img decoding=\"async\" src=\"https:\/\/www.ocean4future.org\/savetheocean\/wp-content\/uploads\/2021\/07\/malta-san-elmo.png\" alt=\"Questa immagine ha l'attributo alt vuoto; il nome del file \u00e8 malta-san-elmo.png\" width=\"596\" height=\"851\" \/><figcaption class=\"wp-caption-text\"><strong><span style=\"color: #008000;\">Il Ponte di San Elmo dopo il crollo dovuto all&#8217;esplosione &#8211; Ufficio storico della Marina Militare<\/span><\/strong><\/figcaption><\/figure>\r\n<p style=\"text-align: justify;\">Sulla fine di <strong><span style=\"color: #008000;\">Teseo Tesei<\/span><\/strong>, e del suo secondo, <strong><span style=\"color: #008000;\">Alcide Pedretti<\/span><\/strong>, permangono seri dubbi, visto che la spolettatura dei <em>maiali\u00a0<\/em>era generalmente regolata a 30 minuti, in modo da permettere agli assaltatori di allontanarsi dal luogo dell\u2019esplosione. \u00c8 da escludere, quindi, una volontaria deflagrazione della carica esplosiva.<\/p>\r\n<p><img decoding=\"async\" src=\"https:\/\/www.ocean4future.org\/savetheocean\/wp-content\/uploads\/2021\/07\/mas-452.png\" alt=\"Questa immagine ha l'attributo alt vuoto; il nome del file \u00e8 mas-452.png\" width=\"748\" height=\"519\" \/><\/p>\r\n<p align=\"justify\"><strong><span style=\"color: #008000;\">Dei due MAS partecipanti all&#8217;attacco, il 451 affond\u00f2 mentre il 452 fu catturato dagli inglesi mentre ripiegavano verso la Sicilia subito dopo la conclusione dell\u2019attacco\u00a0 a Malta. Il capitano di fregata Moccagatta venne ucciso insieme a molti membri dell&#8217;equipaggio del MAS 452 dalle raffiche di mitragliatrice di un caccia Hurricane. Nel 1960, Nave Proteo riport\u00f2 in patria i resti di Vittorio Moccagatta, Giorgio Giobbe , Giobatta Parodi, Bruno Falcomat\u00e0, Leonildo Zocchi, Luigi Costantini, Vincenzo Montanari, Federico Fucetola che furono sepolti nel sacrario militare di San Michele nei pressi di Cagliari &#8211; Ufficio storico della Marina Militare<\/span><\/strong><\/p>\r\n<p style=\"text-align: justify;\">Negli anni \u201850 dello scorso secolo &#8211; ad opera dell\u2019esperto navale <strong><span style=\"color: #008000;\">Joseph Caruana<\/span><\/strong> &#8211; venne ripescato il relitto di un S.L.C., ancora munito della testa esplosiva, portato poi sfortunatamente ad affondare in alti fondali, insieme ad altri residuati bellici rinvenuti in vicinanza della costa.<\/p>\r\n<p style=\"text-align: justify;\">Le conclusioni pi\u00f9 veritiere sembrano essere ancora una volta quelle di <strong><span style=\"color: #008000;\">Spigai<\/span><\/strong>: &#8220;<em><strong><span style=\"color: #008000;\">risulta\u2026accertato in sede tecnica che la regolazione minima delle spolette degli apparecchi era di 30 minuti. Anche regolando al minimo, l\u2019operazione avrebbe dovuto avere tempo sufficiente per sottrarsi all\u2019effetto dell\u2019esplosione. E allora? Poich\u00e9 l\u2019apparecchio risulta certamente distrutto si deve pensare che il pilota sia stato colto da malore sulle ostruzioni oppure ucciso per lo scoppio di cariche diverse da quella del suo apparecchio?<\/span><span style=\"color: #008000;\"> &#8220;. <\/span><\/strong>Mistero.<\/em><\/p>\r\n<p style=\"text-align: justify;\">In conclusione, io ritengo inutile indagare troppo su come si svolsero i fatti; <strong><span style=\"color: #008000;\">Teseo Tesei<\/span><\/strong> \u00e8 un eroe chiamato dal destino della sua vocazione alla gloria umana e alla pace del Cielo.<\/p>\r\n<p style=\"text-align: justify;\"><strong><span style=\"color: #008000;\">Tiziano Ciocchetti<\/span><\/strong><\/p>\r\n<p>&nbsp;<\/p>\r\n<p><strong><span style=\"color: #008000;\">articolo pubblicato in origine su <a style=\"color: #008000;\" href=\"https:\/\/www.difesaonline.it\/news-forze-armate\/storia\/26-luglio-1941-attacco-malta-il-sacrificio-di-teseo-tesei\">www.difesaonline.it<\/a><\/span><\/strong><\/p>\r\n<p>&nbsp;<\/p>\r\n<p>&nbsp;<\/p>\r\n<p style=\"text-align: justify;\">Alcune delle foto presenti in questo blog possono essere state prese dal web, citandone ove possibile gli autori e\/o le fonti. Se qualcuno desiderasse specificarne l\u2019autore o rimuoverle, pu\u00f2 scrivere a infoocean4future@gmail.com e provvederemo immediatamente alla correzione dell\u2019articolo<br \/><span style=\"color: #ffffff;\">,<\/span><\/p>\r\n<a class=\"maxbutton-3 maxbutton maxbutton-pagina-principale\" target=\"_blank\" title=\"tooltip\" rel=\"nofollow noopener\" href=\"http:\/\/www.ocean4future.org\"><span class='mb-text'>PAGINA PRINCIPALE<\/span><\/a>\r\n\r\n<p>&nbsp;<\/p>\r\n","protected":false},"excerpt":{"rendered":"<p><span class=\"span-reading-time rt-reading-time\" style=\"display: block;\"><span class=\"rt-label rt-prefix\">tempo di lettura: <\/span> <span class=\"rt-time\"> 8<\/span> <span class=\"rt-label rt-postfix\">minuti<\/span><\/span>. . ARGOMENTO: STORIA NAVALEPERIODO: XX SECOLOAREA: MAR MEDITERRANEOparole: Malta, X MAS, Teseo Tesei\u00a0 &nbsp; E&#8217; con piacere che pubblichiamo un articolo di Tiziano Ciocchetti, apparso originariamente su DIFESAONLINE, sull&#8217;attacco a Malta che avvenne 80 anni fa da parte dei reparti navali e subacquei della X Flottiglia MAS. Sebbene l&#8217;articolo si centri sulla figura di [&hellip;]<\/p>\n","protected":false},"author":2398,"featured_media":65266,"comment_status":"open","ping_status":"open","sticky":false,"template":"","format":"standard","meta":{"_acf_changed":false,"_monsterinsights_skip_tracking":false,"_monsterinsights_sitenote_active":false,"_monsterinsights_sitenote_note":"","_monsterinsights_sitenote_category":0,"footnotes":""},"categories":[2314,2313],"tags":[],"class_list":["post-62686","post","type-post","status-publish","format-standard","has-post-thumbnail","hentry","category-personaggi","category-storia-della-seconda-guerra-mondiale"],"acf":[],"yoast_head":"<!-- This site is optimized with the Yoast SEO plugin v27.4 - https:\/\/yoast.com\/product\/yoast-seo-wordpress\/ -->\n<title>26 luglio 1941, ottant&#039;anni fa l&#039;attacco a Malta: il sacrificio di Teseo Tesei &#8226; OCEAN4FUTURE autore<\/title>\n<meta name=\"robots\" content=\"index, follow, max-snippet:-1, max-image-preview:large, max-video-preview:-1\" \/>\n<link rel=\"canonical\" href=\"https:\/\/www.ocean4future.org\/savetheocean\/archives\/62686\" \/>\n<meta property=\"og:locale\" content=\"it_IT\" \/>\n<meta property=\"og:type\" content=\"article\" \/>\n<meta property=\"og:title\" content=\"26 luglio 1941, ottant&#039;anni fa l&#039;attacco a Malta: il sacrificio di Teseo Tesei &#8226; OCEAN4FUTURE autore\" \/>\n<meta property=\"og:description\" content=\"tempo di lettura:  8 minuti. . ARGOMENTO: STORIA NAVALEPERIODO: XX SECOLOAREA: MAR MEDITERRANEOparole: Malta, X MAS, Teseo Tesei\u00a0 &nbsp; E&#8217; con piacere che pubblichiamo un articolo di Tiziano Ciocchetti, apparso originariamente su DIFESAONLINE, sull&#8217;attacco a Malta che avvenne 80 anni fa da parte dei reparti navali e subacquei della X Flottiglia MAS. Sebbene l&#8217;articolo si centri sulla figura di [&hellip;]\" \/>\n<meta property=\"og:url\" content=\"https:\/\/www.ocean4future.org\/savetheocean\/archives\/62686\" \/>\n<meta property=\"og:site_name\" content=\"OCEAN4FUTURE\" \/>\n<meta property=\"article:published_time\" content=\"2021-07-25T22:01:57+00:00\" \/>\n<meta property=\"article:modified_time\" content=\"2025-07-26T13:20:04+00:00\" \/>\n<meta property=\"og:image\" content=\"https:\/\/www.ocean4future.org\/savetheocean\/wp-content\/uploads\/2021\/10\/il-maiale-di-Tesei-e-Pedretti-conservato-al-COM.SUB_.IN_.--1024x616.png\" \/>\n\t<meta property=\"og:image:width\" content=\"1024\" \/>\n\t<meta property=\"og:image:height\" content=\"616\" \/>\n\t<meta property=\"og:image:type\" content=\"image\/png\" \/>\n<meta name=\"author\" content=\"Redazione OCEAN4FUTURE\" \/>\n<meta name=\"twitter:card\" content=\"summary_large_image\" \/>\n<meta name=\"twitter:creator\" content=\"@ocean4future\" \/>\n<meta name=\"twitter:site\" content=\"@ocean4future\" \/>\n<meta name=\"twitter:label1\" content=\"Scritto da\" \/>\n\t<meta name=\"twitter:data1\" content=\"Redazione OCEAN4FUTURE\" \/>\n\t<meta name=\"twitter:label2\" content=\"Tempo di lettura stimato\" \/>\n\t<meta name=\"twitter:data2\" content=\"12 minuti\" \/>\n<script type=\"application\/ld+json\" class=\"yoast-schema-graph\">{\"@context\":\"https:\\\/\\\/schema.org\",\"@graph\":[{\"@type\":\"Article\",\"@id\":\"https:\\\/\\\/www.ocean4future.org\\\/savetheocean\\\/archives\\\/62686#article\",\"isPartOf\":{\"@id\":\"https:\\\/\\\/www.ocean4future.org\\\/savetheocean\\\/archives\\\/62686\"},\"author\":{\"name\":\"Redazione OCEAN4FUTURE\",\"@id\":\"https:\\\/\\\/www.ocean4future.org\\\/savetheocean\\\/#\\\/schema\\\/person\\\/ad3962a4283da6a7ba5d2e66f435a340\"},\"headline\":\"26 luglio 1941, ottant&#8217;anni fa l&#8217;attacco a Malta: il sacrificio di Teseo Tesei\",\"datePublished\":\"2021-07-25T22:01:57+00:00\",\"dateModified\":\"2025-07-26T13:20:04+00:00\",\"mainEntityOfPage\":{\"@id\":\"https:\\\/\\\/www.ocean4future.org\\\/savetheocean\\\/archives\\\/62686\"},\"wordCount\":1831,\"commentCount\":0,\"publisher\":{\"@id\":\"https:\\\/\\\/www.ocean4future.org\\\/savetheocean\\\/#\\\/schema\\\/person\\\/4e1c26437054353074d7bb2efa77162c\"},\"image\":{\"@id\":\"https:\\\/\\\/www.ocean4future.org\\\/savetheocean\\\/archives\\\/62686#primaryimage\"},\"thumbnailUrl\":\"https:\\\/\\\/www.ocean4future.org\\\/savetheocean\\\/wp-content\\\/uploads\\\/2021\\\/10\\\/il-maiale-di-Tesei-e-Pedretti-conservato-al-COM.SUB_.IN_.-.png\",\"articleSection\":[\"Personaggi\",\"Storia navale della seconda guerra mondiale (1939 - 1945)\"],\"inLanguage\":\"it-IT\",\"potentialAction\":[{\"@type\":\"CommentAction\",\"name\":\"Comment\",\"target\":[\"https:\\\/\\\/www.ocean4future.org\\\/savetheocean\\\/archives\\\/62686#respond\"]}]},{\"@type\":\"WebPage\",\"@id\":\"https:\\\/\\\/www.ocean4future.org\\\/savetheocean\\\/archives\\\/62686\",\"url\":\"https:\\\/\\\/www.ocean4future.org\\\/savetheocean\\\/archives\\\/62686\",\"name\":\"26 luglio 1941, ottant'anni fa l'attacco a Malta: il sacrificio di Teseo Tesei &#8226; OCEAN4FUTURE autore\",\"isPartOf\":{\"@id\":\"https:\\\/\\\/www.ocean4future.org\\\/savetheocean\\\/#website\"},\"primaryImageOfPage\":{\"@id\":\"https:\\\/\\\/www.ocean4future.org\\\/savetheocean\\\/archives\\\/62686#primaryimage\"},\"image\":{\"@id\":\"https:\\\/\\\/www.ocean4future.org\\\/savetheocean\\\/archives\\\/62686#primaryimage\"},\"thumbnailUrl\":\"https:\\\/\\\/www.ocean4future.org\\\/savetheocean\\\/wp-content\\\/uploads\\\/2021\\\/10\\\/il-maiale-di-Tesei-e-Pedretti-conservato-al-COM.SUB_.IN_.-.png\",\"datePublished\":\"2021-07-25T22:01:57+00:00\",\"dateModified\":\"2025-07-26T13:20:04+00:00\",\"breadcrumb\":{\"@id\":\"https:\\\/\\\/www.ocean4future.org\\\/savetheocean\\\/archives\\\/62686#breadcrumb\"},\"inLanguage\":\"it-IT\",\"potentialAction\":[{\"@type\":\"ReadAction\",\"target\":[\"https:\\\/\\\/www.ocean4future.org\\\/savetheocean\\\/archives\\\/62686\"]}]},{\"@type\":\"ImageObject\",\"inLanguage\":\"it-IT\",\"@id\":\"https:\\\/\\\/www.ocean4future.org\\\/savetheocean\\\/archives\\\/62686#primaryimage\",\"url\":\"https:\\\/\\\/www.ocean4future.org\\\/savetheocean\\\/wp-content\\\/uploads\\\/2021\\\/10\\\/il-maiale-di-Tesei-e-Pedretti-conservato-al-COM.SUB_.IN_.-.png\",\"contentUrl\":\"https:\\\/\\\/www.ocean4future.org\\\/savetheocean\\\/wp-content\\\/uploads\\\/2021\\\/10\\\/il-maiale-di-Tesei-e-Pedretti-conservato-al-COM.SUB_.IN_.-.png\",\"width\":1686,\"height\":1015},{\"@type\":\"BreadcrumbList\",\"@id\":\"https:\\\/\\\/www.ocean4future.org\\\/savetheocean\\\/archives\\\/62686#breadcrumb\",\"itemListElement\":[{\"@type\":\"ListItem\",\"position\":1,\"name\":\"Home\",\"item\":\"https:\\\/\\\/www.ocean4future.org\\\/savetheocean\"},{\"@type\":\"ListItem\",\"position\":2,\"name\":\"26 luglio 1941, ottant&#8217;anni fa l&#8217;attacco a Malta: il sacrificio di Teseo Tesei\"}]},{\"@type\":\"WebSite\",\"@id\":\"https:\\\/\\\/www.ocean4future.org\\\/savetheocean\\\/#website\",\"url\":\"https:\\\/\\\/www.ocean4future.org\\\/savetheocean\\\/\",\"name\":\"Ocean 4 Future\",\"description\":\"Per una nuova cultura del mare e della marittimit\u00e0\",\"publisher\":{\"@id\":\"https:\\\/\\\/www.ocean4future.org\\\/savetheocean\\\/#\\\/schema\\\/person\\\/4e1c26437054353074d7bb2efa77162c\"},\"potentialAction\":[{\"@type\":\"SearchAction\",\"target\":{\"@type\":\"EntryPoint\",\"urlTemplate\":\"https:\\\/\\\/www.ocean4future.org\\\/savetheocean\\\/?s={search_term_string}\"},\"query-input\":{\"@type\":\"PropertyValueSpecification\",\"valueRequired\":true,\"valueName\":\"search_term_string\"}}],\"inLanguage\":\"it-IT\"},{\"@type\":[\"Person\",\"Organization\"],\"@id\":\"https:\\\/\\\/www.ocean4future.org\\\/savetheocean\\\/#\\\/schema\\\/person\\\/4e1c26437054353074d7bb2efa77162c\",\"name\":\"oceandiver\",\"image\":{\"@type\":\"ImageObject\",\"inLanguage\":\"it-IT\",\"@id\":\"https:\\\/\\\/www.ocean4future.org\\\/savetheocean\\\/wp-content\\\/uploads\\\/2023\\\/04\\\/logo-ocean3.jpg\",\"url\":\"https:\\\/\\\/www.ocean4future.org\\\/savetheocean\\\/wp-content\\\/uploads\\\/2023\\\/04\\\/logo-ocean3.jpg\",\"contentUrl\":\"https:\\\/\\\/www.ocean4future.org\\\/savetheocean\\\/wp-content\\\/uploads\\\/2023\\\/04\\\/logo-ocean3.jpg\",\"width\":472,\"height\":301,\"caption\":\"oceandiver\"},\"logo\":{\"@id\":\"https:\\\/\\\/www.ocean4future.org\\\/savetheocean\\\/wp-content\\\/uploads\\\/2023\\\/04\\\/logo-ocean3.jpg\"}},{\"@type\":\"Person\",\"@id\":\"https:\\\/\\\/www.ocean4future.org\\\/savetheocean\\\/#\\\/schema\\\/person\\\/ad3962a4283da6a7ba5d2e66f435a340\",\"name\":\"Redazione OCEAN4FUTURE\",\"image\":{\"@type\":\"ImageObject\",\"inLanguage\":\"it-IT\",\"@id\":\"https:\\\/\\\/secure.gravatar.com\\\/avatar\\\/ba6774c3cc06933a10f7e80f4184a636b9f8fe6f86714a5b2c583173eaf54646?s=96&d=mm&r=g\",\"url\":\"https:\\\/\\\/secure.gravatar.com\\\/avatar\\\/ba6774c3cc06933a10f7e80f4184a636b9f8fe6f86714a5b2c583173eaf54646?s=96&d=mm&r=g\",\"contentUrl\":\"https:\\\/\\\/secure.gravatar.com\\\/avatar\\\/ba6774c3cc06933a10f7e80f4184a636b9f8fe6f86714a5b2c583173eaf54646?s=96&d=mm&r=g\",\"caption\":\"Redazione OCEAN4FUTURE\"},\"description\":\"\u00e8 composta da oltre 60 collaboratori che lavorano in smart working, selezionati tra esperti di settore di diverse discipline. Hanno il compito di\u00a0 selezionare argomenti di particolare interesse, redigendo articoli basati su studi recenti. I contenuti degli stessi restano di responsabilit\u00e0 degli autori che sono ovviamente sempre citati. Eventuali quesiti possono essere inviati alla Redazione (infoocean4future@gmail.com) che, quando possibile, provveder\u00e0 ad inoltrarli agli Autori.\",\"sameAs\":[\"http:\\\/\\\/www.ocean4future.org\"],\"url\":\"https:\\\/\\\/www.ocean4future.org\\\/savetheocean\\\/archives\\\/author\\\/redazione-ocean4future\"}]}<\/script>\n<!-- \/ Yoast SEO plugin. -->","yoast_head_json":{"title":"26 luglio 1941, ottant'anni fa l'attacco a Malta: il sacrificio di Teseo Tesei &#8226; OCEAN4FUTURE autore","robots":{"index":"index","follow":"follow","max-snippet":"max-snippet:-1","max-image-preview":"max-image-preview:large","max-video-preview":"max-video-preview:-1"},"canonical":"https:\/\/www.ocean4future.org\/savetheocean\/archives\/62686","og_locale":"it_IT","og_type":"article","og_title":"26 luglio 1941, ottant'anni fa l'attacco a Malta: il sacrificio di Teseo Tesei &#8226; OCEAN4FUTURE autore","og_description":"tempo di lettura:  8 minuti. . ARGOMENTO: STORIA NAVALEPERIODO: XX SECOLOAREA: MAR MEDITERRANEOparole: Malta, X MAS, Teseo Tesei\u00a0 &nbsp; E&#8217; con piacere che pubblichiamo un articolo di Tiziano Ciocchetti, apparso originariamente su DIFESAONLINE, sull&#8217;attacco a Malta che avvenne 80 anni fa da parte dei reparti navali e subacquei della X Flottiglia MAS. Sebbene l&#8217;articolo si centri sulla figura di [&hellip;]","og_url":"https:\/\/www.ocean4future.org\/savetheocean\/archives\/62686","og_site_name":"OCEAN4FUTURE","article_published_time":"2021-07-25T22:01:57+00:00","article_modified_time":"2025-07-26T13:20:04+00:00","og_image":[{"width":1024,"height":616,"url":"https:\/\/www.ocean4future.org\/savetheocean\/wp-content\/uploads\/2021\/10\/il-maiale-di-Tesei-e-Pedretti-conservato-al-COM.SUB_.IN_.--1024x616.png","type":"image\/png"}],"author":"Redazione OCEAN4FUTURE","twitter_card":"summary_large_image","twitter_creator":"@ocean4future","twitter_site":"@ocean4future","twitter_misc":{"Scritto da":"Redazione OCEAN4FUTURE","Tempo di lettura stimato":"12 minuti"},"schema":{"@context":"https:\/\/schema.org","@graph":[{"@type":"Article","@id":"https:\/\/www.ocean4future.org\/savetheocean\/archives\/62686#article","isPartOf":{"@id":"https:\/\/www.ocean4future.org\/savetheocean\/archives\/62686"},"author":{"name":"Redazione OCEAN4FUTURE","@id":"https:\/\/www.ocean4future.org\/savetheocean\/#\/schema\/person\/ad3962a4283da6a7ba5d2e66f435a340"},"headline":"26 luglio 1941, ottant&#8217;anni fa l&#8217;attacco a Malta: il sacrificio di Teseo Tesei","datePublished":"2021-07-25T22:01:57+00:00","dateModified":"2025-07-26T13:20:04+00:00","mainEntityOfPage":{"@id":"https:\/\/www.ocean4future.org\/savetheocean\/archives\/62686"},"wordCount":1831,"commentCount":0,"publisher":{"@id":"https:\/\/www.ocean4future.org\/savetheocean\/#\/schema\/person\/4e1c26437054353074d7bb2efa77162c"},"image":{"@id":"https:\/\/www.ocean4future.org\/savetheocean\/archives\/62686#primaryimage"},"thumbnailUrl":"https:\/\/www.ocean4future.org\/savetheocean\/wp-content\/uploads\/2021\/10\/il-maiale-di-Tesei-e-Pedretti-conservato-al-COM.SUB_.IN_.-.png","articleSection":["Personaggi","Storia navale della seconda guerra mondiale (1939 - 1945)"],"inLanguage":"it-IT","potentialAction":[{"@type":"CommentAction","name":"Comment","target":["https:\/\/www.ocean4future.org\/savetheocean\/archives\/62686#respond"]}]},{"@type":"WebPage","@id":"https:\/\/www.ocean4future.org\/savetheocean\/archives\/62686","url":"https:\/\/www.ocean4future.org\/savetheocean\/archives\/62686","name":"26 luglio 1941, ottant'anni fa l'attacco a Malta: il sacrificio di Teseo Tesei &#8226; OCEAN4FUTURE autore","isPartOf":{"@id":"https:\/\/www.ocean4future.org\/savetheocean\/#website"},"primaryImageOfPage":{"@id":"https:\/\/www.ocean4future.org\/savetheocean\/archives\/62686#primaryimage"},"image":{"@id":"https:\/\/www.ocean4future.org\/savetheocean\/archives\/62686#primaryimage"},"thumbnailUrl":"https:\/\/www.ocean4future.org\/savetheocean\/wp-content\/uploads\/2021\/10\/il-maiale-di-Tesei-e-Pedretti-conservato-al-COM.SUB_.IN_.-.png","datePublished":"2021-07-25T22:01:57+00:00","dateModified":"2025-07-26T13:20:04+00:00","breadcrumb":{"@id":"https:\/\/www.ocean4future.org\/savetheocean\/archives\/62686#breadcrumb"},"inLanguage":"it-IT","potentialAction":[{"@type":"ReadAction","target":["https:\/\/www.ocean4future.org\/savetheocean\/archives\/62686"]}]},{"@type":"ImageObject","inLanguage":"it-IT","@id":"https:\/\/www.ocean4future.org\/savetheocean\/archives\/62686#primaryimage","url":"https:\/\/www.ocean4future.org\/savetheocean\/wp-content\/uploads\/2021\/10\/il-maiale-di-Tesei-e-Pedretti-conservato-al-COM.SUB_.IN_.-.png","contentUrl":"https:\/\/www.ocean4future.org\/savetheocean\/wp-content\/uploads\/2021\/10\/il-maiale-di-Tesei-e-Pedretti-conservato-al-COM.SUB_.IN_.-.png","width":1686,"height":1015},{"@type":"BreadcrumbList","@id":"https:\/\/www.ocean4future.org\/savetheocean\/archives\/62686#breadcrumb","itemListElement":[{"@type":"ListItem","position":1,"name":"Home","item":"https:\/\/www.ocean4future.org\/savetheocean"},{"@type":"ListItem","position":2,"name":"26 luglio 1941, ottant&#8217;anni fa l&#8217;attacco a Malta: il sacrificio di Teseo Tesei"}]},{"@type":"WebSite","@id":"https:\/\/www.ocean4future.org\/savetheocean\/#website","url":"https:\/\/www.ocean4future.org\/savetheocean\/","name":"Ocean 4 Future","description":"Per una nuova cultura del mare e della marittimit\u00e0","publisher":{"@id":"https:\/\/www.ocean4future.org\/savetheocean\/#\/schema\/person\/4e1c26437054353074d7bb2efa77162c"},"potentialAction":[{"@type":"SearchAction","target":{"@type":"EntryPoint","urlTemplate":"https:\/\/www.ocean4future.org\/savetheocean\/?s={search_term_string}"},"query-input":{"@type":"PropertyValueSpecification","valueRequired":true,"valueName":"search_term_string"}}],"inLanguage":"it-IT"},{"@type":["Person","Organization"],"@id":"https:\/\/www.ocean4future.org\/savetheocean\/#\/schema\/person\/4e1c26437054353074d7bb2efa77162c","name":"oceandiver","image":{"@type":"ImageObject","inLanguage":"it-IT","@id":"https:\/\/www.ocean4future.org\/savetheocean\/wp-content\/uploads\/2023\/04\/logo-ocean3.jpg","url":"https:\/\/www.ocean4future.org\/savetheocean\/wp-content\/uploads\/2023\/04\/logo-ocean3.jpg","contentUrl":"https:\/\/www.ocean4future.org\/savetheocean\/wp-content\/uploads\/2023\/04\/logo-ocean3.jpg","width":472,"height":301,"caption":"oceandiver"},"logo":{"@id":"https:\/\/www.ocean4future.org\/savetheocean\/wp-content\/uploads\/2023\/04\/logo-ocean3.jpg"}},{"@type":"Person","@id":"https:\/\/www.ocean4future.org\/savetheocean\/#\/schema\/person\/ad3962a4283da6a7ba5d2e66f435a340","name":"Redazione OCEAN4FUTURE","image":{"@type":"ImageObject","inLanguage":"it-IT","@id":"https:\/\/secure.gravatar.com\/avatar\/ba6774c3cc06933a10f7e80f4184a636b9f8fe6f86714a5b2c583173eaf54646?s=96&d=mm&r=g","url":"https:\/\/secure.gravatar.com\/avatar\/ba6774c3cc06933a10f7e80f4184a636b9f8fe6f86714a5b2c583173eaf54646?s=96&d=mm&r=g","contentUrl":"https:\/\/secure.gravatar.com\/avatar\/ba6774c3cc06933a10f7e80f4184a636b9f8fe6f86714a5b2c583173eaf54646?s=96&d=mm&r=g","caption":"Redazione OCEAN4FUTURE"},"description":"\u00e8 composta da oltre 60 collaboratori che lavorano in smart working, selezionati tra esperti di settore di diverse discipline. Hanno il compito di\u00a0 selezionare argomenti di particolare interesse, redigendo articoli basati su studi recenti. I contenuti degli stessi restano di responsabilit\u00e0 degli autori che sono ovviamente sempre citati. Eventuali quesiti possono essere inviati alla Redazione (infoocean4future@gmail.com) che, quando possibile, provveder\u00e0 ad inoltrarli agli Autori.","sameAs":["http:\/\/www.ocean4future.org"],"url":"https:\/\/www.ocean4future.org\/savetheocean\/archives\/author\/redazione-ocean4future"}]}},"_links":{"self":[{"href":"https:\/\/www.ocean4future.org\/savetheocean\/wp-json\/wp\/v2\/posts\/62686","targetHints":{"allow":["GET"]}}],"collection":[{"href":"https:\/\/www.ocean4future.org\/savetheocean\/wp-json\/wp\/v2\/posts"}],"about":[{"href":"https:\/\/www.ocean4future.org\/savetheocean\/wp-json\/wp\/v2\/types\/post"}],"author":[{"embeddable":true,"href":"https:\/\/www.ocean4future.org\/savetheocean\/wp-json\/wp\/v2\/users\/2398"}],"replies":[{"embeddable":true,"href":"https:\/\/www.ocean4future.org\/savetheocean\/wp-json\/wp\/v2\/comments?post=62686"}],"version-history":[{"count":0,"href":"https:\/\/www.ocean4future.org\/savetheocean\/wp-json\/wp\/v2\/posts\/62686\/revisions"}],"wp:featuredmedia":[{"embeddable":true,"href":"https:\/\/www.ocean4future.org\/savetheocean\/wp-json\/wp\/v2\/media\/65266"}],"wp:attachment":[{"href":"https:\/\/www.ocean4future.org\/savetheocean\/wp-json\/wp\/v2\/media?parent=62686"}],"wp:term":[{"taxonomy":"category","embeddable":true,"href":"https:\/\/www.ocean4future.org\/savetheocean\/wp-json\/wp\/v2\/categories?post=62686"},{"taxonomy":"post_tag","embeddable":true,"href":"https:\/\/www.ocean4future.org\/savetheocean\/wp-json\/wp\/v2\/tags?post=62686"}],"curies":[{"name":"wp","href":"https:\/\/api.w.org\/{rel}","templated":true}]}}