{"id":61577,"date":"2021-07-18T00:03:52","date_gmt":"2021-07-17T22:03:52","guid":{"rendered":"http:\/\/www.ocean4future.org\/savetheocean\/?p=61577"},"modified":"2023-06-12T16:30:08","modified_gmt":"2023-06-12T14:30:08","slug":"leros-lisola-italiana-viaggio-in-dodecaneso-e-nelle-sue-memorie-dimenticate","status":"publish","type":"post","link":"https:\/\/www.ocean4future.org\/savetheocean\/archives\/61577","title":{"rendered":"Reportage: Leros, l\u2019isola italiana. Viaggio in Dodecaneso e nelle sue memorie dimenticate"},"content":{"rendered":"<span class=\"span-reading-time rt-reading-time\" style=\"display: block;\"><span class=\"rt-label rt-prefix\">tempo di lettura: <\/span> <span class=\"rt-time\"> 6<\/span> <span class=\"rt-label rt-postfix\">minuti<\/span><\/span><p><span style=\"color: white;\">.<\/span><\/p>\n<a class=\"maxbutton-4 maxbutton maxbutton-livello-di-comprensione\" href=\"javascript:void(0);\"><span class='mb-text'>livello elementare<\/span><\/a>\n<p><span style=\"color: white;\">.<\/span><\/p>\n<p><strong><span style=\"color: green;\">ARGOMENTO: REPORTAGE<\/span><\/strong><br \/>\n<strong><span style=\"color: green;\">PERIODO: XX-XXI SECOLO<br \/>\nAREA: DIDATTICA<\/span><\/strong><br \/>\nparole chiave: Dodecaneso, Lero, architettura<br \/>\n<span style=\"color: #ffffff;\">.<\/span><\/p>\n<p style=\"text-align: justify;\"><span style=\"color: #008000;\"><strong>Leros <\/strong><\/span>\u00e8 una piccola isola nel mar Egeo, non lontano dalla Turchia. Nel 1912, in seguito alla guerra&nbsp;italo turca, l\u2019isola fu costituita a \u00abpossedimento\u00bb italiano, una terra d\u2019oltremare e base navale nel Dodecaneso della regia Marina italiana. Quest\u2019isola, sebbene poco conosciuta, ha il privilegio di ospitare la cittadina di <strong><span style=\"color: #008000;\">Portolago<\/span><\/strong> (in greco <strong><span style=\"color: #008000;\"><em>\u03a0\u03bf\u03c1\u03c4\u03bf\u03bb\u03b1\u03b3\u03bf<\/em><\/span><\/strong>), oggi <strong><span style=\"color: #008000;\">Lakki<\/span> <\/strong>e diversi edifici decentrati, che furono realizzati secondo i canoni dell\u2019<strong><span style=\"color: #008000;\">architettura razionalista italiana<\/span><\/strong>.<\/p>\n<p><strong><span style=\"color: #008000;\"><img decoding=\"async\" src=\"https:\/\/www.ocean4future.org\/savetheocean\/wp-content\/uploads\/2023\/06\/CARTOGRAFIA-MAPPA-Map_of_Leros_-_Bordone_Benedetto_-_1547.jpg\" alt=\"Questa immagine ha l'attributo alt vuoto; il nome del file \u00e8 CARTOGRAFIA-MAPPA-Map_of_Leros_-_Bordone_Benedetto_-_1547.jpg\" width=\"640\" height=\"371\"><\/span><\/strong><\/p>\n<p align=\"justify\"><strong><span style=\"color: #008000;\">Isolario di Benedetto Bordone nel qual si ragiona di tutte l&#8217;isole del mondo, con li lor nomi antichi e moderni, historie, favole, e modi del loro vivere, Venice 1547 &#8211; autore Benedetto Bordone<\/span><\/strong><a href=\"https:\/\/commons.wikimedia.org\/wiki\/File:Map_of_Leros_-_Bordone_Benedetto_-_1547.jpg\">Map of Leros &#8211; Bordone Benedetto &#8211; 1547.jpg &#8211; Wikimedia Commons<\/a><\/p>\n<p style=\"text-align: justify;\">Noi italiani, studiosi di architettura o d\u2019altro, semplici viaggiatori, diportisti itineranti veniamo riportati immediatamente al ventennio fascista, testimoniato prepotentemente dagli edifici e dalla struttura urbana sorti per esigenze di comando militare e per soddisfare le velleit\u00e0 coloniali durante il regime. Venendo dal mare l\u2019impatto \u00e8 unico ed emozionante e allo stesso tempo malinconico, come trovarsi in sospensione nel tempo. Una memoria dimenticata e spesso ignorata si distende alla fine di una delle pi\u00f9 profonde insenature naturali del mediterraneo. Personalmente non ho ricordi simili e n\u00e9 memorie dell\u2019incredibile visione dell\u2019Architettura che si&nbsp;avverte avvicinandosi in barca alla citt\u00e0 di <strong><span style=\"color: #008000;\">Lakki<\/span><\/strong>. Ci si trova immersi e avvolti in una suggestiva e&nbsp;decadente parentesi metafisica, fuori dal tempo e dalla madrepatria.<\/p>\n<p><img decoding=\"async\" src=\"https:\/\/www.ocean4future.org\/savetheocean\/wp-content\/uploads\/2021\/07\/portolago-base-navale-italiana.png\" alt=\"Questa immagine ha l'attributo alt vuoto; il nome del file \u00e8 portolago-base-navale-italiana.png\"><\/p>\n<p style=\"text-align: justify;\">Nel panorama internazionale dell\u2019Architettura delle \u201cTerre d\u2019Oltremare\u201d il Dodecaneso&nbsp;rappresenta uno straordinario esempio di Architettura coloniale italiana, un incredibile dizionario linguistico e variegato che contiene <strong><span style=\"color: #008000;\">Eclettismo, Neoclassicismo, Accademismo e Razionalismo<\/span><\/strong>&nbsp; all\u2019interno di una \u201cmappa\u201d culturale aderente ai grandi schieramenti ideologici della madrepatria.&nbsp;Un linguaggio architettonico noto ma confuso da declinazioni linguistiche, mimetismi folcloristici e personali e raffinate interpretazioni dell\u2019Architettura locale.<\/p>\n<p style=\"text-align: justify;\"><span style=\"font-size: 18pt;\"><strong><span style=\"color: #008000;\">L&#8217;architettura italiana degli anni 20 e 30<\/span><\/strong><\/span><br \/>\nIntorno alla seconda met\u00e0 degli anni \u201920 in Italia si affermano due tendenze architettoniche&nbsp;contrapposte, nate da una stessa matrice europeista del <strong><span style=\"color: #008000;\">Movimento Moderno<\/span><\/strong> (<em>International Style<\/em>).&nbsp;Da un lato un <strong><span style=\"color: #008000;\">Razionalismo radicale d\u2019Avanguardia<\/span><\/strong> (<strong><span style=\"color: #008000;\"><em>Gruppo 7: Terragni, Libera, Rava, Figini, <\/em><em>Pollini, Piccinato<\/em><\/span><\/strong>) in sintonia con le tendenze europee del funzionalismo e, dall\u2019altro, un <span style=\"color: #008000;\"><strong>Monumentalismo accademico <\/strong><\/span>di stampo neoclassico di aderenza al regime ma \u201csemplificato\u201d (<strong><span style=\"color: #008000;\"><em>Marcello Piacentini<\/em><\/span><\/strong>), con una forte caratterizzazione scenografica d&#8217;identit\u00e0 nazionale e di&nbsp;gigantismo delle parti (particolari classici, colonnati, ritmici porticati, archi, rivestimenti marmorei e volume chiusi e bloccati in una simmetria statica).<\/p>\n<p style=\"text-align: justify;\">Il dibattito e la polemica su questa nuove tendenze architettoniche si riflette nei territori coloniali&nbsp;con esiti architettonici differenti per aree geografiche. Nel Dodecaneso i semplici volumi geometrici della tradizione edilizia locale trovano una buona&nbsp;corrispondenza nei dettami della moderna architettura europea (razionalismo d\u2019avanguardia), in una&nbsp;mediterraneit\u00e0&nbsp;caratterizzata anche da contaminazioni eclettiche modernamente&nbsp;reinterpretate (<em>architetto <strong><span style=\"color: #008000;\">Florestano Di Fausto<\/span><\/strong><\/em>) in una commistione e coesistenza di stili, almeno fino al 1936 (anno della proclamazione ufficiale dell\u2019&#8221;Impero&#8221; italiano) ed alla successiva e conseguente \u201c<strong><span style=\"color: #008000;\">romanizzazione<\/span><\/strong>\u201c dell\u2019Architettura e delle colonie d\u2019Oltremare, esplicitata attraverso una celebrazione della romanit\u00e0 imperiale. Il linguaggio del <span style=\"color: #008000;\"><strong>classicismo <\/strong><\/span>come espressione del dominio fascista rappresent\u00f2 maggiormente il&nbsp;carattere autoritario del regime. Una classicit\u00e0 in senso atemporale, ideologica, come volont\u00e0 di cercare un ordine, una misura,&nbsp;una modulazione per rendere le forme architettoniche chiaramente percepibili e coerenti tra loro, come parti di una stessa unit\u00e0.<\/p>\n<p style=\"text-align: justify;\"><span style=\"color: #008000;\"><strong>In questo scenario stilistico, a cavallo degli anni \u201930, si inserisce l\u2019esperienza urbanistica ed&nbsp;<\/strong><strong>edilizia di Portolago (Lakki).<\/strong><\/span><\/p>\n<p><img decoding=\"async\" src=\"https:\/\/www.ocean4future.org\/savetheocean\/wp-content\/uploads\/2021\/07\/lero.png\" alt=\"Questa immagine ha l'attributo alt vuoto; il nome del file \u00e8 lero.png\"><\/p>\n<p style=\"text-align: justify;\">Concepita , a mio giudizio, in aderenza ai canoni di un espressionismo \u201c<em><strong><span style=\"color: #008000;\">cubista \u2013 deco<\/span><\/strong>\u2019<\/em>\u201d e ad un&nbsp;razionalismo d\u2019avanguardia privo di accademismi trionfanti, <strong><span style=\"color: #008000;\">Portolago<\/span><\/strong> rappresenta un caso particolare ed unico di citt\u00e0 di nuova fondazione specializzata e predisposta per la vita sociale e civile di una popolazione in crescita composta da militari e dalle rispettive famiglie. Il suo impianto progettuale aveva un carattere unitario sia nell\u2019impostazione urbanistica che nella configurazione dei singoli edifici che risentivano fortemente della cultura architettonica razionalista dell\u2019epoca.<\/p>\n<p style=\"text-align: justify;\"><img decoding=\"async\" src=\"https:\/\/www.ocean4future.org\/savetheocean\/wp-content\/uploads\/2021\/07\/LAKKI-1940-1024x425.png\" alt=\"Questa immagine ha l'attributo alt vuoto; il nome del file \u00e8 LAKKI-1940-1024x425.png\"><\/p>\n<p style=\"text-align: justify;\">Ogni edificio era subordinato al disegno generale e alla forma degli isolati urbani e al di l\u00e0 delle tipologie (edifici pubblici rappresentativi, edilizia abitativa, edilizia militare), rientrava in una composizione urbana di bianchi volumi il cui rigore geometrico e cromatico veniva smussato ed ingentilito dall\u2019uso frequente di linee e superfici curve proprie di un retaggio europeista del movimento moderno (<strong><span style=\"color: #008000;\"><em>art noveau, cubismo e neoplasticismo<\/em><\/span><\/strong>) anche attraverso la semplificazione di ogni componente emotiva ed estetizzante in una purificazione della forma da apparati decorativi superficiali.<\/p>\n<p style=\"text-align: justify;\"><img decoding=\"async\" src=\"https:\/\/www.ocean4future.org\/savetheocean\/wp-content\/uploads\/2021\/07\/LAKKI-EX-MUNICIPIO-1024x470.png\" alt=\"Questa immagine ha l'attributo alt vuoto; il nome del file \u00e8 LAKKI-EX-MUNICIPIO-1024x470.png\"><\/p>\n<p style=\"text-align: justify;\">A <strong><span style=\"color: #008000;\">Portolago<\/span><\/strong> si ritrovano tutti i canoni del <span style=\"color: #008000;\"><strong>razionalismo italiano<\/strong><\/span>, dall\u2019essenzialismo della forma che deve seguire la funzione, al rigetto dell\u2019ornamento ricco, all\u2019adozione di grandi aperture orizzontali, all\u2019uso del cemento armato e dell\u2019acciaio nelle balaustre lineari.<\/p>\n<figure style=\"width: 1024px\" class=\"wp-caption alignnone\"><img decoding=\"async\" src=\"https:\/\/www.ocean4future.org\/savetheocean\/wp-content\/uploads\/2021\/07\/VILLINO-UFFICILI-LAKKI-REGIA-MARINA-1024x619.png\" alt=\"Questa immagine ha l'attributo alt vuoto; il nome del file \u00e8 VILLINO-UFFICILI-LAKKI-REGIA-MARINA-1024x619.png\" width=\"1024\" height=\"619\"><figcaption class=\"wp-caption-text\"><strong><span style=\"color: #008000;\">ex case ufficiali regia marina militare italiana a Lakki<\/span><\/strong><\/figcaption><\/figure>\n<p style=\"text-align: justify;\">I progettisti rimasero legati ad un linguaggio essenziale e in qualche edificio c&#8217;\u00e8 il <strong><span style=\"color: #008000;\">ricordo alla tradizione locale<\/span><\/strong>, ma sono segni lievi, quasi impercettibili e non rimarcati come in diversi edifici a Rodi o Kos.<\/p>\n<p style=\"text-align: justify;\">In Italia il cosiddetto \u00ab<strong><span style=\"color: #008000;\">neoclassicismo semplificato<\/span><\/strong>\u00bb, simbolo degli \u00abedifici-manifesto\u00bb realizzati, rappresentava l\u2019architettura parlante della modernit\u00e0 italiana (vedi l\u2019EUR a Roma). A <strong><span style=\"color: #008000;\">Portolago<\/span><\/strong> invece gli edifici furono realizzati secondo i modelli di alcune <span style=\"color: #008000;\"><strong>citt\u00e0 d\u2019avanguardia di bonifica <\/strong><\/span>di nuova fondazione (<em>vedi Sabaudia<\/em>) secondo i modelli europei.<\/p>\n<p><img decoding=\"async\" src=\"https:\/\/www.ocean4future.org\/savetheocean\/wp-content\/uploads\/2021\/07\/plaimetria-sabaudia-e-portolago-1024x484.png\" alt=\"Questa immagine ha l'attributo alt vuoto; il nome del file \u00e8 plaimetria-sabaudia-e-portolago-1024x484.png\"><\/p>\n<p style=\"text-align: justify;\">Gli <strong><span style=\"color: #008000;\">architetti razionalisti<\/span><\/strong> vollero realizzare un\u2019architettura moderna ma anche italiana. Nel trovare una contestualizzazione, un\u2019aderenza morfologica geografica ed urbanistica, abbandonarono molti eccessi di un estremismo d\u2019avanguardia per ritrovare una ricucitura con la tradizione dell\u2019area mediterranea rivisitata per\u00f2 alla luce dei principi del movimento moderno, in un\u2019architettura contestuale attenta all\u2019uso razionale dei materiali, al rapporto con l\u2019ambiente e a soluzioni per il controllo climatico, sotto una logica comune di razionalit\u00e0 costruttiva e stilistica e&nbsp;ad una forte corrispondenza tra gli aspetti strutturali e funzionali.&nbsp;Quindi <span style=\"color: #008000;\"><strong>Classicismo<\/strong><\/span>, nella sua definizione metodologica,&nbsp;<span style=\"color: #008000;\"><b>Mediterraneit\u00e0 <\/b><\/span>geografica e culturale e<span style=\"color: #008000;\">&nbsp;<b>Italianit\u00e0&nbsp;<\/b><\/span>nell\u2019opera civilizzatrice che il regime fascista perseguiva dall&#8217;eredit\u00e0 imperiale come&nbsp;culto della romanit\u00e0, furono I principi di una piattaforma ideologica sulla quale costruire l&#8217;identit\u00e0&nbsp;nazionale della nuova architettura coloniale moderna.<\/p>\n<p style=\"text-align: justify;\">Le matrici comuni degli architetti coloniali razionalisti si manifestarono, cos\u00ec come anche nell\u2019intero Dodecaneso, attraverso realizzazioni, ora contaminate da influssi mediterranei e da tracce di labili <strong><span style=\"color: #008000;\">orientalismi di confine<\/span><\/strong> e di <strong><span style=\"color: #008000;\">memoria storica<\/span><\/strong>, ora con impronte di una monumentale romanit\u00e0 classicista di regime e ancora da altri incontaminati esempi di un razionalismo di nicchia di derivazione europea e purificati dal carattere imperialista.<\/p>\n<p style=\"text-align: justify;\"><img decoding=\"async\" src=\"https:\/\/www.ocean4future.org\/savetheocean\/wp-content\/uploads\/2021\/07\/leros-casa-balilla-1935-1024x545.png\" alt=\"Questa immagine ha l'attributo alt vuoto; il nome del file \u00e8 leros-casa-balilla-1935-1024x545.png\"><\/p>\n<p style=\"text-align: justify;\">Queste espressioni furono certamente influenzate nella loro adozione anche da diversi fattori concomitanti. Rilevante furono le diverse personalit\u00e0 e le figure dei vari Governatori dell\u2019Egeo e il&nbsp;loro atteggiamento colonizzante e la loro aderenza al regime che influenz\u00f2, e spesso dett\u00f2, l\u2019espressione architettonica delle diverse colonie. Dall\u2019altra le economie e le finanze messe a disposizione dai ministeri romani per l\u2019attuazione delle politiche di sviluppo influenzate da interessi e priorit\u00e0 strategico \u2013 militari e\/o di rappresentanza&nbsp;per la madre patria.<\/p>\n<p style=\"text-align: justify;\"><strong><span style=\"color: #008000;\">Portolago<\/span><\/strong> ebbe un limitato appoggio economico da parte di Roma ma grazie al <strong><span style=\"color: #008000;\">governatore Mario Lago<\/span> <\/strong>(da cui il nome Portolago), alla sua insistenza per migliorare la qualit\u00e0 di vita della base&nbsp;navale di Leros e agli architetti italiani <strong><span style=\"color: #008000;\">Armando Bernabiti <\/span><\/strong>e <span style=\"color: #008000;\"><strong>Rodolfo Petracco <\/strong><\/span>fu realizzato un&nbsp;impianto urbano ed edilizio unico nel suo genere.<\/p>\n<p style=\"text-align: justify;\">Credo sia possibile ritrovare, come componente non trascurabile, proprio nell\u2019aspetto finanziario anche una risposta a questa semplificazione linguistica adottata e privata da quelle forti cariche estetizzanti e \u201d marmoree\u201d del regime ma ricca di straordinari significati e simbolismi unici e rari. Il resto dell\u2019isola, incredibilmente greca, ha mantenuto nelle piccole localit\u00e0 sparse da nord a sud quel carattere tipico di mediterraneit\u00e0 che noi tutti riconosciamo e amiamo: i colori, le <strong><span style=\"color: #008000;\"><em>case-cubo <\/em><\/span><\/strong>bianche, stereometriche, arroccate a formare vicoli e scale, i profumi e tutta quella tradizione che racconta della Grecia e che ci si aspetta di trovare.<\/p>\n<p style=\"text-align: justify;\"><strong><span style=\"color: #008000;\">Leros<\/span><\/strong> oggi \u00e8 una realt\u00e0 poco conosciuta, poco turistica e poco alla moda. Nonostante tutto \u00e8 un\u2019isola autonoma con una popolazione stabile durante tutto l\u2019anno. Ha scuole, un ospedale grande (costruito durante l\u2019occupazione italiana con tutte le caratteristiche di una moderna ed efficientissima struttura dell\u2019epoca), un\u2019aeroporto con voli diretti da e verso Atene, una grande&nbsp;marina privata moderna con tutti i servizi necessari, un cimitero, strade larghe e facilmente carrabili di collegamento da nord a sud e da est a ovest (costruite dagli italiani), alberghi, supermercati e negozi di tutti generi, insomma tutto ci\u00f2 che serve per poter vivere sia una vacanza che una vita intera.<\/p>\n<p><strong><span style=\"color: #008000;\">Sacha Giannini<\/p>\n<p><\/span><\/strong><\/p>\n<p>testo e foto dell&#8217;autore&nbsp; e dalle fonti fotografiche di seguito riportate&nbsp;<\/p>\n<p>in anteprima casa sull&#8217;isola di Lero &#8211; autore <a class=\"new\" title=\"User:Art Grafix (page does not exist)\" href=\"https:\/\/commons.wikimedia.org\/w\/index.php?title=User:Art_Grafix&amp;action=edit&amp;redlink=1\">Art Grafix<\/a><br \/>\n<a href=\"https:\/\/commons.wikimedia.org\/wiki\/File:House_Leros.jpg\">House Leros.jpg &#8211; Wikimedia Commons<\/a><\/p>\n<p>&nbsp;<\/p>\n<p><strong><span style=\"color: #008000; font-size: 18pt;\">Fonti fotografiche<br \/>\n<\/span><\/strong><em>Vassilis <\/em>Kolonas in his book \u201c<em>Italian Architecture <\/em>in the Dodecanese Islands (1912-1943)<br \/>\nArchivio storico del Dodecaneso<br \/>\nArchitetto Sacha Giannini<\/p>\n<p>&nbsp;<\/p>\n<p><a class=\"maxbutton-27 maxbutton maxbutton-un-regalo-per-te\" href=\"https:\/\/www.primevideo.com\/offers\/ref=atv_nb_lcl_it_IT?tag=amazon0e150-21 Italia\"><span class='mb-text'>Una sorpresa per te su Amazon Music unlimited<\/span><\/a>&nbsp; &nbsp;<a class=\"maxbutton-28 maxbutton maxbutton-amazon-prime\" title=\"Scopri i vantaggi di Amazon Prime\" href=\"javascript:void(0);\"><span class='mb-text'>Scopri i vantaggi di Amazon Prime<\/span><\/a><\/p>\n<p>&nbsp;<\/p>\n<p style=\"text-align: justify;\">Alcune delle foto presenti in questo blog possono essere state prese dal web, citandone ove possibile gli autori e\/o le fonti. Se qualcuno desiderasse specificarne l\u2019autore o rimuoverle, pu\u00f2 scrivere a infoocean4future@gmail.com e provvederemo immediatamente alla correzione dell\u2019articolo<br \/>\n<span style=\"color: #ffffff;\">,<\/span><\/p>\n<a class=\"maxbutton-3 maxbutton maxbutton-pagina-principale\" target=\"_blank\" title=\"tooltip\" rel=\"nofollow noopener\" href=\"http:\/\/www.ocean4future.org\"><span class='mb-text'>PAGINA PRINCIPALE<\/span><\/a>\n","protected":false},"excerpt":{"rendered":"<p><span class=\"span-reading-time rt-reading-time\" style=\"display: block;\"><span class=\"rt-label rt-prefix\">tempo di lettura: <\/span> <span class=\"rt-time\"> 6<\/span> <span class=\"rt-label rt-postfix\">minuti<\/span><\/span>. . ARGOMENTO: REPORTAGE PERIODO: XX-XXI SECOLO AREA: DIDATTICA parole chiave: Dodecaneso, Lero, architettura . Leros \u00e8 una piccola isola nel mar Egeo, non lontano dalla Turchia. Nel 1912, in seguito alla guerra&nbsp;italo turca, l\u2019isola fu costituita a \u00abpossedimento\u00bb italiano, una terra d\u2019oltremare e base navale nel Dodecaneso della regia Marina italiana. Quest\u2019isola, sebbene poco [&hellip;]<\/p>\n","protected":false},"author":2390,"featured_media":93859,"comment_status":"open","ping_status":"open","sticky":false,"template":"","format":"standard","meta":{"_acf_changed":false,"_monsterinsights_skip_tracking":false,"_monsterinsights_sitenote_active":false,"_monsterinsights_sitenote_note":"","_monsterinsights_sitenote_category":0,"footnotes":""},"categories":[76],"tags":[],"class_list":["post-61577","post","type-post","status-publish","format-standard","has-post-thumbnail","hentry","category-reportage"],"acf":[],"yoast_head":"<!-- This site is optimized with the Yoast SEO plugin v27.4 - https:\/\/yoast.com\/product\/yoast-seo-wordpress\/ -->\n<title>Reportage: Leros, l\u2019isola italiana. Viaggio in Dodecaneso e nelle sue memorie dimenticate &#8226; OCEAN4FUTURE autore<\/title>\n<meta name=\"robots\" content=\"index, follow, max-snippet:-1, max-image-preview:large, max-video-preview:-1\" \/>\n<link rel=\"canonical\" href=\"https:\/\/www.ocean4future.org\/savetheocean\/archives\/61577\" \/>\n<meta property=\"og:locale\" content=\"it_IT\" \/>\n<meta property=\"og:type\" content=\"article\" \/>\n<meta property=\"og:title\" content=\"Reportage: Leros, l\u2019isola italiana. Viaggio in Dodecaneso e nelle sue memorie dimenticate &#8226; OCEAN4FUTURE autore\" \/>\n<meta property=\"og:description\" content=\"tempo di lettura:  6 minuti. . ARGOMENTO: REPORTAGE PERIODO: XX-XXI SECOLO AREA: DIDATTICA parole chiave: Dodecaneso, Lero, architettura . Leros \u00e8 una piccola isola nel mar Egeo, non lontano dalla Turchia. Nel 1912, in seguito alla guerra&nbsp;italo turca, l\u2019isola fu costituita a \u00abpossedimento\u00bb italiano, una terra d\u2019oltremare e base navale nel Dodecaneso della regia Marina italiana. Quest\u2019isola, sebbene poco [&hellip;]\" \/>\n<meta property=\"og:url\" content=\"https:\/\/www.ocean4future.org\/savetheocean\/archives\/61577\" \/>\n<meta property=\"og:site_name\" content=\"OCEAN4FUTURE\" \/>\n<meta property=\"article:published_time\" content=\"2021-07-17T22:03:52+00:00\" \/>\n<meta property=\"article:modified_time\" content=\"2023-06-12T14:30:08+00:00\" \/>\n<meta property=\"og:image\" content=\"https:\/\/www.ocean4future.org\/savetheocean\/wp-content\/uploads\/2021\/07\/ARCHITETTURA-LERO-House_Leros.jpg\" \/>\n\t<meta property=\"og:image:width\" content=\"1200\" \/>\n\t<meta property=\"og:image:height\" content=\"857\" \/>\n\t<meta property=\"og:image:type\" content=\"image\/jpeg\" \/>\n<meta name=\"author\" content=\"Sacha Giannini\" \/>\n<meta name=\"twitter:card\" content=\"summary_large_image\" \/>\n<meta name=\"twitter:creator\" content=\"@ocean4future\" \/>\n<meta name=\"twitter:site\" content=\"@ocean4future\" \/>\n<meta name=\"twitter:label1\" content=\"Scritto da\" \/>\n\t<meta name=\"twitter:data1\" content=\"Sacha Giannini\" \/>\n\t<meta name=\"twitter:label2\" content=\"Tempo di lettura stimato\" \/>\n\t<meta name=\"twitter:data2\" content=\"8 minuti\" \/>\n<script type=\"application\/ld+json\" class=\"yoast-schema-graph\">{\"@context\":\"https:\\\/\\\/schema.org\",\"@graph\":[{\"@type\":\"Article\",\"@id\":\"https:\\\/\\\/www.ocean4future.org\\\/savetheocean\\\/archives\\\/61577#article\",\"isPartOf\":{\"@id\":\"https:\\\/\\\/www.ocean4future.org\\\/savetheocean\\\/archives\\\/61577\"},\"author\":{\"name\":\"Sacha Giannini\",\"@id\":\"https:\\\/\\\/www.ocean4future.org\\\/savetheocean\\\/#\\\/schema\\\/person\\\/6e6304070edbca76950786f9914905bc\"},\"headline\":\"Reportage: Leros, l\u2019isola italiana. Viaggio in Dodecaneso e nelle sue memorie dimenticate\",\"datePublished\":\"2021-07-17T22:03:52+00:00\",\"dateModified\":\"2023-06-12T14:30:08+00:00\",\"mainEntityOfPage\":{\"@id\":\"https:\\\/\\\/www.ocean4future.org\\\/savetheocean\\\/archives\\\/61577\"},\"wordCount\":1592,\"commentCount\":0,\"publisher\":{\"@id\":\"https:\\\/\\\/www.ocean4future.org\\\/savetheocean\\\/#\\\/schema\\\/person\\\/4e1c26437054353074d7bb2efa77162c\"},\"image\":{\"@id\":\"https:\\\/\\\/www.ocean4future.org\\\/savetheocean\\\/archives\\\/61577#primaryimage\"},\"thumbnailUrl\":\"https:\\\/\\\/www.ocean4future.org\\\/savetheocean\\\/wp-content\\\/uploads\\\/2021\\\/07\\\/ARCHITETTURA-LERO-House_Leros.jpg\",\"articleSection\":[\"Reportage\"],\"inLanguage\":\"it-IT\",\"potentialAction\":[{\"@type\":\"CommentAction\",\"name\":\"Comment\",\"target\":[\"https:\\\/\\\/www.ocean4future.org\\\/savetheocean\\\/archives\\\/61577#respond\"]}]},{\"@type\":\"WebPage\",\"@id\":\"https:\\\/\\\/www.ocean4future.org\\\/savetheocean\\\/archives\\\/61577\",\"url\":\"https:\\\/\\\/www.ocean4future.org\\\/savetheocean\\\/archives\\\/61577\",\"name\":\"Reportage: Leros, l\u2019isola italiana. Viaggio in Dodecaneso e nelle sue memorie dimenticate &#8226; OCEAN4FUTURE autore\",\"isPartOf\":{\"@id\":\"https:\\\/\\\/www.ocean4future.org\\\/savetheocean\\\/#website\"},\"primaryImageOfPage\":{\"@id\":\"https:\\\/\\\/www.ocean4future.org\\\/savetheocean\\\/archives\\\/61577#primaryimage\"},\"image\":{\"@id\":\"https:\\\/\\\/www.ocean4future.org\\\/savetheocean\\\/archives\\\/61577#primaryimage\"},\"thumbnailUrl\":\"https:\\\/\\\/www.ocean4future.org\\\/savetheocean\\\/wp-content\\\/uploads\\\/2021\\\/07\\\/ARCHITETTURA-LERO-House_Leros.jpg\",\"datePublished\":\"2021-07-17T22:03:52+00:00\",\"dateModified\":\"2023-06-12T14:30:08+00:00\",\"breadcrumb\":{\"@id\":\"https:\\\/\\\/www.ocean4future.org\\\/savetheocean\\\/archives\\\/61577#breadcrumb\"},\"inLanguage\":\"it-IT\",\"potentialAction\":[{\"@type\":\"ReadAction\",\"target\":[\"https:\\\/\\\/www.ocean4future.org\\\/savetheocean\\\/archives\\\/61577\"]}]},{\"@type\":\"ImageObject\",\"inLanguage\":\"it-IT\",\"@id\":\"https:\\\/\\\/www.ocean4future.org\\\/savetheocean\\\/archives\\\/61577#primaryimage\",\"url\":\"https:\\\/\\\/www.ocean4future.org\\\/savetheocean\\\/wp-content\\\/uploads\\\/2021\\\/07\\\/ARCHITETTURA-LERO-House_Leros.jpg\",\"contentUrl\":\"https:\\\/\\\/www.ocean4future.org\\\/savetheocean\\\/wp-content\\\/uploads\\\/2021\\\/07\\\/ARCHITETTURA-LERO-House_Leros.jpg\",\"width\":1200,\"height\":857},{\"@type\":\"BreadcrumbList\",\"@id\":\"https:\\\/\\\/www.ocean4future.org\\\/savetheocean\\\/archives\\\/61577#breadcrumb\",\"itemListElement\":[{\"@type\":\"ListItem\",\"position\":1,\"name\":\"Home\",\"item\":\"https:\\\/\\\/www.ocean4future.org\\\/savetheocean\"},{\"@type\":\"ListItem\",\"position\":2,\"name\":\"Reportage: Leros, l\u2019isola italiana. Viaggio in Dodecaneso e nelle sue memorie dimenticate\"}]},{\"@type\":\"WebSite\",\"@id\":\"https:\\\/\\\/www.ocean4future.org\\\/savetheocean\\\/#website\",\"url\":\"https:\\\/\\\/www.ocean4future.org\\\/savetheocean\\\/\",\"name\":\"Ocean 4 Future\",\"description\":\"Per una nuova cultura del mare e della marittimit\u00e0\",\"publisher\":{\"@id\":\"https:\\\/\\\/www.ocean4future.org\\\/savetheocean\\\/#\\\/schema\\\/person\\\/4e1c26437054353074d7bb2efa77162c\"},\"potentialAction\":[{\"@type\":\"SearchAction\",\"target\":{\"@type\":\"EntryPoint\",\"urlTemplate\":\"https:\\\/\\\/www.ocean4future.org\\\/savetheocean\\\/?s={search_term_string}\"},\"query-input\":{\"@type\":\"PropertyValueSpecification\",\"valueRequired\":true,\"valueName\":\"search_term_string\"}}],\"inLanguage\":\"it-IT\"},{\"@type\":[\"Person\",\"Organization\"],\"@id\":\"https:\\\/\\\/www.ocean4future.org\\\/savetheocean\\\/#\\\/schema\\\/person\\\/4e1c26437054353074d7bb2efa77162c\",\"name\":\"oceandiver\",\"image\":{\"@type\":\"ImageObject\",\"inLanguage\":\"it-IT\",\"@id\":\"https:\\\/\\\/www.ocean4future.org\\\/savetheocean\\\/wp-content\\\/uploads\\\/2023\\\/04\\\/logo-ocean3.jpg\",\"url\":\"https:\\\/\\\/www.ocean4future.org\\\/savetheocean\\\/wp-content\\\/uploads\\\/2023\\\/04\\\/logo-ocean3.jpg\",\"contentUrl\":\"https:\\\/\\\/www.ocean4future.org\\\/savetheocean\\\/wp-content\\\/uploads\\\/2023\\\/04\\\/logo-ocean3.jpg\",\"width\":472,\"height\":301,\"caption\":\"oceandiver\"},\"logo\":{\"@id\":\"https:\\\/\\\/www.ocean4future.org\\\/savetheocean\\\/wp-content\\\/uploads\\\/2023\\\/04\\\/logo-ocean3.jpg\"}},{\"@type\":\"Person\",\"@id\":\"https:\\\/\\\/www.ocean4future.org\\\/savetheocean\\\/#\\\/schema\\\/person\\\/6e6304070edbca76950786f9914905bc\",\"name\":\"Sacha Giannini\",\"image\":{\"@type\":\"ImageObject\",\"inLanguage\":\"it-IT\",\"@id\":\"https:\\\/\\\/secure.gravatar.com\\\/avatar\\\/9a8abcafecbc17fe4f85b14d214245fbad62a514aca5bf8fcb539e2d8bcaa43f?s=96&d=mm&r=g\",\"url\":\"https:\\\/\\\/secure.gravatar.com\\\/avatar\\\/9a8abcafecbc17fe4f85b14d214245fbad62a514aca5bf8fcb539e2d8bcaa43f?s=96&d=mm&r=g\",\"contentUrl\":\"https:\\\/\\\/secure.gravatar.com\\\/avatar\\\/9a8abcafecbc17fe4f85b14d214245fbad62a514aca5bf8fcb539e2d8bcaa43f?s=96&d=mm&r=g\",\"caption\":\"Sacha Giannini\"},\"description\":\"architetto, yacht designer, perito navale ed ex ispettore di sicurezza del diporto per il rilascio delle certificazioni di sicurezza, \u00e8 un appassionato e profondo conoscitore delle imbarcazioni a vela che effettua valutazioni tecniche e stime commerciali. Dal 2000 esercita la professione di architetto, tra terra e mare, impegnato nell\u2019architettura come nel refitting di barche.\",\"sameAs\":[\"https:\\\/\\\/www.sachagiannini.it\\\/\"],\"url\":\"https:\\\/\\\/www.ocean4future.org\\\/savetheocean\\\/archives\\\/author\\\/sacha-giannini\"}]}<\/script>\n<!-- \/ Yoast SEO plugin. -->","yoast_head_json":{"title":"Reportage: Leros, l\u2019isola italiana. Viaggio in Dodecaneso e nelle sue memorie dimenticate &#8226; OCEAN4FUTURE autore","robots":{"index":"index","follow":"follow","max-snippet":"max-snippet:-1","max-image-preview":"max-image-preview:large","max-video-preview":"max-video-preview:-1"},"canonical":"https:\/\/www.ocean4future.org\/savetheocean\/archives\/61577","og_locale":"it_IT","og_type":"article","og_title":"Reportage: Leros, l\u2019isola italiana. Viaggio in Dodecaneso e nelle sue memorie dimenticate &#8226; OCEAN4FUTURE autore","og_description":"tempo di lettura:  6 minuti. . ARGOMENTO: REPORTAGE PERIODO: XX-XXI SECOLO AREA: DIDATTICA parole chiave: Dodecaneso, Lero, architettura . Leros \u00e8 una piccola isola nel mar Egeo, non lontano dalla Turchia. Nel 1912, in seguito alla guerra&nbsp;italo turca, l\u2019isola fu costituita a \u00abpossedimento\u00bb italiano, una terra d\u2019oltremare e base navale nel Dodecaneso della regia Marina italiana. Quest\u2019isola, sebbene poco [&hellip;]","og_url":"https:\/\/www.ocean4future.org\/savetheocean\/archives\/61577","og_site_name":"OCEAN4FUTURE","article_published_time":"2021-07-17T22:03:52+00:00","article_modified_time":"2023-06-12T14:30:08+00:00","og_image":[{"width":1200,"height":857,"url":"https:\/\/www.ocean4future.org\/savetheocean\/wp-content\/uploads\/2021\/07\/ARCHITETTURA-LERO-House_Leros.jpg","type":"image\/jpeg"}],"author":"Sacha Giannini","twitter_card":"summary_large_image","twitter_creator":"@ocean4future","twitter_site":"@ocean4future","twitter_misc":{"Scritto da":"Sacha Giannini","Tempo di lettura stimato":"8 minuti"},"schema":{"@context":"https:\/\/schema.org","@graph":[{"@type":"Article","@id":"https:\/\/www.ocean4future.org\/savetheocean\/archives\/61577#article","isPartOf":{"@id":"https:\/\/www.ocean4future.org\/savetheocean\/archives\/61577"},"author":{"name":"Sacha Giannini","@id":"https:\/\/www.ocean4future.org\/savetheocean\/#\/schema\/person\/6e6304070edbca76950786f9914905bc"},"headline":"Reportage: Leros, l\u2019isola italiana. Viaggio in Dodecaneso e nelle sue memorie dimenticate","datePublished":"2021-07-17T22:03:52+00:00","dateModified":"2023-06-12T14:30:08+00:00","mainEntityOfPage":{"@id":"https:\/\/www.ocean4future.org\/savetheocean\/archives\/61577"},"wordCount":1592,"commentCount":0,"publisher":{"@id":"https:\/\/www.ocean4future.org\/savetheocean\/#\/schema\/person\/4e1c26437054353074d7bb2efa77162c"},"image":{"@id":"https:\/\/www.ocean4future.org\/savetheocean\/archives\/61577#primaryimage"},"thumbnailUrl":"https:\/\/www.ocean4future.org\/savetheocean\/wp-content\/uploads\/2021\/07\/ARCHITETTURA-LERO-House_Leros.jpg","articleSection":["Reportage"],"inLanguage":"it-IT","potentialAction":[{"@type":"CommentAction","name":"Comment","target":["https:\/\/www.ocean4future.org\/savetheocean\/archives\/61577#respond"]}]},{"@type":"WebPage","@id":"https:\/\/www.ocean4future.org\/savetheocean\/archives\/61577","url":"https:\/\/www.ocean4future.org\/savetheocean\/archives\/61577","name":"Reportage: Leros, l\u2019isola italiana. Viaggio in Dodecaneso e nelle sue memorie dimenticate &#8226; OCEAN4FUTURE autore","isPartOf":{"@id":"https:\/\/www.ocean4future.org\/savetheocean\/#website"},"primaryImageOfPage":{"@id":"https:\/\/www.ocean4future.org\/savetheocean\/archives\/61577#primaryimage"},"image":{"@id":"https:\/\/www.ocean4future.org\/savetheocean\/archives\/61577#primaryimage"},"thumbnailUrl":"https:\/\/www.ocean4future.org\/savetheocean\/wp-content\/uploads\/2021\/07\/ARCHITETTURA-LERO-House_Leros.jpg","datePublished":"2021-07-17T22:03:52+00:00","dateModified":"2023-06-12T14:30:08+00:00","breadcrumb":{"@id":"https:\/\/www.ocean4future.org\/savetheocean\/archives\/61577#breadcrumb"},"inLanguage":"it-IT","potentialAction":[{"@type":"ReadAction","target":["https:\/\/www.ocean4future.org\/savetheocean\/archives\/61577"]}]},{"@type":"ImageObject","inLanguage":"it-IT","@id":"https:\/\/www.ocean4future.org\/savetheocean\/archives\/61577#primaryimage","url":"https:\/\/www.ocean4future.org\/savetheocean\/wp-content\/uploads\/2021\/07\/ARCHITETTURA-LERO-House_Leros.jpg","contentUrl":"https:\/\/www.ocean4future.org\/savetheocean\/wp-content\/uploads\/2021\/07\/ARCHITETTURA-LERO-House_Leros.jpg","width":1200,"height":857},{"@type":"BreadcrumbList","@id":"https:\/\/www.ocean4future.org\/savetheocean\/archives\/61577#breadcrumb","itemListElement":[{"@type":"ListItem","position":1,"name":"Home","item":"https:\/\/www.ocean4future.org\/savetheocean"},{"@type":"ListItem","position":2,"name":"Reportage: Leros, l\u2019isola italiana. Viaggio in Dodecaneso e nelle sue memorie dimenticate"}]},{"@type":"WebSite","@id":"https:\/\/www.ocean4future.org\/savetheocean\/#website","url":"https:\/\/www.ocean4future.org\/savetheocean\/","name":"Ocean 4 Future","description":"Per una nuova cultura del mare e della marittimit\u00e0","publisher":{"@id":"https:\/\/www.ocean4future.org\/savetheocean\/#\/schema\/person\/4e1c26437054353074d7bb2efa77162c"},"potentialAction":[{"@type":"SearchAction","target":{"@type":"EntryPoint","urlTemplate":"https:\/\/www.ocean4future.org\/savetheocean\/?s={search_term_string}"},"query-input":{"@type":"PropertyValueSpecification","valueRequired":true,"valueName":"search_term_string"}}],"inLanguage":"it-IT"},{"@type":["Person","Organization"],"@id":"https:\/\/www.ocean4future.org\/savetheocean\/#\/schema\/person\/4e1c26437054353074d7bb2efa77162c","name":"oceandiver","image":{"@type":"ImageObject","inLanguage":"it-IT","@id":"https:\/\/www.ocean4future.org\/savetheocean\/wp-content\/uploads\/2023\/04\/logo-ocean3.jpg","url":"https:\/\/www.ocean4future.org\/savetheocean\/wp-content\/uploads\/2023\/04\/logo-ocean3.jpg","contentUrl":"https:\/\/www.ocean4future.org\/savetheocean\/wp-content\/uploads\/2023\/04\/logo-ocean3.jpg","width":472,"height":301,"caption":"oceandiver"},"logo":{"@id":"https:\/\/www.ocean4future.org\/savetheocean\/wp-content\/uploads\/2023\/04\/logo-ocean3.jpg"}},{"@type":"Person","@id":"https:\/\/www.ocean4future.org\/savetheocean\/#\/schema\/person\/6e6304070edbca76950786f9914905bc","name":"Sacha Giannini","image":{"@type":"ImageObject","inLanguage":"it-IT","@id":"https:\/\/secure.gravatar.com\/avatar\/9a8abcafecbc17fe4f85b14d214245fbad62a514aca5bf8fcb539e2d8bcaa43f?s=96&d=mm&r=g","url":"https:\/\/secure.gravatar.com\/avatar\/9a8abcafecbc17fe4f85b14d214245fbad62a514aca5bf8fcb539e2d8bcaa43f?s=96&d=mm&r=g","contentUrl":"https:\/\/secure.gravatar.com\/avatar\/9a8abcafecbc17fe4f85b14d214245fbad62a514aca5bf8fcb539e2d8bcaa43f?s=96&d=mm&r=g","caption":"Sacha Giannini"},"description":"architetto, yacht designer, perito navale ed ex ispettore di sicurezza del diporto per il rilascio delle certificazioni di sicurezza, \u00e8 un appassionato e profondo conoscitore delle imbarcazioni a vela che effettua valutazioni tecniche e stime commerciali. Dal 2000 esercita la professione di architetto, tra terra e mare, impegnato nell\u2019architettura come nel refitting di barche.","sameAs":["https:\/\/www.sachagiannini.it\/"],"url":"https:\/\/www.ocean4future.org\/savetheocean\/archives\/author\/sacha-giannini"}]}},"_links":{"self":[{"href":"https:\/\/www.ocean4future.org\/savetheocean\/wp-json\/wp\/v2\/posts\/61577","targetHints":{"allow":["GET"]}}],"collection":[{"href":"https:\/\/www.ocean4future.org\/savetheocean\/wp-json\/wp\/v2\/posts"}],"about":[{"href":"https:\/\/www.ocean4future.org\/savetheocean\/wp-json\/wp\/v2\/types\/post"}],"author":[{"embeddable":true,"href":"https:\/\/www.ocean4future.org\/savetheocean\/wp-json\/wp\/v2\/users\/2390"}],"replies":[{"embeddable":true,"href":"https:\/\/www.ocean4future.org\/savetheocean\/wp-json\/wp\/v2\/comments?post=61577"}],"version-history":[{"count":0,"href":"https:\/\/www.ocean4future.org\/savetheocean\/wp-json\/wp\/v2\/posts\/61577\/revisions"}],"wp:featuredmedia":[{"embeddable":true,"href":"https:\/\/www.ocean4future.org\/savetheocean\/wp-json\/wp\/v2\/media\/93859"}],"wp:attachment":[{"href":"https:\/\/www.ocean4future.org\/savetheocean\/wp-json\/wp\/v2\/media?parent=61577"}],"wp:term":[{"taxonomy":"category","embeddable":true,"href":"https:\/\/www.ocean4future.org\/savetheocean\/wp-json\/wp\/v2\/categories?post=61577"},{"taxonomy":"post_tag","embeddable":true,"href":"https:\/\/www.ocean4future.org\/savetheocean\/wp-json\/wp\/v2\/tags?post=61577"}],"curies":[{"name":"wp","href":"https:\/\/api.w.org\/{rel}","templated":true}]}}