{"id":61044,"date":"2021-07-03T00:15:34","date_gmt":"2021-07-02T22:15:34","guid":{"rendered":"http:\/\/www.ocean4future.org\/savetheocean\/?p=61044"},"modified":"2023-06-01T21:08:21","modified_gmt":"2023-06-01T19:08:21","slug":"lagari-hasan-celebi-un-rocket-man-del-1633","status":"publish","type":"post","link":"https:\/\/www.ocean4future.org\/savetheocean\/archives\/61044","title":{"rendered":"Lag\u00e2ri Hasan \u00c7elebi: Un Rocket-Man del 1633"},"content":{"rendered":"<span class=\"span-reading-time rt-reading-time\" style=\"display: block;\"><span class=\"rt-label rt-prefix\">tempo di lettura: <\/span> <span class=\"rt-time\"> 4<\/span> <span class=\"rt-label rt-postfix\">minuti<\/span><\/span><p><span style=\"color: #ffffff;\">.<\/span><br \/>\n<a class=\"maxbutton-4 maxbutton maxbutton-livello-di-comprensione\" href=\"javascript:void(0);\"><span class='mb-text'>livello elementare<\/span><\/a><br \/>\n<span style=\"color: #ffffff;\">.<\/span><br \/>\n<strong><span style=\"color: #008000;\">ARGOMENTO: STORIA NAVALE<\/span><\/strong><br \/>\n<strong><span style=\"color: #008000;\">PERIODO: XVII SECOLO<\/span><\/strong><br \/>\n<strong><span style=\"color: #008000;\">AREA: TURCHIA<\/span><\/strong><br \/>\nparole chiave: Murad IV, Lag\u00e2ri Hasan \u00c7elebi, razzo<br \/>\n<span style=\"color: #ffffff;\">.<\/span><\/p>\n<p style=\"text-align: justify;\"><strong><span style=\"color: #008000;\">Lag\u00e2ri Hasan \u00c7elebi<\/span><\/strong> fu protagonista, nel 1633, di uno degli episodi pi\u00f9 incredibili nella storia della tecnologia.&nbsp;Una storia, a dire il vero, che nessuno avrebbe neanche considerato come verosimile, quella di Celebi, se non fosse stata tramandata dalla penna del grande autore&nbsp;ottomano&nbsp;<strong><span style=\"color: #008000;\">Evliya \u00c7elebi<\/span><\/strong> (quest\u2019ultimo fu anche uno dei primi a denunciare come orrendo il traffico di schiavi bianchi gestito dal Khanato di Crimea).&nbsp;<\/p>\n<p class=\"has-text-align-justify\" style=\"text-align: justify;\">Nel suo \u201c<strong><span style=\"color: #008000;\">Seyahatname<\/span><\/strong>\u201d (Il Libro dei Viaggi), <strong><span style=\"color: #008000;\">Evliya \u00c7elebi<\/span> <\/strong>racconta <strong><span style=\"color: #008000;\">l\u2019impresa di Lag\u00e2ri<\/span><\/strong>, compiuta davanti agli occhi di <strong><span style=\"color: #008000;\">Murad IV<\/span><\/strong> per omaggiare la nascita della figlia di quest\u2019ultimo. Per alcuni mesi, Lag\u00e2ri lavora alla costruzione di un guscio di metallo in grado di contenere il suo corpo, poi completa l\u2019opera assicurando al guscio sette razzi per utilizzarli come propulsori. I razzi contengono, in tutto, circa 70 kg di polvere da sparo.&nbsp;<\/p>\n<p><img decoding=\"async\" src=\"https:\/\/i0.wp.com\/zweilawyer.com\/wp-content\/uploads\/2019\/09\/Lagari.jpg?resize=759%2C621\" alt=\"Lag\u00e2ri Hasan \u00c7elebi\" width=\"759\" height=\"621\"><\/p>\n<p align=\"justify\"><strong><span style=\"color: #008000;\">Quadro di Lag\u00e2ri Hasan \u00c7elebi e il suo razzo &#8211; autore non noto&nbsp; &#8211; caricato da Kullan\u0131c\u0131:CRea80 &#8211;&nbsp; Public domain<\/span><\/strong> <a href=\"https:\/\/commons.wikimedia.org\/wiki\/File:Lagari.jpg\">Lagari.jpg &#8211; Wikimedia Commons<\/a><\/p>\n<p class=\"has-text-align-justify\" style=\"text-align: justify;\">Nel 1633, <strong><span style=\"color: #008000;\">Lag\u00e2ri Hasan \u00c7eleb<\/span><\/strong>i, con l\u2019aiuto di un assistente, d\u00e0 fuoco alle micce appena sotto il Palazzo Topkap\u0131 . Si gira verso il Sultano e dice \u201c<em><strong><span style=\"color: #008000;\">Siate benedetto, ora vado a parlare con Ges\u00f9<\/span><\/strong>!<\/em>\u201c. Stando al racconto di Evliya, il mezzo costruito da Lag\u00e2ri arriva fino a trecento metri di altezza prima di iniziare la discesa, frenata da una un paio di ali aperte successivamente.&nbsp;<strong><span style=\"color: #008000;\">Lag\u00e2ri<\/span> <\/strong>cade in acqua e raggiunge la riva a nuoto, rivolgendosi subito al sovrano con queste parole: \u201c<strong><span style=\"color: #008000;\"><em>Mio Sultano, Ges\u00f9 vi manda i suoi pi\u00f9 cari saluti!<\/em><\/span><\/strong>\u201c.<\/p>\n<figure style=\"width: 740px\" class=\"wp-caption alignnone\"><img decoding=\"async\" src=\"https:\/\/www.ocean4future.org\/savetheocean\/wp-content\/uploads\/2021\/06\/murad-IV.png\" alt=\"Questa immagine ha l'attributo alt vuoto; il nome del file \u00e8 murad-IV.png\" width=\"740\" height=\"1029\"><figcaption class=\"wp-caption-text\"><strong><span style=\"color: #008000;\">Murad IV, sultano ottomano<a href=\"https:\/\/commons.wikimedia.org\/wiki\/File:Murad_IV.jpg\">Murad IV.jpg &#8211; Wikimedia Commons<\/a><\/span><\/strong><\/figcaption><\/figure>\n<p style=\"text-align: justify;\">Il Sultano Murad IV lo ricompensa immediatamente con un sacchetto di monete d\u2019argento e gli assegna una rendita giornaliera di altre 70 monete d\u2019argento. Si tratta di una storia che, al giorno d\u2019oggi, viene considerata un semplice mito. Anche i tentativi moderni (come quello effettuato dalla famosa trasmissione&nbsp;<em>MythBusters<\/em>), utilizzando materiali e tecniche d\u2019avanguardia, hanno mostrato l\u2019impossibilit\u00e0 di un\u2019impresa del genere.<\/p>\n<p><img decoding=\"async\" src=\"https:\/\/www.ocean4future.org\/savetheocean\/wp-content\/uploads\/2023\/06\/STORIA-TURCHIA-Lagari_Hasan_Celebi_rocket_flight.jpg\" alt=\"Questa immagine ha l'attributo alt vuoto; il nome del file \u00e8 STORIA-TURCHIA-Lagari_Hasan_Celebi_rocket_flight.jpg\" width=\"640\" height=\"990\"><\/p>\n<p align=\"justify\"><strong><span style=\"color: #008000;\">il primo&#8221; volo missilistico con equipaggio&#8221; eseguito da Lag\u00e2ri Hasan \u00c7elebi &#8211; caricato da Kabz15 &#8211;&nbsp; Creative Commons Attribution-Share Alike 4.0 <a href=\"https:\/\/commons.wikimedia.org\/wiki\/File:Lag%C3%A2ri_Hasan_%C3%87elebi_rocket_flight.jpg\">Lag\u00e2ri Hasan \u00c7elebi rocket flight.jpg &#8211; Wikimedia Commons<\/a><\/span><\/strong><\/p>\n<p style=\"text-align: justify;\">La <strong><span style=\"color: #008000;\">storia di Lag\u00e2ri Hasan \u00c7elebi<\/span><\/strong> non si conclude, comunque, nel migliore dei modi. Sembra, infatti, che il Sultano, dopo avergli dato il suo supporto, sia stato convinto dagli&nbsp;<em>Ulema<\/em> a metterlo sotto processo. Poco dopo, viene esiliato in Crimea, dove muore.&nbsp;Una definizione di Ulema molto concisa, ma adatta a chi non abbia conoscenza della categoria, \u00e8 quella contenuta nel dizionario Treccani:<\/p>\n<table>\n<tbody>\n<tr>\n<td style=\"text-align: justify;\"><strong><span style=\"color: #008000; font-size: 14pt;\">Nel mondo musulmano, i dotti nelle scienze religiose (teologia, diritto ecc.), cio\u00e8 soprattutto i teologi e giureconsulti, al di fuori di ogni carattere sacrale. Sono considerati i depositari e tutori della legge religiosa islamica (shar\u012b\u201ba), e hanno quindi spesso rappresentato l\u2019elemento conservatore e misoneista all\u2019interno del mondo islamico fino ai nostri giorni.<\/span><\/strong><\/td>\n<\/tr>\n<\/tbody>\n<\/table>\n<p style=\"text-align: justify;\">Di <strong><span style=\"color: #008000;\">Lag\u00e2ri Hasan \u00c7elebi<\/span><\/strong> resta la testimonianza di <strong><span style=\"color: #008000;\">Evliya<\/span><\/strong>, che, tra l\u2019altro, nei suoi scritti parla anche del fratello di Lag\u00e2ri, <strong><span style=\"color: #008000;\">Hezarfen Ahmed<\/span><\/strong>, considerandolo il primo uomo ad aver effettuato un volo con una sorta di aliante. Ad oggi, uno degli aeroporti di Istanbul \u00e8 intitolato proprio a quest\u2019ultimo.&nbsp;La storia di <strong><span style=\"color: #008000;\">Lag\u00e2ri Hasan \u00c7elebi<\/span><\/strong> ha ricevuto una certa attenzione qualche anno fa, quando ha iniziato a circolare una&nbsp;<strong><span style=\"color: #008000;\">falsa dichiarazione del presidente turco Erdo\u011fan<\/span><\/strong>&nbsp;sulla conquista della Luna:<\/p>\n<blockquote class=\"wp-block-quote is-style-large\">\n<p style=\"text-align: justify;\"><strong><span style=\"font-size: 14pt; color: #008000;\">\u201cSostengono che il primo uomo sulla Luna sia stato Neil Armstrong, nel 1969. In realt\u00e0, gli esploratori dello spazio musulmani hanno raggiunto il nostro satellite 334 anni prima, nel 1635. Tutti conoscono il nostro famoso aviatore, \u201cil Rocket-Man Ottomano\u201d, che ha fatto il suo primo volo con un razzo nel 1633. Ci\u00f2 che forse non sapete, \u00e8 che prov\u00f2 a raggiungere la Luna, due anni dopo, e che potrebbe avercela fatta!\u201d<\/span><\/strong><\/p>\n<p style=\"text-align: justify;\"><strong><span style=\"font-size: 14pt; color: #008000;\">[\u2026] la NASA potrebbe aver distrutto la maggior parte delle prove fisiche del successo ottomano durante la missione dell\u2019Apollo 11, ma cercheremo prove che siano sopravvissute all\u2019insabbiamento.<\/span><\/strong><\/p>\n<\/blockquote>\n<p style=\"text-align: justify;\">Una<strong><span style=\"color: #008000;\">&nbsp;<\/span><span style=\"color: #008000;\">dichiarazione ovviamente falsa<\/span>,<\/strong> una fake news, che inizialmente aveva tratto in inganno molte persone a causa di precedenti dichiarazioni (questa volta vere) di Erdogan sulla scoperta dell\u2019America.<\/p>\n<p><strong><span style=\"color: #008000;\">Gabriele Campagnano<\/span><\/strong><\/p>\n<p>&nbsp;<\/p>\n<p><span style=\"font-size: 18pt;\"><strong><span style=\"color: #008000;\">Bibliografia<\/span><\/strong><\/span><\/p>\n<p>L. ROCCHI, <em>Tra guerra e diplomazia. Un viaggiatore turco nella Dalmazia del Seicento \u2013 Passi scelti dal Seyahatname di Evliya \u00c7elebi<\/em>, IRCI, Trieste 2008<\/p>\n<p>&nbsp;<\/p>\n<p><a class=\"maxbutton-27 maxbutton maxbutton-un-regalo-per-te\" href=\"https:\/\/www.primevideo.com\/offers\/ref=atv_nb_lcl_it_IT?tag=amazon0e150-21 Italia\"><span class='mb-text'>Una sorpresa per te su Amazon Music unlimited<\/span><\/a>&nbsp; &nbsp;<a class=\"maxbutton-28 maxbutton maxbutton-amazon-prime\" title=\"Scopri i vantaggi di Amazon Prime\" href=\"javascript:void(0);\"><span class='mb-text'>Scopri i vantaggi di Amazon Prime<\/span><\/a><\/p>\n<p>&nbsp;<\/p>\n<p style=\"text-align: justify;\">Alcune delle foto presenti in questo blog possono essere state prese dal web, citandone ove possibile gli autori e\/o le fonti. Se qualcuno desiderasse specificarne l\u2019autore o rimuoverle, pu\u00f2 scrivere a infoocean4future@gmail.com e provvederemo immediatamente alla <span style=\"color: #ffffff;\">correzione dell\u2019articolo<\/span><br \/>\n<span style=\"color: #ffffff;\">,<\/span><\/p>\n<a class=\"maxbutton-3 maxbutton maxbutton-pagina-principale\" target=\"_blank\" title=\"tooltip\" rel=\"nofollow noopener\" href=\"http:\/\/www.ocean4future.org\"><span class='mb-text'>PAGINA PRINCIPALE<\/span><\/a>\n","protected":false},"excerpt":{"rendered":"<p><span class=\"span-reading-time rt-reading-time\" style=\"display: block;\"><span class=\"rt-label rt-prefix\">tempo di lettura: <\/span> <span class=\"rt-time\"> 4<\/span> <span class=\"rt-label rt-postfix\">minuti<\/span><\/span>. . ARGOMENTO: STORIA NAVALE PERIODO: XVII SECOLO AREA: TURCHIA parole chiave: Murad IV, Lag\u00e2ri Hasan \u00c7elebi, razzo . Lag\u00e2ri Hasan \u00c7elebi fu protagonista, nel 1633, di uno degli episodi pi\u00f9 incredibili nella storia della tecnologia.&nbsp;Una storia, a dire il vero, che nessuno avrebbe neanche considerato come verosimile, quella di Celebi, se non fosse stata [&hellip;]<\/p>\n","protected":false},"author":2366,"featured_media":93070,"comment_status":"open","ping_status":"open","sticky":false,"template":"","format":"standard","meta":{"_acf_changed":false,"_monsterinsights_skip_tracking":false,"_monsterinsights_sitenote_active":false,"_monsterinsights_sitenote_note":"","_monsterinsights_sitenote_category":0,"footnotes":""},"categories":[2314],"tags":[],"class_list":["post-61044","post","type-post","status-publish","format-standard","has-post-thumbnail","hentry","category-personaggi"],"acf":[],"yoast_head":"<!-- This site is optimized with the Yoast SEO plugin v27.4 - https:\/\/yoast.com\/product\/yoast-seo-wordpress\/ -->\n<title>Lag\u00e2ri Hasan \u00c7elebi: Un Rocket-Man del 1633 &#8226; OCEAN4FUTURE autore<\/title>\n<meta name=\"robots\" content=\"index, follow, max-snippet:-1, max-image-preview:large, max-video-preview:-1\" \/>\n<link rel=\"canonical\" href=\"https:\/\/www.ocean4future.org\/savetheocean\/archives\/61044\" \/>\n<meta property=\"og:locale\" content=\"it_IT\" \/>\n<meta property=\"og:type\" content=\"article\" \/>\n<meta property=\"og:title\" content=\"Lag\u00e2ri Hasan \u00c7elebi: Un Rocket-Man del 1633 &#8226; OCEAN4FUTURE autore\" \/>\n<meta property=\"og:description\" content=\"tempo di lettura:  4 minuti. . ARGOMENTO: STORIA NAVALE PERIODO: XVII SECOLO AREA: TURCHIA parole chiave: Murad IV, Lag\u00e2ri Hasan \u00c7elebi, razzo . Lag\u00e2ri Hasan \u00c7elebi fu protagonista, nel 1633, di uno degli episodi pi\u00f9 incredibili nella storia della tecnologia.&nbsp;Una storia, a dire il vero, che nessuno avrebbe neanche considerato come verosimile, quella di Celebi, se non fosse stata [&hellip;]\" \/>\n<meta property=\"og:url\" content=\"https:\/\/www.ocean4future.org\/savetheocean\/archives\/61044\" \/>\n<meta property=\"og:site_name\" content=\"OCEAN4FUTURE\" \/>\n<meta property=\"article:published_time\" content=\"2021-07-02T22:15:34+00:00\" \/>\n<meta property=\"article:modified_time\" content=\"2023-06-01T19:08:21+00:00\" \/>\n<meta property=\"og:image\" content=\"https:\/\/www.ocean4future.org\/savetheocean\/wp-content\/uploads\/2021\/07\/Screenshot-2023-06-01-210341.png\" \/>\n\t<meta property=\"og:image:width\" content=\"592\" \/>\n\t<meta property=\"og:image:height\" content=\"476\" \/>\n\t<meta property=\"og:image:type\" content=\"image\/png\" \/>\n<meta name=\"author\" content=\"Gabriele Campagnano\" \/>\n<meta name=\"twitter:card\" content=\"summary_large_image\" \/>\n<meta name=\"twitter:creator\" content=\"@ocean4future\" \/>\n<meta name=\"twitter:site\" content=\"@ocean4future\" \/>\n<meta name=\"twitter:label1\" content=\"Scritto da\" \/>\n\t<meta name=\"twitter:data1\" content=\"Gabriele Campagnano\" \/>\n\t<meta name=\"twitter:label2\" content=\"Tempo di lettura stimato\" \/>\n\t<meta name=\"twitter:data2\" content=\"4 minuti\" \/>\n<script type=\"application\/ld+json\" class=\"yoast-schema-graph\">{\"@context\":\"https:\\\/\\\/schema.org\",\"@graph\":[{\"@type\":\"Article\",\"@id\":\"https:\\\/\\\/www.ocean4future.org\\\/savetheocean\\\/archives\\\/61044#article\",\"isPartOf\":{\"@id\":\"https:\\\/\\\/www.ocean4future.org\\\/savetheocean\\\/archives\\\/61044\"},\"author\":{\"name\":\"Gabriele Campagnano\",\"@id\":\"https:\\\/\\\/www.ocean4future.org\\\/savetheocean\\\/#\\\/schema\\\/person\\\/8f268e05d09f0a406d4ac8c90079d6f2\"},\"headline\":\"Lag\u00e2ri Hasan \u00c7elebi: Un Rocket-Man del 1633\",\"datePublished\":\"2021-07-02T22:15:34+00:00\",\"dateModified\":\"2023-06-01T19:08:21+00:00\",\"mainEntityOfPage\":{\"@id\":\"https:\\\/\\\/www.ocean4future.org\\\/savetheocean\\\/archives\\\/61044\"},\"wordCount\":839,\"commentCount\":0,\"publisher\":{\"@id\":\"https:\\\/\\\/www.ocean4future.org\\\/savetheocean\\\/#\\\/schema\\\/person\\\/4e1c26437054353074d7bb2efa77162c\"},\"image\":{\"@id\":\"https:\\\/\\\/www.ocean4future.org\\\/savetheocean\\\/archives\\\/61044#primaryimage\"},\"thumbnailUrl\":\"https:\\\/\\\/www.ocean4future.org\\\/savetheocean\\\/wp-content\\\/uploads\\\/2021\\\/07\\\/Screenshot-2023-06-01-210341.png\",\"articleSection\":[\"Personaggi\"],\"inLanguage\":\"it-IT\",\"potentialAction\":[{\"@type\":\"CommentAction\",\"name\":\"Comment\",\"target\":[\"https:\\\/\\\/www.ocean4future.org\\\/savetheocean\\\/archives\\\/61044#respond\"]}]},{\"@type\":\"WebPage\",\"@id\":\"https:\\\/\\\/www.ocean4future.org\\\/savetheocean\\\/archives\\\/61044\",\"url\":\"https:\\\/\\\/www.ocean4future.org\\\/savetheocean\\\/archives\\\/61044\",\"name\":\"Lag\u00e2ri Hasan \u00c7elebi: Un Rocket-Man del 1633 &#8226; OCEAN4FUTURE autore\",\"isPartOf\":{\"@id\":\"https:\\\/\\\/www.ocean4future.org\\\/savetheocean\\\/#website\"},\"primaryImageOfPage\":{\"@id\":\"https:\\\/\\\/www.ocean4future.org\\\/savetheocean\\\/archives\\\/61044#primaryimage\"},\"image\":{\"@id\":\"https:\\\/\\\/www.ocean4future.org\\\/savetheocean\\\/archives\\\/61044#primaryimage\"},\"thumbnailUrl\":\"https:\\\/\\\/www.ocean4future.org\\\/savetheocean\\\/wp-content\\\/uploads\\\/2021\\\/07\\\/Screenshot-2023-06-01-210341.png\",\"datePublished\":\"2021-07-02T22:15:34+00:00\",\"dateModified\":\"2023-06-01T19:08:21+00:00\",\"breadcrumb\":{\"@id\":\"https:\\\/\\\/www.ocean4future.org\\\/savetheocean\\\/archives\\\/61044#breadcrumb\"},\"inLanguage\":\"it-IT\",\"potentialAction\":[{\"@type\":\"ReadAction\",\"target\":[\"https:\\\/\\\/www.ocean4future.org\\\/savetheocean\\\/archives\\\/61044\"]}]},{\"@type\":\"ImageObject\",\"inLanguage\":\"it-IT\",\"@id\":\"https:\\\/\\\/www.ocean4future.org\\\/savetheocean\\\/archives\\\/61044#primaryimage\",\"url\":\"https:\\\/\\\/www.ocean4future.org\\\/savetheocean\\\/wp-content\\\/uploads\\\/2021\\\/07\\\/Screenshot-2023-06-01-210341.png\",\"contentUrl\":\"https:\\\/\\\/www.ocean4future.org\\\/savetheocean\\\/wp-content\\\/uploads\\\/2021\\\/07\\\/Screenshot-2023-06-01-210341.png\",\"width\":592,\"height\":476},{\"@type\":\"BreadcrumbList\",\"@id\":\"https:\\\/\\\/www.ocean4future.org\\\/savetheocean\\\/archives\\\/61044#breadcrumb\",\"itemListElement\":[{\"@type\":\"ListItem\",\"position\":1,\"name\":\"Home\",\"item\":\"https:\\\/\\\/www.ocean4future.org\\\/savetheocean\"},{\"@type\":\"ListItem\",\"position\":2,\"name\":\"Lag\u00e2ri Hasan \u00c7elebi: Un Rocket-Man del 1633\"}]},{\"@type\":\"WebSite\",\"@id\":\"https:\\\/\\\/www.ocean4future.org\\\/savetheocean\\\/#website\",\"url\":\"https:\\\/\\\/www.ocean4future.org\\\/savetheocean\\\/\",\"name\":\"Ocean 4 Future\",\"description\":\"Per una nuova cultura del mare e della marittimit\u00e0\",\"publisher\":{\"@id\":\"https:\\\/\\\/www.ocean4future.org\\\/savetheocean\\\/#\\\/schema\\\/person\\\/4e1c26437054353074d7bb2efa77162c\"},\"potentialAction\":[{\"@type\":\"SearchAction\",\"target\":{\"@type\":\"EntryPoint\",\"urlTemplate\":\"https:\\\/\\\/www.ocean4future.org\\\/savetheocean\\\/?s={search_term_string}\"},\"query-input\":{\"@type\":\"PropertyValueSpecification\",\"valueRequired\":true,\"valueName\":\"search_term_string\"}}],\"inLanguage\":\"it-IT\"},{\"@type\":[\"Person\",\"Organization\"],\"@id\":\"https:\\\/\\\/www.ocean4future.org\\\/savetheocean\\\/#\\\/schema\\\/person\\\/4e1c26437054353074d7bb2efa77162c\",\"name\":\"oceandiver\",\"image\":{\"@type\":\"ImageObject\",\"inLanguage\":\"it-IT\",\"@id\":\"https:\\\/\\\/www.ocean4future.org\\\/savetheocean\\\/wp-content\\\/uploads\\\/2023\\\/04\\\/logo-ocean3.jpg\",\"url\":\"https:\\\/\\\/www.ocean4future.org\\\/savetheocean\\\/wp-content\\\/uploads\\\/2023\\\/04\\\/logo-ocean3.jpg\",\"contentUrl\":\"https:\\\/\\\/www.ocean4future.org\\\/savetheocean\\\/wp-content\\\/uploads\\\/2023\\\/04\\\/logo-ocean3.jpg\",\"width\":472,\"height\":301,\"caption\":\"oceandiver\"},\"logo\":{\"@id\":\"https:\\\/\\\/www.ocean4future.org\\\/savetheocean\\\/wp-content\\\/uploads\\\/2023\\\/04\\\/logo-ocean3.jpg\"}},{\"@type\":\"Person\",\"@id\":\"https:\\\/\\\/www.ocean4future.org\\\/savetheocean\\\/#\\\/schema\\\/person\\\/8f268e05d09f0a406d4ac8c90079d6f2\",\"name\":\"Gabriele Campagnano\",\"image\":{\"@type\":\"ImageObject\",\"inLanguage\":\"it-IT\",\"@id\":\"https:\\\/\\\/secure.gravatar.com\\\/avatar\\\/b59d7eecc86f7aeffd90b535bfd296914b36d6f8aea9e60483c339cadbbad6b2?s=96&d=mm&r=g\",\"url\":\"https:\\\/\\\/secure.gravatar.com\\\/avatar\\\/b59d7eecc86f7aeffd90b535bfd296914b36d6f8aea9e60483c339cadbbad6b2?s=96&d=mm&r=g\",\"contentUrl\":\"https:\\\/\\\/secure.gravatar.com\\\/avatar\\\/b59d7eecc86f7aeffd90b535bfd296914b36d6f8aea9e60483c339cadbbad6b2?s=96&d=mm&r=g\",\"caption\":\"Gabriele Campagnano\"},\"description\":\"Diplomato al Liceo Classico Francesco Vivona di Roma e laureato in Giurisprudenza (indirizzo storico comparatistico), ha esercitato la professione di legale d\u2019azienda prima di dedicarsi alla comunicazione d\u2019impresa e istituzionale. Attualmente \u00e8 Capo Ufficio Stampa del Dipartimento Trasformazione Digitale - Presidenza del Consiglio. Ha conseguito il Master Universitario di 2\u00b0 livello - CMU2 in Scienze Giuridiche presso la LUISS. \u00c8 il fondatore e presidente di Zhistorica e Necrosword. Ha scritto pi\u00f9 di 250 articoli e tre libri: Storia della Presa di Famagosta (2014), I Padroni dell\u2019Acciaio (2017) e Zodd, Alba di Sangue (2018) e\u00a0I Padroni dell\u2019Acciaio 2 \u2013 Gotz von Berlichingen\u00a0(2021)\",\"sameAs\":[\"http:\\\/\\\/www.zweilawyer.com\"],\"url\":\"https:\\\/\\\/www.ocean4future.org\\\/savetheocean\\\/archives\\\/author\\\/gabriele-campagnano\"}]}<\/script>\n<!-- \/ Yoast SEO plugin. -->","yoast_head_json":{"title":"Lag\u00e2ri Hasan \u00c7elebi: Un Rocket-Man del 1633 &#8226; OCEAN4FUTURE autore","robots":{"index":"index","follow":"follow","max-snippet":"max-snippet:-1","max-image-preview":"max-image-preview:large","max-video-preview":"max-video-preview:-1"},"canonical":"https:\/\/www.ocean4future.org\/savetheocean\/archives\/61044","og_locale":"it_IT","og_type":"article","og_title":"Lag\u00e2ri Hasan \u00c7elebi: Un Rocket-Man del 1633 &#8226; OCEAN4FUTURE autore","og_description":"tempo di lettura:  4 minuti. . ARGOMENTO: STORIA NAVALE PERIODO: XVII SECOLO AREA: TURCHIA parole chiave: Murad IV, Lag\u00e2ri Hasan \u00c7elebi, razzo . Lag\u00e2ri Hasan \u00c7elebi fu protagonista, nel 1633, di uno degli episodi pi\u00f9 incredibili nella storia della tecnologia.&nbsp;Una storia, a dire il vero, che nessuno avrebbe neanche considerato come verosimile, quella di Celebi, se non fosse stata [&hellip;]","og_url":"https:\/\/www.ocean4future.org\/savetheocean\/archives\/61044","og_site_name":"OCEAN4FUTURE","article_published_time":"2021-07-02T22:15:34+00:00","article_modified_time":"2023-06-01T19:08:21+00:00","og_image":[{"width":592,"height":476,"url":"https:\/\/www.ocean4future.org\/savetheocean\/wp-content\/uploads\/2021\/07\/Screenshot-2023-06-01-210341.png","type":"image\/png"}],"author":"Gabriele Campagnano","twitter_card":"summary_large_image","twitter_creator":"@ocean4future","twitter_site":"@ocean4future","twitter_misc":{"Scritto da":"Gabriele Campagnano","Tempo di lettura stimato":"4 minuti"},"schema":{"@context":"https:\/\/schema.org","@graph":[{"@type":"Article","@id":"https:\/\/www.ocean4future.org\/savetheocean\/archives\/61044#article","isPartOf":{"@id":"https:\/\/www.ocean4future.org\/savetheocean\/archives\/61044"},"author":{"name":"Gabriele Campagnano","@id":"https:\/\/www.ocean4future.org\/savetheocean\/#\/schema\/person\/8f268e05d09f0a406d4ac8c90079d6f2"},"headline":"Lag\u00e2ri Hasan \u00c7elebi: Un Rocket-Man del 1633","datePublished":"2021-07-02T22:15:34+00:00","dateModified":"2023-06-01T19:08:21+00:00","mainEntityOfPage":{"@id":"https:\/\/www.ocean4future.org\/savetheocean\/archives\/61044"},"wordCount":839,"commentCount":0,"publisher":{"@id":"https:\/\/www.ocean4future.org\/savetheocean\/#\/schema\/person\/4e1c26437054353074d7bb2efa77162c"},"image":{"@id":"https:\/\/www.ocean4future.org\/savetheocean\/archives\/61044#primaryimage"},"thumbnailUrl":"https:\/\/www.ocean4future.org\/savetheocean\/wp-content\/uploads\/2021\/07\/Screenshot-2023-06-01-210341.png","articleSection":["Personaggi"],"inLanguage":"it-IT","potentialAction":[{"@type":"CommentAction","name":"Comment","target":["https:\/\/www.ocean4future.org\/savetheocean\/archives\/61044#respond"]}]},{"@type":"WebPage","@id":"https:\/\/www.ocean4future.org\/savetheocean\/archives\/61044","url":"https:\/\/www.ocean4future.org\/savetheocean\/archives\/61044","name":"Lag\u00e2ri Hasan \u00c7elebi: Un Rocket-Man del 1633 &#8226; OCEAN4FUTURE autore","isPartOf":{"@id":"https:\/\/www.ocean4future.org\/savetheocean\/#website"},"primaryImageOfPage":{"@id":"https:\/\/www.ocean4future.org\/savetheocean\/archives\/61044#primaryimage"},"image":{"@id":"https:\/\/www.ocean4future.org\/savetheocean\/archives\/61044#primaryimage"},"thumbnailUrl":"https:\/\/www.ocean4future.org\/savetheocean\/wp-content\/uploads\/2021\/07\/Screenshot-2023-06-01-210341.png","datePublished":"2021-07-02T22:15:34+00:00","dateModified":"2023-06-01T19:08:21+00:00","breadcrumb":{"@id":"https:\/\/www.ocean4future.org\/savetheocean\/archives\/61044#breadcrumb"},"inLanguage":"it-IT","potentialAction":[{"@type":"ReadAction","target":["https:\/\/www.ocean4future.org\/savetheocean\/archives\/61044"]}]},{"@type":"ImageObject","inLanguage":"it-IT","@id":"https:\/\/www.ocean4future.org\/savetheocean\/archives\/61044#primaryimage","url":"https:\/\/www.ocean4future.org\/savetheocean\/wp-content\/uploads\/2021\/07\/Screenshot-2023-06-01-210341.png","contentUrl":"https:\/\/www.ocean4future.org\/savetheocean\/wp-content\/uploads\/2021\/07\/Screenshot-2023-06-01-210341.png","width":592,"height":476},{"@type":"BreadcrumbList","@id":"https:\/\/www.ocean4future.org\/savetheocean\/archives\/61044#breadcrumb","itemListElement":[{"@type":"ListItem","position":1,"name":"Home","item":"https:\/\/www.ocean4future.org\/savetheocean"},{"@type":"ListItem","position":2,"name":"Lag\u00e2ri Hasan \u00c7elebi: Un Rocket-Man del 1633"}]},{"@type":"WebSite","@id":"https:\/\/www.ocean4future.org\/savetheocean\/#website","url":"https:\/\/www.ocean4future.org\/savetheocean\/","name":"Ocean 4 Future","description":"Per una nuova cultura del mare e della marittimit\u00e0","publisher":{"@id":"https:\/\/www.ocean4future.org\/savetheocean\/#\/schema\/person\/4e1c26437054353074d7bb2efa77162c"},"potentialAction":[{"@type":"SearchAction","target":{"@type":"EntryPoint","urlTemplate":"https:\/\/www.ocean4future.org\/savetheocean\/?s={search_term_string}"},"query-input":{"@type":"PropertyValueSpecification","valueRequired":true,"valueName":"search_term_string"}}],"inLanguage":"it-IT"},{"@type":["Person","Organization"],"@id":"https:\/\/www.ocean4future.org\/savetheocean\/#\/schema\/person\/4e1c26437054353074d7bb2efa77162c","name":"oceandiver","image":{"@type":"ImageObject","inLanguage":"it-IT","@id":"https:\/\/www.ocean4future.org\/savetheocean\/wp-content\/uploads\/2023\/04\/logo-ocean3.jpg","url":"https:\/\/www.ocean4future.org\/savetheocean\/wp-content\/uploads\/2023\/04\/logo-ocean3.jpg","contentUrl":"https:\/\/www.ocean4future.org\/savetheocean\/wp-content\/uploads\/2023\/04\/logo-ocean3.jpg","width":472,"height":301,"caption":"oceandiver"},"logo":{"@id":"https:\/\/www.ocean4future.org\/savetheocean\/wp-content\/uploads\/2023\/04\/logo-ocean3.jpg"}},{"@type":"Person","@id":"https:\/\/www.ocean4future.org\/savetheocean\/#\/schema\/person\/8f268e05d09f0a406d4ac8c90079d6f2","name":"Gabriele Campagnano","image":{"@type":"ImageObject","inLanguage":"it-IT","@id":"https:\/\/secure.gravatar.com\/avatar\/b59d7eecc86f7aeffd90b535bfd296914b36d6f8aea9e60483c339cadbbad6b2?s=96&d=mm&r=g","url":"https:\/\/secure.gravatar.com\/avatar\/b59d7eecc86f7aeffd90b535bfd296914b36d6f8aea9e60483c339cadbbad6b2?s=96&d=mm&r=g","contentUrl":"https:\/\/secure.gravatar.com\/avatar\/b59d7eecc86f7aeffd90b535bfd296914b36d6f8aea9e60483c339cadbbad6b2?s=96&d=mm&r=g","caption":"Gabriele Campagnano"},"description":"Diplomato al Liceo Classico Francesco Vivona di Roma e laureato in Giurisprudenza (indirizzo storico comparatistico), ha esercitato la professione di legale d\u2019azienda prima di dedicarsi alla comunicazione d\u2019impresa e istituzionale. Attualmente \u00e8 Capo Ufficio Stampa del Dipartimento Trasformazione Digitale - Presidenza del Consiglio. Ha conseguito il Master Universitario di 2\u00b0 livello - CMU2 in Scienze Giuridiche presso la LUISS. \u00c8 il fondatore e presidente di Zhistorica e Necrosword. Ha scritto pi\u00f9 di 250 articoli e tre libri: Storia della Presa di Famagosta (2014), I Padroni dell\u2019Acciaio (2017) e Zodd, Alba di Sangue (2018) e\u00a0I Padroni dell\u2019Acciaio 2 \u2013 Gotz von Berlichingen\u00a0(2021)","sameAs":["http:\/\/www.zweilawyer.com"],"url":"https:\/\/www.ocean4future.org\/savetheocean\/archives\/author\/gabriele-campagnano"}]}},"_links":{"self":[{"href":"https:\/\/www.ocean4future.org\/savetheocean\/wp-json\/wp\/v2\/posts\/61044","targetHints":{"allow":["GET"]}}],"collection":[{"href":"https:\/\/www.ocean4future.org\/savetheocean\/wp-json\/wp\/v2\/posts"}],"about":[{"href":"https:\/\/www.ocean4future.org\/savetheocean\/wp-json\/wp\/v2\/types\/post"}],"author":[{"embeddable":true,"href":"https:\/\/www.ocean4future.org\/savetheocean\/wp-json\/wp\/v2\/users\/2366"}],"replies":[{"embeddable":true,"href":"https:\/\/www.ocean4future.org\/savetheocean\/wp-json\/wp\/v2\/comments?post=61044"}],"version-history":[{"count":0,"href":"https:\/\/www.ocean4future.org\/savetheocean\/wp-json\/wp\/v2\/posts\/61044\/revisions"}],"wp:featuredmedia":[{"embeddable":true,"href":"https:\/\/www.ocean4future.org\/savetheocean\/wp-json\/wp\/v2\/media\/93070"}],"wp:attachment":[{"href":"https:\/\/www.ocean4future.org\/savetheocean\/wp-json\/wp\/v2\/media?parent=61044"}],"wp:term":[{"taxonomy":"category","embeddable":true,"href":"https:\/\/www.ocean4future.org\/savetheocean\/wp-json\/wp\/v2\/categories?post=61044"},{"taxonomy":"post_tag","embeddable":true,"href":"https:\/\/www.ocean4future.org\/savetheocean\/wp-json\/wp\/v2\/tags?post=61044"}],"curies":[{"name":"wp","href":"https:\/\/api.w.org\/{rel}","templated":true}]}}