{"id":60661,"date":"2021-06-27T00:05:20","date_gmt":"2021-06-26T22:05:20","guid":{"rendered":"http:\/\/www.ocean4future.org\/savetheocean\/?p=60661"},"modified":"2023-06-12T18:04:04","modified_gmt":"2023-06-12T16:04:04","slug":"appunti-di-viaggio-riflessioni-costiere-di-architettura-ed-altro-in-viaggio-sul-litorale-romano","status":"publish","type":"post","link":"https:\/\/www.ocean4future.org\/savetheocean\/archives\/60661","title":{"rendered":"Reportage: Appunti di viaggio, riflessioni costiere, di architettura ed altro, in viaggio sul litorale romano"},"content":{"rendered":"<span class=\"span-reading-time rt-reading-time\" style=\"display: block;\"><span class=\"rt-label rt-prefix\">tempo di lettura: <\/span> <span class=\"rt-time\"> 6<\/span> <span class=\"rt-label rt-postfix\">minuti<\/span><\/span><p><span style=\"color: #ffffff;\">.<\/span><br \/>\n<a class=\"maxbutton-8 maxbutton maxbutton-livello-2\" href=\"javascript:void(0);\"><span class='mb-text'>livello medio<\/span><\/a><br \/>\n<span style=\"color: #ffffff;\">.<\/span><br \/>\n<strong><span style=\"color: #008000;\">ARGOMENTO: REPORTAGE<\/span><\/strong><br \/>\n<strong><span style=\"color: #008000;\">PERIODO: XXI SECOLO<\/span><\/strong><br \/>\n<strong><span style=\"color: #008000;\">AREA: LITORALE LAZIALE<\/span><\/strong><br \/>\nparole chiave: reportage, spiagge<br \/>\n<span style=\"color: #ffffff;\">.<\/span><\/p>\n<p style=\"text-align: justify;\">Lo spostamento legato al viaggio \u00e8 forse il modo migliore per cogliere la forma di un territorio attraverso l\u2019insieme dei frammenti percepiti lungo il proprio cammino. Una sorta di rinnovato nomadismo che recupera il senso costruttivo e percettivo delle antiche (mare) e delle nuove (strada) percorrenze. Il Mare \u00e8 il luogo principale di questo mio viaggio e la navigazione a vela ricompone i singoli frammenti in un\u2019immagine complessiva che contiene architettura e geografia, caratteri della costruzione e disegno del territorio.<\/p>\n<p style=\"text-align: justify;\">Per viaggiare ho dovuto dispormi attraversando ci\u00f2 che mi circonda e lasciarmi attraversare, penetrare dalle immagini e dalle sensazioni, senza preconcetti e assumere un linguaggio architettonico di \u201cgrado zero\u201d, stabilendo cos\u00ec un rapporto diretto, un contatto con le cose reali, naturali ed artificiali. Lo spostamento lento e sensoriale, il farsi trascinare da una fresca e favorevole brezza costiera mi consente di registrare ogni elemento che incontro lungo il percorso, di intuire l\u2019esistenza delle relazioni tra gli elementi, le leggi che regolano la disposizione delle \u201ccose\u201d sul suolo. L\u2019osservare le cose, preferire il vedere al pensare, costituisce un punto di partenza obbligato per questa esperienza: <span style=\"color: #008000;\"><strong>vedere<\/strong><\/span> <strong><span style=\"color: #008000;\">significa sempre immergersi nel mondo, pensare, invece, prenderne le distanze.<\/span><\/strong><\/p>\n<p><img decoding=\"async\" src=\"https:\/\/www.ocean4future.org\/savetheocean\/wp-content\/uploads\/2023\/06\/LITORALE-ROMANO-Fiumara_Grande_allalba.jpg\" alt=\"Questa immagine ha l'attributo alt vuoto; il nome del file \u00e8 LITORALE-ROMANO-Fiumara_Grande_allalba.jpg\" width=\"640\" height=\"427\"><\/p>\n<p align=\"JUSTIFY\"><strong><span style=\"color: #008000;\">Foto all&#8217;alba alla Fiumara Grande, foci del fiume Tevere, Ostia, Roma, Lazio &#8211; Autore Scattare61<\/span><\/strong> <a href=\"https:\/\/commons.wikimedia.org\/wiki\/File:Fiumara_Grande_all%27alba.jpg\">Fiumara Grande all&#8217;alba.jpg &#8211; Wikimedia Commons<\/a><\/p>\n<p style=\"text-align: justify;\">Questo viaggio comincia all\u2019alba, mollando gli ormeggi da un precario pontile in legno <strong><span style=\"color: #008000;\">nel canale di Fiumara Grande<\/span><\/strong>. Lascio un paesaggio fluviale ricco di straordinaria vivacit\u00e0, esempio di un \u201cfai da te\u201d costruttivo, dove l\u2019assenza di una gestione unitaria degli interventi dichiara precariet\u00e0 e temporaneit\u00e0, il non-compiuto, l\u2019abbandono!&nbsp;Capannoni, baracche, lamiere ondulate, antiche bilance, vecchie reti, relitti e migliaia di&nbsp; imbarcazioni a vela; tutti&nbsp; elementi puntuali di un discorso ricucito lungo l\u2019argine del Tevere, passivo spettatore di un suggestivo \u201cnon-luogo\u201d antropologico. Mi posiziono a circa tre miglia di distanza dal <strong><span style=\"color: #008000;\">lido di Ostia<\/span><\/strong> e, spinto da un leggero vento di maestrale, avanzo lentamente verso sud ad una velocit\u00e0 di sei nodi e percepisco sottovento, alla mia sinistra, un\u2019immagine completa e chiara di ci\u00f2 che osservo.<\/p>\n<p><img decoding=\"async\" src=\"https:\/\/www.ocean4future.org\/savetheocean\/wp-content\/uploads\/2023\/06\/LITORALE-ROMANO-Lido_di_Ostia_nell_inverno.jpg\" alt=\"Questa immagine ha l'attributo alt vuoto; il nome del file \u00e8 LITORALE-ROMANO-Lido_di_Ostia_nell_inverno.jpg\" width=\"640\" height=\"427\"><\/p>\n<p align=\"justify\"><strong><span style=\"color: #008000;\"><span class=\"sd-copy-text-layout__text\">Scorcio del Lido di Ostia in inverno<\/span> &#8211; Public domain &#8211; Autore <\/span><\/strong><bdi><strong><span style=\"color: #008000;\">Haneburger&nbsp;<\/span><\/strong> <a href=\"https:\/\/commons.wikimedia.org\/wiki\/File:Lido_di_Ostia_nell_inverno.jpg\">Lido di Ostia &#8230;jpg &#8211; Wikimedia Commons<\/a><\/bdi><\/p>\n<p style=\"text-align: justify;\">Una striscia di terra, densa di segni, come concrezioni lineari sinuose (dune sabbiose) ed incisioni rettilinee (costruito), una linea di costa chiara e sabbiosa, un edificato eterogeneo ma in un monotono disegno d\u2019insieme, come un basso filo di \u201cedilizia minore\u201d, spontanea, abusiva o &#8230; ufficiale di ricucitura che si poggia in-discretamente sulla battigia.&nbsp;Un notevole dizionario della logica costruttiva dell\u2019Uomo; isolate architetture del bel razionalismo accademico e concorsuale ed altre interessanti \u201c<strong><span style=\"color: #008000;\">neo-liberty-ne<\/span><\/strong>\u201c in forme astratte e fantasie eclettiche, insieme ad interi comparti post bellici d\u2019espansione e speculativi.<\/p>\n<p style=\"text-align: justify;\">Dai primi anni del 900 architetti di prestigio intervennero per progettare e migliorare l&#8217;assetto urbanistico della cittadina: <strong><span style=\"color: #008000;\">Moretti, Lapadula, Libera, Piacentini, Milani,<\/span><\/strong> etc. Molti di questi pezzi di storia ancora possiamo osservarli, alcuni sono stati bombardati come lo <strong><span style=\"color: #008000;\">stabilimento Roma (1943)<\/span><\/strong>, altri demoliti e ricostruiti oppure sostituiti da edifici completamente diversi che stravolgono l&#8217;armonia e il progetto originario.<\/p>\n<p><img decoding=\"async\" src=\"https:\/\/www.ocean4future.org\/savetheocean\/wp-content\/uploads\/2021\/06\/ARCHITETTURA-LITORALE-ROMA-Ostia_Roma.jpg\" alt=\"Questa immagine ha l'attributo alt vuoto; il nome del file \u00e8 ARCHITETTURA-LITORALE-ROMA-Ostia_Roma.jpg\" width=\"640\" height=\"452\"><\/p>\n<p align=\"justify\"><strong><span style=\"color: #008000;\">Ostia, stabilimento balneare Roma visto dall&#8217;alto &#8211; Fonte www.archiviocapitolinorisorsedigitali.it &#8211; <\/span><\/strong><strong><span style=\"color: #008000;\">Autore non noto&nbsp;<\/span><\/strong><a href=\"https:\/\/commons.wikimedia.org\/wiki\/File:Ostia_Roma.jpg\">Ostia Roma.jpg &#8211; Wikimedia Commons<\/a><\/p>\n<p style=\"text-align: justify;\">Dal suburbano al non-pianificato, dall\u2019<strong><span style=\"color: #008000;\">Architettura degli architetti<\/span> <span style=\"color: #008000;\">a quella dei geometri e costruttori,<\/span><\/strong> da un\u2019edilizia su commissione ad una spontanea molto spesso pi\u00f9 onesta, chiara, logica ed esplicita nel dichiarare il valore estetico della propria funzionalit\u00e0. Incontro cos\u00ec un\u2019edilizia abitativa sparsa a profusione ed una turistico-ricettiva di moderno ed efficace linguaggio comunicativo, insieme ad altri pi\u00f9 pallidi esempi contemporanei di tentata concezione mediatica, almeno nella loro definizione pi\u00f9 spettacolare del termine.<\/p>\n<p style=\"text-align: justify;\"><span style=\"font-size: 14pt;\"><strong><span style=\"color: #008000;\"><em>Ostia si prepara, cos\u00ec, a vestirsi di moda! a difesa del territorio litorale.<\/em><\/span><\/strong><\/span><\/p>\n<p style=\"text-align: justify;\">La Facciata, come unico protagonista ufficiale della costruzione, \u00e8 tipicamente&nbsp; nordica, una moda d\u2019oltralpe dei paesi \u201csotto illuminati\u201c. In Italia, specie nelle nostre latitudini, la tradizione si trasforma nel semiaperto, nel portico, nel pergolato, nel chiostro come spazio confine verso cui guardano gli ambienti interni, in un discorso climaticamente consapevole. Oggi, rispetto al passato, viviamo un ribaltamento; la regola d\u2019arte diventa diversa, in qualche modo assolvimento delle funzioni che determina in qualche modo l\u2019estetica<em>. <\/em><strong><span style=\"color: #008000;\">L\u2019origine dell\u2019idea in architettura e in edilizia ha dei padri completamente diversi da quelli del passato, con l\u2019unica limitazione, a mio giudizio, data dal \u201ccontesto\u201d che in qualche modo si fa attore importante del concepimento architettonico contemporaneo.<\/span><\/strong><\/p>\n<p style=\"text-align: justify;\">La stessa definizione terminologica <em><strong><span style=\"color: #008000;\">contesto<\/span> <\/strong><\/em>mi induce a pensare in termini trasgressivi: un\u2019operazione, un gesto contestuale ad un contesto equivarrebbe ad una sovrapposizione di due colori uguali, due note identiche, in una monocorde univocit\u00e0 di segnali che non crea messaggio o informazione; strana assonanza \u201c<strong><span style=\"color: #008000;\"><em>contestare il contesto<\/em><\/span><\/strong>\u201c! Un contesto, per essere definito, quindi, deve necessariamente contenere dei parametri digressivi, dissonanti per poter essere da noi letto.<\/p>\n<p style=\"text-align: justify;\">L\u2019<strong><span style=\"color: #008000;\">Architettura<\/span><\/strong>, come l\u2019arte, la cinematografia e qualunque altra manifestazione estetica, ha prodotto costantemente opere in digressione con i contesti, con interventi leggibile come operazione di trasgressione. Non sarebbe esistito il <strong><span style=\"color: #008000;\">Guggenhaim di Wright<\/span><\/strong> se il <strong><span style=\"color: #008000;\">contesto New York<\/span><\/strong> non si fosse posto, provocatoriamente, con i propri assi stereometrici, e non sarebbero esistite le opere di <strong><span style=\"color: #008000;\">Aalto, Loos, Le Corbusier<\/span><\/strong>, tutte leggibili in questa logica comune di trasgressione.<\/p>\n<p style=\"text-align: justify;\"><strong><span style=\"color: #008000; font-size: 18pt;\">L\u2019Arte poi se ne fa un obbligo<\/span><br \/>\n<\/strong>La citt\u00e0 e i luoghi dell\u2019abitare per essere vivificati, per seguitare ad esistere, per seguitare a corromperci necessitano di trasgressioni ; troppo facile adeguarsi al postulato, alla tradizione, alle norme, ai codici e ai conformismi e formalismi \u201c<strong><span style=\"color: #008000;\">urbatettonici<\/span><\/strong>\u201c. Ad <strong><span style=\"color: #008000;\">Ostia<\/span><\/strong>, il costruito viene concepito dunque in \u201ccontesto\u201d, senza compromessi astratti. Percorro altre cinque miglia e d\u2019improvviso s\u2019interrompe quel compatto nastro di cemento per dare spazio improvviso al grande vuoto \u201cistituzionale\u201d della tenuta del Presidente.<\/p>\n<p style=\"text-align: justify;\">Un respiro incontaminato, per poi riprendere d\u2019affanno con discreti e mimetici disturbi dei noti <strong><span style=\"color: #008000;\">sette cancelli romani<\/span><\/strong>, moderni&nbsp; \u201cvomitoria\u201d&nbsp; d\u2019accesso alla lunga e profonda battigia di sabbia finissima di <strong><span style=\"color: #008000;\">Castel Porziano<\/span><\/strong>, luogo culto d\u2019incontro delle tintarelle romane.<\/p>\n<p><img decoding=\"async\" src=\"https:\/\/www.ocean4future.org\/savetheocean\/wp-content\/uploads\/2023\/06\/LITORALE-ROMANO-Spiaggia_di_Capocotta_Roma.jpg\" alt=\"Questa immagine ha l'attributo alt vuoto; il nome del file \u00e8 LITORALE-ROMANO-Spiaggia_di_Capocotta_Roma.jpg\" width=\"640\" height=\"427\"><\/p>\n<p align=\"justify\"><strong><span style=\"color: #008000;\">Spiaggia di Capocotta nella Riserva Naturale del Litorale Romano, Ostia, Roma &#8211; foto di Patafisik<\/span><\/strong> <a href=\"https:\/\/commons.wikimedia.org\/wiki\/File:Spiaggia_di_Capocotta_Roma.jpg\">Spiaggia di Capocotta Roma.jpg &#8211; Wikimedia Commons<\/a><\/p>\n<p style=\"text-align: justify;\">Incontro l\u2019oasi naturale di <span style=\"color: #008000;\"><strong>Capocotta<\/strong><\/span>, le spiagge dei nudisti, gay friendly, dei chioschi, dell&#8217;Effimero e della cultura underground, per poi disperdermi nuovamente nella citt\u00e0 lineare costiera dei capimastri e artigiani &#8230; <strong><span style=\"color: #008000;\">da Torvaianica ad Ardea e Lavinio<\/span><\/strong>. <strong><span style=\"color: #008000;\">Un territorio urbanizzato,<\/span><span style=\"color: #008000;\"> con un assetto insediativo regolare, compatto ma che trasgredisce i codici vigenti di&nbsp; corretta espansione, acquistando significato quanto pi\u00f9 incarna la deroga<\/span><\/strong>.<\/p>\n<p style=\"text-align: justify;\">Nell\u2019architettura ufficiale domina il disegno con le sue proporzioni, simmetrie, sequenze ripetitive, schemi tipologici, etc. mentre nell\u2019edilizia minore, popolare, spontanea o abusiva di sanatoria, il disegno conta poco non \u00e8 mai a priori; perci\u00f2 la materia, la grana, il colore, dominano; la pastosit\u00e0, la capacit\u00e0 di assorbire e riflettere o respingere la luce; le screpolature, le scolature, gli effetti della pioggia e del vento, i segni dell\u2019invecchiamento, il fascino di un estetica anarchica .<\/p>\n<p style=\"text-align: justify;\">Il tono depresso, la situazione edilizia dismessa e abbandonata , il carattere da non-luogo, di borgata spontanea, ufficiale o abusiva, rendono, a mi9o parere, questo tratto di costa, singolarmente attrattivo. L\u2019insediamento informe e disorganico, il rifiuto dei tradizionali connotati di corretta espansione, testimoniano paradossalmente una forte libert\u00e0 da pregiudizi formali e da molti strumenti urbanistici. Riesco cos\u00ec, per assurdo, a cogliere anche positivi risvolti sociali come testimonianze di una \u201c<span style=\"color: #008000;\"><strong>urbanistica democratica e popolare<\/strong><\/span>\u201d.<\/p>\n<p style=\"text-align: justify;\">Gli abitanti agiscono in un regime di totale disponibilit\u00e0 di aree senza sottostare a nessun tipo di vincolo urbanistico-edilizio, questo consente loro di provvedere autonomamente, senza condizionamenti da leggi di mercato, al reperimento dei materiali da costruzione. Essi approfittano quindi di una grande libert\u00e0 di progettazione ed esecuzione delle opere, dando vita ad un impianto urbanistico perfettamente adeguato, purtroppo, alle loro esigenze abitative, sociali, di cultura e di tradizioni privo di ogni attenzione formale di tipo accademico, ma casualmente nato per mere esigenze private e personali di un\u2019<strong><span style=\"color: #008000;\">Architettura senza Architetti<\/span><\/strong>.<\/p>\n<p><strong><span style=\"color: #008000;\">Sacha Giannini<\/span><\/strong><\/p>\n<p>&nbsp;<\/p>\n<p><span style=\"color: #ffffff;\">.<\/span><\/p>\n<p><a class=\"maxbutton-27 maxbutton maxbutton-un-regalo-per-te\" href=\"https:\/\/www.primevideo.com\/offers\/ref=atv_nb_lcl_it_IT?tag=amazon0e150-21 Italia\"><span class='mb-text'>Una sorpresa per te su Amazon Music unlimited<\/span><\/a>&nbsp; &nbsp;<a class=\"maxbutton-28 maxbutton maxbutton-amazon-prime\" title=\"Scopri i vantaggi di Amazon Prime\" href=\"javascript:void(0);\"><span class='mb-text'>Scopri i vantaggi di Amazon Prime<\/span><\/a><\/p>\n<p>&nbsp;<\/p>\n<p style=\"text-align: justify;\">Alcune delle foto presenti in questo blog possono essere state prese dal web, citandone ove possibile gli autori e\/o le fonti. Se qualcuno desiderasse specificarne l\u2019autore o rimuoverle, pu\u00f2 scrivere a infoocean4future@gmail.com e provvederemo immediatamente alla correzione dell\u2019articolo<br \/>\n<span style=\"color: #ffffff;\">,<\/span><\/p>\n<a class=\"maxbutton-3 maxbutton maxbutton-pagina-principale\" target=\"_blank\" title=\"tooltip\" rel=\"nofollow noopener\" href=\"http:\/\/www.ocean4future.org\"><span class='mb-text'>PAGINA PRINCIPALE<\/span><\/a>\n","protected":false},"excerpt":{"rendered":"<p><span class=\"span-reading-time rt-reading-time\" style=\"display: block;\"><span class=\"rt-label rt-prefix\">tempo di lettura: <\/span> <span class=\"rt-time\"> 6<\/span> <span class=\"rt-label rt-postfix\">minuti<\/span><\/span>. . ARGOMENTO: REPORTAGE PERIODO: XXI SECOLO AREA: LITORALE LAZIALE parole chiave: reportage, spiagge . Lo spostamento legato al viaggio \u00e8 forse il modo migliore per cogliere la forma di un territorio attraverso l\u2019insieme dei frammenti percepiti lungo il proprio cammino. Una sorta di rinnovato nomadismo che recupera il senso costruttivo e percettivo delle antiche [&hellip;]<\/p>\n","protected":false},"author":2390,"featured_media":93870,"comment_status":"open","ping_status":"open","sticky":false,"template":"","format":"standard","meta":{"_acf_changed":false,"_monsterinsights_skip_tracking":false,"_monsterinsights_sitenote_active":false,"_monsterinsights_sitenote_note":"","_monsterinsights_sitenote_category":0,"footnotes":""},"categories":[76],"tags":[],"class_list":["post-60661","post","type-post","status-publish","format-standard","has-post-thumbnail","hentry","category-reportage"],"acf":[],"yoast_head":"<!-- This site is optimized with the Yoast SEO plugin v27.4 - https:\/\/yoast.com\/product\/yoast-seo-wordpress\/ -->\n<title>Reportage: Appunti di viaggio, riflessioni costiere, di architettura ed altro, in viaggio sul litorale romano &#8226; OCEAN4FUTURE autore<\/title>\n<meta name=\"robots\" content=\"index, follow, max-snippet:-1, max-image-preview:large, max-video-preview:-1\" \/>\n<link rel=\"canonical\" href=\"https:\/\/www.ocean4future.org\/savetheocean\/archives\/60661\" \/>\n<meta property=\"og:locale\" content=\"it_IT\" \/>\n<meta property=\"og:type\" content=\"article\" \/>\n<meta property=\"og:title\" content=\"Reportage: Appunti di viaggio, riflessioni costiere, di architettura ed altro, in viaggio sul litorale romano &#8226; OCEAN4FUTURE autore\" \/>\n<meta property=\"og:description\" content=\"tempo di lettura:  6 minuti. . ARGOMENTO: REPORTAGE PERIODO: XXI SECOLO AREA: LITORALE LAZIALE parole chiave: reportage, spiagge . Lo spostamento legato al viaggio \u00e8 forse il modo migliore per cogliere la forma di un territorio attraverso l\u2019insieme dei frammenti percepiti lungo il proprio cammino. Una sorta di rinnovato nomadismo che recupera il senso costruttivo e percettivo delle antiche [&hellip;]\" \/>\n<meta property=\"og:url\" content=\"https:\/\/www.ocean4future.org\/savetheocean\/archives\/60661\" \/>\n<meta property=\"og:site_name\" content=\"OCEAN4FUTURE\" \/>\n<meta property=\"article:published_time\" content=\"2021-06-26T22:05:20+00:00\" \/>\n<meta property=\"article:modified_time\" content=\"2023-06-12T16:04:04+00:00\" \/>\n<meta property=\"og:image\" content=\"https:\/\/www.ocean4future.org\/savetheocean\/wp-content\/uploads\/2021\/06\/ARCHITETTURA-LITORALE-ROMA-Ostia_Roma.jpg\" \/>\n\t<meta property=\"og:image:width\" content=\"640\" \/>\n\t<meta property=\"og:image:height\" content=\"452\" \/>\n\t<meta property=\"og:image:type\" content=\"image\/jpeg\" \/>\n<meta name=\"author\" content=\"Sacha Giannini\" \/>\n<meta name=\"twitter:card\" content=\"summary_large_image\" \/>\n<meta name=\"twitter:creator\" content=\"@ocean4future\" \/>\n<meta name=\"twitter:site\" content=\"@ocean4future\" \/>\n<meta name=\"twitter:label1\" content=\"Scritto da\" \/>\n\t<meta name=\"twitter:data1\" content=\"Sacha Giannini\" \/>\n\t<meta name=\"twitter:label2\" content=\"Tempo di lettura stimato\" \/>\n\t<meta name=\"twitter:data2\" content=\"7 minuti\" \/>\n<script type=\"application\/ld+json\" class=\"yoast-schema-graph\">{\"@context\":\"https:\\\/\\\/schema.org\",\"@graph\":[{\"@type\":\"Article\",\"@id\":\"https:\\\/\\\/www.ocean4future.org\\\/savetheocean\\\/archives\\\/60661#article\",\"isPartOf\":{\"@id\":\"https:\\\/\\\/www.ocean4future.org\\\/savetheocean\\\/archives\\\/60661\"},\"author\":{\"name\":\"Sacha Giannini\",\"@id\":\"https:\\\/\\\/www.ocean4future.org\\\/savetheocean\\\/#\\\/schema\\\/person\\\/6e6304070edbca76950786f9914905bc\"},\"headline\":\"Reportage: Appunti di viaggio, riflessioni costiere, di architettura ed altro, in viaggio sul litorale romano\",\"datePublished\":\"2021-06-26T22:05:20+00:00\",\"dateModified\":\"2023-06-12T16:04:04+00:00\",\"mainEntityOfPage\":{\"@id\":\"https:\\\/\\\/www.ocean4future.org\\\/savetheocean\\\/archives\\\/60661\"},\"wordCount\":1439,\"commentCount\":0,\"publisher\":{\"@id\":\"https:\\\/\\\/www.ocean4future.org\\\/savetheocean\\\/#\\\/schema\\\/person\\\/4e1c26437054353074d7bb2efa77162c\"},\"image\":{\"@id\":\"https:\\\/\\\/www.ocean4future.org\\\/savetheocean\\\/archives\\\/60661#primaryimage\"},\"thumbnailUrl\":\"https:\\\/\\\/www.ocean4future.org\\\/savetheocean\\\/wp-content\\\/uploads\\\/2021\\\/06\\\/ARCHITETTURA-LITORALE-ROMA-Ostia_Roma.jpg\",\"articleSection\":[\"Reportage\"],\"inLanguage\":\"it-IT\",\"potentialAction\":[{\"@type\":\"CommentAction\",\"name\":\"Comment\",\"target\":[\"https:\\\/\\\/www.ocean4future.org\\\/savetheocean\\\/archives\\\/60661#respond\"]}]},{\"@type\":\"WebPage\",\"@id\":\"https:\\\/\\\/www.ocean4future.org\\\/savetheocean\\\/archives\\\/60661\",\"url\":\"https:\\\/\\\/www.ocean4future.org\\\/savetheocean\\\/archives\\\/60661\",\"name\":\"Reportage: Appunti di viaggio, riflessioni costiere, di architettura ed altro, in viaggio sul litorale romano &#8226; OCEAN4FUTURE autore\",\"isPartOf\":{\"@id\":\"https:\\\/\\\/www.ocean4future.org\\\/savetheocean\\\/#website\"},\"primaryImageOfPage\":{\"@id\":\"https:\\\/\\\/www.ocean4future.org\\\/savetheocean\\\/archives\\\/60661#primaryimage\"},\"image\":{\"@id\":\"https:\\\/\\\/www.ocean4future.org\\\/savetheocean\\\/archives\\\/60661#primaryimage\"},\"thumbnailUrl\":\"https:\\\/\\\/www.ocean4future.org\\\/savetheocean\\\/wp-content\\\/uploads\\\/2021\\\/06\\\/ARCHITETTURA-LITORALE-ROMA-Ostia_Roma.jpg\",\"datePublished\":\"2021-06-26T22:05:20+00:00\",\"dateModified\":\"2023-06-12T16:04:04+00:00\",\"breadcrumb\":{\"@id\":\"https:\\\/\\\/www.ocean4future.org\\\/savetheocean\\\/archives\\\/60661#breadcrumb\"},\"inLanguage\":\"it-IT\",\"potentialAction\":[{\"@type\":\"ReadAction\",\"target\":[\"https:\\\/\\\/www.ocean4future.org\\\/savetheocean\\\/archives\\\/60661\"]}]},{\"@type\":\"ImageObject\",\"inLanguage\":\"it-IT\",\"@id\":\"https:\\\/\\\/www.ocean4future.org\\\/savetheocean\\\/archives\\\/60661#primaryimage\",\"url\":\"https:\\\/\\\/www.ocean4future.org\\\/savetheocean\\\/wp-content\\\/uploads\\\/2021\\\/06\\\/ARCHITETTURA-LITORALE-ROMA-Ostia_Roma.jpg\",\"contentUrl\":\"https:\\\/\\\/www.ocean4future.org\\\/savetheocean\\\/wp-content\\\/uploads\\\/2021\\\/06\\\/ARCHITETTURA-LITORALE-ROMA-Ostia_Roma.jpg\",\"width\":640,\"height\":452},{\"@type\":\"BreadcrumbList\",\"@id\":\"https:\\\/\\\/www.ocean4future.org\\\/savetheocean\\\/archives\\\/60661#breadcrumb\",\"itemListElement\":[{\"@type\":\"ListItem\",\"position\":1,\"name\":\"Home\",\"item\":\"https:\\\/\\\/www.ocean4future.org\\\/savetheocean\"},{\"@type\":\"ListItem\",\"position\":2,\"name\":\"Reportage: Appunti di viaggio, riflessioni costiere, di architettura ed altro, in viaggio sul litorale romano\"}]},{\"@type\":\"WebSite\",\"@id\":\"https:\\\/\\\/www.ocean4future.org\\\/savetheocean\\\/#website\",\"url\":\"https:\\\/\\\/www.ocean4future.org\\\/savetheocean\\\/\",\"name\":\"Ocean 4 Future\",\"description\":\"Per una nuova cultura del mare e della marittimit\u00e0\",\"publisher\":{\"@id\":\"https:\\\/\\\/www.ocean4future.org\\\/savetheocean\\\/#\\\/schema\\\/person\\\/4e1c26437054353074d7bb2efa77162c\"},\"potentialAction\":[{\"@type\":\"SearchAction\",\"target\":{\"@type\":\"EntryPoint\",\"urlTemplate\":\"https:\\\/\\\/www.ocean4future.org\\\/savetheocean\\\/?s={search_term_string}\"},\"query-input\":{\"@type\":\"PropertyValueSpecification\",\"valueRequired\":true,\"valueName\":\"search_term_string\"}}],\"inLanguage\":\"it-IT\"},{\"@type\":[\"Person\",\"Organization\"],\"@id\":\"https:\\\/\\\/www.ocean4future.org\\\/savetheocean\\\/#\\\/schema\\\/person\\\/4e1c26437054353074d7bb2efa77162c\",\"name\":\"oceandiver\",\"image\":{\"@type\":\"ImageObject\",\"inLanguage\":\"it-IT\",\"@id\":\"https:\\\/\\\/www.ocean4future.org\\\/savetheocean\\\/wp-content\\\/uploads\\\/2023\\\/04\\\/logo-ocean3.jpg\",\"url\":\"https:\\\/\\\/www.ocean4future.org\\\/savetheocean\\\/wp-content\\\/uploads\\\/2023\\\/04\\\/logo-ocean3.jpg\",\"contentUrl\":\"https:\\\/\\\/www.ocean4future.org\\\/savetheocean\\\/wp-content\\\/uploads\\\/2023\\\/04\\\/logo-ocean3.jpg\",\"width\":472,\"height\":301,\"caption\":\"oceandiver\"},\"logo\":{\"@id\":\"https:\\\/\\\/www.ocean4future.org\\\/savetheocean\\\/wp-content\\\/uploads\\\/2023\\\/04\\\/logo-ocean3.jpg\"}},{\"@type\":\"Person\",\"@id\":\"https:\\\/\\\/www.ocean4future.org\\\/savetheocean\\\/#\\\/schema\\\/person\\\/6e6304070edbca76950786f9914905bc\",\"name\":\"Sacha Giannini\",\"image\":{\"@type\":\"ImageObject\",\"inLanguage\":\"it-IT\",\"@id\":\"https:\\\/\\\/secure.gravatar.com\\\/avatar\\\/9a8abcafecbc17fe4f85b14d214245fbad62a514aca5bf8fcb539e2d8bcaa43f?s=96&d=mm&r=g\",\"url\":\"https:\\\/\\\/secure.gravatar.com\\\/avatar\\\/9a8abcafecbc17fe4f85b14d214245fbad62a514aca5bf8fcb539e2d8bcaa43f?s=96&d=mm&r=g\",\"contentUrl\":\"https:\\\/\\\/secure.gravatar.com\\\/avatar\\\/9a8abcafecbc17fe4f85b14d214245fbad62a514aca5bf8fcb539e2d8bcaa43f?s=96&d=mm&r=g\",\"caption\":\"Sacha Giannini\"},\"description\":\"architetto, yacht designer, perito navale ed ex ispettore di sicurezza del diporto per il rilascio delle certificazioni di sicurezza, \u00e8 un appassionato e profondo conoscitore delle imbarcazioni a vela che effettua valutazioni tecniche e stime commerciali. Dal 2000 esercita la professione di architetto, tra terra e mare, impegnato nell\u2019architettura come nel refitting di barche.\",\"sameAs\":[\"https:\\\/\\\/www.sachagiannini.it\\\/\"],\"url\":\"https:\\\/\\\/www.ocean4future.org\\\/savetheocean\\\/archives\\\/author\\\/sacha-giannini\"}]}<\/script>\n<!-- \/ Yoast SEO plugin. -->","yoast_head_json":{"title":"Reportage: Appunti di viaggio, riflessioni costiere, di architettura ed altro, in viaggio sul litorale romano &#8226; OCEAN4FUTURE autore","robots":{"index":"index","follow":"follow","max-snippet":"max-snippet:-1","max-image-preview":"max-image-preview:large","max-video-preview":"max-video-preview:-1"},"canonical":"https:\/\/www.ocean4future.org\/savetheocean\/archives\/60661","og_locale":"it_IT","og_type":"article","og_title":"Reportage: Appunti di viaggio, riflessioni costiere, di architettura ed altro, in viaggio sul litorale romano &#8226; OCEAN4FUTURE autore","og_description":"tempo di lettura:  6 minuti. . ARGOMENTO: REPORTAGE PERIODO: XXI SECOLO AREA: LITORALE LAZIALE parole chiave: reportage, spiagge . Lo spostamento legato al viaggio \u00e8 forse il modo migliore per cogliere la forma di un territorio attraverso l\u2019insieme dei frammenti percepiti lungo il proprio cammino. Una sorta di rinnovato nomadismo che recupera il senso costruttivo e percettivo delle antiche [&hellip;]","og_url":"https:\/\/www.ocean4future.org\/savetheocean\/archives\/60661","og_site_name":"OCEAN4FUTURE","article_published_time":"2021-06-26T22:05:20+00:00","article_modified_time":"2023-06-12T16:04:04+00:00","og_image":[{"width":640,"height":452,"url":"https:\/\/www.ocean4future.org\/savetheocean\/wp-content\/uploads\/2021\/06\/ARCHITETTURA-LITORALE-ROMA-Ostia_Roma.jpg","type":"image\/jpeg"}],"author":"Sacha Giannini","twitter_card":"summary_large_image","twitter_creator":"@ocean4future","twitter_site":"@ocean4future","twitter_misc":{"Scritto da":"Sacha Giannini","Tempo di lettura stimato":"7 minuti"},"schema":{"@context":"https:\/\/schema.org","@graph":[{"@type":"Article","@id":"https:\/\/www.ocean4future.org\/savetheocean\/archives\/60661#article","isPartOf":{"@id":"https:\/\/www.ocean4future.org\/savetheocean\/archives\/60661"},"author":{"name":"Sacha Giannini","@id":"https:\/\/www.ocean4future.org\/savetheocean\/#\/schema\/person\/6e6304070edbca76950786f9914905bc"},"headline":"Reportage: Appunti di viaggio, riflessioni costiere, di architettura ed altro, in viaggio sul litorale romano","datePublished":"2021-06-26T22:05:20+00:00","dateModified":"2023-06-12T16:04:04+00:00","mainEntityOfPage":{"@id":"https:\/\/www.ocean4future.org\/savetheocean\/archives\/60661"},"wordCount":1439,"commentCount":0,"publisher":{"@id":"https:\/\/www.ocean4future.org\/savetheocean\/#\/schema\/person\/4e1c26437054353074d7bb2efa77162c"},"image":{"@id":"https:\/\/www.ocean4future.org\/savetheocean\/archives\/60661#primaryimage"},"thumbnailUrl":"https:\/\/www.ocean4future.org\/savetheocean\/wp-content\/uploads\/2021\/06\/ARCHITETTURA-LITORALE-ROMA-Ostia_Roma.jpg","articleSection":["Reportage"],"inLanguage":"it-IT","potentialAction":[{"@type":"CommentAction","name":"Comment","target":["https:\/\/www.ocean4future.org\/savetheocean\/archives\/60661#respond"]}]},{"@type":"WebPage","@id":"https:\/\/www.ocean4future.org\/savetheocean\/archives\/60661","url":"https:\/\/www.ocean4future.org\/savetheocean\/archives\/60661","name":"Reportage: Appunti di viaggio, riflessioni costiere, di architettura ed altro, in viaggio sul litorale romano &#8226; OCEAN4FUTURE autore","isPartOf":{"@id":"https:\/\/www.ocean4future.org\/savetheocean\/#website"},"primaryImageOfPage":{"@id":"https:\/\/www.ocean4future.org\/savetheocean\/archives\/60661#primaryimage"},"image":{"@id":"https:\/\/www.ocean4future.org\/savetheocean\/archives\/60661#primaryimage"},"thumbnailUrl":"https:\/\/www.ocean4future.org\/savetheocean\/wp-content\/uploads\/2021\/06\/ARCHITETTURA-LITORALE-ROMA-Ostia_Roma.jpg","datePublished":"2021-06-26T22:05:20+00:00","dateModified":"2023-06-12T16:04:04+00:00","breadcrumb":{"@id":"https:\/\/www.ocean4future.org\/savetheocean\/archives\/60661#breadcrumb"},"inLanguage":"it-IT","potentialAction":[{"@type":"ReadAction","target":["https:\/\/www.ocean4future.org\/savetheocean\/archives\/60661"]}]},{"@type":"ImageObject","inLanguage":"it-IT","@id":"https:\/\/www.ocean4future.org\/savetheocean\/archives\/60661#primaryimage","url":"https:\/\/www.ocean4future.org\/savetheocean\/wp-content\/uploads\/2021\/06\/ARCHITETTURA-LITORALE-ROMA-Ostia_Roma.jpg","contentUrl":"https:\/\/www.ocean4future.org\/savetheocean\/wp-content\/uploads\/2021\/06\/ARCHITETTURA-LITORALE-ROMA-Ostia_Roma.jpg","width":640,"height":452},{"@type":"BreadcrumbList","@id":"https:\/\/www.ocean4future.org\/savetheocean\/archives\/60661#breadcrumb","itemListElement":[{"@type":"ListItem","position":1,"name":"Home","item":"https:\/\/www.ocean4future.org\/savetheocean"},{"@type":"ListItem","position":2,"name":"Reportage: Appunti di viaggio, riflessioni costiere, di architettura ed altro, in viaggio sul litorale romano"}]},{"@type":"WebSite","@id":"https:\/\/www.ocean4future.org\/savetheocean\/#website","url":"https:\/\/www.ocean4future.org\/savetheocean\/","name":"Ocean 4 Future","description":"Per una nuova cultura del mare e della marittimit\u00e0","publisher":{"@id":"https:\/\/www.ocean4future.org\/savetheocean\/#\/schema\/person\/4e1c26437054353074d7bb2efa77162c"},"potentialAction":[{"@type":"SearchAction","target":{"@type":"EntryPoint","urlTemplate":"https:\/\/www.ocean4future.org\/savetheocean\/?s={search_term_string}"},"query-input":{"@type":"PropertyValueSpecification","valueRequired":true,"valueName":"search_term_string"}}],"inLanguage":"it-IT"},{"@type":["Person","Organization"],"@id":"https:\/\/www.ocean4future.org\/savetheocean\/#\/schema\/person\/4e1c26437054353074d7bb2efa77162c","name":"oceandiver","image":{"@type":"ImageObject","inLanguage":"it-IT","@id":"https:\/\/www.ocean4future.org\/savetheocean\/wp-content\/uploads\/2023\/04\/logo-ocean3.jpg","url":"https:\/\/www.ocean4future.org\/savetheocean\/wp-content\/uploads\/2023\/04\/logo-ocean3.jpg","contentUrl":"https:\/\/www.ocean4future.org\/savetheocean\/wp-content\/uploads\/2023\/04\/logo-ocean3.jpg","width":472,"height":301,"caption":"oceandiver"},"logo":{"@id":"https:\/\/www.ocean4future.org\/savetheocean\/wp-content\/uploads\/2023\/04\/logo-ocean3.jpg"}},{"@type":"Person","@id":"https:\/\/www.ocean4future.org\/savetheocean\/#\/schema\/person\/6e6304070edbca76950786f9914905bc","name":"Sacha Giannini","image":{"@type":"ImageObject","inLanguage":"it-IT","@id":"https:\/\/secure.gravatar.com\/avatar\/9a8abcafecbc17fe4f85b14d214245fbad62a514aca5bf8fcb539e2d8bcaa43f?s=96&d=mm&r=g","url":"https:\/\/secure.gravatar.com\/avatar\/9a8abcafecbc17fe4f85b14d214245fbad62a514aca5bf8fcb539e2d8bcaa43f?s=96&d=mm&r=g","contentUrl":"https:\/\/secure.gravatar.com\/avatar\/9a8abcafecbc17fe4f85b14d214245fbad62a514aca5bf8fcb539e2d8bcaa43f?s=96&d=mm&r=g","caption":"Sacha Giannini"},"description":"architetto, yacht designer, perito navale ed ex ispettore di sicurezza del diporto per il rilascio delle certificazioni di sicurezza, \u00e8 un appassionato e profondo conoscitore delle imbarcazioni a vela che effettua valutazioni tecniche e stime commerciali. Dal 2000 esercita la professione di architetto, tra terra e mare, impegnato nell\u2019architettura come nel refitting di barche.","sameAs":["https:\/\/www.sachagiannini.it\/"],"url":"https:\/\/www.ocean4future.org\/savetheocean\/archives\/author\/sacha-giannini"}]}},"_links":{"self":[{"href":"https:\/\/www.ocean4future.org\/savetheocean\/wp-json\/wp\/v2\/posts\/60661","targetHints":{"allow":["GET"]}}],"collection":[{"href":"https:\/\/www.ocean4future.org\/savetheocean\/wp-json\/wp\/v2\/posts"}],"about":[{"href":"https:\/\/www.ocean4future.org\/savetheocean\/wp-json\/wp\/v2\/types\/post"}],"author":[{"embeddable":true,"href":"https:\/\/www.ocean4future.org\/savetheocean\/wp-json\/wp\/v2\/users\/2390"}],"replies":[{"embeddable":true,"href":"https:\/\/www.ocean4future.org\/savetheocean\/wp-json\/wp\/v2\/comments?post=60661"}],"version-history":[{"count":0,"href":"https:\/\/www.ocean4future.org\/savetheocean\/wp-json\/wp\/v2\/posts\/60661\/revisions"}],"wp:featuredmedia":[{"embeddable":true,"href":"https:\/\/www.ocean4future.org\/savetheocean\/wp-json\/wp\/v2\/media\/93870"}],"wp:attachment":[{"href":"https:\/\/www.ocean4future.org\/savetheocean\/wp-json\/wp\/v2\/media?parent=60661"}],"wp:term":[{"taxonomy":"category","embeddable":true,"href":"https:\/\/www.ocean4future.org\/savetheocean\/wp-json\/wp\/v2\/categories?post=60661"},{"taxonomy":"post_tag","embeddable":true,"href":"https:\/\/www.ocean4future.org\/savetheocean\/wp-json\/wp\/v2\/tags?post=60661"}],"curies":[{"name":"wp","href":"https:\/\/api.w.org\/{rel}","templated":true}]}}