{"id":5997,"date":"2018-08-23T02:00:06","date_gmt":"2018-08-23T00:00:06","guid":{"rendered":"http:\/\/www.ocean4future.org\/savetheocean\/?p=5997"},"modified":"2026-04-18T23:08:37","modified_gmt":"2026-04-18T21:08:37","slug":"protagonisti-del-mare-gino-birindelli","status":"publish","type":"post","link":"https:\/\/www.ocean4future.org\/savetheocean\/archives\/5997","title":{"rendered":"Gino Birindelli, l&#8217;ammiraglio scomodo"},"content":{"rendered":"<span class=\"span-reading-time rt-reading-time\" style=\"display: block;\"><span class=\"rt-label rt-prefix\">tempo di lettura: <\/span> <span class=\"rt-time\"> 9<\/span> <span class=\"rt-label rt-postfix\">minuti<\/span><\/span><p><strong><span style=\"color: #ffffff;\">&#8211;<\/span><br \/>\n<a class=\"maxbutton-4 maxbutton maxbutton-livello-di-comprensione\" href=\"javascript:void(0);\"><span class='mb-text'>livello elementare<\/span><\/a><br \/>\n<\/strong><span style=\"color: #ffffff;\">.<\/span><br \/>\n<strong><span style=\"color: #008000;\">ARGOMENTO: PROTAGONISTI DEL MARE<\/span><\/strong><br \/>\n<strong><span style=\"color: #008000;\">PERIODO: XX SECOLO<\/span><\/strong><br \/>\n<strong><span style=\"color: #008000;\">AREA: MAR MEDITERRANEO<\/span><br \/>\n<\/strong>parole chiave: uomini gamma, X MAS, incursori, COMSUBIN, Serchio<br \/>\n<strong><span style=\"color: #ffffff;\">.<\/span><\/strong><\/p>\n<p style=\"text-align: justify;\"><span style=\"font-size: 18pt;\"><em><strong><span style=\"color: #008000;\">&#8220;Lo scopo della vita \u00e8 creare, fare, dare. L\u2019azione \u00e8 gioia dello spirito&#8221;<\/span><\/strong><\/em> <strong><span style=\"color: #008000;\">Gino Birindelli<br \/>\n<\/span><\/strong><span style=\"color: #ffffff;\">.<\/span><\/span><br \/>\nCapita spesso di leggere sulla rete giudizi su eventi e personaggi storici, basate su interpretazioni talvolta non suffragate da fatti ma solo da presupposti legati al proprio credo politico. Talvolta \u00e8 legata all&#8217;ignoranza degli scriventi, spesso vi \u00e8 invece un preciso disegno politico che sfrutta la rete per diffondere in maniera non obiettiva notizie storiche distorte, storicamente inesatte, a volte opportunamente manipolate per imporre la propria opinione sugli altri. E&#8217; il caso di figure di rilievo, vissute a cavallo dell&#8217;ultima guerra, che sono state volutamente dimenticate se non altro perch\u00e8 scomode, in un&#8217;epoca che ha fatto del materialismo e del consumismo nuovi ideali per i giovani.<\/p>\n<p style=\"text-align: justify;\"><strong><span style=\"color: #008000; font-size: 18pt;\"><span style=\"line-height: 24px;\"><span style=\"line-height: 27.99px;\">Gino Birindelli, il marinaio scomodo<\/span><\/span><\/span><\/strong><br \/>\nOggi parliamo di un protagonista del mare, <strong><span style=\"color: #008000;\">Gino Birindelli<\/span><\/strong>, un ufficiale della Marina Militare, eroe della seconda guerra mondiale, il cui spessore etico e morale dovrebbe essere di riferimento per molti militari e politici odierni.\u00a0La straordinariet\u00e0 di Birindelli \u00e8 sintetizzata nel suo testamento spirituale che descrive il suo pensieroetico\u00a0 ancora oggi attualissimo. Al di l\u00e0 dei suoi meriti di servizio, possiamo dire che visse fino all&#8217;ultimo giorno della sua vita sempre con semplicit\u00e0, correttezza e fermezza, come ben raccontato sul sito <strong><span style=\"color: #008000;\"><i>La voce del marinaio<\/i><\/span><\/strong> da <strong><span style=\"color: #008000;\">Pancrazio Vinciguerra<\/span><\/strong>\u00a0in questo <a href=\"http:\/\/www.lavocedelmarinaio.com\/2016\/01\/19-gennaio-1911-nasceva-gino-birindelli-il-marinaio-scomodo%E2%80%A8\/?utm_campaign=shareaholic&amp;utm_medium=facebook&amp;utm_source=socialnetwork\">articolo<\/a>.<\/p>\n<p><img decoding=\"async\" class=\"\" src=\"https:\/\/www.ocean4future.org\/savetheocean\/wp-content\/uploads\/2021\/10\/birindelli-funerale.jpg\" alt=\"Questa immagine ha l'attributo alt vuoto; il nome del file \u00e8 birindelli-funerale.jpg\" width=\"1067\" height=\"512\" \/><\/p>\n<p style=\"text-align: justify;\">Racconter\u00f2 oggi la sua lunga ed avventurosa vita e, soprattutto cercher\u00f2 di sottolineare il suo pensiero, che rappresenta il suo <strong><span style=\"color: #008000;\">testamento spirituale<\/span><\/strong>, di quell&#8217;Uomo scomodo, come fu definito da qualche militare e politico del dopoguerra, le cui parole taglienti scuotevano le coscienze di coloro che all&#8217;etica morale avevano preferito l&#8217;ignavia. Una testimonianza che spero possa essere di ispirazione per molti.<\/p>\n<p><img decoding=\"async\" class=\"\" src=\"https:\/\/www.ocean4future.org\/savetheocean\/wp-content\/uploads\/2018\/08\/Gino-Birindelli-679x1024.jpeg\" alt=\"Questa immagine ha l'attributo alt vuoto; il nome del file \u00e8 Gino-Birindelli-679x1024.jpeg\" width=\"1061\" height=\"1600\" \/><\/p>\n<p align=\"justify\"><strong><span style=\"color: #008000;\">Gino Birindelli &#8211; foto Regia Accademia Navale &#8211; foto di propriet\u00e0 @andrea mucedola<\/span><\/strong><\/p>\n<p style=\"text-align: justify;\"><strong><span style=\"color: #008000;\">Gino Birindelli<\/span><\/strong> nacque a Pescia (Pistoia) il 19 gennaio 1911. Nel 1925, appena quattordicenne, lasci\u00f2 il Collegio degli Scolopi di Firenze ed entr\u00f2 nella <strong><span style=\"color: #008000;\">Regia Accademia Navale di Livorno<\/span><\/strong>, da cui usc\u00ec con il grado di Guardiamarina del Corpo di Stato Maggiore nel 1930. Inizi\u00f2 cos\u00ec una lunga e brillante carriera su varie unit\u00e0 di superficie e sommergibili della Regia Marina, tra cui l\u2019incrociatore \u201cAncona\u201d, la corazzata \u201cAndrea Doria\u201d, i cacciatorpedinieri \u201cQuintino Sella\u201d, \u201cConfienza\u201d, \u201cMonzambano\u201d e \u201cGiovanni Nicotera\u201d e i sommergibili \u201cSantarosa\u201d, \u201cNaiade\u201d, \u201cFoca\u201d e \u201cDomenico Millelire\u201d. Promosso Sottotenente di Vascello nel 1931 e Tenente di Vascello nel 1935 assunse, nel 1939, il comando dei sommergibili \u201cDessi\u00e9\u201d e \u201cRubino\u201d. L\u2019intensa attivit\u00e0 di servizio non gli imped\u00ec di dedicarsi allo studio e, nel 1937, si laure\u00f2 in Ingegneria Civile presso l\u2019Universit\u00e0 di Pisa.<\/p>\n<p style=\"text-align: justify;\">Nel settembre 1939 fu destinato a La Spezia alla Squadriglia MAS per iniziare l\u2019addestramento sui mezzi d\u2019assalto insieme ad altri grandi personaggi del suo tempo: <strong><span style=\"color: #008000;\">Teseo Tesei, Elios Toschi<\/span><\/strong> e <strong><span style=\"color: #008000;\">Luigi Durand de la Penne<\/span><\/strong>. In quell&#8217;impegnativo periodo emerse quella tempra eccezionale di uomo e combattente che lo contraddistinse per l\u2019intero arco della sua vita.<\/p>\n<p><img decoding=\"async\" class=\"wp-image-5999\" src=\"https:\/\/www.ocean4future.org\/savetheocean\/wp-content\/uploads\/2016\/01\/bettolina2.jpg\" alt=\"bettolina2\" width=\"1070\" height=\"804\" srcset=\"https:\/\/www.ocean4future.org\/savetheocean\/wp-content\/uploads\/2016\/01\/bettolina2.jpg 612w, https:\/\/www.ocean4future.org\/savetheocean\/wp-content\/uploads\/2016\/01\/bettolina2-300x225.jpg 300w\" sizes=\"(max-width: 1070px) 100vw, 1070px\" \/><\/p>\n<p align=\"justify\"><strong><span style=\"color: #008000;\">allestimento del primo maiale &#8211; ufficio storico Marina militare <\/span><\/strong><\/p>\n<p style=\"text-align: justify;\">Durante l&#8217;intensa attivit\u00e0 alla Bocca del Serchio, base segreta di addestramento degli uomini dei maiali, incorse in un grave incidente. L\u2019ossigeno dei respiratori a circuito chiuso gli provoc\u00f2 un grave danno ad un polmone per cui venne ricoverato nell&#8217;ospedale di Massa. Ma non ci rest\u00f2 a lungo. Insofferente della situazione, letteralmente scapp\u00f2 dal letto dell&#8217;ospedale per rientrare a Bocca del Serchio, riuscendo a convincere il Comandante, il <strong><span style=\"color: #008000;\">principe Ajmone di Savoia<\/span><\/strong>, a mantenerlo in servizio.\u00a0Prese quindi parte attiva alla prima spedizione dei Mezzi d\u2019Assalto contro la base inglese di Alessandria (<strong><span style=\"color: #008000;\">Operazione G.A.B 1<\/span><\/strong>) nella quale venne \u00a0decorato di Medaglia d\u2019Argento al Valor Militare \u201csul campo\u201d per il comportamento dimostrato a bordo del sommergibile \u201cIride\u201d che era stato soggetto ad un furioso attacco aereo nel Golfo di Bomba.<\/p>\n<p><img decoding=\"async\" class=\"wp-image-6000\" src=\"https:\/\/www.ocean4future.org\/savetheocean\/wp-content\/uploads\/2016\/01\/storia150908-1a.jpg\" alt=\"storia150908-1a\" width=\"1059\" height=\"430\" srcset=\"https:\/\/www.ocean4future.org\/savetheocean\/wp-content\/uploads\/2016\/01\/storia150908-1a.jpg 576w, https:\/\/www.ocean4future.org\/savetheocean\/wp-content\/uploads\/2016\/01\/storia150908-1a-300x122.jpg 300w\" sizes=\"(max-width: 1059px) 100vw, 1059px\" \/><\/p>\n<p align=\"justify\"><strong><span style=\"color: #008000;\">siluro S.L.C. &#8211; Ufficio Storico Marina Militare<\/span><\/strong><\/p>\n<p style=\"text-align: justify;\"><span style=\"color: #ffffff;\">N<\/span><br \/>\nNell&#8217;occasione si tuff\u00f2 per cinque volte consecutive per portare in salvo un marinaio dell\u2019equipaggio del sommergibile intrappolato nel battello in fase di affondamento. Rientrato in Patria prese parte alla prima e alla seconda spedizione dei mezzi d\u2019assalto contro la base inglese di Gibilterra (<strong><span style=\"color: #008000;\">Operazioni B.G. 1 e B.G. 2<\/span><\/strong>); nel corso della seconda spedizione, a causa dell\u2019avaria al proprio mezzo, fu costretto ad affondarlo, venendo successivamente catturato e fatto prigioniero dagli Inglesi. Per questa azione venne in seguito decorato con la <strong><span style=\"color: #008000;\">Medaglia d\u2019Oro al Valor Militare<\/span><\/strong>.<\/p>\n<p style=\"text-align: justify;\">Nei venti mesi successivi rimase prigioniero negli ospedali inglesi ed americani finch\u00e9, alla fine del 1943, dopo l\u2019armistizio, il Governo Italiano di Badoglio lo fece rimpatriare. Nel 1944 Birindelli venne promosso Capitano di Fregata ed assunse l\u2019incarico di Sottocapo di Stato Maggiore dell\u2019Ispettorato Generale MAS partecipando alla Guerra di Liberazione con mezzi di superficie lungo le coste albanesi ed jugoslave. Le sue condizioni di salute peggiorarono e lo costrinsero ad un lungo ricovero in ospedale. Al termine delle ostilit\u00e0 assunse il Comando del Battaglione San Marco e, successivamente, gli venne assegnato l\u2019incarico di Comandante in Seconda della corazzata \u201cItalia\u201d, durante il periodo di internamento ai Laghi Amari in Egitto.<\/p>\n<p><img decoding=\"async\" class=\"\" src=\"https:\/\/www.ocean4future.org\/savetheocean\/wp-content\/uploads\/2017\/06\/gamma.jpg\" alt=\"Questa immagine ha l'attributo alt vuoto; il nome del file \u00e8 gamma.jpg\" width=\"1070\" height=\"775\" \/><\/p>\n<p align=\"justify\"><strong><span style=\"color: #008000;\">Birindelli al centro, prima di una esercitazione di operatori Gamma del dopoguerra, anni &#8217;50 &#8211; foto di propriet\u00e0 autore<\/span><\/strong><\/p>\n<p style=\"text-align: justify;\"><strong><span style=\"font-size: 18pt; color: #008000;\">Il dopo guerra<\/span><\/strong><br \/>\nSuccessivamente fu assegnato al Centro Subacquei del Varignano, un comando gruppo composto per la maggior parte da sommozzatori gi\u00e0 facenti parte dei mezzi d\u2019assalto ai quali, dopo la guerra, era stato dato l\u2019incarico di procedere allo sminamento dell\u2019Alto Adriatico. In seguito frequent\u00f2 l\u2019<strong><span style=\"color: #008000;\">Istituto di Guerra Marittima<\/span><\/strong> e successivamente assunse il Comando prima della 3^ Squadriglia Corvette poi della 3^ Squadriglia Torpediniere. Promosso Capitano di Vascello nel 1952 assunse incarichi prestigiosi, tra i quali il Comando del <strong><span style=\"color: #008000;\">Centro Subacquei ed Incursori <\/span><\/strong>del Varignano (fu grazie a lui che il Comando fu intitolato a Teseo Tesei) a La Spezia ed il Comando dell\u2019incrociatore Raimondo Montecuccoli con il quale, dal settembre 1956 al marzo 1957, effettu\u00f2 una lunga campagna di circumnavigazione del globo. Promosso Contrammiraglio nel 1959, venne destinato prima presso il Centro Alti Studi Militari e quindi agli incarichi di Capo di Stato Maggiore Aggiunto del Comando della Squadra Navale e di rappresentante del Comando delle Forze Alleate del Mediterraneo presso il Comando delle Forze Aeree Terrestri del Sud Europa. Dopo la parentesi NATO, dove seppe far sentire la sua voce, venne destinato presso lo Stato Maggiore della Difesa. Nel 1962 venne promosso Ammiraglio di Divisione, e comand\u00f2 la 1^ Divisione Navale. \u00a0Nel 1966, promosso Ammiraglio di Squadra, ricopr\u00ec gli incarichi di <strong><span style=\"color: #008000;\">Direttore Generale del Personale della Marina<\/span><\/strong>, di <span style=\"color: #008000;\"><strong>Comandante in Capo della Squadra Navale<\/strong><\/span> <strong><span style=\"color: #008000;\">(CINCNAV)<\/span><\/strong> ed infine di <strong><span style=\"color: #008000;\">Comandante Navale Alleato del Sud Europa<\/span><\/strong>, prima a Malta e poi a Napoli.<\/p>\n<p style=\"text-align: justify;\">Una carriera prestigiosa durante la quale Birindelli non dimentic\u00f2 mai i suoi uomini. Non tutti sanno che nel febbraio 1970, in qualit\u00e0 di Comandante in Capo della Squadra Navale, durante una conferenza stampa a bordo dell&#8217;incrociatore Garibaldi, denunci\u00f2 fermamente la crisi in cui versava la Marina Militare e lo stato di profondo malessere morale e materiale in cui si trovava il personale che vi operava. In quella occasione, secondo quanto raccontato dai presenti, dopo aver ricevuto con i dovuti onori a bordo dell&#8217;incrociatore <strong><span style=\"color: #008000;\"><i>Garibaldi<\/i><\/span><\/strong> i parlamentari della Commissione Difesa, li fece suddividere per le varie unit\u00e0 navali alla fonda nel porto di Cagliari. Quindi impart\u00ec l&#8217;ordine di tenerli prevalentemente nei locali macchine e caldaie, caldi e rumorosi, certamente tra gli ambienti meno confortevoli di bordo. I parlamentari, dopo quattro ore di navigazione (sembra con un mare 2\/3) furono riportati sul Garibaldi per la conferenza stampa di rito. All&#8217;arrivo dell&#8217;Ammiraglio gli onorevoli protestarono veementemente per il trattamento ricevuto e Birindelli, con lo spirito che lo aveva animato tutta la vita, rispose che <strong><span style=\"color: #008000;\">quelle erano le migliori condizioni in cui viveva il personale a bordo delle navi<\/span><\/strong>.<\/p>\n<p style=\"text-align: justify;\">Le dichiarazioni di Birindelli scatenarono forti reazioni politiche e prese di posizione a tutti i livelli ma alla fine portarono alla pubblicazione di un documento di programmazione, noto come il &#8220;<strong><span style=\"color: #008000;\">Libro Bianco della Marina<\/span><\/strong>&#8220;, ed alla <strong><span style=\"color: #008000;\">Legge Navale del 1975<\/span><\/strong> che fu il presupposto non solo di un sostanziale ammodernamento<span style=\"font-size: 10px;\">\u00a0<\/span>della flotta, ma per la creazione di alloggi per le famiglie e di una rivisitazione dei magri stipendi del personale.\u00a0<strong><span style=\"color: #008000;\">Birindelli<\/span> <\/strong>venne eletto Deputato al Parlamento nella VI Legislatura, dal 1972 al 1976, ma il 15 dicembre 1973 si conged\u00f2 dalla Marina Militare, circondato dalla stima e da un sincero affetto del personale che aveva sempre\u00a0 difeso con fermezza e onest\u00e0 morale fino all&#8217;ultimo giorno di servizio. Ebbe, come tutte le persone oneste, dei detrattori ma la sua fermezza gli permise di andare avanti fino alla fine a testa alta e le sue doti umane e di militare furono riconosciute anche dai precedenti avversari.<\/p>\n<p><img decoding=\"async\" class=\"alignleft\" style=\"text-align: justify;\" src=\"https:\/\/www.ocean4future.org\/savetheocean\/wp-content\/uploads\/2016\/01\/01b83892-29a0-4c27-992b-582ed8b22e3e11Medium.jpg\" alt=\"01b83892-29a0-4c27-992b-582ed8b22e3e11Medium\" width=\"388\" height=\"291\" \/><\/p>\n<p style=\"text-align: justify;\">A Birindelli fu intitolato un padiglione al <strong><span style=\"color: #008000;\">Museo di Eden Camp<\/span><\/strong>, in Inghilterra, dove \u00e8 conservato un esemplare di quei \u201cSiluri a lenta corsa\u201d, impiegati per la prima volta proprio contro gli Inglesi nella Seconda Guerra Mondiale.<\/p>\n<p style=\"text-align: justify;\">L&#8217;ammiraglio Gino Birindelli mor\u00ec al policlinico militare del Celio di Roma, il 2 agosto 2008 all&#8217;et\u00e0 di 97 anni. I funerali, ai quali ebbi l&#8217;onore di partecipare, furono svolti presso la caserma Grazioli Lante di Roma (l&#8217;allora Comando Marina della Capitale) il 5 agosto 2008, alla presenza del Presidente del Senato della Repubblica, del Presidente della Camera dei Deputati, del Ministro della Difesa, del Sottosegretario alla Difesa <strong><span style=\"color: #008000;\">On. Giuseppe Cossiga<\/span><\/strong>, del Capo di Stato Maggiore della Marina e delle Alte Autorit\u00e0 civili e militari. Il feretro fu mestamente portato a spalla da una rappresentanza di incursori in tenuta operativa.<\/p>\n<p>&nbsp;<\/p>\n<p style=\"text-align: justify;\"><span style=\"font-size: 18pt; color: #008000;\"><strong>Il suo testamento spirituale<br \/>\n<\/strong><\/span><em><strong><a href=\"https:\/\/www.ocean4future.org\/savetheocean\/wp-content\/uploads\/2016\/01\/Ginobiri.jpg\"><img decoding=\"async\" class=\" wp-image-5998 alignleft\" src=\"https:\/\/www.ocean4future.org\/savetheocean\/wp-content\/uploads\/2016\/01\/Ginobiri.jpg\" alt=\"Ginobiri\" width=\"225\" height=\"321\" \/><\/a>&#8220;<span style=\"color: #008000;\">La vera, essenziale, differenza fra il soldato e gli altri individui \u00e8 determinata da due ragioni di fondo: egli \u00e8, e deve sentirsi, l\u2019uomo della crisi, colui cio\u00e8 che deve saper intervenire con chiarezza di idee quando tutto vacilla e tutti rischiano di perdere la testa; egli \u00e8 l\u2019uomo a cui si \u00e8 messo in cuore un grandissimo amore, quello della Patria<\/span>&#8220;. <\/strong><\/em>Queste parole sono tratte dal suo libro &#8220;<em><strong><span style=\"color: #008000;\">Vita di Marinaio<\/span><\/strong><\/em>&#8220;, introvabile in lingua italiana (in inglese <strong><em><span style=\"color: #008000;\">Navy Life. You were to die<\/span><\/em><\/strong>). Frasi che non vogliono essere un&#8217;esaltazione della figura del soldato ma ne sottolineano la missione che egli affronta nella sua vita tra mille tempeste, anteponendo ai propri interessi quelli del proprio Paese. Fa parte della coerenza individuale che molti ebbero, ed hanno, ma che spesso ora come allora non viene riconosciuta.\u00a0 Oggi sono cambiati molti riferimenti,\u00a0 talvolta in meglio talvolta, sempre pi\u00f9, in peggio. Alla maturit\u00e0 ed al rispetto dell&#8217;individuo si vuole sostituire l&#8217;appiattimento dei ruoli e la trasgressione fine a se stessa, alla rettitudine e onest\u00e0 la furbizia, casuando l&#8217;impoverimento etico e morale delle nuove generazioni che certo non ci rende pi\u00f9 forti per affrontare le sfide del III millennio. Di Gino Birindelli, consiglio di leggere il testamento spirituale (ne esiste anche una versione su You Tube, insieme a brani di interviste da lui rilasciate prima della sua morte), di cui riporto alcuni estratti, che possono aiutare a comprendere il suo spessore etico e morale:<\/p>\n<table>\n<tbody>\n<tr>\n<td style=\"text-align: justify;\"><span style=\"font-size: 14pt;\"><strong><span style=\"color: #008000;\">Lo scopo della vita \u00e8 creare, fare, dare. L\u2019azione \u00e8 gioia dello spirito<\/span><\/strong><\/span><\/td>\n<\/tr>\n<tr style=\"text-align: justify;\">\n<td><span style=\"font-size: 14pt;\"><strong><span style=\"color: #008000;\">Non chiedere mai alcunch\u00e9 ad alcuno se non a te stesso. Chiedi al tuo Dio solo e sempre la forza di \u201cnon chiedere\u201d, ma ringrazialo continuamente per ci\u00f2 che sei stato capace di fare.<\/span><\/strong><\/span><\/td>\n<\/tr>\n<tr style=\"text-align: justify;\">\n<td><span style=\"font-size: 14pt;\"><strong><span style=\"color: #008000;\">La forza pi\u00f9 grande dell\u2019uomo \u00e8 la volont\u00e0, quella che permette di \u201cstrappare le stelle dal cielo\u201d, di porre \u201cil cielo come solo limite alle proprie capacit\u00e0 ed aspirazioni\u201d<\/span><span style=\"color: #008000;\">, quella che spinge l\u2019handicappato a cimentarsi nell\u2019agone sportivo, a rendersi autosufficiente con il lavoro.<\/span><\/strong><\/span><\/td>\n<\/tr>\n<tr>\n<td style=\"text-align: justify;\"><span style=\"font-size: 14pt;\"><strong><span style=\"color: #008000;\">A<\/span><span style=\"color: #008000;\">ssisti senza fine chi si impegna con perseverante sacrificio all&#8217;elevazione materiale e spirituale propria ed altrui. Ogni atto di solidariet\u00e0 che proponi sia, prima di tutto ed in buona misura, a tuo carico<\/span><\/strong>.<\/span><\/td>\n<\/tr>\n<tr>\n<td style=\"text-align: justify;\"><span style=\"font-size: 14pt;\"><strong><span style=\"color: #008000;\">Una pi\u00f9 grande Famiglia donataci da Dio. Questa \u00e8 la Patria e ad essa \u2013 come tale \u2013 si devono dedizione e devozione assolute.<\/span><\/strong><\/span><\/td>\n<\/tr>\n<tr style=\"text-align: justify;\">\n<td><span style=\"font-size: 14pt;\"><strong><span style=\"color: #008000;\">La Civilt\u00e0 \u00e8 il rispetto di se stessi, degli altri, delle altrui opinioni. La Cultura ha lo scopo precipuo di incrementare il grado di Civilt\u00e0 degli individui.<\/span><\/strong><\/span><\/td>\n<\/tr>\n<tr style=\"text-align: justify;\">\n<td><span style=\"font-size: 14pt;\"><strong><span style=\"color: #008000;\">La Libert\u00e0 e la Pace sono \u2013 solo e sempre \u2013 il prodotto dell\u2019impegno duro, indefesso, doloroso degli uomini di buona volont\u00e0. La costruzione umana su cui si poggia la Pace ha, come chiave di volta, la Giustizia; quella su cui poggia la Libert\u00e0 ha il Coraggio.<\/span><\/strong><\/span><\/td>\n<\/tr>\n<tr style=\"text-align: justify;\">\n<td><span style=\"font-size: 14pt;\"><strong><span style=\"color: #008000;\"> Il coraggio vero, quello che conta, \u00e8 il Coraggio Morale. Esso deriva dall&#8217;onest\u00e0, dal senso del dovere, dall&#8217;impegno con se stesso a tutelare i diritti umani di tutti.<\/span><\/strong><\/span><\/td>\n<\/tr>\n<tr>\n<td style=\"text-align: justify;\"><span style=\"font-size: 14pt;\"><strong><span style=\"color: #008000;\">Solo l\u00e0 dove ogni atto \u00e8 ispirato a vivo senso di responsabilit\u00e0 ci pu\u00f2 essere ordine e democrazia.<\/span><\/strong><\/span><\/td>\n<\/tr>\n<\/tbody>\n<\/table>\n<p style=\"text-align: justify;\">Non credo ci sia necessit\u00e0 di commentare queste frasi, scritte da Gino Birindelli, un protagonista del mare e del nostro tempo.<\/p>\n<p><strong><span style=\"color: #008000;\">Andrea Mucedola<\/span><\/strong><br \/>\n<span style=\"color: #ffffff;\">.<\/span><br \/>\n<span style=\"color: #ffffff;\">.<\/span><\/p>\n<p style=\"text-align: justify;\">Alcune delle immagini possono essere state prese dal web, citandone ove possibile gli autori e\/o le fonti. Se qualcuno desiderasse specificarne l\u2019autore o rimuoverle, pu\u00f2 scrivere a infoocean4future@gmail.com e provvederemo immediatamente alla correzione dell\u2019articolo<\/p>\n<p style=\"text-align: justify;\"><span style=\"color: #ffffff;\">ne dell\u2019articolo<\/span><\/p>\n<p style=\"text-align: justify;\"><a class=\"maxbutton-3 maxbutton maxbutton-pagina-principale\" target=\"_blank\" title=\"tooltip\" rel=\"nofollow noopener\" href=\"http:\/\/www.ocean4future.org\"><span class='mb-text'>PAGINA PRINCIPALE<\/span><\/a><br \/>\n<span style=\"color: #ffffff;\">.<\/span><\/p>\n","protected":false},"excerpt":{"rendered":"<p><span class=\"span-reading-time rt-reading-time\" style=\"display: block;\"><span class=\"rt-label rt-prefix\">tempo di lettura: <\/span> <span class=\"rt-time\"> 9<\/span> <span class=\"rt-label rt-postfix\">minuti<\/span><\/span>&#8211; . ARGOMENTO: PROTAGONISTI DEL MARE PERIODO: XX SECOLO AREA: MAR MEDITERRANEO parole chiave: uomini gamma, X MAS, incursori, COMSUBIN, Serchio . &#8220;Lo scopo della vita \u00e8 creare, fare, dare. L\u2019azione \u00e8 gioia dello spirito&#8221; Gino Birindelli . Capita spesso di leggere sulla rete giudizi su eventi e personaggi storici, basate su interpretazioni talvolta non [&hellip;]<\/p>\n","protected":false},"author":2380,"featured_media":67165,"comment_status":"open","ping_status":"open","sticky":false,"template":"","format":"standard","meta":{"_acf_changed":false,"_monsterinsights_skip_tracking":false,"_monsterinsights_sitenote_active":false,"_monsterinsights_sitenote_note":"","_monsterinsights_sitenote_category":0,"footnotes":""},"categories":[2433,2314],"tags":[1108,1109,1111,1110],"class_list":["post-5997","post","type-post","status-publish","format-standard","has-post-thumbnail","hentry","category-editoriale","category-personaggi","tag-gino-birindelli","tag-mezzi-di-assalto","tag-serchio","tag-uomini-gamma"],"acf":[],"yoast_head":"<!-- This site is optimized with the Yoast SEO plugin v27.4 - https:\/\/yoast.com\/product\/yoast-seo-wordpress\/ -->\n<title>Gino Birindelli, l&#039;ammiraglio scomodo &#8226; OCEAN4FUTURE autore<\/title>\n<meta name=\"robots\" content=\"index, follow, max-snippet:-1, max-image-preview:large, max-video-preview:-1\" \/>\n<link rel=\"canonical\" href=\"https:\/\/www.ocean4future.org\/savetheocean\/archives\/5997\" \/>\n<meta property=\"og:locale\" content=\"it_IT\" \/>\n<meta property=\"og:type\" content=\"article\" \/>\n<meta property=\"og:title\" content=\"Gino Birindelli, l&#039;ammiraglio scomodo &#8226; OCEAN4FUTURE autore\" \/>\n<meta property=\"og:description\" content=\"tempo di lettura:  9 minuti&#8211; . ARGOMENTO: PROTAGONISTI DEL MARE PERIODO: XX SECOLO AREA: MAR MEDITERRANEO parole chiave: uomini gamma, X MAS, incursori, COMSUBIN, Serchio . &#8220;Lo scopo della vita \u00e8 creare, fare, dare. L\u2019azione \u00e8 gioia dello spirito&#8221; Gino Birindelli . Capita spesso di leggere sulla rete giudizi su eventi e personaggi storici, basate su interpretazioni talvolta non [&hellip;]\" \/>\n<meta property=\"og:url\" content=\"https:\/\/www.ocean4future.org\/savetheocean\/archives\/5997\" \/>\n<meta property=\"og:site_name\" content=\"OCEAN4FUTURE\" \/>\n<meta property=\"article:published_time\" content=\"2018-08-23T00:00:06+00:00\" \/>\n<meta property=\"article:modified_time\" content=\"2026-04-18T21:08:37+00:00\" \/>\n<meta property=\"og:image\" content=\"https:\/\/www.ocean4future.org\/savetheocean\/wp-content\/uploads\/2021\/11\/cropped-gamma-comsubin-e1756568199294.jpg\" \/>\n\t<meta property=\"og:image:width\" content=\"670\" \/>\n\t<meta property=\"og:image:height\" content=\"262\" \/>\n\t<meta property=\"og:image:type\" content=\"image\/jpeg\" \/>\n<meta name=\"author\" content=\"Andrea Mucedola\" \/>\n<meta name=\"twitter:card\" content=\"summary_large_image\" \/>\n<meta name=\"twitter:creator\" content=\"@ocean4future\" \/>\n<meta name=\"twitter:site\" content=\"@ocean4future\" \/>\n<meta name=\"twitter:label1\" content=\"Scritto da\" \/>\n\t<meta name=\"twitter:data1\" content=\"Andrea Mucedola\" \/>\n\t<meta name=\"twitter:label2\" content=\"Tempo di lettura stimato\" \/>\n\t<meta name=\"twitter:data2\" content=\"14 minuti\" \/>\n<script type=\"application\/ld+json\" class=\"yoast-schema-graph\">{\"@context\":\"https:\\\/\\\/schema.org\",\"@graph\":[{\"@type\":\"Article\",\"@id\":\"https:\\\/\\\/www.ocean4future.org\\\/savetheocean\\\/archives\\\/5997#article\",\"isPartOf\":{\"@id\":\"https:\\\/\\\/www.ocean4future.org\\\/savetheocean\\\/archives\\\/5997\"},\"author\":{\"name\":\"Andrea Mucedola\",\"@id\":\"https:\\\/\\\/www.ocean4future.org\\\/savetheocean\\\/#\\\/schema\\\/person\\\/252d25dcc5c002abcde7b2d4baa78f13\"},\"headline\":\"Gino Birindelli, l&#8217;ammiraglio scomodo\",\"datePublished\":\"2018-08-23T00:00:06+00:00\",\"dateModified\":\"2026-04-18T21:08:37+00:00\",\"mainEntityOfPage\":{\"@id\":\"https:\\\/\\\/www.ocean4future.org\\\/savetheocean\\\/archives\\\/5997\"},\"wordCount\":2186,\"commentCount\":2,\"publisher\":{\"@id\":\"https:\\\/\\\/www.ocean4future.org\\\/savetheocean\\\/#\\\/schema\\\/person\\\/4e1c26437054353074d7bb2efa77162c\"},\"image\":{\"@id\":\"https:\\\/\\\/www.ocean4future.org\\\/savetheocean\\\/archives\\\/5997#primaryimage\"},\"thumbnailUrl\":\"https:\\\/\\\/www.ocean4future.org\\\/savetheocean\\\/wp-content\\\/uploads\\\/2021\\\/11\\\/cropped-gamma-comsubin-e1756568199294.jpg\",\"keywords\":[\"Gino Birindelli\",\"mezzi di assalto\",\"Serchio\",\"uomini gamma\"],\"articleSection\":[\"Editoriale\",\"Personaggi\"],\"inLanguage\":\"it-IT\",\"potentialAction\":[{\"@type\":\"CommentAction\",\"name\":\"Comment\",\"target\":[\"https:\\\/\\\/www.ocean4future.org\\\/savetheocean\\\/archives\\\/5997#respond\"]}]},{\"@type\":\"WebPage\",\"@id\":\"https:\\\/\\\/www.ocean4future.org\\\/savetheocean\\\/archives\\\/5997\",\"url\":\"https:\\\/\\\/www.ocean4future.org\\\/savetheocean\\\/archives\\\/5997\",\"name\":\"Gino Birindelli, l'ammiraglio scomodo &#8226; OCEAN4FUTURE autore\",\"isPartOf\":{\"@id\":\"https:\\\/\\\/www.ocean4future.org\\\/savetheocean\\\/#website\"},\"primaryImageOfPage\":{\"@id\":\"https:\\\/\\\/www.ocean4future.org\\\/savetheocean\\\/archives\\\/5997#primaryimage\"},\"image\":{\"@id\":\"https:\\\/\\\/www.ocean4future.org\\\/savetheocean\\\/archives\\\/5997#primaryimage\"},\"thumbnailUrl\":\"https:\\\/\\\/www.ocean4future.org\\\/savetheocean\\\/wp-content\\\/uploads\\\/2021\\\/11\\\/cropped-gamma-comsubin-e1756568199294.jpg\",\"datePublished\":\"2018-08-23T00:00:06+00:00\",\"dateModified\":\"2026-04-18T21:08:37+00:00\",\"breadcrumb\":{\"@id\":\"https:\\\/\\\/www.ocean4future.org\\\/savetheocean\\\/archives\\\/5997#breadcrumb\"},\"inLanguage\":\"it-IT\",\"potentialAction\":[{\"@type\":\"ReadAction\",\"target\":[\"https:\\\/\\\/www.ocean4future.org\\\/savetheocean\\\/archives\\\/5997\"]}]},{\"@type\":\"ImageObject\",\"inLanguage\":\"it-IT\",\"@id\":\"https:\\\/\\\/www.ocean4future.org\\\/savetheocean\\\/archives\\\/5997#primaryimage\",\"url\":\"https:\\\/\\\/www.ocean4future.org\\\/savetheocean\\\/wp-content\\\/uploads\\\/2021\\\/11\\\/cropped-gamma-comsubin-e1756568199294.jpg\",\"contentUrl\":\"https:\\\/\\\/www.ocean4future.org\\\/savetheocean\\\/wp-content\\\/uploads\\\/2021\\\/11\\\/cropped-gamma-comsubin-e1756568199294.jpg\",\"width\":670,\"height\":262},{\"@type\":\"BreadcrumbList\",\"@id\":\"https:\\\/\\\/www.ocean4future.org\\\/savetheocean\\\/archives\\\/5997#breadcrumb\",\"itemListElement\":[{\"@type\":\"ListItem\",\"position\":1,\"name\":\"Home\",\"item\":\"https:\\\/\\\/www.ocean4future.org\\\/savetheocean\"},{\"@type\":\"ListItem\",\"position\":2,\"name\":\"Gino Birindelli, l&#8217;ammiraglio scomodo\"}]},{\"@type\":\"WebSite\",\"@id\":\"https:\\\/\\\/www.ocean4future.org\\\/savetheocean\\\/#website\",\"url\":\"https:\\\/\\\/www.ocean4future.org\\\/savetheocean\\\/\",\"name\":\"Ocean 4 Future\",\"description\":\"Per una nuova cultura del mare e della marittimit\u00e0\",\"publisher\":{\"@id\":\"https:\\\/\\\/www.ocean4future.org\\\/savetheocean\\\/#\\\/schema\\\/person\\\/4e1c26437054353074d7bb2efa77162c\"},\"potentialAction\":[{\"@type\":\"SearchAction\",\"target\":{\"@type\":\"EntryPoint\",\"urlTemplate\":\"https:\\\/\\\/www.ocean4future.org\\\/savetheocean\\\/?s={search_term_string}\"},\"query-input\":{\"@type\":\"PropertyValueSpecification\",\"valueRequired\":true,\"valueName\":\"search_term_string\"}}],\"inLanguage\":\"it-IT\"},{\"@type\":[\"Person\",\"Organization\"],\"@id\":\"https:\\\/\\\/www.ocean4future.org\\\/savetheocean\\\/#\\\/schema\\\/person\\\/4e1c26437054353074d7bb2efa77162c\",\"name\":\"oceandiver\",\"image\":{\"@type\":\"ImageObject\",\"inLanguage\":\"it-IT\",\"@id\":\"https:\\\/\\\/www.ocean4future.org\\\/savetheocean\\\/wp-content\\\/uploads\\\/2023\\\/04\\\/logo-ocean3.jpg\",\"url\":\"https:\\\/\\\/www.ocean4future.org\\\/savetheocean\\\/wp-content\\\/uploads\\\/2023\\\/04\\\/logo-ocean3.jpg\",\"contentUrl\":\"https:\\\/\\\/www.ocean4future.org\\\/savetheocean\\\/wp-content\\\/uploads\\\/2023\\\/04\\\/logo-ocean3.jpg\",\"width\":472,\"height\":301,\"caption\":\"oceandiver\"},\"logo\":{\"@id\":\"https:\\\/\\\/www.ocean4future.org\\\/savetheocean\\\/wp-content\\\/uploads\\\/2023\\\/04\\\/logo-ocean3.jpg\"}},{\"@type\":\"Person\",\"@id\":\"https:\\\/\\\/www.ocean4future.org\\\/savetheocean\\\/#\\\/schema\\\/person\\\/252d25dcc5c002abcde7b2d4baa78f13\",\"name\":\"Andrea Mucedola\",\"image\":{\"@type\":\"ImageObject\",\"inLanguage\":\"it-IT\",\"@id\":\"https:\\\/\\\/secure.gravatar.com\\\/avatar\\\/befc97e7f9e17a6b60a3969a83be976bdb6f8fc3d0b55cb27b11ae85db4b6240?s=96&d=mm&r=g\",\"url\":\"https:\\\/\\\/secure.gravatar.com\\\/avatar\\\/befc97e7f9e17a6b60a3969a83be976bdb6f8fc3d0b55cb27b11ae85db4b6240?s=96&d=mm&r=g\",\"contentUrl\":\"https:\\\/\\\/secure.gravatar.com\\\/avatar\\\/befc97e7f9e17a6b60a3969a83be976bdb6f8fc3d0b55cb27b11ae85db4b6240?s=96&d=mm&r=g\",\"caption\":\"Andrea Mucedola\"},\"description\":\"ammiraglio della Marina Militare Italiana (riserva), \u00e8 laureato in Scienze Marittime della Difesa presso l\u2019Universit\u00e0 di Pisa ed in Scienze Politiche cum laude all\u2019Universit\u00e0 di Trieste. Analista di Maritime Security, collabora con numerosi Centri di studi e analisi geopolitici italiani ed internazionali. Ricercatore subacqueo scientifico dal 1993, nel 2019, ha ricevuto il Tridente d'oro dell'Accademia delle Scienze e Tecniche Subacquee per la divulgazione della cultura del mare. Fa parte del Comitato scientifico della Fondazione Atlantide e della Scuola internazionale Subacquei scientifici (ISSD - AIOSS).\",\"sameAs\":[\"http:\\\/\\\/www.ocean4future.org\"],\"url\":\"https:\\\/\\\/www.ocean4future.org\\\/savetheocean\\\/archives\\\/author\\\/andrea-mucedola\"}]}<\/script>\n<!-- \/ Yoast SEO plugin. -->","yoast_head_json":{"title":"Gino Birindelli, l'ammiraglio scomodo &#8226; OCEAN4FUTURE autore","robots":{"index":"index","follow":"follow","max-snippet":"max-snippet:-1","max-image-preview":"max-image-preview:large","max-video-preview":"max-video-preview:-1"},"canonical":"https:\/\/www.ocean4future.org\/savetheocean\/archives\/5997","og_locale":"it_IT","og_type":"article","og_title":"Gino Birindelli, l'ammiraglio scomodo &#8226; OCEAN4FUTURE autore","og_description":"tempo di lettura:  9 minuti&#8211; . ARGOMENTO: PROTAGONISTI DEL MARE PERIODO: XX SECOLO AREA: MAR MEDITERRANEO parole chiave: uomini gamma, X MAS, incursori, COMSUBIN, Serchio . &#8220;Lo scopo della vita \u00e8 creare, fare, dare. L\u2019azione \u00e8 gioia dello spirito&#8221; Gino Birindelli . Capita spesso di leggere sulla rete giudizi su eventi e personaggi storici, basate su interpretazioni talvolta non [&hellip;]","og_url":"https:\/\/www.ocean4future.org\/savetheocean\/archives\/5997","og_site_name":"OCEAN4FUTURE","article_published_time":"2018-08-23T00:00:06+00:00","article_modified_time":"2026-04-18T21:08:37+00:00","og_image":[{"width":670,"height":262,"url":"https:\/\/www.ocean4future.org\/savetheocean\/wp-content\/uploads\/2021\/11\/cropped-gamma-comsubin-e1756568199294.jpg","type":"image\/jpeg"}],"author":"Andrea Mucedola","twitter_card":"summary_large_image","twitter_creator":"@ocean4future","twitter_site":"@ocean4future","twitter_misc":{"Scritto da":"Andrea Mucedola","Tempo di lettura stimato":"14 minuti"},"schema":{"@context":"https:\/\/schema.org","@graph":[{"@type":"Article","@id":"https:\/\/www.ocean4future.org\/savetheocean\/archives\/5997#article","isPartOf":{"@id":"https:\/\/www.ocean4future.org\/savetheocean\/archives\/5997"},"author":{"name":"Andrea Mucedola","@id":"https:\/\/www.ocean4future.org\/savetheocean\/#\/schema\/person\/252d25dcc5c002abcde7b2d4baa78f13"},"headline":"Gino Birindelli, l&#8217;ammiraglio scomodo","datePublished":"2018-08-23T00:00:06+00:00","dateModified":"2026-04-18T21:08:37+00:00","mainEntityOfPage":{"@id":"https:\/\/www.ocean4future.org\/savetheocean\/archives\/5997"},"wordCount":2186,"commentCount":2,"publisher":{"@id":"https:\/\/www.ocean4future.org\/savetheocean\/#\/schema\/person\/4e1c26437054353074d7bb2efa77162c"},"image":{"@id":"https:\/\/www.ocean4future.org\/savetheocean\/archives\/5997#primaryimage"},"thumbnailUrl":"https:\/\/www.ocean4future.org\/savetheocean\/wp-content\/uploads\/2021\/11\/cropped-gamma-comsubin-e1756568199294.jpg","keywords":["Gino Birindelli","mezzi di assalto","Serchio","uomini gamma"],"articleSection":["Editoriale","Personaggi"],"inLanguage":"it-IT","potentialAction":[{"@type":"CommentAction","name":"Comment","target":["https:\/\/www.ocean4future.org\/savetheocean\/archives\/5997#respond"]}]},{"@type":"WebPage","@id":"https:\/\/www.ocean4future.org\/savetheocean\/archives\/5997","url":"https:\/\/www.ocean4future.org\/savetheocean\/archives\/5997","name":"Gino Birindelli, l'ammiraglio scomodo &#8226; OCEAN4FUTURE autore","isPartOf":{"@id":"https:\/\/www.ocean4future.org\/savetheocean\/#website"},"primaryImageOfPage":{"@id":"https:\/\/www.ocean4future.org\/savetheocean\/archives\/5997#primaryimage"},"image":{"@id":"https:\/\/www.ocean4future.org\/savetheocean\/archives\/5997#primaryimage"},"thumbnailUrl":"https:\/\/www.ocean4future.org\/savetheocean\/wp-content\/uploads\/2021\/11\/cropped-gamma-comsubin-e1756568199294.jpg","datePublished":"2018-08-23T00:00:06+00:00","dateModified":"2026-04-18T21:08:37+00:00","breadcrumb":{"@id":"https:\/\/www.ocean4future.org\/savetheocean\/archives\/5997#breadcrumb"},"inLanguage":"it-IT","potentialAction":[{"@type":"ReadAction","target":["https:\/\/www.ocean4future.org\/savetheocean\/archives\/5997"]}]},{"@type":"ImageObject","inLanguage":"it-IT","@id":"https:\/\/www.ocean4future.org\/savetheocean\/archives\/5997#primaryimage","url":"https:\/\/www.ocean4future.org\/savetheocean\/wp-content\/uploads\/2021\/11\/cropped-gamma-comsubin-e1756568199294.jpg","contentUrl":"https:\/\/www.ocean4future.org\/savetheocean\/wp-content\/uploads\/2021\/11\/cropped-gamma-comsubin-e1756568199294.jpg","width":670,"height":262},{"@type":"BreadcrumbList","@id":"https:\/\/www.ocean4future.org\/savetheocean\/archives\/5997#breadcrumb","itemListElement":[{"@type":"ListItem","position":1,"name":"Home","item":"https:\/\/www.ocean4future.org\/savetheocean"},{"@type":"ListItem","position":2,"name":"Gino Birindelli, l&#8217;ammiraglio scomodo"}]},{"@type":"WebSite","@id":"https:\/\/www.ocean4future.org\/savetheocean\/#website","url":"https:\/\/www.ocean4future.org\/savetheocean\/","name":"Ocean 4 Future","description":"Per una nuova cultura del mare e della marittimit\u00e0","publisher":{"@id":"https:\/\/www.ocean4future.org\/savetheocean\/#\/schema\/person\/4e1c26437054353074d7bb2efa77162c"},"potentialAction":[{"@type":"SearchAction","target":{"@type":"EntryPoint","urlTemplate":"https:\/\/www.ocean4future.org\/savetheocean\/?s={search_term_string}"},"query-input":{"@type":"PropertyValueSpecification","valueRequired":true,"valueName":"search_term_string"}}],"inLanguage":"it-IT"},{"@type":["Person","Organization"],"@id":"https:\/\/www.ocean4future.org\/savetheocean\/#\/schema\/person\/4e1c26437054353074d7bb2efa77162c","name":"oceandiver","image":{"@type":"ImageObject","inLanguage":"it-IT","@id":"https:\/\/www.ocean4future.org\/savetheocean\/wp-content\/uploads\/2023\/04\/logo-ocean3.jpg","url":"https:\/\/www.ocean4future.org\/savetheocean\/wp-content\/uploads\/2023\/04\/logo-ocean3.jpg","contentUrl":"https:\/\/www.ocean4future.org\/savetheocean\/wp-content\/uploads\/2023\/04\/logo-ocean3.jpg","width":472,"height":301,"caption":"oceandiver"},"logo":{"@id":"https:\/\/www.ocean4future.org\/savetheocean\/wp-content\/uploads\/2023\/04\/logo-ocean3.jpg"}},{"@type":"Person","@id":"https:\/\/www.ocean4future.org\/savetheocean\/#\/schema\/person\/252d25dcc5c002abcde7b2d4baa78f13","name":"Andrea Mucedola","image":{"@type":"ImageObject","inLanguage":"it-IT","@id":"https:\/\/secure.gravatar.com\/avatar\/befc97e7f9e17a6b60a3969a83be976bdb6f8fc3d0b55cb27b11ae85db4b6240?s=96&d=mm&r=g","url":"https:\/\/secure.gravatar.com\/avatar\/befc97e7f9e17a6b60a3969a83be976bdb6f8fc3d0b55cb27b11ae85db4b6240?s=96&d=mm&r=g","contentUrl":"https:\/\/secure.gravatar.com\/avatar\/befc97e7f9e17a6b60a3969a83be976bdb6f8fc3d0b55cb27b11ae85db4b6240?s=96&d=mm&r=g","caption":"Andrea Mucedola"},"description":"ammiraglio della Marina Militare Italiana (riserva), \u00e8 laureato in Scienze Marittime della Difesa presso l\u2019Universit\u00e0 di Pisa ed in Scienze Politiche cum laude all\u2019Universit\u00e0 di Trieste. Analista di Maritime Security, collabora con numerosi Centri di studi e analisi geopolitici italiani ed internazionali. Ricercatore subacqueo scientifico dal 1993, nel 2019, ha ricevuto il Tridente d'oro dell'Accademia delle Scienze e Tecniche Subacquee per la divulgazione della cultura del mare. Fa parte del Comitato scientifico della Fondazione Atlantide e della Scuola internazionale Subacquei scientifici (ISSD - AIOSS).","sameAs":["http:\/\/www.ocean4future.org"],"url":"https:\/\/www.ocean4future.org\/savetheocean\/archives\/author\/andrea-mucedola"}]}},"_links":{"self":[{"href":"https:\/\/www.ocean4future.org\/savetheocean\/wp-json\/wp\/v2\/posts\/5997","targetHints":{"allow":["GET"]}}],"collection":[{"href":"https:\/\/www.ocean4future.org\/savetheocean\/wp-json\/wp\/v2\/posts"}],"about":[{"href":"https:\/\/www.ocean4future.org\/savetheocean\/wp-json\/wp\/v2\/types\/post"}],"author":[{"embeddable":true,"href":"https:\/\/www.ocean4future.org\/savetheocean\/wp-json\/wp\/v2\/users\/2380"}],"replies":[{"embeddable":true,"href":"https:\/\/www.ocean4future.org\/savetheocean\/wp-json\/wp\/v2\/comments?post=5997"}],"version-history":[{"count":3,"href":"https:\/\/www.ocean4future.org\/savetheocean\/wp-json\/wp\/v2\/posts\/5997\/revisions"}],"predecessor-version":[{"id":127666,"href":"https:\/\/www.ocean4future.org\/savetheocean\/wp-json\/wp\/v2\/posts\/5997\/revisions\/127666"}],"wp:featuredmedia":[{"embeddable":true,"href":"https:\/\/www.ocean4future.org\/savetheocean\/wp-json\/wp\/v2\/media\/67165"}],"wp:attachment":[{"href":"https:\/\/www.ocean4future.org\/savetheocean\/wp-json\/wp\/v2\/media?parent=5997"}],"wp:term":[{"taxonomy":"category","embeddable":true,"href":"https:\/\/www.ocean4future.org\/savetheocean\/wp-json\/wp\/v2\/categories?post=5997"},{"taxonomy":"post_tag","embeddable":true,"href":"https:\/\/www.ocean4future.org\/savetheocean\/wp-json\/wp\/v2\/tags?post=5997"}],"curies":[{"name":"wp","href":"https:\/\/api.w.org\/{rel}","templated":true}]}}