{"id":59556,"date":"2021-05-20T00:05:53","date_gmt":"2021-05-19T22:05:53","guid":{"rendered":"http:\/\/www.ocean4future.org\/savetheocean\/?p=59556"},"modified":"2023-05-31T10:40:12","modified_gmt":"2023-05-31T08:40:12","slug":"aperte-le-iscrizioni-per-decima-edizione-asinara-camp-formiamo-i-futuri-protagonisti-dell-mare","status":"publish","type":"post","link":"https:\/\/www.ocean4future.org\/savetheocean\/archives\/59556","title":{"rendered":"Aperte le iscrizioni per la Decima edizione dell&#8217;Asinara Camp: dove si formano i futuri protagonisti del mare"},"content":{"rendered":"<span class=\"span-reading-time rt-reading-time\" style=\"display: block;\"><span class=\"rt-label rt-prefix\">tempo di lettura: <\/span> <span class=\"rt-time\"> 6<\/span> <span class=\"rt-label rt-postfix\">minuti<\/span><\/span><p><span style=\"color: #ffffff;\">.<\/span><br \/>\n<a class=\"maxbutton-4 maxbutton maxbutton-livello-di-comprensione\" href=\"javascript:void(0);\"><span class='mb-text'>livello elementare<\/span><\/a><br \/>\n<span style=\"color: #ffffff;\">.<\/span><br \/>\n<strong><span style=\"color: #008000;\">ARGOMENTO: ASSOCIAZIONI PER IL MARE<\/span><\/strong><br \/>\n<strong><span style=\"color: #008000;\">PERIODO: XXI SECOLO<\/span><\/strong><br \/>\n<strong><span style=\"color: #008000;\">AREA: SARDEGNA<\/span><\/strong><br \/>\nparole chiave: Educazione ambientale, educazione, subacquea<br \/>\n<span style=\"color: #ffffff;\">.<\/span><\/p>\n<p style=\"text-align: justify;\"><strong><span style=\"color: #008000;\">Cristina Bonino<\/span><\/strong>, ligure di origine, affascinata dal mare fin da piccola, affronta i suoi tirocini di laurea in Biologia Marina presso il Parco Nazionale e AMP Isola dell\u2019Asinara in Sardegna e in quella circostanza conosce la scuola di immersione I Sette Mari e il suo responsabile Occulto Luca.<\/p>\n<p><img decoding=\"async\" src=\"https:\/\/www.ocean4future.org\/savetheocean\/wp-content\/uploads\/2021\/05\/Untitled2-1024x724.jpg\" alt=\"Questa immagine ha l'attributo alt vuoto; il nome del file \u00e8 Untitled2-1024x724.jpg\"><\/p>\n<p style=\"text-align: justify;\">Ricorder\u00f2 sempre la prima volta che vidi Luca e i suoi allievi dell\u2019Asinara Camp nell\u2019estate del 2013 alla 2\u00b0edizione del progetto. Durante le mie giornate di tirocinio mi capitava di incrociarli nel percorso a terra e a mare e non avevo mai visto un campus dedicato alla subacquea con ragazzi cos\u00ec giovani, e questo mi colp\u00ec molto perch\u00e9 per me la possibilit\u00e0 di diventare subacquea \u00e8 arrivata dopo iniziato il percorso universitario per diventare biologa marina, e non ho mai avuto questa grande opportunit\u00e0 da bambina\/ragazza\u201d. Da quell\u2019estate 2013 mi misi in testa che avrei voluto inserirmi nello staff del <strong><span style=\"color: #008000;\">progetto Asinara Camp<\/span><\/strong> per sviluppare la mia professione di biologa, insegnante e divulgatrice del Mare, aumentando la mia consapevolezza e sicurezza subacquea, diventando un istruttore subacqueo dedicato alla scienza e alla ricerca, ma soprattutto volendo essere un punto di riferimento per ragazzi giovani che non hanno un orientamento ben preciso del cosa possono fare da grandi, dando loro una grande opportunit\u00e0.<\/p>\n<p style=\"text-align: justify;\"><img decoding=\"async\" src=\"https:\/\/www.ocean4future.org\/savetheocean\/wp-content\/uploads\/2021\/05\/0489_270820-1024x683.jpg\" alt=\"Questa immagine ha l'attributo alt vuoto; il nome del file \u00e8 0489_270820-1024x683.jpg\"><br \/>\nInizialmente sapevo che i ragazzi\/e dell\u2019Asinara Camp amano il mare in primis e volevano stare in mare grazie a sport come apnea e subacquea, ma non avevo idea di cosa volesse dire partecipare al progetto Asinara Camp.<br \/>\nNel 2014 3\u00b0edizione inizia il mio ruolo di biologa all\u2019interno del progetto e da li inizia la mia grande avventura che ancora oggi \u00e8 la mia vita insieme al mio compagno. Descrivendo il progetto \u00e8 nato nel 2012 sul Parco Nazionale. e AMP Isola dell\u2019Asinara rivolto esclusivamente a giovani di et\u00e0 8-17 anni con l\u2019intento di una crescita subacquatica del partecipante e con l\u2019esperienza subacquea, ma si \u00e8 sviluppata negli anni con vari programmi dedicati al mare arrivando a creare un percorso per Young Professional: diventare guide subacquee a 18 anni con requisiti d\u2019esperienza, conoscenze ed immersione che anche un adulto pu\u00f2 invidiare. Poi per operare come guida responsabile \u00e8 necessaria una maturit\u00e0 nei ragazzi che non sempre \u00e8 raggiunta a 18 anni ma noi formiamo a livello curriculare.<\/p>\n<p style=\"text-align: justify;\">L\u2019Asinara Camp dal 2012 ad oggi ha visto partecipare circa 80 allievi con et\u00e0 dai 8 -17 anni suddivisi per et\u00e0 8-13,14-17 che restano per due settimane circa lontano da casa e dai genitori senza fonte elettronica personale (cellulari, pc, tablet) e questo punto ci differenzia da tante altre attivit\u00e0.<br \/>\nImporre per regolamento che il Camp si svolge senza cellulare. Al giorno d\u2019oggi sembra quasi un affronto, ma non \u00e8 cos\u00ec. Se pensiamo ai classici centri estivi i numeri gi\u00e0 fanno capire che l\u2019Asinara camp non \u00e8 un centro estivo ed \u00e8 estremamente selettivo e soprattutto dovrebbe far riflettere un punto importante, la dedizione di insegnamento di una disciplina come la subacquea ad un minore va affrontata con molta cura perch\u00e9 grazie all\u2019insegnamento lui svilupper\u00e0 il suo futuro. Molti ragazzini che hanno affrontato il camp sono andati nelle forze armate oppure sono all\u2019universit\u00e0 pronti per la loro carriera in mare.<\/p>\n<p style=\"text-align: justify;\">La suddivisione in gruppi dovuti all\u2019et\u00e0 \u00e8 valutata per il grado di formazione fisica, mentale e all\u2019obiettivo finale da raggiungere infatti per questo sono stati creati 3 team di appartenenza denominati white, blu, black Diver Team per avere una valutazione subacquea mirata. L\u2019Asinara Camp ha valori educativi e culturali con tre materie fondamentali: Subacquea, Biologia marina ed educazione ambientale, un percorso che porta ad ottenimento brevetti, ma non dimentichiamo la condivisione, socializzazione e lo svago con attivit\u00e0 come percorrere i sentieri terrestri e godersi le bellezze naturali del paesaggio con lo zaino in spalla. Insomma la giornata tipo di un allievo \u00e8:<br \/>\nsveglia alle 06:00 ed attivit\u00e0 ginnica di allenamento fisico dalle 06:30, buona colazione e pronti &#8230; carichi per il briefing della giornata che varia tra attivit\u00e0 pratiche in mare, a secco e teoria sia per il settore scientifico che subacqueo.&nbsp;Le basi subacquee partono dal nuoto, acquaticit\u00e0 e apnea a corpo nudo per poi passare all\u2019utilizzo delle attrezzature base per lo snorkeling. Lo snorkeling \u00e8 didattico e naturalistico accompagnato dalla nostra Biologa.<\/p>\n<p style=\"text-align: justify;\"><img decoding=\"async\" src=\"https:\/\/www.ocean4future.org\/savetheocean\/wp-content\/uploads\/2021\/05\/0150_270820-1024x683.jpg\" alt=\"Questa immagine ha l'attributo alt vuoto; il nome del file \u00e8 0150_270820-1024x683.jpg\"><br \/>\nCertamente non buttiamo i ragazzi in acqua con le bombole se non sono accuratamente allenati fisicamente e hanno una conoscenza base delle attrezzature che metteranno addosso per questo ci sono le lezioni a secco con l\u2019equipment che si svolgono in modo permanente durante tutto il camp accompagnati dalle lezioni teoriche. Poi passando alla Biologia marina si fanno differenti attivit\u00e0 che dipendono dal grado di preparazione subacquatica e dall\u2019et\u00e0 dei partecipanti, ma la divulgazione mare \u00e8 molto vasta ci sono tantissimi argomenti, laboratori e spiegazioni in campo costiero-sommerso che interessano e coinvolgono, arrivando al vero e proprio monitoraggio e ricerca scientifica subacquea. In questi anni ho migliorato l\u2019aspetto lezione con il dibattito e interazione con gli allievi e sicuramente con l\u2019originalit\u00e0 di diverse attivit\u00e0 in campo fatte sia grazie allo snorkeling che dal punto di vista subacqueo. Per l\u2019educazione ambientale le attivit\u00e0 sono molto dedicate a rifiuti e&nbsp; Plastica con lezioni ed azioni in campo sulla zona costiera e subacquea per non dimenticare le gravi problematiche attuali e all\u2019onda del cambiamento in atto.<\/p>\n<p style=\"text-align: justify;\">Insomma, l\u2019<strong><span style=\"color: #008000;\">Asinara Camp<\/span> <\/strong>\u00e8 un contenitore di tante attivit\u00e0 sempre in miglioramento ed \u00e8 un progetto impegnativo e con obiettivi da raggiungere e il fatto che sia svolto h24 su un Territorio protetto come l\u2019Asinara \u00e8 la chiave del successo, ricordo siamo all\u2019interno di un Parco, ma soprattutto \u00e8 una Area Marina Protetta dove vige la tutela e la conservazione che viene trasmessa ai nostri allievi con la conoscenza e consapevolezza in mare e del mare.<\/p>\n<p><img decoding=\"async\" src=\"https:\/\/www.ocean4future.org\/savetheocean\/wp-content\/uploads\/2021\/05\/0506_270820-1024x683.jpg\" alt=\"Questa immagine ha l'attributo alt vuoto; il nome del file \u00e8 0506_270820-1024x683.jpg\"><\/p>\n<p style=\"text-align: justify;\"><span style=\"font-size: 18pt;\"><strong><span style=\"color: #008000;\">Cosa \u00e8 per me l\u2019Asinara Camp?<\/span><\/strong><\/span><br \/>\nIn questi anni ho sviluppato certamente la mia professione grazie al progetto, ma grazie ai miei allievi mi sono sentita un punto di riferimento stabile per loro, ci sono momenti in cui durante il Camp ti trovi a dover vedere allievi in pianti disperati per diversi motivi, oppure a dover essere partecipe a discussioni tra allievi per le pulizie, il bucato ed essere un pacere delle parti. Sentirsi come in una grande famiglia dove noi istruttori siamo genitori e gli allievi sono figli per noi. <strong><span style=\"color: #008000;\">Dimostrare empatia senza dimenticarsi mai il Ruolo di staff e punto di riferimento.<\/span><\/strong><\/p>\n<p style=\"text-align: justify;\">Questo \u00e8 Asinara Camp: <strong><span style=\"color: #008000;\">famiglia, passione, amore, voglia di divulgare,&nbsp; mare per creare una generazione consapevole<\/span><span style=\"color: #008000;\"> e poter dire<\/span><\/strong> \u201c<em><strong><span style=\"color: #008000;\">grazie a me e all\u2019attivit\u00e0 ha scelto di diventare un Biologo, un Palombaro &#8230;<\/span><\/strong><\/em>\u201d. Condivido il mio pensiero con il mio compagno di vita e insieme siamo la coppia che gestisce una grande responsabilit\u00e0 come dei minori che vengono affidati a te per svolgere attivit\u00e0 legata al mare ma ne siamo consapevoli al massimo.<\/p>\n<p style=\"text-align: justify;\"><span style=\"font-size: 18pt;\"><strong><span style=\"color: #008000;\">In conclusione perch\u00e9 scegliere di mandare mio figlio\/a all\u2019Asinara Camp?<\/span><\/strong><\/span><br \/>\nProgetto UNICO, AVVINCENTE, MULTISENSORIALE dedicato al mare e alla subacquea, un\u2019esperienza di vita vera! Il genitore deve apprezzare le attivit\u00e0, il territorio dove vengono proposte e l\u2019organizzazione, ma soprattutto deve fidarsi dello staff e del proprio figlio.<\/p>\n<p style=\"text-align: justify;\"><strong><span style=\"color: #008000;\">Il Camp \u00e8 una crescita personale, sportiva e culturale per il giovane che impara a vedere i suoi limiti e il suo carattere, un\u2019esperienza o avventura che potrebbe durante anni e portare a risultati nella vita futura.<br \/>\n<\/span><\/strong><br \/>\nIl bambino\/ragazzo deve essere pienamente consapevole delle attivit\u00e0 e del programma perch\u00e9 l\u2019impegno e la volont\u00e0 di arrivare agli obiettivi finali ci devono essere, deve imparare a gestirsi in modo autonomo e imparare a condividere gli spazi con altri coetanei che non conosce. Sono una neo-mamma consapevole delle problematiche del momento e del futuro per mio figlio, portiamo avanti l\u2019onda del cambiamento, dobbiamo promuovere queste attivit\u00e0 e nonostante la situazione attuale sanitaria portarle avanti rispettando tutte le normative.<\/p>\n<p><img decoding=\"async\" src=\"https:\/\/www.ocean4future.org\/savetheocean\/wp-content\/uploads\/2021\/05\/asinara-camp-X-edizione-680x330.jpg\"><\/p>\n<p style=\"text-align: justify;\">Il decennio del mare \u00e8 in corso, solo grazie alla conoscenza e&nbsp; consapevolezza il mare si pu\u00f2 proteggere, garantiamo un futuro permettiamo sostenibilit\u00e0 della risorsa mare! <span style=\"color: #008000;\"><strong>Quest\u2019anno, covid permettendo, ci sar\u00e0 la decima edizione del progetto Asinara Camp dedicato al<\/strong> <strong>decennio del mare con tante attivit\u00e0 scientifiche, siamo carichi e fiduciosi di poter svolgere questo emozionante progetto<\/strong><\/span><strong>.<\/strong><\/p>\n<p style=\"text-align: justify;\">Vi aspettiamo<\/p>\n<p style=\"text-align: justify;\"><strong><span style=\"color: #008000;\">Cristina Bonino<\/span><\/strong><\/p>\n<p><span style=\"color: #ffffff;\">.<\/span><\/p>\n<p><strong><span style=\"color: #008000; font-size: 14pt;\">Per ulteriori informazioni, non esitate a contattarci:<\/span><\/strong><\/p>\n<table>\n<tbody>\n<tr>\n<td><span style=\"font-size: 14pt;\"><strong><span style=\"color: #008000;\">www.i7mari.it<\/span><\/strong><\/span><br \/>\n<span style=\"font-size: 14pt;\"><strong><span style=\"color: #008000;\">Isettemariscuolasub@gmail.com<\/span><\/strong><\/span><br \/>\n<span style=\"font-size: 14pt;\"><strong><span style=\"color: #008000;\">Cell 3496399213<\/span><\/strong><\/span><br \/>\n<span style=\"font-size: 14pt;\"><strong><span style=\"color: #008000;\">Facebook sette mari <\/span><\/strong><\/span><br \/>\n<span style=\"font-size: 14pt;\"><strong><span style=\"color: #008000;\">Instagram i sette mari<\/span><\/strong><\/span><\/td>\n<\/tr>\n<\/tbody>\n<\/table>\n<p>&nbsp;<\/p>\n<p><span style=\"color: #ffffff;\">.<\/span><br \/>\n<a class=\"maxbutton-27 maxbutton maxbutton-un-regalo-per-te\" href=\"https:\/\/www.primevideo.com\/offers\/ref=atv_nb_lcl_it_IT?tag=amazon0e150-21 Italia\"><span class='mb-text'>Una sorpresa per te su Amazon Music unlimited<\/span><\/a>&nbsp; &nbsp;<a class=\"maxbutton-28 maxbutton maxbutton-amazon-prime\" title=\"Scopri i vantaggi di Amazon Prime\" href=\"javascript:void(0);\"><span class='mb-text'>Scopri i vantaggi di Amazon Prime<\/span><\/a><\/p>\n<p>&nbsp;<\/p>\n<p style=\"text-align: justify;\">Alcune delle foto presenti in questo blog possono essere state prese dal web, citandone ove possibile gli autori e\/o le fonti. Se qualcuno desiderasse specificarne l\u2019autore o rimuoverle, pu\u00f2 scrivere a infoocean4future@gmail.com e provvederemo immediatamente alla correzione dell\u2019articolo<br \/>\n<span style=\"color: #ffffff;\">.<\/span><br \/>\n<span style=\"color: #ffffff;\">,<\/span><\/p>\n<p><a class=\"maxbutton-3 maxbutton maxbutton-pagina-principale\" target=\"_blank\" title=\"tooltip\" rel=\"nofollow noopener\" href=\"http:\/\/www.ocean4future.org\"><span class='mb-text'>PAGINA PRINCIPALE<\/span><\/a><br \/>\n<span style=\"color: #ffffff;\">.<\/span><\/p>\n<p>&nbsp;<\/p>\n<p>&nbsp;<\/p>\n","protected":false},"excerpt":{"rendered":"<p><span class=\"span-reading-time rt-reading-time\" style=\"display: block;\"><span class=\"rt-label rt-prefix\">tempo di lettura: <\/span> <span class=\"rt-time\"> 6<\/span> <span class=\"rt-label rt-postfix\">minuti<\/span><\/span>. . ARGOMENTO: ASSOCIAZIONI PER IL MARE PERIODO: XXI SECOLO AREA: SARDEGNA parole chiave: Educazione ambientale, educazione, subacquea . Cristina Bonino, ligure di origine, affascinata dal mare fin da piccola, affronta i suoi tirocini di laurea in Biologia Marina presso il Parco Nazionale e AMP Isola dell\u2019Asinara in Sardegna e in quella circostanza conosce la [&hellip;]<\/p>\n","protected":false},"author":2426,"featured_media":59972,"comment_status":"open","ping_status":"open","sticky":false,"template":"","format":"standard","meta":{"_acf_changed":false,"_monsterinsights_skip_tracking":false,"_monsterinsights_sitenote_active":false,"_monsterinsights_sitenote_note":"","_monsterinsights_sitenote_category":0,"footnotes":""},"categories":[89],"tags":[],"class_list":["post-59556","post","type-post","status-publish","format-standard","has-post-thumbnail","hentry","category-associazioni-per-la-cultura-del-mare"],"acf":[],"yoast_head":"<!-- This site is optimized with the Yoast SEO plugin v27.4 - https:\/\/yoast.com\/product\/yoast-seo-wordpress\/ -->\n<title>Aperte le iscrizioni per la Decima edizione dell&#039;Asinara Camp: dove si formano i futuri protagonisti del mare &#8226; OCEAN4FUTURE autore<\/title>\n<meta name=\"robots\" content=\"index, follow, max-snippet:-1, max-image-preview:large, max-video-preview:-1\" \/>\n<link rel=\"canonical\" href=\"https:\/\/www.ocean4future.org\/savetheocean\/archives\/59556\" \/>\n<meta property=\"og:locale\" content=\"it_IT\" \/>\n<meta property=\"og:type\" content=\"article\" \/>\n<meta property=\"og:title\" content=\"Aperte le iscrizioni per la Decima edizione dell&#039;Asinara Camp: dove si formano i futuri protagonisti del mare &#8226; OCEAN4FUTURE autore\" \/>\n<meta property=\"og:description\" content=\"tempo di lettura:  6 minuti. . ARGOMENTO: ASSOCIAZIONI PER IL MARE PERIODO: XXI SECOLO AREA: SARDEGNA parole chiave: Educazione ambientale, educazione, subacquea . Cristina Bonino, ligure di origine, affascinata dal mare fin da piccola, affronta i suoi tirocini di laurea in Biologia Marina presso il Parco Nazionale e AMP Isola dell\u2019Asinara in Sardegna e in quella circostanza conosce la [&hellip;]\" \/>\n<meta property=\"og:url\" content=\"https:\/\/www.ocean4future.org\/savetheocean\/archives\/59556\" \/>\n<meta property=\"og:site_name\" content=\"OCEAN4FUTURE\" \/>\n<meta property=\"article:published_time\" content=\"2021-05-19T22:05:53+00:00\" \/>\n<meta property=\"article:modified_time\" content=\"2023-05-31T08:40:12+00:00\" \/>\n<meta property=\"og:image\" content=\"https:\/\/www.ocean4future.org\/savetheocean\/wp-content\/uploads\/2021\/05\/0176_270820.jpg\" \/>\n\t<meta property=\"og:image:width\" content=\"1600\" \/>\n\t<meta property=\"og:image:height\" content=\"1067\" \/>\n\t<meta property=\"og:image:type\" content=\"image\/jpeg\" \/>\n<meta name=\"author\" content=\"Cristina Bonino\" \/>\n<meta name=\"twitter:card\" content=\"summary_large_image\" \/>\n<meta name=\"twitter:creator\" content=\"@ocean4future\" \/>\n<meta name=\"twitter:site\" content=\"@ocean4future\" \/>\n<meta name=\"twitter:label1\" content=\"Scritto da\" \/>\n\t<meta name=\"twitter:data1\" content=\"Cristina Bonino\" \/>\n\t<meta name=\"twitter:label2\" content=\"Tempo di lettura stimato\" \/>\n\t<meta name=\"twitter:data2\" content=\"8 minuti\" \/>\n<script type=\"application\/ld+json\" class=\"yoast-schema-graph\">{\"@context\":\"https:\\\/\\\/schema.org\",\"@graph\":[{\"@type\":\"Article\",\"@id\":\"https:\\\/\\\/www.ocean4future.org\\\/savetheocean\\\/archives\\\/59556#article\",\"isPartOf\":{\"@id\":\"https:\\\/\\\/www.ocean4future.org\\\/savetheocean\\\/archives\\\/59556\"},\"author\":{\"name\":\"Cristina Bonino\",\"@id\":\"https:\\\/\\\/www.ocean4future.org\\\/savetheocean\\\/#\\\/schema\\\/person\\\/ba05eef7dd76bbd93cf593c0d34f754d\"},\"headline\":\"Aperte le iscrizioni per la Decima edizione dell&#8217;Asinara Camp: dove si formano i futuri protagonisti del mare\",\"datePublished\":\"2021-05-19T22:05:53+00:00\",\"dateModified\":\"2023-05-31T08:40:12+00:00\",\"mainEntityOfPage\":{\"@id\":\"https:\\\/\\\/www.ocean4future.org\\\/savetheocean\\\/archives\\\/59556\"},\"wordCount\":1487,\"commentCount\":0,\"publisher\":{\"@id\":\"https:\\\/\\\/www.ocean4future.org\\\/savetheocean\\\/#\\\/schema\\\/person\\\/4e1c26437054353074d7bb2efa77162c\"},\"image\":{\"@id\":\"https:\\\/\\\/www.ocean4future.org\\\/savetheocean\\\/archives\\\/59556#primaryimage\"},\"thumbnailUrl\":\"https:\\\/\\\/www.ocean4future.org\\\/savetheocean\\\/wp-content\\\/uploads\\\/2021\\\/05\\\/0176_270820.jpg\",\"articleSection\":[\"Associazioni per la cultura del mare\"],\"inLanguage\":\"it-IT\",\"potentialAction\":[{\"@type\":\"CommentAction\",\"name\":\"Comment\",\"target\":[\"https:\\\/\\\/www.ocean4future.org\\\/savetheocean\\\/archives\\\/59556#respond\"]}]},{\"@type\":\"WebPage\",\"@id\":\"https:\\\/\\\/www.ocean4future.org\\\/savetheocean\\\/archives\\\/59556\",\"url\":\"https:\\\/\\\/www.ocean4future.org\\\/savetheocean\\\/archives\\\/59556\",\"name\":\"Aperte le iscrizioni per la Decima edizione dell'Asinara Camp: dove si formano i futuri protagonisti del mare &#8226; OCEAN4FUTURE autore\",\"isPartOf\":{\"@id\":\"https:\\\/\\\/www.ocean4future.org\\\/savetheocean\\\/#website\"},\"primaryImageOfPage\":{\"@id\":\"https:\\\/\\\/www.ocean4future.org\\\/savetheocean\\\/archives\\\/59556#primaryimage\"},\"image\":{\"@id\":\"https:\\\/\\\/www.ocean4future.org\\\/savetheocean\\\/archives\\\/59556#primaryimage\"},\"thumbnailUrl\":\"https:\\\/\\\/www.ocean4future.org\\\/savetheocean\\\/wp-content\\\/uploads\\\/2021\\\/05\\\/0176_270820.jpg\",\"datePublished\":\"2021-05-19T22:05:53+00:00\",\"dateModified\":\"2023-05-31T08:40:12+00:00\",\"breadcrumb\":{\"@id\":\"https:\\\/\\\/www.ocean4future.org\\\/savetheocean\\\/archives\\\/59556#breadcrumb\"},\"inLanguage\":\"it-IT\",\"potentialAction\":[{\"@type\":\"ReadAction\",\"target\":[\"https:\\\/\\\/www.ocean4future.org\\\/savetheocean\\\/archives\\\/59556\"]}]},{\"@type\":\"ImageObject\",\"inLanguage\":\"it-IT\",\"@id\":\"https:\\\/\\\/www.ocean4future.org\\\/savetheocean\\\/archives\\\/59556#primaryimage\",\"url\":\"https:\\\/\\\/www.ocean4future.org\\\/savetheocean\\\/wp-content\\\/uploads\\\/2021\\\/05\\\/0176_270820.jpg\",\"contentUrl\":\"https:\\\/\\\/www.ocean4future.org\\\/savetheocean\\\/wp-content\\\/uploads\\\/2021\\\/05\\\/0176_270820.jpg\",\"width\":1600,\"height\":1067},{\"@type\":\"BreadcrumbList\",\"@id\":\"https:\\\/\\\/www.ocean4future.org\\\/savetheocean\\\/archives\\\/59556#breadcrumb\",\"itemListElement\":[{\"@type\":\"ListItem\",\"position\":1,\"name\":\"Home\",\"item\":\"https:\\\/\\\/www.ocean4future.org\\\/savetheocean\"},{\"@type\":\"ListItem\",\"position\":2,\"name\":\"Aperte le iscrizioni per la Decima edizione dell&#8217;Asinara Camp: dove si formano i futuri protagonisti del mare\"}]},{\"@type\":\"WebSite\",\"@id\":\"https:\\\/\\\/www.ocean4future.org\\\/savetheocean\\\/#website\",\"url\":\"https:\\\/\\\/www.ocean4future.org\\\/savetheocean\\\/\",\"name\":\"Ocean 4 Future\",\"description\":\"Per una nuova cultura del mare e della marittimit\u00e0\",\"publisher\":{\"@id\":\"https:\\\/\\\/www.ocean4future.org\\\/savetheocean\\\/#\\\/schema\\\/person\\\/4e1c26437054353074d7bb2efa77162c\"},\"potentialAction\":[{\"@type\":\"SearchAction\",\"target\":{\"@type\":\"EntryPoint\",\"urlTemplate\":\"https:\\\/\\\/www.ocean4future.org\\\/savetheocean\\\/?s={search_term_string}\"},\"query-input\":{\"@type\":\"PropertyValueSpecification\",\"valueRequired\":true,\"valueName\":\"search_term_string\"}}],\"inLanguage\":\"it-IT\"},{\"@type\":[\"Person\",\"Organization\"],\"@id\":\"https:\\\/\\\/www.ocean4future.org\\\/savetheocean\\\/#\\\/schema\\\/person\\\/4e1c26437054353074d7bb2efa77162c\",\"name\":\"oceandiver\",\"image\":{\"@type\":\"ImageObject\",\"inLanguage\":\"it-IT\",\"@id\":\"https:\\\/\\\/www.ocean4future.org\\\/savetheocean\\\/wp-content\\\/uploads\\\/2023\\\/04\\\/logo-ocean3.jpg\",\"url\":\"https:\\\/\\\/www.ocean4future.org\\\/savetheocean\\\/wp-content\\\/uploads\\\/2023\\\/04\\\/logo-ocean3.jpg\",\"contentUrl\":\"https:\\\/\\\/www.ocean4future.org\\\/savetheocean\\\/wp-content\\\/uploads\\\/2023\\\/04\\\/logo-ocean3.jpg\",\"width\":472,\"height\":301,\"caption\":\"oceandiver\"},\"logo\":{\"@id\":\"https:\\\/\\\/www.ocean4future.org\\\/savetheocean\\\/wp-content\\\/uploads\\\/2023\\\/04\\\/logo-ocean3.jpg\"}},{\"@type\":\"Person\",\"@id\":\"https:\\\/\\\/www.ocean4future.org\\\/savetheocean\\\/#\\\/schema\\\/person\\\/ba05eef7dd76bbd93cf593c0d34f754d\",\"name\":\"Cristina Bonino\",\"image\":{\"@type\":\"ImageObject\",\"inLanguage\":\"it-IT\",\"@id\":\"https:\\\/\\\/secure.gravatar.com\\\/avatar\\\/34fab1181bcabe7ce63d51622e8f2721c9e174e124fc29fd5a790e582029b1ab?s=96&d=mm&r=g\",\"url\":\"https:\\\/\\\/secure.gravatar.com\\\/avatar\\\/34fab1181bcabe7ce63d51622e8f2721c9e174e124fc29fd5a790e582029b1ab?s=96&d=mm&r=g\",\"contentUrl\":\"https:\\\/\\\/secure.gravatar.com\\\/avatar\\\/34fab1181bcabe7ce63d51622e8f2721c9e174e124fc29fd5a790e582029b1ab?s=96&d=mm&r=g\",\"caption\":\"Cristina Bonino\"},\"description\":\"Biologa marina, divulgatore scientifico, istruttore subacquea, qualificata ISSD\",\"url\":\"https:\\\/\\\/www.ocean4future.org\\\/savetheocean\\\/archives\\\/author\\\/cristina-bonino\"}]}<\/script>\n<!-- \/ Yoast SEO plugin. -->","yoast_head_json":{"title":"Aperte le iscrizioni per la Decima edizione dell'Asinara Camp: dove si formano i futuri protagonisti del mare &#8226; OCEAN4FUTURE autore","robots":{"index":"index","follow":"follow","max-snippet":"max-snippet:-1","max-image-preview":"max-image-preview:large","max-video-preview":"max-video-preview:-1"},"canonical":"https:\/\/www.ocean4future.org\/savetheocean\/archives\/59556","og_locale":"it_IT","og_type":"article","og_title":"Aperte le iscrizioni per la Decima edizione dell'Asinara Camp: dove si formano i futuri protagonisti del mare &#8226; OCEAN4FUTURE autore","og_description":"tempo di lettura:  6 minuti. . ARGOMENTO: ASSOCIAZIONI PER IL MARE PERIODO: XXI SECOLO AREA: SARDEGNA parole chiave: Educazione ambientale, educazione, subacquea . Cristina Bonino, ligure di origine, affascinata dal mare fin da piccola, affronta i suoi tirocini di laurea in Biologia Marina presso il Parco Nazionale e AMP Isola dell\u2019Asinara in Sardegna e in quella circostanza conosce la [&hellip;]","og_url":"https:\/\/www.ocean4future.org\/savetheocean\/archives\/59556","og_site_name":"OCEAN4FUTURE","article_published_time":"2021-05-19T22:05:53+00:00","article_modified_time":"2023-05-31T08:40:12+00:00","og_image":[{"width":1600,"height":1067,"url":"https:\/\/www.ocean4future.org\/savetheocean\/wp-content\/uploads\/2021\/05\/0176_270820.jpg","type":"image\/jpeg"}],"author":"Cristina Bonino","twitter_card":"summary_large_image","twitter_creator":"@ocean4future","twitter_site":"@ocean4future","twitter_misc":{"Scritto da":"Cristina Bonino","Tempo di lettura stimato":"8 minuti"},"schema":{"@context":"https:\/\/schema.org","@graph":[{"@type":"Article","@id":"https:\/\/www.ocean4future.org\/savetheocean\/archives\/59556#article","isPartOf":{"@id":"https:\/\/www.ocean4future.org\/savetheocean\/archives\/59556"},"author":{"name":"Cristina Bonino","@id":"https:\/\/www.ocean4future.org\/savetheocean\/#\/schema\/person\/ba05eef7dd76bbd93cf593c0d34f754d"},"headline":"Aperte le iscrizioni per la Decima edizione dell&#8217;Asinara Camp: dove si formano i futuri protagonisti del mare","datePublished":"2021-05-19T22:05:53+00:00","dateModified":"2023-05-31T08:40:12+00:00","mainEntityOfPage":{"@id":"https:\/\/www.ocean4future.org\/savetheocean\/archives\/59556"},"wordCount":1487,"commentCount":0,"publisher":{"@id":"https:\/\/www.ocean4future.org\/savetheocean\/#\/schema\/person\/4e1c26437054353074d7bb2efa77162c"},"image":{"@id":"https:\/\/www.ocean4future.org\/savetheocean\/archives\/59556#primaryimage"},"thumbnailUrl":"https:\/\/www.ocean4future.org\/savetheocean\/wp-content\/uploads\/2021\/05\/0176_270820.jpg","articleSection":["Associazioni per la cultura del mare"],"inLanguage":"it-IT","potentialAction":[{"@type":"CommentAction","name":"Comment","target":["https:\/\/www.ocean4future.org\/savetheocean\/archives\/59556#respond"]}]},{"@type":"WebPage","@id":"https:\/\/www.ocean4future.org\/savetheocean\/archives\/59556","url":"https:\/\/www.ocean4future.org\/savetheocean\/archives\/59556","name":"Aperte le iscrizioni per la Decima edizione dell'Asinara Camp: dove si formano i futuri protagonisti del mare &#8226; OCEAN4FUTURE autore","isPartOf":{"@id":"https:\/\/www.ocean4future.org\/savetheocean\/#website"},"primaryImageOfPage":{"@id":"https:\/\/www.ocean4future.org\/savetheocean\/archives\/59556#primaryimage"},"image":{"@id":"https:\/\/www.ocean4future.org\/savetheocean\/archives\/59556#primaryimage"},"thumbnailUrl":"https:\/\/www.ocean4future.org\/savetheocean\/wp-content\/uploads\/2021\/05\/0176_270820.jpg","datePublished":"2021-05-19T22:05:53+00:00","dateModified":"2023-05-31T08:40:12+00:00","breadcrumb":{"@id":"https:\/\/www.ocean4future.org\/savetheocean\/archives\/59556#breadcrumb"},"inLanguage":"it-IT","potentialAction":[{"@type":"ReadAction","target":["https:\/\/www.ocean4future.org\/savetheocean\/archives\/59556"]}]},{"@type":"ImageObject","inLanguage":"it-IT","@id":"https:\/\/www.ocean4future.org\/savetheocean\/archives\/59556#primaryimage","url":"https:\/\/www.ocean4future.org\/savetheocean\/wp-content\/uploads\/2021\/05\/0176_270820.jpg","contentUrl":"https:\/\/www.ocean4future.org\/savetheocean\/wp-content\/uploads\/2021\/05\/0176_270820.jpg","width":1600,"height":1067},{"@type":"BreadcrumbList","@id":"https:\/\/www.ocean4future.org\/savetheocean\/archives\/59556#breadcrumb","itemListElement":[{"@type":"ListItem","position":1,"name":"Home","item":"https:\/\/www.ocean4future.org\/savetheocean"},{"@type":"ListItem","position":2,"name":"Aperte le iscrizioni per la Decima edizione dell&#8217;Asinara Camp: dove si formano i futuri protagonisti del mare"}]},{"@type":"WebSite","@id":"https:\/\/www.ocean4future.org\/savetheocean\/#website","url":"https:\/\/www.ocean4future.org\/savetheocean\/","name":"Ocean 4 Future","description":"Per una nuova cultura del mare e della marittimit\u00e0","publisher":{"@id":"https:\/\/www.ocean4future.org\/savetheocean\/#\/schema\/person\/4e1c26437054353074d7bb2efa77162c"},"potentialAction":[{"@type":"SearchAction","target":{"@type":"EntryPoint","urlTemplate":"https:\/\/www.ocean4future.org\/savetheocean\/?s={search_term_string}"},"query-input":{"@type":"PropertyValueSpecification","valueRequired":true,"valueName":"search_term_string"}}],"inLanguage":"it-IT"},{"@type":["Person","Organization"],"@id":"https:\/\/www.ocean4future.org\/savetheocean\/#\/schema\/person\/4e1c26437054353074d7bb2efa77162c","name":"oceandiver","image":{"@type":"ImageObject","inLanguage":"it-IT","@id":"https:\/\/www.ocean4future.org\/savetheocean\/wp-content\/uploads\/2023\/04\/logo-ocean3.jpg","url":"https:\/\/www.ocean4future.org\/savetheocean\/wp-content\/uploads\/2023\/04\/logo-ocean3.jpg","contentUrl":"https:\/\/www.ocean4future.org\/savetheocean\/wp-content\/uploads\/2023\/04\/logo-ocean3.jpg","width":472,"height":301,"caption":"oceandiver"},"logo":{"@id":"https:\/\/www.ocean4future.org\/savetheocean\/wp-content\/uploads\/2023\/04\/logo-ocean3.jpg"}},{"@type":"Person","@id":"https:\/\/www.ocean4future.org\/savetheocean\/#\/schema\/person\/ba05eef7dd76bbd93cf593c0d34f754d","name":"Cristina Bonino","image":{"@type":"ImageObject","inLanguage":"it-IT","@id":"https:\/\/secure.gravatar.com\/avatar\/34fab1181bcabe7ce63d51622e8f2721c9e174e124fc29fd5a790e582029b1ab?s=96&d=mm&r=g","url":"https:\/\/secure.gravatar.com\/avatar\/34fab1181bcabe7ce63d51622e8f2721c9e174e124fc29fd5a790e582029b1ab?s=96&d=mm&r=g","contentUrl":"https:\/\/secure.gravatar.com\/avatar\/34fab1181bcabe7ce63d51622e8f2721c9e174e124fc29fd5a790e582029b1ab?s=96&d=mm&r=g","caption":"Cristina Bonino"},"description":"Biologa marina, divulgatore scientifico, istruttore subacquea, qualificata ISSD","url":"https:\/\/www.ocean4future.org\/savetheocean\/archives\/author\/cristina-bonino"}]}},"_links":{"self":[{"href":"https:\/\/www.ocean4future.org\/savetheocean\/wp-json\/wp\/v2\/posts\/59556","targetHints":{"allow":["GET"]}}],"collection":[{"href":"https:\/\/www.ocean4future.org\/savetheocean\/wp-json\/wp\/v2\/posts"}],"about":[{"href":"https:\/\/www.ocean4future.org\/savetheocean\/wp-json\/wp\/v2\/types\/post"}],"author":[{"embeddable":true,"href":"https:\/\/www.ocean4future.org\/savetheocean\/wp-json\/wp\/v2\/users\/2426"}],"replies":[{"embeddable":true,"href":"https:\/\/www.ocean4future.org\/savetheocean\/wp-json\/wp\/v2\/comments?post=59556"}],"version-history":[{"count":0,"href":"https:\/\/www.ocean4future.org\/savetheocean\/wp-json\/wp\/v2\/posts\/59556\/revisions"}],"wp:featuredmedia":[{"embeddable":true,"href":"https:\/\/www.ocean4future.org\/savetheocean\/wp-json\/wp\/v2\/media\/59972"}],"wp:attachment":[{"href":"https:\/\/www.ocean4future.org\/savetheocean\/wp-json\/wp\/v2\/media?parent=59556"}],"wp:term":[{"taxonomy":"category","embeddable":true,"href":"https:\/\/www.ocean4future.org\/savetheocean\/wp-json\/wp\/v2\/categories?post=59556"},{"taxonomy":"post_tag","embeddable":true,"href":"https:\/\/www.ocean4future.org\/savetheocean\/wp-json\/wp\/v2\/tags?post=59556"}],"curies":[{"name":"wp","href":"https:\/\/api.w.org\/{rel}","templated":true}]}}