{"id":59216,"date":"2021-05-21T00:10:48","date_gmt":"2021-05-20T22:10:48","guid":{"rendered":"http:\/\/www.ocean4future.org\/savetheocean\/?p=59216"},"modified":"2023-05-30T19:08:34","modified_gmt":"2023-05-30T17:08:34","slug":"59216","status":"publish","type":"post","link":"https:\/\/www.ocean4future.org\/savetheocean\/archives\/59216","title":{"rendered":"La guerra contro i corsari barbareschi &#8230; la strategia del Trattato ma non solo &#8211; parte IV"},"content":{"rendered":"<span class=\"span-reading-time rt-reading-time\" style=\"display: block;\"><span class=\"rt-label rt-prefix\">tempo di lettura: <\/span> <span class=\"rt-time\"> 8<\/span> <span class=\"rt-label rt-postfix\">minuti<\/span><\/span><p><span style=\"color: #ffffff;\">.<\/span><br \/>\n<a class=\"maxbutton-4 maxbutton maxbutton-livello-di-comprensione\" href=\"javascript:void(0);\"><span class='mb-text'>livello elementare<\/span><\/a><br \/>\n<span style=\"color: #ffffff;\">.<\/span><br \/>\n<strong><span style=\"color: #008000;\">ARGOMENTO: STORIA NAVALE<\/span><\/strong><br \/>\n<strong><span style=\"color: #008000;\">PERIODO: XVI SECOLO<\/span><\/strong><br \/>\n<strong><span style=\"color: #008000;\">AREA: MAR MEDITERRANEO<\/span><\/strong><br \/>\nparole chiave: corsari barbareschi<\/p>\n<p style=\"text-align: justify;\"><span style=\"color: #ffffff;\">.<\/span><br \/>\nda <strong><span style=\"color: #008000;\"><em>\u00abContro i corsari barbareschi\u00bb una guerra permanente nel Mediterraneo di et\u00e0 moderna di Emiliano Beri<\/em><\/span><\/strong><\/p>\n<p style=\"text-align: justify;\"><span style=\"font-size: 18pt;\"><strong><span style=\"color: #008000;\">Trattati, deterrenza, tributi e bandiere ombra<\/span><\/strong><\/span><br \/>\nLa strategia del <strong><span style=\"color: #008000;\">trattato<\/span><\/strong>, come forma di protezione dalla corsa barbaresca, e della <strong><span style=\"color: #008000;\">deterrenza militare<\/span><\/strong> come veicolo di garanzia del trattato non era cosa nuova. A partire dal Seicento, vi avevano fatto ricorso tutti gli Stati con un potenziale navale sufficiente ad agire quale deterrente e con disponibilit\u00e0 a pagare, in denaro e merci strategiche (solitamente armi e materiali per la guerra navale), un tributo annuale.<\/p>\n<p style=\"text-align: justify;\"><strong><span style=\"color: #008000;\">Era, come \u00e8 facile intuire, la via pi\u00f9 efficace per garantire la sicurezza di navi e litorali dalle azioni predatorie dei corsari.<\/span><\/strong> Non che fosse l\u2019unica strategia efficace: anche quella adottata dalla Spagna nel primo Cinquecento \u2013 <strong><span style=\"color: #008000;\">conquistare la costa del Nord Africa occidentale per eliminare il problema alla radice<\/span><\/strong> \u2013 lo sarebbe stata, se attuata con successo ma richiedeva un dispendio notevole di risorse.<\/p>\n<p style=\"text-align: justify;\"><strong><span style=\"color: #008000;\">La via del Trattato, sostenuto dalla deterrenza militare e, alternativamente o meno, dall\u2019esborso di denaro, poteva essere perseguita con un dispendio di risorse nettamente inferiore.<\/span><\/strong>&nbsp;<br \/>\nEssa venne infatti perseguita a partire dal Seicento da un numero crescente di Stati. Crociere di squadre navali da battaglia, bombardamenti delle capitali delle tre Reggenze, trattati di pace e pagamenti di tributi si susseguono nel Seicento; ne sono protagoniste l\u2019Inghilterra, l\u2019Olanda e la Francia, quest\u2019ultima con alle spalle una tradizione di buoni rapporti con gli Ottomani (inaugurata dall\u2019alleanza antispagnola del 1535-1555), che non l\u2019aveva per\u00f2 garantita dalle attenzioni dei barbareschi con l\u2019ouverture dell\u2019et\u00e0 della corsa mercantile.<\/p>\n<p style=\"text-align: justify;\">Nel Settecento ecco la <strong><span style=\"color: #008000;\">Danimarca, la Svezia, l\u2019Impero, Venezia, il Portogallo e persino Amburgo<\/span><\/strong>. Gli strumenti, in tutti i casi, erano sempre gli stessi: <strong><span style=\"color: #008000;\">l\u2019azione navale dimostrativa<\/span><\/strong>, con eventuale bombardamento della capitale della Reggenza, o <strong><span style=\"color: #008000;\">il pagamento di un tributo annuale<\/span><\/strong>, o entrambi, sia quando l\u2019azione dimostrativa faceva fiasco (\u00e8 il caso danese nel 1770) sia quando gli equilibri di potenza facevano s\u00ec che la forza militare non costituisse un deterrente sufficiente (tanto per la sottoscrizione del trattato quanto per il rispetto, nel tempo, dei suoi termini da parte delle Reggenze). Fuori dal coro solo la Spagna, ancora impegnata&nbsp; nel 1775 a tentare la via della conquista di Algeri con una grande spedizione navale, per poi ripiegare (1783-86) sulla formula del bombardamento e del trattato (senza peraltro ottenere l&#8217;immunit\u00e0 dalla corsa). In questo contesto gli Stati italiani occupano un posto a s\u00e9. Per ricorrere alla strategia del trattato erano necessarie potenza navale e disponibilit\u00e0 a sborsare somme consistenti. Tra gli Stati italiani, entro lo spartiacque della Rivoluzione francese e dell\u2019et\u00e0 napoleonica, Venezia fu l\u2019unica ad agire direttamente (contro Tripoli, 1764-66, e Tunisi, 1783-92) <span style=\"font-size: 10pt;\">20<\/span>. Anche Napoli, Sicilia e Toscana ottennero nel Settecento l\u2019immunit\u00e0 nei confronti della corsa, ma grazie ai trattati sottoscritti dall\u2019Impero nel 1728 (Napoli e Sicilia) e 1748 (Toscana).<\/p>\n<p style=\"text-align: justify;\"><strong><span style=\"color: #008000;\">Nel primo Ottocento saranno il Regno di Sardegna e il Regno delle Due Sicilie a firmare trattati con le Reggenze, ancora grazie all\u2019intercessione, e alla mediazione, di una potenza straniera, la Gran Bretagna, protagonista di un\u2019incisiva azione navale contro Algeri nel 1816.<\/span> <\/strong>Alla mediazione britannica segu\u00ec poi, elemento di novit\u00e0, quantomeno da parte sabauda, l\u2019allestimento di una flotta da battaglia, pianificato al preciso scopo di avere un valido strumento deterrente nei confronti dei barbareschi <span style=\"font-size: 10pt;\">21<\/span>.<\/p>\n<p style=\"text-align: justify;\">L\u2019immunit\u00e0 garantita da un trattato di pace, attraverso l\u2019ombrello protettivo di una potenza straniera, poteva essere ottenuta anche per un\u2019altra via, privata. La vicenda della marineria genovese nel Settecento ci mostra come. La <strong><span style=\"color: #008000;\">Repubblica di Genova<\/span><\/strong>, dopo essere stata partecipe, nel XVI secolo del tentativo spagnolo di risolvere il problema corsaro con la conquista del Nord Africa, ricorse, unicamente a strumenti di difesa passiva, tentando la soluzione diplomatica in modo incerto, e senza successo, nel Settecento <span style=\"font-size: 10pt;\">22<\/span>.<\/p>\n<p style=\"text-align: justify;\"><strong><span style=\"color: #008000;\">Non sfuggiva per\u00f2, tanto agli organi di governo quanto alla gente di mare, che l\u2019immunit\u00e0 per trattato fosse la forma pi\u00f9 efficace di protezione contro la minaccia corsara.<\/span> <\/strong><\/p>\n<p style=\"text-align: justify;\">Ancor pi\u00f9 in un contesto come quello settecentesco, in cui la corsa barbaresca era s\u00ec in declino sotto il profilo quantitativo, ma lo era per il moltiplicarsi dei trattati, ossia per il moltiplicarsi delle marinerie europee che i corsari non potevano predare. Per le poche realt\u00e0 non protette da trattato, come quella genovese, la minaccia corsara era attuale come prima: anzi, anche pi\u00f9 di prima <span style=\"font-size: 10pt;\">23<\/span>.&nbsp;La soluzione era accedere alla protezione dei trattati in vigore tra le Reggenze e altri stati europei, in particolare quelli dotati di un maggior potere deterrente: <strong><span style=\"color: #008000;\">la Francia e la Gran Bretagna<\/span><\/strong>. Lo strumento era il mimetismo di bandiera, la bandiera ombra, ossia l\u2019utilizzo, in navigazione, della bandiera francese o britannica; bandiera che veniva ottenuta per iniziativa del capitano di mare e dell\u2019armatore, attraverso un esborso di denaro: un buon affare sia per l\u2019amministrazione statale (francese o britannica), che incassava denaro, sia per gli armatori, i capitani e gli equipaggi dei bastimenti, che ottenevano quella protezione, l\u2019immunit\u00e0 garantita dal trattato, che Genova non poteva fornire.<\/p>\n<p><img decoding=\"async\" src=\"https:\/\/www.ocean4future.org\/savetheocean\/wp-content\/uploads\/2021\/05\/costa-barbaresca.jpeg\" alt=\"Questa immagine ha l'attributo alt vuoto; il nome del file \u00e8 costa-barbaresca.jpeg\" width=\"800\" height=\"448\"><\/p>\n<p align=\"justify\"><strong><span style=\"color: #008000;\">Stati barbareschi e direttrici dei raid all\u2019inizio del XIX secolo (da: <a href=\"https:\/\/apamlitantebellum.wordpress.com\">https:\/\/apamlitantebellum.wordpress.com<\/a><\/span><\/strong><\/p>\n<p style=\"text-align: justify;\">Qui era l\u2019iniziativa privata che permetteva l\u2019accesso allo strumento dell\u2019immunit\u00e0, non quella statale. Ma lo Stato non era del tutto assente, perch\u00e9, se il ricorso alle bandiere ombra era illegale nella Repubblica, gli organi di governo chiudevano un occhio specialmente nei confronti di chi utilizzava i vessilli di potenze in pace con le Reggenze (mentre in altri casi il mimetismo aveva esclusivi fini fiscali).&nbsp;Non solo, nel corso del Settecento in diverse occasioni <strong><span style=\"color: #008000;\">la Giunta di Marina e il Magistrato dei Conservatori del Mare<\/span> <\/strong>(i due organi di governo con competenza sugli affari marittimi) proposero ai Serenissimi Collegi (il vertice del governo genovese) di legalizzare l\u2019utilizzo delle bandiere di Francia e Gran Bretagna, motivando la proposta con la protezione che queste fornivano contro i Barbareschi. Segno tangibile, questo, di come l\u2019accesso indiretto alla protezione per trattato fosse ormai entrata nell\u2019orizzonte politico della realt\u00e0 genovese<span style=\"font-size: 10pt;\"> 24<\/span>.<\/p>\n<p style=\"text-align: justify;\"><strong><span style=\"color: #008000; font-size: 18pt;\">Conclusioni<\/span><\/strong><br \/>\nConquista territoriale, difesa passiva, accordo diplomatico, deterrenza militare e mimetismo di bandiera: <strong><span style=\"color: #008000;\">le strade attraverso cui gli stati europei hanno affrontato il problema barbaresco sono state molteplici e variegate<\/span><\/strong>. Alcune pi\u00f9 efficaci, altre meno; alcune ben conosciute, altre molto meno. La militarizzazione dei litorali italiani e iberici \u00e8 un fatto noto. Ed \u00e8 un fatto dalle immani proporzioni. Si contano a <strong><span style=\"color: #008000;\">centinaia le torri<\/span><\/strong> costruite nel corso di meno di un secolo; solo per fare alcuni esempi: quasi 340 nel Regno di Napoli (di cui 110 circa in Calabria), quasi 140 in Sicilia, circa 100 in Corsica, 90 in Sardegna e 50 sul versante tirrenico dello Stato pontificio <span style=\"font-size: 10pt;\">25<\/span>.&nbsp;Ma non bisogna guardare alle sole torri, perch\u00e9 il sistema di difesa statico si componeva di altri elementi. Piazzeforti e fortezze innanzitutto, poche rispetto alle torri, ma non meno rilevanti. E poi altre opere, presenti, queste, in quantit\u00e0: borghi murati, castelli, bastioni, caseforti, conventi e chiese fortificati; non necessariamente tutti addossati alla costa ma distribuiti in uno spazio pi\u00f9 o meno profondo <span style=\"font-size: 10pt;\">26<\/span>.&nbsp;<strong><span style=\"color: #008000;\">Numeri notevoli nel complesso, come notevoli sono anche i numeri delle forze di presidio:<\/span><\/strong> pochi soldati di professione ma tantissimi miliziani, con la milizia territoriale statale, articolata sulle preesistenti forme di milizia locale organizzate su base comunitaria, che \u00e8 una novit\u00e0 collegata a doppio filo al problema della corsa barbaresca ed alla fortificazione dei litorali <span style=\"font-size: 10pt;\">27<\/span>. Anche i \u00ab<strong><span style=\"color: #008000;\">cavallari<\/span><\/strong>\u00bb, i soldati a cavallo incaricati di pattugliare i litorali e trasmettere i messaggi di allarme, sono parte di questo grande sistema, che in Italia \u00e8 un sistema infrastatale, ossia che varca i confini degli stati, nelle aree di contatto, attraverso forme di collaborazione ben oliate <span style=\"font-size: 10pt;\">28<\/span>.<\/p>\n<p style=\"text-align: justify;\"><strong><span style=\"color: #008000;\">Nota \u00e8 anche la pratica degli accordi diplomatici, dei trattati, e del meccanismo di deterrenza militare su cui gli accordi si reggevano<\/span><\/strong>. <strong><span style=\"color: #008000;\">Meno note e meno studiate sono le forme passive di protezione degli spazi marittimi, ossia delle rotte.<\/span><br \/>\n<\/strong>Sostanzialmente del tutto sconosciuta \u00e8 la valenza della difesa statica terrestre nella protezione dello spazio liquido, in relazione con le caratteristiche peculiari che la navigazione aveva nel Mediterraneo; lo spunto, fornito a suo tempo da Braudel, non ha avuto seguito <span style=\"font-size: 10pt;\">29<\/span>. Maggiore attenzione \u00e8 stata dedicata alle forme di difesa mobile degli spazi marittimi (pattugliamento, navigazione convogliata, trasporto di merci su navi militari), certamente modeste per dimensioni, ma non prive di rilevanza, come non prive di rilevanza sono i tentativi di accrescerne forza ed efficacia, anche attraverso la sinergia tra potere politico e iniziativa privata.&nbsp;Una certa considerazione ha avuto <strong><span style=\"color: #008000;\">l\u2019autoprotezione<\/span><\/strong>, nella forma dell\u2019incremento dell\u2019armamento imbarcato dai bastimenti, ma decisamente meno in altre forme, quali la <strong><span style=\"color: #008000;\">navigazione convogliata spontanea<\/span><\/strong> e il <strong><span style=\"color: #008000;\">mimetismo di bandiera<\/span><\/strong> <span style=\"font-size: 10pt;\">30<\/span>.<\/p>\n<p style=\"text-align: justify;\"><strong><span style=\"color: #008000;\">In ultimo<\/span><\/strong> <strong><span style=\"color: #008000;\">l\u2019intelligence, l\u2019informazione, studiata nel contesto della guerra tra blocco ispano-asburgico e blocco ottomano-barbaresco del XVI secolo, ma meno nella realt\u00e0 quotidiana della corsa mediterranea.<\/span> <\/strong>E si tratta di un tema centrale, perch\u00e9 l\u2019azione militare \u00e8 intrinsecamente legata alla disponibilit\u00e0 di informazioni <span style=\"font-size: 10pt;\">31<\/span>.<\/p>\n<p><strong><span style=\"color: #008000;\">Emiliano Beri<\/span><\/strong><\/p>\n<p>&nbsp;<\/p>\n<p style=\"text-align: justify;\"><span style=\"color: #008000;\"><span style=\"color: #008000;\"><b>in anteprima il bombardamento di Algeri del 1816 &#8211; quadro di George Chambers (1803 &#8211; 1840) &#8211; Fonte <a class=\"external text\" href=\"http:\/\/www.nmm.ac.uk\/collections\/explore\/object.cfm?ID=BHC0617\" rel=\"nofollow\">National Maritime Museum&nbsp;<\/a><br \/>\ne James Taylor, <i>Marine Painting: Images of Sail, Sea, and Shore<\/i>, Smithmark, London 1995,&nbsp;<a title=\"Special:BookSources\/0-8317-1572-3\" href=\"https:\/\/commons.wikimedia.org\/wiki\/Special:BookSources\/0-8317-1572-3\">ISBN&nbsp;0-8317-1572-3<\/a><\/b><\/span><br \/>\n<span style=\"color: #ffffff;\">.<\/span><\/span><\/p>\n<p style=\"text-align: justify;\"><strong><span style=\"color: #008000; font-size: 18pt;\">Note<br \/>\n<\/span><\/strong>20 Sulle operazioni navali veneziane contro la Reggenze: R. Caimmi, <em><span class=\"a\">Spedi<\/span><\/em><span class=\"a\"><em>zioni navali della Repubblica di Venezia alla fine del Settecent<\/em>o<\/span><span class=\"a\">, Itinera, Bas<\/span><span class=\"a\">sano del Grappa 2018.<\/span><\/p>\n<div id=\"outer_page_21\" class=\"outer_page only_ie6_border  \">\n<div id=\"page21\" class=\"newpage\">\n<div class=\"text_layer\">\n<div class=\"ie_fix\">\n<div class=\"ff0\" style=\"text-align: justify;\"><span class=\"a\">21 <\/span><span class=\"a\">Sugli accordi diplomatici con le Reggenze: S. Bono, <\/span><em><span class=\"a\">Corsari nel Mediterra<\/span><span class=\"a\">neo<\/span><\/em><span class=\"a\">, cit., pp. 35-41; Id., <\/span><span class=\"a\"><em>Lumi e corsari<\/em>&nbsp;<\/span><span class=\"a\">, cit., pp. 1-8; M. Lenci,&nbsp;<\/span><span class=\"a\">op. cit.<\/span><span class=\"a\">, pp. 61-<\/span><span class=\"a\">71 e 102-103. Sulla nuova configurazione della flotta sarda, con la costruzione&nbsp;<\/span><span class=\"a\">di unit\u00e0 da battaglia come strumento deterrente verso le Reggenze: AST, <\/span><span class=\"a\">Mi<\/span><span class=\"a\">nistero della Marina, Materiale<\/span><span class=\"a\">, reg. 349, 16 febbraio, 2 settembre, 23 no<\/span><span class=\"a\">vembre 1816, 11 aprile e 29&nbsp;giugno 1817.<\/span><\/div>\n<div class=\"ff5\" style=\"text-align: justify;\"><span class=\"a\">&nbsp;<\/span><\/div>\n<div class=\"ff0\" style=\"text-align: justify;\"><span class=\"a\">22<\/span><span class=\"a\"> O.Pastine,&nbsp;<\/span><em><span class=\"a\">Genova e le Reggenze di Barberia nella prima met\u00e0 del Settecen<\/span><span class=\"a\">to<\/span><\/em><span class=\"a\"><em>,<\/em> in \u00abBollettino ligustico per la storia e la&nbsp;cultura regionale\u00bb, n. 11, 1959, pp.<\/span><span class=\"a\">125-155<\/span><\/div>\n<div class=\"ff5\" style=\"text-align: justify;\"><span class=\"a\">&nbsp;<\/span><\/div>\n<div class=\"ff0\" style=\"text-align: justify;\"><span class=\"a\">23<\/span><span class=\"a\"> S. Bono,&nbsp;<\/span><span class=\"a\"><em>Lumi e corsar<\/em>i<\/span><span class=\"a\">, cit., p. 1<\/span><\/div>\n<div class=\"ff5\"><span class=\"a\">&nbsp;<\/span><\/div>\n<div class=\"ff0\"><span class=\"a\">24<\/span><span class=\"a\"> ASG,&nbsp;<\/span><span class=\"a\">Archivio Segreto <\/span><span class=\"a\">n. 1721, 2 maggio 1752, 17 maggio 1758, 30 mag-<\/span><span class=\"a\">gio 1770.<\/span><\/div>\n<div class=\"ff5\"><span class=\"a\">&nbsp;<\/span><\/div>\n<div class=\"ff0\" style=\"text-align: justify;\"><span class=\"a\">25 <\/span><span class=\"a\">M. Lenci<\/span><span class=\"a\">, op. cit., <\/span><span class=\"a\">pp. 87-88<\/span><span class=\"a\">; <\/span><span class=\"a\">S. Bono<\/span><span class=\"a\">, <em>Corsari nel Mediterraneo<\/em>, <\/span><span class=\"a\">cit. , pp.<\/span><span class=\"a\">168-171<\/span><span class=\"a\">; <\/span><span class=\"a\">Id.<\/span><span class=\"a\">, <em>I corsari barbareschi<\/em>, <\/span><span class=\"a\">cit.<\/span><span class=\"a\">, <\/span><span class=\"a\">pp. 204-207; G. Serreli,&nbsp;<\/span><span class=\"a\">\u00ab\u2026Fabricar<\/span><span class=\"a\">en su continente torres y bastiones \u2026\u00bb. I problemi dell\u2019organizzazione difensi<\/span><span class=\"a\">va nel Regno di Sardegna nella prima met\u00e0 del XVI secolo<\/span><span class=\"a\">, in <\/span><em><span class=\"a\">Contra Moros y <\/span><span class=\"a\">Turcos. Politiche e sistemi di difesa degli Stati mediterranei della Corona di <\/span><span class=\"a\">Spagna in Et\u00e0 Moderna<\/span><\/em><span class=\"a\">, a cura di B. Antra, Istituto di Storia dell\u2019Europa me<\/span><span class=\"a\">diterranea CNR, Cagliari 2008, pp. 209-218; A.- M. Graziani, <\/span><em><span class=\"a\">La menace bar<\/span><span class=\"a\">baresque en Corse et la construction d\u2019un syst\u00e9me de defense (1510-1610)<\/span><\/em><span class=\"a\">, in<\/span><span class=\"a\">\u00abRevue d\u2019histoire maritime\u00bb, nn. 2-3, 2001, pp. 141-162.<\/span><\/div>\n<div class=\"ff5\"><span class=\"a\">&nbsp;<\/span><\/div>\n<div class=\"ff0\" style=\"text-align: justify;\"><span class=\"a\">26<\/span><span class=\"a\"> In Liguria ad esempio, la cintura difensiva costiera era particolarmente den<\/span><span class=\"a\">sa, quanto meno a tratti, basti pensare che nell\u2019arco dei tre chilometri del golfo <\/span><span class=\"a\">di Diano, nella Riviera di Ponente, si concentravano undici opere fortificate <\/span><span class=\"a\">(Cfr. F. Astori,&nbsp;<\/span><span class=\"a\"><em>Incursioni barbaresche e difesa locale nel ponente ligure. Il <\/em><\/span><em><span class=\"a\">caso del Golfo Dianese alla fine del XVI secolo<\/span><\/em><span class=\"a\">, Tesi di Laurea in Storia, <\/span><span class=\"a\">Scuola di Scienze Umanistiche, Universit\u00e0 di Genova, a.a. 2016-17, relatore: <\/span><span class=\"a\">Emiliano Beri).<\/span><\/div>\n<div class=\"ff5\" style=\"text-align: justify;\"><span class=\"a\">&nbsp;<\/span><\/div>\n<div class=\"ff0\" style=\"text-align: justify;\"><span class=\"a\">27<\/span><span class=\"a\"> Sulle milizie negli stati italiani d\u2019et\u00e0 moderna: D. Maffi,&nbsp;<\/span><em><span class=\"a\">Gli eserciti penin<\/span><span class=\"a\">sulari<\/span><\/em><span class=\"a\">, in <\/span><span class=\"a\">Guerra ed eserciti nell\u2019et\u00e0 moderna<\/span><span class=\"a\">, a cura di P. Bianchi e P. Del <\/span><span class=\"a\">Negro, Il Mulino, Bologna 2018, pp. 130-131; C. Donati, <\/span><em><span class=\"a\">Le istituzioni di di<\/span><span class=\"a\">fesa nell\u2019area italiana tra XVII e XVIII secolo: aspetti politici, economici e&nbsp;<\/span><span class=\"a\">sociali,&nbsp;<\/span><span class=\"a\">in <\/span><\/em><span class=\"a\"><em>Controllo degli stretti e insediamenti militari nel Mediterrane<\/em>o<\/span><span class=\"a\">, a&nbsp;<\/span><span class=\"a\">cura di R. Villari,&nbsp;Laterza, Roma-Bari 2002, pp. 197-198.<\/span><\/div>\n<div class=\"ff5\"><span class=\"a\">&nbsp;<\/span><\/div>\n<div class=\"ff0\"><span class=\"a\">28 <\/span><span class=\"a\">Sui &#8220;cavallari&#8221;: S. Bono, <\/span><span class=\"a\"><em>Corsari nel Mediterrane<\/em>o<\/span><span class=\"a\">, cit., p. 166. Sull\u2019inte<\/span><span class=\"a\">razione, in Italia, fra sistemi difensivi di stati differenti: M. Lenci,<\/span><\/div>\n<div class=\"ff1\" style=\"text-align: justify;\"><span class=\"a\">op. cit.<\/span><span class=\"a\">, p.<\/span><span class=\"a\">88-94. I sistemi di difesa di due teatri particolarmente esposti alla minaccia <\/span><span class=\"a\">corsara come il Regno di Napoli e il Regno di Sicilia sono trattati, nella loro <\/span><span class=\"a\">complessit\u00e0, in: M. Manfrici, <\/span><em>Mezzogiorno e pirateria nell\u2019et\u00e0 moderna<\/em><span class=\"a\">, ESI,<\/span><span class=\"a\">Napoli 1995, pp. 181-321; V. Favar\u00f2, <\/span><em><span class=\"a\">La modernizzazione militare nella Sici<\/span><span class=\"a\">lia di Filippo II<\/span><\/em>, Associazione Mediterranea, Palermo 2009.<\/div>\n<\/div>\n<\/div>\n<\/div>\n<\/div>\n<div id=\"outer_page_22\" class=\"outer_page only_ie6_border   \">\n<div id=\"page22\" class=\"newpage\">\n<div class=\"text_layer\">\n<div class=\"ie_fix\">\n<div class=\"ff5\" style=\"text-align: justify;\"><span class=\"a\">&nbsp;<\/span><\/div>\n<div class=\"ff0\" style=\"text-align: justify;\"><span class=\"a\">29<\/span><span class=\"a\"> Braudel F.,&nbsp;<\/span><span class=\"a\">op. cit.<\/span><span class=\"a\">, pp. 100 e 124.<\/span><\/div>\n<div class=\"ff5\" style=\"text-align: justify;\"><span class=\"a\">&nbsp;<\/span><\/div>\n<div class=\"ff0\" style=\"text-align: justify;\"><span class=\"a\">30<\/span><span class=\"a\"> Sulle forme di interazione fra potere pubblico e iniziativa privata e di auto<\/span><span class=\"a\">protezione, ad esempio nel caso genovese, si rimanda a: E. Beri, <\/span><em><span class=\"a\">La Compa<\/span><span class=\"a\">gnia di Nostra Signora del Soccorso<\/span><\/em><span class=\"a\">, cit.; Id., <\/span><em><span class=\"a\">Corallatori e guerra di corsa <\/span><\/em><span class=\"a\"><em>tra Sardegna e&nbsp;Corsica<\/em> (1755-1768)<\/span><span class=\"a\">, in <\/span><em><span class=\"a\">Autour du corail rouge de M\u00e9diterra<\/span><span class=\"a\">n\u00e9e: hommes, savoirs et pratiques autour du corail de la fin du Moyen \u00c2ge \u00e0<\/span><span class=\"a\">nos jours<\/span><\/em><span class=\"a\"><em>,<\/em> a cura di L. Lo Basso et O. Raveaux, \u00abRives M\u00e9diterran\u00e9ennes\u00bb, n.<\/span><span class=\"a\">57, 2018, pp. 17-87.<\/span><\/div>\n<div class=\"ff5\" style=\"text-align: justify;\"><span class=\"a\">&nbsp;<\/span><\/div>\n<div class=\"ff0\" style=\"text-align: justify;\"><span class=\"a\">31 <\/span><span class=\"a\">Sull\u2019informazione nella guerra mediterranea si rimanda, a titolo d\u2019esempio, <\/span><span class=\"a\">a G. Varriale,<\/span><em><span class=\"a\"> Arrivano li Turchi. Guerra navale e&nbsp;spionaggio nel Mediterra<\/span><\/em><span class=\"a\"><em>neo<\/em> (1532-1582)<\/span><span class=\"a\">, Citt\u00e0 del silenzio, Novi Ligure 2014<\/span><\/div>\n<\/div>\n<\/div>\n<\/div>\n<\/div>\n<p><span style=\"color: #ffffff;\">.<\/span><br \/>\n<span style=\"font-size: 14pt;\"><a class=\"maxbutton-27 maxbutton maxbutton-un-regalo-per-te\" href=\"https:\/\/www.primevideo.com\/offers\/ref=atv_nb_lcl_it_IT?tag=amazon0e150-21 Italia\"><span class='mb-text'>Una sorpresa per te su Amazon Music unlimited<\/span><\/a>&nbsp; &nbsp;<a class=\"maxbutton-28 maxbutton maxbutton-amazon-prime\" title=\"Scopri i vantaggi di Amazon Prime\" href=\"javascript:void(0);\"><span class='mb-text'>Scopri i vantaggi di Amazon Prime<\/span><\/a><\/span><br \/>\n<span style=\"color: #ffffff;\">.<\/span><\/p>\n<p style=\"text-align: justify;\">Alcune delle foto presenti in questo blog possono essere state prese dal web, citandone ove possibile gli autori e\/o le fonti. Se qualcuno desiderasse specificarne l\u2019autore o rimuoverle, pu\u00f2 scrivere a infoocean4future@gmail.com e provvederemo immediatamente alla correzione dell\u2019articolo<br \/>\n<span style=\"color: #ffffff;\">,<\/span><\/p>\n<p><a class=\"maxbutton-3 maxbutton maxbutton-pagina-principale\" target=\"_blank\" title=\"tooltip\" rel=\"nofollow noopener\" href=\"http:\/\/www.ocean4future.org\"><span class='mb-text'>PAGINA PRINCIPALE<\/span><\/a><br \/>\n<span style=\"color: #ffffff;\">.<\/span><\/p>\n<p><a class=\"maxbutton-13 maxbutton maxbutton-parte-i\" target=\"_blank\" title=\" tooltip\" rel=\"nofollow noopener\" href=\"https:\/\/www.ocean4future.org\/savetheocean\/archives\/59208\"><span class='mb-text'>PARTE I<\/span><\/a> <a class=\"maxbutton-14 maxbutton maxbutton-parte-ii\" target=\"_blank\" title=\" tooltip\" rel=\"nofollow noopener\" href=\"https:\/\/www.ocean4future.org\/savetheocean\/archives\/59210\"><span class='mb-text'>PARTE II<\/span><\/a> <a class=\"maxbutton-15 maxbutton maxbutton-parte-iii\" target=\"_blank\" title=\" tooltip\" rel=\"nofollow noopener\" href=\"https:\/\/www.ocean4future.org\/savetheocean\/archives\/59213\"><span class='mb-text'>PARTE III<\/span><\/a><\/p>\n<p><a class=\"maxbutton-16 maxbutton maxbutton-parte-iv\" target=\"_blank\" title=\" tooltip\" rel=\"nofollow noopener\" href=\"https:\/\/www.ocean4future.org\/savetheocean\/archives\/59216\"><span class='mb-text'>PARTE IV<\/span><\/a>.<\/p>\n<p>&nbsp;<\/p>\n<p>&nbsp;<\/p>\n","protected":false},"excerpt":{"rendered":"<p><span class=\"span-reading-time rt-reading-time\" style=\"display: block;\"><span class=\"rt-label rt-prefix\">tempo di lettura: <\/span> <span class=\"rt-time\"> 8<\/span> <span class=\"rt-label rt-postfix\">minuti<\/span><\/span>. . ARGOMENTO: STORIA NAVALE PERIODO: XVI SECOLO AREA: MAR MEDITERRANEO parole chiave: corsari barbareschi . da \u00abContro i corsari barbareschi\u00bb una guerra permanente nel Mediterraneo di et\u00e0 moderna di Emiliano Beri Trattati, deterrenza, tributi e bandiere ombra La strategia del trattato, come forma di protezione dalla corsa barbaresca, e della deterrenza militare come veicolo [&hellip;]<\/p>\n","protected":false},"author":2351,"featured_media":92701,"comment_status":"open","ping_status":"open","sticky":false,"template":"","format":"standard","meta":{"_acf_changed":false,"_monsterinsights_skip_tracking":false,"_monsterinsights_sitenote_active":false,"_monsterinsights_sitenote_note":"","_monsterinsights_sitenote_category":0,"footnotes":""},"categories":[2318],"tags":[],"class_list":["post-59216","post","type-post","status-publish","format-standard","has-post-thumbnail","hentry","category-eta-moderna"],"acf":[],"yoast_head":"<!-- This site is optimized with the Yoast SEO plugin v27.4 - https:\/\/yoast.com\/product\/yoast-seo-wordpress\/ -->\n<title>La guerra contro i corsari barbareschi ... la strategia del Trattato ma non solo - parte IV &#8226; OCEAN4FUTURE autore<\/title>\n<meta name=\"robots\" content=\"index, follow, max-snippet:-1, max-image-preview:large, max-video-preview:-1\" \/>\n<link rel=\"canonical\" href=\"https:\/\/www.ocean4future.org\/savetheocean\/archives\/59216\" \/>\n<meta property=\"og:locale\" content=\"it_IT\" \/>\n<meta property=\"og:type\" content=\"article\" \/>\n<meta property=\"og:title\" content=\"La guerra contro i corsari barbareschi ... la strategia del Trattato ma non solo - parte IV &#8226; OCEAN4FUTURE autore\" \/>\n<meta property=\"og:description\" content=\"tempo di lettura:  8 minuti. . ARGOMENTO: STORIA NAVALE PERIODO: XVI SECOLO AREA: MAR MEDITERRANEO parole chiave: corsari barbareschi . da \u00abContro i corsari barbareschi\u00bb una guerra permanente nel Mediterraneo di et\u00e0 moderna di Emiliano Beri Trattati, deterrenza, tributi e bandiere ombra La strategia del trattato, come forma di protezione dalla corsa barbaresca, e della deterrenza militare come veicolo [&hellip;]\" \/>\n<meta property=\"og:url\" content=\"https:\/\/www.ocean4future.org\/savetheocean\/archives\/59216\" \/>\n<meta property=\"og:site_name\" content=\"OCEAN4FUTURE\" \/>\n<meta property=\"article:published_time\" content=\"2021-05-20T22:10:48+00:00\" \/>\n<meta property=\"article:modified_time\" content=\"2023-05-30T17:08:34+00:00\" \/>\n<meta property=\"og:image\" content=\"https:\/\/www.ocean4future.org\/savetheocean\/wp-content\/uploads\/2021\/05\/STROIA-DEL-MEDITERRANEO-Bombardment_of_Algiers_1816_by_Chambers.jpg\" \/>\n\t<meta property=\"og:image:width\" content=\"1280\" \/>\n\t<meta property=\"og:image:height\" content=\"892\" \/>\n\t<meta property=\"og:image:type\" content=\"image\/jpeg\" \/>\n<meta name=\"author\" content=\"Emiliano Beri\" \/>\n<meta name=\"twitter:card\" content=\"summary_large_image\" \/>\n<meta name=\"twitter:creator\" content=\"@ocean4future\" \/>\n<meta name=\"twitter:site\" content=\"@ocean4future\" \/>\n<meta name=\"twitter:label1\" content=\"Scritto da\" \/>\n\t<meta name=\"twitter:data1\" content=\"Emiliano Beri\" \/>\n\t<meta name=\"twitter:label2\" content=\"Tempo di lettura stimato\" \/>\n\t<meta name=\"twitter:data2\" content=\"10 minuti\" \/>\n<script type=\"application\/ld+json\" class=\"yoast-schema-graph\">{\"@context\":\"https:\\\/\\\/schema.org\",\"@graph\":[{\"@type\":\"Article\",\"@id\":\"https:\\\/\\\/www.ocean4future.org\\\/savetheocean\\\/archives\\\/59216#article\",\"isPartOf\":{\"@id\":\"https:\\\/\\\/www.ocean4future.org\\\/savetheocean\\\/archives\\\/59216\"},\"author\":{\"name\":\"Emiliano Beri\",\"@id\":\"https:\\\/\\\/www.ocean4future.org\\\/savetheocean\\\/#\\\/schema\\\/person\\\/781583c5da04e27397a84aa8179c39b4\"},\"headline\":\"La guerra contro i corsari barbareschi &#8230; la strategia del Trattato ma non solo &#8211; parte IV\",\"datePublished\":\"2021-05-20T22:10:48+00:00\",\"dateModified\":\"2023-05-30T17:08:34+00:00\",\"mainEntityOfPage\":{\"@id\":\"https:\\\/\\\/www.ocean4future.org\\\/savetheocean\\\/archives\\\/59216\"},\"wordCount\":2301,\"commentCount\":0,\"publisher\":{\"@id\":\"https:\\\/\\\/www.ocean4future.org\\\/savetheocean\\\/#\\\/schema\\\/person\\\/4e1c26437054353074d7bb2efa77162c\"},\"image\":{\"@id\":\"https:\\\/\\\/www.ocean4future.org\\\/savetheocean\\\/archives\\\/59216#primaryimage\"},\"thumbnailUrl\":\"https:\\\/\\\/www.ocean4future.org\\\/savetheocean\\\/wp-content\\\/uploads\\\/2021\\\/05\\\/STROIA-DEL-MEDITERRANEO-Bombardment_of_Algiers_1816_by_Chambers.jpg\",\"articleSection\":[\"Storia navale dell'et\u00e0 moderna (post 1492 - oggi)\"],\"inLanguage\":\"it-IT\",\"potentialAction\":[{\"@type\":\"CommentAction\",\"name\":\"Comment\",\"target\":[\"https:\\\/\\\/www.ocean4future.org\\\/savetheocean\\\/archives\\\/59216#respond\"]}]},{\"@type\":\"WebPage\",\"@id\":\"https:\\\/\\\/www.ocean4future.org\\\/savetheocean\\\/archives\\\/59216\",\"url\":\"https:\\\/\\\/www.ocean4future.org\\\/savetheocean\\\/archives\\\/59216\",\"name\":\"La guerra contro i corsari barbareschi ... la strategia del Trattato ma non solo - parte IV &#8226; OCEAN4FUTURE autore\",\"isPartOf\":{\"@id\":\"https:\\\/\\\/www.ocean4future.org\\\/savetheocean\\\/#website\"},\"primaryImageOfPage\":{\"@id\":\"https:\\\/\\\/www.ocean4future.org\\\/savetheocean\\\/archives\\\/59216#primaryimage\"},\"image\":{\"@id\":\"https:\\\/\\\/www.ocean4future.org\\\/savetheocean\\\/archives\\\/59216#primaryimage\"},\"thumbnailUrl\":\"https:\\\/\\\/www.ocean4future.org\\\/savetheocean\\\/wp-content\\\/uploads\\\/2021\\\/05\\\/STROIA-DEL-MEDITERRANEO-Bombardment_of_Algiers_1816_by_Chambers.jpg\",\"datePublished\":\"2021-05-20T22:10:48+00:00\",\"dateModified\":\"2023-05-30T17:08:34+00:00\",\"breadcrumb\":{\"@id\":\"https:\\\/\\\/www.ocean4future.org\\\/savetheocean\\\/archives\\\/59216#breadcrumb\"},\"inLanguage\":\"it-IT\",\"potentialAction\":[{\"@type\":\"ReadAction\",\"target\":[\"https:\\\/\\\/www.ocean4future.org\\\/savetheocean\\\/archives\\\/59216\"]}]},{\"@type\":\"ImageObject\",\"inLanguage\":\"it-IT\",\"@id\":\"https:\\\/\\\/www.ocean4future.org\\\/savetheocean\\\/archives\\\/59216#primaryimage\",\"url\":\"https:\\\/\\\/www.ocean4future.org\\\/savetheocean\\\/wp-content\\\/uploads\\\/2021\\\/05\\\/STROIA-DEL-MEDITERRANEO-Bombardment_of_Algiers_1816_by_Chambers.jpg\",\"contentUrl\":\"https:\\\/\\\/www.ocean4future.org\\\/savetheocean\\\/wp-content\\\/uploads\\\/2021\\\/05\\\/STROIA-DEL-MEDITERRANEO-Bombardment_of_Algiers_1816_by_Chambers.jpg\",\"width\":1280,\"height\":892},{\"@type\":\"BreadcrumbList\",\"@id\":\"https:\\\/\\\/www.ocean4future.org\\\/savetheocean\\\/archives\\\/59216#breadcrumb\",\"itemListElement\":[{\"@type\":\"ListItem\",\"position\":1,\"name\":\"Home\",\"item\":\"https:\\\/\\\/www.ocean4future.org\\\/savetheocean\"},{\"@type\":\"ListItem\",\"position\":2,\"name\":\"La guerra contro i corsari barbareschi &#8230; la strategia del Trattato ma non solo &#8211; parte IV\"}]},{\"@type\":\"WebSite\",\"@id\":\"https:\\\/\\\/www.ocean4future.org\\\/savetheocean\\\/#website\",\"url\":\"https:\\\/\\\/www.ocean4future.org\\\/savetheocean\\\/\",\"name\":\"Ocean 4 Future\",\"description\":\"Per una nuova cultura del mare e della marittimit\u00e0\",\"publisher\":{\"@id\":\"https:\\\/\\\/www.ocean4future.org\\\/savetheocean\\\/#\\\/schema\\\/person\\\/4e1c26437054353074d7bb2efa77162c\"},\"potentialAction\":[{\"@type\":\"SearchAction\",\"target\":{\"@type\":\"EntryPoint\",\"urlTemplate\":\"https:\\\/\\\/www.ocean4future.org\\\/savetheocean\\\/?s={search_term_string}\"},\"query-input\":{\"@type\":\"PropertyValueSpecification\",\"valueRequired\":true,\"valueName\":\"search_term_string\"}}],\"inLanguage\":\"it-IT\"},{\"@type\":[\"Person\",\"Organization\"],\"@id\":\"https:\\\/\\\/www.ocean4future.org\\\/savetheocean\\\/#\\\/schema\\\/person\\\/4e1c26437054353074d7bb2efa77162c\",\"name\":\"oceandiver\",\"image\":{\"@type\":\"ImageObject\",\"inLanguage\":\"it-IT\",\"@id\":\"https:\\\/\\\/www.ocean4future.org\\\/savetheocean\\\/wp-content\\\/uploads\\\/2023\\\/04\\\/logo-ocean3.jpg\",\"url\":\"https:\\\/\\\/www.ocean4future.org\\\/savetheocean\\\/wp-content\\\/uploads\\\/2023\\\/04\\\/logo-ocean3.jpg\",\"contentUrl\":\"https:\\\/\\\/www.ocean4future.org\\\/savetheocean\\\/wp-content\\\/uploads\\\/2023\\\/04\\\/logo-ocean3.jpg\",\"width\":472,\"height\":301,\"caption\":\"oceandiver\"},\"logo\":{\"@id\":\"https:\\\/\\\/www.ocean4future.org\\\/savetheocean\\\/wp-content\\\/uploads\\\/2023\\\/04\\\/logo-ocean3.jpg\"}},{\"@type\":\"Person\",\"@id\":\"https:\\\/\\\/www.ocean4future.org\\\/savetheocean\\\/#\\\/schema\\\/person\\\/781583c5da04e27397a84aa8179c39b4\",\"name\":\"Emiliano Beri\",\"image\":{\"@type\":\"ImageObject\",\"inLanguage\":\"it-IT\",\"@id\":\"https:\\\/\\\/secure.gravatar.com\\\/avatar\\\/8fc6a18bf2f7c144695ff5e8c53788326be3a0392d4247dab507705e5001cbd6?s=96&d=mm&r=g\",\"url\":\"https:\\\/\\\/secure.gravatar.com\\\/avatar\\\/8fc6a18bf2f7c144695ff5e8c53788326be3a0392d4247dab507705e5001cbd6?s=96&d=mm&r=g\",\"contentUrl\":\"https:\\\/\\\/secure.gravatar.com\\\/avatar\\\/8fc6a18bf2f7c144695ff5e8c53788326be3a0392d4247dab507705e5001cbd6?s=96&d=mm&r=g\",\"caption\":\"Emiliano Beri\"},\"description\":\"Emiliano Beri si \u00e8 laureato con lode in Storia presso la Facolt\u00e0 di Lettere e Filosofia dell\u2019Universit\u00e0 di Genova. Nel 2011 ha conseguito il Dottorato di Ricerca in Storia, discutendo una tesi sulle guerre di Corsica del medio Settecento. Dal 2012 al 2016 \u00e8 stato assegnista di ricerca presso il Dipartimento di Antichit\u00e0, Filosofia, Storia e Geografia dell\u2019Universit\u00e0 di Genova. \u00a0Negli anni accademici 2016-17 e 2017-18 ha insegnato Storia sociale nel corso di Laurea triennale in Storia e Storia militare nel corso di Laurea magistrale in Scienze Storiche della Scuola di Scienze Umanistiche dell\u2019Universit\u00e0 di Genova. Per l\u2019anno accademico 2018-19 \u00e8 stato docente aggregato di Storia militare nel corso di Laurea magistrale in Scienze storiche della stessa Scuola. A partire dall\u2019anno accademico 2019-20 \u00e8 docente aggregato sia di Storia militare che di Storia sociale.\",\"url\":\"https:\\\/\\\/www.ocean4future.org\\\/savetheocean\\\/archives\\\/author\\\/emiliano-beri\"}]}<\/script>\n<!-- \/ Yoast SEO plugin. -->","yoast_head_json":{"title":"La guerra contro i corsari barbareschi ... la strategia del Trattato ma non solo - parte IV &#8226; OCEAN4FUTURE autore","robots":{"index":"index","follow":"follow","max-snippet":"max-snippet:-1","max-image-preview":"max-image-preview:large","max-video-preview":"max-video-preview:-1"},"canonical":"https:\/\/www.ocean4future.org\/savetheocean\/archives\/59216","og_locale":"it_IT","og_type":"article","og_title":"La guerra contro i corsari barbareschi ... la strategia del Trattato ma non solo - parte IV &#8226; OCEAN4FUTURE autore","og_description":"tempo di lettura:  8 minuti. . ARGOMENTO: STORIA NAVALE PERIODO: XVI SECOLO AREA: MAR MEDITERRANEO parole chiave: corsari barbareschi . da \u00abContro i corsari barbareschi\u00bb una guerra permanente nel Mediterraneo di et\u00e0 moderna di Emiliano Beri Trattati, deterrenza, tributi e bandiere ombra La strategia del trattato, come forma di protezione dalla corsa barbaresca, e della deterrenza militare come veicolo [&hellip;]","og_url":"https:\/\/www.ocean4future.org\/savetheocean\/archives\/59216","og_site_name":"OCEAN4FUTURE","article_published_time":"2021-05-20T22:10:48+00:00","article_modified_time":"2023-05-30T17:08:34+00:00","og_image":[{"width":1280,"height":892,"url":"https:\/\/www.ocean4future.org\/savetheocean\/wp-content\/uploads\/2021\/05\/STROIA-DEL-MEDITERRANEO-Bombardment_of_Algiers_1816_by_Chambers.jpg","type":"image\/jpeg"}],"author":"Emiliano Beri","twitter_card":"summary_large_image","twitter_creator":"@ocean4future","twitter_site":"@ocean4future","twitter_misc":{"Scritto da":"Emiliano Beri","Tempo di lettura stimato":"10 minuti"},"schema":{"@context":"https:\/\/schema.org","@graph":[{"@type":"Article","@id":"https:\/\/www.ocean4future.org\/savetheocean\/archives\/59216#article","isPartOf":{"@id":"https:\/\/www.ocean4future.org\/savetheocean\/archives\/59216"},"author":{"name":"Emiliano Beri","@id":"https:\/\/www.ocean4future.org\/savetheocean\/#\/schema\/person\/781583c5da04e27397a84aa8179c39b4"},"headline":"La guerra contro i corsari barbareschi &#8230; la strategia del Trattato ma non solo &#8211; parte IV","datePublished":"2021-05-20T22:10:48+00:00","dateModified":"2023-05-30T17:08:34+00:00","mainEntityOfPage":{"@id":"https:\/\/www.ocean4future.org\/savetheocean\/archives\/59216"},"wordCount":2301,"commentCount":0,"publisher":{"@id":"https:\/\/www.ocean4future.org\/savetheocean\/#\/schema\/person\/4e1c26437054353074d7bb2efa77162c"},"image":{"@id":"https:\/\/www.ocean4future.org\/savetheocean\/archives\/59216#primaryimage"},"thumbnailUrl":"https:\/\/www.ocean4future.org\/savetheocean\/wp-content\/uploads\/2021\/05\/STROIA-DEL-MEDITERRANEO-Bombardment_of_Algiers_1816_by_Chambers.jpg","articleSection":["Storia navale dell'et\u00e0 moderna (post 1492 - oggi)"],"inLanguage":"it-IT","potentialAction":[{"@type":"CommentAction","name":"Comment","target":["https:\/\/www.ocean4future.org\/savetheocean\/archives\/59216#respond"]}]},{"@type":"WebPage","@id":"https:\/\/www.ocean4future.org\/savetheocean\/archives\/59216","url":"https:\/\/www.ocean4future.org\/savetheocean\/archives\/59216","name":"La guerra contro i corsari barbareschi ... la strategia del Trattato ma non solo - parte IV &#8226; OCEAN4FUTURE autore","isPartOf":{"@id":"https:\/\/www.ocean4future.org\/savetheocean\/#website"},"primaryImageOfPage":{"@id":"https:\/\/www.ocean4future.org\/savetheocean\/archives\/59216#primaryimage"},"image":{"@id":"https:\/\/www.ocean4future.org\/savetheocean\/archives\/59216#primaryimage"},"thumbnailUrl":"https:\/\/www.ocean4future.org\/savetheocean\/wp-content\/uploads\/2021\/05\/STROIA-DEL-MEDITERRANEO-Bombardment_of_Algiers_1816_by_Chambers.jpg","datePublished":"2021-05-20T22:10:48+00:00","dateModified":"2023-05-30T17:08:34+00:00","breadcrumb":{"@id":"https:\/\/www.ocean4future.org\/savetheocean\/archives\/59216#breadcrumb"},"inLanguage":"it-IT","potentialAction":[{"@type":"ReadAction","target":["https:\/\/www.ocean4future.org\/savetheocean\/archives\/59216"]}]},{"@type":"ImageObject","inLanguage":"it-IT","@id":"https:\/\/www.ocean4future.org\/savetheocean\/archives\/59216#primaryimage","url":"https:\/\/www.ocean4future.org\/savetheocean\/wp-content\/uploads\/2021\/05\/STROIA-DEL-MEDITERRANEO-Bombardment_of_Algiers_1816_by_Chambers.jpg","contentUrl":"https:\/\/www.ocean4future.org\/savetheocean\/wp-content\/uploads\/2021\/05\/STROIA-DEL-MEDITERRANEO-Bombardment_of_Algiers_1816_by_Chambers.jpg","width":1280,"height":892},{"@type":"BreadcrumbList","@id":"https:\/\/www.ocean4future.org\/savetheocean\/archives\/59216#breadcrumb","itemListElement":[{"@type":"ListItem","position":1,"name":"Home","item":"https:\/\/www.ocean4future.org\/savetheocean"},{"@type":"ListItem","position":2,"name":"La guerra contro i corsari barbareschi &#8230; la strategia del Trattato ma non solo &#8211; parte IV"}]},{"@type":"WebSite","@id":"https:\/\/www.ocean4future.org\/savetheocean\/#website","url":"https:\/\/www.ocean4future.org\/savetheocean\/","name":"Ocean 4 Future","description":"Per una nuova cultura del mare e della marittimit\u00e0","publisher":{"@id":"https:\/\/www.ocean4future.org\/savetheocean\/#\/schema\/person\/4e1c26437054353074d7bb2efa77162c"},"potentialAction":[{"@type":"SearchAction","target":{"@type":"EntryPoint","urlTemplate":"https:\/\/www.ocean4future.org\/savetheocean\/?s={search_term_string}"},"query-input":{"@type":"PropertyValueSpecification","valueRequired":true,"valueName":"search_term_string"}}],"inLanguage":"it-IT"},{"@type":["Person","Organization"],"@id":"https:\/\/www.ocean4future.org\/savetheocean\/#\/schema\/person\/4e1c26437054353074d7bb2efa77162c","name":"oceandiver","image":{"@type":"ImageObject","inLanguage":"it-IT","@id":"https:\/\/www.ocean4future.org\/savetheocean\/wp-content\/uploads\/2023\/04\/logo-ocean3.jpg","url":"https:\/\/www.ocean4future.org\/savetheocean\/wp-content\/uploads\/2023\/04\/logo-ocean3.jpg","contentUrl":"https:\/\/www.ocean4future.org\/savetheocean\/wp-content\/uploads\/2023\/04\/logo-ocean3.jpg","width":472,"height":301,"caption":"oceandiver"},"logo":{"@id":"https:\/\/www.ocean4future.org\/savetheocean\/wp-content\/uploads\/2023\/04\/logo-ocean3.jpg"}},{"@type":"Person","@id":"https:\/\/www.ocean4future.org\/savetheocean\/#\/schema\/person\/781583c5da04e27397a84aa8179c39b4","name":"Emiliano Beri","image":{"@type":"ImageObject","inLanguage":"it-IT","@id":"https:\/\/secure.gravatar.com\/avatar\/8fc6a18bf2f7c144695ff5e8c53788326be3a0392d4247dab507705e5001cbd6?s=96&d=mm&r=g","url":"https:\/\/secure.gravatar.com\/avatar\/8fc6a18bf2f7c144695ff5e8c53788326be3a0392d4247dab507705e5001cbd6?s=96&d=mm&r=g","contentUrl":"https:\/\/secure.gravatar.com\/avatar\/8fc6a18bf2f7c144695ff5e8c53788326be3a0392d4247dab507705e5001cbd6?s=96&d=mm&r=g","caption":"Emiliano Beri"},"description":"Emiliano Beri si \u00e8 laureato con lode in Storia presso la Facolt\u00e0 di Lettere e Filosofia dell\u2019Universit\u00e0 di Genova. Nel 2011 ha conseguito il Dottorato di Ricerca in Storia, discutendo una tesi sulle guerre di Corsica del medio Settecento. Dal 2012 al 2016 \u00e8 stato assegnista di ricerca presso il Dipartimento di Antichit\u00e0, Filosofia, Storia e Geografia dell\u2019Universit\u00e0 di Genova. \u00a0Negli anni accademici 2016-17 e 2017-18 ha insegnato Storia sociale nel corso di Laurea triennale in Storia e Storia militare nel corso di Laurea magistrale in Scienze Storiche della Scuola di Scienze Umanistiche dell\u2019Universit\u00e0 di Genova. Per l\u2019anno accademico 2018-19 \u00e8 stato docente aggregato di Storia militare nel corso di Laurea magistrale in Scienze storiche della stessa Scuola. A partire dall\u2019anno accademico 2019-20 \u00e8 docente aggregato sia di Storia militare che di Storia sociale.","url":"https:\/\/www.ocean4future.org\/savetheocean\/archives\/author\/emiliano-beri"}]}},"_links":{"self":[{"href":"https:\/\/www.ocean4future.org\/savetheocean\/wp-json\/wp\/v2\/posts\/59216","targetHints":{"allow":["GET"]}}],"collection":[{"href":"https:\/\/www.ocean4future.org\/savetheocean\/wp-json\/wp\/v2\/posts"}],"about":[{"href":"https:\/\/www.ocean4future.org\/savetheocean\/wp-json\/wp\/v2\/types\/post"}],"author":[{"embeddable":true,"href":"https:\/\/www.ocean4future.org\/savetheocean\/wp-json\/wp\/v2\/users\/2351"}],"replies":[{"embeddable":true,"href":"https:\/\/www.ocean4future.org\/savetheocean\/wp-json\/wp\/v2\/comments?post=59216"}],"version-history":[{"count":0,"href":"https:\/\/www.ocean4future.org\/savetheocean\/wp-json\/wp\/v2\/posts\/59216\/revisions"}],"wp:featuredmedia":[{"embeddable":true,"href":"https:\/\/www.ocean4future.org\/savetheocean\/wp-json\/wp\/v2\/media\/92701"}],"wp:attachment":[{"href":"https:\/\/www.ocean4future.org\/savetheocean\/wp-json\/wp\/v2\/media?parent=59216"}],"wp:term":[{"taxonomy":"category","embeddable":true,"href":"https:\/\/www.ocean4future.org\/savetheocean\/wp-json\/wp\/v2\/categories?post=59216"},{"taxonomy":"post_tag","embeddable":true,"href":"https:\/\/www.ocean4future.org\/savetheocean\/wp-json\/wp\/v2\/tags?post=59216"}],"curies":[{"name":"wp","href":"https:\/\/api.w.org\/{rel}","templated":true}]}}