{"id":59210,"date":"2021-05-15T00:10:25","date_gmt":"2021-05-14T22:10:25","guid":{"rendered":"http:\/\/www.ocean4future.org\/savetheocean\/?p=59210"},"modified":"2023-05-30T18:38:25","modified_gmt":"2023-05-30T16:38:25","slug":"la-guerra-contro-i-corsari-barbareschi-i-modelli-di-difesa-parte-ii","status":"publish","type":"post","link":"https:\/\/www.ocean4future.org\/savetheocean\/archives\/59210","title":{"rendered":"La guerra contro i corsari barbareschi &#8230; i modelli di difesa &#8211; parte II"},"content":{"rendered":"<span class=\"span-reading-time rt-reading-time\" style=\"display: block;\"><span class=\"rt-label rt-prefix\">tempo di lettura: <\/span> <span class=\"rt-time\"> 4<\/span> <span class=\"rt-label rt-postfix\">minuti<\/span><\/span><p><span style=\"color: #ffffff;\">.<\/span><br \/>\n<a class=\"maxbutton-4 maxbutton maxbutton-livello-di-comprensione\" href=\"javascript:void(0);\"><span class='mb-text'>livello elementare<\/span><\/a><br \/>\n<span style=\"color: #ffffff;\">.<\/span><br \/>\n<strong><span style=\"color: #008000;\">ARGOMENTO: STORIA NAVALE<\/span><\/strong><br \/>\n<strong><span style=\"color: #008000;\">PERIODO: XVI SECOLO<\/span><\/strong><br \/>\n<strong><span style=\"color: #008000;\">AREA: MAR MEDITERRANEO<\/span><\/strong><br \/>\nparole chiave: corsari barbareschi<\/p>\n<p style=\"text-align: justify;\"><span style=\"color: #ffffff;\">.<\/span><br \/>\nda <strong><span style=\"color: #008000;\"><em>\u00abContro i corsari barbareschi\u00bb una guerra permanente nel Mediterraneo di et\u00e0 moderna di Emiliano Beri<\/em><\/span><\/strong><\/p>\n<p style=\"text-align: justify;\"><strong><span style=\"color: #008000; font-size: 18pt;\">I Modelli di difesa<\/span><\/strong><br \/>\nAlla presenza di una minaccia persistente nel tempo e diffusa nello spazio non possono che corrispondere forme di difesa, strutturate e variegate; forme di difesa tanto passive \u2013 difesa delle coste e degli spazi marittimi attraverso fortificazioni e forze navali; autoprotezione armata e mimetismo di bandiera \u2013 quanto attive \u2013 accordi di pace, ottenuti in molti casi attraverso la proiezione di potenza, ossia l\u2019azione di squadre navali da battaglia nelle acque nordafricane a scopo intimidatorio, dissuasivo e deterrente.&nbsp;Manca fra queste la forma di difesa attiva che aveva dato il &#8220;la&#8221; alla guerra del XVI secolo: <strong><span style=\"color: #008000;\">la conquista del Nord Africa allo scopo di eliminare il problema alla radice<\/span><\/strong>. Nessun\u2019altro tent\u00f2 questa via, la via perseguita dalla Spagna di Carlo V e Filippo II, eccessivamente impegnativa rispetto alla strada dell\u2019accordo diplomatico, che permetteva il raggiungimento dello stesso obiettivo attraverso un approccio meno dispendioso (in termini finanziari e militari). Il punto di partenza di una riflessione di lungo periodo sulle forme di difesa dai barbareschi non pu\u00f2 che essere il Cinquecento. <strong><span style=\"color: #008000;\">Due sono i modelli di riferimento. <\/span><\/strong><\/p>\n<p style=\"text-align: justify;\"><strong><span style=\"color: #008000;\">Il primo impostato sulla difesa statica delle coste affidata a fortificazioni e truppe, caratteristico della Spagna e degli stati italiani, Venezia esclusa<\/span><\/strong>. <strong><span style=\"color: #008000;\">Il secondo impostato sulla difesa mobile, ossia sulle forze navali, proprio della realt\u00e0 veneziana.<\/span> <\/strong><\/p>\n<p style=\"text-align: justify;\"><span style=\"font-size: 18pt;\"><strong><span style=\"color: #008000;\">Il modello \u00e8 figlio della geografia del teatro operativo<\/span><\/strong><\/span>.<br \/>\nLa realt\u00e0 veneziana era quella adriatica. L\u2019Adriatico \u00e8 un lungo golfo, la cui bocca era guardata in posizione avanzata dalla base navale veneziana di Corf\u00f9; non solo, \u00e8 ricco, nella costa dalmata, di porti e approdi; ben si adattava, quindi, ad essere protetto da squadre di galee, con le fortificazioni in subordine. Diverso il caso dell\u2019impero mediterraneo spagnolo, che aveva le sue coste sul mare aperto, e molte di queste guardavano in faccia i litorali maghrebini; non solo, erano coste non cos\u00ec ricche di porti come la sponda orientale dell\u2019Adriatico. La scelta di non puntare sulle galee, di metterle in subordine, era qui una necessit\u00e0; ne \u00e8 la controprova il caso di Creta \u2013 che si trovava in condizioni di esposizione uguali, se non maggiori, a quelle della Sicilia, della Sardegna o delle Baleari \u2013 dove il modello veneziano dimostr\u00f2 i suoi limiti 6.&nbsp;<strong><span style=\"color: #008000;\">I due modelli sono accumunati in primo luogo dalla passivit\u00e0<\/span><\/strong> &nbsp;\u2013 perch\u00e9 in entrambi i casi l\u2019iniziativa viene lasciata al corsaro, e la difesa si configura, esclusivamente, come reazione \u2013 e in secondo luogo dalla prospettiva terrestre perch\u00e9, nel definire i modelli, l\u2019approccio di studio \u00e8 stato indirizzato esclusivamente sul problema della difesa contro le incursioni a terra, ossia solo su una delle forme assunte dall\u2019attivit\u00e0 predatoria barbaresca.<\/p>\n<p style=\"text-align: justify;\"><span style=\"font-size: 18pt;\"><strong><span style=\"color: #008000;\">Lo scopo dei corsari barbareschi era in primo luogo il bottino umano<\/span><\/strong><\/span>.<br \/>\nDenaro, merci e navi facevano gola, ma l\u2019obiettivo principale era l\u2019infedele da far schiavo 7; e la razzia a terra, contro cittadine e borghi costieri, fruttava solitamente schiavi in abbondanza. \u00c8 stata, non a caso, la forma predatoria barbaresca pi\u00f9 presente nel contesto della guerra mediterranea del XVI secolo; quella che ha lasciato maggiormente il segno nella mentalit\u00e0 collettiva delle genti dell\u2019Europa mediterranea in et\u00e0 moderna; quella a cui i sistemi di difesa dovevano, in primo luogo, rispondere.&nbsp;Ma l\u2019azione barbaresca assumeva anche la forma della preda fatta in mare. Anzi, nel lungo periodo questo \u00abanche\u00bb divenne via via \u00absoprattutto\u00bb. Dopo il 1574, quando la corsa barbaresca usc\u00ec dal quadro della guerra ispano-ottomana e assunse le caratteristiche di un\u2019attivit\u00e0 esclusivamente economica, l\u2019incursione a terra perse progressivamente terreno a favore della preda fatta&nbsp;in mare. Accadde perch\u00e9 la prima poteva dar maggior bottino, ma comportava maggiori costi (pi\u00f9 navi e pi\u00f9 uomini) e spesso anche pi\u00f9 rischi (in relazione alla qualit\u00e0 delle difese), mentre per la seconda occorrevano meno risorse, e quindi erano inferiori tanto i costi quanto, solitamente, anche i rischi, perch\u00e9 la vitalit\u00e0 dei traffici marittimi mediterranei offriva al corsaro una variet\u00e0 notevole di possibili prede, pi\u00f9 o meno vulnerabili, tra cui scegliere 8. &nbsp;<\/p>\n<p style=\"text-align: justify;\">La <strong><span style=\"color: #008000;\">Giunta di Marina della Repubblica di Genova<\/span><\/strong> rilev\u00f2 questo mutamento in atto gi\u00e0 alla met\u00e0 del Seicento 9; per altre realt\u00e0, pi\u00f9 esposte (Sicilia, Sardegna, Italia Meridionale), fu pi\u00f9 lento. Qui le incursioni a terra continuarono, ma la frequenza e le dimensioni andarono riducendosi: se tra Cinque e Seicento i catturati nella singola incursione si contavano a centinaia, in rari casi a migliaia, nel Settecento l\u2019ordine di grandezza, tranne pochi episodi, scese alle decine 10.<\/p>\n<p><strong><span style=\"color: #008000;\">fine II parte &#8211; continua<\/span><\/strong><\/p>\n<p><strong><span style=\"color: #008000;\">Emiliano Beri<\/span><\/strong><\/p>\n<p>&nbsp;<\/p>\n<p><strong><span style=\"color: #008000;\">in anteprima da Civitates orbis terrarvm, Algeri, 1576, opera di Georg Braun<br \/>\n<a href=\"https:\/\/commons.wikimedia.org\/wiki\/File:Braun_Algier.png\">Braun Algier.png &#8211; Wikimedia Commons<\/a><br \/>\n<span style=\"color: #ffffff;\">,<\/span><\/span><\/strong><\/p>\n<p style=\"text-align: justify;\"><strong><span style=\"color: #008000; font-size: 18pt;\">Note<\/span><\/strong><br \/>\n6 A. Tenenti, Problemi difensivi del Mediterraneo nell\u2019et\u00e0 moderna, in <span class=\"a\">Alghe<\/span><span class=\"a\">ro, la Catalogna e il Mediterraneo. Storia di una citt\u00e0 e di una minoranza ca<\/span><span class=\"a\">talana in Italia (XIV-XX sec.)<\/span><span class=\"a\">, a cura di A. Mattone e P. Sanna, Gallizzi, Sas<\/span><span class=\"a\">sari 1994, pp. 316-317.<br \/>\n<\/span><span class=\"a\">7 <\/span><span class=\"a\">M. Lenci, <\/span><span class=\"a\">op. cit.<\/span><span class=\"a\">, p. 49.<\/span><br \/>\n<span class=\"a\">8 <\/span><span class=\"a\">Sulla centralit\u00e0 del contenimento dei rischi: S. Bono, <\/span><em><span class=\"a\">Corsari nel Mediterra<\/span><span class=\"a\">neo<\/span><\/em><span class=\"a\">, cit., p. 125.<\/span><br \/>\n<span class=\"a\">9 <\/span><span class=\"a\">Archivio di Stato di Genova (d\u2019ora in poi ASG), <\/span><span class=\"a\">Archivio Segreto <\/span><span class=\"a\">n. 1667 <\/span><span class=\"a\">(Due relazioni, prive di data, e altri documenti pongono l\u2019accento sulla natura <\/span><span class=\"a\">della corsa barbaresca come essenzialmente indirizzata verso il far preda in <\/span><span class=\"a\">mare); n. 1668, 28 marzo 1661, 17 e 27 marzo 1662; n. 1668. Incerto, parla di <\/span><span class=\"a\">rimediare al danno che i Turchi minacciano di fare a sudditi della Repubblica; <\/span><span class=\"a\">n. 1670, Relazione della Giunta di Marina priva di data.<\/span><br \/>\n10 S. Bono, <em>Corsari del Mediterran<span class=\"l6\">eo<\/span><\/em>, cit., pp. 148-151; S. Bono, <span class=\"a\">Lumi e cor<\/span><span class=\"a\">sari. Europa e Maghreb nel Settecento<\/span><span class=\"a\">, Morlacchi, Perugia 2005, pp. 25-40;<\/span><span class=\"a\">M. Lenci, <\/span>op. cit., p. 46.&nbsp; &nbsp;<\/p>\n<div id=\"outer_page_20\" class=\"outer_page only_ie6_border  \">\n<div id=\"page20\" class=\"newpage\">\n<div class=\"text_layer\">\n<div class=\"ie_fix\" style=\"text-align: justify;\">\n<p>&nbsp;<\/p>\n<div class=\"ff5\">&nbsp;<\/div>\n<\/div>\n<\/div>\n<\/div>\n<\/div>\n<p><span style=\"font-size: 14pt;\"><a class=\"maxbutton-27 maxbutton maxbutton-un-regalo-per-te\" href=\"https:\/\/www.primevideo.com\/offers\/ref=atv_nb_lcl_it_IT?tag=amazon0e150-21 Italia\"><span class='mb-text'>Una sorpresa per te su Amazon Music unlimited<\/span><\/a>&nbsp; &nbsp;<a class=\"maxbutton-28 maxbutton maxbutton-amazon-prime\" title=\"Scopri i vantaggi di Amazon Prime\" href=\"javascript:void(0);\"><span class='mb-text'>Scopri i vantaggi di Amazon Prime<\/span><\/a><\/span><br \/>\n<span style=\"color: #ffffff;\">.<\/span><\/p>\n<p style=\"text-align: justify;\">Alcune delle foto presenti in questo blog possono essere state prese dal web, citandone ove possibile gli autori e\/o le fonti. Se qualcuno desiderasse specificarne l\u2019autore o rimuoverle, pu\u00f2 scrivere a infoocean4future@gmail.com e provvederemo immediatamente alla correzione dell\u2019articolo<br \/>\n<span style=\"color: #ffffff;\">,<\/span><\/p>\n<p><a class=\"maxbutton-3 maxbutton maxbutton-pagina-principale\" target=\"_blank\" title=\"tooltip\" rel=\"nofollow noopener\" href=\"http:\/\/www.ocean4future.org\"><span class='mb-text'>PAGINA PRINCIPALE<\/span><\/a><br \/>\n<span style=\"color: #ffffff;\">.<\/span><\/p>\n<p><a class=\"maxbutton-13 maxbutton maxbutton-parte-i\" target=\"_blank\" title=\" tooltip\" rel=\"nofollow noopener\" href=\"https:\/\/www.ocean4future.org\/savetheocean\/archives\/59208\"><span class='mb-text'>PARTE I<\/span><\/a> <a class=\"maxbutton-14 maxbutton maxbutton-parte-ii\" target=\"_blank\" title=\" tooltip\" rel=\"nofollow noopener\" href=\"https:\/\/www.ocean4future.org\/savetheocean\/archives\/59210\"><span class='mb-text'>PARTE II<\/span><\/a> <a class=\"maxbutton-15 maxbutton maxbutton-parte-iii\" target=\"_blank\" title=\" tooltip\" rel=\"nofollow noopener\" href=\"https:\/\/www.ocean4future.org\/savetheocean\/archives\/59213\"><span class='mb-text'>PARTE III<\/span><\/a><\/p>\n<a class=\"maxbutton-16 maxbutton maxbutton-parte-iv\" target=\"_blank\" title=\" tooltip\" rel=\"nofollow noopener\" href=\"https:\/\/www.ocean4future.org\/savetheocean\/archives\/59216\"><span class='mb-text'>PARTE IV<\/span><\/a>\n<p>&nbsp;<\/p>\n<p>&nbsp;<\/p>\n","protected":false},"excerpt":{"rendered":"<p><span class=\"span-reading-time rt-reading-time\" style=\"display: block;\"><span class=\"rt-label rt-prefix\">tempo di lettura: <\/span> <span class=\"rt-time\"> 4<\/span> <span class=\"rt-label rt-postfix\">minuti<\/span><\/span>. . ARGOMENTO: STORIA NAVALE PERIODO: XVI SECOLO AREA: MAR MEDITERRANEO parole chiave: corsari barbareschi . da \u00abContro i corsari barbareschi\u00bb una guerra permanente nel Mediterraneo di et\u00e0 moderna di Emiliano Beri I Modelli di difesa Alla presenza di una minaccia persistente nel tempo e diffusa nello spazio non possono che corrispondere forme di difesa, [&hellip;]<\/p>\n","protected":false},"author":2351,"featured_media":92680,"comment_status":"open","ping_status":"open","sticky":false,"template":"","format":"standard","meta":{"_acf_changed":false,"_monsterinsights_skip_tracking":false,"_monsterinsights_sitenote_active":false,"_monsterinsights_sitenote_note":"","_monsterinsights_sitenote_category":0,"footnotes":""},"categories":[2318],"tags":[],"class_list":["post-59210","post","type-post","status-publish","format-standard","has-post-thumbnail","hentry","category-eta-moderna"],"acf":[],"yoast_head":"<!-- This site is optimized with the Yoast SEO plugin v27.4 - https:\/\/yoast.com\/product\/yoast-seo-wordpress\/ -->\n<title>La guerra contro i corsari barbareschi ... i modelli di difesa - parte II &#8226; OCEAN4FUTURE autore<\/title>\n<meta name=\"robots\" content=\"index, follow, max-snippet:-1, max-image-preview:large, max-video-preview:-1\" \/>\n<link rel=\"canonical\" href=\"https:\/\/www.ocean4future.org\/savetheocean\/archives\/59210\" \/>\n<meta property=\"og:locale\" content=\"it_IT\" \/>\n<meta property=\"og:type\" content=\"article\" \/>\n<meta property=\"og:title\" content=\"La guerra contro i corsari barbareschi ... i modelli di difesa - parte II &#8226; OCEAN4FUTURE autore\" \/>\n<meta property=\"og:description\" content=\"tempo di lettura:  4 minuti. . ARGOMENTO: STORIA NAVALE PERIODO: XVI SECOLO AREA: MAR MEDITERRANEO parole chiave: corsari barbareschi . da \u00abContro i corsari barbareschi\u00bb una guerra permanente nel Mediterraneo di et\u00e0 moderna di Emiliano Beri I Modelli di difesa Alla presenza di una minaccia persistente nel tempo e diffusa nello spazio non possono che corrispondere forme di difesa, [&hellip;]\" \/>\n<meta property=\"og:url\" content=\"https:\/\/www.ocean4future.org\/savetheocean\/archives\/59210\" \/>\n<meta property=\"og:site_name\" content=\"OCEAN4FUTURE\" \/>\n<meta property=\"article:published_time\" content=\"2021-05-14T22:10:25+00:00\" \/>\n<meta property=\"article:modified_time\" content=\"2023-05-30T16:38:25+00:00\" \/>\n<meta property=\"og:image\" content=\"https:\/\/www.ocean4future.org\/savetheocean\/wp-content\/uploads\/2023\/05\/STORIA-DEL-MEDITERANEEO-ALGERI-XVI-SECOLO-Braun_Algier.png\" \/>\n\t<meta property=\"og:image:width\" content=\"640\" \/>\n\t<meta property=\"og:image:height\" content=\"470\" \/>\n\t<meta property=\"og:image:type\" content=\"image\/png\" \/>\n<meta name=\"author\" content=\"Emiliano Beri\" \/>\n<meta name=\"twitter:card\" content=\"summary_large_image\" \/>\n<meta name=\"twitter:creator\" content=\"@ocean4future\" \/>\n<meta name=\"twitter:site\" content=\"@ocean4future\" \/>\n<meta name=\"twitter:label1\" content=\"Scritto da\" \/>\n\t<meta name=\"twitter:data1\" content=\"Emiliano Beri\" \/>\n\t<meta name=\"twitter:label2\" content=\"Tempo di lettura stimato\" \/>\n\t<meta name=\"twitter:data2\" content=\"5 minuti\" \/>\n<script type=\"application\/ld+json\" class=\"yoast-schema-graph\">{\"@context\":\"https:\\\/\\\/schema.org\",\"@graph\":[{\"@type\":\"Article\",\"@id\":\"https:\\\/\\\/www.ocean4future.org\\\/savetheocean\\\/archives\\\/59210#article\",\"isPartOf\":{\"@id\":\"https:\\\/\\\/www.ocean4future.org\\\/savetheocean\\\/archives\\\/59210\"},\"author\":{\"name\":\"Emiliano Beri\",\"@id\":\"https:\\\/\\\/www.ocean4future.org\\\/savetheocean\\\/#\\\/schema\\\/person\\\/781583c5da04e27397a84aa8179c39b4\"},\"headline\":\"La guerra contro i corsari barbareschi &#8230; i modelli di difesa &#8211; parte II\",\"datePublished\":\"2021-05-14T22:10:25+00:00\",\"dateModified\":\"2023-05-30T16:38:25+00:00\",\"mainEntityOfPage\":{\"@id\":\"https:\\\/\\\/www.ocean4future.org\\\/savetheocean\\\/archives\\\/59210\"},\"wordCount\":1099,\"commentCount\":0,\"publisher\":{\"@id\":\"https:\\\/\\\/www.ocean4future.org\\\/savetheocean\\\/#\\\/schema\\\/person\\\/4e1c26437054353074d7bb2efa77162c\"},\"image\":{\"@id\":\"https:\\\/\\\/www.ocean4future.org\\\/savetheocean\\\/archives\\\/59210#primaryimage\"},\"thumbnailUrl\":\"https:\\\/\\\/www.ocean4future.org\\\/savetheocean\\\/wp-content\\\/uploads\\\/2023\\\/05\\\/STORIA-DEL-MEDITERANEEO-ALGERI-XVI-SECOLO-Braun_Algier.png\",\"articleSection\":[\"Storia navale dell'et\u00e0 moderna (post 1492 - oggi)\"],\"inLanguage\":\"it-IT\",\"potentialAction\":[{\"@type\":\"CommentAction\",\"name\":\"Comment\",\"target\":[\"https:\\\/\\\/www.ocean4future.org\\\/savetheocean\\\/archives\\\/59210#respond\"]}]},{\"@type\":\"WebPage\",\"@id\":\"https:\\\/\\\/www.ocean4future.org\\\/savetheocean\\\/archives\\\/59210\",\"url\":\"https:\\\/\\\/www.ocean4future.org\\\/savetheocean\\\/archives\\\/59210\",\"name\":\"La guerra contro i corsari barbareschi ... i modelli di difesa - parte II &#8226; OCEAN4FUTURE autore\",\"isPartOf\":{\"@id\":\"https:\\\/\\\/www.ocean4future.org\\\/savetheocean\\\/#website\"},\"primaryImageOfPage\":{\"@id\":\"https:\\\/\\\/www.ocean4future.org\\\/savetheocean\\\/archives\\\/59210#primaryimage\"},\"image\":{\"@id\":\"https:\\\/\\\/www.ocean4future.org\\\/savetheocean\\\/archives\\\/59210#primaryimage\"},\"thumbnailUrl\":\"https:\\\/\\\/www.ocean4future.org\\\/savetheocean\\\/wp-content\\\/uploads\\\/2023\\\/05\\\/STORIA-DEL-MEDITERANEEO-ALGERI-XVI-SECOLO-Braun_Algier.png\",\"datePublished\":\"2021-05-14T22:10:25+00:00\",\"dateModified\":\"2023-05-30T16:38:25+00:00\",\"breadcrumb\":{\"@id\":\"https:\\\/\\\/www.ocean4future.org\\\/savetheocean\\\/archives\\\/59210#breadcrumb\"},\"inLanguage\":\"it-IT\",\"potentialAction\":[{\"@type\":\"ReadAction\",\"target\":[\"https:\\\/\\\/www.ocean4future.org\\\/savetheocean\\\/archives\\\/59210\"]}]},{\"@type\":\"ImageObject\",\"inLanguage\":\"it-IT\",\"@id\":\"https:\\\/\\\/www.ocean4future.org\\\/savetheocean\\\/archives\\\/59210#primaryimage\",\"url\":\"https:\\\/\\\/www.ocean4future.org\\\/savetheocean\\\/wp-content\\\/uploads\\\/2023\\\/05\\\/STORIA-DEL-MEDITERANEEO-ALGERI-XVI-SECOLO-Braun_Algier.png\",\"contentUrl\":\"https:\\\/\\\/www.ocean4future.org\\\/savetheocean\\\/wp-content\\\/uploads\\\/2023\\\/05\\\/STORIA-DEL-MEDITERANEEO-ALGERI-XVI-SECOLO-Braun_Algier.png\",\"width\":640,\"height\":470},{\"@type\":\"BreadcrumbList\",\"@id\":\"https:\\\/\\\/www.ocean4future.org\\\/savetheocean\\\/archives\\\/59210#breadcrumb\",\"itemListElement\":[{\"@type\":\"ListItem\",\"position\":1,\"name\":\"Home\",\"item\":\"https:\\\/\\\/www.ocean4future.org\\\/savetheocean\"},{\"@type\":\"ListItem\",\"position\":2,\"name\":\"La guerra contro i corsari barbareschi &#8230; i modelli di difesa &#8211; parte II\"}]},{\"@type\":\"WebSite\",\"@id\":\"https:\\\/\\\/www.ocean4future.org\\\/savetheocean\\\/#website\",\"url\":\"https:\\\/\\\/www.ocean4future.org\\\/savetheocean\\\/\",\"name\":\"Ocean 4 Future\",\"description\":\"Per una nuova cultura del mare e della marittimit\u00e0\",\"publisher\":{\"@id\":\"https:\\\/\\\/www.ocean4future.org\\\/savetheocean\\\/#\\\/schema\\\/person\\\/4e1c26437054353074d7bb2efa77162c\"},\"potentialAction\":[{\"@type\":\"SearchAction\",\"target\":{\"@type\":\"EntryPoint\",\"urlTemplate\":\"https:\\\/\\\/www.ocean4future.org\\\/savetheocean\\\/?s={search_term_string}\"},\"query-input\":{\"@type\":\"PropertyValueSpecification\",\"valueRequired\":true,\"valueName\":\"search_term_string\"}}],\"inLanguage\":\"it-IT\"},{\"@type\":[\"Person\",\"Organization\"],\"@id\":\"https:\\\/\\\/www.ocean4future.org\\\/savetheocean\\\/#\\\/schema\\\/person\\\/4e1c26437054353074d7bb2efa77162c\",\"name\":\"oceandiver\",\"image\":{\"@type\":\"ImageObject\",\"inLanguage\":\"it-IT\",\"@id\":\"https:\\\/\\\/www.ocean4future.org\\\/savetheocean\\\/wp-content\\\/uploads\\\/2023\\\/04\\\/logo-ocean3.jpg\",\"url\":\"https:\\\/\\\/www.ocean4future.org\\\/savetheocean\\\/wp-content\\\/uploads\\\/2023\\\/04\\\/logo-ocean3.jpg\",\"contentUrl\":\"https:\\\/\\\/www.ocean4future.org\\\/savetheocean\\\/wp-content\\\/uploads\\\/2023\\\/04\\\/logo-ocean3.jpg\",\"width\":472,\"height\":301,\"caption\":\"oceandiver\"},\"logo\":{\"@id\":\"https:\\\/\\\/www.ocean4future.org\\\/savetheocean\\\/wp-content\\\/uploads\\\/2023\\\/04\\\/logo-ocean3.jpg\"}},{\"@type\":\"Person\",\"@id\":\"https:\\\/\\\/www.ocean4future.org\\\/savetheocean\\\/#\\\/schema\\\/person\\\/781583c5da04e27397a84aa8179c39b4\",\"name\":\"Emiliano Beri\",\"image\":{\"@type\":\"ImageObject\",\"inLanguage\":\"it-IT\",\"@id\":\"https:\\\/\\\/secure.gravatar.com\\\/avatar\\\/8fc6a18bf2f7c144695ff5e8c53788326be3a0392d4247dab507705e5001cbd6?s=96&d=mm&r=g\",\"url\":\"https:\\\/\\\/secure.gravatar.com\\\/avatar\\\/8fc6a18bf2f7c144695ff5e8c53788326be3a0392d4247dab507705e5001cbd6?s=96&d=mm&r=g\",\"contentUrl\":\"https:\\\/\\\/secure.gravatar.com\\\/avatar\\\/8fc6a18bf2f7c144695ff5e8c53788326be3a0392d4247dab507705e5001cbd6?s=96&d=mm&r=g\",\"caption\":\"Emiliano Beri\"},\"description\":\"Emiliano Beri si \u00e8 laureato con lode in Storia presso la Facolt\u00e0 di Lettere e Filosofia dell\u2019Universit\u00e0 di Genova. Nel 2011 ha conseguito il Dottorato di Ricerca in Storia, discutendo una tesi sulle guerre di Corsica del medio Settecento. Dal 2012 al 2016 \u00e8 stato assegnista di ricerca presso il Dipartimento di Antichit\u00e0, Filosofia, Storia e Geografia dell\u2019Universit\u00e0 di Genova. \u00a0Negli anni accademici 2016-17 e 2017-18 ha insegnato Storia sociale nel corso di Laurea triennale in Storia e Storia militare nel corso di Laurea magistrale in Scienze Storiche della Scuola di Scienze Umanistiche dell\u2019Universit\u00e0 di Genova. Per l\u2019anno accademico 2018-19 \u00e8 stato docente aggregato di Storia militare nel corso di Laurea magistrale in Scienze storiche della stessa Scuola. A partire dall\u2019anno accademico 2019-20 \u00e8 docente aggregato sia di Storia militare che di Storia sociale.\",\"url\":\"https:\\\/\\\/www.ocean4future.org\\\/savetheocean\\\/archives\\\/author\\\/emiliano-beri\"}]}<\/script>\n<!-- \/ Yoast SEO plugin. -->","yoast_head_json":{"title":"La guerra contro i corsari barbareschi ... i modelli di difesa - parte II &#8226; OCEAN4FUTURE autore","robots":{"index":"index","follow":"follow","max-snippet":"max-snippet:-1","max-image-preview":"max-image-preview:large","max-video-preview":"max-video-preview:-1"},"canonical":"https:\/\/www.ocean4future.org\/savetheocean\/archives\/59210","og_locale":"it_IT","og_type":"article","og_title":"La guerra contro i corsari barbareschi ... i modelli di difesa - parte II &#8226; OCEAN4FUTURE autore","og_description":"tempo di lettura:  4 minuti. . ARGOMENTO: STORIA NAVALE PERIODO: XVI SECOLO AREA: MAR MEDITERRANEO parole chiave: corsari barbareschi . da \u00abContro i corsari barbareschi\u00bb una guerra permanente nel Mediterraneo di et\u00e0 moderna di Emiliano Beri I Modelli di difesa Alla presenza di una minaccia persistente nel tempo e diffusa nello spazio non possono che corrispondere forme di difesa, [&hellip;]","og_url":"https:\/\/www.ocean4future.org\/savetheocean\/archives\/59210","og_site_name":"OCEAN4FUTURE","article_published_time":"2021-05-14T22:10:25+00:00","article_modified_time":"2023-05-30T16:38:25+00:00","og_image":[{"width":640,"height":470,"url":"https:\/\/www.ocean4future.org\/savetheocean\/wp-content\/uploads\/2023\/05\/STORIA-DEL-MEDITERANEEO-ALGERI-XVI-SECOLO-Braun_Algier.png","type":"image\/png"}],"author":"Emiliano Beri","twitter_card":"summary_large_image","twitter_creator":"@ocean4future","twitter_site":"@ocean4future","twitter_misc":{"Scritto da":"Emiliano Beri","Tempo di lettura stimato":"5 minuti"},"schema":{"@context":"https:\/\/schema.org","@graph":[{"@type":"Article","@id":"https:\/\/www.ocean4future.org\/savetheocean\/archives\/59210#article","isPartOf":{"@id":"https:\/\/www.ocean4future.org\/savetheocean\/archives\/59210"},"author":{"name":"Emiliano Beri","@id":"https:\/\/www.ocean4future.org\/savetheocean\/#\/schema\/person\/781583c5da04e27397a84aa8179c39b4"},"headline":"La guerra contro i corsari barbareschi &#8230; i modelli di difesa &#8211; parte II","datePublished":"2021-05-14T22:10:25+00:00","dateModified":"2023-05-30T16:38:25+00:00","mainEntityOfPage":{"@id":"https:\/\/www.ocean4future.org\/savetheocean\/archives\/59210"},"wordCount":1099,"commentCount":0,"publisher":{"@id":"https:\/\/www.ocean4future.org\/savetheocean\/#\/schema\/person\/4e1c26437054353074d7bb2efa77162c"},"image":{"@id":"https:\/\/www.ocean4future.org\/savetheocean\/archives\/59210#primaryimage"},"thumbnailUrl":"https:\/\/www.ocean4future.org\/savetheocean\/wp-content\/uploads\/2023\/05\/STORIA-DEL-MEDITERANEEO-ALGERI-XVI-SECOLO-Braun_Algier.png","articleSection":["Storia navale dell'et\u00e0 moderna (post 1492 - oggi)"],"inLanguage":"it-IT","potentialAction":[{"@type":"CommentAction","name":"Comment","target":["https:\/\/www.ocean4future.org\/savetheocean\/archives\/59210#respond"]}]},{"@type":"WebPage","@id":"https:\/\/www.ocean4future.org\/savetheocean\/archives\/59210","url":"https:\/\/www.ocean4future.org\/savetheocean\/archives\/59210","name":"La guerra contro i corsari barbareschi ... i modelli di difesa - parte II &#8226; OCEAN4FUTURE autore","isPartOf":{"@id":"https:\/\/www.ocean4future.org\/savetheocean\/#website"},"primaryImageOfPage":{"@id":"https:\/\/www.ocean4future.org\/savetheocean\/archives\/59210#primaryimage"},"image":{"@id":"https:\/\/www.ocean4future.org\/savetheocean\/archives\/59210#primaryimage"},"thumbnailUrl":"https:\/\/www.ocean4future.org\/savetheocean\/wp-content\/uploads\/2023\/05\/STORIA-DEL-MEDITERANEEO-ALGERI-XVI-SECOLO-Braun_Algier.png","datePublished":"2021-05-14T22:10:25+00:00","dateModified":"2023-05-30T16:38:25+00:00","breadcrumb":{"@id":"https:\/\/www.ocean4future.org\/savetheocean\/archives\/59210#breadcrumb"},"inLanguage":"it-IT","potentialAction":[{"@type":"ReadAction","target":["https:\/\/www.ocean4future.org\/savetheocean\/archives\/59210"]}]},{"@type":"ImageObject","inLanguage":"it-IT","@id":"https:\/\/www.ocean4future.org\/savetheocean\/archives\/59210#primaryimage","url":"https:\/\/www.ocean4future.org\/savetheocean\/wp-content\/uploads\/2023\/05\/STORIA-DEL-MEDITERANEEO-ALGERI-XVI-SECOLO-Braun_Algier.png","contentUrl":"https:\/\/www.ocean4future.org\/savetheocean\/wp-content\/uploads\/2023\/05\/STORIA-DEL-MEDITERANEEO-ALGERI-XVI-SECOLO-Braun_Algier.png","width":640,"height":470},{"@type":"BreadcrumbList","@id":"https:\/\/www.ocean4future.org\/savetheocean\/archives\/59210#breadcrumb","itemListElement":[{"@type":"ListItem","position":1,"name":"Home","item":"https:\/\/www.ocean4future.org\/savetheocean"},{"@type":"ListItem","position":2,"name":"La guerra contro i corsari barbareschi &#8230; i modelli di difesa &#8211; parte II"}]},{"@type":"WebSite","@id":"https:\/\/www.ocean4future.org\/savetheocean\/#website","url":"https:\/\/www.ocean4future.org\/savetheocean\/","name":"Ocean 4 Future","description":"Per una nuova cultura del mare e della marittimit\u00e0","publisher":{"@id":"https:\/\/www.ocean4future.org\/savetheocean\/#\/schema\/person\/4e1c26437054353074d7bb2efa77162c"},"potentialAction":[{"@type":"SearchAction","target":{"@type":"EntryPoint","urlTemplate":"https:\/\/www.ocean4future.org\/savetheocean\/?s={search_term_string}"},"query-input":{"@type":"PropertyValueSpecification","valueRequired":true,"valueName":"search_term_string"}}],"inLanguage":"it-IT"},{"@type":["Person","Organization"],"@id":"https:\/\/www.ocean4future.org\/savetheocean\/#\/schema\/person\/4e1c26437054353074d7bb2efa77162c","name":"oceandiver","image":{"@type":"ImageObject","inLanguage":"it-IT","@id":"https:\/\/www.ocean4future.org\/savetheocean\/wp-content\/uploads\/2023\/04\/logo-ocean3.jpg","url":"https:\/\/www.ocean4future.org\/savetheocean\/wp-content\/uploads\/2023\/04\/logo-ocean3.jpg","contentUrl":"https:\/\/www.ocean4future.org\/savetheocean\/wp-content\/uploads\/2023\/04\/logo-ocean3.jpg","width":472,"height":301,"caption":"oceandiver"},"logo":{"@id":"https:\/\/www.ocean4future.org\/savetheocean\/wp-content\/uploads\/2023\/04\/logo-ocean3.jpg"}},{"@type":"Person","@id":"https:\/\/www.ocean4future.org\/savetheocean\/#\/schema\/person\/781583c5da04e27397a84aa8179c39b4","name":"Emiliano Beri","image":{"@type":"ImageObject","inLanguage":"it-IT","@id":"https:\/\/secure.gravatar.com\/avatar\/8fc6a18bf2f7c144695ff5e8c53788326be3a0392d4247dab507705e5001cbd6?s=96&d=mm&r=g","url":"https:\/\/secure.gravatar.com\/avatar\/8fc6a18bf2f7c144695ff5e8c53788326be3a0392d4247dab507705e5001cbd6?s=96&d=mm&r=g","contentUrl":"https:\/\/secure.gravatar.com\/avatar\/8fc6a18bf2f7c144695ff5e8c53788326be3a0392d4247dab507705e5001cbd6?s=96&d=mm&r=g","caption":"Emiliano Beri"},"description":"Emiliano Beri si \u00e8 laureato con lode in Storia presso la Facolt\u00e0 di Lettere e Filosofia dell\u2019Universit\u00e0 di Genova. Nel 2011 ha conseguito il Dottorato di Ricerca in Storia, discutendo una tesi sulle guerre di Corsica del medio Settecento. Dal 2012 al 2016 \u00e8 stato assegnista di ricerca presso il Dipartimento di Antichit\u00e0, Filosofia, Storia e Geografia dell\u2019Universit\u00e0 di Genova. \u00a0Negli anni accademici 2016-17 e 2017-18 ha insegnato Storia sociale nel corso di Laurea triennale in Storia e Storia militare nel corso di Laurea magistrale in Scienze Storiche della Scuola di Scienze Umanistiche dell\u2019Universit\u00e0 di Genova. Per l\u2019anno accademico 2018-19 \u00e8 stato docente aggregato di Storia militare nel corso di Laurea magistrale in Scienze storiche della stessa Scuola. A partire dall\u2019anno accademico 2019-20 \u00e8 docente aggregato sia di Storia militare che di Storia sociale.","url":"https:\/\/www.ocean4future.org\/savetheocean\/archives\/author\/emiliano-beri"}]}},"_links":{"self":[{"href":"https:\/\/www.ocean4future.org\/savetheocean\/wp-json\/wp\/v2\/posts\/59210","targetHints":{"allow":["GET"]}}],"collection":[{"href":"https:\/\/www.ocean4future.org\/savetheocean\/wp-json\/wp\/v2\/posts"}],"about":[{"href":"https:\/\/www.ocean4future.org\/savetheocean\/wp-json\/wp\/v2\/types\/post"}],"author":[{"embeddable":true,"href":"https:\/\/www.ocean4future.org\/savetheocean\/wp-json\/wp\/v2\/users\/2351"}],"replies":[{"embeddable":true,"href":"https:\/\/www.ocean4future.org\/savetheocean\/wp-json\/wp\/v2\/comments?post=59210"}],"version-history":[{"count":0,"href":"https:\/\/www.ocean4future.org\/savetheocean\/wp-json\/wp\/v2\/posts\/59210\/revisions"}],"wp:featuredmedia":[{"embeddable":true,"href":"https:\/\/www.ocean4future.org\/savetheocean\/wp-json\/wp\/v2\/media\/92680"}],"wp:attachment":[{"href":"https:\/\/www.ocean4future.org\/savetheocean\/wp-json\/wp\/v2\/media?parent=59210"}],"wp:term":[{"taxonomy":"category","embeddable":true,"href":"https:\/\/www.ocean4future.org\/savetheocean\/wp-json\/wp\/v2\/categories?post=59210"},{"taxonomy":"post_tag","embeddable":true,"href":"https:\/\/www.ocean4future.org\/savetheocean\/wp-json\/wp\/v2\/tags?post=59210"}],"curies":[{"name":"wp","href":"https:\/\/api.w.org\/{rel}","templated":true}]}}