{"id":59208,"date":"2021-05-11T00:27:44","date_gmt":"2021-05-10T22:27:44","guid":{"rendered":"http:\/\/www.ocean4future.org\/savetheocean\/?p=59208"},"modified":"2023-05-30T18:53:06","modified_gmt":"2023-05-30T16:53:06","slug":"la-guerra-contro-i-corsari-barbareschi-sotto-lorizzonte-militare-parte-i","status":"publish","type":"post","link":"https:\/\/www.ocean4future.org\/savetheocean\/archives\/59208","title":{"rendered":"La guerra contro i corsari barbareschi &#8230; sotto l&#8217;orizzonte militare &#8211; parte I"},"content":{"rendered":"<span class=\"span-reading-time rt-reading-time\" style=\"display: block;\"><span class=\"rt-label rt-prefix\">tempo di lettura: <\/span> <span class=\"rt-time\"> 5<\/span> <span class=\"rt-label rt-postfix\">minuti<\/span><\/span><p><span style=\"color: #ffffff;\">.<\/span><br \/>\n<a class=\"maxbutton-8 maxbutton maxbutton-livello-2\" href=\"javascript:void(0);\"><span class='mb-text'>livello medio<\/span><\/a><br \/>\n<span style=\"color: #ffffff;\">.<\/span><br \/>\n<strong><span style=\"color: #008000;\">ARGOMENTO: STORIA NAVALE<\/span><\/strong><br \/>\n<strong><span style=\"color: #008000;\">PERIODO: XVI SECOLO<\/span><\/strong><br \/>\n<strong><span style=\"color: #008000;\">AREA: MAR MEDITERRANEO<\/span><\/strong><br \/>\nparole chiave: corsari barbareschi<\/p>\n<p style=\"text-align: justify;\"><span style=\"color: #ffffff;\">.<\/span><br \/>\nda <strong><span style=\"color: #008000;\"><em>\u00abContro i corsari barbareschi\u00bb una guerra permanente nel Mediterraneo di et\u00e0 moderna di Emiliano Beri<\/em><\/span><\/strong><\/p>\n<p style=\"text-align: justify;\"><strong><span style=\"color: #008000; font-size: 18pt;\">Sotto l\u2019orizzonte militare<\/span><\/strong><br \/>\nGuerra permanente: \u00e8 questa la caratteristica della corsa barbaresca nel Mediterraneo d\u2019et\u00e0 moderna, il suo essere presente per la totalit\u00e0 dei tre secoli compresi tra i primi decenni del Cinquecento ed i primi dell\u2019Ottocento. Un fenomeno endemico, non necessariamente connesso ai conflitti convenzionali fatti di operazioni navali e battaglie, ma conflitto esso stesso, collocato sotto l\u2019orizzonte militare, nella forma della rapina, della razzia, del raid, dell\u2019incursione predatoria e della scorreria 1.<\/p>\n<p>&nbsp;<\/p>\n<p style=\"text-align: justify;\"><strong><span style=\"color: #008000;\">Non che la corsa barbaresca sia stato un fenomeno assente nei conflitti, anzi: la sua genesi si colloca all\u2019interno della grande guerra cinquecentesca tra la monarchia ispano-italiana asburgica e il blocco ottomano-barbaresco e la sua azione si inserisce nei conflitti nel momento in cui questi coinvolgono le Reggenze barbaresche come vassalli (per quanto autonomi) dell\u2019Impero ottomano.<\/span><\/strong> Ma la sua caratteristica peculiare sta nella continuit\u00e0 e in un\u2019esistenza che non dipende dai conflitti convenzionali ad alta intensit\u00e0, i conflitti sopra l\u2019orizzonte militare. Una continuit\u00e0 che vive di declinazioni, configurazioni, attori, intensit\u00e0 e profili diversi nel tempo, ma riconducibili ad un unico fenomeno.<\/p>\n<p style=\"text-align: justify;\">Una continuit\u00e0 che implica uno stato di guerra, altrimenti il corsaro non potrebbe essere tale, sarebbe pirata: la patente di corsa, il documento che fa del capitano di mare un corsaro, legittimando giuridicamente la sua azione predatrice, pu\u00f2 essere emessa solo se sussiste una condizione di guerra, perch\u00e9 l\u2019azione legittima \u00e8 quella contro il nemico. Una guerra permanente, stagionale \u2013 perch\u00e9 combattuta principalmente quando si naviga, ossia nella buona stagione \u2013 che ha nell\u2019azione predatrice finalizzata al profitto economico il suo scopo, e che si carica di significati strategici diversi \u2013 quali il logoramento del nemico o l\u2019azione a carattere terroristico, dimostrativo e propagandistico ideologico \u2013 solo quando \u00e8 inserita in un conflitto sopra l\u2019orizzonte militare.<\/p>\n<p><img decoding=\"async\" src=\"https:\/\/www.ocean4future.org\/savetheocean\/wp-content\/uploads\/2023\/05\/STORIA-DEL-MEDITERRANEO-ALGERIA-640px-Eyalet_Algeria_in_1560.png\" alt=\"Questa immagine ha l'attributo alt vuoto; il nome del file \u00e8 STORIA-DEL-MEDITERRANEO-ALGERIA-640px-Eyalet_Algeria_in_1560.png\" width=\"640\" height=\"442\"><\/p>\n<p align=\"justify\"><strong><span style=\"color: #008000;\">Mappa del 1560: in color arancio scuro il territorio dell&#8217;Elayet dell&#8217;Algeria, in arancio la regione vassalla o sotto l&#8217;influenza dell&#8217;Elayet d&#8217;Algeria e nel cerchio nero i presidi algerini permanenti &#8211; autore <\/span><\/strong><a class=\"new\" title=\"User:AtlasDzMapper (page does not exist)\" href=\"https:\/\/commons.wikimedia.org\/w\/index.php?title=User:AtlasDzMapper&amp;action=edit&amp;redlink=1\">AtlasDzMapper<\/a><\/p>\n<p style=\"text-align: justify;\">Il mondo all\u2019interno del quale la corsa barbaresca ha preso corpo, ha mosso i primi passi ed \u00e8 cresciuta fino ad arrivare alla maturit\u00e0, \u00e8 il <strong><span style=\"color: #008000;\">Mediterraneo del XVI secolo<\/span><\/strong>; il Mediterraneo del conflitto tra blocco ispano-italiano e blocco ottomano. Un conflitto che prese avvio ancor prima che la Spagna creasse il suo impero mediterraneo sotto gli <strong><em><span style=\"color: #008000;\">Austrias<\/span><\/em><\/strong>, e nella cui genesi le azioni dei predatori marittimi del Nord Africa, intensificate dagli esuli andalusi, ebbero un ruolo di primo piano, quale problema non secondario nella politica spagnola dopo la fine della guerra di Granada (1492).<\/p>\n<p style=\"text-align: justify;\">La <strong><span style=\"color: #008000;\">reazione spagnola (1497-1511)<\/span><\/strong> si concretizz\u00f2 nel tentativo di conquista della costa maghrebina tra Orano e Tripoli, al fine di eliminare il problema corsaro alla radice; la controreazione ottomana, incarnata nella celebre figura del Barbarossa (prima battitore libero, insieme ai due fratelli, poi vassallo ottomano), diede il via alla guerra tra i due blocchi 2.<\/p>\n<p style=\"text-align: justify;\">Un conflitto che si estese poi dal teatro nordafricano al Mediterraneo intero (con la partecipazione, intermittente, di Venezia come alleata della Spagna e, limitata nel tempo, della Francia come alleata della Porta), in cui la corsa prolifer\u00f2, e in cui il controllo del Nord Africa, ossia delle basi dei corsari (in primo luogo <strong><span style=\"color: #008000;\">Algeri, Tunisi e Tripoli<\/span><\/strong>, future capitali della Reggenze barbaresche), mantenne la sua centralit\u00e0. Non \u00e8 un caso che la definitiva riconquista ottomana di Tunisi, nel 1574, abbia rappresentato l\u2019ultimo atto del conflitto. Il 1574 segn\u00f2 la fine del tentativo spagnolo di controllare il <strong><span style=\"color: #008000;\">Maghreb<\/span><\/strong>, l\u2019antemurale del Mediterraneo centro-occidentale; dal 1574 i tentativi di contendere agli ottomani il possesso di Algeri, Tunisi e Tripoli cessarono (l\u2019impresa di Algeri del 1601 rappresenta un colpo di coda, che avrebbe forse potuto riavviare la contesa, se non fosse fallita) 3.<\/p>\n<p><img decoding=\"async\" src=\"https:\/\/www.ocean4future.org\/savetheocean\/wp-content\/uploads\/2023\/05\/STORIA-DEL-MEDITERANEEO-ALGERI-XVI-SECOLO-Braun_Algier.png\" alt=\"Questa immagine ha l'attributo alt vuoto; il nome del file \u00e8 STORIA-DEL-MEDITERANEEO-ALGERI-XVI-SECOLO-Braun_Algier.png\" width=\"640\" height=\"470\"><\/p>\n<p align=\"justify\"><strong><span style=\"color: #008000;\">da Civitates orbis terrarvm, Algeri, 1576, opera di Georg Braun<\/span><\/strong> <a href=\"https:\/\/commons.wikimedia.org\/wiki\/File:Braun_Algier.png\">Braun Algier.png &#8211; Wikimedia Commons<\/a><\/p>\n<p style=\"text-align: justify;\"><span style=\"font-size: 18pt;\"><strong><span style=\"color: #008000;\">Il conflitto termin\u00f2, di fatto, nel 1574, la guerra di corsa no.<br \/>\n<\/span><\/strong><\/span>Perch\u00e9 la corsa era il motore principale dell\u2019economia dei governatorati di Algeri, Tunisi e Tripoli; governatorati che tra XVII e XVIII secolo divennero formazioni statuali sempre pi\u00f9 autonome, Reggenze, in un progressivo allontanamento fattuale (anche se non formale) dalla sovranit\u00e0 ottomana. Un allontanamento funzionale alla corsa, perch\u00e9 slegarsi dalla direzione politica ottomana dopo il 1574 divenne condizione essenziale per il proseguimento dell\u2019attivit\u00e0 corsara. La corsa aveva bisogno di non sottostare alla politica estera di Istanbul, necessitava di libert\u00e0 di movimento, finalizzata al mantenimento della condizione di guerra con il maggior numero possibile di stati europei 4.<\/p>\n<p><img decoding=\"async\" src=\"https:\/\/upload.wikimedia.org\/wikipedia\/commons\/b\/ba\/Alger-r%C3%A9gence.jpg?20070629031843\" alt=\"File:Alger-r\u00e9gence.jpg\" width=\"764\" height=\"515\"><\/p>\n<p align=\"justify\"><strong><span style=\"color: #008000;\">Algeri ai tempi della regenza &#8211; autore foto Lostastos&nbsp;<\/span><\/strong><a href=\"https:\/\/commons.wikimedia.org\/wiki\/File:Alger-r%C3%A9gence.jpg\">Alger-r\u00e9gence.jpg &#8211; Wikimedia Commons<\/a><\/p>\n<p style=\"text-align: justify;\">La riconquista di Tunisi del 1574 inaugur\u00f2 una nuova fase della guerra di corsa mediterranea, quella della cosiddetta \u00abcorsa mercantile\u00bb, della corsa slegata alle operazioni navali del conflitto ad alta intensit\u00e0; della corsa come fatto esclusivamente economico. Una fase in cui il mare brulicava di corsari, in cui la corsa non aveva pi\u00f9 la dimensione delle grandi incursioni, concentrate e drammaticamente spettacolari, ma quella delle azioni portate da forze contenute, distribuite per\u00f2 capillarmente nello spazio e nel tempo. Una corsa che divenne quotidiana perch\u00e9 i battelli barbareschi non erano pi\u00f9 tenuti ad unirsi alla flotta ottomana e ad operare come sue componenti; erano liberi di agire, individualmente o a piccoli gruppi, con l\u2019esclusivo scopo del profitto 5. \u00c8 la guerra di corsa permanente delle Reggenze barbaresche, endemica e persistente (sebbene a diverse velocit\u00e0), che andr\u00e0 esaurendosi solo nei primi decenni del XIX secolo.<\/p>\n<p><strong><span style=\"color: #008000;\">Fine parte I &#8211; continua<\/span><\/strong><\/p>\n<p><strong><span style=\"color: #008000;\">Emiliano Beri<\/span><\/strong><\/p>\n<p style=\"text-align: justify;\"><strong><span style=\"color: #008000;\"><br \/>\n<\/span><\/strong><span style=\"color: #008000;\"><span style=\"color: #000000;\">in anteprima, 1575<\/span> <\/span><bdi><em>Algerii Saracenorum urbis fortissimae, in Numidia Africae provincia structae, iuxta Baleriacos fluctus Mediterranei equoris Hispaniam contra, Othomanor. Principu imperio redactae, imago<\/em> di&nbsp;<\/bdi><bdi><bdi><a class=\"extiw\" title=\"w:en:Georg Braun\" href=\"https:\/\/en.wikipedia.org\/wiki\/en:Georg_Braun\"><span title=\"German cleric, canon, dean\">Georg Braun<\/span><\/a><\/bdi><\/bdi><\/p>\n<p>&nbsp;<\/p>\n<p>&nbsp;<\/p>\n<p style=\"text-align: justify;\"><span style=\"font-size: 18pt;\"><strong><span style=\"color: #008000;\">Note<br \/>\n<\/span><\/strong><\/span><span class=\"a\">1 <\/span><span class=\"a\">Per la definizione di razzia e raid: J. Harmand, <\/span><span class=\"a\">L\u2019arte della guerra nel mon<\/span><span class=\"a\">do antico<\/span><span class=\"a\">, Res Gestae, Milano 2017, pp. 17-19, 107-108, 137-139. Sulla col<\/span><span class=\"a\">locazione della scorreria e dell\u2019incursione sotto l\u2019orizzonte militare: J. Kee<\/span><span class=\"a\">gan,<\/span><span class=\"a\">La grande storia della guerra. Dalla Preistoria ai giorni nostri<\/span><span class=\"a\">, Monda<\/span><span class=\"a\">dori, Milano 1994, pp. 123-124. Sul valore strategico ed economico delle a<\/span><span class=\"a\">zioni predatrici un utile riferimento concettuale \u00e8: A.A. Settia, <\/span><span class=\"a\">Rapine, assedi, <\/span><span class=\"a\">battaglia. Le guerra nel&nbsp;Medioevo<\/span><span class=\"a\">, Laterza, Roma-Bari 2002, pp. 3-75.<\/span><\/p>\n<div class=\"ff0\" style=\"text-align: justify;\"><span class=\"a\">2 <\/span><span class=\"a\">M. Pellegrini, <\/span><span class=\"a\">Guerra Santa contro i turchi. La&nbsp;crociata impossibile di Carlo<\/span><span class=\"a\">V<\/span><span class=\"a\">, Il&nbsp;Mulino, Bologna 2015, pp. 7-85.<\/span><\/div>\n<div class=\"ff5\" style=\"text-align: justify;\"><span class=\"a\">&nbsp;<\/span><\/div>\n<div class=\"ff0\" style=\"text-align: justify;\"><span class=\"a\">3 <\/span><span class=\"a\">Sulla grande guerra nel Mediterraneo del XVI secolo si rimanda a: F. Brau<\/span><span class=\"a\">del, <\/span><span class=\"a\">Civilt\u00e0 e Imperi del Mediterraneo nell\u2019et\u00e0 di Filippo II<\/span><span class=\"a\">, Einaudi, Torino<\/span><span class=\"a\">2010; A. Pacini, <\/span><span class=\"a\">Desde Rosas a Gaeta. La costruzione della rotta spagnola<\/span><span class=\"a\">nel Mediterraneo nel XVI secolo<\/span><span class=\"a\">, F. Angeli, Milano 2013; P. Williams, <\/span><span class=\"a\">Empi<\/span><span class=\"a\">re ad Holy War in the Mediterranean. The galley and maritime conflict be<\/span><span class=\"a\">tween the Habsburgs ad Ottomans<\/span><span class=\"a\">, I.B. Tauris, London 2015; M. Pellegrini, <\/span><span class=\"a\">op. cit<\/span><span class=\"a\">.<\/span><\/div>\n<div class=\"ff5\" style=\"text-align: justify;\"><span class=\"a\">&nbsp;<\/span><\/div>\n<div class=\"ff0\" style=\"text-align: justify;\"><span class=\"a\">4 <\/span><span class=\"a\">M. Lenci, <\/span><span class=\"a\">Corsari. Guerra, schiavi, rinnegati nel Mediterraneo<\/span><span class=\"a\">, Carocci,<\/span><span class=\"a\">Roma 2006, pp. 25 e 34-39.<\/span><\/div>\n<div class=\"ff5\" style=\"text-align: justify;\"><span class=\"a\">&nbsp;<\/span><\/div>\n<div class=\"ff0\" style=\"text-align: justify;\"><span class=\"a\">5<\/span><span class=\"a\">&nbsp;S. Bono<\/span><span class=\"a\">, Corsari nel Mediterraneo. Cristiani e musulmani fra guerra, schia<\/span><span class=\"a\">vit\u00f9 e commercio, <\/span><span class=\"a\">Mondadori, Milano 1993, pp. 134-135<\/span><span class=\"a\">; <\/span><span class=\"a\">M. Lenci<\/span><span class=\"a\">, op. cit., <\/span><span class=\"a\">p. 46.<\/span><\/div>\n<p>&nbsp;<\/p>\n<p><span style=\"color: #ffffff;\">.<\/span><br \/>\n<span style=\"font-size: 14pt;\"><a class=\"maxbutton-27 maxbutton maxbutton-un-regalo-per-te\" href=\"https:\/\/www.primevideo.com\/offers\/ref=atv_nb_lcl_it_IT?tag=amazon0e150-21 Italia\"><span class='mb-text'>Una sorpresa per te su Amazon Music unlimited<\/span><\/a>&nbsp; &nbsp;<a class=\"maxbutton-28 maxbutton maxbutton-amazon-prime\" title=\"Scopri i vantaggi di Amazon Prime\" href=\"javascript:void(0);\"><span class='mb-text'>Scopri i vantaggi di Amazon Prime<\/span><\/a><\/span><br \/>\n<span style=\"color: #ffffff;\">.<\/span><\/p>\n<p style=\"text-align: justify;\">Alcune delle foto presenti in questo blog possono essere state prese dal web, citandone ove possibile gli autori e\/o le fonti. Se qualcuno desiderasse specificarne l\u2019autore o rimuoverle, pu\u00f2 scrivere a infoocean4future@gmail.com e provvederemo immediatamente alla correzione dell\u2019articolo<br \/>\n<span style=\"color: #ffffff;\">,<\/span><\/p>\n<p><a class=\"maxbutton-3 maxbutton maxbutton-pagina-principale\" target=\"_blank\" title=\"tooltip\" rel=\"nofollow noopener\" href=\"http:\/\/www.ocean4future.org\"><span class='mb-text'>PAGINA PRINCIPALE<\/span><\/a><br \/>\n<span style=\"color: #ffffff;\">.<\/span><\/p>\n<p><a class=\"maxbutton-13 maxbutton maxbutton-parte-i\" target=\"_blank\" title=\" tooltip\" rel=\"nofollow noopener\" href=\"https:\/\/www.ocean4future.org\/savetheocean\/archives\/59208\"><span class='mb-text'>PARTE I<\/span><\/a> <a class=\"maxbutton-14 maxbutton maxbutton-parte-ii\" target=\"_blank\" title=\" tooltip\" rel=\"nofollow noopener\" href=\"https:\/\/www.ocean4future.org\/savetheocean\/archives\/59210\"><span class='mb-text'>PARTE II<\/span><\/a> <a class=\"maxbutton-15 maxbutton maxbutton-parte-iii\" target=\"_blank\" title=\" tooltip\" rel=\"nofollow noopener\" href=\"https:\/\/www.ocean4future.org\/savetheocean\/archives\/59213\"><span class='mb-text'>PARTE III<\/span><\/a><\/p>\n<a class=\"maxbutton-16 maxbutton maxbutton-parte-iv\" target=\"_blank\" title=\" tooltip\" rel=\"nofollow noopener\" href=\"https:\/\/www.ocean4future.org\/savetheocean\/archives\/59216\"><span class='mb-text'>PARTE IV<\/span><\/a>\n","protected":false},"excerpt":{"rendered":"<p><span class=\"span-reading-time rt-reading-time\" style=\"display: block;\"><span class=\"rt-label rt-prefix\">tempo di lettura: <\/span> <span class=\"rt-time\"> 5<\/span> <span class=\"rt-label rt-postfix\">minuti<\/span><\/span>. . ARGOMENTO: STORIA NAVALE PERIODO: XVI SECOLO AREA: MAR MEDITERRANEO parole chiave: corsari barbareschi . da \u00abContro i corsari barbareschi\u00bb una guerra permanente nel Mediterraneo di et\u00e0 moderna di Emiliano Beri Sotto l\u2019orizzonte militare Guerra permanente: \u00e8 questa la caratteristica della corsa barbaresca nel Mediterraneo d\u2019et\u00e0 moderna, il suo essere presente per la totalit\u00e0 [&hellip;]<\/p>\n","protected":false},"author":2351,"featured_media":92682,"comment_status":"open","ping_status":"open","sticky":false,"template":"","format":"standard","meta":{"_acf_changed":false,"_monsterinsights_skip_tracking":false,"_monsterinsights_sitenote_active":false,"_monsterinsights_sitenote_note":"","_monsterinsights_sitenote_category":0,"footnotes":""},"categories":[2318],"tags":[],"class_list":["post-59208","post","type-post","status-publish","format-standard","has-post-thumbnail","hentry","category-eta-moderna"],"acf":[],"yoast_head":"<!-- This site is optimized with the Yoast SEO plugin v27.4 - https:\/\/yoast.com\/product\/yoast-seo-wordpress\/ -->\n<title>La guerra contro i corsari barbareschi ... sotto l&#039;orizzonte militare - parte I &#8226; OCEAN4FUTURE autore<\/title>\n<meta name=\"robots\" content=\"index, follow, max-snippet:-1, max-image-preview:large, max-video-preview:-1\" \/>\n<link rel=\"canonical\" href=\"https:\/\/www.ocean4future.org\/savetheocean\/archives\/59208\" \/>\n<meta property=\"og:locale\" content=\"it_IT\" \/>\n<meta property=\"og:type\" content=\"article\" \/>\n<meta property=\"og:title\" content=\"La guerra contro i corsari barbareschi ... sotto l&#039;orizzonte militare - parte I &#8226; OCEAN4FUTURE autore\" \/>\n<meta property=\"og:description\" content=\"tempo di lettura:  5 minuti. . ARGOMENTO: STORIA NAVALE PERIODO: XVI SECOLO AREA: MAR MEDITERRANEO parole chiave: corsari barbareschi . da \u00abContro i corsari barbareschi\u00bb una guerra permanente nel Mediterraneo di et\u00e0 moderna di Emiliano Beri Sotto l\u2019orizzonte militare Guerra permanente: \u00e8 questa la caratteristica della corsa barbaresca nel Mediterraneo d\u2019et\u00e0 moderna, il suo essere presente per la totalit\u00e0 [&hellip;]\" \/>\n<meta property=\"og:url\" content=\"https:\/\/www.ocean4future.org\/savetheocean\/archives\/59208\" \/>\n<meta property=\"og:site_name\" content=\"OCEAN4FUTURE\" \/>\n<meta property=\"article:published_time\" content=\"2021-05-10T22:27:44+00:00\" \/>\n<meta property=\"article:modified_time\" content=\"2023-05-30T16:53:06+00:00\" \/>\n<meta property=\"og:image\" content=\"https:\/\/www.ocean4future.org\/savetheocean\/wp-content\/uploads\/2021\/05\/STORIA-DEL-MEDITERRANEO-ALGIERI-XVI-SECOLO-lossy-page1-640px-Alger_Braun_1575_flag.jpg\" \/>\n\t<meta property=\"og:image:width\" content=\"640\" \/>\n\t<meta property=\"og:image:height\" content=\"238\" \/>\n\t<meta property=\"og:image:type\" content=\"image\/jpeg\" \/>\n<meta name=\"author\" content=\"Emiliano Beri\" \/>\n<meta name=\"twitter:card\" content=\"summary_large_image\" \/>\n<meta name=\"twitter:creator\" content=\"@ocean4future\" \/>\n<meta name=\"twitter:site\" content=\"@ocean4future\" \/>\n<meta name=\"twitter:label1\" content=\"Scritto da\" \/>\n\t<meta name=\"twitter:data1\" content=\"Emiliano Beri\" \/>\n\t<meta name=\"twitter:label2\" content=\"Tempo di lettura stimato\" \/>\n\t<meta name=\"twitter:data2\" content=\"7 minuti\" \/>\n<script type=\"application\/ld+json\" class=\"yoast-schema-graph\">{\"@context\":\"https:\\\/\\\/schema.org\",\"@graph\":[{\"@type\":\"Article\",\"@id\":\"https:\\\/\\\/www.ocean4future.org\\\/savetheocean\\\/archives\\\/59208#article\",\"isPartOf\":{\"@id\":\"https:\\\/\\\/www.ocean4future.org\\\/savetheocean\\\/archives\\\/59208\"},\"author\":{\"name\":\"Emiliano Beri\",\"@id\":\"https:\\\/\\\/www.ocean4future.org\\\/savetheocean\\\/#\\\/schema\\\/person\\\/781583c5da04e27397a84aa8179c39b4\"},\"headline\":\"La guerra contro i corsari barbareschi &#8230; sotto l&#8217;orizzonte militare &#8211; parte I\",\"datePublished\":\"2021-05-10T22:27:44+00:00\",\"dateModified\":\"2023-05-30T16:53:06+00:00\",\"mainEntityOfPage\":{\"@id\":\"https:\\\/\\\/www.ocean4future.org\\\/savetheocean\\\/archives\\\/59208\"},\"wordCount\":1324,\"commentCount\":0,\"publisher\":{\"@id\":\"https:\\\/\\\/www.ocean4future.org\\\/savetheocean\\\/#\\\/schema\\\/person\\\/4e1c26437054353074d7bb2efa77162c\"},\"image\":{\"@id\":\"https:\\\/\\\/www.ocean4future.org\\\/savetheocean\\\/archives\\\/59208#primaryimage\"},\"thumbnailUrl\":\"https:\\\/\\\/www.ocean4future.org\\\/savetheocean\\\/wp-content\\\/uploads\\\/2021\\\/05\\\/STORIA-DEL-MEDITERRANEO-ALGIERI-XVI-SECOLO-lossy-page1-640px-Alger_Braun_1575_flag.jpg\",\"articleSection\":[\"Storia navale dell'et\u00e0 moderna (post 1492 - oggi)\"],\"inLanguage\":\"it-IT\",\"potentialAction\":[{\"@type\":\"CommentAction\",\"name\":\"Comment\",\"target\":[\"https:\\\/\\\/www.ocean4future.org\\\/savetheocean\\\/archives\\\/59208#respond\"]}]},{\"@type\":\"WebPage\",\"@id\":\"https:\\\/\\\/www.ocean4future.org\\\/savetheocean\\\/archives\\\/59208\",\"url\":\"https:\\\/\\\/www.ocean4future.org\\\/savetheocean\\\/archives\\\/59208\",\"name\":\"La guerra contro i corsari barbareschi ... sotto l'orizzonte militare - parte I &#8226; OCEAN4FUTURE autore\",\"isPartOf\":{\"@id\":\"https:\\\/\\\/www.ocean4future.org\\\/savetheocean\\\/#website\"},\"primaryImageOfPage\":{\"@id\":\"https:\\\/\\\/www.ocean4future.org\\\/savetheocean\\\/archives\\\/59208#primaryimage\"},\"image\":{\"@id\":\"https:\\\/\\\/www.ocean4future.org\\\/savetheocean\\\/archives\\\/59208#primaryimage\"},\"thumbnailUrl\":\"https:\\\/\\\/www.ocean4future.org\\\/savetheocean\\\/wp-content\\\/uploads\\\/2021\\\/05\\\/STORIA-DEL-MEDITERRANEO-ALGIERI-XVI-SECOLO-lossy-page1-640px-Alger_Braun_1575_flag.jpg\",\"datePublished\":\"2021-05-10T22:27:44+00:00\",\"dateModified\":\"2023-05-30T16:53:06+00:00\",\"breadcrumb\":{\"@id\":\"https:\\\/\\\/www.ocean4future.org\\\/savetheocean\\\/archives\\\/59208#breadcrumb\"},\"inLanguage\":\"it-IT\",\"potentialAction\":[{\"@type\":\"ReadAction\",\"target\":[\"https:\\\/\\\/www.ocean4future.org\\\/savetheocean\\\/archives\\\/59208\"]}]},{\"@type\":\"ImageObject\",\"inLanguage\":\"it-IT\",\"@id\":\"https:\\\/\\\/www.ocean4future.org\\\/savetheocean\\\/archives\\\/59208#primaryimage\",\"url\":\"https:\\\/\\\/www.ocean4future.org\\\/savetheocean\\\/wp-content\\\/uploads\\\/2021\\\/05\\\/STORIA-DEL-MEDITERRANEO-ALGIERI-XVI-SECOLO-lossy-page1-640px-Alger_Braun_1575_flag.jpg\",\"contentUrl\":\"https:\\\/\\\/www.ocean4future.org\\\/savetheocean\\\/wp-content\\\/uploads\\\/2021\\\/05\\\/STORIA-DEL-MEDITERRANEO-ALGIERI-XVI-SECOLO-lossy-page1-640px-Alger_Braun_1575_flag.jpg\",\"width\":640,\"height\":238},{\"@type\":\"BreadcrumbList\",\"@id\":\"https:\\\/\\\/www.ocean4future.org\\\/savetheocean\\\/archives\\\/59208#breadcrumb\",\"itemListElement\":[{\"@type\":\"ListItem\",\"position\":1,\"name\":\"Home\",\"item\":\"https:\\\/\\\/www.ocean4future.org\\\/savetheocean\"},{\"@type\":\"ListItem\",\"position\":2,\"name\":\"La guerra contro i corsari barbareschi &#8230; sotto l&#8217;orizzonte militare &#8211; parte I\"}]},{\"@type\":\"WebSite\",\"@id\":\"https:\\\/\\\/www.ocean4future.org\\\/savetheocean\\\/#website\",\"url\":\"https:\\\/\\\/www.ocean4future.org\\\/savetheocean\\\/\",\"name\":\"Ocean 4 Future\",\"description\":\"Per una nuova cultura del mare e della marittimit\u00e0\",\"publisher\":{\"@id\":\"https:\\\/\\\/www.ocean4future.org\\\/savetheocean\\\/#\\\/schema\\\/person\\\/4e1c26437054353074d7bb2efa77162c\"},\"potentialAction\":[{\"@type\":\"SearchAction\",\"target\":{\"@type\":\"EntryPoint\",\"urlTemplate\":\"https:\\\/\\\/www.ocean4future.org\\\/savetheocean\\\/?s={search_term_string}\"},\"query-input\":{\"@type\":\"PropertyValueSpecification\",\"valueRequired\":true,\"valueName\":\"search_term_string\"}}],\"inLanguage\":\"it-IT\"},{\"@type\":[\"Person\",\"Organization\"],\"@id\":\"https:\\\/\\\/www.ocean4future.org\\\/savetheocean\\\/#\\\/schema\\\/person\\\/4e1c26437054353074d7bb2efa77162c\",\"name\":\"oceandiver\",\"image\":{\"@type\":\"ImageObject\",\"inLanguage\":\"it-IT\",\"@id\":\"https:\\\/\\\/www.ocean4future.org\\\/savetheocean\\\/wp-content\\\/uploads\\\/2023\\\/04\\\/logo-ocean3.jpg\",\"url\":\"https:\\\/\\\/www.ocean4future.org\\\/savetheocean\\\/wp-content\\\/uploads\\\/2023\\\/04\\\/logo-ocean3.jpg\",\"contentUrl\":\"https:\\\/\\\/www.ocean4future.org\\\/savetheocean\\\/wp-content\\\/uploads\\\/2023\\\/04\\\/logo-ocean3.jpg\",\"width\":472,\"height\":301,\"caption\":\"oceandiver\"},\"logo\":{\"@id\":\"https:\\\/\\\/www.ocean4future.org\\\/savetheocean\\\/wp-content\\\/uploads\\\/2023\\\/04\\\/logo-ocean3.jpg\"}},{\"@type\":\"Person\",\"@id\":\"https:\\\/\\\/www.ocean4future.org\\\/savetheocean\\\/#\\\/schema\\\/person\\\/781583c5da04e27397a84aa8179c39b4\",\"name\":\"Emiliano Beri\",\"image\":{\"@type\":\"ImageObject\",\"inLanguage\":\"it-IT\",\"@id\":\"https:\\\/\\\/secure.gravatar.com\\\/avatar\\\/8fc6a18bf2f7c144695ff5e8c53788326be3a0392d4247dab507705e5001cbd6?s=96&d=mm&r=g\",\"url\":\"https:\\\/\\\/secure.gravatar.com\\\/avatar\\\/8fc6a18bf2f7c144695ff5e8c53788326be3a0392d4247dab507705e5001cbd6?s=96&d=mm&r=g\",\"contentUrl\":\"https:\\\/\\\/secure.gravatar.com\\\/avatar\\\/8fc6a18bf2f7c144695ff5e8c53788326be3a0392d4247dab507705e5001cbd6?s=96&d=mm&r=g\",\"caption\":\"Emiliano Beri\"},\"description\":\"Emiliano Beri si \u00e8 laureato con lode in Storia presso la Facolt\u00e0 di Lettere e Filosofia dell\u2019Universit\u00e0 di Genova. Nel 2011 ha conseguito il Dottorato di Ricerca in Storia, discutendo una tesi sulle guerre di Corsica del medio Settecento. Dal 2012 al 2016 \u00e8 stato assegnista di ricerca presso il Dipartimento di Antichit\u00e0, Filosofia, Storia e Geografia dell\u2019Universit\u00e0 di Genova. \u00a0Negli anni accademici 2016-17 e 2017-18 ha insegnato Storia sociale nel corso di Laurea triennale in Storia e Storia militare nel corso di Laurea magistrale in Scienze Storiche della Scuola di Scienze Umanistiche dell\u2019Universit\u00e0 di Genova. Per l\u2019anno accademico 2018-19 \u00e8 stato docente aggregato di Storia militare nel corso di Laurea magistrale in Scienze storiche della stessa Scuola. A partire dall\u2019anno accademico 2019-20 \u00e8 docente aggregato sia di Storia militare che di Storia sociale.\",\"url\":\"https:\\\/\\\/www.ocean4future.org\\\/savetheocean\\\/archives\\\/author\\\/emiliano-beri\"}]}<\/script>\n<!-- \/ Yoast SEO plugin. -->","yoast_head_json":{"title":"La guerra contro i corsari barbareschi ... sotto l'orizzonte militare - parte I &#8226; OCEAN4FUTURE autore","robots":{"index":"index","follow":"follow","max-snippet":"max-snippet:-1","max-image-preview":"max-image-preview:large","max-video-preview":"max-video-preview:-1"},"canonical":"https:\/\/www.ocean4future.org\/savetheocean\/archives\/59208","og_locale":"it_IT","og_type":"article","og_title":"La guerra contro i corsari barbareschi ... sotto l'orizzonte militare - parte I &#8226; OCEAN4FUTURE autore","og_description":"tempo di lettura:  5 minuti. . ARGOMENTO: STORIA NAVALE PERIODO: XVI SECOLO AREA: MAR MEDITERRANEO parole chiave: corsari barbareschi . da \u00abContro i corsari barbareschi\u00bb una guerra permanente nel Mediterraneo di et\u00e0 moderna di Emiliano Beri Sotto l\u2019orizzonte militare Guerra permanente: \u00e8 questa la caratteristica della corsa barbaresca nel Mediterraneo d\u2019et\u00e0 moderna, il suo essere presente per la totalit\u00e0 [&hellip;]","og_url":"https:\/\/www.ocean4future.org\/savetheocean\/archives\/59208","og_site_name":"OCEAN4FUTURE","article_published_time":"2021-05-10T22:27:44+00:00","article_modified_time":"2023-05-30T16:53:06+00:00","og_image":[{"width":640,"height":238,"url":"https:\/\/www.ocean4future.org\/savetheocean\/wp-content\/uploads\/2021\/05\/STORIA-DEL-MEDITERRANEO-ALGIERI-XVI-SECOLO-lossy-page1-640px-Alger_Braun_1575_flag.jpg","type":"image\/jpeg"}],"author":"Emiliano Beri","twitter_card":"summary_large_image","twitter_creator":"@ocean4future","twitter_site":"@ocean4future","twitter_misc":{"Scritto da":"Emiliano Beri","Tempo di lettura stimato":"7 minuti"},"schema":{"@context":"https:\/\/schema.org","@graph":[{"@type":"Article","@id":"https:\/\/www.ocean4future.org\/savetheocean\/archives\/59208#article","isPartOf":{"@id":"https:\/\/www.ocean4future.org\/savetheocean\/archives\/59208"},"author":{"name":"Emiliano Beri","@id":"https:\/\/www.ocean4future.org\/savetheocean\/#\/schema\/person\/781583c5da04e27397a84aa8179c39b4"},"headline":"La guerra contro i corsari barbareschi &#8230; sotto l&#8217;orizzonte militare &#8211; parte I","datePublished":"2021-05-10T22:27:44+00:00","dateModified":"2023-05-30T16:53:06+00:00","mainEntityOfPage":{"@id":"https:\/\/www.ocean4future.org\/savetheocean\/archives\/59208"},"wordCount":1324,"commentCount":0,"publisher":{"@id":"https:\/\/www.ocean4future.org\/savetheocean\/#\/schema\/person\/4e1c26437054353074d7bb2efa77162c"},"image":{"@id":"https:\/\/www.ocean4future.org\/savetheocean\/archives\/59208#primaryimage"},"thumbnailUrl":"https:\/\/www.ocean4future.org\/savetheocean\/wp-content\/uploads\/2021\/05\/STORIA-DEL-MEDITERRANEO-ALGIERI-XVI-SECOLO-lossy-page1-640px-Alger_Braun_1575_flag.jpg","articleSection":["Storia navale dell'et\u00e0 moderna (post 1492 - oggi)"],"inLanguage":"it-IT","potentialAction":[{"@type":"CommentAction","name":"Comment","target":["https:\/\/www.ocean4future.org\/savetheocean\/archives\/59208#respond"]}]},{"@type":"WebPage","@id":"https:\/\/www.ocean4future.org\/savetheocean\/archives\/59208","url":"https:\/\/www.ocean4future.org\/savetheocean\/archives\/59208","name":"La guerra contro i corsari barbareschi ... sotto l'orizzonte militare - parte I &#8226; OCEAN4FUTURE autore","isPartOf":{"@id":"https:\/\/www.ocean4future.org\/savetheocean\/#website"},"primaryImageOfPage":{"@id":"https:\/\/www.ocean4future.org\/savetheocean\/archives\/59208#primaryimage"},"image":{"@id":"https:\/\/www.ocean4future.org\/savetheocean\/archives\/59208#primaryimage"},"thumbnailUrl":"https:\/\/www.ocean4future.org\/savetheocean\/wp-content\/uploads\/2021\/05\/STORIA-DEL-MEDITERRANEO-ALGIERI-XVI-SECOLO-lossy-page1-640px-Alger_Braun_1575_flag.jpg","datePublished":"2021-05-10T22:27:44+00:00","dateModified":"2023-05-30T16:53:06+00:00","breadcrumb":{"@id":"https:\/\/www.ocean4future.org\/savetheocean\/archives\/59208#breadcrumb"},"inLanguage":"it-IT","potentialAction":[{"@type":"ReadAction","target":["https:\/\/www.ocean4future.org\/savetheocean\/archives\/59208"]}]},{"@type":"ImageObject","inLanguage":"it-IT","@id":"https:\/\/www.ocean4future.org\/savetheocean\/archives\/59208#primaryimage","url":"https:\/\/www.ocean4future.org\/savetheocean\/wp-content\/uploads\/2021\/05\/STORIA-DEL-MEDITERRANEO-ALGIERI-XVI-SECOLO-lossy-page1-640px-Alger_Braun_1575_flag.jpg","contentUrl":"https:\/\/www.ocean4future.org\/savetheocean\/wp-content\/uploads\/2021\/05\/STORIA-DEL-MEDITERRANEO-ALGIERI-XVI-SECOLO-lossy-page1-640px-Alger_Braun_1575_flag.jpg","width":640,"height":238},{"@type":"BreadcrumbList","@id":"https:\/\/www.ocean4future.org\/savetheocean\/archives\/59208#breadcrumb","itemListElement":[{"@type":"ListItem","position":1,"name":"Home","item":"https:\/\/www.ocean4future.org\/savetheocean"},{"@type":"ListItem","position":2,"name":"La guerra contro i corsari barbareschi &#8230; sotto l&#8217;orizzonte militare &#8211; parte I"}]},{"@type":"WebSite","@id":"https:\/\/www.ocean4future.org\/savetheocean\/#website","url":"https:\/\/www.ocean4future.org\/savetheocean\/","name":"Ocean 4 Future","description":"Per una nuova cultura del mare e della marittimit\u00e0","publisher":{"@id":"https:\/\/www.ocean4future.org\/savetheocean\/#\/schema\/person\/4e1c26437054353074d7bb2efa77162c"},"potentialAction":[{"@type":"SearchAction","target":{"@type":"EntryPoint","urlTemplate":"https:\/\/www.ocean4future.org\/savetheocean\/?s={search_term_string}"},"query-input":{"@type":"PropertyValueSpecification","valueRequired":true,"valueName":"search_term_string"}}],"inLanguage":"it-IT"},{"@type":["Person","Organization"],"@id":"https:\/\/www.ocean4future.org\/savetheocean\/#\/schema\/person\/4e1c26437054353074d7bb2efa77162c","name":"oceandiver","image":{"@type":"ImageObject","inLanguage":"it-IT","@id":"https:\/\/www.ocean4future.org\/savetheocean\/wp-content\/uploads\/2023\/04\/logo-ocean3.jpg","url":"https:\/\/www.ocean4future.org\/savetheocean\/wp-content\/uploads\/2023\/04\/logo-ocean3.jpg","contentUrl":"https:\/\/www.ocean4future.org\/savetheocean\/wp-content\/uploads\/2023\/04\/logo-ocean3.jpg","width":472,"height":301,"caption":"oceandiver"},"logo":{"@id":"https:\/\/www.ocean4future.org\/savetheocean\/wp-content\/uploads\/2023\/04\/logo-ocean3.jpg"}},{"@type":"Person","@id":"https:\/\/www.ocean4future.org\/savetheocean\/#\/schema\/person\/781583c5da04e27397a84aa8179c39b4","name":"Emiliano Beri","image":{"@type":"ImageObject","inLanguage":"it-IT","@id":"https:\/\/secure.gravatar.com\/avatar\/8fc6a18bf2f7c144695ff5e8c53788326be3a0392d4247dab507705e5001cbd6?s=96&d=mm&r=g","url":"https:\/\/secure.gravatar.com\/avatar\/8fc6a18bf2f7c144695ff5e8c53788326be3a0392d4247dab507705e5001cbd6?s=96&d=mm&r=g","contentUrl":"https:\/\/secure.gravatar.com\/avatar\/8fc6a18bf2f7c144695ff5e8c53788326be3a0392d4247dab507705e5001cbd6?s=96&d=mm&r=g","caption":"Emiliano Beri"},"description":"Emiliano Beri si \u00e8 laureato con lode in Storia presso la Facolt\u00e0 di Lettere e Filosofia dell\u2019Universit\u00e0 di Genova. Nel 2011 ha conseguito il Dottorato di Ricerca in Storia, discutendo una tesi sulle guerre di Corsica del medio Settecento. Dal 2012 al 2016 \u00e8 stato assegnista di ricerca presso il Dipartimento di Antichit\u00e0, Filosofia, Storia e Geografia dell\u2019Universit\u00e0 di Genova. \u00a0Negli anni accademici 2016-17 e 2017-18 ha insegnato Storia sociale nel corso di Laurea triennale in Storia e Storia militare nel corso di Laurea magistrale in Scienze Storiche della Scuola di Scienze Umanistiche dell\u2019Universit\u00e0 di Genova. Per l\u2019anno accademico 2018-19 \u00e8 stato docente aggregato di Storia militare nel corso di Laurea magistrale in Scienze storiche della stessa Scuola. A partire dall\u2019anno accademico 2019-20 \u00e8 docente aggregato sia di Storia militare che di Storia sociale.","url":"https:\/\/www.ocean4future.org\/savetheocean\/archives\/author\/emiliano-beri"}]}},"_links":{"self":[{"href":"https:\/\/www.ocean4future.org\/savetheocean\/wp-json\/wp\/v2\/posts\/59208","targetHints":{"allow":["GET"]}}],"collection":[{"href":"https:\/\/www.ocean4future.org\/savetheocean\/wp-json\/wp\/v2\/posts"}],"about":[{"href":"https:\/\/www.ocean4future.org\/savetheocean\/wp-json\/wp\/v2\/types\/post"}],"author":[{"embeddable":true,"href":"https:\/\/www.ocean4future.org\/savetheocean\/wp-json\/wp\/v2\/users\/2351"}],"replies":[{"embeddable":true,"href":"https:\/\/www.ocean4future.org\/savetheocean\/wp-json\/wp\/v2\/comments?post=59208"}],"version-history":[{"count":0,"href":"https:\/\/www.ocean4future.org\/savetheocean\/wp-json\/wp\/v2\/posts\/59208\/revisions"}],"wp:featuredmedia":[{"embeddable":true,"href":"https:\/\/www.ocean4future.org\/savetheocean\/wp-json\/wp\/v2\/media\/92682"}],"wp:attachment":[{"href":"https:\/\/www.ocean4future.org\/savetheocean\/wp-json\/wp\/v2\/media?parent=59208"}],"wp:term":[{"taxonomy":"category","embeddable":true,"href":"https:\/\/www.ocean4future.org\/savetheocean\/wp-json\/wp\/v2\/categories?post=59208"},{"taxonomy":"post_tag","embeddable":true,"href":"https:\/\/www.ocean4future.org\/savetheocean\/wp-json\/wp\/v2\/tags?post=59208"}],"curies":[{"name":"wp","href":"https:\/\/api.w.org\/{rel}","templated":true}]}}