{"id":5264,"date":"2019-12-27T00:10:06","date_gmt":"2019-12-27T00:10:06","guid":{"rendered":"http:\/\/www.ocean4future.org\/savetheocean\/?p=5264"},"modified":"2026-01-02T16:08:09","modified_gmt":"2026-01-02T15:08:09","slug":"5264","status":"publish","type":"post","link":"https:\/\/www.ocean4future.org\/savetheocean\/archives\/5264","title":{"rendered":"Panerai, il tempo degli eroi"},"content":{"rendered":"<span class=\"span-reading-time rt-reading-time\" style=\"display: block;\"><span class=\"rt-label rt-prefix\">tempo di lettura: <\/span> <span class=\"rt-time\"> 9<\/span> <span class=\"rt-label rt-postfix\">minuti<\/span><\/span><p style=\"text-align: justify;\"><span style=\"color: #ffffff;\">.<\/span><\/p>\n<p><a class=\"maxbutton-4 maxbutton maxbutton-livello-di-comprensione\" href=\"javascript:void(0);\"><span class='mb-text'>livello elementare<\/span><\/a><br \/>\n<span style=\"color: #ffffff;\">.<\/span><br \/>\n<strong><span style=\"color: #008000;\">ARGOMENTO: SUBACQUEA<\/span><\/strong><br \/>\n<strong><span style=\"color: #008000;\">PERIODO: XX SECOLO<\/span><\/strong><br \/>\n<strong><span style=\"color: #008000;\">AREA: TECNICA<\/span><\/strong><br \/>\nparole chiave: Panerai, 10a MAS, orologi, strumenti<\/p>\n<p>&nbsp;<\/p>\n<p style=\"text-align: justify;\"><span style=\"font-size: 14pt;\"><strong><span style=\"color: #008000;\">Non c\u2019\u00e8 nome come quello di Panerai che, nel mondo del collezionismo o anche dei semplici appassionati, riesca a suscitare ancora un fremito d\u2019interesse e di emozione.<\/span><\/strong><\/span><\/p>\n<table style=\"width: 100.938%; height: 453px;\">\n<tbody>\n<tr>\n<td><img decoding=\"async\" class=\"alignnone\" src=\"https:\/\/www.ocean4future.org\/savetheocean\/wp-content\/uploads\/2015\/12\/FOTO-1-300x297.jpg\" alt=\"FOTO 1\" width=\"300\" height=\"297\"><\/td>\n<\/tr>\n<tr>\n<td style=\"text-align: justify;\"><span style=\"font-size: 12pt;\"><strong><span style=\"color: #008000;\">Uno dei primi prototipi di orologio Radiomir Panerai, il modello 2533, prodotto tra il 1936 e il 1938. Era dotato di movimento Rolex e di uno strano quadrante, non particolarmente visibile in condizioni di oscurit\u00e0, senza numeri ma suddiviso in punti e barrette. (da \u201cGli orologi Panerai\u201d, Mario Paci, Ed. Patrizzi &amp; Co)<\/span><\/strong><\/span><\/td>\n<\/tr>\n<\/tbody>\n<\/table>\n<p style=\"text-align: justify;\">Panerai, per\u00f2, non sarebbe il nome che \u00e8 senza gli assaltatori della <strong><span style=\"color: #008000;\">Decima Flottiglia MAS<\/span><\/strong> che, con le loro incredibili gesta, hanno unito il nome Panerai a imprese eroiche al limite del possibile, episodi conosciuti e ammirati in tutto il mondo.&nbsp;Le origini di questa ditta si fanno risalire al 1860, quando <strong><span style=\"color: #008000;\">Giovanni Panerai<\/span><\/strong> (1825-1897) apr\u00ec sul Ponte delle Grazie a Firenze, un piccolo negozio di orologeria. Di padre in figlio si arriver\u00e0 a Guido Panerai, nipote del capostipite Giovanni, che sposer\u00e0 Guglielmina Fracei il cui padre era titolare di un\u2019avviata officina meccanica. Sar\u00e0 con l\u2019ingresso in azienda di Giuseppe, figlio di Guido, che le attivit\u00e0 delle Officine Panerai, si amplieranno notevolmente fino ad arrivare nel 1934 a svolgere la quasi totalit\u00e0 del proprio lavoro per il Ministero della Difesa e la Regia Marina.&nbsp;Le<strong><span style=\"color: #008000;\"> Officine Panerai<\/span> <\/strong>non fornirono alla Regia Marina solo quegli strumenti entrati oramai nella leggenda quali orologi, bussole e profondimetri ma anche apparecchiature molto sofisticate per quei tempi come congegni di puntamento al <span style=\"color: #008000;\"><strong>Radiomir<\/strong><\/span>, altamente visibili di notte, indicatori cronografici per siluri, timer.&nbsp;Proprio la parola <strong><span style=\"color: #008000;\">Radiomir<\/span><\/strong> diventer\u00e0 sinonimo di Panerai. Con questa parola si brevett\u00f2 (siamo intorno al 1914) un composto a base di solfuro di zinco fosforescente, bromuro di radium e mesotorio che era in grado di emanare una fortissima luminosit\u00e0 in condizioni di oscurit\u00e0 ambientale.&nbsp;Inizialmente veniva inserito sotto forma di polvere in ampolline di vetro sigillate.&nbsp; Queste ampolle erano poi alloggiate in quei congegni, come i traguardi di mira e puntamento, che dovevano essere utilizzati in ambiente notturno.&nbsp;Per gli orologi subacquei, in un primo momento, il Radiomir venne utilizzato per \u201cdipingere\u201d gli indici e i numeri dei quadranti. Successivamente ne venne fatto un composto che veniva racchiuso tra due lamine (una era il quadrante con indici e numeri traforati) degli orologi Radiomir. In questo modo si aumentava notevolmente il potere illuminante con una conseguente aumento della radioattivit\u00e0 che arrivava a livelli perlomeno poco rassicuranti.<\/p>\n<p style=\"text-align: justify;\">Come molte altre applicazioni, i congegni di mira al Radiomir derivavano da un progetto di un ufficiale di Marina, il capitano <strong><span style=\"color: #008000;\">Carlo Ronconi<\/span><\/strong>, parente di Panerai e per pochi anni socio nell&#8217;azienda. Durante tutto il secondo conflitto mondiale sar\u00e0 sempre molto intensa la collaborazione tra la Panerai e i progettisti della Regia Marina. Tra tutti gli strumenti ideati per gli operatori dei mezzi d\u2019assalto, il pi\u00f9 famoso rimane l\u2019orologio.&nbsp;Le sperimentazioni per un orologio effettivamente impermeabile fino a notevoli profondit\u00e0 e di facile lettura in ambienti privi di luce erano iniziate intorno al 1936 con la realizzazione di un primo prototipo costruito in 55 esemplari.<\/p>\n<table>\n<tbody>\n<tr style=\"text-align: justify;\">\n<td><img decoding=\"async\" class=\"wp-image-5266 \" src=\"https:\/\/www.ocean4future.org\/savetheocean\/wp-content\/uploads\/2015\/12\/FOTO-2-300x233.jpg\" alt=\"FOTO 2\" width=\"571\" height=\"445\"><\/td>\n<\/tr>\n<tr>\n<td style=\"text-align: justify;\"><span style=\"font-size: 12pt;\"><strong><span style=\"color: #008000;\">Uno dei primi esemplari forniti alla Regia Marina nel 1936. Era il modello 3646. Il quadrante riportava per met\u00e0 numeri romani e per l\u2019altra met\u00e0 numeri arabi. Movimento Cortebert Rolex.&nbsp;<\/span><\/strong><\/span><\/td>\n<\/tr>\n<\/tbody>\n<\/table>\n<p style=\"text-align: justify;\">Sar\u00e0 per\u00f2 dal 1938 che comincer\u00e0 la produzione di un modello realmente operativo arrivando, con gli anni quaranta, a un totale di circa 1290 esemplari costruiti. Dal dopoguerra in avanti, invece, saranno meno di 800 gli esemplari prodotti per i reparti della Marina.&nbsp;I primi orologi, la cui cassa a saponetta di grandi dimensioni aveva un diametro di 47 mm., erano dotati di una meccanica Rolex, prodotta su specifiche della stessa Panerai.&nbsp;Le anse per l\u2019attacco del cinturino in cuoio fustellato erano a filo saldate sulla cassa. Questo si dimostr\u00f2 uno dei punti deboli di questo primo modello anche perch\u00e9 molto sollecitato dal lavoro del cinturino che, spesso e di notevole lunghezza, veniva allacciato sopra i vestiti impermeabili (vestiti Belloni).&nbsp;Successivamente, sempre durante gli anni del conflitto, la cassa verr\u00e0 ridisegnata ricavando le anse direttamente dal blocco della cassa stessa.<\/p>\n<table>\n<tbody>\n<tr>\n<td><img decoding=\"async\" class=\"wp-image-5267 \" src=\"https:\/\/www.ocean4future.org\/savetheocean\/wp-content\/uploads\/2015\/12\/FOTO-3-300x286.jpg\" alt=\"FOTO 3\" width=\"573\" height=\"546\"><\/td>\n<\/tr>\n<tr>\n<td style=\"text-align: justify;\"><span style=\"font-size: 12pt;\"><strong><span style=\"color: #008000;\">Orologio Radiomir Panerai modello 3646 in dotazione fin dal 1938 agli operatori dei mezzi d\u2019assalto della Regia Marina, raggruppati inizialmente sotto il I\u00b0 Gruppo Sommergibili in un reparto chiamato I Flottiglia MAS. Sar\u00e0 solo nel marzo del 1941 che il reparto diventer\u00e0 autonomo con il nome di Decima Flottiglia MAS. Anse a filo saldate sulla cassa. Il quadrante \u00e8 virato in color bronzo probabilmente a causa della radioattivit\u00e0 del Radiomir. Il meccanismo era fornito dalla Rolex, cos\u00ec come il fondello e la corona a vite. Le dimensioni della cassa sono di 47 mm e il vetro \u00e8 in perspex. Garantito impermeabile fino a -100 metri. Porta un cinturino in cuoio fustellato di grandi dimensioni in modo da poter essere indossato sopra il vestito impermeabile Belloni. (da opera gi\u00e0 citata)<\/span><\/strong><\/span><\/td>\n<\/tr>\n<\/tbody>\n<\/table>\n<p style=\"text-align: justify;\">Un altro motivo di preoccupazione circa l\u2019affidabilit\u00e0 della tenuta, risiedeva nella sede del congegno di carica del movimento, la cosiddetta corona. Gli orologi con meccanica Rolex necessitavano di essere ricaricati quotidianamente, andando cos\u00ec a sollecitare non poco la guarnizione di tenuta. Venne cos\u00ec introdotto un altro movimento, l\u2019Angelus, che con una riserva di carica di ben otto giorni, necessitava di agire sulla corona con molta meno frequenza. Questo movimento portava anche la lancetta dei secondi.<\/p>\n<p style=\"text-align: justify;\">Appare cos\u00ec sul quadrante, alle ore nove, una piccola lancetta dei secondi, contrariamente ai primi movimenti Rolex che ne erano sprovvisti.&nbsp;Questi orologi erano costruiti per resistere a una pressione pari a 100 metri di profondit\u00e0. Successivamente, proprio per aumentare la resistenza alla pressione, verr\u00e0 apportata un\u2019ulteriore modifica alla corona di carica, applicando alla cassa una mezzaluna in acciaio con una leva eccentrica che serrata premeva la corona stessa. Questo meccanismo consent\u00ec agli orologi di arrivare a una tenuta stagna fino a 200 metri di profondit\u00e0. Questo brevetto data 1955 ma in molti sono concordi con l\u2019affermare che in realt\u00e0 venne sviluppato e applicato a partire dagli ultimi anni del conflitto.&nbsp;Con i primi anni del dopoguerra si cominci\u00f2 anche a sentire la necessit\u00e0 di ridurre la radioattivit\u00e0 dei quadranti Radiomir e per questo venne studiato un composto a base di trizio, il Luminor, con un notevole abbattimento delle radiazioni emanate. Ricordo l&#8217;orologio Luminor Panerai con quadrante Marina Militare modello 6152\/1. Con certezza non si sa quando fu introdotto il sistema di chiusura con ponte a leva. Il brevetto \u00e8 stato depositato nel 1955 ma pare sia stato utilizzato gi\u00e0 verso la fine del periodo bellico o quantomeno verso la fine degli anni 40, anche su orologi Radiomir. Questo sistema consentiva un\u2019impermeabilit\u00e0 fino a -200 metri. L&#8217;orologio port\u00f2 il quadrante al Radiomir fino al 1949 (con qualche fornitura anche negli anni 50), anno in cui Panerai brevett\u00f2 il <strong><span style=\"color: #008000;\">Luminor<\/span><\/strong>, un composto luminescente al trizio molto meno radioattivo del <strong><span style=\"color: #008000;\">Radiomir<\/span><\/strong>. Questo modello porta il movimento Angelus, riconoscibile per la presenza della lancetta dei secondi alle ore 9.<\/p>\n<table>\n<tbody>\n<tr>\n<td><span style=\"font-size: 12pt;\"><img decoding=\"async\" class=\"wp-image-5268 \" src=\"https:\/\/www.ocean4future.org\/savetheocean\/wp-content\/uploads\/2015\/12\/FOTO-4-300x258.jpg\" alt=\"FOTO 4\" width=\"576\" height=\"495\"><\/span><\/td>\n<\/tr>\n<tr>\n<td style=\"text-align: justify;\"><span style=\"font-size: 12pt;\"><strong><span style=\"color: #008000;\">Orologio Radiomir Panerai con le anse di pezzo ricavate nel blocco cassa. Questa modifica rese gli attacchi del cinturino molto pi\u00f9 solidi. Movimento Rolex. Ha un quadrante dove venivano \u201ctraforate\u201d le cifre e gli indici. Al di sotto veniva posizionata un\u2019altra piastra ricoperta di materiale fosforescente Radiomir. Grazie a questo quadrante a sandwich, si era in grado di rendere molto luminosi gli indicatori. (da opera gi\u00e0 citata)<\/span><\/strong><\/span><\/td>\n<\/tr>\n<\/tbody>\n<\/table>\n<p style=\"text-align: justify;\">Sono molti i modelli di orologi prodotti dalla Panerai dal 1936 in avanti, alternando produzioni in serie a prototipi. Ci fu anche una limitata produzione di due modelli per la Marina Egiziana per complessivi 50 pezzi. Ovviamente, oltre agli orologi, esiste tutto il resto del mondo Panerai, fatto degli altri strumenti leggendari come bussole e profondimetri, congegni di mira, strumenti di segnalazione, ecc. ma, da un punto di vista collezionistico, l\u2019oggetto pi\u00f9 ambito rimane sicuramente l\u2019orologio e ci riferiamo agli originali prodotti dal 1936 in avanti per uso esclusivo dei reparti speciali e non delle repliche prodotte per il mercato degli appassionati sempre dalla stessa Panerai (anche questi oggetti di culto e valore).<\/p>\n<p style=\"text-align: justify;\">Nel mondo dei cosiddetti \u201coriginali\u201d oggi si spuntano valori elevati, con aste che raggiungono cifre a quattro zeri. Per dare un\u2019idea, nel 2005 il <strong><span style=\"color: #008000;\">Museo Panerai<\/span> <\/strong>ha acquistato ad un\u2019asta di Christie\u2019s a Ginevra un raro prototipo di orologio realizzato in due esemplari dalla Panerai nel 1943, chiamato \u201c<strong><span style=\"color: #008000;\">Mare Nostrum<\/span><\/strong>\u201d per una cifra battuta di circa 85.000 euro.<\/p>\n<p><img decoding=\"async\" class=\"wp-image-5269 size-full\" src=\"https:\/\/www.ocean4future.org\/savetheocean\/wp-content\/uploads\/2015\/12\/FOTO-5-e1449412585363.jpg\" alt=\"FOTO 5\" width=\"800\" height=\"749\"><\/p>\n<p align=\"JUSTIFY\"><strong><span style=\"color: #008000;\">Orologio Luminor Panerai con quadrante Marina Militare modello 6152\/1<\/span><\/strong><\/p>\n<p style=\"text-align: justify;\"><span style=\"color: #ffffff;\">U<\/span><br \/>\nUn aiuto alla datazione delle attrezzature Panerai ci viene dalle varie trasformazioni societarie avvenute nel corso degli anni. La prima denominazione della ditta alla sua apertura nel 1860 era \u201c<strong><span style=\"color: #008000;\">OROLOGERIA G. PANERAI &amp; C.<\/span><\/strong>\u201d Fu nei primi anni del 1900 che Guido diede al negozio il nome di Orologeria Svizzera, fondando contemporaneamente la \u201c<strong><span style=\"color: #008000;\">GUIDO PANERAI OFFICINA MECCANICA<\/span><\/strong>\u201d. Nel 1925, Guido insieme al figlio Giovanni, apr\u00ec la \u201c<strong><span style=\"color: #008000;\">GUIDO PANERAI &amp; FIGLIO, OFFICINE MECCANICHE&#8221;<\/span><\/strong>. Nel 1972, alla morte di Giovanni, l\u2019azienda prender\u00e0 la ragione sociale di \u201c<strong><span style=\"color: #008000;\">OFFICINE PANERAI SRL<\/span><\/strong>\u201d, con a capo l\u2019Ing. Dino Zei.<\/p>\n<p><strong><span style=\"color: #008000; font-size: 18pt;\">Altri modelli<\/span><\/strong><\/p>\n<table>\n<tbody>\n<tr>\n<td><span style=\"font-size: 12pt;\"><img decoding=\"async\" class=\"wp-image-5271 \" src=\"https:\/\/www.ocean4future.org\/savetheocean\/wp-content\/uploads\/2015\/12\/FOTO-7-296x300.jpg\" alt=\"FOTO 7\" width=\"570\" height=\"579\"><\/span><\/td>\n<\/tr>\n<tr>\n<td style=\"text-align: justify;\"><span style=\"font-size: 12pt;\"><strong><span style=\"color: #008000;\">Orologio Radiomir Panerai \u201cEgiziano\u201d, modello 2\/56. Realizzati nei primi anni 50 per la Marina Militare Egiziana. La cassa in acciaio \u00e8 di notevoli dimensioni, 58 mm, e pare ne furono realizzati sia con quadrante Radiomir che Luminor. Movimento otto giorni Angelus. (da opera gi\u00e0 citata)<\/span><\/strong><\/span><\/td>\n<\/tr>\n<\/tbody>\n<\/table>\n<table>\n<tbody>\n<tr>\n<td><img decoding=\"async\" class=\"wp-image-5270 \" src=\"https:\/\/www.ocean4future.org\/savetheocean\/wp-content\/uploads\/2015\/12\/FOTO-6-275x300.jpg\" alt=\"FOTO 6\" width=\"604\" height=\"660\"><\/td>\n<\/tr>\n<tr>\n<td style=\"text-align: justify;\"><span style=\"font-size: 12pt;\"><strong><span style=\"color: #008000;\">Orologio Radiomir Panerai \u201cMare Nostrum\u201d. Fu progettato nel 1943 per essere dato in dotazione agli Ufficiali della Regia Marina. Ne furono costruiti solo 2 (forse &nbsp;3) esemplari e non entr\u00f2 mai in produzione probabilmente per il precipitare delle vicende belliche.<\/span><\/strong><\/span><\/td>\n<\/tr>\n<\/tbody>\n<\/table>\n<p style=\"text-align: justify;\"><span style=\"font-size: 14pt;\"><strong><span style=\"color: #008000;\"><span style=\"font-size: 18pt;\">Bussole ma non solo &#8230;<\/span> <\/span><\/strong><\/span><br \/>\nMa Panerai produsse anche bussole magnetiche, strumenti fondamentali per impostare nel buio della notte la giusta rotta verso l\u2019obiettivo da attaccare.&nbsp;<\/p>\n<p><img decoding=\"async\" src=\"https:\/\/www.ocean4future.org\/savetheocean\/wp-content\/uploads\/2015\/12\/1951-gamma-2b-230x300.jpg\" alt=\"1951 gamma 2b\" width=\"639\" height=\"833\"><\/p>\n<p align=\"justify\"><strong><span style=\"color: #008000;\">operatore gamma 1951 foto famiglia Mucedola<\/span><\/strong><\/p>\n<p style=\"text-align: justify;\">La bussola era infatti lo strumento fondamentale per impostare nel buio della notte la giusta rotta verso l\u2019obiettivo da attaccare. La&nbsp;bussola in basso, con quadrante di tipo Radiomir, ha una base in metallo amagnetico su cui \u00e8 fissata la rosa costituita da un quadrante circolare piatto. Il quadrante \u00e8 racchiuso in una cupola in perspex e galleggia in un liquido trasparente. Sulla cupola \u00e8 incisa la linea di fede bianca per il traguardo del rilevamento.<em>&nbsp;<\/em>La&nbsp;bussola in Luminor adottava un quadrante tronco conico che andava cos\u00ec a risolvere il problema della lettura a bussola inclinata quando il quadrante piatto tendeva a incepparsi nel movimento rotatorio.&nbsp;Ne fu fatto un modello con una mascheratura che lasciava aperta solo una fessura per la lettura del quadrante, un accorgimento per limitare la forte luminescenza che poteva essere notata, di notte, anche fuori dall&#8217;acqua.<\/p>\n<p><img decoding=\"async\" class=\"wp-image-5272 size-full\" src=\"https:\/\/www.ocean4future.org\/savetheocean\/wp-content\/uploads\/2015\/12\/FOTO-8-e1449412625678.jpg\" alt=\"FOTO 8\" width=\"800\" height=\"1204\"><\/p>\n<p align=\"JUSTIFY\"><strong><span style=\"color: #008000;\">Bussola Radiomir Panerai<\/span><\/strong><\/p>\n<p style=\"text-align: justify;\"><strong><span style=\"color: #3366ff;\">&nbsp;<\/span><\/strong><\/p>\n<p style=\"text-align: justify;\"><strong><span style=\"color: #0000ff;\"><a href=\"https:\/\/www.ocean4future.org\/savetheocean\/wp-content\/uploads\/2017\/01\/FOTO-10.jpg\"><img decoding=\"async\" class=\"alignnone wp-image-15199\" src=\"https:\/\/www.ocean4future.org\/savetheocean\/wp-content\/uploads\/2017\/01\/FOTO-10.jpg\" alt=\"FOTO-10\" width=\"750\" height=\"643\" srcset=\"https:\/\/www.ocean4future.org\/savetheocean\/wp-content\/uploads\/2017\/01\/FOTO-10.jpg 725w, https:\/\/www.ocean4future.org\/savetheocean\/wp-content\/uploads\/2017\/01\/FOTO-10-300x257.jpg 300w\" sizes=\"(max-width: 750px) 100vw, 750px\" \/><\/a><\/span><\/strong><\/p>\n<p class=\"aligncenter\" style=\"text-align: justify;\"><strong><span style=\"color: #008000; font-size: 18pt;\">I profondimetri<\/span><span style=\"color: #3366ff;\"><br \/>\n<\/span><\/strong>I profondimetri erano del tipo a meccanismo Bourdon, con scale variabili a seconda della profondit\u00e0 massima.&nbsp;Quello cosiddetto \u201cda attacco\u201d porta la scala fino a \u201316 metri, non essendo previsto nelle fasi di attacco a basi nemiche la possibilit\u00e0 di raggiungere particolari profondit\u00e0.<\/p>\n<p><img decoding=\"async\" class=\"alignnone\" src=\"https:\/\/www.ocean4future.org\/savetheocean\/wp-content\/uploads\/2015\/12\/FOTO-11-300x186.jpg\" alt=\"FOTO 11\" width=\"811\" height=\"503\"><\/p>\n<p class=\"aligncenter\" style=\"text-align: justify;\">Quelli da \u201cdifesa\u201d svolgono, invece, la funzione di un vero e proprio profondimetro necessario per le normali immersioni di recupero o sminamento. Vennero fatti anche nel tipo <strong><span style=\"color: #008000;\">Luminor<\/span><\/strong> dalla fine degli anni 40, con possibilit\u00e0 di tarare il quadrante rispetto allo zero misurato dalla lancetta in superficie.<\/p>\n<p><span style=\"font-size: 18pt;\"><strong><span style=\"color: #008000;\">Altri strumenti Panerai<\/span><\/strong><\/span><\/p>\n<p><img decoding=\"async\" class=\"wp-image-5276 size-full\" src=\"https:\/\/www.ocean4future.org\/savetheocean\/wp-content\/uploads\/2015\/12\/FOTO-12-e1449412648369.jpg\" alt=\"FOTO 12\" width=\"800\" height=\"848\"><\/p>\n<p align=\"JUSTIFY\"><strong><span style=\"color: #008000;\">Indicatore cronografico per siluri. Strumento utilizzato per verificare ed eventualmente modificare la programmazione a tempo dei siluri. Questo apparecchio di controllo portatile era affidato agli Ufficiali dei sommergibili.<\/span> <\/strong><\/p>\n<p><img decoding=\"async\" class=\"wp-image-5277\" src=\"https:\/\/www.ocean4future.org\/savetheocean\/wp-content\/uploads\/2015\/12\/FOTO-13.jpg\" alt=\"FOTO 13\" width=\"679\" height=\"474\" srcset=\"https:\/\/www.ocean4future.org\/savetheocean\/wp-content\/uploads\/2015\/12\/FOTO-13.jpg 697w, https:\/\/www.ocean4future.org\/savetheocean\/wp-content\/uploads\/2015\/12\/FOTO-13-300x210.jpg 300w, https:\/\/www.ocean4future.org\/savetheocean\/wp-content\/uploads\/2015\/12\/FOTO-13-400x280.jpg 400w\" sizes=\"(max-width: 679px) 100vw, 679px\" \/><\/p>\n<p align=\"JUSTIFY\"><strong><span style=\"color: #008000;\">Torce subacquee Panerai a compensazione manometrica, anni 50\/60. Corpo metallico rivestito in gomma anti salmastro e anti olio con pulsante per lampi di luce e sistema di bloccaggio del pulsante per fissarlo in posizione spento o acceso. La torcia di destra ha una lampadina classica mentre quella di sinistra utilizza un brevetto Panerai di nome Elux. In questa torcia la lampadina \u00e8 sostituita da un disco elettroluminescente in grado di emettere una luce biancastra.<\/span> <\/strong><\/p>\n<p style=\"text-align: justify;\"><strong><em>&nbsp;<\/em><\/strong><\/p>\n<p><img decoding=\"async\" class=\"wp-image-5278 size-full\" src=\"https:\/\/www.ocean4future.org\/savetheocean\/wp-content\/uploads\/2015\/12\/FOTO-14.jpg\" alt=\"FOTO 14\" width=\"1024\" height=\"768\" srcset=\"https:\/\/www.ocean4future.org\/savetheocean\/wp-content\/uploads\/2015\/12\/FOTO-14.jpg 1024w, https:\/\/www.ocean4future.org\/savetheocean\/wp-content\/uploads\/2015\/12\/FOTO-14-300x225.jpg 300w\" sizes=\"(max-width: 1024px) 100vw, 1024px\" \/><\/p>\n<p align=\"JUSTIFY\"><strong><span style=\"color: #008000;\">Elettrosegnalatore a pile impiegato fino a pochi anno fa sulle navi della Marina militare italiana per le segnalazioni luminose.<\/span><\/strong><\/p>\n<p><strong><span style=\"color: #008000; font-size: 14pt;\">Fabio Vitale<\/span><\/strong><\/p>\n<p><strong><span style=\"color: #008000; font-size: 14pt;\">Testo e immagini&nbsp; credit dell&#8217;autore<\/span><\/strong><\/p>\n<p><span style=\"color: #ffffff;\">.<\/span><\/p>\n<p>&nbsp;<\/p>\n<p style=\"text-align: justify;\">Alcune delle immagini possono essere state prese dal web, citandone ove possibile gli autori e\/o le fonti. Se qualcuno desiderasse specificarne l\u2019autore o rimuoverle, pu\u00f2 scrivere a infoocean4future@gmail.com e provvederemo immediatamente alla correzione dell\u2019articolo<\/p>\n<p>&nbsp;<\/p>\n<p style=\"text-align: justify;\"><a class=\"maxbutton-3 maxbutton maxbutton-pagina-principale\" target=\"_blank\" title=\"tooltip\" rel=\"nofollow noopener\" href=\"http:\/\/www.ocean4future.org\"><span class='mb-text'>PAGINA PRINCIPALE<\/span><\/a><\/p>\n<p>&nbsp;&nbsp;<\/p>\n<p>&nbsp;<\/p>\n<p>&nbsp;<\/p>\n<p>&nbsp;<\/p>\n","protected":false},"excerpt":{"rendered":"<p><span class=\"span-reading-time rt-reading-time\" style=\"display: block;\"><span class=\"rt-label rt-prefix\">tempo di lettura: <\/span> <span class=\"rt-time\"> 9<\/span> <span class=\"rt-label rt-postfix\">minuti<\/span><\/span>. . ARGOMENTO: SUBACQUEA PERIODO: XX SECOLO AREA: TECNICA parole chiave: Panerai, 10a MAS, orologi, strumenti &nbsp; Non c\u2019\u00e8 nome come quello di Panerai che, nel mondo del collezionismo o anche dei semplici appassionati, riesca a suscitare ancora un fremito d\u2019interesse e di emozione. Uno dei primi prototipi di orologio Radiomir Panerai, il modello 2533, [&hellip;]<\/p>\n","protected":false},"author":78,"featured_media":34553,"comment_status":"open","ping_status":"open","sticky":false,"template":"","format":"standard","meta":{"_acf_changed":false,"_monsterinsights_skip_tracking":false,"_monsterinsights_sitenote_active":false,"_monsterinsights_sitenote_note":"","_monsterinsights_sitenote_category":0,"footnotes":""},"categories":[84],"tags":[584,583,582,197],"class_list":["post-5264","post","type-post","status-publish","format-standard","has-post-thumbnail","hentry","category-storia-della-subacquea-cultura-del-mare","tag-bussole","tag-orologi","tag-panerai","tag-storia-della-subacquea"],"acf":[],"yoast_head":"<!-- This site is optimized with the Yoast SEO plugin v27.4 - https:\/\/yoast.com\/product\/yoast-seo-wordpress\/ -->\n<title>Panerai, il tempo degli eroi &#8226; OCEAN4FUTURE autore<\/title>\n<meta name=\"robots\" content=\"index, follow, max-snippet:-1, max-image-preview:large, max-video-preview:-1\" \/>\n<link rel=\"canonical\" href=\"https:\/\/www.ocean4future.org\/savetheocean\/archives\/5264\" \/>\n<meta property=\"og:locale\" content=\"it_IT\" \/>\n<meta property=\"og:type\" content=\"article\" \/>\n<meta property=\"og:title\" content=\"Panerai, il tempo degli eroi &#8226; OCEAN4FUTURE autore\" \/>\n<meta property=\"og:description\" content=\"\u00a0 Non c\u2019\u00e8 nome come quello di Panerai che, nel mondo del collezionismo o anche dei semplici appassionati, riesca a suscitare ancora un fremito d\u2019interesse e di emozione. Panerai, per\u00f2, non sarebbe il nome che \u00e8 senza gli assaltatori della Decima Flottiglia MAS che, con le loro incredibili gesta, hanno unito il nome Panerai a\u2026\" \/>\n<meta property=\"og:url\" content=\"https:\/\/www.ocean4future.org\/savetheocean\/archives\/5264\" \/>\n<meta property=\"og:site_name\" content=\"OCEAN4FUTURE\" \/>\n<meta property=\"article:author\" content=\"https:\/\/www.facebook.com\/fabio.vitale.393\" \/>\n<meta property=\"article:published_time\" content=\"2019-12-27T00:10:06+00:00\" \/>\n<meta property=\"article:modified_time\" content=\"2026-01-02T15:08:09+00:00\" \/>\n<meta property=\"og:image\" content=\"https:\/\/www.ocean4future.org\/savetheocean\/wp-content\/uploads\/2019\/08\/luminor-panerai.jpg\" \/>\n\t<meta property=\"og:image:width\" content=\"1103\" \/>\n\t<meta property=\"og:image:height\" content=\"727\" \/>\n\t<meta property=\"og:image:type\" content=\"image\/jpeg\" \/>\n<meta name=\"author\" content=\"Fabio Vitale\" \/>\n<meta name=\"twitter:card\" content=\"summary_large_image\" \/>\n<meta name=\"twitter:creator\" content=\"@ocean4future\" \/>\n<meta name=\"twitter:site\" content=\"@ocean4future\" \/>\n<meta name=\"twitter:label1\" content=\"Scritto da\" \/>\n\t<meta name=\"twitter:data1\" content=\"Fabio Vitale\" \/>\n\t<meta name=\"twitter:label2\" content=\"Tempo di lettura stimato\" \/>\n\t<meta name=\"twitter:data2\" content=\"14 minuti\" \/>\n<script type=\"application\/ld+json\" class=\"yoast-schema-graph\">{\"@context\":\"https:\\\/\\\/schema.org\",\"@graph\":[{\"@type\":\"Article\",\"@id\":\"https:\\\/\\\/www.ocean4future.org\\\/savetheocean\\\/archives\\\/5264#article\",\"isPartOf\":{\"@id\":\"https:\\\/\\\/www.ocean4future.org\\\/savetheocean\\\/archives\\\/5264\"},\"author\":{\"name\":\"Fabio Vitale\",\"@id\":\"https:\\\/\\\/www.ocean4future.org\\\/savetheocean\\\/#\\\/schema\\\/person\\\/8a08efde313037c9f9b2a88bed8b962d\"},\"headline\":\"Panerai, il tempo degli eroi\",\"datePublished\":\"2019-12-27T00:10:06+00:00\",\"dateModified\":\"2026-01-02T15:08:09+00:00\",\"mainEntityOfPage\":{\"@id\":\"https:\\\/\\\/www.ocean4future.org\\\/savetheocean\\\/archives\\\/5264\"},\"wordCount\":2055,\"commentCount\":1,\"publisher\":{\"@id\":\"https:\\\/\\\/www.ocean4future.org\\\/savetheocean\\\/#\\\/schema\\\/person\\\/4e1c26437054353074d7bb2efa77162c\"},\"image\":{\"@id\":\"https:\\\/\\\/www.ocean4future.org\\\/savetheocean\\\/archives\\\/5264#primaryimage\"},\"thumbnailUrl\":\"https:\\\/\\\/www.ocean4future.org\\\/savetheocean\\\/wp-content\\\/uploads\\\/2019\\\/08\\\/luminor-panerai.jpg\",\"keywords\":[\"bussole\",\"orologi\",\"Panerai\",\"storia della subacquea\"],\"articleSection\":[\"Storia della subacquea\"],\"inLanguage\":\"it-IT\",\"potentialAction\":[{\"@type\":\"CommentAction\",\"name\":\"Comment\",\"target\":[\"https:\\\/\\\/www.ocean4future.org\\\/savetheocean\\\/archives\\\/5264#respond\"]}]},{\"@type\":\"WebPage\",\"@id\":\"https:\\\/\\\/www.ocean4future.org\\\/savetheocean\\\/archives\\\/5264\",\"url\":\"https:\\\/\\\/www.ocean4future.org\\\/savetheocean\\\/archives\\\/5264\",\"name\":\"Panerai, il tempo degli eroi &#8226; OCEAN4FUTURE autore\",\"isPartOf\":{\"@id\":\"https:\\\/\\\/www.ocean4future.org\\\/savetheocean\\\/#website\"},\"primaryImageOfPage\":{\"@id\":\"https:\\\/\\\/www.ocean4future.org\\\/savetheocean\\\/archives\\\/5264#primaryimage\"},\"image\":{\"@id\":\"https:\\\/\\\/www.ocean4future.org\\\/savetheocean\\\/archives\\\/5264#primaryimage\"},\"thumbnailUrl\":\"https:\\\/\\\/www.ocean4future.org\\\/savetheocean\\\/wp-content\\\/uploads\\\/2019\\\/08\\\/luminor-panerai.jpg\",\"datePublished\":\"2019-12-27T00:10:06+00:00\",\"dateModified\":\"2026-01-02T15:08:09+00:00\",\"breadcrumb\":{\"@id\":\"https:\\\/\\\/www.ocean4future.org\\\/savetheocean\\\/archives\\\/5264#breadcrumb\"},\"inLanguage\":\"it-IT\",\"potentialAction\":[{\"@type\":\"ReadAction\",\"target\":[\"https:\\\/\\\/www.ocean4future.org\\\/savetheocean\\\/archives\\\/5264\"]}]},{\"@type\":\"ImageObject\",\"inLanguage\":\"it-IT\",\"@id\":\"https:\\\/\\\/www.ocean4future.org\\\/savetheocean\\\/archives\\\/5264#primaryimage\",\"url\":\"https:\\\/\\\/www.ocean4future.org\\\/savetheocean\\\/wp-content\\\/uploads\\\/2019\\\/08\\\/luminor-panerai.jpg\",\"contentUrl\":\"https:\\\/\\\/www.ocean4future.org\\\/savetheocean\\\/wp-content\\\/uploads\\\/2019\\\/08\\\/luminor-panerai.jpg\",\"width\":1103,\"height\":727},{\"@type\":\"BreadcrumbList\",\"@id\":\"https:\\\/\\\/www.ocean4future.org\\\/savetheocean\\\/archives\\\/5264#breadcrumb\",\"itemListElement\":[{\"@type\":\"ListItem\",\"position\":1,\"name\":\"Home\",\"item\":\"https:\\\/\\\/www.ocean4future.org\\\/savetheocean\"},{\"@type\":\"ListItem\",\"position\":2,\"name\":\"Panerai, il tempo degli eroi\"}]},{\"@type\":\"WebSite\",\"@id\":\"https:\\\/\\\/www.ocean4future.org\\\/savetheocean\\\/#website\",\"url\":\"https:\\\/\\\/www.ocean4future.org\\\/savetheocean\\\/\",\"name\":\"Ocean 4 Future\",\"description\":\"Per una nuova cultura del mare e della marittimit\u00e0\",\"publisher\":{\"@id\":\"https:\\\/\\\/www.ocean4future.org\\\/savetheocean\\\/#\\\/schema\\\/person\\\/4e1c26437054353074d7bb2efa77162c\"},\"potentialAction\":[{\"@type\":\"SearchAction\",\"target\":{\"@type\":\"EntryPoint\",\"urlTemplate\":\"https:\\\/\\\/www.ocean4future.org\\\/savetheocean\\\/?s={search_term_string}\"},\"query-input\":{\"@type\":\"PropertyValueSpecification\",\"valueRequired\":true,\"valueName\":\"search_term_string\"}}],\"inLanguage\":\"it-IT\"},{\"@type\":[\"Person\",\"Organization\"],\"@id\":\"https:\\\/\\\/www.ocean4future.org\\\/savetheocean\\\/#\\\/schema\\\/person\\\/4e1c26437054353074d7bb2efa77162c\",\"name\":\"oceandiver\",\"image\":{\"@type\":\"ImageObject\",\"inLanguage\":\"it-IT\",\"@id\":\"https:\\\/\\\/www.ocean4future.org\\\/savetheocean\\\/wp-content\\\/uploads\\\/2023\\\/04\\\/logo-ocean3.jpg\",\"url\":\"https:\\\/\\\/www.ocean4future.org\\\/savetheocean\\\/wp-content\\\/uploads\\\/2023\\\/04\\\/logo-ocean3.jpg\",\"contentUrl\":\"https:\\\/\\\/www.ocean4future.org\\\/savetheocean\\\/wp-content\\\/uploads\\\/2023\\\/04\\\/logo-ocean3.jpg\",\"width\":472,\"height\":301,\"caption\":\"oceandiver\"},\"logo\":{\"@id\":\"https:\\\/\\\/www.ocean4future.org\\\/savetheocean\\\/wp-content\\\/uploads\\\/2023\\\/04\\\/logo-ocean3.jpg\"}},{\"@type\":\"Person\",\"@id\":\"https:\\\/\\\/www.ocean4future.org\\\/savetheocean\\\/#\\\/schema\\\/person\\\/8a08efde313037c9f9b2a88bed8b962d\",\"name\":\"Fabio Vitale\",\"image\":{\"@type\":\"ImageObject\",\"inLanguage\":\"it-IT\",\"@id\":\"https:\\\/\\\/secure.gravatar.com\\\/avatar\\\/ea35a1a8cb56af7feb72ab8d2f6882af56a1eb7c63d7ab9227275f6d69654f71?s=96&d=mm&r=g\",\"url\":\"https:\\\/\\\/secure.gravatar.com\\\/avatar\\\/ea35a1a8cb56af7feb72ab8d2f6882af56a1eb7c63d7ab9227275f6d69654f71?s=96&d=mm&r=g\",\"contentUrl\":\"https:\\\/\\\/secure.gravatar.com\\\/avatar\\\/ea35a1a8cb56af7feb72ab8d2f6882af56a1eb7c63d7ab9227275f6d69654f71?s=96&d=mm&r=g\",\"caption\":\"Fabio Vitale\"},\"description\":\"storico della subacquea tra i pi\u00f9 importanti in Italia. Ha partecipato come esperto a numerose trasmissioni televisive tra cui lo speciale sui palombari di Alberto Angeli. E' Presidente della Historical diving society e autore di numerosi libri sulla subacquea e sui suoi protagonisti\",\"sameAs\":[\"https:\\\/\\\/www.facebook.com\\\/fabio.vitale.393\"],\"url\":\"https:\\\/\\\/www.ocean4future.org\\\/savetheocean\\\/archives\\\/author\\\/proteo1962\"}]}<\/script>\n<!-- \/ Yoast SEO plugin. -->","yoast_head_json":{"title":"Panerai, il tempo degli eroi &#8226; OCEAN4FUTURE autore","robots":{"index":"index","follow":"follow","max-snippet":"max-snippet:-1","max-image-preview":"max-image-preview:large","max-video-preview":"max-video-preview:-1"},"canonical":"https:\/\/www.ocean4future.org\/savetheocean\/archives\/5264","og_locale":"it_IT","og_type":"article","og_title":"Panerai, il tempo degli eroi &#8226; OCEAN4FUTURE autore","og_description":"\u00a0 Non c\u2019\u00e8 nome come quello di Panerai che, nel mondo del collezionismo o anche dei semplici appassionati, riesca a suscitare ancora un fremito d\u2019interesse e di emozione. Panerai, per\u00f2, non sarebbe il nome che \u00e8 senza gli assaltatori della Decima Flottiglia MAS che, con le loro incredibili gesta, hanno unito il nome Panerai a\u2026","og_url":"https:\/\/www.ocean4future.org\/savetheocean\/archives\/5264","og_site_name":"OCEAN4FUTURE","article_author":"https:\/\/www.facebook.com\/fabio.vitale.393","article_published_time":"2019-12-27T00:10:06+00:00","article_modified_time":"2026-01-02T15:08:09+00:00","og_image":[{"width":1103,"height":727,"url":"https:\/\/www.ocean4future.org\/savetheocean\/wp-content\/uploads\/2019\/08\/luminor-panerai.jpg","type":"image\/jpeg"}],"author":"Fabio Vitale","twitter_card":"summary_large_image","twitter_creator":"@ocean4future","twitter_site":"@ocean4future","twitter_misc":{"Scritto da":"Fabio Vitale","Tempo di lettura stimato":"14 minuti"},"schema":{"@context":"https:\/\/schema.org","@graph":[{"@type":"Article","@id":"https:\/\/www.ocean4future.org\/savetheocean\/archives\/5264#article","isPartOf":{"@id":"https:\/\/www.ocean4future.org\/savetheocean\/archives\/5264"},"author":{"name":"Fabio Vitale","@id":"https:\/\/www.ocean4future.org\/savetheocean\/#\/schema\/person\/8a08efde313037c9f9b2a88bed8b962d"},"headline":"Panerai, il tempo degli eroi","datePublished":"2019-12-27T00:10:06+00:00","dateModified":"2026-01-02T15:08:09+00:00","mainEntityOfPage":{"@id":"https:\/\/www.ocean4future.org\/savetheocean\/archives\/5264"},"wordCount":2055,"commentCount":1,"publisher":{"@id":"https:\/\/www.ocean4future.org\/savetheocean\/#\/schema\/person\/4e1c26437054353074d7bb2efa77162c"},"image":{"@id":"https:\/\/www.ocean4future.org\/savetheocean\/archives\/5264#primaryimage"},"thumbnailUrl":"https:\/\/www.ocean4future.org\/savetheocean\/wp-content\/uploads\/2019\/08\/luminor-panerai.jpg","keywords":["bussole","orologi","Panerai","storia della subacquea"],"articleSection":["Storia della subacquea"],"inLanguage":"it-IT","potentialAction":[{"@type":"CommentAction","name":"Comment","target":["https:\/\/www.ocean4future.org\/savetheocean\/archives\/5264#respond"]}]},{"@type":"WebPage","@id":"https:\/\/www.ocean4future.org\/savetheocean\/archives\/5264","url":"https:\/\/www.ocean4future.org\/savetheocean\/archives\/5264","name":"Panerai, il tempo degli eroi &#8226; OCEAN4FUTURE autore","isPartOf":{"@id":"https:\/\/www.ocean4future.org\/savetheocean\/#website"},"primaryImageOfPage":{"@id":"https:\/\/www.ocean4future.org\/savetheocean\/archives\/5264#primaryimage"},"image":{"@id":"https:\/\/www.ocean4future.org\/savetheocean\/archives\/5264#primaryimage"},"thumbnailUrl":"https:\/\/www.ocean4future.org\/savetheocean\/wp-content\/uploads\/2019\/08\/luminor-panerai.jpg","datePublished":"2019-12-27T00:10:06+00:00","dateModified":"2026-01-02T15:08:09+00:00","breadcrumb":{"@id":"https:\/\/www.ocean4future.org\/savetheocean\/archives\/5264#breadcrumb"},"inLanguage":"it-IT","potentialAction":[{"@type":"ReadAction","target":["https:\/\/www.ocean4future.org\/savetheocean\/archives\/5264"]}]},{"@type":"ImageObject","inLanguage":"it-IT","@id":"https:\/\/www.ocean4future.org\/savetheocean\/archives\/5264#primaryimage","url":"https:\/\/www.ocean4future.org\/savetheocean\/wp-content\/uploads\/2019\/08\/luminor-panerai.jpg","contentUrl":"https:\/\/www.ocean4future.org\/savetheocean\/wp-content\/uploads\/2019\/08\/luminor-panerai.jpg","width":1103,"height":727},{"@type":"BreadcrumbList","@id":"https:\/\/www.ocean4future.org\/savetheocean\/archives\/5264#breadcrumb","itemListElement":[{"@type":"ListItem","position":1,"name":"Home","item":"https:\/\/www.ocean4future.org\/savetheocean"},{"@type":"ListItem","position":2,"name":"Panerai, il tempo degli eroi"}]},{"@type":"WebSite","@id":"https:\/\/www.ocean4future.org\/savetheocean\/#website","url":"https:\/\/www.ocean4future.org\/savetheocean\/","name":"Ocean 4 Future","description":"Per una nuova cultura del mare e della marittimit\u00e0","publisher":{"@id":"https:\/\/www.ocean4future.org\/savetheocean\/#\/schema\/person\/4e1c26437054353074d7bb2efa77162c"},"potentialAction":[{"@type":"SearchAction","target":{"@type":"EntryPoint","urlTemplate":"https:\/\/www.ocean4future.org\/savetheocean\/?s={search_term_string}"},"query-input":{"@type":"PropertyValueSpecification","valueRequired":true,"valueName":"search_term_string"}}],"inLanguage":"it-IT"},{"@type":["Person","Organization"],"@id":"https:\/\/www.ocean4future.org\/savetheocean\/#\/schema\/person\/4e1c26437054353074d7bb2efa77162c","name":"oceandiver","image":{"@type":"ImageObject","inLanguage":"it-IT","@id":"https:\/\/www.ocean4future.org\/savetheocean\/wp-content\/uploads\/2023\/04\/logo-ocean3.jpg","url":"https:\/\/www.ocean4future.org\/savetheocean\/wp-content\/uploads\/2023\/04\/logo-ocean3.jpg","contentUrl":"https:\/\/www.ocean4future.org\/savetheocean\/wp-content\/uploads\/2023\/04\/logo-ocean3.jpg","width":472,"height":301,"caption":"oceandiver"},"logo":{"@id":"https:\/\/www.ocean4future.org\/savetheocean\/wp-content\/uploads\/2023\/04\/logo-ocean3.jpg"}},{"@type":"Person","@id":"https:\/\/www.ocean4future.org\/savetheocean\/#\/schema\/person\/8a08efde313037c9f9b2a88bed8b962d","name":"Fabio Vitale","image":{"@type":"ImageObject","inLanguage":"it-IT","@id":"https:\/\/secure.gravatar.com\/avatar\/ea35a1a8cb56af7feb72ab8d2f6882af56a1eb7c63d7ab9227275f6d69654f71?s=96&d=mm&r=g","url":"https:\/\/secure.gravatar.com\/avatar\/ea35a1a8cb56af7feb72ab8d2f6882af56a1eb7c63d7ab9227275f6d69654f71?s=96&d=mm&r=g","contentUrl":"https:\/\/secure.gravatar.com\/avatar\/ea35a1a8cb56af7feb72ab8d2f6882af56a1eb7c63d7ab9227275f6d69654f71?s=96&d=mm&r=g","caption":"Fabio Vitale"},"description":"storico della subacquea tra i pi\u00f9 importanti in Italia. Ha partecipato come esperto a numerose trasmissioni televisive tra cui lo speciale sui palombari di Alberto Angeli. E' Presidente della Historical diving society e autore di numerosi libri sulla subacquea e sui suoi protagonisti","sameAs":["https:\/\/www.facebook.com\/fabio.vitale.393"],"url":"https:\/\/www.ocean4future.org\/savetheocean\/archives\/author\/proteo1962"}]}},"_links":{"self":[{"href":"https:\/\/www.ocean4future.org\/savetheocean\/wp-json\/wp\/v2\/posts\/5264","targetHints":{"allow":["GET"]}}],"collection":[{"href":"https:\/\/www.ocean4future.org\/savetheocean\/wp-json\/wp\/v2\/posts"}],"about":[{"href":"https:\/\/www.ocean4future.org\/savetheocean\/wp-json\/wp\/v2\/types\/post"}],"author":[{"embeddable":true,"href":"https:\/\/www.ocean4future.org\/savetheocean\/wp-json\/wp\/v2\/users\/78"}],"replies":[{"embeddable":true,"href":"https:\/\/www.ocean4future.org\/savetheocean\/wp-json\/wp\/v2\/comments?post=5264"}],"version-history":[{"count":0,"href":"https:\/\/www.ocean4future.org\/savetheocean\/wp-json\/wp\/v2\/posts\/5264\/revisions"}],"wp:featuredmedia":[{"embeddable":true,"href":"https:\/\/www.ocean4future.org\/savetheocean\/wp-json\/wp\/v2\/media\/34553"}],"wp:attachment":[{"href":"https:\/\/www.ocean4future.org\/savetheocean\/wp-json\/wp\/v2\/media?parent=5264"}],"wp:term":[{"taxonomy":"category","embeddable":true,"href":"https:\/\/www.ocean4future.org\/savetheocean\/wp-json\/wp\/v2\/categories?post=5264"},{"taxonomy":"post_tag","embeddable":true,"href":"https:\/\/www.ocean4future.org\/savetheocean\/wp-json\/wp\/v2\/tags?post=5264"}],"curies":[{"name":"wp","href":"https:\/\/api.w.org\/{rel}","templated":true}]}}