{"id":4355,"date":"2018-06-25T00:05:58","date_gmt":"2018-06-24T22:05:58","guid":{"rendered":"http:\/\/www.ocean4future.org\/savetheocean\/?p=4355"},"modified":"2026-03-08T19:57:58","modified_gmt":"2026-03-08T18:57:58","slug":"il-tentativo-di-recupero-del-regio-sommergibile-f-14-agosto-1928-di-fabio-vitale","status":"publish","type":"post","link":"https:\/\/www.ocean4future.org\/savetheocean\/archives\/4355","title":{"rendered":"Il tentativo di recupero del Regio Sommergibile \u201cF 14\u201d \u2013 agosto 1928"},"content":{"rendered":"<span class=\"span-reading-time rt-reading-time\" style=\"display: block;\"><span class=\"rt-label rt-prefix\">tempo di lettura: <\/span> <span class=\"rt-time\"> 6<\/span> <span class=\"rt-label rt-postfix\">minuti<\/span><\/span><p><span style=\"color: #ffffff;\">.<\/span><br \/>\n<a class=\"maxbutton-4 maxbutton maxbutton-livello-di-comprensione\" href=\"javascript:void(0);\"><span class='mb-text'>livello elementare<\/span><\/a><br \/>\n<span style=\"color: #ffffff;\">.<\/span><br \/>\n<strong><span style=\"color: #008000;\">ARGOMENTO: STORIA NAVALE<\/span><\/strong><br \/>\n<strong><span style=\"color: #008000;\">PERIODO: XX SECOLO<\/span><\/strong><br \/>\n<strong><span style=\"color: #008000;\">AREA: MAR MEDITERRANEO &#8211; MAR ADRIATICO<\/span><\/strong><br \/>\nparole chiave: Regio sommergibile F 14, Pola<br \/>\n<span style=\"color: #ffffff;\">.<\/span><\/p>\n<p style=\"text-align: justify;\">In una ventosa mattina del 6 agosto 1928 un sommergibile solcava la superficie del mare Adriatico uscendo dalla base navale di Pola. In torretta il <strong><span style=\"color: #008000;\">Comandante Isidoro Wiel<\/span> <\/strong>scrutava l\u2019orizzonte, annusando l\u2019aria salsa che gli veniva incontro. <span style=\"text-align: justify;\">Nel ventre del <strong><span style=\"color: #008000;\">sommergibile F 14<\/span><\/strong>, il resto dell\u2019equipaggio era al lavoro, in tutto ventisette uomini. <\/span><span style=\"text-align: justify;\">Il regio sommergibile F 14 non era un mezzo moderno, perch\u00e9 costruito durante la prima guerra mondiale, ma considerato affidabile e robusto. Dislocava 262 tonnellate in emersione, con una lunghezza di 45,6 metri, una larghezza di 4,22 metri, e un\u2019immersione di 3,10 metri. La profondit\u00e0 di collaudo era di 45 metri.<\/span><\/p>\n<p><img decoding=\"async\" class=\"wp-image-4356\" src=\"https:\/\/www.ocean4future.org\/savetheocean\/wp-content\/uploads\/2015\/10\/figura-1-300x172.jpg\" alt=\"figura 1\" width=\"840\" height=\"482\" srcset=\"https:\/\/www.ocean4future.org\/savetheocean\/wp-content\/uploads\/2015\/10\/figura-1-300x172.jpg 300w, https:\/\/www.ocean4future.org\/savetheocean\/wp-content\/uploads\/2015\/10\/figura-1.jpg 585w\" sizes=\"(max-width: 840px) 100vw, 840px\" \/><\/p>\n<p align=\"JUSTIFY\"><strong><span style=\"; color: #008000;\">Il sommergibile \u201cF 14\u201d al rientro a La Spezia nel 1916 \u2013 Collezione Giuseppe Celeste \u2013 da http:\/\/associazione-venus.it<\/span><\/strong><\/p>\n<p style=\"text-align: justify;\">Il battello <strong><span style=\"color: #008000;\">F 14<\/span><\/strong> era salpato da <strong><span style=\"color: #008000;\">Pola<\/span><\/strong> insieme al suo gemello <strong><span style=\"color: #008000;\">F 15<\/span><\/strong> per partecipare alle manovre divisionali dell\u2019Alto Adriatico congiuntamente con mezzi navali provenienti sia dalla base di Venezia che da quella di Pola. La sua missione era di attaccare l&#8217;esploratore <strong><span style=\"color: #008000;\">Brindisi<\/span><\/strong>, scortato dalla 5^ Flottiglia Cacciatorpediniere e dall&#8217;esploratore leggero <strong><span style=\"color: #008000;\">Aquila<\/span><\/strong>. Raggiunto il momento prestabilito, il <strong><span style=\"color: #008000;\">Comandante Wiel<\/span><\/strong> diede l&#8217;ordine di immersione e si prepar\u00f2 ad eseguire la manovra d\u2019attacco.<\/p>\n<p><img decoding=\"async\" src=\"https:\/\/www.ocean4future.org\/savetheocean\/wp-content\/uploads\/2015\/10\/figura-5-300x191.jpg\" alt=\"figura 5\" width=\"826\" height=\"526\"><\/p>\n<p align=\"JUSTIFY\"><strong><span style=\"; color: #008000;\">Marinai in coperta sull\u2019F14 qualche mese prima della tragedia, era il 24 dicembre del 1927 \u2013 Collezione Roberto Liberi &#8211; da http:\/\/associazione-venus.it<\/span><\/strong><\/p>\n<p style=\"text-align: justify;\">A questo punto i resoconti si fanno meno certi e probabilmente un concorso di cause provoc\u00f2 la tragedia. Il sommergibile&nbsp;F 14, nel portarsi a quota periscopica per l\u2019attacco, emerse a poppa del caccia <strong><span style=\"color: #008000;\">Abba<\/span><\/strong> ed a breve distanza dalla prua del cacciatorpediniere <strong><span style=\"color: #008000;\">Missori<\/span><\/strong> che seguiva probabilmente in linea di fila, entrambi di scorta all&#8217;obiettivo.&nbsp;Il regio cacciatorpediniere Abba segnal\u00f2 con le bandiere la presenza del sommergibile ma fu tutto vano.&nbsp;Il Missori, pur tentando una manovra disperata, piomb\u00f2 sulla poppa del F 14 e con la chiglia apr\u00ec una falla nello scafo resistente del battello.<\/p>\n<p><img decoding=\"async\" src=\"https:\/\/www.ocean4future.org\/savetheocean\/wp-content\/uploads\/2015\/10\/figura-2.jpeg\" alt=\"figura 2\" width=\"580\" height=\"374\"><\/p>\n<p align=\"justify\"><strong><span style=\"; color: #008000;\">la torpediniera Missori, gi\u00e0 cacciatorpediniere, appartenente alla classe Rosolino Pilo (dislocamento in carico normale 770 tonnellate, a pieno carico 806 tonnellate) della numerosa serie detta dei \u201ctre pipe\u201d. Nel corso della seconda guerra mondiale effettu\u00f2 principalmente missioni di scorta, tra l\u2019Italia e la Libia, nel Basso Tirreno, nell\u2019Adriatico e nelle acque della Sicilia, percorrendo complessivamente 59.271 miglia nautiche. &#8211; Fonte immagine http:\/\/www.xmasgrupsom.com\/sommergibili\/F14\/TragediaF14.html<a href=\"https:\/\/it.wikipedia.org\/wiki\/File:RN_Missori.jpg\">File:RN Missori.jpg &#8211; Wikipedia<\/a><\/span><\/strong><\/p>\n<p style=\"text-align: justify;\">Una falla non enorme (60 per 25 cm) ma devastante negli effetti.&nbsp;Erano circa le 8.45 del mattino del 6 agosto e, a sette miglia a ponente delle isole Brioni, il regio sommergibile F 14&nbsp; si inabiss\u00f2 con tutto il suo equipaggio in quaranta metri di fondale.&nbsp;Nello schianto si era allagato il comparto di poppa con dentro quattro marinai dell\u2019equipaggio, i primi caduti di quella disgraziata giornata.&nbsp;Altri due riuscirono a rifugiarsi nel compartimento adiacente quello allagato ma rimasero isolati dal resto dell\u2019equipaggio che riusc\u00ec a rifugiarsi nei compartimenti di prua.&nbsp;L\u2019F 14 si presentava con la poppa piantata sul fondo melmoso e la prua verso l\u2019alto, inclinato di 70\u00b0.<\/p>\n<p style=\"text-align: justify;\">Il diciannovenne <strong><span style=\"color: #008000;\">Garibaldi Trolis<\/span><\/strong>, radiotelegrafista di bordo, si attacc\u00f2 alla tastiera del morse e lanci\u00f2 l\u2019allarme.&nbsp;Intanto in superficie, subito dopo l\u2019urto, l\u2019esploratore \u201cBrindisi\u201d si era ancorato sul posto per marcare la zona della collisione e due ore dopo, vista l\u2019impossibilit\u00e0 di rintracciare l\u2019F 14, si decise di richiamare anche l\u2019F 15, gi\u00e0 sulla strada del ritorno, per vedere se in immersione poteva riuscire a mettersi in comunicazione con il gemello a mezzo dell\u2019<strong><span style=\"color: #008000;\">apparato Fessenden <\/span><\/strong>(nel 1906, per l\u2019esattezza il 24 dicembre, Reginald Fessenden aveva realizzato la prima trasmissione radio).<\/p>\n<p style=\"text-align: justify;\">Verso le 16.00 una squadriglia di idrovolanti riusc\u00ec a sorvolare la zona avvistando l\u2019ombra del sommergibile affondato a circa 150 metri dal \u201cBrindisi\u201d. Nonostante questa indicazione i palombari non riuscirono a entrare in contatto con l\u2019F 14; si immergevano e venivano scarrocciati dalla corrente. Le difficolt\u00e0 furono notevoli e l\u2019ansia di far presto non rendeva le cose pi\u00f9 semplici. Nel frattempo, l&#8217; F 15 &nbsp;si era messo in contatto con l\u2019F 14 e si era reso conto della drammatica situazione in cui versava il suo equipaggio. A un certo punto dal F 14 dissero di aver sentito strusciare qualcosa di metallico sullo scafo e dal F 15 diedero l\u2019indicazione di aprire le valvole della nafta per capire se questo poteva far individuare con precisione la posizione. In superficie sal\u00ec una larga chiazza di nafta proprio attorno alla catena dell\u2019ancora dell\u2019esploratore Aquila. Dopo quasi dieci ore dall&#8217;affondamento, l&#8217;F 14 era stato trovato. Dieci ore lunghe come l\u2019eternit\u00e0 che avevano portato l\u2019equipaggio allo stremo. Infatti, i segnali dal sommergibile si facevano sempre meno chiari e certi. L\u2019eroico Trolis era rimasto sempre accanto al suo apparato Morse per cercare di mantenere un collegamento con i soccorritori che potesse dare forza e coraggio a tutto l\u2019equipaggio ma, l\u2019aria viziata e, soprattutto le esalazioni di cloro rilasciate dalle batterie allagate dall&#8217;acqua salmastra, stavano sopraffacendo gli uomini. Alle 20,22 i palombari riuscirono ad agganciare la manichetta dell\u2019aria al F 14 e la cosa venne segnalata dal F 15.&nbsp;Ci fu ancora una risposta di <strong><span style=\"color: #008000;\">Trolis<\/span><\/strong> e la conferma del ricevimento del messaggio sta nel fatto che qualcuno riusc\u00ec ad aprire la valvola dall&#8217;interno per far affluire l\u2019aria dalla superficie.&nbsp;Dalle 22,50 non giunsero pi\u00f9 segni di nessun tipo dall&#8217;interno del sommergibile.<\/p>\n<p style=\"text-align: justify;\">Nel frattempo, non senza difficolt\u00e0, sul F 14 si era ormeggiato il pontone GA 141 e alle ore 6 del 7 agosto il <strong><span style=\"color: #008000;\">palombaro Antonio Devescovi<\/span><\/strong> ridiscese per agganciare il cavo di sollevamento.&nbsp;Il sollevamento iniziato alle ore 10,15 fu interrotto in quanto ostacolato dall&#8217;incoccio dell\u2019ancora e della catena dell\u2019\u201cAquila\u201d sulla coperta del sommergibile.&nbsp;Alle 11.00 ridiscese nuovamente il rovignese <strong><span style=\"color: #008000;\">Devescovi<\/span><\/strong> per cercare di liberare dalla catena l&#8217;F 14.&nbsp;Non fu un\u2019operazione facile.&nbsp;Da tante ore, senza riposo alcuno, i palombari si alternavano attorno al sommergibile.&nbsp;La profondit\u00e0 era rilevante, la corrente e le condizioni del mare rendevano tutto pi\u00f9 difficile.&nbsp;I palombari che effettuarono le operazioni erano in tutto sei: cinque palombari esperti per la profondit\u00e0 di &nbsp; 40 metri e un palombaro ungherese specializzato nell&#8217;alta profondit\u00e0 (fino a 70 metri). Infine alle ore 18.00 del 7 agosto la torretta del F 14 riaffior\u00f2 in superficie.<\/p>\n<p><a href=\"https:\/\/www.ocean4future.org\/savetheocean\/wp-content\/uploads\/2015\/10\/figura-6.jpg\"><img decoding=\"async\" class=\"wp-image-4363\" src=\"https:\/\/www.ocean4future.org\/savetheocean\/wp-content\/uploads\/2015\/10\/figura-6-300x176.jpg\" alt=\"figura 6\" width=\"692\" height=\"406\"><\/a><\/p>\n<p align=\"justify\"><strong><span style=\"; color: #008000;\">lo scafo emerso<\/span><\/strong><\/p>\n<p style=\"text-align: justify;\">Quaranta minuti dopo, avendo sfiatato l\u2019aria dell\u2019interno, si apr\u00ec il portellone che fece uscire una nube di vapori di cloro ed entr\u00f2 all\u2019interno del sommergibile il <strong><span style=\"color: #008000;\">capitano medico Guerrieri<\/span> <\/strong>che accus\u00f2 anche un malore a causa delle forti esalazioni.&nbsp;Si imbatt\u00e9 nella salma del <strong><span style=\"color: #008000;\">sottocapo torpediniere Bruno Uicich<\/span> <\/strong>e si pot\u00e9 solo constatare la morte di tutto l\u2019equipaggio che giaceva ai propri posti. <strong><span style=\"color: #008000;\">Garibaldi Trolis<\/span><\/strong> fu trovato riverso sull&#8217;apparecchio morse e probabilmente fu uno degli ultimi a morire.&nbsp;<\/p>\n<p style=\"text-align: justify;\">La morte del <strong><span style=\"color: #008000;\">comandante Wiel<\/span><\/strong> si fece risalire alle 18.30 perch\u00e9 era riverso nell&#8217;acqua filtrata nel compartimento ed a quell&#8217;ora si era fermato il suo orologio. Probabilmente alla stessa ora, gran parte dell\u2019equipaggio era gi\u00e0 spirato.<\/p>\n<p style=\"text-align: justify;\">Il comandante Wiel aveva annotato sul diario di bordo:<\/p>\n<p><img decoding=\"async\" src=\"https:\/\/www.ocean4future.org\/savetheocean\/wp-content\/uploads\/2015\/10\/figura-3.jpeg\" alt=\"figura 3\" width=\"132\" height=\"186\"><\/p>\n<p align=\"justify\"><strong><span style=\"color: #008000;\">Il Comandante Isidoro Wiel<\/span><\/strong><\/p>\n<p style=\"text-align: justify;\"><span style=\"color: #0000ff;\"><strong><em>\u201c<\/em><\/strong><em><strong><span style=\"color: #008000;\">Mentre davo aria ho visto il caccia, ho accostato in fuori, ho mollato la zavorra di poppa.&nbsp;<br \/>\nSiamo in quattro in camera di manovra, tre in camera ufficiali, dieci a prora, gli altri sono chiusi a poppa vittime del dovere.&nbsp;<br \/>\nSerenit\u00e0 a bordo.<br \/>\nSi pensa a Dio, alla Famiglia, alla Patria.&nbsp;<br \/>\nAttendiamo fiduciosi.<\/span><\/strong>\u201d<\/em><\/span><\/p>\n<p><strong><span style=\"color: #008000;\">Fabio Vitale&nbsp;<br \/>\n<\/span><\/strong><\/p>\n<p><span style=\"color: #ffffff;\">.<\/span><\/p>\n<p>Foto in anteprima equipaggio del F 14 in coperta &#8211; collezione privata Adriana G. Hollett<\/p>\n<p>&nbsp;<\/p>\n<p>&nbsp;<\/p>\n<p style=\"text-align: justify;\">Alcune delle immagini possono essere state prese dal web, citandone ove possibile gli autori e\/o le fonti. Se qualcuno desiderasse specificarne l\u2019autore e le fonti o rimuoverle, pu\u00f2 scrivere a infoocean4future@gmail.com e provvederemo immediatamente alla correzione dell\u2019articolo<br \/>\n<span style=\"color: #ffffff;\">,<\/span><\/p>\n<a class=\"maxbutton-3 maxbutton maxbutton-pagina-principale\" target=\"_blank\" title=\"tooltip\" rel=\"nofollow noopener\" href=\"http:\/\/www.ocean4future.org\"><span class='mb-text'>PAGINA PRINCIPALE<\/span><\/a>\n<p><strong><em>&nbsp;<\/em><\/strong><\/p>\n<p>&nbsp;<\/p>\n","protected":false},"excerpt":{"rendered":"<p><span class=\"span-reading-time rt-reading-time\" style=\"display: block;\"><span class=\"rt-label rt-prefix\">tempo di lettura: <\/span> <span class=\"rt-time\"> 6<\/span> <span class=\"rt-label rt-postfix\">minuti<\/span><\/span>. . ARGOMENTO: STORIA NAVALE PERIODO: XX SECOLO AREA: MAR MEDITERRANEO &#8211; MAR ADRIATICO parole chiave: Regio sommergibile F 14, Pola . In una ventosa mattina del 6 agosto 1928 un sommergibile solcava la superficie del mare Adriatico uscendo dalla base navale di Pola. In torretta il Comandante Isidoro Wiel scrutava l\u2019orizzonte, annusando l\u2019aria salsa [&hellip;]<\/p>\n","protected":false},"author":78,"featured_media":64749,"comment_status":"open","ping_status":"open","sticky":false,"template":"","format":"standard","meta":{"_acf_changed":false,"_monsterinsights_skip_tracking":false,"_monsterinsights_sitenote_active":false,"_monsterinsights_sitenote_note":"","_monsterinsights_sitenote_category":0,"footnotes":""},"categories":[84,2318],"tags":[234,908,233,235,197],"class_list":["post-4355","post","type-post","status-publish","format-standard","has-post-thumbnail","hentry","category-storia-della-subacquea-cultura-del-mare","category-eta-moderna","tag-deep-divers","tag-fabio-vitale","tag-palombari","tag-sommergibili","tag-storia-della-subacquea"],"acf":[],"yoast_head":"<!-- This site is optimized with the Yoast SEO plugin v27.4 - https:\/\/yoast.com\/product\/yoast-seo-wordpress\/ -->\n<title>Il tentativo di recupero del Regio Sommergibile \u201cF 14\u201d \u2013 agosto 1928 &#8226; OCEAN4FUTURE autore<\/title>\n<meta name=\"robots\" content=\"index, follow, max-snippet:-1, max-image-preview:large, max-video-preview:-1\" \/>\n<link rel=\"canonical\" href=\"https:\/\/www.ocean4future.org\/savetheocean\/archives\/4355\" \/>\n<meta property=\"og:locale\" content=\"it_IT\" \/>\n<meta property=\"og:type\" content=\"article\" \/>\n<meta property=\"og:title\" content=\"Il tentativo di recupero del Regio Sommergibile \u201cF 14\u201d \u2013 agosto 1928 &#8226; OCEAN4FUTURE autore\" \/>\n<meta property=\"og:description\" content=\"tempo di lettura:  6 minuti. . ARGOMENTO: STORIA NAVALE PERIODO: XX SECOLO AREA: MAR MEDITERRANEO &#8211; MAR ADRIATICO parole chiave: Regio sommergibile F 14, Pola . In una ventosa mattina del 6 agosto 1928 un sommergibile solcava la superficie del mare Adriatico uscendo dalla base navale di Pola. In torretta il Comandante Isidoro Wiel scrutava l\u2019orizzonte, annusando l\u2019aria salsa [&hellip;]\" \/>\n<meta property=\"og:url\" content=\"https:\/\/www.ocean4future.org\/savetheocean\/archives\/4355\" \/>\n<meta property=\"og:site_name\" content=\"OCEAN4FUTURE\" \/>\n<meta property=\"article:author\" content=\"https:\/\/www.facebook.com\/fabio.vitale.393\" \/>\n<meta property=\"article:published_time\" content=\"2018-06-24T22:05:58+00:00\" \/>\n<meta property=\"article:modified_time\" content=\"2026-03-08T18:57:58+00:00\" \/>\n<meta property=\"og:image\" content=\"https:\/\/www.ocean4future.org\/savetheocean\/wp-content\/uploads\/2018\/06\/F14-SMG.png\" \/>\n\t<meta property=\"og:image:width\" content=\"672\" \/>\n\t<meta property=\"og:image:height\" content=\"935\" \/>\n\t<meta property=\"og:image:type\" content=\"image\/png\" \/>\n<meta name=\"author\" content=\"Fabio Vitale\" \/>\n<meta name=\"twitter:card\" content=\"summary_large_image\" \/>\n<meta name=\"twitter:creator\" content=\"@ocean4future\" \/>\n<meta name=\"twitter:site\" content=\"@ocean4future\" \/>\n<meta name=\"twitter:label1\" content=\"Scritto da\" \/>\n\t<meta name=\"twitter:data1\" content=\"Fabio Vitale\" \/>\n\t<meta name=\"twitter:label2\" content=\"Tempo di lettura stimato\" \/>\n\t<meta name=\"twitter:data2\" content=\"8 minuti\" \/>\n<script type=\"application\/ld+json\" class=\"yoast-schema-graph\">{\"@context\":\"https:\\\/\\\/schema.org\",\"@graph\":[{\"@type\":\"Article\",\"@id\":\"https:\\\/\\\/www.ocean4future.org\\\/savetheocean\\\/archives\\\/4355#article\",\"isPartOf\":{\"@id\":\"https:\\\/\\\/www.ocean4future.org\\\/savetheocean\\\/archives\\\/4355\"},\"author\":{\"name\":\"Fabio Vitale\",\"@id\":\"https:\\\/\\\/www.ocean4future.org\\\/savetheocean\\\/#\\\/schema\\\/person\\\/8a08efde313037c9f9b2a88bed8b962d\"},\"headline\":\"Il tentativo di recupero del Regio Sommergibile \u201cF 14\u201d \u2013 agosto 1928\",\"datePublished\":\"2018-06-24T22:05:58+00:00\",\"dateModified\":\"2026-03-08T18:57:58+00:00\",\"mainEntityOfPage\":{\"@id\":\"https:\\\/\\\/www.ocean4future.org\\\/savetheocean\\\/archives\\\/4355\"},\"wordCount\":1338,\"commentCount\":0,\"publisher\":{\"@id\":\"https:\\\/\\\/www.ocean4future.org\\\/savetheocean\\\/#\\\/schema\\\/person\\\/4e1c26437054353074d7bb2efa77162c\"},\"image\":{\"@id\":\"https:\\\/\\\/www.ocean4future.org\\\/savetheocean\\\/archives\\\/4355#primaryimage\"},\"thumbnailUrl\":\"https:\\\/\\\/www.ocean4future.org\\\/savetheocean\\\/wp-content\\\/uploads\\\/2018\\\/06\\\/F14-SMG.png\",\"keywords\":[\"deep divers\",\"Fabio Vitale\",\"palombari\",\"sommergibili\",\"storia della subacquea\"],\"articleSection\":[\"Storia della subacquea\",\"Storia navale dell'et\u00e0 moderna (post 1492 - oggi)\"],\"inLanguage\":\"it-IT\",\"potentialAction\":[{\"@type\":\"CommentAction\",\"name\":\"Comment\",\"target\":[\"https:\\\/\\\/www.ocean4future.org\\\/savetheocean\\\/archives\\\/4355#respond\"]}]},{\"@type\":\"WebPage\",\"@id\":\"https:\\\/\\\/www.ocean4future.org\\\/savetheocean\\\/archives\\\/4355\",\"url\":\"https:\\\/\\\/www.ocean4future.org\\\/savetheocean\\\/archives\\\/4355\",\"name\":\"Il tentativo di recupero del Regio Sommergibile \u201cF 14\u201d \u2013 agosto 1928 &#8226; OCEAN4FUTURE autore\",\"isPartOf\":{\"@id\":\"https:\\\/\\\/www.ocean4future.org\\\/savetheocean\\\/#website\"},\"primaryImageOfPage\":{\"@id\":\"https:\\\/\\\/www.ocean4future.org\\\/savetheocean\\\/archives\\\/4355#primaryimage\"},\"image\":{\"@id\":\"https:\\\/\\\/www.ocean4future.org\\\/savetheocean\\\/archives\\\/4355#primaryimage\"},\"thumbnailUrl\":\"https:\\\/\\\/www.ocean4future.org\\\/savetheocean\\\/wp-content\\\/uploads\\\/2018\\\/06\\\/F14-SMG.png\",\"datePublished\":\"2018-06-24T22:05:58+00:00\",\"dateModified\":\"2026-03-08T18:57:58+00:00\",\"breadcrumb\":{\"@id\":\"https:\\\/\\\/www.ocean4future.org\\\/savetheocean\\\/archives\\\/4355#breadcrumb\"},\"inLanguage\":\"it-IT\",\"potentialAction\":[{\"@type\":\"ReadAction\",\"target\":[\"https:\\\/\\\/www.ocean4future.org\\\/savetheocean\\\/archives\\\/4355\"]}]},{\"@type\":\"ImageObject\",\"inLanguage\":\"it-IT\",\"@id\":\"https:\\\/\\\/www.ocean4future.org\\\/savetheocean\\\/archives\\\/4355#primaryimage\",\"url\":\"https:\\\/\\\/www.ocean4future.org\\\/savetheocean\\\/wp-content\\\/uploads\\\/2018\\\/06\\\/F14-SMG.png\",\"contentUrl\":\"https:\\\/\\\/www.ocean4future.org\\\/savetheocean\\\/wp-content\\\/uploads\\\/2018\\\/06\\\/F14-SMG.png\",\"width\":672,\"height\":935},{\"@type\":\"BreadcrumbList\",\"@id\":\"https:\\\/\\\/www.ocean4future.org\\\/savetheocean\\\/archives\\\/4355#breadcrumb\",\"itemListElement\":[{\"@type\":\"ListItem\",\"position\":1,\"name\":\"Home\",\"item\":\"https:\\\/\\\/www.ocean4future.org\\\/savetheocean\"},{\"@type\":\"ListItem\",\"position\":2,\"name\":\"Il tentativo di recupero del Regio Sommergibile \u201cF 14\u201d \u2013 agosto 1928\"}]},{\"@type\":\"WebSite\",\"@id\":\"https:\\\/\\\/www.ocean4future.org\\\/savetheocean\\\/#website\",\"url\":\"https:\\\/\\\/www.ocean4future.org\\\/savetheocean\\\/\",\"name\":\"Ocean 4 Future\",\"description\":\"Per una nuova cultura del mare e della marittimit\u00e0\",\"publisher\":{\"@id\":\"https:\\\/\\\/www.ocean4future.org\\\/savetheocean\\\/#\\\/schema\\\/person\\\/4e1c26437054353074d7bb2efa77162c\"},\"potentialAction\":[{\"@type\":\"SearchAction\",\"target\":{\"@type\":\"EntryPoint\",\"urlTemplate\":\"https:\\\/\\\/www.ocean4future.org\\\/savetheocean\\\/?s={search_term_string}\"},\"query-input\":{\"@type\":\"PropertyValueSpecification\",\"valueRequired\":true,\"valueName\":\"search_term_string\"}}],\"inLanguage\":\"it-IT\"},{\"@type\":[\"Person\",\"Organization\"],\"@id\":\"https:\\\/\\\/www.ocean4future.org\\\/savetheocean\\\/#\\\/schema\\\/person\\\/4e1c26437054353074d7bb2efa77162c\",\"name\":\"oceandiver\",\"image\":{\"@type\":\"ImageObject\",\"inLanguage\":\"it-IT\",\"@id\":\"https:\\\/\\\/www.ocean4future.org\\\/savetheocean\\\/wp-content\\\/uploads\\\/2023\\\/04\\\/logo-ocean3.jpg\",\"url\":\"https:\\\/\\\/www.ocean4future.org\\\/savetheocean\\\/wp-content\\\/uploads\\\/2023\\\/04\\\/logo-ocean3.jpg\",\"contentUrl\":\"https:\\\/\\\/www.ocean4future.org\\\/savetheocean\\\/wp-content\\\/uploads\\\/2023\\\/04\\\/logo-ocean3.jpg\",\"width\":472,\"height\":301,\"caption\":\"oceandiver\"},\"logo\":{\"@id\":\"https:\\\/\\\/www.ocean4future.org\\\/savetheocean\\\/wp-content\\\/uploads\\\/2023\\\/04\\\/logo-ocean3.jpg\"}},{\"@type\":\"Person\",\"@id\":\"https:\\\/\\\/www.ocean4future.org\\\/savetheocean\\\/#\\\/schema\\\/person\\\/8a08efde313037c9f9b2a88bed8b962d\",\"name\":\"Fabio Vitale\",\"image\":{\"@type\":\"ImageObject\",\"inLanguage\":\"it-IT\",\"@id\":\"https:\\\/\\\/secure.gravatar.com\\\/avatar\\\/ea35a1a8cb56af7feb72ab8d2f6882af56a1eb7c63d7ab9227275f6d69654f71?s=96&d=mm&r=g\",\"url\":\"https:\\\/\\\/secure.gravatar.com\\\/avatar\\\/ea35a1a8cb56af7feb72ab8d2f6882af56a1eb7c63d7ab9227275f6d69654f71?s=96&d=mm&r=g\",\"contentUrl\":\"https:\\\/\\\/secure.gravatar.com\\\/avatar\\\/ea35a1a8cb56af7feb72ab8d2f6882af56a1eb7c63d7ab9227275f6d69654f71?s=96&d=mm&r=g\",\"caption\":\"Fabio Vitale\"},\"description\":\"storico della subacquea tra i pi\u00f9 importanti in Italia. Ha partecipato come esperto a numerose trasmissioni televisive tra cui lo speciale sui palombari di Alberto Angeli. E' Presidente della Historical diving society e autore di numerosi libri sulla subacquea e sui suoi protagonisti\",\"sameAs\":[\"https:\\\/\\\/www.facebook.com\\\/fabio.vitale.393\"],\"url\":\"https:\\\/\\\/www.ocean4future.org\\\/savetheocean\\\/archives\\\/author\\\/proteo1962\"}]}<\/script>\n<!-- \/ Yoast SEO plugin. -->","yoast_head_json":{"title":"Il tentativo di recupero del Regio Sommergibile \u201cF 14\u201d \u2013 agosto 1928 &#8226; OCEAN4FUTURE autore","robots":{"index":"index","follow":"follow","max-snippet":"max-snippet:-1","max-image-preview":"max-image-preview:large","max-video-preview":"max-video-preview:-1"},"canonical":"https:\/\/www.ocean4future.org\/savetheocean\/archives\/4355","og_locale":"it_IT","og_type":"article","og_title":"Il tentativo di recupero del Regio Sommergibile \u201cF 14\u201d \u2013 agosto 1928 &#8226; OCEAN4FUTURE autore","og_description":"tempo di lettura:  6 minuti. . ARGOMENTO: STORIA NAVALE PERIODO: XX SECOLO AREA: MAR MEDITERRANEO &#8211; MAR ADRIATICO parole chiave: Regio sommergibile F 14, Pola . In una ventosa mattina del 6 agosto 1928 un sommergibile solcava la superficie del mare Adriatico uscendo dalla base navale di Pola. In torretta il Comandante Isidoro Wiel scrutava l\u2019orizzonte, annusando l\u2019aria salsa [&hellip;]","og_url":"https:\/\/www.ocean4future.org\/savetheocean\/archives\/4355","og_site_name":"OCEAN4FUTURE","article_author":"https:\/\/www.facebook.com\/fabio.vitale.393","article_published_time":"2018-06-24T22:05:58+00:00","article_modified_time":"2026-03-08T18:57:58+00:00","og_image":[{"width":672,"height":935,"url":"https:\/\/www.ocean4future.org\/savetheocean\/wp-content\/uploads\/2018\/06\/F14-SMG.png","type":"image\/png"}],"author":"Fabio Vitale","twitter_card":"summary_large_image","twitter_creator":"@ocean4future","twitter_site":"@ocean4future","twitter_misc":{"Scritto da":"Fabio Vitale","Tempo di lettura stimato":"8 minuti"},"schema":{"@context":"https:\/\/schema.org","@graph":[{"@type":"Article","@id":"https:\/\/www.ocean4future.org\/savetheocean\/archives\/4355#article","isPartOf":{"@id":"https:\/\/www.ocean4future.org\/savetheocean\/archives\/4355"},"author":{"name":"Fabio Vitale","@id":"https:\/\/www.ocean4future.org\/savetheocean\/#\/schema\/person\/8a08efde313037c9f9b2a88bed8b962d"},"headline":"Il tentativo di recupero del Regio Sommergibile \u201cF 14\u201d \u2013 agosto 1928","datePublished":"2018-06-24T22:05:58+00:00","dateModified":"2026-03-08T18:57:58+00:00","mainEntityOfPage":{"@id":"https:\/\/www.ocean4future.org\/savetheocean\/archives\/4355"},"wordCount":1338,"commentCount":0,"publisher":{"@id":"https:\/\/www.ocean4future.org\/savetheocean\/#\/schema\/person\/4e1c26437054353074d7bb2efa77162c"},"image":{"@id":"https:\/\/www.ocean4future.org\/savetheocean\/archives\/4355#primaryimage"},"thumbnailUrl":"https:\/\/www.ocean4future.org\/savetheocean\/wp-content\/uploads\/2018\/06\/F14-SMG.png","keywords":["deep divers","Fabio Vitale","palombari","sommergibili","storia della subacquea"],"articleSection":["Storia della subacquea","Storia navale dell'et\u00e0 moderna (post 1492 - oggi)"],"inLanguage":"it-IT","potentialAction":[{"@type":"CommentAction","name":"Comment","target":["https:\/\/www.ocean4future.org\/savetheocean\/archives\/4355#respond"]}]},{"@type":"WebPage","@id":"https:\/\/www.ocean4future.org\/savetheocean\/archives\/4355","url":"https:\/\/www.ocean4future.org\/savetheocean\/archives\/4355","name":"Il tentativo di recupero del Regio Sommergibile \u201cF 14\u201d \u2013 agosto 1928 &#8226; OCEAN4FUTURE autore","isPartOf":{"@id":"https:\/\/www.ocean4future.org\/savetheocean\/#website"},"primaryImageOfPage":{"@id":"https:\/\/www.ocean4future.org\/savetheocean\/archives\/4355#primaryimage"},"image":{"@id":"https:\/\/www.ocean4future.org\/savetheocean\/archives\/4355#primaryimage"},"thumbnailUrl":"https:\/\/www.ocean4future.org\/savetheocean\/wp-content\/uploads\/2018\/06\/F14-SMG.png","datePublished":"2018-06-24T22:05:58+00:00","dateModified":"2026-03-08T18:57:58+00:00","breadcrumb":{"@id":"https:\/\/www.ocean4future.org\/savetheocean\/archives\/4355#breadcrumb"},"inLanguage":"it-IT","potentialAction":[{"@type":"ReadAction","target":["https:\/\/www.ocean4future.org\/savetheocean\/archives\/4355"]}]},{"@type":"ImageObject","inLanguage":"it-IT","@id":"https:\/\/www.ocean4future.org\/savetheocean\/archives\/4355#primaryimage","url":"https:\/\/www.ocean4future.org\/savetheocean\/wp-content\/uploads\/2018\/06\/F14-SMG.png","contentUrl":"https:\/\/www.ocean4future.org\/savetheocean\/wp-content\/uploads\/2018\/06\/F14-SMG.png","width":672,"height":935},{"@type":"BreadcrumbList","@id":"https:\/\/www.ocean4future.org\/savetheocean\/archives\/4355#breadcrumb","itemListElement":[{"@type":"ListItem","position":1,"name":"Home","item":"https:\/\/www.ocean4future.org\/savetheocean"},{"@type":"ListItem","position":2,"name":"Il tentativo di recupero del Regio Sommergibile \u201cF 14\u201d \u2013 agosto 1928"}]},{"@type":"WebSite","@id":"https:\/\/www.ocean4future.org\/savetheocean\/#website","url":"https:\/\/www.ocean4future.org\/savetheocean\/","name":"Ocean 4 Future","description":"Per una nuova cultura del mare e della marittimit\u00e0","publisher":{"@id":"https:\/\/www.ocean4future.org\/savetheocean\/#\/schema\/person\/4e1c26437054353074d7bb2efa77162c"},"potentialAction":[{"@type":"SearchAction","target":{"@type":"EntryPoint","urlTemplate":"https:\/\/www.ocean4future.org\/savetheocean\/?s={search_term_string}"},"query-input":{"@type":"PropertyValueSpecification","valueRequired":true,"valueName":"search_term_string"}}],"inLanguage":"it-IT"},{"@type":["Person","Organization"],"@id":"https:\/\/www.ocean4future.org\/savetheocean\/#\/schema\/person\/4e1c26437054353074d7bb2efa77162c","name":"oceandiver","image":{"@type":"ImageObject","inLanguage":"it-IT","@id":"https:\/\/www.ocean4future.org\/savetheocean\/wp-content\/uploads\/2023\/04\/logo-ocean3.jpg","url":"https:\/\/www.ocean4future.org\/savetheocean\/wp-content\/uploads\/2023\/04\/logo-ocean3.jpg","contentUrl":"https:\/\/www.ocean4future.org\/savetheocean\/wp-content\/uploads\/2023\/04\/logo-ocean3.jpg","width":472,"height":301,"caption":"oceandiver"},"logo":{"@id":"https:\/\/www.ocean4future.org\/savetheocean\/wp-content\/uploads\/2023\/04\/logo-ocean3.jpg"}},{"@type":"Person","@id":"https:\/\/www.ocean4future.org\/savetheocean\/#\/schema\/person\/8a08efde313037c9f9b2a88bed8b962d","name":"Fabio Vitale","image":{"@type":"ImageObject","inLanguage":"it-IT","@id":"https:\/\/secure.gravatar.com\/avatar\/ea35a1a8cb56af7feb72ab8d2f6882af56a1eb7c63d7ab9227275f6d69654f71?s=96&d=mm&r=g","url":"https:\/\/secure.gravatar.com\/avatar\/ea35a1a8cb56af7feb72ab8d2f6882af56a1eb7c63d7ab9227275f6d69654f71?s=96&d=mm&r=g","contentUrl":"https:\/\/secure.gravatar.com\/avatar\/ea35a1a8cb56af7feb72ab8d2f6882af56a1eb7c63d7ab9227275f6d69654f71?s=96&d=mm&r=g","caption":"Fabio Vitale"},"description":"storico della subacquea tra i pi\u00f9 importanti in Italia. Ha partecipato come esperto a numerose trasmissioni televisive tra cui lo speciale sui palombari di Alberto Angeli. E' Presidente della Historical diving society e autore di numerosi libri sulla subacquea e sui suoi protagonisti","sameAs":["https:\/\/www.facebook.com\/fabio.vitale.393"],"url":"https:\/\/www.ocean4future.org\/savetheocean\/archives\/author\/proteo1962"}]}},"_links":{"self":[{"href":"https:\/\/www.ocean4future.org\/savetheocean\/wp-json\/wp\/v2\/posts\/4355","targetHints":{"allow":["GET"]}}],"collection":[{"href":"https:\/\/www.ocean4future.org\/savetheocean\/wp-json\/wp\/v2\/posts"}],"about":[{"href":"https:\/\/www.ocean4future.org\/savetheocean\/wp-json\/wp\/v2\/types\/post"}],"author":[{"embeddable":true,"href":"https:\/\/www.ocean4future.org\/savetheocean\/wp-json\/wp\/v2\/users\/78"}],"replies":[{"embeddable":true,"href":"https:\/\/www.ocean4future.org\/savetheocean\/wp-json\/wp\/v2\/comments?post=4355"}],"version-history":[{"count":2,"href":"https:\/\/www.ocean4future.org\/savetheocean\/wp-json\/wp\/v2\/posts\/4355\/revisions"}],"predecessor-version":[{"id":126248,"href":"https:\/\/www.ocean4future.org\/savetheocean\/wp-json\/wp\/v2\/posts\/4355\/revisions\/126248"}],"wp:featuredmedia":[{"embeddable":true,"href":"https:\/\/www.ocean4future.org\/savetheocean\/wp-json\/wp\/v2\/media\/64749"}],"wp:attachment":[{"href":"https:\/\/www.ocean4future.org\/savetheocean\/wp-json\/wp\/v2\/media?parent=4355"}],"wp:term":[{"taxonomy":"category","embeddable":true,"href":"https:\/\/www.ocean4future.org\/savetheocean\/wp-json\/wp\/v2\/categories?post=4355"},{"taxonomy":"post_tag","embeddable":true,"href":"https:\/\/www.ocean4future.org\/savetheocean\/wp-json\/wp\/v2\/tags?post=4355"}],"curies":[{"name":"wp","href":"https:\/\/api.w.org\/{rel}","templated":true}]}}