{"id":40227,"date":"2020-03-23T00:10:00","date_gmt":"2020-03-22T23:10:00","guid":{"rendered":"http:\/\/www.ocean4future.org\/?p=40227"},"modified":"2023-08-19T08:24:53","modified_gmt":"2023-08-19T06:24:53","slug":"a-cura-millenaria-dello-scafo-delle-navi-di-sacha-giannini","status":"publish","type":"post","link":"https:\/\/www.ocean4future.org\/savetheocean\/archives\/40227","title":{"rendered":"La cura millenaria dello scafo delle navi"},"content":{"rendered":"<span class=\"span-reading-time rt-reading-time\" style=\"display: block;\"><span class=\"rt-label rt-prefix\">tempo di lettura: <\/span> <span class=\"rt-time\"> 4<\/span> <span class=\"rt-label rt-postfix\">minuti<\/span><\/span><p><span style=\"color: #ffffff;\">.<\/span><br \/>\n<a class=\"maxbutton-4 maxbutton maxbutton-livello-di-comprensione\" href=\"javascript:void(0);\"><span class='mb-text'>livello elementare<\/span><\/a><br \/>\n<span style=\"color: #ffffff;\">.<\/span><br \/>\n<strong><span style=\"color: #008000;\">ARGOMENTO: ARCHITETTURA NAVALE<\/span><\/strong><br \/>\n<strong><span style=\"color: #008000;\">PERIODO: XXI SECOLO<\/span><\/strong><br \/>\n<strong><span style=\"color: #008000;\">AREA: DIDATTICA<\/span><\/strong><br \/>\nparole chiave: trattamenti anti vegetativi, scafi, teredini<\/p>\n<p>&nbsp;<\/p>\n<p style=\"text-align: justify;\">Da millenni i marinai hanno cercato, assieme all\u2019arte di andar per mare, modi idonei per prevenire il \u201c<strong><span style=\"color: #008000;\">biofouling<\/span><\/strong>\u201d ( bio = vita e fouling = immondizia ) e quel complesso fenomeno marino dell\u2019incrostazione biologica. Un tempo sotto le navi non esistevano le \u201c<strong><span style=\"color: #008000;\">nanotecnologie siliconiche<\/span><\/strong>\u201d ma c\u2019era un semplice mozzo che andava in apnea a staccare manualmente le cozze e le alghe che si formavano in quantit\u00e0.<\/p>\n<p><img decoding=\"async\" class=\"wp-image-40231\" src=\"https:\/\/www.ocean4future.org\/savetheocean\/wp-content\/uploads\/2020\/03\/5f5dfb566aeed3f6fa55f432079a248e.jpg\" alt=\"\" width=\"770\" height=\"449\" srcset=\"https:\/\/www.ocean4future.org\/savetheocean\/wp-content\/uploads\/2020\/03\/5f5dfb566aeed3f6fa55f432079a248e.jpg 480w, https:\/\/www.ocean4future.org\/savetheocean\/wp-content\/uploads\/2020\/03\/5f5dfb566aeed3f6fa55f432079a248e-300x175.jpg 300w\" sizes=\"(max-width: 770px) 100vw, 770px\" \/><\/p>\n<p align=\"JUSTIFY\"><strong><span style=\"color: #008000;\">Nave da guerra classica dipinta su un vaso di ceramica a figure nere rinvenuto a Cerveteri, Italia&nbsp; &#8211; Fonte<br \/>\n<a href=\"https:\/\/commons.wikimedia.org\/wiki\/File:Boat_Cdm_Paris_322_n1.jpg\">Boat Cdm Paris 322 n1.jpg &#8211; Wikimedia Commons<\/a><\/span><\/strong><\/p>\n<p align=\"JUSTIFY\"><strong><span style=\"color: #008000;\"><br \/>\n<\/span><\/strong><span style=\"font-size: inherit;\"><span style=\"color: #000000;\"><span style=\"color: #008000;\"><span style=\"color: #000000;\">Uno<\/span> <span style=\"color: #000000;\">dei maggiori problemi tecnici che colp\u00ec gli antichi navigatori fu <\/span><\/span><\/span>l\u2019ambiente biologico che consumava lentamente gli scafi in legno. Nel XIII secolo, Dante Alighieri (Inferno, canto 21) descriveva come i <\/span><strong style=\"font-size: inherit;\"><span style=\"color: #008000;\">Veneziani<\/span><\/strong><span style=\"font-size: inherit;\"> riparavano d\u2019inverno i legni delle barche in cattivo stato divorati dalle <\/span><strong style=\"font-size: inherit;\"><span style=\"color: #008000;\">Bisse (Teredini)<\/span><\/strong><span style=\"font-size: inherit;\">, sigillandoli con la stoppa e la pece. In realt\u00e0 il problema era noto sin dall&#8217;antichit\u00e0 classica.<\/span><\/p>\n<figure id=\"attachment_11042\" aria-describedby=\"caption-attachment-11042\" style=\"width: 691px\" class=\"wp-caption alignnone\"><img decoding=\"async\" class=\"wp-image-11042 \" src=\"https:\/\/www.ocean4future.org\/savetheocean\/wp-content\/uploads\/2016\/12\/teredo-navalis.jpg\" alt=\"\" width=\"691\" height=\"424\" srcset=\"https:\/\/www.ocean4future.org\/savetheocean\/wp-content\/uploads\/2016\/12\/teredo-navalis.jpg 388w, https:\/\/www.ocean4future.org\/savetheocean\/wp-content\/uploads\/2016\/12\/teredo-navalis-300x184.jpg 300w\" sizes=\"(max-width: 691px) 100vw, 691px\" \/><figcaption id=\"caption-attachment-11042\" class=\"wp-caption-text\"><strong><span style=\"color: #008000;\">Teredo navalis, Teredine<\/span><\/strong><\/figcaption><\/figure>\n<p style=\"text-align: justify;\"><strong><span style=\"color: #008000;\">Plutarco<\/span><\/strong> (46 \u2013 127 a.C.) descriveva come \u201cerbacce\u201d e \u201cmelme\u201c, le spazzature che colonizzavano e abitavano l\u2019opera viva: \u201c.<strong><span style=\"color: #008000;\">.. aggregazioni coloniali sedentarie di Foranavi (Teredini) e Remore a ventosa insieme a quel mondo animale di molluschi vermiformi e di popolamenti biologici\u2026<\/span> <\/strong>\u201d.<\/p>\n<p style=\"text-align: justify;\">La <span style=\"color: #008000;\"><strong>pece<\/strong><\/span> come \u00abcera\u00bb per ungere le navi venne descritta da <strong><span style=\"color: #008000;\">Plinio il Vecchio<\/span><\/strong> (23 \u2013 79 d.C.) come rimedio per impermeabilizzare il fasciame delle navi dalle teredini, un rimedio ampiamente usato dai Romani. Si tiravano a secco gli scafi, si inclinavano prima da un lato, poi dall\u2019altro rimuovendo le alghe e i crostacei, e quindi si stendeva un composto, detto \u00ab<strong><span style=\"color: #008000;\">spalmo<\/span><\/strong>\u00bb, formato da sego, olio di pesce, zolfo e \u00abcerussa\u00bb (biacca) o bianco di piombo mescolate tra loro o da un composto di calce ed arsenico per prevenire l\u2019attacco dei vermi che penetravano nelle fasciame cibandosi del&nbsp;legno.<\/p>\n<p><img decoding=\"async\" class=\"wp-image-40230\" src=\"https:\/\/www.ocean4future.org\/savetheocean\/wp-content\/uploads\/2020\/03\/foto31365.jpg\" alt=\"\" width=\"712\" height=\"457\" srcset=\"https:\/\/www.ocean4future.org\/savetheocean\/wp-content\/uploads\/2020\/03\/foto31365.jpg 480w, https:\/\/www.ocean4future.org\/savetheocean\/wp-content\/uploads\/2020\/03\/foto31365-300x193.jpg 300w, https:\/\/www.ocean4future.org\/savetheocean\/wp-content\/uploads\/2020\/03\/foto31365-460x295.jpg 460w\" sizes=\"(max-width: 712px) 100vw, 712px\" \/><\/p>\n<p align=\"justify\"><strong><span style=\"color: #008000;\">Nei porti i piccoli e medi bastimenti erano posti &#8220;alla banda&#8221; (o abbattuti) ossia inclinati su un bordo fino all&#8217;emersione della chiglia per la manutenzione (pulizia e calafataggio) dello scafo. Questa manovra era descritta come far carena o carenaggio &#8211; Foto da <span style=\"color: #3366ff;\"><a style=\"color: #3366ff;\" href=\"http:\/\/modellistinavali.forumattivo.com\/t2469-dizionario-di-termini-navali-dalla-a-alla-z\">Modellisti Navali Forum &#8211; Forumattivo<\/a><\/span><\/span><\/strong><\/p>\n<p style=\"text-align: justify;\">I <strong><span style=\"color: #008000;\">Fenici<\/span><\/strong> ( XIII a.C.) spalmavano le carene delle loro imbarcazioni di <strong><span style=\"color: #008000;\">bitume<\/span><\/strong> proveniente dal Mar Morto, mentre Greci, Persiani e poi anche i Romani le rivestivano di fogli metallici di bronzo, piombo e rame. Oltre alla pece e al bitume, furono usate in seguito sostanze dai nomi esotici pi\u00f9 strani come la <strong><span style=\"color: #008000;\">Dammar<\/span><\/strong>, proveniente dalla Indie Orientali, la <strong><span style=\"color: #008000;\">Colofonia <\/span><\/strong>o<strong><span style=\"color: #008000;\"> pece greca<\/span><\/strong>, la <strong><span style=\"color: #008000;\">Mastice dei pistacchi<\/span><\/strong> di Chio, la <strong><span style=\"color: #008000;\">Sandracca<\/span><\/strong> dell&#8217;Africa, l&#8217;<strong><span style=\"color: #008000;\">Ambra<\/span><\/strong> e la <strong><span style=\"color: #008000;\">resina Coppale<\/span> <\/strong>di Zanzibar.<\/p>\n<p style=\"text-align: justify;\">Si sperimentarono fino al XVII\/XVIII secolo varie tecniche per migliorare l\u2019efficienza di scorrimento e limitare il degrado del fasciame, arrivando a testare ed utilizzare per secoli come protezione anche l\u2019argento. Si us\u00f2 anche un espediente pi\u00f9 economico che consisteva nel ricoprire la carena con chiodi di ferro dalla larga testa triangolare (magliettatura); ma il rimedio si dimostr\u00f2 presto inefficace, con due inconvenienti, la ruggine che corrodeva i chiodi e la facilit\u00e0 con cui venivano espulsi a causa delle continue torsioni indotte dal movimento.<\/p>\n<p><img decoding=\"async\" class=\"wp-image-41305\" src=\"https:\/\/www.ocean4future.org\/savetheocean\/wp-content\/uploads\/2020\/03\/vascello-veneziano-esposto-alla-concia.jpg\" alt=\"\" width=\"884\" height=\"659\" srcset=\"https:\/\/www.ocean4future.org\/savetheocean\/wp-content\/uploads\/2020\/03\/vascello-veneziano-esposto-alla-concia.jpg 693w, https:\/\/www.ocean4future.org\/savetheocean\/wp-content\/uploads\/2020\/03\/vascello-veneziano-esposto-alla-concia-300x223.jpg 300w\" sizes=\"(max-width: 884px) 100vw, 884px\" \/><\/p>\n<p align=\"justify\"><strong><span style=\"color: #008000;\">nave veneziana sottoposta alla concia, operazione con cui si sostituivano il tavolato di protezione e, tramite fusione, la pece di impermeabilizzazione del fasciame &#8211; autore Enrico Pizzo &#8211; da <span style=\"color: #3366ff;\"><a style=\"color: #3366ff;\" href=\"https:\/\/www.facebook.com\/photo.php?fbid=10216289441450533&amp;set=gm.1841684212634595&amp;type=3&amp;theater&amp;ifg=1\">Storie e leggende venete<\/a><\/span><\/span><\/strong><\/p>\n<p style=\"text-align: justify;\">Intorno al 1700, gli Inglesi iniziarono a mettere nel fondo delle loro navi una guaina di rame, che respingeva gli organismi e offriva una carena ben levigata, un minore attrito all\u2019acqua, aumentando la velocit\u00e0 dei vascelli e una superiorit\u00e0 di veleggiare. Nel 1760 si inizi\u00f2 a rivestire gli scafi delle marine militari d\u2019Europa con sottili lastre e fogli di rame inchiodate a foderare la carena di legno. Il costo troppo caro della fodera di rame indusse alcuni costruttori di navi da traffico a sostituirle con fogli di zinco; ma la breve durata di questo metallo, troppo molle per poter resistere all\u2019azione corrosiva dell\u2019acqua di mare, ne fece abbandonare presto l\u2019uso.<\/p>\n<p><img decoding=\"async\" class=\"wp-image-41307 size-full\" src=\"https:\/\/www.ocean4future.org\/savetheocean\/wp-content\/uploads\/2020\/03\/rivestimenti-navi-antiche-teredini.jpg\" alt=\"\" width=\"960\" height=\"533\" srcset=\"https:\/\/www.ocean4future.org\/savetheocean\/wp-content\/uploads\/2020\/03\/rivestimenti-navi-antiche-teredini.jpg 960w, https:\/\/www.ocean4future.org\/savetheocean\/wp-content\/uploads\/2020\/03\/rivestimenti-navi-antiche-teredini-300x167.jpg 300w, https:\/\/www.ocean4future.org\/savetheocean\/wp-content\/uploads\/2020\/03\/rivestimenti-navi-antiche-teredini-768x426.jpg 768w\" sizes=\"(max-width: 960px) 100vw, 960px\" \/><\/p>\n<p align=\"justify\"><strong><span style=\"color: #008000;\">Nel XVIII secolo ai rivestimenti in piombo (in basso) si aggiunsero lastre di rame (in alto), da relitto spagnolo, Florida &#8211; photo credit @andrea mucedola<\/span><\/strong><\/p>\n<p style=\"text-align: justify;\">Per alcuni decenni, il rivestimento di rame fu di gran moda fino a quando scafi in acciaio entrarono in uso nel 1800 in quanto le cosiddette carene \u201cramate\u201d nascondevano l\u2019inconveniente di potersi applicare solo su scafi in legno, rappresentando un ostacolo allo sviluppo delle navi in ferro per via della corrosione galvanica. L\u2019acciaio da solo era impermeabile ai vermi, ma non al fango, alle alghe e ai denti di cane. Il successo del rame come guaina spinse quindi gli armatori a utilizzare per i loro scafi rivestimenti con vernici appropriate.<\/p>\n<p style=\"text-align: justify;\">Nacquero cos\u00ec i primi <strong><span style=\"color: #008000;\">biocidi<\/span><\/strong> ( dal greco bios = vita e dal latino caedere = uccidere),&nbsp; elementi chiave delle attuali vernici antivegetative, che inibiscono la formazione di incrostazioni biologiche con sostanze altamente tossiche che letteralmente \u201cuccidono la vita\u201d. Veri e propri veleni, inseriti nella mescola del prodotto, per la flora e fauna marina residente in prossimit\u00e0 dello scafo e che nel tempo vengono rilasciati in maniera controllata.<\/p>\n<p><strong><span style=\"color: #008000;\">Sacha Giannini<\/span><\/strong><\/p>\n<p>&nbsp;<\/p>\n<p>&nbsp;<\/p>\n<p style=\"text-align: justify;\">Alcune delle foto presenti in questo blog possono essere state prese dal web, pur rispettando la netiquette, citandone ove possibile gli autori e\/o le fonti. Se qualcuno desiderasse specificarne l\u2019autore o rimuoverle, pu\u00f2 scrivere a infoocean4future@gmail.com e provvederemo immediatamente alla correzione dell\u2019articolo.<\/p>\n<p><strong><span style=\"color: #008000;\"><br \/>\n<span style=\"color: #ffffff;\">.<\/span><br \/>\n<\/span><\/strong><\/p>\n<a class=\"maxbutton-3 maxbutton maxbutton-pagina-principale\" target=\"_blank\" title=\"tooltip\" rel=\"nofollow noopener\" href=\"http:\/\/www.ocean4future.org\"><span class='mb-text'>PAGINA PRINCIPALE - HOME PAGE<\/span><\/a>\n","protected":false},"excerpt":{"rendered":"<p><span class=\"span-reading-time rt-reading-time\" style=\"display: block;\"><span class=\"rt-label rt-prefix\">tempo di lettura: <\/span> <span class=\"rt-time\"> 4<\/span> <span class=\"rt-label rt-postfix\">minuti<\/span><\/span>. . ARGOMENTO: ARCHITETTURA NAVALE PERIODO: XXI SECOLO AREA: DIDATTICA parole chiave: trattamenti anti vegetativi, scafi, teredini &nbsp; Da millenni i marinai hanno cercato, assieme all\u2019arte di andar per mare, modi idonei per prevenire il \u201cbiofouling\u201d ( bio = vita e fouling = immondizia ) e quel complesso fenomeno marino dell\u2019incrostazione biologica. Un tempo sotto [&hellip;]<\/p>\n","protected":false},"author":2390,"featured_media":35562,"comment_status":"open","ping_status":"open","sticky":false,"template":"","format":"standard","meta":{"_acf_changed":false,"_monsterinsights_skip_tracking":false,"_monsterinsights_sitenote_active":false,"_monsterinsights_sitenote_note":"","_monsterinsights_sitenote_category":0,"footnotes":""},"categories":[1237],"tags":[],"class_list":["post-40227","post","type-post","status-publish","format-standard","has-post-thumbnail","hentry","category-marina-mercantile"],"acf":[],"yoast_head":"<!-- This site is optimized with the Yoast SEO plugin v27.4 - https:\/\/yoast.com\/product\/yoast-seo-wordpress\/ -->\n<title>La cura millenaria dello scafo delle navi &#8226; OCEAN4FUTURE autore<\/title>\n<meta name=\"robots\" content=\"index, follow, max-snippet:-1, max-image-preview:large, max-video-preview:-1\" \/>\n<link rel=\"canonical\" href=\"https:\/\/www.ocean4future.org\/savetheocean\/archives\/40227\" \/>\n<meta property=\"og:locale\" content=\"it_IT\" \/>\n<meta property=\"og:type\" content=\"article\" \/>\n<meta property=\"og:title\" content=\"La cura millenaria dello scafo delle navi &#8226; OCEAN4FUTURE autore\" \/>\n<meta property=\"og:description\" content=\"tempo di lettura:  4 minuti. . ARGOMENTO: ARCHITETTURA NAVALE PERIODO: XXI SECOLO AREA: DIDATTICA parole chiave: trattamenti anti vegetativi, scafi, teredini &nbsp; Da millenni i marinai hanno cercato, assieme all\u2019arte di andar per mare, modi idonei per prevenire il \u201cbiofouling\u201d ( bio = vita e fouling = immondizia ) e quel complesso fenomeno marino dell\u2019incrostazione biologica. Un tempo sotto [&hellip;]\" \/>\n<meta property=\"og:url\" content=\"https:\/\/www.ocean4future.org\/savetheocean\/archives\/40227\" \/>\n<meta property=\"og:site_name\" content=\"OCEAN4FUTURE\" \/>\n<meta property=\"article:published_time\" content=\"2020-03-22T23:10:00+00:00\" \/>\n<meta property=\"article:modified_time\" content=\"2023-08-19T06:24:53+00:00\" \/>\n<meta property=\"og:image\" content=\"https:\/\/www.ocean4future.org\/savetheocean\/wp-content\/uploads\/2019\/11\/dentidicaneIMG_7922.jpg\" \/>\n\t<meta property=\"og:image:width\" content=\"700\" \/>\n\t<meta property=\"og:image:height\" content=\"500\" \/>\n\t<meta property=\"og:image:type\" content=\"image\/jpeg\" \/>\n<meta name=\"author\" content=\"Sacha Giannini\" \/>\n<meta name=\"twitter:card\" content=\"summary_large_image\" \/>\n<meta name=\"twitter:creator\" content=\"@ocean4future\" \/>\n<meta name=\"twitter:site\" content=\"@ocean4future\" \/>\n<meta name=\"twitter:label1\" content=\"Scritto da\" \/>\n\t<meta name=\"twitter:data1\" content=\"Sacha Giannini\" \/>\n\t<meta name=\"twitter:label2\" content=\"Tempo di lettura stimato\" \/>\n\t<meta name=\"twitter:data2\" content=\"5 minuti\" \/>\n<script type=\"application\/ld+json\" class=\"yoast-schema-graph\">{\"@context\":\"https:\\\/\\\/schema.org\",\"@graph\":[{\"@type\":\"Article\",\"@id\":\"https:\\\/\\\/www.ocean4future.org\\\/savetheocean\\\/archives\\\/40227#article\",\"isPartOf\":{\"@id\":\"https:\\\/\\\/www.ocean4future.org\\\/savetheocean\\\/archives\\\/40227\"},\"author\":{\"name\":\"Sacha Giannini\",\"@id\":\"https:\\\/\\\/www.ocean4future.org\\\/savetheocean\\\/#\\\/schema\\\/person\\\/6e6304070edbca76950786f9914905bc\"},\"headline\":\"La cura millenaria dello scafo delle navi\",\"datePublished\":\"2020-03-22T23:10:00+00:00\",\"dateModified\":\"2023-08-19T06:24:53+00:00\",\"mainEntityOfPage\":{\"@id\":\"https:\\\/\\\/www.ocean4future.org\\\/savetheocean\\\/archives\\\/40227\"},\"wordCount\":945,\"commentCount\":0,\"publisher\":{\"@id\":\"https:\\\/\\\/www.ocean4future.org\\\/savetheocean\\\/#\\\/schema\\\/person\\\/4e1c26437054353074d7bb2efa77162c\"},\"image\":{\"@id\":\"https:\\\/\\\/www.ocean4future.org\\\/savetheocean\\\/archives\\\/40227#primaryimage\"},\"thumbnailUrl\":\"https:\\\/\\\/www.ocean4future.org\\\/savetheocean\\\/wp-content\\\/uploads\\\/2019\\\/11\\\/dentidicaneIMG_7922-e1739023038516.jpg\",\"articleSection\":[\"Marina mercantile\"],\"inLanguage\":\"it-IT\",\"potentialAction\":[{\"@type\":\"CommentAction\",\"name\":\"Comment\",\"target\":[\"https:\\\/\\\/www.ocean4future.org\\\/savetheocean\\\/archives\\\/40227#respond\"]}]},{\"@type\":\"WebPage\",\"@id\":\"https:\\\/\\\/www.ocean4future.org\\\/savetheocean\\\/archives\\\/40227\",\"url\":\"https:\\\/\\\/www.ocean4future.org\\\/savetheocean\\\/archives\\\/40227\",\"name\":\"La cura millenaria dello scafo delle navi &#8226; OCEAN4FUTURE autore\",\"isPartOf\":{\"@id\":\"https:\\\/\\\/www.ocean4future.org\\\/savetheocean\\\/#website\"},\"primaryImageOfPage\":{\"@id\":\"https:\\\/\\\/www.ocean4future.org\\\/savetheocean\\\/archives\\\/40227#primaryimage\"},\"image\":{\"@id\":\"https:\\\/\\\/www.ocean4future.org\\\/savetheocean\\\/archives\\\/40227#primaryimage\"},\"thumbnailUrl\":\"https:\\\/\\\/www.ocean4future.org\\\/savetheocean\\\/wp-content\\\/uploads\\\/2019\\\/11\\\/dentidicaneIMG_7922-e1739023038516.jpg\",\"datePublished\":\"2020-03-22T23:10:00+00:00\",\"dateModified\":\"2023-08-19T06:24:53+00:00\",\"breadcrumb\":{\"@id\":\"https:\\\/\\\/www.ocean4future.org\\\/savetheocean\\\/archives\\\/40227#breadcrumb\"},\"inLanguage\":\"it-IT\",\"potentialAction\":[{\"@type\":\"ReadAction\",\"target\":[\"https:\\\/\\\/www.ocean4future.org\\\/savetheocean\\\/archives\\\/40227\"]}]},{\"@type\":\"ImageObject\",\"inLanguage\":\"it-IT\",\"@id\":\"https:\\\/\\\/www.ocean4future.org\\\/savetheocean\\\/archives\\\/40227#primaryimage\",\"url\":\"https:\\\/\\\/www.ocean4future.org\\\/savetheocean\\\/wp-content\\\/uploads\\\/2019\\\/11\\\/dentidicaneIMG_7922-e1739023038516.jpg\",\"contentUrl\":\"https:\\\/\\\/www.ocean4future.org\\\/savetheocean\\\/wp-content\\\/uploads\\\/2019\\\/11\\\/dentidicaneIMG_7922-e1739023038516.jpg\",\"width\":600,\"height\":429},{\"@type\":\"BreadcrumbList\",\"@id\":\"https:\\\/\\\/www.ocean4future.org\\\/savetheocean\\\/archives\\\/40227#breadcrumb\",\"itemListElement\":[{\"@type\":\"ListItem\",\"position\":1,\"name\":\"Home\",\"item\":\"https:\\\/\\\/www.ocean4future.org\\\/savetheocean\"},{\"@type\":\"ListItem\",\"position\":2,\"name\":\"La cura millenaria dello scafo delle navi\"}]},{\"@type\":\"WebSite\",\"@id\":\"https:\\\/\\\/www.ocean4future.org\\\/savetheocean\\\/#website\",\"url\":\"https:\\\/\\\/www.ocean4future.org\\\/savetheocean\\\/\",\"name\":\"Ocean 4 Future\",\"description\":\"Per una nuova cultura del mare e della marittimit\u00e0\",\"publisher\":{\"@id\":\"https:\\\/\\\/www.ocean4future.org\\\/savetheocean\\\/#\\\/schema\\\/person\\\/4e1c26437054353074d7bb2efa77162c\"},\"potentialAction\":[{\"@type\":\"SearchAction\",\"target\":{\"@type\":\"EntryPoint\",\"urlTemplate\":\"https:\\\/\\\/www.ocean4future.org\\\/savetheocean\\\/?s={search_term_string}\"},\"query-input\":{\"@type\":\"PropertyValueSpecification\",\"valueRequired\":true,\"valueName\":\"search_term_string\"}}],\"inLanguage\":\"it-IT\"},{\"@type\":[\"Person\",\"Organization\"],\"@id\":\"https:\\\/\\\/www.ocean4future.org\\\/savetheocean\\\/#\\\/schema\\\/person\\\/4e1c26437054353074d7bb2efa77162c\",\"name\":\"oceandiver\",\"image\":{\"@type\":\"ImageObject\",\"inLanguage\":\"it-IT\",\"@id\":\"https:\\\/\\\/www.ocean4future.org\\\/savetheocean\\\/wp-content\\\/uploads\\\/2023\\\/04\\\/logo-ocean3.jpg\",\"url\":\"https:\\\/\\\/www.ocean4future.org\\\/savetheocean\\\/wp-content\\\/uploads\\\/2023\\\/04\\\/logo-ocean3.jpg\",\"contentUrl\":\"https:\\\/\\\/www.ocean4future.org\\\/savetheocean\\\/wp-content\\\/uploads\\\/2023\\\/04\\\/logo-ocean3.jpg\",\"width\":472,\"height\":301,\"caption\":\"oceandiver\"},\"logo\":{\"@id\":\"https:\\\/\\\/www.ocean4future.org\\\/savetheocean\\\/wp-content\\\/uploads\\\/2023\\\/04\\\/logo-ocean3.jpg\"}},{\"@type\":\"Person\",\"@id\":\"https:\\\/\\\/www.ocean4future.org\\\/savetheocean\\\/#\\\/schema\\\/person\\\/6e6304070edbca76950786f9914905bc\",\"name\":\"Sacha Giannini\",\"image\":{\"@type\":\"ImageObject\",\"inLanguage\":\"it-IT\",\"@id\":\"https:\\\/\\\/secure.gravatar.com\\\/avatar\\\/9a8abcafecbc17fe4f85b14d214245fbad62a514aca5bf8fcb539e2d8bcaa43f?s=96&d=mm&r=g\",\"url\":\"https:\\\/\\\/secure.gravatar.com\\\/avatar\\\/9a8abcafecbc17fe4f85b14d214245fbad62a514aca5bf8fcb539e2d8bcaa43f?s=96&d=mm&r=g\",\"contentUrl\":\"https:\\\/\\\/secure.gravatar.com\\\/avatar\\\/9a8abcafecbc17fe4f85b14d214245fbad62a514aca5bf8fcb539e2d8bcaa43f?s=96&d=mm&r=g\",\"caption\":\"Sacha Giannini\"},\"description\":\"architetto, yacht designer, perito navale ed ex ispettore di sicurezza del diporto per il rilascio delle certificazioni di sicurezza, \u00e8 un appassionato e profondo conoscitore delle imbarcazioni a vela che effettua valutazioni tecniche e stime commerciali. Dal 2000 esercita la professione di architetto, tra terra e mare, impegnato nell\u2019architettura come nel refitting di barche.\",\"sameAs\":[\"https:\\\/\\\/www.sachagiannini.it\\\/\"],\"url\":\"https:\\\/\\\/www.ocean4future.org\\\/savetheocean\\\/archives\\\/author\\\/sacha-giannini\"}]}<\/script>\n<!-- \/ Yoast SEO plugin. -->","yoast_head_json":{"title":"La cura millenaria dello scafo delle navi &#8226; OCEAN4FUTURE autore","robots":{"index":"index","follow":"follow","max-snippet":"max-snippet:-1","max-image-preview":"max-image-preview:large","max-video-preview":"max-video-preview:-1"},"canonical":"https:\/\/www.ocean4future.org\/savetheocean\/archives\/40227","og_locale":"it_IT","og_type":"article","og_title":"La cura millenaria dello scafo delle navi &#8226; OCEAN4FUTURE autore","og_description":"tempo di lettura:  4 minuti. . ARGOMENTO: ARCHITETTURA NAVALE PERIODO: XXI SECOLO AREA: DIDATTICA parole chiave: trattamenti anti vegetativi, scafi, teredini &nbsp; Da millenni i marinai hanno cercato, assieme all\u2019arte di andar per mare, modi idonei per prevenire il \u201cbiofouling\u201d ( bio = vita e fouling = immondizia ) e quel complesso fenomeno marino dell\u2019incrostazione biologica. Un tempo sotto [&hellip;]","og_url":"https:\/\/www.ocean4future.org\/savetheocean\/archives\/40227","og_site_name":"OCEAN4FUTURE","article_published_time":"2020-03-22T23:10:00+00:00","article_modified_time":"2023-08-19T06:24:53+00:00","og_image":[{"width":700,"height":500,"url":"https:\/\/www.ocean4future.org\/savetheocean\/wp-content\/uploads\/2019\/11\/dentidicaneIMG_7922.jpg","type":"image\/jpeg"}],"author":"Sacha Giannini","twitter_card":"summary_large_image","twitter_creator":"@ocean4future","twitter_site":"@ocean4future","twitter_misc":{"Scritto da":"Sacha Giannini","Tempo di lettura stimato":"5 minuti"},"schema":{"@context":"https:\/\/schema.org","@graph":[{"@type":"Article","@id":"https:\/\/www.ocean4future.org\/savetheocean\/archives\/40227#article","isPartOf":{"@id":"https:\/\/www.ocean4future.org\/savetheocean\/archives\/40227"},"author":{"name":"Sacha Giannini","@id":"https:\/\/www.ocean4future.org\/savetheocean\/#\/schema\/person\/6e6304070edbca76950786f9914905bc"},"headline":"La cura millenaria dello scafo delle navi","datePublished":"2020-03-22T23:10:00+00:00","dateModified":"2023-08-19T06:24:53+00:00","mainEntityOfPage":{"@id":"https:\/\/www.ocean4future.org\/savetheocean\/archives\/40227"},"wordCount":945,"commentCount":0,"publisher":{"@id":"https:\/\/www.ocean4future.org\/savetheocean\/#\/schema\/person\/4e1c26437054353074d7bb2efa77162c"},"image":{"@id":"https:\/\/www.ocean4future.org\/savetheocean\/archives\/40227#primaryimage"},"thumbnailUrl":"https:\/\/www.ocean4future.org\/savetheocean\/wp-content\/uploads\/2019\/11\/dentidicaneIMG_7922-e1739023038516.jpg","articleSection":["Marina mercantile"],"inLanguage":"it-IT","potentialAction":[{"@type":"CommentAction","name":"Comment","target":["https:\/\/www.ocean4future.org\/savetheocean\/archives\/40227#respond"]}]},{"@type":"WebPage","@id":"https:\/\/www.ocean4future.org\/savetheocean\/archives\/40227","url":"https:\/\/www.ocean4future.org\/savetheocean\/archives\/40227","name":"La cura millenaria dello scafo delle navi &#8226; OCEAN4FUTURE autore","isPartOf":{"@id":"https:\/\/www.ocean4future.org\/savetheocean\/#website"},"primaryImageOfPage":{"@id":"https:\/\/www.ocean4future.org\/savetheocean\/archives\/40227#primaryimage"},"image":{"@id":"https:\/\/www.ocean4future.org\/savetheocean\/archives\/40227#primaryimage"},"thumbnailUrl":"https:\/\/www.ocean4future.org\/savetheocean\/wp-content\/uploads\/2019\/11\/dentidicaneIMG_7922-e1739023038516.jpg","datePublished":"2020-03-22T23:10:00+00:00","dateModified":"2023-08-19T06:24:53+00:00","breadcrumb":{"@id":"https:\/\/www.ocean4future.org\/savetheocean\/archives\/40227#breadcrumb"},"inLanguage":"it-IT","potentialAction":[{"@type":"ReadAction","target":["https:\/\/www.ocean4future.org\/savetheocean\/archives\/40227"]}]},{"@type":"ImageObject","inLanguage":"it-IT","@id":"https:\/\/www.ocean4future.org\/savetheocean\/archives\/40227#primaryimage","url":"https:\/\/www.ocean4future.org\/savetheocean\/wp-content\/uploads\/2019\/11\/dentidicaneIMG_7922-e1739023038516.jpg","contentUrl":"https:\/\/www.ocean4future.org\/savetheocean\/wp-content\/uploads\/2019\/11\/dentidicaneIMG_7922-e1739023038516.jpg","width":600,"height":429},{"@type":"BreadcrumbList","@id":"https:\/\/www.ocean4future.org\/savetheocean\/archives\/40227#breadcrumb","itemListElement":[{"@type":"ListItem","position":1,"name":"Home","item":"https:\/\/www.ocean4future.org\/savetheocean"},{"@type":"ListItem","position":2,"name":"La cura millenaria dello scafo delle navi"}]},{"@type":"WebSite","@id":"https:\/\/www.ocean4future.org\/savetheocean\/#website","url":"https:\/\/www.ocean4future.org\/savetheocean\/","name":"Ocean 4 Future","description":"Per una nuova cultura del mare e della marittimit\u00e0","publisher":{"@id":"https:\/\/www.ocean4future.org\/savetheocean\/#\/schema\/person\/4e1c26437054353074d7bb2efa77162c"},"potentialAction":[{"@type":"SearchAction","target":{"@type":"EntryPoint","urlTemplate":"https:\/\/www.ocean4future.org\/savetheocean\/?s={search_term_string}"},"query-input":{"@type":"PropertyValueSpecification","valueRequired":true,"valueName":"search_term_string"}}],"inLanguage":"it-IT"},{"@type":["Person","Organization"],"@id":"https:\/\/www.ocean4future.org\/savetheocean\/#\/schema\/person\/4e1c26437054353074d7bb2efa77162c","name":"oceandiver","image":{"@type":"ImageObject","inLanguage":"it-IT","@id":"https:\/\/www.ocean4future.org\/savetheocean\/wp-content\/uploads\/2023\/04\/logo-ocean3.jpg","url":"https:\/\/www.ocean4future.org\/savetheocean\/wp-content\/uploads\/2023\/04\/logo-ocean3.jpg","contentUrl":"https:\/\/www.ocean4future.org\/savetheocean\/wp-content\/uploads\/2023\/04\/logo-ocean3.jpg","width":472,"height":301,"caption":"oceandiver"},"logo":{"@id":"https:\/\/www.ocean4future.org\/savetheocean\/wp-content\/uploads\/2023\/04\/logo-ocean3.jpg"}},{"@type":"Person","@id":"https:\/\/www.ocean4future.org\/savetheocean\/#\/schema\/person\/6e6304070edbca76950786f9914905bc","name":"Sacha Giannini","image":{"@type":"ImageObject","inLanguage":"it-IT","@id":"https:\/\/secure.gravatar.com\/avatar\/9a8abcafecbc17fe4f85b14d214245fbad62a514aca5bf8fcb539e2d8bcaa43f?s=96&d=mm&r=g","url":"https:\/\/secure.gravatar.com\/avatar\/9a8abcafecbc17fe4f85b14d214245fbad62a514aca5bf8fcb539e2d8bcaa43f?s=96&d=mm&r=g","contentUrl":"https:\/\/secure.gravatar.com\/avatar\/9a8abcafecbc17fe4f85b14d214245fbad62a514aca5bf8fcb539e2d8bcaa43f?s=96&d=mm&r=g","caption":"Sacha Giannini"},"description":"architetto, yacht designer, perito navale ed ex ispettore di sicurezza del diporto per il rilascio delle certificazioni di sicurezza, \u00e8 un appassionato e profondo conoscitore delle imbarcazioni a vela che effettua valutazioni tecniche e stime commerciali. Dal 2000 esercita la professione di architetto, tra terra e mare, impegnato nell\u2019architettura come nel refitting di barche.","sameAs":["https:\/\/www.sachagiannini.it\/"],"url":"https:\/\/www.ocean4future.org\/savetheocean\/archives\/author\/sacha-giannini"}]}},"_links":{"self":[{"href":"https:\/\/www.ocean4future.org\/savetheocean\/wp-json\/wp\/v2\/posts\/40227","targetHints":{"allow":["GET"]}}],"collection":[{"href":"https:\/\/www.ocean4future.org\/savetheocean\/wp-json\/wp\/v2\/posts"}],"about":[{"href":"https:\/\/www.ocean4future.org\/savetheocean\/wp-json\/wp\/v2\/types\/post"}],"author":[{"embeddable":true,"href":"https:\/\/www.ocean4future.org\/savetheocean\/wp-json\/wp\/v2\/users\/2390"}],"replies":[{"embeddable":true,"href":"https:\/\/www.ocean4future.org\/savetheocean\/wp-json\/wp\/v2\/comments?post=40227"}],"version-history":[{"count":0,"href":"https:\/\/www.ocean4future.org\/savetheocean\/wp-json\/wp\/v2\/posts\/40227\/revisions"}],"wp:featuredmedia":[{"embeddable":true,"href":"https:\/\/www.ocean4future.org\/savetheocean\/wp-json\/wp\/v2\/media\/35562"}],"wp:attachment":[{"href":"https:\/\/www.ocean4future.org\/savetheocean\/wp-json\/wp\/v2\/media?parent=40227"}],"wp:term":[{"taxonomy":"category","embeddable":true,"href":"https:\/\/www.ocean4future.org\/savetheocean\/wp-json\/wp\/v2\/categories?post=40227"},{"taxonomy":"post_tag","embeddable":true,"href":"https:\/\/www.ocean4future.org\/savetheocean\/wp-json\/wp\/v2\/tags?post=40227"}],"curies":[{"name":"wp","href":"https:\/\/api.w.org\/{rel}","templated":true}]}}