{"id":40098,"date":"2020-03-22T00:10:03","date_gmt":"2020-03-22T00:10:03","guid":{"rendered":"http:\/\/www.ocean4future.org\/?p=40098"},"modified":"2026-01-13T17:15:22","modified_gmt":"2026-01-13T16:15:22","slug":"protagonisti-del-mare-falco","status":"publish","type":"post","link":"https:\/\/www.ocean4future.org\/savetheocean\/archives\/40098","title":{"rendered":"Protagonisti del mare: Albert Falco (1927 &#8211; 2012)"},"content":{"rendered":"<span class=\"span-reading-time rt-reading-time\" style=\"display: block;\"><span class=\"rt-label rt-prefix\">tempo di lettura: <\/span> <span class=\"rt-time\"> 4<\/span> <span class=\"rt-label rt-postfix\">minuti<\/span><\/span><p><span style=\"color: #ffffff;\">.<\/span><br \/>\n<a class=\"maxbutton-4 maxbutton maxbutton-livello-di-comprensione\" href=\"javascript:void(0);\"><span class='mb-text'>livello elementare<\/span><\/a><br \/>\n<span style=\"color: #ffffff;\">.<\/span><br \/>\n<strong><span style=\"color: #008000;\">ARGOMENTO: SUBACQUEA<\/span><\/strong><br \/>\n<strong><span style=\"color: #008000;\">PERIODO: XX SECOLO<\/span><\/strong><br \/>\n<strong><span style=\"color: #008000;\">AREA: PROTAGONISTI DELLA SUBACQUEA<\/span><\/strong><br \/>\nparole chiave: Cousteau, Falco, Equipe, Calypso&nbsp;<\/p>\n<p>&nbsp;<\/p>\n<p style=\"text-align: justify;\">Molti di voi ricorderanno i documentari dell&#8217;<strong><span style=\"color: #008000;\">equipe Cousteau<\/span><\/strong>, che hanno in qualche modo avvicinato molti di noi alla subacquea. Si sa che un team \u00e8 di successo quando \u00e8 composto da uomini straordinari e nell&#8217;equipaggio della Calypso ve ne furono molti e oggi ricordiamo <strong><span style=\"color: #008000;\">Albert &#8220;B\u00e9bert&#8221; Falco<\/span><\/strong>, subacqueo, ricercatore e poi Comandante della <strong><span style=\"color: #008000;\">Calypso<\/span><\/strong>, la famosa nave oceanografica del comandante Cousteau.<\/p>\n<p style=\"text-align: justify;\">Il 21 aprile del 2012 Falco mor\u00ec nella sua casa di Marsiglia all&#8217;et\u00e0 di 84 anni dopo una vita dedicata alle immersioni e alla protezione del mondo sottomarino, solo alcuni giorni dopo la realizzazione del progetto a lui pi\u00f9 caro, il <strong><span style=\"color: #008000;\">Parco nazionale delle Calanques<\/span><\/strong>.<\/p>\n<p><img decoding=\"async\" src=\"https:\/\/www.ocean4future.org\/savetheocean\/wp-content\/uploads\/2023\/07\/SUBACQUEA-Albert_FALCO-703x1024.jpg\" alt=\"Questa immagine ha l'attributo alt vuoto; il nome del file \u00e8 SUBACQUEA-Albert_FALCO-703x1024.jpg\" width=\"703\" height=\"1024\"><\/p>\n<p align=\"JUSTIFY\"><strong><span style=\"color: #008000;\">Falco, 1975 &#8211; Fonte Archivi Beuchat International SAS &#8211; Autore sconosciuto (beneficiario: Beuchat International SAS)<\/span><\/strong> <a href=\"https:\/\/commons.wikimedia.org\/wiki\/File:Albert_FALCO.jpg\">Albert FALCO.jpg &#8211; Wikimedia Commons<\/a><\/p>\n<p style=\"text-align: justify;\"><strong><span style=\"color: #008000; font-size: 18pt;\">Un&nbsp; marsigliese alla conquista degli abissi<\/span><\/strong><br \/>\n&#8220;B\u00e9bert&#8221; nacque a Marsiglia il 17 ottobre 1927. dove incominci\u00f2 ad immergersi nella baia di Sormiou. Nel 1952, si un\u00ec alla squadra della Calypso inizialmente come operatore subacqueo volontario per una missione di scavo archeologico. Un&#8217;attivit\u00e0, quella della ricerca ed esplorazione subacquea, che persegu\u00ec fino al 1990. Il medico di bordo della Calipso, <strong><span style=\"color: #008000;\">Denis Martin-Laval<\/span><\/strong>, ricorda quando, nel 1955, Falco gli offr\u00ec di fare il battesimo subacqueo, un invito che non poteva essere rifiutato e Martin-Laval partecip\u00f2 per 15 anni a quelle straordinarie missioni negli oceani del mondo.<\/p>\n<p style=\"text-align: justify;\">Raccontare, in poche righe la sua vita \u00e8 riaprire un vecchio album di fotografie, che richiamano i documentari con Cousteau, le prime esplorazioni portate a livello mediatico degli abissi.&nbsp; Nel 1955, Albert Falco ricopr\u00ec uno dei ruoli principali nel film di Jacques-Yves Cousteau e Louis Malle, <strong><span style=\"color: #008000;\">Le Monde du silence<\/span><\/strong>, che ottenne nel 1956 la Palme d&#8217;or a Cannes e poi vinse l&#8217;Oscar.<\/p>\n<p style=\"text-align: justify;\">Nel 1962, Albert Falco e Claude Wesly furono i primi &#8220;oceanauti&#8221; a vivere sette giorni sott&#8217;acqua al largo dell&#8217;arcipelago di Frioul, di fronte a Marsiglia. Questa prima esperienza, chiamata <strong><span style=\"color: #008000;\">Precontinente<\/span><\/strong>, sar\u00e0 seguita da altre due, nel 1963 presso il sito di Shaab Rumi in Sudan (<strong><span style=\"color: #008000;\">Precontinente II<\/span><\/strong>).&nbsp; Falco e il suo team vissero in questi abitacoli subacquei per trenta giorni ad una profondit\u00e0 di almeno dieci metri, collocati fuori Nizza nel 1965 con la missione <strong><span style=\"color: #008000;\">Precontinente III<\/span><\/strong>.<\/p>\n<p style=\"text-align: justify;\">Falco divenne anche il capo pilota del <strong><span style=\"color: #008000;\">disco volante subacqueo &#8220;Denise&#8221;<\/span><\/strong>, che, nel 1959, dopo i primi test in mare divenne protagonista di molte immersioni profonde.&nbsp;<\/p>\n<p><img decoding=\"async\" class=\"alignnone size-full wp-image-40106\" src=\"https:\/\/www.ocean4future.org\/savetheocean\/wp-content\/uploads\/2020\/03\/Soucoupe_Plongeante.jpg\" alt=\"\" width=\"679\" height=\"452\" srcset=\"https:\/\/www.ocean4future.org\/savetheocean\/wp-content\/uploads\/2020\/03\/Soucoupe_Plongeante.jpg 679w, https:\/\/www.ocean4future.org\/savetheocean\/wp-content\/uploads\/2020\/03\/Soucoupe_Plongeante-300x200.jpg 300w\" sizes=\"(max-width: 679px) 100vw, 679px\" \/><\/p>\n<p style=\"text-align: justify;\">L&#8217;<strong><span style=\"color: #008000;\">SP-350 Denise<\/span><\/strong>, famoso come &#8220;Disco volante subacqueo&#8221; (<strong><span style=\"color: #008000;\">Soucoupe plongeante<\/span><\/strong>), era un piccolo sottomarino progettato per contenere due persone, in grado di esplorare profondit\u00e0 fino a 400 metri (1.300 piedi). Fu inventato da <strong><span style=\"color: #008000;\">Jacques-Yves Cousteau<\/span><\/strong> e dall&#8217;ingegnere <strong><span style=\"color: #008000;\">Jean Mollard<\/span><\/strong> presso il Centro francese per la ricerca subacquea ma fu costruito solo nell&#8217;anno 1959. La sua propulsione era costituita da getti d&#8217;acqua orientabili e alimentati elettricamente, che consentivano di navigare in tutte le direzioni, oltre a girare attorno al suo asse verticale. Per correggere l&#8217;atteggiamento dello scafo, il pilota doveva spostare una massa di zavorra di mercurio liquida.<\/p>\n<p style=\"text-align: justify;\">I membri dell&#8217;equipaggio entravano nell&#8217;imbarcazione attraverso un boccaporto sulla parte superiore dello scafo e si sdraiavano fianco a fianco su dei materassi per azionarlo, osservando l&#8217;ambiente circostante attraverso dei grandi obl\u00f2 inclinati per potersi avvicinare a pochi centimetri dal soggetto. Per le immersioni notturne e per le riprese era dotato di lampade elettriche che fornivano un&#8217;illuminazione potente anche a profondit\u00e0 di lavoro estreme. Un braccio manipolatore, azionato elettricamente, poteva essere montato nella parte anteriore dell&#8217;imbarcazione in modo da raccogliere oggetti sul fondo.<\/p>\n<p style=\"text-align: justify;\">Un mezzo per l&#8217;epoca straordinario con il quale <strong><span style=\"color: #008000;\">Albert<\/span> <span style=\"color: #008000;\">Falco<\/span><\/strong> effettu\u00f2 oltre trecento immersioni, per scopi scientifici e cinematografici, rimanendo a volte dalle 4 alle 5 ore a 350 metri di profondit\u00e0. La sua attivit\u00e0 a bordo della Calypso dur\u00f2 fino al 1990 ma, poco dopo, nel 1996, il glorioso ex dragamine francese Calypso affond\u00f2 a Singapore. La Calypso fu poi recuperata e riportata alla Rochelle dove si parlava di esporlo al Museo Marittimo della citt\u00e0 della Charentaise ma una battaglia legale tra il Team Cousteau (ex-Cousteau Foundation) e il cantiere Piriou a Concarneau (Finist\u00e8re), dove si trova oggi, ne imped\u00ec il restauro.<\/p>\n<figure id=\"attachment_40105\" aria-describedby=\"caption-attachment-40105\" style=\"width: 659px\" class=\"wp-caption alignnone\"><img decoding=\"async\" class=\"wp-image-40105\" src=\"https:\/\/www.ocean4future.org\/savetheocean\/wp-content\/uploads\/2020\/03\/Albert-Falco.png\" alt=\"\" width=\"659\" height=\"989\" srcset=\"https:\/\/www.ocean4future.org\/savetheocean\/wp-content\/uploads\/2020\/03\/Albert-Falco.png 330w, https:\/\/www.ocean4future.org\/savetheocean\/wp-content\/uploads\/2020\/03\/Albert-Falco-200x300.png 200w\" sizes=\"(max-width: 659px) 100vw, 659px\" \/><figcaption id=\"caption-attachment-40105\" class=\"wp-caption-text\"><strong><span style=\"color: #008000;\">Albert Falco con alle sue spalle la baia di Sormiou dove inizi\u00f2 negli anni &#8217;50 ad immergersi &#8211;&nbsp; credito Alain Foret<a href=\"https:\/\/commons.wikimedia.org\/wiki\/File:Albert-Falco.png\">Albert-Falco.png &#8211; Wikimedia Commons<\/a><\/span><\/strong><\/figcaption><\/figure>\n<p style=\"text-align: justify;\">Il capitano Falco, che dedic\u00f2 la sua vita al mondo del mare, non smise mai di educare gli uomini alla ricchezza e fragilit\u00e0 degli Oceani. Ad esempio, nel novembre 2011, sponsorizz\u00f2 a Fort-de-France la 2a Conferenza internazionale delle aree protette per i mammiferi marini. Fino all&#8217;ultimo continu\u00f2 ad immergersi e, nel dicembre 2011 (all&#8217;et\u00e0 di 83 anni) si immerse per filmare i cannoni di Fort St Louis.<\/p>\n<p style=\"text-align: justify;\">Una vita straordinaria il cui impegno per la protezione del mondo sottomarino, gli valse diverse distinzioni, in particolare l&#8217;<strong><span style=\"color: #008000;\">Ordine nazionale al merito<\/span><\/strong> e la <strong><span style=\"color: #008000;\">Legione d&#8217;onore<\/span><\/strong> e, nel 1964, in qualit\u00e0 di Direttore Scientifico della Fondazione Cousteau, il <strong><span style=\"color: #008000;\">Tridente d&#8217;Oro<\/span> <\/strong>dell&#8217;<span style=\"color: #008000;\"><strong>Accademia Internazionale delle Scienze e Tecniche Subacquee<\/strong><span style=\"color: #008000;\">, riconoscimeto ricevuto anni prima anche da Cousteau.<\/span><\/span><\/p>\n<p style=\"text-align: justify;\">In Martinica, dove pass\u00f2 molti periodi della sua vita, alla sua morte la Marina Nationale pos\u00f2 una targa sott&#8217;acqua, un ricordo di questo grande protagonista del mare \u2026 non un addio ma un arrivederci perch\u00e9 i subacquei come lui non muoiono mai, ma vanno ad immergersi in altri oceani.<\/p>\n<p>&nbsp;<\/p>\n<p>&nbsp;<\/p>\n<p style=\"text-align: justify;\">Alcune delle foto presenti in questo blog possono essere state prese dal web, citandone ove possibile gli autori e\/o le fonti. Se qualcuno desiderasse specificarne l\u2019autore o rimuoverle, pu\u00f2 scrivere a infoocean4future@gmail.com e provvederemo immediatamente alla correzione dell\u2019articolo<\/p>\n<p>&nbsp;<\/p>\n<a class=\"maxbutton-3 maxbutton maxbutton-pagina-principale\" target=\"_blank\" title=\"tooltip\" rel=\"nofollow noopener\" href=\"http:\/\/www.ocean4future.org\"><span class='mb-text'>PAGINA PRINCIPALE<\/span><\/a>\n","protected":false},"excerpt":{"rendered":"<p><span class=\"span-reading-time rt-reading-time\" style=\"display: block;\"><span class=\"rt-label rt-prefix\">tempo di lettura: <\/span> <span class=\"rt-time\"> 4<\/span> <span class=\"rt-label rt-postfix\">minuti<\/span><\/span>. . ARGOMENTO: SUBACQUEA PERIODO: XX SECOLO AREA: PROTAGONISTI DELLA SUBACQUEA parole chiave: Cousteau, Falco, Equipe, Calypso&nbsp; &nbsp; Molti di voi ricorderanno i documentari dell&#8217;equipe Cousteau, che hanno in qualche modo avvicinato molti di noi alla subacquea. Si sa che un team \u00e8 di successo quando \u00e8 composto da uomini straordinari e nell&#8217;equipaggio della Calypso [&hellip;]<\/p>\n","protected":false},"author":2380,"featured_media":40112,"comment_status":"open","ping_status":"open","sticky":false,"template":"","format":"standard","meta":{"_acf_changed":false,"_monsterinsights_skip_tracking":false,"_monsterinsights_sitenote_active":false,"_monsterinsights_sitenote_note":"","_monsterinsights_sitenote_category":0,"footnotes":""},"categories":[2314,84],"tags":[],"class_list":["post-40098","post","type-post","status-publish","format-standard","has-post-thumbnail","hentry","category-personaggi","category-storia-della-subacquea-cultura-del-mare"],"acf":[],"yoast_head":"<!-- This site is optimized with the Yoast SEO plugin v27.4 - https:\/\/yoast.com\/product\/yoast-seo-wordpress\/ -->\n<title>Protagonisti del mare: Albert Falco (1927 - 2012) &#8226; OCEAN4FUTURE autore<\/title>\n<meta name=\"robots\" content=\"index, follow, max-snippet:-1, max-image-preview:large, max-video-preview:-1\" \/>\n<link rel=\"canonical\" href=\"https:\/\/www.ocean4future.org\/savetheocean\/archives\/40098\" \/>\n<meta property=\"og:locale\" content=\"it_IT\" \/>\n<meta property=\"og:type\" content=\"article\" \/>\n<meta property=\"og:title\" content=\"Protagonisti del mare: Albert Falco (1927 - 2012) &#8226; OCEAN4FUTURE autore\" \/>\n<meta property=\"og:description\" content=\"tempo di lettura:  4 minuti. . ARGOMENTO: SUBACQUEA PERIODO: XX SECOLO AREA: PROTAGONISTI DELLA SUBACQUEA parole chiave: Cousteau, Falco, Equipe, Calypso&nbsp; &nbsp; Molti di voi ricorderanno i documentari dell&#8217;equipe Cousteau, che hanno in qualche modo avvicinato molti di noi alla subacquea. Si sa che un team \u00e8 di successo quando \u00e8 composto da uomini straordinari e nell&#8217;equipaggio della Calypso [&hellip;]\" \/>\n<meta property=\"og:url\" content=\"https:\/\/www.ocean4future.org\/savetheocean\/archives\/40098\" \/>\n<meta property=\"og:site_name\" content=\"OCEAN4FUTURE\" \/>\n<meta property=\"article:published_time\" content=\"2020-03-22T00:10:03+00:00\" \/>\n<meta property=\"article:modified_time\" content=\"2026-01-13T16:15:22+00:00\" \/>\n<meta property=\"og:image\" content=\"https:\/\/www.ocean4future.org\/savetheocean\/wp-content\/uploads\/2020\/03\/falco-.jpg\" \/>\n\t<meta property=\"og:image:width\" content=\"640\" \/>\n\t<meta property=\"og:image:height\" content=\"342\" \/>\n\t<meta property=\"og:image:type\" content=\"image\/jpeg\" \/>\n<meta name=\"author\" content=\"Andrea Mucedola\" \/>\n<meta name=\"twitter:card\" content=\"summary_large_image\" \/>\n<meta name=\"twitter:creator\" content=\"@ocean4future\" \/>\n<meta name=\"twitter:site\" content=\"@ocean4future\" \/>\n<meta name=\"twitter:label1\" content=\"Scritto da\" \/>\n\t<meta name=\"twitter:data1\" content=\"Andrea Mucedola\" \/>\n\t<meta name=\"twitter:label2\" content=\"Tempo di lettura stimato\" \/>\n\t<meta name=\"twitter:data2\" content=\"5 minuti\" \/>\n<script type=\"application\/ld+json\" class=\"yoast-schema-graph\">{\"@context\":\"https:\\\/\\\/schema.org\",\"@graph\":[{\"@type\":\"Article\",\"@id\":\"https:\\\/\\\/www.ocean4future.org\\\/savetheocean\\\/archives\\\/40098#article\",\"isPartOf\":{\"@id\":\"https:\\\/\\\/www.ocean4future.org\\\/savetheocean\\\/archives\\\/40098\"},\"author\":{\"name\":\"Andrea Mucedola\",\"@id\":\"https:\\\/\\\/www.ocean4future.org\\\/savetheocean\\\/#\\\/schema\\\/person\\\/252d25dcc5c002abcde7b2d4baa78f13\"},\"headline\":\"Protagonisti del mare: Albert Falco (1927 &#8211; 2012)\",\"datePublished\":\"2020-03-22T00:10:03+00:00\",\"dateModified\":\"2026-01-13T16:15:22+00:00\",\"mainEntityOfPage\":{\"@id\":\"https:\\\/\\\/www.ocean4future.org\\\/savetheocean\\\/archives\\\/40098\"},\"wordCount\":960,\"commentCount\":1,\"publisher\":{\"@id\":\"https:\\\/\\\/www.ocean4future.org\\\/savetheocean\\\/#\\\/schema\\\/person\\\/4e1c26437054353074d7bb2efa77162c\"},\"image\":{\"@id\":\"https:\\\/\\\/www.ocean4future.org\\\/savetheocean\\\/archives\\\/40098#primaryimage\"},\"thumbnailUrl\":\"https:\\\/\\\/www.ocean4future.org\\\/savetheocean\\\/wp-content\\\/uploads\\\/2020\\\/03\\\/falco-.jpg\",\"articleSection\":[\"Personaggi\",\"Storia della subacquea\"],\"inLanguage\":\"it-IT\",\"potentialAction\":[{\"@type\":\"CommentAction\",\"name\":\"Comment\",\"target\":[\"https:\\\/\\\/www.ocean4future.org\\\/savetheocean\\\/archives\\\/40098#respond\"]}]},{\"@type\":\"WebPage\",\"@id\":\"https:\\\/\\\/www.ocean4future.org\\\/savetheocean\\\/archives\\\/40098\",\"url\":\"https:\\\/\\\/www.ocean4future.org\\\/savetheocean\\\/archives\\\/40098\",\"name\":\"Protagonisti del mare: Albert Falco (1927 - 2012) &#8226; OCEAN4FUTURE autore\",\"isPartOf\":{\"@id\":\"https:\\\/\\\/www.ocean4future.org\\\/savetheocean\\\/#website\"},\"primaryImageOfPage\":{\"@id\":\"https:\\\/\\\/www.ocean4future.org\\\/savetheocean\\\/archives\\\/40098#primaryimage\"},\"image\":{\"@id\":\"https:\\\/\\\/www.ocean4future.org\\\/savetheocean\\\/archives\\\/40098#primaryimage\"},\"thumbnailUrl\":\"https:\\\/\\\/www.ocean4future.org\\\/savetheocean\\\/wp-content\\\/uploads\\\/2020\\\/03\\\/falco-.jpg\",\"datePublished\":\"2020-03-22T00:10:03+00:00\",\"dateModified\":\"2026-01-13T16:15:22+00:00\",\"breadcrumb\":{\"@id\":\"https:\\\/\\\/www.ocean4future.org\\\/savetheocean\\\/archives\\\/40098#breadcrumb\"},\"inLanguage\":\"it-IT\",\"potentialAction\":[{\"@type\":\"ReadAction\",\"target\":[\"https:\\\/\\\/www.ocean4future.org\\\/savetheocean\\\/archives\\\/40098\"]}]},{\"@type\":\"ImageObject\",\"inLanguage\":\"it-IT\",\"@id\":\"https:\\\/\\\/www.ocean4future.org\\\/savetheocean\\\/archives\\\/40098#primaryimage\",\"url\":\"https:\\\/\\\/www.ocean4future.org\\\/savetheocean\\\/wp-content\\\/uploads\\\/2020\\\/03\\\/falco-.jpg\",\"contentUrl\":\"https:\\\/\\\/www.ocean4future.org\\\/savetheocean\\\/wp-content\\\/uploads\\\/2020\\\/03\\\/falco-.jpg\",\"width\":640,\"height\":342},{\"@type\":\"BreadcrumbList\",\"@id\":\"https:\\\/\\\/www.ocean4future.org\\\/savetheocean\\\/archives\\\/40098#breadcrumb\",\"itemListElement\":[{\"@type\":\"ListItem\",\"position\":1,\"name\":\"Home\",\"item\":\"https:\\\/\\\/www.ocean4future.org\\\/savetheocean\"},{\"@type\":\"ListItem\",\"position\":2,\"name\":\"Protagonisti del mare: Albert Falco (1927 &#8211; 2012)\"}]},{\"@type\":\"WebSite\",\"@id\":\"https:\\\/\\\/www.ocean4future.org\\\/savetheocean\\\/#website\",\"url\":\"https:\\\/\\\/www.ocean4future.org\\\/savetheocean\\\/\",\"name\":\"Ocean 4 Future\",\"description\":\"Per una nuova cultura del mare e della marittimit\u00e0\",\"publisher\":{\"@id\":\"https:\\\/\\\/www.ocean4future.org\\\/savetheocean\\\/#\\\/schema\\\/person\\\/4e1c26437054353074d7bb2efa77162c\"},\"potentialAction\":[{\"@type\":\"SearchAction\",\"target\":{\"@type\":\"EntryPoint\",\"urlTemplate\":\"https:\\\/\\\/www.ocean4future.org\\\/savetheocean\\\/?s={search_term_string}\"},\"query-input\":{\"@type\":\"PropertyValueSpecification\",\"valueRequired\":true,\"valueName\":\"search_term_string\"}}],\"inLanguage\":\"it-IT\"},{\"@type\":[\"Person\",\"Organization\"],\"@id\":\"https:\\\/\\\/www.ocean4future.org\\\/savetheocean\\\/#\\\/schema\\\/person\\\/4e1c26437054353074d7bb2efa77162c\",\"name\":\"oceandiver\",\"image\":{\"@type\":\"ImageObject\",\"inLanguage\":\"it-IT\",\"@id\":\"https:\\\/\\\/www.ocean4future.org\\\/savetheocean\\\/wp-content\\\/uploads\\\/2023\\\/04\\\/logo-ocean3.jpg\",\"url\":\"https:\\\/\\\/www.ocean4future.org\\\/savetheocean\\\/wp-content\\\/uploads\\\/2023\\\/04\\\/logo-ocean3.jpg\",\"contentUrl\":\"https:\\\/\\\/www.ocean4future.org\\\/savetheocean\\\/wp-content\\\/uploads\\\/2023\\\/04\\\/logo-ocean3.jpg\",\"width\":472,\"height\":301,\"caption\":\"oceandiver\"},\"logo\":{\"@id\":\"https:\\\/\\\/www.ocean4future.org\\\/savetheocean\\\/wp-content\\\/uploads\\\/2023\\\/04\\\/logo-ocean3.jpg\"}},{\"@type\":\"Person\",\"@id\":\"https:\\\/\\\/www.ocean4future.org\\\/savetheocean\\\/#\\\/schema\\\/person\\\/252d25dcc5c002abcde7b2d4baa78f13\",\"name\":\"Andrea Mucedola\",\"image\":{\"@type\":\"ImageObject\",\"inLanguage\":\"it-IT\",\"@id\":\"https:\\\/\\\/secure.gravatar.com\\\/avatar\\\/befc97e7f9e17a6b60a3969a83be976bdb6f8fc3d0b55cb27b11ae85db4b6240?s=96&d=mm&r=g\",\"url\":\"https:\\\/\\\/secure.gravatar.com\\\/avatar\\\/befc97e7f9e17a6b60a3969a83be976bdb6f8fc3d0b55cb27b11ae85db4b6240?s=96&d=mm&r=g\",\"contentUrl\":\"https:\\\/\\\/secure.gravatar.com\\\/avatar\\\/befc97e7f9e17a6b60a3969a83be976bdb6f8fc3d0b55cb27b11ae85db4b6240?s=96&d=mm&r=g\",\"caption\":\"Andrea Mucedola\"},\"description\":\"ammiraglio della Marina Militare Italiana (riserva), \u00e8 laureato in Scienze Marittime della Difesa presso l\u2019Universit\u00e0 di Pisa ed in Scienze Politiche cum laude all\u2019Universit\u00e0 di Trieste. Analista di Maritime Security, collabora con numerosi Centri di studi e analisi geopolitici italiani ed internazionali. Ricercatore subacqueo scientifico dal 1993, nel 2019, ha ricevuto il Tridente d'oro dell'Accademia delle Scienze e Tecniche Subacquee per la divulgazione della cultura del mare. Fa parte del Comitato scientifico della Fondazione Atlantide e della Scuola internazionale Subacquei scientifici (ISSD - AIOSS).\",\"sameAs\":[\"http:\\\/\\\/www.ocean4future.org\"],\"url\":\"https:\\\/\\\/www.ocean4future.org\\\/savetheocean\\\/archives\\\/author\\\/andrea-mucedola\"}]}<\/script>\n<!-- \/ Yoast SEO plugin. -->","yoast_head_json":{"title":"Protagonisti del mare: Albert Falco (1927 - 2012) &#8226; OCEAN4FUTURE autore","robots":{"index":"index","follow":"follow","max-snippet":"max-snippet:-1","max-image-preview":"max-image-preview:large","max-video-preview":"max-video-preview:-1"},"canonical":"https:\/\/www.ocean4future.org\/savetheocean\/archives\/40098","og_locale":"it_IT","og_type":"article","og_title":"Protagonisti del mare: Albert Falco (1927 - 2012) &#8226; OCEAN4FUTURE autore","og_description":"tempo di lettura:  4 minuti. . ARGOMENTO: SUBACQUEA PERIODO: XX SECOLO AREA: PROTAGONISTI DELLA SUBACQUEA parole chiave: Cousteau, Falco, Equipe, Calypso&nbsp; &nbsp; Molti di voi ricorderanno i documentari dell&#8217;equipe Cousteau, che hanno in qualche modo avvicinato molti di noi alla subacquea. Si sa che un team \u00e8 di successo quando \u00e8 composto da uomini straordinari e nell&#8217;equipaggio della Calypso [&hellip;]","og_url":"https:\/\/www.ocean4future.org\/savetheocean\/archives\/40098","og_site_name":"OCEAN4FUTURE","article_published_time":"2020-03-22T00:10:03+00:00","article_modified_time":"2026-01-13T16:15:22+00:00","og_image":[{"width":640,"height":342,"url":"https:\/\/www.ocean4future.org\/savetheocean\/wp-content\/uploads\/2020\/03\/falco-.jpg","type":"image\/jpeg"}],"author":"Andrea Mucedola","twitter_card":"summary_large_image","twitter_creator":"@ocean4future","twitter_site":"@ocean4future","twitter_misc":{"Scritto da":"Andrea Mucedola","Tempo di lettura stimato":"5 minuti"},"schema":{"@context":"https:\/\/schema.org","@graph":[{"@type":"Article","@id":"https:\/\/www.ocean4future.org\/savetheocean\/archives\/40098#article","isPartOf":{"@id":"https:\/\/www.ocean4future.org\/savetheocean\/archives\/40098"},"author":{"name":"Andrea Mucedola","@id":"https:\/\/www.ocean4future.org\/savetheocean\/#\/schema\/person\/252d25dcc5c002abcde7b2d4baa78f13"},"headline":"Protagonisti del mare: Albert Falco (1927 &#8211; 2012)","datePublished":"2020-03-22T00:10:03+00:00","dateModified":"2026-01-13T16:15:22+00:00","mainEntityOfPage":{"@id":"https:\/\/www.ocean4future.org\/savetheocean\/archives\/40098"},"wordCount":960,"commentCount":1,"publisher":{"@id":"https:\/\/www.ocean4future.org\/savetheocean\/#\/schema\/person\/4e1c26437054353074d7bb2efa77162c"},"image":{"@id":"https:\/\/www.ocean4future.org\/savetheocean\/archives\/40098#primaryimage"},"thumbnailUrl":"https:\/\/www.ocean4future.org\/savetheocean\/wp-content\/uploads\/2020\/03\/falco-.jpg","articleSection":["Personaggi","Storia della subacquea"],"inLanguage":"it-IT","potentialAction":[{"@type":"CommentAction","name":"Comment","target":["https:\/\/www.ocean4future.org\/savetheocean\/archives\/40098#respond"]}]},{"@type":"WebPage","@id":"https:\/\/www.ocean4future.org\/savetheocean\/archives\/40098","url":"https:\/\/www.ocean4future.org\/savetheocean\/archives\/40098","name":"Protagonisti del mare: Albert Falco (1927 - 2012) &#8226; OCEAN4FUTURE autore","isPartOf":{"@id":"https:\/\/www.ocean4future.org\/savetheocean\/#website"},"primaryImageOfPage":{"@id":"https:\/\/www.ocean4future.org\/savetheocean\/archives\/40098#primaryimage"},"image":{"@id":"https:\/\/www.ocean4future.org\/savetheocean\/archives\/40098#primaryimage"},"thumbnailUrl":"https:\/\/www.ocean4future.org\/savetheocean\/wp-content\/uploads\/2020\/03\/falco-.jpg","datePublished":"2020-03-22T00:10:03+00:00","dateModified":"2026-01-13T16:15:22+00:00","breadcrumb":{"@id":"https:\/\/www.ocean4future.org\/savetheocean\/archives\/40098#breadcrumb"},"inLanguage":"it-IT","potentialAction":[{"@type":"ReadAction","target":["https:\/\/www.ocean4future.org\/savetheocean\/archives\/40098"]}]},{"@type":"ImageObject","inLanguage":"it-IT","@id":"https:\/\/www.ocean4future.org\/savetheocean\/archives\/40098#primaryimage","url":"https:\/\/www.ocean4future.org\/savetheocean\/wp-content\/uploads\/2020\/03\/falco-.jpg","contentUrl":"https:\/\/www.ocean4future.org\/savetheocean\/wp-content\/uploads\/2020\/03\/falco-.jpg","width":640,"height":342},{"@type":"BreadcrumbList","@id":"https:\/\/www.ocean4future.org\/savetheocean\/archives\/40098#breadcrumb","itemListElement":[{"@type":"ListItem","position":1,"name":"Home","item":"https:\/\/www.ocean4future.org\/savetheocean"},{"@type":"ListItem","position":2,"name":"Protagonisti del mare: Albert Falco (1927 &#8211; 2012)"}]},{"@type":"WebSite","@id":"https:\/\/www.ocean4future.org\/savetheocean\/#website","url":"https:\/\/www.ocean4future.org\/savetheocean\/","name":"Ocean 4 Future","description":"Per una nuova cultura del mare e della marittimit\u00e0","publisher":{"@id":"https:\/\/www.ocean4future.org\/savetheocean\/#\/schema\/person\/4e1c26437054353074d7bb2efa77162c"},"potentialAction":[{"@type":"SearchAction","target":{"@type":"EntryPoint","urlTemplate":"https:\/\/www.ocean4future.org\/savetheocean\/?s={search_term_string}"},"query-input":{"@type":"PropertyValueSpecification","valueRequired":true,"valueName":"search_term_string"}}],"inLanguage":"it-IT"},{"@type":["Person","Organization"],"@id":"https:\/\/www.ocean4future.org\/savetheocean\/#\/schema\/person\/4e1c26437054353074d7bb2efa77162c","name":"oceandiver","image":{"@type":"ImageObject","inLanguage":"it-IT","@id":"https:\/\/www.ocean4future.org\/savetheocean\/wp-content\/uploads\/2023\/04\/logo-ocean3.jpg","url":"https:\/\/www.ocean4future.org\/savetheocean\/wp-content\/uploads\/2023\/04\/logo-ocean3.jpg","contentUrl":"https:\/\/www.ocean4future.org\/savetheocean\/wp-content\/uploads\/2023\/04\/logo-ocean3.jpg","width":472,"height":301,"caption":"oceandiver"},"logo":{"@id":"https:\/\/www.ocean4future.org\/savetheocean\/wp-content\/uploads\/2023\/04\/logo-ocean3.jpg"}},{"@type":"Person","@id":"https:\/\/www.ocean4future.org\/savetheocean\/#\/schema\/person\/252d25dcc5c002abcde7b2d4baa78f13","name":"Andrea Mucedola","image":{"@type":"ImageObject","inLanguage":"it-IT","@id":"https:\/\/secure.gravatar.com\/avatar\/befc97e7f9e17a6b60a3969a83be976bdb6f8fc3d0b55cb27b11ae85db4b6240?s=96&d=mm&r=g","url":"https:\/\/secure.gravatar.com\/avatar\/befc97e7f9e17a6b60a3969a83be976bdb6f8fc3d0b55cb27b11ae85db4b6240?s=96&d=mm&r=g","contentUrl":"https:\/\/secure.gravatar.com\/avatar\/befc97e7f9e17a6b60a3969a83be976bdb6f8fc3d0b55cb27b11ae85db4b6240?s=96&d=mm&r=g","caption":"Andrea Mucedola"},"description":"ammiraglio della Marina Militare Italiana (riserva), \u00e8 laureato in Scienze Marittime della Difesa presso l\u2019Universit\u00e0 di Pisa ed in Scienze Politiche cum laude all\u2019Universit\u00e0 di Trieste. Analista di Maritime Security, collabora con numerosi Centri di studi e analisi geopolitici italiani ed internazionali. Ricercatore subacqueo scientifico dal 1993, nel 2019, ha ricevuto il Tridente d'oro dell'Accademia delle Scienze e Tecniche Subacquee per la divulgazione della cultura del mare. Fa parte del Comitato scientifico della Fondazione Atlantide e della Scuola internazionale Subacquei scientifici (ISSD - AIOSS).","sameAs":["http:\/\/www.ocean4future.org"],"url":"https:\/\/www.ocean4future.org\/savetheocean\/archives\/author\/andrea-mucedola"}]}},"_links":{"self":[{"href":"https:\/\/www.ocean4future.org\/savetheocean\/wp-json\/wp\/v2\/posts\/40098","targetHints":{"allow":["GET"]}}],"collection":[{"href":"https:\/\/www.ocean4future.org\/savetheocean\/wp-json\/wp\/v2\/posts"}],"about":[{"href":"https:\/\/www.ocean4future.org\/savetheocean\/wp-json\/wp\/v2\/types\/post"}],"author":[{"embeddable":true,"href":"https:\/\/www.ocean4future.org\/savetheocean\/wp-json\/wp\/v2\/users\/2380"}],"replies":[{"embeddable":true,"href":"https:\/\/www.ocean4future.org\/savetheocean\/wp-json\/wp\/v2\/comments?post=40098"}],"version-history":[{"count":0,"href":"https:\/\/www.ocean4future.org\/savetheocean\/wp-json\/wp\/v2\/posts\/40098\/revisions"}],"wp:featuredmedia":[{"embeddable":true,"href":"https:\/\/www.ocean4future.org\/savetheocean\/wp-json\/wp\/v2\/media\/40112"}],"wp:attachment":[{"href":"https:\/\/www.ocean4future.org\/savetheocean\/wp-json\/wp\/v2\/media?parent=40098"}],"wp:term":[{"taxonomy":"category","embeddable":true,"href":"https:\/\/www.ocean4future.org\/savetheocean\/wp-json\/wp\/v2\/categories?post=40098"},{"taxonomy":"post_tag","embeddable":true,"href":"https:\/\/www.ocean4future.org\/savetheocean\/wp-json\/wp\/v2\/tags?post=40098"}],"curies":[{"name":"wp","href":"https:\/\/api.w.org\/{rel}","templated":true}]}}