{"id":3997,"date":"2018-03-29T02:00:28","date_gmt":"2018-03-29T02:00:28","guid":{"rendered":"http:\/\/www.ocean4future.org\/savetheocean\/?p=3997"},"modified":"2025-11-30T19:06:05","modified_gmt":"2025-11-30T18:06:05","slug":"il-vento-ed-il-mare-di-andrea-mucedola","status":"publish","type":"post","link":"https:\/\/www.ocean4future.org\/savetheocean\/archives\/3997","title":{"rendered":"Il vento ed il mare"},"content":{"rendered":"<span class=\"span-reading-time rt-reading-time\" style=\"display: block;\"><span class=\"rt-label rt-prefix\">tempo di lettura: <\/span> <span class=\"rt-time\"> 6<\/span> <span class=\"rt-label rt-postfix\">minuti<\/span><\/span><p>&nbsp;<\/p>\n<p><a class=\"maxbutton-4 maxbutton maxbutton-livello-di-comprensione\" href=\"javascript:void(0);\"><span class='mb-text'>livello elementare<\/span><\/a><br \/>\n<span style=\"color: #ffffff;\">.<\/span><br \/>\n<strong><span style=\"color: #008000;\">ARGOMENTO: OCEANOGRAFIA E METEOROLOGIA<\/span><\/strong><br \/>\n<strong><span style=\"color: #008000;\">PERIODO: XXI SECOLO<\/span><\/strong><br \/>\n<strong><span style=\"color: #008000;\">AREA: DIDATTICA<\/span><\/strong><br \/>\nparole chiave: vento<br \/>\n<span style=\"color: #ffffff;\">.<\/span><\/p>\n<p style=\"text-align: justify;\"><span style=\"font-size: 18pt;\"><strong><span style=\"color: #008000;\">Vento e mare<\/span><\/strong><\/span> &#8230; spesso anche noti giornalisti della televisione parlano erroneamente di <span style=\"color: #ff0000;\"><strong><em>mare forza 7<\/em><\/strong><\/span>, ignorando che la misura della<strong><span style=\"color: #008000;\"> forza \u00e8 solo del vento<\/span><\/strong> mentre per il mare si parla di stato. Oggi parliamo, con la dovuta leggerezza, di vento e di mare, da oltre diecimila anni inseparabili compagni di avventura di tutti i marinai.<\/p>\n<p style=\"text-align: justify;\"><strong><a title=\"Citazione dal film Blow di George Jung\" href=\"https:\/\/aforismi.meglio.it\/frase-film.htm?id=b033\"><span style=\"color: #008000;\">Che tu possa avere, sempre, il vento in poppa, che il sole ti risplenda in viso e che il vento del destino ti porti in alto a danzare con le stelle<\/span><\/a><span style=\"color: #008000;\">. <\/span><\/strong>George Jung\u00a0(<a href=\"https:\/\/www.pensieriparole.it\/frasi-film\/attore\/johnny-depp\/\">Johnny Depp<\/a>) dal film &#8220;<a class=\"value\" href=\"https:\/\/www.pensieriparole.it\/frasi-film\/blow-(2001)\/\">Blow<\/a>&#8220;<\/p>\n<p style=\"text-align: justify;\"><strong><span style=\"color: #008000; font-size: 20px;\">Ma che cos&#8217;\u00e8 il vento?<\/span><br \/>\n<\/strong>La conoscenza del vento \u00e8 importante per determinare le condizioni che ci dovremo aspettare nella zona di mare dove transiteremo.\u00a0<strong><span style=\"color: #008000;\">Il vento \u00e8 il movimento di una massa d\u2019aria da un\u2019area di\u00a0<a class=\"mw-redirect\" style=\"color: #008000;\" title=\"Alta pressione\" href=\"http:\/\/it.wikipedia.org\/wiki\/Alta_pressione\">alta pressione<\/a> (<i>anticiclonica<\/i>) ad un\u2019area di\u00a0<a class=\"mw-redirect\" style=\"color: #008000;\" title=\"Bassa pressione\" href=\"http:\/\/it.wikipedia.org\/wiki\/Bassa_pressione\">bassa pressione<\/a> (<i>ciclonica<\/i>).<\/span><\/strong><\/p>\n<p><img decoding=\"async\" src=\"https:\/\/www.ocean4future.org\/savetheocean\/wp-content\/uploads\/2023\/05\/genesi-del-vento-andrea-mucedola.png\" alt=\"Questa immagine ha l'attributo alt vuoto; il nome del file \u00e8 genesi-del-vento-andrea-mucedola.png\" \/><\/p>\n<p style=\"text-align: justify;\">Il vento si definisce con una <strong><span style=\"color: #008000;\">direzione<\/span><\/strong> (da 000 a 359) e con un&#8217;<strong><span style=\"color: #008000;\">intensit\u00e0<\/span><\/strong> che pu\u00f2 essere espressa in nodi (miglia all&#8217;ora), in chilometri all&#8217;ora o in metri al secondo. La loro relazione \u00e8 di circa:<\/p>\n<p style=\"text-align: justify;\"><strong><span style=\"color: #008000;\">un chilometro all&#8217;ora (km\/h) = 0.27 m\/s<\/span><\/strong><br \/>\n<strong><span style=\"color: #008000;\">un metro al secondo (m\/s) = 3.6 km\/h<\/span><\/strong><br \/>\n<strong><span style=\"color: #008000;\">un nodo equivale a 1.852 km\/h<\/span><\/strong><\/p>\n<p style=\"text-align: justify;\">Da secoli i marinai hanno usato diversi nomi per i venti rappresentati sulla rosa dei venti, legati alla loro zona di mare di origine. Per chi volesse memorizzare quelli mediterranei che troviamo sulla rosa dei venti esiste un semplice acronimo (da leggere in senso orario): <strong><span style=\"color: #008000;\">TRAGRELESCIMELIPOMA<\/span><\/strong>\u00a0dalle iniziali dei venti letti in senso orario da\u00a0<strong><span style=\"color: #008000;\">TRA<\/span><\/strong> (TRAMONTANA),\u00a0<strong><span style=\"color: #008000;\">GRE<\/span><\/strong> (GRECALE),\u00a0<strong><span style=\"color: #008000;\">LE<\/span><\/strong> (LEVANTE),<strong><span style=\"color: #008000;\"> SCI<\/span><\/strong> (SCIROCCO), <strong><span style=\"color: #008000;\">ME<\/span><\/strong> (MEZZOGIORNO detto anche OSTRO), <strong><span style=\"color: #008000;\">LI<\/span> <\/strong>(LIBECCIO), <strong><span style=\"color: #008000;\">PO<\/span><\/strong> (PONENTE), <strong><span style=\"color: #008000;\">MA<\/span><\/strong> (MAESTRALE). Vi ricordo che i venti si leggono da dove vengono, per cui la <strong><span style=\"color: #008000;\">Tramontana<\/span><\/strong> viene da Nord e va verso Sud mentre il <strong><span style=\"color: #008000;\">Mezzogiorno<\/span><\/strong> viene da Sud e va verso Nord.<\/p>\n<p><img decoding=\"async\" src=\"https:\/\/www.ocean4future.org\/savetheocean\/wp-content\/uploads\/2023\/05\/ROSA-DEI-VENTI--1024x672.png\" alt=\"Questa immagine ha l'attributo alt vuoto; il nome del file \u00e8 ROSA-DEI-VENTI--1024x672.png\" width=\"1024\" height=\"672\" \/><\/p>\n<p align=\"justify\"><strong><span style=\"color: #008000;\">rosa dei venti @andrea mucedola<\/span><\/strong><\/p>\n<p style=\"text-align: justify;\">Un valore importante per i naviganti\u00a0\u00e8 la previsione della forza o intensit\u00e0 del vento espressa in nodi. L\u2019<strong><span style=\"color: #008000;\">intensit\u00e0 del vento <\/span><\/strong>varia se misurata a livello del mare o in quota.<strong><span style=\"color: #008000;\">\u00a0<\/span><\/strong>Un tempo veniva riportata sulle mappe meteorologiche stampate dagli apparati MUFAX, (utilizzati sulle navi e nelle stazioni meteo terrestri per la ricezione di mappe meteorologiche e foto via radio). In quelle macchine, i segnali audio venivano convertiti in impulsi di corrente che creavano un&#8217;immagine meteo molto elementare ma immediatamente leggibile. Oggi questi apparati sono praticamente scomparsi e sono stati sostituiti dai siti meteorologici su internet che consentono non solo la stampa delle mappe ma anche la valutazione dei cambiamenti delle masse d&#8217;aria nel tempo. <strong><span style=\"color: #008000;\">Per gli usi dei naviganti e di coloro che effettuano attivit\u00e0 in mare, come i subacquei, i motonauti ed i velici, le carte meteo di primo riferimento sono quelle che riportano la direzione e l&#8217;intensit\u00e0\u00a0 del vento riferita ai 10 metri dal suolo.\u00a0<\/span><\/strong><\/p>\n<p><img decoding=\"async\" src=\"https:\/\/www.ocean4future.org\/savetheocean\/wp-content\/uploads\/2023\/05\/situazione-del-vento-consorzio-lamma.png\" alt=\"Questa immagine ha l'attributo alt vuoto; il nome del file \u00e8 situazione-del-vento-consorzio-lamma.png\" width=\"850\" height=\"657\" \/><\/p>\n<p align=\"justify\"><strong><span style=\"color: #008000;\">Una mappa che mostra la direzione del vento elaborata tramite dei modelli matematici (ovviamente per il giorno indicato in alto a sinistra, 13 maggio 2023) &#8211; dati aggiornati della situazione del vento attuale si possono trovare su\u00a0<\/span><\/strong> <a href=\"http:\/\/www.lamma.rete.toscana.it\/mare\/modelli\/vento-e-mare\">http:\/\/www.lamma.rete.toscana.it\/mare\/modelli\/vento-e-mare<\/a><\/p>\n<p style=\"text-align: justify;\"><span style=\"font-size: 18pt;\"><strong><span style=\"color: #008000;\">Come leggerle<\/span><\/strong><\/span><br \/>\nL&#8217;Intensit\u00e0 del vento dipende dal <span style=\"color: #008000;\"><strong><i>gradiente barico<\/i><\/strong><\/span>, che pu\u00f2 essere apprezzata\u00a0dalla distanza fra le isobare (linee di ugual pressione) riportate sulle carte isobariche che\u00a0 rappresentano i campi di alta pressione e bassa pressione sulle carte meteorologiche.<\/p>\n<p><img decoding=\"async\" src=\"https:\/\/www.ocean4future.org\/savetheocean\/wp-content\/uploads\/2021\/03\/carta-barica.jpg\" alt=\"Questa immagine ha l'attributo alt vuoto; il nome del file \u00e8 carta-barica.jpg\" width=\"836\" height=\"665\" \/><\/p>\n<p align=\"justify\"><strong><span style=\"color: #008000;\">carta che mostra la situazione barica. La distanza fra le isobare, ovvero delle linee dei punti di ugual pressione, ci fa comprendere l&#8217;intensit\u00e0 del vento (pi\u00f9 esse sono ravvicinate maggiore \u00e8 il vento). Con la lettera H si identificano le aree di alta pressione\u00a0 e con T quelle di bassa pressione &#8211; i fronti freddi sono colorati in blu, quelli caldi in rosso\u00a0<\/span><\/strong><\/p>\n<p style=\"text-align: justify;\">Ad esempio, nella carta superiore si osserva, ad ovest dell\u2019Irlanda, un\u2019area di bassa\u00a0 pressione indicata con la lettera T (o L), caratterizzata da isobare molto strette. In quella zona, per variazioni legate alla variazione rapida della pressione, le isobare sono pi\u00f9 ravvicinate e quindi i venti sono pi\u00f9 forti e fanno predire uno stato del mare proibitivo. Sulle carte sono rappresentati anche i fronti freddi, generati dal <strong><span style=\"color: #008000;\">minimo di pressione<\/span><\/strong> (L &#8211; Low). Essi si generano dal centro della depressione fino a raggiungere lunghezze anche di migliaia di chilometri. Nel nostro emisfero (Boreale) si dirigono generalmente da nord verso sud, per poi piegare verso sud-est. Lungo i fronti si verificano le\u00a0 precipitazioni temporalesche che tendono ad attenuarsi al passaggio del fronte. Ad ogni isobara \u00e8 associato un valore di pressione espresso in hPa o mbar.<\/p>\n<p>Si pu\u00f2 stimare la direzione del <strong><span style=\"color: #008000;\">vento al suolo\u00a0<\/span><\/strong>considerando che non scorre lungo le isobare ma, a causa dell&#8217;attrito al suolo, le interseca con un angolo di circa 30 gradi su terra o di 10 gradi sul mare. Intorno ai sistemi di bassa pressione (caratterizzati dalle lettere B, L o T) il vento ruota in senso antiorario deviando verso il centro. Questo \u00e8 il motivo per cui si producono fenomeni di convergenza al suolo e moti ascensionali che favoriscono la condensazione e la formazione di nubi (i classici cumulonembi) che vengono poi seguiti dalle piogge.<\/p>\n<p style=\"text-align: justify;\"><span style=\"font-size: 18pt;\"><strong><span style=\"color: #008000;\">Leggere il vento<\/span><\/strong><\/span><br \/>\n<img decoding=\"async\" class=\"alignleft\" src=\"https:\/\/www.ocean4future.org\/savetheocean\/wp-content\/uploads\/2023\/05\/120px-Anemometer_weather_station_clip.gif\" alt=\"Questa immagine ha l'attributo alt vuoto; il nome del file \u00e8 120px-Anemometer_weather_station_clip.gif\" width=\"244\" height=\"183\" \/>Come abbiamo detto, l\u2019intensit\u00e0 del vento diminuisce man mano che ci si avvicina al suolo per via dell\u2019attrito con la superficie terrestre. I marinai, ma non solo, la misurano con uno strumento, chiamato <strong><span style=\"color: #008000;\">anemometro<\/span><\/strong>, composto da delle palette o coppette che fanno ruotare un asse. I &#8220;giri&#8217; effettuati in un determinato tempo danno un valore di intensit\u00e0 (ad esempio 20 nodi).\u00a0\u00a0Ne esistono di molti tipi che possono essere interfacciati con i sistemi moderni di controllo della navigazione nautica. Monitorare le variazioni dell&#8217;intensit\u00e0 del vento fornisce al marinaio un importante informazione necessaria, ad esempio, per stimare gli effetti sulla velocit\u00e0 di trasferimento della sua <strong><span style=\"color: #008000;\">imbarcazione in mare<\/span>.\u00a0<\/strong>In funzione <span style=\"color: #000000;\">dell&#8217;intensit\u00e0<\/span>\u00a0del vento in nodi possiamo definire il vento. Ad esempio per venti compresi tra 34 a 40 nodi parliamo di vento di burrasca.<\/p>\n<p><span style=\"font-size: 18pt;\"><strong><span style=\"color: #008000;\">Scala Beaufort<\/span><\/strong><\/span><\/p>\n<p><img decoding=\"async\" src=\"https:\/\/www.ocean4future.org\/savetheocean\/wp-content\/uploads\/2024\/04\/Screenshot-2024-04-14-194005.png\" alt=\"Questa immagine ha l'attributo alt vuoto; il nome del file \u00e8 Screenshot-2024-04-14-194005.png\" \/><\/p>\n<p style=\"text-align: justify;\"><span style=\"font-size: 18pt;\"><strong><span style=\"color: #008000;\">Passiamo ora al mare<\/span><\/strong><\/span><br \/>\n<strong style=\"text-align: justify;\"><span style=\"color: #008000;\">Come abbiamo predetto, la misura del mare, che influenza fortemente la sicurezza della navigazione e della subacquea, \u00e8 sempre legata al fattore vento.\u00a0<\/span><\/strong><strong><span style=\"text-align: justify; color: #008000;\">Un\u00a0errore ricorrente \u00e8 di parlare <span style=\"text-decoration: underline;\">di forza<\/span> per il mare (ad esempio dire mare forza 4 &#8230; \u00e8 sbagliato e si dovrebbe dire MARE 4). In realt\u00e0 la forza \u00e8 <span style=\"text-decoration: underline;\">solo<\/span> del vento. <\/span><\/strong><\/p>\n<p style=\"text-align: justify;\"><span style=\"text-align: justify;\">Oltre alla direzione del moto ondoso, \u00e8 importante definire l\u2019altezza probabile\u00a0delle onde (in metri), che pu\u00f2 essere dedotta dalla scala Douglas per il mare aperto che vedremo fra poco.\u00a0<\/span>Dal punto di vista idrografico, il mare viene anch&#8217;esso definito con una misura angolare di direzione, riferita al nord magnetico, ovvero mare 300 significa che <span style=\"text-decoration: underline;\">va<\/span> verso 300. Lo stato del mare viene quindi definito\u00a0con un numero assoluto che deriva dall&#8217;intensit\u00e0 del vento a cui \u00e8 sottoposto che crea un&#8217;altezza delle onde specifica. Questo valore lo leggiamo sulla\u00a0<strong><span style=\"color: #008000;\">scala di Douglas<\/span><\/strong>.<\/p>\n<p><strong><span style=\"color: #008000;\"><span style=\"font-size: 20px;\">\u00a0Scala di Douglas<\/span><br \/>\n<img decoding=\"async\" src=\"https:\/\/www.ocean4future.org\/savetheocean\/wp-content\/uploads\/2024\/04\/Screenshot-2024-04-14-194316.png\" alt=\"Questa immagine ha l'attributo alt vuoto; il nome del file \u00e8 Screenshot-2024-04-14-194316.png\" \/> La direzione del mare, a differenza di quella del vento, \u00e8 la direzione dove il mare va. Per ricordarci la differenza, ricordate che\u00a0<span style=\"color: #008000;\">i<\/span>l vento viene ed il mare va.\u00a0<\/span><\/strong><\/p>\n<div class=\"panel_b\"><strong><span style=\"color: #008000; font-size: 20px;\">Valutazione del fetch<\/span><strong><span style=\"color: #008000;\"><br \/>\n<\/span><\/strong><\/strong><\/p>\n<p style=\"text-align: justify;\">Non ultimo un&#8217;importante concetto che pu\u00f2 aiutarvi a comprendere le aree dove ci possiamo aspettarci un mare con onde importanti. Nelle baie e nei mari interni, in prossimit\u00e0 della costa e con venti provenienti da terra, le onde risultano generalmente meno alte e ripide di quelle in alto mare. Questo dipende dalla quantit\u00e0 di superficie marina battuta dal vento, detta <strong><span style=\"color: #008000;\">fetch; pi\u00f9 precisamente<\/span> <span style=\"color: #008000;\">il fetch \u00e8 la superficie marina su cui spira il vento ed entro cui avviene la generazione del moto ondoso<\/span><\/strong>. Dove esiste un fetch maggiore, quando queste aree sono sottoposte a forti venti, si generano onde di maggiore grandezza e quindi si incontra un mare con uno stato maggiore. Se il vento varia di direzione avvengono cambiamenti significativi del mare; in particolare se il vento ruota di 180 gradi il mare tender\u00e0 a calmarsi (essendo contrastato lo stato iniziale), se di 90 gradi, si otterr\u00e0 un mare incrociato formato da treni di onda con la direzione originale ed altri provenienti dalla nuova direzione del vento.<\/p>\n<p style=\"text-align: justify;\">Ricordatevi sempre che<strong><span style=\"color: #008000;\"> il vento viene<\/span> <\/strong>(ad esempio secondo la rosa dei venti la Tramontana viene da Nord) <strong><span style=\"color: #008000;\">mentre il mare va<\/span><\/strong> (il mare sottoposto a Tramontana va verso Sud quindi sar\u00e0 un mare con direzione 180\u00b0). In un prossimo articolo parleremo degli effetti del vento sulle rotte e come, attraverso opportune correzioni, possiamo mitigarli. Per il momento &#8230;\u00a0 buon vento a tutti.<\/p>\n<p><strong><span style=\"color: #008000;\">in anteprima la rotazione dei venti intorno alle aree di alta e bassa pressione nell&#8217;emisfero boreale @andrea mucedola<\/span><\/strong><\/p>\n<p>&nbsp;<\/p>\n<p style=\"text-align: justify;\">Alcune delle immagini possono essere state prese dal web, citandone ove possibile gli autori e\/o le fonti. Se qualcuno desiderasse specificarne l\u2019autore o rimuoverle, pu\u00f2 scrivere a infoocean4future@gmail.com e provvederemo immediatamente alla correzione dell\u2019articolo<br \/>\n<span style=\"color: #ffffff;\">.<\/span><\/p>\n<p><a class=\"maxbutton-3 maxbutton maxbutton-pagina-principale\" target=\"_blank\" title=\"tooltip\" rel=\"nofollow noopener\" href=\"http:\/\/www.ocean4future.org\"><span class='mb-text'>PAGINA PRINCIPALE<\/span><\/a><br \/>\n<span style=\"color: #ffffff;\">.<\/span><\/p>\n<p><span style=\"color: #ffffff;\">.<\/span><\/p>\n<\/div>\n","protected":false},"excerpt":{"rendered":"<p><span class=\"span-reading-time rt-reading-time\" style=\"display: block;\"><span class=\"rt-label rt-prefix\">tempo di lettura: <\/span> <span class=\"rt-time\"> 6<\/span> <span class=\"rt-label rt-postfix\">minuti<\/span><\/span>&nbsp; . ARGOMENTO: OCEANOGRAFIA E METEOROLOGIA PERIODO: XXI SECOLO AREA: DIDATTICA parole chiave: vento . Vento e mare &#8230; spesso anche noti giornalisti della televisione parlano erroneamente di mare forza 7, ignorando che la misura della forza \u00e8 solo del vento mentre per il mare si parla di stato. Oggi parliamo, con la dovuta leggerezza, [&hellip;]<\/p>\n","protected":false},"author":2380,"featured_media":90269,"comment_status":"closed","ping_status":"open","sticky":false,"template":"","format":"standard","meta":{"_acf_changed":false,"_monsterinsights_skip_tracking":false,"_monsterinsights_sitenote_active":false,"_monsterinsights_sitenote_note":"","_monsterinsights_sitenote_category":0,"footnotes":""},"categories":[28],"tags":[1607],"class_list":["post-3997","post","type-post","status-publish","format-standard","has-post-thumbnail","hentry","category-eventi","tag-meteorologia"],"acf":[],"yoast_head":"<!-- This site is optimized with the Yoast SEO plugin v27.4 - https:\/\/yoast.com\/product\/yoast-seo-wordpress\/ -->\n<title>Il vento ed il mare &#8226; OCEAN4FUTURE autore<\/title>\n<meta name=\"robots\" content=\"index, follow, max-snippet:-1, max-image-preview:large, max-video-preview:-1\" \/>\n<link rel=\"canonical\" href=\"https:\/\/www.ocean4future.org\/savetheocean\/archives\/3997\" \/>\n<meta property=\"og:locale\" content=\"it_IT\" \/>\n<meta property=\"og:type\" content=\"article\" \/>\n<meta property=\"og:title\" content=\"Il vento ed il mare &#8226; OCEAN4FUTURE autore\" \/>\n<meta property=\"og:description\" content=\"Vento e mare \u2026 spesso anche noti giornalisti della televisione parlano erroneamente di mare forza 7, forse ignorando che la misura della forza \u00e8 solo del vento mentre per il mare si parla di stato. Oggi parliamo di vento e di mare, da oltre diecimila anni inseparabili compagni di avventura dei marinai. Ma che cos\u2019\u00e8\u2026\" \/>\n<meta property=\"og:url\" content=\"https:\/\/www.ocean4future.org\/savetheocean\/archives\/3997\" \/>\n<meta property=\"og:site_name\" content=\"OCEAN4FUTURE\" \/>\n<meta property=\"article:published_time\" content=\"2018-03-29T02:00:28+00:00\" \/>\n<meta property=\"article:modified_time\" content=\"2025-11-30T18:06:05+00:00\" \/>\n<meta property=\"og:image\" content=\"https:\/\/www.ocean4future.org\/savetheocean\/wp-content\/uploads\/2018\/03\/METEO-CIRCOLAZIONE-VENTI-.png\" \/>\n\t<meta property=\"og:image:width\" content=\"1220\" \/>\n\t<meta property=\"og:image:height\" content=\"683\" \/>\n\t<meta property=\"og:image:type\" content=\"image\/png\" \/>\n<meta name=\"author\" content=\"Andrea Mucedola\" \/>\n<meta name=\"twitter:card\" content=\"summary_large_image\" \/>\n<meta name=\"twitter:creator\" content=\"@ocean4future\" \/>\n<meta name=\"twitter:site\" content=\"@ocean4future\" \/>\n<meta name=\"twitter:label1\" content=\"Scritto da\" \/>\n\t<meta name=\"twitter:data1\" content=\"Andrea Mucedola\" \/>\n\t<meta name=\"twitter:label2\" content=\"Tempo di lettura stimato\" \/>\n\t<meta name=\"twitter:data2\" content=\"10 minuti\" \/>\n<script type=\"application\/ld+json\" class=\"yoast-schema-graph\">{\"@context\":\"https:\\\/\\\/schema.org\",\"@graph\":[{\"@type\":\"Article\",\"@id\":\"https:\\\/\\\/www.ocean4future.org\\\/savetheocean\\\/archives\\\/3997#article\",\"isPartOf\":{\"@id\":\"https:\\\/\\\/www.ocean4future.org\\\/savetheocean\\\/archives\\\/3997\"},\"author\":{\"name\":\"Andrea Mucedola\",\"@id\":\"https:\\\/\\\/www.ocean4future.org\\\/savetheocean\\\/#\\\/schema\\\/person\\\/252d25dcc5c002abcde7b2d4baa78f13\"},\"headline\":\"Il vento ed il mare\",\"datePublished\":\"2018-03-29T02:00:28+00:00\",\"dateModified\":\"2025-11-30T18:06:05+00:00\",\"mainEntityOfPage\":{\"@id\":\"https:\\\/\\\/www.ocean4future.org\\\/savetheocean\\\/archives\\\/3997\"},\"wordCount\":1488,\"publisher\":{\"@id\":\"https:\\\/\\\/www.ocean4future.org\\\/savetheocean\\\/#\\\/schema\\\/person\\\/4e1c26437054353074d7bb2efa77162c\"},\"image\":{\"@id\":\"https:\\\/\\\/www.ocean4future.org\\\/savetheocean\\\/archives\\\/3997#primaryimage\"},\"thumbnailUrl\":\"https:\\\/\\\/www.ocean4future.org\\\/savetheocean\\\/wp-content\\\/uploads\\\/2018\\\/03\\\/METEO-CIRCOLAZIONE-VENTI-.png\",\"keywords\":[\"meteorologia\"],\"articleSection\":[\"Meteorologia e stato del mare\"],\"inLanguage\":\"it-IT\"},{\"@type\":\"WebPage\",\"@id\":\"https:\\\/\\\/www.ocean4future.org\\\/savetheocean\\\/archives\\\/3997\",\"url\":\"https:\\\/\\\/www.ocean4future.org\\\/savetheocean\\\/archives\\\/3997\",\"name\":\"Il vento ed il mare &#8226; OCEAN4FUTURE autore\",\"isPartOf\":{\"@id\":\"https:\\\/\\\/www.ocean4future.org\\\/savetheocean\\\/#website\"},\"primaryImageOfPage\":{\"@id\":\"https:\\\/\\\/www.ocean4future.org\\\/savetheocean\\\/archives\\\/3997#primaryimage\"},\"image\":{\"@id\":\"https:\\\/\\\/www.ocean4future.org\\\/savetheocean\\\/archives\\\/3997#primaryimage\"},\"thumbnailUrl\":\"https:\\\/\\\/www.ocean4future.org\\\/savetheocean\\\/wp-content\\\/uploads\\\/2018\\\/03\\\/METEO-CIRCOLAZIONE-VENTI-.png\",\"datePublished\":\"2018-03-29T02:00:28+00:00\",\"dateModified\":\"2025-11-30T18:06:05+00:00\",\"breadcrumb\":{\"@id\":\"https:\\\/\\\/www.ocean4future.org\\\/savetheocean\\\/archives\\\/3997#breadcrumb\"},\"inLanguage\":\"it-IT\",\"potentialAction\":[{\"@type\":\"ReadAction\",\"target\":[\"https:\\\/\\\/www.ocean4future.org\\\/savetheocean\\\/archives\\\/3997\"]}]},{\"@type\":\"ImageObject\",\"inLanguage\":\"it-IT\",\"@id\":\"https:\\\/\\\/www.ocean4future.org\\\/savetheocean\\\/archives\\\/3997#primaryimage\",\"url\":\"https:\\\/\\\/www.ocean4future.org\\\/savetheocean\\\/wp-content\\\/uploads\\\/2018\\\/03\\\/METEO-CIRCOLAZIONE-VENTI-.png\",\"contentUrl\":\"https:\\\/\\\/www.ocean4future.org\\\/savetheocean\\\/wp-content\\\/uploads\\\/2018\\\/03\\\/METEO-CIRCOLAZIONE-VENTI-.png\",\"width\":1220,\"height\":683},{\"@type\":\"BreadcrumbList\",\"@id\":\"https:\\\/\\\/www.ocean4future.org\\\/savetheocean\\\/archives\\\/3997#breadcrumb\",\"itemListElement\":[{\"@type\":\"ListItem\",\"position\":1,\"name\":\"Home\",\"item\":\"https:\\\/\\\/www.ocean4future.org\\\/savetheocean\"},{\"@type\":\"ListItem\",\"position\":2,\"name\":\"Il vento ed il mare\"}]},{\"@type\":\"WebSite\",\"@id\":\"https:\\\/\\\/www.ocean4future.org\\\/savetheocean\\\/#website\",\"url\":\"https:\\\/\\\/www.ocean4future.org\\\/savetheocean\\\/\",\"name\":\"Ocean 4 Future\",\"description\":\"Per una nuova cultura del mare e della marittimit\u00e0\",\"publisher\":{\"@id\":\"https:\\\/\\\/www.ocean4future.org\\\/savetheocean\\\/#\\\/schema\\\/person\\\/4e1c26437054353074d7bb2efa77162c\"},\"potentialAction\":[{\"@type\":\"SearchAction\",\"target\":{\"@type\":\"EntryPoint\",\"urlTemplate\":\"https:\\\/\\\/www.ocean4future.org\\\/savetheocean\\\/?s={search_term_string}\"},\"query-input\":{\"@type\":\"PropertyValueSpecification\",\"valueRequired\":true,\"valueName\":\"search_term_string\"}}],\"inLanguage\":\"it-IT\"},{\"@type\":[\"Person\",\"Organization\"],\"@id\":\"https:\\\/\\\/www.ocean4future.org\\\/savetheocean\\\/#\\\/schema\\\/person\\\/4e1c26437054353074d7bb2efa77162c\",\"name\":\"oceandiver\",\"image\":{\"@type\":\"ImageObject\",\"inLanguage\":\"it-IT\",\"@id\":\"https:\\\/\\\/www.ocean4future.org\\\/savetheocean\\\/wp-content\\\/uploads\\\/2023\\\/04\\\/logo-ocean3.jpg\",\"url\":\"https:\\\/\\\/www.ocean4future.org\\\/savetheocean\\\/wp-content\\\/uploads\\\/2023\\\/04\\\/logo-ocean3.jpg\",\"contentUrl\":\"https:\\\/\\\/www.ocean4future.org\\\/savetheocean\\\/wp-content\\\/uploads\\\/2023\\\/04\\\/logo-ocean3.jpg\",\"width\":472,\"height\":301,\"caption\":\"oceandiver\"},\"logo\":{\"@id\":\"https:\\\/\\\/www.ocean4future.org\\\/savetheocean\\\/wp-content\\\/uploads\\\/2023\\\/04\\\/logo-ocean3.jpg\"}},{\"@type\":\"Person\",\"@id\":\"https:\\\/\\\/www.ocean4future.org\\\/savetheocean\\\/#\\\/schema\\\/person\\\/252d25dcc5c002abcde7b2d4baa78f13\",\"name\":\"Andrea Mucedola\",\"image\":{\"@type\":\"ImageObject\",\"inLanguage\":\"it-IT\",\"@id\":\"https:\\\/\\\/secure.gravatar.com\\\/avatar\\\/befc97e7f9e17a6b60a3969a83be976bdb6f8fc3d0b55cb27b11ae85db4b6240?s=96&d=mm&r=g\",\"url\":\"https:\\\/\\\/secure.gravatar.com\\\/avatar\\\/befc97e7f9e17a6b60a3969a83be976bdb6f8fc3d0b55cb27b11ae85db4b6240?s=96&d=mm&r=g\",\"contentUrl\":\"https:\\\/\\\/secure.gravatar.com\\\/avatar\\\/befc97e7f9e17a6b60a3969a83be976bdb6f8fc3d0b55cb27b11ae85db4b6240?s=96&d=mm&r=g\",\"caption\":\"Andrea Mucedola\"},\"description\":\"ammiraglio della Marina Militare Italiana (riserva), \u00e8 laureato in Scienze Marittime della Difesa presso l\u2019Universit\u00e0 di Pisa ed in Scienze Politiche cum laude all\u2019Universit\u00e0 di Trieste. Analista di Maritime Security, collabora con numerosi Centri di studi e analisi geopolitici italiani ed internazionali. Ricercatore subacqueo scientifico dal 1993, nel 2019, ha ricevuto il Tridente d'oro dell'Accademia delle Scienze e Tecniche Subacquee per la divulgazione della cultura del mare. Fa parte del Comitato scientifico della Fondazione Atlantide e della Scuola internazionale Subacquei scientifici (ISSD - AIOSS).\",\"sameAs\":[\"http:\\\/\\\/www.ocean4future.org\"],\"url\":\"https:\\\/\\\/www.ocean4future.org\\\/savetheocean\\\/archives\\\/author\\\/andrea-mucedola\"}]}<\/script>\n<!-- \/ Yoast SEO plugin. -->","yoast_head_json":{"title":"Il vento ed il mare &#8226; OCEAN4FUTURE autore","robots":{"index":"index","follow":"follow","max-snippet":"max-snippet:-1","max-image-preview":"max-image-preview:large","max-video-preview":"max-video-preview:-1"},"canonical":"https:\/\/www.ocean4future.org\/savetheocean\/archives\/3997","og_locale":"it_IT","og_type":"article","og_title":"Il vento ed il mare &#8226; OCEAN4FUTURE autore","og_description":"Vento e mare \u2026 spesso anche noti giornalisti della televisione parlano erroneamente di mare forza 7, forse ignorando che la misura della forza \u00e8 solo del vento mentre per il mare si parla di stato. Oggi parliamo di vento e di mare, da oltre diecimila anni inseparabili compagni di avventura dei marinai. Ma che cos\u2019\u00e8\u2026","og_url":"https:\/\/www.ocean4future.org\/savetheocean\/archives\/3997","og_site_name":"OCEAN4FUTURE","article_published_time":"2018-03-29T02:00:28+00:00","article_modified_time":"2025-11-30T18:06:05+00:00","og_image":[{"width":1220,"height":683,"url":"https:\/\/www.ocean4future.org\/savetheocean\/wp-content\/uploads\/2018\/03\/METEO-CIRCOLAZIONE-VENTI-.png","type":"image\/png"}],"author":"Andrea Mucedola","twitter_card":"summary_large_image","twitter_creator":"@ocean4future","twitter_site":"@ocean4future","twitter_misc":{"Scritto da":"Andrea Mucedola","Tempo di lettura stimato":"10 minuti"},"schema":{"@context":"https:\/\/schema.org","@graph":[{"@type":"Article","@id":"https:\/\/www.ocean4future.org\/savetheocean\/archives\/3997#article","isPartOf":{"@id":"https:\/\/www.ocean4future.org\/savetheocean\/archives\/3997"},"author":{"name":"Andrea Mucedola","@id":"https:\/\/www.ocean4future.org\/savetheocean\/#\/schema\/person\/252d25dcc5c002abcde7b2d4baa78f13"},"headline":"Il vento ed il mare","datePublished":"2018-03-29T02:00:28+00:00","dateModified":"2025-11-30T18:06:05+00:00","mainEntityOfPage":{"@id":"https:\/\/www.ocean4future.org\/savetheocean\/archives\/3997"},"wordCount":1488,"publisher":{"@id":"https:\/\/www.ocean4future.org\/savetheocean\/#\/schema\/person\/4e1c26437054353074d7bb2efa77162c"},"image":{"@id":"https:\/\/www.ocean4future.org\/savetheocean\/archives\/3997#primaryimage"},"thumbnailUrl":"https:\/\/www.ocean4future.org\/savetheocean\/wp-content\/uploads\/2018\/03\/METEO-CIRCOLAZIONE-VENTI-.png","keywords":["meteorologia"],"articleSection":["Meteorologia e stato del mare"],"inLanguage":"it-IT"},{"@type":"WebPage","@id":"https:\/\/www.ocean4future.org\/savetheocean\/archives\/3997","url":"https:\/\/www.ocean4future.org\/savetheocean\/archives\/3997","name":"Il vento ed il mare &#8226; OCEAN4FUTURE autore","isPartOf":{"@id":"https:\/\/www.ocean4future.org\/savetheocean\/#website"},"primaryImageOfPage":{"@id":"https:\/\/www.ocean4future.org\/savetheocean\/archives\/3997#primaryimage"},"image":{"@id":"https:\/\/www.ocean4future.org\/savetheocean\/archives\/3997#primaryimage"},"thumbnailUrl":"https:\/\/www.ocean4future.org\/savetheocean\/wp-content\/uploads\/2018\/03\/METEO-CIRCOLAZIONE-VENTI-.png","datePublished":"2018-03-29T02:00:28+00:00","dateModified":"2025-11-30T18:06:05+00:00","breadcrumb":{"@id":"https:\/\/www.ocean4future.org\/savetheocean\/archives\/3997#breadcrumb"},"inLanguage":"it-IT","potentialAction":[{"@type":"ReadAction","target":["https:\/\/www.ocean4future.org\/savetheocean\/archives\/3997"]}]},{"@type":"ImageObject","inLanguage":"it-IT","@id":"https:\/\/www.ocean4future.org\/savetheocean\/archives\/3997#primaryimage","url":"https:\/\/www.ocean4future.org\/savetheocean\/wp-content\/uploads\/2018\/03\/METEO-CIRCOLAZIONE-VENTI-.png","contentUrl":"https:\/\/www.ocean4future.org\/savetheocean\/wp-content\/uploads\/2018\/03\/METEO-CIRCOLAZIONE-VENTI-.png","width":1220,"height":683},{"@type":"BreadcrumbList","@id":"https:\/\/www.ocean4future.org\/savetheocean\/archives\/3997#breadcrumb","itemListElement":[{"@type":"ListItem","position":1,"name":"Home","item":"https:\/\/www.ocean4future.org\/savetheocean"},{"@type":"ListItem","position":2,"name":"Il vento ed il mare"}]},{"@type":"WebSite","@id":"https:\/\/www.ocean4future.org\/savetheocean\/#website","url":"https:\/\/www.ocean4future.org\/savetheocean\/","name":"Ocean 4 Future","description":"Per una nuova cultura del mare e della marittimit\u00e0","publisher":{"@id":"https:\/\/www.ocean4future.org\/savetheocean\/#\/schema\/person\/4e1c26437054353074d7bb2efa77162c"},"potentialAction":[{"@type":"SearchAction","target":{"@type":"EntryPoint","urlTemplate":"https:\/\/www.ocean4future.org\/savetheocean\/?s={search_term_string}"},"query-input":{"@type":"PropertyValueSpecification","valueRequired":true,"valueName":"search_term_string"}}],"inLanguage":"it-IT"},{"@type":["Person","Organization"],"@id":"https:\/\/www.ocean4future.org\/savetheocean\/#\/schema\/person\/4e1c26437054353074d7bb2efa77162c","name":"oceandiver","image":{"@type":"ImageObject","inLanguage":"it-IT","@id":"https:\/\/www.ocean4future.org\/savetheocean\/wp-content\/uploads\/2023\/04\/logo-ocean3.jpg","url":"https:\/\/www.ocean4future.org\/savetheocean\/wp-content\/uploads\/2023\/04\/logo-ocean3.jpg","contentUrl":"https:\/\/www.ocean4future.org\/savetheocean\/wp-content\/uploads\/2023\/04\/logo-ocean3.jpg","width":472,"height":301,"caption":"oceandiver"},"logo":{"@id":"https:\/\/www.ocean4future.org\/savetheocean\/wp-content\/uploads\/2023\/04\/logo-ocean3.jpg"}},{"@type":"Person","@id":"https:\/\/www.ocean4future.org\/savetheocean\/#\/schema\/person\/252d25dcc5c002abcde7b2d4baa78f13","name":"Andrea Mucedola","image":{"@type":"ImageObject","inLanguage":"it-IT","@id":"https:\/\/secure.gravatar.com\/avatar\/befc97e7f9e17a6b60a3969a83be976bdb6f8fc3d0b55cb27b11ae85db4b6240?s=96&d=mm&r=g","url":"https:\/\/secure.gravatar.com\/avatar\/befc97e7f9e17a6b60a3969a83be976bdb6f8fc3d0b55cb27b11ae85db4b6240?s=96&d=mm&r=g","contentUrl":"https:\/\/secure.gravatar.com\/avatar\/befc97e7f9e17a6b60a3969a83be976bdb6f8fc3d0b55cb27b11ae85db4b6240?s=96&d=mm&r=g","caption":"Andrea Mucedola"},"description":"ammiraglio della Marina Militare Italiana (riserva), \u00e8 laureato in Scienze Marittime della Difesa presso l\u2019Universit\u00e0 di Pisa ed in Scienze Politiche cum laude all\u2019Universit\u00e0 di Trieste. Analista di Maritime Security, collabora con numerosi Centri di studi e analisi geopolitici italiani ed internazionali. Ricercatore subacqueo scientifico dal 1993, nel 2019, ha ricevuto il Tridente d'oro dell'Accademia delle Scienze e Tecniche Subacquee per la divulgazione della cultura del mare. Fa parte del Comitato scientifico della Fondazione Atlantide e della Scuola internazionale Subacquei scientifici (ISSD - AIOSS).","sameAs":["http:\/\/www.ocean4future.org"],"url":"https:\/\/www.ocean4future.org\/savetheocean\/archives\/author\/andrea-mucedola"}]}},"_links":{"self":[{"href":"https:\/\/www.ocean4future.org\/savetheocean\/wp-json\/wp\/v2\/posts\/3997","targetHints":{"allow":["GET"]}}],"collection":[{"href":"https:\/\/www.ocean4future.org\/savetheocean\/wp-json\/wp\/v2\/posts"}],"about":[{"href":"https:\/\/www.ocean4future.org\/savetheocean\/wp-json\/wp\/v2\/types\/post"}],"author":[{"embeddable":true,"href":"https:\/\/www.ocean4future.org\/savetheocean\/wp-json\/wp\/v2\/users\/2380"}],"replies":[{"embeddable":true,"href":"https:\/\/www.ocean4future.org\/savetheocean\/wp-json\/wp\/v2\/comments?post=3997"}],"version-history":[{"count":0,"href":"https:\/\/www.ocean4future.org\/savetheocean\/wp-json\/wp\/v2\/posts\/3997\/revisions"}],"wp:featuredmedia":[{"embeddable":true,"href":"https:\/\/www.ocean4future.org\/savetheocean\/wp-json\/wp\/v2\/media\/90269"}],"wp:attachment":[{"href":"https:\/\/www.ocean4future.org\/savetheocean\/wp-json\/wp\/v2\/media?parent=3997"}],"wp:term":[{"taxonomy":"category","embeddable":true,"href":"https:\/\/www.ocean4future.org\/savetheocean\/wp-json\/wp\/v2\/categories?post=3997"},{"taxonomy":"post_tag","embeddable":true,"href":"https:\/\/www.ocean4future.org\/savetheocean\/wp-json\/wp\/v2\/tags?post=3997"}],"curies":[{"name":"wp","href":"https:\/\/api.w.org\/{rel}","templated":true}]}}