{"id":38471,"date":"2020-01-27T00:35:00","date_gmt":"2020-01-27T00:35:00","guid":{"rendered":"http:\/\/www.ocean4future.org\/?p=38471"},"modified":"2023-07-17T21:10:31","modified_gmt":"2023-07-17T19:10:31","slug":"jet-lag-un-fastidio-da-non-trascurare","status":"publish","type":"post","link":"https:\/\/www.ocean4future.org\/savetheocean\/archives\/38471","title":{"rendered":"Jet lag, un fastidio da non trascurare"},"content":{"rendered":"<span class=\"span-reading-time rt-reading-time\" style=\"display: block;\"><span class=\"rt-label rt-prefix\">tempo di lettura: <\/span> <span class=\"rt-time\"> 4<\/span> <span class=\"rt-label rt-postfix\">minuti<\/span><\/span><p><span style=\"color: #ffffff;\">.<\/span><br \/>\n<a class=\"maxbutton-4 maxbutton maxbutton-livello-di-comprensione\" href=\"javascript:void(0);\"><span class='mb-text'>livello elementare<\/span><\/a><br \/>\n<span style=\"color: #ffffff;\">.<\/span><br \/>\n<strong><span style=\"color: #008000;\">ARGOMENTO: SUBACQUEA<\/span><\/strong><br \/>\n<strong><span style=\"color: #008000;\">PERIODO: NA<\/span><\/strong><br \/>\n<strong><span style=\"color: #008000;\">AREA: DIDATTICA<\/span><\/strong><br \/>\nparole chiave: Jet lag<\/p>\n<p style=\"text-align: justify;\">&nbsp;<\/p>\n<p style=\"text-align: justify;\">Si sa, passata la stagione di monsoni, in molte localit\u00e0 il tempo meteorologico si stabilizza e offre giornate bellissime per le nostre immersioni. Molto spesso i viaggi sono lunghi e ci vogliono molte ore per raggiungere le destinazioni agognate. Il lungo viaggio ci regala anche dei postumi spiacevoli, quelle sveglie nel pieno della notte tanto fastidiose, seguite da periodi di estrema difficolt\u00e0 ad addormentarci. E poi rialzarci alle prime luci dell&#8217;alba sempre pi\u00f9 stanchi. Sappiamo tutti si tratta del jet lag, un fastidio inevitabile che in una vacanza di immersioni subacquee pu\u00f2 essere per\u00f2 anche pericoloso.<\/p>\n<p><img decoding=\"async\" class=\"alignnone size-full wp-image-38650\" src=\"https:\/\/www.ocean4future.org\/savetheocean\/wp-content\/uploads\/2020\/01\/jet-lag.png\" alt=\"\" width=\"1600\" height=\"1200\" srcset=\"https:\/\/www.ocean4future.org\/savetheocean\/wp-content\/uploads\/2020\/01\/jet-lag.png 1600w, https:\/\/www.ocean4future.org\/savetheocean\/wp-content\/uploads\/2020\/01\/jet-lag-300x225.png 300w, https:\/\/www.ocean4future.org\/savetheocean\/wp-content\/uploads\/2020\/01\/jet-lag-768x576.png 768w, https:\/\/www.ocean4future.org\/savetheocean\/wp-content\/uploads\/2020\/01\/jet-lag-1024x768.png 1024w, https:\/\/www.ocean4future.org\/savetheocean\/wp-content\/uploads\/2020\/01\/jet-lag-1200x900.png 1200w\" sizes=\"(max-width: 1600px) 100vw, 1600px\" \/><\/p>\n<p style=\"text-align: justify;\">Il <strong><span style=\"color: #008000;\">jet lag<\/span><\/strong>, noto anche come <strong><span style=\"color: #008000;\">Sindrome da cambiamento rapido del fuso orario<\/span><\/strong> o <strong><span style=\"color: #008000;\">disritmia<\/span><\/strong> \u00e8 una condizione clinica che si verifica quando si attraversano vari fusi orari (di solito pi\u00f9 di due fusi orari), dopo un lungo viaggio in aereo. Si verifica quando la differenza di fuso viene attraversata velocemente e non si ha il tempo fisiologico di \u201crecuperare\u201d la variazione a causa dell&#8217;alterazione dei normali ritmi circadiani che modulano la nostra vita, dicendoci quando \u00e8 il momento di svegliarsi, dormire e mangiare. Spezzare questo ritmo \u00e8 un trauma per l\u2019organismo che perde la cognizione dei tempi di sonno, per cui il soggetto che ne viene colpito si addormenta per stanchezza ma si risveglia secondo il suo orologio biologico, ahim\u00e8 spesso in piena notte.<\/p>\n<p style=\"text-align: justify;\"><strong><span style=\"color: #008000; font-size: 18pt;\">Jet lag e immersioni<\/span><\/strong><br \/>\nI sintomi comuni della disritmia sono sonnolenza, stanchezza, confusione ed a volte fastidiose emicranie. Chi per lavoro \u00e8 stato costretto nel tempo a viaggiare da una parte all&#8217;altra del mondo sa che si pu\u00f2 fare poco. Purtroppo non servono falsi rimedi popolari come bere un bicchiere di pi\u00f9 per addormentarci o prendere dei sonniferi. Vi addormentereste subito per poi risvegliarvi in piena notte con due occhi che farebbero invidia ad un gufo.<\/p>\n<p style=\"text-align: justify;\">Tutti sappiamo quanto sia antipatico perdere un giorno della nostra vacanza subacquea. Le immersioni che abbiamo sognato da tempo sono davanti a noi ma qualcosa ci dice di aspettare. I medici raccomandano di non partecipare a nessuna attivit\u00e0 che richieda un certo grado di attenzione al tuo arrivo in un fuso orario diverso. La cosa pi\u00f9 intelligente \u00e8 pianificare una vacanza prolungata, con un paio di giorni di buffer prima di arrivare sul luogo della vacanza \u2026 Ad esempio, potreste fermarvi in una citt\u00e0 e visitarla, aspettando che passino le prime 24 ore, che sono in genere le pi\u00f9 difficili. Una regola di esperienza da frequent flyer dice che per ogni ora di differenza avremmo bisogno di almeno un giorno di recupero \u2026 in genere per tre ore di differenza di fuso, al terzo giorno dovreste essere a posto. Un sacrificio troppo oneroso a fronte dei pochi giorni disponibili.<\/p>\n<p style=\"text-align: justify;\"><strong><span style=\"color: #008000;\">Un&#8217;altra soluzione, forse pi\u00f9 pratica, \u00e8 di modificare i vostri orari prima di partire, cambiando gradualmente l&#8217;ora di andare a letto in modo da avvicinarvi al ciclo orario che troverete a destinazione.<\/span><\/strong><\/p>\n<p style=\"text-align: justify;\">Ovviamente la modifica \u00e8 in funzione di dove dovrete andare: se viaggerete verso Ovest (Occidente), gli orari saranno anticipati (ad esempio in Messico potreste trovarvi con cinque ore di anticipo rispetto alla vostra partenza). In quel caso nei giorni precedenti \u00e8 consigliabile andare a letto qualche ora prima del solito per tante sere quanto sar\u00e0 la differenza oraria. Ovviamente nei limiti del possibile. Viaggiando verso Oriente dovrete ovviamente ritardare la vostra andata a letto, senza ridurre troppo le ore di sonno.<br \/>\nIn altre parole, cercate di andare a letto un&#8217;ora prima o dopo ogni sera e alzatevi di conseguenza un&#8217;ora prima o dopo ogni mattina. Considerate che ogni piccola modifica al vostro ritmo normale nei giorni precedenti la partenza vi aiuter\u00e0 a superare il Jet quando finalmente arriverete a destinazione.<\/p>\n<p><img decoding=\"async\" class=\"alignnone wp-image-38649\" src=\"https:\/\/www.ocean4future.org\/savetheocean\/wp-content\/uploads\/2020\/01\/jet-lag-.jpg\" alt=\"\" width=\"800\" height=\"800\" srcset=\"https:\/\/www.ocean4future.org\/savetheocean\/wp-content\/uploads\/2020\/01\/jet-lag-.jpg 398w, https:\/\/www.ocean4future.org\/savetheocean\/wp-content\/uploads\/2020\/01\/jet-lag--150x150.jpg 150w, https:\/\/www.ocean4future.org\/savetheocean\/wp-content\/uploads\/2020\/01\/jet-lag--300x300.jpg 300w, https:\/\/www.ocean4future.org\/savetheocean\/wp-content\/uploads\/2020\/01\/jet-lag--144x144.jpg 144w, https:\/\/www.ocean4future.org\/savetheocean\/wp-content\/uploads\/2020\/01\/jet-lag--50x50.jpg 50w, https:\/\/www.ocean4future.org\/savetheocean\/wp-content\/uploads\/2020\/01\/jet-lag--65x65.jpg 65w\" sizes=\"(max-width: 800px) 100vw, 800px\" \/><\/p>\n<p style=\"text-align: justify;\">Se la vostra vacanza subacquea richiede di volare durante la notte, cercate di dormire durante il volo. Non sempre \u00e8 facile ma potrete migliorare le possibilit\u00e0 di addormentarvi fuori orario evitando alcol, caff\u00e8 e t\u00e8 (tutte sostanze eccitanti) e usando tappi per le orecchie e una benda per ridurre al minimo rumore e luce (in genere forniti dalla compagnia aerea). Utile \u00e8 anche prendere delle pillole di <strong><span style=\"color: #008000;\">melatonina<\/span><\/strong>, un ormone normalmente prodotto dalla ghiandola <strong><span style=\"color: #008000;\">epifisi<\/span><\/strong> anche detto &#8220;ormone del sonno&#8221;. Per la quantit\u00e0 consigliatevi con il vostro medico, e non esagerate. Lo potrete usare anche con successo nelle prime notti a destinazione. Quando finalmente arriverete a destinazione, a meno che sia notte, non andate subito a dormire, resistete fino ad un orario simile a quello in cui di solito andate a letto a casa. Approfittatene per una bella passeggiata sulla spiaggia, una corsetta o una bella nuotata in piscina. Consumate pasti leggeri, cercando di integrare nella dieta cibi ricchi di avena, mais, mandorle, alcuni ortaggi (come pomodori e cavoli) e frutta (mele, ananas e arance). Cercate, come sempre, di bere molta acqua e, soprattutto di restare svegli fino al nuovo orario per coricarsi. Utile, prima di addormentarsi, anche una tisana a base di valeriana, camomilla e passiflora. Le potrete trovare in molti hotel nel pacchetto di benvenuto assieme al t\u00e8 e caff\u00e8 (che dovrete ovviamente evitare).<\/p>\n<p style=\"text-align: justify;\">La mattina seguente, se vi sentite molto stanchi, considerate di utilizzare il secondo giorno per verificare le attrezzature personali, macchina fotografica, custodia, batterie (potrebbero essersi scaricate). Inoltre, sonnolenza e stanchezza generano disattenzione che non \u00e8 certo la miglior cosa per iniziare una vacanza subacquea. <strong><span style=\"color: #008000;\">Ricordatevi che la sicurezza \u00e8 prima di tutto.<\/span><\/strong><\/p>\n<p>&nbsp;<\/p>\n<p style=\"text-align: justify;\">Alcune delle foto presenti in questo blog possono essere state prese dal web, citandone ove possibile gli autori e\/o le fonti. Se qualcuno desiderasse specificarne l\u2019autore o rimuoverle, pu\u00f2 scrivere a infoocean4future@gmail.com e provvederemo immediatamente alla correzione dell\u2019articolo<\/p>\n<p>&nbsp;<\/p>\n<a class=\"maxbutton-3 maxbutton maxbutton-pagina-principale\" target=\"_blank\" title=\"tooltip\" rel=\"nofollow noopener\" href=\"http:\/\/www.ocean4future.org\"><span class='mb-text'>PAGINA PRINCIPALE<\/span><\/a>\n","protected":false},"excerpt":{"rendered":"<p><span class=\"span-reading-time rt-reading-time\" style=\"display: block;\"><span class=\"rt-label rt-prefix\">tempo di lettura: <\/span> <span class=\"rt-time\"> 4<\/span> <span class=\"rt-label rt-postfix\">minuti<\/span><\/span>. . ARGOMENTO: SUBACQUEA PERIODO: NA AREA: DIDATTICA parole chiave: Jet lag &nbsp; Si sa, passata la stagione di monsoni, in molte localit\u00e0 il tempo meteorologico si stabilizza e offre giornate bellissime per le nostre immersioni. Molto spesso i viaggi sono lunghi e ci vogliono molte ore per raggiungere le destinazioni agognate. Il lungo viaggio [&hellip;]<\/p>\n","protected":false},"author":2398,"featured_media":0,"comment_status":"open","ping_status":"open","sticky":false,"template":"","format":"standard","meta":{"_acf_changed":false,"_monsterinsights_skip_tracking":false,"_monsterinsights_sitenote_active":false,"_monsterinsights_sitenote_note":"","_monsterinsights_sitenote_category":0,"footnotes":""},"categories":[2288],"tags":[],"class_list":["post-38471","post","type-post","status-publish","format-standard","hentry","category-subacquea"],"acf":[],"yoast_head":"<!-- This site is optimized with the Yoast SEO plugin v27.5 - https:\/\/yoast.com\/product\/yoast-seo-wordpress\/ -->\n<title>Jet lag, un fastidio da non trascurare &#8226; OCEAN4FUTURE autore<\/title>\n<meta name=\"robots\" content=\"index, follow, max-snippet:-1, max-image-preview:large, max-video-preview:-1\" \/>\n<link rel=\"canonical\" href=\"https:\/\/www.ocean4future.org\/savetheocean\/archives\/38471\" \/>\n<meta property=\"og:locale\" content=\"it_IT\" \/>\n<meta property=\"og:type\" content=\"article\" \/>\n<meta property=\"og:title\" content=\"Jet lag, un fastidio da non trascurare &#8226; OCEAN4FUTURE autore\" \/>\n<meta property=\"og:description\" content=\"tempo di lettura:  4 minuti. . ARGOMENTO: SUBACQUEA PERIODO: NA AREA: DIDATTICA parole chiave: Jet lag &nbsp; Si sa, passata la stagione di monsoni, in molte localit\u00e0 il tempo meteorologico si stabilizza e offre giornate bellissime per le nostre immersioni. Molto spesso i viaggi sono lunghi e ci vogliono molte ore per raggiungere le destinazioni agognate. Il lungo viaggio [&hellip;]\" \/>\n<meta property=\"og:url\" content=\"https:\/\/www.ocean4future.org\/savetheocean\/archives\/38471\" \/>\n<meta property=\"og:site_name\" content=\"OCEAN4FUTURE\" \/>\n<meta property=\"article:published_time\" content=\"2020-01-27T00:35:00+00:00\" \/>\n<meta property=\"article:modified_time\" content=\"2023-07-17T19:10:31+00:00\" \/>\n<meta property=\"og:image\" content=\"https:\/\/www.ocean4future.org\/savetheocean\/wp-content\/uploads\/2020\/01\/IMG_1159-Copia-e1578422344362.jpg\" \/>\n\t<meta property=\"og:image:width\" content=\"1000\" \/>\n\t<meta property=\"og:image:height\" content=\"750\" \/>\n\t<meta property=\"og:image:type\" content=\"image\/jpeg\" \/>\n<meta name=\"author\" content=\"Redazione OCEAN4FUTURE\" \/>\n<meta name=\"twitter:card\" content=\"summary_large_image\" \/>\n<meta name=\"twitter:creator\" content=\"@ocean4future\" \/>\n<meta name=\"twitter:site\" content=\"@ocean4future\" \/>\n<meta name=\"twitter:label1\" content=\"Scritto da\" \/>\n\t<meta name=\"twitter:data1\" content=\"Redazione OCEAN4FUTURE\" \/>\n\t<meta name=\"twitter:label2\" content=\"Tempo di lettura stimato\" \/>\n\t<meta name=\"twitter:data2\" content=\"5 minuti\" \/>\n<script type=\"application\/ld+json\" class=\"yoast-schema-graph\">{\"@context\":\"https:\\\/\\\/schema.org\",\"@graph\":[{\"@type\":\"Article\",\"@id\":\"https:\\\/\\\/www.ocean4future.org\\\/savetheocean\\\/archives\\\/38471#article\",\"isPartOf\":{\"@id\":\"https:\\\/\\\/www.ocean4future.org\\\/savetheocean\\\/archives\\\/38471\"},\"author\":{\"name\":\"Redazione OCEAN4FUTURE\",\"@id\":\"https:\\\/\\\/www.ocean4future.org\\\/savetheocean\\\/#\\\/schema\\\/person\\\/ad3962a4283da6a7ba5d2e66f435a340\"},\"headline\":\"Jet lag, un fastidio da non trascurare\",\"datePublished\":\"2020-01-27T00:35:00+00:00\",\"dateModified\":\"2023-07-17T19:10:31+00:00\",\"mainEntityOfPage\":{\"@id\":\"https:\\\/\\\/www.ocean4future.org\\\/savetheocean\\\/archives\\\/38471\"},\"wordCount\":962,\"commentCount\":0,\"publisher\":{\"@id\":\"https:\\\/\\\/www.ocean4future.org\\\/savetheocean\\\/#\\\/schema\\\/person\\\/4e1c26437054353074d7bb2efa77162c\"},\"image\":{\"@id\":\"https:\\\/\\\/www.ocean4future.org\\\/savetheocean\\\/archives\\\/38471#primaryimage\"},\"thumbnailUrl\":\"http:\\\/\\\/www.ocean4future.org\\\/savetheocean\\\/wp-content\\\/uploads\\\/2020\\\/01\\\/jet-lag.png\",\"articleSection\":[\"Subacquea\"],\"inLanguage\":\"it-IT\",\"potentialAction\":[{\"@type\":\"CommentAction\",\"name\":\"Comment\",\"target\":[\"https:\\\/\\\/www.ocean4future.org\\\/savetheocean\\\/archives\\\/38471#respond\"]}]},{\"@type\":\"WebPage\",\"@id\":\"https:\\\/\\\/www.ocean4future.org\\\/savetheocean\\\/archives\\\/38471\",\"url\":\"https:\\\/\\\/www.ocean4future.org\\\/savetheocean\\\/archives\\\/38471\",\"name\":\"Jet lag, un fastidio da non trascurare &#8226; OCEAN4FUTURE autore\",\"isPartOf\":{\"@id\":\"https:\\\/\\\/www.ocean4future.org\\\/savetheocean\\\/#website\"},\"primaryImageOfPage\":{\"@id\":\"https:\\\/\\\/www.ocean4future.org\\\/savetheocean\\\/archives\\\/38471#primaryimage\"},\"image\":{\"@id\":\"https:\\\/\\\/www.ocean4future.org\\\/savetheocean\\\/archives\\\/38471#primaryimage\"},\"thumbnailUrl\":\"http:\\\/\\\/www.ocean4future.org\\\/savetheocean\\\/wp-content\\\/uploads\\\/2020\\\/01\\\/jet-lag.png\",\"datePublished\":\"2020-01-27T00:35:00+00:00\",\"dateModified\":\"2023-07-17T19:10:31+00:00\",\"breadcrumb\":{\"@id\":\"https:\\\/\\\/www.ocean4future.org\\\/savetheocean\\\/archives\\\/38471#breadcrumb\"},\"inLanguage\":\"it-IT\",\"potentialAction\":[{\"@type\":\"ReadAction\",\"target\":[\"https:\\\/\\\/www.ocean4future.org\\\/savetheocean\\\/archives\\\/38471\"]}]},{\"@type\":\"ImageObject\",\"inLanguage\":\"it-IT\",\"@id\":\"https:\\\/\\\/www.ocean4future.org\\\/savetheocean\\\/archives\\\/38471#primaryimage\",\"url\":\"https:\\\/\\\/www.ocean4future.org\\\/savetheocean\\\/wp-content\\\/uploads\\\/2020\\\/01\\\/jet-lag.png\",\"contentUrl\":\"https:\\\/\\\/www.ocean4future.org\\\/savetheocean\\\/wp-content\\\/uploads\\\/2020\\\/01\\\/jet-lag.png\",\"width\":1600,\"height\":1200},{\"@type\":\"BreadcrumbList\",\"@id\":\"https:\\\/\\\/www.ocean4future.org\\\/savetheocean\\\/archives\\\/38471#breadcrumb\",\"itemListElement\":[{\"@type\":\"ListItem\",\"position\":1,\"name\":\"Home\",\"item\":\"https:\\\/\\\/www.ocean4future.org\\\/savetheocean\"},{\"@type\":\"ListItem\",\"position\":2,\"name\":\"Jet lag, un fastidio da non trascurare\"}]},{\"@type\":\"WebSite\",\"@id\":\"https:\\\/\\\/www.ocean4future.org\\\/savetheocean\\\/#website\",\"url\":\"https:\\\/\\\/www.ocean4future.org\\\/savetheocean\\\/\",\"name\":\"Ocean 4 Future\",\"description\":\"Per una nuova cultura del mare e della marittimit\u00e0\",\"publisher\":{\"@id\":\"https:\\\/\\\/www.ocean4future.org\\\/savetheocean\\\/#\\\/schema\\\/person\\\/4e1c26437054353074d7bb2efa77162c\"},\"potentialAction\":[{\"@type\":\"SearchAction\",\"target\":{\"@type\":\"EntryPoint\",\"urlTemplate\":\"https:\\\/\\\/www.ocean4future.org\\\/savetheocean\\\/?s={search_term_string}\"},\"query-input\":{\"@type\":\"PropertyValueSpecification\",\"valueRequired\":true,\"valueName\":\"search_term_string\"}}],\"inLanguage\":\"it-IT\"},{\"@type\":[\"Person\",\"Organization\"],\"@id\":\"https:\\\/\\\/www.ocean4future.org\\\/savetheocean\\\/#\\\/schema\\\/person\\\/4e1c26437054353074d7bb2efa77162c\",\"name\":\"oceandiver\",\"image\":{\"@type\":\"ImageObject\",\"inLanguage\":\"it-IT\",\"@id\":\"https:\\\/\\\/www.ocean4future.org\\\/savetheocean\\\/wp-content\\\/uploads\\\/2023\\\/04\\\/logo-ocean3.jpg\",\"url\":\"https:\\\/\\\/www.ocean4future.org\\\/savetheocean\\\/wp-content\\\/uploads\\\/2023\\\/04\\\/logo-ocean3.jpg\",\"contentUrl\":\"https:\\\/\\\/www.ocean4future.org\\\/savetheocean\\\/wp-content\\\/uploads\\\/2023\\\/04\\\/logo-ocean3.jpg\",\"width\":472,\"height\":301,\"caption\":\"oceandiver\"},\"logo\":{\"@id\":\"https:\\\/\\\/www.ocean4future.org\\\/savetheocean\\\/wp-content\\\/uploads\\\/2023\\\/04\\\/logo-ocean3.jpg\"}},{\"@type\":\"Person\",\"@id\":\"https:\\\/\\\/www.ocean4future.org\\\/savetheocean\\\/#\\\/schema\\\/person\\\/ad3962a4283da6a7ba5d2e66f435a340\",\"name\":\"Redazione OCEAN4FUTURE\",\"image\":{\"@type\":\"ImageObject\",\"inLanguage\":\"it-IT\",\"@id\":\"https:\\\/\\\/secure.gravatar.com\\\/avatar\\\/ba6774c3cc06933a10f7e80f4184a636b9f8fe6f86714a5b2c583173eaf54646?s=96&d=mm&r=g\",\"url\":\"https:\\\/\\\/secure.gravatar.com\\\/avatar\\\/ba6774c3cc06933a10f7e80f4184a636b9f8fe6f86714a5b2c583173eaf54646?s=96&d=mm&r=g\",\"contentUrl\":\"https:\\\/\\\/secure.gravatar.com\\\/avatar\\\/ba6774c3cc06933a10f7e80f4184a636b9f8fe6f86714a5b2c583173eaf54646?s=96&d=mm&r=g\",\"caption\":\"Redazione OCEAN4FUTURE\"},\"description\":\"\u00e8 composta da oltre 60 collaboratori che lavorano in smart working, selezionati tra esperti di settore di diverse discipline. Hanno il compito di\u00a0 selezionare argomenti di particolare interesse, redigendo articoli basati su studi recenti. I contenuti degli stessi restano di responsabilit\u00e0 degli autori che sono ovviamente sempre citati. Eventuali quesiti possono essere inviati alla Redazione (infoocean4future@gmail.com) che, quando possibile, provveder\u00e0 ad inoltrarli agli Autori.\",\"sameAs\":[\"http:\\\/\\\/www.ocean4future.org\"],\"url\":\"https:\\\/\\\/www.ocean4future.org\\\/savetheocean\\\/archives\\\/author\\\/redazione-ocean4future\"}]}<\/script>\n<!-- \/ Yoast SEO plugin. -->","yoast_head_json":{"title":"Jet lag, un fastidio da non trascurare &#8226; OCEAN4FUTURE autore","robots":{"index":"index","follow":"follow","max-snippet":"max-snippet:-1","max-image-preview":"max-image-preview:large","max-video-preview":"max-video-preview:-1"},"canonical":"https:\/\/www.ocean4future.org\/savetheocean\/archives\/38471","og_locale":"it_IT","og_type":"article","og_title":"Jet lag, un fastidio da non trascurare &#8226; OCEAN4FUTURE autore","og_description":"tempo di lettura:  4 minuti. . ARGOMENTO: SUBACQUEA PERIODO: NA AREA: DIDATTICA parole chiave: Jet lag &nbsp; Si sa, passata la stagione di monsoni, in molte localit\u00e0 il tempo meteorologico si stabilizza e offre giornate bellissime per le nostre immersioni. Molto spesso i viaggi sono lunghi e ci vogliono molte ore per raggiungere le destinazioni agognate. Il lungo viaggio [&hellip;]","og_url":"https:\/\/www.ocean4future.org\/savetheocean\/archives\/38471","og_site_name":"OCEAN4FUTURE","article_published_time":"2020-01-27T00:35:00+00:00","article_modified_time":"2023-07-17T19:10:31+00:00","og_image":[{"width":1000,"height":750,"url":"https:\/\/www.ocean4future.org\/savetheocean\/wp-content\/uploads\/2020\/01\/IMG_1159-Copia-e1578422344362.jpg","type":"image\/jpeg"}],"author":"Redazione OCEAN4FUTURE","twitter_card":"summary_large_image","twitter_creator":"@ocean4future","twitter_site":"@ocean4future","twitter_misc":{"Scritto da":"Redazione OCEAN4FUTURE","Tempo di lettura stimato":"5 minuti"},"schema":{"@context":"https:\/\/schema.org","@graph":[{"@type":"Article","@id":"https:\/\/www.ocean4future.org\/savetheocean\/archives\/38471#article","isPartOf":{"@id":"https:\/\/www.ocean4future.org\/savetheocean\/archives\/38471"},"author":{"name":"Redazione OCEAN4FUTURE","@id":"https:\/\/www.ocean4future.org\/savetheocean\/#\/schema\/person\/ad3962a4283da6a7ba5d2e66f435a340"},"headline":"Jet lag, un fastidio da non trascurare","datePublished":"2020-01-27T00:35:00+00:00","dateModified":"2023-07-17T19:10:31+00:00","mainEntityOfPage":{"@id":"https:\/\/www.ocean4future.org\/savetheocean\/archives\/38471"},"wordCount":962,"commentCount":0,"publisher":{"@id":"https:\/\/www.ocean4future.org\/savetheocean\/#\/schema\/person\/4e1c26437054353074d7bb2efa77162c"},"image":{"@id":"https:\/\/www.ocean4future.org\/savetheocean\/archives\/38471#primaryimage"},"thumbnailUrl":"http:\/\/www.ocean4future.org\/savetheocean\/wp-content\/uploads\/2020\/01\/jet-lag.png","articleSection":["Subacquea"],"inLanguage":"it-IT","potentialAction":[{"@type":"CommentAction","name":"Comment","target":["https:\/\/www.ocean4future.org\/savetheocean\/archives\/38471#respond"]}]},{"@type":"WebPage","@id":"https:\/\/www.ocean4future.org\/savetheocean\/archives\/38471","url":"https:\/\/www.ocean4future.org\/savetheocean\/archives\/38471","name":"Jet lag, un fastidio da non trascurare &#8226; OCEAN4FUTURE autore","isPartOf":{"@id":"https:\/\/www.ocean4future.org\/savetheocean\/#website"},"primaryImageOfPage":{"@id":"https:\/\/www.ocean4future.org\/savetheocean\/archives\/38471#primaryimage"},"image":{"@id":"https:\/\/www.ocean4future.org\/savetheocean\/archives\/38471#primaryimage"},"thumbnailUrl":"http:\/\/www.ocean4future.org\/savetheocean\/wp-content\/uploads\/2020\/01\/jet-lag.png","datePublished":"2020-01-27T00:35:00+00:00","dateModified":"2023-07-17T19:10:31+00:00","breadcrumb":{"@id":"https:\/\/www.ocean4future.org\/savetheocean\/archives\/38471#breadcrumb"},"inLanguage":"it-IT","potentialAction":[{"@type":"ReadAction","target":["https:\/\/www.ocean4future.org\/savetheocean\/archives\/38471"]}]},{"@type":"ImageObject","inLanguage":"it-IT","@id":"https:\/\/www.ocean4future.org\/savetheocean\/archives\/38471#primaryimage","url":"https:\/\/www.ocean4future.org\/savetheocean\/wp-content\/uploads\/2020\/01\/jet-lag.png","contentUrl":"https:\/\/www.ocean4future.org\/savetheocean\/wp-content\/uploads\/2020\/01\/jet-lag.png","width":1600,"height":1200},{"@type":"BreadcrumbList","@id":"https:\/\/www.ocean4future.org\/savetheocean\/archives\/38471#breadcrumb","itemListElement":[{"@type":"ListItem","position":1,"name":"Home","item":"https:\/\/www.ocean4future.org\/savetheocean"},{"@type":"ListItem","position":2,"name":"Jet lag, un fastidio da non trascurare"}]},{"@type":"WebSite","@id":"https:\/\/www.ocean4future.org\/savetheocean\/#website","url":"https:\/\/www.ocean4future.org\/savetheocean\/","name":"Ocean 4 Future","description":"Per una nuova cultura del mare e della marittimit\u00e0","publisher":{"@id":"https:\/\/www.ocean4future.org\/savetheocean\/#\/schema\/person\/4e1c26437054353074d7bb2efa77162c"},"potentialAction":[{"@type":"SearchAction","target":{"@type":"EntryPoint","urlTemplate":"https:\/\/www.ocean4future.org\/savetheocean\/?s={search_term_string}"},"query-input":{"@type":"PropertyValueSpecification","valueRequired":true,"valueName":"search_term_string"}}],"inLanguage":"it-IT"},{"@type":["Person","Organization"],"@id":"https:\/\/www.ocean4future.org\/savetheocean\/#\/schema\/person\/4e1c26437054353074d7bb2efa77162c","name":"oceandiver","image":{"@type":"ImageObject","inLanguage":"it-IT","@id":"https:\/\/www.ocean4future.org\/savetheocean\/wp-content\/uploads\/2023\/04\/logo-ocean3.jpg","url":"https:\/\/www.ocean4future.org\/savetheocean\/wp-content\/uploads\/2023\/04\/logo-ocean3.jpg","contentUrl":"https:\/\/www.ocean4future.org\/savetheocean\/wp-content\/uploads\/2023\/04\/logo-ocean3.jpg","width":472,"height":301,"caption":"oceandiver"},"logo":{"@id":"https:\/\/www.ocean4future.org\/savetheocean\/wp-content\/uploads\/2023\/04\/logo-ocean3.jpg"}},{"@type":"Person","@id":"https:\/\/www.ocean4future.org\/savetheocean\/#\/schema\/person\/ad3962a4283da6a7ba5d2e66f435a340","name":"Redazione OCEAN4FUTURE","image":{"@type":"ImageObject","inLanguage":"it-IT","@id":"https:\/\/secure.gravatar.com\/avatar\/ba6774c3cc06933a10f7e80f4184a636b9f8fe6f86714a5b2c583173eaf54646?s=96&d=mm&r=g","url":"https:\/\/secure.gravatar.com\/avatar\/ba6774c3cc06933a10f7e80f4184a636b9f8fe6f86714a5b2c583173eaf54646?s=96&d=mm&r=g","contentUrl":"https:\/\/secure.gravatar.com\/avatar\/ba6774c3cc06933a10f7e80f4184a636b9f8fe6f86714a5b2c583173eaf54646?s=96&d=mm&r=g","caption":"Redazione OCEAN4FUTURE"},"description":"\u00e8 composta da oltre 60 collaboratori che lavorano in smart working, selezionati tra esperti di settore di diverse discipline. Hanno il compito di\u00a0 selezionare argomenti di particolare interesse, redigendo articoli basati su studi recenti. I contenuti degli stessi restano di responsabilit\u00e0 degli autori che sono ovviamente sempre citati. Eventuali quesiti possono essere inviati alla Redazione (infoocean4future@gmail.com) che, quando possibile, provveder\u00e0 ad inoltrarli agli Autori.","sameAs":["http:\/\/www.ocean4future.org"],"url":"https:\/\/www.ocean4future.org\/savetheocean\/archives\/author\/redazione-ocean4future"}]}},"_links":{"self":[{"href":"https:\/\/www.ocean4future.org\/savetheocean\/wp-json\/wp\/v2\/posts\/38471","targetHints":{"allow":["GET"]}}],"collection":[{"href":"https:\/\/www.ocean4future.org\/savetheocean\/wp-json\/wp\/v2\/posts"}],"about":[{"href":"https:\/\/www.ocean4future.org\/savetheocean\/wp-json\/wp\/v2\/types\/post"}],"author":[{"embeddable":true,"href":"https:\/\/www.ocean4future.org\/savetheocean\/wp-json\/wp\/v2\/users\/2398"}],"replies":[{"embeddable":true,"href":"https:\/\/www.ocean4future.org\/savetheocean\/wp-json\/wp\/v2\/comments?post=38471"}],"version-history":[{"count":0,"href":"https:\/\/www.ocean4future.org\/savetheocean\/wp-json\/wp\/v2\/posts\/38471\/revisions"}],"wp:attachment":[{"href":"https:\/\/www.ocean4future.org\/savetheocean\/wp-json\/wp\/v2\/media?parent=38471"}],"wp:term":[{"taxonomy":"category","embeddable":true,"href":"https:\/\/www.ocean4future.org\/savetheocean\/wp-json\/wp\/v2\/categories?post=38471"},{"taxonomy":"post_tag","embeddable":true,"href":"https:\/\/www.ocean4future.org\/savetheocean\/wp-json\/wp\/v2\/tags?post=38471"}],"curies":[{"name":"wp","href":"https:\/\/api.w.org\/{rel}","templated":true}]}}