{"id":35014,"date":"2019-10-12T00:10:30","date_gmt":"2019-10-11T22:10:30","guid":{"rendered":"http:\/\/www.ocean4future.org\/?p=35014"},"modified":"2024-06-19T15:47:57","modified_gmt":"2024-06-19T13:47:57","slug":"il-relitto-dellu455-silenzio-alla-memoria-di-andrea-murdock-alpini","status":"publish","type":"post","link":"https:\/\/www.ocean4future.org\/savetheocean\/archives\/35014","title":{"rendered":"Il relitto dell\u2019U455: silenzio alla memoria"},"content":{"rendered":"<span class=\"span-reading-time rt-reading-time\" style=\"display: block;\"><span class=\"rt-label rt-prefix\">tempo di lettura: <\/span> <span class=\"rt-time\"> 5<\/span> <span class=\"rt-label rt-postfix\">minuti<\/span><\/span><p><span style=\"color: #ffffff;\">.<\/span><br \/>\n<a class=\"maxbutton-4 maxbutton maxbutton-livello-di-comprensione\" href=\"javascript:void(0);\"><span class='mb-text'>livello elementare<\/span><\/a><br \/>\n<span style=\"color: #ffffff;\">.<\/span><br \/>\n<strong><span style=\"color: #008000;\">A<\/span><span style=\"color: #008000;\">RGOMENTO: RELITTI<\/span><\/strong><br \/>\n<strong><span style=\"color: #008000;\">PERIODO: XX SECOLO<\/span><\/strong><br \/>\n<strong><span style=\"color: #008000;\">AREA: MAR MEDITERRANEO<\/span><\/strong><br \/>\nparole chiave: sommergibile U455, relitto<br \/>\n<span style=\"color: #ffffff;\">.<\/span><\/p>\n<p style=\"text-align: justify;\">Il 1944 \u00e8 sia l&#8217;anno di affondamento dell&#8217;<strong><span style=\"color: #008000;\">U455<\/span><\/strong>, nei pressi di Punta Chiappa, sia l&#8217;anno in cui il fratello del celebre artista De Chirico, Alberto Savinio, pubblica il suo libro dedicato all&#8217;amore per il capoluogo meneghino, <em><strong><span style=\"color: #008000;\">Ascolto il tuo cuore citt\u00e0<\/span><\/strong><\/em>. Sono partito poco dopo l&#8217;alba, proprio dal capoluogo lombardo per raggiungere Genova ed il resto del team. Oggi ci attende un&#8217;immersione sul bellissimo relitto del sommergibile tedesco U455.<\/p>\n<p><img decoding=\"async\" class=\"wp-image-35029\" src=\"https:\/\/www.ocean4future.org\/savetheocean\/wp-content\/uploads\/2019\/09\/u-535-1-1-1.jpg\" alt=\"\" width=\"850\" height=\"584\" srcset=\"https:\/\/www.ocean4future.org\/savetheocean\/wp-content\/uploads\/2019\/09\/u-535-1-1-1.jpg 713w, https:\/\/www.ocean4future.org\/savetheocean\/wp-content\/uploads\/2019\/09\/u-535-1-1-1-300x206.jpg 300w\" sizes=\"(max-width: 850px) 100vw, 850px\" \/><\/p>\n<p align=\"justify\"><span style=\"color: #008000;\"><strong>Il sommergibile tedesco U-455 fu costruito per il Kriegsmarine della Germania nazista durante la seconda guerra mondiale. Fu varato il 21 giugno 1941 e consegnato il 21 agosto al Kapit\u00e4nleutnant Hans-Henrich Giessler. Il battello aveva un equipaggio di 51 persone. Il suo servizio inizi\u00f2 nella 5 \u00b0 U-boat Flotilla, e poi fu trasferito alla 7a flottiglia per supporto alle operazioni all&#8217;inizio del 1942 ed alla 29a flottiglia nel marzo 1944. Affond\u00f2 tre navi per un totale di 17.685 tonnellate di registro lordo (GRT) prima di andare perduto nel Mar Ligure il 6 aprile 1944. Il suo relitto fu scoperto nel 2005 al largo di Genova.&nbsp;<\/strong><\/span><\/p>\n<p style=\"text-align: justify;\">Mentre montiamo le attrezzature, i sorrisi lasciano poco per volta lo spazio al silenzio e alla concentrazione. In banchina tutto tace, ciascuno si prepara ad affrontare l&#8217;immersione con il giusto distacco emotivo che richiedono queste profondit\u00e0. I rebreather sono pronti per essere caricati, io sar\u00f2 l&#8217;unico a scendere in circuito aperto. Il silenzio irrompe la piacevole euforia che serpeggia tra il team. Abbiamo pianificato 25 minuti di fondo sul relitto a una profondit\u00e0 compresa tra i -87 metri della prua e i -119 metri dell&#8217;innesto del troncone principale nella sabbia del fondale.<\/p>\n<table style=\"border-collapse: collapse; width: 100%;\">\n<tbody>\n<tr>\n<td style=\"width: 100%;\">\n<h5><span style=\"color: #0000ff;\"><strong>[wpedon id=17555]<\/strong><\/span><\/h5>\n<p align=\"justify\"><span style=\"color: #0000ff;\"><strong>Questo articolo ti interessa? Su OCEAN4FUTURE, il portale del Mare e della Marittimit\u00e0, troverai numerosi articoli di storia navale e marittima per conoscere eventi del passato che difficilmente potrai trovare sui libri di scuola. Se hai suggerimenti o domande puoi lasciarci un commento in calce all\u2019articolo oppure scriverci alla nostra mail: <a style=\"color: #0000ff;\" href=\"mailto:infoocean4future@gmail.com\">infoocean4future@gmail.com<\/a><\/strong><\/span><\/p>\n<\/td>\n<\/tr>\n<\/tbody>\n<\/table>\n<p style=\"text-align: justify;\">Spiego alcune necessit\u00e0 strettamente dipendenti dalla fisiologia che m\u2019impone il circuito aperto, Marco Mori illustra cosa vorrebbe fotografare del relitto e in che modo, cos\u00ec da inserire talvolta la figura umana. La diga foranea di Genova ci accompagna per alcuni minuti, poi il blu cobalto del mare prende il sopravvento. Individuato il pedagno sommerso e fatto l&#8217;ormeggio iniziamo a prepararci. Una volta effettuati i controlli di superficie, mi rilasso per qualche istante: sono gli attimi in cui stabilizzare battito cardiaco, frequenza respiratoria, tranquillit\u00e0 mentale. Erogatore in bocca, scambio di &#8220;Ok&#8221;, gi\u00f9! Lascio che la cima scorra tra le dita indice e pollice della mano destra, poco alla volta acquisto velocit\u00e0 e scendo senza stop compensando dolcemente. Arrivato alla prua, verifico la corrente, arriva da levante, immediatamente penso che influir\u00e0 sui miei consumi e allo stesso tempo mi affaticher\u00f2 maggiormente negli spostamenti con bi-bombola e quattro stage.<\/p>\n<p><img decoding=\"async\" class=\"alignnone size-full wp-image-35023\" src=\"https:\/\/www.ocean4future.org\/savetheocean\/wp-content\/uploads\/2019\/09\/u-535-3m.jpg\" alt=\"\" width=\"1080\" height=\"1622\" srcset=\"https:\/\/www.ocean4future.org\/savetheocean\/wp-content\/uploads\/2019\/09\/u-535-3m.jpg 1080w, https:\/\/www.ocean4future.org\/savetheocean\/wp-content\/uploads\/2019\/09\/u-535-3m-200x300.jpg 200w, https:\/\/www.ocean4future.org\/savetheocean\/wp-content\/uploads\/2019\/09\/u-535-3m-768x1153.jpg 768w, https:\/\/www.ocean4future.org\/savetheocean\/wp-content\/uploads\/2019\/09\/u-535-3m-682x1024.jpg 682w\" sizes=\"(max-width: 1080px) 100vw, 1080px\" \/><\/p>\n<p style=\"text-align: justify;\">Il relitto \u00e8 davvero un ago conficcato nel fondo del mare e la sua forma affusolata poco aiuta a proteggersi dalla corrente in questo frangente. Scendiamo lungo la murata di sinistra fino ai -119m. La visibilit\u00e0 oggi \u00e8 ottima, si leggono chiaramente le strutture del sottomarino. Fermo l&#8217;occhio su un dettaglio che non avevo mai colto nelle precedenti immersioni. &#8220;<strong><span style=\"color: #008000;\">\u00c8 davvero quel che credo ci\u00f2 che sto osservando?<\/span><\/strong>&#8220;. Tra le lamiere ritorte scovo una canna binata piuttosto importante, poi l&#8217;occhio legge distintamente la lavorazione a sbalzo che costituisce il foro che dava l&#8217;ultimo invito rotativo al proiettile. &#8220;<strong><span style=\"color: #008000;\">\u00c8 un cannoncino binato<\/span><\/strong>&#8220;, penso ed \u00e8 proprio cos\u00ec: era l&#8217;armamento di poppa che \u00e8 stato fondamentale per gli storici nell&#8217;attribuire la paternit\u00e0 del relitto all&#8217;U455 della Kriegsmarine.<\/p>\n<p style=\"text-align: justify;\">I minuti spesi a questa quota non sono pochi e in circuito aperto hanno un gusto diverso oggi. Sento il cuore battere secco e lento nel torace. Ha un ritmo davvero cadenzato &#8220;bum&#8221;, pausa, &#8220;bum&#8221;, pausa, &#8220;bum&#8221;. In quel momento non ho avvertito il silenzio esterno del mare in cui ero avvolto, ma ho percepito quello che era il mio silenzio interiore. \u00c8 stata un&#8217;esperienza totalizzante. Un&#8217;inspirazione e un colpo di pinne per prendere quota e risalire lungo la coperta mentre illumino con la torcia le due mitragliatrici ancora in posizione, poi ci fermiamo tutti e tre lungamente attorno alla torretta. La perlacea lente del periscopio \u00e8 sempre pi\u00f9 celata dalle ostriche che la colonizzano. Osservo il primo boccaporto aperto, poco al di sotto ce n&#8217;\u00e8 un altro ancora pi\u00f9 piccolo, quasi completamente chiuso salvo un&#8217;esile fessura. Oltre la fessura c&#8217;\u00e8 un mondo che non deve essere conosciuto e profanato nemmeno con lo sguardo: riposano le ossa dell&#8217;intero equipaggio.<\/p>\n<p><img decoding=\"async\" class=\"alignnone size-full wp-image-35025\" src=\"https:\/\/www.ocean4future.org\/savetheocean\/wp-content\/uploads\/2019\/09\/u-535-4m.jpg\" alt=\"\" width=\"1080\" height=\"719\" srcset=\"https:\/\/www.ocean4future.org\/savetheocean\/wp-content\/uploads\/2019\/09\/u-535-4m.jpg 1080w, https:\/\/www.ocean4future.org\/savetheocean\/wp-content\/uploads\/2019\/09\/u-535-4m-300x200.jpg 300w, https:\/\/www.ocean4future.org\/savetheocean\/wp-content\/uploads\/2019\/09\/u-535-4m-768x511.jpg 768w, https:\/\/www.ocean4future.org\/savetheocean\/wp-content\/uploads\/2019\/09\/u-535-4m-1024x682.jpg 1024w\" sizes=\"(max-width: 1080px) 100vw, 1080px\" \/><\/p>\n<p style=\"text-align: justify;\">L&#8217;immagine che ho di fronte mi lascia un vuoto, lo stesso che l&#8217;architetto viennese Adolf Loos celebrava nei suoi scritti su cosa fosse architettura: se in un bosco troviamo un tumulo lungo sei piedi e largo tre, disposto con la pala a forma di piramide, ci facciamo seri e qualcosa dice dentro di noi: qui \u00e8 sepolto un uomo. Questa \u00e8 architettura.<\/p>\n<p style=\"text-align: justify;\">Cambiando il contesto ambientale, non muta d&#8217;efficacia il pensiero datato 1921. Scorro in rassegna le aperture che sulla murata di dritta servivano per far defluire l&#8217;acqua dallo scafo. Sono fessure nella notte che permettono di cogliere preziosi e minuti dettagli di ci\u00f2 che sta al di sotto di ci\u00f2 che si vede. \u00c8 possibile fare tutto questo poich\u00e9 il rivestimento in tek che componeva il pagliolato della coperta \u00e8 stato eroso dal mare nel tempo. L&#8217;architettura metallica dello scafo \u00e8 un susseguirsi di trame e ordito rinforzate da &#8220;X&#8221;.<\/p>\n<p style=\"text-align: justify;\"><img decoding=\"async\" class=\"alignnone size-full wp-image-35021\" src=\"https:\/\/www.ocean4future.org\/savetheocean\/wp-content\/uploads\/2019\/09\/u-535-2-m.jpg\" alt=\"\" width=\"1080\" height=\"1622\" srcset=\"https:\/\/www.ocean4future.org\/savetheocean\/wp-content\/uploads\/2019\/09\/u-535-2-m.jpg 1080w, https:\/\/www.ocean4future.org\/savetheocean\/wp-content\/uploads\/2019\/09\/u-535-2-m-200x300.jpg 200w, https:\/\/www.ocean4future.org\/savetheocean\/wp-content\/uploads\/2019\/09\/u-535-2-m-768x1153.jpg 768w, https:\/\/www.ocean4future.org\/savetheocean\/wp-content\/uploads\/2019\/09\/u-535-2-m-682x1024.jpg 682w\" sizes=\"(max-width: 1080px) 100vw, 1080px\" \/><\/p>\n<p style=\"text-align: justify;\">Stabilizzo l&#8217;immagine per cogliere meglio alcuni dettagli e, dopo aver visto solamente tanti passa cavi, trovo ci\u00f2 che cerco: l&#8217;argano salpa ancora (parecchio mimetizzato, ma molto affascinante) e poi il tubo per il lancio dei siluri sulla murata di dritta. Mi sposto dalla coperta e seguo la linea sinusoidale del sommergibile fin oltre lo scafo. Lascio il relitto di qualche metro standone al di sotto del profilo cos\u00ec che la corrente passi sopra di me senza arrecarmi fatica. L&#8217;U455 sembra un filante capodoglio pronto a riemergere. Ci restano alcuni minuti da spendere sul fondo. Dedico questo tempo a identificare la maestosa ancora sul lato di dritta. Seguo con la mano le due marre possenti per poi volgere lo sguardo verso i timoni di profondit\u00e0. Un giro di walzer attorno alla prua ed \u00e8 l&#8217;ora di tornare al punto di risalita. Inizia l\u2019ascesa e la lunga decompressione, in silenzio, tra un respiro e una pausa, questa volta ad ascoltare il silenzio del mare che ci circonda. Accendo l&#8217;auto e riparte il disco dove lo avevo interrotto molte ore prima, quando sono arrivato al diving: <strong><em><span style=\"color: #008000;\">I got a feeling I just can&#8217;t shake \/ I got a feeling that just won&#8217;t go away<\/span> <\/em><\/strong>&#8230;<\/p>\n<p style=\"text-align: justify;\"><strong><span style=\"color: #008000;\">Andrea Murdock Alpini&nbsp;<br \/>\n<\/span><\/strong><\/p>\n<p><span style=\"color: #ffffff;\">.<\/span><\/p>\n<p><strong><span style=\"color: #0000ff;\">[wpedon id=17555]<\/span><\/strong><\/p>\n<p align=\"justify\"><strong><span style=\"color: #0000ff;\">Ti \u00e8 piaciuto questo articolo? Se s\u00ec, puoi fare una piccola donazione (anche un euro) per sostenere il nostro portale. Basta poco, per aiutarci a sostenere le spese di OCEAN4FUTURE, il portale del Mare e della Marittimit\u00e0. La donazione pu\u00f2 essere singola o puoi decidere di renderla automatica ogni mese. Per donare in sicurezza, Clicca sul link DONAZIONE oppure Scrivici per aiuto alla mail: <\/span><\/strong><a href=\"mailto:infoocean4future@gmail.com\">infoocean4future@gmail.com<\/a><br \/>\n<span style=\"color: #ffffff;\">.<\/span><\/p>\n<p style=\"text-align: justify;\">Alcune delle foto presenti in questo blog possono essere state prese dal web, pur rispettando la netiquette, citandone ove possibile gli autori e\/o le fonti. Se qualcuno desiderasse specificarne l\u2019autore o rimuoverle, pu\u00f2 scrivere a infoocean4future@gmail.com e provvederemo immediatamente alla correzione dell\u2019articolo<\/p>\n<p>&nbsp;<\/p>\n<p><a class=\"maxbutton-3 maxbutton maxbutton-pagina-principale\" target=\"_blank\" title=\"tooltip\" rel=\"nofollow noopener\" href=\"http:\/\/www.ocean4future.org\"><span class='mb-text'>PAGINA PRINCIPALE<\/span><\/a><br \/>\n<span style=\"color: #ffffff;\">.<\/span><\/p>\n","protected":false},"excerpt":{"rendered":"<p><span class=\"span-reading-time rt-reading-time\" style=\"display: block;\"><span class=\"rt-label rt-prefix\">tempo di lettura: <\/span> <span class=\"rt-time\"> 5<\/span> <span class=\"rt-label rt-postfix\">minuti<\/span><\/span>. . ARGOMENTO: RELITTI PERIODO: XX SECOLO AREA: MAR MEDITERRANEO parole chiave: sommergibile U455, relitto . Il 1944 \u00e8 sia l&#8217;anno di affondamento dell&#8217;U455, nei pressi di Punta Chiappa, sia l&#8217;anno in cui il fratello del celebre artista De Chirico, Alberto Savinio, pubblica il suo libro dedicato all&#8217;amore per il capoluogo meneghino, Ascolto il tuo [&hellip;]<\/p>\n","protected":false},"author":2414,"featured_media":35028,"comment_status":"open","ping_status":"open","sticky":false,"template":"","format":"standard","meta":{"_acf_changed":false,"_monsterinsights_skip_tracking":false,"_monsterinsights_sitenote_active":false,"_monsterinsights_sitenote_note":"","_monsterinsights_sitenote_category":0,"footnotes":""},"categories":[2092,83],"tags":[],"class_list":["post-35014","post","type-post","status-publish","format-standard","has-post-thumbnail","hentry","category-relitti-subacquei","category-storia-navale"],"acf":[],"yoast_head":"<!-- This site is optimized with the Yoast SEO plugin v27.4 - https:\/\/yoast.com\/product\/yoast-seo-wordpress\/ -->\n<title>Il relitto dell\u2019U455: silenzio alla memoria &#8226; OCEAN4FUTURE autore<\/title>\n<meta name=\"robots\" content=\"index, follow, max-snippet:-1, max-image-preview:large, max-video-preview:-1\" \/>\n<link rel=\"canonical\" href=\"https:\/\/www.ocean4future.org\/savetheocean\/archives\/35014\" \/>\n<meta property=\"og:locale\" content=\"it_IT\" \/>\n<meta property=\"og:type\" content=\"article\" \/>\n<meta property=\"og:title\" content=\"Il relitto dell\u2019U455: silenzio alla memoria &#8226; OCEAN4FUTURE autore\" \/>\n<meta property=\"og:description\" content=\"tempo di lettura:  5 minuti. . ARGOMENTO: RELITTI PERIODO: XX SECOLO AREA: MAR MEDITERRANEO parole chiave: sommergibile U455, relitto . Il 1944 \u00e8 sia l&#8217;anno di affondamento dell&#8217;U455, nei pressi di Punta Chiappa, sia l&#8217;anno in cui il fratello del celebre artista De Chirico, Alberto Savinio, pubblica il suo libro dedicato all&#8217;amore per il capoluogo meneghino, Ascolto il tuo [&hellip;]\" \/>\n<meta property=\"og:url\" content=\"https:\/\/www.ocean4future.org\/savetheocean\/archives\/35014\" \/>\n<meta property=\"og:site_name\" content=\"OCEAN4FUTURE\" \/>\n<meta property=\"article:published_time\" content=\"2019-10-11T22:10:30+00:00\" \/>\n<meta property=\"article:modified_time\" content=\"2024-06-19T13:47:57+00:00\" \/>\n<meta property=\"og:image\" content=\"https:\/\/www.ocean4future.org\/savetheocean\/wp-content\/uploads\/2019\/09\/u-535m.jpg\" \/>\n\t<meta property=\"og:image:width\" content=\"1080\" \/>\n\t<meta property=\"og:image:height\" content=\"719\" \/>\n\t<meta property=\"og:image:type\" content=\"image\/jpeg\" \/>\n<meta name=\"author\" content=\"Andrea Alpini\" \/>\n<meta name=\"twitter:card\" content=\"summary_large_image\" \/>\n<meta name=\"twitter:creator\" content=\"@ocean4future\" \/>\n<meta name=\"twitter:site\" content=\"@ocean4future\" \/>\n<meta name=\"twitter:label1\" content=\"Scritto da\" \/>\n\t<meta name=\"twitter:data1\" content=\"Andrea Alpini\" \/>\n\t<meta name=\"twitter:label2\" content=\"Tempo di lettura stimato\" \/>\n\t<meta name=\"twitter:data2\" content=\"8 minuti\" \/>\n<script type=\"application\/ld+json\" class=\"yoast-schema-graph\">{\"@context\":\"https:\\\/\\\/schema.org\",\"@graph\":[{\"@type\":\"Article\",\"@id\":\"https:\\\/\\\/www.ocean4future.org\\\/savetheocean\\\/archives\\\/35014#article\",\"isPartOf\":{\"@id\":\"https:\\\/\\\/www.ocean4future.org\\\/savetheocean\\\/archives\\\/35014\"},\"author\":{\"name\":\"Andrea Alpini\",\"@id\":\"https:\\\/\\\/www.ocean4future.org\\\/savetheocean\\\/#\\\/schema\\\/person\\\/b70e5196192f3e770c3cea108866eaa2\"},\"headline\":\"Il relitto dell\u2019U455: silenzio alla memoria\",\"datePublished\":\"2019-10-11T22:10:30+00:00\",\"dateModified\":\"2024-06-19T13:47:57+00:00\",\"mainEntityOfPage\":{\"@id\":\"https:\\\/\\\/www.ocean4future.org\\\/savetheocean\\\/archives\\\/35014\"},\"wordCount\":1277,\"commentCount\":0,\"publisher\":{\"@id\":\"https:\\\/\\\/www.ocean4future.org\\\/savetheocean\\\/#\\\/schema\\\/person\\\/4e1c26437054353074d7bb2efa77162c\"},\"image\":{\"@id\":\"https:\\\/\\\/www.ocean4future.org\\\/savetheocean\\\/archives\\\/35014#primaryimage\"},\"thumbnailUrl\":\"https:\\\/\\\/www.ocean4future.org\\\/savetheocean\\\/wp-content\\\/uploads\\\/2019\\\/09\\\/u-535m.jpg\",\"articleSection\":[\"Relitti subacquei\",\"Storia Navale\"],\"inLanguage\":\"it-IT\",\"potentialAction\":[{\"@type\":\"CommentAction\",\"name\":\"Comment\",\"target\":[\"https:\\\/\\\/www.ocean4future.org\\\/savetheocean\\\/archives\\\/35014#respond\"]}]},{\"@type\":\"WebPage\",\"@id\":\"https:\\\/\\\/www.ocean4future.org\\\/savetheocean\\\/archives\\\/35014\",\"url\":\"https:\\\/\\\/www.ocean4future.org\\\/savetheocean\\\/archives\\\/35014\",\"name\":\"Il relitto dell\u2019U455: silenzio alla memoria &#8226; OCEAN4FUTURE autore\",\"isPartOf\":{\"@id\":\"https:\\\/\\\/www.ocean4future.org\\\/savetheocean\\\/#website\"},\"primaryImageOfPage\":{\"@id\":\"https:\\\/\\\/www.ocean4future.org\\\/savetheocean\\\/archives\\\/35014#primaryimage\"},\"image\":{\"@id\":\"https:\\\/\\\/www.ocean4future.org\\\/savetheocean\\\/archives\\\/35014#primaryimage\"},\"thumbnailUrl\":\"https:\\\/\\\/www.ocean4future.org\\\/savetheocean\\\/wp-content\\\/uploads\\\/2019\\\/09\\\/u-535m.jpg\",\"datePublished\":\"2019-10-11T22:10:30+00:00\",\"dateModified\":\"2024-06-19T13:47:57+00:00\",\"breadcrumb\":{\"@id\":\"https:\\\/\\\/www.ocean4future.org\\\/savetheocean\\\/archives\\\/35014#breadcrumb\"},\"inLanguage\":\"it-IT\",\"potentialAction\":[{\"@type\":\"ReadAction\",\"target\":[\"https:\\\/\\\/www.ocean4future.org\\\/savetheocean\\\/archives\\\/35014\"]}]},{\"@type\":\"ImageObject\",\"inLanguage\":\"it-IT\",\"@id\":\"https:\\\/\\\/www.ocean4future.org\\\/savetheocean\\\/archives\\\/35014#primaryimage\",\"url\":\"https:\\\/\\\/www.ocean4future.org\\\/savetheocean\\\/wp-content\\\/uploads\\\/2019\\\/09\\\/u-535m.jpg\",\"contentUrl\":\"https:\\\/\\\/www.ocean4future.org\\\/savetheocean\\\/wp-content\\\/uploads\\\/2019\\\/09\\\/u-535m.jpg\",\"width\":1080,\"height\":719},{\"@type\":\"BreadcrumbList\",\"@id\":\"https:\\\/\\\/www.ocean4future.org\\\/savetheocean\\\/archives\\\/35014#breadcrumb\",\"itemListElement\":[{\"@type\":\"ListItem\",\"position\":1,\"name\":\"Home\",\"item\":\"https:\\\/\\\/www.ocean4future.org\\\/savetheocean\"},{\"@type\":\"ListItem\",\"position\":2,\"name\":\"Il relitto dell\u2019U455: silenzio alla memoria\"}]},{\"@type\":\"WebSite\",\"@id\":\"https:\\\/\\\/www.ocean4future.org\\\/savetheocean\\\/#website\",\"url\":\"https:\\\/\\\/www.ocean4future.org\\\/savetheocean\\\/\",\"name\":\"Ocean 4 Future\",\"description\":\"Per una nuova cultura del mare e della marittimit\u00e0\",\"publisher\":{\"@id\":\"https:\\\/\\\/www.ocean4future.org\\\/savetheocean\\\/#\\\/schema\\\/person\\\/4e1c26437054353074d7bb2efa77162c\"},\"potentialAction\":[{\"@type\":\"SearchAction\",\"target\":{\"@type\":\"EntryPoint\",\"urlTemplate\":\"https:\\\/\\\/www.ocean4future.org\\\/savetheocean\\\/?s={search_term_string}\"},\"query-input\":{\"@type\":\"PropertyValueSpecification\",\"valueRequired\":true,\"valueName\":\"search_term_string\"}}],\"inLanguage\":\"it-IT\"},{\"@type\":[\"Person\",\"Organization\"],\"@id\":\"https:\\\/\\\/www.ocean4future.org\\\/savetheocean\\\/#\\\/schema\\\/person\\\/4e1c26437054353074d7bb2efa77162c\",\"name\":\"oceandiver\",\"image\":{\"@type\":\"ImageObject\",\"inLanguage\":\"it-IT\",\"@id\":\"https:\\\/\\\/www.ocean4future.org\\\/savetheocean\\\/wp-content\\\/uploads\\\/2023\\\/04\\\/logo-ocean3.jpg\",\"url\":\"https:\\\/\\\/www.ocean4future.org\\\/savetheocean\\\/wp-content\\\/uploads\\\/2023\\\/04\\\/logo-ocean3.jpg\",\"contentUrl\":\"https:\\\/\\\/www.ocean4future.org\\\/savetheocean\\\/wp-content\\\/uploads\\\/2023\\\/04\\\/logo-ocean3.jpg\",\"width\":472,\"height\":301,\"caption\":\"oceandiver\"},\"logo\":{\"@id\":\"https:\\\/\\\/www.ocean4future.org\\\/savetheocean\\\/wp-content\\\/uploads\\\/2023\\\/04\\\/logo-ocean3.jpg\"}},{\"@type\":\"Person\",\"@id\":\"https:\\\/\\\/www.ocean4future.org\\\/savetheocean\\\/#\\\/schema\\\/person\\\/b70e5196192f3e770c3cea108866eaa2\",\"name\":\"Andrea Alpini\",\"image\":{\"@type\":\"ImageObject\",\"inLanguage\":\"it-IT\",\"@id\":\"https:\\\/\\\/secure.gravatar.com\\\/avatar\\\/93b7feb69dbba28ab3f3ba89faf1a34e557a4bb99668e33c42d6bf9fc65f22ad?s=96&d=mm&r=g\",\"url\":\"https:\\\/\\\/secure.gravatar.com\\\/avatar\\\/93b7feb69dbba28ab3f3ba89faf1a34e557a4bb99668e33c42d6bf9fc65f22ad?s=96&d=mm&r=g\",\"contentUrl\":\"https:\\\/\\\/secure.gravatar.com\\\/avatar\\\/93b7feb69dbba28ab3f3ba89faf1a34e557a4bb99668e33c42d6bf9fc65f22ad?s=96&d=mm&r=g\",\"caption\":\"Andrea Alpini\"},\"description\":\"\u00e8 subacqueo e Instructor Trainer tecnico TDI, SDI, CMAS, PTA, ADIP. Si immerge dal 1997 in circuito aperto in acque marine e lacustri, prediligendo i relitti, sia storici che moderni. Recentemente ha pubblicato il suo primo libro di subacquea e di avventure per mari, oceani, grotte e laghi: DEEP BLUE Storie di relitti e luoghi sommersi, edito da Magenes Editore. Nel 2024 ha ricevuto il Tridente d'oro\",\"sameAs\":[\"http:\\\/\\\/www.wreckdiving.it\\\/\"],\"url\":\"https:\\\/\\\/www.ocean4future.org\\\/savetheocean\\\/archives\\\/author\\\/andrea-alpini\"}]}<\/script>\n<!-- \/ Yoast SEO plugin. -->","yoast_head_json":{"title":"Il relitto dell\u2019U455: silenzio alla memoria &#8226; OCEAN4FUTURE autore","robots":{"index":"index","follow":"follow","max-snippet":"max-snippet:-1","max-image-preview":"max-image-preview:large","max-video-preview":"max-video-preview:-1"},"canonical":"https:\/\/www.ocean4future.org\/savetheocean\/archives\/35014","og_locale":"it_IT","og_type":"article","og_title":"Il relitto dell\u2019U455: silenzio alla memoria &#8226; OCEAN4FUTURE autore","og_description":"tempo di lettura:  5 minuti. . ARGOMENTO: RELITTI PERIODO: XX SECOLO AREA: MAR MEDITERRANEO parole chiave: sommergibile U455, relitto . Il 1944 \u00e8 sia l&#8217;anno di affondamento dell&#8217;U455, nei pressi di Punta Chiappa, sia l&#8217;anno in cui il fratello del celebre artista De Chirico, Alberto Savinio, pubblica il suo libro dedicato all&#8217;amore per il capoluogo meneghino, Ascolto il tuo [&hellip;]","og_url":"https:\/\/www.ocean4future.org\/savetheocean\/archives\/35014","og_site_name":"OCEAN4FUTURE","article_published_time":"2019-10-11T22:10:30+00:00","article_modified_time":"2024-06-19T13:47:57+00:00","og_image":[{"width":1080,"height":719,"url":"https:\/\/www.ocean4future.org\/savetheocean\/wp-content\/uploads\/2019\/09\/u-535m.jpg","type":"image\/jpeg"}],"author":"Andrea Alpini","twitter_card":"summary_large_image","twitter_creator":"@ocean4future","twitter_site":"@ocean4future","twitter_misc":{"Scritto da":"Andrea Alpini","Tempo di lettura stimato":"8 minuti"},"schema":{"@context":"https:\/\/schema.org","@graph":[{"@type":"Article","@id":"https:\/\/www.ocean4future.org\/savetheocean\/archives\/35014#article","isPartOf":{"@id":"https:\/\/www.ocean4future.org\/savetheocean\/archives\/35014"},"author":{"name":"Andrea Alpini","@id":"https:\/\/www.ocean4future.org\/savetheocean\/#\/schema\/person\/b70e5196192f3e770c3cea108866eaa2"},"headline":"Il relitto dell\u2019U455: silenzio alla memoria","datePublished":"2019-10-11T22:10:30+00:00","dateModified":"2024-06-19T13:47:57+00:00","mainEntityOfPage":{"@id":"https:\/\/www.ocean4future.org\/savetheocean\/archives\/35014"},"wordCount":1277,"commentCount":0,"publisher":{"@id":"https:\/\/www.ocean4future.org\/savetheocean\/#\/schema\/person\/4e1c26437054353074d7bb2efa77162c"},"image":{"@id":"https:\/\/www.ocean4future.org\/savetheocean\/archives\/35014#primaryimage"},"thumbnailUrl":"https:\/\/www.ocean4future.org\/savetheocean\/wp-content\/uploads\/2019\/09\/u-535m.jpg","articleSection":["Relitti subacquei","Storia Navale"],"inLanguage":"it-IT","potentialAction":[{"@type":"CommentAction","name":"Comment","target":["https:\/\/www.ocean4future.org\/savetheocean\/archives\/35014#respond"]}]},{"@type":"WebPage","@id":"https:\/\/www.ocean4future.org\/savetheocean\/archives\/35014","url":"https:\/\/www.ocean4future.org\/savetheocean\/archives\/35014","name":"Il relitto dell\u2019U455: silenzio alla memoria &#8226; OCEAN4FUTURE autore","isPartOf":{"@id":"https:\/\/www.ocean4future.org\/savetheocean\/#website"},"primaryImageOfPage":{"@id":"https:\/\/www.ocean4future.org\/savetheocean\/archives\/35014#primaryimage"},"image":{"@id":"https:\/\/www.ocean4future.org\/savetheocean\/archives\/35014#primaryimage"},"thumbnailUrl":"https:\/\/www.ocean4future.org\/savetheocean\/wp-content\/uploads\/2019\/09\/u-535m.jpg","datePublished":"2019-10-11T22:10:30+00:00","dateModified":"2024-06-19T13:47:57+00:00","breadcrumb":{"@id":"https:\/\/www.ocean4future.org\/savetheocean\/archives\/35014#breadcrumb"},"inLanguage":"it-IT","potentialAction":[{"@type":"ReadAction","target":["https:\/\/www.ocean4future.org\/savetheocean\/archives\/35014"]}]},{"@type":"ImageObject","inLanguage":"it-IT","@id":"https:\/\/www.ocean4future.org\/savetheocean\/archives\/35014#primaryimage","url":"https:\/\/www.ocean4future.org\/savetheocean\/wp-content\/uploads\/2019\/09\/u-535m.jpg","contentUrl":"https:\/\/www.ocean4future.org\/savetheocean\/wp-content\/uploads\/2019\/09\/u-535m.jpg","width":1080,"height":719},{"@type":"BreadcrumbList","@id":"https:\/\/www.ocean4future.org\/savetheocean\/archives\/35014#breadcrumb","itemListElement":[{"@type":"ListItem","position":1,"name":"Home","item":"https:\/\/www.ocean4future.org\/savetheocean"},{"@type":"ListItem","position":2,"name":"Il relitto dell\u2019U455: silenzio alla memoria"}]},{"@type":"WebSite","@id":"https:\/\/www.ocean4future.org\/savetheocean\/#website","url":"https:\/\/www.ocean4future.org\/savetheocean\/","name":"Ocean 4 Future","description":"Per una nuova cultura del mare e della marittimit\u00e0","publisher":{"@id":"https:\/\/www.ocean4future.org\/savetheocean\/#\/schema\/person\/4e1c26437054353074d7bb2efa77162c"},"potentialAction":[{"@type":"SearchAction","target":{"@type":"EntryPoint","urlTemplate":"https:\/\/www.ocean4future.org\/savetheocean\/?s={search_term_string}"},"query-input":{"@type":"PropertyValueSpecification","valueRequired":true,"valueName":"search_term_string"}}],"inLanguage":"it-IT"},{"@type":["Person","Organization"],"@id":"https:\/\/www.ocean4future.org\/savetheocean\/#\/schema\/person\/4e1c26437054353074d7bb2efa77162c","name":"oceandiver","image":{"@type":"ImageObject","inLanguage":"it-IT","@id":"https:\/\/www.ocean4future.org\/savetheocean\/wp-content\/uploads\/2023\/04\/logo-ocean3.jpg","url":"https:\/\/www.ocean4future.org\/savetheocean\/wp-content\/uploads\/2023\/04\/logo-ocean3.jpg","contentUrl":"https:\/\/www.ocean4future.org\/savetheocean\/wp-content\/uploads\/2023\/04\/logo-ocean3.jpg","width":472,"height":301,"caption":"oceandiver"},"logo":{"@id":"https:\/\/www.ocean4future.org\/savetheocean\/wp-content\/uploads\/2023\/04\/logo-ocean3.jpg"}},{"@type":"Person","@id":"https:\/\/www.ocean4future.org\/savetheocean\/#\/schema\/person\/b70e5196192f3e770c3cea108866eaa2","name":"Andrea Alpini","image":{"@type":"ImageObject","inLanguage":"it-IT","@id":"https:\/\/secure.gravatar.com\/avatar\/93b7feb69dbba28ab3f3ba89faf1a34e557a4bb99668e33c42d6bf9fc65f22ad?s=96&d=mm&r=g","url":"https:\/\/secure.gravatar.com\/avatar\/93b7feb69dbba28ab3f3ba89faf1a34e557a4bb99668e33c42d6bf9fc65f22ad?s=96&d=mm&r=g","contentUrl":"https:\/\/secure.gravatar.com\/avatar\/93b7feb69dbba28ab3f3ba89faf1a34e557a4bb99668e33c42d6bf9fc65f22ad?s=96&d=mm&r=g","caption":"Andrea Alpini"},"description":"\u00e8 subacqueo e Instructor Trainer tecnico TDI, SDI, CMAS, PTA, ADIP. Si immerge dal 1997 in circuito aperto in acque marine e lacustri, prediligendo i relitti, sia storici che moderni. Recentemente ha pubblicato il suo primo libro di subacquea e di avventure per mari, oceani, grotte e laghi: DEEP BLUE Storie di relitti e luoghi sommersi, edito da Magenes Editore. Nel 2024 ha ricevuto il Tridente d'oro","sameAs":["http:\/\/www.wreckdiving.it\/"],"url":"https:\/\/www.ocean4future.org\/savetheocean\/archives\/author\/andrea-alpini"}]}},"_links":{"self":[{"href":"https:\/\/www.ocean4future.org\/savetheocean\/wp-json\/wp\/v2\/posts\/35014","targetHints":{"allow":["GET"]}}],"collection":[{"href":"https:\/\/www.ocean4future.org\/savetheocean\/wp-json\/wp\/v2\/posts"}],"about":[{"href":"https:\/\/www.ocean4future.org\/savetheocean\/wp-json\/wp\/v2\/types\/post"}],"author":[{"embeddable":true,"href":"https:\/\/www.ocean4future.org\/savetheocean\/wp-json\/wp\/v2\/users\/2414"}],"replies":[{"embeddable":true,"href":"https:\/\/www.ocean4future.org\/savetheocean\/wp-json\/wp\/v2\/comments?post=35014"}],"version-history":[{"count":0,"href":"https:\/\/www.ocean4future.org\/savetheocean\/wp-json\/wp\/v2\/posts\/35014\/revisions"}],"wp:featuredmedia":[{"embeddable":true,"href":"https:\/\/www.ocean4future.org\/savetheocean\/wp-json\/wp\/v2\/media\/35028"}],"wp:attachment":[{"href":"https:\/\/www.ocean4future.org\/savetheocean\/wp-json\/wp\/v2\/media?parent=35014"}],"wp:term":[{"taxonomy":"category","embeddable":true,"href":"https:\/\/www.ocean4future.org\/savetheocean\/wp-json\/wp\/v2\/categories?post=35014"},{"taxonomy":"post_tag","embeddable":true,"href":"https:\/\/www.ocean4future.org\/savetheocean\/wp-json\/wp\/v2\/tags?post=35014"}],"curies":[{"name":"wp","href":"https:\/\/api.w.org\/{rel}","templated":true}]}}