{"id":34992,"date":"2019-10-10T00:10:32","date_gmt":"2019-10-09T22:10:32","guid":{"rendered":"http:\/\/www.ocean4future.org\/?p=34992"},"modified":"2025-09-12T16:02:26","modified_gmt":"2025-09-12T14:02:26","slug":"cosa-si-nasconde-nel-mare-del-golfo-di-napoli-ingv","status":"publish","type":"post","link":"https:\/\/www.ocean4future.org\/savetheocean\/archives\/34992","title":{"rendered":"Nuove notizie dal Golfo di Napoli &#8211; articolo INGV"},"content":{"rendered":"<span class=\"span-reading-time rt-reading-time\" style=\"display: block;\"><span class=\"rt-label rt-prefix\">tempo di lettura: <\/span> <span class=\"rt-time\"> 5<\/span> <span class=\"rt-label rt-postfix\">minuti<\/span><\/span><p><span style=\"color: #ffffff;\">.<\/span><\/p>\n<p><a class=\"maxbutton-8 maxbutton maxbutton-livello-2\" href=\"javascript:void(0);\"><span class='mb-text'>livello medio<\/span><\/a><br \/>\n<span style=\"color: #ffffff;\">.<\/span><br \/>\n<strong><span style=\"color: #008000;\">ARGOMENTO: GEOLOGIA MARINA<\/span><\/strong><br \/>\n<strong><span style=\"color: #008000;\">PERIODO: XXI SECOLO<\/span><\/strong><br \/>\n<strong><span style=\"color: #008000;\">AREA: MAR MEDITERRANEO<\/span><\/strong><br \/>\nparole chiave: vulcanesimo, emissione gassose<br \/>\n<span style=\"color: #ffffff;\">.<\/span><\/p>\n<p style=\"text-align: justify;\"><strong><span style=\"color: #008000;\">Cosa si nasconde nel mare del Golfo di Napoli? Cos\u2019\u00e8 il rigonfiamento del fondo marino da poco scoperto davanti al porto di Napoli? Ci sono relazioni con i Campi Flegrei e con il Vesuvio? C\u2019\u00e8 qualche rischio per la popolazione?<\/span><\/strong><\/p>\n<p><img decoding=\"async\" class=\"wp-image-34995\" src=\"https:\/\/www.ocean4future.org\/savetheocean\/wp-content\/uploads\/2019\/09\/srep22448-f1.jpg\" alt=\"\" width=\"850\" height=\"869\" srcset=\"https:\/\/www.ocean4future.org\/savetheocean\/wp-content\/uploads\/2019\/09\/srep22448-f1.jpg 670w, https:\/\/www.ocean4future.org\/savetheocean\/wp-content\/uploads\/2019\/09\/srep22448-f1-293x300.jpg 293w, https:\/\/www.ocean4future.org\/savetheocean\/wp-content\/uploads\/2019\/09\/srep22448-f1-50x50.jpg 50w, https:\/\/www.ocean4future.org\/savetheocean\/wp-content\/uploads\/2019\/09\/srep22448-f1-65x65.jpg 65w\" sizes=\"(max-width: 850px) 100vw, 850px\" \/><\/p>\n<p align=\"justify\"><strong><span style=\"color: #008000;\">legenda: a) Disposizione morfologica e strutturale della piattaforma continentale e del Golfo di Napoli15,23,24,48. I punti sono i principali centri eruttivi sottomarini; le linee rosse rappresentano i principali difetti. (b) Batimetria del Golfo di Napoli con le aperture del fluido rilevate (punti) e la traccia delle linee sismiche (linee nere). Figura generata con Surfer\u00ae 13 da Golden Software (http:\/\/www.goldensoftware.com\/products\/surfer).da studio citato<\/span><\/strong><\/p>\n<p style=\"text-align: justify;\">In questi ultimi tempi la rete si \u00e8 sbizzarrita su questo argomento, con ipotesi pi\u00f9 o meno tranquillizzanti che lasciano molti dubbi. Come sempre abbiamo investigato per fornirvi lo stato dell&#8217;arte su cosa realmente sappiamo (e soprattutto cosa non sappiamo) su questo fenomeno. In <a href=\"https:\/\/www.nature.com\/articles\/srep22448\">uno studio<\/a> dell&#8217;INGV, pubblicato sulla prestigiosa rivista <strong><span style=\"color: #008000;\">Nature<\/span><\/strong>, sono stati raccolti i primi dati su questo fenomenico vulcanico di grande interesse.<\/p>\n<p><img decoding=\"async\" class=\"wp-image-34993\" src=\"https:\/\/www.ocean4future.org\/savetheocean\/wp-content\/uploads\/2019\/09\/fig1_ventura_luglio2016.jpg\" alt=\"\" width=\"850\" height=\"348\" srcset=\"https:\/\/www.ocean4future.org\/savetheocean\/wp-content\/uploads\/2019\/09\/fig1_ventura_luglio2016.jpg 768w, https:\/\/www.ocean4future.org\/savetheocean\/wp-content\/uploads\/2019\/09\/fig1_ventura_luglio2016-300x123.jpg 300w\" sizes=\"(max-width: 850px) 100vw, 850px\" \/><\/p>\n<p align=\"justify\"><strong><span style=\"color: #008000;\">visione tridimensionale dell&#8217;area<\/span><\/strong><\/p>\n<p style=\"text-align: justify;\">Due anni fa alcuni ricercatori dell\u2019<strong><span style=\"color: #008000;\">INGV<\/span><\/strong> e del <strong><span style=\"color: #008000;\">CNR-IAMC<\/span><\/strong> di Napoli hanno condotto una campagna di rilievi nel Golfo di Napoli a bordo della nave \u2018<strong><span style=\"color: #008000;\">Urania<\/span><\/strong>\u2019 con lo scopo di individuare e studiare le emissioni gassose sottomarine. Tali emissioni sono comuni nel Golfo di Napoli perch\u00e9, come noto, questa \u00e8 un\u2019area vulcanica attiva dove coesistono i vulcani di Ischia, i Campi Flegrei ed il Vesuvio. \u00c8 quindi normale che i fondali marini siano disseminati di emissione gassose, come accade in molte altre zone del mondo, dalle isole Eolie fino al Giappone ed all&#8217;Islanda.<\/p>\n<p><img decoding=\"async\" class=\"wp-image-34994\" src=\"https:\/\/www.ocean4future.org\/savetheocean\/wp-content\/uploads\/2019\/09\/fig2_ventura_luglio2016.jpg\" alt=\"\" width=\"850\" height=\"572\" srcset=\"https:\/\/www.ocean4future.org\/savetheocean\/wp-content\/uploads\/2019\/09\/fig2_ventura_luglio2016.jpg 750w, https:\/\/www.ocean4future.org\/savetheocean\/wp-content\/uploads\/2019\/09\/fig2_ventura_luglio2016-300x202.jpg 300w\" sizes=\"(max-width: 850px) 100vw, 850px\" \/><\/p>\n<p align=\"justify\"><strong><span style=\"color: #008000;\">operazioni a bordo di nave Urania<\/span><\/strong><\/p>\n<p style=\"text-align: justify;\"><span style=\"font-size: 18pt;\"><strong><span style=\"color: #008000;\">Operazioni a bordo della nave Urania del CNR<\/span><\/strong><\/span><br \/>\nCi\u00f2 che \u00e8 stato rilevato nel Golfo di Napoli, a profondit\u00e0 variabili dai 100 ai 200 metri, \u00e8 una struttura pi\u00f9 complessa. Unendo dati geologici, geochimici e geofisici abbiamo scoperto che 5 km a sud del porto partenopeo e 3 km a sud-est di Posillipo esiste una struttura sottomarina rigonfiata. Questo rigonfiamento (tecnicamente definito \u201cduomo\u201d) \u00e8 quasi circolare e misura circa 25 km2. Rispetto al fondo marino circostante \u00e8 pi\u00f9 alto di circa 15-20 m e contiene numerose \u2018tumuli\u2019 (ossia dei rilievi cupoliformi), piccoli crateri, e conetti di sabbia. Abbiamo rilevato 35 emissioni gassose attive e oltre 650 crateri, molti dei quali non attivi. Il gas emesso \u00e8 a bassa temperatura e la sua composizione \u00e8 molto simile a quella delle fumarole dei Campi Flegrei e del Vesuvio. Questo ci indica che la sorgente dei gas del duomo sottomarino, dei Campi Flegrei e del Vesuvio \u00e8 la stessa: il mantello, che in questa area si trova a circa 20 km di profondit\u00e0.<\/p>\n<p><img decoding=\"async\" class=\"wp-image-34998\" src=\"https:\/\/www.ocean4future.org\/savetheocean\/wp-content\/uploads\/2019\/09\/srep22448-f5.jpg\" alt=\"\" width=\"850\" height=\"854\" srcset=\"https:\/\/www.ocean4future.org\/savetheocean\/wp-content\/uploads\/2019\/09\/srep22448-f5.jpg 682w, https:\/\/www.ocean4future.org\/savetheocean\/wp-content\/uploads\/2019\/09\/srep22448-f5-150x150.jpg 150w, https:\/\/www.ocean4future.org\/savetheocean\/wp-content\/uploads\/2019\/09\/srep22448-f5-300x300.jpg 300w, https:\/\/www.ocean4future.org\/savetheocean\/wp-content\/uploads\/2019\/09\/srep22448-f5-144x144.jpg 144w, https:\/\/www.ocean4future.org\/savetheocean\/wp-content\/uploads\/2019\/09\/srep22448-f5-50x50.jpg 50w, https:\/\/www.ocean4future.org\/savetheocean\/wp-content\/uploads\/2019\/09\/srep22448-f5-65x65.jpg 65w\" sizes=\"(max-width: 850px) 100vw, 850px\" \/><\/p>\n<p align=\"justify\"><strong><span style=\"color: #008000;\">(a) Finestra di acquisizione di un profilo di colonna d&#8217;acqua acustica (ecoscandaglio Simrad EK60). Bande verdi verticali corrispondenti ai razzi di gas rilevati sull&#8217;emissione di fluido EM50 (circa 75 m sotto il livello del mare) situati nell&#8217;area BdM; Vengono inoltre visualizzati il segnale multiplo del fondo marino sul fondo e il fondale marino.<\/span><\/strong><br \/>\n<strong><span style=\"color: #008000;\">(b) Foto singola raccolta con un veicolo a controllo remoto nell&#8217;area BdM che mostra\u00a0 un piccolo cratere (cerchio nero) circondato da sedimenti rossi e arancioni.<\/span><\/strong><br \/>\n<strong><span style=\"color: #008000;\">(c, d) Dati raccolti da una sonda multi parametrica CDT elaborati con il software SBED-Win32 (Seasave, versione 7.23.2). Modelli di parametri selezionati (salinit\u00e0, temperatura, pH e ossigeno) della colonna d&#8217;acqua sopra l&#8217;emissione di fluido EM50 (pannello c) e all&#8217;esterno del pannello dell&#8217;area di scarico Bdm (d) &#8230; da studio citato<\/span><\/strong><\/p>\n<p style=\"text-align: justify;\">L\u2019emissione di questi gas alza l\u2019acidit\u00e0 dell\u2019acqua marina circostante, ma la fauna e la flora marina non sembrano risentirne. I dati a nostra disposizione hanno consentito di individuare dei veri e propri camini di alimentazione lungo i quali il gas (prevalentemente <strong><span style=\"color: #008000;\">anidride carbonica) risale e deforma il fondo marino mescolandosi ai sedimenti attuali.<\/span><\/strong><\/p>\n<p style=\"text-align: justify;\"><strong><span style=\"color: #008000; font-size: 18pt;\">Quando si \u00e8 formato questo duomo?<\/span><span style=\"color: #008000;\"><br \/>\n<\/span><\/strong>Ci\u00f2 che sappiamo fino a oggi deriva da campioni prelevati da una carota (ossia un cilindro di roccia prelevato da un sondaggio). I dati ci dicono che ha un\u2019et\u00e0 inferiore ai 12.000 anni, ma ancora non sappiamo di quanto. Assumendo comunque questa et\u00e0 come rappresentativa dell\u2019inizio della deformazione del fondo marino e della emissione di gas, possiamo dire che esso si alza con una velocit\u00e0 di circa 1-1.5 millimetri\/anno. Questo valore \u00e8 compatibile con quelli di altre aree vulcaniche ma sicuramente minore di quello che interessa, per esempio, i Campi Flegrei durante le crisi bradisismiche.<\/p>\n<p style=\"text-align: justify;\"><span style=\"font-size: 14pt;\"><strong><span style=\"color: #008000;\">Ma allora come si \u00e8 formato questo duomo sottomarino? E soprattutto, \u00e8 pericoloso?<\/span><\/strong><\/span><\/p>\n<p><img decoding=\"async\" class=\"wp-image-34997\" src=\"https:\/\/www.ocean4future.org\/savetheocean\/wp-content\/uploads\/2019\/09\/srep22448-f3.jpg\" alt=\"\" width=\"850\" height=\"223\" srcset=\"https:\/\/www.ocean4future.org\/savetheocean\/wp-content\/uploads\/2019\/09\/srep22448-f3.jpg 685w, https:\/\/www.ocean4future.org\/savetheocean\/wp-content\/uploads\/2019\/09\/srep22448-f3-300x79.jpg 300w\" sizes=\"(max-width: 850px) 100vw, 850px\" \/><\/p>\n<p align=\"justify\"><strong><span style=\"color: #008000;\">Dettagli dei coni, crateri, tumuli e pockmark riconosciuti nell&#8217;area Banco della Montagna\u00a0 estratti dal modello digitale del terreno (DTM) \u00a0 notate \u00a0 a) coni allineati di un fondale piatto; (b) coni e crateri collocati su tumuli allungati NW-SE; (c) segno distintivo collocato su un cratere causato da fluidi (gas e liquidi) che esplodono e fluiscono attraverso i sedimenti. da studio citato<\/span><\/strong><\/p>\n<p style=\"text-align: justify;\">I nostri dati e i risultati della modellazione della deformazione ci dicono che per formare una struttura come quella osservata non sono necessarie pressioni di gas elevate. Strutture simili si trovano nei giacimenti sottomarini di gas idrati (per esempio metano). La differenza \u00e8 che nel caso del Golfo di Napoli si tratta di gas profondi che vengono dal mantello e dalla crosta sovrastante e non dalla decomposizione di materiale organico, come il metano. Questi gas sono quindi di origine vulcanica e idrotermale. <strong><span style=\"color: #008000;\">Per questa ragione, in assenza di altre fenomenologie (esempio terremoti, accelerazione delle deformazioni), il duomo sottomarino del Golfo di Napoli non desta particolare preoccupazione.<\/span><\/strong><\/p>\n<p><img decoding=\"async\" class=\"wp-image-34996\" src=\"https:\/\/www.ocean4future.org\/savetheocean\/wp-content\/uploads\/2019\/09\/srep22448-f2.jpg\" alt=\"\" width=\"850\" height=\"335\" srcset=\"https:\/\/www.ocean4future.org\/savetheocean\/wp-content\/uploads\/2019\/09\/srep22448-f2.jpg 685w, https:\/\/www.ocean4future.org\/savetheocean\/wp-content\/uploads\/2019\/09\/srep22448-f2-300x118.jpg 300w\" sizes=\"(max-width: 850px) 100vw, 850px\" \/><\/p>\n<p align=\"justify\"><strong><span style=\"color: #008000;\">(a) Modello digitale del terreno (dimensioni di una cella di 1 m) della cupola del Banco della Montagna (BdM). (b) Perimetro vs. circolarit\u00e0 dei tumuli BdM. (c) Rapporto assiale vs. angolo (orientamento) dell&#8217;asse maggiore delle ellissi pi\u00f9 adatte che circondano i tumuli. L&#8217;errore standard del modello di terreno digitale \u00e8 0,004 m; gli errori standard di perimetro e circolarit\u00e0 sono rispettivamente 4,83 me 0,01 e quelli del rapporto assiale e dell&#8217;angolo sono 0,04 e 3,34 \u00b0.\u00a0 da studio citato<\/span><\/strong><\/p>\n<p style=\"text-align: justify;\">Tuttavia, \u00e8 utile e importante monitorare questa struttura perch\u00e9 una possibile accelerazione dei processi di deformazione o un aumento significativo del flusso di gas e delle temperature potrebbe preludere a un\u2019eruzione idrotermale o alla nascita di un vulcano sottomarino, cosa del tutto normale in questa area, dove Ischia e altri vulcani sommersi nella zona flegrea e vesuviana si sono formati nel passato. Tuttavia, nell\u2019area napoletana le priorit\u00e0, in termini di pericolosit\u00e0 vulcanica, continuano a essere i Campi Flegrei, il Vesuvio e Ischia.<\/p>\n<p><strong><span style=\"color: #008000;\">INGV<br \/>\n<span style=\"color: #ffffff;\">.<\/span><\/span><\/strong><\/p>\n<p style=\"text-align: justify;\"><span style=\"color: #008000; font-size: 18pt;\"><strong>Riferimenti<\/strong><\/span><br \/>\nPassaro, S., Tamburrino S., Vallefuoco M., Tassi F., Vaselli O., Giannini L., Chiodini G., Caliro S., Sacchi M., Rizzo A.L., Ventura G. (2016). Seafloor doming driven by degassing processes unveils sprouting volcanism in coastal areas. Scientific Reports, 22448; doi: 10.1038\/srep22448 (2016) <a href=\"http:\/\/www.nature.com\/articles\/srep22448\">http:\/\/www.nature.com\/articles\/srep22448<\/a><\/p>\n<p>Quest\u2019opera \u00e8 distribuita con<a href=\"http:\/\/creativecommons.org\/licenses\/by-nd\/4.0\/\"> <strong><span style=\"color: #008000;\">Licenza Creative Commons Attribuzione<\/span><\/strong> \u2013 Non opere derivate 4.0 Internazionale.<\/a><br \/>\n<span style=\"color: #ffffff;\">.<\/span><\/p>\n<p><a class=\"maxbutton-3 maxbutton maxbutton-pagina-principale\" target=\"_blank\" title=\"tooltip\" rel=\"nofollow noopener\" href=\"http:\/\/www.ocean4future.org\"><span class='mb-text'>PAGINA PRINCIPALE - HOME PAGE<\/span><\/a><br \/>\n<span style=\"color: #ffffff;\">.<\/span><\/p>\n","protected":false},"excerpt":{"rendered":"<p><span class=\"span-reading-time rt-reading-time\" style=\"display: block;\"><span class=\"rt-label rt-prefix\">tempo di lettura: <\/span> <span class=\"rt-time\"> 5<\/span> <span class=\"rt-label rt-postfix\">minuti<\/span><\/span>. . ARGOMENTO: GEOLOGIA MARINA PERIODO: XXI SECOLO AREA: MAR MEDITERRANEO parole chiave: vulcanesimo, emissione gassose . Cosa si nasconde nel mare del Golfo di Napoli? Cos\u2019\u00e8 il rigonfiamento del fondo marino da poco scoperto davanti al porto di Napoli? Ci sono relazioni con i Campi Flegrei e con il Vesuvio? C\u2019\u00e8 qualche rischio per [&hellip;]<\/p>\n","protected":false},"author":2398,"featured_media":68666,"comment_status":"open","ping_status":"open","sticky":false,"template":"","format":"standard","meta":{"_acf_changed":false,"_monsterinsights_skip_tracking":false,"_monsterinsights_sitenote_active":false,"_monsterinsights_sitenote_note":"","_monsterinsights_sitenote_category":0,"footnotes":""},"categories":[16,14],"tags":[],"class_list":["post-34992","post","type-post","status-publish","format-standard","has-post-thumbnail","hentry","category-geologia-marina","category-oceanografia"],"acf":[],"yoast_head":"<!-- This site is optimized with the Yoast SEO plugin v27.4 - https:\/\/yoast.com\/product\/yoast-seo-wordpress\/ -->\n<title>Nuove notizie dal Golfo di Napoli - articolo INGV &#8226; OCEAN4FUTURE autore<\/title>\n<meta name=\"robots\" content=\"index, follow, max-snippet:-1, max-image-preview:large, max-video-preview:-1\" \/>\n<link rel=\"canonical\" href=\"https:\/\/www.ocean4future.org\/savetheocean\/archives\/34992\" \/>\n<meta property=\"og:locale\" content=\"it_IT\" \/>\n<meta property=\"og:type\" content=\"article\" \/>\n<meta property=\"og:title\" content=\"Nuove notizie dal Golfo di Napoli - articolo INGV &#8226; OCEAN4FUTURE autore\" \/>\n<meta property=\"og:description\" content=\"tempo di lettura:  5 minuti. . ARGOMENTO: GEOLOGIA MARINA PERIODO: XXI SECOLO AREA: MAR MEDITERRANEO parole chiave: vulcanesimo, emissione gassose . Cosa si nasconde nel mare del Golfo di Napoli? Cos\u2019\u00e8 il rigonfiamento del fondo marino da poco scoperto davanti al porto di Napoli? Ci sono relazioni con i Campi Flegrei e con il Vesuvio? C\u2019\u00e8 qualche rischio per [&hellip;]\" \/>\n<meta property=\"og:url\" content=\"https:\/\/www.ocean4future.org\/savetheocean\/archives\/34992\" \/>\n<meta property=\"og:site_name\" content=\"OCEAN4FUTURE\" \/>\n<meta property=\"article:published_time\" content=\"2019-10-09T22:10:32+00:00\" \/>\n<meta property=\"article:modified_time\" content=\"2025-09-12T14:02:26+00:00\" \/>\n<meta property=\"og:image\" content=\"https:\/\/www.ocean4future.org\/savetheocean\/wp-content\/uploads\/2019\/10\/napoli-vulcani-in-mare.jpg\" \/>\n\t<meta property=\"og:image:width\" content=\"850\" \/>\n\t<meta property=\"og:image:height\" content=\"465\" \/>\n\t<meta property=\"og:image:type\" content=\"image\/jpeg\" \/>\n<meta name=\"author\" content=\"Redazione OCEAN4FUTURE\" \/>\n<meta name=\"twitter:card\" content=\"summary_large_image\" \/>\n<meta name=\"twitter:creator\" content=\"@ocean4future\" \/>\n<meta name=\"twitter:site\" content=\"@ocean4future\" \/>\n<meta name=\"twitter:label1\" content=\"Scritto da\" \/>\n\t<meta name=\"twitter:data1\" content=\"Redazione OCEAN4FUTURE\" \/>\n\t<meta name=\"twitter:label2\" content=\"Tempo di lettura stimato\" \/>\n\t<meta name=\"twitter:data2\" content=\"8 minuti\" \/>\n<script type=\"application\/ld+json\" class=\"yoast-schema-graph\">{\"@context\":\"https:\\\/\\\/schema.org\",\"@graph\":[{\"@type\":\"Article\",\"@id\":\"https:\\\/\\\/www.ocean4future.org\\\/savetheocean\\\/archives\\\/34992#article\",\"isPartOf\":{\"@id\":\"https:\\\/\\\/www.ocean4future.org\\\/savetheocean\\\/archives\\\/34992\"},\"author\":{\"name\":\"Redazione OCEAN4FUTURE\",\"@id\":\"https:\\\/\\\/www.ocean4future.org\\\/savetheocean\\\/#\\\/schema\\\/person\\\/ad3962a4283da6a7ba5d2e66f435a340\"},\"headline\":\"Nuove notizie dal Golfo di Napoli &#8211; articolo INGV\",\"datePublished\":\"2019-10-09T22:10:32+00:00\",\"dateModified\":\"2025-09-12T14:02:26+00:00\",\"mainEntityOfPage\":{\"@id\":\"https:\\\/\\\/www.ocean4future.org\\\/savetheocean\\\/archives\\\/34992\"},\"wordCount\":1158,\"commentCount\":0,\"publisher\":{\"@id\":\"https:\\\/\\\/www.ocean4future.org\\\/savetheocean\\\/#\\\/schema\\\/person\\\/4e1c26437054353074d7bb2efa77162c\"},\"image\":{\"@id\":\"https:\\\/\\\/www.ocean4future.org\\\/savetheocean\\\/archives\\\/34992#primaryimage\"},\"thumbnailUrl\":\"https:\\\/\\\/www.ocean4future.org\\\/savetheocean\\\/wp-content\\\/uploads\\\/2019\\\/10\\\/napoli-vulcani-in-mare.jpg\",\"articleSection\":[\"Geologia\",\"Oceanografia\"],\"inLanguage\":\"it-IT\",\"potentialAction\":[{\"@type\":\"CommentAction\",\"name\":\"Comment\",\"target\":[\"https:\\\/\\\/www.ocean4future.org\\\/savetheocean\\\/archives\\\/34992#respond\"]}]},{\"@type\":\"WebPage\",\"@id\":\"https:\\\/\\\/www.ocean4future.org\\\/savetheocean\\\/archives\\\/34992\",\"url\":\"https:\\\/\\\/www.ocean4future.org\\\/savetheocean\\\/archives\\\/34992\",\"name\":\"Nuove notizie dal Golfo di Napoli - articolo INGV &#8226; OCEAN4FUTURE autore\",\"isPartOf\":{\"@id\":\"https:\\\/\\\/www.ocean4future.org\\\/savetheocean\\\/#website\"},\"primaryImageOfPage\":{\"@id\":\"https:\\\/\\\/www.ocean4future.org\\\/savetheocean\\\/archives\\\/34992#primaryimage\"},\"image\":{\"@id\":\"https:\\\/\\\/www.ocean4future.org\\\/savetheocean\\\/archives\\\/34992#primaryimage\"},\"thumbnailUrl\":\"https:\\\/\\\/www.ocean4future.org\\\/savetheocean\\\/wp-content\\\/uploads\\\/2019\\\/10\\\/napoli-vulcani-in-mare.jpg\",\"datePublished\":\"2019-10-09T22:10:32+00:00\",\"dateModified\":\"2025-09-12T14:02:26+00:00\",\"breadcrumb\":{\"@id\":\"https:\\\/\\\/www.ocean4future.org\\\/savetheocean\\\/archives\\\/34992#breadcrumb\"},\"inLanguage\":\"it-IT\",\"potentialAction\":[{\"@type\":\"ReadAction\",\"target\":[\"https:\\\/\\\/www.ocean4future.org\\\/savetheocean\\\/archives\\\/34992\"]}]},{\"@type\":\"ImageObject\",\"inLanguage\":\"it-IT\",\"@id\":\"https:\\\/\\\/www.ocean4future.org\\\/savetheocean\\\/archives\\\/34992#primaryimage\",\"url\":\"https:\\\/\\\/www.ocean4future.org\\\/savetheocean\\\/wp-content\\\/uploads\\\/2019\\\/10\\\/napoli-vulcani-in-mare.jpg\",\"contentUrl\":\"https:\\\/\\\/www.ocean4future.org\\\/savetheocean\\\/wp-content\\\/uploads\\\/2019\\\/10\\\/napoli-vulcani-in-mare.jpg\",\"width\":850,\"height\":465},{\"@type\":\"BreadcrumbList\",\"@id\":\"https:\\\/\\\/www.ocean4future.org\\\/savetheocean\\\/archives\\\/34992#breadcrumb\",\"itemListElement\":[{\"@type\":\"ListItem\",\"position\":1,\"name\":\"Home\",\"item\":\"https:\\\/\\\/www.ocean4future.org\\\/savetheocean\"},{\"@type\":\"ListItem\",\"position\":2,\"name\":\"Nuove notizie dal Golfo di Napoli &#8211; articolo INGV\"}]},{\"@type\":\"WebSite\",\"@id\":\"https:\\\/\\\/www.ocean4future.org\\\/savetheocean\\\/#website\",\"url\":\"https:\\\/\\\/www.ocean4future.org\\\/savetheocean\\\/\",\"name\":\"Ocean 4 Future\",\"description\":\"Per una nuova cultura del mare e della marittimit\u00e0\",\"publisher\":{\"@id\":\"https:\\\/\\\/www.ocean4future.org\\\/savetheocean\\\/#\\\/schema\\\/person\\\/4e1c26437054353074d7bb2efa77162c\"},\"potentialAction\":[{\"@type\":\"SearchAction\",\"target\":{\"@type\":\"EntryPoint\",\"urlTemplate\":\"https:\\\/\\\/www.ocean4future.org\\\/savetheocean\\\/?s={search_term_string}\"},\"query-input\":{\"@type\":\"PropertyValueSpecification\",\"valueRequired\":true,\"valueName\":\"search_term_string\"}}],\"inLanguage\":\"it-IT\"},{\"@type\":[\"Person\",\"Organization\"],\"@id\":\"https:\\\/\\\/www.ocean4future.org\\\/savetheocean\\\/#\\\/schema\\\/person\\\/4e1c26437054353074d7bb2efa77162c\",\"name\":\"oceandiver\",\"image\":{\"@type\":\"ImageObject\",\"inLanguage\":\"it-IT\",\"@id\":\"https:\\\/\\\/www.ocean4future.org\\\/savetheocean\\\/wp-content\\\/uploads\\\/2023\\\/04\\\/logo-ocean3.jpg\",\"url\":\"https:\\\/\\\/www.ocean4future.org\\\/savetheocean\\\/wp-content\\\/uploads\\\/2023\\\/04\\\/logo-ocean3.jpg\",\"contentUrl\":\"https:\\\/\\\/www.ocean4future.org\\\/savetheocean\\\/wp-content\\\/uploads\\\/2023\\\/04\\\/logo-ocean3.jpg\",\"width\":472,\"height\":301,\"caption\":\"oceandiver\"},\"logo\":{\"@id\":\"https:\\\/\\\/www.ocean4future.org\\\/savetheocean\\\/wp-content\\\/uploads\\\/2023\\\/04\\\/logo-ocean3.jpg\"}},{\"@type\":\"Person\",\"@id\":\"https:\\\/\\\/www.ocean4future.org\\\/savetheocean\\\/#\\\/schema\\\/person\\\/ad3962a4283da6a7ba5d2e66f435a340\",\"name\":\"Redazione OCEAN4FUTURE\",\"image\":{\"@type\":\"ImageObject\",\"inLanguage\":\"it-IT\",\"@id\":\"https:\\\/\\\/secure.gravatar.com\\\/avatar\\\/ba6774c3cc06933a10f7e80f4184a636b9f8fe6f86714a5b2c583173eaf54646?s=96&d=mm&r=g\",\"url\":\"https:\\\/\\\/secure.gravatar.com\\\/avatar\\\/ba6774c3cc06933a10f7e80f4184a636b9f8fe6f86714a5b2c583173eaf54646?s=96&d=mm&r=g\",\"contentUrl\":\"https:\\\/\\\/secure.gravatar.com\\\/avatar\\\/ba6774c3cc06933a10f7e80f4184a636b9f8fe6f86714a5b2c583173eaf54646?s=96&d=mm&r=g\",\"caption\":\"Redazione OCEAN4FUTURE\"},\"description\":\"\u00e8 composta da oltre 60 collaboratori che lavorano in smart working, selezionati tra esperti di settore di diverse discipline. Hanno il compito di\u00a0 selezionare argomenti di particolare interesse, redigendo articoli basati su studi recenti. I contenuti degli stessi restano di responsabilit\u00e0 degli autori che sono ovviamente sempre citati. Eventuali quesiti possono essere inviati alla Redazione (infoocean4future@gmail.com) che, quando possibile, provveder\u00e0 ad inoltrarli agli Autori.\",\"sameAs\":[\"http:\\\/\\\/www.ocean4future.org\"],\"url\":\"https:\\\/\\\/www.ocean4future.org\\\/savetheocean\\\/archives\\\/author\\\/redazione-ocean4future\"}]}<\/script>\n<!-- \/ Yoast SEO plugin. -->","yoast_head_json":{"title":"Nuove notizie dal Golfo di Napoli - articolo INGV &#8226; OCEAN4FUTURE autore","robots":{"index":"index","follow":"follow","max-snippet":"max-snippet:-1","max-image-preview":"max-image-preview:large","max-video-preview":"max-video-preview:-1"},"canonical":"https:\/\/www.ocean4future.org\/savetheocean\/archives\/34992","og_locale":"it_IT","og_type":"article","og_title":"Nuove notizie dal Golfo di Napoli - articolo INGV &#8226; OCEAN4FUTURE autore","og_description":"tempo di lettura:  5 minuti. . ARGOMENTO: GEOLOGIA MARINA PERIODO: XXI SECOLO AREA: MAR MEDITERRANEO parole chiave: vulcanesimo, emissione gassose . Cosa si nasconde nel mare del Golfo di Napoli? Cos\u2019\u00e8 il rigonfiamento del fondo marino da poco scoperto davanti al porto di Napoli? Ci sono relazioni con i Campi Flegrei e con il Vesuvio? C\u2019\u00e8 qualche rischio per [&hellip;]","og_url":"https:\/\/www.ocean4future.org\/savetheocean\/archives\/34992","og_site_name":"OCEAN4FUTURE","article_published_time":"2019-10-09T22:10:32+00:00","article_modified_time":"2025-09-12T14:02:26+00:00","og_image":[{"width":850,"height":465,"url":"https:\/\/www.ocean4future.org\/savetheocean\/wp-content\/uploads\/2019\/10\/napoli-vulcani-in-mare.jpg","type":"image\/jpeg"}],"author":"Redazione OCEAN4FUTURE","twitter_card":"summary_large_image","twitter_creator":"@ocean4future","twitter_site":"@ocean4future","twitter_misc":{"Scritto da":"Redazione OCEAN4FUTURE","Tempo di lettura stimato":"8 minuti"},"schema":{"@context":"https:\/\/schema.org","@graph":[{"@type":"Article","@id":"https:\/\/www.ocean4future.org\/savetheocean\/archives\/34992#article","isPartOf":{"@id":"https:\/\/www.ocean4future.org\/savetheocean\/archives\/34992"},"author":{"name":"Redazione OCEAN4FUTURE","@id":"https:\/\/www.ocean4future.org\/savetheocean\/#\/schema\/person\/ad3962a4283da6a7ba5d2e66f435a340"},"headline":"Nuove notizie dal Golfo di Napoli &#8211; articolo INGV","datePublished":"2019-10-09T22:10:32+00:00","dateModified":"2025-09-12T14:02:26+00:00","mainEntityOfPage":{"@id":"https:\/\/www.ocean4future.org\/savetheocean\/archives\/34992"},"wordCount":1158,"commentCount":0,"publisher":{"@id":"https:\/\/www.ocean4future.org\/savetheocean\/#\/schema\/person\/4e1c26437054353074d7bb2efa77162c"},"image":{"@id":"https:\/\/www.ocean4future.org\/savetheocean\/archives\/34992#primaryimage"},"thumbnailUrl":"https:\/\/www.ocean4future.org\/savetheocean\/wp-content\/uploads\/2019\/10\/napoli-vulcani-in-mare.jpg","articleSection":["Geologia","Oceanografia"],"inLanguage":"it-IT","potentialAction":[{"@type":"CommentAction","name":"Comment","target":["https:\/\/www.ocean4future.org\/savetheocean\/archives\/34992#respond"]}]},{"@type":"WebPage","@id":"https:\/\/www.ocean4future.org\/savetheocean\/archives\/34992","url":"https:\/\/www.ocean4future.org\/savetheocean\/archives\/34992","name":"Nuove notizie dal Golfo di Napoli - articolo INGV &#8226; OCEAN4FUTURE autore","isPartOf":{"@id":"https:\/\/www.ocean4future.org\/savetheocean\/#website"},"primaryImageOfPage":{"@id":"https:\/\/www.ocean4future.org\/savetheocean\/archives\/34992#primaryimage"},"image":{"@id":"https:\/\/www.ocean4future.org\/savetheocean\/archives\/34992#primaryimage"},"thumbnailUrl":"https:\/\/www.ocean4future.org\/savetheocean\/wp-content\/uploads\/2019\/10\/napoli-vulcani-in-mare.jpg","datePublished":"2019-10-09T22:10:32+00:00","dateModified":"2025-09-12T14:02:26+00:00","breadcrumb":{"@id":"https:\/\/www.ocean4future.org\/savetheocean\/archives\/34992#breadcrumb"},"inLanguage":"it-IT","potentialAction":[{"@type":"ReadAction","target":["https:\/\/www.ocean4future.org\/savetheocean\/archives\/34992"]}]},{"@type":"ImageObject","inLanguage":"it-IT","@id":"https:\/\/www.ocean4future.org\/savetheocean\/archives\/34992#primaryimage","url":"https:\/\/www.ocean4future.org\/savetheocean\/wp-content\/uploads\/2019\/10\/napoli-vulcani-in-mare.jpg","contentUrl":"https:\/\/www.ocean4future.org\/savetheocean\/wp-content\/uploads\/2019\/10\/napoli-vulcani-in-mare.jpg","width":850,"height":465},{"@type":"BreadcrumbList","@id":"https:\/\/www.ocean4future.org\/savetheocean\/archives\/34992#breadcrumb","itemListElement":[{"@type":"ListItem","position":1,"name":"Home","item":"https:\/\/www.ocean4future.org\/savetheocean"},{"@type":"ListItem","position":2,"name":"Nuove notizie dal Golfo di Napoli &#8211; articolo INGV"}]},{"@type":"WebSite","@id":"https:\/\/www.ocean4future.org\/savetheocean\/#website","url":"https:\/\/www.ocean4future.org\/savetheocean\/","name":"Ocean 4 Future","description":"Per una nuova cultura del mare e della marittimit\u00e0","publisher":{"@id":"https:\/\/www.ocean4future.org\/savetheocean\/#\/schema\/person\/4e1c26437054353074d7bb2efa77162c"},"potentialAction":[{"@type":"SearchAction","target":{"@type":"EntryPoint","urlTemplate":"https:\/\/www.ocean4future.org\/savetheocean\/?s={search_term_string}"},"query-input":{"@type":"PropertyValueSpecification","valueRequired":true,"valueName":"search_term_string"}}],"inLanguage":"it-IT"},{"@type":["Person","Organization"],"@id":"https:\/\/www.ocean4future.org\/savetheocean\/#\/schema\/person\/4e1c26437054353074d7bb2efa77162c","name":"oceandiver","image":{"@type":"ImageObject","inLanguage":"it-IT","@id":"https:\/\/www.ocean4future.org\/savetheocean\/wp-content\/uploads\/2023\/04\/logo-ocean3.jpg","url":"https:\/\/www.ocean4future.org\/savetheocean\/wp-content\/uploads\/2023\/04\/logo-ocean3.jpg","contentUrl":"https:\/\/www.ocean4future.org\/savetheocean\/wp-content\/uploads\/2023\/04\/logo-ocean3.jpg","width":472,"height":301,"caption":"oceandiver"},"logo":{"@id":"https:\/\/www.ocean4future.org\/savetheocean\/wp-content\/uploads\/2023\/04\/logo-ocean3.jpg"}},{"@type":"Person","@id":"https:\/\/www.ocean4future.org\/savetheocean\/#\/schema\/person\/ad3962a4283da6a7ba5d2e66f435a340","name":"Redazione OCEAN4FUTURE","image":{"@type":"ImageObject","inLanguage":"it-IT","@id":"https:\/\/secure.gravatar.com\/avatar\/ba6774c3cc06933a10f7e80f4184a636b9f8fe6f86714a5b2c583173eaf54646?s=96&d=mm&r=g","url":"https:\/\/secure.gravatar.com\/avatar\/ba6774c3cc06933a10f7e80f4184a636b9f8fe6f86714a5b2c583173eaf54646?s=96&d=mm&r=g","contentUrl":"https:\/\/secure.gravatar.com\/avatar\/ba6774c3cc06933a10f7e80f4184a636b9f8fe6f86714a5b2c583173eaf54646?s=96&d=mm&r=g","caption":"Redazione OCEAN4FUTURE"},"description":"\u00e8 composta da oltre 60 collaboratori che lavorano in smart working, selezionati tra esperti di settore di diverse discipline. Hanno il compito di\u00a0 selezionare argomenti di particolare interesse, redigendo articoli basati su studi recenti. I contenuti degli stessi restano di responsabilit\u00e0 degli autori che sono ovviamente sempre citati. Eventuali quesiti possono essere inviati alla Redazione (infoocean4future@gmail.com) che, quando possibile, provveder\u00e0 ad inoltrarli agli Autori.","sameAs":["http:\/\/www.ocean4future.org"],"url":"https:\/\/www.ocean4future.org\/savetheocean\/archives\/author\/redazione-ocean4future"}]}},"_links":{"self":[{"href":"https:\/\/www.ocean4future.org\/savetheocean\/wp-json\/wp\/v2\/posts\/34992","targetHints":{"allow":["GET"]}}],"collection":[{"href":"https:\/\/www.ocean4future.org\/savetheocean\/wp-json\/wp\/v2\/posts"}],"about":[{"href":"https:\/\/www.ocean4future.org\/savetheocean\/wp-json\/wp\/v2\/types\/post"}],"author":[{"embeddable":true,"href":"https:\/\/www.ocean4future.org\/savetheocean\/wp-json\/wp\/v2\/users\/2398"}],"replies":[{"embeddable":true,"href":"https:\/\/www.ocean4future.org\/savetheocean\/wp-json\/wp\/v2\/comments?post=34992"}],"version-history":[{"count":0,"href":"https:\/\/www.ocean4future.org\/savetheocean\/wp-json\/wp\/v2\/posts\/34992\/revisions"}],"wp:featuredmedia":[{"embeddable":true,"href":"https:\/\/www.ocean4future.org\/savetheocean\/wp-json\/wp\/v2\/media\/68666"}],"wp:attachment":[{"href":"https:\/\/www.ocean4future.org\/savetheocean\/wp-json\/wp\/v2\/media?parent=34992"}],"wp:term":[{"taxonomy":"category","embeddable":true,"href":"https:\/\/www.ocean4future.org\/savetheocean\/wp-json\/wp\/v2\/categories?post=34992"},{"taxonomy":"post_tag","embeddable":true,"href":"https:\/\/www.ocean4future.org\/savetheocean\/wp-json\/wp\/v2\/tags?post=34992"}],"curies":[{"name":"wp","href":"https:\/\/api.w.org\/{rel}","templated":true}]}}