{"id":34618,"date":"2019-10-04T00:35:18","date_gmt":"2019-10-03T22:35:18","guid":{"rendered":"http:\/\/www.ocean4future.org\/?p=34618"},"modified":"2023-10-01T19:11:38","modified_gmt":"2023-10-01T17:11:38","slug":"rinnegati-cristiani-lolandese-che-divenne-murad-reis-di-gabriele-campagnano","status":"publish","type":"post","link":"https:\/\/www.ocean4future.org\/savetheocean\/archives\/34618","title":{"rendered":"Rinnegati Cristiani: l\u2019Olandese che divenne Murad Reis"},"content":{"rendered":"<span class=\"span-reading-time rt-reading-time\" style=\"display: block;\"><span class=\"rt-label rt-prefix\">tempo di lettura: <\/span> <span class=\"rt-time\"> 4<\/span> <span class=\"rt-label rt-postfix\">minuti<\/span><\/span><p><span style=\"color: #ffffff;\">.<\/span><\/p>\n<p style=\"text-align: justify;\"><a class=\"maxbutton-4 maxbutton maxbutton-livello-di-comprensione\" href=\"javascript:void(0);\"><span class='mb-text'>livello elementare<\/span><\/a><br \/>\n<span style=\"color: #ffffff;\">.<\/span><br \/>\n<strong><span style=\"color: #008000;\">ARGOMENTO: STORIA NAVALE<\/span><\/strong><br \/>\n<strong><span style=\"color: #008000;\">PERIODO: XVII SECOLO<\/span><\/strong><br \/>\n<strong><span style=\"color: #008000;\">AREA: MAR MEDITERRANEO<\/span><\/strong><br \/>\nparole chiave: pirateria<\/p>\n<p><span style=\"color: #ffffff;\">.<\/span><\/p>\n<p style=\"text-align: justify;\"><strong><span style=\"color: #008000;\">Tra il XVI e il XVIII secolo buona parte delle fortune marittime dell\u2019Impero Ottomano furono dovute alla presenza di un gran numero di rinnegati cristiani che esercitavano la guerra di corsa in nome (spesso neanche in quello) del Sultano.<\/span><\/strong><\/p>\n<p style=\"text-align: justify;\">La maggior parte di questi rinnegati cristiani erano stati catturati da ragazzi nel corso di spedizioni degli schiavisti barbareschi, alcuni invece avevano preferito una vita da avventurieri e tagliagole in terra straniera piuttosto che uniformarsi ai dettami della societ\u00e0 europea. Qui sotto tratteremo brevemente le imprese di uno di loro. Il 20 giugno 1631 si verifica il pi\u00f9 devastante raid dei corsari barbareschi nelle isole Britanniche. Una flotta proveniente dal porto barbaresco di Sal\u00e8 prende terra in Irlanda e saccheggia il villaggio di Baltimora, riportando in Nord Africa 108 schiavi.<\/p>\n<figure id=\"attachment_34622\" aria-describedby=\"caption-attachment-34622\" style=\"width: 850px\" class=\"wp-caption alignnone\"><img decoding=\"async\" class=\"wp-image-34622\" src=\"https:\/\/www.ocean4future.org\/savetheocean\/wp-content\/uploads\/2019\/08\/jan-janszoon-murad-reis.jpg\" alt=\"\" width=\"850\" height=\"1200\" srcset=\"https:\/\/www.ocean4future.org\/savetheocean\/wp-content\/uploads\/2019\/08\/jan-janszoon-murad-reis.jpg 547w, https:\/\/www.ocean4future.org\/savetheocean\/wp-content\/uploads\/2019\/08\/jan-janszoon-murad-reis-213x300.jpg 213w\" sizes=\"(max-width: 850px) 100vw, 850px\" \/><figcaption id=\"caption-attachment-34622\" class=\"wp-caption-text\"><strong><span style=\"color: #008000;\">Jan Janszoon van Haarlem, un corsaro olandese, divenne Murad Reis<\/span><\/strong><\/figcaption><\/figure>\n<p style=\"text-align: justify;\">A guidarla c\u2019\u00e8 <strong><span style=\"color: #008000;\">Jan Janszoon van Haarlem<\/span><\/strong>, un corsaro olandese catturato dai Turchi nel 1618, quando ha gi\u00e0 48 anni, e convertitosi all\u2019Islam prendendo il nome di Murad Reis il Giovane. Solo quattro anni prima del raid irlandese, Murad Reis ha condotto una rocambolesca spedizione in Islanda che gli ha fruttato quasi 400 schiavi. Grazie al suo attacco a sorpresa, Murad Reis torna a Sal\u00e8 con un numero compreso tra 110 e 230 schiavi. Molti di loro finiscono a remare nelle galere fino alla morte, mentre le donne finiscono negli harem ottomani e nordafricani. Solo tre Irlandesi fanno ritorno a casa, quindici anni dopo, grazie al riscatto pagato dai loro familiari.<\/p>\n<p style=\"text-align: justify;\">Le capacit\u00e0 di<strong><span style=\"color: #008000;\"> Murad Reis<\/span><\/strong> sono ben chiare gi\u00e0 poco dopo il suo arrivo a Sal\u00e9, in seguito alla morte del suo comandante Suleiman Reis (un altro olandese, precedentemente noto come De Veenboer). Diventa, di fatto, il fondatore della Repubblica corsara di Sal\u00e8 (dalla romana Sala Colonia), che si sta conformando come un porto franco per corsari, assassini e rinnegati del Mediterraneo.<\/p>\n<figure id=\"attachment_34620\" aria-describedby=\"caption-attachment-34620\" style=\"width: 850px\" class=\"wp-caption alignnone\"><img decoding=\"async\" class=\"wp-image-34620\" src=\"https:\/\/www.ocean4future.org\/savetheocean\/wp-content\/uploads\/2019\/08\/murad-reis-2.jpg\" alt=\"\" width=\"850\" height=\"801\" srcset=\"https:\/\/www.ocean4future.org\/savetheocean\/wp-content\/uploads\/2019\/08\/murad-reis-2.jpg 800w, https:\/\/www.ocean4future.org\/savetheocean\/wp-content\/uploads\/2019\/08\/murad-reis-2-300x283.jpg 300w, https:\/\/www.ocean4future.org\/savetheocean\/wp-content\/uploads\/2019\/08\/murad-reis-2-768x724.jpg 768w\" sizes=\"(max-width: 850px) 100vw, 850px\" \/><figcaption id=\"caption-attachment-34620\" class=\"wp-caption-text\"><strong><span style=\"color: #008000;\">Sal\u00e8 all\u2019inizio del XVII secolo<\/span><\/strong><\/figcaption><\/figure>\n<p style=\"text-align: justify;\"><strong><span style=\"color: #008000;\">L\u2019Enciclopedia Treccani (ed.1936) dedica una voce, concisa ma esauriente, alla storia di Sal\u00e9. Ve la ripropongo qui di seguito.<\/span><\/strong><br \/>\n<strong><span style=\"color: #008000;\">Sal\u00e9<\/span><\/strong> era stata una ricca citt\u00e0 commerciale frequentata dai mercanti musulmani e cristiani. Accolse, come Rabat, un gruppo numeroso di profughi andalusi dopo il 1610, e da allora rivolse tutta la sua attivit\u00e0 alla pirateria. Eretta dal 1627 a stato indipendente, in repubblica aristocratica, le sue sorti furono strettamente unite a quelle di Rabat, che viene persino chiamata Nuova Sal\u00e9. I corsari di Sal\u00e9, cio\u00e8 di <strong><span style=\"color: #008000;\">Sal\u00e9 e Rabat<\/span><\/strong>, erano temuti da tutte le nazioni cristiane; e ci\u00f2 attir\u00f2 sulle due citt\u00e0 ripetuti bombardamenti (1629, 1635, 1680). Ma durante il sec. XVIII la pirateria divenne pi\u00f9 difficile e meno attiva e Sal\u00e9, che d\u2019altronde le sabbie avevano isolata dall\u2019estuario, perdette ogni importanza marittima. Ora \u00e8 una tranquilla citt\u00e0 di borghesi colti e di artigiani, presso i quali sopravvivono interessanti industrie, specialmente la fabbricazione delle stuoie di giunco con decorazioni molto sobrie.<\/p>\n<p style=\"text-align: justify;\"><img decoding=\"async\" class=\"alignnone size-full wp-image-34623\" src=\"https:\/\/www.ocean4future.org\/savetheocean\/wp-content\/uploads\/2019\/08\/SAL\u00e8-windmills-pirate.jpg\" alt=\"\" width=\"669\" height=\"281\" srcset=\"https:\/\/www.ocean4future.org\/savetheocean\/wp-content\/uploads\/2019\/08\/SAL\u00e8-windmills-pirate.jpg 669w, https:\/\/www.ocean4future.org\/savetheocean\/wp-content\/uploads\/2019\/08\/SAL\u00e8-windmills-pirate-300x126.jpg 300w\" sizes=\"(max-width: 669px) 100vw, 669px\" \/><\/p>\n<p style=\"text-align: justify;\">A <strong><span style=\"color: #008000;\">Sal\u00e9<\/span><\/strong>, Murad Reis pu\u00f2 contare su una flotta di 18 navi. Dal 1631 al 1635, riesce a effettuare numerose razzie nelle isole del Mediterraneo Occidentale (Sicilia, Sardegna, Baleari, Corsica). Oltre ai raid, Murad Reis \u00e8 un discreto diplomatico, avvantaggiato dalla conoscenza di parecchie lingue. In queste vesti, ha un ruolo importante nella stipula del Trattato Franco-Marocchino del 1631 tra Re Luigi XIII e il Sultano Abu Marwan Abd al-Malik II.<\/p>\n<p style=\"text-align: justify;\"><img decoding=\"async\" class=\"alignnone wp-image-34621\" src=\"https:\/\/www.ocean4future.org\/savetheocean\/wp-content\/uploads\/2019\/08\/Bowless_Naval_Flags_Sal\u00e9.jpg\" alt=\"\" width=\"850\" height=\"360\" srcset=\"https:\/\/www.ocean4future.org\/savetheocean\/wp-content\/uploads\/2019\/08\/Bowless_Naval_Flags_Sal\u00e9.jpg 435w, https:\/\/www.ocean4future.org\/savetheocean\/wp-content\/uploads\/2019\/08\/Bowless_Naval_Flags_Sal\u00e9-300x127.jpg 300w\" sizes=\"(max-width: 850px) 100vw, 850px\" \/><\/p>\n<p style=\"text-align: justify;\">La sua fortuna, per\u00f2, viene meno proprio nel 1635, quando viene catturato dai Cavalieri di Malta. Si trova l\u00ec <strong><span style=\"color: #008000;\">Pierre Dan<\/span><\/strong>, un frate francese che organizza spedizioni in Nord Africa per riscattare gli schiavi cristiani nei primi decenni del Seicento. Proprio lui \u00e8 testimone della reazione popolare ad Algeri quando arriva la notizia della cattura di Murad Reis:<br \/>\n<strong><em><span style=\"color: #008000;\">Ho visto pi\u00f9 di cento donne che si lanciavano in strada disordinatamente per andare a consolare la moglie di quel corsaro rinnegato. Gareggiavano a chi si disperava e si doleva di pi\u00f9, non senza lo spargimento di lacrime (vere o finte), come \u00e8 loro costume in queste occasioni impreviste e fatali<\/span><\/em>.<\/strong><\/p>\n<p style=\"text-align: justify;\">Per cinque anni, Murad Reis rimane nelle prigioni dei Cavalieri. Alla fine, nel 1640, viene rilasciato (dietro riscatto, come accadeva spesso ai prigionieri di entrambe le parti) o liberato con un\u2019incursione dei suoi sodali. Murad ha appena compiuto 70 anni e non ha pi\u00f9 la forza di prendere il comando di una flotta corsara. Il Sultano del Marocco gli conferisce dunque il titolo di governatore della fortezza di Oualidia, dove pu\u00f2 ritirarsi con una buona rendita. Nel dicembre dello stesso anno, il nuovo console olandese fa il suo ingresso nel porto di Sal\u00e8 e chiede di poter incontrare Murad Reis, che arriva poco dopo con il suo seguito. Incredibile a dirsi, il console ha portato con s\u00e9 la prima figlia di Murad, Lysbeth, nata nel 1596.<\/p>\n<p style=\"text-align: justify;\">Quando padre e figlia si vedono, dopo tanti anni, scoppiano a piangere e si abbracciano. Lysbeth decide di rimanere con il padre a Oulidia fino alla morte di quest\u2019ultimo, nell\u2019agosto del 1641. Stando alle fonti, Murad Reis muore nel suo letto. Un suo biografo scrive, letteralmente: \u201c<strong><em><span style=\"color: #008000;\">\u00e8 morto in modo molto brutto<\/span><\/em><\/strong>\u201c, forse per fare riferimento a un male particolarmente doloroso.<\/p>\n<p><strong><span style=\"color: #008000;\">Gabriele Campagnano<\/span><\/strong><\/p>\n<p>&nbsp;<\/p>\n<p><a class=\"maxbutton-27 maxbutton maxbutton-un-regalo-per-te\" href=\"https:\/\/www.primevideo.com\/offers\/ref=atv_nb_lcl_it_IT?tag=amazon0e150-21 Italia\"><span class='mb-text'>Una sorpresa per te su Amazon Music unlimited<\/span><\/a>&nbsp; &nbsp;<a class=\"maxbutton-28 maxbutton maxbutton-amazon-prime\" title=\"Scopri i vantaggi di Amazon Prime\" href=\"javascript:void(0);\"><span class='mb-text'>Scopri i vantaggi di Amazon Prime<\/span><\/a><\/p>\n<p>&nbsp;<\/p>\n<p style=\"text-align: justify;\">Alcune delle foto presenti in questo blog possono essere state prese dal web, citandone ove possibile gli autori e\/o le fonti. Se qualcuno desiderasse specificarne l\u2019autore o rimuoverle, pu\u00f2 scrivere a infoocean4future@gmail.com e provvederemo immediatamente alla correzione dell\u2019articolo<br \/>\n<span style=\"color: #ffffff;\">,<\/span><\/p>\n<a class=\"maxbutton-3 maxbutton maxbutton-pagina-principale\" target=\"_blank\" title=\"tooltip\" rel=\"nofollow noopener\" href=\"http:\/\/www.ocean4future.org\"><span class='mb-text'>PAGINA PRINCIPALE<\/span><\/a>\n","protected":false},"excerpt":{"rendered":"<p><span class=\"span-reading-time rt-reading-time\" style=\"display: block;\"><span class=\"rt-label rt-prefix\">tempo di lettura: <\/span> <span class=\"rt-time\"> 4<\/span> <span class=\"rt-label rt-postfix\">minuti<\/span><\/span>. . ARGOMENTO: STORIA NAVALE PERIODO: XVII SECOLO AREA: MAR MEDITERRANEO parole chiave: pirateria . Tra il XVI e il XVIII secolo buona parte delle fortune marittime dell\u2019Impero Ottomano furono dovute alla presenza di un gran numero di rinnegati cristiani che esercitavano la guerra di corsa in nome (spesso neanche in quello) del Sultano. La [&hellip;]<\/p>\n","protected":false},"author":2366,"featured_media":34619,"comment_status":"open","ping_status":"open","sticky":false,"template":"","format":"standard","meta":{"_acf_changed":false,"_monsterinsights_skip_tracking":false,"_monsterinsights_sitenote_active":false,"_monsterinsights_sitenote_note":"","_monsterinsights_sitenote_category":0,"footnotes":""},"categories":[2314,2318],"tags":[],"class_list":["post-34618","post","type-post","status-publish","format-standard","has-post-thumbnail","hentry","category-personaggi","category-eta-moderna"],"acf":[],"yoast_head":"<!-- This site is optimized with the Yoast SEO plugin v27.4 - https:\/\/yoast.com\/product\/yoast-seo-wordpress\/ -->\n<title>Rinnegati Cristiani: l\u2019Olandese che divenne Murad Reis &#8226; OCEAN4FUTURE autore<\/title>\n<meta name=\"robots\" content=\"index, follow, max-snippet:-1, max-image-preview:large, max-video-preview:-1\" \/>\n<link rel=\"canonical\" href=\"https:\/\/www.ocean4future.org\/savetheocean\/archives\/34618\" \/>\n<meta property=\"og:locale\" content=\"it_IT\" \/>\n<meta property=\"og:type\" content=\"article\" \/>\n<meta property=\"og:title\" content=\"Rinnegati Cristiani: l\u2019Olandese che divenne Murad Reis &#8226; OCEAN4FUTURE autore\" \/>\n<meta property=\"og:description\" content=\"tempo di lettura:  4 minuti. . ARGOMENTO: STORIA NAVALE PERIODO: XVII SECOLO AREA: MAR MEDITERRANEO parole chiave: pirateria . Tra il XVI e il XVIII secolo buona parte delle fortune marittime dell\u2019Impero Ottomano furono dovute alla presenza di un gran numero di rinnegati cristiani che esercitavano la guerra di corsa in nome (spesso neanche in quello) del Sultano. La [&hellip;]\" \/>\n<meta property=\"og:url\" content=\"https:\/\/www.ocean4future.org\/savetheocean\/archives\/34618\" \/>\n<meta property=\"og:site_name\" content=\"OCEAN4FUTURE\" \/>\n<meta property=\"article:published_time\" content=\"2019-10-03T22:35:18+00:00\" \/>\n<meta property=\"article:modified_time\" content=\"2023-10-01T17:11:38+00:00\" \/>\n<meta property=\"og:image\" content=\"https:\/\/www.ocean4future.org\/savetheocean\/wp-content\/uploads\/2019\/08\/murad-reis.jpg\" \/>\n\t<meta property=\"og:image:width\" content=\"1000\" \/>\n\t<meta property=\"og:image:height\" content=\"500\" \/>\n\t<meta property=\"og:image:type\" content=\"image\/jpeg\" \/>\n<meta name=\"author\" content=\"Gabriele Campagnano\" \/>\n<meta name=\"twitter:card\" content=\"summary_large_image\" \/>\n<meta name=\"twitter:creator\" content=\"@ocean4future\" \/>\n<meta name=\"twitter:site\" content=\"@ocean4future\" \/>\n<meta name=\"twitter:label1\" content=\"Scritto da\" \/>\n\t<meta name=\"twitter:data1\" content=\"Gabriele Campagnano\" \/>\n\t<meta name=\"twitter:label2\" content=\"Tempo di lettura stimato\" \/>\n\t<meta name=\"twitter:data2\" content=\"5 minuti\" \/>\n<script type=\"application\/ld+json\" class=\"yoast-schema-graph\">{\"@context\":\"https:\\\/\\\/schema.org\",\"@graph\":[{\"@type\":\"Article\",\"@id\":\"https:\\\/\\\/www.ocean4future.org\\\/savetheocean\\\/archives\\\/34618#article\",\"isPartOf\":{\"@id\":\"https:\\\/\\\/www.ocean4future.org\\\/savetheocean\\\/archives\\\/34618\"},\"author\":{\"name\":\"Gabriele Campagnano\",\"@id\":\"https:\\\/\\\/www.ocean4future.org\\\/savetheocean\\\/#\\\/schema\\\/person\\\/8f268e05d09f0a406d4ac8c90079d6f2\"},\"headline\":\"Rinnegati Cristiani: l\u2019Olandese che divenne Murad Reis\",\"datePublished\":\"2019-10-03T22:35:18+00:00\",\"dateModified\":\"2023-10-01T17:11:38+00:00\",\"mainEntityOfPage\":{\"@id\":\"https:\\\/\\\/www.ocean4future.org\\\/savetheocean\\\/archives\\\/34618\"},\"wordCount\":933,\"commentCount\":0,\"publisher\":{\"@id\":\"https:\\\/\\\/www.ocean4future.org\\\/savetheocean\\\/#\\\/schema\\\/person\\\/4e1c26437054353074d7bb2efa77162c\"},\"image\":{\"@id\":\"https:\\\/\\\/www.ocean4future.org\\\/savetheocean\\\/archives\\\/34618#primaryimage\"},\"thumbnailUrl\":\"https:\\\/\\\/www.ocean4future.org\\\/savetheocean\\\/wp-content\\\/uploads\\\/2019\\\/08\\\/murad-reis.jpg\",\"articleSection\":[\"Personaggi\",\"Storia navale dell'et\u00e0 moderna (post 1492 - oggi)\"],\"inLanguage\":\"it-IT\",\"potentialAction\":[{\"@type\":\"CommentAction\",\"name\":\"Comment\",\"target\":[\"https:\\\/\\\/www.ocean4future.org\\\/savetheocean\\\/archives\\\/34618#respond\"]}]},{\"@type\":\"WebPage\",\"@id\":\"https:\\\/\\\/www.ocean4future.org\\\/savetheocean\\\/archives\\\/34618\",\"url\":\"https:\\\/\\\/www.ocean4future.org\\\/savetheocean\\\/archives\\\/34618\",\"name\":\"Rinnegati Cristiani: l\u2019Olandese che divenne Murad Reis &#8226; OCEAN4FUTURE autore\",\"isPartOf\":{\"@id\":\"https:\\\/\\\/www.ocean4future.org\\\/savetheocean\\\/#website\"},\"primaryImageOfPage\":{\"@id\":\"https:\\\/\\\/www.ocean4future.org\\\/savetheocean\\\/archives\\\/34618#primaryimage\"},\"image\":{\"@id\":\"https:\\\/\\\/www.ocean4future.org\\\/savetheocean\\\/archives\\\/34618#primaryimage\"},\"thumbnailUrl\":\"https:\\\/\\\/www.ocean4future.org\\\/savetheocean\\\/wp-content\\\/uploads\\\/2019\\\/08\\\/murad-reis.jpg\",\"datePublished\":\"2019-10-03T22:35:18+00:00\",\"dateModified\":\"2023-10-01T17:11:38+00:00\",\"breadcrumb\":{\"@id\":\"https:\\\/\\\/www.ocean4future.org\\\/savetheocean\\\/archives\\\/34618#breadcrumb\"},\"inLanguage\":\"it-IT\",\"potentialAction\":[{\"@type\":\"ReadAction\",\"target\":[\"https:\\\/\\\/www.ocean4future.org\\\/savetheocean\\\/archives\\\/34618\"]}]},{\"@type\":\"ImageObject\",\"inLanguage\":\"it-IT\",\"@id\":\"https:\\\/\\\/www.ocean4future.org\\\/savetheocean\\\/archives\\\/34618#primaryimage\",\"url\":\"https:\\\/\\\/www.ocean4future.org\\\/savetheocean\\\/wp-content\\\/uploads\\\/2019\\\/08\\\/murad-reis.jpg\",\"contentUrl\":\"https:\\\/\\\/www.ocean4future.org\\\/savetheocean\\\/wp-content\\\/uploads\\\/2019\\\/08\\\/murad-reis.jpg\",\"width\":1000,\"height\":500},{\"@type\":\"BreadcrumbList\",\"@id\":\"https:\\\/\\\/www.ocean4future.org\\\/savetheocean\\\/archives\\\/34618#breadcrumb\",\"itemListElement\":[{\"@type\":\"ListItem\",\"position\":1,\"name\":\"Home\",\"item\":\"https:\\\/\\\/www.ocean4future.org\\\/savetheocean\"},{\"@type\":\"ListItem\",\"position\":2,\"name\":\"Rinnegati Cristiani: l\u2019Olandese che divenne Murad Reis\"}]},{\"@type\":\"WebSite\",\"@id\":\"https:\\\/\\\/www.ocean4future.org\\\/savetheocean\\\/#website\",\"url\":\"https:\\\/\\\/www.ocean4future.org\\\/savetheocean\\\/\",\"name\":\"Ocean 4 Future\",\"description\":\"Per una nuova cultura del mare e della marittimit\u00e0\",\"publisher\":{\"@id\":\"https:\\\/\\\/www.ocean4future.org\\\/savetheocean\\\/#\\\/schema\\\/person\\\/4e1c26437054353074d7bb2efa77162c\"},\"potentialAction\":[{\"@type\":\"SearchAction\",\"target\":{\"@type\":\"EntryPoint\",\"urlTemplate\":\"https:\\\/\\\/www.ocean4future.org\\\/savetheocean\\\/?s={search_term_string}\"},\"query-input\":{\"@type\":\"PropertyValueSpecification\",\"valueRequired\":true,\"valueName\":\"search_term_string\"}}],\"inLanguage\":\"it-IT\"},{\"@type\":[\"Person\",\"Organization\"],\"@id\":\"https:\\\/\\\/www.ocean4future.org\\\/savetheocean\\\/#\\\/schema\\\/person\\\/4e1c26437054353074d7bb2efa77162c\",\"name\":\"oceandiver\",\"image\":{\"@type\":\"ImageObject\",\"inLanguage\":\"it-IT\",\"@id\":\"https:\\\/\\\/www.ocean4future.org\\\/savetheocean\\\/wp-content\\\/uploads\\\/2023\\\/04\\\/logo-ocean3.jpg\",\"url\":\"https:\\\/\\\/www.ocean4future.org\\\/savetheocean\\\/wp-content\\\/uploads\\\/2023\\\/04\\\/logo-ocean3.jpg\",\"contentUrl\":\"https:\\\/\\\/www.ocean4future.org\\\/savetheocean\\\/wp-content\\\/uploads\\\/2023\\\/04\\\/logo-ocean3.jpg\",\"width\":472,\"height\":301,\"caption\":\"oceandiver\"},\"logo\":{\"@id\":\"https:\\\/\\\/www.ocean4future.org\\\/savetheocean\\\/wp-content\\\/uploads\\\/2023\\\/04\\\/logo-ocean3.jpg\"}},{\"@type\":\"Person\",\"@id\":\"https:\\\/\\\/www.ocean4future.org\\\/savetheocean\\\/#\\\/schema\\\/person\\\/8f268e05d09f0a406d4ac8c90079d6f2\",\"name\":\"Gabriele Campagnano\",\"image\":{\"@type\":\"ImageObject\",\"inLanguage\":\"it-IT\",\"@id\":\"https:\\\/\\\/secure.gravatar.com\\\/avatar\\\/b59d7eecc86f7aeffd90b535bfd296914b36d6f8aea9e60483c339cadbbad6b2?s=96&d=mm&r=g\",\"url\":\"https:\\\/\\\/secure.gravatar.com\\\/avatar\\\/b59d7eecc86f7aeffd90b535bfd296914b36d6f8aea9e60483c339cadbbad6b2?s=96&d=mm&r=g\",\"contentUrl\":\"https:\\\/\\\/secure.gravatar.com\\\/avatar\\\/b59d7eecc86f7aeffd90b535bfd296914b36d6f8aea9e60483c339cadbbad6b2?s=96&d=mm&r=g\",\"caption\":\"Gabriele Campagnano\"},\"description\":\"Diplomato al Liceo Classico Francesco Vivona di Roma e laureato in Giurisprudenza (indirizzo storico comparatistico), ha esercitato la professione di legale d\u2019azienda prima di dedicarsi alla comunicazione d\u2019impresa e istituzionale. Attualmente \u00e8 Capo Ufficio Stampa del Dipartimento Trasformazione Digitale - Presidenza del Consiglio. Ha conseguito il Master Universitario di 2\u00b0 livello - CMU2 in Scienze Giuridiche presso la LUISS. \u00c8 il fondatore e presidente di Zhistorica e Necrosword. Ha scritto pi\u00f9 di 250 articoli e tre libri: Storia della Presa di Famagosta (2014), I Padroni dell\u2019Acciaio (2017) e Zodd, Alba di Sangue (2018) e\u00a0I Padroni dell\u2019Acciaio 2 \u2013 Gotz von Berlichingen\u00a0(2021)\",\"sameAs\":[\"http:\\\/\\\/www.zweilawyer.com\"],\"url\":\"https:\\\/\\\/www.ocean4future.org\\\/savetheocean\\\/archives\\\/author\\\/gabriele-campagnano\"}]}<\/script>\n<!-- \/ Yoast SEO plugin. -->","yoast_head_json":{"title":"Rinnegati Cristiani: l\u2019Olandese che divenne Murad Reis &#8226; OCEAN4FUTURE autore","robots":{"index":"index","follow":"follow","max-snippet":"max-snippet:-1","max-image-preview":"max-image-preview:large","max-video-preview":"max-video-preview:-1"},"canonical":"https:\/\/www.ocean4future.org\/savetheocean\/archives\/34618","og_locale":"it_IT","og_type":"article","og_title":"Rinnegati Cristiani: l\u2019Olandese che divenne Murad Reis &#8226; OCEAN4FUTURE autore","og_description":"tempo di lettura:  4 minuti. . ARGOMENTO: STORIA NAVALE PERIODO: XVII SECOLO AREA: MAR MEDITERRANEO parole chiave: pirateria . Tra il XVI e il XVIII secolo buona parte delle fortune marittime dell\u2019Impero Ottomano furono dovute alla presenza di un gran numero di rinnegati cristiani che esercitavano la guerra di corsa in nome (spesso neanche in quello) del Sultano. La [&hellip;]","og_url":"https:\/\/www.ocean4future.org\/savetheocean\/archives\/34618","og_site_name":"OCEAN4FUTURE","article_published_time":"2019-10-03T22:35:18+00:00","article_modified_time":"2023-10-01T17:11:38+00:00","og_image":[{"width":1000,"height":500,"url":"https:\/\/www.ocean4future.org\/savetheocean\/wp-content\/uploads\/2019\/08\/murad-reis.jpg","type":"image\/jpeg"}],"author":"Gabriele Campagnano","twitter_card":"summary_large_image","twitter_creator":"@ocean4future","twitter_site":"@ocean4future","twitter_misc":{"Scritto da":"Gabriele Campagnano","Tempo di lettura stimato":"5 minuti"},"schema":{"@context":"https:\/\/schema.org","@graph":[{"@type":"Article","@id":"https:\/\/www.ocean4future.org\/savetheocean\/archives\/34618#article","isPartOf":{"@id":"https:\/\/www.ocean4future.org\/savetheocean\/archives\/34618"},"author":{"name":"Gabriele Campagnano","@id":"https:\/\/www.ocean4future.org\/savetheocean\/#\/schema\/person\/8f268e05d09f0a406d4ac8c90079d6f2"},"headline":"Rinnegati Cristiani: l\u2019Olandese che divenne Murad Reis","datePublished":"2019-10-03T22:35:18+00:00","dateModified":"2023-10-01T17:11:38+00:00","mainEntityOfPage":{"@id":"https:\/\/www.ocean4future.org\/savetheocean\/archives\/34618"},"wordCount":933,"commentCount":0,"publisher":{"@id":"https:\/\/www.ocean4future.org\/savetheocean\/#\/schema\/person\/4e1c26437054353074d7bb2efa77162c"},"image":{"@id":"https:\/\/www.ocean4future.org\/savetheocean\/archives\/34618#primaryimage"},"thumbnailUrl":"https:\/\/www.ocean4future.org\/savetheocean\/wp-content\/uploads\/2019\/08\/murad-reis.jpg","articleSection":["Personaggi","Storia navale dell'et\u00e0 moderna (post 1492 - oggi)"],"inLanguage":"it-IT","potentialAction":[{"@type":"CommentAction","name":"Comment","target":["https:\/\/www.ocean4future.org\/savetheocean\/archives\/34618#respond"]}]},{"@type":"WebPage","@id":"https:\/\/www.ocean4future.org\/savetheocean\/archives\/34618","url":"https:\/\/www.ocean4future.org\/savetheocean\/archives\/34618","name":"Rinnegati Cristiani: l\u2019Olandese che divenne Murad Reis &#8226; OCEAN4FUTURE autore","isPartOf":{"@id":"https:\/\/www.ocean4future.org\/savetheocean\/#website"},"primaryImageOfPage":{"@id":"https:\/\/www.ocean4future.org\/savetheocean\/archives\/34618#primaryimage"},"image":{"@id":"https:\/\/www.ocean4future.org\/savetheocean\/archives\/34618#primaryimage"},"thumbnailUrl":"https:\/\/www.ocean4future.org\/savetheocean\/wp-content\/uploads\/2019\/08\/murad-reis.jpg","datePublished":"2019-10-03T22:35:18+00:00","dateModified":"2023-10-01T17:11:38+00:00","breadcrumb":{"@id":"https:\/\/www.ocean4future.org\/savetheocean\/archives\/34618#breadcrumb"},"inLanguage":"it-IT","potentialAction":[{"@type":"ReadAction","target":["https:\/\/www.ocean4future.org\/savetheocean\/archives\/34618"]}]},{"@type":"ImageObject","inLanguage":"it-IT","@id":"https:\/\/www.ocean4future.org\/savetheocean\/archives\/34618#primaryimage","url":"https:\/\/www.ocean4future.org\/savetheocean\/wp-content\/uploads\/2019\/08\/murad-reis.jpg","contentUrl":"https:\/\/www.ocean4future.org\/savetheocean\/wp-content\/uploads\/2019\/08\/murad-reis.jpg","width":1000,"height":500},{"@type":"BreadcrumbList","@id":"https:\/\/www.ocean4future.org\/savetheocean\/archives\/34618#breadcrumb","itemListElement":[{"@type":"ListItem","position":1,"name":"Home","item":"https:\/\/www.ocean4future.org\/savetheocean"},{"@type":"ListItem","position":2,"name":"Rinnegati Cristiani: l\u2019Olandese che divenne Murad Reis"}]},{"@type":"WebSite","@id":"https:\/\/www.ocean4future.org\/savetheocean\/#website","url":"https:\/\/www.ocean4future.org\/savetheocean\/","name":"Ocean 4 Future","description":"Per una nuova cultura del mare e della marittimit\u00e0","publisher":{"@id":"https:\/\/www.ocean4future.org\/savetheocean\/#\/schema\/person\/4e1c26437054353074d7bb2efa77162c"},"potentialAction":[{"@type":"SearchAction","target":{"@type":"EntryPoint","urlTemplate":"https:\/\/www.ocean4future.org\/savetheocean\/?s={search_term_string}"},"query-input":{"@type":"PropertyValueSpecification","valueRequired":true,"valueName":"search_term_string"}}],"inLanguage":"it-IT"},{"@type":["Person","Organization"],"@id":"https:\/\/www.ocean4future.org\/savetheocean\/#\/schema\/person\/4e1c26437054353074d7bb2efa77162c","name":"oceandiver","image":{"@type":"ImageObject","inLanguage":"it-IT","@id":"https:\/\/www.ocean4future.org\/savetheocean\/wp-content\/uploads\/2023\/04\/logo-ocean3.jpg","url":"https:\/\/www.ocean4future.org\/savetheocean\/wp-content\/uploads\/2023\/04\/logo-ocean3.jpg","contentUrl":"https:\/\/www.ocean4future.org\/savetheocean\/wp-content\/uploads\/2023\/04\/logo-ocean3.jpg","width":472,"height":301,"caption":"oceandiver"},"logo":{"@id":"https:\/\/www.ocean4future.org\/savetheocean\/wp-content\/uploads\/2023\/04\/logo-ocean3.jpg"}},{"@type":"Person","@id":"https:\/\/www.ocean4future.org\/savetheocean\/#\/schema\/person\/8f268e05d09f0a406d4ac8c90079d6f2","name":"Gabriele Campagnano","image":{"@type":"ImageObject","inLanguage":"it-IT","@id":"https:\/\/secure.gravatar.com\/avatar\/b59d7eecc86f7aeffd90b535bfd296914b36d6f8aea9e60483c339cadbbad6b2?s=96&d=mm&r=g","url":"https:\/\/secure.gravatar.com\/avatar\/b59d7eecc86f7aeffd90b535bfd296914b36d6f8aea9e60483c339cadbbad6b2?s=96&d=mm&r=g","contentUrl":"https:\/\/secure.gravatar.com\/avatar\/b59d7eecc86f7aeffd90b535bfd296914b36d6f8aea9e60483c339cadbbad6b2?s=96&d=mm&r=g","caption":"Gabriele Campagnano"},"description":"Diplomato al Liceo Classico Francesco Vivona di Roma e laureato in Giurisprudenza (indirizzo storico comparatistico), ha esercitato la professione di legale d\u2019azienda prima di dedicarsi alla comunicazione d\u2019impresa e istituzionale. Attualmente \u00e8 Capo Ufficio Stampa del Dipartimento Trasformazione Digitale - Presidenza del Consiglio. Ha conseguito il Master Universitario di 2\u00b0 livello - CMU2 in Scienze Giuridiche presso la LUISS. \u00c8 il fondatore e presidente di Zhistorica e Necrosword. Ha scritto pi\u00f9 di 250 articoli e tre libri: Storia della Presa di Famagosta (2014), I Padroni dell\u2019Acciaio (2017) e Zodd, Alba di Sangue (2018) e\u00a0I Padroni dell\u2019Acciaio 2 \u2013 Gotz von Berlichingen\u00a0(2021)","sameAs":["http:\/\/www.zweilawyer.com"],"url":"https:\/\/www.ocean4future.org\/savetheocean\/archives\/author\/gabriele-campagnano"}]}},"_links":{"self":[{"href":"https:\/\/www.ocean4future.org\/savetheocean\/wp-json\/wp\/v2\/posts\/34618","targetHints":{"allow":["GET"]}}],"collection":[{"href":"https:\/\/www.ocean4future.org\/savetheocean\/wp-json\/wp\/v2\/posts"}],"about":[{"href":"https:\/\/www.ocean4future.org\/savetheocean\/wp-json\/wp\/v2\/types\/post"}],"author":[{"embeddable":true,"href":"https:\/\/www.ocean4future.org\/savetheocean\/wp-json\/wp\/v2\/users\/2366"}],"replies":[{"embeddable":true,"href":"https:\/\/www.ocean4future.org\/savetheocean\/wp-json\/wp\/v2\/comments?post=34618"}],"version-history":[{"count":0,"href":"https:\/\/www.ocean4future.org\/savetheocean\/wp-json\/wp\/v2\/posts\/34618\/revisions"}],"wp:featuredmedia":[{"embeddable":true,"href":"https:\/\/www.ocean4future.org\/savetheocean\/wp-json\/wp\/v2\/media\/34619"}],"wp:attachment":[{"href":"https:\/\/www.ocean4future.org\/savetheocean\/wp-json\/wp\/v2\/media?parent=34618"}],"wp:term":[{"taxonomy":"category","embeddable":true,"href":"https:\/\/www.ocean4future.org\/savetheocean\/wp-json\/wp\/v2\/categories?post=34618"},{"taxonomy":"post_tag","embeddable":true,"href":"https:\/\/www.ocean4future.org\/savetheocean\/wp-json\/wp\/v2\/tags?post=34618"}],"curies":[{"name":"wp","href":"https:\/\/api.w.org\/{rel}","templated":true}]}}