{"id":33543,"date":"2025-11-03T00:01:45","date_gmt":"2025-11-02T23:01:45","guid":{"rendered":"http:\/\/www.ocean4future.org\/?p=33543"},"modified":"2026-03-26T12:50:10","modified_gmt":"2026-03-26T11:50:10","slug":"guerrieri-delloceano-le-segretissime-unita-di-combattimento-tedesche-durante-la-seconda-guerra-mondiale","status":"publish","type":"post","link":"https:\/\/www.ocean4future.org\/savetheocean\/archives\/33543","title":{"rendered":"Guerrieri dell&#8217;oceano, le segretissime unit\u00e0 speciali di combattimento tedesche durante la Seconda Guerra Mondiale"},"content":{"rendered":"<span class=\"span-reading-time rt-reading-time\" style=\"display: block;\"><span class=\"rt-label rt-prefix\">tempo di lettura: <\/span> <span class=\"rt-time\"> 8<\/span> <span class=\"rt-label rt-postfix\">minuti<\/span><\/span><p><span style=\"color: #ffffff;\">.<\/span><br \/>\n<a class=\"maxbutton-4 maxbutton maxbutton-livello-di-comprensione\" href=\"javascript:void(0);\"><span class='mb-text'>livello elementare<\/span><\/a><br \/>\n<span style=\"color: #ffffff;\">.<\/span><br \/>\n<strong><span style=\"color: #008000;\">ARGOMENTO: STORIA NAVALE<\/span><\/strong><br \/>\n<strong><span style=\"color: #008000;\">PERIODO: XX SECOLO<\/span><\/strong><br \/>\n<strong><span style=\"color: #008000;\">AREA: EUROPA<\/span><\/strong><br \/>\nparole chiave: operazioni speciali, sommozzatori, MEK, Germania, Niger<\/p>\n<p>&nbsp;<\/p>\n<p style=\"text-align: justify;\">Molto \u00e8 stato scritto sugli uomini Gamma italiani, gli operatori subacquei della II guerra mondiale che cambiarono le regole del gioco della guerra moderna, introducendo operazioni di sabotaggio subacquee contro obiettivi navali e terrestri militari. Oggi parliamo dei sommozzatori tedeschi che si formarono in quegli anni sotto la guida di <strong><span style=\"color: #008000;\">Alfred von Wurzian<\/span><\/strong>, un nuotatore olimpico originario dell&#8217;Austria che cre\u00f2 un unit\u00e0 di combattimento, denominata <strong><span style=\"color: #008000;\">K\u00fcstenj\u00e4ger-Abteilung &#8220;Brandenburg&#8221;<\/span><\/strong>, posta sotto l&#8217;<strong><span style=\"color: #008000;\">Abwehr<\/span><\/strong>, il Servizio segreto militare tedesco diretto dall\u2019<strong><span style=\"color: #008000;\">ammiraglio Wilhem Canaris<\/span><\/strong>.<\/p>\n<p><img decoding=\"async\" class=\"wp-image-33571\" src=\"https:\/\/www.ocean4future.org\/savetheocean\/wp-content\/uploads\/2019\/08\/alfred_von_wurfen.jpg\" alt=\"\" width=\"626\" height=\"457\" srcset=\"https:\/\/www.ocean4future.org\/savetheocean\/wp-content\/uploads\/2019\/08\/alfred_von_wurfen.jpg 467w, https:\/\/www.ocean4future.org\/savetheocean\/wp-content\/uploads\/2019\/08\/alfred_von_wurfen-300x219.jpg 300w, https:\/\/www.ocean4future.org\/savetheocean\/wp-content\/uploads\/2019\/08\/alfred_von_wurfen-220x161.jpg 220w\" sizes=\"(max-width: 626px) 100vw, 626px\" \/><\/p>\n<p align=\"justify\"><strong><span style=\"color: #008000;\">Alfred von Wurzian<\/span><\/strong><\/p>\n<p style=\"text-align: justify;\">Le loro origini risalgono al 1942 quando <strong><span style=\"color: #008000;\">Alfred von Wurzian<\/span><\/strong> test\u00f2 per la prima volta un autorespiratore ad ossigeno sviluppato per la Kriegsmarine dalla <strong><span style=\"color: #008000;\">Dr\u00e4ger<\/span><\/strong> (casualmente lo stesso usato anche dall&#8217;amico e compagno di spedizioni subacquee <strong><span style=\"color: #008000;\">Hans Hass<\/span><\/strong>). Le prime operazioni conosciute di questi sommozzatori avvennero nel porto di <strong><span style=\"color: #008000;\">Tsemes Bay<\/span><\/strong> a <strong><span style=\"color: #008000;\">Novorossiysk<\/span><\/strong>, quando si scontrarono con dei sommozzatori russi, combattendo letteralmente a colpi di coltello ma sott&#8217;acqua.<\/p>\n<p style=\"text-align: justify;\">Un impiego minimale per delle forze speciali che fece un salto in avanti solo nel 1943 quando l&#8217;ammiraglio <strong><span style=\"color: #008000;\">Karl D\u00f6nitz<\/span><\/strong> ordin\u00f2 al <strong><span style=\"color: #008000;\">vice ammiraglio Hellmuth Heye<\/span> <\/strong>di creare un&#8217;unit\u00e0 speciale di sommozzatori.<\/p>\n<p><img decoding=\"async\" class=\"alignnone wp-image-33570\" src=\"https:\/\/www.ocean4future.org\/savetheocean\/wp-content\/uploads\/2019\/08\/1211225d1378279849-world-war-two-panerai-dive-watch-straps-german-kampfschwimmers-wearing-panerai-watches.jpg-for-web-large.jpg\" alt=\"\" width=\"650\" height=\"482\" srcset=\"https:\/\/www.ocean4future.org\/savetheocean\/wp-content\/uploads\/2019\/08\/1211225d1378279849-world-war-two-panerai-dive-watch-straps-german-kampfschwimmers-wearing-panerai-watches.jpg-for-web-large.jpg 640w, https:\/\/www.ocean4future.org\/savetheocean\/wp-content\/uploads\/2019\/08\/1211225d1378279849-world-war-two-panerai-dive-watch-straps-german-kampfschwimmers-wearing-panerai-watches.jpg-for-web-large-300x223.jpg 300w\" sizes=\"(max-width: 650px) 100vw, 650px\" \/><\/p>\n<p align=\"justify\"><strong><span style=\"color: #008000;\">kampfschwimmer tedeschi in tenuta subacquea; notare l&#8217;orologio panerai al polso che veniva usato anche dai Gamma italiani <\/span><\/strong><\/p>\n<p style=\"text-align: justify;\">Originariamente chiamata <strong><span style=\"color: #008000;\">Kleinkampfmittelverband<\/span><\/strong> (&#8220;nucleo di battaglia&#8221;) fu meglio conosciuta con il nome di <strong><span style=\"color: #008000;\">K-Verband<\/span><\/strong> o <strong><span style=\"color: #008000;\">Meeresk\u00e4mpfer<\/span><\/strong>, ovvero i <strong><span style=\"color: #008000;\">guerrieri dell&#8217;oceano<\/span><\/strong>, termine pi\u00f9 indicato per questi sommozzatori combattenti. Non tutti sanno che i primi componenti dei Meeresk\u00e4mpfer, tra cui anche <strong><span style=\"color: #008000;\">Alfred von Wurzian<\/span><\/strong>, furono addestrati proprio dagli uomini gamma italiani della Decima Flottiglia MAS, adottando in seguito anche alcune delle loro attrezzature.<\/p>\n<p><img decoding=\"async\" class=\"wp-image-33573 alignleft\" src=\"https:\/\/www.ocean4future.org\/savetheocean\/wp-content\/uploads\/2019\/08\/german-diver.jpg\" alt=\"\" width=\"707\" height=\"1109\" srcset=\"https:\/\/www.ocean4future.org\/savetheocean\/wp-content\/uploads\/2019\/08\/german-diver.jpg 300w, https:\/\/www.ocean4future.org\/savetheocean\/wp-content\/uploads\/2019\/08\/german-diver-191x300.jpg 191w\" sizes=\"(max-width: 707px) 100vw, 707px\" \/><\/p>\n<p align=\"justify\"><strong><span style=\"color: #008000;\">sommozzatore tedesco che indossa delle attrezzature subacquee in dotazione ai reparti italiani<\/span><\/strong><\/p>\n<p style=\"text-align: justify;\">Nel giugno del 1944 tre unit\u00e0 di sommozzatori, <strong><span style=\"color: #008000;\">Marine Einsatz Kommando<\/span><\/strong>\u00a0(<strong><span style=\"color: #008000;\">MEK<\/span><\/strong>), divennero operative. Ogni unit\u00e0 era composta da un ufficiale e ventidue uomini. In breve tempo vennero creati numerosi gruppi distribuiti in tutti i teatri di guerra, dal Baltico fino al Mar Nero, con compiti di infiltrazione, spionaggio e sabotaggio. La loro prima operazione nota avvenne il 23 giugno 1944, sabotando due ponti sul fiume Orne con due cariche da 800 kg. Altre operazioni avvennero nel luglio del 1944 nel canale della Manica, nel porto di <strong><span style=\"color: #008000;\">Villers sur Mer<\/span><\/strong>, danneggiando l&#8217;incrociatore <strong><span style=\"color: #008000;\">ORP Dragon<\/span> <\/strong>ed affondando il cacciatorpediniere <strong><span style=\"color: #008000;\">HMS Iside. <\/span><\/strong>L&#8217;azione fu eseguita utilizzando un arma insidiosa realizzata accoppiando due siluri navali <strong><span style=\"color: #008000;\">G7<\/span><\/strong>: il <strong><span style=\"color: #008000;\">Neger<\/span><\/strong>. Apriamo una parentesi su questo mezzo di assalto che fu impiegato dai sommozzatori tedeschi, tra l&#8217;altro senza gran successo, sin dal 1944. I Neger erano mezzi costruiti accoppiando di due siluri guidati da un operatore in superficie. In altre parole, il mezzo restava in superficie e non si immergeva. Curiosamente il loro nome derivava dal cognome del costruttore, <strong><span style=\"color: #008000;\">Richard Mohr<\/span><\/strong>, parola che in tedesco significa moro.<\/p>\n<p style=\"text-align: justify;\"><img decoding=\"async\" class=\" wp-image-42641 alignleft\" src=\"https:\/\/www.ocean4future.org\/savetheocean\/wp-content\/uploads\/2019\/08\/neger2.jpg\" alt=\"\" width=\"632\" height=\"407\" srcset=\"https:\/\/www.ocean4future.org\/savetheocean\/wp-content\/uploads\/2019\/08\/neger2.jpg 480w, https:\/\/www.ocean4future.org\/savetheocean\/wp-content\/uploads\/2019\/08\/neger2-300x193.jpg 300w, https:\/\/www.ocean4future.org\/savetheocean\/wp-content\/uploads\/2019\/08\/neger2-460x295.jpg 460w\" sizes=\"(max-width: 632px) 100vw, 632px\" \/>Il <strong><span style=\"color: #008000;\">Neger<\/span><\/strong> era basato su un siluro G7 (come elemento propulsore) dove era ricavato un abitacolo molto spartano, protetto da una cupola di perspex. Al di sotto era agganciato un altro siluro G7 che era di fatto l&#8217;arma offensiva che veniva poi lanciata dal pilota sul bersaglio. Il mezzo, del peso di 2,7 tonnellate, veniva propulso da un motore elettrico che consentiva, alla velocit\u00e0 di 4 nodi, un raggio operativo di 48 miglia nautiche. Il pilota lo guidava in superficie orientandosi con una bussola da polso e respirando, durante la fase finale di attacco, con un autorespiratore a circuito chiuso ad ossigeno Dr\u00e4ger (sempre lo stesso usato da Hass).<\/p>\n<p><img decoding=\"async\" class=\"alignnone wp-image-33563\" src=\"https:\/\/www.ocean4future.org\/savetheocean\/wp-content\/uploads\/2019\/08\/Neger_U-Boot.jpg\" alt=\"\" width=\"640\" height=\"159\" srcset=\"https:\/\/www.ocean4future.org\/savetheocean\/wp-content\/uploads\/2019\/08\/Neger_U-Boot.jpg 1578w, https:\/\/www.ocean4future.org\/savetheocean\/wp-content\/uploads\/2019\/08\/Neger_U-Boot-300x74.jpg 300w, https:\/\/www.ocean4future.org\/savetheocean\/wp-content\/uploads\/2019\/08\/Neger_U-Boot-768x190.jpg 768w, https:\/\/www.ocean4future.org\/savetheocean\/wp-content\/uploads\/2019\/08\/Neger_U-Boot-1024x254.jpg 1024w, https:\/\/www.ocean4future.org\/savetheocean\/wp-content\/uploads\/2019\/08\/Neger_U-Boot-1200x297.jpg 1200w\" sizes=\"(max-width: 640px) 100vw, 640px\" \/><\/p>\n<p align=\"justify\"><strong><span style=\"color: #008000;\">disegno schematico di un Neger<\/span><\/strong><\/p>\n<p style=\"text-align: justify;\">Nel 1944 furono fabbricati circa 200 Neger ma non divennero molto popolari. Il loro insuccesso fu legato alla inaffidabilit\u00e0 tecnica ed al fatto che circa l&#8217;80% degli operatori perirono nelle azioni.\u00a0 Va precisato che non avevano niente a che vedere con i siluri a lenta corsa studiati e sviluppati dagli Italiani; in estrema sintesi, si potrebbe descriverli come dei mezzi &#8220;quasi suicidi&#8221; in cui il pilota mirava, non senza difficolt\u00e0, il suo bersaglio e in fase finale lanciava il siluro. Gli effetti dell\u2019esplosione del siluro erano tali da far uscire a volte dall\u2019acqua il mezzo lanciante, probabilmente uccidendo il pilota.<\/p>\n<p style=\"text-align: justify;\">Nel gennaio 1944 giunse a Valdagno (Italia) il reparto sommozzatori \u201c<strong><span style=\"color: #008000;\">K\u00fcstenj\u00e4ger-Abteilung &#8220;Brandenburg\u201d <\/span><\/strong>che, nel giugno seguente, cess\u00f2 di dipendere dal Servizio segreto militare e fu assegnato alla <strong><span style=\"color: #008000;\">Kriegsmarine<\/span><\/strong>. Di conseguenza il 21 giugno i \u201cCombattenti del mare di Brandeburgo\u201d di Valdagno assunsero il nome di \u201c<strong><span style=\"color: #008000;\">Lehrkommando 700<\/span><\/strong>\u201d, alle dipendenze di un ufficiale &#8230; medico, il Dr. <strong><span style=\"color: #008000;\">Armin Wandel<\/span><\/strong>.<\/p>\n<p><img decoding=\"async\" class=\"alignleft wp-image-33578\" src=\"https:\/\/www.ocean4future.org\/savetheocean\/wp-content\/uploads\/2019\/08\/stemma-mek.jpg\" alt=\"\" width=\"240\" height=\"233\" srcset=\"https:\/\/www.ocean4future.org\/savetheocean\/wp-content\/uploads\/2019\/08\/stemma-mek.jpg 220w, https:\/\/www.ocean4future.org\/savetheocean\/wp-content\/uploads\/2019\/08\/stemma-mek-50x50.jpg 50w\" sizes=\"(max-width: 240px) 100vw, 240px\" \/><\/p>\n<p align=\"justify\"><strong><span style=\"color: #008000;\">stemma dei reparti subacquei tedeschi<\/span><\/strong><\/p>\n<p style=\"text-align: justify;\">Oltre alla base di Valdagno, il \u201c<strong><span style=\"color: #008000;\">Lehrkommando 700<\/span><\/strong>\u201d disponeva di un poligono di addestramento nella laguna di Venezia. Fra di loro anche <strong><span style=\"color: #008000;\">Alfred Von Wurzian<\/span> <\/strong>che, pur appartenendo ancora al servizio segreto militare, rimase a Valdagno come responsabile dell\u2019addestramento del LK-700.<\/p>\n<p style=\"text-align: justify;\"><strong><span style=\"color: #008000;\">Furono costituiti diversi Lehrkommando:<\/span><\/strong><br \/>\n<strong><span style=\"color: #008000;\">LK 200,<\/span><\/strong> istituto nel luglio 1944 a Priesterbeck\/Waren ed in seguito trasferito a Pl\u00f6n, Holstein. Era il comando per l&#8217;addestramento ed impiego delle <strong><span style=\"color: #008000;\">Sprengboote<\/span><\/strong> (barche esplosive). Il Comandante era anche Comandante della 4a Divisione K.<\/p>\n<p><img decoding=\"async\" class=\"alignnone wp-image-34069\" src=\"https:\/\/www.ocean4future.org\/savetheocean\/wp-content\/uploads\/2019\/08\/Seehund_Biber_12.jpg\" alt=\"\" width=\"640\" height=\"426\" srcset=\"https:\/\/www.ocean4future.org\/savetheocean\/wp-content\/uploads\/2019\/08\/Seehund_Biber_12.jpg 476w, https:\/\/www.ocean4future.org\/savetheocean\/wp-content\/uploads\/2019\/08\/Seehund_Biber_12-300x200.jpg 300w\" sizes=\"(max-width: 640px) 100vw, 640px\" \/><\/p>\n<p align=\"justify\"><strong><span style=\"color: #008000;\">Biber in emersione<\/span><\/strong><\/p>\n<p style=\"text-align: justify;\"><strong><span style=\"color: #008000;\">LK 250<\/span><\/strong>, che era stato formato nell&#8217;agosto del 1944 a Schlutup. Nel centro si addestravano gli equipaggi dei <strong><span style=\"color: #008000;\">Biber<\/span><\/strong>, sommergibili midget guidati da un solo uomo ed armati con due siluri o delle mine da 53 centimetri, montate esternamente con il compito di attaccare navi mercantili alla fonda. Il Biber fu sviluppato in fretta per fronte alla minaccia di un&#8217;invasione alleata dell&#8217;Europa ma ci\u00f2 comport\u00f2 numerosi problemi; di fatto difetti tecnici combinati con un&#8217;addestramento inadeguato degli operatori, fece s\u00ec che non rappresentassero mai una vera minaccia per la spedizione alleata &#8230; questo nonostante fossero stati consegnati ben 324 mezzi. Uno dei pochi successi della classe fu l&#8217;affondamento della nave mercantile Alan A. Dale.<\/p>\n<p><img decoding=\"async\" class=\"alignnone wp-image-34070\" src=\"https:\/\/www.ocean4future.org\/savetheocean\/wp-content\/uploads\/2019\/08\/Seehund_Kriegsmarine.jpg\" alt=\"\" width=\"640\" height=\"404\" srcset=\"https:\/\/www.ocean4future.org\/savetheocean\/wp-content\/uploads\/2019\/08\/Seehund_Kriegsmarine.jpg 1024w, https:\/\/www.ocean4future.org\/savetheocean\/wp-content\/uploads\/2019\/08\/Seehund_Kriegsmarine-300x189.jpg 300w, https:\/\/www.ocean4future.org\/savetheocean\/wp-content\/uploads\/2019\/08\/Seehund_Kriegsmarine-768x485.jpg 768w, https:\/\/www.ocean4future.org\/savetheocean\/wp-content\/uploads\/2019\/08\/Seehund_Kriegsmarine-320x202.jpg 320w\" sizes=\"(max-width: 640px) 100vw, 640px\" \/><\/p>\n<p align=\"justify\"><strong><span style=\"color: #008000;\">Seehund<\/span><\/strong><\/p>\n<p style=\"text-align: justify;\"><strong><span style=\"color: #008000;\">LK 300<\/span><\/strong> costituito a Neustadt in Holstein nel settembre del 1944. Vi si addestravano i Seehunde (minisommergibili guidati da due uomini). Il progetto dei Seehund, frutto degli studi degli ingegneri navali Fischer e Grim del Direttorato costruzioni navali tedesco nel giugno 1944, riprendeva quello dei precedenti sommergibili tascabili del tipo <strong><span style=\"color: #008000;\">Hecht<\/span><\/strong>, a loro volta ricavati dai <strong><span style=\"color: #008000;\">minisommergibili classe X<\/span> <\/strong>della Royal Navy britannica, catturati dopo il riuscito attacco alla <strong><span style=\"color: #008000;\">corazzata tedesca Tirpitz<\/span> <\/strong>in Norvegia. Al contrario degli Hecht, equipaggiati solo con cariche esplosive da rilasciare nelle vicinanze del battello nemico, i Seehund furono costruiti per imbarcare dei siluri tipo G7, alloggiati su dei supporti esterni allo scafo. I Seehund furono messi in costruzione alla fine del 1944 iniziando a svolgere le loro prime missioni operative nel gennaio 1945; ne furono ordinati oltre 1.000 ma alla fine della guerra solo 285 erano stati assemblati, di cui solo 137 erano entrati effettivamente in servizio.<\/p>\n<p style=\"text-align: justify;\"><strong><span style=\"color: #008000;\">LK 350<\/span><\/strong> formata a Suhrendorf nel luglio del 1944. Questo era il Lehrkommando per l&#8217;addestramento all&#8217;impiego dei Neger e Marder (siluri con equipaggio).<\/p>\n<p><img decoding=\"async\" class=\"alignnone wp-image-34071\" src=\"https:\/\/www.ocean4future.org\/savetheocean\/wp-content\/uploads\/2019\/08\/330px-Molch_E\u00dc.gif\" alt=\"\" width=\"640\" height=\"332\" \/><\/p>\n<p align=\"justify\"><strong><span style=\"color: #008000;\">Molch<\/span><\/strong><\/p>\n<p style=\"text-align: justify;\">Il centro di addestramento <strong><span style=\"color: #008000;\">LK 400<\/span><\/strong> fu sviluppato a Suhrendorf nel luglio del 1944 per l&#8217;addestramento all&#8217;impiego del <strong><span style=\"color: #008000;\">Molch<\/span><\/strong>, un midget anch&#8217;esso pilotato da un solo operatore. Il <strong><span style=\"color: #008000;\">Molch<\/span><\/strong> era basato sulla tecnologia dei siluri e trasportava due siluri G7e fissati esternamente su entrambi i lati dell&#8217;imbarcazione. Era completamente elettrico ed \u00e8 stato creato per le operazioni costiere, con un raggio di 35 miglia a 5 nodi. La parte anteriore della barca conteneva una batteria di grandi dimensioni. Dietro la batteria c&#8217;era la posizione dell&#8217;unico operatore, che si trovava tra due piccoli serbatoi di equilibratura. Dietro l&#8217;operatore si trovava il motore elettrico. Il complicato sistema di serbatoi ne rendeva per\u00f2 difficile il controllo durante le operazioni di combattimento. I primi 393 esemplari furono consegnati il 12 giugno 1944 e furono costruite dalla AG Weser a Brema. I <strong><span style=\"color: #008000;\">Molch<\/span><\/strong> furono usati per la prima volta nel Mediterraneo contro l&#8217;<strong><span style=\"color: #008000;\">Operazione Dragoon<\/span><\/strong> degli Alleati nel 1944. A causa dell&#8217;inefficacia del Molch (100% di perdite), il midget fu in seguito utilizzato come mezzo di addestramento per mini sottomarini pi\u00f9 avanzati.<\/p>\n<p><img decoding=\"async\" class=\"alignnone wp-image-34072\" src=\"https:\/\/www.ocean4future.org\/savetheocean\/wp-content\/uploads\/2019\/08\/Bundesarchiv_Bild_101I-011-1739-15A_Russland_Nord_Soldaten_in_Sturmboot.jpg\" alt=\"\" width=\"640\" height=\"432\" srcset=\"https:\/\/www.ocean4future.org\/savetheocean\/wp-content\/uploads\/2019\/08\/Bundesarchiv_Bild_101I-011-1739-15A_Russland_Nord_Soldaten_in_Sturmboot.jpg 800w, https:\/\/www.ocean4future.org\/savetheocean\/wp-content\/uploads\/2019\/08\/Bundesarchiv_Bild_101I-011-1739-15A_Russland_Nord_Soldaten_in_Sturmboot-300x203.jpg 300w, https:\/\/www.ocean4future.org\/savetheocean\/wp-content\/uploads\/2019\/08\/Bundesarchiv_Bild_101I-011-1739-15A_Russland_Nord_Soldaten_in_Sturmboot-768x518.jpg 768w\" sizes=\"(max-width: 640px) 100vw, 640px\" \/><\/p>\n<p align=\"justify\"><strong><span style=\"color: #008000;\">Sturmboot, battelli di assalto<\/span><\/strong><\/p>\n<p style=\"text-align: justify;\"><strong><span style=\"color: #008000;\">LK 600<\/span><\/strong> istituito nell&#8217;ottobre 1944 per l&#8217;addestramento del personale da imbarcare sui Sturmboote (battelli di assalto).<\/p>\n<p style=\"text-align: justify;\">Non ultimo, il gi\u00e0 citato centro di addestramento<strong><span style=\"color: #008000;\"> LK 700<\/span><\/strong>, che venne costituito nel giugno 1944 a Venezia, e poi trasferito a List nel novembre del 1944. Come abbiamo accennato fu il Lehrkommando dei <strong><span style=\"color: #008000;\">Kampfschwimmer<\/span><\/strong> (uomini rana).<\/p>\n<p><span style=\"font-size: 18pt;\"><strong><span style=\"color: #008000;\">Le operazioni principali<\/span><\/strong><\/span><\/p>\n<p><img decoding=\"async\" class=\"alignnone wp-image-33582\" src=\"https:\/\/www.ocean4future.org\/savetheocean\/wp-content\/uploads\/2019\/08\/neger-manned-torpedo-nazi-germany-1.jpg\" alt=\"\" width=\"640\" height=\"412\" \/><\/p>\n<p align=\"justify\"><strong><span style=\"color: #008000;\">messa in mare di un Neger. Si nota il secondo siluro posto al di sotto del mezzo che verr\u00e0 lanciato dal pilota contro il bersaglio <\/span><\/strong><\/p>\n<p style=\"text-align: justify;\">Si conoscono solo due assalti effettuati dalle forze speciali tedesche contro la flotta degli Alleati al largo della Manica. La flottiglia dei <strong><span style=\"color: #008000;\">Neger<\/span><\/strong> part\u00ec da <strong><span style=\"color: #008000;\">Favrol Woods<\/span><\/strong>, nei pressi di <strong><span style=\"color: #008000;\">Honfleur<\/span><\/strong> sulla riva sud dell&#8217;estuario della Senna il 5\/6 luglio 1944 con ventiquattro mezzi. I Tedeschi attaccarono la flotta di invasione alleata, affondando due dragamine britannici, l&#8217;<strong><span style=\"color: #008000;\">HMS Magic<\/span><\/strong> e <strong><span style=\"color: #008000;\">HMS Catone<\/span><\/strong>. Dei 24 mezzi tedeschi solo nove ritornarono dalla missione. Un vero insuccesso. Il secondo attacco avvenne il 7 luglio con l&#8217;impiego di ventuno Neger. Nonostante i mezzi tedeschi furono avvistati al chiaro di luna e immediatamente contrastati da aerei e navi, essi continuarono l&#8217;attacco e riuscirono ad affondare un dragamine, <strong><span style=\"color: #008000;\">HMS Pylades<\/span><\/strong> e danneggiare un battello polacco, il <strong><span style=\"color: #008000;\">Dragon Cruiser<\/span><\/strong>, che in seguito fu affondato.<\/p>\n<p><img decoding=\"async\" class=\"wp-image-33579\" src=\"https:\/\/www.ocean4future.org\/savetheocean\/wp-content\/uploads\/2019\/08\/HMS-Quorn-1940.jpg\" alt=\"\" width=\"640\" height=\"439\" srcset=\"https:\/\/www.ocean4future.org\/savetheocean\/wp-content\/uploads\/2019\/08\/HMS-Quorn-1940.jpg 450w, https:\/\/www.ocean4future.org\/savetheocean\/wp-content\/uploads\/2019\/08\/HMS-Quorn-1940-300x206.jpg 300w\" sizes=\"(max-width: 640px) 100vw, 640px\" \/><\/p>\n<p align=\"justify\"><strong><span style=\"color: #008000;\">HMS Quorn<\/span><\/strong><\/p>\n<p style=\"text-align: justify;\">Il 3 agosto 1944 fu la volta del cacciatorpediniere <strong><span style=\"color: #008000;\">HMS Quorn<\/span><\/strong> che fu colpito e affondato durante un attacco di massa nella zona d&#8217;assalto britannica da una forza mista di E-boats, motoscafi esplosivi, siluri umani ed aerei a bassa quota. Quattro ufficiali e centoventisei marinai tedeschi furono persi nell\u2019azione. Ma le azioni degli uomini rana tedeschi continuarono ed il 26 agosto 1944 un team composto da 60 uomini rana distrusse una batteria dell&#8217;artiglieria costiera di Vascouy.<\/p>\n<p style=\"text-align: justify;\">La guerra volgeva ormai al termine ma ancora nel settembre 1944, quando gli Alleati avevano ormai occupato Anversa, due squadre tedesche di cinque uomini rana lasciarono Rotterdam su due barche d&#8217;attacco per attaccare i moli del grande porto. Dopo aver superato le ostruzioni della difesa foranea, rimorchiando ognuna un siluro con una carica esplosiva,\u00a0 attaccarono la chiusa del canale principale di Anversa. Ultimi tentativi di una guerra perduta.\u00a0Ormai gli Alleati avevano conquistato un ponte stradale importante a Nijmegen e un ponte ferroviario a Moerdijk, necessari per riversare le loro forze verso la Germania. Erano choke point strategici che dovevano essere difesi con tutti i mezzi disponibili. Gli Alleati vi avevano immediatamente installato una possente difesa antiaerea per proteggerli. Dall&#8217;altro lato, i Tedeschi sapevano che bisognava agire subito &#8230; e venne pianificata una missione per distruggerli che pass\u00f2 alla storia. Ma di questo attacco ce ne parler\u00e0 Stefano Berutti in un prossimo articolo.<\/p>\n<p><strong><span style=\"color: #008000;\">Andrea Mucedola<\/span><\/strong><\/p>\n<p>&nbsp;<\/p>\n<p style=\"text-align: justify;\">Alcune delle immagini possono essere state prese dal web citandone ove possibile gli autori e\/o le fonti. Se qualcuno desiderasse specificarne l\u2019autore o rimuoverle, pu\u00f2 scrivere a infoocean4future@gmail.com e provvederemo immediatamente alla correzione dell\u2019articolo<\/p>\n<p>&nbsp;<\/p>\n<p><a class=\"maxbutton-3 maxbutton maxbutton-pagina-principale\" target=\"_blank\" title=\"tooltip\" rel=\"nofollow noopener\" href=\"http:\/\/www.ocean4future.org\"><span class='mb-text'>PAGINA PRINCIPALE<\/span><\/a><br \/>\n<span style=\"color: #ffffff;\">.<\/span><\/p>\n","protected":false},"excerpt":{"rendered":"<p><span class=\"span-reading-time rt-reading-time\" style=\"display: block;\"><span class=\"rt-label rt-prefix\">tempo di lettura: <\/span> <span class=\"rt-time\"> 8<\/span> <span class=\"rt-label rt-postfix\">minuti<\/span><\/span>. . ARGOMENTO: STORIA NAVALE PERIODO: XX SECOLO AREA: EUROPA parole chiave: operazioni speciali, sommozzatori, MEK, Germania, Niger &nbsp; Molto \u00e8 stato scritto sugli uomini Gamma italiani, gli operatori subacquei della II guerra mondiale che cambiarono le regole del gioco della guerra moderna, introducendo operazioni di sabotaggio subacquee contro obiettivi navali e terrestri militari. Oggi [&hellip;]<\/p>\n","protected":false},"author":2380,"featured_media":33560,"comment_status":"open","ping_status":"open","sticky":false,"template":"","format":"standard","meta":{"_acf_changed":false,"_monsterinsights_skip_tracking":false,"_monsterinsights_sitenote_active":false,"_monsterinsights_sitenote_note":"","_monsterinsights_sitenote_category":0,"footnotes":""},"categories":[2431],"tags":[],"class_list":["post-33543","post","type-post","status-publish","format-standard","has-post-thumbnail","hentry","category-storia"],"acf":[],"yoast_head":"<!-- This site is optimized with the Yoast SEO plugin v27.4 - https:\/\/yoast.com\/product\/yoast-seo-wordpress\/ -->\n<title>Guerrieri dell&#039;oceano, le segretissime unit\u00e0 speciali di combattimento tedesche durante la Seconda Guerra Mondiale &#8226; OCEAN4FUTURE autore<\/title>\n<meta name=\"robots\" content=\"index, follow, max-snippet:-1, max-image-preview:large, max-video-preview:-1\" \/>\n<link rel=\"canonical\" href=\"https:\/\/www.ocean4future.org\/savetheocean\/archives\/33543\" \/>\n<meta property=\"og:locale\" content=\"it_IT\" \/>\n<meta property=\"og:type\" content=\"article\" \/>\n<meta property=\"og:title\" content=\"Guerrieri dell&#039;oceano, le segretissime unit\u00e0 speciali di combattimento tedesche durante la Seconda Guerra Mondiale &#8226; OCEAN4FUTURE autore\" \/>\n<meta property=\"og:description\" content=\"tempo di lettura:  8 minuti. . ARGOMENTO: STORIA NAVALE PERIODO: XX SECOLO AREA: EUROPA parole chiave: operazioni speciali, sommozzatori, MEK, Germania, Niger &nbsp; Molto \u00e8 stato scritto sugli uomini Gamma italiani, gli operatori subacquei della II guerra mondiale che cambiarono le regole del gioco della guerra moderna, introducendo operazioni di sabotaggio subacquee contro obiettivi navali e terrestri militari. Oggi [&hellip;]\" \/>\n<meta property=\"og:url\" content=\"https:\/\/www.ocean4future.org\/savetheocean\/archives\/33543\" \/>\n<meta property=\"og:site_name\" content=\"OCEAN4FUTURE\" \/>\n<meta property=\"article:published_time\" content=\"2025-11-02T23:01:45+00:00\" \/>\n<meta property=\"article:modified_time\" content=\"2026-03-26T11:50:10+00:00\" \/>\n<meta property=\"og:image\" content=\"https:\/\/www.ocean4future.org\/savetheocean\/wp-content\/uploads\/2019\/08\/Heinz-Bretschneider-1-gruppo-attacco-e1762110144288.jpg\" \/>\n\t<meta property=\"og:image:width\" content=\"640\" \/>\n\t<meta property=\"og:image:height\" content=\"927\" \/>\n\t<meta property=\"og:image:type\" content=\"image\/jpeg\" \/>\n<meta name=\"author\" content=\"Andrea Mucedola\" \/>\n<meta name=\"twitter:card\" content=\"summary_large_image\" \/>\n<meta name=\"twitter:creator\" content=\"@ocean4future\" \/>\n<meta name=\"twitter:site\" content=\"@ocean4future\" \/>\n<meta name=\"twitter:label1\" content=\"Scritto da\" \/>\n\t<meta name=\"twitter:data1\" content=\"Andrea Mucedola\" \/>\n\t<meta name=\"twitter:label2\" content=\"Tempo di lettura stimato\" \/>\n\t<meta name=\"twitter:data2\" content=\"13 minuti\" \/>\n<script type=\"application\/ld+json\" class=\"yoast-schema-graph\">{\"@context\":\"https:\\\/\\\/schema.org\",\"@graph\":[{\"@type\":\"Article\",\"@id\":\"https:\\\/\\\/www.ocean4future.org\\\/savetheocean\\\/archives\\\/33543#article\",\"isPartOf\":{\"@id\":\"https:\\\/\\\/www.ocean4future.org\\\/savetheocean\\\/archives\\\/33543\"},\"author\":{\"name\":\"Andrea Mucedola\",\"@id\":\"https:\\\/\\\/www.ocean4future.org\\\/savetheocean\\\/#\\\/schema\\\/person\\\/252d25dcc5c002abcde7b2d4baa78f13\"},\"headline\":\"Guerrieri dell&#8217;oceano, le segretissime unit\u00e0 speciali di combattimento tedesche durante la Seconda Guerra Mondiale\",\"datePublished\":\"2025-11-02T23:01:45+00:00\",\"dateModified\":\"2026-03-26T11:50:10+00:00\",\"mainEntityOfPage\":{\"@id\":\"https:\\\/\\\/www.ocean4future.org\\\/savetheocean\\\/archives\\\/33543\"},\"wordCount\":1810,\"commentCount\":0,\"publisher\":{\"@id\":\"https:\\\/\\\/www.ocean4future.org\\\/savetheocean\\\/#\\\/schema\\\/person\\\/4e1c26437054353074d7bb2efa77162c\"},\"image\":{\"@id\":\"https:\\\/\\\/www.ocean4future.org\\\/savetheocean\\\/archives\\\/33543#primaryimage\"},\"thumbnailUrl\":\"https:\\\/\\\/www.ocean4future.org\\\/savetheocean\\\/wp-content\\\/uploads\\\/2019\\\/08\\\/Heinz-Bretschneider-1-gruppo-attacco-e1762110144288.jpg\",\"articleSection\":[\"Storia\"],\"inLanguage\":\"it-IT\",\"potentialAction\":[{\"@type\":\"CommentAction\",\"name\":\"Comment\",\"target\":[\"https:\\\/\\\/www.ocean4future.org\\\/savetheocean\\\/archives\\\/33543#respond\"]}]},{\"@type\":\"WebPage\",\"@id\":\"https:\\\/\\\/www.ocean4future.org\\\/savetheocean\\\/archives\\\/33543\",\"url\":\"https:\\\/\\\/www.ocean4future.org\\\/savetheocean\\\/archives\\\/33543\",\"name\":\"Guerrieri dell'oceano, le segretissime unit\u00e0 speciali di combattimento tedesche durante la Seconda Guerra Mondiale &#8226; OCEAN4FUTURE autore\",\"isPartOf\":{\"@id\":\"https:\\\/\\\/www.ocean4future.org\\\/savetheocean\\\/#website\"},\"primaryImageOfPage\":{\"@id\":\"https:\\\/\\\/www.ocean4future.org\\\/savetheocean\\\/archives\\\/33543#primaryimage\"},\"image\":{\"@id\":\"https:\\\/\\\/www.ocean4future.org\\\/savetheocean\\\/archives\\\/33543#primaryimage\"},\"thumbnailUrl\":\"https:\\\/\\\/www.ocean4future.org\\\/savetheocean\\\/wp-content\\\/uploads\\\/2019\\\/08\\\/Heinz-Bretschneider-1-gruppo-attacco-e1762110144288.jpg\",\"datePublished\":\"2025-11-02T23:01:45+00:00\",\"dateModified\":\"2026-03-26T11:50:10+00:00\",\"breadcrumb\":{\"@id\":\"https:\\\/\\\/www.ocean4future.org\\\/savetheocean\\\/archives\\\/33543#breadcrumb\"},\"inLanguage\":\"it-IT\",\"potentialAction\":[{\"@type\":\"ReadAction\",\"target\":[\"https:\\\/\\\/www.ocean4future.org\\\/savetheocean\\\/archives\\\/33543\"]}]},{\"@type\":\"ImageObject\",\"inLanguage\":\"it-IT\",\"@id\":\"https:\\\/\\\/www.ocean4future.org\\\/savetheocean\\\/archives\\\/33543#primaryimage\",\"url\":\"https:\\\/\\\/www.ocean4future.org\\\/savetheocean\\\/wp-content\\\/uploads\\\/2019\\\/08\\\/Heinz-Bretschneider-1-gruppo-attacco-e1762110144288.jpg\",\"contentUrl\":\"https:\\\/\\\/www.ocean4future.org\\\/savetheocean\\\/wp-content\\\/uploads\\\/2019\\\/08\\\/Heinz-Bretschneider-1-gruppo-attacco-e1762110144288.jpg\",\"width\":640,\"height\":927},{\"@type\":\"BreadcrumbList\",\"@id\":\"https:\\\/\\\/www.ocean4future.org\\\/savetheocean\\\/archives\\\/33543#breadcrumb\",\"itemListElement\":[{\"@type\":\"ListItem\",\"position\":1,\"name\":\"Home\",\"item\":\"https:\\\/\\\/www.ocean4future.org\\\/savetheocean\"},{\"@type\":\"ListItem\",\"position\":2,\"name\":\"Guerrieri dell&#8217;oceano, le segretissime unit\u00e0 speciali di combattimento tedesche durante la Seconda Guerra Mondiale\"}]},{\"@type\":\"WebSite\",\"@id\":\"https:\\\/\\\/www.ocean4future.org\\\/savetheocean\\\/#website\",\"url\":\"https:\\\/\\\/www.ocean4future.org\\\/savetheocean\\\/\",\"name\":\"Ocean 4 Future\",\"description\":\"Per una nuova cultura del mare e della marittimit\u00e0\",\"publisher\":{\"@id\":\"https:\\\/\\\/www.ocean4future.org\\\/savetheocean\\\/#\\\/schema\\\/person\\\/4e1c26437054353074d7bb2efa77162c\"},\"potentialAction\":[{\"@type\":\"SearchAction\",\"target\":{\"@type\":\"EntryPoint\",\"urlTemplate\":\"https:\\\/\\\/www.ocean4future.org\\\/savetheocean\\\/?s={search_term_string}\"},\"query-input\":{\"@type\":\"PropertyValueSpecification\",\"valueRequired\":true,\"valueName\":\"search_term_string\"}}],\"inLanguage\":\"it-IT\"},{\"@type\":[\"Person\",\"Organization\"],\"@id\":\"https:\\\/\\\/www.ocean4future.org\\\/savetheocean\\\/#\\\/schema\\\/person\\\/4e1c26437054353074d7bb2efa77162c\",\"name\":\"oceandiver\",\"image\":{\"@type\":\"ImageObject\",\"inLanguage\":\"it-IT\",\"@id\":\"https:\\\/\\\/www.ocean4future.org\\\/savetheocean\\\/wp-content\\\/uploads\\\/2023\\\/04\\\/logo-ocean3.jpg\",\"url\":\"https:\\\/\\\/www.ocean4future.org\\\/savetheocean\\\/wp-content\\\/uploads\\\/2023\\\/04\\\/logo-ocean3.jpg\",\"contentUrl\":\"https:\\\/\\\/www.ocean4future.org\\\/savetheocean\\\/wp-content\\\/uploads\\\/2023\\\/04\\\/logo-ocean3.jpg\",\"width\":472,\"height\":301,\"caption\":\"oceandiver\"},\"logo\":{\"@id\":\"https:\\\/\\\/www.ocean4future.org\\\/savetheocean\\\/wp-content\\\/uploads\\\/2023\\\/04\\\/logo-ocean3.jpg\"}},{\"@type\":\"Person\",\"@id\":\"https:\\\/\\\/www.ocean4future.org\\\/savetheocean\\\/#\\\/schema\\\/person\\\/252d25dcc5c002abcde7b2d4baa78f13\",\"name\":\"Andrea Mucedola\",\"image\":{\"@type\":\"ImageObject\",\"inLanguage\":\"it-IT\",\"@id\":\"https:\\\/\\\/secure.gravatar.com\\\/avatar\\\/befc97e7f9e17a6b60a3969a83be976bdb6f8fc3d0b55cb27b11ae85db4b6240?s=96&d=mm&r=g\",\"url\":\"https:\\\/\\\/secure.gravatar.com\\\/avatar\\\/befc97e7f9e17a6b60a3969a83be976bdb6f8fc3d0b55cb27b11ae85db4b6240?s=96&d=mm&r=g\",\"contentUrl\":\"https:\\\/\\\/secure.gravatar.com\\\/avatar\\\/befc97e7f9e17a6b60a3969a83be976bdb6f8fc3d0b55cb27b11ae85db4b6240?s=96&d=mm&r=g\",\"caption\":\"Andrea Mucedola\"},\"description\":\"ammiraglio della Marina Militare Italiana (riserva), \u00e8 laureato in Scienze Marittime della Difesa presso l\u2019Universit\u00e0 di Pisa ed in Scienze Politiche cum laude all\u2019Universit\u00e0 di Trieste. Analista di Maritime Security, collabora con numerosi Centri di studi e analisi geopolitici italiani ed internazionali. Ricercatore subacqueo scientifico dal 1993, nel 2019, ha ricevuto il Tridente d'oro dell'Accademia delle Scienze e Tecniche Subacquee per la divulgazione della cultura del mare. Fa parte del Comitato scientifico della Fondazione Atlantide e della Scuola internazionale Subacquei scientifici (ISSD - AIOSS).\",\"sameAs\":[\"http:\\\/\\\/www.ocean4future.org\"],\"url\":\"https:\\\/\\\/www.ocean4future.org\\\/savetheocean\\\/archives\\\/author\\\/andrea-mucedola\"}]}<\/script>\n<!-- \/ Yoast SEO plugin. -->","yoast_head_json":{"title":"Guerrieri dell'oceano, le segretissime unit\u00e0 speciali di combattimento tedesche durante la Seconda Guerra Mondiale &#8226; OCEAN4FUTURE autore","robots":{"index":"index","follow":"follow","max-snippet":"max-snippet:-1","max-image-preview":"max-image-preview:large","max-video-preview":"max-video-preview:-1"},"canonical":"https:\/\/www.ocean4future.org\/savetheocean\/archives\/33543","og_locale":"it_IT","og_type":"article","og_title":"Guerrieri dell'oceano, le segretissime unit\u00e0 speciali di combattimento tedesche durante la Seconda Guerra Mondiale &#8226; OCEAN4FUTURE autore","og_description":"tempo di lettura:  8 minuti. . ARGOMENTO: STORIA NAVALE PERIODO: XX SECOLO AREA: EUROPA parole chiave: operazioni speciali, sommozzatori, MEK, Germania, Niger &nbsp; Molto \u00e8 stato scritto sugli uomini Gamma italiani, gli operatori subacquei della II guerra mondiale che cambiarono le regole del gioco della guerra moderna, introducendo operazioni di sabotaggio subacquee contro obiettivi navali e terrestri militari. Oggi [&hellip;]","og_url":"https:\/\/www.ocean4future.org\/savetheocean\/archives\/33543","og_site_name":"OCEAN4FUTURE","article_published_time":"2025-11-02T23:01:45+00:00","article_modified_time":"2026-03-26T11:50:10+00:00","og_image":[{"width":640,"height":927,"url":"https:\/\/www.ocean4future.org\/savetheocean\/wp-content\/uploads\/2019\/08\/Heinz-Bretschneider-1-gruppo-attacco-e1762110144288.jpg","type":"image\/jpeg"}],"author":"Andrea Mucedola","twitter_card":"summary_large_image","twitter_creator":"@ocean4future","twitter_site":"@ocean4future","twitter_misc":{"Scritto da":"Andrea Mucedola","Tempo di lettura stimato":"13 minuti"},"schema":{"@context":"https:\/\/schema.org","@graph":[{"@type":"Article","@id":"https:\/\/www.ocean4future.org\/savetheocean\/archives\/33543#article","isPartOf":{"@id":"https:\/\/www.ocean4future.org\/savetheocean\/archives\/33543"},"author":{"name":"Andrea Mucedola","@id":"https:\/\/www.ocean4future.org\/savetheocean\/#\/schema\/person\/252d25dcc5c002abcde7b2d4baa78f13"},"headline":"Guerrieri dell&#8217;oceano, le segretissime unit\u00e0 speciali di combattimento tedesche durante la Seconda Guerra Mondiale","datePublished":"2025-11-02T23:01:45+00:00","dateModified":"2026-03-26T11:50:10+00:00","mainEntityOfPage":{"@id":"https:\/\/www.ocean4future.org\/savetheocean\/archives\/33543"},"wordCount":1810,"commentCount":0,"publisher":{"@id":"https:\/\/www.ocean4future.org\/savetheocean\/#\/schema\/person\/4e1c26437054353074d7bb2efa77162c"},"image":{"@id":"https:\/\/www.ocean4future.org\/savetheocean\/archives\/33543#primaryimage"},"thumbnailUrl":"https:\/\/www.ocean4future.org\/savetheocean\/wp-content\/uploads\/2019\/08\/Heinz-Bretschneider-1-gruppo-attacco-e1762110144288.jpg","articleSection":["Storia"],"inLanguage":"it-IT","potentialAction":[{"@type":"CommentAction","name":"Comment","target":["https:\/\/www.ocean4future.org\/savetheocean\/archives\/33543#respond"]}]},{"@type":"WebPage","@id":"https:\/\/www.ocean4future.org\/savetheocean\/archives\/33543","url":"https:\/\/www.ocean4future.org\/savetheocean\/archives\/33543","name":"Guerrieri dell'oceano, le segretissime unit\u00e0 speciali di combattimento tedesche durante la Seconda Guerra Mondiale &#8226; OCEAN4FUTURE autore","isPartOf":{"@id":"https:\/\/www.ocean4future.org\/savetheocean\/#website"},"primaryImageOfPage":{"@id":"https:\/\/www.ocean4future.org\/savetheocean\/archives\/33543#primaryimage"},"image":{"@id":"https:\/\/www.ocean4future.org\/savetheocean\/archives\/33543#primaryimage"},"thumbnailUrl":"https:\/\/www.ocean4future.org\/savetheocean\/wp-content\/uploads\/2019\/08\/Heinz-Bretschneider-1-gruppo-attacco-e1762110144288.jpg","datePublished":"2025-11-02T23:01:45+00:00","dateModified":"2026-03-26T11:50:10+00:00","breadcrumb":{"@id":"https:\/\/www.ocean4future.org\/savetheocean\/archives\/33543#breadcrumb"},"inLanguage":"it-IT","potentialAction":[{"@type":"ReadAction","target":["https:\/\/www.ocean4future.org\/savetheocean\/archives\/33543"]}]},{"@type":"ImageObject","inLanguage":"it-IT","@id":"https:\/\/www.ocean4future.org\/savetheocean\/archives\/33543#primaryimage","url":"https:\/\/www.ocean4future.org\/savetheocean\/wp-content\/uploads\/2019\/08\/Heinz-Bretschneider-1-gruppo-attacco-e1762110144288.jpg","contentUrl":"https:\/\/www.ocean4future.org\/savetheocean\/wp-content\/uploads\/2019\/08\/Heinz-Bretschneider-1-gruppo-attacco-e1762110144288.jpg","width":640,"height":927},{"@type":"BreadcrumbList","@id":"https:\/\/www.ocean4future.org\/savetheocean\/archives\/33543#breadcrumb","itemListElement":[{"@type":"ListItem","position":1,"name":"Home","item":"https:\/\/www.ocean4future.org\/savetheocean"},{"@type":"ListItem","position":2,"name":"Guerrieri dell&#8217;oceano, le segretissime unit\u00e0 speciali di combattimento tedesche durante la Seconda Guerra Mondiale"}]},{"@type":"WebSite","@id":"https:\/\/www.ocean4future.org\/savetheocean\/#website","url":"https:\/\/www.ocean4future.org\/savetheocean\/","name":"Ocean 4 Future","description":"Per una nuova cultura del mare e della marittimit\u00e0","publisher":{"@id":"https:\/\/www.ocean4future.org\/savetheocean\/#\/schema\/person\/4e1c26437054353074d7bb2efa77162c"},"potentialAction":[{"@type":"SearchAction","target":{"@type":"EntryPoint","urlTemplate":"https:\/\/www.ocean4future.org\/savetheocean\/?s={search_term_string}"},"query-input":{"@type":"PropertyValueSpecification","valueRequired":true,"valueName":"search_term_string"}}],"inLanguage":"it-IT"},{"@type":["Person","Organization"],"@id":"https:\/\/www.ocean4future.org\/savetheocean\/#\/schema\/person\/4e1c26437054353074d7bb2efa77162c","name":"oceandiver","image":{"@type":"ImageObject","inLanguage":"it-IT","@id":"https:\/\/www.ocean4future.org\/savetheocean\/wp-content\/uploads\/2023\/04\/logo-ocean3.jpg","url":"https:\/\/www.ocean4future.org\/savetheocean\/wp-content\/uploads\/2023\/04\/logo-ocean3.jpg","contentUrl":"https:\/\/www.ocean4future.org\/savetheocean\/wp-content\/uploads\/2023\/04\/logo-ocean3.jpg","width":472,"height":301,"caption":"oceandiver"},"logo":{"@id":"https:\/\/www.ocean4future.org\/savetheocean\/wp-content\/uploads\/2023\/04\/logo-ocean3.jpg"}},{"@type":"Person","@id":"https:\/\/www.ocean4future.org\/savetheocean\/#\/schema\/person\/252d25dcc5c002abcde7b2d4baa78f13","name":"Andrea Mucedola","image":{"@type":"ImageObject","inLanguage":"it-IT","@id":"https:\/\/secure.gravatar.com\/avatar\/befc97e7f9e17a6b60a3969a83be976bdb6f8fc3d0b55cb27b11ae85db4b6240?s=96&d=mm&r=g","url":"https:\/\/secure.gravatar.com\/avatar\/befc97e7f9e17a6b60a3969a83be976bdb6f8fc3d0b55cb27b11ae85db4b6240?s=96&d=mm&r=g","contentUrl":"https:\/\/secure.gravatar.com\/avatar\/befc97e7f9e17a6b60a3969a83be976bdb6f8fc3d0b55cb27b11ae85db4b6240?s=96&d=mm&r=g","caption":"Andrea Mucedola"},"description":"ammiraglio della Marina Militare Italiana (riserva), \u00e8 laureato in Scienze Marittime della Difesa presso l\u2019Universit\u00e0 di Pisa ed in Scienze Politiche cum laude all\u2019Universit\u00e0 di Trieste. Analista di Maritime Security, collabora con numerosi Centri di studi e analisi geopolitici italiani ed internazionali. Ricercatore subacqueo scientifico dal 1993, nel 2019, ha ricevuto il Tridente d'oro dell'Accademia delle Scienze e Tecniche Subacquee per la divulgazione della cultura del mare. Fa parte del Comitato scientifico della Fondazione Atlantide e della Scuola internazionale Subacquei scientifici (ISSD - AIOSS).","sameAs":["http:\/\/www.ocean4future.org"],"url":"https:\/\/www.ocean4future.org\/savetheocean\/archives\/author\/andrea-mucedola"}]}},"_links":{"self":[{"href":"https:\/\/www.ocean4future.org\/savetheocean\/wp-json\/wp\/v2\/posts\/33543","targetHints":{"allow":["GET"]}}],"collection":[{"href":"https:\/\/www.ocean4future.org\/savetheocean\/wp-json\/wp\/v2\/posts"}],"about":[{"href":"https:\/\/www.ocean4future.org\/savetheocean\/wp-json\/wp\/v2\/types\/post"}],"author":[{"embeddable":true,"href":"https:\/\/www.ocean4future.org\/savetheocean\/wp-json\/wp\/v2\/users\/2380"}],"replies":[{"embeddable":true,"href":"https:\/\/www.ocean4future.org\/savetheocean\/wp-json\/wp\/v2\/comments?post=33543"}],"version-history":[{"count":1,"href":"https:\/\/www.ocean4future.org\/savetheocean\/wp-json\/wp\/v2\/posts\/33543\/revisions"}],"predecessor-version":[{"id":126904,"href":"https:\/\/www.ocean4future.org\/savetheocean\/wp-json\/wp\/v2\/posts\/33543\/revisions\/126904"}],"wp:featuredmedia":[{"embeddable":true,"href":"https:\/\/www.ocean4future.org\/savetheocean\/wp-json\/wp\/v2\/media\/33560"}],"wp:attachment":[{"href":"https:\/\/www.ocean4future.org\/savetheocean\/wp-json\/wp\/v2\/media?parent=33543"}],"wp:term":[{"taxonomy":"category","embeddable":true,"href":"https:\/\/www.ocean4future.org\/savetheocean\/wp-json\/wp\/v2\/categories?post=33543"},{"taxonomy":"post_tag","embeddable":true,"href":"https:\/\/www.ocean4future.org\/savetheocean\/wp-json\/wp\/v2\/tags?post=33543"}],"curies":[{"name":"wp","href":"https:\/\/api.w.org\/{rel}","templated":true}]}}