{"id":3171,"date":"2019-09-30T00:10:15","date_gmt":"2019-09-30T00:10:15","guid":{"rendered":"http:\/\/www.ocean4future.org\/savetheocean\/?p=3171"},"modified":"2025-08-29T16:23:39","modified_gmt":"2025-08-29T14:23:39","slug":"arne-zetterstrom-il-palombaro-con-la-cravatta-di-fabio-vitale","status":"publish","type":"post","link":"https:\/\/www.ocean4future.org\/savetheocean\/archives\/3171","title":{"rendered":"Arne Zetterstrom, il palombaro con la cravatta"},"content":{"rendered":"<span class=\"span-reading-time rt-reading-time\" style=\"display: block;\"><span class=\"rt-label rt-prefix\">tempo di lettura: <\/span> <span class=\"rt-time\"> 4<\/span> <span class=\"rt-label rt-postfix\">minuti<\/span><\/span><p><span style=\"color: #ffffff;\">.<\/span><br \/><a class=\"maxbutton-4 maxbutton maxbutton-livello-di-comprensione\" href=\"javascript:void(0);\"><span class='mb-text'>livello elementare<\/span><\/a><br \/><span style=\"color: #ffffff;\">.<\/span><br \/><strong><span style=\"color: #008000;\">ARGOMENTO: STORIA DELLA SUBACQUEA<\/span><\/strong><br \/><strong><span style=\"color: #008000;\">PERIODO: XX SECOLO<\/span><\/strong><br \/><strong><span style=\"color: #008000;\">AREA: na<\/span><\/strong><br \/>parole chiave: Zetterstrom<\/p>\r\n<p>&nbsp;<\/p>\r\n<p style=\"text-align: justify;\">Nella storia di quel periodo (anni &#8217;30-&#8217;40 del XX secolo), che ho battezzato in un mio libro \u201c<strong><span style=\"color: #008000;\">L<\/span><span style=\"color: #008000;\">a conquista delle profondit\u00e0<\/span><\/strong>\u201d, compare un personaggio al quale sono molto legato: <strong><span style=\"color: #008000;\">Arne Zetterstr\u00f6m<\/span><\/strong>, &#8220;il palombaro con la cravatta\u201d. Si trattava di un giovane ricercatore svedese, l\u2019ingegnere Arne Zet\u00adterstr\u00f6m.\u00a0Era nato nel 1917 e prestava la sua opera all&#8217;interno della Marina Militare Svedese.\u00a0Le sue ricerche si inquadravano in quella corsa alle profondit\u00e0 che nel periodo tra le due guerre mondiali vide impegnata innanzitutto la Marina statunitense.\u00a0Fin dal 1919 venne ipotizzata la possibilit\u00e0 di utilizzare una miscela respiratoria sintetica per superare le difficolt\u00e0 che avevano i palombari che respiravano aria (azoto e ossigeno) oltre certe profondit\u00e0, normalmente cinquanta\/sessanta metri.<\/p>\r\n<p><img decoding=\"async\" src=\"https:\/\/www.ocean4future.org\/savetheocean\/wp-content\/uploads\/2023\/07\/STORIA-DELLA-SUBACQUEA-ArneZetterstrom300.jpg\" alt=\"Questa immagine ha l'attributo alt vuoto; il nome del file \u00e8 STORIA-DELLA-SUBACQUEA-ArneZetterstrom300.jpg\" width=\"634\" height=\"634\" \/><\/p>\r\n<p align=\"JUSTIFY\"><strong><span style=\"color: #008000;\">Una delle ultime immagini di Arne Zetterstr\u00f6m scattata poco prima della sua tragica immersione. Sotto il vestito da palombaro indossava camicia e cravatta, come se invece di apprestarsi a una pericolosissima immersione stesse per recarsi nel suo laboratorio.<\/span><\/strong> <a href=\"https:\/\/en.wikipedia.org\/wiki\/File:ArneZetterstrom300.jpg\">ArneZetterstrom300.jpg &#8211; Wikipedia<\/a><\/p>\r\n<p style=\"text-align: justify;\">I problemi erano legati all&#8217;azoto che, a causa dell\u2019alta pressione parziale, induceva fenomeni di perdita di lucidit\u00e0 e quindi di capacit\u00e0 operativa, con grandi rischi per l\u2019incolumit\u00e0 stessa dei palombari.\u00a0La miscela sintetica formata da elio, un gas pi\u00f9 leggero dell\u2019azoto, e ossigeno pareva risolvere questa problematica, portando i palombari a operare a profondit\u00e0 ritenute fino allora, impossibili.\u00a0All&#8217;epoca gli Stati Uniti avevano praticamente il monopolio della produzione di elio e questo li metteva in grado di primeggiare in questa corsa verso l\u2019immersione ad alta profondit\u00e0, di strategica importanza all&#8217;interno delle marine militari.\u00a0<\/p>\r\n<p style=\"text-align: justify;\">Le ricerche di Zetterstrom erano rivolte all&#8217;uso di una miscela di idrogeno e ossigeno (idrossido), teoricamente in grado di portare ancora pi\u00f9 in profondit\u00e0 i palombari.\u00a0Le sue sperimentazioni iniziarono nel 1943 e nel 1944 aveva gi\u00e0 raggiunto in immersione la profondit\u00e0 di 110 metri. Il suo lavoro era rivolto a dimostrare come si potesse utilizzare in sicurezza l\u2019idrossido per uso subacqueo, a patto di non superare nella miscela respirata la soglia del 4% di ossigeno, soglia al di l\u00e0 della quale si sarebbe potuto rendere potenzialmente esplosivo il composto.<\/p>\r\n<p><a href=\"https:\/\/www.ocean4future.org\/savetheocean\/wp-content\/uploads\/2015\/07\/FOTO-2.jpg\"><img decoding=\"async\" class=\"wp-image-3173\" src=\"https:\/\/www.ocean4future.org\/savetheocean\/wp-content\/uploads\/2015\/07\/FOTO-2-300x207.jpg\" alt=\"FOTO 2\" width=\"850\" height=\"587\" srcset=\"https:\/\/www.ocean4future.org\/savetheocean\/wp-content\/uploads\/2015\/07\/FOTO-2-300x207.jpg 300w, https:\/\/www.ocean4future.org\/savetheocean\/wp-content\/uploads\/2015\/07\/FOTO-2.jpg 800w\" sizes=\"(max-width: 850px) 100vw, 850px\" \/><\/a><\/p>\r\n<p align=\"JUSTIFY\"><strong><span style=\"color: #008000;\">La maschera che Zetterstr\u00f6m utilizzava all\u2019interno dell\u2019elmo per respirare la miscela &#8211; autore ingen uppgift &#8211; Fonte\u00a0<\/span><br \/><a class=\"external free\" href=\"http:\/\/dyk.net\/?q=art\/arne-zetterstr%C3%B6m-%E2%80%93-tekniskt-geni-tragisk-d%C3%B6d\" rel=\"nofollow\">http:\/\/dyk.net\/&#8230; <\/a><a href=\"https:\/\/commons.wikimedia.org\/wiki\/File:Arne_Zettersr%C3%B6m.JPG\">Arne Zettersr\u00f6m.JPG &#8211; Wikimedia Commons<\/a><br \/><\/strong><\/p>\r\n<p style=\"text-align: justify;\">Zetterstr\u00f6m concep\u00ec la sperimentazione dell\u2019idrogeno per molteplici fattori. Come diluente era pi\u00f9 leggero dell\u2019elio e dava meno problemi di raffreddamento del corpo umano. Inoltre, a differenza dell\u2019elio, era un gas largamente disponibile e poco costoso. Permanevano, invece, le problematiche dovute alla distorsione della voce di chi respirava questa miscela (causa la differente velocit\u00e0 di propagazione del suono) ma Zetterstr\u00f6m vi ovvi\u00f2 attraverso un sistema di comunicazione palombaro-superficie che sfruttava i segnali morse. La Marina Svedese era molto interessata alle ricerche di Zetterstr\u00f6m e per le sue sperimentazioni aveva messo a disposizione la nave appoggio Belos.\u00a0Da questa nave, il 7 agosto 1945 Zetterstr\u00f6m predispose l\u2019immersione del record.<\/p>\r\n<p><a href=\"https:\/\/www.ocean4future.org\/savetheocean\/wp-content\/uploads\/2015\/07\/FOTO-3.jpg\"><img decoding=\"async\" class=\"wp-image-3174\" src=\"https:\/\/www.ocean4future.org\/savetheocean\/wp-content\/uploads\/2015\/07\/FOTO-3-300x201.jpg\" alt=\"FOTO 3\" width=\"850\" height=\"569\" \/><\/a><\/p>\r\n<p align=\"JUSTIFY\"><strong><span style=\"color: #008000;\">Zetterstr\u00f6m viene calato con il basket per la sua ultima tragica immersione. Sull&#8217;elmo \u00e8 possibile notare una valvola di scarico di sua ideazione. Pochi minuti dopo sarebbe morto sul ponte della nave Belos<br \/><\/span><a href=\"https:\/\/copy.xray-mag.com\/content\/hydrogen-mix\">Hydrogen in the Mix | X-Ray Mag (xray-mag.com)<\/a><\/strong><\/p>\r\n<p style=\"text-align: justify;\">L\u2019intenzione era di arrivare almeno alla quota di 160 metri per polverizzare il precedente record dell\u2019americano Nohl effettuato respirando miscela elio-ossigeno. Zetterstr\u00f6m sfruttava un sistema di valvole per il passaggio, durante la discesa, a tre diverse miscele respiratorie. Fino a 30 metri respirava aria, dai 30 ai 40 metri una miscela nitrox (una miscela variabile di azoto e ossigeno) al 4% di ossigeno che serviva a lavare i polmoni. Dai 40 metri in gi\u00f9 una miscela composta sempre dal 4% di ossigeno, dal 72% di idrogeno e dal 24% di azoto.\u00a0L\u2019immersione procedette senza inconve\u00adnienti e Zetterstr\u00f6m raggiunse la quota di 164 metri senza problemi. Durante la risalita per arrivare alla quota di 50 metri dove avrebbe dovuto cominciare la decompressione accadde l\u2019irreparabile.<\/p>\r\n<p style=\"text-align: justify;\"><strong><span style=\"color: #008000;\">Zetterstrom<\/span><\/strong>, con il sistema morse, invi\u00f2 in superficie la richiesta di tirare su il basket (la piattaforma su cui il palombaro era stato calato in profondit\u00e0) intendendo che lo si rimettesse in orizzontale perch\u00e9 si stava inclinando da una parte. Per una terribile incomprensione i due marinai della Belos addetti all&#8217;argano del basket lo issarono velocemente in superficie. Cos\u00ec, appena issato sul ponte della nave, Arne Zetterstr\u00f6m mor\u00ec per una gravissima forma di embolia, aggravata da ipossia. Aveva solo 28 anni.<\/p>\r\n<p style=\"text-align: justify;\"><strong><span style=\"color: #008000;\">Sebbene dal\u00a01943 al 1944, furono effettuate sei immersioni utilizzanti la miscela studiata da Zetterstrom\u00a0(96% idrogeno\u00a0e 4% ossigeno), raggiungendo la\u00a0profondit\u00e0 di 164 metri,\u00a0l&#8217;idrogeno venne accantonato fino agli anni sessanta. Venne riproposto nel 1988 in alcune sperimentazioni dalla francese Comex (Hydra 8) che portarono alcuni operatori a lavorare fino ad una\u00a0 profondit\u00e0 massima di 534 metri con una miscela composta da Elio (50%), Idrogeno (49%)e Ossigeno (1%). La loro decompressione dur\u00f2 18 giorni.<\/span><\/strong><\/p>\r\n<p>&nbsp;<\/p>\r\n<p style=\"text-align: justify;\">Alcune delle immagini possono essere state prese dal web, citandone ove possibile gli autori e\/o le fonti. Se qualcuno desiderasse specificarne l\u2019autore o rimuoverle, pu\u00f2 scrivere a infoocean4future@gmail.com e provvederemo immediatamente alla correzione dell\u2019articolo<br \/><span style=\"color: #ffffff;\">,<\/span><\/p>\r\n<a class=\"maxbutton-3 maxbutton maxbutton-pagina-principale\" target=\"_blank\" title=\"tooltip\" rel=\"nofollow noopener\" href=\"http:\/\/www.ocean4future.org\"><span class='mb-text'>PAGINA PRINCIPALE<\/span><\/a>\r\n\r\n<p>&nbsp;<\/p>\r\n","protected":false},"excerpt":{"rendered":"<p><span class=\"span-reading-time rt-reading-time\" style=\"display: block;\"><span class=\"rt-label rt-prefix\">tempo di lettura: <\/span> <span class=\"rt-time\"> 4<\/span> <span class=\"rt-label rt-postfix\">minuti<\/span><\/span>. .ARGOMENTO: STORIA DELLA SUBACQUEAPERIODO: XX SECOLOAREA: naparole chiave: Zetterstrom &nbsp; Nella storia di quel periodo (anni &#8217;30-&#8217;40 del XX secolo), che ho battezzato in un mio libro \u201cLa conquista delle profondit\u00e0\u201d, compare un personaggio al quale sono molto legato: Arne Zetterstr\u00f6m, &#8220;il palombaro con la cravatta\u201d. Si trattava di un giovane ricercatore svedese, l\u2019ingegnere [&hellip;]<\/p>\n","protected":false},"author":78,"featured_media":3173,"comment_status":"open","ping_status":"open","sticky":false,"template":"","format":"standard","meta":{"_acf_changed":false,"_monsterinsights_skip_tracking":false,"_monsterinsights_sitenote_active":false,"_monsterinsights_sitenote_note":"","_monsterinsights_sitenote_category":0,"footnotes":""},"categories":[84],"tags":[200,197,199,198],"class_list":["post-3171","post","type-post","status-publish","format-standard","has-post-thumbnail","hentry","category-storia-della-subacquea-cultura-del-mare","tag-miscele-respiratorie","tag-storia-della-subacquea","tag-trimix","tag-zetterstrom"],"acf":[],"yoast_head":"<!-- This site is optimized with the Yoast SEO plugin v27.4 - https:\/\/yoast.com\/product\/yoast-seo-wordpress\/ -->\n<title>Arne Zetterstrom, il palombaro con la cravatta &#8226; OCEAN4FUTURE autore<\/title>\n<meta name=\"robots\" content=\"index, follow, max-snippet:-1, max-image-preview:large, max-video-preview:-1\" \/>\n<link rel=\"canonical\" href=\"https:\/\/www.ocean4future.org\/savetheocean\/archives\/3171\" \/>\n<meta property=\"og:locale\" content=\"it_IT\" \/>\n<meta property=\"og:type\" content=\"article\" \/>\n<meta property=\"og:title\" content=\"Arne Zetterstrom, il palombaro con la cravatta &#8226; OCEAN4FUTURE autore\" \/>\n<meta property=\"og:description\" content=\"tempo di lettura:  4 minuti. .ARGOMENTO: STORIA DELLA SUBACQUEAPERIODO: XX SECOLOAREA: naparole chiave: Zetterstrom &nbsp; Nella storia di quel periodo (anni &#8217;30-&#8217;40 del XX secolo), che ho battezzato in un mio libro \u201cLa conquista delle profondit\u00e0\u201d, compare un personaggio al quale sono molto legato: Arne Zetterstr\u00f6m, &#8220;il palombaro con la cravatta\u201d. Si trattava di un giovane ricercatore svedese, l\u2019ingegnere [&hellip;]\" \/>\n<meta property=\"og:url\" content=\"https:\/\/www.ocean4future.org\/savetheocean\/archives\/3171\" \/>\n<meta property=\"og:site_name\" content=\"OCEAN4FUTURE\" \/>\n<meta property=\"article:author\" content=\"https:\/\/www.facebook.com\/fabio.vitale.393\" \/>\n<meta property=\"article:published_time\" content=\"2019-09-30T00:10:15+00:00\" \/>\n<meta property=\"article:modified_time\" content=\"2025-08-29T14:23:39+00:00\" \/>\n<meta property=\"og:image\" content=\"https:\/\/www.ocean4future.org\/savetheocean\/wp-content\/uploads\/2015\/07\/FOTO-2.jpg\" \/>\n\t<meta property=\"og:image:width\" content=\"800\" \/>\n\t<meta property=\"og:image:height\" content=\"552\" \/>\n\t<meta property=\"og:image:type\" content=\"image\/jpeg\" \/>\n<meta name=\"author\" content=\"Fabio Vitale\" \/>\n<meta name=\"twitter:card\" content=\"summary_large_image\" \/>\n<meta name=\"twitter:creator\" content=\"@ocean4future\" \/>\n<meta name=\"twitter:site\" content=\"@ocean4future\" \/>\n<meta name=\"twitter:label1\" content=\"Scritto da\" \/>\n\t<meta name=\"twitter:data1\" content=\"Fabio Vitale\" \/>\n\t<meta name=\"twitter:label2\" content=\"Tempo di lettura stimato\" \/>\n\t<meta name=\"twitter:data2\" content=\"6 minuti\" \/>\n<script type=\"application\/ld+json\" class=\"yoast-schema-graph\">{\"@context\":\"https:\\\/\\\/schema.org\",\"@graph\":[{\"@type\":\"Article\",\"@id\":\"https:\\\/\\\/www.ocean4future.org\\\/savetheocean\\\/archives\\\/3171#article\",\"isPartOf\":{\"@id\":\"https:\\\/\\\/www.ocean4future.org\\\/savetheocean\\\/archives\\\/3171\"},\"author\":{\"name\":\"Fabio Vitale\",\"@id\":\"https:\\\/\\\/www.ocean4future.org\\\/savetheocean\\\/#\\\/schema\\\/person\\\/8a08efde313037c9f9b2a88bed8b962d\"},\"headline\":\"Arne Zetterstrom, il palombaro con la cravatta\",\"datePublished\":\"2019-09-30T00:10:15+00:00\",\"dateModified\":\"2025-08-29T14:23:39+00:00\",\"mainEntityOfPage\":{\"@id\":\"https:\\\/\\\/www.ocean4future.org\\\/savetheocean\\\/archives\\\/3171\"},\"wordCount\":886,\"commentCount\":0,\"publisher\":{\"@id\":\"https:\\\/\\\/www.ocean4future.org\\\/savetheocean\\\/#\\\/schema\\\/person\\\/4e1c26437054353074d7bb2efa77162c\"},\"image\":{\"@id\":\"https:\\\/\\\/www.ocean4future.org\\\/savetheocean\\\/archives\\\/3171#primaryimage\"},\"thumbnailUrl\":\"https:\\\/\\\/www.ocean4future.org\\\/savetheocean\\\/wp-content\\\/uploads\\\/2015\\\/07\\\/FOTO-2.jpg\",\"keywords\":[\"miscele respiratorie\",\"storia della subacquea\",\"trimix\",\"Zetterstrom\"],\"articleSection\":[\"Storia della subacquea\"],\"inLanguage\":\"it-IT\",\"potentialAction\":[{\"@type\":\"CommentAction\",\"name\":\"Comment\",\"target\":[\"https:\\\/\\\/www.ocean4future.org\\\/savetheocean\\\/archives\\\/3171#respond\"]}]},{\"@type\":\"WebPage\",\"@id\":\"https:\\\/\\\/www.ocean4future.org\\\/savetheocean\\\/archives\\\/3171\",\"url\":\"https:\\\/\\\/www.ocean4future.org\\\/savetheocean\\\/archives\\\/3171\",\"name\":\"Arne Zetterstrom, il palombaro con la cravatta &#8226; OCEAN4FUTURE autore\",\"isPartOf\":{\"@id\":\"https:\\\/\\\/www.ocean4future.org\\\/savetheocean\\\/#website\"},\"primaryImageOfPage\":{\"@id\":\"https:\\\/\\\/www.ocean4future.org\\\/savetheocean\\\/archives\\\/3171#primaryimage\"},\"image\":{\"@id\":\"https:\\\/\\\/www.ocean4future.org\\\/savetheocean\\\/archives\\\/3171#primaryimage\"},\"thumbnailUrl\":\"https:\\\/\\\/www.ocean4future.org\\\/savetheocean\\\/wp-content\\\/uploads\\\/2015\\\/07\\\/FOTO-2.jpg\",\"datePublished\":\"2019-09-30T00:10:15+00:00\",\"dateModified\":\"2025-08-29T14:23:39+00:00\",\"breadcrumb\":{\"@id\":\"https:\\\/\\\/www.ocean4future.org\\\/savetheocean\\\/archives\\\/3171#breadcrumb\"},\"inLanguage\":\"it-IT\",\"potentialAction\":[{\"@type\":\"ReadAction\",\"target\":[\"https:\\\/\\\/www.ocean4future.org\\\/savetheocean\\\/archives\\\/3171\"]}]},{\"@type\":\"ImageObject\",\"inLanguage\":\"it-IT\",\"@id\":\"https:\\\/\\\/www.ocean4future.org\\\/savetheocean\\\/archives\\\/3171#primaryimage\",\"url\":\"https:\\\/\\\/www.ocean4future.org\\\/savetheocean\\\/wp-content\\\/uploads\\\/2015\\\/07\\\/FOTO-2.jpg\",\"contentUrl\":\"https:\\\/\\\/www.ocean4future.org\\\/savetheocean\\\/wp-content\\\/uploads\\\/2015\\\/07\\\/FOTO-2.jpg\",\"width\":800,\"height\":552},{\"@type\":\"BreadcrumbList\",\"@id\":\"https:\\\/\\\/www.ocean4future.org\\\/savetheocean\\\/archives\\\/3171#breadcrumb\",\"itemListElement\":[{\"@type\":\"ListItem\",\"position\":1,\"name\":\"Home\",\"item\":\"https:\\\/\\\/www.ocean4future.org\\\/savetheocean\"},{\"@type\":\"ListItem\",\"position\":2,\"name\":\"Arne Zetterstrom, il palombaro con la cravatta\"}]},{\"@type\":\"WebSite\",\"@id\":\"https:\\\/\\\/www.ocean4future.org\\\/savetheocean\\\/#website\",\"url\":\"https:\\\/\\\/www.ocean4future.org\\\/savetheocean\\\/\",\"name\":\"Ocean 4 Future\",\"description\":\"Per una nuova cultura del mare e della marittimit\u00e0\",\"publisher\":{\"@id\":\"https:\\\/\\\/www.ocean4future.org\\\/savetheocean\\\/#\\\/schema\\\/person\\\/4e1c26437054353074d7bb2efa77162c\"},\"potentialAction\":[{\"@type\":\"SearchAction\",\"target\":{\"@type\":\"EntryPoint\",\"urlTemplate\":\"https:\\\/\\\/www.ocean4future.org\\\/savetheocean\\\/?s={search_term_string}\"},\"query-input\":{\"@type\":\"PropertyValueSpecification\",\"valueRequired\":true,\"valueName\":\"search_term_string\"}}],\"inLanguage\":\"it-IT\"},{\"@type\":[\"Person\",\"Organization\"],\"@id\":\"https:\\\/\\\/www.ocean4future.org\\\/savetheocean\\\/#\\\/schema\\\/person\\\/4e1c26437054353074d7bb2efa77162c\",\"name\":\"oceandiver\",\"image\":{\"@type\":\"ImageObject\",\"inLanguage\":\"it-IT\",\"@id\":\"https:\\\/\\\/www.ocean4future.org\\\/savetheocean\\\/wp-content\\\/uploads\\\/2023\\\/04\\\/logo-ocean3.jpg\",\"url\":\"https:\\\/\\\/www.ocean4future.org\\\/savetheocean\\\/wp-content\\\/uploads\\\/2023\\\/04\\\/logo-ocean3.jpg\",\"contentUrl\":\"https:\\\/\\\/www.ocean4future.org\\\/savetheocean\\\/wp-content\\\/uploads\\\/2023\\\/04\\\/logo-ocean3.jpg\",\"width\":472,\"height\":301,\"caption\":\"oceandiver\"},\"logo\":{\"@id\":\"https:\\\/\\\/www.ocean4future.org\\\/savetheocean\\\/wp-content\\\/uploads\\\/2023\\\/04\\\/logo-ocean3.jpg\"}},{\"@type\":\"Person\",\"@id\":\"https:\\\/\\\/www.ocean4future.org\\\/savetheocean\\\/#\\\/schema\\\/person\\\/8a08efde313037c9f9b2a88bed8b962d\",\"name\":\"Fabio Vitale\",\"image\":{\"@type\":\"ImageObject\",\"inLanguage\":\"it-IT\",\"@id\":\"https:\\\/\\\/secure.gravatar.com\\\/avatar\\\/ea35a1a8cb56af7feb72ab8d2f6882af56a1eb7c63d7ab9227275f6d69654f71?s=96&d=mm&r=g\",\"url\":\"https:\\\/\\\/secure.gravatar.com\\\/avatar\\\/ea35a1a8cb56af7feb72ab8d2f6882af56a1eb7c63d7ab9227275f6d69654f71?s=96&d=mm&r=g\",\"contentUrl\":\"https:\\\/\\\/secure.gravatar.com\\\/avatar\\\/ea35a1a8cb56af7feb72ab8d2f6882af56a1eb7c63d7ab9227275f6d69654f71?s=96&d=mm&r=g\",\"caption\":\"Fabio Vitale\"},\"description\":\"storico della subacquea tra i pi\u00f9 importanti in Italia. Ha partecipato come esperto a numerose trasmissioni televisive tra cui lo speciale sui palombari di Alberto Angeli. E' Presidente della Historical diving society e autore di numerosi libri sulla subacquea e sui suoi protagonisti\",\"sameAs\":[\"https:\\\/\\\/www.facebook.com\\\/fabio.vitale.393\"],\"url\":\"https:\\\/\\\/www.ocean4future.org\\\/savetheocean\\\/archives\\\/author\\\/proteo1962\"}]}<\/script>\n<!-- \/ Yoast SEO plugin. -->","yoast_head_json":{"title":"Arne Zetterstrom, il palombaro con la cravatta &#8226; OCEAN4FUTURE autore","robots":{"index":"index","follow":"follow","max-snippet":"max-snippet:-1","max-image-preview":"max-image-preview:large","max-video-preview":"max-video-preview:-1"},"canonical":"https:\/\/www.ocean4future.org\/savetheocean\/archives\/3171","og_locale":"it_IT","og_type":"article","og_title":"Arne Zetterstrom, il palombaro con la cravatta &#8226; OCEAN4FUTURE autore","og_description":"tempo di lettura:  4 minuti. .ARGOMENTO: STORIA DELLA SUBACQUEAPERIODO: XX SECOLOAREA: naparole chiave: Zetterstrom &nbsp; Nella storia di quel periodo (anni &#8217;30-&#8217;40 del XX secolo), che ho battezzato in un mio libro \u201cLa conquista delle profondit\u00e0\u201d, compare un personaggio al quale sono molto legato: Arne Zetterstr\u00f6m, &#8220;il palombaro con la cravatta\u201d. Si trattava di un giovane ricercatore svedese, l\u2019ingegnere [&hellip;]","og_url":"https:\/\/www.ocean4future.org\/savetheocean\/archives\/3171","og_site_name":"OCEAN4FUTURE","article_author":"https:\/\/www.facebook.com\/fabio.vitale.393","article_published_time":"2019-09-30T00:10:15+00:00","article_modified_time":"2025-08-29T14:23:39+00:00","og_image":[{"width":800,"height":552,"url":"https:\/\/www.ocean4future.org\/savetheocean\/wp-content\/uploads\/2015\/07\/FOTO-2.jpg","type":"image\/jpeg"}],"author":"Fabio Vitale","twitter_card":"summary_large_image","twitter_creator":"@ocean4future","twitter_site":"@ocean4future","twitter_misc":{"Scritto da":"Fabio Vitale","Tempo di lettura stimato":"6 minuti"},"schema":{"@context":"https:\/\/schema.org","@graph":[{"@type":"Article","@id":"https:\/\/www.ocean4future.org\/savetheocean\/archives\/3171#article","isPartOf":{"@id":"https:\/\/www.ocean4future.org\/savetheocean\/archives\/3171"},"author":{"name":"Fabio Vitale","@id":"https:\/\/www.ocean4future.org\/savetheocean\/#\/schema\/person\/8a08efde313037c9f9b2a88bed8b962d"},"headline":"Arne Zetterstrom, il palombaro con la cravatta","datePublished":"2019-09-30T00:10:15+00:00","dateModified":"2025-08-29T14:23:39+00:00","mainEntityOfPage":{"@id":"https:\/\/www.ocean4future.org\/savetheocean\/archives\/3171"},"wordCount":886,"commentCount":0,"publisher":{"@id":"https:\/\/www.ocean4future.org\/savetheocean\/#\/schema\/person\/4e1c26437054353074d7bb2efa77162c"},"image":{"@id":"https:\/\/www.ocean4future.org\/savetheocean\/archives\/3171#primaryimage"},"thumbnailUrl":"https:\/\/www.ocean4future.org\/savetheocean\/wp-content\/uploads\/2015\/07\/FOTO-2.jpg","keywords":["miscele respiratorie","storia della subacquea","trimix","Zetterstrom"],"articleSection":["Storia della subacquea"],"inLanguage":"it-IT","potentialAction":[{"@type":"CommentAction","name":"Comment","target":["https:\/\/www.ocean4future.org\/savetheocean\/archives\/3171#respond"]}]},{"@type":"WebPage","@id":"https:\/\/www.ocean4future.org\/savetheocean\/archives\/3171","url":"https:\/\/www.ocean4future.org\/savetheocean\/archives\/3171","name":"Arne Zetterstrom, il palombaro con la cravatta &#8226; OCEAN4FUTURE autore","isPartOf":{"@id":"https:\/\/www.ocean4future.org\/savetheocean\/#website"},"primaryImageOfPage":{"@id":"https:\/\/www.ocean4future.org\/savetheocean\/archives\/3171#primaryimage"},"image":{"@id":"https:\/\/www.ocean4future.org\/savetheocean\/archives\/3171#primaryimage"},"thumbnailUrl":"https:\/\/www.ocean4future.org\/savetheocean\/wp-content\/uploads\/2015\/07\/FOTO-2.jpg","datePublished":"2019-09-30T00:10:15+00:00","dateModified":"2025-08-29T14:23:39+00:00","breadcrumb":{"@id":"https:\/\/www.ocean4future.org\/savetheocean\/archives\/3171#breadcrumb"},"inLanguage":"it-IT","potentialAction":[{"@type":"ReadAction","target":["https:\/\/www.ocean4future.org\/savetheocean\/archives\/3171"]}]},{"@type":"ImageObject","inLanguage":"it-IT","@id":"https:\/\/www.ocean4future.org\/savetheocean\/archives\/3171#primaryimage","url":"https:\/\/www.ocean4future.org\/savetheocean\/wp-content\/uploads\/2015\/07\/FOTO-2.jpg","contentUrl":"https:\/\/www.ocean4future.org\/savetheocean\/wp-content\/uploads\/2015\/07\/FOTO-2.jpg","width":800,"height":552},{"@type":"BreadcrumbList","@id":"https:\/\/www.ocean4future.org\/savetheocean\/archives\/3171#breadcrumb","itemListElement":[{"@type":"ListItem","position":1,"name":"Home","item":"https:\/\/www.ocean4future.org\/savetheocean"},{"@type":"ListItem","position":2,"name":"Arne Zetterstrom, il palombaro con la cravatta"}]},{"@type":"WebSite","@id":"https:\/\/www.ocean4future.org\/savetheocean\/#website","url":"https:\/\/www.ocean4future.org\/savetheocean\/","name":"Ocean 4 Future","description":"Per una nuova cultura del mare e della marittimit\u00e0","publisher":{"@id":"https:\/\/www.ocean4future.org\/savetheocean\/#\/schema\/person\/4e1c26437054353074d7bb2efa77162c"},"potentialAction":[{"@type":"SearchAction","target":{"@type":"EntryPoint","urlTemplate":"https:\/\/www.ocean4future.org\/savetheocean\/?s={search_term_string}"},"query-input":{"@type":"PropertyValueSpecification","valueRequired":true,"valueName":"search_term_string"}}],"inLanguage":"it-IT"},{"@type":["Person","Organization"],"@id":"https:\/\/www.ocean4future.org\/savetheocean\/#\/schema\/person\/4e1c26437054353074d7bb2efa77162c","name":"oceandiver","image":{"@type":"ImageObject","inLanguage":"it-IT","@id":"https:\/\/www.ocean4future.org\/savetheocean\/wp-content\/uploads\/2023\/04\/logo-ocean3.jpg","url":"https:\/\/www.ocean4future.org\/savetheocean\/wp-content\/uploads\/2023\/04\/logo-ocean3.jpg","contentUrl":"https:\/\/www.ocean4future.org\/savetheocean\/wp-content\/uploads\/2023\/04\/logo-ocean3.jpg","width":472,"height":301,"caption":"oceandiver"},"logo":{"@id":"https:\/\/www.ocean4future.org\/savetheocean\/wp-content\/uploads\/2023\/04\/logo-ocean3.jpg"}},{"@type":"Person","@id":"https:\/\/www.ocean4future.org\/savetheocean\/#\/schema\/person\/8a08efde313037c9f9b2a88bed8b962d","name":"Fabio Vitale","image":{"@type":"ImageObject","inLanguage":"it-IT","@id":"https:\/\/secure.gravatar.com\/avatar\/ea35a1a8cb56af7feb72ab8d2f6882af56a1eb7c63d7ab9227275f6d69654f71?s=96&d=mm&r=g","url":"https:\/\/secure.gravatar.com\/avatar\/ea35a1a8cb56af7feb72ab8d2f6882af56a1eb7c63d7ab9227275f6d69654f71?s=96&d=mm&r=g","contentUrl":"https:\/\/secure.gravatar.com\/avatar\/ea35a1a8cb56af7feb72ab8d2f6882af56a1eb7c63d7ab9227275f6d69654f71?s=96&d=mm&r=g","caption":"Fabio Vitale"},"description":"storico della subacquea tra i pi\u00f9 importanti in Italia. Ha partecipato come esperto a numerose trasmissioni televisive tra cui lo speciale sui palombari di Alberto Angeli. E' Presidente della Historical diving society e autore di numerosi libri sulla subacquea e sui suoi protagonisti","sameAs":["https:\/\/www.facebook.com\/fabio.vitale.393"],"url":"https:\/\/www.ocean4future.org\/savetheocean\/archives\/author\/proteo1962"}]}},"_links":{"self":[{"href":"https:\/\/www.ocean4future.org\/savetheocean\/wp-json\/wp\/v2\/posts\/3171","targetHints":{"allow":["GET"]}}],"collection":[{"href":"https:\/\/www.ocean4future.org\/savetheocean\/wp-json\/wp\/v2\/posts"}],"about":[{"href":"https:\/\/www.ocean4future.org\/savetheocean\/wp-json\/wp\/v2\/types\/post"}],"author":[{"embeddable":true,"href":"https:\/\/www.ocean4future.org\/savetheocean\/wp-json\/wp\/v2\/users\/78"}],"replies":[{"embeddable":true,"href":"https:\/\/www.ocean4future.org\/savetheocean\/wp-json\/wp\/v2\/comments?post=3171"}],"version-history":[{"count":0,"href":"https:\/\/www.ocean4future.org\/savetheocean\/wp-json\/wp\/v2\/posts\/3171\/revisions"}],"wp:featuredmedia":[{"embeddable":true,"href":"https:\/\/www.ocean4future.org\/savetheocean\/wp-json\/wp\/v2\/media\/3173"}],"wp:attachment":[{"href":"https:\/\/www.ocean4future.org\/savetheocean\/wp-json\/wp\/v2\/media?parent=3171"}],"wp:term":[{"taxonomy":"category","embeddable":true,"href":"https:\/\/www.ocean4future.org\/savetheocean\/wp-json\/wp\/v2\/categories?post=3171"},{"taxonomy":"post_tag","embeddable":true,"href":"https:\/\/www.ocean4future.org\/savetheocean\/wp-json\/wp\/v2\/tags?post=3171"}],"curies":[{"name":"wp","href":"https:\/\/api.w.org\/{rel}","templated":true}]}}