{"id":2825,"date":"2020-08-01T00:10:10","date_gmt":"2020-08-01T00:10:10","guid":{"rendered":"http:\/\/www.ocean4future.org\/savetheocean\/?p=2825"},"modified":"2025-11-11T13:34:03","modified_gmt":"2025-11-11T12:34:03","slug":"il-comandante-angelo-maria-belloni-di-fabio-vitale","status":"publish","type":"post","link":"https:\/\/www.ocean4future.org\/savetheocean\/archives\/2825","title":{"rendered":"Il Comandante Angelo Maria Belloni"},"content":{"rendered":"<span class=\"span-reading-time rt-reading-time\" style=\"display: block;\"><span class=\"rt-label rt-prefix\">tempo di lettura: <\/span> <span class=\"rt-time\"> 7<\/span> <span class=\"rt-label rt-postfix\">minuti<\/span><\/span><p><span style=\"color: #ffffff;\">.<\/span><br \/>\n<a class=\"maxbutton-4 maxbutton maxbutton-livello-di-comprensione\" href=\"javascript:void(0);\"><span class='mb-text'>livello elementare<\/span><\/a><br \/>\n<span style=\"color: #ffffff;\">.<\/span><br \/>\n<strong><span style=\"color: #008000;\"><span lang=\"EN-US\">ARGOMENTO: STORIA DELLA SUBACQUEA<\/span><span lang=\"EN-US\"><br \/>\nPERIODO: XIX &#8211; XX\u00a0 SECOLO<br \/>\n<\/span><span lang=\"EN-US\">AREA: OCEANO PACIFICO<\/span><\/span><\/strong><b><span lang=\"EN-US\"><br \/>\n<\/span><\/b><span lang=\"EN-US\">parole chiave: Angelo Belloni<\/span><b><\/b><\/p>\n<p>&nbsp;<\/p>\n<p style=\"text-align: justify;\">Non \u00e8 possibile parlare dello sviluppo delle attrezzature per sommozzatori senza rievocare il <strong><span style=\"color: #008000;\">Comandante Angelo Belloni<\/span><\/strong>, storica figura all&#8217;interno dei reparti subacquei.<\/p>\n<p><a href=\"https:\/\/www.ocean4future.org\/savetheocean\/wp-content\/uploads\/2015\/06\/FOTO-1.jpg\"><img decoding=\"async\" class=\"wp-image-2826\" src=\"https:\/\/www.ocean4future.org\/savetheocean\/wp-content\/uploads\/2015\/06\/FOTO-1-239x300.jpg\" alt=\"FOTO 1\" width=\"630\" height=\"791\" \/><\/a><\/p>\n<p align=\"justify\"><span style=\"color: #008000;\"><strong>Ritratto del Comandante Angelo Belloni (da \u201cCinquant\u2019anni di Mare\u201d di Achille Rastelli, Mursia, 2008).<\/strong><\/span><\/p>\n<p style=\"text-align: justify;\"><strong><span style=\"color: #008000;\">Angelo Belloni<\/span><\/strong> nasce a Pavia il 4 marzo 1882 da padre milanese e madre genovese e tenta di entrare alla <strong><span style=\"color: #008000;\">Regia Accademia di Livorno,<\/span> <\/strong>inseguendo una fatale attrazione per il mare, ma viene scartato per insufficienza toracica. Decide quindi di iscriversi ad un club di canottieri con la speranza di riuscire a colmare questa lacuna fisica. Testardo pi\u00f9 di un mulo si impegna in continui allenamenti finch\u00e9 l\u2019anno successivo (siamo nel 1900) decide di ripresentarsi. La sua circonferenza toracica \u00e8 decisamente aumentata e viene quindi ammesso. La sua carriera si interrompe nel 1911 quando, a causa di una grave forma di otite che lo render\u00e0 quasi sordo, viene posto in congedo.\u00a0Gi\u00e0 in questi primi anni aveva dato prova di una certa genialit\u00e0, interessandosi a vario titolo a tutto quanto di diverso e innovativo si potesse pensare nell&#8217;ambito di metodologie di lavoro subacqueo e di armamenti.<\/p>\n<p style=\"text-align: justify;\"><strong><span style=\"color: #008000;\">E\u2019 di questo periodo una sua avventura che ha dell\u2019incredibile e che merita di essere brevemente ricordata.<\/span><\/strong><\/p>\n<p><a href=\"https:\/\/www.ocean4future.org\/savetheocean\/wp-content\/uploads\/2015\/06\/FOTO-2.jpg\"><img decoding=\"async\" class=\"wp-image-2827\" src=\"https:\/\/www.ocean4future.org\/savetheocean\/wp-content\/uploads\/2015\/06\/FOTO-2-300x217.jpg\" alt=\"FOTO 2\" width=\"640\" height=\"463\" srcset=\"https:\/\/www.ocean4future.org\/savetheocean\/wp-content\/uploads\/2015\/06\/FOTO-2-300x217.jpg 300w, https:\/\/www.ocean4future.org\/savetheocean\/wp-content\/uploads\/2015\/06\/FOTO-2-1024x740.jpg 1024w, https:\/\/www.ocean4future.org\/savetheocean\/wp-content\/uploads\/2015\/06\/FOTO-2.jpg 1340w\" sizes=\"(max-width: 640px) 100vw, 640px\" \/><\/a><\/p>\n<p align=\"justify\"><span style=\"color: #008000;\"><strong>Belloni, con la retina in testa, all\u2019interno di un sommergibile dove si stava collaudando la \u201cVasca Belloni\u201d per la fuoriuscita. La Fiat San Giorgio lo assunse con il compito di collaudare e consegnare i sommergibili che venivano costruiti nel cantiere del Muggiano di La Spezia<br \/>\n<a href=\"http:\/\/www.divinghelmetitaly.com\/\">Diving Helmet Italy &#8211; Il sito italiano delle antiche attrezzature da palombaro &#8211; Home<\/a><\/strong><\/span><\/p>\n<p style=\"text-align: justify;\">Nella notte tra il 3 e 4 ottobre del 1914, Angelo Belloni esce da La Spezia per le consuete manovre di collaudo di un sommergibile ma decide bene di dirigersi ad Ajaccio in Corsica (all&#8217;insaputa dell\u2019equipaggio) dove vorrebbe chiedere alla Russia l\u2019uso della bandiera e alla Francia un rifornimento di siluri per poi poter fare rotta per l\u2019Adriatico ed attaccare le unit\u00e0 austro-ungariche, determinando cos\u00ec l\u2019entrata in guerra dell\u2019Italia. Belloni arriv\u00f2 ad Ajaccio ma non ottenne alcun sostegno da parte di Francia e Russia. Decise quindi di ripartire alla volta di Malta ma dovette fare ritorno ad Ajaccio per le resistenze dell\u2019ingegner Rocchi del cantiere S. Giorgio, incolpevole complice, che si trovava a bordo del sommergibile per coadiuvarne il collaudo.<\/p>\n<p style=\"text-align: justify;\">Qui venne bloccato dai francesi che avevano avuto al riguardo precise istruzioni dai comandi italiani. Il sommergibile fu rimorchiato a La Spezia e Belloni, che aveva nel frattempo avuto assicurazioni sul fatto che non sarebbe stato arrestato, fu processato a piede libero ma subito assolto dalle accuse pi\u00f9 gravi; complice il sentimento interventista che pervadeva la maggior parte della societ\u00e0 italiana. Venne richiamato in servizio non appena l\u2019Italia entr\u00f2 in guerra e prese il comando del sommergibile Argo.<\/p>\n<p style=\"text-align: justify;\"><span style=\"font-size: 18pt;\"><strong><span style=\"color: #008000;\">L&#8217;ideazione dei marciatori sul fondo<br \/>\n<\/span><\/strong><\/span>Fu in quegli anni che rispolver\u00f2 l&#8217;idea di offesa insidiosa da portare nei porti nemici, studiando un sistema (all&#8217;epoca mai portato a compimento) per trasportare a bordo dei sommergibili, dei palombari assaltatori a ridosso dei porti austro ungarici.<\/p>\n<p><a href=\"https:\/\/www.ocean4future.org\/savetheocean\/wp-content\/uploads\/2015\/06\/FOTO-3.jpg\"><img decoding=\"async\" class=\"wp-image-2828\" src=\"https:\/\/www.ocean4future.org\/savetheocean\/wp-content\/uploads\/2015\/06\/FOTO-3-195x300.jpg\" alt=\"FOTO 3\" width=\"628\" height=\"966\" \/><\/a><\/p>\n<p align=\"justify\"><span style=\"color: #008000;\"><strong>Il \u201cmarciatore sul fondo\u201d era un sommozzatore con ARO a grande autonomia, vestito Belloni, scarpe zavorrate con puntale dentato in bronzo e cappuccio sempre Belloni. Sulla schiena portava una carica esplosiva costituita da una \u201cbomba torpedine da getto\u201d del peso di 50 Kg e munita di spoletta a orologeria. L\u2019idea si dimostr\u00f2 irrealizzabile perch\u00e9 era in pratica impossibile riuscire a marciare sul fondale per distanze cos\u00ec lunghe e mantenere una condizione accettabile di efficienza per l\u2019operatore (Archivio Ufficio Storico Marina Militare)<\/strong><\/span><\/p>\n<p style=\"text-align: justify;\">Fuoriusciti dal battello immerso, dopo aver aperto dei varchi nelle ostruzioni, questi strani palombari avrebbero dovuto trasportare delle cariche esplosive da sistemare sotto le carene nemiche. Fu l&#8217;idea di questo nuovo concetto di impiego offensivo dei palombari che Angelo Belloni si porter\u00e0 dietro per molti anni, riproponendo alle soglie della Seconda Guerra Mondiale l\u2019idea del <strong><span style=\"color: #008000;\">sommozzatore marciatore sul fondo<\/span><\/strong>.<\/p>\n<p><a style=\"color: #008000;\" href=\"https:\/\/www.ocean4future.org\/savetheocean\/wp-content\/uploads\/2015\/06\/FOTO-4.jpg\"><img decoding=\"async\" class=\"wp-image-2829\" src=\"https:\/\/www.ocean4future.org\/savetheocean\/wp-content\/uploads\/2015\/06\/FOTO-4-193x300.jpg\" alt=\"FOTO 4\" width=\"640\" height=\"994\" \/><\/a><\/p>\n<p align=\"justify\"><span style=\"color: #008000;\"><strong>Negli intenti di Belloni, il \u201cmarciatore sul fondo\u201d sarebbe stato portato in prossimit\u00e0 dell\u2019obiettivo da un sommergibile e, una volta fuoriuscito e indossata la carica, avrebbe marciato sul fondo per 2 o 3 miglia. (Archivio Storico Marina Militare). Questo tipo si allenamento veniva svolto anche nei primi anno del dopoguerra\u00a0 per gli operatori gamma<\/strong><\/span><\/p>\n<p style=\"text-align: justify;\">Alla fine della Prima Guerra Mondiale fu di nuovo posto in congedo ma, pur dedicandosi allo sviluppo di attrezzature subacquee con una societ\u00e0 di sua propriet\u00e0, non usc\u00ec mai completamente dall&#8217;orbita della Regia Marina. Sui documentari dell&#8217;epoca vengono mostrate le prime sperimentazioni come questa, avvenuta a Genova.<\/p>\n<p style=\"text-align: justify;\">Nel video, quattro uomini e due donne estraggono dalle apposite valigette gli apparecchi di salvataggio Belloni e li indossano sul ponte del <strong><span style=\"color: #008000;\">piroscafo Leonardo da Vinci<\/span><\/strong> ancorato nel porto di Genova. Come si osserva nelle immagini si trattava di una tuta impermeabile sormontata da un cappuccio di gomma con il quale era possibile respirare in caso di fuoriuscita di emergenza dal\u00a0sommergibile.<\/p>\n<p style=\"text-align: justify;\"><div class=\"lyte-wrapper fourthree\" style=\"width:420px;max-width:100%;margin:5px;\"><div class=\"lyMe\" id=\"WYL_xFI-UM3XMZQ\"><div id=\"lyte_xFI-UM3XMZQ\" data-src=\"\/\/i.ytimg.com\/vi\/xFI-UM3XMZQ\/hqdefault.jpg\" class=\"pL\"><div class=\"tC\"><div class=\"tT\"><\/div><\/div><div class=\"play\"><\/div><div class=\"ctrl\"><div class=\"Lctrl\"><\/div><div class=\"Rctrl\"><\/div><\/div><\/div><noscript><a href=\"https:\/\/youtu.be\/xFI-UM3XMZQ\" rel=\"nofollow\"><img decoding=\"async\" src=\"https:\/\/i.ytimg.com\/vi\/xFI-UM3XMZQ\/0.jpg\" alt=\"YouTube video thumbnail\" width=\"420\" height=\"295\" \/><br \/>Guarda questo video su YouTube<\/a><\/noscript><\/div><\/div><div class=\"lL\" style=\"max-width:100%;width:420px;margin:5px;\"><\/div><\/p>\n<p style=\"text-align: justify;\"><span style=\"font-size: 18pt;\"><strong><span style=\"color: #008000;\">Gli anni della II guerra mondiale<\/span><\/strong><\/span><br \/>\nDurante la Seconda Guerra Mondiale, il geniale Belloni venne richiamato entrando nel team della Decima Flottiglia MAS, prima in qualit\u00e0 di consulente tecnico e dopo di direttore della scuola sommozzatori di San Leopoldo a Livorno.\u00a0Qui il <strong><span style=\"color: #008000;\">Comandante Wolk<\/span><\/strong>, successore alla guida della scuola e <strong><span style=\"color: #008000;\">ideatore della specialit\u00e0 degli uomini Gamma<\/span><\/strong>, lo trov\u00f2 infervorato nel perseguire l\u2019uso dei \u201cfanti di mare\u201d, trasformati in marciatori sul fondo, specialit\u00e0 che non poteva avere sbocchi vista l\u2019impossibilit\u00e0 di camminare sul fondo marino per due o tre miglia con una carica di tritolo da 50 kg sulle spalle. Questa particolare specialit\u00e0, utilizzata dagli operatori subacquei della X<sup>a<\/sup> Flottiglia Mas, traeva le sue origini dagli esperimenti condotti presso il I\u00b0 Gruppo Sommergibili di La Spezia del 1935 per la fuoriuscita dai sommergibili di palombari, muniti di autorespiratori. Erano i\u00a0<strong><span style=\"color: #008000;\"><em>marciatori sul fondo<\/em><\/span><\/strong>\u00a0che letteralmente trasportavano sulle spalle una carica\u00a0da applicare alla carena di unit\u00e0 nemiche alla fonda.<\/p>\n<p><a href=\"https:\/\/www.ocean4future.org\/savetheocean\/wp-content\/uploads\/2015\/06\/FOTO-5.jpg\"><img decoding=\"async\" class=\"wp-image-2830\" src=\"https:\/\/www.ocean4future.org\/savetheocean\/wp-content\/uploads\/2015\/06\/FOTO-5-204x300.jpg\" alt=\"FOTO 5\" width=\"630\" height=\"926\" \/><\/a><\/p>\n<p align=\"justify\"><span style=\"color: #008000;\"><strong>foto \u201cPro Familia\u201d, 17 settembre 1933<\/strong><\/span><\/p>\n<p style=\"text-align: justify;\">Tra le tante realizzazioni dovute allo straordinario ingegno di <strong><span style=\"color: #008000;\">Angelo Belloni<\/span> <\/strong>alcune rimasero allo stadio sperimentale mentre altre furono considerate particolarmente efficaci e prontamente adottate dalla Regia Marina. A lato un avveniristico scafandro con elmo trasparente che fu progettato da Angelo Belloni negli anni trenta. Pensiamo poi alla <strong><span style=\"color: #008000;\">vasca Belloni<\/span><\/strong> per la fuoriuscita dai sommergibili in avaria o al vestito impermeabile per gli operatori dei barchini esplosivi e a quello per gli operatori subacquei, in seguito chiamato <strong><span style=\"color: #008000;\">vestito Belloni<\/span><\/strong>. Si indossava sopra le lane e le tute da lavoro ed era in gomma abbastanza spessa. In quel periodo fu a lungo collaboratore del settore subacqueo della ditta <strong><span style=\"color: #008000;\">I.A.C. di Tivoli<\/span><\/strong> con la quale costru\u00ec e perfezion\u00f2 gli <strong><span style=\"color: #008000;\">autorespiratori ad ossigeno modello 49 e 49\/bis<\/span><\/strong> che vennero usati in seguito dagli operatori degli S.L.C. (Maiali) e dagli uomini Gamma.<\/p>\n<p><a href=\"https:\/\/www.ocean4future.org\/savetheocean\/wp-content\/uploads\/2015\/06\/FOTO-6.jpg\"><img decoding=\"async\" class=\"wp-image-2831\" src=\"https:\/\/www.ocean4future.org\/savetheocean\/wp-content\/uploads\/2015\/06\/FOTO-6-147x300.jpg\" alt=\"FOTO 6\" width=\"631\" height=\"1288\" \/><\/a><\/p>\n<p align=\"justify\"><span style=\"color: #008000;\"><strong>Il cappuccio Belloni in tela gommata e munito di due oculari in vetro rotondi, andava indossato sulla testa a modo di piccola campana pneumatica. Era accoppiato a un respiratore Davis o ad una bombola e permetteva quindi la respirazione senza dover stringere il boccaglio tra i denti, cosa quanto mai utile in caso di fuoriuscita da un sommergibile.<br \/>\n<a href=\"http:\/\/www.divinghelmetitaly.com\/\">Diving Helmet Italy &#8211; Il sito italiano delle antiche attrezzature da palombaro &#8211; Home<\/a><\/strong><\/span><\/p>\n<p style=\"text-align: justify;\">Nel campo degli strumenti di salvataggio per i sommergibilisti ide\u00f2 il <strong><span style=\"color: #008000;\">cappuccio Belloni<\/span><\/strong>, realizzato in tela gommata e munito di due caratteristici oculari in vetro rotondi. Il cappuccio andava indossato sulla testa a modo di piccola campana pneumatica ed\u00a0 era accoppiato ad un respiratore tipo Davis o ad una bombola che permetteva la respirazione senza dover stringere il boccaglio tra i denti. Una cosa quanto mai utile in caso di fuoriuscita in emergenza da un sommergibile. Sia la \u201cvasca\u201d che il <strong><span style=\"color: #008000;\">&#8220;<\/span><span style=\"color: #008000;\">cappuccio Belloni&#8221;<\/span> <\/strong>passarono alla storica cambiando il modo di affrontare il mondo marino. Nel 1935, per diretto intervento di Mussolini e del Duca Amedeo d\u2019Aosta, Belloni fonda la <strong><span style=\"color: #008000;\">Regia Scuola Sommozzatori<\/span> <\/strong>avendo, tra i suoi primi allievi, <strong><span style=\"color: #008000;\">Teseo Tesei<\/span><\/strong>. Richiamato in servizio\u00a0il 29 agosto 1940 dal Congedo Assoluto, con il grado di 1\u00b0 T.V. e Consulente Tecnico della Ia Flottiglia MAS, crea e dirige la prima \u201c<strong><span style=\"color: #008000;\">Scuola Palombari e Sommozzatori<\/span><\/strong>\u201d a San Leopoldo, all&#8217;interno della Accademia Navale di Livorno.<\/p>\n<p style=\"text-align: justify;\"><span style=\"font-size: 18pt;\"><strong><span style=\"color: #008000;\">La II guerra mondiale ed il dopo guerra<\/span><\/strong><\/span><br \/>\nAnche durante la seconda guerra mondiale continua con le sue sperimentazioni\u00a0geniali nell&#8217;ambito\u00a0delle operazioni subacquee con i siluri a lenta corsa. Al termine della guerra viene arrestato dai partigiani e rinchiuso nel carcere di S. Maria Maggiore, con molti altri della Xa Flottiglia MAS. Ma gli Alleati, bisognosi della sua non comune esperienza, lo liberano e chiedono la sua collaborazione per la creazione di una Stazione Sperimentale Subacquea, nel Forte di Sant\u2019Andrea. Come Technical Advisor della \u201c<strong><span style=\"color: #008000;\">Allied Navies Experimental Station<\/span><\/strong>\u201d insieme ad un gruppo di uomini \u201cGamma\u201d mette a punto nuovi autorespiratori, dedicandosi\u00a0 nel contempo all&#8217;arduo compito di sminamento della Laguna nel dopoguerra. In seguito, nel 1946, Belloni rester\u00e0 Consulente Tecnico del nascente<strong><span style=\"color: #008000;\"> MARICENTROSUB (antesignano del COM.SUB.IN.) <\/span><\/strong>portando con se la sua grande esperienza e soprattutto documentazioni preziose per gli sviluppi futuri. Non tutti sanno che negli ultimi anni,\u00a0vissuti nel castello Frugone di Cavi di Lavagna, il geniale scienziato si dedic\u00f2 allo studio delle fonti di energia alternativa.<i><br \/>\n<\/i><br \/>\n<strong><span style=\"color: #008000;\">Angelo Belloni<\/span><\/strong> mor\u00ec il 9 marzo del 1957 a Genova, investito da un tram che, forse a causa della sua ipoacusia, non aveva sentito sopraggiungere. Qualcuno che conosceva bene il personaggio avanz\u00f2 l\u2019ipotesi che il comandante, fantasticando su qualche nuovo progetto avveniristico, stesse camminando con l\u2019apparecchio acustico spento.<\/p>\n<p><strong><span style=\"color: #008000;\">Fabio Vitale<br \/>\nscrittore e storico della subacquea<\/span><\/strong><\/p>\n<p><strong><em> <a href=\"http:\/\/www.divinghelmetitaly.com\/\">Diving Helmet Italy &#8211; Il sito italiano delle antiche attrezzature da palombaro &#8211; Home<\/a><\/em><\/strong><\/p>\n<p>&nbsp;<\/p>\n<p style=\"text-align: justify;\">Alcune delle immagini possono essere state prese dal web, citandone ove possibile gli autori e\/o le fonti. Se qualcuno desiderasse specificarne l\u2019autore o rimuoverle, pu\u00f2 scrivere a infoocean4future@gmail.com e provvederemo immediatamente alla correzione dell\u2019articolo<br \/>\n<span style=\"color: #ffffff;\">,<\/span><\/p>\n<p style=\"text-align: justify;\"><a class=\"maxbutton-3 maxbutton maxbutton-pagina-principale\" target=\"_blank\" title=\"tooltip\" rel=\"nofollow noopener\" href=\"http:\/\/www.ocean4future.org\"><span class='mb-text'>PAGINA PRINCIPALE<\/span><\/a><br \/>\n<span style=\"color: #ffffff;\">.<\/span><\/p>\n","protected":false},"excerpt":{"rendered":"<p><span class=\"span-reading-time rt-reading-time\" style=\"display: block;\"><span class=\"rt-label rt-prefix\">tempo di lettura: <\/span> <span class=\"rt-time\"> 7<\/span> <span class=\"rt-label rt-postfix\">minuti<\/span><\/span>. . ARGOMENTO: STORIA DELLA SUBACQUEA PERIODO: XIX &#8211; XX\u00a0 SECOLO AREA: OCEANO PACIFICO parole chiave: Angelo Belloni &nbsp; Non \u00e8 possibile parlare dello sviluppo delle attrezzature per sommozzatori senza rievocare il Comandante Angelo Belloni, storica figura all&#8217;interno dei reparti subacquei. Ritratto del Comandante Angelo Belloni (da \u201cCinquant\u2019anni di Mare\u201d di Achille Rastelli, Mursia, 2008). [&hellip;]<\/p>\n","protected":false},"author":78,"featured_media":42653,"comment_status":"closed","ping_status":"open","sticky":false,"template":"","format":"standard","meta":{"_acf_changed":false,"_monsterinsights_skip_tracking":false,"_monsterinsights_sitenote_active":false,"_monsterinsights_sitenote_note":"","_monsterinsights_sitenote_category":0,"footnotes":""},"categories":[84],"tags":[860,861],"class_list":["post-2825","post","type-post","status-publish","format-standard","has-post-thumbnail","hentry","category-storia-della-subacquea-cultura-del-mare","tag-belloni","tag-storia-subacquea"],"acf":[],"yoast_head":"<!-- This site is optimized with the Yoast SEO plugin v27.4 - https:\/\/yoast.com\/product\/yoast-seo-wordpress\/ -->\n<title>Il Comandante Angelo Maria Belloni &#8226; OCEAN4FUTURE autore<\/title>\n<meta name=\"robots\" content=\"index, follow, max-snippet:-1, max-image-preview:large, max-video-preview:-1\" \/>\n<link rel=\"canonical\" href=\"https:\/\/www.ocean4future.org\/savetheocean\/archives\/2825\" \/>\n<meta property=\"og:locale\" content=\"it_IT\" \/>\n<meta property=\"og:type\" content=\"article\" \/>\n<meta property=\"og:title\" content=\"Il Comandante Angelo Maria Belloni &#8226; OCEAN4FUTURE autore\" \/>\n<meta property=\"og:description\" content=\"tempo di lettura:  7 minuti. . ARGOMENTO: STORIA DELLA SUBACQUEA PERIODO: XIX &#8211; XX\u00a0 SECOLO AREA: OCEANO PACIFICO parole chiave: Angelo Belloni &nbsp; Non \u00e8 possibile parlare dello sviluppo delle attrezzature per sommozzatori senza rievocare il Comandante Angelo Belloni, storica figura all&#8217;interno dei reparti subacquei. Ritratto del Comandante Angelo Belloni (da \u201cCinquant\u2019anni di Mare\u201d di Achille Rastelli, Mursia, 2008). [&hellip;]\" \/>\n<meta property=\"og:url\" content=\"https:\/\/www.ocean4future.org\/savetheocean\/archives\/2825\" \/>\n<meta property=\"og:site_name\" content=\"OCEAN4FUTURE\" \/>\n<meta property=\"article:author\" content=\"https:\/\/www.facebook.com\/fabio.vitale.393\" \/>\n<meta property=\"article:published_time\" content=\"2020-08-01T00:10:10+00:00\" \/>\n<meta property=\"article:modified_time\" content=\"2025-11-11T12:34:03+00:00\" \/>\n<meta property=\"og:image\" content=\"https:\/\/www.ocean4future.org\/savetheocean\/wp-content\/uploads\/2018\/05\/Angelo-Belloni-sommozzatori-1.jpg\" \/>\n\t<meta property=\"og:image:width\" content=\"900\" \/>\n\t<meta property=\"og:image:height\" content=\"576\" \/>\n\t<meta property=\"og:image:type\" content=\"image\/jpeg\" \/>\n<meta name=\"author\" content=\"Fabio Vitale\" \/>\n<meta name=\"twitter:card\" content=\"summary_large_image\" \/>\n<meta name=\"twitter:creator\" content=\"@ocean4future\" \/>\n<meta name=\"twitter:site\" content=\"@ocean4future\" \/>\n<meta name=\"twitter:label1\" content=\"Scritto da\" \/>\n\t<meta name=\"twitter:data1\" content=\"Fabio Vitale\" \/>\n\t<meta name=\"twitter:label2\" content=\"Tempo di lettura stimato\" \/>\n\t<meta name=\"twitter:data2\" content=\"11 minuti\" \/>\n<script type=\"application\/ld+json\" class=\"yoast-schema-graph\">{\"@context\":\"https:\\\/\\\/schema.org\",\"@graph\":[{\"@type\":\"Article\",\"@id\":\"https:\\\/\\\/www.ocean4future.org\\\/savetheocean\\\/archives\\\/2825#article\",\"isPartOf\":{\"@id\":\"https:\\\/\\\/www.ocean4future.org\\\/savetheocean\\\/archives\\\/2825\"},\"author\":{\"name\":\"Fabio Vitale\",\"@id\":\"https:\\\/\\\/www.ocean4future.org\\\/savetheocean\\\/#\\\/schema\\\/person\\\/8a08efde313037c9f9b2a88bed8b962d\"},\"headline\":\"Il Comandante Angelo Maria Belloni\",\"datePublished\":\"2020-08-01T00:10:10+00:00\",\"dateModified\":\"2025-11-11T12:34:03+00:00\",\"mainEntityOfPage\":{\"@id\":\"https:\\\/\\\/www.ocean4future.org\\\/savetheocean\\\/archives\\\/2825\"},\"wordCount\":1672,\"publisher\":{\"@id\":\"https:\\\/\\\/www.ocean4future.org\\\/savetheocean\\\/#\\\/schema\\\/person\\\/4e1c26437054353074d7bb2efa77162c\"},\"image\":{\"@id\":\"https:\\\/\\\/www.ocean4future.org\\\/savetheocean\\\/archives\\\/2825#primaryimage\"},\"thumbnailUrl\":\"https:\\\/\\\/www.ocean4future.org\\\/savetheocean\\\/wp-content\\\/uploads\\\/2018\\\/05\\\/Angelo-Belloni-sommozzatori-1.jpg\",\"keywords\":[\"belloni\",\"storia subacquea\"],\"articleSection\":[\"Storia della subacquea\"],\"inLanguage\":\"it-IT\"},{\"@type\":\"WebPage\",\"@id\":\"https:\\\/\\\/www.ocean4future.org\\\/savetheocean\\\/archives\\\/2825\",\"url\":\"https:\\\/\\\/www.ocean4future.org\\\/savetheocean\\\/archives\\\/2825\",\"name\":\"Il Comandante Angelo Maria Belloni &#8226; OCEAN4FUTURE autore\",\"isPartOf\":{\"@id\":\"https:\\\/\\\/www.ocean4future.org\\\/savetheocean\\\/#website\"},\"primaryImageOfPage\":{\"@id\":\"https:\\\/\\\/www.ocean4future.org\\\/savetheocean\\\/archives\\\/2825#primaryimage\"},\"image\":{\"@id\":\"https:\\\/\\\/www.ocean4future.org\\\/savetheocean\\\/archives\\\/2825#primaryimage\"},\"thumbnailUrl\":\"https:\\\/\\\/www.ocean4future.org\\\/savetheocean\\\/wp-content\\\/uploads\\\/2018\\\/05\\\/Angelo-Belloni-sommozzatori-1.jpg\",\"datePublished\":\"2020-08-01T00:10:10+00:00\",\"dateModified\":\"2025-11-11T12:34:03+00:00\",\"breadcrumb\":{\"@id\":\"https:\\\/\\\/www.ocean4future.org\\\/savetheocean\\\/archives\\\/2825#breadcrumb\"},\"inLanguage\":\"it-IT\",\"potentialAction\":[{\"@type\":\"ReadAction\",\"target\":[\"https:\\\/\\\/www.ocean4future.org\\\/savetheocean\\\/archives\\\/2825\"]}]},{\"@type\":\"ImageObject\",\"inLanguage\":\"it-IT\",\"@id\":\"https:\\\/\\\/www.ocean4future.org\\\/savetheocean\\\/archives\\\/2825#primaryimage\",\"url\":\"https:\\\/\\\/www.ocean4future.org\\\/savetheocean\\\/wp-content\\\/uploads\\\/2018\\\/05\\\/Angelo-Belloni-sommozzatori-1.jpg\",\"contentUrl\":\"https:\\\/\\\/www.ocean4future.org\\\/savetheocean\\\/wp-content\\\/uploads\\\/2018\\\/05\\\/Angelo-Belloni-sommozzatori-1.jpg\",\"width\":900,\"height\":576},{\"@type\":\"BreadcrumbList\",\"@id\":\"https:\\\/\\\/www.ocean4future.org\\\/savetheocean\\\/archives\\\/2825#breadcrumb\",\"itemListElement\":[{\"@type\":\"ListItem\",\"position\":1,\"name\":\"Home\",\"item\":\"https:\\\/\\\/www.ocean4future.org\\\/savetheocean\"},{\"@type\":\"ListItem\",\"position\":2,\"name\":\"Il Comandante Angelo Maria Belloni\"}]},{\"@type\":\"WebSite\",\"@id\":\"https:\\\/\\\/www.ocean4future.org\\\/savetheocean\\\/#website\",\"url\":\"https:\\\/\\\/www.ocean4future.org\\\/savetheocean\\\/\",\"name\":\"Ocean 4 Future\",\"description\":\"Per una nuova cultura del mare e della marittimit\u00e0\",\"publisher\":{\"@id\":\"https:\\\/\\\/www.ocean4future.org\\\/savetheocean\\\/#\\\/schema\\\/person\\\/4e1c26437054353074d7bb2efa77162c\"},\"potentialAction\":[{\"@type\":\"SearchAction\",\"target\":{\"@type\":\"EntryPoint\",\"urlTemplate\":\"https:\\\/\\\/www.ocean4future.org\\\/savetheocean\\\/?s={search_term_string}\"},\"query-input\":{\"@type\":\"PropertyValueSpecification\",\"valueRequired\":true,\"valueName\":\"search_term_string\"}}],\"inLanguage\":\"it-IT\"},{\"@type\":[\"Person\",\"Organization\"],\"@id\":\"https:\\\/\\\/www.ocean4future.org\\\/savetheocean\\\/#\\\/schema\\\/person\\\/4e1c26437054353074d7bb2efa77162c\",\"name\":\"oceandiver\",\"image\":{\"@type\":\"ImageObject\",\"inLanguage\":\"it-IT\",\"@id\":\"https:\\\/\\\/www.ocean4future.org\\\/savetheocean\\\/wp-content\\\/uploads\\\/2023\\\/04\\\/logo-ocean3.jpg\",\"url\":\"https:\\\/\\\/www.ocean4future.org\\\/savetheocean\\\/wp-content\\\/uploads\\\/2023\\\/04\\\/logo-ocean3.jpg\",\"contentUrl\":\"https:\\\/\\\/www.ocean4future.org\\\/savetheocean\\\/wp-content\\\/uploads\\\/2023\\\/04\\\/logo-ocean3.jpg\",\"width\":472,\"height\":301,\"caption\":\"oceandiver\"},\"logo\":{\"@id\":\"https:\\\/\\\/www.ocean4future.org\\\/savetheocean\\\/wp-content\\\/uploads\\\/2023\\\/04\\\/logo-ocean3.jpg\"}},{\"@type\":\"Person\",\"@id\":\"https:\\\/\\\/www.ocean4future.org\\\/savetheocean\\\/#\\\/schema\\\/person\\\/8a08efde313037c9f9b2a88bed8b962d\",\"name\":\"Fabio Vitale\",\"image\":{\"@type\":\"ImageObject\",\"inLanguage\":\"it-IT\",\"@id\":\"https:\\\/\\\/secure.gravatar.com\\\/avatar\\\/ea35a1a8cb56af7feb72ab8d2f6882af56a1eb7c63d7ab9227275f6d69654f71?s=96&d=mm&r=g\",\"url\":\"https:\\\/\\\/secure.gravatar.com\\\/avatar\\\/ea35a1a8cb56af7feb72ab8d2f6882af56a1eb7c63d7ab9227275f6d69654f71?s=96&d=mm&r=g\",\"contentUrl\":\"https:\\\/\\\/secure.gravatar.com\\\/avatar\\\/ea35a1a8cb56af7feb72ab8d2f6882af56a1eb7c63d7ab9227275f6d69654f71?s=96&d=mm&r=g\",\"caption\":\"Fabio Vitale\"},\"description\":\"storico della subacquea tra i pi\u00f9 importanti in Italia. Ha partecipato come esperto a numerose trasmissioni televisive tra cui lo speciale sui palombari di Alberto Angeli. E' Presidente della Historical diving society e autore di numerosi libri sulla subacquea e sui suoi protagonisti\",\"sameAs\":[\"https:\\\/\\\/www.facebook.com\\\/fabio.vitale.393\"],\"url\":\"https:\\\/\\\/www.ocean4future.org\\\/savetheocean\\\/archives\\\/author\\\/proteo1962\"}]}<\/script>\n<!-- \/ Yoast SEO plugin. -->","yoast_head_json":{"title":"Il Comandante Angelo Maria Belloni &#8226; OCEAN4FUTURE autore","robots":{"index":"index","follow":"follow","max-snippet":"max-snippet:-1","max-image-preview":"max-image-preview:large","max-video-preview":"max-video-preview:-1"},"canonical":"https:\/\/www.ocean4future.org\/savetheocean\/archives\/2825","og_locale":"it_IT","og_type":"article","og_title":"Il Comandante Angelo Maria Belloni &#8226; OCEAN4FUTURE autore","og_description":"tempo di lettura:  7 minuti. . ARGOMENTO: STORIA DELLA SUBACQUEA PERIODO: XIX &#8211; XX\u00a0 SECOLO AREA: OCEANO PACIFICO parole chiave: Angelo Belloni &nbsp; Non \u00e8 possibile parlare dello sviluppo delle attrezzature per sommozzatori senza rievocare il Comandante Angelo Belloni, storica figura all&#8217;interno dei reparti subacquei. Ritratto del Comandante Angelo Belloni (da \u201cCinquant\u2019anni di Mare\u201d di Achille Rastelli, Mursia, 2008). [&hellip;]","og_url":"https:\/\/www.ocean4future.org\/savetheocean\/archives\/2825","og_site_name":"OCEAN4FUTURE","article_author":"https:\/\/www.facebook.com\/fabio.vitale.393","article_published_time":"2020-08-01T00:10:10+00:00","article_modified_time":"2025-11-11T12:34:03+00:00","og_image":[{"width":900,"height":576,"url":"https:\/\/www.ocean4future.org\/savetheocean\/wp-content\/uploads\/2018\/05\/Angelo-Belloni-sommozzatori-1.jpg","type":"image\/jpeg"}],"author":"Fabio Vitale","twitter_card":"summary_large_image","twitter_creator":"@ocean4future","twitter_site":"@ocean4future","twitter_misc":{"Scritto da":"Fabio Vitale","Tempo di lettura stimato":"11 minuti"},"schema":{"@context":"https:\/\/schema.org","@graph":[{"@type":"Article","@id":"https:\/\/www.ocean4future.org\/savetheocean\/archives\/2825#article","isPartOf":{"@id":"https:\/\/www.ocean4future.org\/savetheocean\/archives\/2825"},"author":{"name":"Fabio Vitale","@id":"https:\/\/www.ocean4future.org\/savetheocean\/#\/schema\/person\/8a08efde313037c9f9b2a88bed8b962d"},"headline":"Il Comandante Angelo Maria Belloni","datePublished":"2020-08-01T00:10:10+00:00","dateModified":"2025-11-11T12:34:03+00:00","mainEntityOfPage":{"@id":"https:\/\/www.ocean4future.org\/savetheocean\/archives\/2825"},"wordCount":1672,"publisher":{"@id":"https:\/\/www.ocean4future.org\/savetheocean\/#\/schema\/person\/4e1c26437054353074d7bb2efa77162c"},"image":{"@id":"https:\/\/www.ocean4future.org\/savetheocean\/archives\/2825#primaryimage"},"thumbnailUrl":"https:\/\/www.ocean4future.org\/savetheocean\/wp-content\/uploads\/2018\/05\/Angelo-Belloni-sommozzatori-1.jpg","keywords":["belloni","storia subacquea"],"articleSection":["Storia della subacquea"],"inLanguage":"it-IT"},{"@type":"WebPage","@id":"https:\/\/www.ocean4future.org\/savetheocean\/archives\/2825","url":"https:\/\/www.ocean4future.org\/savetheocean\/archives\/2825","name":"Il Comandante Angelo Maria Belloni &#8226; OCEAN4FUTURE autore","isPartOf":{"@id":"https:\/\/www.ocean4future.org\/savetheocean\/#website"},"primaryImageOfPage":{"@id":"https:\/\/www.ocean4future.org\/savetheocean\/archives\/2825#primaryimage"},"image":{"@id":"https:\/\/www.ocean4future.org\/savetheocean\/archives\/2825#primaryimage"},"thumbnailUrl":"https:\/\/www.ocean4future.org\/savetheocean\/wp-content\/uploads\/2018\/05\/Angelo-Belloni-sommozzatori-1.jpg","datePublished":"2020-08-01T00:10:10+00:00","dateModified":"2025-11-11T12:34:03+00:00","breadcrumb":{"@id":"https:\/\/www.ocean4future.org\/savetheocean\/archives\/2825#breadcrumb"},"inLanguage":"it-IT","potentialAction":[{"@type":"ReadAction","target":["https:\/\/www.ocean4future.org\/savetheocean\/archives\/2825"]}]},{"@type":"ImageObject","inLanguage":"it-IT","@id":"https:\/\/www.ocean4future.org\/savetheocean\/archives\/2825#primaryimage","url":"https:\/\/www.ocean4future.org\/savetheocean\/wp-content\/uploads\/2018\/05\/Angelo-Belloni-sommozzatori-1.jpg","contentUrl":"https:\/\/www.ocean4future.org\/savetheocean\/wp-content\/uploads\/2018\/05\/Angelo-Belloni-sommozzatori-1.jpg","width":900,"height":576},{"@type":"BreadcrumbList","@id":"https:\/\/www.ocean4future.org\/savetheocean\/archives\/2825#breadcrumb","itemListElement":[{"@type":"ListItem","position":1,"name":"Home","item":"https:\/\/www.ocean4future.org\/savetheocean"},{"@type":"ListItem","position":2,"name":"Il Comandante Angelo Maria Belloni"}]},{"@type":"WebSite","@id":"https:\/\/www.ocean4future.org\/savetheocean\/#website","url":"https:\/\/www.ocean4future.org\/savetheocean\/","name":"Ocean 4 Future","description":"Per una nuova cultura del mare e della marittimit\u00e0","publisher":{"@id":"https:\/\/www.ocean4future.org\/savetheocean\/#\/schema\/person\/4e1c26437054353074d7bb2efa77162c"},"potentialAction":[{"@type":"SearchAction","target":{"@type":"EntryPoint","urlTemplate":"https:\/\/www.ocean4future.org\/savetheocean\/?s={search_term_string}"},"query-input":{"@type":"PropertyValueSpecification","valueRequired":true,"valueName":"search_term_string"}}],"inLanguage":"it-IT"},{"@type":["Person","Organization"],"@id":"https:\/\/www.ocean4future.org\/savetheocean\/#\/schema\/person\/4e1c26437054353074d7bb2efa77162c","name":"oceandiver","image":{"@type":"ImageObject","inLanguage":"it-IT","@id":"https:\/\/www.ocean4future.org\/savetheocean\/wp-content\/uploads\/2023\/04\/logo-ocean3.jpg","url":"https:\/\/www.ocean4future.org\/savetheocean\/wp-content\/uploads\/2023\/04\/logo-ocean3.jpg","contentUrl":"https:\/\/www.ocean4future.org\/savetheocean\/wp-content\/uploads\/2023\/04\/logo-ocean3.jpg","width":472,"height":301,"caption":"oceandiver"},"logo":{"@id":"https:\/\/www.ocean4future.org\/savetheocean\/wp-content\/uploads\/2023\/04\/logo-ocean3.jpg"}},{"@type":"Person","@id":"https:\/\/www.ocean4future.org\/savetheocean\/#\/schema\/person\/8a08efde313037c9f9b2a88bed8b962d","name":"Fabio Vitale","image":{"@type":"ImageObject","inLanguage":"it-IT","@id":"https:\/\/secure.gravatar.com\/avatar\/ea35a1a8cb56af7feb72ab8d2f6882af56a1eb7c63d7ab9227275f6d69654f71?s=96&d=mm&r=g","url":"https:\/\/secure.gravatar.com\/avatar\/ea35a1a8cb56af7feb72ab8d2f6882af56a1eb7c63d7ab9227275f6d69654f71?s=96&d=mm&r=g","contentUrl":"https:\/\/secure.gravatar.com\/avatar\/ea35a1a8cb56af7feb72ab8d2f6882af56a1eb7c63d7ab9227275f6d69654f71?s=96&d=mm&r=g","caption":"Fabio Vitale"},"description":"storico della subacquea tra i pi\u00f9 importanti in Italia. Ha partecipato come esperto a numerose trasmissioni televisive tra cui lo speciale sui palombari di Alberto Angeli. E' Presidente della Historical diving society e autore di numerosi libri sulla subacquea e sui suoi protagonisti","sameAs":["https:\/\/www.facebook.com\/fabio.vitale.393"],"url":"https:\/\/www.ocean4future.org\/savetheocean\/archives\/author\/proteo1962"}]}},"_links":{"self":[{"href":"https:\/\/www.ocean4future.org\/savetheocean\/wp-json\/wp\/v2\/posts\/2825","targetHints":{"allow":["GET"]}}],"collection":[{"href":"https:\/\/www.ocean4future.org\/savetheocean\/wp-json\/wp\/v2\/posts"}],"about":[{"href":"https:\/\/www.ocean4future.org\/savetheocean\/wp-json\/wp\/v2\/types\/post"}],"author":[{"embeddable":true,"href":"https:\/\/www.ocean4future.org\/savetheocean\/wp-json\/wp\/v2\/users\/78"}],"replies":[{"embeddable":true,"href":"https:\/\/www.ocean4future.org\/savetheocean\/wp-json\/wp\/v2\/comments?post=2825"}],"version-history":[{"count":0,"href":"https:\/\/www.ocean4future.org\/savetheocean\/wp-json\/wp\/v2\/posts\/2825\/revisions"}],"wp:featuredmedia":[{"embeddable":true,"href":"https:\/\/www.ocean4future.org\/savetheocean\/wp-json\/wp\/v2\/media\/42653"}],"wp:attachment":[{"href":"https:\/\/www.ocean4future.org\/savetheocean\/wp-json\/wp\/v2\/media?parent=2825"}],"wp:term":[{"taxonomy":"category","embeddable":true,"href":"https:\/\/www.ocean4future.org\/savetheocean\/wp-json\/wp\/v2\/categories?post=2825"},{"taxonomy":"post_tag","embeddable":true,"href":"https:\/\/www.ocean4future.org\/savetheocean\/wp-json\/wp\/v2\/tags?post=2825"}],"curies":[{"name":"wp","href":"https:\/\/api.w.org\/{rel}","templated":true}]}}