{"id":27409,"date":"2019-12-13T00:11:37","date_gmt":"2019-12-13T00:11:37","guid":{"rendered":"http:\/\/www.ocean4future.org\/?p=27409"},"modified":"2024-05-06T08:50:32","modified_gmt":"2024-05-06T06:50:32","slug":"nautica-il-problema-del-calendario-di-paolo-giannetti","status":"publish","type":"post","link":"https:\/\/www.ocean4future.org\/savetheocean\/archives\/27409","title":{"rendered":"Il problema del calendario e del giorno &#8230; pi\u00f9 corto che ci sia"},"content":{"rendered":"<span class=\"span-reading-time rt-reading-time\" style=\"display: block;\"><span class=\"rt-label rt-prefix\">tempo di lettura: <\/span> <span class=\"rt-time\"> 5<\/span> <span class=\"rt-label rt-postfix\">minuti<\/span><\/span><p><span style=\"color: #ffffff;\">.<\/span><br \/>\n<a class=\"maxbutton-4 maxbutton maxbutton-livello-di-comprensione\" href=\"javascript:void(0);\"><span class='mb-text'>livello elementare<\/span><\/a><\/p>\n<p><strong><span style=\"color: #008000;\">ARGOMENTO: NAUTICA<\/span><\/strong><br \/>\n<strong><span style=\"color: #008000;\">PERIODO: I SECOLO a.C. &#8211; XIX SECOLO d.C.<\/span><\/strong><br \/>\n<strong><span style=\"color: #008000;\">AREA: DIDATTICA<\/span><\/strong><br \/>\nparole chiave: calendario, Santa Lucia<\/p>\n<p style=\"text-align: justify;\">&nbsp;<\/p>\n<p style=\"text-align: justify;\">Buongiorno, da stanotte il cielo sar\u00e0 impreziosito (nuvole permettendo) dalla spettacolare <strong><span style=\"color: #008000;\">Luna Piena &#8220;Fredda&#8221;<\/span><\/strong>, cos\u00ec chiamata secondo la tradizione dei nativi americani. Il nome \u00e8 ovviamente legato alle basse temperature che caratterizzano questo mese. Potremo scorgerla al suo tramonto, tra Ovest e Nord Ovest, molto bassa sull&#8217;orizzonte attorno alle 07:30 circa (ora di Roma). Tra i fenomeni recenti abbiamo avuto anche una bella congiunzione ovvero l&#8217;incontro \u201cravvicinato\u201d (solo apparente sulla volta celeste perch\u00e9 legato alla prospettiva) di due &#8220;oggetti&#8221; tra il <strong><span style=\"color: #008000;\">\u201cSignore degli Anelli\u201d, Saturno, e il \u201cPianeta dell&#8217;Amore\u201d, Venere<\/span><\/strong>, che hanno duettato nel cielo sud occidentale attorno al tramonto, incastonati nella costellazione del Sagittario.&nbsp;<\/p>\n<p style=\"text-align: justify;\"><span style=\"font-size: 18pt;\"><strong><span style=\"color: #008000;\">Santa Lucia, 13 dicembre<\/span><\/strong><\/span><br \/>\nMa la notizia del giorno, si fa per dire, \u00e8 inerente a &#8220;<strong><span style=\"color: #008000;\">Santa Lucia, il giorno pi\u00f9 corto che ci sia<\/span><\/strong>&#8220;. In realt\u00e0 sarebbe corretto dire che non lo \u00e8 pi\u00f9 dal 1582! Il 13 dicembre viene infatti preso a riferimento come il giorno (arco diurno) pi\u00f9 breve dell&#8217;anno, cio\u00e8 quello in cui si registra il minimo intervallo di tempo tra l\u2019alba e il successivo tramonto e dopo il quale le &#8220;giornate&#8221; tornano di nuovo ad allungarsi. Il poeta inglese <strong><span style=\"color: #008000;\">John Donne<\/span> <\/strong>descriveva in un sonetto questo giorno come \u00abla mezzanotte dell\u2019anno\u00bb.<\/p>\n<p style=\"text-align: justify;\"><img decoding=\"async\" class=\" wp-image-27410 alignleft\" src=\"https:\/\/www.ocean4future.org\/savetheocean\/wp-content\/uploads\/2019\/01\/solstizio-universale-1.png\" alt=\"\" width=\"584\" height=\"1127\" srcset=\"https:\/\/www.ocean4future.org\/savetheocean\/wp-content\/uploads\/2019\/01\/solstizio-universale-1.png 377w, https:\/\/www.ocean4future.org\/savetheocean\/wp-content\/uploads\/2019\/01\/solstizio-universale-1-155x300.png 155w\" sizes=\"(max-width: 584px) 100vw, 584px\" \/>In realt\u00e0 tale condizione si verifica, dati astronomici alla mano, nel giorno del <strong><span style=\"color: #008000;\">Solstizio (di inverno nel nostro emisfero o di estate nell&#8217;altro)<\/span> <\/strong>che cade invece il 21 o il 22 di dicembre (quest\u2019anno 2019 il 22). Nella tabella a lato potrete vedere le sue oscillazioni.<\/p>\n<p style=\"text-align: justify;\"><span style=\"font-size: 18pt;\"><strong><span style=\"color: #008000;\">Ma q<\/span><\/strong><strong><span style=\"color: #008000;\">uesto perch\u00e9?<\/span><\/strong><\/span><br \/>\nLa &#8220;responsabilit\u00e0&#8221; di questo sfasamento tra la tradizione e la realt\u00e0 ci porta indietro nel tempo e va attribuita alle conoscenze astronomiche non del tutto precise degli antichi Romani. Nel 46 a.C., infatti, Caio Giulio Cesare dette incarico di mettere ordine nel calendario in uso all\u2019epoca, che vedeva continui sfasamenti. Il calendario giuliano fu un deciso passo avanti, grazie all\u2019introduzione del mese bisestile ogni quattro anni. Il &#8220;<strong><span style=\"color: #008000;\">giorno in pi\u00f9<\/span><\/strong>&#8221; serviva, come accade ancora oggi, a recuperare la differenza tra i 365 giorni dell\u2019anno del calendario e i 365 giorni e sei ore che invece rappresentano <strong><span style=\"color: #008000;\">l\u2019effettiva durata del tragitto che la Terra compie attorno al Sole<\/span><\/strong>. Sei ore in pi\u00f9, per quattro anni, danno appunto la durata di un giorno, che dovrebbe riportare in pari le cose. Semplice vero?<\/p>\n<p style=\"text-align: justify;\">Purtroppo, per\u00f2, le sei ore usate dai Romani per il calcolo dell\u2019anno bisestile erano solo una approssimazione della durata esatta dell\u2019anno solare che \u00e8 (ancora pi\u00f9 precisamente) di 365 giorni, 5 ore, 48 minuti e 46 secondi. La differenza, in meno, \u00e8 appena di undici minuti, ma abbastanza grande da portare, nel corso dei secoli, ad accumulare un ritardo che dopo quasi 15 secoli era arrivato attorno ai dieci giorni.&nbsp;<\/p>\n<table>\n<tbody>\n<tr>\n<td style=\"text-align: justify; background-color: #f0ec7d;\"><span style=\"font-size: 14pt;\"><strong><span style=\"color: #008000;\">In particolare, tra il 325 dopo Cristo, anno in cui il Concilio di Nicea stabil\u00ec la regola per il calcolo della Pasqua, e il 1582 si era accumulata una differenza di circa 10 giorni. Questo significava che la primavera, in base alle osservazioni astronomiche, non cominciava pi\u00f9 il 21 marzo, ma l&#8217;11 marzo. Cos\u00ec la Pasqua, che sarebbe dovuta cadere la prima domenica dopo il plenilunio di primavera, veniva a cadere nella data sbagliata alla Pasqua, influendo a catena sulla Quaresima e la Pentecoste. <\/span><span style=\"color: #008000;\">Venne dunque stabilito di recuperare i giorni perduti, riallineando la data d&#8217;inizio delle stagioni con quella che si aveva nel 325 d.C. e di modificare la durata media dell&#8217;anno. Pe recuperare i dieci giorni perduti, fu necessario saltare dal gioved\u00ec 4 ottobre 1582 ad un nuovo venerd\u00ec 15 ottobre.<\/span><\/strong><\/span><\/td>\n<\/tr>\n<\/tbody>\n<\/table>\n<p style=\"text-align: justify;\"><strong><span style=\"color: #008000;\">Nel Medioevo il Solstizio era dunque pi\u00f9 vicino al giorno di Santa Lucia che al 21 dicembre, giustificando pienamente il detto popolare che lo faceva il girono&nbsp; pi\u00f9 corto dell&#8217;anno.<\/span><\/strong><\/p>\n<figure id=\"attachment_27415\" aria-describedby=\"caption-attachment-27415\" style=\"width: 1200px\" class=\"wp-caption alignnone\"><img decoding=\"async\" class=\"wp-image-27415 size-full\" src=\"https:\/\/www.ocean4future.org\/savetheocean\/wp-content\/uploads\/2019\/01\/Reforma_Gregoriana_del_Calendario_Juliano.jpg\" alt=\"\" width=\"1200\" height=\"1741\" srcset=\"https:\/\/www.ocean4future.org\/savetheocean\/wp-content\/uploads\/2019\/01\/Reforma_Gregoriana_del_Calendario_Juliano.jpg 1200w, https:\/\/www.ocean4future.org\/savetheocean\/wp-content\/uploads\/2019\/01\/Reforma_Gregoriana_del_Calendario_Juliano-207x300.jpg 207w, https:\/\/www.ocean4future.org\/savetheocean\/wp-content\/uploads\/2019\/01\/Reforma_Gregoriana_del_Calendario_Juliano-768x1114.jpg 768w, https:\/\/www.ocean4future.org\/savetheocean\/wp-content\/uploads\/2019\/01\/Reforma_Gregoriana_del_Calendario_Juliano-706x1024.jpg 706w\" sizes=\"(max-width: 1200px) 100vw, 1200px\" \/><figcaption id=\"caption-attachment-27415\" class=\"wp-caption-text\"><strong><span style=\"color: #008000;\">Lunario<\/span><\/strong> <a href=\"https:\/\/www.sinembargo.mx\/08-10-2017\/3325052\">El c\u00e1lculo del tiempo mediante un calendario Gregoriano se ha ajustado durante los \u00faltimos dos mil a\u00f1os &#8211; SinEmbargo MX<\/a><\/figcaption><\/figure>\n<p style=\"text-align: justify;\">Fu solo nel 1582 che le cose vennero rimesse a posto. Papa Gregorio XIII che diede il via al calendario gregoriano e decise di far &#8220;saltare il mondo&#8221; dal 4 al 15 ottobre: i giorni in mezzo, quelli dal 5 al 14 ottobre del 1582, per molti dei nostri calendari non sono mai esistiti. Dopodich\u00e9, per evitare nuovi slittamenti come nel calendario di Giulio Cesare, il meccanismo scelto da Papa Gregorio introdusse un sistema di compensazione che in corrispondenza dell\u2019inizio del secolo fa saltare l\u2019anno bisestile. Siccome anche cos\u00ec il calcolo non \u00e8 del tutto preciso, pure questa regola ha per\u00f2 la sua eccezione e lascia bisestili gli anni corrispondenti al secolo che siano divisibili per 400, motivo per cui il 2000 fu bisestile cos\u00ec come lo sar\u00e0 il 2400!&nbsp;Per sistemare il calendario gregoriano furono usate le misurazioni dell&#8217;astronomo Niccol\u00f2 Copernico, pubblicate nel 1543 sotto il titolo di <strong><em><span style=\"color: #008000;\">De Revolutionibus orbium coelestium libri sex<\/span><\/em><\/strong> (&#8220;Sei libri sui movimenti circolari dei corpi celesti&#8221;), che era riuscito a calcolare, con notevole accuratezza, sia l&#8217;anno tropico sia l&#8217;anno siderale.&nbsp;<\/p>\n<p style=\"text-align: justify;\">Dal 1582 dunque il solstizio si spost\u00f2 nelle date che conosciamo oggi. In realt\u00e0 non tutti i Paesi adottarono il nuovo calendario nello stesso anno: John Donne, che ho gi\u00e0 citato, scrisse il suo sonetto all\u2019inizio del 1600, cio\u00e8 dopo la riforma, ma in Inghilterra il calendario gregoriano fu adottato solo nel 1750 e quindi per lui il solstizio era ancora attorno al 13 dicembre.<\/p>\n<p style=\"text-align: justify;\">Anche l\u2019insurrezione bolscevica di Pietrograd (l&#8217;odierna San Pietroburgo) del 1917 avvenne a ottobre per Lenin e i suoi compagni (in Russia si usava ancora il calendario giuliano) ma a novembre per gran parte del resto d\u2019Europa. Dopo che l&#8217;Unione Sovietica (1918) adott\u00f2 il calendario gregoriano, nel 1923 fu ufficialmente modificata la formula per determinare gli anni bisestili, ottenendo il <strong><span style=\"color: #008000;\">Calendario rivoluzionario sovietico<\/span><\/strong>. In esso, sono considerati bisestili solo quelli (tra gli anni divisibili per 100) che divisi per 9 danno come resto 2 o 6. Cos\u00ec facendo il primo anno di discordanza con il calendario gregoriano sarebbe stato il 2800. Il Calendario rivoluzionario sovietico fu abbandonato nel 1940 e si ritorn\u00f2 al calendario gregoriano. Simile il calendario delle Chiese ortodosse che soppresse i 13 giorni (che attualmente separano le date delle feste ortodosse da quelle del resto del mondo cristiano) ma considerano bisestili tra gli anni secolari solo quelli che divisi per 9 danno come resto 2 o 7.&nbsp;Gli anni liturgici ortodossi sono strutturati sulle date del calendario giuliano, che differisce di tredici giorni rispetto a quello gregoriano: ci\u00f2 comporta che il Natale del Signore si celebra il 7 gennaio e la data della Pasqua normalmente differisce fra Oriente ed Occidente cristiani.<\/p>\n<table>\n<tbody>\n<tr>\n<td style=\"text-align: justify; background-color: #f0edad;\"><span style=\"font-size: 14pt;\"><strong><span style=\"color: #008000;\">Curiosit\u00e0 nel mondo: Le Chiese ortodosse russa, serba e di Gerusalemme continuano tutt&#8217;oggi a seguire il calendario giuliano: da ci\u00f2 nasce l&#8217;attuale differenza di 13 giorni tra le festivit\u00e0 religiose &#8220;fisse&#8221; ortodosse e quelle delle altre confessioni cristiane. In Israele, Pakistan ed in India vengono adottati il calendario gregoriano a fianco di quello locale. L&#8217;uso di un duplice calendario avviene anche in Cina, Giappone, Turchia ed Egitto hanno deciso di adottare il calendario gregoriano per il diritto amministrativo. Il Web ha deciso di adottarlo rendendolo quindi universale per tutti. Il giorno 2 ottobre 2016 anche i ministeri dell\u2019Arabia Saudita hanno deciso di adottare il calendario gregoriano per la registrazione dei propri atti amministrativi con un decreto del Consiglio dei Ministri di Ryad.<\/span><\/strong><\/span><\/td>\n<\/tr>\n<\/tbody>\n<\/table>\n<p style=\"text-align: justify;\">Gli appassionati di astronomia segnalano che, in ogni caso, attorno al 13 dicembre qualcosa nelle nostre giornate succede: \u00e8 in questi giorni, infatti, che l&#8217;ora del tramonto del Sole arriva, secondo i nostri orologi, al suo minimo annuale.<\/p>\n<p style=\"text-align: justify;\">Per una complessa combinazione nei calcoli dell\u2019&#8221;<strong><span style=\"color: #008000;\">ora media<\/span><\/strong>&#8220;, quella che segnano i nostri orologi, e dell&#8217; <strong><span style=\"color: #008000;\">ora solare<\/span><\/strong>&#8220;, dal 13 dicembre il tramonto comincia a ritardare a poco a poco ogni giorno, dando l\u2019impressione che i giorni siano gi\u00e0 tornati ad allungarsi.&nbsp;<\/p>\n<p style=\"text-align: justify;\"><strong><span style=\"color: #008000;\">Paolo Giannetti<\/span><\/strong><\/p>\n<p>&nbsp;<\/p>\n<p>in anteprima calendario gregoriano <a href=\"https:\/\/commons.wikimedia.org\/wiki\/File:Calendario-gregoriano.jpg\">Calendario-gregoriano.jpg &#8211; Wikimedia Commons<\/a><\/p>\n<p>&nbsp;<\/p>\n<p><a class=\"maxbutton-27 maxbutton maxbutton-un-regalo-per-te\" href=\"https:\/\/www.primevideo.com\/offers\/ref=atv_nb_lcl_it_IT?tag=amazon0e150-21 Italia\"><span class='mb-text'>Una sorpresa per te su Amazon Music unlimited<\/span><\/a>&nbsp; &nbsp;<a class=\"maxbutton-28 maxbutton maxbutton-amazon-prime\" title=\"Scopri i vantaggi di Amazon Prime\" href=\"javascript:void(0);\"><span class='mb-text'>Scopri i vantaggi di Amazon Prime<\/span><\/a><\/p>\n<p>&nbsp;<\/p>\n<p style=\"text-align: justify;\">Alcune delle foto presenti in questo blog possono essere state prese dal web, citandone ove possibile gli autori e\/o le fonti. Se qualcuno desiderasse specificarne l\u2019autore o rimuoverle, pu\u00f2 scrivere a infoocean4future@gmail.com e provvederemo immediatamente alla correzione dell\u2019articolo<br \/>\n<span style=\"color: #ffffff;\">.<\/span><\/p>\n<a class=\"maxbutton-3 maxbutton maxbutton-pagina-principale\" target=\"_blank\" title=\"tooltip\" rel=\"nofollow noopener\" href=\"http:\/\/www.ocean4future.org\"><span class='mb-text'>PAGINA PRINCIPALE<\/span><\/a>\n","protected":false},"excerpt":{"rendered":"<p><span class=\"span-reading-time rt-reading-time\" style=\"display: block;\"><span class=\"rt-label rt-prefix\">tempo di lettura: <\/span> <span class=\"rt-time\"> 5<\/span> <span class=\"rt-label rt-postfix\">minuti<\/span><\/span>. ARGOMENTO: NAUTICA PERIODO: I SECOLO a.C. &#8211; XIX SECOLO d.C. AREA: DIDATTICA parole chiave: calendario, Santa Lucia &nbsp; Buongiorno, da stanotte il cielo sar\u00e0 impreziosito (nuvole permettendo) dalla spettacolare Luna Piena &#8220;Fredda&#8221;, cos\u00ec chiamata secondo la tradizione dei nativi americani. Il nome \u00e8 ovviamente legato alle basse temperature che caratterizzano questo mese. Potremo scorgerla [&hellip;]<\/p>\n","protected":false},"author":2392,"featured_media":104698,"comment_status":"open","ping_status":"open","sticky":false,"template":"","format":"standard","meta":{"_acf_changed":false,"_monsterinsights_skip_tracking":false,"_monsterinsights_sitenote_active":false,"_monsterinsights_sitenote_note":"","_monsterinsights_sitenote_category":0,"footnotes":""},"categories":[2296,27],"tags":[],"class_list":["post-27409","post","type-post","status-publish","format-standard","has-post-thumbnail","hentry","category-astronomia-e-astrofisica","category-cartografiaenautica"],"acf":[],"yoast_head":"<!-- This site is optimized with the Yoast SEO plugin v27.4 - https:\/\/yoast.com\/product\/yoast-seo-wordpress\/ -->\n<title>Il problema del calendario e del giorno ... pi\u00f9 corto che ci sia &#8226; OCEAN4FUTURE autore<\/title>\n<meta name=\"robots\" content=\"index, follow, max-snippet:-1, max-image-preview:large, max-video-preview:-1\" \/>\n<link rel=\"canonical\" href=\"https:\/\/www.ocean4future.org\/savetheocean\/archives\/27409\" \/>\n<meta property=\"og:locale\" content=\"it_IT\" \/>\n<meta property=\"og:type\" content=\"article\" \/>\n<meta property=\"og:title\" content=\"Il problema del calendario e del giorno ... pi\u00f9 corto che ci sia &#8226; OCEAN4FUTURE autore\" \/>\n<meta property=\"og:description\" content=\"tempo di lettura:  5 minuti. ARGOMENTO: NAUTICA PERIODO: I SECOLO a.C. &#8211; XIX SECOLO d.C. AREA: DIDATTICA parole chiave: calendario, Santa Lucia &nbsp; Buongiorno, da stanotte il cielo sar\u00e0 impreziosito (nuvole permettendo) dalla spettacolare Luna Piena &#8220;Fredda&#8221;, cos\u00ec chiamata secondo la tradizione dei nativi americani. Il nome \u00e8 ovviamente legato alle basse temperature che caratterizzano questo mese. Potremo scorgerla [&hellip;]\" \/>\n<meta property=\"og:url\" content=\"https:\/\/www.ocean4future.org\/savetheocean\/archives\/27409\" \/>\n<meta property=\"og:site_name\" content=\"OCEAN4FUTURE\" \/>\n<meta property=\"article:published_time\" content=\"2019-12-13T00:11:37+00:00\" \/>\n<meta property=\"article:modified_time\" content=\"2024-05-06T06:50:32+00:00\" \/>\n<meta property=\"og:image\" content=\"https:\/\/www.ocean4future.org\/savetheocean\/wp-content\/uploads\/2019\/12\/calendario.jpeg\" \/>\n\t<meta property=\"og:image:width\" content=\"519\" \/>\n\t<meta property=\"og:image:height\" content=\"630\" \/>\n\t<meta property=\"og:image:type\" content=\"image\/jpeg\" \/>\n<meta name=\"author\" content=\"Paolo Giannetti\" \/>\n<meta name=\"twitter:card\" content=\"summary_large_image\" \/>\n<meta name=\"twitter:creator\" content=\"@ocean4future\" \/>\n<meta name=\"twitter:site\" content=\"@ocean4future\" \/>\n<meta name=\"twitter:label1\" content=\"Scritto da\" \/>\n\t<meta name=\"twitter:data1\" content=\"Paolo Giannetti\" \/>\n\t<meta name=\"twitter:label2\" content=\"Tempo di lettura stimato\" \/>\n\t<meta name=\"twitter:data2\" content=\"8 minuti\" \/>\n<script type=\"application\/ld+json\" class=\"yoast-schema-graph\">{\"@context\":\"https:\\\/\\\/schema.org\",\"@graph\":[{\"@type\":\"Article\",\"@id\":\"https:\\\/\\\/www.ocean4future.org\\\/savetheocean\\\/archives\\\/27409#article\",\"isPartOf\":{\"@id\":\"https:\\\/\\\/www.ocean4future.org\\\/savetheocean\\\/archives\\\/27409\"},\"author\":{\"name\":\"Paolo Giannetti\",\"@id\":\"https:\\\/\\\/www.ocean4future.org\\\/savetheocean\\\/#\\\/schema\\\/person\\\/87ae78eb45ba9f4fa13a07f7b7a854d1\"},\"headline\":\"Il problema del calendario e del giorno &#8230; pi\u00f9 corto che ci sia\",\"datePublished\":\"2019-12-13T00:11:37+00:00\",\"dateModified\":\"2024-05-06T06:50:32+00:00\",\"mainEntityOfPage\":{\"@id\":\"https:\\\/\\\/www.ocean4future.org\\\/savetheocean\\\/archives\\\/27409\"},\"wordCount\":1384,\"commentCount\":0,\"publisher\":{\"@id\":\"https:\\\/\\\/www.ocean4future.org\\\/savetheocean\\\/#\\\/schema\\\/person\\\/4e1c26437054353074d7bb2efa77162c\"},\"image\":{\"@id\":\"https:\\\/\\\/www.ocean4future.org\\\/savetheocean\\\/archives\\\/27409#primaryimage\"},\"thumbnailUrl\":\"https:\\\/\\\/www.ocean4future.org\\\/savetheocean\\\/wp-content\\\/uploads\\\/2019\\\/12\\\/calendario.jpeg\",\"articleSection\":[\"Astronomia e Astrofisica\",\"Cartografia e nautica\"],\"inLanguage\":\"it-IT\",\"potentialAction\":[{\"@type\":\"CommentAction\",\"name\":\"Comment\",\"target\":[\"https:\\\/\\\/www.ocean4future.org\\\/savetheocean\\\/archives\\\/27409#respond\"]}]},{\"@type\":\"WebPage\",\"@id\":\"https:\\\/\\\/www.ocean4future.org\\\/savetheocean\\\/archives\\\/27409\",\"url\":\"https:\\\/\\\/www.ocean4future.org\\\/savetheocean\\\/archives\\\/27409\",\"name\":\"Il problema del calendario e del giorno ... pi\u00f9 corto che ci sia &#8226; OCEAN4FUTURE autore\",\"isPartOf\":{\"@id\":\"https:\\\/\\\/www.ocean4future.org\\\/savetheocean\\\/#website\"},\"primaryImageOfPage\":{\"@id\":\"https:\\\/\\\/www.ocean4future.org\\\/savetheocean\\\/archives\\\/27409#primaryimage\"},\"image\":{\"@id\":\"https:\\\/\\\/www.ocean4future.org\\\/savetheocean\\\/archives\\\/27409#primaryimage\"},\"thumbnailUrl\":\"https:\\\/\\\/www.ocean4future.org\\\/savetheocean\\\/wp-content\\\/uploads\\\/2019\\\/12\\\/calendario.jpeg\",\"datePublished\":\"2019-12-13T00:11:37+00:00\",\"dateModified\":\"2024-05-06T06:50:32+00:00\",\"breadcrumb\":{\"@id\":\"https:\\\/\\\/www.ocean4future.org\\\/savetheocean\\\/archives\\\/27409#breadcrumb\"},\"inLanguage\":\"it-IT\",\"potentialAction\":[{\"@type\":\"ReadAction\",\"target\":[\"https:\\\/\\\/www.ocean4future.org\\\/savetheocean\\\/archives\\\/27409\"]}]},{\"@type\":\"ImageObject\",\"inLanguage\":\"it-IT\",\"@id\":\"https:\\\/\\\/www.ocean4future.org\\\/savetheocean\\\/archives\\\/27409#primaryimage\",\"url\":\"https:\\\/\\\/www.ocean4future.org\\\/savetheocean\\\/wp-content\\\/uploads\\\/2019\\\/12\\\/calendario.jpeg\",\"contentUrl\":\"https:\\\/\\\/www.ocean4future.org\\\/savetheocean\\\/wp-content\\\/uploads\\\/2019\\\/12\\\/calendario.jpeg\",\"width\":519,\"height\":630},{\"@type\":\"BreadcrumbList\",\"@id\":\"https:\\\/\\\/www.ocean4future.org\\\/savetheocean\\\/archives\\\/27409#breadcrumb\",\"itemListElement\":[{\"@type\":\"ListItem\",\"position\":1,\"name\":\"Home\",\"item\":\"https:\\\/\\\/www.ocean4future.org\\\/savetheocean\"},{\"@type\":\"ListItem\",\"position\":2,\"name\":\"Il problema del calendario e del giorno &#8230; pi\u00f9 corto che ci sia\"}]},{\"@type\":\"WebSite\",\"@id\":\"https:\\\/\\\/www.ocean4future.org\\\/savetheocean\\\/#website\",\"url\":\"https:\\\/\\\/www.ocean4future.org\\\/savetheocean\\\/\",\"name\":\"Ocean 4 Future\",\"description\":\"Per una nuova cultura del mare e della marittimit\u00e0\",\"publisher\":{\"@id\":\"https:\\\/\\\/www.ocean4future.org\\\/savetheocean\\\/#\\\/schema\\\/person\\\/4e1c26437054353074d7bb2efa77162c\"},\"potentialAction\":[{\"@type\":\"SearchAction\",\"target\":{\"@type\":\"EntryPoint\",\"urlTemplate\":\"https:\\\/\\\/www.ocean4future.org\\\/savetheocean\\\/?s={search_term_string}\"},\"query-input\":{\"@type\":\"PropertyValueSpecification\",\"valueRequired\":true,\"valueName\":\"search_term_string\"}}],\"inLanguage\":\"it-IT\"},{\"@type\":[\"Person\",\"Organization\"],\"@id\":\"https:\\\/\\\/www.ocean4future.org\\\/savetheocean\\\/#\\\/schema\\\/person\\\/4e1c26437054353074d7bb2efa77162c\",\"name\":\"oceandiver\",\"image\":{\"@type\":\"ImageObject\",\"inLanguage\":\"it-IT\",\"@id\":\"https:\\\/\\\/www.ocean4future.org\\\/savetheocean\\\/wp-content\\\/uploads\\\/2023\\\/04\\\/logo-ocean3.jpg\",\"url\":\"https:\\\/\\\/www.ocean4future.org\\\/savetheocean\\\/wp-content\\\/uploads\\\/2023\\\/04\\\/logo-ocean3.jpg\",\"contentUrl\":\"https:\\\/\\\/www.ocean4future.org\\\/savetheocean\\\/wp-content\\\/uploads\\\/2023\\\/04\\\/logo-ocean3.jpg\",\"width\":472,\"height\":301,\"caption\":\"oceandiver\"},\"logo\":{\"@id\":\"https:\\\/\\\/www.ocean4future.org\\\/savetheocean\\\/wp-content\\\/uploads\\\/2023\\\/04\\\/logo-ocean3.jpg\"}},{\"@type\":\"Person\",\"@id\":\"https:\\\/\\\/www.ocean4future.org\\\/savetheocean\\\/#\\\/schema\\\/person\\\/87ae78eb45ba9f4fa13a07f7b7a854d1\",\"name\":\"Paolo Giannetti\",\"image\":{\"@type\":\"ImageObject\",\"inLanguage\":\"it-IT\",\"@id\":\"https:\\\/\\\/secure.gravatar.com\\\/avatar\\\/b1083834c6e992aeae76c109201db91f483174c222a0b43b0537c54be3a25c88?s=96&d=mm&r=g\",\"url\":\"https:\\\/\\\/secure.gravatar.com\\\/avatar\\\/b1083834c6e992aeae76c109201db91f483174c222a0b43b0537c54be3a25c88?s=96&d=mm&r=g\",\"contentUrl\":\"https:\\\/\\\/secure.gravatar.com\\\/avatar\\\/b1083834c6e992aeae76c109201db91f483174c222a0b43b0537c54be3a25c88?s=96&d=mm&r=g\",\"caption\":\"Paolo Giannetti\"},\"description\":\"entrato in Accademia nel 1977 (Corso SAOREN) ha prestato servizio e comandato numerose unit\u00e0 navali, specializzandosi nel tempo in Idrografia (Idrographic Surveyor di categoria \u201cA\u201d) e Oceanografia con un Master presso la Naval Postgraduate School di Monterey, California. Appassionato divulgatore ha creato Capitan Bitta, detto il \\\"Gianbibbiena\\\", un personaggio immaginario che racconta con brevi scritti curiosit\u00e0 di nautica, meteorologia e astronomia\",\"url\":\"https:\\\/\\\/www.ocean4future.org\\\/savetheocean\\\/archives\\\/author\\\/paolo-giannetti\"}]}<\/script>\n<!-- \/ Yoast SEO plugin. -->","yoast_head_json":{"title":"Il problema del calendario e del giorno ... pi\u00f9 corto che ci sia &#8226; OCEAN4FUTURE autore","robots":{"index":"index","follow":"follow","max-snippet":"max-snippet:-1","max-image-preview":"max-image-preview:large","max-video-preview":"max-video-preview:-1"},"canonical":"https:\/\/www.ocean4future.org\/savetheocean\/archives\/27409","og_locale":"it_IT","og_type":"article","og_title":"Il problema del calendario e del giorno ... pi\u00f9 corto che ci sia &#8226; OCEAN4FUTURE autore","og_description":"tempo di lettura:  5 minuti. ARGOMENTO: NAUTICA PERIODO: I SECOLO a.C. &#8211; XIX SECOLO d.C. AREA: DIDATTICA parole chiave: calendario, Santa Lucia &nbsp; Buongiorno, da stanotte il cielo sar\u00e0 impreziosito (nuvole permettendo) dalla spettacolare Luna Piena &#8220;Fredda&#8221;, cos\u00ec chiamata secondo la tradizione dei nativi americani. Il nome \u00e8 ovviamente legato alle basse temperature che caratterizzano questo mese. Potremo scorgerla [&hellip;]","og_url":"https:\/\/www.ocean4future.org\/savetheocean\/archives\/27409","og_site_name":"OCEAN4FUTURE","article_published_time":"2019-12-13T00:11:37+00:00","article_modified_time":"2024-05-06T06:50:32+00:00","og_image":[{"width":519,"height":630,"url":"https:\/\/www.ocean4future.org\/savetheocean\/wp-content\/uploads\/2019\/12\/calendario.jpeg","type":"image\/jpeg"}],"author":"Paolo Giannetti","twitter_card":"summary_large_image","twitter_creator":"@ocean4future","twitter_site":"@ocean4future","twitter_misc":{"Scritto da":"Paolo Giannetti","Tempo di lettura stimato":"8 minuti"},"schema":{"@context":"https:\/\/schema.org","@graph":[{"@type":"Article","@id":"https:\/\/www.ocean4future.org\/savetheocean\/archives\/27409#article","isPartOf":{"@id":"https:\/\/www.ocean4future.org\/savetheocean\/archives\/27409"},"author":{"name":"Paolo Giannetti","@id":"https:\/\/www.ocean4future.org\/savetheocean\/#\/schema\/person\/87ae78eb45ba9f4fa13a07f7b7a854d1"},"headline":"Il problema del calendario e del giorno &#8230; pi\u00f9 corto che ci sia","datePublished":"2019-12-13T00:11:37+00:00","dateModified":"2024-05-06T06:50:32+00:00","mainEntityOfPage":{"@id":"https:\/\/www.ocean4future.org\/savetheocean\/archives\/27409"},"wordCount":1384,"commentCount":0,"publisher":{"@id":"https:\/\/www.ocean4future.org\/savetheocean\/#\/schema\/person\/4e1c26437054353074d7bb2efa77162c"},"image":{"@id":"https:\/\/www.ocean4future.org\/savetheocean\/archives\/27409#primaryimage"},"thumbnailUrl":"https:\/\/www.ocean4future.org\/savetheocean\/wp-content\/uploads\/2019\/12\/calendario.jpeg","articleSection":["Astronomia e Astrofisica","Cartografia e nautica"],"inLanguage":"it-IT","potentialAction":[{"@type":"CommentAction","name":"Comment","target":["https:\/\/www.ocean4future.org\/savetheocean\/archives\/27409#respond"]}]},{"@type":"WebPage","@id":"https:\/\/www.ocean4future.org\/savetheocean\/archives\/27409","url":"https:\/\/www.ocean4future.org\/savetheocean\/archives\/27409","name":"Il problema del calendario e del giorno ... pi\u00f9 corto che ci sia &#8226; OCEAN4FUTURE autore","isPartOf":{"@id":"https:\/\/www.ocean4future.org\/savetheocean\/#website"},"primaryImageOfPage":{"@id":"https:\/\/www.ocean4future.org\/savetheocean\/archives\/27409#primaryimage"},"image":{"@id":"https:\/\/www.ocean4future.org\/savetheocean\/archives\/27409#primaryimage"},"thumbnailUrl":"https:\/\/www.ocean4future.org\/savetheocean\/wp-content\/uploads\/2019\/12\/calendario.jpeg","datePublished":"2019-12-13T00:11:37+00:00","dateModified":"2024-05-06T06:50:32+00:00","breadcrumb":{"@id":"https:\/\/www.ocean4future.org\/savetheocean\/archives\/27409#breadcrumb"},"inLanguage":"it-IT","potentialAction":[{"@type":"ReadAction","target":["https:\/\/www.ocean4future.org\/savetheocean\/archives\/27409"]}]},{"@type":"ImageObject","inLanguage":"it-IT","@id":"https:\/\/www.ocean4future.org\/savetheocean\/archives\/27409#primaryimage","url":"https:\/\/www.ocean4future.org\/savetheocean\/wp-content\/uploads\/2019\/12\/calendario.jpeg","contentUrl":"https:\/\/www.ocean4future.org\/savetheocean\/wp-content\/uploads\/2019\/12\/calendario.jpeg","width":519,"height":630},{"@type":"BreadcrumbList","@id":"https:\/\/www.ocean4future.org\/savetheocean\/archives\/27409#breadcrumb","itemListElement":[{"@type":"ListItem","position":1,"name":"Home","item":"https:\/\/www.ocean4future.org\/savetheocean"},{"@type":"ListItem","position":2,"name":"Il problema del calendario e del giorno &#8230; pi\u00f9 corto che ci sia"}]},{"@type":"WebSite","@id":"https:\/\/www.ocean4future.org\/savetheocean\/#website","url":"https:\/\/www.ocean4future.org\/savetheocean\/","name":"Ocean 4 Future","description":"Per una nuova cultura del mare e della marittimit\u00e0","publisher":{"@id":"https:\/\/www.ocean4future.org\/savetheocean\/#\/schema\/person\/4e1c26437054353074d7bb2efa77162c"},"potentialAction":[{"@type":"SearchAction","target":{"@type":"EntryPoint","urlTemplate":"https:\/\/www.ocean4future.org\/savetheocean\/?s={search_term_string}"},"query-input":{"@type":"PropertyValueSpecification","valueRequired":true,"valueName":"search_term_string"}}],"inLanguage":"it-IT"},{"@type":["Person","Organization"],"@id":"https:\/\/www.ocean4future.org\/savetheocean\/#\/schema\/person\/4e1c26437054353074d7bb2efa77162c","name":"oceandiver","image":{"@type":"ImageObject","inLanguage":"it-IT","@id":"https:\/\/www.ocean4future.org\/savetheocean\/wp-content\/uploads\/2023\/04\/logo-ocean3.jpg","url":"https:\/\/www.ocean4future.org\/savetheocean\/wp-content\/uploads\/2023\/04\/logo-ocean3.jpg","contentUrl":"https:\/\/www.ocean4future.org\/savetheocean\/wp-content\/uploads\/2023\/04\/logo-ocean3.jpg","width":472,"height":301,"caption":"oceandiver"},"logo":{"@id":"https:\/\/www.ocean4future.org\/savetheocean\/wp-content\/uploads\/2023\/04\/logo-ocean3.jpg"}},{"@type":"Person","@id":"https:\/\/www.ocean4future.org\/savetheocean\/#\/schema\/person\/87ae78eb45ba9f4fa13a07f7b7a854d1","name":"Paolo Giannetti","image":{"@type":"ImageObject","inLanguage":"it-IT","@id":"https:\/\/secure.gravatar.com\/avatar\/b1083834c6e992aeae76c109201db91f483174c222a0b43b0537c54be3a25c88?s=96&d=mm&r=g","url":"https:\/\/secure.gravatar.com\/avatar\/b1083834c6e992aeae76c109201db91f483174c222a0b43b0537c54be3a25c88?s=96&d=mm&r=g","contentUrl":"https:\/\/secure.gravatar.com\/avatar\/b1083834c6e992aeae76c109201db91f483174c222a0b43b0537c54be3a25c88?s=96&d=mm&r=g","caption":"Paolo Giannetti"},"description":"entrato in Accademia nel 1977 (Corso SAOREN) ha prestato servizio e comandato numerose unit\u00e0 navali, specializzandosi nel tempo in Idrografia (Idrographic Surveyor di categoria \u201cA\u201d) e Oceanografia con un Master presso la Naval Postgraduate School di Monterey, California. Appassionato divulgatore ha creato Capitan Bitta, detto il \"Gianbibbiena\", un personaggio immaginario che racconta con brevi scritti curiosit\u00e0 di nautica, meteorologia e astronomia","url":"https:\/\/www.ocean4future.org\/savetheocean\/archives\/author\/paolo-giannetti"}]}},"_links":{"self":[{"href":"https:\/\/www.ocean4future.org\/savetheocean\/wp-json\/wp\/v2\/posts\/27409","targetHints":{"allow":["GET"]}}],"collection":[{"href":"https:\/\/www.ocean4future.org\/savetheocean\/wp-json\/wp\/v2\/posts"}],"about":[{"href":"https:\/\/www.ocean4future.org\/savetheocean\/wp-json\/wp\/v2\/types\/post"}],"author":[{"embeddable":true,"href":"https:\/\/www.ocean4future.org\/savetheocean\/wp-json\/wp\/v2\/users\/2392"}],"replies":[{"embeddable":true,"href":"https:\/\/www.ocean4future.org\/savetheocean\/wp-json\/wp\/v2\/comments?post=27409"}],"version-history":[{"count":0,"href":"https:\/\/www.ocean4future.org\/savetheocean\/wp-json\/wp\/v2\/posts\/27409\/revisions"}],"wp:featuredmedia":[{"embeddable":true,"href":"https:\/\/www.ocean4future.org\/savetheocean\/wp-json\/wp\/v2\/media\/104698"}],"wp:attachment":[{"href":"https:\/\/www.ocean4future.org\/savetheocean\/wp-json\/wp\/v2\/media?parent=27409"}],"wp:term":[{"taxonomy":"category","embeddable":true,"href":"https:\/\/www.ocean4future.org\/savetheocean\/wp-json\/wp\/v2\/categories?post=27409"},{"taxonomy":"post_tag","embeddable":true,"href":"https:\/\/www.ocean4future.org\/savetheocean\/wp-json\/wp\/v2\/tags?post=27409"}],"curies":[{"name":"wp","href":"https:\/\/api.w.org\/{rel}","templated":true}]}}