{"id":27135,"date":"2023-06-22T00:01:17","date_gmt":"2023-06-21T22:01:17","guid":{"rendered":"http:\/\/www.ocean4future.org\/?p=27135"},"modified":"2023-06-18T15:15:19","modified_gmt":"2023-06-18T13:15:19","slug":"27135","status":"publish","type":"post","link":"https:\/\/www.ocean4future.org\/savetheocean\/archives\/27135","title":{"rendered":"L&#8217;uso del remo nelle corvette del Settecento"},"content":{"rendered":"<span class=\"span-reading-time rt-reading-time\" style=\"display: block;\"><span class=\"rt-label rt-prefix\">tempo di lettura: <\/span> <span class=\"rt-time\"> 5<\/span> <span class=\"rt-label rt-postfix\">minuti<\/span><\/span><p><span style=\"color: #ffffff;\">.<\/span><br \/>\n<a class=\"maxbutton-4 maxbutton maxbutton-livello-di-comprensione\" href=\"javascript:void(0);\"><span class='mb-text'>livello elementare<\/span><\/a><\/p>\n<p><span style=\"color: #ffffff;\">.<\/span><\/p>\n<p><strong><span style=\"color: #008000;\">ARGOMENTO: STORIA NAVALE<\/span><\/strong><br \/>\n<strong><span style=\"color: #008000;\">PERIODO: XVIII SECOLO<\/span><\/strong><br \/>\n<strong><span style=\"color: #008000;\">AREA: MEDITERRANEO<\/span><\/strong><br \/>\n<span style=\"font-size: 12pt;\">parole chiave: corvette, remi, battaglie navali, Mediterraneo<br \/>\n<span style=\"color: #ffffff;\">.<\/span><\/span><\/p>\n<p style=\"text-align: justify;\"><span style=\"font-size: 18pt;\"><strong><span style=\"color: #008000;\">Le corvette veneziane del XVIII secolo<\/span><\/strong><\/span><br \/>\nNei primi decenni del Settecento un piccolo numero di corvette (o \u201ccrovette\u201d), solitamente non pi\u00f9 di tre, faceva parte della squadra veneziana del Capitano del Golfo. La squadra si occupava essenzialmente di polizia marittima nel Mar Adriatico, con un\u2019area operativa che andava dalla linea Zara-Ancona a Corf\u00f9, e con l\u2019isola di Lesina come base principale.<\/p>\n<p><img decoding=\"async\" class=\"wp-image-27150 size-full\" src=\"https:\/\/www.ocean4future.org\/savetheocean\/wp-content\/uploads\/2019\/01\/49248050_224794868455025_3545480663735992320_n.jpg\" alt=\"\" width=\"2048\" height=\"937\" srcset=\"https:\/\/www.ocean4future.org\/savetheocean\/wp-content\/uploads\/2019\/01\/49248050_224794868455025_3545480663735992320_n.jpg 2048w, https:\/\/www.ocean4future.org\/savetheocean\/wp-content\/uploads\/2019\/01\/49248050_224794868455025_3545480663735992320_n-300x137.jpg 300w, https:\/\/www.ocean4future.org\/savetheocean\/wp-content\/uploads\/2019\/01\/49248050_224794868455025_3545480663735992320_n-768x351.jpg 768w, https:\/\/www.ocean4future.org\/savetheocean\/wp-content\/uploads\/2019\/01\/49248050_224794868455025_3545480663735992320_n-1024x469.jpg 1024w, https:\/\/www.ocean4future.org\/savetheocean\/wp-content\/uploads\/2019\/01\/49248050_224794868455025_3545480663735992320_n-1200x549.jpg 1200w\" sizes=\"(max-width: 2048px) 100vw, 2048px\" \/><\/p>\n<p align=\"JUSTIFY\"><strong><span style=\"color: #008000;\">fregata a remi veneziana (<a href=\"https:\/\/www.internetculturale.it\/it\/16\/search?q=&amp;searchType=avanzato&amp;channel__creator=%22Antonio+Nadale+%3CVenezia%2C+notizie+1729-1773%3E%22&amp;channel__contributor=%22Antonio+Nadale+%3CVenezia%2C+notizie+1729-1773%3E%22&amp;opCha__contributor=OR&amp;opCha__creator=OR\">progetto di Antonio Nadale<\/a>) &#8211; Biblioteca Universitaria di Padova<\/span><\/strong><\/p>\n<p style=\"text-align: justify;\">La squadra era formata da poche unit\u00e0, con punte massime, nel corso di Seicento, di sei sette galee (solitamente non tutte operative, anzi spesso le galee in crociera erano due o tre) e galeotte e barche armate come unit\u00e0 leggere, che operavano solitamente di conserva alle galee, a formare anche squadriglie come sotto unit\u00e0 della squadra.<\/p>\n<table>\n<tbody>\n<tr>\n<td style=\"text-align: justify; background-color: #f7f36f;\">\n<figure id=\"attachment_27146\" aria-describedby=\"caption-attachment-27146\" style=\"width: 251px\" class=\"wp-caption alignleft\"><img decoding=\"async\" class=\"wp-image-27146\" src=\"https:\/\/www.ocean4future.org\/savetheocean\/wp-content\/uploads\/2019\/01\/330px-Angelo_Emo_Capodilista.jpg\" alt=\"\" width=\"251\" height=\"334\" srcset=\"https:\/\/www.ocean4future.org\/savetheocean\/wp-content\/uploads\/2019\/01\/330px-Angelo_Emo_Capodilista.jpg 330w, https:\/\/www.ocean4future.org\/savetheocean\/wp-content\/uploads\/2019\/01\/330px-Angelo_Emo_Capodilista-225x300.jpg 225w\" sizes=\"(max-width: 251px) 100vw, 251px\" \/><figcaption id=\"caption-attachment-27146\" class=\"wp-caption-text\"><strong><span style=\"color: #008000;\">ammiraglio Angelo Emo &#8211; 1786<\/span><\/strong><a href=\"https:\/\/commons.wikimedia.org\/wiki\/File:Angelo_Emo_Capodilista.jpg\">Angelo Emo Capodilista.jpg &#8211; Wikimedia Commons<\/a><\/figcaption><\/figure>\n<p><span style=\"font-size: 12pt;\"><span style=\"color: #008000;\"><strong>Una figura degna di nota del XVIII secolo veneziano fu l&#8217;ammiraglio (capitano do mar) Angelo Emo.&nbsp;<\/strong> <strong> All&#8217;et\u00e0 di 20 anni entr\u00f2 nella marina veneziana, in qualit\u00e0 di ufficiale patrizio, a bordo dei velieri della cosiddetta Armada Grossa e, gi\u00e0 nel 1760, gli venne affidato il comando di una nave da 74 cannoni,<\/strong> <strong>col<\/strong> <\/span><strong><span style=\"color: #008000;\">compito di scortare il delegato Francesco Grimani a Corf\u00f9. Una carriera brillante che lo vide stimato dai suoi equipaggi ma criticato dai politici. <\/span><\/strong><\/span><span style=\"font-size: 12pt;\"><strong><span style=\"color: #008000;\">La sua non comune visione lo port\u00f2 a proporre una profonda riforma della marina veneziana su modello di quella britannica. L&#8217;ammiraglio Angelo Emo, rendendosi conto delle debolezze e inefficienze che gravavano sull&#8217;antica potenza navale, ricerc\u00f2 una maggiore professionalizzazione del personale imbarcato attraverso<\/span><span style=\"color: #008000;\"><strong> una migliore selezione del personale nel reclutamento (anche con l&#8217;aumento delle paghe dei marinai) e l&#8217;introduzione di chiare norme di disciplina e di avanzamento delle <\/strong>carriere. I suoi sforzi riuscirono solo in parte scontrandosi con una catena di comando poco recettiva che privilegiava l&#8217;anzianit\u00e0 di servizio sopra ogni altra cosa e, Angelo Emo, gi\u00e0 ammiraglio prima dei sessant&#8217;anni, era un&#8217;eccezione sopportata (per il suo valore) ma non sostenuta dal Senato. Mor\u00ec nel 1792 al comando delle sue navi nelle acque di Malta e venne seppellito nella chiesa di san Biagio, La Valletta, con grandi onori dai suoi equipaggi. Pochi anni dopo, nel 1797, ebbe fine la marina veneziana a seguito della caduta della Repubblica di Venezia dovuta alle truppe di Napoleone. I Francesi, dopo aver incendiato l&#8217;Arsenale, catturarono o affondarono tutte le 184 navi presenti e licenziarono tutti i dipendenti dell&#8217;Arsenale. La grande marineria veneziana aveva fine. &nbsp; <\/span><\/strong><strong><span style=\"color: #008000;\">Nota della Redazione<\/span><\/strong><\/span><\/td>\n<\/tr>\n<\/tbody>\n<\/table>\n<p style=\"text-align: justify;\">Nel Settecento la squadra si arricchisce di un\u2019altra tipologia di unit\u00e0, le<strong><span style=\"color: #008000;\"> corvette<\/span><\/strong>, legni armati a brigantino e dotati, come le altre unit\u00e0 della squadra, di remi.<\/p>\n<p><img decoding=\"async\" class=\"wp-image-27156 size-full\" src=\"https:\/\/www.ocean4future.org\/savetheocean\/wp-content\/uploads\/2019\/01\/fregata-a-remi-veneziana.jpg\" alt=\"\" width=\"2048\" height=\"1500\" srcset=\"https:\/\/www.ocean4future.org\/savetheocean\/wp-content\/uploads\/2019\/01\/fregata-a-remi-veneziana.jpg 2048w, https:\/\/www.ocean4future.org\/savetheocean\/wp-content\/uploads\/2019\/01\/fregata-a-remi-veneziana-300x220.jpg 300w, https:\/\/www.ocean4future.org\/savetheocean\/wp-content\/uploads\/2019\/01\/fregata-a-remi-veneziana-768x563.jpg 768w, https:\/\/www.ocean4future.org\/savetheocean\/wp-content\/uploads\/2019\/01\/fregata-a-remi-veneziana-1024x750.jpg 1024w, https:\/\/www.ocean4future.org\/savetheocean\/wp-content\/uploads\/2019\/01\/fregata-a-remi-veneziana-220x161.jpg 220w, https:\/\/www.ocean4future.org\/savetheocean\/wp-content\/uploads\/2019\/01\/fregata-a-remi-veneziana-1200x879.jpg 1200w\" sizes=\"(max-width: 2048px) 100vw, 2048px\" \/><\/p>\n<p align=\"JUSTIFY\"><strong><span style=\"color: #008000;\">fregata a remi veneziana &#8211; Progetto Alessandro Nadale &#8211; Biblioteca universitaria di Padova<\/span><\/strong><\/p>\n<p><img decoding=\"async\" class=\"wp-image-27155 size-full\" src=\"https:\/\/www.ocean4future.org\/savetheocean\/wp-content\/uploads\/2019\/01\/Fregata-a-remi-veneziana-altro-progetto-di-Antonio-Nadale-1729-1773-Biblioteca-Universitaria-di-Padova.jpg\" alt=\"\" width=\"2048\" height=\"1488\" srcset=\"https:\/\/www.ocean4future.org\/savetheocean\/wp-content\/uploads\/2019\/01\/Fregata-a-remi-veneziana-altro-progetto-di-Antonio-Nadale-1729-1773-Biblioteca-Universitaria-di-Padova.jpg 2048w, https:\/\/www.ocean4future.org\/savetheocean\/wp-content\/uploads\/2019\/01\/Fregata-a-remi-veneziana-altro-progetto-di-Antonio-Nadale-1729-1773-Biblioteca-Universitaria-di-Padova-300x218.jpg 300w, https:\/\/www.ocean4future.org\/savetheocean\/wp-content\/uploads\/2019\/01\/Fregata-a-remi-veneziana-altro-progetto-di-Antonio-Nadale-1729-1773-Biblioteca-Universitaria-di-Padova-768x558.jpg 768w, https:\/\/www.ocean4future.org\/savetheocean\/wp-content\/uploads\/2019\/01\/Fregata-a-remi-veneziana-altro-progetto-di-Antonio-Nadale-1729-1773-Biblioteca-Universitaria-di-Padova-1024x744.jpg 1024w, https:\/\/www.ocean4future.org\/savetheocean\/wp-content\/uploads\/2019\/01\/Fregata-a-remi-veneziana-altro-progetto-di-Antonio-Nadale-1729-1773-Biblioteca-Universitaria-di-Padova-220x161.jpg 220w, https:\/\/www.ocean4future.org\/savetheocean\/wp-content\/uploads\/2019\/01\/Fregata-a-remi-veneziana-altro-progetto-di-Antonio-Nadale-1729-1773-Biblioteca-Universitaria-di-Padova-1200x872.jpg 1200w\" sizes=\"(max-width: 2048px) 100vw, 2048px\" \/><\/p>\n<p align=\"JUSTIFY\"><strong><span style=\"color: #008000;\">fregata a remi veneziana &#8211; <a href=\"https:\/\/www.internetculturale.it\/it\/16\/search?q=&amp;searchType=avanzato&amp;channel__creator=%22Antonio+Nadale+%3CVenezia%2C+notizie+1729-1773%3E%22&amp;channel__contributor=%22Antonio+Nadale+%3CVenezia%2C+notizie+1729-1773%3E%22&amp;opCha__contributor=OR&amp;opCha__creator=OR\">Progetto Alessandro Nadale<\/a> &#8211; Biblioteca universitaria di Padova<\/span><\/strong><\/p>\n<p><img decoding=\"async\" class=\"wp-image-27152 size-full\" src=\"https:\/\/www.ocean4future.org\/savetheocean\/wp-content\/uploads\/2019\/01\/49673884_2280389718950839_6340433376092094464_n.jpg\" alt=\"\" width=\"1847\" height=\"1103\" srcset=\"https:\/\/www.ocean4future.org\/savetheocean\/wp-content\/uploads\/2019\/01\/49673884_2280389718950839_6340433376092094464_n.jpg 1847w, https:\/\/www.ocean4future.org\/savetheocean\/wp-content\/uploads\/2019\/01\/49673884_2280389718950839_6340433376092094464_n-300x179.jpg 300w, https:\/\/www.ocean4future.org\/savetheocean\/wp-content\/uploads\/2019\/01\/49673884_2280389718950839_6340433376092094464_n-768x459.jpg 768w, https:\/\/www.ocean4future.org\/savetheocean\/wp-content\/uploads\/2019\/01\/49673884_2280389718950839_6340433376092094464_n-1024x612.jpg 1024w, https:\/\/www.ocean4future.org\/savetheocean\/wp-content\/uploads\/2019\/01\/49673884_2280389718950839_6340433376092094464_n-1200x717.jpg 1200w\" sizes=\"(max-width: 1847px) 100vw, 1847px\" \/><\/p>\n<p align=\"JUSTIFY\"><strong><span style=\"color: #008000;\">fregata a remi veneziana &#8211; <a href=\"_wp_link_placeholder\" data-wplink-edit=\"true\">Progetto Alessandro Nadale<\/a> &#8211; Biblioteca universitaria di Padova &#8211; notare le coppie di boccaporti inframezzati a quelli dei cannoni per i remi <\/span><\/strong><\/p>\n<p style=\"text-align: justify;\">Il remo era elemento essenziale nella guerriglia marittima mediterranea correlate alla corsa e alla contro-corsa (<strong><span style=\"color: #008000;\">polizia marittima<\/span><\/strong>). Sulla scia della storiografia navale oceanistica, principalmente britannica, la manovra al remo nei secoli dell\u2019et\u00e0 moderna era considerata retaggio del passato e simbolo dell\u2019arretratezza e del declino del Mediterraneo, sotto il profilo economico-marittimo e navale (cio\u00e8 militare).<\/p>\n<p><img decoding=\"async\" class=\"wp-image-27153 size-full\" src=\"https:\/\/www.ocean4future.org\/savetheocean\/wp-content\/uploads\/2019\/01\/49898873_606631899767927_3049406202971684864_n.jpg\" alt=\"\" width=\"2023\" height=\"1370\" srcset=\"https:\/\/www.ocean4future.org\/savetheocean\/wp-content\/uploads\/2019\/01\/49898873_606631899767927_3049406202971684864_n.jpg 2023w, https:\/\/www.ocean4future.org\/savetheocean\/wp-content\/uploads\/2019\/01\/49898873_606631899767927_3049406202971684864_n-300x203.jpg 300w, https:\/\/www.ocean4future.org\/savetheocean\/wp-content\/uploads\/2019\/01\/49898873_606631899767927_3049406202971684864_n-768x520.jpg 768w, https:\/\/www.ocean4future.org\/savetheocean\/wp-content\/uploads\/2019\/01\/49898873_606631899767927_3049406202971684864_n-1024x693.jpg 1024w, https:\/\/www.ocean4future.org\/savetheocean\/wp-content\/uploads\/2019\/01\/49898873_606631899767927_3049406202971684864_n-1200x813.jpg 1200w\" sizes=\"(max-width: 2023px) 100vw, 2023px\" \/><\/p>\n<p align=\"JUSTIFY\"><strong><span style=\"color: #008000;\">fregata a remi veneziana &#8211; i boccaporti per i remi sono inframmezzati a quelli dei cannoni&nbsp;<\/span><\/strong><\/p>\n<p align=\"JUSTIFY\">I disegni sono presi da :<\/p>\n<p align=\"JUSTIFY\"><strong><span style=\"color: #008000;\"> <a href=\"https:\/\/www.internetculturale.it\/it\/41\/collezioni-digitali\/26251\/\">Disegni navali veneziani del Settecento &#8211; Internet Culturale<\/a><\/span><\/strong><\/p>\n<p align=\"JUSTIFY\"><strong><span style=\"color: #008000;\"><a href=\"https:\/\/forum.game-labs.net\/topic\/7685-venetianitalian-ship-collection-with-plans\/?\/topic\/7685-venetianitalian-ship-collection-with-plans\/?hl=venetian\">Venetian\/Italian Ship Collection (With Plans) &#8211; National ship and other thematic or special ship collections &#8211; Game-Labs Forum<\/a><\/span><\/strong><\/p>\n<p style=\"text-align: justify;\"><span style=\"font-size: 18pt;\"><strong><span style=\"color: #008000;\">Non \u00e9 cos\u00ec<br \/>\n<\/span><\/strong><\/span>La prospettiva oceanistica, che vede nel veliero oceanico l\u2019unica forma di modernit\u00e0 nautica e guarda agli oceani come unici protagonisti della modernit\u00e0 navale, non \u00e8 applicabile al Mediterraneo a scatola chiusa; va messa in relazione con l\u2019ambiente meteo marino mediterraneo e con gli ambiti operativi in cui agivano le forza navali mediterranee. Il Mediterraneo non \u00e8 in declino in et\u00e0 moderna, anzi i traffici marittimi al suo interno crescono. Ma non \u00e8 questo il momento di parlarne. Quello che qui ci interessa \u00e8 capire quale era l\u2019ambiente e quali erano le condizioni operative in cui agivano le flotte mediterranee.<\/p>\n<p style=\"text-align: justify;\"><strong><span style=\"color: #008000;\"><span style=\"font-size: 14pt;\">Un ambiente caratterizzato da:<\/span><\/span><\/strong><br \/>\n&#8211; presenza di una guerriglia marittima (corsa e controcorsa) che scandiva la quotidianit\u00e0 mediterranea nella buona stagione (la stagione in cui principalmente si navigava);<\/p>\n<p>&#8211; una buona stagione caratterizzata da frequenti calme e dal ricorrere della bonaccia;<\/p>\n<p style=\"text-align: justify;\">&#8211; un mare stretto fra terre in cui si navigava principalmente sotto costa, e quindi in spazi ancora pi\u00f9 stretti.<\/p>\n<p style=\"text-align: justify;\">Per navigare sotto costa, in spazi stretti, durante la stagione delle calme e delle bonacce, in caccia dei bastimenti corsari che predavano i mercantili, il remo era quindi elemento fondamentale. <strong><span style=\"color: #008000;\">Non era un sintomo di arretratezza ma una necessit\u00e0 imprescindibile.<\/span> <\/strong>Non \u00e8 un caso se le marine nordiche, frequentando il Mediterraneo, a partire dal tardo Seicento adatteranno i loro velieri alle necessit\u00e0 imposte dall\u2019ambiente munendoli di remi.<\/p>\n<p><img decoding=\"async\" src=\"https:\/\/www.ocean4future.org\/savetheocean\/wp-content\/uploads\/2023\/06\/NAVI-FREGATA-GALEA-VELA-REMI-640px-The_Charles_Galley-Willem_van_de_Velde_the_Younger-2.jpg\" alt=\"Questa immagine ha l'attributo alt vuoto; il nome del file \u00e8 NAVI-FREGATA-GALEA-VELA-REMI-640px-The_Charles_Galley-Willem_van_de_Velde_the_Younger-2.jpg\" width=\"640\" height=\"501\"><\/p>\n<p align=\"JUSTIFY\"><strong><span style=\"color: #008000;\">HMS Charles Galley, fregata galera inglese da 32 cannoni varata nel 1676 appositamente per operare nel Mediterraneo contro i corsari barbareschi Van de Velde il Giovane, National Maritime Museum<\/span><\/strong><a href=\"https:\/\/commons.wikimedia.org\/wiki\/File:The_Charles_Galley-Willem_van_de_Velde_the_Younger-2.jpg\">The Charles Galley-Willem van de Velde the Younger-2.jpg &#8211; Wikimedia Commons<\/a><\/p>\n<p style=\"text-align: justify;\">Dal tardo Cinquecento si moltiplicano nelle fonti i casi di galeoni, navi e fregate inglesi, olandesi e francesi munite di remi. Le navi tonde, i velieri, se volevano far la corsa, fare la contro corsa, o anche semplicemente sfuggire alla caccia dei corsari, non potevano fare a meno del remo.<\/p>\n<p><span style=\"color: #008000;\"><strong>Emiliano Beri&nbsp;<\/strong><\/span><\/p>\n<p><strong>&nbsp;<\/strong><\/p>\n<p style=\"text-align: justify;\">in anteprima Autore <a href=\"https:\/\/www.internetculturale.it\/it\/16\/search?q=&amp;searchType=avanzato&amp;channel__creator=%22Antonio+Nadale+%3CVenezia%2C+notizie+1729-1773%3E%22&amp;channel__contributor=%22Antonio+Nadale+%3CVenezia%2C+notizie+1729-1773%3E%22&amp;opCha__contributor=OR&amp;opCha__creator=OR\">Antonio Nadale &lt;Venezia, notizie 1729-1773&gt;<\/a> Fregata a remi &#8211; <span class=\"dc_issued\">1701-1800 &#8211; <\/span>disegni navali &#8211; <span class=\"dc_what\"><span class=\"dc_descSourceLevel2\">MagTeca &#8211; ICCU<\/span>&nbsp;&#8211;&nbsp;<span class=\"dc_type\">Materiale grafico<\/span>&nbsp;&#8211;&nbsp;<span class=\"dc_type\">Unit\u00e0 documentaria <\/span>[<span class=\"dc_id\">oai:www.internetculturale.sbn.it\/Teca:20:NT0000:IT-PD0158-SCAFF_II_A_34_67<\/span>] <a href=\"https:\/\/www.internetculturale.it\/jmms\/iccuviewer\/iccu.jsp?id=oai%3Awww.internetculturale.sbn.it%2FTeca%3A20%3ANT0000%3AIT-PD0158-SCAFF_II_A_34_67&amp;mode=all&amp;teca=MagTeca+-+ICCU\">Multimedia viewer (internetculturale.it)<\/a><\/span><\/p>\n<p>&nbsp;<\/p>\n<p style=\"text-align: justify;\">Alcune delle foto presenti in questo blog sono prese dal web, pur rispettando la netiquette, citandone ove possibile gli autori e\/o le fonti. Se qualcuno desiderasse specificarne l&#8217;autore o chiedere di rimuoverle, pu\u00f2 scrivere a infoocean4future@gmail.com e provvederemo immediatamente alla correzione dell&#8217;articolo<\/p>\n<p style=\"text-align: justify;\">&nbsp;<\/p>\n<p><strong>&nbsp;<\/strong><\/p>\n<p><strong><a class=\"maxbutton-27 maxbutton maxbutton-un-regalo-per-te\" href=\"https:\/\/www.primevideo.com\/offers\/ref=atv_nb_lcl_it_IT?tag=amazon0e150-21 Italia\"><span class='mb-text'>Una sorpresa per te su Amazon Music unlimited<\/span><\/a>&nbsp;&nbsp; <a class=\"maxbutton-28 maxbutton maxbutton-amazon-prime\" title=\"Scopri i vantaggi di Amazon Prime\" href=\"javascript:void(0);\"><span class='mb-text'>Scopri i vantaggi di Amazon Prime<\/span><\/a><\/strong><\/p>\n<p><strong>&nbsp;<\/strong><\/p>\n<p style=\"text-align: justify;\">Alcune delle foto presenti in questo blog possono essere state prese dal web, citandone ove possibile gli autori e\/o le fonti. Se qualcuno desiderasse specificarne l\u2019autore o rimuoverle, pu\u00f2 scrivere a infoocean4future@gmail.com e provvederemo immediatamente alla correzione dell\u2019articolo<\/p>\n<p><strong>&nbsp;<\/strong><\/p>\n<p><strong><a class=\"maxbutton-3 maxbutton maxbutton-pagina-principale\" target=\"_blank\" title=\"tooltip\" rel=\"nofollow noopener\" href=\"http:\/\/www.ocean4future.org\"><span class='mb-text'>PAGINA PRINCIPALE<\/span><\/a><\/strong><\/p>\n<p>&nbsp;<\/p>\n","protected":false},"excerpt":{"rendered":"<p><span class=\"span-reading-time rt-reading-time\" style=\"display: block;\"><span class=\"rt-label rt-prefix\">tempo di lettura: <\/span> <span class=\"rt-time\"> 5<\/span> <span class=\"rt-label rt-postfix\">minuti<\/span><\/span>. . ARGOMENTO: STORIA NAVALE PERIODO: XVIII SECOLO AREA: MEDITERRANEO parole chiave: corvette, remi, battaglie navali, Mediterraneo . Le corvette veneziane del XVIII secolo Nei primi decenni del Settecento un piccolo numero di corvette (o \u201ccrovette\u201d), solitamente non pi\u00f9 di tre, faceva parte della squadra veneziana del Capitano del Golfo. La squadra si occupava essenzialmente [&hellip;]<\/p>\n","protected":false},"author":2351,"featured_media":94595,"comment_status":"open","ping_status":"open","sticky":false,"template":"","format":"standard","meta":{"_acf_changed":false,"_monsterinsights_skip_tracking":false,"_monsterinsights_sitenote_active":false,"_monsterinsights_sitenote_note":"","_monsterinsights_sitenote_category":0,"footnotes":""},"categories":[2318],"tags":[],"class_list":["post-27135","post","type-post","status-publish","format-standard","has-post-thumbnail","hentry","category-eta-moderna"],"acf":[],"yoast_head":"<!-- This site is optimized with the Yoast SEO plugin v27.4 - https:\/\/yoast.com\/product\/yoast-seo-wordpress\/ -->\n<title>L&#039;uso del remo nelle corvette del Settecento &#8226; OCEAN4FUTURE autore<\/title>\n<meta name=\"robots\" content=\"index, follow, max-snippet:-1, max-image-preview:large, max-video-preview:-1\" \/>\n<link rel=\"canonical\" href=\"https:\/\/www.ocean4future.org\/savetheocean\/archives\/27135\" \/>\n<meta property=\"og:locale\" content=\"it_IT\" \/>\n<meta property=\"og:type\" content=\"article\" \/>\n<meta property=\"og:title\" content=\"L&#039;uso del remo nelle corvette del Settecento &#8226; OCEAN4FUTURE autore\" \/>\n<meta property=\"og:description\" content=\"tempo di lettura:  5 minuti. . ARGOMENTO: STORIA NAVALE PERIODO: XVIII SECOLO AREA: MEDITERRANEO parole chiave: corvette, remi, battaglie navali, Mediterraneo . Le corvette veneziane del XVIII secolo Nei primi decenni del Settecento un piccolo numero di corvette (o \u201ccrovette\u201d), solitamente non pi\u00f9 di tre, faceva parte della squadra veneziana del Capitano del Golfo. La squadra si occupava essenzialmente [&hellip;]\" \/>\n<meta property=\"og:url\" content=\"https:\/\/www.ocean4future.org\/savetheocean\/archives\/27135\" \/>\n<meta property=\"og:site_name\" content=\"OCEAN4FUTURE\" \/>\n<meta property=\"article:published_time\" content=\"2023-06-21T22:01:17+00:00\" \/>\n<meta property=\"og:image\" content=\"https:\/\/www.ocean4future.org\/savetheocean\/wp-content\/uploads\/2023\/06\/fregata-a-remi-universita-di-Padova-.jpg\" \/>\n\t<meta property=\"og:image:width\" content=\"640\" \/>\n\t<meta property=\"og:image:height\" content=\"456\" \/>\n\t<meta property=\"og:image:type\" content=\"image\/jpeg\" \/>\n<meta name=\"author\" content=\"Emiliano Beri\" \/>\n<meta name=\"twitter:card\" content=\"summary_large_image\" \/>\n<meta name=\"twitter:creator\" content=\"@ocean4future\" \/>\n<meta name=\"twitter:site\" content=\"@ocean4future\" \/>\n<meta name=\"twitter:label1\" content=\"Scritto da\" \/>\n\t<meta name=\"twitter:data1\" content=\"Emiliano Beri\" \/>\n\t<meta name=\"twitter:label2\" content=\"Tempo di lettura stimato\" \/>\n\t<meta name=\"twitter:data2\" content=\"6 minuti\" \/>\n<script type=\"application\/ld+json\" class=\"yoast-schema-graph\">{\"@context\":\"https:\\\/\\\/schema.org\",\"@graph\":[{\"@type\":\"Article\",\"@id\":\"https:\\\/\\\/www.ocean4future.org\\\/savetheocean\\\/archives\\\/27135#article\",\"isPartOf\":{\"@id\":\"https:\\\/\\\/www.ocean4future.org\\\/savetheocean\\\/archives\\\/27135\"},\"author\":{\"name\":\"Emiliano Beri\",\"@id\":\"https:\\\/\\\/www.ocean4future.org\\\/savetheocean\\\/#\\\/schema\\\/person\\\/781583c5da04e27397a84aa8179c39b4\"},\"headline\":\"L&#8217;uso del remo nelle corvette del Settecento\",\"datePublished\":\"2023-06-21T22:01:17+00:00\",\"mainEntityOfPage\":{\"@id\":\"https:\\\/\\\/www.ocean4future.org\\\/savetheocean\\\/archives\\\/27135\"},\"wordCount\":1125,\"commentCount\":0,\"publisher\":{\"@id\":\"https:\\\/\\\/www.ocean4future.org\\\/savetheocean\\\/#\\\/schema\\\/person\\\/4e1c26437054353074d7bb2efa77162c\"},\"image\":{\"@id\":\"https:\\\/\\\/www.ocean4future.org\\\/savetheocean\\\/archives\\\/27135#primaryimage\"},\"thumbnailUrl\":\"https:\\\/\\\/www.ocean4future.org\\\/savetheocean\\\/wp-content\\\/uploads\\\/2023\\\/06\\\/fregata-a-remi-universita-di-Padova-.jpg\",\"articleSection\":[\"Storia navale dell'et\u00e0 moderna (post 1492 - oggi)\"],\"inLanguage\":\"it-IT\",\"potentialAction\":[{\"@type\":\"CommentAction\",\"name\":\"Comment\",\"target\":[\"https:\\\/\\\/www.ocean4future.org\\\/savetheocean\\\/archives\\\/27135#respond\"]}]},{\"@type\":\"WebPage\",\"@id\":\"https:\\\/\\\/www.ocean4future.org\\\/savetheocean\\\/archives\\\/27135\",\"url\":\"https:\\\/\\\/www.ocean4future.org\\\/savetheocean\\\/archives\\\/27135\",\"name\":\"L'uso del remo nelle corvette del Settecento &#8226; OCEAN4FUTURE autore\",\"isPartOf\":{\"@id\":\"https:\\\/\\\/www.ocean4future.org\\\/savetheocean\\\/#website\"},\"primaryImageOfPage\":{\"@id\":\"https:\\\/\\\/www.ocean4future.org\\\/savetheocean\\\/archives\\\/27135#primaryimage\"},\"image\":{\"@id\":\"https:\\\/\\\/www.ocean4future.org\\\/savetheocean\\\/archives\\\/27135#primaryimage\"},\"thumbnailUrl\":\"https:\\\/\\\/www.ocean4future.org\\\/savetheocean\\\/wp-content\\\/uploads\\\/2023\\\/06\\\/fregata-a-remi-universita-di-Padova-.jpg\",\"datePublished\":\"2023-06-21T22:01:17+00:00\",\"breadcrumb\":{\"@id\":\"https:\\\/\\\/www.ocean4future.org\\\/savetheocean\\\/archives\\\/27135#breadcrumb\"},\"inLanguage\":\"it-IT\",\"potentialAction\":[{\"@type\":\"ReadAction\",\"target\":[\"https:\\\/\\\/www.ocean4future.org\\\/savetheocean\\\/archives\\\/27135\"]}]},{\"@type\":\"ImageObject\",\"inLanguage\":\"it-IT\",\"@id\":\"https:\\\/\\\/www.ocean4future.org\\\/savetheocean\\\/archives\\\/27135#primaryimage\",\"url\":\"https:\\\/\\\/www.ocean4future.org\\\/savetheocean\\\/wp-content\\\/uploads\\\/2023\\\/06\\\/fregata-a-remi-universita-di-Padova-.jpg\",\"contentUrl\":\"https:\\\/\\\/www.ocean4future.org\\\/savetheocean\\\/wp-content\\\/uploads\\\/2023\\\/06\\\/fregata-a-remi-universita-di-Padova-.jpg\",\"width\":640,\"height\":456},{\"@type\":\"BreadcrumbList\",\"@id\":\"https:\\\/\\\/www.ocean4future.org\\\/savetheocean\\\/archives\\\/27135#breadcrumb\",\"itemListElement\":[{\"@type\":\"ListItem\",\"position\":1,\"name\":\"Home\",\"item\":\"https:\\\/\\\/www.ocean4future.org\\\/savetheocean\"},{\"@type\":\"ListItem\",\"position\":2,\"name\":\"L&#8217;uso del remo nelle corvette del Settecento\"}]},{\"@type\":\"WebSite\",\"@id\":\"https:\\\/\\\/www.ocean4future.org\\\/savetheocean\\\/#website\",\"url\":\"https:\\\/\\\/www.ocean4future.org\\\/savetheocean\\\/\",\"name\":\"Ocean 4 Future\",\"description\":\"Per una nuova cultura del mare e della marittimit\u00e0\",\"publisher\":{\"@id\":\"https:\\\/\\\/www.ocean4future.org\\\/savetheocean\\\/#\\\/schema\\\/person\\\/4e1c26437054353074d7bb2efa77162c\"},\"potentialAction\":[{\"@type\":\"SearchAction\",\"target\":{\"@type\":\"EntryPoint\",\"urlTemplate\":\"https:\\\/\\\/www.ocean4future.org\\\/savetheocean\\\/?s={search_term_string}\"},\"query-input\":{\"@type\":\"PropertyValueSpecification\",\"valueRequired\":true,\"valueName\":\"search_term_string\"}}],\"inLanguage\":\"it-IT\"},{\"@type\":[\"Person\",\"Organization\"],\"@id\":\"https:\\\/\\\/www.ocean4future.org\\\/savetheocean\\\/#\\\/schema\\\/person\\\/4e1c26437054353074d7bb2efa77162c\",\"name\":\"oceandiver\",\"image\":{\"@type\":\"ImageObject\",\"inLanguage\":\"it-IT\",\"@id\":\"https:\\\/\\\/www.ocean4future.org\\\/savetheocean\\\/wp-content\\\/uploads\\\/2023\\\/04\\\/logo-ocean3.jpg\",\"url\":\"https:\\\/\\\/www.ocean4future.org\\\/savetheocean\\\/wp-content\\\/uploads\\\/2023\\\/04\\\/logo-ocean3.jpg\",\"contentUrl\":\"https:\\\/\\\/www.ocean4future.org\\\/savetheocean\\\/wp-content\\\/uploads\\\/2023\\\/04\\\/logo-ocean3.jpg\",\"width\":472,\"height\":301,\"caption\":\"oceandiver\"},\"logo\":{\"@id\":\"https:\\\/\\\/www.ocean4future.org\\\/savetheocean\\\/wp-content\\\/uploads\\\/2023\\\/04\\\/logo-ocean3.jpg\"}},{\"@type\":\"Person\",\"@id\":\"https:\\\/\\\/www.ocean4future.org\\\/savetheocean\\\/#\\\/schema\\\/person\\\/781583c5da04e27397a84aa8179c39b4\",\"name\":\"Emiliano Beri\",\"image\":{\"@type\":\"ImageObject\",\"inLanguage\":\"it-IT\",\"@id\":\"https:\\\/\\\/secure.gravatar.com\\\/avatar\\\/8fc6a18bf2f7c144695ff5e8c53788326be3a0392d4247dab507705e5001cbd6?s=96&d=mm&r=g\",\"url\":\"https:\\\/\\\/secure.gravatar.com\\\/avatar\\\/8fc6a18bf2f7c144695ff5e8c53788326be3a0392d4247dab507705e5001cbd6?s=96&d=mm&r=g\",\"contentUrl\":\"https:\\\/\\\/secure.gravatar.com\\\/avatar\\\/8fc6a18bf2f7c144695ff5e8c53788326be3a0392d4247dab507705e5001cbd6?s=96&d=mm&r=g\",\"caption\":\"Emiliano Beri\"},\"description\":\"Emiliano Beri si \u00e8 laureato con lode in Storia presso la Facolt\u00e0 di Lettere e Filosofia dell\u2019Universit\u00e0 di Genova. Nel 2011 ha conseguito il Dottorato di Ricerca in Storia, discutendo una tesi sulle guerre di Corsica del medio Settecento. Dal 2012 al 2016 \u00e8 stato assegnista di ricerca presso il Dipartimento di Antichit\u00e0, Filosofia, Storia e Geografia dell\u2019Universit\u00e0 di Genova. \u00a0Negli anni accademici 2016-17 e 2017-18 ha insegnato Storia sociale nel corso di Laurea triennale in Storia e Storia militare nel corso di Laurea magistrale in Scienze Storiche della Scuola di Scienze Umanistiche dell\u2019Universit\u00e0 di Genova. Per l\u2019anno accademico 2018-19 \u00e8 stato docente aggregato di Storia militare nel corso di Laurea magistrale in Scienze storiche della stessa Scuola. A partire dall\u2019anno accademico 2019-20 \u00e8 docente aggregato sia di Storia militare che di Storia sociale.\",\"url\":\"https:\\\/\\\/www.ocean4future.org\\\/savetheocean\\\/archives\\\/author\\\/emiliano-beri\"}]}<\/script>\n<!-- \/ Yoast SEO plugin. -->","yoast_head_json":{"title":"L'uso del remo nelle corvette del Settecento &#8226; OCEAN4FUTURE autore","robots":{"index":"index","follow":"follow","max-snippet":"max-snippet:-1","max-image-preview":"max-image-preview:large","max-video-preview":"max-video-preview:-1"},"canonical":"https:\/\/www.ocean4future.org\/savetheocean\/archives\/27135","og_locale":"it_IT","og_type":"article","og_title":"L'uso del remo nelle corvette del Settecento &#8226; OCEAN4FUTURE autore","og_description":"tempo di lettura:  5 minuti. . ARGOMENTO: STORIA NAVALE PERIODO: XVIII SECOLO AREA: MEDITERRANEO parole chiave: corvette, remi, battaglie navali, Mediterraneo . Le corvette veneziane del XVIII secolo Nei primi decenni del Settecento un piccolo numero di corvette (o \u201ccrovette\u201d), solitamente non pi\u00f9 di tre, faceva parte della squadra veneziana del Capitano del Golfo. La squadra si occupava essenzialmente [&hellip;]","og_url":"https:\/\/www.ocean4future.org\/savetheocean\/archives\/27135","og_site_name":"OCEAN4FUTURE","article_published_time":"2023-06-21T22:01:17+00:00","og_image":[{"width":640,"height":456,"url":"https:\/\/www.ocean4future.org\/savetheocean\/wp-content\/uploads\/2023\/06\/fregata-a-remi-universita-di-Padova-.jpg","type":"image\/jpeg"}],"author":"Emiliano Beri","twitter_card":"summary_large_image","twitter_creator":"@ocean4future","twitter_site":"@ocean4future","twitter_misc":{"Scritto da":"Emiliano Beri","Tempo di lettura stimato":"6 minuti"},"schema":{"@context":"https:\/\/schema.org","@graph":[{"@type":"Article","@id":"https:\/\/www.ocean4future.org\/savetheocean\/archives\/27135#article","isPartOf":{"@id":"https:\/\/www.ocean4future.org\/savetheocean\/archives\/27135"},"author":{"name":"Emiliano Beri","@id":"https:\/\/www.ocean4future.org\/savetheocean\/#\/schema\/person\/781583c5da04e27397a84aa8179c39b4"},"headline":"L&#8217;uso del remo nelle corvette del Settecento","datePublished":"2023-06-21T22:01:17+00:00","mainEntityOfPage":{"@id":"https:\/\/www.ocean4future.org\/savetheocean\/archives\/27135"},"wordCount":1125,"commentCount":0,"publisher":{"@id":"https:\/\/www.ocean4future.org\/savetheocean\/#\/schema\/person\/4e1c26437054353074d7bb2efa77162c"},"image":{"@id":"https:\/\/www.ocean4future.org\/savetheocean\/archives\/27135#primaryimage"},"thumbnailUrl":"https:\/\/www.ocean4future.org\/savetheocean\/wp-content\/uploads\/2023\/06\/fregata-a-remi-universita-di-Padova-.jpg","articleSection":["Storia navale dell'et\u00e0 moderna (post 1492 - oggi)"],"inLanguage":"it-IT","potentialAction":[{"@type":"CommentAction","name":"Comment","target":["https:\/\/www.ocean4future.org\/savetheocean\/archives\/27135#respond"]}]},{"@type":"WebPage","@id":"https:\/\/www.ocean4future.org\/savetheocean\/archives\/27135","url":"https:\/\/www.ocean4future.org\/savetheocean\/archives\/27135","name":"L'uso del remo nelle corvette del Settecento &#8226; OCEAN4FUTURE autore","isPartOf":{"@id":"https:\/\/www.ocean4future.org\/savetheocean\/#website"},"primaryImageOfPage":{"@id":"https:\/\/www.ocean4future.org\/savetheocean\/archives\/27135#primaryimage"},"image":{"@id":"https:\/\/www.ocean4future.org\/savetheocean\/archives\/27135#primaryimage"},"thumbnailUrl":"https:\/\/www.ocean4future.org\/savetheocean\/wp-content\/uploads\/2023\/06\/fregata-a-remi-universita-di-Padova-.jpg","datePublished":"2023-06-21T22:01:17+00:00","breadcrumb":{"@id":"https:\/\/www.ocean4future.org\/savetheocean\/archives\/27135#breadcrumb"},"inLanguage":"it-IT","potentialAction":[{"@type":"ReadAction","target":["https:\/\/www.ocean4future.org\/savetheocean\/archives\/27135"]}]},{"@type":"ImageObject","inLanguage":"it-IT","@id":"https:\/\/www.ocean4future.org\/savetheocean\/archives\/27135#primaryimage","url":"https:\/\/www.ocean4future.org\/savetheocean\/wp-content\/uploads\/2023\/06\/fregata-a-remi-universita-di-Padova-.jpg","contentUrl":"https:\/\/www.ocean4future.org\/savetheocean\/wp-content\/uploads\/2023\/06\/fregata-a-remi-universita-di-Padova-.jpg","width":640,"height":456},{"@type":"BreadcrumbList","@id":"https:\/\/www.ocean4future.org\/savetheocean\/archives\/27135#breadcrumb","itemListElement":[{"@type":"ListItem","position":1,"name":"Home","item":"https:\/\/www.ocean4future.org\/savetheocean"},{"@type":"ListItem","position":2,"name":"L&#8217;uso del remo nelle corvette del Settecento"}]},{"@type":"WebSite","@id":"https:\/\/www.ocean4future.org\/savetheocean\/#website","url":"https:\/\/www.ocean4future.org\/savetheocean\/","name":"Ocean 4 Future","description":"Per una nuova cultura del mare e della marittimit\u00e0","publisher":{"@id":"https:\/\/www.ocean4future.org\/savetheocean\/#\/schema\/person\/4e1c26437054353074d7bb2efa77162c"},"potentialAction":[{"@type":"SearchAction","target":{"@type":"EntryPoint","urlTemplate":"https:\/\/www.ocean4future.org\/savetheocean\/?s={search_term_string}"},"query-input":{"@type":"PropertyValueSpecification","valueRequired":true,"valueName":"search_term_string"}}],"inLanguage":"it-IT"},{"@type":["Person","Organization"],"@id":"https:\/\/www.ocean4future.org\/savetheocean\/#\/schema\/person\/4e1c26437054353074d7bb2efa77162c","name":"oceandiver","image":{"@type":"ImageObject","inLanguage":"it-IT","@id":"https:\/\/www.ocean4future.org\/savetheocean\/wp-content\/uploads\/2023\/04\/logo-ocean3.jpg","url":"https:\/\/www.ocean4future.org\/savetheocean\/wp-content\/uploads\/2023\/04\/logo-ocean3.jpg","contentUrl":"https:\/\/www.ocean4future.org\/savetheocean\/wp-content\/uploads\/2023\/04\/logo-ocean3.jpg","width":472,"height":301,"caption":"oceandiver"},"logo":{"@id":"https:\/\/www.ocean4future.org\/savetheocean\/wp-content\/uploads\/2023\/04\/logo-ocean3.jpg"}},{"@type":"Person","@id":"https:\/\/www.ocean4future.org\/savetheocean\/#\/schema\/person\/781583c5da04e27397a84aa8179c39b4","name":"Emiliano Beri","image":{"@type":"ImageObject","inLanguage":"it-IT","@id":"https:\/\/secure.gravatar.com\/avatar\/8fc6a18bf2f7c144695ff5e8c53788326be3a0392d4247dab507705e5001cbd6?s=96&d=mm&r=g","url":"https:\/\/secure.gravatar.com\/avatar\/8fc6a18bf2f7c144695ff5e8c53788326be3a0392d4247dab507705e5001cbd6?s=96&d=mm&r=g","contentUrl":"https:\/\/secure.gravatar.com\/avatar\/8fc6a18bf2f7c144695ff5e8c53788326be3a0392d4247dab507705e5001cbd6?s=96&d=mm&r=g","caption":"Emiliano Beri"},"description":"Emiliano Beri si \u00e8 laureato con lode in Storia presso la Facolt\u00e0 di Lettere e Filosofia dell\u2019Universit\u00e0 di Genova. Nel 2011 ha conseguito il Dottorato di Ricerca in Storia, discutendo una tesi sulle guerre di Corsica del medio Settecento. Dal 2012 al 2016 \u00e8 stato assegnista di ricerca presso il Dipartimento di Antichit\u00e0, Filosofia, Storia e Geografia dell\u2019Universit\u00e0 di Genova. \u00a0Negli anni accademici 2016-17 e 2017-18 ha insegnato Storia sociale nel corso di Laurea triennale in Storia e Storia militare nel corso di Laurea magistrale in Scienze Storiche della Scuola di Scienze Umanistiche dell\u2019Universit\u00e0 di Genova. Per l\u2019anno accademico 2018-19 \u00e8 stato docente aggregato di Storia militare nel corso di Laurea magistrale in Scienze storiche della stessa Scuola. A partire dall\u2019anno accademico 2019-20 \u00e8 docente aggregato sia di Storia militare che di Storia sociale.","url":"https:\/\/www.ocean4future.org\/savetheocean\/archives\/author\/emiliano-beri"}]}},"_links":{"self":[{"href":"https:\/\/www.ocean4future.org\/savetheocean\/wp-json\/wp\/v2\/posts\/27135","targetHints":{"allow":["GET"]}}],"collection":[{"href":"https:\/\/www.ocean4future.org\/savetheocean\/wp-json\/wp\/v2\/posts"}],"about":[{"href":"https:\/\/www.ocean4future.org\/savetheocean\/wp-json\/wp\/v2\/types\/post"}],"author":[{"embeddable":true,"href":"https:\/\/www.ocean4future.org\/savetheocean\/wp-json\/wp\/v2\/users\/2351"}],"replies":[{"embeddable":true,"href":"https:\/\/www.ocean4future.org\/savetheocean\/wp-json\/wp\/v2\/comments?post=27135"}],"version-history":[{"count":0,"href":"https:\/\/www.ocean4future.org\/savetheocean\/wp-json\/wp\/v2\/posts\/27135\/revisions"}],"wp:featuredmedia":[{"embeddable":true,"href":"https:\/\/www.ocean4future.org\/savetheocean\/wp-json\/wp\/v2\/media\/94595"}],"wp:attachment":[{"href":"https:\/\/www.ocean4future.org\/savetheocean\/wp-json\/wp\/v2\/media?parent=27135"}],"wp:term":[{"taxonomy":"category","embeddable":true,"href":"https:\/\/www.ocean4future.org\/savetheocean\/wp-json\/wp\/v2\/categories?post=27135"},{"taxonomy":"post_tag","embeddable":true,"href":"https:\/\/www.ocean4future.org\/savetheocean\/wp-json\/wp\/v2\/tags?post=27135"}],"curies":[{"name":"wp","href":"https:\/\/api.w.org\/{rel}","templated":true}]}}