{"id":26936,"date":"2019-01-28T00:29:20","date_gmt":"2019-01-28T00:29:20","guid":{"rendered":"http:\/\/www.ocean4future.org\/?p=26936"},"modified":"2023-07-24T10:49:58","modified_gmt":"2023-07-24T08:49:58","slug":"archeologia-subacquea-il-tesoro-del-san-jose-di-giorgio-caramanna","status":"publish","type":"post","link":"https:\/\/www.ocean4future.org\/savetheocean\/archives\/26936","title":{"rendered":"Il tesoro del San Jos\u00e9"},"content":{"rendered":"<span class=\"span-reading-time rt-reading-time\" style=\"display: block;\"><span class=\"rt-label rt-prefix\">tempo di lettura: <\/span> <span class=\"rt-time\"> 5<\/span> <span class=\"rt-label rt-postfix\">minuti<\/span><\/span><p><span style=\"color: #ffffff;\">.<\/span><br><a class=\"maxbutton-4 maxbutton maxbutton-livello-di-comprensione\" href=\"javascript:void(0);\"><span class='mb-text'>livello elementare<\/span><\/a><\/p>\n<p>&nbsp;<\/p>\n<p><strong><span style=\"color: #008000;\">ARGOMENTO: ARCHEOLOGIA<\/span><\/strong><br><strong><span style=\"color: #008000;\">PERIODO: XVIII SECOLO<\/span><\/strong><br><strong><span style=\"color: #008000;\">AREA: OCEANO ATLANTICO<\/span><\/strong><br><span style=\"font-size: 12pt;\">parole chiave: San Jos\u00e9, galeone, Marina Spagnola<\/span><\/p>\n<p>&nbsp;<\/p>\n<p style=\"text-align: justify;\">Come nel pi\u00f9 classico dei film d\u2019avventura questa storia inizi\u00f2 con una battaglia navale tra Spagnoli e Britannici avvenuta nelle acque al largo della Colombia nel giugno del 1708 durante gli anni centrali della guerra per la successione al Trono di Spagna.<\/p>\n<p><img decoding=\"async\" class=\"wp-image-26940 size-full\" src=\"https:\/\/www.ocean4future.org\/savetheocean\/wp-content\/uploads\/2019\/01\/49270354_295121411208786_2735492386246361088_n.jpg\" alt=\"\" width=\"800\" height=\"568\" srcset=\"https:\/\/www.ocean4future.org\/savetheocean\/wp-content\/uploads\/2019\/01\/49270354_295121411208786_2735492386246361088_n.jpg 800w, https:\/\/www.ocean4future.org\/savetheocean\/wp-content\/uploads\/2019\/01\/49270354_295121411208786_2735492386246361088_n-300x214.jpg 300w, https:\/\/www.ocean4future.org\/savetheocean\/wp-content\/uploads\/2019\/01\/49270354_295121411208786_2735492386246361088_n-768x545.jpg 768w\" sizes=\"(max-width: 800px) 100vw, 800px\" \/><\/p>\n<p align=\"justify\"><strong><span style=\"color: #008000;\">Quadro del pittore&nbsp; Samuel Scott (1702\u20131772) sull&#8217;azione di Wager a Cartagena del 28 maggio 1708 &#8211; Fonte Collezione National Maritime Museum <\/span><\/strong><strong><span style=\"color: #008000;\">Accession number BHC0348 &#8211; Royal Museums Greenwich <a href=\"https:\/\/commons.wikimedia.org\/wiki\/File:Wager%27s_Action_off_Cartagena,_28_May_1708.jpg\">Wager&#8217;s Action off Cartagena, 28 May 1708.jpg &#8211; Wikimedia Commons<\/a><\/span><\/strong><\/p>\n<p style=\"text-align: justify;\">Il <strong><span style=\"color: #008000;\">San Jos\u00e9<\/span><\/strong> era un galeone della Marina Spagnola a tre alberi armato con 64 cannoni usato come nave ammiraglia di una flottiglia composta da altre tre navi militari e 14 navi mercantili in rotta da Portobello (Panama) a Cartagena (Colombia) per poi raggiunge Cuba e, finalmente, attraversare l\u2019Oceano Atlantico diretto in Europa. Il carico includeva ingenti quantitativi di oro, argento e pietre preziose raccolti durante gli ultimi sei anni nelle colonie spagnole del Sud America e destinati a finanziare le spese di guerra.<\/p>\n<p><img decoding=\"async\" src=\"https:\/\/www.ocean4future.org\/savetheocean\/wp-content\/uploads\/2023\/07\/STORIA-NAVALE-UK-SirCharlesWager.jpg\" alt=\"Questa immagine ha l'attributo alt vuoto; il nome del file \u00e8 STORIA-NAVALE-UK-SirCharlesWager.jpg\" width=\"752\" height=\"900\"><\/p>\n<p align=\"JUSTIFY\"><strong><span style=\"color: #008000;\"> Sir Charles Wager (1666-1743), 1731 &#8211; quadro ad olio &#8211; Collezione National Maritime Museum BHC 3072 &#8211; Source\/Photographer http:\/\/collections.rmg.co.uk\/collections\/objects\/14545.html<br><\/span><\/strong><a href=\"https:\/\/commons.wikimedia.org\/wiki\/File:SirCharlesWager.jpg\">SirCharlesWager.jpg &#8211; Wikimedia Commons<\/a><\/p>\n<p style=\"text-align: justify;\">Il convoglio venne intercettato da uno squadrone britannico al comando del Commodoro <strong><span style=\"color: #008000;\">Charles Wager<\/span><\/strong> al largo di Bar\u00f9, a poche decine di miglia da Cartagena. Il San Jos\u00e9, colpito nel deposito delle munizioni, esplose affondando rapidamente e trascinando negli abissi il suo equipaggio e le sue ricchezze; sopravvivranno solo undici degli oltre seicento che erano a bordo. Si stima che tra i tesori trasportati vi fossero quasi undici milioni di monete d\u2019oro oltre ad argento e smeraldi per un incredibile totale di duecento tonnellate di preziosi con un valore odierno prossimo ai venti miliardi di dollari. Se recuperato sarebbe il pi\u00f9 grande tesoro di tutti i tempi. Per secoli il relitto \u00e8 rimasto sul fondo ad oltre seicento metri di profondit\u00e0, virtualmente irraggiungibile.<\/p>\n<p style=\"text-align: justify;\"><span style=\"font-size: 18pt;\"><strong><span style=\"color: #008000;\">Alla ricerca del galeone<\/span><\/strong><\/span><br>Negli anni \u201980, il progredire delle tecnologie di esplorazione subacquea ha reso possibile la localizzazione di relitti sommersi anche a grandi profondit\u00e0. Attratti dai potenziali guadagni un gruppo di investitori ed esperti di recuperi sottomarini nel 1980 fond\u00f2 la \u201c<strong><span style=\"color: #008000;\">Gloca Morra<\/span><\/strong>\u201d e la \u201c<strong><span style=\"color: #008000;\">Sea Search Armada (SSA)<\/span><\/strong>\u201d, ottenendo dal governo Colombiano un&#8217;iniziale autorizzazione a procedere; dopo quasi due anni di ricerche ed oltre 11 milioni di dollari di spese il consorzio dichiar\u00f2 di avere localizzato un relitto che avrebbe potuto essere il San Jos\u00e9.&nbsp; A questo punto, come spesso accade quando grandi interessi sono coinvolti, le relazioni tra SSA ed il governo si deteriorarono e, dopo numerose battaglie legali, tutte le operazioni vennero sospese. Per questo motivo il San Jos\u00e9 giace ancora sul fondo del mare avvolto dal mistero con il suo tesoro.<\/p>\n<p><img decoding=\"async\" class=\"wp-image-26939 size-full\" src=\"https:\/\/www.ocean4future.org\/savetheocean\/wp-content\/uploads\/2019\/01\/49102327_2561379277235647_5225431965942939648_n.jpg\" alt=\"\" width=\"751\" height=\"371\" srcset=\"https:\/\/www.ocean4future.org\/savetheocean\/wp-content\/uploads\/2019\/01\/49102327_2561379277235647_5225431965942939648_n.jpg 751w, https:\/\/www.ocean4future.org\/savetheocean\/wp-content\/uploads\/2019\/01\/49102327_2561379277235647_5225431965942939648_n-300x148.jpg 300w\" sizes=\"(max-width: 751px) 100vw, 751px\" \/><\/p>\n<p align=\"justify\"><strong><span style=\"color: #008000;\">pezzi d&#8217;oro colombiani<br><\/span><a href=\"https:\/\/www.paperblog.fr\/6690519\/les-pieces-d-or-de-la-colombie\/\">Les pi\u00e8ces d&#8217;or de la Colombie &#8211; \u00c0 Lire (paperblog.fr)<\/a><\/strong><\/p>\n<p style=\"text-align: justify;\">Alla fine del 2015 il Presidente della Colombia, Juan Manuel Santos, annunci\u00f2 che il San Jos\u00e9 era stato localizzato da un team di ricercatori internazionali in collaborazione con il Ministero della Cultura Colombiano. Nulla di pi\u00f9 trapel\u00f2 perch\u00e9, per proteggere il relitto da eventuali azioni di recupero illegali, le parti coinvolte erano tenute a mantenere il pi\u00f9 assoluto riserbo. Finalmente nel 2018 i dettagli della scoperta vennero divulgati, rendendo il pubblico partecipe di una delle maggiori scoperte dell\u2019archeologia marittima.&nbsp;Il relitto fu localizzato grazie alla collaborazione del <strong><span style=\"color: #008000;\">Woods Hole Oceanographic Institution<\/span><\/strong> (<strong><span style=\"color: #008000;\">WHOI<\/span><\/strong>) che mise a disposizione la sua esperienza nella ricerca sottomarina ed i suoi strumenti tecnologici. In particolare il team utilizz\u00f2 un veicolo autonomo subacqueo chiamato <strong><span style=\"color: #008000;\">REMUS 6000<\/span><\/strong>.<\/p>\n<p style=\"text-align: justify;\"><strong><span style=\"color: #008000;\">REMUS<\/span><br><\/strong>Il veicolo \u00e8 costituito da un &#8220;siluro&#8221; di circa quattro metri di lunghezza dal peso di quasi una tonnellata ed in grado di navigare in modo autonomo fino alla profondit\u00e0 di 6000 metri. Le batterie al litio inserite nel suo scafo di titanio consentono una navigazione alla velocit\u00e0 massima di 4 nodi per 22 ore. Per assicurare un corretto posizionamento, una serie di transponder acustici sono stati ancorati attorno al perimetro dell\u2019area di ricerca. In questo modo il sistema di navigazione del REMUS poteva \u201cinterrogare\u201d i transponder per determinare la propria posizione sott\u2019acqua con un errore di circa un metro per ogni chilometro di spostamento. In operazioni di ricerca delicate come quella del San Jos\u00e9 tale livello di precisione era fondamentale, assicurando che nessuna zona del fondale rimanesse inesplorata. Il REMUS utilizza un sofisticato sonar a scansione laterale per mappare le strutture presenti sul fondale marino ed \u00e8 dotato di macchine fotografiche digitali ad alta risoluzione con le quali \u00e8 possibile raccogliere immagini dettagliate delle strutture identificate.<\/p>\n<p><img decoding=\"async\" class=\"wp-image-26941 size-full\" src=\"https:\/\/www.ocean4future.org\/savetheocean\/wp-content\/uploads\/2019\/01\/49348477_313935715887429_5504607460112990208_n.jpg\" alt=\"\" width=\"980\" height=\"552\" srcset=\"https:\/\/www.ocean4future.org\/savetheocean\/wp-content\/uploads\/2019\/01\/49348477_313935715887429_5504607460112990208_n.jpg 980w, https:\/\/www.ocean4future.org\/savetheocean\/wp-content\/uploads\/2019\/01\/49348477_313935715887429_5504607460112990208_n-300x169.jpg 300w, https:\/\/www.ocean4future.org\/savetheocean\/wp-content\/uploads\/2019\/01\/49348477_313935715887429_5504607460112990208_n-768x433.jpg 768w\" sizes=\"(max-width: 980px) 100vw, 980px\" \/><\/p>\n<p align=\"JUSTIFY\"><strong><span style=\"color: #008000;\">REMUS 6000 &#8211; credit WHOI<\/span><\/strong><\/p>\n<p style=\"text-align: justify;\"><strong><span style=\"color: #008000;\">REMUS<\/span><\/strong> ha pazientemente esplorato un\u2019area di 80 miglia nautiche, rimanendo immerso da 18 a 22 ore ogni missione prima di riemergere per consentire ai tecnici di scaricare le migliaia di immagini e dati registrati negli hard disk e ricaricare le batterie. Per ottenere immagini nitide il drone subacqueo \u00e8 stato fatto navigare a soli dieci metri al di sopra del relitto, restituendo un mosaico di fotografie accuratissimo, ottenuto anche grazie alle sue eccezionali capacit\u00e0 di posizionamento. L&#8217;elemento chiave per l\u2019identificazione del San Jos\u00e9 \u00e8 stata la presenza di uno specifico decoro sui cannoni, due delfini resi visibili dalla grande nitidezza delle immagini.<\/p>\n<p style=\"text-align: justify;\">Il futuro del San Jos\u00e9 \u00e8 ancora incerto e sussistono una serie di implicazioni legali in merito al legittimo possesso del suo tesoro. Altro aspetto in discussione \u00e8 su quali azioni devono essere intraprese per preservare l\u2019importanza storica del relitto. Il governo colombiano starebbe progettando la realizzazione di un museo dedicato alla nave ed alla sua storia ma il pericolo che il relitto possa essere depredato esiste. I mezzi subacquei commerciali sono ormai in grado di operare autonomamente in stand off anche a grandi profondit\u00e0 e i tesori trasportati dal galeone potrebbero suscitare l&#8217;interesse di molti predatori degli abissi.<br><span style=\"color: #ffffff;\">.<\/span><\/p>\n<p><strong><span style=\"color: #008000;\">Giorgio Caramanna<\/span><\/strong><\/p>\n<p>&nbsp;<\/p>\n<p style=\"text-align: justify;\">in anteprima <span class=\"jCAhz ChMk0b\"><span class=\"ryNqvb\">il mosaico a griglia delle immagini prese dal REMUS 6000 mostra il sito completo del relitto &#8211; autore <\/span><\/span><span class=\"jCAhz ChMk0b\"><span class=\"ryNqvb\">Jeff Kaeli, Woods Hole Oceanographic Institution<br><a href=\"https:\/\/www.whoi.edu\/press-room\/news-release\/new-details-on-discovery-of-the-san-jose-shipwreck\/\">New Details on Discovery of San Jose Shipwreck \u2013 Woods Hole Oceanographic Institution (whoi.edu)<\/a><\/span><\/span><\/p>\n<p>&nbsp;<\/p>\n<p style=\"text-align: justify;\"><a class=\"maxbutton-3 maxbutton maxbutton-pagina-principale\" target=\"_blank\" title=\"tooltip\" rel=\"nofollow noopener\" href=\"http:\/\/www.ocean4future.org\"><span class='mb-text'>PAGINA PRINCIPALE - HOME PAGE<\/span><\/a><\/p>\n\n\n<p><\/p>\n","protected":false},"excerpt":{"rendered":"<p><span class=\"span-reading-time rt-reading-time\" style=\"display: block;\"><span class=\"rt-label rt-prefix\">tempo di lettura: <\/span> <span class=\"rt-time\"> 5<\/span> <span class=\"rt-label rt-postfix\">minuti<\/span><\/span>. &nbsp; ARGOMENTO: ARCHEOLOGIAPERIODO: XVIII SECOLOAREA: OCEANO ATLANTICOparole chiave: San Jos\u00e9, galeone, Marina Spagnola &nbsp; Come nel pi\u00f9 classico dei film d\u2019avventura questa storia inizi\u00f2 con una battaglia navale tra Spagnoli e Britannici avvenuta nelle acque al largo della Colombia nel giugno del 1708 durante gli anni centrali della guerra per la successione al Trono [&hellip;]<\/p>\n","protected":false},"author":2347,"featured_media":95254,"comment_status":"open","ping_status":"open","sticky":false,"template":"","format":"standard","meta":{"_acf_changed":false,"_monsterinsights_skip_tracking":false,"_monsterinsights_sitenote_active":false,"_monsterinsights_sitenote_note":"","_monsterinsights_sitenote_category":0,"footnotes":""},"categories":[2092],"tags":[1812,1814],"class_list":["post-26936","post","type-post","status-publish","format-standard","has-post-thumbnail","hentry","category-relitti-subacquei","tag-san-jose","tag-tesoro"],"acf":[],"yoast_head":"<!-- This site is optimized with the Yoast SEO plugin v27.4 - https:\/\/yoast.com\/product\/yoast-seo-wordpress\/ -->\n<title>Il tesoro del San Jos\u00e9 &#8226; OCEAN4FUTURE autore<\/title>\n<meta name=\"robots\" content=\"index, follow, max-snippet:-1, max-image-preview:large, max-video-preview:-1\" \/>\n<link rel=\"canonical\" href=\"https:\/\/www.ocean4future.org\/savetheocean\/archives\/26936\" \/>\n<meta property=\"og:locale\" content=\"it_IT\" \/>\n<meta property=\"og:type\" content=\"article\" \/>\n<meta property=\"og:title\" content=\"Il tesoro del San Jos\u00e9 &#8226; OCEAN4FUTURE autore\" \/>\n<meta property=\"og:description\" content=\"tempo di lettura:  5 minuti. &nbsp; ARGOMENTO: ARCHEOLOGIAPERIODO: XVIII SECOLOAREA: OCEANO ATLANTICOparole chiave: San Jos\u00e9, galeone, Marina Spagnola &nbsp; Come nel pi\u00f9 classico dei film d\u2019avventura questa storia inizi\u00f2 con una battaglia navale tra Spagnoli e Britannici avvenuta nelle acque al largo della Colombia nel giugno del 1708 durante gli anni centrali della guerra per la successione al Trono [&hellip;]\" \/>\n<meta property=\"og:url\" content=\"https:\/\/www.ocean4future.org\/savetheocean\/archives\/26936\" \/>\n<meta property=\"og:site_name\" content=\"OCEAN4FUTURE\" \/>\n<meta property=\"article:published_time\" content=\"2019-01-28T00:29:20+00:00\" \/>\n<meta property=\"article:modified_time\" content=\"2023-07-24T08:49:58+00:00\" \/>\n<meta property=\"og:image\" content=\"https:\/\/www.ocean4future.org\/savetheocean\/wp-content\/uploads\/2019\/01\/ARCHEOLOGIA-RELITTO-SAN-JOSE-WEBwreckBest_1mGrid_blackbg-1_491553-1200x1410-1.jpg\" \/>\n\t<meta property=\"og:image:width\" content=\"1200\" \/>\n\t<meta property=\"og:image:height\" content=\"1410\" \/>\n\t<meta property=\"og:image:type\" content=\"image\/jpeg\" \/>\n<meta name=\"author\" content=\"Giorgio Caramanna\" \/>\n<meta name=\"twitter:card\" content=\"summary_large_image\" \/>\n<meta name=\"twitter:creator\" content=\"@ocean4future\" \/>\n<meta name=\"twitter:site\" content=\"@ocean4future\" \/>\n<meta name=\"twitter:label1\" content=\"Scritto da\" \/>\n\t<meta name=\"twitter:data1\" content=\"Giorgio Caramanna\" \/>\n\t<meta name=\"twitter:label2\" content=\"Tempo di lettura stimato\" \/>\n\t<meta name=\"twitter:data2\" content=\"6 minuti\" \/>\n<script type=\"application\/ld+json\" class=\"yoast-schema-graph\">{\"@context\":\"https:\\\/\\\/schema.org\",\"@graph\":[{\"@type\":\"Article\",\"@id\":\"https:\\\/\\\/www.ocean4future.org\\\/savetheocean\\\/archives\\\/26936#article\",\"isPartOf\":{\"@id\":\"https:\\\/\\\/www.ocean4future.org\\\/savetheocean\\\/archives\\\/26936\"},\"author\":{\"name\":\"Giorgio Caramanna\",\"@id\":\"https:\\\/\\\/www.ocean4future.org\\\/savetheocean\\\/#\\\/schema\\\/person\\\/0a7d5387ece2794e784ce8cc640851f3\"},\"headline\":\"Il tesoro del San Jos\u00e9\",\"datePublished\":\"2019-01-28T00:29:20+00:00\",\"dateModified\":\"2023-07-24T08:49:58+00:00\",\"mainEntityOfPage\":{\"@id\":\"https:\\\/\\\/www.ocean4future.org\\\/savetheocean\\\/archives\\\/26936\"},\"wordCount\":1039,\"commentCount\":0,\"publisher\":{\"@id\":\"https:\\\/\\\/www.ocean4future.org\\\/savetheocean\\\/#\\\/schema\\\/person\\\/4e1c26437054353074d7bb2efa77162c\"},\"image\":{\"@id\":\"https:\\\/\\\/www.ocean4future.org\\\/savetheocean\\\/archives\\\/26936#primaryimage\"},\"thumbnailUrl\":\"https:\\\/\\\/www.ocean4future.org\\\/savetheocean\\\/wp-content\\\/uploads\\\/2019\\\/01\\\/ARCHEOLOGIA-RELITTO-SAN-JOSE-WEBwreckBest_1mGrid_blackbg-1_491553-1200x1410-1.jpg\",\"keywords\":[\"San Jose'\",\"tesoro\"],\"articleSection\":[\"Relitti subacquei\"],\"inLanguage\":\"it-IT\",\"potentialAction\":[{\"@type\":\"CommentAction\",\"name\":\"Comment\",\"target\":[\"https:\\\/\\\/www.ocean4future.org\\\/savetheocean\\\/archives\\\/26936#respond\"]}]},{\"@type\":\"WebPage\",\"@id\":\"https:\\\/\\\/www.ocean4future.org\\\/savetheocean\\\/archives\\\/26936\",\"url\":\"https:\\\/\\\/www.ocean4future.org\\\/savetheocean\\\/archives\\\/26936\",\"name\":\"Il tesoro del San Jos\u00e9 &#8226; OCEAN4FUTURE autore\",\"isPartOf\":{\"@id\":\"https:\\\/\\\/www.ocean4future.org\\\/savetheocean\\\/#website\"},\"primaryImageOfPage\":{\"@id\":\"https:\\\/\\\/www.ocean4future.org\\\/savetheocean\\\/archives\\\/26936#primaryimage\"},\"image\":{\"@id\":\"https:\\\/\\\/www.ocean4future.org\\\/savetheocean\\\/archives\\\/26936#primaryimage\"},\"thumbnailUrl\":\"https:\\\/\\\/www.ocean4future.org\\\/savetheocean\\\/wp-content\\\/uploads\\\/2019\\\/01\\\/ARCHEOLOGIA-RELITTO-SAN-JOSE-WEBwreckBest_1mGrid_blackbg-1_491553-1200x1410-1.jpg\",\"datePublished\":\"2019-01-28T00:29:20+00:00\",\"dateModified\":\"2023-07-24T08:49:58+00:00\",\"breadcrumb\":{\"@id\":\"https:\\\/\\\/www.ocean4future.org\\\/savetheocean\\\/archives\\\/26936#breadcrumb\"},\"inLanguage\":\"it-IT\",\"potentialAction\":[{\"@type\":\"ReadAction\",\"target\":[\"https:\\\/\\\/www.ocean4future.org\\\/savetheocean\\\/archives\\\/26936\"]}]},{\"@type\":\"ImageObject\",\"inLanguage\":\"it-IT\",\"@id\":\"https:\\\/\\\/www.ocean4future.org\\\/savetheocean\\\/archives\\\/26936#primaryimage\",\"url\":\"https:\\\/\\\/www.ocean4future.org\\\/savetheocean\\\/wp-content\\\/uploads\\\/2019\\\/01\\\/ARCHEOLOGIA-RELITTO-SAN-JOSE-WEBwreckBest_1mGrid_blackbg-1_491553-1200x1410-1.jpg\",\"contentUrl\":\"https:\\\/\\\/www.ocean4future.org\\\/savetheocean\\\/wp-content\\\/uploads\\\/2019\\\/01\\\/ARCHEOLOGIA-RELITTO-SAN-JOSE-WEBwreckBest_1mGrid_blackbg-1_491553-1200x1410-1.jpg\",\"width\":1200,\"height\":1410},{\"@type\":\"BreadcrumbList\",\"@id\":\"https:\\\/\\\/www.ocean4future.org\\\/savetheocean\\\/archives\\\/26936#breadcrumb\",\"itemListElement\":[{\"@type\":\"ListItem\",\"position\":1,\"name\":\"Home\",\"item\":\"https:\\\/\\\/www.ocean4future.org\\\/savetheocean\"},{\"@type\":\"ListItem\",\"position\":2,\"name\":\"Il tesoro del San Jos\u00e9\"}]},{\"@type\":\"WebSite\",\"@id\":\"https:\\\/\\\/www.ocean4future.org\\\/savetheocean\\\/#website\",\"url\":\"https:\\\/\\\/www.ocean4future.org\\\/savetheocean\\\/\",\"name\":\"Ocean 4 Future\",\"description\":\"Per una nuova cultura del mare e della marittimit\u00e0\",\"publisher\":{\"@id\":\"https:\\\/\\\/www.ocean4future.org\\\/savetheocean\\\/#\\\/schema\\\/person\\\/4e1c26437054353074d7bb2efa77162c\"},\"potentialAction\":[{\"@type\":\"SearchAction\",\"target\":{\"@type\":\"EntryPoint\",\"urlTemplate\":\"https:\\\/\\\/www.ocean4future.org\\\/savetheocean\\\/?s={search_term_string}\"},\"query-input\":{\"@type\":\"PropertyValueSpecification\",\"valueRequired\":true,\"valueName\":\"search_term_string\"}}],\"inLanguage\":\"it-IT\"},{\"@type\":[\"Person\",\"Organization\"],\"@id\":\"https:\\\/\\\/www.ocean4future.org\\\/savetheocean\\\/#\\\/schema\\\/person\\\/4e1c26437054353074d7bb2efa77162c\",\"name\":\"oceandiver\",\"image\":{\"@type\":\"ImageObject\",\"inLanguage\":\"it-IT\",\"@id\":\"https:\\\/\\\/www.ocean4future.org\\\/savetheocean\\\/wp-content\\\/uploads\\\/2023\\\/04\\\/logo-ocean3.jpg\",\"url\":\"https:\\\/\\\/www.ocean4future.org\\\/savetheocean\\\/wp-content\\\/uploads\\\/2023\\\/04\\\/logo-ocean3.jpg\",\"contentUrl\":\"https:\\\/\\\/www.ocean4future.org\\\/savetheocean\\\/wp-content\\\/uploads\\\/2023\\\/04\\\/logo-ocean3.jpg\",\"width\":472,\"height\":301,\"caption\":\"oceandiver\"},\"logo\":{\"@id\":\"https:\\\/\\\/www.ocean4future.org\\\/savetheocean\\\/wp-content\\\/uploads\\\/2023\\\/04\\\/logo-ocean3.jpg\"}},{\"@type\":\"Person\",\"@id\":\"https:\\\/\\\/www.ocean4future.org\\\/savetheocean\\\/#\\\/schema\\\/person\\\/0a7d5387ece2794e784ce8cc640851f3\",\"name\":\"Giorgio Caramanna\",\"image\":{\"@type\":\"ImageObject\",\"inLanguage\":\"it-IT\",\"@id\":\"https:\\\/\\\/secure.gravatar.com\\\/avatar\\\/a595e89eb84827e4194fbfa76bce45272f0d7a127a9a5b072cf8582b9dde26ff?s=96&d=mm&r=g\",\"url\":\"https:\\\/\\\/secure.gravatar.com\\\/avatar\\\/a595e89eb84827e4194fbfa76bce45272f0d7a127a9a5b072cf8582b9dde26ff?s=96&d=mm&r=g\",\"contentUrl\":\"https:\\\/\\\/secure.gravatar.com\\\/avatar\\\/a595e89eb84827e4194fbfa76bce45272f0d7a127a9a5b072cf8582b9dde26ff?s=96&d=mm&r=g\",\"caption\":\"Giorgio Caramanna\"},\"description\":\"geologo (PhD) ed oceanografo, ha fondato la societ\u00e0 di consulenza GeoAqua nel 2015 anche al fine di condividere la sua esperienza di ricercatore e subacqueo scientifico, sensibilizzando l'opinione pubblica sui principali problemi ambientali. In possesso di una notevole esperienza in idrogeologia e geochimica ed oltre quindici anni di esperienza come subacqueo scientifico in una variet\u00e0 di ambienti ha condotto diverse attivit\u00e0 di ricerca ed \u00e8 sttao delegato del gruppo europeo di immersioni scientifiche. Ha lavorato come ricercatore presso molte istituzioni internazionali operando in ambienti multidisciplinari con diverse universit\u00e0. \u00c8 autore di pi\u00f9 di cinquanta articoli ed \u00e8 revisore di riviste internazionali. Attualmente lavora negli Stati Uniti collaborando come consulente al Woods Hole Oceanographic Institution. Nel 2018 ha ricevuto il Tridente d'oro dell'Accademia Internazionale di Scienze e Tecniche subacquee. Non ultimo \u00e8 main reporter di OCEAN4FUTURE dagli Stati Uniti\",\"sameAs\":[\"http:\\\/\\\/www.geoaquaconsulting.com\"],\"url\":\"https:\\\/\\\/www.ocean4future.org\\\/savetheocean\\\/archives\\\/author\\\/giorgio-caramanna\"}]}<\/script>\n<!-- \/ Yoast SEO plugin. -->","yoast_head_json":{"title":"Il tesoro del San Jos\u00e9 &#8226; OCEAN4FUTURE autore","robots":{"index":"index","follow":"follow","max-snippet":"max-snippet:-1","max-image-preview":"max-image-preview:large","max-video-preview":"max-video-preview:-1"},"canonical":"https:\/\/www.ocean4future.org\/savetheocean\/archives\/26936","og_locale":"it_IT","og_type":"article","og_title":"Il tesoro del San Jos\u00e9 &#8226; OCEAN4FUTURE autore","og_description":"tempo di lettura:  5 minuti. &nbsp; ARGOMENTO: ARCHEOLOGIAPERIODO: XVIII SECOLOAREA: OCEANO ATLANTICOparole chiave: San Jos\u00e9, galeone, Marina Spagnola &nbsp; Come nel pi\u00f9 classico dei film d\u2019avventura questa storia inizi\u00f2 con una battaglia navale tra Spagnoli e Britannici avvenuta nelle acque al largo della Colombia nel giugno del 1708 durante gli anni centrali della guerra per la successione al Trono [&hellip;]","og_url":"https:\/\/www.ocean4future.org\/savetheocean\/archives\/26936","og_site_name":"OCEAN4FUTURE","article_published_time":"2019-01-28T00:29:20+00:00","article_modified_time":"2023-07-24T08:49:58+00:00","og_image":[{"width":1200,"height":1410,"url":"https:\/\/www.ocean4future.org\/savetheocean\/wp-content\/uploads\/2019\/01\/ARCHEOLOGIA-RELITTO-SAN-JOSE-WEBwreckBest_1mGrid_blackbg-1_491553-1200x1410-1.jpg","type":"image\/jpeg"}],"author":"Giorgio Caramanna","twitter_card":"summary_large_image","twitter_creator":"@ocean4future","twitter_site":"@ocean4future","twitter_misc":{"Scritto da":"Giorgio Caramanna","Tempo di lettura stimato":"6 minuti"},"schema":{"@context":"https:\/\/schema.org","@graph":[{"@type":"Article","@id":"https:\/\/www.ocean4future.org\/savetheocean\/archives\/26936#article","isPartOf":{"@id":"https:\/\/www.ocean4future.org\/savetheocean\/archives\/26936"},"author":{"name":"Giorgio Caramanna","@id":"https:\/\/www.ocean4future.org\/savetheocean\/#\/schema\/person\/0a7d5387ece2794e784ce8cc640851f3"},"headline":"Il tesoro del San Jos\u00e9","datePublished":"2019-01-28T00:29:20+00:00","dateModified":"2023-07-24T08:49:58+00:00","mainEntityOfPage":{"@id":"https:\/\/www.ocean4future.org\/savetheocean\/archives\/26936"},"wordCount":1039,"commentCount":0,"publisher":{"@id":"https:\/\/www.ocean4future.org\/savetheocean\/#\/schema\/person\/4e1c26437054353074d7bb2efa77162c"},"image":{"@id":"https:\/\/www.ocean4future.org\/savetheocean\/archives\/26936#primaryimage"},"thumbnailUrl":"https:\/\/www.ocean4future.org\/savetheocean\/wp-content\/uploads\/2019\/01\/ARCHEOLOGIA-RELITTO-SAN-JOSE-WEBwreckBest_1mGrid_blackbg-1_491553-1200x1410-1.jpg","keywords":["San Jose'","tesoro"],"articleSection":["Relitti subacquei"],"inLanguage":"it-IT","potentialAction":[{"@type":"CommentAction","name":"Comment","target":["https:\/\/www.ocean4future.org\/savetheocean\/archives\/26936#respond"]}]},{"@type":"WebPage","@id":"https:\/\/www.ocean4future.org\/savetheocean\/archives\/26936","url":"https:\/\/www.ocean4future.org\/savetheocean\/archives\/26936","name":"Il tesoro del San Jos\u00e9 &#8226; OCEAN4FUTURE autore","isPartOf":{"@id":"https:\/\/www.ocean4future.org\/savetheocean\/#website"},"primaryImageOfPage":{"@id":"https:\/\/www.ocean4future.org\/savetheocean\/archives\/26936#primaryimage"},"image":{"@id":"https:\/\/www.ocean4future.org\/savetheocean\/archives\/26936#primaryimage"},"thumbnailUrl":"https:\/\/www.ocean4future.org\/savetheocean\/wp-content\/uploads\/2019\/01\/ARCHEOLOGIA-RELITTO-SAN-JOSE-WEBwreckBest_1mGrid_blackbg-1_491553-1200x1410-1.jpg","datePublished":"2019-01-28T00:29:20+00:00","dateModified":"2023-07-24T08:49:58+00:00","breadcrumb":{"@id":"https:\/\/www.ocean4future.org\/savetheocean\/archives\/26936#breadcrumb"},"inLanguage":"it-IT","potentialAction":[{"@type":"ReadAction","target":["https:\/\/www.ocean4future.org\/savetheocean\/archives\/26936"]}]},{"@type":"ImageObject","inLanguage":"it-IT","@id":"https:\/\/www.ocean4future.org\/savetheocean\/archives\/26936#primaryimage","url":"https:\/\/www.ocean4future.org\/savetheocean\/wp-content\/uploads\/2019\/01\/ARCHEOLOGIA-RELITTO-SAN-JOSE-WEBwreckBest_1mGrid_blackbg-1_491553-1200x1410-1.jpg","contentUrl":"https:\/\/www.ocean4future.org\/savetheocean\/wp-content\/uploads\/2019\/01\/ARCHEOLOGIA-RELITTO-SAN-JOSE-WEBwreckBest_1mGrid_blackbg-1_491553-1200x1410-1.jpg","width":1200,"height":1410},{"@type":"BreadcrumbList","@id":"https:\/\/www.ocean4future.org\/savetheocean\/archives\/26936#breadcrumb","itemListElement":[{"@type":"ListItem","position":1,"name":"Home","item":"https:\/\/www.ocean4future.org\/savetheocean"},{"@type":"ListItem","position":2,"name":"Il tesoro del San Jos\u00e9"}]},{"@type":"WebSite","@id":"https:\/\/www.ocean4future.org\/savetheocean\/#website","url":"https:\/\/www.ocean4future.org\/savetheocean\/","name":"Ocean 4 Future","description":"Per una nuova cultura del mare e della marittimit\u00e0","publisher":{"@id":"https:\/\/www.ocean4future.org\/savetheocean\/#\/schema\/person\/4e1c26437054353074d7bb2efa77162c"},"potentialAction":[{"@type":"SearchAction","target":{"@type":"EntryPoint","urlTemplate":"https:\/\/www.ocean4future.org\/savetheocean\/?s={search_term_string}"},"query-input":{"@type":"PropertyValueSpecification","valueRequired":true,"valueName":"search_term_string"}}],"inLanguage":"it-IT"},{"@type":["Person","Organization"],"@id":"https:\/\/www.ocean4future.org\/savetheocean\/#\/schema\/person\/4e1c26437054353074d7bb2efa77162c","name":"oceandiver","image":{"@type":"ImageObject","inLanguage":"it-IT","@id":"https:\/\/www.ocean4future.org\/savetheocean\/wp-content\/uploads\/2023\/04\/logo-ocean3.jpg","url":"https:\/\/www.ocean4future.org\/savetheocean\/wp-content\/uploads\/2023\/04\/logo-ocean3.jpg","contentUrl":"https:\/\/www.ocean4future.org\/savetheocean\/wp-content\/uploads\/2023\/04\/logo-ocean3.jpg","width":472,"height":301,"caption":"oceandiver"},"logo":{"@id":"https:\/\/www.ocean4future.org\/savetheocean\/wp-content\/uploads\/2023\/04\/logo-ocean3.jpg"}},{"@type":"Person","@id":"https:\/\/www.ocean4future.org\/savetheocean\/#\/schema\/person\/0a7d5387ece2794e784ce8cc640851f3","name":"Giorgio Caramanna","image":{"@type":"ImageObject","inLanguage":"it-IT","@id":"https:\/\/secure.gravatar.com\/avatar\/a595e89eb84827e4194fbfa76bce45272f0d7a127a9a5b072cf8582b9dde26ff?s=96&d=mm&r=g","url":"https:\/\/secure.gravatar.com\/avatar\/a595e89eb84827e4194fbfa76bce45272f0d7a127a9a5b072cf8582b9dde26ff?s=96&d=mm&r=g","contentUrl":"https:\/\/secure.gravatar.com\/avatar\/a595e89eb84827e4194fbfa76bce45272f0d7a127a9a5b072cf8582b9dde26ff?s=96&d=mm&r=g","caption":"Giorgio Caramanna"},"description":"geologo (PhD) ed oceanografo, ha fondato la societ\u00e0 di consulenza GeoAqua nel 2015 anche al fine di condividere la sua esperienza di ricercatore e subacqueo scientifico, sensibilizzando l'opinione pubblica sui principali problemi ambientali. In possesso di una notevole esperienza in idrogeologia e geochimica ed oltre quindici anni di esperienza come subacqueo scientifico in una variet\u00e0 di ambienti ha condotto diverse attivit\u00e0 di ricerca ed \u00e8 sttao delegato del gruppo europeo di immersioni scientifiche. Ha lavorato come ricercatore presso molte istituzioni internazionali operando in ambienti multidisciplinari con diverse universit\u00e0. \u00c8 autore di pi\u00f9 di cinquanta articoli ed \u00e8 revisore di riviste internazionali. Attualmente lavora negli Stati Uniti collaborando come consulente al Woods Hole Oceanographic Institution. Nel 2018 ha ricevuto il Tridente d'oro dell'Accademia Internazionale di Scienze e Tecniche subacquee. Non ultimo \u00e8 main reporter di OCEAN4FUTURE dagli Stati Uniti","sameAs":["http:\/\/www.geoaquaconsulting.com"],"url":"https:\/\/www.ocean4future.org\/savetheocean\/archives\/author\/giorgio-caramanna"}]}},"_links":{"self":[{"href":"https:\/\/www.ocean4future.org\/savetheocean\/wp-json\/wp\/v2\/posts\/26936","targetHints":{"allow":["GET"]}}],"collection":[{"href":"https:\/\/www.ocean4future.org\/savetheocean\/wp-json\/wp\/v2\/posts"}],"about":[{"href":"https:\/\/www.ocean4future.org\/savetheocean\/wp-json\/wp\/v2\/types\/post"}],"author":[{"embeddable":true,"href":"https:\/\/www.ocean4future.org\/savetheocean\/wp-json\/wp\/v2\/users\/2347"}],"replies":[{"embeddable":true,"href":"https:\/\/www.ocean4future.org\/savetheocean\/wp-json\/wp\/v2\/comments?post=26936"}],"version-history":[{"count":0,"href":"https:\/\/www.ocean4future.org\/savetheocean\/wp-json\/wp\/v2\/posts\/26936\/revisions"}],"wp:featuredmedia":[{"embeddable":true,"href":"https:\/\/www.ocean4future.org\/savetheocean\/wp-json\/wp\/v2\/media\/95254"}],"wp:attachment":[{"href":"https:\/\/www.ocean4future.org\/savetheocean\/wp-json\/wp\/v2\/media?parent=26936"}],"wp:term":[{"taxonomy":"category","embeddable":true,"href":"https:\/\/www.ocean4future.org\/savetheocean\/wp-json\/wp\/v2\/categories?post=26936"},{"taxonomy":"post_tag","embeddable":true,"href":"https:\/\/www.ocean4future.org\/savetheocean\/wp-json\/wp\/v2\/tags?post=26936"}],"curies":[{"name":"wp","href":"https:\/\/api.w.org\/{rel}","templated":true}]}}