{"id":23821,"date":"2018-10-23T01:17:10","date_gmt":"2018-10-22T23:17:10","guid":{"rendered":"http:\/\/www.ocean4future.org\/?p=23821"},"modified":"2023-07-20T22:50:02","modified_gmt":"2023-07-20T20:50:02","slug":"grace-omalley-la-regina-del-mare-di-connacht","status":"publish","type":"post","link":"https:\/\/www.ocean4future.org\/savetheocean\/archives\/23821","title":{"rendered":"Grace O&#8217;Malley, la regina del mare di Connacht"},"content":{"rendered":"<span class=\"span-reading-time rt-reading-time\" style=\"display: block;\"><span class=\"rt-label rt-prefix\">tempo di lettura: <\/span> <span class=\"rt-time\"> 6<\/span> <span class=\"rt-label rt-postfix\">minuti<\/span><\/span><p><span style=\"color: #ffffff;\">.<\/span><\/p>\n<a class=\"maxbutton-4 maxbutton maxbutton-livello-di-comprensione\" href=\"javascript:void(0);\"><span class='mb-text'>livello elementare<\/span><\/a>\n<p><span style=\"color: #ffffff; font-size: 8pt;\"><strong>.<\/strong><\/span><br \/>\n<strong><span style=\"color: #008000;\">ARGOMENTO: STORIA NAVALE<\/span><\/strong><br \/>\n<strong><span style=\"color: #008000;\">PERIODO: XVI SECOLO<\/span><\/strong><br \/>\n<strong><span style=\"color: #008000;\">AREA: OCEANO ATLANTICO, IRLANDA<\/span><\/strong><br \/>\nparole chiave: Grace O&#8217;Malley, Clan irlandesi, Inghilterra, Elizabeth I<\/p>\n<p style=\"text-align: justify;\">&nbsp;<\/p>\n<p style=\"text-align: justify;\">Abbiamo incontrato su queste pagine molte donne guerriere, dalla bellissima Teuta, regina dell&#8217;Illiria, alla misteriosa Chin pirata dei mari della Cina, fino alle spregiudicate e libere donne dei Caraibi. Oggi raccontiamo la storia di&nbsp;<strong><span style=\"color: #008000;\">Grace O&#8217;Malley<\/span><\/strong>, patriota della verde Irlanda che combatt\u00e9 la corona inglese per terra, ma soprattutto per mare, per l&#8217;indipendenza della sua Patria. Leggendo le fonti scopriamo che Grace ebbe molte cose in comune con le altre donne che abbiamo raccontato nelle nostre pagine: uno spirito libero e la ricerca di indipendenza dai poteri forti.<\/p>\n<p style=\"text-align: justify;\"><span style=\"color: #008000;\"><strong>Grace O&#8217;Malley<\/strong> <\/span>apparteneva al clan \u00d3 M\u00e1ille dell&#8217;Irlanda occidentale ed era nata da stirpe nobile. Avrebbe potuto avere una vita regale, una famiglia o comunque una vita comoda ma la passione per l&#8217;oceano tempestoso, per i venti sferzanti dell&#8217;Atlantico la portarono a solcare i mari. Donna intelligente&nbsp; e volitiva, non accett\u00f2 mai compromessi e seppe creare importanti legami politici tra i clan e con le nazioni vicine. A comando delle sue navi si dedic\u00f2 alla guerra in mare in prima persona accumulando grandi ricchezze. Come spesso accade questi personaggi, tra verit\u00e0 e fantasie, si trasformano in&nbsp; leggende. Cos\u00ec accadde per Grace che divenne una delle figure pi\u00f9 importanti della storia e del folclore irlandese. Oggi raccontiamo la sua storia, la vita della &#8220;<strong><span style=\"color: #008000;\">regina del mare di Connacht<\/span><\/strong>&#8220;.<\/p>\n<p style=\"text-align: justify;\"><span style=\"color: #008000;\"><strong>Grace <\/strong><\/span>nacque in Irlanda e ricevette il nome di Gr\u00e1inne N\u00ed Mh\u00e1ille, intorno al 1530, figlia di un ricco nobile e commerciante marittimo Owen O&#8217;Malley (Eoghan Dubhdara \u00d3 M\u00e1ille). Durante la sua giovent\u00f9 l&#8217;Irlanda era sotto il controllo inglese, governato dal re d&#8217;Inghilterra <strong><span style=\"color: #008000;\">Enrico VIII<\/span><\/strong>, che la costrinse con la forza a rinunciare alla sua indipendenza. Ma non tutti i clan si assoggettarono, certamente non quello degli O&#8217;Malley. Grace fu allevata nelle residenze di famiglia di Belclare e Clare Island come figlia del capo clan, la cui eredit\u00e0 risaliva al Maille Mac Conall, nipote del re Ui Maill che aveva regnato nel Medioevo irlandese. Non dobbiamo pensare ad un ambiente di corte tribale. Grace, nonostante la sua indole ribelle, ricevette un&#8217;istruzione formale ed apprese a parlare molte lingue compreso il latino, una conoscenza che come vedremo le fu in seguito molto utile.&nbsp;<\/p>\n<p style=\"text-align: justify;\"><img decoding=\"async\" class=\" wp-image-24081 alignright\" src=\"https:\/\/www.ocean4future.org\/savetheocean\/wp-content\/uploads\/2018\/10\/download-1-300x160.jpg\" alt=\"\" width=\"579\" height=\"309\" srcset=\"https:\/\/www.ocean4future.org\/savetheocean\/wp-content\/uploads\/2018\/10\/download-1-300x160.jpg 300w, https:\/\/www.ocean4future.org\/savetheocean\/wp-content\/uploads\/2018\/10\/download-1.jpg 308w\" sizes=\"(max-width: 579px) 100vw, 579px\" \/>Il clan degli O&#8217;Malleys si impose come uno dei rari clan marinareschi del popolo irlandese, riuscendo non solo a trovare fortuna nel commercio ma anche nella guerra navale. A quell&#8217;epoca la differenza tra guerra e pirateria era molto sottile e spesso diversificata solo dalla firma di lettere di marca (di corsa). Gli uomini del clan solcavano quei mari con perizia e all&#8217;occasione depredavano i mercantili tornando poi al porto con ricchi bottini. Un&#8217;atmosfera &#8220;eroica&#8221; che affascinava i giovani che ambivano a seguire le gesta dei loro antenati. Non c&#8217;\u00e8 quindi da meravigliarsi se <span style=\"display: inline !important; float: none; background-color: transparent; color: #444444; font-family: Georgia,'Bitstream Charter',serif; font-size: 16px; font-style: normal; font-variant: normal; font-weight: 400; letter-spacing: normal; line-height: 24px; orphans: 2; text-align: justify; text-decoration: none; text-indent: 0px; text-transform: none; -webkit-text-stroke-width: 0px; white-space: normal; word-spacing: 0px;\">Grace,&nbsp;<\/span> cresciuta tra marinai e pescatori, fu affascinata dall&#8217;oceano. La leggenda racconta che in giovane et\u00e0 si tagli\u00f2 i capelli e si vest\u00ec da ragazzo nel tentativo di imbarcarsi come&nbsp; marinaio su una delle navi di suo padre. Dopo essere stata scoperta, la famiglia le diede il soprannome di &#8220;<strong><span style=\"color: #008000;\">Grainne Mhaol<\/span><\/strong>&#8220;, epiteto con il quale \u00e8 conosciuta ancora oggi. Spesso imbarcava con il padre e si racconta che durante una traversata subirono l&#8217;attacco di pirati. Grace non si diede per vinta e non solo salv\u00f2 la vita del padre ma riusc\u00ec, spada alla mano, a cambiare l&#8217;andamento della battaglia ricacciando gli avversari&nbsp; in mare.&nbsp;<\/p>\n<p style=\"text-align: justify;\">All&#8217;et\u00e0 di 17 anni, nel 1546, O&#8217;Malley, forse suo malgrado o forse per amore, si spos\u00f2 con il D\u00f3nal a Chogaidh \u00d3 Flaithbheartaigh, noto anche come &#8220;<strong><span style=\"color: #008000;\">Donal of the Battle<\/span><\/strong>&#8220;, erede del clan O&#8217;Flaherty e possessore di grandi appezzamenti terrieri nello Iar Connacht. Da Donal ebbe tre figli: due maschi Owen e Murrough ed una femmina Margaret. Nel 1566 O&#8217;Malley si rispos\u00f2 con Risde\u00e1rd an Iarainn Bourke, noto come &#8220;Iron Richard&#8221;. Non fu un matrimonio d&#8217;amore: oltre alla sue terre questi possedeva una discreta flotta navale e controllava molti porti necessari al clan O&#8217;Malley per i suoi traffici. La natura politica di questo matrimonio si rivel\u00f2 in breve tempo e, un anno dopo il matrimonio, Grace divorzi\u00f2 da Burke tenendosi il castello ed il porto di Rockfleet, localit\u00e0 strategicamente molto importante per la flotta del suo clan. Ben presto i comuni interessi marittimi portarono il clan a scontrarsi contro la corona inglese di <strong><span style=\"color: #008000;\">Elisabetta I<\/span><\/strong>.&nbsp;<\/p>\n<p><img decoding=\"async\" src=\"https:\/\/www.ocean4future.org\/savetheocean\/wp-content\/uploads\/2023\/07\/STORIA-UK-Elizabeth_I_Armada_Portrait-1.jpg\" alt=\"Questa immagine ha l'attributo alt vuoto; il nome del file \u00e8 STORIA-UK-Elizabeth_I_Armada_Portrait-1.jpg\" width=\"640\" height=\"513\"><\/p>\n<p align=\"JUSTIFY\"><strong><span style=\"color: #008000;\">ritratto di Elisabetta I realizzato per commemorare la sconfitta dell&#8217;Armada spagnola (raffigurata sullo sfondo) &#8211; autore George Gower Fonte <cite id=\"Reference-Cooper-2014\" class=\"book\">Cooper, Tarnya (2014)&nbsp;<i>The Real Tudors&nbsp;: kings and queens rediscovered<\/i>,&nbsp;<span title=\"capital and largest city of the United Kingdom\">London<\/span>: National Portrait Gallery&nbsp;<small>ISBN:&nbsp;9781855144927. <\/small><\/cite>Woburn Abbey<\/span><\/strong><a href=\"https:\/\/commons.wikimedia.org\/wiki\/File:Elizabeth_I_(Armada_Portrait).jpg\">Elizabeth I (Armada Portrait).jpg &#8211; Wikimedia Commons<\/a><\/p>\n<p style=\"text-align: justify;\"><span style=\"color: #000000;\">Non fu una scelta sofferta. Grace non amava molto gli Inglesi che, nell&#8217;anno precedente, avevano acquisito ancora molte terre irlandesi ponendole sotto il loro duro dominio.&nbsp;<\/span>Una via senza uscita per il suo clan che, negli anni seguenti, inizi\u00f2 a combattere Elisabetta, schierandosi con il <strong><span style=\"color: #008000;\">Lord Deputy of Ireland<\/span><\/strong> che cercava di proteggere gli interessi irlandesi e scozzesi contro l&#8217;Inghilterra. La sua fama di donna risoluta che non scendeva a compromessi crebbe e nacquero le prime leggende alimentate anche dalle sue reazioni,&nbsp; per il tempo decisamente maschili e poco politiche.&nbsp;<\/p>\n<p style=\"text-align: justify;\">Ad esempio nel 1576 O&#8217;Malley salp\u00f2 con la sua nave per recarsi al castello di Howth per visitare il Lord locale. Arrivata alle porte del maniero, non essendoci il padrone di casa, non le fu permesso di entrare. Sentendosi insultata,&nbsp; Grace non ci pens\u00f2 due volte, entr\u00f2 con la forza e rap\u00ec il nipote del Lord Howth, Christopher St Lawrence. Il suo &#8220;brutto carattere&#8221; divenne leggendario e, nel 1593, Grace O&#8217;Malley entr\u00f2 in conflitto non solo con l&#8217;usurpatore inglese, ma anche con il Regno d&#8217;Irlanda, che aveva cercato di limitare l&#8217;influenza del clan sui suoi possedimenti. Dovette combattere pi\u00f9 volte contro gli altri clan irlandesi sotto le mura dei suoi castelli ma, quello stesso anno, il governatore inglese del Connacht, Sir Richard Bingham, riusc\u00ec a catturare i suoi figli Tibbot Burke e Murrough O&#8217;Flaherty e il suo fratellastro D\u00f3nal na P\u00edopa. Grace infuriata decise allora di recarsi a Londra per parlare personalmente con Elisabetta I, regina d&#8217;Inghilterra, per chiederle di garantire la loro liberazione.<\/p>\n<p><img decoding=\"async\" class=\"wp-image-24084\" src=\"https:\/\/www.ocean4future.org\/savetheocean\/wp-content\/uploads\/2018\/10\/7b9bdaa1cce91d340afc016cf22f1571.jpg\" alt=\"\" width=\"614\" height=\"1009\" srcset=\"https:\/\/www.ocean4future.org\/savetheocean\/wp-content\/uploads\/2018\/10\/7b9bdaa1cce91d340afc016cf22f1571.jpg 500w, https:\/\/www.ocean4future.org\/savetheocean\/wp-content\/uploads\/2018\/10\/7b9bdaa1cce91d340afc016cf22f1571-182x300.jpg 182w\" sizes=\"(max-width: 614px) 100vw, 614px\" \/><\/p>\n<p align=\"JUSTIFY\"><strong><span style=\"color: #008000;\">ncontro tra Grace e Elizabeth I, da Anthologia Hibernica Volume II. Public Domain.<\/span><\/strong><\/p>\n<p style=\"text-align: justify;\">Quando arriv\u00f2 al suo cospetto, non le si inchin\u00f2 di fronte, non considerandola legittima governante dell&#8217;Irlanda, e le parl\u00f2 in latino. Al termine del colloquio la Regina e Grace O&#8217;Malley giunsero ad un accordo: Bingham sarebbe stato rimosso ma Grace O&#8217;Malley avrebbe smesso di sostenere i signori irlandesi che combattevano per l&#8217;indipendenza delle loro terre. In realt\u00e0 al suo ritorno in Irlanda, Grace vide che non tutte le promesse erano state soddisfatte ed i castelli e le terre dalla famiglia O&#8217;Malley erano rimaste in mani inglesi. All&#8217;eroina irlandese non rest\u00f2 che continuare a sostenere l&#8217;indipendenza irlandese nella sanguinosa guerra dei nove anni (1594-1603), il maggiore conflitto contro il dominio inglese in Irlanda durante l&#8217;era elisabettiana.<\/p>\n<p><span style=\"font-size: 14pt;\"><strong><span style=\"color: #008000;\">Le fonti storiche<\/span><\/strong><\/span><\/p>\n<p style=\"text-align: justify;\"><img decoding=\"async\" class=\" wp-image-24082 alignright\" src=\"https:\/\/www.ocean4future.org\/savetheocean\/wp-content\/uploads\/2018\/10\/grace-o-malley.jpg\" alt=\"\" width=\"589\" height=\"787\">Durante tutti i 70 anni della sua vita, <strong><span style=\"color: #008000;\">Grace O&#8217;Malley<\/span><\/strong> mantenne la reputazione di leader politico spietato con i nemici ed intelligente, proteggendo con successo per terra e per mare l&#8217;indipendenza delle sue terre, in un&nbsp; periodo non facile nel quale gran parte dell&#8217;Irlanda cadde sotto il dominio inglese.&nbsp;La sua biografia \u00e8 stata scritta dallo storico&nbsp;<strong><span style=\"color: #008000;\">Anne Chambers<\/span><\/strong>, basata su fonti&nbsp;documentali inglesi. Non \u00e8 menzionata negli annali irlandesi in quanto il &#8220;libro&#8221; della famiglia O&#8217;Malley, una raccolta di poesie bardiche sulle famiglie aristocratiche gaeliche del periodo, non \u00e8 sopravvissuto.&nbsp; Un&#8217;importante fonte storica sulla sua vita sono i diciotto &#8220;<strong><span style=\"color: #008000;\">Articoli di interrogatorio<\/span><\/strong>&#8220;, quesiti che le furono poste per iscritto a nome di Elisabetta I. Tra i tanti&nbsp;documenti di stato inglesi vi \u00e8 anche una lettera inviata dal Lord Deputy,&nbsp;Sir Henry Sidney a suo figlio&nbsp;Phillip&nbsp;nel 1577 che riporta: &#8220;<em><span style=\"color: #008000;\"><strong>There came to mee a most famous femynyne sea captain called Grace Imallye, and offred her service unto me, wheresoever I woulde command her, with three gallyes and two hundred fightinge men..<\/strong>.<\/span><\/em>&#8220;.&nbsp;<\/p>\n<p style=\"text-align: justify;\">La regina del mare di Irlanda O&#8217;Malley mor\u00ec nel castello di Rockfleet nel 1603, per ironia lo stesso anno di&nbsp; Elizabeth I, regina d&#8217;Inghilterra che Grace non volle mai riconoscere come tale.<\/p>\n<p>&nbsp;<\/p>\n<p><a class=\"maxbutton-27 maxbutton maxbutton-un-regalo-per-te\" href=\"https:\/\/www.primevideo.com\/offers\/ref=atv_nb_lcl_it_IT?tag=amazon0e150-21 Italia\"><span class='mb-text'>Una sorpresa per te su Amazon Music unlimited<\/span><\/a>&nbsp; &nbsp;<a class=\"maxbutton-28 maxbutton maxbutton-amazon-prime\" title=\"Scopri i vantaggi di Amazon Prime\" href=\"javascript:void(0);\"><span class='mb-text'>Scopri i vantaggi di Amazon Prime<\/span><\/a><\/p>\n<p>&nbsp;<\/p>\n<p style=\"text-align: justify;\">Alcune delle foto presenti in questo blog possono essere state prese dal web, citandone ove possibile gli autori e\/o le fonti. Se qualcuno desiderasse specificarne l\u2019autore o rimuoverle, pu\u00f2 scrivere a infoocean4future@gmail.com e provvederemo immediatamente alla correzione dell\u2019articolo<br \/>\n<span style=\"color: #ffffff;\">,<\/span><\/p>\n<a class=\"maxbutton-3 maxbutton maxbutton-pagina-principale\" target=\"_blank\" title=\"tooltip\" rel=\"nofollow noopener\" href=\"http:\/\/www.ocean4future.org\"><span class='mb-text'>PAGINA PRINCIPALE<\/span><\/a>\n","protected":false},"excerpt":{"rendered":"<p><span class=\"span-reading-time rt-reading-time\" style=\"display: block;\"><span class=\"rt-label rt-prefix\">tempo di lettura: <\/span> <span class=\"rt-time\"> 6<\/span> <span class=\"rt-label rt-postfix\">minuti<\/span><\/span>. . ARGOMENTO: STORIA NAVALE PERIODO: XVI SECOLO AREA: OCEANO ATLANTICO, IRLANDA parole chiave: Grace O&#8217;Malley, Clan irlandesi, Inghilterra, Elizabeth I &nbsp; Abbiamo incontrato su queste pagine molte donne guerriere, dalla bellissima Teuta, regina dell&#8217;Illiria, alla misteriosa Chin pirata dei mari della Cina, fino alle spregiudicate e libere donne dei Caraibi. Oggi raccontiamo la storia [&hellip;]<\/p>\n","protected":false},"author":2380,"featured_media":24083,"comment_status":"open","ping_status":"open","sticky":false,"template":"","format":"standard","meta":{"_acf_changed":false,"_monsterinsights_skip_tracking":false,"_monsterinsights_sitenote_active":false,"_monsterinsights_sitenote_note":"","_monsterinsights_sitenote_category":0,"footnotes":""},"categories":[2314,67,2318],"tags":[394],"class_list":["post-23821","post","type-post","status-publish","format-standard","has-post-thumbnail","hentry","category-personaggi","category-la-pirateria","category-eta-moderna","tag-pirateria"],"acf":[],"yoast_head":"<!-- This site is optimized with the Yoast SEO plugin v27.4 - https:\/\/yoast.com\/product\/yoast-seo-wordpress\/ -->\n<title>Grace O&#039;Malley, la regina del mare di Connacht &#8226; OCEAN4FUTURE autore<\/title>\n<meta name=\"robots\" content=\"index, follow, max-snippet:-1, max-image-preview:large, max-video-preview:-1\" \/>\n<link rel=\"canonical\" href=\"https:\/\/www.ocean4future.org\/savetheocean\/archives\/23821\" \/>\n<meta property=\"og:locale\" content=\"it_IT\" \/>\n<meta property=\"og:type\" content=\"article\" \/>\n<meta property=\"og:title\" content=\"Grace O&#039;Malley, la regina del mare di Connacht &#8226; OCEAN4FUTURE autore\" \/>\n<meta property=\"og:description\" content=\"tempo di lettura:  6 minuti. . ARGOMENTO: STORIA NAVALE PERIODO: XVI SECOLO AREA: OCEANO ATLANTICO, IRLANDA parole chiave: Grace O&#8217;Malley, Clan irlandesi, Inghilterra, Elizabeth I &nbsp; Abbiamo incontrato su queste pagine molte donne guerriere, dalla bellissima Teuta, regina dell&#8217;Illiria, alla misteriosa Chin pirata dei mari della Cina, fino alle spregiudicate e libere donne dei Caraibi. Oggi raccontiamo la storia [&hellip;]\" \/>\n<meta property=\"og:url\" content=\"https:\/\/www.ocean4future.org\/savetheocean\/archives\/23821\" \/>\n<meta property=\"og:site_name\" content=\"OCEAN4FUTURE\" \/>\n<meta property=\"article:published_time\" content=\"2018-10-22T23:17:10+00:00\" \/>\n<meta property=\"article:modified_time\" content=\"2023-07-20T20:50:02+00:00\" \/>\n<meta property=\"og:image\" content=\"https:\/\/www.ocean4future.org\/savetheocean\/wp-content\/uploads\/2018\/10\/grace-omalley.jpg\" \/>\n\t<meta property=\"og:image:width\" content=\"840\" \/>\n\t<meta property=\"og:image:height\" content=\"450\" \/>\n\t<meta property=\"og:image:type\" content=\"image\/jpeg\" \/>\n<meta name=\"author\" content=\"Andrea Mucedola\" \/>\n<meta name=\"twitter:card\" content=\"summary_large_image\" \/>\n<meta name=\"twitter:creator\" content=\"@ocean4future\" \/>\n<meta name=\"twitter:site\" content=\"@ocean4future\" \/>\n<meta name=\"twitter:label1\" content=\"Scritto da\" \/>\n\t<meta name=\"twitter:data1\" content=\"Andrea Mucedola\" \/>\n\t<meta name=\"twitter:label2\" content=\"Tempo di lettura stimato\" \/>\n\t<meta name=\"twitter:data2\" content=\"7 minuti\" \/>\n<script type=\"application\/ld+json\" class=\"yoast-schema-graph\">{\"@context\":\"https:\\\/\\\/schema.org\",\"@graph\":[{\"@type\":\"Article\",\"@id\":\"https:\\\/\\\/www.ocean4future.org\\\/savetheocean\\\/archives\\\/23821#article\",\"isPartOf\":{\"@id\":\"https:\\\/\\\/www.ocean4future.org\\\/savetheocean\\\/archives\\\/23821\"},\"author\":{\"name\":\"Andrea Mucedola\",\"@id\":\"https:\\\/\\\/www.ocean4future.org\\\/savetheocean\\\/#\\\/schema\\\/person\\\/252d25dcc5c002abcde7b2d4baa78f13\"},\"headline\":\"Grace O&#8217;Malley, la regina del mare di Connacht\",\"datePublished\":\"2018-10-22T23:17:10+00:00\",\"dateModified\":\"2023-07-20T20:50:02+00:00\",\"mainEntityOfPage\":{\"@id\":\"https:\\\/\\\/www.ocean4future.org\\\/savetheocean\\\/archives\\\/23821\"},\"wordCount\":1514,\"commentCount\":0,\"publisher\":{\"@id\":\"https:\\\/\\\/www.ocean4future.org\\\/savetheocean\\\/#\\\/schema\\\/person\\\/4e1c26437054353074d7bb2efa77162c\"},\"image\":{\"@id\":\"https:\\\/\\\/www.ocean4future.org\\\/savetheocean\\\/archives\\\/23821#primaryimage\"},\"thumbnailUrl\":\"https:\\\/\\\/www.ocean4future.org\\\/savetheocean\\\/wp-content\\\/uploads\\\/2018\\\/10\\\/grace-omalley.jpg\",\"keywords\":[\"pirateria\"],\"articleSection\":[\"Personaggi\",\"Pirateria\",\"Storia navale dell'et\u00e0 moderna (post 1492 - oggi)\"],\"inLanguage\":\"it-IT\",\"potentialAction\":[{\"@type\":\"CommentAction\",\"name\":\"Comment\",\"target\":[\"https:\\\/\\\/www.ocean4future.org\\\/savetheocean\\\/archives\\\/23821#respond\"]}]},{\"@type\":\"WebPage\",\"@id\":\"https:\\\/\\\/www.ocean4future.org\\\/savetheocean\\\/archives\\\/23821\",\"url\":\"https:\\\/\\\/www.ocean4future.org\\\/savetheocean\\\/archives\\\/23821\",\"name\":\"Grace O'Malley, la regina del mare di Connacht &#8226; OCEAN4FUTURE autore\",\"isPartOf\":{\"@id\":\"https:\\\/\\\/www.ocean4future.org\\\/savetheocean\\\/#website\"},\"primaryImageOfPage\":{\"@id\":\"https:\\\/\\\/www.ocean4future.org\\\/savetheocean\\\/archives\\\/23821#primaryimage\"},\"image\":{\"@id\":\"https:\\\/\\\/www.ocean4future.org\\\/savetheocean\\\/archives\\\/23821#primaryimage\"},\"thumbnailUrl\":\"https:\\\/\\\/www.ocean4future.org\\\/savetheocean\\\/wp-content\\\/uploads\\\/2018\\\/10\\\/grace-omalley.jpg\",\"datePublished\":\"2018-10-22T23:17:10+00:00\",\"dateModified\":\"2023-07-20T20:50:02+00:00\",\"breadcrumb\":{\"@id\":\"https:\\\/\\\/www.ocean4future.org\\\/savetheocean\\\/archives\\\/23821#breadcrumb\"},\"inLanguage\":\"it-IT\",\"potentialAction\":[{\"@type\":\"ReadAction\",\"target\":[\"https:\\\/\\\/www.ocean4future.org\\\/savetheocean\\\/archives\\\/23821\"]}]},{\"@type\":\"ImageObject\",\"inLanguage\":\"it-IT\",\"@id\":\"https:\\\/\\\/www.ocean4future.org\\\/savetheocean\\\/archives\\\/23821#primaryimage\",\"url\":\"https:\\\/\\\/www.ocean4future.org\\\/savetheocean\\\/wp-content\\\/uploads\\\/2018\\\/10\\\/grace-omalley.jpg\",\"contentUrl\":\"https:\\\/\\\/www.ocean4future.org\\\/savetheocean\\\/wp-content\\\/uploads\\\/2018\\\/10\\\/grace-omalley.jpg\",\"width\":840,\"height\":450},{\"@type\":\"BreadcrumbList\",\"@id\":\"https:\\\/\\\/www.ocean4future.org\\\/savetheocean\\\/archives\\\/23821#breadcrumb\",\"itemListElement\":[{\"@type\":\"ListItem\",\"position\":1,\"name\":\"Home\",\"item\":\"https:\\\/\\\/www.ocean4future.org\\\/savetheocean\"},{\"@type\":\"ListItem\",\"position\":2,\"name\":\"Grace O&#8217;Malley, la regina del mare di Connacht\"}]},{\"@type\":\"WebSite\",\"@id\":\"https:\\\/\\\/www.ocean4future.org\\\/savetheocean\\\/#website\",\"url\":\"https:\\\/\\\/www.ocean4future.org\\\/savetheocean\\\/\",\"name\":\"Ocean 4 Future\",\"description\":\"Per una nuova cultura del mare e della marittimit\u00e0\",\"publisher\":{\"@id\":\"https:\\\/\\\/www.ocean4future.org\\\/savetheocean\\\/#\\\/schema\\\/person\\\/4e1c26437054353074d7bb2efa77162c\"},\"potentialAction\":[{\"@type\":\"SearchAction\",\"target\":{\"@type\":\"EntryPoint\",\"urlTemplate\":\"https:\\\/\\\/www.ocean4future.org\\\/savetheocean\\\/?s={search_term_string}\"},\"query-input\":{\"@type\":\"PropertyValueSpecification\",\"valueRequired\":true,\"valueName\":\"search_term_string\"}}],\"inLanguage\":\"it-IT\"},{\"@type\":[\"Person\",\"Organization\"],\"@id\":\"https:\\\/\\\/www.ocean4future.org\\\/savetheocean\\\/#\\\/schema\\\/person\\\/4e1c26437054353074d7bb2efa77162c\",\"name\":\"oceandiver\",\"image\":{\"@type\":\"ImageObject\",\"inLanguage\":\"it-IT\",\"@id\":\"https:\\\/\\\/www.ocean4future.org\\\/savetheocean\\\/wp-content\\\/uploads\\\/2023\\\/04\\\/logo-ocean3.jpg\",\"url\":\"https:\\\/\\\/www.ocean4future.org\\\/savetheocean\\\/wp-content\\\/uploads\\\/2023\\\/04\\\/logo-ocean3.jpg\",\"contentUrl\":\"https:\\\/\\\/www.ocean4future.org\\\/savetheocean\\\/wp-content\\\/uploads\\\/2023\\\/04\\\/logo-ocean3.jpg\",\"width\":472,\"height\":301,\"caption\":\"oceandiver\"},\"logo\":{\"@id\":\"https:\\\/\\\/www.ocean4future.org\\\/savetheocean\\\/wp-content\\\/uploads\\\/2023\\\/04\\\/logo-ocean3.jpg\"}},{\"@type\":\"Person\",\"@id\":\"https:\\\/\\\/www.ocean4future.org\\\/savetheocean\\\/#\\\/schema\\\/person\\\/252d25dcc5c002abcde7b2d4baa78f13\",\"name\":\"Andrea Mucedola\",\"image\":{\"@type\":\"ImageObject\",\"inLanguage\":\"it-IT\",\"@id\":\"https:\\\/\\\/secure.gravatar.com\\\/avatar\\\/befc97e7f9e17a6b60a3969a83be976bdb6f8fc3d0b55cb27b11ae85db4b6240?s=96&d=mm&r=g\",\"url\":\"https:\\\/\\\/secure.gravatar.com\\\/avatar\\\/befc97e7f9e17a6b60a3969a83be976bdb6f8fc3d0b55cb27b11ae85db4b6240?s=96&d=mm&r=g\",\"contentUrl\":\"https:\\\/\\\/secure.gravatar.com\\\/avatar\\\/befc97e7f9e17a6b60a3969a83be976bdb6f8fc3d0b55cb27b11ae85db4b6240?s=96&d=mm&r=g\",\"caption\":\"Andrea Mucedola\"},\"description\":\"ammiraglio della Marina Militare Italiana (riserva), \u00e8 laureato in Scienze Marittime della Difesa presso l\u2019Universit\u00e0 di Pisa ed in Scienze Politiche cum laude all\u2019Universit\u00e0 di Trieste. Analista di Maritime Security, collabora con numerosi Centri di studi e analisi geopolitici italiani ed internazionali. Ricercatore subacqueo scientifico dal 1993, nel 2019, ha ricevuto il Tridente d'oro dell'Accademia delle Scienze e Tecniche Subacquee per la divulgazione della cultura del mare. Fa parte del Comitato scientifico della Fondazione Atlantide e della Scuola internazionale Subacquei scientifici (ISSD - AIOSS).\",\"sameAs\":[\"http:\\\/\\\/www.ocean4future.org\"],\"url\":\"https:\\\/\\\/www.ocean4future.org\\\/savetheocean\\\/archives\\\/author\\\/andrea-mucedola\"}]}<\/script>\n<!-- \/ Yoast SEO plugin. -->","yoast_head_json":{"title":"Grace O'Malley, la regina del mare di Connacht &#8226; OCEAN4FUTURE autore","robots":{"index":"index","follow":"follow","max-snippet":"max-snippet:-1","max-image-preview":"max-image-preview:large","max-video-preview":"max-video-preview:-1"},"canonical":"https:\/\/www.ocean4future.org\/savetheocean\/archives\/23821","og_locale":"it_IT","og_type":"article","og_title":"Grace O'Malley, la regina del mare di Connacht &#8226; OCEAN4FUTURE autore","og_description":"tempo di lettura:  6 minuti. . ARGOMENTO: STORIA NAVALE PERIODO: XVI SECOLO AREA: OCEANO ATLANTICO, IRLANDA parole chiave: Grace O&#8217;Malley, Clan irlandesi, Inghilterra, Elizabeth I &nbsp; Abbiamo incontrato su queste pagine molte donne guerriere, dalla bellissima Teuta, regina dell&#8217;Illiria, alla misteriosa Chin pirata dei mari della Cina, fino alle spregiudicate e libere donne dei Caraibi. Oggi raccontiamo la storia [&hellip;]","og_url":"https:\/\/www.ocean4future.org\/savetheocean\/archives\/23821","og_site_name":"OCEAN4FUTURE","article_published_time":"2018-10-22T23:17:10+00:00","article_modified_time":"2023-07-20T20:50:02+00:00","og_image":[{"width":840,"height":450,"url":"https:\/\/www.ocean4future.org\/savetheocean\/wp-content\/uploads\/2018\/10\/grace-omalley.jpg","type":"image\/jpeg"}],"author":"Andrea Mucedola","twitter_card":"summary_large_image","twitter_creator":"@ocean4future","twitter_site":"@ocean4future","twitter_misc":{"Scritto da":"Andrea Mucedola","Tempo di lettura stimato":"7 minuti"},"schema":{"@context":"https:\/\/schema.org","@graph":[{"@type":"Article","@id":"https:\/\/www.ocean4future.org\/savetheocean\/archives\/23821#article","isPartOf":{"@id":"https:\/\/www.ocean4future.org\/savetheocean\/archives\/23821"},"author":{"name":"Andrea Mucedola","@id":"https:\/\/www.ocean4future.org\/savetheocean\/#\/schema\/person\/252d25dcc5c002abcde7b2d4baa78f13"},"headline":"Grace O&#8217;Malley, la regina del mare di Connacht","datePublished":"2018-10-22T23:17:10+00:00","dateModified":"2023-07-20T20:50:02+00:00","mainEntityOfPage":{"@id":"https:\/\/www.ocean4future.org\/savetheocean\/archives\/23821"},"wordCount":1514,"commentCount":0,"publisher":{"@id":"https:\/\/www.ocean4future.org\/savetheocean\/#\/schema\/person\/4e1c26437054353074d7bb2efa77162c"},"image":{"@id":"https:\/\/www.ocean4future.org\/savetheocean\/archives\/23821#primaryimage"},"thumbnailUrl":"https:\/\/www.ocean4future.org\/savetheocean\/wp-content\/uploads\/2018\/10\/grace-omalley.jpg","keywords":["pirateria"],"articleSection":["Personaggi","Pirateria","Storia navale dell'et\u00e0 moderna (post 1492 - oggi)"],"inLanguage":"it-IT","potentialAction":[{"@type":"CommentAction","name":"Comment","target":["https:\/\/www.ocean4future.org\/savetheocean\/archives\/23821#respond"]}]},{"@type":"WebPage","@id":"https:\/\/www.ocean4future.org\/savetheocean\/archives\/23821","url":"https:\/\/www.ocean4future.org\/savetheocean\/archives\/23821","name":"Grace O'Malley, la regina del mare di Connacht &#8226; OCEAN4FUTURE autore","isPartOf":{"@id":"https:\/\/www.ocean4future.org\/savetheocean\/#website"},"primaryImageOfPage":{"@id":"https:\/\/www.ocean4future.org\/savetheocean\/archives\/23821#primaryimage"},"image":{"@id":"https:\/\/www.ocean4future.org\/savetheocean\/archives\/23821#primaryimage"},"thumbnailUrl":"https:\/\/www.ocean4future.org\/savetheocean\/wp-content\/uploads\/2018\/10\/grace-omalley.jpg","datePublished":"2018-10-22T23:17:10+00:00","dateModified":"2023-07-20T20:50:02+00:00","breadcrumb":{"@id":"https:\/\/www.ocean4future.org\/savetheocean\/archives\/23821#breadcrumb"},"inLanguage":"it-IT","potentialAction":[{"@type":"ReadAction","target":["https:\/\/www.ocean4future.org\/savetheocean\/archives\/23821"]}]},{"@type":"ImageObject","inLanguage":"it-IT","@id":"https:\/\/www.ocean4future.org\/savetheocean\/archives\/23821#primaryimage","url":"https:\/\/www.ocean4future.org\/savetheocean\/wp-content\/uploads\/2018\/10\/grace-omalley.jpg","contentUrl":"https:\/\/www.ocean4future.org\/savetheocean\/wp-content\/uploads\/2018\/10\/grace-omalley.jpg","width":840,"height":450},{"@type":"BreadcrumbList","@id":"https:\/\/www.ocean4future.org\/savetheocean\/archives\/23821#breadcrumb","itemListElement":[{"@type":"ListItem","position":1,"name":"Home","item":"https:\/\/www.ocean4future.org\/savetheocean"},{"@type":"ListItem","position":2,"name":"Grace O&#8217;Malley, la regina del mare di Connacht"}]},{"@type":"WebSite","@id":"https:\/\/www.ocean4future.org\/savetheocean\/#website","url":"https:\/\/www.ocean4future.org\/savetheocean\/","name":"Ocean 4 Future","description":"Per una nuova cultura del mare e della marittimit\u00e0","publisher":{"@id":"https:\/\/www.ocean4future.org\/savetheocean\/#\/schema\/person\/4e1c26437054353074d7bb2efa77162c"},"potentialAction":[{"@type":"SearchAction","target":{"@type":"EntryPoint","urlTemplate":"https:\/\/www.ocean4future.org\/savetheocean\/?s={search_term_string}"},"query-input":{"@type":"PropertyValueSpecification","valueRequired":true,"valueName":"search_term_string"}}],"inLanguage":"it-IT"},{"@type":["Person","Organization"],"@id":"https:\/\/www.ocean4future.org\/savetheocean\/#\/schema\/person\/4e1c26437054353074d7bb2efa77162c","name":"oceandiver","image":{"@type":"ImageObject","inLanguage":"it-IT","@id":"https:\/\/www.ocean4future.org\/savetheocean\/wp-content\/uploads\/2023\/04\/logo-ocean3.jpg","url":"https:\/\/www.ocean4future.org\/savetheocean\/wp-content\/uploads\/2023\/04\/logo-ocean3.jpg","contentUrl":"https:\/\/www.ocean4future.org\/savetheocean\/wp-content\/uploads\/2023\/04\/logo-ocean3.jpg","width":472,"height":301,"caption":"oceandiver"},"logo":{"@id":"https:\/\/www.ocean4future.org\/savetheocean\/wp-content\/uploads\/2023\/04\/logo-ocean3.jpg"}},{"@type":"Person","@id":"https:\/\/www.ocean4future.org\/savetheocean\/#\/schema\/person\/252d25dcc5c002abcde7b2d4baa78f13","name":"Andrea Mucedola","image":{"@type":"ImageObject","inLanguage":"it-IT","@id":"https:\/\/secure.gravatar.com\/avatar\/befc97e7f9e17a6b60a3969a83be976bdb6f8fc3d0b55cb27b11ae85db4b6240?s=96&d=mm&r=g","url":"https:\/\/secure.gravatar.com\/avatar\/befc97e7f9e17a6b60a3969a83be976bdb6f8fc3d0b55cb27b11ae85db4b6240?s=96&d=mm&r=g","contentUrl":"https:\/\/secure.gravatar.com\/avatar\/befc97e7f9e17a6b60a3969a83be976bdb6f8fc3d0b55cb27b11ae85db4b6240?s=96&d=mm&r=g","caption":"Andrea Mucedola"},"description":"ammiraglio della Marina Militare Italiana (riserva), \u00e8 laureato in Scienze Marittime della Difesa presso l\u2019Universit\u00e0 di Pisa ed in Scienze Politiche cum laude all\u2019Universit\u00e0 di Trieste. Analista di Maritime Security, collabora con numerosi Centri di studi e analisi geopolitici italiani ed internazionali. Ricercatore subacqueo scientifico dal 1993, nel 2019, ha ricevuto il Tridente d'oro dell'Accademia delle Scienze e Tecniche Subacquee per la divulgazione della cultura del mare. Fa parte del Comitato scientifico della Fondazione Atlantide e della Scuola internazionale Subacquei scientifici (ISSD - AIOSS).","sameAs":["http:\/\/www.ocean4future.org"],"url":"https:\/\/www.ocean4future.org\/savetheocean\/archives\/author\/andrea-mucedola"}]}},"_links":{"self":[{"href":"https:\/\/www.ocean4future.org\/savetheocean\/wp-json\/wp\/v2\/posts\/23821","targetHints":{"allow":["GET"]}}],"collection":[{"href":"https:\/\/www.ocean4future.org\/savetheocean\/wp-json\/wp\/v2\/posts"}],"about":[{"href":"https:\/\/www.ocean4future.org\/savetheocean\/wp-json\/wp\/v2\/types\/post"}],"author":[{"embeddable":true,"href":"https:\/\/www.ocean4future.org\/savetheocean\/wp-json\/wp\/v2\/users\/2380"}],"replies":[{"embeddable":true,"href":"https:\/\/www.ocean4future.org\/savetheocean\/wp-json\/wp\/v2\/comments?post=23821"}],"version-history":[{"count":0,"href":"https:\/\/www.ocean4future.org\/savetheocean\/wp-json\/wp\/v2\/posts\/23821\/revisions"}],"wp:featuredmedia":[{"embeddable":true,"href":"https:\/\/www.ocean4future.org\/savetheocean\/wp-json\/wp\/v2\/media\/24083"}],"wp:attachment":[{"href":"https:\/\/www.ocean4future.org\/savetheocean\/wp-json\/wp\/v2\/media?parent=23821"}],"wp:term":[{"taxonomy":"category","embeddable":true,"href":"https:\/\/www.ocean4future.org\/savetheocean\/wp-json\/wp\/v2\/categories?post=23821"},{"taxonomy":"post_tag","embeddable":true,"href":"https:\/\/www.ocean4future.org\/savetheocean\/wp-json\/wp\/v2\/tags?post=23821"}],"curies":[{"name":"wp","href":"https:\/\/api.w.org\/{rel}","templated":true}]}}