{"id":23317,"date":"2018-09-26T00:22:57","date_gmt":"2018-09-25T22:22:57","guid":{"rendered":"http:\/\/www.ocean4future.org\/?p=23317"},"modified":"2026-03-22T18:17:45","modified_gmt":"2026-03-22T17:17:45","slug":"23317","status":"publish","type":"post","link":"https:\/\/www.ocean4future.org\/savetheocean\/archives\/23317","title":{"rendered":"L\u2019Assedio di Malta del 1565, dalla caduta di S. Elmo all\u2019assalto della Senglea &#8211; parte V di Gabriele Campagnano"},"content":{"rendered":"<span class=\"span-reading-time rt-reading-time\" style=\"display: block;\"><span class=\"rt-label rt-prefix\">tempo di lettura: <\/span> <span class=\"rt-time\"> 6<\/span> <span class=\"rt-label rt-postfix\">minuti<\/span><\/span><p><strong><span style=\"color: #ffffff;\">.<\/span><br \/>\n<a class=\"maxbutton-4 maxbutton maxbutton-livello-di-comprensione\" href=\"javascript:void(0);\"><span class='mb-text'>livello elementare<\/span><\/a><br \/>\n<span style=\"color: #ffffff;\">.<\/span><br \/>\n<span style=\"color: #008000;\">ARGOMENTO: STORIA NAVALE<\/span><\/strong><br \/>\n<strong><span style=\"color: #008000;\">PERIODO: XVI SECOLO<\/span><\/strong><br \/>\n<strong><span style=\"color: #008000;\">AREA: MAR MEDITERRANEO<\/span><br \/>\n<\/strong>parole chiave: Malta, assedio<br \/>\n<span style=\"color: #ffffff;\">.<\/span><\/p>\n<p style=\"text-align: justify;\">I Turchi tentano ancora i Maltesi con vantaggiose proposte di resa, ma la risposta rimane la stessa:&nbsp;<strong><em><span style=\"color: #008000;\">&#8220;Il Popolo fra mille stenti volentieri morrebbe, anzich\u00e9 mettersi sotto lo stendardo dell\u2019aborrita mezzaluna.&#8221; <\/span><\/em><\/strong>Il grande assalto&nbsp;si fa imminente. <strong><span style=\"color: #008000;\">Hassan<\/span><\/strong> \u00e8 pronto a guidare le truppe via terra, mentre un&nbsp;suo ufficiale, il vecchio corsaro Candelissa, quelle di mare. Pial\u00ec Pasci\u00e0 ha invece il compito di tenersi pronto con le sue 60 galee, trasportate all&#8217;estremit\u00e0 pi\u00f9 lontana dell\u2019insenatura del Grande Porto.<\/p>\n<p><img decoding=\"async\" class=\"wp-image-23328\" src=\"https:\/\/www.ocean4future.org\/savetheocean\/wp-content\/uploads\/2018\/09\/piali-pasha-ray-agius.jpg\" alt=\"\" width=\"586\" height=\"780\" srcset=\"https:\/\/www.ocean4future.org\/savetheocean\/wp-content\/uploads\/2018\/09\/piali-pasha-ray-agius.jpg 675w, https:\/\/www.ocean4future.org\/savetheocean\/wp-content\/uploads\/2018\/09\/piali-pasha-ray-agius-225x300.jpg 225w\" sizes=\"(max-width: 586px) 100vw, 586px\" \/><\/p>\n<p align=\"justify\"><strong><span style=\"color: #008000;\">Pial\u00ec Pasci\u00e0<\/span><\/strong><\/p>\n<p style=\"text-align: justify;\">All\u2019alba del 15 luglio, inizia il cannoneggiamento generale. Hassan porta i suoi verso S.Michele, mentre&nbsp; Candelissa appronta decine di navi di ogni dimensione per tentare lo sbarco sui lidi protetti dalla palizzata. Le lodi ad Allah assordano i difensori, mentre Mustaf\u00e0 osserva l\u2019azione dalla collina di Corradino. La palizzata impedisce lo sbarco lungo tutta la costa interna della Senglea, ma&nbsp;un migliaio di Giannizzeri&nbsp;riesce ad approdare sullo sperone, ossia sulla punta della penisola. Candelissa, onde evitare una ritirata dei suoi, ha scelto i soldati fra coloro che&nbsp;non sanno nuotare.<\/p>\n<p style=\"text-align: justify;\">Sulla punta dell\u2019altra penisola, quella di Borgo, il Cavaliere De Guiral presidia una delle batterie di S. Angelo. Dall&#8217;arrivo dei Turchi, ormai quasi due mesi prima, non ha ancora sparato un colpo. Quel giorno per\u00f2, osserva con attenzione le manovre turche. Impedisce ai suoi artiglieri di far fuoco subito e chiede loro di caricare i cinque cannoni a sua disposizione con pezzi di ferro, catene e mitraglie.&nbsp;<\/p>\n<p><img decoding=\"async\" class=\"wp-image-23322 alignleft\" style=\"font-size: 16px; text-align: justify;\" src=\"https:\/\/www.ocean4future.org\/savetheocean\/wp-content\/uploads\/2018\/09\/turchi.png\" alt=\"\" width=\"631\" height=\"631\" srcset=\"https:\/\/www.ocean4future.org\/savetheocean\/wp-content\/uploads\/2018\/09\/turchi.png 300w, https:\/\/www.ocean4future.org\/savetheocean\/wp-content\/uploads\/2018\/09\/turchi-150x150.png 150w, https:\/\/www.ocean4future.org\/savetheocean\/wp-content\/uploads\/2018\/09\/turchi-144x144.png 144w, https:\/\/www.ocean4future.org\/savetheocean\/wp-content\/uploads\/2018\/09\/turchi-50x50.png 50w, https:\/\/www.ocean4future.org\/savetheocean\/wp-content\/uploads\/2018\/09\/turchi-65x65.png 65w\" sizes=\"(max-width: 631px) 100vw, 631px\" \/><\/p>\n<p style=\"text-align: justify;\"><strong><span style=\"color: #008000;\">De Guiral<\/span> <\/strong>attende che tutte e dieci le imbarcazioni turche abbiano completato le operazioni di sbarco. Quando mille giannizzeri si ammassano sulla punta scogliosa della Senglea, De Guiral ordina di fare fuoco con tutti i pezzi. Palle di piombo, catene e chiodi investono in pieno giannizzeri e imbarcazioni. \u00c8 una carneficina. In cinque minuti ne muoiono 800 e tutte le imbarcazioni, tranne una, finiscono a picco.<\/p>\n<p style=\"text-align: justify;\">Nonostante questo, uno sfortunato evento rischia di far cadere la punta della Senglea. Un soldato di galera cristiano, tale Ciano, accende per sbaglio una pignatta infuocata e, impaurito, la getta via; la pignatta finisce nel mucchio delle altre pignatte provocando una deflagrazione che, pur facendo pochi morti, crea una grande scompiglio in quella sezione dei bastioni.<\/p>\n<figure id=\"attachment_11298\" class=\"wp-caption aligncenter\"><img decoding=\"async\" class=\"wp-image-11298 size-full\" src=\"https:\/\/i2.wp.com\/zweilawyer.com\/wp-content\/uploads\/2016\/03\/candelissa-assalto-malta.jpg?resize=817%2C474\" sizes=\"(max-width: 817px) 100vw, 817px\" srcset=\"https:\/\/i2.wp.com\/zweilawyer.com\/wp-content\/uploads\/2016\/03\/candelissa-assalto-malta.jpg?w=817 817w, https:\/\/i2.wp.com\/zweilawyer.com\/wp-content\/uploads\/2016\/03\/candelissa-assalto-malta.jpg?resize=300%2C174 300w, https:\/\/i2.wp.com\/zweilawyer.com\/wp-content\/uploads\/2016\/03\/candelissa-assalto-malta.jpg?resize=768%2C446 768w, https:\/\/i2.wp.com\/zweilawyer.com\/wp-content\/uploads\/2016\/03\/candelissa-assalto-malta.jpg?resize=60%2C35 60w, https:\/\/i2.wp.com\/zweilawyer.com\/wp-content\/uploads\/2016\/03\/candelissa-assalto-malta.jpg?resize=600%2C348 600w\" alt=\"candelissa assalto malta\" width=\"740\" height=\"429\"><\/p>\n<p align=\"justify\"><strong><span style=\"color: #008000;\">Lo sventurato sbarco di Candelissa<\/span><\/strong><\/p><figcaption class=\"wp-caption-text\"><\/figcaption><\/figure>\n<p style=\"text-align: justify;\"><strong><span style=\"color: #008000;\">Candelissa<\/span> <\/strong>riesce a sbarcare altri dei suoi, che arrivano a ridosso delle mura (dove i cannoni di S.Angelo non possono pi\u00f9 colpire senza rischiare di uccidere anche i difensori) e li spedisce all\u2019assalto dicendo loro che le forze di Hassan, dall\u2019altro lato della <span style=\"color: #008000;\">Senglea<\/span>, sono gi\u00e0 entrate in citt\u00e0 e hanno iniziato il saccheggio senza di loro. I Turchi salgono sulla mura, ma i Cavalieri, guidati da <strong><span style=\"color: #008000;\">D\u2019Aux<\/span><\/strong> e coadiuvati da centinaia di giovani maltesi armati di pietre e fionde, riescono a respingerli.<\/p>\n<p style=\"text-align: justify;\"><strong><span style=\"color: #008000;\">Federico di Toledo<\/span><\/strong>, figlio del Vicer\u00e8, viene per\u00f2 colpito a morte. I Turchi inizialmente ritentano la scalata, ma alla fine si sparge la voce che Candelissa li ha ingannati (ossia che gli uomini di Hassan non hanno, in realt\u00e0, fatto breccia), e il loro furore si spegne, anzi, si rivolge verso Candelissa, che viene accusato di essere solamente un rinnegato greco e bugiardo. Nella confusione della ritirata, i Turchi si gettano sulle poche barche rimaste, ma sono colpiti duramente dagli archibugeri sulle mura, dai sassi (le donne rifornivano continuamente i frombolieri), dagli ordigni incendiari e, infine, dai cannoni di S. Angelo, che tornano a tuonare. Lasciando solo poche vedette sul lato verso il mare, tutti i difensori corrono dall\u2019altro lato della Senglea, dove le forze dei Cavalieri, comandate dal <strong><span style=\"color: #008000;\">Cav. Ricca e dal Cav. De Robles<\/span><\/strong>, resistono con grande difficolt\u00e0.<\/p>\n<figure id=\"attachment_11304\" class=\"wp-caption aligncenter\" style=\"width: 602px;\"><img decoding=\"async\" class=\"wp-image-11304\" src=\"https:\/\/i1.wp.com\/zweilawyer.com\/wp-content\/uploads\/2016\/03\/de-guiral-battery.gif?resize=450%2C429\" alt=\"de-guiral-battery\" width=\"602\" height=\"574\"><\/p>\n<p align=\"justify\"><strong><strong><span style=\"color: #008000;\">Il fuoco della Batteria di De Guiral (da www.<\/span><\/strong><\/strong><strong style=\"font-size: inherit;\"><span style=\"color: #008000;\">militaryarchitecture.com)<\/span><\/strong><\/p>\n<\/figure>\n<p style=\"text-align: justify;\">Qui Hassan, perso l\u2019impeto iniziale, abbandona gli assalti e affida il comando all\u2019Ag\u00e0 dei Giannizzeri. Arriva anche Mustaf\u00e0, che ha appena osservato il disastro delle forze di Candelissa. Dagli spalti i difensori si fanno coraggio urlando:&nbsp;\u201c<strong><em><span style=\"color: #008000;\">Nessuna piet\u00e0, ricordate S.Elmo!<\/span><\/em><\/strong>\u201c. Dopo sei ore di battaglia, Mustaf\u00e0 fa suonare la ritirata, mentre i soldati maltesi sono trattenuti a stento dall\u2019inseguire il nemico fuori dalle mura. Allo sperone (la parte di Senglea verso il mare) i difensori hanno perso poche decine di uomini; sul fronte interno invece sono morti 42 cavalieri e 200 soldati (mercenari e maltesi). Per i Turchi le cose sono andate molto peggio, visto che all\u2019appello mancano pi\u00f9 di 3.000 soldati e, cosa da non sottovalutare per il morale, ben otto stendardi, che il Gran Maestro fa appendere al contrario nella Chiesa di S. Lorenzo. Sperando almeno di disturbare il sonno dei difensori, Mustaf\u00e0 ordina un cannoneggiamento generale notturno sulla Senglea, ma i maltesi (come ogni notte) non gli danno peso e si calano dalle mura per saccheggiare vesti di sete e gioielli dai cadaveri dei Giannizzeri. La Valette scrive subito al Vicer\u00e8, sperando che la notizia della vittoria lo spinga a inviare almeno gli aiuti che, pochi giorni prima, non si erano potuti avvicinare. Le comunicazioni per\u00f2, con i Turchi che controllano tutta la zona a ridosso di Borgo e Senglea, sono complicatissime. Ogni messaggio del Gran Maestro deve prima giungere alla Notabile, dove <strong><span style=\"color: #008000;\">Mesquita<\/span><\/strong> si occupa di inviarlo in Sicilia. Bajada, il maltese turcofono impiegato di solito, non pu\u00f2 pi\u00f9 essere impiegato. Quando era stato schiavo infatti, il suo padrone turco gli aveva mozzato un orecchio e un servo del Cav. Romegas, fuggito dal Borgo, \u00e8 in grado di riconoscerlo.<\/p>\n<p style=\"text-align: justify;\"><strong><span style=\"color: #008000;\">La Valette<\/span><\/strong> affida quindi quattro copie della missiva ad altrettanti valorosi maltesi, che si impegnano ad attraversare a nuoto il Porto Grande per poi raggiungere a piedi la Notabile. Tre di loro sono catturati, torturati e uccisi, ma riescono a disfarsi delle lettere nelle imminenze della cattura, mentre il quarto riesce nell\u2019impresa.<\/p>\n<p style=\"text-align: justify;\">Il 16 Luglio, Mustaf\u00e0 osserva con orgoglio il posizionamento dell\u2019enorme ponte di assi sopra il fossato davanti alla Senglea. I Cavalieri sono preoccupati, perch\u00e9 ci sono diverse brecce nelle mura e il ponte permetterebbe ai Turchi di avanzare in massa o piazzare delle mine sotto le mura. Il fuoco incrociato delle artiglierie dell\u2019Ordine&nbsp;non riesce a colpire il ponte, posizionato in modo ottimale dagli ingegneri turchi. L\u2019unico modo per colpirlo \u00e8 dalla sezione di mura perpendicolare a esso. Gli ingegneri maltesi e i Cavalieri studiano, nel giro di poche ore, una rischiosissima contromossa. L\u2019idea \u00e8 quella di calare due gomene ai lati del ponte assieme a un manipolo di soldati, i quali dovranno legare le gomene sotto il ponte e permettere cos\u00ec di rovesciarlo tramite gli argani all\u2019interno della fortezza. Il nipote di La Valette, giunto con il Piccolo Soccorso, si offre volontario per guidare la spedizione notturna. I Turchi per\u00f2 sono l\u00ec ad aspettarli e li massacrano tutti. La notizia giunge immediatamente a La Valette, che non versa (almeno in pubblico) una lacrima, e anzi, giunta la mattina, tiene un discorso in onore del nipote in cui narra di come sia \u201c<strong><em><span style=\"color: #008000;\">bello e onorevole morire da prode per la fede<\/span><\/em><\/strong>\u201c.<\/p>\n<p style=\"text-align: justify;\">Ma non c\u2019\u00e8 tempo neanche per le esequie: quel ponte \u00e8 un pericolo troppo grande. Il Gran Maestro spedisce quindi l\u2019ingegnere maltese <strong><span style=\"color: #008000;\">Evengelista Menga e l\u2019allievo Girolamo Cassar<\/span> <\/strong>a concordare con il <strong><span style=\"color: #008000;\">Cav. Robles<\/span><\/strong> (a capo del Piccolo Soccorso) un modo per distruggere l\u2019opera turca. Le sue ultime parole prima di lasciarli andare sono: &#8220;<strong><em><span style=\"color: #008000;\">Non mi tornate d\u2019innanzi senza aver distrutta quell\u2019opera!&#8221;. <\/span><\/em><\/strong>Gli ingegneri si mettono quindi al lavoro.<\/p>\n<p><strong><span style=\"color: #008000;\">fine parte V &#8211;&nbsp; continua<\/span><\/strong><\/p>\n<p><strong><span style=\"color: #008000;\">Gabriele Campagnano<\/span><\/strong><\/p>\n<p><a href=\"http:\/\/zweilawyer.com\/2016\/03\/09\/lassedio-malta-del-1565-dalla-caduta-s-elmo-allassalto-della-senglea\/\">articolo<\/a> pubblicato originariamente su&nbsp;http:\/\/zweilawyer.com<\/p>\n<p>&nbsp;<\/p>\n<p>&nbsp;<\/p>\n<p style=\"text-align: justify;\">Alcune delle immagini possono essere state prese dal web, citandone ove possibile gli autori e\/o le fonti. Se qualcuno desiderasse specificarne l\u2019autore e le fonti o rimuoverle, pu\u00f2 scrivere a infoocean4future@gmail.com e provvederemo immediatamente alla correzione dell\u2019articolo<\/p>\n<p>&nbsp;<\/p>\n<p><a class=\"maxbutton-3 maxbutton maxbutton-pagina-principale\" target=\"_blank\" title=\"tooltip\" rel=\"nofollow noopener\" href=\"http:\/\/www.ocean4future.org\"><span class='mb-text'>PAGINA PRINCIPALE<\/span><\/a><br \/>\n<span style=\"color: #ffffff;\">.<\/span><\/p>\n<p><a class=\"maxbutton-13 maxbutton maxbutton-parte-i\" target=\"_blank\" title=\" tooltip\" rel=\"nofollow noopener\" href=\"https:\/\/www.ocean4future.org\/savetheocean\/archives\/22743\"><span class='mb-text'>PARTE I<\/span><\/a>&nbsp; <a class=\"maxbutton-14 maxbutton maxbutton-parte-ii\" target=\"_blank\" title=\" tooltip\" rel=\"nofollow noopener\" href=\"https:\/\/www.ocean4future.org\/savetheocean\/archives\/23303\"><span class='mb-text'>PARTE II<\/span><\/a>&nbsp; <a class=\"maxbutton-15 maxbutton maxbutton-parte-iii\" target=\"_blank\" title=\" tooltip\" rel=\"nofollow noopener\" href=\"https:\/\/www.ocean4future.org\/savetheocean\/archives\/23314\"><span class='mb-text'>PARTE III<\/span><\/a><\/p>\n<p><a class=\"maxbutton-16 maxbutton maxbutton-parte-iv\" target=\"_blank\" title=\" tooltip\" rel=\"nofollow noopener\" href=\"https:\/\/www.ocean4future.org\/savetheocean\/archives\/22756\"><span class='mb-text'>PARTE IV<\/span><\/a>&nbsp; <a class=\"maxbutton-17 maxbutton maxbutton-parte-v\" target=\"_blank\" title=\" tooltip\" rel=\"nofollow noopener\" href=\"https:\/\/www.ocean4future.org\/savetheocean\/archives\/23317\"><span class='mb-text'>PARTE V<\/span><\/a>&nbsp; <a class=\"maxbutton-18 maxbutton maxbutton-parte-vi\" target=\"_blank\" title=\" tooltip\" rel=\"nofollow noopener\" href=\"https:\/\/www.ocean4future.org\/savetheocean\/archives\/22761\"><span class='mb-text'>PARTE VI<\/span><\/a><\/p>\n<p><a class=\"maxbutton-19 maxbutton maxbutton-parte-vii\" target=\"_blank\" title=\" tooltip\" rel=\"nofollow noopener\" href=\"https:\/\/www.ocean4future.org\/savetheocean\/archives\/23810\"><span class='mb-text'>PARTE VII<\/span><\/a>&nbsp; <a class=\"maxbutton-20 maxbutton maxbutton-parte-viii\" target=\"_blank\" title=\" tooltip\" rel=\"nofollow noopener\" href=\"https:\/\/www.ocean4future.org\/savetheocean\/archives\/22763\"><span class='mb-text'>PARTE VIII<\/span><\/a><br \/>\n<span style=\"color: #ffffff;\">.<\/span><\/p>\n","protected":false},"excerpt":{"rendered":"<p><span class=\"span-reading-time rt-reading-time\" style=\"display: block;\"><span class=\"rt-label rt-prefix\">tempo di lettura: <\/span> <span class=\"rt-time\"> 6<\/span> <span class=\"rt-label rt-postfix\">minuti<\/span><\/span>. . ARGOMENTO: STORIA NAVALE PERIODO: XVI SECOLO AREA: MAR MEDITERRANEO parole chiave: Malta, assedio . I Turchi tentano ancora i Maltesi con vantaggiose proposte di resa, ma la risposta rimane la stessa:&nbsp;&#8220;Il Popolo fra mille stenti volentieri morrebbe, anzich\u00e9 mettersi sotto lo stendardo dell\u2019aborrita mezzaluna.&#8221; Il grande assalto&nbsp;si fa imminente. Hassan \u00e8 pronto a [&hellip;]<\/p>\n","protected":false},"author":2366,"featured_media":23327,"comment_status":"open","ping_status":"open","sticky":false,"template":"","format":"standard","meta":{"_acf_changed":false,"_monsterinsights_skip_tracking":false,"_monsterinsights_sitenote_active":false,"_monsterinsights_sitenote_note":"","_monsterinsights_sitenote_category":0,"footnotes":""},"categories":[2318],"tags":[2165,421,2086,2164,2162],"class_list":["post-23317","post","type-post","status-publish","format-standard","has-post-thumbnail","hentry","category-eta-moderna","tag-assalto","tag-malta","tag-ospitalieri","tag-s-elmo","tag-senglea"],"acf":[],"yoast_head":"<!-- This site is optimized with the Yoast SEO plugin v27.4 - https:\/\/yoast.com\/product\/yoast-seo-wordpress\/ -->\n<title>L\u2019Assedio di Malta del 1565, dalla caduta di S. Elmo all\u2019assalto della Senglea - parte V di Gabriele Campagnano &#8226; OCEAN4FUTURE autore<\/title>\n<meta name=\"robots\" content=\"index, follow, max-snippet:-1, max-image-preview:large, max-video-preview:-1\" \/>\n<link rel=\"canonical\" href=\"https:\/\/www.ocean4future.org\/savetheocean\/archives\/23317\" \/>\n<meta property=\"og:locale\" content=\"it_IT\" \/>\n<meta property=\"og:type\" content=\"article\" \/>\n<meta property=\"og:title\" content=\"L\u2019Assedio di Malta del 1565, dalla caduta di S. Elmo all\u2019assalto della Senglea - parte V di Gabriele Campagnano &#8226; OCEAN4FUTURE autore\" \/>\n<meta property=\"og:description\" content=\"tempo di lettura:  6 minuti. . ARGOMENTO: STORIA NAVALE PERIODO: XVI SECOLO AREA: MAR MEDITERRANEO parole chiave: Malta, assedio . I Turchi tentano ancora i Maltesi con vantaggiose proposte di resa, ma la risposta rimane la stessa:&nbsp;&#8220;Il Popolo fra mille stenti volentieri morrebbe, anzich\u00e9 mettersi sotto lo stendardo dell\u2019aborrita mezzaluna.&#8221; Il grande assalto&nbsp;si fa imminente. Hassan \u00e8 pronto a [&hellip;]\" \/>\n<meta property=\"og:url\" content=\"https:\/\/www.ocean4future.org\/savetheocean\/archives\/23317\" \/>\n<meta property=\"og:site_name\" content=\"OCEAN4FUTURE\" \/>\n<meta property=\"article:published_time\" content=\"2018-09-25T22:22:57+00:00\" \/>\n<meta property=\"article:modified_time\" content=\"2026-03-22T17:17:45+00:00\" \/>\n<meta property=\"og:image\" content=\"https:\/\/www.ocean4future.org\/savetheocean\/wp-content\/uploads\/2018\/09\/malta-siege.jpg\" \/>\n\t<meta property=\"og:image:width\" content=\"850\" \/>\n\t<meta property=\"og:image:height\" content=\"658\" \/>\n\t<meta property=\"og:image:type\" content=\"image\/jpeg\" \/>\n<meta name=\"author\" content=\"Gabriele Campagnano\" \/>\n<meta name=\"twitter:card\" content=\"summary_large_image\" \/>\n<meta name=\"twitter:creator\" content=\"@ocean4future\" \/>\n<meta name=\"twitter:site\" content=\"@ocean4future\" \/>\n<meta name=\"twitter:label1\" content=\"Scritto da\" \/>\n\t<meta name=\"twitter:data1\" content=\"Gabriele Campagnano\" \/>\n\t<meta name=\"twitter:label2\" content=\"Tempo di lettura stimato\" \/>\n\t<meta name=\"twitter:data2\" content=\"9 minuti\" \/>\n<script type=\"application\/ld+json\" class=\"yoast-schema-graph\">{\"@context\":\"https:\\\/\\\/schema.org\",\"@graph\":[{\"@type\":\"Article\",\"@id\":\"https:\\\/\\\/www.ocean4future.org\\\/savetheocean\\\/archives\\\/23317#article\",\"isPartOf\":{\"@id\":\"https:\\\/\\\/www.ocean4future.org\\\/savetheocean\\\/archives\\\/23317\"},\"author\":{\"name\":\"Gabriele Campagnano\",\"@id\":\"https:\\\/\\\/www.ocean4future.org\\\/savetheocean\\\/#\\\/schema\\\/person\\\/8f268e05d09f0a406d4ac8c90079d6f2\"},\"headline\":\"L\u2019Assedio di Malta del 1565, dalla caduta di S. Elmo all\u2019assalto della Senglea &#8211; parte V di Gabriele Campagnano\",\"datePublished\":\"2018-09-25T22:22:57+00:00\",\"dateModified\":\"2026-03-22T17:17:45+00:00\",\"mainEntityOfPage\":{\"@id\":\"https:\\\/\\\/www.ocean4future.org\\\/savetheocean\\\/archives\\\/23317\"},\"wordCount\":1478,\"commentCount\":0,\"publisher\":{\"@id\":\"https:\\\/\\\/www.ocean4future.org\\\/savetheocean\\\/#\\\/schema\\\/person\\\/4e1c26437054353074d7bb2efa77162c\"},\"image\":{\"@id\":\"https:\\\/\\\/www.ocean4future.org\\\/savetheocean\\\/archives\\\/23317#primaryimage\"},\"thumbnailUrl\":\"https:\\\/\\\/www.ocean4future.org\\\/savetheocean\\\/wp-content\\\/uploads\\\/2018\\\/09\\\/malta-siege.jpg\",\"keywords\":[\"assalto\",\"Malta\",\"Ospitalieri\",\"S. Elmo\",\"Senglea\"],\"articleSection\":[\"Storia navale dell'et\u00e0 moderna (post 1492 - oggi)\"],\"inLanguage\":\"it-IT\",\"potentialAction\":[{\"@type\":\"CommentAction\",\"name\":\"Comment\",\"target\":[\"https:\\\/\\\/www.ocean4future.org\\\/savetheocean\\\/archives\\\/23317#respond\"]}]},{\"@type\":\"WebPage\",\"@id\":\"https:\\\/\\\/www.ocean4future.org\\\/savetheocean\\\/archives\\\/23317\",\"url\":\"https:\\\/\\\/www.ocean4future.org\\\/savetheocean\\\/archives\\\/23317\",\"name\":\"L\u2019Assedio di Malta del 1565, dalla caduta di S. Elmo all\u2019assalto della Senglea - parte V di Gabriele Campagnano &#8226; OCEAN4FUTURE autore\",\"isPartOf\":{\"@id\":\"https:\\\/\\\/www.ocean4future.org\\\/savetheocean\\\/#website\"},\"primaryImageOfPage\":{\"@id\":\"https:\\\/\\\/www.ocean4future.org\\\/savetheocean\\\/archives\\\/23317#primaryimage\"},\"image\":{\"@id\":\"https:\\\/\\\/www.ocean4future.org\\\/savetheocean\\\/archives\\\/23317#primaryimage\"},\"thumbnailUrl\":\"https:\\\/\\\/www.ocean4future.org\\\/savetheocean\\\/wp-content\\\/uploads\\\/2018\\\/09\\\/malta-siege.jpg\",\"datePublished\":\"2018-09-25T22:22:57+00:00\",\"dateModified\":\"2026-03-22T17:17:45+00:00\",\"breadcrumb\":{\"@id\":\"https:\\\/\\\/www.ocean4future.org\\\/savetheocean\\\/archives\\\/23317#breadcrumb\"},\"inLanguage\":\"it-IT\",\"potentialAction\":[{\"@type\":\"ReadAction\",\"target\":[\"https:\\\/\\\/www.ocean4future.org\\\/savetheocean\\\/archives\\\/23317\"]}]},{\"@type\":\"ImageObject\",\"inLanguage\":\"it-IT\",\"@id\":\"https:\\\/\\\/www.ocean4future.org\\\/savetheocean\\\/archives\\\/23317#primaryimage\",\"url\":\"https:\\\/\\\/www.ocean4future.org\\\/savetheocean\\\/wp-content\\\/uploads\\\/2018\\\/09\\\/malta-siege.jpg\",\"contentUrl\":\"https:\\\/\\\/www.ocean4future.org\\\/savetheocean\\\/wp-content\\\/uploads\\\/2018\\\/09\\\/malta-siege.jpg\",\"width\":850,\"height\":658},{\"@type\":\"BreadcrumbList\",\"@id\":\"https:\\\/\\\/www.ocean4future.org\\\/savetheocean\\\/archives\\\/23317#breadcrumb\",\"itemListElement\":[{\"@type\":\"ListItem\",\"position\":1,\"name\":\"Home\",\"item\":\"https:\\\/\\\/www.ocean4future.org\\\/savetheocean\"},{\"@type\":\"ListItem\",\"position\":2,\"name\":\"L\u2019Assedio di Malta del 1565, dalla caduta di S. Elmo all\u2019assalto della Senglea &#8211; parte V di Gabriele Campagnano\"}]},{\"@type\":\"WebSite\",\"@id\":\"https:\\\/\\\/www.ocean4future.org\\\/savetheocean\\\/#website\",\"url\":\"https:\\\/\\\/www.ocean4future.org\\\/savetheocean\\\/\",\"name\":\"Ocean 4 Future\",\"description\":\"Per una nuova cultura del mare e della marittimit\u00e0\",\"publisher\":{\"@id\":\"https:\\\/\\\/www.ocean4future.org\\\/savetheocean\\\/#\\\/schema\\\/person\\\/4e1c26437054353074d7bb2efa77162c\"},\"potentialAction\":[{\"@type\":\"SearchAction\",\"target\":{\"@type\":\"EntryPoint\",\"urlTemplate\":\"https:\\\/\\\/www.ocean4future.org\\\/savetheocean\\\/?s={search_term_string}\"},\"query-input\":{\"@type\":\"PropertyValueSpecification\",\"valueRequired\":true,\"valueName\":\"search_term_string\"}}],\"inLanguage\":\"it-IT\"},{\"@type\":[\"Person\",\"Organization\"],\"@id\":\"https:\\\/\\\/www.ocean4future.org\\\/savetheocean\\\/#\\\/schema\\\/person\\\/4e1c26437054353074d7bb2efa77162c\",\"name\":\"oceandiver\",\"image\":{\"@type\":\"ImageObject\",\"inLanguage\":\"it-IT\",\"@id\":\"https:\\\/\\\/www.ocean4future.org\\\/savetheocean\\\/wp-content\\\/uploads\\\/2023\\\/04\\\/logo-ocean3.jpg\",\"url\":\"https:\\\/\\\/www.ocean4future.org\\\/savetheocean\\\/wp-content\\\/uploads\\\/2023\\\/04\\\/logo-ocean3.jpg\",\"contentUrl\":\"https:\\\/\\\/www.ocean4future.org\\\/savetheocean\\\/wp-content\\\/uploads\\\/2023\\\/04\\\/logo-ocean3.jpg\",\"width\":472,\"height\":301,\"caption\":\"oceandiver\"},\"logo\":{\"@id\":\"https:\\\/\\\/www.ocean4future.org\\\/savetheocean\\\/wp-content\\\/uploads\\\/2023\\\/04\\\/logo-ocean3.jpg\"}},{\"@type\":\"Person\",\"@id\":\"https:\\\/\\\/www.ocean4future.org\\\/savetheocean\\\/#\\\/schema\\\/person\\\/8f268e05d09f0a406d4ac8c90079d6f2\",\"name\":\"Gabriele Campagnano\",\"image\":{\"@type\":\"ImageObject\",\"inLanguage\":\"it-IT\",\"@id\":\"https:\\\/\\\/secure.gravatar.com\\\/avatar\\\/b59d7eecc86f7aeffd90b535bfd296914b36d6f8aea9e60483c339cadbbad6b2?s=96&d=mm&r=g\",\"url\":\"https:\\\/\\\/secure.gravatar.com\\\/avatar\\\/b59d7eecc86f7aeffd90b535bfd296914b36d6f8aea9e60483c339cadbbad6b2?s=96&d=mm&r=g\",\"contentUrl\":\"https:\\\/\\\/secure.gravatar.com\\\/avatar\\\/b59d7eecc86f7aeffd90b535bfd296914b36d6f8aea9e60483c339cadbbad6b2?s=96&d=mm&r=g\",\"caption\":\"Gabriele Campagnano\"},\"description\":\"Diplomato al Liceo Classico Francesco Vivona di Roma e laureato in Giurisprudenza (indirizzo storico comparatistico), ha esercitato la professione di legale d\u2019azienda prima di dedicarsi alla comunicazione d\u2019impresa e istituzionale. Attualmente \u00e8 Capo Ufficio Stampa del Dipartimento Trasformazione Digitale - Presidenza del Consiglio. Ha conseguito il Master Universitario di 2\u00b0 livello - CMU2 in Scienze Giuridiche presso la LUISS. \u00c8 il fondatore e presidente di Zhistorica e Necrosword. Ha scritto pi\u00f9 di 250 articoli e tre libri: Storia della Presa di Famagosta (2014), I Padroni dell\u2019Acciaio (2017) e Zodd, Alba di Sangue (2018) e\u00a0I Padroni dell\u2019Acciaio 2 \u2013 Gotz von Berlichingen\u00a0(2021)\",\"sameAs\":[\"http:\\\/\\\/www.zweilawyer.com\"],\"url\":\"https:\\\/\\\/www.ocean4future.org\\\/savetheocean\\\/archives\\\/author\\\/gabriele-campagnano\"}]}<\/script>\n<!-- \/ Yoast SEO plugin. -->","yoast_head_json":{"title":"L\u2019Assedio di Malta del 1565, dalla caduta di S. Elmo all\u2019assalto della Senglea - parte V di Gabriele Campagnano &#8226; OCEAN4FUTURE autore","robots":{"index":"index","follow":"follow","max-snippet":"max-snippet:-1","max-image-preview":"max-image-preview:large","max-video-preview":"max-video-preview:-1"},"canonical":"https:\/\/www.ocean4future.org\/savetheocean\/archives\/23317","og_locale":"it_IT","og_type":"article","og_title":"L\u2019Assedio di Malta del 1565, dalla caduta di S. Elmo all\u2019assalto della Senglea - parte V di Gabriele Campagnano &#8226; OCEAN4FUTURE autore","og_description":"tempo di lettura:  6 minuti. . ARGOMENTO: STORIA NAVALE PERIODO: XVI SECOLO AREA: MAR MEDITERRANEO parole chiave: Malta, assedio . I Turchi tentano ancora i Maltesi con vantaggiose proposte di resa, ma la risposta rimane la stessa:&nbsp;&#8220;Il Popolo fra mille stenti volentieri morrebbe, anzich\u00e9 mettersi sotto lo stendardo dell\u2019aborrita mezzaluna.&#8221; Il grande assalto&nbsp;si fa imminente. Hassan \u00e8 pronto a [&hellip;]","og_url":"https:\/\/www.ocean4future.org\/savetheocean\/archives\/23317","og_site_name":"OCEAN4FUTURE","article_published_time":"2018-09-25T22:22:57+00:00","article_modified_time":"2026-03-22T17:17:45+00:00","og_image":[{"width":850,"height":658,"url":"https:\/\/www.ocean4future.org\/savetheocean\/wp-content\/uploads\/2018\/09\/malta-siege.jpg","type":"image\/jpeg"}],"author":"Gabriele Campagnano","twitter_card":"summary_large_image","twitter_creator":"@ocean4future","twitter_site":"@ocean4future","twitter_misc":{"Scritto da":"Gabriele Campagnano","Tempo di lettura stimato":"9 minuti"},"schema":{"@context":"https:\/\/schema.org","@graph":[{"@type":"Article","@id":"https:\/\/www.ocean4future.org\/savetheocean\/archives\/23317#article","isPartOf":{"@id":"https:\/\/www.ocean4future.org\/savetheocean\/archives\/23317"},"author":{"name":"Gabriele Campagnano","@id":"https:\/\/www.ocean4future.org\/savetheocean\/#\/schema\/person\/8f268e05d09f0a406d4ac8c90079d6f2"},"headline":"L\u2019Assedio di Malta del 1565, dalla caduta di S. Elmo all\u2019assalto della Senglea &#8211; parte V di Gabriele Campagnano","datePublished":"2018-09-25T22:22:57+00:00","dateModified":"2026-03-22T17:17:45+00:00","mainEntityOfPage":{"@id":"https:\/\/www.ocean4future.org\/savetheocean\/archives\/23317"},"wordCount":1478,"commentCount":0,"publisher":{"@id":"https:\/\/www.ocean4future.org\/savetheocean\/#\/schema\/person\/4e1c26437054353074d7bb2efa77162c"},"image":{"@id":"https:\/\/www.ocean4future.org\/savetheocean\/archives\/23317#primaryimage"},"thumbnailUrl":"https:\/\/www.ocean4future.org\/savetheocean\/wp-content\/uploads\/2018\/09\/malta-siege.jpg","keywords":["assalto","Malta","Ospitalieri","S. Elmo","Senglea"],"articleSection":["Storia navale dell'et\u00e0 moderna (post 1492 - oggi)"],"inLanguage":"it-IT","potentialAction":[{"@type":"CommentAction","name":"Comment","target":["https:\/\/www.ocean4future.org\/savetheocean\/archives\/23317#respond"]}]},{"@type":"WebPage","@id":"https:\/\/www.ocean4future.org\/savetheocean\/archives\/23317","url":"https:\/\/www.ocean4future.org\/savetheocean\/archives\/23317","name":"L\u2019Assedio di Malta del 1565, dalla caduta di S. Elmo all\u2019assalto della Senglea - parte V di Gabriele Campagnano &#8226; OCEAN4FUTURE autore","isPartOf":{"@id":"https:\/\/www.ocean4future.org\/savetheocean\/#website"},"primaryImageOfPage":{"@id":"https:\/\/www.ocean4future.org\/savetheocean\/archives\/23317#primaryimage"},"image":{"@id":"https:\/\/www.ocean4future.org\/savetheocean\/archives\/23317#primaryimage"},"thumbnailUrl":"https:\/\/www.ocean4future.org\/savetheocean\/wp-content\/uploads\/2018\/09\/malta-siege.jpg","datePublished":"2018-09-25T22:22:57+00:00","dateModified":"2026-03-22T17:17:45+00:00","breadcrumb":{"@id":"https:\/\/www.ocean4future.org\/savetheocean\/archives\/23317#breadcrumb"},"inLanguage":"it-IT","potentialAction":[{"@type":"ReadAction","target":["https:\/\/www.ocean4future.org\/savetheocean\/archives\/23317"]}]},{"@type":"ImageObject","inLanguage":"it-IT","@id":"https:\/\/www.ocean4future.org\/savetheocean\/archives\/23317#primaryimage","url":"https:\/\/www.ocean4future.org\/savetheocean\/wp-content\/uploads\/2018\/09\/malta-siege.jpg","contentUrl":"https:\/\/www.ocean4future.org\/savetheocean\/wp-content\/uploads\/2018\/09\/malta-siege.jpg","width":850,"height":658},{"@type":"BreadcrumbList","@id":"https:\/\/www.ocean4future.org\/savetheocean\/archives\/23317#breadcrumb","itemListElement":[{"@type":"ListItem","position":1,"name":"Home","item":"https:\/\/www.ocean4future.org\/savetheocean"},{"@type":"ListItem","position":2,"name":"L\u2019Assedio di Malta del 1565, dalla caduta di S. Elmo all\u2019assalto della Senglea &#8211; parte V di Gabriele Campagnano"}]},{"@type":"WebSite","@id":"https:\/\/www.ocean4future.org\/savetheocean\/#website","url":"https:\/\/www.ocean4future.org\/savetheocean\/","name":"Ocean 4 Future","description":"Per una nuova cultura del mare e della marittimit\u00e0","publisher":{"@id":"https:\/\/www.ocean4future.org\/savetheocean\/#\/schema\/person\/4e1c26437054353074d7bb2efa77162c"},"potentialAction":[{"@type":"SearchAction","target":{"@type":"EntryPoint","urlTemplate":"https:\/\/www.ocean4future.org\/savetheocean\/?s={search_term_string}"},"query-input":{"@type":"PropertyValueSpecification","valueRequired":true,"valueName":"search_term_string"}}],"inLanguage":"it-IT"},{"@type":["Person","Organization"],"@id":"https:\/\/www.ocean4future.org\/savetheocean\/#\/schema\/person\/4e1c26437054353074d7bb2efa77162c","name":"oceandiver","image":{"@type":"ImageObject","inLanguage":"it-IT","@id":"https:\/\/www.ocean4future.org\/savetheocean\/wp-content\/uploads\/2023\/04\/logo-ocean3.jpg","url":"https:\/\/www.ocean4future.org\/savetheocean\/wp-content\/uploads\/2023\/04\/logo-ocean3.jpg","contentUrl":"https:\/\/www.ocean4future.org\/savetheocean\/wp-content\/uploads\/2023\/04\/logo-ocean3.jpg","width":472,"height":301,"caption":"oceandiver"},"logo":{"@id":"https:\/\/www.ocean4future.org\/savetheocean\/wp-content\/uploads\/2023\/04\/logo-ocean3.jpg"}},{"@type":"Person","@id":"https:\/\/www.ocean4future.org\/savetheocean\/#\/schema\/person\/8f268e05d09f0a406d4ac8c90079d6f2","name":"Gabriele Campagnano","image":{"@type":"ImageObject","inLanguage":"it-IT","@id":"https:\/\/secure.gravatar.com\/avatar\/b59d7eecc86f7aeffd90b535bfd296914b36d6f8aea9e60483c339cadbbad6b2?s=96&d=mm&r=g","url":"https:\/\/secure.gravatar.com\/avatar\/b59d7eecc86f7aeffd90b535bfd296914b36d6f8aea9e60483c339cadbbad6b2?s=96&d=mm&r=g","contentUrl":"https:\/\/secure.gravatar.com\/avatar\/b59d7eecc86f7aeffd90b535bfd296914b36d6f8aea9e60483c339cadbbad6b2?s=96&d=mm&r=g","caption":"Gabriele Campagnano"},"description":"Diplomato al Liceo Classico Francesco Vivona di Roma e laureato in Giurisprudenza (indirizzo storico comparatistico), ha esercitato la professione di legale d\u2019azienda prima di dedicarsi alla comunicazione d\u2019impresa e istituzionale. Attualmente \u00e8 Capo Ufficio Stampa del Dipartimento Trasformazione Digitale - Presidenza del Consiglio. Ha conseguito il Master Universitario di 2\u00b0 livello - CMU2 in Scienze Giuridiche presso la LUISS. \u00c8 il fondatore e presidente di Zhistorica e Necrosword. Ha scritto pi\u00f9 di 250 articoli e tre libri: Storia della Presa di Famagosta (2014), I Padroni dell\u2019Acciaio (2017) e Zodd, Alba di Sangue (2018) e\u00a0I Padroni dell\u2019Acciaio 2 \u2013 Gotz von Berlichingen\u00a0(2021)","sameAs":["http:\/\/www.zweilawyer.com"],"url":"https:\/\/www.ocean4future.org\/savetheocean\/archives\/author\/gabriele-campagnano"}]}},"_links":{"self":[{"href":"https:\/\/www.ocean4future.org\/savetheocean\/wp-json\/wp\/v2\/posts\/23317","targetHints":{"allow":["GET"]}}],"collection":[{"href":"https:\/\/www.ocean4future.org\/savetheocean\/wp-json\/wp\/v2\/posts"}],"about":[{"href":"https:\/\/www.ocean4future.org\/savetheocean\/wp-json\/wp\/v2\/types\/post"}],"author":[{"embeddable":true,"href":"https:\/\/www.ocean4future.org\/savetheocean\/wp-json\/wp\/v2\/users\/2366"}],"replies":[{"embeddable":true,"href":"https:\/\/www.ocean4future.org\/savetheocean\/wp-json\/wp\/v2\/comments?post=23317"}],"version-history":[{"count":2,"href":"https:\/\/www.ocean4future.org\/savetheocean\/wp-json\/wp\/v2\/posts\/23317\/revisions"}],"predecessor-version":[{"id":126568,"href":"https:\/\/www.ocean4future.org\/savetheocean\/wp-json\/wp\/v2\/posts\/23317\/revisions\/126568"}],"wp:featuredmedia":[{"embeddable":true,"href":"https:\/\/www.ocean4future.org\/savetheocean\/wp-json\/wp\/v2\/media\/23327"}],"wp:attachment":[{"href":"https:\/\/www.ocean4future.org\/savetheocean\/wp-json\/wp\/v2\/media?parent=23317"}],"wp:term":[{"taxonomy":"category","embeddable":true,"href":"https:\/\/www.ocean4future.org\/savetheocean\/wp-json\/wp\/v2\/categories?post=23317"},{"taxonomy":"post_tag","embeddable":true,"href":"https:\/\/www.ocean4future.org\/savetheocean\/wp-json\/wp\/v2\/tags?post=23317"}],"curies":[{"name":"wp","href":"https:\/\/api.w.org\/{rel}","templated":true}]}}