{"id":23314,"date":"2018-09-18T00:10:01","date_gmt":"2018-09-17T22:10:01","guid":{"rendered":"http:\/\/www.ocean4future.org\/?p=23314"},"modified":"2026-03-22T18:19:28","modified_gmt":"2026-03-22T17:19:28","slug":"lassedio-di-malta-del-1565-dallo-sbarco-dei-turchi-alla-presa-di-s-elmo-parte-iii-di-gabriele-campagnano","status":"publish","type":"post","link":"https:\/\/www.ocean4future.org\/savetheocean\/archives\/23314","title":{"rendered":"L\u2019assedio di Malta del 1565: dallo sbarco dei Turchi alla presa di S. Elmo \u2013 parte III di Gabriele Campagnano"},"content":{"rendered":"<span class=\"span-reading-time rt-reading-time\" style=\"display: block;\"><span class=\"rt-label rt-prefix\">tempo di lettura: <\/span> <span class=\"rt-time\"> 4<\/span> <span class=\"rt-label rt-postfix\">minuti<\/span><\/span><p><strong><span style=\"color: #ffffff;\">.<\/span><br \/>\n<a class=\"maxbutton-4 maxbutton maxbutton-livello-di-comprensione\" href=\"javascript:void(0);\"><span class='mb-text'>livello elementare<\/span><\/a><br \/>\n<span style=\"color: #ffffff;\">.<\/span><br \/>\n<span style=\"color: #008000;\">ARGOMENTO: STORIA NAVALE<\/span><\/strong><br \/>\n<strong><span style=\"color: #008000;\">PERIODO: XVI SECOLO<\/span><\/strong><br \/>\n<strong><span style=\"color: #008000;\">AREA: MAR MEDITERRANEO, MALTA<\/span><\/strong><br \/>\nparole chiave: Malta, assedio, Ottomani, Turchi, Ospedalieri<br \/>\n<span style=\"color: #ffffff;\"><strong>.<\/strong><\/span><\/p>\n<p style=\"text-align: justify;\"><strong><span style=\"font-size: 14pt; color: #008000;\">L&#8217;assedio \u00e8 ormai iniziato &#8230; il sangue corre a fiumi in entrambe le fazioni. L&#8217;eroismo dei Cavalieri \u00e8 tale che scoraggia gli attaccanti.&nbsp;<\/span><\/strong><\/p>\n<p style=\"text-align: justify;\">Intanto Mustaf\u00e0 \u00e8 furioso oltre ogni limite e il 10 giugno tenta un fallimentare attacco notturno.&nbsp;S. Elmo impegna tutte le sue forze da troppo tempo e i Cavalieri stanno rinforzando le difese delle altre due roccaforti di Borgo e Senglea. Il 15 giugno, per evitare altri aiuti da Borgo, Mustaf\u00e0 inizia a far scavare una nuova trincea per cannoneggiare eventuali imbarcazioni inviate dal Gran Maestro che continua a bersagliare dal forte S. Angelo l\u2019esterno delle linee turche. La sua perseveranza viene premiata.<\/p>\n<p style=\"text-align: justify;\"><img decoding=\"async\" class=\"wp-image-9613 alignleft\" src=\"https:\/\/www.ocean4future.org\/savetheocean\/wp-content\/uploads\/2016\/08\/dragut01-268x300.jpg\" alt=\"\" width=\"636\" height=\"713\" srcset=\"https:\/\/www.ocean4future.org\/savetheocean\/wp-content\/uploads\/2016\/08\/dragut01-268x300.jpg 268w, https:\/\/www.ocean4future.org\/savetheocean\/wp-content\/uploads\/2016\/08\/dragut01.jpg 709w\" sizes=\"(max-width: 636px) 100vw, 636px\" \/>Il&nbsp;18 giugno <strong><span style=\"color: #008000;\">Dragut<\/span><\/strong>, infastidito dai fallimenti ottomani, decide di controllare di persona le fortificazioni nemiche nonostante i suoi ottanta anni suonati. Da forte S. Angelo l\u2019artigliere siciliano&nbsp;<strong><span style=\"color: #008000;\">Giovanni Antonio Grugno<\/span><\/strong> nota le insegne colorate del drappello&nbsp;e fa fuoco con il suo pezzo. <strong><span style=\"color: #008000;\">Dragut<\/span><\/strong> \u00e8 fuori portata, ma la palla di Giovanni Antonio frantuma una roccia e le schegge investono <span style=\"color: #008000;\">il turco<\/span> ed i suoi accompagnatori. Il capitano corsaro rimane ferito gravemente ad un orecchio e si trascina al campo aiutato da altri soldati, ma le sue condizioni sono critiche.<\/p>\n<p style=\"text-align: justify;\">Anche per questo evento, Mustaf\u00e0 opta&nbsp;per una soluzione drastica. Fa allungare le trincee sotto S. Elmo fino al mare (su entrambi i lati) e le riempie di artiglieria, in modo da investirlo con un fuoco a 180\u00b0. Fa inoltre risalire ottanta galere e numerose barche cariche di archibugeri verso l\u2019imboccatura di Marsamuscetto.<\/p>\n<figure id=\"attachment_11326\" class=\"wp-caption aligncenter\"><img decoding=\"async\" class=\"wp-image-11326 size-full\" src=\"https:\/\/i2.wp.com\/zweilawyer.com\/wp-content\/uploads\/2016\/03\/S.Elmo_.jpg?resize=766%2C352\" sizes=\"(max-width: 766px) 100vw, 766px\" srcset=\"https:\/\/i2.wp.com\/zweilawyer.com\/wp-content\/uploads\/2016\/03\/S.Elmo_.jpg?w=766 766w, https:\/\/i2.wp.com\/zweilawyer.com\/wp-content\/uploads\/2016\/03\/S.Elmo_.jpg?resize=300%2C138 300w, https:\/\/i2.wp.com\/zweilawyer.com\/wp-content\/uploads\/2016\/03\/S.Elmo_.jpg?resize=60%2C28 60w, https:\/\/i2.wp.com\/zweilawyer.com\/wp-content\/uploads\/2016\/03\/S.Elmo_.jpg?resize=600%2C276 600w\" alt=\"S.Elmo\" width=\"740\" height=\"340\"><\/p>\n<p align=\"justify\"><strong><span style=\"color: #008000;\">Posizionamento finale delle artiglierie ottomane che battono S. Elmo<\/span><\/strong><\/p>\n<\/figure>\n<p style=\"text-align: justify;\">Il 21 giugno, il Gran Maestro celebra la festa del Corpus Domini pregando per i suoi confratelli di S. Elmo. Nel frattempo, inizia l\u2019assalto finale di S. Elmo, che vede contrapposti duecento assediati a decine di migliaia di turchi. Quando sorge il giorno, centinaia di bocche da fuoco tempestano S. Elmo. Gli Ottomani compiono tre assalti, uno pi\u00f9 violento dell\u2019altro, ma sono sempre respinti. Al tramonto, i Cavalieri sono stremati, arsi dal caldo e feriti. Molti muoiono nel corso della notte, ed i sopravvissuti impiegano la tregua notturna per medicarsi reciprocamente le ferite. L\u2019unico cappellano rimasto nel forte \u00e8 un generoso cappuccino, che non potendo pi\u00f9 celebrare nella cappella, esorta e prega direttamente sulla breccia. Alla tramonto del secondo giorno S. Elmo ancora resiste, ma i Cavalieri e i soldati rimasti decidono di prepararsi alla morte ricevendo i sacramenti e abbracciandosi fra loro. Un disperato tentativo di far giungere altri soldati a S. Elmo con cinque galee fallisce nella notte. Fra i volontari ci sono anche due ebrei maltesi.&nbsp; All&#8217;alba del 23 giugno, nel forte di S. Elmo ognuno va a occupare il posto prestabilito \u201c<em><strong><span style=\"color: #008000;\">per morire nel letto d\u2019onore<\/span><\/strong><span style=\"color: #008000;\">\u201c.<\/span><\/em><\/p>\n<p style=\"text-align: justify;\">In preda a un senso del dovere e dell\u2019onore al di fuori dell\u2019umana comprensione, gli infermi e i gravemente feriti (fra cui il comandate D\u2019Eguaras) chiedono di farsi posizionare con delle sedie sulla sponda della breccia, caricano gli archibugi e attendono i loro nemici. A detta delle fonti dell\u2019epoca, anche i soldati e i mercenari&nbsp;mostrano lo stesso valore dei Cavalieri. Il 23 giugno, dopo quattro ore di assalti, a difendere S. Elmo rimangono 60 uomini. Sotto le mura, ci sono 10.000 Ottomani. Il&nbsp; forte, abbandonato dai Cavalieri, viene occupato dal nemico, che da quella posizione iniziano a tirare all&#8217;interno del forte. Si tratta di un vero e proprio tiro al bersaglio, poich\u00e9 i Cavalieri&nbsp;non hanno pi\u00f9 polvere da sparo. Rimasti a difendere la breccia con picche e spadoni, gli ultimi soldati cristiani vengono spazzati via dall&#8217;ultimo assalto. All\u2019interno di S. Elmo, i Turchi trovano seicento fra morti e moribondi. Questi ultimi&nbsp;prendono la prima arma a disposizione e cercano di trovare una morte onorevole. Nessuno di loro sopravvive al massacro, a parte nove Cavalieri presi prigionieri di cui non conosciamo la sorte. Le notizie relative a&nbsp;quegli ultimi momenti provengono da cinque maltesi che, feriti, lasciano l\u2019armatura e raggiungono Borgo a nuoto. Quando entra nel forte, Mustaf\u00e0 fa cercare i cadaveri dei Cavalieri e li fa inchiodare per un piede alla volta della cappella, strappa i loro cuori e gli amputa le mani. Ad altri fa incidere delle grosse croci sul petto e sulla schiena, li inchioda ad alcune travi e li getta in mare dove la corrente si muove verso Borgo.<\/p>\n<p><span style=\"color: #000000;\">Guardando S. Angelo, Mustaf\u00e0 dice:<\/span><strong><span style=\"color: #008000;\"> &#8220;<\/span><\/strong><strong><span style=\"color: #008000;\">Allah, se un figliuolo ci \u00e8 costato cos\u00ec tanto, quale prezzo dovremo pagare per il padre?&#8221;<\/span><\/strong><\/p>\n<p style=\"text-align: justify;\">Ha perso ottomila dei suoi uomini migliori per prendere un cumulo di macerie. La notizia della presa di S. Elmo raggiunge anche Dragut, che riesce ad accennare un sorriso prima di morire per le ferite riportate qualche giorno prima. Quando i cadaveri mutilati dei Cavalieri raggiungono le sponde di Borgo, l\u2019anziano Gran Maestro non resiste alla rabbia. Fa decapitare tutti i prigionieri ottomani e fa caricare i cannoni di S. Angelo con le loro teste, che raggiungono cos\u00ec l\u2019accampamento di Mustaf\u00e0 come monito di ci\u00f2 che li aspetta.<\/p>\n<p style=\"text-align: justify;\"><strong><span style=\"color: #008000;\">La battaglia per S.Elmo \u00e8 finita, ma quella per Malta \u00e8 appena iniziata.<\/span><\/strong><\/p>\n<p><strong><span style=\"color: #008000;\">Gabriele&nbsp; Campagnano&nbsp;<\/span><\/strong><\/p>\n<p><span style=\"color: #ffffff;\">.<\/span><\/p>\n<p style=\"text-align: justify;\">Alcune delle immagini possono essere state prese dal web, citandone ove possibile gli autori e\/o le fonti. Se qualcuno desiderasse specificarne l\u2019autore e le fonti o rimuoverle, pu\u00f2 scrivere a infoocean4future@gmail.com e provvederemo immediatamente alla correzione dell\u2019articolo<\/p>\n<p>&nbsp;<\/p>\n<p><a class=\"maxbutton-3 maxbutton maxbutton-pagina-principale\" target=\"_blank\" title=\"tooltip\" rel=\"nofollow noopener\" href=\"http:\/\/www.ocean4future.org\"><span class='mb-text'>PAGINA PRINCIPALE<\/span><\/a><br \/>\n<span style=\"color: #ffffff;\">.<\/span><\/p>\n<p><a class=\"maxbutton-13 maxbutton maxbutton-parte-i\" target=\"_blank\" title=\" tooltip\" rel=\"nofollow noopener\" href=\"https:\/\/www.ocean4future.org\/savetheocean\/archives\/22743\"><span class='mb-text'>PARTE I<\/span><\/a>&nbsp; <a class=\"maxbutton-14 maxbutton maxbutton-parte-ii\" target=\"_blank\" title=\" tooltip\" rel=\"nofollow noopener\" href=\"https:\/\/www.ocean4future.org\/savetheocean\/archives\/23303\"><span class='mb-text'>PARTE II<\/span><\/a>&nbsp; <a class=\"maxbutton-15 maxbutton maxbutton-parte-iii\" target=\"_blank\" title=\" tooltip\" rel=\"nofollow noopener\" href=\"https:\/\/www.ocean4future.org\/savetheocean\/archives\/23314\"><span class='mb-text'>PARTE III<\/span><\/a><\/p>\n<p><a class=\"maxbutton-16 maxbutton maxbutton-parte-iv\" target=\"_blank\" title=\" tooltip\" rel=\"nofollow noopener\" href=\"https:\/\/www.ocean4future.org\/savetheocean\/archives\/22756\"><span class='mb-text'>PARTE IV<\/span><\/a>&nbsp; <a class=\"maxbutton-17 maxbutton maxbutton-parte-v\" target=\"_blank\" title=\" tooltip\" rel=\"nofollow noopener\" href=\"https:\/\/www.ocean4future.org\/savetheocean\/archives\/23317\"><span class='mb-text'>PARTE V<\/span><\/a>&nbsp; <a class=\"maxbutton-18 maxbutton maxbutton-parte-vi\" target=\"_blank\" title=\" tooltip\" rel=\"nofollow noopener\" href=\"https:\/\/www.ocean4future.org\/savetheocean\/archives\/22761\"><span class='mb-text'>PARTE VI<\/span><\/a><\/p>\n<p><a class=\"maxbutton-19 maxbutton maxbutton-parte-vii\" target=\"_blank\" title=\" tooltip\" rel=\"nofollow noopener\" href=\"https:\/\/www.ocean4future.org\/savetheocean\/archives\/23810\"><span class='mb-text'>PARTE VII<\/span><\/a> <a class=\"maxbutton-20 maxbutton maxbutton-parte-viii\" target=\"_blank\" title=\" tooltip\" rel=\"nofollow noopener\" href=\"https:\/\/www.ocean4future.org\/savetheocean\/archives\/22763\"><span class='mb-text'>PARTE VIII<\/span><\/a><\/p>\n","protected":false},"excerpt":{"rendered":"<p><span class=\"span-reading-time rt-reading-time\" style=\"display: block;\"><span class=\"rt-label rt-prefix\">tempo di lettura: <\/span> <span class=\"rt-time\"> 4<\/span> <span class=\"rt-label rt-postfix\">minuti<\/span><\/span>. . ARGOMENTO: STORIA NAVALE PERIODO: XVI SECOLO AREA: MAR MEDITERRANEO, MALTA parole chiave: Malta, assedio, Ottomani, Turchi, Ospedalieri . L&#8217;assedio \u00e8 ormai iniziato &#8230; il sangue corre a fiumi in entrambe le fazioni. L&#8217;eroismo dei Cavalieri \u00e8 tale che scoraggia gli attaccanti.&nbsp; Intanto Mustaf\u00e0 \u00e8 furioso oltre ogni limite e il 10 giugno tenta [&hellip;]<\/p>\n","protected":false},"author":2366,"featured_media":67381,"comment_status":"open","ping_status":"open","sticky":false,"template":"","format":"standard","meta":{"_acf_changed":false,"_monsterinsights_skip_tracking":false,"_monsterinsights_sitenote_active":false,"_monsterinsights_sitenote_note":"","_monsterinsights_sitenote_category":0,"footnotes":""},"categories":[2318],"tags":[421,2086,2164],"class_list":["post-23314","post","type-post","status-publish","format-standard","has-post-thumbnail","hentry","category-eta-moderna","tag-malta","tag-ospitalieri","tag-s-elmo"],"acf":[],"yoast_head":"<!-- This site is optimized with the Yoast SEO plugin v27.4 - https:\/\/yoast.com\/product\/yoast-seo-wordpress\/ -->\n<title>L\u2019assedio di Malta del 1565: dallo sbarco dei Turchi alla presa di S. Elmo \u2013 parte III di Gabriele Campagnano &#8226; OCEAN4FUTURE autore<\/title>\n<meta name=\"robots\" content=\"index, follow, max-snippet:-1, max-image-preview:large, max-video-preview:-1\" \/>\n<link rel=\"canonical\" href=\"https:\/\/www.ocean4future.org\/savetheocean\/archives\/23314\" \/>\n<meta property=\"og:locale\" content=\"it_IT\" \/>\n<meta property=\"og:type\" content=\"article\" \/>\n<meta property=\"og:title\" content=\"L\u2019assedio di Malta del 1565: dallo sbarco dei Turchi alla presa di S. Elmo \u2013 parte III di Gabriele Campagnano &#8226; OCEAN4FUTURE autore\" \/>\n<meta property=\"og:description\" content=\"tempo di lettura:  4 minuti. . ARGOMENTO: STORIA NAVALE PERIODO: XVI SECOLO AREA: MAR MEDITERRANEO, MALTA parole chiave: Malta, assedio, Ottomani, Turchi, Ospedalieri . L&#8217;assedio \u00e8 ormai iniziato &#8230; il sangue corre a fiumi in entrambe le fazioni. L&#8217;eroismo dei Cavalieri \u00e8 tale che scoraggia gli attaccanti.&nbsp; Intanto Mustaf\u00e0 \u00e8 furioso oltre ogni limite e il 10 giugno tenta [&hellip;]\" \/>\n<meta property=\"og:url\" content=\"https:\/\/www.ocean4future.org\/savetheocean\/archives\/23314\" \/>\n<meta property=\"og:site_name\" content=\"OCEAN4FUTURE\" \/>\n<meta property=\"article:published_time\" content=\"2018-09-17T22:10:01+00:00\" \/>\n<meta property=\"article:modified_time\" content=\"2026-03-22T17:19:28+00:00\" \/>\n<meta property=\"og:image\" content=\"https:\/\/www.ocean4future.org\/savetheocean\/wp-content\/uploads\/2018\/09\/Malta-1565-luglio.jpg\" \/>\n\t<meta property=\"og:image:width\" content=\"758\" \/>\n\t<meta property=\"og:image:height\" content=\"350\" \/>\n\t<meta property=\"og:image:type\" content=\"image\/jpeg\" \/>\n<meta name=\"author\" content=\"Gabriele Campagnano\" \/>\n<meta name=\"twitter:card\" content=\"summary_large_image\" \/>\n<meta name=\"twitter:creator\" content=\"@ocean4future\" \/>\n<meta name=\"twitter:site\" content=\"@ocean4future\" \/>\n<meta name=\"twitter:label1\" content=\"Scritto da\" \/>\n\t<meta name=\"twitter:data1\" content=\"Gabriele Campagnano\" \/>\n\t<meta name=\"twitter:label2\" content=\"Tempo di lettura stimato\" \/>\n\t<meta name=\"twitter:data2\" content=\"6 minuti\" \/>\n<script type=\"application\/ld+json\" class=\"yoast-schema-graph\">{\"@context\":\"https:\\\/\\\/schema.org\",\"@graph\":[{\"@type\":\"Article\",\"@id\":\"https:\\\/\\\/www.ocean4future.org\\\/savetheocean\\\/archives\\\/23314#article\",\"isPartOf\":{\"@id\":\"https:\\\/\\\/www.ocean4future.org\\\/savetheocean\\\/archives\\\/23314\"},\"author\":{\"name\":\"Gabriele Campagnano\",\"@id\":\"https:\\\/\\\/www.ocean4future.org\\\/savetheocean\\\/#\\\/schema\\\/person\\\/8f268e05d09f0a406d4ac8c90079d6f2\"},\"headline\":\"L\u2019assedio di Malta del 1565: dallo sbarco dei Turchi alla presa di S. Elmo \u2013 parte III di Gabriele Campagnano\",\"datePublished\":\"2018-09-17T22:10:01+00:00\",\"dateModified\":\"2026-03-22T17:19:28+00:00\",\"mainEntityOfPage\":{\"@id\":\"https:\\\/\\\/www.ocean4future.org\\\/savetheocean\\\/archives\\\/23314\"},\"wordCount\":1085,\"commentCount\":0,\"publisher\":{\"@id\":\"https:\\\/\\\/www.ocean4future.org\\\/savetheocean\\\/#\\\/schema\\\/person\\\/4e1c26437054353074d7bb2efa77162c\"},\"image\":{\"@id\":\"https:\\\/\\\/www.ocean4future.org\\\/savetheocean\\\/archives\\\/23314#primaryimage\"},\"thumbnailUrl\":\"https:\\\/\\\/www.ocean4future.org\\\/savetheocean\\\/wp-content\\\/uploads\\\/2018\\\/09\\\/Malta-1565-luglio.jpg\",\"keywords\":[\"Malta\",\"Ospitalieri\",\"S. Elmo\"],\"articleSection\":[\"Storia navale dell'et\u00e0 moderna (post 1492 - oggi)\"],\"inLanguage\":\"it-IT\",\"potentialAction\":[{\"@type\":\"CommentAction\",\"name\":\"Comment\",\"target\":[\"https:\\\/\\\/www.ocean4future.org\\\/savetheocean\\\/archives\\\/23314#respond\"]}]},{\"@type\":\"WebPage\",\"@id\":\"https:\\\/\\\/www.ocean4future.org\\\/savetheocean\\\/archives\\\/23314\",\"url\":\"https:\\\/\\\/www.ocean4future.org\\\/savetheocean\\\/archives\\\/23314\",\"name\":\"L\u2019assedio di Malta del 1565: dallo sbarco dei Turchi alla presa di S. Elmo \u2013 parte III di Gabriele Campagnano &#8226; OCEAN4FUTURE autore\",\"isPartOf\":{\"@id\":\"https:\\\/\\\/www.ocean4future.org\\\/savetheocean\\\/#website\"},\"primaryImageOfPage\":{\"@id\":\"https:\\\/\\\/www.ocean4future.org\\\/savetheocean\\\/archives\\\/23314#primaryimage\"},\"image\":{\"@id\":\"https:\\\/\\\/www.ocean4future.org\\\/savetheocean\\\/archives\\\/23314#primaryimage\"},\"thumbnailUrl\":\"https:\\\/\\\/www.ocean4future.org\\\/savetheocean\\\/wp-content\\\/uploads\\\/2018\\\/09\\\/Malta-1565-luglio.jpg\",\"datePublished\":\"2018-09-17T22:10:01+00:00\",\"dateModified\":\"2026-03-22T17:19:28+00:00\",\"breadcrumb\":{\"@id\":\"https:\\\/\\\/www.ocean4future.org\\\/savetheocean\\\/archives\\\/23314#breadcrumb\"},\"inLanguage\":\"it-IT\",\"potentialAction\":[{\"@type\":\"ReadAction\",\"target\":[\"https:\\\/\\\/www.ocean4future.org\\\/savetheocean\\\/archives\\\/23314\"]}]},{\"@type\":\"ImageObject\",\"inLanguage\":\"it-IT\",\"@id\":\"https:\\\/\\\/www.ocean4future.org\\\/savetheocean\\\/archives\\\/23314#primaryimage\",\"url\":\"https:\\\/\\\/www.ocean4future.org\\\/savetheocean\\\/wp-content\\\/uploads\\\/2018\\\/09\\\/Malta-1565-luglio.jpg\",\"contentUrl\":\"https:\\\/\\\/www.ocean4future.org\\\/savetheocean\\\/wp-content\\\/uploads\\\/2018\\\/09\\\/Malta-1565-luglio.jpg\",\"width\":758,\"height\":350},{\"@type\":\"BreadcrumbList\",\"@id\":\"https:\\\/\\\/www.ocean4future.org\\\/savetheocean\\\/archives\\\/23314#breadcrumb\",\"itemListElement\":[{\"@type\":\"ListItem\",\"position\":1,\"name\":\"Home\",\"item\":\"https:\\\/\\\/www.ocean4future.org\\\/savetheocean\"},{\"@type\":\"ListItem\",\"position\":2,\"name\":\"L\u2019assedio di Malta del 1565: dallo sbarco dei Turchi alla presa di S. Elmo \u2013 parte III di Gabriele Campagnano\"}]},{\"@type\":\"WebSite\",\"@id\":\"https:\\\/\\\/www.ocean4future.org\\\/savetheocean\\\/#website\",\"url\":\"https:\\\/\\\/www.ocean4future.org\\\/savetheocean\\\/\",\"name\":\"Ocean 4 Future\",\"description\":\"Per una nuova cultura del mare e della marittimit\u00e0\",\"publisher\":{\"@id\":\"https:\\\/\\\/www.ocean4future.org\\\/savetheocean\\\/#\\\/schema\\\/person\\\/4e1c26437054353074d7bb2efa77162c\"},\"potentialAction\":[{\"@type\":\"SearchAction\",\"target\":{\"@type\":\"EntryPoint\",\"urlTemplate\":\"https:\\\/\\\/www.ocean4future.org\\\/savetheocean\\\/?s={search_term_string}\"},\"query-input\":{\"@type\":\"PropertyValueSpecification\",\"valueRequired\":true,\"valueName\":\"search_term_string\"}}],\"inLanguage\":\"it-IT\"},{\"@type\":[\"Person\",\"Organization\"],\"@id\":\"https:\\\/\\\/www.ocean4future.org\\\/savetheocean\\\/#\\\/schema\\\/person\\\/4e1c26437054353074d7bb2efa77162c\",\"name\":\"oceandiver\",\"image\":{\"@type\":\"ImageObject\",\"inLanguage\":\"it-IT\",\"@id\":\"https:\\\/\\\/www.ocean4future.org\\\/savetheocean\\\/wp-content\\\/uploads\\\/2023\\\/04\\\/logo-ocean3.jpg\",\"url\":\"https:\\\/\\\/www.ocean4future.org\\\/savetheocean\\\/wp-content\\\/uploads\\\/2023\\\/04\\\/logo-ocean3.jpg\",\"contentUrl\":\"https:\\\/\\\/www.ocean4future.org\\\/savetheocean\\\/wp-content\\\/uploads\\\/2023\\\/04\\\/logo-ocean3.jpg\",\"width\":472,\"height\":301,\"caption\":\"oceandiver\"},\"logo\":{\"@id\":\"https:\\\/\\\/www.ocean4future.org\\\/savetheocean\\\/wp-content\\\/uploads\\\/2023\\\/04\\\/logo-ocean3.jpg\"}},{\"@type\":\"Person\",\"@id\":\"https:\\\/\\\/www.ocean4future.org\\\/savetheocean\\\/#\\\/schema\\\/person\\\/8f268e05d09f0a406d4ac8c90079d6f2\",\"name\":\"Gabriele Campagnano\",\"image\":{\"@type\":\"ImageObject\",\"inLanguage\":\"it-IT\",\"@id\":\"https:\\\/\\\/secure.gravatar.com\\\/avatar\\\/b59d7eecc86f7aeffd90b535bfd296914b36d6f8aea9e60483c339cadbbad6b2?s=96&d=mm&r=g\",\"url\":\"https:\\\/\\\/secure.gravatar.com\\\/avatar\\\/b59d7eecc86f7aeffd90b535bfd296914b36d6f8aea9e60483c339cadbbad6b2?s=96&d=mm&r=g\",\"contentUrl\":\"https:\\\/\\\/secure.gravatar.com\\\/avatar\\\/b59d7eecc86f7aeffd90b535bfd296914b36d6f8aea9e60483c339cadbbad6b2?s=96&d=mm&r=g\",\"caption\":\"Gabriele Campagnano\"},\"description\":\"Diplomato al Liceo Classico Francesco Vivona di Roma e laureato in Giurisprudenza (indirizzo storico comparatistico), ha esercitato la professione di legale d\u2019azienda prima di dedicarsi alla comunicazione d\u2019impresa e istituzionale. Attualmente \u00e8 Capo Ufficio Stampa del Dipartimento Trasformazione Digitale - Presidenza del Consiglio. Ha conseguito il Master Universitario di 2\u00b0 livello - CMU2 in Scienze Giuridiche presso la LUISS. \u00c8 il fondatore e presidente di Zhistorica e Necrosword. Ha scritto pi\u00f9 di 250 articoli e tre libri: Storia della Presa di Famagosta (2014), I Padroni dell\u2019Acciaio (2017) e Zodd, Alba di Sangue (2018) e\u00a0I Padroni dell\u2019Acciaio 2 \u2013 Gotz von Berlichingen\u00a0(2021)\",\"sameAs\":[\"http:\\\/\\\/www.zweilawyer.com\"],\"url\":\"https:\\\/\\\/www.ocean4future.org\\\/savetheocean\\\/archives\\\/author\\\/gabriele-campagnano\"}]}<\/script>\n<!-- \/ Yoast SEO plugin. -->","yoast_head_json":{"title":"L\u2019assedio di Malta del 1565: dallo sbarco dei Turchi alla presa di S. Elmo \u2013 parte III di Gabriele Campagnano &#8226; OCEAN4FUTURE autore","robots":{"index":"index","follow":"follow","max-snippet":"max-snippet:-1","max-image-preview":"max-image-preview:large","max-video-preview":"max-video-preview:-1"},"canonical":"https:\/\/www.ocean4future.org\/savetheocean\/archives\/23314","og_locale":"it_IT","og_type":"article","og_title":"L\u2019assedio di Malta del 1565: dallo sbarco dei Turchi alla presa di S. Elmo \u2013 parte III di Gabriele Campagnano &#8226; OCEAN4FUTURE autore","og_description":"tempo di lettura:  4 minuti. . ARGOMENTO: STORIA NAVALE PERIODO: XVI SECOLO AREA: MAR MEDITERRANEO, MALTA parole chiave: Malta, assedio, Ottomani, Turchi, Ospedalieri . L&#8217;assedio \u00e8 ormai iniziato &#8230; il sangue corre a fiumi in entrambe le fazioni. L&#8217;eroismo dei Cavalieri \u00e8 tale che scoraggia gli attaccanti.&nbsp; Intanto Mustaf\u00e0 \u00e8 furioso oltre ogni limite e il 10 giugno tenta [&hellip;]","og_url":"https:\/\/www.ocean4future.org\/savetheocean\/archives\/23314","og_site_name":"OCEAN4FUTURE","article_published_time":"2018-09-17T22:10:01+00:00","article_modified_time":"2026-03-22T17:19:28+00:00","og_image":[{"width":758,"height":350,"url":"https:\/\/www.ocean4future.org\/savetheocean\/wp-content\/uploads\/2018\/09\/Malta-1565-luglio.jpg","type":"image\/jpeg"}],"author":"Gabriele Campagnano","twitter_card":"summary_large_image","twitter_creator":"@ocean4future","twitter_site":"@ocean4future","twitter_misc":{"Scritto da":"Gabriele Campagnano","Tempo di lettura stimato":"6 minuti"},"schema":{"@context":"https:\/\/schema.org","@graph":[{"@type":"Article","@id":"https:\/\/www.ocean4future.org\/savetheocean\/archives\/23314#article","isPartOf":{"@id":"https:\/\/www.ocean4future.org\/savetheocean\/archives\/23314"},"author":{"name":"Gabriele Campagnano","@id":"https:\/\/www.ocean4future.org\/savetheocean\/#\/schema\/person\/8f268e05d09f0a406d4ac8c90079d6f2"},"headline":"L\u2019assedio di Malta del 1565: dallo sbarco dei Turchi alla presa di S. Elmo \u2013 parte III di Gabriele Campagnano","datePublished":"2018-09-17T22:10:01+00:00","dateModified":"2026-03-22T17:19:28+00:00","mainEntityOfPage":{"@id":"https:\/\/www.ocean4future.org\/savetheocean\/archives\/23314"},"wordCount":1085,"commentCount":0,"publisher":{"@id":"https:\/\/www.ocean4future.org\/savetheocean\/#\/schema\/person\/4e1c26437054353074d7bb2efa77162c"},"image":{"@id":"https:\/\/www.ocean4future.org\/savetheocean\/archives\/23314#primaryimage"},"thumbnailUrl":"https:\/\/www.ocean4future.org\/savetheocean\/wp-content\/uploads\/2018\/09\/Malta-1565-luglio.jpg","keywords":["Malta","Ospitalieri","S. Elmo"],"articleSection":["Storia navale dell'et\u00e0 moderna (post 1492 - oggi)"],"inLanguage":"it-IT","potentialAction":[{"@type":"CommentAction","name":"Comment","target":["https:\/\/www.ocean4future.org\/savetheocean\/archives\/23314#respond"]}]},{"@type":"WebPage","@id":"https:\/\/www.ocean4future.org\/savetheocean\/archives\/23314","url":"https:\/\/www.ocean4future.org\/savetheocean\/archives\/23314","name":"L\u2019assedio di Malta del 1565: dallo sbarco dei Turchi alla presa di S. Elmo \u2013 parte III di Gabriele Campagnano &#8226; OCEAN4FUTURE autore","isPartOf":{"@id":"https:\/\/www.ocean4future.org\/savetheocean\/#website"},"primaryImageOfPage":{"@id":"https:\/\/www.ocean4future.org\/savetheocean\/archives\/23314#primaryimage"},"image":{"@id":"https:\/\/www.ocean4future.org\/savetheocean\/archives\/23314#primaryimage"},"thumbnailUrl":"https:\/\/www.ocean4future.org\/savetheocean\/wp-content\/uploads\/2018\/09\/Malta-1565-luglio.jpg","datePublished":"2018-09-17T22:10:01+00:00","dateModified":"2026-03-22T17:19:28+00:00","breadcrumb":{"@id":"https:\/\/www.ocean4future.org\/savetheocean\/archives\/23314#breadcrumb"},"inLanguage":"it-IT","potentialAction":[{"@type":"ReadAction","target":["https:\/\/www.ocean4future.org\/savetheocean\/archives\/23314"]}]},{"@type":"ImageObject","inLanguage":"it-IT","@id":"https:\/\/www.ocean4future.org\/savetheocean\/archives\/23314#primaryimage","url":"https:\/\/www.ocean4future.org\/savetheocean\/wp-content\/uploads\/2018\/09\/Malta-1565-luglio.jpg","contentUrl":"https:\/\/www.ocean4future.org\/savetheocean\/wp-content\/uploads\/2018\/09\/Malta-1565-luglio.jpg","width":758,"height":350},{"@type":"BreadcrumbList","@id":"https:\/\/www.ocean4future.org\/savetheocean\/archives\/23314#breadcrumb","itemListElement":[{"@type":"ListItem","position":1,"name":"Home","item":"https:\/\/www.ocean4future.org\/savetheocean"},{"@type":"ListItem","position":2,"name":"L\u2019assedio di Malta del 1565: dallo sbarco dei Turchi alla presa di S. Elmo \u2013 parte III di Gabriele Campagnano"}]},{"@type":"WebSite","@id":"https:\/\/www.ocean4future.org\/savetheocean\/#website","url":"https:\/\/www.ocean4future.org\/savetheocean\/","name":"Ocean 4 Future","description":"Per una nuova cultura del mare e della marittimit\u00e0","publisher":{"@id":"https:\/\/www.ocean4future.org\/savetheocean\/#\/schema\/person\/4e1c26437054353074d7bb2efa77162c"},"potentialAction":[{"@type":"SearchAction","target":{"@type":"EntryPoint","urlTemplate":"https:\/\/www.ocean4future.org\/savetheocean\/?s={search_term_string}"},"query-input":{"@type":"PropertyValueSpecification","valueRequired":true,"valueName":"search_term_string"}}],"inLanguage":"it-IT"},{"@type":["Person","Organization"],"@id":"https:\/\/www.ocean4future.org\/savetheocean\/#\/schema\/person\/4e1c26437054353074d7bb2efa77162c","name":"oceandiver","image":{"@type":"ImageObject","inLanguage":"it-IT","@id":"https:\/\/www.ocean4future.org\/savetheocean\/wp-content\/uploads\/2023\/04\/logo-ocean3.jpg","url":"https:\/\/www.ocean4future.org\/savetheocean\/wp-content\/uploads\/2023\/04\/logo-ocean3.jpg","contentUrl":"https:\/\/www.ocean4future.org\/savetheocean\/wp-content\/uploads\/2023\/04\/logo-ocean3.jpg","width":472,"height":301,"caption":"oceandiver"},"logo":{"@id":"https:\/\/www.ocean4future.org\/savetheocean\/wp-content\/uploads\/2023\/04\/logo-ocean3.jpg"}},{"@type":"Person","@id":"https:\/\/www.ocean4future.org\/savetheocean\/#\/schema\/person\/8f268e05d09f0a406d4ac8c90079d6f2","name":"Gabriele Campagnano","image":{"@type":"ImageObject","inLanguage":"it-IT","@id":"https:\/\/secure.gravatar.com\/avatar\/b59d7eecc86f7aeffd90b535bfd296914b36d6f8aea9e60483c339cadbbad6b2?s=96&d=mm&r=g","url":"https:\/\/secure.gravatar.com\/avatar\/b59d7eecc86f7aeffd90b535bfd296914b36d6f8aea9e60483c339cadbbad6b2?s=96&d=mm&r=g","contentUrl":"https:\/\/secure.gravatar.com\/avatar\/b59d7eecc86f7aeffd90b535bfd296914b36d6f8aea9e60483c339cadbbad6b2?s=96&d=mm&r=g","caption":"Gabriele Campagnano"},"description":"Diplomato al Liceo Classico Francesco Vivona di Roma e laureato in Giurisprudenza (indirizzo storico comparatistico), ha esercitato la professione di legale d\u2019azienda prima di dedicarsi alla comunicazione d\u2019impresa e istituzionale. Attualmente \u00e8 Capo Ufficio Stampa del Dipartimento Trasformazione Digitale - Presidenza del Consiglio. Ha conseguito il Master Universitario di 2\u00b0 livello - CMU2 in Scienze Giuridiche presso la LUISS. \u00c8 il fondatore e presidente di Zhistorica e Necrosword. Ha scritto pi\u00f9 di 250 articoli e tre libri: Storia della Presa di Famagosta (2014), I Padroni dell\u2019Acciaio (2017) e Zodd, Alba di Sangue (2018) e\u00a0I Padroni dell\u2019Acciaio 2 \u2013 Gotz von Berlichingen\u00a0(2021)","sameAs":["http:\/\/www.zweilawyer.com"],"url":"https:\/\/www.ocean4future.org\/savetheocean\/archives\/author\/gabriele-campagnano"}]}},"_links":{"self":[{"href":"https:\/\/www.ocean4future.org\/savetheocean\/wp-json\/wp\/v2\/posts\/23314","targetHints":{"allow":["GET"]}}],"collection":[{"href":"https:\/\/www.ocean4future.org\/savetheocean\/wp-json\/wp\/v2\/posts"}],"about":[{"href":"https:\/\/www.ocean4future.org\/savetheocean\/wp-json\/wp\/v2\/types\/post"}],"author":[{"embeddable":true,"href":"https:\/\/www.ocean4future.org\/savetheocean\/wp-json\/wp\/v2\/users\/2366"}],"replies":[{"embeddable":true,"href":"https:\/\/www.ocean4future.org\/savetheocean\/wp-json\/wp\/v2\/comments?post=23314"}],"version-history":[{"count":1,"href":"https:\/\/www.ocean4future.org\/savetheocean\/wp-json\/wp\/v2\/posts\/23314\/revisions"}],"predecessor-version":[{"id":126571,"href":"https:\/\/www.ocean4future.org\/savetheocean\/wp-json\/wp\/v2\/posts\/23314\/revisions\/126571"}],"wp:featuredmedia":[{"embeddable":true,"href":"https:\/\/www.ocean4future.org\/savetheocean\/wp-json\/wp\/v2\/media\/67381"}],"wp:attachment":[{"href":"https:\/\/www.ocean4future.org\/savetheocean\/wp-json\/wp\/v2\/media?parent=23314"}],"wp:term":[{"taxonomy":"category","embeddable":true,"href":"https:\/\/www.ocean4future.org\/savetheocean\/wp-json\/wp\/v2\/categories?post=23314"},{"taxonomy":"post_tag","embeddable":true,"href":"https:\/\/www.ocean4future.org\/savetheocean\/wp-json\/wp\/v2\/tags?post=23314"}],"curies":[{"name":"wp","href":"https:\/\/api.w.org\/{rel}","templated":true}]}}