{"id":23303,"date":"2018-09-15T02:40:36","date_gmt":"2018-09-15T00:40:36","guid":{"rendered":"http:\/\/www.ocean4future.org\/?p=23303"},"modified":"2026-03-22T18:18:58","modified_gmt":"2026-03-22T17:18:58","slug":"lassedio-di-malta-del-1565-dallo-sbarco-dei-turchi-alla-presa-di-s-elmo-parte-ii-di-gabriele-campagnano","status":"publish","type":"post","link":"https:\/\/www.ocean4future.org\/savetheocean\/archives\/23303","title":{"rendered":"L\u2019assedio di Malta del 1565: dallo sbarco dei Turchi alla presa di S. Elmo &#8211; parte II"},"content":{"rendered":"<span class=\"span-reading-time rt-reading-time\" style=\"display: block;\"><span class=\"rt-label rt-prefix\">tempo di lettura: <\/span> <span class=\"rt-time\"> 9<\/span> <span class=\"rt-label rt-postfix\">minuti<\/span><\/span><p style=\"text-align: justify;\"><strong><span style=\"color: #ffffff;\">.<\/span><br \/>\n<a class=\"maxbutton-4 maxbutton maxbutton-livello-di-comprensione\" href=\"javascript:void(0);\"><span class='mb-text'>livello elementare<\/span><\/a><br \/>\n<span style=\"color: #ffffff;\">.<\/span><br \/>\n<span style=\"color: #008000;\">ARGOMENTO: STORIA NAVALE<\/span><\/strong><br \/>\n<strong><span style=\"color: #008000;\">PERIODO: XVI SECOLO<\/span><\/strong><br \/>\n<strong><span style=\"color: #008000;\">AREA: MAR MEDITERRANEO<\/span><\/strong><br \/>\nparole chiave: assedio, Malta<br \/>\n<span style=\"color: #ffffff;\">.<\/span><\/p>\n<p style=\"text-align: justify;\">Eravamo rimasti ad aprile 1565 ed alla fugace visita del&nbsp;<strong><span style=\"color: #008000;\">Vicer\u00e8 Don Garcia<\/span><\/strong>. Era in viaggio per raggiungere la Goletta e preparare anche l\u00ec le difese, visto che nessuno conosceva l\u2019effettivo obbiettivo finale dei Turchi. Rimase a Malta solo un giorno. Non era certo quello che gli <strong><span style=\"color: #008000;\">Ospitalieri<\/span><\/strong> si aspettavano.&nbsp;<\/p>\n<p style=\"text-align: justify;\"><strong><span style=\"color: #008000;\">Verso i primi di Maggio, il Gran Maestro chiese ai suoi commissari di redigere un rapporto completo sulle forze militari disponibili.<\/span><\/strong><\/p>\n<table>\n<tbody>\n<tr>\n<td><strong><span style=\"color: #008000; font-size: 14pt;\">&nbsp; LINGUA<\/span><\/strong><\/td>\n<td><strong><span style=\"color: #008000; font-size: 14pt;\">CAVALIERI&nbsp; &nbsp;<\/span><\/strong><\/td>\n<td><strong><span style=\"color: #008000; font-size: 14pt;\">&nbsp; &nbsp;SERVENTI d\u2019ARMI<\/span><\/strong><\/td>\n<td>&nbsp;<\/td>\n<\/tr>\n<tr>\n<td><strong><span style=\"color: #008000; font-size: 14pt;\"><em>Provenza<\/em><\/span><\/strong><\/td>\n<td><strong><span style=\"color: #008000; font-size: 14pt;\">61<\/span><\/strong><\/td>\n<td><strong><span style=\"color: #008000; font-size: 14pt;\">15<\/span><\/strong><\/td>\n<td>&nbsp;<\/td>\n<\/tr>\n<tr>\n<td><strong><span style=\"color: #008000; font-size: 14pt;\"><em>Alvernia<\/em><\/span><\/strong><\/td>\n<td><strong><span style=\"color: #008000; font-size: 14pt;\">25<\/span><\/strong><\/td>\n<td><strong><span style=\"color: #008000; font-size: 14pt;\">14<\/span><\/strong><\/td>\n<td>&nbsp;<\/td>\n<\/tr>\n<tr>\n<td><strong><span style=\"color: #008000; font-size: 14pt;\"><em>Francia<\/em><\/span><\/strong><\/td>\n<td><strong><span style=\"color: #008000; font-size: 14pt;\">57&nbsp;&nbsp;<\/span><\/strong><\/td>\n<td><strong><span style=\"color: #008000; font-size: 14pt;\">24<\/span><\/strong><\/td>\n<td><strong><span style=\"font-size: 14pt;\">&nbsp;&nbsp;<\/span><\/strong><\/td>\n<\/tr>\n<tr>\n<td><strong><span style=\"color: #008000; font-size: 14pt;\"><em>Italia<\/em><\/span><\/strong><\/td>\n<td><strong><span style=\"color: #008000; font-size: 14pt;\">160<\/span><\/strong><\/td>\n<td><strong><span style=\"color: #008000; font-size: 14pt;\">5 (oltre a 10 volontari)<\/span><\/strong><\/td>\n<td>&nbsp;<\/td>\n<\/tr>\n<tr>\n<td><strong><span style=\"color: #008000; font-size: 14pt;\"><em>Inghilterra<\/em><\/span><\/strong><\/td>\n<td><strong><span style=\"color: #008000; font-size: 14pt;\">1<\/span><\/strong><\/td>\n<td><strong><span style=\"color: #008000; font-size: 14pt;\">0<\/span><\/strong><\/td>\n<td>&nbsp;<\/td>\n<\/tr>\n<tr>\n<td><strong><span style=\"color: #008000; font-size: 14pt;\"><em>Aragona<\/em><\/span><\/strong><\/td>\n<td><strong><span style=\"color: #008000; font-size: 14pt;\">86<\/span><\/strong><\/td>\n<td><strong><span style=\"color: #008000; font-size: 14pt;\">2<\/span><\/strong><\/td>\n<td>&nbsp;<\/td>\n<\/tr>\n<tr>\n<td><strong><span style=\"color: #008000; font-size: 14pt;\"><em>Alemagna<\/em><\/span><\/strong><\/td>\n<td><strong><span style=\"color: #008000; font-size: 14pt;\">13<\/span><\/strong><\/td>\n<td><strong><span style=\"color: #008000; font-size: 14pt;\">1<\/span><\/strong><\/td>\n<td>&nbsp;<\/td>\n<\/tr>\n<tr>\n<td><strong><span style=\"color: #008000; font-size: 14pt;\"><em>Castiglia<\/em><\/span><\/strong><\/td>\n<td><strong><span style=\"color: #008000; font-size: 14pt;\">68<\/span><\/strong><\/td>\n<td><strong><span style=\"color: #008000; font-size: 14pt;\">6<\/span><\/strong><\/td>\n<td>&nbsp;<\/td>\n<\/tr>\n<tr>\n<td><strong><span style=\"color: #008000; font-size: 14pt;\">TOTALE<\/span><\/strong><\/td>\n<td><strong><span style=\"color: #008000; font-size: 14pt;\">471<\/span><\/strong><\/td>\n<td><strong><span style=\"color: #008000; font-size: 14pt;\">77<\/span><\/strong><\/td>\n<td>&nbsp;<\/td>\n<\/tr>\n<\/tbody>\n<\/table>\n<p style=\"text-align: justify;\">A questi numeri vanno aggiunti i 44 cappellani militari, per un totale di&nbsp;592&nbsp;uomini in arme appartenenti all&#8217;Ordine. Il calcolo finale porta, comprendendo anche i 5830 della milizia maltese e i 1120 mercenari, a 9117 combattenti. Un numero molto vicino agli 8500 menzionati dal Giacomo Bosio. Pochi giorni dopo, a Costantinopoli, l\u2019Armata pronta a lasciare il porto ha dimensioni molto differenti. Al comando di <strong><span style=\"color: #008000;\">Pial\u00ec Pasci\u00e0<\/span><\/strong> ci sono 138 galere in assetto da guerra, che portano oltre 50 cannoni da campo e una forza di sbarco, comandata da <strong><span style=\"color: #008000;\">Mustaf\u00e0 Pasci\u00e0<\/span><\/strong>, di 38.300 uomini.<\/p>\n<p><strong><span style=\"color: #008000;\">Gli obbiettivi affidati ai due generali da Solimano sono tre:<\/span><\/strong><\/p>\n<ul>\n<li>prendere Malta<\/li>\n<li>prendere La Goletta (citt\u00e0 tunisina in mano europea)<\/li>\n<li>conquistare la Corsica<\/li>\n<\/ul>\n<p style=\"text-align: justify;\">Cinque giorni di navigazione, e le vele della flotta turca compaiono all\u2019orizzonte della costa orientale maltese. Il Forte di S. Elmo avverte il resto dell\u2019isola con tre colpi d\u2019artiglieria, cui rispondono quelli di Forte S. Angelo, della Notabile e di Gozo. Gli abitanti di Malta piombano nel terrore. Chi \u00e8 rimasto fuori dai luoghi fortificati si affretta a raggiungerli, altri cittadini radunano gli averi e le provviste rimanenti, mentre gli addetti ai lavori di fortificazione moltiplicano gli sforzi (poich\u00e9 non tutte le opere sono complete). Il Generale Coupier si apposta vicino al porto Marsascirocco con circa 1500 uomini, dove una barca turca si avvicina e poi ritorna alla flotta. Coupier continua a seguire gli spostamenti della flotta turca dalla costa e a un certo punto quasi tira un sospiro di sollievo, perch\u00e9 l\u2019armata punta verso sud. Molti altri sperano che Pial\u00ec Pasci\u00e0 si diriga verso La Goletta e non molesti Malta, ma i Turchi gettano l\u2019ancora &nbsp;nelle insenature di Migiarro e Ghain Toffiha.<\/p>\n<p style=\"text-align: justify;\">Giunta la notte, Coupier fa riparare il grosso della truppa nella Notabile, ma teme che i Turchi vogliano assediare proprio la citt\u00e0. Indecisi se evacuare la citt\u00e0, Coupier e i notabili inviano un messaggero al Gran Maestro, che lo riceve a tarda notte e lo incoraggia a mantenere la posizione; all&#8217;alba parte per la Notabile un contingente di uomini e munizioni.<\/p>\n<figure id=\"attachment_11221\" class=\"wp-caption aligncenter\"><img decoding=\"async\" class=\"wp-image-11221 size-full\" src=\"https:\/\/i1.wp.com\/zweilawyer.com\/wp-content\/uploads\/2010\/09\/malta-1565-assedio.jpg?resize=1069%2C717\" sizes=\"(max-width: 1069px) 100vw, 1069px\" srcset=\"https:\/\/i1.wp.com\/zweilawyer.com\/wp-content\/uploads\/2010\/09\/malta-1565-assedio.jpg?w=1069 1069w, https:\/\/i1.wp.com\/zweilawyer.com\/wp-content\/uploads\/2010\/09\/malta-1565-assedio.jpg?resize=300%2C201 300w, https:\/\/i1.wp.com\/zweilawyer.com\/wp-content\/uploads\/2010\/09\/malta-1565-assedio.jpg?resize=768%2C515 768w, https:\/\/i1.wp.com\/zweilawyer.com\/wp-content\/uploads\/2010\/09\/malta-1565-assedio.jpg?resize=1024%2C687 1024w, https:\/\/i1.wp.com\/zweilawyer.com\/wp-content\/uploads\/2010\/09\/malta-1565-assedio.jpg?resize=60%2C40 60w, https:\/\/i1.wp.com\/zweilawyer.com\/wp-content\/uploads\/2010\/09\/malta-1565-assedio.jpg?resize=600%2C402 600w\" alt=\"malta 1565 assedio\" width=\"740\" height=\"496\"><\/p>\n<p align=\"justify\"><strong><span style=\"color: #008000;\">I tre forti presidiati dai Cavalieri: S.Elmo, S.Angelo (Borgo), S.Michele (Senglea). La mappa \u00e8 di poco successiva al Grande Assedio, quindi \u00e8 gi\u00e0 presente la cinta muraria de La Valletta nei pressi di S. Elmo<\/span><\/strong><\/p>\n<\/figure>\n<p style=\"text-align: justify;\">La mattina seguente, La Valletta assegna la difesa del Borgo ai cavalieri francesi, spagnoli e tedeschi, mentre alle pi\u00f9 numerose schiere italiane, comandate dall\u2019Ammiraglio De Monte, spetta quella della Senglea. Al Forte di S.Elmo decide di mandare il Bal\u00ec Cav. d\u2019Eguaras con 40 cavalieri e 200 mercenari spagnoli, in modo da supportare l\u2019anziano Bal\u00ec De Broglio, che \u00e8 gi\u00e0 l\u00ec a difenderlo con 120 uomini. La Valletta ordina anche di avvelenare tutti i pozzi e le riserve idriche dell\u2019entroterra. I Turchi per\u00f2 non mostrano interesse per la Notabile, e nel giro di un giorno e mezzo tutta la flotta ritorna a Marsascirocco, dove poche ore prima erano sbarcati 3000 uomini di avanguardia. I Turchi costruiscono l\u00ec gli accampamenti. \u00c8 domenica e Fra Roberto d\u2019Evoli, un cappuccino rimasto schiavo dei musulmani per molti anni, infiamma gli animi dei soldati con le sue prediche. Un contingente di cavalleria si avvicina per provocare i Turchi e riesce a portarli fino alla fanteria di Coupier, che a sua volta indietreggia per far arrivare il nemico a distanza di tiro dell\u2019artiglieria di Borgo. Dalla fortezza escono per\u00f2 800 uomini, non autorizzati dal Gran Maestro, per aiutare Coupier. Lo scontro con i Turchi \u00e8 violento e mette in rotta questi ultimi. I maltesi li inseguono a lungo, massacrandone molti e catturandone sei. Il Cav. Melchiore d\u2019Eguaras, comandante della sortita di cavalleria, viene ferito a una gamba e sostituito con il Cav. Barrese, che riporta i cavalieri alla Notabile, mentre la fanteria rientra nel Borgo.<\/p>\n<p style=\"text-align: justify;\">Il 21 maggio il Gran Maestro fiuta un attacco turco al Borgo, quindi&nbsp;ordina a Coupier di accamparsi con 600 archibugeri sulla collina di S.Margherita e al Gen. Gio\u00f9 sotto i baluardi di fronte al Borgo con altri 400. Vieta inoltre ai Cavalieri di uscire e combattere allo scoperto, poich\u00e9 molti di loro hanno intenzione di affrontare il nemico in campo aperto. Quando i Turchi attaccano, gli archibugeri&nbsp;si fanno trovare pronti e&nbsp;rispondono al fuoco, supportati dai cannoni del Borgo. Le ondate dell\u2019attacco musulmano si infrangono contro il muro di piombo di quasi mille bocche da fuoco. Alla fine della giornata, i Turchi si ritirano lasciando sul campo 900 morti. Le perdite maltesi sono insignificanti.<\/p>\n<p style=\"text-align: justify;\"><strong><span style=\"color: #008000;\">Mustaf\u00e0 Pasci\u00e0<\/span><\/strong> posiziona gli accampamenti nelle pianure di casal Tarxen, in quelle della Marsa e di fronte alla Sanglea (ovviamente a distanza di sicurezza dall&#8217;artiglieria maltese). Non riesce per\u00f2 a concordare una strategia precisa con Pial\u00ec Pascia, anche perch\u00e9 entrambi sono in attesa di Dragut. L\u2019ottantenne corsaro rimane il favorito del Sultano, e proprio quest\u2019ultimo vuole che sia consultato per ogni decisione importante.<\/p>\n<p style=\"text-align: justify;\">In linea di massima, Mustaf\u00e0 vuole attaccare il Borgo, mentre Pial\u00ec ha messo gli occhi su S.Elmo. Alla fine, prevale l\u2019opinioni di Pial\u00ec, che ha intenzione di spostare la flotta da Marsascirocco a Marsamuscetto (una delle due insenature che delimitano la penisola ove \u00e8 posizionato S. Elmo), in modo da precludere ogni possibilit\u00e0 di soccorso da parte di navi cristiane. S. Elmo sorge all&#8217;estremit\u00e0 di una lingua di terra che viene interamente occupata dai Turchi. I lavori di costruzione delle trincee, posizionamento delle artiglierie e sistemazione della logistica continuano a ritmo incessante sotto la direzione dei due Pasci\u00e0, che prevedono di prendere il forte in meno di cinque giorni. Il monte Sciberas, di fronte a S.Elmo, \u00e8 un luogo impervio e roccioso, quindi gli Ottomani sono costretti a creare dei terrapieni portando terra dalla base del monte. Il 24 maggio, i cannoni iniziano a cantare.<\/p>\n<p><img decoding=\"async\" class=\"wp-image-22776\" src=\"https:\/\/www.ocean4future.org\/savetheocean\/wp-content\/uploads\/2018\/09\/filippo-II-di-spagna.jpg\" alt=\"\" width=\"640\" height=\"837\"><\/p>\n<p align=\"justify\"><strong><span style=\"color: #008000;\">Filippo II di Spagna<\/span><\/strong><\/p>\n<p style=\"text-align: justify;\">Dal canto suo, il Gran Maestro si rallegra per la scelta turca. Immagina infatti una lunga resistenza di S.Elmo, che possa almeno dare il tempo di finire le fortificazioni della Sanglea o di vedere arrivare i soccorsi del Vicer\u00e9. Per questo, invia al forte altri uomini e munizioni, portando il numero dei difensori totali a 600: 500 soldati e 100 cavalieri. Alla notizia, poi, che le riserve idriche maltesi consentiranno ai cristiani di sopravvivere per circa quattro mesi, La Valletta ordina di uccidere tutto il bestiame e salarne le carni, in modo da risparmiare tutto il consumo idrico animale. Purtroppo per l\u2019Ordine, il Vicer\u00e8 continua a negare gli aiuti e l\u2019arrivo di una grande flotta cristiana, guidata da Filippo II di Spagna, sembra lontano. Arrivano invece i rinforzi turchi, sia quelli guidati dal rinnegato calabrese Luccial\u00ec (con la sua \u201cGuardia di Alessandria\u201d), sei galee e 900 uomini, sia quelli di Dragut (il 30 maggio), altre 15 galee e 1500 uomini. Il Gran Maestro teme soprattutto le capacit\u00e0 tattiche e militari di Dragut, tanto da mettergli alle calcagna la sua galea personale per spiare i suoi movimenti prima dell\u2019arrivo a Malta.<\/p>\n<p style=\"text-align: justify;\"><span style=\"color: #008000;\"><strong>In una settimana di bombardamento continuo, le mura di S.Elmo subiscono gravi danni.<\/strong><br \/>\n<\/span>Il Gran Maestro decide di radunare un contingente e raggiungere S.Elmo per barricarvisi all\u2019interno assieme ai suoi, ma gli altri Cavalieri gli impediscono di partire. Tuttavia molti di loro, vedendo i fratelli in difficolt\u00e0, si imbarcano su scafi leggeri per raggiungere la zona calda; il Gran Maestro cerca di favorirne il passaggio bersagliando il campo dei Turchi con l\u2019artiglieria di S.Angelo. Una scheggia di pietra ferisce gravemente&nbsp;Pial\u00ec Pasci\u00e0 e tra i suoi uomini si sparge la voce della sua morte. Il 29 Maggio i Cavalieri approfittano del caos nella catena di comando nemica e improvvisano una sortita, massacrando inizialmente molti turchi. La loro reazione \u00e8 per\u00f2 pronta, e dopo un breve scontro, riescono a spingere di nuovo i Cavalieri all\u2019interno del forte. Le sorti della giornata propendono a favore dei turchi quando il fumo delle armi viene portato dal vento proprio sugli spalti. Il tempo di aspettare che si diradi, e i Cavalieri si ritrovano con un cannone turco, piazzato sulla controscarpa, che fa fuoco sul revellino. I fanti turchi mostrano grande coraggio, approntano le scale e tentano di arrivare agli spalti. Purtroppo per loro, le scale sono troppo corte, e la scalata si trasforma ben presto in un massacro. Le scale cadono sui soldati, la ritirata \u00e8 resa difficile dalla controscarpa e i Cavalieri li bersagliano senza sosta. In poche ore, dall&#8217;alba a mezzogiorno, 3000 cadaveri riempiono il fosso. I Cavalieri morti sono 20, i soldati 100.<\/p>\n<figure id=\"attachment_11240\" class=\"wp-caption aligncenter\" style=\"width: 609px;\"><img decoding=\"async\" class=\"wp-image-11240\" src=\"https:\/\/i1.wp.com\/zweilawyer.com\/wp-content\/uploads\/2016\/03\/1565-mappa-assedio-di-malta.jpg?resize=611%2C574\" sizes=\"(max-width: 611px) 100vw, 611px\" srcset=\"https:\/\/i1.wp.com\/zweilawyer.com\/wp-content\/uploads\/2016\/03\/1565-mappa-assedio-di-malta.jpg?w=611 611w, https:\/\/i1.wp.com\/zweilawyer.com\/wp-content\/uploads\/2016\/03\/1565-mappa-assedio-di-malta.jpg?resize=300%2C282 300w, https:\/\/i1.wp.com\/zweilawyer.com\/wp-content\/uploads\/2016\/03\/1565-mappa-assedio-di-malta.jpg?resize=60%2C56 60w, https:\/\/i1.wp.com\/zweilawyer.com\/wp-content\/uploads\/2016\/03\/1565-mappa-assedio-di-malta.jpg?resize=600%2C564 600w\" alt=\"1565 mappa assedio di malta\" width=\"609\" height=\"572\"><\/p>\n<p align=\"justify\"><strong><span style=\"color: #008000;\">Il posizionamento finale delle batterie ottomane (blu) e dei forti degli Ospitalieri (rosso)<\/span><\/strong><\/p>\n<\/figure>\n<p style=\"text-align: justify;\">Il <span style=\"color: #008000;\"><strong>Cavaliere Bridiers<\/strong><\/span>, ricevuto un colpo di moschetto in pieno petto, allontana i confratelli, dicendo loro di occuparsi di chi pu\u00f2 sopravvivere (\u201c<strong><em><span style=\"color: #008000;\">non mi contate pi\u00f9 nel numero dei vivi<\/span><\/em><\/strong>\u201c); si trascina poi fino alla cappella del forte e muore ai piedi dell\u2019altare. Il <strong><span style=\"color: #008000;\">bal\u00ec di Negroponte<\/span><\/strong> e il <span style=\"color: #008000;\"><strong>commendator Del Broglio<\/strong><\/span>, anziani e sanguinanti, sono trasferiti assieme agli altri feriti&nbsp;a Borgo, ma chiedono a La Vallette di poter tornare al loro posto e morire con le armi in mano.<\/p>\n<p style=\"text-align: justify;\">Fra tanti guerrieri c\u2019\u00e8 anche un cavaliere codardo, che si imbarca con i feriti pur avendo solo una piccola escoriazione (\u201c<strong><em><span style=\"color: #008000;\">un colpo di cui appena vedevasi il segno<\/span><\/em><\/strong>\u201c). Il Gran Maestro, disgustato, lo fa arrestare e condurre in prigione. Per sostituire i morti e i feriti, La Vallette invia a S. Elmo cento uomini freschi. Ma il forte \u00e8 ormai un luogo di lacrime e sangue. Moltissimi Cavalieri e soldati sono sulle mura con le braccia al collo, zoppicanti o con le bende sulla testa. Gli arti amputati durante il combattimento rimangono sparpagliati in terra perch\u00e9 non c\u2019\u00e8 neanche il tempo di raccoglierli. Ogni giorno, gli assediati perdevano altri uomini senza avere pi\u00f9 la possibilit\u00e0 di rimpiazzarli. Alcuni di questi inviano messaggi al Gran Maestro, chiedendogli di abbandonare S. Elmo e partecipare all\u2019ultima difesa di Borgo e Senglea, ma La Vallette chiarisce che devono rimanere sul posto.<\/p>\n<p style=\"text-align: justify;\">La maggior preoccupazione dei Cavalieri sembra essere quella di finire sotterrati durante i cannoneggiamenti, considerandola una morte poco onorevole, quindi il Gran Maestro \u00e8 costretto a ripetere loro di non abbandonare i loro posti e non tentare atti eroici. &nbsp;Invia anche tre commissari per valutare le effettive condizioni in cui versa S. Elmo; due di loro lo reputano ormai indifendibile e, anzi, non capiscono come abbia fatto a resistere per cos\u00ec tanti giorni, mentre il terzo, Costantino Castriota (che si vantava di discendere da Scanderberg), pensa di poterlo far resistere ancora a lungo, e chiede al Gran Maestro di assegnargli la difesa del forte. Molti cittadini, soldati e abitanti delle campagne sfuggiti ai Turchi chiedono di seguire Costantino, mentre La Vallette stuzzica i difensori del forte dicendo loro che volendo possono ritirarsi, perch\u00e9 per ognuno di loro che abbandoner\u00e0 S. Elmo ci sono dieci volontari pronti. I difensori del forte, colpiti nell\u2019orgoglio, dichiarano al Gran Maestro (ci vogliono due missive, perch\u00e9 La Vallette rimanda indietro la prima, considerandola poco sottomessa) che rimarranno a difesa di S. Elmo fino alla morte.<\/p>\n<p style=\"text-align: justify;\">La milizia di Costantino viene cos\u00ec sciolta e la difesa del forte rimane ai superstiti dei primi assalti. S. Elmo, gravemente danneggiato, ancora resiste. Dopo il suo arrivo, Dragut ordina di avvicinare l\u2019artiglieria e di posizionare altre quattro colubrine sulla punta opposta al forte (divenuta poi Punta Dragut), in modo da colpirlo anche al fianco. In realt\u00e0, Dragut non approva la scelta di lasciarsi alle spalle sia la fortezza del Gozo che la Notabile, ma essendo arrivato con una settimana di ritardo, accetta le decisioni dei due Pasci\u00e0. Il 3 giugno, Mustaf\u00e0 Pasci\u00e0 ha due settimane di ritardo rispetto al piano originale. Ordina quindi un attacco congiunto via terra e via mare, non prima di aver completamente raso al suolo il bastione del forte. Migliaia di Giannizzeri passano sul fossato, ormai riempito, con il supporto di 4000 archibugieri. Per gli assediati \u00e8 quasi impossibile affacciarsi alle breccia aperta nelle mura. I Giannizzeri arrivano a pochi metri da ci\u00f2 che resta del forte e trovano la breccia presidiata da tutti i sopravvissuti; la linee di difesa sono costituite da tre soldati alternati a un Cavaliere. Dopo essersi scaricati addosso gli archibugi, le due parti arrivano a un corpo a corpo furioso. Le alabarde vanno in frantumi, le spade si spezzano, e a molti non rimane che affrontarsi a colpi di pugnale o di pietra.<\/p>\n<p style=\"text-align: justify;\"><span style=\"font-size: 18pt;\"><strong><span style=\"color: #008000;\">Un&#8217;arma terribile<\/span><\/strong><\/span><br \/>\nPer la prima volta, l\u2019Ordine sperimenta quel giorno un\u2019arma terribile. Dall\u2019alto delle mura, i Cavalieri gettano sugli assalitori, ammassati sotto la breccia, dei cerchi di stoppa infuocati (inzuppati di pece e olio bollente). Ogni cerchio manda a fuoco da tre a sei Turchi, creando un grave scompiglio. Per sei ore \u00e8 un continuo di cadaveri in fiamme e corpi che volano gi\u00f9 dalle mura sulla massa degli assedianti. A denti stretti, Mustaf\u00e0 fa suonare la ritirata. 2000 dei suoi sono morti, mentre i Cavalieri rimasti sul campo sono 17. Purtroppo i Cavalieri hanno perso 300 soldati (contando anche i gravemente feriti). Il Gran Maestro \u00e8 sempre pi\u00f9 convinto che la difesa di S. Elmo sia la chiave per resistere fino all\u2019arrivo degli aiuti e, con l\u2019ennesimo stratagemma, riesce a far arrivare al forte altri 150 soldati e Cavalieri. Non ci fu bisogno di convincere nessuno, perch\u00e9 si presentarono tutti volontari.<\/p>\n<figure id=\"attachment_11228\" class=\"wp-caption aligncenter\" style=\"width: 586px;\"><img decoding=\"async\" class=\"wp-image-11228 \" src=\"https:\/\/i2.wp.com\/zweilawyer.com\/wp-content\/uploads\/2010\/09\/tomba-di-S.Elmo_.png?resize=496%2C154\" sizes=\"(max-width: 496px) 100vw, 496px\" srcset=\"https:\/\/i2.wp.com\/zweilawyer.com\/wp-content\/uploads\/2010\/09\/tomba-di-S.Elmo_.png?w=496 496w, https:\/\/i2.wp.com\/zweilawyer.com\/wp-content\/uploads\/2010\/09\/tomba-di-S.Elmo_.png?resize=300%2C93 300w, https:\/\/i2.wp.com\/zweilawyer.com\/wp-content\/uploads\/2010\/09\/tomba-di-S.Elmo_.png?resize=60%2C19 60w\" alt=\"tomba di S.Elmo\" width=\"586\" height=\"182\"><\/figure>\n<p><strong style=\"font-size: 12pt;\"><span style=\"color: #008000;\">Le parole del Vassallo sono chiare: il forte era diventato una tomba, i volontari erano destinati alla morte<\/span><\/strong><\/p>\n<p><strong><span style=\"color: #008000;\">Fine&nbsp; parte II &#8211; continua<\/span><\/strong><\/p>\n<p><strong><span style=\"color: #008000;\">Gabriele&nbsp; Campagnano&nbsp;<\/span><\/strong><\/p>\n<p><a href=\"http:\/\/zweilawyer.com\/2016\/03\/01\/lassedio-malta-del-1565-dallo-sbarco-dei-turchi-alla-presa-s-elmo\/\">articolo<\/a> pubblicato originariamente su&nbsp;<a href=\"http:\/\/zweilawyer.com\">http:\/\/zweilawyer.com<\/a><\/p>\n<p>&nbsp;<\/p>\n<p style=\"text-align: justify;\">Alcune delle immagini possono essere state prese dal web, citandone ove possibile gli autori e\/o le fonti. Se qualcuno desiderasse specificarne l\u2019autore e le fonti o rimuoverle, pu\u00f2 scrivere a infoocean4future@gmail.com e provvederemo immediatamente alla correzione dell\u2019articolo<\/p>\n<p>&nbsp;<\/p>\n<p><a class=\"maxbutton-3 maxbutton maxbutton-pagina-principale\" target=\"_blank\" title=\"tooltip\" rel=\"nofollow noopener\" href=\"http:\/\/www.ocean4future.org\"><span class='mb-text'>PAGINA PRINCIPALE<\/span><\/a><br \/>\n<span style=\"color: #ffffff;\">.<\/span><\/p>\n<p><a class=\"maxbutton-13 maxbutton maxbutton-parte-i\" target=\"_blank\" title=\" tooltip\" rel=\"nofollow noopener\" href=\"https:\/\/www.ocean4future.org\/savetheocean\/archives\/22743\"><span class='mb-text'>PARTE I<\/span><\/a>&nbsp; <a class=\"maxbutton-14 maxbutton maxbutton-parte-ii\" target=\"_blank\" title=\" tooltip\" rel=\"nofollow noopener\" href=\"https:\/\/www.ocean4future.org\/savetheocean\/archives\/23303\"><span class='mb-text'>PARTE II<\/span><\/a>&nbsp; <a class=\"maxbutton-15 maxbutton maxbutton-parte-iii\" target=\"_blank\" title=\" tooltip\" rel=\"nofollow noopener\" href=\"https:\/\/www.ocean4future.org\/savetheocean\/archives\/23314\"><span class='mb-text'>PARTE III<\/span><\/a><\/p>\n<p><a class=\"maxbutton-16 maxbutton maxbutton-parte-iv\" target=\"_blank\" title=\" tooltip\" rel=\"nofollow noopener\" href=\"https:\/\/www.ocean4future.org\/savetheocean\/archives\/22756\"><span class='mb-text'>PARTE IV<\/span><\/a>&nbsp; <a class=\"maxbutton-17 maxbutton maxbutton-parte-v\" target=\"_blank\" title=\" tooltip\" rel=\"nofollow noopener\" href=\"https:\/\/www.ocean4future.org\/savetheocean\/archives\/23317\"><span class='mb-text'>PARTE V<\/span><\/a>&nbsp; <a class=\"maxbutton-18 maxbutton maxbutton-parte-vi\" target=\"_blank\" title=\" tooltip\" rel=\"nofollow noopener\" href=\"https:\/\/www.ocean4future.org\/savetheocean\/archives\/22761\"><span class='mb-text'>PARTE VI<\/span><\/a><\/p>\n<p><a class=\"maxbutton-19 maxbutton maxbutton-parte-vii\" target=\"_blank\" title=\" tooltip\" rel=\"nofollow noopener\" href=\"https:\/\/www.ocean4future.org\/savetheocean\/archives\/23810\"><span class='mb-text'>PARTE VII<\/span><\/a>&nbsp; <a class=\"maxbutton-20 maxbutton maxbutton-parte-viii\" target=\"_blank\" title=\" tooltip\" rel=\"nofollow noopener\" href=\"https:\/\/www.ocean4future.org\/savetheocean\/archives\/22763\"><span class='mb-text'>PARTE VIII<\/span><\/a><\/p>\n","protected":false},"excerpt":{"rendered":"<p><span class=\"span-reading-time rt-reading-time\" style=\"display: block;\"><span class=\"rt-label rt-prefix\">tempo di lettura: <\/span> <span class=\"rt-time\"> 9<\/span> <span class=\"rt-label rt-postfix\">minuti<\/span><\/span>. . ARGOMENTO: STORIA NAVALE PERIODO: XVI SECOLO AREA: MAR MEDITERRANEO parole chiave: assedio, Malta . Eravamo rimasti ad aprile 1565 ed alla fugace visita del&nbsp;Vicer\u00e8 Don Garcia. Era in viaggio per raggiungere la Goletta e preparare anche l\u00ec le difese, visto che nessuno conosceva l\u2019effettivo obbiettivo finale dei Turchi. Rimase a Malta solo un [&hellip;]<\/p>\n","protected":false},"author":2366,"featured_media":67383,"comment_status":"open","ping_status":"open","sticky":false,"template":"","format":"standard","meta":{"_acf_changed":false,"_monsterinsights_skip_tracking":false,"_monsterinsights_sitenote_active":false,"_monsterinsights_sitenote_note":"","_monsterinsights_sitenote_category":0,"footnotes":""},"categories":[2318],"tags":[2161,421,2086,2171],"class_list":["post-23303","post","type-post","status-publish","format-standard","has-post-thumbnail","hentry","category-eta-moderna","tag-assedio","tag-malta","tag-ospitalieri","tag-turchi"],"acf":[],"yoast_head":"<!-- This site is optimized with the Yoast SEO plugin v27.4 - https:\/\/yoast.com\/product\/yoast-seo-wordpress\/ -->\n<title>L\u2019assedio di Malta del 1565: dallo sbarco dei Turchi alla presa di S. Elmo - parte II &#8226; OCEAN4FUTURE autore<\/title>\n<meta name=\"robots\" content=\"index, follow, max-snippet:-1, max-image-preview:large, max-video-preview:-1\" \/>\n<link rel=\"canonical\" href=\"https:\/\/www.ocean4future.org\/savetheocean\/archives\/23303\" \/>\n<meta property=\"og:locale\" content=\"it_IT\" \/>\n<meta property=\"og:type\" content=\"article\" \/>\n<meta property=\"og:title\" content=\"L\u2019assedio di Malta del 1565: dallo sbarco dei Turchi alla presa di S. Elmo - parte II &#8226; OCEAN4FUTURE autore\" \/>\n<meta property=\"og:description\" content=\"tempo di lettura:  9 minuti. . ARGOMENTO: STORIA NAVALE PERIODO: XVI SECOLO AREA: MAR MEDITERRANEO parole chiave: assedio, Malta . Eravamo rimasti ad aprile 1565 ed alla fugace visita del&nbsp;Vicer\u00e8 Don Garcia. Era in viaggio per raggiungere la Goletta e preparare anche l\u00ec le difese, visto che nessuno conosceva l\u2019effettivo obbiettivo finale dei Turchi. Rimase a Malta solo un [&hellip;]\" \/>\n<meta property=\"og:url\" content=\"https:\/\/www.ocean4future.org\/savetheocean\/archives\/23303\" \/>\n<meta property=\"og:site_name\" content=\"OCEAN4FUTURE\" \/>\n<meta property=\"article:published_time\" content=\"2018-09-15T00:40:36+00:00\" \/>\n<meta property=\"article:modified_time\" content=\"2026-03-22T17:18:58+00:00\" \/>\n<meta property=\"og:image\" content=\"https:\/\/www.ocean4future.org\/savetheocean\/wp-content\/uploads\/2018\/09\/giannizeri.jpg\" \/>\n\t<meta property=\"og:image:width\" content=\"474\" \/>\n\t<meta property=\"og:image:height\" content=\"329\" \/>\n\t<meta property=\"og:image:type\" content=\"image\/jpeg\" \/>\n<meta name=\"author\" content=\"Gabriele Campagnano\" \/>\n<meta name=\"twitter:card\" content=\"summary_large_image\" \/>\n<meta name=\"twitter:creator\" content=\"@ocean4future\" \/>\n<meta name=\"twitter:site\" content=\"@ocean4future\" \/>\n<meta name=\"twitter:label1\" content=\"Scritto da\" \/>\n\t<meta name=\"twitter:data1\" content=\"Gabriele Campagnano\" \/>\n\t<meta name=\"twitter:label2\" content=\"Tempo di lettura stimato\" \/>\n\t<meta name=\"twitter:data2\" content=\"15 minuti\" \/>\n<script type=\"application\/ld+json\" class=\"yoast-schema-graph\">{\"@context\":\"https:\\\/\\\/schema.org\",\"@graph\":[{\"@type\":\"Article\",\"@id\":\"https:\\\/\\\/www.ocean4future.org\\\/savetheocean\\\/archives\\\/23303#article\",\"isPartOf\":{\"@id\":\"https:\\\/\\\/www.ocean4future.org\\\/savetheocean\\\/archives\\\/23303\"},\"author\":{\"name\":\"Gabriele Campagnano\",\"@id\":\"https:\\\/\\\/www.ocean4future.org\\\/savetheocean\\\/#\\\/schema\\\/person\\\/8f268e05d09f0a406d4ac8c90079d6f2\"},\"headline\":\"L\u2019assedio di Malta del 1565: dallo sbarco dei Turchi alla presa di S. Elmo &#8211; parte II\",\"datePublished\":\"2018-09-15T00:40:36+00:00\",\"dateModified\":\"2026-03-22T17:18:58+00:00\",\"mainEntityOfPage\":{\"@id\":\"https:\\\/\\\/www.ocean4future.org\\\/savetheocean\\\/archives\\\/23303\"},\"wordCount\":2567,\"commentCount\":0,\"publisher\":{\"@id\":\"https:\\\/\\\/www.ocean4future.org\\\/savetheocean\\\/#\\\/schema\\\/person\\\/4e1c26437054353074d7bb2efa77162c\"},\"image\":{\"@id\":\"https:\\\/\\\/www.ocean4future.org\\\/savetheocean\\\/archives\\\/23303#primaryimage\"},\"thumbnailUrl\":\"https:\\\/\\\/www.ocean4future.org\\\/savetheocean\\\/wp-content\\\/uploads\\\/2018\\\/09\\\/giannizeri.jpg\",\"keywords\":[\"assedio\",\"Malta\",\"Ospitalieri\",\"Turchi\"],\"articleSection\":[\"Storia navale dell'et\u00e0 moderna (post 1492 - oggi)\"],\"inLanguage\":\"it-IT\",\"potentialAction\":[{\"@type\":\"CommentAction\",\"name\":\"Comment\",\"target\":[\"https:\\\/\\\/www.ocean4future.org\\\/savetheocean\\\/archives\\\/23303#respond\"]}]},{\"@type\":\"WebPage\",\"@id\":\"https:\\\/\\\/www.ocean4future.org\\\/savetheocean\\\/archives\\\/23303\",\"url\":\"https:\\\/\\\/www.ocean4future.org\\\/savetheocean\\\/archives\\\/23303\",\"name\":\"L\u2019assedio di Malta del 1565: dallo sbarco dei Turchi alla presa di S. Elmo - parte II &#8226; OCEAN4FUTURE autore\",\"isPartOf\":{\"@id\":\"https:\\\/\\\/www.ocean4future.org\\\/savetheocean\\\/#website\"},\"primaryImageOfPage\":{\"@id\":\"https:\\\/\\\/www.ocean4future.org\\\/savetheocean\\\/archives\\\/23303#primaryimage\"},\"image\":{\"@id\":\"https:\\\/\\\/www.ocean4future.org\\\/savetheocean\\\/archives\\\/23303#primaryimage\"},\"thumbnailUrl\":\"https:\\\/\\\/www.ocean4future.org\\\/savetheocean\\\/wp-content\\\/uploads\\\/2018\\\/09\\\/giannizeri.jpg\",\"datePublished\":\"2018-09-15T00:40:36+00:00\",\"dateModified\":\"2026-03-22T17:18:58+00:00\",\"breadcrumb\":{\"@id\":\"https:\\\/\\\/www.ocean4future.org\\\/savetheocean\\\/archives\\\/23303#breadcrumb\"},\"inLanguage\":\"it-IT\",\"potentialAction\":[{\"@type\":\"ReadAction\",\"target\":[\"https:\\\/\\\/www.ocean4future.org\\\/savetheocean\\\/archives\\\/23303\"]}]},{\"@type\":\"ImageObject\",\"inLanguage\":\"it-IT\",\"@id\":\"https:\\\/\\\/www.ocean4future.org\\\/savetheocean\\\/archives\\\/23303#primaryimage\",\"url\":\"https:\\\/\\\/www.ocean4future.org\\\/savetheocean\\\/wp-content\\\/uploads\\\/2018\\\/09\\\/giannizeri.jpg\",\"contentUrl\":\"https:\\\/\\\/www.ocean4future.org\\\/savetheocean\\\/wp-content\\\/uploads\\\/2018\\\/09\\\/giannizeri.jpg\",\"width\":474,\"height\":329},{\"@type\":\"BreadcrumbList\",\"@id\":\"https:\\\/\\\/www.ocean4future.org\\\/savetheocean\\\/archives\\\/23303#breadcrumb\",\"itemListElement\":[{\"@type\":\"ListItem\",\"position\":1,\"name\":\"Home\",\"item\":\"https:\\\/\\\/www.ocean4future.org\\\/savetheocean\"},{\"@type\":\"ListItem\",\"position\":2,\"name\":\"L\u2019assedio di Malta del 1565: dallo sbarco dei Turchi alla presa di S. Elmo &#8211; parte II\"}]},{\"@type\":\"WebSite\",\"@id\":\"https:\\\/\\\/www.ocean4future.org\\\/savetheocean\\\/#website\",\"url\":\"https:\\\/\\\/www.ocean4future.org\\\/savetheocean\\\/\",\"name\":\"Ocean 4 Future\",\"description\":\"Per una nuova cultura del mare e della marittimit\u00e0\",\"publisher\":{\"@id\":\"https:\\\/\\\/www.ocean4future.org\\\/savetheocean\\\/#\\\/schema\\\/person\\\/4e1c26437054353074d7bb2efa77162c\"},\"potentialAction\":[{\"@type\":\"SearchAction\",\"target\":{\"@type\":\"EntryPoint\",\"urlTemplate\":\"https:\\\/\\\/www.ocean4future.org\\\/savetheocean\\\/?s={search_term_string}\"},\"query-input\":{\"@type\":\"PropertyValueSpecification\",\"valueRequired\":true,\"valueName\":\"search_term_string\"}}],\"inLanguage\":\"it-IT\"},{\"@type\":[\"Person\",\"Organization\"],\"@id\":\"https:\\\/\\\/www.ocean4future.org\\\/savetheocean\\\/#\\\/schema\\\/person\\\/4e1c26437054353074d7bb2efa77162c\",\"name\":\"oceandiver\",\"image\":{\"@type\":\"ImageObject\",\"inLanguage\":\"it-IT\",\"@id\":\"https:\\\/\\\/www.ocean4future.org\\\/savetheocean\\\/wp-content\\\/uploads\\\/2023\\\/04\\\/logo-ocean3.jpg\",\"url\":\"https:\\\/\\\/www.ocean4future.org\\\/savetheocean\\\/wp-content\\\/uploads\\\/2023\\\/04\\\/logo-ocean3.jpg\",\"contentUrl\":\"https:\\\/\\\/www.ocean4future.org\\\/savetheocean\\\/wp-content\\\/uploads\\\/2023\\\/04\\\/logo-ocean3.jpg\",\"width\":472,\"height\":301,\"caption\":\"oceandiver\"},\"logo\":{\"@id\":\"https:\\\/\\\/www.ocean4future.org\\\/savetheocean\\\/wp-content\\\/uploads\\\/2023\\\/04\\\/logo-ocean3.jpg\"}},{\"@type\":\"Person\",\"@id\":\"https:\\\/\\\/www.ocean4future.org\\\/savetheocean\\\/#\\\/schema\\\/person\\\/8f268e05d09f0a406d4ac8c90079d6f2\",\"name\":\"Gabriele Campagnano\",\"image\":{\"@type\":\"ImageObject\",\"inLanguage\":\"it-IT\",\"@id\":\"https:\\\/\\\/secure.gravatar.com\\\/avatar\\\/b59d7eecc86f7aeffd90b535bfd296914b36d6f8aea9e60483c339cadbbad6b2?s=96&d=mm&r=g\",\"url\":\"https:\\\/\\\/secure.gravatar.com\\\/avatar\\\/b59d7eecc86f7aeffd90b535bfd296914b36d6f8aea9e60483c339cadbbad6b2?s=96&d=mm&r=g\",\"contentUrl\":\"https:\\\/\\\/secure.gravatar.com\\\/avatar\\\/b59d7eecc86f7aeffd90b535bfd296914b36d6f8aea9e60483c339cadbbad6b2?s=96&d=mm&r=g\",\"caption\":\"Gabriele Campagnano\"},\"description\":\"Diplomato al Liceo Classico Francesco Vivona di Roma e laureato in Giurisprudenza (indirizzo storico comparatistico), ha esercitato la professione di legale d\u2019azienda prima di dedicarsi alla comunicazione d\u2019impresa e istituzionale. Attualmente \u00e8 Capo Ufficio Stampa del Dipartimento Trasformazione Digitale - Presidenza del Consiglio. Ha conseguito il Master Universitario di 2\u00b0 livello - CMU2 in Scienze Giuridiche presso la LUISS. \u00c8 il fondatore e presidente di Zhistorica e Necrosword. Ha scritto pi\u00f9 di 250 articoli e tre libri: Storia della Presa di Famagosta (2014), I Padroni dell\u2019Acciaio (2017) e Zodd, Alba di Sangue (2018) e\u00a0I Padroni dell\u2019Acciaio 2 \u2013 Gotz von Berlichingen\u00a0(2021)\",\"sameAs\":[\"http:\\\/\\\/www.zweilawyer.com\"],\"url\":\"https:\\\/\\\/www.ocean4future.org\\\/savetheocean\\\/archives\\\/author\\\/gabriele-campagnano\"}]}<\/script>\n<!-- \/ Yoast SEO plugin. -->","yoast_head_json":{"title":"L\u2019assedio di Malta del 1565: dallo sbarco dei Turchi alla presa di S. Elmo - parte II &#8226; OCEAN4FUTURE autore","robots":{"index":"index","follow":"follow","max-snippet":"max-snippet:-1","max-image-preview":"max-image-preview:large","max-video-preview":"max-video-preview:-1"},"canonical":"https:\/\/www.ocean4future.org\/savetheocean\/archives\/23303","og_locale":"it_IT","og_type":"article","og_title":"L\u2019assedio di Malta del 1565: dallo sbarco dei Turchi alla presa di S. Elmo - parte II &#8226; OCEAN4FUTURE autore","og_description":"tempo di lettura:  9 minuti. . ARGOMENTO: STORIA NAVALE PERIODO: XVI SECOLO AREA: MAR MEDITERRANEO parole chiave: assedio, Malta . Eravamo rimasti ad aprile 1565 ed alla fugace visita del&nbsp;Vicer\u00e8 Don Garcia. Era in viaggio per raggiungere la Goletta e preparare anche l\u00ec le difese, visto che nessuno conosceva l\u2019effettivo obbiettivo finale dei Turchi. Rimase a Malta solo un [&hellip;]","og_url":"https:\/\/www.ocean4future.org\/savetheocean\/archives\/23303","og_site_name":"OCEAN4FUTURE","article_published_time":"2018-09-15T00:40:36+00:00","article_modified_time":"2026-03-22T17:18:58+00:00","og_image":[{"width":474,"height":329,"url":"https:\/\/www.ocean4future.org\/savetheocean\/wp-content\/uploads\/2018\/09\/giannizeri.jpg","type":"image\/jpeg"}],"author":"Gabriele Campagnano","twitter_card":"summary_large_image","twitter_creator":"@ocean4future","twitter_site":"@ocean4future","twitter_misc":{"Scritto da":"Gabriele Campagnano","Tempo di lettura stimato":"15 minuti"},"schema":{"@context":"https:\/\/schema.org","@graph":[{"@type":"Article","@id":"https:\/\/www.ocean4future.org\/savetheocean\/archives\/23303#article","isPartOf":{"@id":"https:\/\/www.ocean4future.org\/savetheocean\/archives\/23303"},"author":{"name":"Gabriele Campagnano","@id":"https:\/\/www.ocean4future.org\/savetheocean\/#\/schema\/person\/8f268e05d09f0a406d4ac8c90079d6f2"},"headline":"L\u2019assedio di Malta del 1565: dallo sbarco dei Turchi alla presa di S. Elmo &#8211; parte II","datePublished":"2018-09-15T00:40:36+00:00","dateModified":"2026-03-22T17:18:58+00:00","mainEntityOfPage":{"@id":"https:\/\/www.ocean4future.org\/savetheocean\/archives\/23303"},"wordCount":2567,"commentCount":0,"publisher":{"@id":"https:\/\/www.ocean4future.org\/savetheocean\/#\/schema\/person\/4e1c26437054353074d7bb2efa77162c"},"image":{"@id":"https:\/\/www.ocean4future.org\/savetheocean\/archives\/23303#primaryimage"},"thumbnailUrl":"https:\/\/www.ocean4future.org\/savetheocean\/wp-content\/uploads\/2018\/09\/giannizeri.jpg","keywords":["assedio","Malta","Ospitalieri","Turchi"],"articleSection":["Storia navale dell'et\u00e0 moderna (post 1492 - oggi)"],"inLanguage":"it-IT","potentialAction":[{"@type":"CommentAction","name":"Comment","target":["https:\/\/www.ocean4future.org\/savetheocean\/archives\/23303#respond"]}]},{"@type":"WebPage","@id":"https:\/\/www.ocean4future.org\/savetheocean\/archives\/23303","url":"https:\/\/www.ocean4future.org\/savetheocean\/archives\/23303","name":"L\u2019assedio di Malta del 1565: dallo sbarco dei Turchi alla presa di S. Elmo - parte II &#8226; OCEAN4FUTURE autore","isPartOf":{"@id":"https:\/\/www.ocean4future.org\/savetheocean\/#website"},"primaryImageOfPage":{"@id":"https:\/\/www.ocean4future.org\/savetheocean\/archives\/23303#primaryimage"},"image":{"@id":"https:\/\/www.ocean4future.org\/savetheocean\/archives\/23303#primaryimage"},"thumbnailUrl":"https:\/\/www.ocean4future.org\/savetheocean\/wp-content\/uploads\/2018\/09\/giannizeri.jpg","datePublished":"2018-09-15T00:40:36+00:00","dateModified":"2026-03-22T17:18:58+00:00","breadcrumb":{"@id":"https:\/\/www.ocean4future.org\/savetheocean\/archives\/23303#breadcrumb"},"inLanguage":"it-IT","potentialAction":[{"@type":"ReadAction","target":["https:\/\/www.ocean4future.org\/savetheocean\/archives\/23303"]}]},{"@type":"ImageObject","inLanguage":"it-IT","@id":"https:\/\/www.ocean4future.org\/savetheocean\/archives\/23303#primaryimage","url":"https:\/\/www.ocean4future.org\/savetheocean\/wp-content\/uploads\/2018\/09\/giannizeri.jpg","contentUrl":"https:\/\/www.ocean4future.org\/savetheocean\/wp-content\/uploads\/2018\/09\/giannizeri.jpg","width":474,"height":329},{"@type":"BreadcrumbList","@id":"https:\/\/www.ocean4future.org\/savetheocean\/archives\/23303#breadcrumb","itemListElement":[{"@type":"ListItem","position":1,"name":"Home","item":"https:\/\/www.ocean4future.org\/savetheocean"},{"@type":"ListItem","position":2,"name":"L\u2019assedio di Malta del 1565: dallo sbarco dei Turchi alla presa di S. Elmo &#8211; parte II"}]},{"@type":"WebSite","@id":"https:\/\/www.ocean4future.org\/savetheocean\/#website","url":"https:\/\/www.ocean4future.org\/savetheocean\/","name":"Ocean 4 Future","description":"Per una nuova cultura del mare e della marittimit\u00e0","publisher":{"@id":"https:\/\/www.ocean4future.org\/savetheocean\/#\/schema\/person\/4e1c26437054353074d7bb2efa77162c"},"potentialAction":[{"@type":"SearchAction","target":{"@type":"EntryPoint","urlTemplate":"https:\/\/www.ocean4future.org\/savetheocean\/?s={search_term_string}"},"query-input":{"@type":"PropertyValueSpecification","valueRequired":true,"valueName":"search_term_string"}}],"inLanguage":"it-IT"},{"@type":["Person","Organization"],"@id":"https:\/\/www.ocean4future.org\/savetheocean\/#\/schema\/person\/4e1c26437054353074d7bb2efa77162c","name":"oceandiver","image":{"@type":"ImageObject","inLanguage":"it-IT","@id":"https:\/\/www.ocean4future.org\/savetheocean\/wp-content\/uploads\/2023\/04\/logo-ocean3.jpg","url":"https:\/\/www.ocean4future.org\/savetheocean\/wp-content\/uploads\/2023\/04\/logo-ocean3.jpg","contentUrl":"https:\/\/www.ocean4future.org\/savetheocean\/wp-content\/uploads\/2023\/04\/logo-ocean3.jpg","width":472,"height":301,"caption":"oceandiver"},"logo":{"@id":"https:\/\/www.ocean4future.org\/savetheocean\/wp-content\/uploads\/2023\/04\/logo-ocean3.jpg"}},{"@type":"Person","@id":"https:\/\/www.ocean4future.org\/savetheocean\/#\/schema\/person\/8f268e05d09f0a406d4ac8c90079d6f2","name":"Gabriele Campagnano","image":{"@type":"ImageObject","inLanguage":"it-IT","@id":"https:\/\/secure.gravatar.com\/avatar\/b59d7eecc86f7aeffd90b535bfd296914b36d6f8aea9e60483c339cadbbad6b2?s=96&d=mm&r=g","url":"https:\/\/secure.gravatar.com\/avatar\/b59d7eecc86f7aeffd90b535bfd296914b36d6f8aea9e60483c339cadbbad6b2?s=96&d=mm&r=g","contentUrl":"https:\/\/secure.gravatar.com\/avatar\/b59d7eecc86f7aeffd90b535bfd296914b36d6f8aea9e60483c339cadbbad6b2?s=96&d=mm&r=g","caption":"Gabriele Campagnano"},"description":"Diplomato al Liceo Classico Francesco Vivona di Roma e laureato in Giurisprudenza (indirizzo storico comparatistico), ha esercitato la professione di legale d\u2019azienda prima di dedicarsi alla comunicazione d\u2019impresa e istituzionale. Attualmente \u00e8 Capo Ufficio Stampa del Dipartimento Trasformazione Digitale - Presidenza del Consiglio. Ha conseguito il Master Universitario di 2\u00b0 livello - CMU2 in Scienze Giuridiche presso la LUISS. \u00c8 il fondatore e presidente di Zhistorica e Necrosword. Ha scritto pi\u00f9 di 250 articoli e tre libri: Storia della Presa di Famagosta (2014), I Padroni dell\u2019Acciaio (2017) e Zodd, Alba di Sangue (2018) e\u00a0I Padroni dell\u2019Acciaio 2 \u2013 Gotz von Berlichingen\u00a0(2021)","sameAs":["http:\/\/www.zweilawyer.com"],"url":"https:\/\/www.ocean4future.org\/savetheocean\/archives\/author\/gabriele-campagnano"}]}},"_links":{"self":[{"href":"https:\/\/www.ocean4future.org\/savetheocean\/wp-json\/wp\/v2\/posts\/23303","targetHints":{"allow":["GET"]}}],"collection":[{"href":"https:\/\/www.ocean4future.org\/savetheocean\/wp-json\/wp\/v2\/posts"}],"about":[{"href":"https:\/\/www.ocean4future.org\/savetheocean\/wp-json\/wp\/v2\/types\/post"}],"author":[{"embeddable":true,"href":"https:\/\/www.ocean4future.org\/savetheocean\/wp-json\/wp\/v2\/users\/2366"}],"replies":[{"embeddable":true,"href":"https:\/\/www.ocean4future.org\/savetheocean\/wp-json\/wp\/v2\/comments?post=23303"}],"version-history":[{"count":1,"href":"https:\/\/www.ocean4future.org\/savetheocean\/wp-json\/wp\/v2\/posts\/23303\/revisions"}],"predecessor-version":[{"id":126570,"href":"https:\/\/www.ocean4future.org\/savetheocean\/wp-json\/wp\/v2\/posts\/23303\/revisions\/126570"}],"wp:featuredmedia":[{"embeddable":true,"href":"https:\/\/www.ocean4future.org\/savetheocean\/wp-json\/wp\/v2\/media\/67383"}],"wp:attachment":[{"href":"https:\/\/www.ocean4future.org\/savetheocean\/wp-json\/wp\/v2\/media?parent=23303"}],"wp:term":[{"taxonomy":"category","embeddable":true,"href":"https:\/\/www.ocean4future.org\/savetheocean\/wp-json\/wp\/v2\/categories?post=23303"},{"taxonomy":"post_tag","embeddable":true,"href":"https:\/\/www.ocean4future.org\/savetheocean\/wp-json\/wp\/v2\/tags?post=23303"}],"curies":[{"name":"wp","href":"https:\/\/api.w.org\/{rel}","templated":true}]}}